{"id":22816,"date":"2023-10-27T08:34:32","date_gmt":"2023-10-27T06:34:32","guid":{"rendered":"https:\/\/www.organisator.ch\/?p=22816"},"modified":"2023-10-27T08:34:32","modified_gmt":"2023-10-27T06:34:32","slug":"der-perfekte-ceo-ein-mythos","status":"publish","type":"post","link":"https:\/\/www.organisator.ch\/fr\/management\/2023-10-27\/der-perfekte-ceo-ein-mythos\/","title":{"rendered":"Le CEO parfait : un mythe ?"},"content":{"rendered":"<figure id=\"attachment_22819\" aria-describedby=\"caption-attachment-22819\" style=\"width: 680px\" class=\"wp-caption alignnone\"><img loading=\"lazy\" decoding=\"async\" class=\"size-full wp-image-22819\" src=\"https:\/\/www.organisator.ch\/wp-content\/uploads\/2023\/10\/Der-perfekte-CEO-Ein-Mythos_Organisator.jpg\" alt=\"\" width=\"680\" height=\"420\" srcset=\"https:\/\/www.organisator.ch\/wp-content\/uploads\/2023\/10\/Der-perfekte-CEO-Ein-Mythos_Organisator.jpg 680w, https:\/\/www.organisator.ch\/wp-content\/uploads\/2023\/10\/Der-perfekte-CEO-Ein-Mythos_Organisator-18x12.jpg 18w, https:\/\/www.organisator.ch\/wp-content\/uploads\/2023\/10\/Der-perfekte-CEO-Ein-Mythos_Organisator-375x232.jpg 375w, https:\/\/www.organisator.ch\/wp-content\/uploads\/2023\/10\/Der-perfekte-CEO-Ein-Mythos_Organisator-567x350.jpg 567w\" sizes=\"auto, (max-width: 680px) 100vw, 680px\" \/><figcaption id=\"caption-attachment-22819\" class=\"wp-caption-text\">Est-ce qu'il ressemble \u00e0 \u00e7a, le CEO parfait ? De nombreuses l\u00e9gendes et mythes circulent \u00e0 ce sujet. (Image : Pixabay.com)<\/figcaption><\/figure>\n<p>Les experts de Hogan Assessments, l'un des principaux fournisseurs de tests de personnalit\u00e9 et de d\u00e9veloppement du leadership, ont identifi\u00e9 trois mythes importants qui contribuent \u00e0 l'id\u00e9e que l'on se fait du PDG parfait, et ont cherch\u00e9 \u00e0 savoir si le succ\u00e8s dans ce r\u00f4le pouvait r\u00e9ellement \u00eatre attribu\u00e9 \u00e0 ces hypoth\u00e8ses largement r\u00e9pandues.<\/p>\n<h3>Mythe n\u00b0 1 : le charisme est la qualit\u00e9 la plus importante d'un CEO<\/h3>\n<p>A la question de savoir quelles sont les caract\u00e9ristiques d'un PDG parfait, la plupart des gens r\u00e9pondraient probablement par des qualit\u00e9s telles que l'ambition, l'orientation vers les r\u00e9sultats, l'engagement et surtout le charisme. Le charisme est une qualit\u00e9 tr\u00e8s attrayante pour un dirigeant, mais il existe une forte corr\u00e9lation entre le charisme et le narcissisme. En fait, il existe une corr\u00e9lation plus forte entre le charisme et le narcissisme qu'entre la taille et le poids. Les personnes qui semblent s\u00fbres d'elles, intelligentes, charismatiques, int\u00e9ressantes et politiquement averties sont g\u00e9n\u00e9ralement plus susceptibles d'\u00eatre promues. Toutefois, d\u00e8s que ces personnes occupent des postes de direction, elles peuvent prendre des d\u00e9cisions \u00e9go\u00efstes, faire des paris risqu\u00e9s et, par cons\u00e9quent, semer le chaos et la ruine dans leur entreprise. Les leaders tr\u00e8s charismatiques peuvent sembler plus ambitieux d'un point de vue strat\u00e9gique, mais ils sont moins efficaces dans leur comportement de direction.<\/p>\n<p>Alors que le charisme est g\u00e9n\u00e9ralement corr\u00e9l\u00e9 \u00e0 la r\u00e9ussite professionnelle, l'humilit\u00e9 est un bien meilleur indicateur de l'efficacit\u00e9 des cadres. \"Les managers humbles connaissent leurs forces et leurs limites, acceptent le feedback, encouragent la collaboration et sont des leaders plus efficaces\", explique Jackie Sahm, vice-pr\u00e9sidente des solutions int\u00e9gr\u00e9es chez Hogan Assessments. \"En outre, les dirigeants modestes sont plus susceptibles d'encourager l'engagement, de fid\u00e9liser les bons employ\u00e9s et de rester en poste plus longtemps que leurs coll\u00e8gues plus arrogants. Les entreprises qu'ils dirigent continuent d'obtenir de bons r\u00e9sultats apr\u00e8s leur d\u00e9part, car les dirigeants modestes veillent souvent \u00e0 planifier leur succession avant leur d\u00e9part\".<\/p>\n<h3>Mythe n\u00b0 2 : un vrai CEO n'\u00e9choue jamais<\/h3>\n<p>Quels que soient les efforts que nous d\u00e9ployons pour r\u00e9ussir, l'\u00e9chec fait partie de la vie. La mani\u00e8re dont les PDG g\u00e8rent les \u00e9checs en dit plus long sur leur aptitude que le fait qu'ils \u00e9chouent ou non. Pour les entreprises, la mani\u00e8re dont nous tirons les le\u00e7ons de nos exp\u00e9riences est d'une grande importance, et c'est un facteur important pour la r\u00e9ussite professionnelle et entrepreneuriale. \"De nombreux CEO per\u00e7oivent mal les \u00e9checs et y r\u00e9agissent mal. Ils ont ainsi du mal \u00e0 tirer les le\u00e7ons des \u00e9checs et ont plut\u00f4t tendance \u00e0 r\u00e9p\u00e9ter les erreurs du pass\u00e9. Ceux qui, pour leur propre b\u00e9n\u00e9fice, \u00e9vitent d'assumer la responsabilit\u00e9 des \u00e9checs ou les imputent \u00e0 d'autres, doivent plut\u00f4t s'attendre \u00e0 des cons\u00e9quences n\u00e9gatives comme la perte de confiance ou de respect de la part de leurs coll\u00e8gues et collaborateurs\", explique Jackie Sahm. \"D'un autre c\u00f4t\u00e9, celui qui, au contraire, n'est pas r\u00e9silient ou fait trop d'autocritique, ne progresse souvent pas dans sa carri\u00e8re et fait du surplace\".<\/p>\n<p>Les CEO doivent reconna\u00eetre et surmonter ces tendances et apprendre de leurs erreurs personnelles et professionnelles afin de cr\u00e9er un environnement de direction productif et d'y r\u00e9ussir. Heureusement, un PDG peut apprendre \u00e0 mieux r\u00e9agir face \u00e0 l'\u00e9chec : D\u00e9velopper la confiance en soi, demander un feed-back \u00e0 des personnes de confiance et adopter de nouvelles strat\u00e9gies pour surmonter les \u00e9checs peuvent contribuer \u00e0 mieux g\u00e9rer les \u00e9checs \u00e0 l'avenir.<\/p>\n<h3>Mythe n\u00b0 3 : les CEO sont des \u00eatres surnaturels<\/h3>\n<p>\"Les meilleurs CEO se distinguent g\u00e9n\u00e9ralement par quatre qualit\u00e9s qui, toutes, inspirent confiance et loyaut\u00e9 - et aucune de ces qualit\u00e9s n'a de rapport avec des pouvoirs surnaturels\", explique Jackie Sahm. \"Ils font preuve de bon jugement, d'int\u00e9grit\u00e9, de cr\u00e9dibilit\u00e9 et de soutien\". Ces quatre qualit\u00e9s ont en commun le fait que le CEO parfait inspire g\u00e9n\u00e9ralement confiance \u00e0 plusieurs niveaux, en \u00e9quilibrant des exigences concurrentes. Celles-ci se trouvent dans une relation de tension complexe : les CEO doivent \u00eatre visionnaires mais modestes, soutenir leurs collaborateurs mais aussi les responsabiliser, et ils doivent agir de mani\u00e8re d\u00e9termin\u00e9e et rapide, mais aussi consciencieuse et correcte. Le r\u00f4le du CEO est donc paradoxal et s'apparente \u00e0 un exercice de corde raide. En paraphrasant Darwin, on peut dire que ce n'est pas le plus fort qui survit, ni le plus intelligent. C'est celui qui s'adapte le mieux aux changements.<\/p>\n<p><em>Source : <a href=\"http:\/\/www.hoganassessments.com\">\u00c9valuations Hogan<\/a><\/em><\/p>","protected":false},"excerpt":{"rendered":"<p>Nous connaissons tous les clich\u00e9s : les bons CEO sont extravertis. Ils se mettent en avant. Ils ont le go\u00fbt du risque. Mais ces st\u00e9r\u00e9otypes largement r\u00e9pandus sont-ils vraiment vrais ? Hogan Assessments a examin\u00e9 les st\u00e9r\u00e9otypes souvent associ\u00e9s aux CEO qui r\u00e9ussissent.<\/p>","protected":false},"author":4,"featured_media":22819,"comment_status":"closed","ping_status":"closed","sticky":false,"template":"","format":"standard","meta":{"_acf_changed":false,"_yoast_wpseo_focuskw":"der perfekte CEO","_yoast_wpseo_metadesc":"Wir kennen die Klischees: Gute CEOs sind extrovertiert. Sie sind Selbstdarsteller. Sie sind risikofreudig. Sieht so der perfekte CEO aus?","articlekey":"","footnotes":""},"categories":[28],"tags":[904,320,335],"class_list":["post-22816","post","type-post","status-publish","format-standard","has-post-thumbnail","hentry","category-management","tag-ceo","tag-leadership","tag-management-und-unternehmensfuehrung"],"acf":[],"yoast_head":"<!-- This site is optimized with the Yoast SEO plugin v27.5 - https:\/\/yoast.com\/product\/yoast-seo-wordpress\/ -->\n<title>Der perfekte CEO: Ein Mythos? - Organisator<\/title>\n<meta name=\"description\" content=\"Wir kennen die Klischees: Gute CEOs sind extrovertiert. Sie sind Selbstdarsteller. Sie sind risikofreudig. Sieht so der perfekte CEO aus?\" \/>\n<meta name=\"robots\" content=\"index, follow, max-snippet:-1, max-image-preview:large, max-video-preview:-1\" \/>\n<link rel=\"canonical\" href=\"https:\/\/www.organisator.ch\/fr\/gestion-2\/2023-10-27\/der-perfekte-ceo-ein-mythos\/\" \/>\n<meta property=\"og:locale\" content=\"fr_FR\" \/>\n<meta property=\"og:type\" content=\"article\" \/>\n<meta property=\"og:title\" content=\"Der perfekte CEO: Ein Mythos?\" \/>\n<meta property=\"og:description\" content=\"Wir kennen die Klischees: Gute CEOs sind extrovertiert. Sie sind Selbstdarsteller. Sie sind risikofreudig. Sieht so der perfekte CEO aus?\" \/>\n<meta property=\"og:url\" content=\"https:\/\/www.organisator.ch\/fr\/gestion-2\/2023-10-27\/der-perfekte-ceo-ein-mythos\/\" \/>\n<meta property=\"og:site_name\" content=\"Organisator\" \/>\n<meta property=\"article:publisher\" content=\"https:\/\/www.facebook.com\/OrganisatorFachmagazin\" \/>\n<meta property=\"article:published_time\" content=\"2023-10-27T06:34:32+00:00\" \/>\n<meta property=\"og:image\" content=\"https:\/\/www.organisator.ch\/wp-content\/uploads\/2023\/10\/Der-perfekte-CEO-Ein-Mythos_Organisator.jpg\" \/>\n\t<meta property=\"og:image:width\" content=\"680\" \/>\n\t<meta property=\"og:image:height\" content=\"420\" \/>\n\t<meta property=\"og:image:type\" content=\"image\/jpeg\" \/>\n<meta name=\"author\" content=\"thomas.berner\" \/>\n<meta name=\"twitter:card\" content=\"summary_large_image\" \/>\n<meta name=\"twitter:title\" content=\"Der perfekte #CEO: Ein #Mythos?\" \/>\n<meta name=\"twitter:description\" content=\"Wir kennen die Klischees: Gute #CEOs sind extrovertiert. Sie sind #Selbstdarsteller. Sie sind #risikofreudig. Sieht so der perfekte CEO aus?\" \/>\n<meta name=\"twitter:image\" content=\"https:\/\/www.organisator.ch\/wp-content\/uploads\/2023\/10\/Der-perfekte-CEO-Ein-Mythos_Organisator.jpg\" \/>\n<script type=\"application\/ld+json\" class=\"yoast-schema-graph\">{\"@context\":\"https:\\\/\\\/schema.org\",\"@graph\":[{\"@type\":\"Article\",\"@id\":\"https:\\\/\\\/www.organisator.ch\\\/management\\\/2023-10-27\\\/der-perfekte-ceo-ein-mythos\\\/#article\",\"isPartOf\":{\"@id\":\"https:\\\/\\\/www.organisator.ch\\\/management\\\/2023-10-27\\\/der-perfekte-ceo-ein-mythos\\\/\"},\"author\":{\"name\":\"thomas.berner\",\"@id\":\"https:\\\/\\\/www.organisator.ch\\\/#\\\/schema\\\/person\\\/6f650f90b2842cd4c0cc334b4e36f67e\"},\"headline\":\"Der perfekte CEO: Ein Mythos?\",\"datePublished\":\"2023-10-27T06:34:32+00:00\",\"mainEntityOfPage\":{\"@id\":\"https:\\\/\\\/www.organisator.ch\\\/management\\\/2023-10-27\\\/der-perfekte-ceo-ein-mythos\\\/\"},\"wordCount\":735,\"publisher\":{\"@id\":\"https:\\\/\\\/www.organisator.ch\\\/#organization\"},\"image\":{\"@id\":\"https:\\\/\\\/www.organisator.ch\\\/management\\\/2023-10-27\\\/der-perfekte-ceo-ein-mythos\\\/#primaryimage\"},\"thumbnailUrl\":\"https:\\\/\\\/www.organisator.ch\\\/wp-content\\\/uploads\\\/2023\\\/10\\\/Der-perfekte-CEO-Ein-Mythos_Organisator.jpg\",\"keywords\":[\"CEO\",\"Leadership\",\"Management und Unternehmensf\u00fchrung\"],\"articleSection\":[\"MANAGEMENT\"],\"inLanguage\":\"fr-FR\"},{\"@type\":\"WebPage\",\"@id\":\"https:\\\/\\\/www.organisator.ch\\\/management\\\/2023-10-27\\\/der-perfekte-ceo-ein-mythos\\\/\",\"url\":\"https:\\\/\\\/www.organisator.ch\\\/management\\\/2023-10-27\\\/der-perfekte-ceo-ein-mythos\\\/\",\"name\":\"Der perfekte CEO: Ein Mythos? - Organisator\",\"isPartOf\":{\"@id\":\"https:\\\/\\\/www.organisator.ch\\\/#website\"},\"primaryImageOfPage\":{\"@id\":\"https:\\\/\\\/www.organisator.ch\\\/management\\\/2023-10-27\\\/der-perfekte-ceo-ein-mythos\\\/#primaryimage\"},\"image\":{\"@id\":\"https:\\\/\\\/www.organisator.ch\\\/management\\\/2023-10-27\\\/der-perfekte-ceo-ein-mythos\\\/#primaryimage\"},\"thumbnailUrl\":\"https:\\\/\\\/www.organisator.ch\\\/wp-content\\\/uploads\\\/2023\\\/10\\\/Der-perfekte-CEO-Ein-Mythos_Organisator.jpg\",\"datePublished\":\"2023-10-27T06:34:32+00:00\",\"description\":\"Wir kennen die Klischees: Gute CEOs sind extrovertiert. Sie sind Selbstdarsteller. Sie sind risikofreudig. Sieht so der perfekte CEO aus?\",\"breadcrumb\":{\"@id\":\"https:\\\/\\\/www.organisator.ch\\\/management\\\/2023-10-27\\\/der-perfekte-ceo-ein-mythos\\\/#breadcrumb\"},\"inLanguage\":\"fr-FR\",\"potentialAction\":[{\"@type\":\"ReadAction\",\"target\":[\"https:\\\/\\\/www.organisator.ch\\\/management\\\/2023-10-27\\\/der-perfekte-ceo-ein-mythos\\\/\"]}]},{\"@type\":\"ImageObject\",\"inLanguage\":\"fr-FR\",\"@id\":\"https:\\\/\\\/www.organisator.ch\\\/management\\\/2023-10-27\\\/der-perfekte-ceo-ein-mythos\\\/#primaryimage\",\"url\":\"https:\\\/\\\/www.organisator.ch\\\/wp-content\\\/uploads\\\/2023\\\/10\\\/Der-perfekte-CEO-Ein-Mythos_Organisator.jpg\",\"contentUrl\":\"https:\\\/\\\/www.organisator.ch\\\/wp-content\\\/uploads\\\/2023\\\/10\\\/Der-perfekte-CEO-Ein-Mythos_Organisator.jpg\",\"width\":680,\"height\":420,\"caption\":\"Sieht er so aus, der perfekte CEO? Darum ranken sich viele Legenden und Mythen. (Bild: Pixabay.com)\"},{\"@type\":\"BreadcrumbList\",\"@id\":\"https:\\\/\\\/www.organisator.ch\\\/management\\\/2023-10-27\\\/der-perfekte-ceo-ein-mythos\\\/#breadcrumb\",\"itemListElement\":[{\"@type\":\"ListItem\",\"position\":1,\"name\":\"Home\",\"item\":\"https:\\\/\\\/www.organisator.ch\\\/\"},{\"@type\":\"ListItem\",\"position\":2,\"name\":\"Der perfekte CEO: Ein Mythos?\"}]},{\"@type\":\"WebSite\",\"@id\":\"https:\\\/\\\/www.organisator.ch\\\/#website\",\"url\":\"https:\\\/\\\/www.organisator.ch\\\/\",\"name\":\"Organisator\",\"description\":\"Kompetent. Praxisnah. Der ORGANISATOR bereitet in 10 Ausgaben pro Jahr die wesentlichen Themen f\u00fcr F\u00fchrungskr\u00e4fte von KMU auf.\",\"publisher\":{\"@id\":\"https:\\\/\\\/www.organisator.ch\\\/#organization\"},\"potentialAction\":[{\"@type\":\"SearchAction\",\"target\":{\"@type\":\"EntryPoint\",\"urlTemplate\":\"https:\\\/\\\/www.organisator.ch\\\/?s={search_term_string}\"},\"query-input\":{\"@type\":\"PropertyValueSpecification\",\"valueRequired\":true,\"valueName\":\"search_term_string\"}}],\"inLanguage\":\"fr-FR\"},{\"@type\":\"Organization\",\"@id\":\"https:\\\/\\\/www.organisator.ch\\\/#organization\",\"name\":\"Organisator\",\"url\":\"https:\\\/\\\/www.organisator.ch\\\/\",\"logo\":{\"@type\":\"ImageObject\",\"inLanguage\":\"fr-FR\",\"@id\":\"https:\\\/\\\/www.organisator.ch\\\/#\\\/schema\\\/logo\\\/image\\\/\",\"url\":\"https:\\\/\\\/www.organisator.ch\\\/wp-content\\\/uploads\\\/2022\\\/01\\\/Logo_Organisator_Website.png\",\"contentUrl\":\"https:\\\/\\\/www.organisator.ch\\\/wp-content\\\/uploads\\\/2022\\\/01\\\/Logo_Organisator_Website.png\",\"width\":800,\"height\":77,\"caption\":\"Organisator\"},\"image\":{\"@id\":\"https:\\\/\\\/www.organisator.ch\\\/#\\\/schema\\\/logo\\\/image\\\/\"},\"sameAs\":[\"https:\\\/\\\/www.facebook.com\\\/OrganisatorFachmagazin\",\"https:\\\/\\\/www.linkedin.com\\\/showcase\\\/organisator-das-magazin-fr-kmu\",\"https:\\\/\\\/www.xing.com\\\/news\\\/pages\\\/organisator-ch-695\",\"https:\\\/\\\/www.youtube.com\\\/channel\\\/UCGP2Sq0iWaZwT3BdIAQFYpw\"]},{\"@type\":\"Person\",\"@id\":\"https:\\\/\\\/www.organisator.ch\\\/#\\\/schema\\\/person\\\/6f650f90b2842cd4c0cc334b4e36f67e\",\"name\":\"thomas.berner\",\"image\":{\"@type\":\"ImageObject\",\"inLanguage\":\"fr-FR\",\"@id\":\"https:\\\/\\\/secure.gravatar.com\\\/avatar\\\/ac5001d2a36cb6c6cd3e50789007ffca834b477b74a2144564522e944eabff61?s=96&d=mm&r=g\",\"url\":\"https:\\\/\\\/secure.gravatar.com\\\/avatar\\\/ac5001d2a36cb6c6cd3e50789007ffca834b477b74a2144564522e944eabff61?s=96&d=mm&r=g\",\"contentUrl\":\"https:\\\/\\\/secure.gravatar.com\\\/avatar\\\/ac5001d2a36cb6c6cd3e50789007ffca834b477b74a2144564522e944eabff61?s=96&d=mm&r=g\",\"caption\":\"thomas.berner\"},\"url\":\"https:\\\/\\\/www.organisator.ch\\\/fr\\\/author\\\/thomas-berner\\\/\"}]}<\/script>\n<!-- \/ Yoast SEO plugin. -->","yoast_head_json":{"title":"Le CEO parfait : un mythe ? - Organisateur","description":"Nous connaissons les clich\u00e9s : les bons CEO sont extravertis. Ils se mettent en avant. Ils ont le go\u00fbt du risque. Est-ce \u00e0 cela que ressemble le CEO parfait ?","robots":{"index":"index","follow":"follow","max-snippet":"max-snippet:-1","max-image-preview":"max-image-preview:large","max-video-preview":"max-video-preview:-1"},"canonical":"https:\/\/www.organisator.ch\/fr\/gestion-2\/2023-10-27\/der-perfekte-ceo-ein-mythos\/","og_locale":"fr_FR","og_type":"article","og_title":"Der perfekte CEO: Ein Mythos?","og_description":"Wir kennen die Klischees: Gute CEOs sind extrovertiert. Sie sind Selbstdarsteller. Sie sind risikofreudig. Sieht so der perfekte CEO aus?","og_url":"https:\/\/www.organisator.ch\/fr\/gestion-2\/2023-10-27\/der-perfekte-ceo-ein-mythos\/","og_site_name":"Organisator","article_publisher":"https:\/\/www.facebook.com\/OrganisatorFachmagazin","article_published_time":"2023-10-27T06:34:32+00:00","og_image":[{"width":680,"height":420,"url":"https:\/\/www.organisator.ch\/wp-content\/uploads\/2023\/10\/Der-perfekte-CEO-Ein-Mythos_Organisator.jpg","type":"image\/jpeg"}],"author":"thomas.berner","twitter_card":"summary_large_image","twitter_title":"Der perfekte #CEO: Ein #Mythos?","twitter_description":"Wir kennen die Klischees: Gute #CEOs sind extrovertiert. Sie sind #Selbstdarsteller. Sie sind #risikofreudig. Sieht so der perfekte CEO aus?","twitter_image":"https:\/\/www.organisator.ch\/wp-content\/uploads\/2023\/10\/Der-perfekte-CEO-Ein-Mythos_Organisator.jpg","schema":{"@context":"https:\/\/schema.org","@graph":[{"@type":"Article","@id":"https:\/\/www.organisator.ch\/management\/2023-10-27\/der-perfekte-ceo-ein-mythos\/#article","isPartOf":{"@id":"https:\/\/www.organisator.ch\/management\/2023-10-27\/der-perfekte-ceo-ein-mythos\/"},"author":{"name":"thomas.berner","@id":"https:\/\/www.organisator.ch\/#\/schema\/person\/6f650f90b2842cd4c0cc334b4e36f67e"},"headline":"Der perfekte CEO: Ein Mythos?","datePublished":"2023-10-27T06:34:32+00:00","mainEntityOfPage":{"@id":"https:\/\/www.organisator.ch\/management\/2023-10-27\/der-perfekte-ceo-ein-mythos\/"},"wordCount":735,"publisher":{"@id":"https:\/\/www.organisator.ch\/#organization"},"image":{"@id":"https:\/\/www.organisator.ch\/management\/2023-10-27\/der-perfekte-ceo-ein-mythos\/#primaryimage"},"thumbnailUrl":"https:\/\/www.organisator.ch\/wp-content\/uploads\/2023\/10\/Der-perfekte-CEO-Ein-Mythos_Organisator.jpg","keywords":["CEO","Leadership","Management und Unternehmensf\u00fchrung"],"articleSection":["MANAGEMENT"],"inLanguage":"fr-FR"},{"@type":"WebPage","@id":"https:\/\/www.organisator.ch\/management\/2023-10-27\/der-perfekte-ceo-ein-mythos\/","url":"https:\/\/www.organisator.ch\/management\/2023-10-27\/der-perfekte-ceo-ein-mythos\/","name":"Le CEO parfait : un mythe ? - Organisateur","isPartOf":{"@id":"https:\/\/www.organisator.ch\/#website"},"primaryImageOfPage":{"@id":"https:\/\/www.organisator.ch\/management\/2023-10-27\/der-perfekte-ceo-ein-mythos\/#primaryimage"},"image":{"@id":"https:\/\/www.organisator.ch\/management\/2023-10-27\/der-perfekte-ceo-ein-mythos\/#primaryimage"},"thumbnailUrl":"https:\/\/www.organisator.ch\/wp-content\/uploads\/2023\/10\/Der-perfekte-CEO-Ein-Mythos_Organisator.jpg","datePublished":"2023-10-27T06:34:32+00:00","description":"Nous connaissons les clich\u00e9s : les bons CEO sont extravertis. Ils se mettent en avant. Ils ont le go\u00fbt du risque. Est-ce \u00e0 cela que ressemble le CEO parfait ?","breadcrumb":{"@id":"https:\/\/www.organisator.ch\/management\/2023-10-27\/der-perfekte-ceo-ein-mythos\/#breadcrumb"},"inLanguage":"fr-FR","potentialAction":[{"@type":"ReadAction","target":["https:\/\/www.organisator.ch\/management\/2023-10-27\/der-perfekte-ceo-ein-mythos\/"]}]},{"@type":"ImageObject","inLanguage":"fr-FR","@id":"https:\/\/www.organisator.ch\/management\/2023-10-27\/der-perfekte-ceo-ein-mythos\/#primaryimage","url":"https:\/\/www.organisator.ch\/wp-content\/uploads\/2023\/10\/Der-perfekte-CEO-Ein-Mythos_Organisator.jpg","contentUrl":"https:\/\/www.organisator.ch\/wp-content\/uploads\/2023\/10\/Der-perfekte-CEO-Ein-Mythos_Organisator.jpg","width":680,"height":420,"caption":"Sieht er so aus, der perfekte CEO? Darum ranken sich viele Legenden und Mythen. (Bild: Pixabay.com)"},{"@type":"BreadcrumbList","@id":"https:\/\/www.organisator.ch\/management\/2023-10-27\/der-perfekte-ceo-ein-mythos\/#breadcrumb","itemListElement":[{"@type":"ListItem","position":1,"name":"Home","item":"https:\/\/www.organisator.ch\/"},{"@type":"ListItem","position":2,"name":"Der perfekte CEO: Ein Mythos?"}]},{"@type":"WebSite","@id":"https:\/\/www.organisator.ch\/#website","url":"https:\/\/www.organisator.ch\/","name":"Organisateur","description":"Comp\u00e9tence et comp\u00e9tence. Proches de la pratique. L'ORGANISATEUR pr\u00e9pare 10 num\u00e9ros par an sur les th\u00e8mes essentiels pour les dirigeants de PME.","publisher":{"@id":"https:\/\/www.organisator.ch\/#organization"},"potentialAction":[{"@type":"SearchAction","target":{"@type":"EntryPoint","urlTemplate":"https:\/\/www.organisator.ch\/?s={search_term_string}"},"query-input":{"@type":"PropertyValueSpecification","valueRequired":true,"valueName":"search_term_string"}}],"inLanguage":"fr-FR"},{"@type":"Organization","@id":"https:\/\/www.organisator.ch\/#organization","name":"Organisateur","url":"https:\/\/www.organisator.ch\/","logo":{"@type":"ImageObject","inLanguage":"fr-FR","@id":"https:\/\/www.organisator.ch\/#\/schema\/logo\/image\/","url":"https:\/\/www.organisator.ch\/wp-content\/uploads\/2022\/01\/Logo_Organisator_Website.png","contentUrl":"https:\/\/www.organisator.ch\/wp-content\/uploads\/2022\/01\/Logo_Organisator_Website.png","width":800,"height":77,"caption":"Organisator"},"image":{"@id":"https:\/\/www.organisator.ch\/#\/schema\/logo\/image\/"},"sameAs":["https:\/\/www.facebook.com\/OrganisatorFachmagazin","https:\/\/www.linkedin.com\/showcase\/organisator-das-magazin-fr-kmu","https:\/\/www.xing.com\/news\/pages\/organisator-ch-695","https:\/\/www.youtube.com\/channel\/UCGP2Sq0iWaZwT3BdIAQFYpw"]},{"@type":"Person","@id":"https:\/\/www.organisator.ch\/#\/schema\/person\/6f650f90b2842cd4c0cc334b4e36f67e","name":"thomas.berner","image":{"@type":"ImageObject","inLanguage":"fr-FR","@id":"https:\/\/secure.gravatar.com\/avatar\/ac5001d2a36cb6c6cd3e50789007ffca834b477b74a2144564522e944eabff61?s=96&d=mm&r=g","url":"https:\/\/secure.gravatar.com\/avatar\/ac5001d2a36cb6c6cd3e50789007ffca834b477b74a2144564522e944eabff61?s=96&d=mm&r=g","contentUrl":"https:\/\/secure.gravatar.com\/avatar\/ac5001d2a36cb6c6cd3e50789007ffca834b477b74a2144564522e944eabff61?s=96&d=mm&r=g","caption":"thomas.berner"},"url":"https:\/\/www.organisator.ch\/fr\/author\/thomas-berner\/"}]}},"_links":{"self":[{"href":"https:\/\/www.organisator.ch\/fr\/wp-json\/wp\/v2\/posts\/22816","targetHints":{"allow":["GET"]}}],"collection":[{"href":"https:\/\/www.organisator.ch\/fr\/wp-json\/wp\/v2\/posts"}],"about":[{"href":"https:\/\/www.organisator.ch\/fr\/wp-json\/wp\/v2\/types\/post"}],"author":[{"embeddable":true,"href":"https:\/\/www.organisator.ch\/fr\/wp-json\/wp\/v2\/users\/4"}],"replies":[{"embeddable":true,"href":"https:\/\/www.organisator.ch\/fr\/wp-json\/wp\/v2\/comments?post=22816"}],"version-history":[{"count":1,"href":"https:\/\/www.organisator.ch\/fr\/wp-json\/wp\/v2\/posts\/22816\/revisions"}],"predecessor-version":[{"id":22820,"href":"https:\/\/www.organisator.ch\/fr\/wp-json\/wp\/v2\/posts\/22816\/revisions\/22820"}],"wp:featuredmedia":[{"embeddable":true,"href":"https:\/\/www.organisator.ch\/fr\/wp-json\/wp\/v2\/media\/22819"}],"wp:attachment":[{"href":"https:\/\/www.organisator.ch\/fr\/wp-json\/wp\/v2\/media?parent=22816"}],"wp:term":[{"taxonomy":"category","embeddable":true,"href":"https:\/\/www.organisator.ch\/fr\/wp-json\/wp\/v2\/categories?post=22816"},{"taxonomy":"post_tag","embeddable":true,"href":"https:\/\/www.organisator.ch\/fr\/wp-json\/wp\/v2\/tags?post=22816"}],"curies":[{"name":"wp","href":"https:\/\/api.w.org\/{rel}","templated":true}]}}