{"id":2298,"date":"2019-07-12T10:56:57","date_gmt":"2019-07-12T08:56:57","guid":{"rendered":"https:\/\/www.umweltperspektiven.ch\/?p=2298"},"modified":"2022-02-09T11:10:52","modified_gmt":"2022-02-09T10:10:52","slug":"forschung-belegt-entstehung-der-blitze","status":"publish","type":"post","link":"https:\/\/www.organisator.ch\/fr\/sustainability\/2019-07-12\/forschung-belegt-entstehung-der-blitze\/","title":{"rendered":"Recherche sur l'origine de la foudre"},"content":{"rendered":"<figure id=\"attachment_2299\" aria-describedby=\"caption-attachment-2299\" style=\"width: 680px\" class=\"wp-caption alignnone\"><img loading=\"lazy\" decoding=\"async\" class=\"size-medium wp-image-2299\" src=\"\/\/www.umweltperspektiven.ch\/wp-content\/uploads\/2019\/07\/enststehung_blitze_up-Umwelt-Perspektiven.jpg\" alt=\"\" width=\"680\" height=\"453\" \/><figcaption id=\"caption-attachment-2299\" class=\"wp-caption-text\">Les journ\u00e9es chaudes et humides de l'\u00e9t\u00e9 sont r\u00e9guli\u00e8rement accompagn\u00e9es d'orages. Mais les savants s'interrogent depuis des mill\u00e9naires sur l'origine de la foudre. (Image symbolique : Unsplash)<\/figcaption><\/figure>\n<p>Dans la th\u00e9orie dite de la coalescence des gouttes, on suppose que les charges de foudre se forment par la dissociation de l'eau sous l'effet de la chaleur et du rayonnement solaire. Les ions hydrog\u00e8ne les plus l\u00e9gers ont tendance \u00e0 monter, tandis que les ions hydroxyde les plus lourds ont tendance \u00e0 descendre.<\/p>\n<p>Comme cela a \u00e9t\u00e9 d\u00e9montr\u00e9 r\u00e9cemment, les ions d'hydrog\u00e8ne ne r\u00e9agissent pas imm\u00e9diatement avec les mol\u00e9cules d'eau, mais peuvent parcourir des distances bien plus grandes que dans l'eau en entrant en collision avec l'azote et l'oxyg\u00e8ne. D'autres paires d'ions entreraient \u00e9galement en ligne de compte en th\u00e9orie, mais n'ont pas pu \u00eatre mises en \u00e9vidence dans la pratique.<\/p>\n<p><strong>Diff\u00e9rentes th\u00e9ories<\/strong><\/p>\n<p>Les trois th\u00e9ories qui pr\u00e9valaient jusqu'\u00e0 pr\u00e9sent sur la formation des \u00e9clairs ne se contredisent pas seulement entre elles, mais aussi avec des lois physiques fondamentales.<\/p>\n<p>Ainsi, la th\u00e9orie du frottement des grains de glace ainsi que la th\u00e9orie des gouttes d'eau qui g\u00e8lent contredisent le fait que les orages sont plus fr\u00e9quents les jours chauds que les jours froids. La th\u00e9orie de la r\u00e9partition des charges dans les gouttes d'eau ne peut pas expliquer une plus grande s\u00e9paration des charges sans d\u00e9charge imm\u00e9diate.<\/p>\n<p>Une nouvelle th\u00e9orie sur la formation de la foudre dans l'atmosph\u00e8re est pr\u00e9sent\u00e9e. L'eau se dissocie pr\u00e9f\u00e9rentiellement \u00e0 une temp\u00e9rature plus \u00e9lev\u00e9e.<\/p>\n<p>En raison de leur petite masse, les ions d'hydrog\u00e8ne s'\u00e9l\u00e8vent dans la troposph\u00e8re sup\u00e9rieure. Ils s'y fixent sur de fines gouttelettes d'eau. Les fines gouttes d'eau s'unissent pour former des gouttes plus grandes, ce qui comprime la charge \u00e9lectrique qui s'y est d\u00e9pos\u00e9e.<\/p>\n<p>Enfin, la densit\u00e9 de charge \u00e0 la surface de la goutte est trop \u00e9lev\u00e9e, de sorte que l'intensit\u00e9 du champ de claquage<br \/>\ndans l'air est d\u00e9pass\u00e9e. La foudre se propage par acc\u00e9l\u00e9ration des particules charg\u00e9es \u00e9lectriquement dans le champ \u00e9lectrique.<\/p>\n<p><strong>Th\u00e9orie de la coalescence des gouttes audacieuse<\/strong><br \/>\nM\u00eame si la th\u00e9orie de la coalescence des gouttes est audacieuse, elle r\u00e9siste \u00e0 un examen plus approfondi au moins aussi bien que les explications qui pr\u00e9valent actuellement. Car il est clair que, pour des raisons physiques, certaines des th\u00e9ories en vigueur jusqu'\u00e0 pr\u00e9sent ne peuvent pas \u00eatre correctes.<\/p>\n<p>Rien n'est dit sur le romantisme d'un orage d'\u00e9t\u00e9 rafra\u00eechissant. Profitez simplement des \u00e9clairs et du tonnerre ou m\u00e9ditez sur les forces de la nature !<\/p>\n<p><em>Renseignements : Dr Daniel S. Christen (Sant\u00e9-S\u00e9curit\u00e9-Environnement)\u00a0 <\/em><a href=\"mailto:daniel.christen@eco-swiss.ch\"><em>daniel.christen@eco-swiss.ch<\/em><\/a><\/p>","protected":false},"excerpt":{"rendered":"<p>In der sogenannten Tropfen-Koaleszenz-Theorie wird angenommen, dass sich Blitz Ladungen durch die Dissoziation von Wasser bei W\u00e4rme und Sonnenstrahlung bilden. Die leichteren Wasserstoff-Ionen steigen auf, die schwereren Hydroxid-Ionen sinken tendenziell nach unten. Wie k\u00fcrzlich nachgewiesen wurde, reagieren Wasserstoff-Ionen nicht sofort mit Wassermolek\u00fclen, sondern k\u00f6nnen durch Zusammenst\u00f6sse mit Stickstoff und Sauerstoff weit gr\u00f6ssere Wegstrecken als in [&hellip;]<\/p>\n","protected":false},"author":5,"featured_media":2299,"comment_status":"open","ping_status":"open","sticky":false,"template":"","format":"standard","meta":{"_acf_changed":false,"_yoast_wpseo_focuskw":"Blitze","_yoast_wpseo_metadesc":"Blitze entstehen durch das Aufeinandertreffen feinster Wassertropfen, welche sich zu gr\u00f6sseren Regentropfen zusammenballen","articlekey":"","footnotes":""},"categories":[580],"tags":[856,218,1909,2299],"class_list":["post-2298","post","type-post","status-publish","format-standard","has-post-thumbnail","hentry","category-sustainability","tag-blitze","tag-forschung","tag-physik","tag-theorie"],"acf":[],"yoast_head":"<!-- This site is optimized with the Yoast SEO plugin v27.4 - https:\/\/yoast.com\/product\/yoast-seo-wordpress\/ -->\n<title>Forschung \u00fcber Entstehung der Blitze - Organisator<\/title>\n<meta name=\"description\" content=\"Blitze entstehen durch das Aufeinandertreffen feinster Wassertropfen, welche sich zu gr\u00f6sseren Regentropfen zusammenballen\" \/>\n<meta name=\"robots\" content=\"index, follow, max-snippet:-1, max-image-preview:large, max-video-preview:-1\" \/>\n<link rel=\"canonical\" href=\"https:\/\/www.organisator.ch\/fr\/sustainability\/2019-07-12\/forschung-belegt-entstehung-der-blitze\/\" \/>\n<meta property=\"og:locale\" content=\"fr_FR\" \/>\n<meta property=\"og:type\" content=\"article\" \/>\n<meta property=\"og:title\" content=\"Forschung \u00fcber Entstehung der Blitze - Organisator\" \/>\n<meta property=\"og:description\" content=\"Blitze entstehen durch das Aufeinandertreffen feinster Wassertropfen, welche sich zu gr\u00f6sseren Regentropfen zusammenballen\" \/>\n<meta property=\"og:url\" content=\"https:\/\/www.organisator.ch\/fr\/sustainability\/2019-07-12\/forschung-belegt-entstehung-der-blitze\/\" \/>\n<meta property=\"og:site_name\" content=\"Organisator\" \/>\n<meta property=\"article:publisher\" content=\"https:\/\/www.facebook.com\/OrganisatorFachmagazin\" \/>\n<meta property=\"article:published_time\" content=\"2019-07-12T08:56:57+00:00\" \/>\n<meta property=\"article:modified_time\" content=\"2022-02-09T10:10:52+00:00\" \/>\n<meta property=\"og:image\" content=\"https:\/\/www.organisator.ch\/wp-content\/uploads\/2019\/07\/enststehung_blitze_up-Umwelt-Perspektiven-scaled.jpg\" \/>\n\t<meta property=\"og:image:width\" content=\"2560\" \/>\n\t<meta property=\"og:image:height\" content=\"1707\" \/>\n\t<meta property=\"og:image:type\" content=\"image\/jpeg\" \/>\n<meta name=\"author\" content=\"michael.merz\" \/>\n<meta name=\"twitter:card\" content=\"summary_large_image\" \/>\n<script type=\"application\/ld+json\" class=\"yoast-schema-graph\">{\"@context\":\"https:\\\/\\\/schema.org\",\"@graph\":[{\"@type\":\"Article\",\"@id\":\"https:\\\/\\\/www.organisator.ch\\\/sustainability\\\/2019-07-12\\\/forschung-belegt-entstehung-der-blitze\\\/#article\",\"isPartOf\":{\"@id\":\"https:\\\/\\\/www.organisator.ch\\\/sustainability\\\/2019-07-12\\\/forschung-belegt-entstehung-der-blitze\\\/\"},\"author\":{\"name\":\"michael.merz\",\"@id\":\"https:\\\/\\\/www.organisator.ch\\\/#\\\/schema\\\/person\\\/134708ca9321c57b0362cceb7948ffbd\"},\"headline\":\"Forschung \u00fcber Entstehung der Blitze\",\"datePublished\":\"2019-07-12T08:56:57+00:00\",\"dateModified\":\"2022-02-09T10:10:52+00:00\",\"mainEntityOfPage\":{\"@id\":\"https:\\\/\\\/www.organisator.ch\\\/sustainability\\\/2019-07-12\\\/forschung-belegt-entstehung-der-blitze\\\/\"},\"wordCount\":348,\"commentCount\":0,\"publisher\":{\"@id\":\"https:\\\/\\\/www.organisator.ch\\\/#organization\"},\"image\":{\"@id\":\"https:\\\/\\\/www.organisator.ch\\\/sustainability\\\/2019-07-12\\\/forschung-belegt-entstehung-der-blitze\\\/#primaryimage\"},\"thumbnailUrl\":\"https:\\\/\\\/www.organisator.ch\\\/wp-content\\\/uploads\\\/2019\\\/07\\\/enststehung_blitze_up-Umwelt-Perspektiven-scaled.jpg\",\"keywords\":[\"Blitze\",\"Forschung\",\"Physik\",\"Theorie\"],\"articleSection\":[\"SUSTAINABILITY\"],\"inLanguage\":\"fr-FR\"},{\"@type\":\"WebPage\",\"@id\":\"https:\\\/\\\/www.organisator.ch\\\/sustainability\\\/2019-07-12\\\/forschung-belegt-entstehung-der-blitze\\\/\",\"url\":\"https:\\\/\\\/www.organisator.ch\\\/sustainability\\\/2019-07-12\\\/forschung-belegt-entstehung-der-blitze\\\/\",\"name\":\"Forschung \u00fcber Entstehung der Blitze - Organisator\",\"isPartOf\":{\"@id\":\"https:\\\/\\\/www.organisator.ch\\\/#website\"},\"primaryImageOfPage\":{\"@id\":\"https:\\\/\\\/www.organisator.ch\\\/sustainability\\\/2019-07-12\\\/forschung-belegt-entstehung-der-blitze\\\/#primaryimage\"},\"image\":{\"@id\":\"https:\\\/\\\/www.organisator.ch\\\/sustainability\\\/2019-07-12\\\/forschung-belegt-entstehung-der-blitze\\\/#primaryimage\"},\"thumbnailUrl\":\"https:\\\/\\\/www.organisator.ch\\\/wp-content\\\/uploads\\\/2019\\\/07\\\/enststehung_blitze_up-Umwelt-Perspektiven-scaled.jpg\",\"datePublished\":\"2019-07-12T08:56:57+00:00\",\"dateModified\":\"2022-02-09T10:10:52+00:00\",\"description\":\"Blitze entstehen durch das Aufeinandertreffen feinster Wassertropfen, welche sich zu gr\u00f6sseren Regentropfen zusammenballen\",\"breadcrumb\":{\"@id\":\"https:\\\/\\\/www.organisator.ch\\\/sustainability\\\/2019-07-12\\\/forschung-belegt-entstehung-der-blitze\\\/#breadcrumb\"},\"inLanguage\":\"fr-FR\",\"potentialAction\":[{\"@type\":\"ReadAction\",\"target\":[\"https:\\\/\\\/www.organisator.ch\\\/sustainability\\\/2019-07-12\\\/forschung-belegt-entstehung-der-blitze\\\/\"]}]},{\"@type\":\"ImageObject\",\"inLanguage\":\"fr-FR\",\"@id\":\"https:\\\/\\\/www.organisator.ch\\\/sustainability\\\/2019-07-12\\\/forschung-belegt-entstehung-der-blitze\\\/#primaryimage\",\"url\":\"https:\\\/\\\/www.organisator.ch\\\/wp-content\\\/uploads\\\/2019\\\/07\\\/enststehung_blitze_up-Umwelt-Perspektiven-scaled.jpg\",\"contentUrl\":\"https:\\\/\\\/www.organisator.ch\\\/wp-content\\\/uploads\\\/2019\\\/07\\\/enststehung_blitze_up-Umwelt-Perspektiven-scaled.jpg\",\"width\":2560,\"height\":1707,\"caption\":\"An schw\u00fcl-heissen Sommertagen treten regelm\u00e4ssig Gewitter auf. Doch \u00fcber die Entstehung der Blitze r\u00e4tseln Gelehrte seit Jahrtausenden. (Symbolbild: Unsplash)\"},{\"@type\":\"BreadcrumbList\",\"@id\":\"https:\\\/\\\/www.organisator.ch\\\/sustainability\\\/2019-07-12\\\/forschung-belegt-entstehung-der-blitze\\\/#breadcrumb\",\"itemListElement\":[{\"@type\":\"ListItem\",\"position\":1,\"name\":\"Home\",\"item\":\"https:\\\/\\\/www.organisator.ch\\\/\"},{\"@type\":\"ListItem\",\"position\":2,\"name\":\"Forschung \u00fcber Entstehung der Blitze\"}]},{\"@type\":\"WebSite\",\"@id\":\"https:\\\/\\\/www.organisator.ch\\\/#website\",\"url\":\"https:\\\/\\\/www.organisator.ch\\\/\",\"name\":\"Organisator\",\"description\":\"Kompetent. Praxisnah. Der ORGANISATOR bereitet in 10 Ausgaben pro Jahr die wesentlichen Themen f\u00fcr F\u00fchrungskr\u00e4fte von KMU auf.\",\"publisher\":{\"@id\":\"https:\\\/\\\/www.organisator.ch\\\/#organization\"},\"potentialAction\":[{\"@type\":\"SearchAction\",\"target\":{\"@type\":\"EntryPoint\",\"urlTemplate\":\"https:\\\/\\\/www.organisator.ch\\\/?s={search_term_string}\"},\"query-input\":{\"@type\":\"PropertyValueSpecification\",\"valueRequired\":true,\"valueName\":\"search_term_string\"}}],\"inLanguage\":\"fr-FR\"},{\"@type\":\"Organization\",\"@id\":\"https:\\\/\\\/www.organisator.ch\\\/#organization\",\"name\":\"Organisator\",\"url\":\"https:\\\/\\\/www.organisator.ch\\\/\",\"logo\":{\"@type\":\"ImageObject\",\"inLanguage\":\"fr-FR\",\"@id\":\"https:\\\/\\\/www.organisator.ch\\\/#\\\/schema\\\/logo\\\/image\\\/\",\"url\":\"https:\\\/\\\/www.organisator.ch\\\/wp-content\\\/uploads\\\/2022\\\/01\\\/Logo_Organisator_Website.png\",\"contentUrl\":\"https:\\\/\\\/www.organisator.ch\\\/wp-content\\\/uploads\\\/2022\\\/01\\\/Logo_Organisator_Website.png\",\"width\":800,\"height\":77,\"caption\":\"Organisator\"},\"image\":{\"@id\":\"https:\\\/\\\/www.organisator.ch\\\/#\\\/schema\\\/logo\\\/image\\\/\"},\"sameAs\":[\"https:\\\/\\\/www.facebook.com\\\/OrganisatorFachmagazin\",\"https:\\\/\\\/www.linkedin.com\\\/showcase\\\/organisator-das-magazin-fr-kmu\",\"https:\\\/\\\/www.xing.com\\\/news\\\/pages\\\/organisator-ch-695\",\"https:\\\/\\\/www.youtube.com\\\/channel\\\/UCGP2Sq0iWaZwT3BdIAQFYpw\"]},{\"@type\":\"Person\",\"@id\":\"https:\\\/\\\/www.organisator.ch\\\/#\\\/schema\\\/person\\\/134708ca9321c57b0362cceb7948ffbd\",\"name\":\"michael.merz\",\"image\":{\"@type\":\"ImageObject\",\"inLanguage\":\"fr-FR\",\"@id\":\"https:\\\/\\\/secure.gravatar.com\\\/avatar\\\/?s=96&d=mm&r=g\",\"url\":\"https:\\\/\\\/secure.gravatar.com\\\/avatar\\\/?s=96&d=mm&r=g\",\"contentUrl\":\"https:\\\/\\\/secure.gravatar.com\\\/avatar\\\/?s=96&d=mm&r=g\",\"caption\":\"michael.merz\"},\"url\":\"https:\\\/\\\/www.organisator.ch\\\/fr\\\/author\\\/michael-merz\\\/\"}]}<\/script>\n<!-- \/ Yoast SEO plugin. -->","yoast_head_json":{"title":"Recherche sur l'origine de la foudre - Organisateur","description":"Les \u00e9clairs sont provoqu\u00e9s par la rencontre de fines gouttes d'eau qui s'agglom\u00e8rent pour former de plus grosses gouttes de pluie.","robots":{"index":"index","follow":"follow","max-snippet":"max-snippet:-1","max-image-preview":"max-image-preview:large","max-video-preview":"max-video-preview:-1"},"canonical":"https:\/\/www.organisator.ch\/fr\/sustainability\/2019-07-12\/forschung-belegt-entstehung-der-blitze\/","og_locale":"fr_FR","og_type":"article","og_title":"Forschung \u00fcber Entstehung der Blitze - Organisator","og_description":"Blitze entstehen durch das Aufeinandertreffen feinster Wassertropfen, welche sich zu gr\u00f6sseren Regentropfen zusammenballen","og_url":"https:\/\/www.organisator.ch\/fr\/sustainability\/2019-07-12\/forschung-belegt-entstehung-der-blitze\/","og_site_name":"Organisator","article_publisher":"https:\/\/www.facebook.com\/OrganisatorFachmagazin","article_published_time":"2019-07-12T08:56:57+00:00","article_modified_time":"2022-02-09T10:10:52+00:00","og_image":[{"width":2560,"height":1707,"url":"https:\/\/www.organisator.ch\/wp-content\/uploads\/2019\/07\/enststehung_blitze_up-Umwelt-Perspektiven-scaled.jpg","type":"image\/jpeg"}],"author":"michael.merz","twitter_card":"summary_large_image","schema":{"@context":"https:\/\/schema.org","@graph":[{"@type":"Article","@id":"https:\/\/www.organisator.ch\/sustainability\/2019-07-12\/forschung-belegt-entstehung-der-blitze\/#article","isPartOf":{"@id":"https:\/\/www.organisator.ch\/sustainability\/2019-07-12\/forschung-belegt-entstehung-der-blitze\/"},"author":{"name":"michael.merz","@id":"https:\/\/www.organisator.ch\/#\/schema\/person\/134708ca9321c57b0362cceb7948ffbd"},"headline":"Forschung \u00fcber Entstehung der Blitze","datePublished":"2019-07-12T08:56:57+00:00","dateModified":"2022-02-09T10:10:52+00:00","mainEntityOfPage":{"@id":"https:\/\/www.organisator.ch\/sustainability\/2019-07-12\/forschung-belegt-entstehung-der-blitze\/"},"wordCount":348,"commentCount":0,"publisher":{"@id":"https:\/\/www.organisator.ch\/#organization"},"image":{"@id":"https:\/\/www.organisator.ch\/sustainability\/2019-07-12\/forschung-belegt-entstehung-der-blitze\/#primaryimage"},"thumbnailUrl":"https:\/\/www.organisator.ch\/wp-content\/uploads\/2019\/07\/enststehung_blitze_up-Umwelt-Perspektiven-scaled.jpg","keywords":["Blitze","Forschung","Physik","Theorie"],"articleSection":["SUSTAINABILITY"],"inLanguage":"fr-FR"},{"@type":"WebPage","@id":"https:\/\/www.organisator.ch\/sustainability\/2019-07-12\/forschung-belegt-entstehung-der-blitze\/","url":"https:\/\/www.organisator.ch\/sustainability\/2019-07-12\/forschung-belegt-entstehung-der-blitze\/","name":"Recherche sur l'origine de la foudre - Organisateur","isPartOf":{"@id":"https:\/\/www.organisator.ch\/#website"},"primaryImageOfPage":{"@id":"https:\/\/www.organisator.ch\/sustainability\/2019-07-12\/forschung-belegt-entstehung-der-blitze\/#primaryimage"},"image":{"@id":"https:\/\/www.organisator.ch\/sustainability\/2019-07-12\/forschung-belegt-entstehung-der-blitze\/#primaryimage"},"thumbnailUrl":"https:\/\/www.organisator.ch\/wp-content\/uploads\/2019\/07\/enststehung_blitze_up-Umwelt-Perspektiven-scaled.jpg","datePublished":"2019-07-12T08:56:57+00:00","dateModified":"2022-02-09T10:10:52+00:00","description":"Les \u00e9clairs sont provoqu\u00e9s par la rencontre de fines gouttes d'eau qui s'agglom\u00e8rent pour former de plus grosses gouttes de pluie.","breadcrumb":{"@id":"https:\/\/www.organisator.ch\/sustainability\/2019-07-12\/forschung-belegt-entstehung-der-blitze\/#breadcrumb"},"inLanguage":"fr-FR","potentialAction":[{"@type":"ReadAction","target":["https:\/\/www.organisator.ch\/sustainability\/2019-07-12\/forschung-belegt-entstehung-der-blitze\/"]}]},{"@type":"ImageObject","inLanguage":"fr-FR","@id":"https:\/\/www.organisator.ch\/sustainability\/2019-07-12\/forschung-belegt-entstehung-der-blitze\/#primaryimage","url":"https:\/\/www.organisator.ch\/wp-content\/uploads\/2019\/07\/enststehung_blitze_up-Umwelt-Perspektiven-scaled.jpg","contentUrl":"https:\/\/www.organisator.ch\/wp-content\/uploads\/2019\/07\/enststehung_blitze_up-Umwelt-Perspektiven-scaled.jpg","width":2560,"height":1707,"caption":"An schw\u00fcl-heissen Sommertagen treten regelm\u00e4ssig Gewitter auf. Doch \u00fcber die Entstehung der Blitze r\u00e4tseln Gelehrte seit Jahrtausenden. (Symbolbild: Unsplash)"},{"@type":"BreadcrumbList","@id":"https:\/\/www.organisator.ch\/sustainability\/2019-07-12\/forschung-belegt-entstehung-der-blitze\/#breadcrumb","itemListElement":[{"@type":"ListItem","position":1,"name":"Home","item":"https:\/\/www.organisator.ch\/"},{"@type":"ListItem","position":2,"name":"Forschung \u00fcber Entstehung der Blitze"}]},{"@type":"WebSite","@id":"https:\/\/www.organisator.ch\/#website","url":"https:\/\/www.organisator.ch\/","name":"Organisateur","description":"Comp\u00e9tence et comp\u00e9tence. Proches de la pratique. L'ORGANISATEUR pr\u00e9pare 10 num\u00e9ros par an sur les th\u00e8mes essentiels pour les dirigeants de PME.","publisher":{"@id":"https:\/\/www.organisator.ch\/#organization"},"potentialAction":[{"@type":"SearchAction","target":{"@type":"EntryPoint","urlTemplate":"https:\/\/www.organisator.ch\/?s={search_term_string}"},"query-input":{"@type":"PropertyValueSpecification","valueRequired":true,"valueName":"search_term_string"}}],"inLanguage":"fr-FR"},{"@type":"Organization","@id":"https:\/\/www.organisator.ch\/#organization","name":"Organisateur","url":"https:\/\/www.organisator.ch\/","logo":{"@type":"ImageObject","inLanguage":"fr-FR","@id":"https:\/\/www.organisator.ch\/#\/schema\/logo\/image\/","url":"https:\/\/www.organisator.ch\/wp-content\/uploads\/2022\/01\/Logo_Organisator_Website.png","contentUrl":"https:\/\/www.organisator.ch\/wp-content\/uploads\/2022\/01\/Logo_Organisator_Website.png","width":800,"height":77,"caption":"Organisator"},"image":{"@id":"https:\/\/www.organisator.ch\/#\/schema\/logo\/image\/"},"sameAs":["https:\/\/www.facebook.com\/OrganisatorFachmagazin","https:\/\/www.linkedin.com\/showcase\/organisator-das-magazin-fr-kmu","https:\/\/www.xing.com\/news\/pages\/organisator-ch-695","https:\/\/www.youtube.com\/channel\/UCGP2Sq0iWaZwT3BdIAQFYpw"]},{"@type":"Person","@id":"https:\/\/www.organisator.ch\/#\/schema\/person\/134708ca9321c57b0362cceb7948ffbd","name":"michael.merz","image":{"@type":"ImageObject","inLanguage":"fr-FR","@id":"https:\/\/secure.gravatar.com\/avatar\/?s=96&d=mm&r=g","url":"https:\/\/secure.gravatar.com\/avatar\/?s=96&d=mm&r=g","contentUrl":"https:\/\/secure.gravatar.com\/avatar\/?s=96&d=mm&r=g","caption":"michael.merz"},"url":"https:\/\/www.organisator.ch\/fr\/author\/michael-merz\/"}]}},"_links":{"self":[{"href":"https:\/\/www.organisator.ch\/fr\/wp-json\/wp\/v2\/posts\/2298","targetHints":{"allow":["GET"]}}],"collection":[{"href":"https:\/\/www.organisator.ch\/fr\/wp-json\/wp\/v2\/posts"}],"about":[{"href":"https:\/\/www.organisator.ch\/fr\/wp-json\/wp\/v2\/types\/post"}],"author":[{"embeddable":true,"href":"https:\/\/www.organisator.ch\/fr\/wp-json\/wp\/v2\/users\/5"}],"replies":[{"embeddable":true,"href":"https:\/\/www.organisator.ch\/fr\/wp-json\/wp\/v2\/comments?post=2298"}],"version-history":[{"count":1,"href":"https:\/\/www.organisator.ch\/fr\/wp-json\/wp\/v2\/posts\/2298\/revisions"}],"predecessor-version":[{"id":11017,"href":"https:\/\/www.organisator.ch\/fr\/wp-json\/wp\/v2\/posts\/2298\/revisions\/11017"}],"wp:featuredmedia":[{"embeddable":true,"href":"https:\/\/www.organisator.ch\/fr\/wp-json\/wp\/v2\/media\/2299"}],"wp:attachment":[{"href":"https:\/\/www.organisator.ch\/fr\/wp-json\/wp\/v2\/media?parent=2298"}],"wp:term":[{"taxonomy":"category","embeddable":true,"href":"https:\/\/www.organisator.ch\/fr\/wp-json\/wp\/v2\/categories?post=2298"},{"taxonomy":"post_tag","embeddable":true,"href":"https:\/\/www.organisator.ch\/fr\/wp-json\/wp\/v2\/tags?post=2298"}],"curies":[{"name":"wp","href":"https:\/\/api.w.org\/{rel}","templated":true}]}}