{"id":23024,"date":"2023-11-07T12:03:54","date_gmt":"2023-11-07T11:03:54","guid":{"rendered":"https:\/\/www.werbewoche.ch\/?p=206046"},"modified":"2024-11-13T09:56:11","modified_gmt":"2024-11-13T08:56:11","slug":"fe-agentur-dabu-wird-ambassador-der-sob","status":"publish","type":"post","link":"https:\/\/www.organisator.ch\/fr\/marketing\/2023-11-07\/fe-agentur-dabu-wird-ambassador-der-sob\/","title":{"rendered":"Agence Fe : Dabu devient ambassadeur du SOB"},"content":{"rendered":"<figure id=\"attachment_206048\" class=\"wp-caption aligncenter\" style=\"width: 1200px\" aria-describedby=\"caption-attachment-206048\"><img class=\"aligncenter wp-image-206048 size-full\" src=\"https:\/\/www.werbewoche.ch\/wp-content\/uploads\/2023\/11\/SOB_Dabu-Showcase_Copyright-Conradin-Knabenhans3.jpg\" alt=\"Concert de tram SOB\" width=\"1200\" height=\"800\" \/>\r\n<figcaption id=\"caption-attachment-206048\" class=\"wp-caption-text\">(Image : Conradin Knabenhans)<\/figcaption>\r\n<\/figure>\r\n<p>Samedi, le tram SOB cuivr\u00e9 de Zurich s'est transform\u00e9 en sc\u00e8ne de concert pour Dabu Fantastic. Les passagers devaient se voir offrir un voyage musical inoubliable. Au cours des semaines pr\u00e9c\u00e9dentes, les billets ont \u00e9t\u00e9 tir\u00e9s au sort en exclusivit\u00e9 via les canaux de m\u00e9dias sociaux du Chemin de fer suisse du Sud-Est SOB et les partenaires m\u00e9dias Radio24, Radio Pilatus et Z\u00fcri Today.<\/p>\r\n<p>Pendant l'\u00e9v\u00e9nement organis\u00e9 par Fe et Gadget Abc Entertainment Group, les fans et les m\u00e9dias ont eu l'occasion de rencontrer le groupe en personne et d'obtenir des autographes. Le tram SOB, utilis\u00e9 ce jour-l\u00e0 comme \"sc\u00e8ne mobile\", circule dans la ville de Zurich depuis d\u00e9but avril 2023 et jusqu'\u00e0 mi-janvier. Avec son design accrocheur, il fait de la publicit\u00e9 pour une offre de transports publics - de la maison \u00e0 la destination finale des lignes SOB.<\/p>\r\n<figure id=\"attachment_206047\" class=\"wp-caption aligncenter\" style=\"width: 1200px\" aria-describedby=\"caption-attachment-206047\"><img class=\"size-full wp-image-206047\" src=\"https:\/\/www.werbewoche.ch\/wp-content\/uploads\/2023\/11\/SOB_Dabu-Showcase_Copyright-Conradin-Knabenhans1.jpg\" alt=\"\" width=\"1200\" height=\"800\" \/>\r\n<figcaption id=\"caption-attachment-206047\" class=\"wp-caption-text\">(Image : Conradin Knabenhans)<\/figcaption>\r\n<\/figure>\r\n<h3>Ambassadeur de toutes les lignes touristiques<\/h3>\r\n<p>Cet \u00e9v\u00e9nement marque le d\u00e9but de la collaboration entre SOB et le chanteur Dabu de Dabu Fantastic. Avec son management, son booking et son label Gadget, Fe et le SOB gagnent un partenaire \u00e9tabli avec un grand r\u00e9seau et un grand savoir-faire dans le secteur du divertissement. Dabu est un voyageur en train passionn\u00e9, car \"en voyageant en train, je peux travailler ou laisser mes pens\u00e9es vagabonder. C'est justement \u00e0 ce moment-l\u00e0 qu'il se passe des choses qui ne se passent pas autrement\".<\/p>\r\n<h3>Marcher, voyager, faire de la musique avec Dabu<\/h3>\r\n<p>Le podcast \"Dabu Hikes\", dans lequel le musicien et Nik Hartmann sont partis en randonn\u00e9e sous la pluie dans l'Express des Pr\u00e9alpes, a d\u00e9j\u00e0 \u00e9t\u00e9 r\u00e9alis\u00e9. En route dans le Treno Gottardo de Zurich \u00e0 Locarno, le musicien a incit\u00e9 ses followers \u00e0 faire un voyage au Tessin. Et dans le cadre de \"Find Dabu\", le chanteur a pu \u00eatre retrouv\u00e9 dans un train sp\u00e9cifique gr\u00e2ce \u00e0 un nombre croissant d'indices - avec une premi\u00e8re chanson exclusive en guise de r\u00e9compense pour ceux qui l'ont trouv\u00e9. Un bouquet d'activations est pr\u00e9vu pour les prochaines campagnes SOB. En outre, d'autres projets cr\u00e9atifs sont dans le pipeline.<\/p>\r\n<figure id=\"attachment_206049\" class=\"wp-caption aligncenter\" style=\"width: 1200px\" aria-describedby=\"caption-attachment-206049\"><img class=\"size-full wp-image-206049\" src=\"https:\/\/www.werbewoche.ch\/wp-content\/uploads\/2023\/11\/SOB_Dabu-Hikes_Copyright-Steve-Wenger1.jpg\" alt=\"\" width=\"1200\" height=\"800\" \/>\r\n<figcaption id=\"caption-attachment-206049\" class=\"wp-caption-text\">Nik Hartmann (\u00e0 gauche) et Dabu en route pour \"Dabu Hikes\". (Image : Steve Wenger)<\/figcaption>\r\n<\/figure>\r\n<hr \/>\r\n<p><strong>Responsable chez Schweizerische S\u00fcdostbahn : <\/strong>Reto Ebn\u00f6ther (responsable Marketing &amp; Distribution) ; Andi Huber (chef de produit Treno Gottardo) ; Conradin Knabenhans (porte-parole). <strong>Responsable chez Gadget Abc Entertainment : <\/strong>Sherlyn M\u00fcller (Marque et partenariats).<strong> Responsable de l'agence Fe : <\/strong>Karin Renold (direction) ; Patric Neeser (concept et direction de projet) ; Janine Bachmann (direction artistique) ; Danusha Kuchtova (texte).<\/p>","protected":false},"excerpt":{"rendered":"<p>Samedi, Dabu Fantastic s'est produit dans un tram SOB dans le cadre d'un showcase. Cet \u00e9v\u00e9nement marque le d\u00e9but d'une collaboration de plusieurs ann\u00e9es, au cours de laquelle l'artiste deviendra l'ambassadeur de la marque sur toutes les lignes touristiques du SOB.<\/p>","protected":false},"author":8,"featured_media":0,"comment_status":"closed","ping_status":"closed","sticky":false,"template":"","format":"standard","meta":{"_acf_changed":false,"_yoast_wpseo_focuskw":"SOB-Tram Konzert","_yoast_wpseo_metadesc":"Dabu Fantastic Konzert im SOB-Tram begeistert Z\u00fcrich. Zusammenarbeit mit der S\u00fcdostbahn und kreativen Projekten.","articlekey":"","footnotes":""},"categories":[29],"tags":[4001],"class_list":["post-23024","post","type-post","status-publish","format-standard","hentry","category-marketing","tag-fe-agentur"],"acf":[],"yoast_head":"<!-- This site is optimized with the Yoast SEO plugin v27.5 - https:\/\/yoast.com\/product\/yoast-seo-wordpress\/ -->\n<title>Fe Agentur: Dabu wird Ambassador der SOB - Organisator<\/title>\n<meta name=\"description\" content=\"Dabu Fantastic Konzert im SOB-Tram begeistert Z\u00fcrich. Zusammenarbeit mit der S\u00fcdostbahn und kreativen Projekten.\" \/>\n<meta name=\"robots\" content=\"index, follow, max-snippet:-1, max-image-preview:large, max-video-preview:-1\" \/>\n<link rel=\"canonical\" href=\"https:\/\/www.organisator.ch\/fr\/marketing\/2023-11-07\/fe-agentur-dabu-wird-ambassador-der-sob\/\" \/>\n<meta property=\"og:locale\" content=\"fr_FR\" \/>\n<meta property=\"og:type\" content=\"article\" \/>\n<meta property=\"og:title\" content=\"Fe Agentur: Dabu wird Ambassador der SOB - Organisator\" \/>\n<meta property=\"og:description\" content=\"Dabu Fantastic Konzert im SOB-Tram begeistert Z\u00fcrich. Zusammenarbeit mit der S\u00fcdostbahn und kreativen Projekten.\" \/>\n<meta property=\"og:url\" content=\"https:\/\/www.organisator.ch\/fr\/marketing\/2023-11-07\/fe-agentur-dabu-wird-ambassador-der-sob\/\" \/>\n<meta property=\"og:site_name\" content=\"Organisator\" \/>\n<meta property=\"article:publisher\" content=\"https:\/\/www.facebook.com\/OrganisatorFachmagazin\" \/>\n<meta property=\"article:published_time\" content=\"2023-11-07T11:03:54+00:00\" \/>\n<meta property=\"article:modified_time\" content=\"2024-11-13T08:56:11+00:00\" \/>\n<meta property=\"og:image\" content=\"https:\/\/www.werbewoche.ch\/wp-content\/uploads\/2023\/11\/SOB_Dabu-Showcase_Copyright-Conradin-Knabenhans3.jpg\" \/>\n<meta name=\"author\" content=\"galledia\" \/>\n<meta name=\"twitter:card\" content=\"summary_large_image\" \/>\n<meta name=\"twitter:creator\" content=\"@admin\" \/>\n<script type=\"application\/ld+json\" class=\"yoast-schema-graph\">{\"@context\":\"https:\\\/\\\/schema.org\",\"@graph\":[{\"@type\":\"Article\",\"@id\":\"https:\\\/\\\/www.organisator.ch\\\/marketing\\\/2023-11-07\\\/fe-agentur-dabu-wird-ambassador-der-sob\\\/#article\",\"isPartOf\":{\"@id\":\"https:\\\/\\\/www.organisator.ch\\\/marketing\\\/2023-11-07\\\/fe-agentur-dabu-wird-ambassador-der-sob\\\/\"},\"author\":{\"name\":\"galledia\",\"@id\":\"https:\\\/\\\/www.organisator.ch\\\/#\\\/schema\\\/person\\\/4e51799071cd2dd1232ac003643ef5f0\"},\"headline\":\"Fe Agentur: Dabu wird Ambassador der SOB\",\"datePublished\":\"2023-11-07T11:03:54+00:00\",\"dateModified\":\"2024-11-13T08:56:11+00:00\",\"mainEntityOfPage\":{\"@id\":\"https:\\\/\\\/www.organisator.ch\\\/marketing\\\/2023-11-07\\\/fe-agentur-dabu-wird-ambassador-der-sob\\\/\"},\"wordCount\":369,\"publisher\":{\"@id\":\"https:\\\/\\\/www.organisator.ch\\\/#organization\"},\"image\":{\"@id\":\"https:\\\/\\\/www.organisator.ch\\\/marketing\\\/2023-11-07\\\/fe-agentur-dabu-wird-ambassador-der-sob\\\/#primaryimage\"},\"thumbnailUrl\":\"https:\\\/\\\/www.werbewoche.ch\\\/wp-content\\\/uploads\\\/2023\\\/11\\\/SOB_Dabu-Showcase_Copyright-Conradin-Knabenhans3.jpg\",\"keywords\":[\"Fe Agentur\"],\"articleSection\":[\"MARKETING\"],\"inLanguage\":\"fr-FR\"},{\"@type\":\"WebPage\",\"@id\":\"https:\\\/\\\/www.organisator.ch\\\/marketing\\\/2023-11-07\\\/fe-agentur-dabu-wird-ambassador-der-sob\\\/\",\"url\":\"https:\\\/\\\/www.organisator.ch\\\/marketing\\\/2023-11-07\\\/fe-agentur-dabu-wird-ambassador-der-sob\\\/\",\"name\":\"Fe Agentur: Dabu wird Ambassador der SOB - Organisator\",\"isPartOf\":{\"@id\":\"https:\\\/\\\/www.organisator.ch\\\/#website\"},\"primaryImageOfPage\":{\"@id\":\"https:\\\/\\\/www.organisator.ch\\\/marketing\\\/2023-11-07\\\/fe-agentur-dabu-wird-ambassador-der-sob\\\/#primaryimage\"},\"image\":{\"@id\":\"https:\\\/\\\/www.organisator.ch\\\/marketing\\\/2023-11-07\\\/fe-agentur-dabu-wird-ambassador-der-sob\\\/#primaryimage\"},\"thumbnailUrl\":\"https:\\\/\\\/www.werbewoche.ch\\\/wp-content\\\/uploads\\\/2023\\\/11\\\/SOB_Dabu-Showcase_Copyright-Conradin-Knabenhans3.jpg\",\"datePublished\":\"2023-11-07T11:03:54+00:00\",\"dateModified\":\"2024-11-13T08:56:11+00:00\",\"description\":\"Dabu Fantastic Konzert im SOB-Tram begeistert Z\u00fcrich. Zusammenarbeit mit der S\u00fcdostbahn und kreativen Projekten.\",\"breadcrumb\":{\"@id\":\"https:\\\/\\\/www.organisator.ch\\\/marketing\\\/2023-11-07\\\/fe-agentur-dabu-wird-ambassador-der-sob\\\/#breadcrumb\"},\"inLanguage\":\"fr-FR\",\"potentialAction\":[{\"@type\":\"ReadAction\",\"target\":[\"https:\\\/\\\/www.organisator.ch\\\/marketing\\\/2023-11-07\\\/fe-agentur-dabu-wird-ambassador-der-sob\\\/\"]}]},{\"@type\":\"ImageObject\",\"inLanguage\":\"fr-FR\",\"@id\":\"https:\\\/\\\/www.organisator.ch\\\/marketing\\\/2023-11-07\\\/fe-agentur-dabu-wird-ambassador-der-sob\\\/#primaryimage\",\"url\":\"https:\\\/\\\/www.werbewoche.ch\\\/wp-content\\\/uploads\\\/2023\\\/11\\\/SOB_Dabu-Showcase_Copyright-Conradin-Knabenhans3.jpg\",\"contentUrl\":\"https:\\\/\\\/www.werbewoche.ch\\\/wp-content\\\/uploads\\\/2023\\\/11\\\/SOB_Dabu-Showcase_Copyright-Conradin-Knabenhans3.jpg\"},{\"@type\":\"BreadcrumbList\",\"@id\":\"https:\\\/\\\/www.organisator.ch\\\/marketing\\\/2023-11-07\\\/fe-agentur-dabu-wird-ambassador-der-sob\\\/#breadcrumb\",\"itemListElement\":[{\"@type\":\"ListItem\",\"position\":1,\"name\":\"Home\",\"item\":\"https:\\\/\\\/www.organisator.ch\\\/\"},{\"@type\":\"ListItem\",\"position\":2,\"name\":\"Fe Agentur: Dabu wird Ambassador der SOB\"}]},{\"@type\":\"WebSite\",\"@id\":\"https:\\\/\\\/www.organisator.ch\\\/#website\",\"url\":\"https:\\\/\\\/www.organisator.ch\\\/\",\"name\":\"Organisator\",\"description\":\"Kompetent. Praxisnah. Der ORGANISATOR bereitet in 10 Ausgaben pro Jahr die wesentlichen Themen f\u00fcr F\u00fchrungskr\u00e4fte von KMU auf.\",\"publisher\":{\"@id\":\"https:\\\/\\\/www.organisator.ch\\\/#organization\"},\"potentialAction\":[{\"@type\":\"SearchAction\",\"target\":{\"@type\":\"EntryPoint\",\"urlTemplate\":\"https:\\\/\\\/www.organisator.ch\\\/?s={search_term_string}\"},\"query-input\":{\"@type\":\"PropertyValueSpecification\",\"valueRequired\":true,\"valueName\":\"search_term_string\"}}],\"inLanguage\":\"fr-FR\"},{\"@type\":\"Organization\",\"@id\":\"https:\\\/\\\/www.organisator.ch\\\/#organization\",\"name\":\"Organisator\",\"url\":\"https:\\\/\\\/www.organisator.ch\\\/\",\"logo\":{\"@type\":\"ImageObject\",\"inLanguage\":\"fr-FR\",\"@id\":\"https:\\\/\\\/www.organisator.ch\\\/#\\\/schema\\\/logo\\\/image\\\/\",\"url\":\"https:\\\/\\\/www.organisator.ch\\\/wp-content\\\/uploads\\\/2022\\\/01\\\/Logo_Organisator_Website.png\",\"contentUrl\":\"https:\\\/\\\/www.organisator.ch\\\/wp-content\\\/uploads\\\/2022\\\/01\\\/Logo_Organisator_Website.png\",\"width\":800,\"height\":77,\"caption\":\"Organisator\"},\"image\":{\"@id\":\"https:\\\/\\\/www.organisator.ch\\\/#\\\/schema\\\/logo\\\/image\\\/\"},\"sameAs\":[\"https:\\\/\\\/www.facebook.com\\\/OrganisatorFachmagazin\",\"https:\\\/\\\/www.linkedin.com\\\/showcase\\\/organisator-das-magazin-fr-kmu\",\"https:\\\/\\\/www.xing.com\\\/news\\\/pages\\\/organisator-ch-695\",\"https:\\\/\\\/www.youtube.com\\\/channel\\\/UCGP2Sq0iWaZwT3BdIAQFYpw\"]},{\"@type\":\"Person\",\"@id\":\"https:\\\/\\\/www.organisator.ch\\\/#\\\/schema\\\/person\\\/4e51799071cd2dd1232ac003643ef5f0\",\"name\":\"galledia\",\"image\":{\"@type\":\"ImageObject\",\"inLanguage\":\"fr-FR\",\"@id\":\"https:\\\/\\\/secure.gravatar.com\\\/avatar\\\/78a7f90c01fc2bfc875782a0d4922b37cde2cf184ce347b91316d23cd7f69a36?s=96&d=mm&r=g\",\"url\":\"https:\\\/\\\/secure.gravatar.com\\\/avatar\\\/78a7f90c01fc2bfc875782a0d4922b37cde2cf184ce347b91316d23cd7f69a36?s=96&d=mm&r=g\",\"contentUrl\":\"https:\\\/\\\/secure.gravatar.com\\\/avatar\\\/78a7f90c01fc2bfc875782a0d4922b37cde2cf184ce347b91316d23cd7f69a36?s=96&d=mm&r=g\",\"caption\":\"galledia\"},\"sameAs\":[\"https:\\\/\\\/x.com\\\/admin\"],\"url\":\"https:\\\/\\\/www.organisator.ch\\\/fr\\\/author\\\/galledia\\\/\"}]}<\/script>\n<!-- \/ Yoast SEO plugin. -->","yoast_head_json":{"title":"Agence Fe : Dabu devient Ambassadeur de la SOB - Organisateur","description":"Le concert de Dabu Fantastic dans le tram SOB enthousiasme Zurich. Collaboration avec le S\u00fcdostbahn et projets cr\u00e9atifs.","robots":{"index":"index","follow":"follow","max-snippet":"max-snippet:-1","max-image-preview":"max-image-preview:large","max-video-preview":"max-video-preview:-1"},"canonical":"https:\/\/www.organisator.ch\/fr\/marketing\/2023-11-07\/fe-agentur-dabu-wird-ambassador-der-sob\/","og_locale":"fr_FR","og_type":"article","og_title":"Fe Agentur: Dabu wird Ambassador der SOB - Organisator","og_description":"Dabu Fantastic Konzert im SOB-Tram begeistert Z\u00fcrich. Zusammenarbeit mit der S\u00fcdostbahn und kreativen Projekten.","og_url":"https:\/\/www.organisator.ch\/fr\/marketing\/2023-11-07\/fe-agentur-dabu-wird-ambassador-der-sob\/","og_site_name":"Organisator","article_publisher":"https:\/\/www.facebook.com\/OrganisatorFachmagazin","article_published_time":"2023-11-07T11:03:54+00:00","article_modified_time":"2024-11-13T08:56:11+00:00","og_image":[{"url":"https:\/\/www.werbewoche.ch\/wp-content\/uploads\/2023\/11\/SOB_Dabu-Showcase_Copyright-Conradin-Knabenhans3.jpg","type":"","width":"","height":""}],"author":"galledia","twitter_card":"summary_large_image","twitter_creator":"@admin","schema":{"@context":"https:\/\/schema.org","@graph":[{"@type":"Article","@id":"https:\/\/www.organisator.ch\/marketing\/2023-11-07\/fe-agentur-dabu-wird-ambassador-der-sob\/#article","isPartOf":{"@id":"https:\/\/www.organisator.ch\/marketing\/2023-11-07\/fe-agentur-dabu-wird-ambassador-der-sob\/"},"author":{"name":"galledia","@id":"https:\/\/www.organisator.ch\/#\/schema\/person\/4e51799071cd2dd1232ac003643ef5f0"},"headline":"Fe Agentur: Dabu wird Ambassador der SOB","datePublished":"2023-11-07T11:03:54+00:00","dateModified":"2024-11-13T08:56:11+00:00","mainEntityOfPage":{"@id":"https:\/\/www.organisator.ch\/marketing\/2023-11-07\/fe-agentur-dabu-wird-ambassador-der-sob\/"},"wordCount":369,"publisher":{"@id":"https:\/\/www.organisator.ch\/#organization"},"image":{"@id":"https:\/\/www.organisator.ch\/marketing\/2023-11-07\/fe-agentur-dabu-wird-ambassador-der-sob\/#primaryimage"},"thumbnailUrl":"https:\/\/www.werbewoche.ch\/wp-content\/uploads\/2023\/11\/SOB_Dabu-Showcase_Copyright-Conradin-Knabenhans3.jpg","keywords":["Fe Agentur"],"articleSection":["MARKETING"],"inLanguage":"fr-FR"},{"@type":"WebPage","@id":"https:\/\/www.organisator.ch\/marketing\/2023-11-07\/fe-agentur-dabu-wird-ambassador-der-sob\/","url":"https:\/\/www.organisator.ch\/marketing\/2023-11-07\/fe-agentur-dabu-wird-ambassador-der-sob\/","name":"Agence Fe : Dabu devient Ambassadeur de la SOB - Organisateur","isPartOf":{"@id":"https:\/\/www.organisator.ch\/#website"},"primaryImageOfPage":{"@id":"https:\/\/www.organisator.ch\/marketing\/2023-11-07\/fe-agentur-dabu-wird-ambassador-der-sob\/#primaryimage"},"image":{"@id":"https:\/\/www.organisator.ch\/marketing\/2023-11-07\/fe-agentur-dabu-wird-ambassador-der-sob\/#primaryimage"},"thumbnailUrl":"https:\/\/www.werbewoche.ch\/wp-content\/uploads\/2023\/11\/SOB_Dabu-Showcase_Copyright-Conradin-Knabenhans3.jpg","datePublished":"2023-11-07T11:03:54+00:00","dateModified":"2024-11-13T08:56:11+00:00","description":"Le concert de Dabu Fantastic dans le tram SOB enthousiasme Zurich. Collaboration avec le S\u00fcdostbahn et projets cr\u00e9atifs.","breadcrumb":{"@id":"https:\/\/www.organisator.ch\/marketing\/2023-11-07\/fe-agentur-dabu-wird-ambassador-der-sob\/#breadcrumb"},"inLanguage":"fr-FR","potentialAction":[{"@type":"ReadAction","target":["https:\/\/www.organisator.ch\/marketing\/2023-11-07\/fe-agentur-dabu-wird-ambassador-der-sob\/"]}]},{"@type":"ImageObject","inLanguage":"fr-FR","@id":"https:\/\/www.organisator.ch\/marketing\/2023-11-07\/fe-agentur-dabu-wird-ambassador-der-sob\/#primaryimage","url":"https:\/\/www.werbewoche.ch\/wp-content\/uploads\/2023\/11\/SOB_Dabu-Showcase_Copyright-Conradin-Knabenhans3.jpg","contentUrl":"https:\/\/www.werbewoche.ch\/wp-content\/uploads\/2023\/11\/SOB_Dabu-Showcase_Copyright-Conradin-Knabenhans3.jpg"},{"@type":"BreadcrumbList","@id":"https:\/\/www.organisator.ch\/marketing\/2023-11-07\/fe-agentur-dabu-wird-ambassador-der-sob\/#breadcrumb","itemListElement":[{"@type":"ListItem","position":1,"name":"Home","item":"https:\/\/www.organisator.ch\/"},{"@type":"ListItem","position":2,"name":"Fe Agentur: Dabu wird Ambassador der SOB"}]},{"@type":"WebSite","@id":"https:\/\/www.organisator.ch\/#website","url":"https:\/\/www.organisator.ch\/","name":"Organisateur","description":"Comp\u00e9tence et comp\u00e9tence. Proches de la pratique. L'ORGANISATEUR pr\u00e9pare 10 num\u00e9ros par an sur les th\u00e8mes essentiels pour les dirigeants de PME.","publisher":{"@id":"https:\/\/www.organisator.ch\/#organization"},"potentialAction":[{"@type":"SearchAction","target":{"@type":"EntryPoint","urlTemplate":"https:\/\/www.organisator.ch\/?s={search_term_string}"},"query-input":{"@type":"PropertyValueSpecification","valueRequired":true,"valueName":"search_term_string"}}],"inLanguage":"fr-FR"},{"@type":"Organization","@id":"https:\/\/www.organisator.ch\/#organization","name":"Organisateur","url":"https:\/\/www.organisator.ch\/","logo":{"@type":"ImageObject","inLanguage":"fr-FR","@id":"https:\/\/www.organisator.ch\/#\/schema\/logo\/image\/","url":"https:\/\/www.organisator.ch\/wp-content\/uploads\/2022\/01\/Logo_Organisator_Website.png","contentUrl":"https:\/\/www.organisator.ch\/wp-content\/uploads\/2022\/01\/Logo_Organisator_Website.png","width":800,"height":77,"caption":"Organisator"},"image":{"@id":"https:\/\/www.organisator.ch\/#\/schema\/logo\/image\/"},"sameAs":["https:\/\/www.facebook.com\/OrganisatorFachmagazin","https:\/\/www.linkedin.com\/showcase\/organisator-das-magazin-fr-kmu","https:\/\/www.xing.com\/news\/pages\/organisator-ch-695","https:\/\/www.youtube.com\/channel\/UCGP2Sq0iWaZwT3BdIAQFYpw"]},{"@type":"Person","@id":"https:\/\/www.organisator.ch\/#\/schema\/person\/4e51799071cd2dd1232ac003643ef5f0","name":"galledia","image":{"@type":"ImageObject","inLanguage":"fr-FR","@id":"https:\/\/secure.gravatar.com\/avatar\/78a7f90c01fc2bfc875782a0d4922b37cde2cf184ce347b91316d23cd7f69a36?s=96&d=mm&r=g","url":"https:\/\/secure.gravatar.com\/avatar\/78a7f90c01fc2bfc875782a0d4922b37cde2cf184ce347b91316d23cd7f69a36?s=96&d=mm&r=g","contentUrl":"https:\/\/secure.gravatar.com\/avatar\/78a7f90c01fc2bfc875782a0d4922b37cde2cf184ce347b91316d23cd7f69a36?s=96&d=mm&r=g","caption":"galledia"},"sameAs":["https:\/\/x.com\/admin"],"url":"https:\/\/www.organisator.ch\/fr\/author\/galledia\/"}]}},"_links":{"self":[{"href":"https:\/\/www.organisator.ch\/fr\/wp-json\/wp\/v2\/posts\/23024","targetHints":{"allow":["GET"]}}],"collection":[{"href":"https:\/\/www.organisator.ch\/fr\/wp-json\/wp\/v2\/posts"}],"about":[{"href":"https:\/\/www.organisator.ch\/fr\/wp-json\/wp\/v2\/types\/post"}],"author":[{"embeddable":true,"href":"https:\/\/www.organisator.ch\/fr\/wp-json\/wp\/v2\/users\/8"}],"replies":[{"embeddable":true,"href":"https:\/\/www.organisator.ch\/fr\/wp-json\/wp\/v2\/comments?post=23024"}],"version-history":[{"count":5,"href":"https:\/\/www.organisator.ch\/fr\/wp-json\/wp\/v2\/posts\/23024\/revisions"}],"predecessor-version":[{"id":32710,"href":"https:\/\/www.organisator.ch\/fr\/wp-json\/wp\/v2\/posts\/23024\/revisions\/32710"}],"wp:attachment":[{"href":"https:\/\/www.organisator.ch\/fr\/wp-json\/wp\/v2\/media?parent=23024"}],"wp:term":[{"taxonomy":"category","embeddable":true,"href":"https:\/\/www.organisator.ch\/fr\/wp-json\/wp\/v2\/categories?post=23024"},{"taxonomy":"post_tag","embeddable":true,"href":"https:\/\/www.organisator.ch\/fr\/wp-json\/wp\/v2\/tags?post=23024"}],"curies":[{"name":"wp","href":"https:\/\/api.w.org\/{rel}","templated":true}]}}