{"id":2308,"date":"2019-07-17T07:00:33","date_gmt":"2019-07-17T05:00:33","guid":{"rendered":"https:\/\/www.umweltperspektiven.ch\/?p=2308"},"modified":"2022-02-09T11:10:52","modified_gmt":"2022-02-09T10:10:52","slug":"eintauchen-in-farbenpraechtige-suesswasser-welten","status":"publish","type":"post","link":"https:\/\/www.organisator.ch\/fr\/sustainability\/2019-07-17\/eintauchen-in-farbenpraechtige-suesswasser-welten\/","title":{"rendered":"Plonger dans des mondes d'eau douce aux couleurs \u00e9clatantes"},"content":{"rendered":"<figure id=\"attachment_2309\" aria-describedby=\"caption-attachment-2309\" style=\"width: 680px\" class=\"wp-caption alignnone\"><img loading=\"lazy\" decoding=\"async\" class=\"size-medium wp-image-2309\" src=\"\/\/www.umweltperspektiven.ch\/wp-content\/uploads\/2019\/07\/UP_Umwelt-Perspektiven-Karibik-Manati_U06-008.jpg\" alt=\"\" width=\"680\" height=\"453\" \/><figcaption id=\"caption-attachment-2309\" class=\"wp-caption-text\">Une photo rare, une perspective rare d'un lamantin des Indes occidentales (Trichechus manatus) plongeant dans l'eau fra\u00eeche de Florida Springs.<br \/>(Copyright : Michel Roggo, mars 2011, pour The Freshwater Project<br \/>Captive)<\/figcaption><\/figure>\n<div class=\"mod mod-text skin-text-basics\">\n<div>\n<div>\n<p>Dans l'exposition sp\u00e9ciale consacr\u00e9e aux mondes d'eau douce de Michel Roggo, des animaux marins rares respirent dans une eau cristalline, la beaut\u00e9 du fleuve Singine rivalise avec celle du lac Ba\u00efkal, des chutes d'Iguaz\u00fa, de la calotte glaciaire de Ross et de nombreux autres lieux aux noms \u00e0 consonance \u00e9trange. Ce qui relie les photographies pr\u00e9sent\u00e9es, c'est la th\u00e9matique de l'eau :<\/p>\n<p>Pour les d\u00e9couvrir, Michel Roggo a parcouru le monde pendant sept ans et a pris sous son objectif des ruisseaux, des rivi\u00e8res et des lacs d'une quarantaine d'endroits diff\u00e9rents dans le cadre de son \"Freshwater Project\". Son objectif : documenter autant que possible tous les principaux types d'eau douce de la plan\u00e8te, et ce \u00e9galement sous l'eau. Pour ce faire, l'homme, aujourd'hui \u00e2g\u00e9 de 69 ans, s'est jet\u00e9 \u00e0 l'eau avec un masque et un tuba. \"Nous savons \u00e0 quoi ressemblent les r\u00e9cifs coralliens\", dit-il, \"mais qu'en est-il des eaux \u00e0 notre porte ? Je cherche toujours des sc\u00e8nes int\u00e9ressantes avec une lumi\u00e8re dramatique - dans les algues d'un \u00e9tang ou sous la glace d'un torrent de montagne. Ces habitats sont incroyablement beaux, mais on ne les voit presque jamais\".<\/p>\n<h3>Travailler dans des conditions aventureuses<\/h3>\n<p>Le Mus\u00e9e d'histoire naturelle de Fribourg (Suisse) a con\u00e7u une exposition \u00e0 partir des photographies de Roggo, qui est d\u00e9sormais pr\u00e9sent\u00e9e au Mus\u00e9e zoologique de l'Universit\u00e9 de Zurich. Elle permet aux visiteurs de s'immerger dans des paysages aquatiques magiques et de s'\u00e9merveiller devant des mondes animaux et v\u00e9g\u00e9taux exotiques, des formations de glace et de roche. Divers films de making-of illustrent les voyages souvent longs du photographe et les conditions de travail extr\u00eames auxquelles lui et ses assistants ont \u00e9t\u00e9 confront\u00e9s. Pour son Freshwater Project, Roggo travaille presque toujours avec des guides locaux, dont des membres de la population indig\u00e8ne, des biologistes, des guides de plong\u00e9e, des bateliers et des pilotes. \"Michel Roggo immortalise de mani\u00e8re impressionnante les principaux biotopes d'eau douce de notre plan\u00e8te\", d\u00e9clare Isabel Klusman, directrice du mus\u00e9e zoologique, \"une \u00e9tape importante pour rendre visibles et faire conna\u00eetre ces habitats sensibles et souvent menac\u00e9s\".<\/p>\n<h3>Animaux, plantes, glace, roches et sources<\/h3>\n<p>L'exposition s'articule autour de cinq th\u00e8mes principaux, dont l'eau en tant qu'habitat dynamique pour les animaux, qui doivent faire preuve d'une grande capacit\u00e9 d'adaptation. Des conditions difficiles, telles que des conditions troubles et peu lumineuses, une eau glac\u00e9e, acide ou pauvre en oxyg\u00e8ne, sont \u00e9galement rencontr\u00e9es par des plantes qui se d\u00e9veloppent n\u00e9anmoins en de v\u00e9ritables jardins paradisiaques aquatiques. Les glaciers et les calottes glaciaires des r\u00e9gions polaires, o\u00f9 les deux tiers de l'eau douce sont stock\u00e9s sous forme congel\u00e9e, sont \u00e9galement abord\u00e9s dans l'exposition, tout comme les formations rocheuses cr\u00e9\u00e9es par l'eau, fa\u00e7onn\u00e9es et d\u00e9truites par l'\u00e9rosion. Enfin, Roggo consacre \u00e9galement ses images aux sources, l\u00e0 o\u00f9 les eaux souterraines remontent \u00e0 la surface dans le cycle de l'eau. L'eau pure est indispensable \u00e0 la vie, c'est pourquoi presque toutes les sources du monde industrialis\u00e9 sont capt\u00e9es. Dans les photographies de Roggo, les mondes sous-marins des sources encore totalement intactes sont d'autant plus magnifiques.<\/p>\n<p>A propos de Michel Roggo :<\/p>\n<div>\n<p>Le Fribourgeois Michel Roggo est un sp\u00e9cialiste internationalement reconnu de la photographie en eau douce. Ses photos, produites lors de plus de 130 exp\u00e9ditions, ont \u00e9t\u00e9 expos\u00e9es, r\u00e9compens\u00e9es et publi\u00e9es dans le monde entier. Avec AQUA, les photos de Michel Roggo sont pr\u00e9sent\u00e9es pour la premi\u00e8re fois \u00e0 Zurich.<\/p>\n<\/div>\n<\/div>\n<\/div>\n<\/div>\n<div class=\"mod mod-text skin-text-basics\">\n<div class=\"highlighted\">\n<h3>Exposition temporaire \"AQUA<\/h3>\n<p><strong>Photographies de Michel Roggo<\/strong><\/p>\n<p>du 23 juillet 2019 au 5 janvier 2020<br \/>\nma - di, 10-17 h, entr\u00e9e gratuite<\/p>\n<p><a href=\"\/\/www.zm.uzh.ch\/de\/sonderausstellungen\/2019aqua.html\">www.zm.uzh.ch\/de\/sonderausstellungen\/2019aqua.html<\/a><\/p>\n<\/div>\n<\/div>\n<p>&nbsp;<\/p>","protected":false},"excerpt":{"rendered":"<p>In der Sonderausstellung zu Michel Roggos S\u00fcsswasser-Welten atmen seltene Meerestiere in kristalklarem Wasser auf, konkurrieren die Sch\u00f6nheit des Flusses Sense mit jener des Baikalsees, der Iguaz\u00fa-Wasserf\u00e4lle, des Ross-Schelfeises und zahlreichen weiteren Orten mit fremdartig klingenden Namen. Was die gezeigten Fotografien verbindet, ist die Wasserthematik: Um sie zu ergr\u00fcnden ist Michel Roggo w\u00e4hrend sieben Jahren um [&hellip;]<\/p>\n","protected":false},"author":5,"featured_media":2309,"comment_status":"open","ping_status":"open","sticky":false,"template":"","format":"standard","meta":{"_acf_changed":false,"_yoast_wpseo_focuskw":"S\u00fcsswasser-Welten","_yoast_wpseo_metadesc":"Nur S\u00fcsswasser-Welten? Schildkr\u00f6ten, Tropische W\u00e4lder, H\u00f6hlen und kantige Eismassen. Dies alles erscheint in den Wasserwelten von Michel Roggo.","articlekey":"","footnotes":""},"categories":[580],"tags":[742,829,1228,2529,542],"class_list":["post-2308","post","type-post","status-publish","format-standard","has-post-thumbnail","hentry","category-sustainability","tag-ausstellung","tag-biodiversitaet","tag-fotographie","tag-wasserwelten","tag-zuerich"],"acf":[],"yoast_head":"<!-- This site is optimized with the Yoast SEO plugin v27.5 - https:\/\/yoast.com\/product\/yoast-seo-wordpress\/ -->\n<title>Eintauchen in farbenpr\u00e4chtige S\u00fcsswasser-Welten - Organisator<\/title>\n<meta name=\"description\" content=\"Nur S\u00fcsswasser-Welten? Schildkr\u00f6ten, Tropische W\u00e4lder, H\u00f6hlen und kantige Eismassen. Dies alles erscheint in den Wasserwelten von Michel Roggo.\" \/>\n<meta name=\"robots\" content=\"index, follow, max-snippet:-1, max-image-preview:large, max-video-preview:-1\" \/>\n<link rel=\"canonical\" href=\"https:\/\/www.organisator.ch\/fr\/sustainability\/2019-07-17\/eintauchen-in-farbenpraechtige-suesswasser-welten\/\" \/>\n<meta property=\"og:locale\" content=\"fr_FR\" \/>\n<meta property=\"og:type\" content=\"article\" \/>\n<meta property=\"og:title\" content=\"Eintauchen in farbenpr\u00e4chtige S\u00fcsswasser-Welten - Organisator\" \/>\n<meta property=\"og:description\" content=\"Nur S\u00fcsswasser-Welten? Schildkr\u00f6ten, Tropische W\u00e4lder, H\u00f6hlen und kantige Eismassen. Dies alles erscheint in den Wasserwelten von Michel Roggo.\" \/>\n<meta property=\"og:url\" content=\"https:\/\/www.organisator.ch\/fr\/sustainability\/2019-07-17\/eintauchen-in-farbenpraechtige-suesswasser-welten\/\" \/>\n<meta property=\"og:site_name\" content=\"Organisator\" \/>\n<meta property=\"article:publisher\" content=\"https:\/\/www.facebook.com\/OrganisatorFachmagazin\" \/>\n<meta property=\"article:published_time\" content=\"2019-07-17T05:00:33+00:00\" \/>\n<meta property=\"article:modified_time\" content=\"2022-02-09T10:10:52+00:00\" \/>\n<meta property=\"og:image\" content=\"https:\/\/www.organisator.ch\/wp-content\/uploads\/2019\/07\/UP_Umwelt-Perspektiven-Karibik-Manati_U06-008-scaled.jpg\" \/>\n\t<meta property=\"og:image:width\" content=\"2560\" \/>\n\t<meta property=\"og:image:height\" content=\"1707\" \/>\n\t<meta property=\"og:image:type\" content=\"image\/jpeg\" \/>\n<meta name=\"author\" content=\"michael.merz\" \/>\n<meta name=\"twitter:card\" content=\"summary_large_image\" \/>\n<script type=\"application\/ld+json\" class=\"yoast-schema-graph\">{\"@context\":\"https:\\\/\\\/schema.org\",\"@graph\":[{\"@type\":\"Article\",\"@id\":\"https:\\\/\\\/www.organisator.ch\\\/sustainability\\\/2019-07-17\\\/eintauchen-in-farbenpraechtige-suesswasser-welten\\\/#article\",\"isPartOf\":{\"@id\":\"https:\\\/\\\/www.organisator.ch\\\/sustainability\\\/2019-07-17\\\/eintauchen-in-farbenpraechtige-suesswasser-welten\\\/\"},\"author\":{\"name\":\"michael.merz\",\"@id\":\"https:\\\/\\\/www.organisator.ch\\\/#\\\/schema\\\/person\\\/134708ca9321c57b0362cceb7948ffbd\"},\"headline\":\"Eintauchen in farbenpr\u00e4chtige S\u00fcsswasser-Welten\",\"datePublished\":\"2019-07-17T05:00:33+00:00\",\"dateModified\":\"2022-02-09T10:10:52+00:00\",\"mainEntityOfPage\":{\"@id\":\"https:\\\/\\\/www.organisator.ch\\\/sustainability\\\/2019-07-17\\\/eintauchen-in-farbenpraechtige-suesswasser-welten\\\/\"},\"wordCount\":550,\"commentCount\":0,\"publisher\":{\"@id\":\"https:\\\/\\\/www.organisator.ch\\\/#organization\"},\"image\":{\"@id\":\"https:\\\/\\\/www.organisator.ch\\\/sustainability\\\/2019-07-17\\\/eintauchen-in-farbenpraechtige-suesswasser-welten\\\/#primaryimage\"},\"thumbnailUrl\":\"https:\\\/\\\/www.organisator.ch\\\/wp-content\\\/uploads\\\/2019\\\/07\\\/UP_Umwelt-Perspektiven-Karibik-Manati_U06-008-scaled.jpg\",\"keywords\":[\"Ausstellung\",\"Biodiversit\u00e4t\",\"Fotographie\",\"Wasserwelten\",\"Z\u00fcrich\"],\"articleSection\":[\"SUSTAINABILITY\"],\"inLanguage\":\"fr-FR\"},{\"@type\":\"WebPage\",\"@id\":\"https:\\\/\\\/www.organisator.ch\\\/sustainability\\\/2019-07-17\\\/eintauchen-in-farbenpraechtige-suesswasser-welten\\\/\",\"url\":\"https:\\\/\\\/www.organisator.ch\\\/sustainability\\\/2019-07-17\\\/eintauchen-in-farbenpraechtige-suesswasser-welten\\\/\",\"name\":\"Eintauchen in farbenpr\u00e4chtige S\u00fcsswasser-Welten - Organisator\",\"isPartOf\":{\"@id\":\"https:\\\/\\\/www.organisator.ch\\\/#website\"},\"primaryImageOfPage\":{\"@id\":\"https:\\\/\\\/www.organisator.ch\\\/sustainability\\\/2019-07-17\\\/eintauchen-in-farbenpraechtige-suesswasser-welten\\\/#primaryimage\"},\"image\":{\"@id\":\"https:\\\/\\\/www.organisator.ch\\\/sustainability\\\/2019-07-17\\\/eintauchen-in-farbenpraechtige-suesswasser-welten\\\/#primaryimage\"},\"thumbnailUrl\":\"https:\\\/\\\/www.organisator.ch\\\/wp-content\\\/uploads\\\/2019\\\/07\\\/UP_Umwelt-Perspektiven-Karibik-Manati_U06-008-scaled.jpg\",\"datePublished\":\"2019-07-17T05:00:33+00:00\",\"dateModified\":\"2022-02-09T10:10:52+00:00\",\"description\":\"Nur S\u00fcsswasser-Welten? Schildkr\u00f6ten, Tropische W\u00e4lder, H\u00f6hlen und kantige Eismassen. Dies alles erscheint in den Wasserwelten von Michel Roggo.\",\"breadcrumb\":{\"@id\":\"https:\\\/\\\/www.organisator.ch\\\/sustainability\\\/2019-07-17\\\/eintauchen-in-farbenpraechtige-suesswasser-welten\\\/#breadcrumb\"},\"inLanguage\":\"fr-FR\",\"potentialAction\":[{\"@type\":\"ReadAction\",\"target\":[\"https:\\\/\\\/www.organisator.ch\\\/sustainability\\\/2019-07-17\\\/eintauchen-in-farbenpraechtige-suesswasser-welten\\\/\"]}]},{\"@type\":\"ImageObject\",\"inLanguage\":\"fr-FR\",\"@id\":\"https:\\\/\\\/www.organisator.ch\\\/sustainability\\\/2019-07-17\\\/eintauchen-in-farbenpraechtige-suesswasser-welten\\\/#primaryimage\",\"url\":\"https:\\\/\\\/www.organisator.ch\\\/wp-content\\\/uploads\\\/2019\\\/07\\\/UP_Umwelt-Perspektiven-Karibik-Manati_U06-008-scaled.jpg\",\"contentUrl\":\"https:\\\/\\\/www.organisator.ch\\\/wp-content\\\/uploads\\\/2019\\\/07\\\/UP_Umwelt-Perspektiven-Karibik-Manati_U06-008-scaled.jpg\",\"width\":2560,\"height\":1707,\"caption\":\"Eine seltene Aufnahme, eine seltene Perspektive eines West Indischen Manatees (Trichechus manatus), der ins frische Wasser der Florida Springs taucht. (Copyright: Michel Roggo, March 2011, for The Freshwater Project Captive)\"},{\"@type\":\"BreadcrumbList\",\"@id\":\"https:\\\/\\\/www.organisator.ch\\\/sustainability\\\/2019-07-17\\\/eintauchen-in-farbenpraechtige-suesswasser-welten\\\/#breadcrumb\",\"itemListElement\":[{\"@type\":\"ListItem\",\"position\":1,\"name\":\"Home\",\"item\":\"https:\\\/\\\/www.organisator.ch\\\/\"},{\"@type\":\"ListItem\",\"position\":2,\"name\":\"Eintauchen in farbenpr\u00e4chtige S\u00fcsswasser-Welten\"}]},{\"@type\":\"WebSite\",\"@id\":\"https:\\\/\\\/www.organisator.ch\\\/#website\",\"url\":\"https:\\\/\\\/www.organisator.ch\\\/\",\"name\":\"Organisator\",\"description\":\"Kompetent. Praxisnah. Der ORGANISATOR bereitet in 10 Ausgaben pro Jahr die wesentlichen Themen f\u00fcr F\u00fchrungskr\u00e4fte von KMU auf.\",\"publisher\":{\"@id\":\"https:\\\/\\\/www.organisator.ch\\\/#organization\"},\"potentialAction\":[{\"@type\":\"SearchAction\",\"target\":{\"@type\":\"EntryPoint\",\"urlTemplate\":\"https:\\\/\\\/www.organisator.ch\\\/?s={search_term_string}\"},\"query-input\":{\"@type\":\"PropertyValueSpecification\",\"valueRequired\":true,\"valueName\":\"search_term_string\"}}],\"inLanguage\":\"fr-FR\"},{\"@type\":\"Organization\",\"@id\":\"https:\\\/\\\/www.organisator.ch\\\/#organization\",\"name\":\"Organisator\",\"url\":\"https:\\\/\\\/www.organisator.ch\\\/\",\"logo\":{\"@type\":\"ImageObject\",\"inLanguage\":\"fr-FR\",\"@id\":\"https:\\\/\\\/www.organisator.ch\\\/#\\\/schema\\\/logo\\\/image\\\/\",\"url\":\"https:\\\/\\\/www.organisator.ch\\\/wp-content\\\/uploads\\\/2022\\\/01\\\/Logo_Organisator_Website.png\",\"contentUrl\":\"https:\\\/\\\/www.organisator.ch\\\/wp-content\\\/uploads\\\/2022\\\/01\\\/Logo_Organisator_Website.png\",\"width\":800,\"height\":77,\"caption\":\"Organisator\"},\"image\":{\"@id\":\"https:\\\/\\\/www.organisator.ch\\\/#\\\/schema\\\/logo\\\/image\\\/\"},\"sameAs\":[\"https:\\\/\\\/www.facebook.com\\\/OrganisatorFachmagazin\",\"https:\\\/\\\/www.linkedin.com\\\/showcase\\\/organisator-das-magazin-fr-kmu\",\"https:\\\/\\\/www.xing.com\\\/news\\\/pages\\\/organisator-ch-695\",\"https:\\\/\\\/www.youtube.com\\\/channel\\\/UCGP2Sq0iWaZwT3BdIAQFYpw\"]},{\"@type\":\"Person\",\"@id\":\"https:\\\/\\\/www.organisator.ch\\\/#\\\/schema\\\/person\\\/134708ca9321c57b0362cceb7948ffbd\",\"name\":\"michael.merz\",\"image\":{\"@type\":\"ImageObject\",\"inLanguage\":\"fr-FR\",\"@id\":\"https:\\\/\\\/secure.gravatar.com\\\/avatar\\\/?s=96&d=mm&r=g\",\"url\":\"https:\\\/\\\/secure.gravatar.com\\\/avatar\\\/?s=96&d=mm&r=g\",\"contentUrl\":\"https:\\\/\\\/secure.gravatar.com\\\/avatar\\\/?s=96&d=mm&r=g\",\"caption\":\"michael.merz\"},\"url\":\"https:\\\/\\\/www.organisator.ch\\\/fr\\\/author\\\/michael-merz\\\/\"}]}<\/script>\n<!-- \/ Yoast SEO plugin. -->","yoast_head_json":{"title":"Plong\u00e9e dans des mondes d'eau douce aux couleurs \u00e9clatantes - Organisateur","description":"Seulement des mondes d'eau douce ? Tortues, for\u00eats tropicales, grottes et masses de glace anguleuses. Tout cela appara\u00eet dans les mondes aquatiques de Michel Roggo.","robots":{"index":"index","follow":"follow","max-snippet":"max-snippet:-1","max-image-preview":"max-image-preview:large","max-video-preview":"max-video-preview:-1"},"canonical":"https:\/\/www.organisator.ch\/fr\/sustainability\/2019-07-17\/eintauchen-in-farbenpraechtige-suesswasser-welten\/","og_locale":"fr_FR","og_type":"article","og_title":"Eintauchen in farbenpr\u00e4chtige S\u00fcsswasser-Welten - Organisator","og_description":"Nur S\u00fcsswasser-Welten? Schildkr\u00f6ten, Tropische W\u00e4lder, H\u00f6hlen und kantige Eismassen. Dies alles erscheint in den Wasserwelten von Michel Roggo.","og_url":"https:\/\/www.organisator.ch\/fr\/sustainability\/2019-07-17\/eintauchen-in-farbenpraechtige-suesswasser-welten\/","og_site_name":"Organisator","article_publisher":"https:\/\/www.facebook.com\/OrganisatorFachmagazin","article_published_time":"2019-07-17T05:00:33+00:00","article_modified_time":"2022-02-09T10:10:52+00:00","og_image":[{"width":2560,"height":1707,"url":"https:\/\/www.organisator.ch\/wp-content\/uploads\/2019\/07\/UP_Umwelt-Perspektiven-Karibik-Manati_U06-008-scaled.jpg","type":"image\/jpeg"}],"author":"michael.merz","twitter_card":"summary_large_image","schema":{"@context":"https:\/\/schema.org","@graph":[{"@type":"Article","@id":"https:\/\/www.organisator.ch\/sustainability\/2019-07-17\/eintauchen-in-farbenpraechtige-suesswasser-welten\/#article","isPartOf":{"@id":"https:\/\/www.organisator.ch\/sustainability\/2019-07-17\/eintauchen-in-farbenpraechtige-suesswasser-welten\/"},"author":{"name":"michael.merz","@id":"https:\/\/www.organisator.ch\/#\/schema\/person\/134708ca9321c57b0362cceb7948ffbd"},"headline":"Eintauchen in farbenpr\u00e4chtige S\u00fcsswasser-Welten","datePublished":"2019-07-17T05:00:33+00:00","dateModified":"2022-02-09T10:10:52+00:00","mainEntityOfPage":{"@id":"https:\/\/www.organisator.ch\/sustainability\/2019-07-17\/eintauchen-in-farbenpraechtige-suesswasser-welten\/"},"wordCount":550,"commentCount":0,"publisher":{"@id":"https:\/\/www.organisator.ch\/#organization"},"image":{"@id":"https:\/\/www.organisator.ch\/sustainability\/2019-07-17\/eintauchen-in-farbenpraechtige-suesswasser-welten\/#primaryimage"},"thumbnailUrl":"https:\/\/www.organisator.ch\/wp-content\/uploads\/2019\/07\/UP_Umwelt-Perspektiven-Karibik-Manati_U06-008-scaled.jpg","keywords":["Ausstellung","Biodiversit\u00e4t","Fotographie","Wasserwelten","Z\u00fcrich"],"articleSection":["SUSTAINABILITY"],"inLanguage":"fr-FR"},{"@type":"WebPage","@id":"https:\/\/www.organisator.ch\/sustainability\/2019-07-17\/eintauchen-in-farbenpraechtige-suesswasser-welten\/","url":"https:\/\/www.organisator.ch\/sustainability\/2019-07-17\/eintauchen-in-farbenpraechtige-suesswasser-welten\/","name":"Plong\u00e9e dans des mondes d'eau douce aux couleurs \u00e9clatantes - Organisateur","isPartOf":{"@id":"https:\/\/www.organisator.ch\/#website"},"primaryImageOfPage":{"@id":"https:\/\/www.organisator.ch\/sustainability\/2019-07-17\/eintauchen-in-farbenpraechtige-suesswasser-welten\/#primaryimage"},"image":{"@id":"https:\/\/www.organisator.ch\/sustainability\/2019-07-17\/eintauchen-in-farbenpraechtige-suesswasser-welten\/#primaryimage"},"thumbnailUrl":"https:\/\/www.organisator.ch\/wp-content\/uploads\/2019\/07\/UP_Umwelt-Perspektiven-Karibik-Manati_U06-008-scaled.jpg","datePublished":"2019-07-17T05:00:33+00:00","dateModified":"2022-02-09T10:10:52+00:00","description":"Seulement des mondes d'eau douce ? Tortues, for\u00eats tropicales, grottes et masses de glace anguleuses. Tout cela appara\u00eet dans les mondes aquatiques de Michel Roggo.","breadcrumb":{"@id":"https:\/\/www.organisator.ch\/sustainability\/2019-07-17\/eintauchen-in-farbenpraechtige-suesswasser-welten\/#breadcrumb"},"inLanguage":"fr-FR","potentialAction":[{"@type":"ReadAction","target":["https:\/\/www.organisator.ch\/sustainability\/2019-07-17\/eintauchen-in-farbenpraechtige-suesswasser-welten\/"]}]},{"@type":"ImageObject","inLanguage":"fr-FR","@id":"https:\/\/www.organisator.ch\/sustainability\/2019-07-17\/eintauchen-in-farbenpraechtige-suesswasser-welten\/#primaryimage","url":"https:\/\/www.organisator.ch\/wp-content\/uploads\/2019\/07\/UP_Umwelt-Perspektiven-Karibik-Manati_U06-008-scaled.jpg","contentUrl":"https:\/\/www.organisator.ch\/wp-content\/uploads\/2019\/07\/UP_Umwelt-Perspektiven-Karibik-Manati_U06-008-scaled.jpg","width":2560,"height":1707,"caption":"Eine seltene Aufnahme, eine seltene Perspektive eines West Indischen Manatees (Trichechus manatus), der ins frische Wasser der Florida Springs taucht. (Copyright: Michel Roggo, March 2011, for The Freshwater Project Captive)"},{"@type":"BreadcrumbList","@id":"https:\/\/www.organisator.ch\/sustainability\/2019-07-17\/eintauchen-in-farbenpraechtige-suesswasser-welten\/#breadcrumb","itemListElement":[{"@type":"ListItem","position":1,"name":"Home","item":"https:\/\/www.organisator.ch\/"},{"@type":"ListItem","position":2,"name":"Eintauchen in farbenpr\u00e4chtige S\u00fcsswasser-Welten"}]},{"@type":"WebSite","@id":"https:\/\/www.organisator.ch\/#website","url":"https:\/\/www.organisator.ch\/","name":"Organisateur","description":"Comp\u00e9tence et comp\u00e9tence. Proches de la pratique. L'ORGANISATEUR pr\u00e9pare 10 num\u00e9ros par an sur les th\u00e8mes essentiels pour les dirigeants de PME.","publisher":{"@id":"https:\/\/www.organisator.ch\/#organization"},"potentialAction":[{"@type":"SearchAction","target":{"@type":"EntryPoint","urlTemplate":"https:\/\/www.organisator.ch\/?s={search_term_string}"},"query-input":{"@type":"PropertyValueSpecification","valueRequired":true,"valueName":"search_term_string"}}],"inLanguage":"fr-FR"},{"@type":"Organization","@id":"https:\/\/www.organisator.ch\/#organization","name":"Organisateur","url":"https:\/\/www.organisator.ch\/","logo":{"@type":"ImageObject","inLanguage":"fr-FR","@id":"https:\/\/www.organisator.ch\/#\/schema\/logo\/image\/","url":"https:\/\/www.organisator.ch\/wp-content\/uploads\/2022\/01\/Logo_Organisator_Website.png","contentUrl":"https:\/\/www.organisator.ch\/wp-content\/uploads\/2022\/01\/Logo_Organisator_Website.png","width":800,"height":77,"caption":"Organisator"},"image":{"@id":"https:\/\/www.organisator.ch\/#\/schema\/logo\/image\/"},"sameAs":["https:\/\/www.facebook.com\/OrganisatorFachmagazin","https:\/\/www.linkedin.com\/showcase\/organisator-das-magazin-fr-kmu","https:\/\/www.xing.com\/news\/pages\/organisator-ch-695","https:\/\/www.youtube.com\/channel\/UCGP2Sq0iWaZwT3BdIAQFYpw"]},{"@type":"Person","@id":"https:\/\/www.organisator.ch\/#\/schema\/person\/134708ca9321c57b0362cceb7948ffbd","name":"michael.merz","image":{"@type":"ImageObject","inLanguage":"fr-FR","@id":"https:\/\/secure.gravatar.com\/avatar\/?s=96&d=mm&r=g","url":"https:\/\/secure.gravatar.com\/avatar\/?s=96&d=mm&r=g","contentUrl":"https:\/\/secure.gravatar.com\/avatar\/?s=96&d=mm&r=g","caption":"michael.merz"},"url":"https:\/\/www.organisator.ch\/fr\/author\/michael-merz\/"}]}},"_links":{"self":[{"href":"https:\/\/www.organisator.ch\/fr\/wp-json\/wp\/v2\/posts\/2308","targetHints":{"allow":["GET"]}}],"collection":[{"href":"https:\/\/www.organisator.ch\/fr\/wp-json\/wp\/v2\/posts"}],"about":[{"href":"https:\/\/www.organisator.ch\/fr\/wp-json\/wp\/v2\/types\/post"}],"author":[{"embeddable":true,"href":"https:\/\/www.organisator.ch\/fr\/wp-json\/wp\/v2\/users\/5"}],"replies":[{"embeddable":true,"href":"https:\/\/www.organisator.ch\/fr\/wp-json\/wp\/v2\/comments?post=2308"}],"version-history":[{"count":1,"href":"https:\/\/www.organisator.ch\/fr\/wp-json\/wp\/v2\/posts\/2308\/revisions"}],"predecessor-version":[{"id":11016,"href":"https:\/\/www.organisator.ch\/fr\/wp-json\/wp\/v2\/posts\/2308\/revisions\/11016"}],"wp:featuredmedia":[{"embeddable":true,"href":"https:\/\/www.organisator.ch\/fr\/wp-json\/wp\/v2\/media\/2309"}],"wp:attachment":[{"href":"https:\/\/www.organisator.ch\/fr\/wp-json\/wp\/v2\/media?parent=2308"}],"wp:term":[{"taxonomy":"category","embeddable":true,"href":"https:\/\/www.organisator.ch\/fr\/wp-json\/wp\/v2\/categories?post=2308"},{"taxonomy":"post_tag","embeddable":true,"href":"https:\/\/www.organisator.ch\/fr\/wp-json\/wp\/v2\/tags?post=2308"}],"curies":[{"name":"wp","href":"https:\/\/api.w.org\/{rel}","templated":true}]}}