{"id":2311,"date":"2017-08-14T12:12:42","date_gmt":"2017-08-14T10:12:42","guid":{"rendered":"https:\/\/www.organisator.ch\/?p=2311"},"modified":"2017-08-14T12:12:42","modified_gmt":"2017-08-14T10:12:42","slug":"messer-der-industriegashersteller-aus-lenzburg-expandiert-weltweit","status":"publish","type":"post","link":"https:\/\/www.organisator.ch\/fr\/allgemein\/2017-08-14\/messer-der-industriegashersteller-aus-lenzburg-expandiert-weltweit\/","title":{"rendered":"Messer Schweiz AG s'\u00e9tend dans le monde entier"},"content":{"rendered":"<figure id=\"attachment_2312\" aria-describedby=\"caption-attachment-2312\" style=\"width: 581px\" class=\"wp-caption alignnone\"><img loading=\"lazy\" decoding=\"async\" class=\"size-full wp-image-2312\" src=\"https:\/\/www.organisator.ch\/wp-content\/uploads\/2017\/08\/Messer-der-Industriegashersteller-aus-Lenzburg-expandiert-weltweit-org-organisator.jpg\" alt=\"\" width=\"581\" height=\"330\" srcset=\"https:\/\/www.organisator.ch\/wp-content\/uploads\/2017\/08\/Messer-der-Industriegashersteller-aus-Lenzburg-expandiert-weltweit-org-organisator.jpg 581w, https:\/\/www.organisator.ch\/wp-content\/uploads\/2017\/08\/Messer-der-Industriegashersteller-aus-Lenzburg-expandiert-weltweit-org-organisator-16x9.jpg 16w, https:\/\/www.organisator.ch\/wp-content\/uploads\/2017\/08\/Messer-der-Industriegashersteller-aus-Lenzburg-expandiert-weltweit-org-organisator-308x175.jpg 308w, https:\/\/www.organisator.ch\/wp-content\/uploads\/2017\/08\/Messer-der-Industriegashersteller-aus-Lenzburg-expandiert-weltweit-org-organisator-300x170.jpg 300w\" sizes=\"auto, (max-width: 581px) 100vw, 581px\" \/><figcaption id=\"caption-attachment-2312\" class=\"wp-caption-text\">Messer Schweiz AG, fabricant de gaz industriels de Lenzbourg, se d\u00e9veloppe dans le monde entier (photo : zVg)<\/figcaption><\/figure>\n<p>Messer Schweiz AG est l'une des principales entreprises de gaz industriels en Suisse et fournit depuis plus de 100 ans des gaz industriels, m\u00e9dicaux, pharmaceutiques et alimentaires \u00e0 des entreprises en Suisse, des h\u00f4pitaux et des instituts de recherche.<\/p>\n<p>De nombreux processus industriels rejettent du CO2. Les installations de r\u00e9cup\u00e9ration captent le gaz avant qu'il ne s'\u00e9chappe, le purifient en plusieurs \u00e9tapes et le pr\u00e9parent ainsi pour une r\u00e9utilisation. Les clients de l'industrie alimentaire et des boissons, de la chimie et de l'agriculture, en pleine expansion, seront approvisionn\u00e9s \u00e0 partir de Nanjing.<\/p>\n<p><strong>Swiss Nutrition SA mise sur la r\u00e9duction des \u00e9missions de CO2 <\/strong><\/p>\n<p>C'est \u00e0 Sulgen\/TG, chez le fabricant d'aliments pour b\u00e9b\u00e9s Hochdorf Swiss Nutrition AG, que se trouve la premi\u00e8re et unique installation \u00e9conomique de recyclage du CO2 en Suisse. En r\u00e9cup\u00e9rant pr\u00e8s de 1 700 tonnes de CO2 par an, l'entreprise suisse contribue \u00e0 la r\u00e9duction des \u00e9missions de CO2 en Suisse. L'entreprise est ainsi pionni\u00e8re en Suisse et fait plus que contribuer activement \u00e0 la r\u00e9duction du CO2.<\/p>\n<p>\"En fournissant du CO2 de haute qualit\u00e9 alimentaire et en nous appuyant sur nos 120 ans d'exp\u00e9rience, nous voulons aider nos clients \u00e0 augmenter leur production, \u00e0 r\u00e9duire leurs co\u00fbts et \u00e0 am\u00e9liorer la qualit\u00e9 de leurs produits\", explique Stefan Messer, propri\u00e9taire et CEO du groupe Messer. L'entreprise emploie plus de 100 personnes et fait partie de Messer Group GmbH, la plus grande entreprise de gaz industriels au monde g\u00e9r\u00e9e par ses propri\u00e9taires, avec plus de 5 500 collaborateurs et un chiffre d'affaires de plus d'un milliard d'euros.<\/p>\n<p><strong>Le plus grand recycleur de CO2 au monde <\/strong><\/p>\n<p>De nombreux processus industriels rejettent du CO2. Dans les installations de r\u00e9cup\u00e9ration, le gaz est capt\u00e9 avant de s'\u00e9chapper, en Entre-temps, le groupe Messer a \u00e9galement mis en service \u00e0 Nanjing, en Chine, sa plus grande installation de r\u00e9cup\u00e9ration de CO2 au monde, devenant ainsi le principal fournisseur de CO2 recycl\u00e9 en Chine. Outre Nanjing, Messer a d\u00e9j\u00e0 mis en service une installation dans le Yunnan en 2014 et une autre dans le Sichuan en 2015.<\/p>\n<p>L'usine de Nanjing a une capacit\u00e9 de 150 000 tonnes par an. Le gaz peut \u00eatre utilis\u00e9 dans l'industrie alimentaire, par exemple comme gaz carbonique pour les boissons.<\/p>\n<p>En Chine, Messer r\u00e9cup\u00e8re d\u00e9sormais un total de 300'000 tonnes de CO2 par an issues de processus industriels. En Belgique, Messer recycle 13,5 tonnes par heure avec une installation, ce qui repr\u00e9sente 118'260 tonnes par an. En Suisse, une installation pilote permet aujourd'hui de produire 200 kg par heure, ce qui repr\u00e9sente 1'700 tonnes par an.<\/p>\n<p><a href=\"http:\/\/www.messer.ch\">www.messer.ch<\/a><\/p>\n<p>&nbsp;<\/p>","protected":false},"excerpt":{"rendered":"<p>Die Messer Schweiz AG ist eines der f\u00fchrenden Industriegase-Unternehmen der Schweiz und liefert seit \u00fcber 100 Jahren Industrie-, Medizinal-, Pharma- und Lebensmittelgase an Firmen in der Schweiz, Spit\u00e4ler und Forschungsinstitute. Viele industrielle Prozesse scheiden CO2 aus. In R\u00fcckgewinnungsanlagen wird das Gas aufgefangen bevor es entweicht, in mehreren Schritten gereinigt und so f\u00fcr die Wiederverwendung aufbereitet. [&hellip;]<\/p>\n","protected":false},"author":5,"featured_media":2312,"comment_status":"open","ping_status":"open","sticky":false,"template":"","format":"standard","meta":{"_acf_changed":false,"_yoast_wpseo_focuskw":"Messer Schweiz AG","_yoast_wpseo_metadesc":"In Sulgen\/TG hat die Messer Schweiz AG erste CO2 Anlage betrieben. In China hat inzwischen das Unternehmen die gr\u00f6sste CO2-Recycling Anlage installiert.","articlekey":"","footnotes":""},"categories":[1],"tags":[125,268,495],"class_list":["post-2311","post","type-post","status-publish","format-standard","has-post-thumbnail","hentry","category-allgemein","tag-co2-reduktion","tag-industriegase","tag-unternehmensexpansion"],"acf":[],"yoast_head":"<!-- This site is optimized with the Yoast SEO plugin v27.5 - https:\/\/yoast.com\/product\/yoast-seo-wordpress\/ -->\n<title>Die Messer Schweiz AG expandiert weltweit - Organisator<\/title>\n<meta name=\"description\" content=\"In Sulgen\/TG hat die Messer Schweiz AG erste CO2 Anlage betrieben. In China hat inzwischen das Unternehmen die gr\u00f6sste CO2-Recycling Anlage installiert.\" \/>\n<meta name=\"robots\" content=\"index, follow, max-snippet:-1, max-image-preview:large, max-video-preview:-1\" \/>\n<link rel=\"canonical\" href=\"https:\/\/www.organisator.ch\/fr\/general\/2017-08-14\/messer-der-industriegashersteller-aus-lenzburg-expandiert-weltweit\/\" \/>\n<meta property=\"og:locale\" content=\"fr_FR\" \/>\n<meta property=\"og:type\" content=\"article\" \/>\n<meta property=\"og:title\" content=\"Die Messer Schweiz AG expandiert weltweit - Organisator\" \/>\n<meta property=\"og:description\" content=\"In Sulgen\/TG hat die Messer Schweiz AG erste CO2 Anlage betrieben. In China hat inzwischen das Unternehmen die gr\u00f6sste CO2-Recycling Anlage installiert.\" \/>\n<meta property=\"og:url\" content=\"https:\/\/www.organisator.ch\/fr\/general\/2017-08-14\/messer-der-industriegashersteller-aus-lenzburg-expandiert-weltweit\/\" \/>\n<meta property=\"og:site_name\" content=\"Organisator\" \/>\n<meta property=\"article:publisher\" content=\"https:\/\/www.facebook.com\/OrganisatorFachmagazin\" \/>\n<meta property=\"article:published_time\" content=\"2017-08-14T10:12:42+00:00\" \/>\n<meta property=\"og:image\" content=\"https:\/\/www.organisator.ch\/wp-content\/uploads\/2017\/08\/Messer-der-Industriegashersteller-aus-Lenzburg-expandiert-weltweit-org-organisator.jpg\" \/>\n\t<meta property=\"og:image:width\" content=\"581\" \/>\n\t<meta property=\"og:image:height\" content=\"330\" \/>\n\t<meta property=\"og:image:type\" content=\"image\/jpeg\" \/>\n<meta name=\"author\" content=\"michael.merz\" \/>\n<meta name=\"twitter:card\" content=\"summary_large_image\" \/>\n<script type=\"application\/ld+json\" class=\"yoast-schema-graph\">{\"@context\":\"https:\\\/\\\/schema.org\",\"@graph\":[{\"@type\":\"Article\",\"@id\":\"https:\\\/\\\/www.organisator.ch\\\/en\\\/general\\\/2017-08-14\\\/messer-der-industriegashersteller-aus-lenzburg-expandiert-weltweit\\\/#article\",\"isPartOf\":{\"@id\":\"https:\\\/\\\/www.organisator.ch\\\/en\\\/general\\\/2017-08-14\\\/messer-der-industriegashersteller-aus-lenzburg-expandiert-weltweit\\\/\"},\"author\":{\"name\":\"michael.merz\",\"@id\":\"https:\\\/\\\/www.organisator.ch\\\/#\\\/schema\\\/person\\\/134708ca9321c57b0362cceb7948ffbd\"},\"headline\":\"Die Messer Schweiz AG expandiert weltweit\",\"datePublished\":\"2017-08-14T10:12:42+00:00\",\"mainEntityOfPage\":{\"@id\":\"https:\\\/\\\/www.organisator.ch\\\/en\\\/general\\\/2017-08-14\\\/messer-der-industriegashersteller-aus-lenzburg-expandiert-weltweit\\\/\"},\"wordCount\":384,\"commentCount\":0,\"publisher\":{\"@id\":\"https:\\\/\\\/www.organisator.ch\\\/#organization\"},\"image\":{\"@id\":\"https:\\\/\\\/www.organisator.ch\\\/en\\\/general\\\/2017-08-14\\\/messer-der-industriegashersteller-aus-lenzburg-expandiert-weltweit\\\/#primaryimage\"},\"thumbnailUrl\":\"https:\\\/\\\/www.organisator.ch\\\/wp-content\\\/uploads\\\/2017\\\/08\\\/Messer-der-Industriegashersteller-aus-Lenzburg-expandiert-weltweit-org-organisator.jpg\",\"keywords\":[\"CO2 Reduktion\",\"Industriegase\",\"Unternehmensexpansion\"],\"articleSection\":[\"Allgemein\"],\"inLanguage\":\"fr-FR\"},{\"@type\":\"WebPage\",\"@id\":\"https:\\\/\\\/www.organisator.ch\\\/en\\\/general\\\/2017-08-14\\\/messer-der-industriegashersteller-aus-lenzburg-expandiert-weltweit\\\/\",\"url\":\"https:\\\/\\\/www.organisator.ch\\\/en\\\/general\\\/2017-08-14\\\/messer-der-industriegashersteller-aus-lenzburg-expandiert-weltweit\\\/\",\"name\":\"Die Messer Schweiz AG expandiert weltweit - Organisator\",\"isPartOf\":{\"@id\":\"https:\\\/\\\/www.organisator.ch\\\/#website\"},\"primaryImageOfPage\":{\"@id\":\"https:\\\/\\\/www.organisator.ch\\\/en\\\/general\\\/2017-08-14\\\/messer-der-industriegashersteller-aus-lenzburg-expandiert-weltweit\\\/#primaryimage\"},\"image\":{\"@id\":\"https:\\\/\\\/www.organisator.ch\\\/en\\\/general\\\/2017-08-14\\\/messer-der-industriegashersteller-aus-lenzburg-expandiert-weltweit\\\/#primaryimage\"},\"thumbnailUrl\":\"https:\\\/\\\/www.organisator.ch\\\/wp-content\\\/uploads\\\/2017\\\/08\\\/Messer-der-Industriegashersteller-aus-Lenzburg-expandiert-weltweit-org-organisator.jpg\",\"datePublished\":\"2017-08-14T10:12:42+00:00\",\"description\":\"In Sulgen\\\/TG hat die Messer Schweiz AG erste CO2 Anlage betrieben. In China hat inzwischen das Unternehmen die gr\u00f6sste CO2-Recycling Anlage installiert.\",\"breadcrumb\":{\"@id\":\"https:\\\/\\\/www.organisator.ch\\\/en\\\/general\\\/2017-08-14\\\/messer-der-industriegashersteller-aus-lenzburg-expandiert-weltweit\\\/#breadcrumb\"},\"inLanguage\":\"fr-FR\",\"potentialAction\":[{\"@type\":\"ReadAction\",\"target\":[\"https:\\\/\\\/www.organisator.ch\\\/en\\\/general\\\/2017-08-14\\\/messer-der-industriegashersteller-aus-lenzburg-expandiert-weltweit\\\/\"]}]},{\"@type\":\"ImageObject\",\"inLanguage\":\"fr-FR\",\"@id\":\"https:\\\/\\\/www.organisator.ch\\\/en\\\/general\\\/2017-08-14\\\/messer-der-industriegashersteller-aus-lenzburg-expandiert-weltweit\\\/#primaryimage\",\"url\":\"https:\\\/\\\/www.organisator.ch\\\/wp-content\\\/uploads\\\/2017\\\/08\\\/Messer-der-Industriegashersteller-aus-Lenzburg-expandiert-weltweit-org-organisator.jpg\",\"contentUrl\":\"https:\\\/\\\/www.organisator.ch\\\/wp-content\\\/uploads\\\/2017\\\/08\\\/Messer-der-Industriegashersteller-aus-Lenzburg-expandiert-weltweit-org-organisator.jpg\",\"width\":581,\"height\":330,\"caption\":\"Messer, der Industriegashersteller aus Lenzburg, expandiert weltweit (Bild: zVg)\"},{\"@type\":\"BreadcrumbList\",\"@id\":\"https:\\\/\\\/www.organisator.ch\\\/en\\\/general\\\/2017-08-14\\\/messer-der-industriegashersteller-aus-lenzburg-expandiert-weltweit\\\/#breadcrumb\",\"itemListElement\":[{\"@type\":\"ListItem\",\"position\":1,\"name\":\"Home\",\"item\":\"https:\\\/\\\/www.organisator.ch\\\/\"},{\"@type\":\"ListItem\",\"position\":2,\"name\":\"Die Messer Schweiz AG expandiert weltweit\"}]},{\"@type\":\"WebSite\",\"@id\":\"https:\\\/\\\/www.organisator.ch\\\/#website\",\"url\":\"https:\\\/\\\/www.organisator.ch\\\/\",\"name\":\"Organisator\",\"description\":\"Kompetent. Praxisnah. Der ORGANISATOR bereitet in 10 Ausgaben pro Jahr die wesentlichen Themen f\u00fcr F\u00fchrungskr\u00e4fte von KMU auf.\",\"publisher\":{\"@id\":\"https:\\\/\\\/www.organisator.ch\\\/#organization\"},\"potentialAction\":[{\"@type\":\"SearchAction\",\"target\":{\"@type\":\"EntryPoint\",\"urlTemplate\":\"https:\\\/\\\/www.organisator.ch\\\/?s={search_term_string}\"},\"query-input\":{\"@type\":\"PropertyValueSpecification\",\"valueRequired\":true,\"valueName\":\"search_term_string\"}}],\"inLanguage\":\"fr-FR\"},{\"@type\":\"Organization\",\"@id\":\"https:\\\/\\\/www.organisator.ch\\\/#organization\",\"name\":\"Organisator\",\"url\":\"https:\\\/\\\/www.organisator.ch\\\/\",\"logo\":{\"@type\":\"ImageObject\",\"inLanguage\":\"fr-FR\",\"@id\":\"https:\\\/\\\/www.organisator.ch\\\/#\\\/schema\\\/logo\\\/image\\\/\",\"url\":\"https:\\\/\\\/www.organisator.ch\\\/wp-content\\\/uploads\\\/2022\\\/01\\\/Logo_Organisator_Website.png\",\"contentUrl\":\"https:\\\/\\\/www.organisator.ch\\\/wp-content\\\/uploads\\\/2022\\\/01\\\/Logo_Organisator_Website.png\",\"width\":800,\"height\":77,\"caption\":\"Organisator\"},\"image\":{\"@id\":\"https:\\\/\\\/www.organisator.ch\\\/#\\\/schema\\\/logo\\\/image\\\/\"},\"sameAs\":[\"https:\\\/\\\/www.facebook.com\\\/OrganisatorFachmagazin\",\"https:\\\/\\\/www.linkedin.com\\\/showcase\\\/organisator-das-magazin-fr-kmu\",\"https:\\\/\\\/www.xing.com\\\/news\\\/pages\\\/organisator-ch-695\",\"https:\\\/\\\/www.youtube.com\\\/channel\\\/UCGP2Sq0iWaZwT3BdIAQFYpw\"]},{\"@type\":\"Person\",\"@id\":\"https:\\\/\\\/www.organisator.ch\\\/#\\\/schema\\\/person\\\/134708ca9321c57b0362cceb7948ffbd\",\"name\":\"michael.merz\",\"image\":{\"@type\":\"ImageObject\",\"inLanguage\":\"fr-FR\",\"@id\":\"https:\\\/\\\/secure.gravatar.com\\\/avatar\\\/?s=96&d=mm&r=g\",\"url\":\"https:\\\/\\\/secure.gravatar.com\\\/avatar\\\/?s=96&d=mm&r=g\",\"contentUrl\":\"https:\\\/\\\/secure.gravatar.com\\\/avatar\\\/?s=96&d=mm&r=g\",\"caption\":\"michael.merz\"},\"url\":\"https:\\\/\\\/www.organisator.ch\\\/fr\\\/author\\\/michael-merz\\\/\"}]}<\/script>\n<!-- \/ Yoast SEO plugin. -->","yoast_head_json":{"title":"Messer Schweiz AG se d\u00e9veloppe dans le monde entier - Organisateur","description":"Messer Schweiz AG a exploit\u00e9 sa premi\u00e8re installation de CO2 \u00e0 Sulgen\/TG. Entre-temps, l'entreprise a install\u00e9 en Chine la plus grande installation de recyclage de CO2.","robots":{"index":"index","follow":"follow","max-snippet":"max-snippet:-1","max-image-preview":"max-image-preview:large","max-video-preview":"max-video-preview:-1"},"canonical":"https:\/\/www.organisator.ch\/fr\/general\/2017-08-14\/messer-der-industriegashersteller-aus-lenzburg-expandiert-weltweit\/","og_locale":"fr_FR","og_type":"article","og_title":"Die Messer Schweiz AG expandiert weltweit - Organisator","og_description":"In Sulgen\/TG hat die Messer Schweiz AG erste CO2 Anlage betrieben. In China hat inzwischen das Unternehmen die gr\u00f6sste CO2-Recycling Anlage installiert.","og_url":"https:\/\/www.organisator.ch\/fr\/general\/2017-08-14\/messer-der-industriegashersteller-aus-lenzburg-expandiert-weltweit\/","og_site_name":"Organisator","article_publisher":"https:\/\/www.facebook.com\/OrganisatorFachmagazin","article_published_time":"2017-08-14T10:12:42+00:00","og_image":[{"width":581,"height":330,"url":"https:\/\/www.organisator.ch\/wp-content\/uploads\/2017\/08\/Messer-der-Industriegashersteller-aus-Lenzburg-expandiert-weltweit-org-organisator.jpg","type":"image\/jpeg"}],"author":"michael.merz","twitter_card":"summary_large_image","schema":{"@context":"https:\/\/schema.org","@graph":[{"@type":"Article","@id":"https:\/\/www.organisator.ch\/en\/general\/2017-08-14\/messer-der-industriegashersteller-aus-lenzburg-expandiert-weltweit\/#article","isPartOf":{"@id":"https:\/\/www.organisator.ch\/en\/general\/2017-08-14\/messer-der-industriegashersteller-aus-lenzburg-expandiert-weltweit\/"},"author":{"name":"michael.merz","@id":"https:\/\/www.organisator.ch\/#\/schema\/person\/134708ca9321c57b0362cceb7948ffbd"},"headline":"Die Messer Schweiz AG expandiert weltweit","datePublished":"2017-08-14T10:12:42+00:00","mainEntityOfPage":{"@id":"https:\/\/www.organisator.ch\/en\/general\/2017-08-14\/messer-der-industriegashersteller-aus-lenzburg-expandiert-weltweit\/"},"wordCount":384,"commentCount":0,"publisher":{"@id":"https:\/\/www.organisator.ch\/#organization"},"image":{"@id":"https:\/\/www.organisator.ch\/en\/general\/2017-08-14\/messer-der-industriegashersteller-aus-lenzburg-expandiert-weltweit\/#primaryimage"},"thumbnailUrl":"https:\/\/www.organisator.ch\/wp-content\/uploads\/2017\/08\/Messer-der-Industriegashersteller-aus-Lenzburg-expandiert-weltweit-org-organisator.jpg","keywords":["CO2 Reduktion","Industriegase","Unternehmensexpansion"],"articleSection":["Allgemein"],"inLanguage":"fr-FR"},{"@type":"WebPage","@id":"https:\/\/www.organisator.ch\/en\/general\/2017-08-14\/messer-der-industriegashersteller-aus-lenzburg-expandiert-weltweit\/","url":"https:\/\/www.organisator.ch\/en\/general\/2017-08-14\/messer-der-industriegashersteller-aus-lenzburg-expandiert-weltweit\/","name":"Messer Schweiz AG se d\u00e9veloppe dans le monde entier - Organisateur","isPartOf":{"@id":"https:\/\/www.organisator.ch\/#website"},"primaryImageOfPage":{"@id":"https:\/\/www.organisator.ch\/en\/general\/2017-08-14\/messer-der-industriegashersteller-aus-lenzburg-expandiert-weltweit\/#primaryimage"},"image":{"@id":"https:\/\/www.organisator.ch\/en\/general\/2017-08-14\/messer-der-industriegashersteller-aus-lenzburg-expandiert-weltweit\/#primaryimage"},"thumbnailUrl":"https:\/\/www.organisator.ch\/wp-content\/uploads\/2017\/08\/Messer-der-Industriegashersteller-aus-Lenzburg-expandiert-weltweit-org-organisator.jpg","datePublished":"2017-08-14T10:12:42+00:00","description":"Messer Schweiz AG a exploit\u00e9 sa premi\u00e8re installation de CO2 \u00e0 Sulgen\/TG. Entre-temps, l'entreprise a install\u00e9 en Chine la plus grande installation de recyclage de CO2.","breadcrumb":{"@id":"https:\/\/www.organisator.ch\/en\/general\/2017-08-14\/messer-der-industriegashersteller-aus-lenzburg-expandiert-weltweit\/#breadcrumb"},"inLanguage":"fr-FR","potentialAction":[{"@type":"ReadAction","target":["https:\/\/www.organisator.ch\/en\/general\/2017-08-14\/messer-der-industriegashersteller-aus-lenzburg-expandiert-weltweit\/"]}]},{"@type":"ImageObject","inLanguage":"fr-FR","@id":"https:\/\/www.organisator.ch\/en\/general\/2017-08-14\/messer-der-industriegashersteller-aus-lenzburg-expandiert-weltweit\/#primaryimage","url":"https:\/\/www.organisator.ch\/wp-content\/uploads\/2017\/08\/Messer-der-Industriegashersteller-aus-Lenzburg-expandiert-weltweit-org-organisator.jpg","contentUrl":"https:\/\/www.organisator.ch\/wp-content\/uploads\/2017\/08\/Messer-der-Industriegashersteller-aus-Lenzburg-expandiert-weltweit-org-organisator.jpg","width":581,"height":330,"caption":"Messer, der Industriegashersteller aus Lenzburg, expandiert weltweit (Bild: zVg)"},{"@type":"BreadcrumbList","@id":"https:\/\/www.organisator.ch\/en\/general\/2017-08-14\/messer-der-industriegashersteller-aus-lenzburg-expandiert-weltweit\/#breadcrumb","itemListElement":[{"@type":"ListItem","position":1,"name":"Home","item":"https:\/\/www.organisator.ch\/"},{"@type":"ListItem","position":2,"name":"Die Messer Schweiz AG expandiert weltweit"}]},{"@type":"WebSite","@id":"https:\/\/www.organisator.ch\/#website","url":"https:\/\/www.organisator.ch\/","name":"Organisateur","description":"Comp\u00e9tence et comp\u00e9tence. Proches de la pratique. L'ORGANISATEUR pr\u00e9pare 10 num\u00e9ros par an sur les th\u00e8mes essentiels pour les dirigeants de PME.","publisher":{"@id":"https:\/\/www.organisator.ch\/#organization"},"potentialAction":[{"@type":"SearchAction","target":{"@type":"EntryPoint","urlTemplate":"https:\/\/www.organisator.ch\/?s={search_term_string}"},"query-input":{"@type":"PropertyValueSpecification","valueRequired":true,"valueName":"search_term_string"}}],"inLanguage":"fr-FR"},{"@type":"Organization","@id":"https:\/\/www.organisator.ch\/#organization","name":"Organisateur","url":"https:\/\/www.organisator.ch\/","logo":{"@type":"ImageObject","inLanguage":"fr-FR","@id":"https:\/\/www.organisator.ch\/#\/schema\/logo\/image\/","url":"https:\/\/www.organisator.ch\/wp-content\/uploads\/2022\/01\/Logo_Organisator_Website.png","contentUrl":"https:\/\/www.organisator.ch\/wp-content\/uploads\/2022\/01\/Logo_Organisator_Website.png","width":800,"height":77,"caption":"Organisator"},"image":{"@id":"https:\/\/www.organisator.ch\/#\/schema\/logo\/image\/"},"sameAs":["https:\/\/www.facebook.com\/OrganisatorFachmagazin","https:\/\/www.linkedin.com\/showcase\/organisator-das-magazin-fr-kmu","https:\/\/www.xing.com\/news\/pages\/organisator-ch-695","https:\/\/www.youtube.com\/channel\/UCGP2Sq0iWaZwT3BdIAQFYpw"]},{"@type":"Person","@id":"https:\/\/www.organisator.ch\/#\/schema\/person\/134708ca9321c57b0362cceb7948ffbd","name":"michael.merz","image":{"@type":"ImageObject","inLanguage":"fr-FR","@id":"https:\/\/secure.gravatar.com\/avatar\/?s=96&d=mm&r=g","url":"https:\/\/secure.gravatar.com\/avatar\/?s=96&d=mm&r=g","contentUrl":"https:\/\/secure.gravatar.com\/avatar\/?s=96&d=mm&r=g","caption":"michael.merz"},"url":"https:\/\/www.organisator.ch\/fr\/author\/michael-merz\/"}]}},"_links":{"self":[{"href":"https:\/\/www.organisator.ch\/fr\/wp-json\/wp\/v2\/posts\/2311","targetHints":{"allow":["GET"]}}],"collection":[{"href":"https:\/\/www.organisator.ch\/fr\/wp-json\/wp\/v2\/posts"}],"about":[{"href":"https:\/\/www.organisator.ch\/fr\/wp-json\/wp\/v2\/types\/post"}],"author":[{"embeddable":true,"href":"https:\/\/www.organisator.ch\/fr\/wp-json\/wp\/v2\/users\/5"}],"replies":[{"embeddable":true,"href":"https:\/\/www.organisator.ch\/fr\/wp-json\/wp\/v2\/comments?post=2311"}],"version-history":[{"count":0,"href":"https:\/\/www.organisator.ch\/fr\/wp-json\/wp\/v2\/posts\/2311\/revisions"}],"wp:featuredmedia":[{"embeddable":true,"href":"https:\/\/www.organisator.ch\/fr\/wp-json\/wp\/v2\/media\/2312"}],"wp:attachment":[{"href":"https:\/\/www.organisator.ch\/fr\/wp-json\/wp\/v2\/media?parent=2311"}],"wp:term":[{"taxonomy":"category","embeddable":true,"href":"https:\/\/www.organisator.ch\/fr\/wp-json\/wp\/v2\/categories?post=2311"},{"taxonomy":"post_tag","embeddable":true,"href":"https:\/\/www.organisator.ch\/fr\/wp-json\/wp\/v2\/tags?post=2311"}],"curies":[{"name":"wp","href":"https:\/\/api.w.org\/{rel}","templated":true}]}}