{"id":23158,"date":"2023-11-14T10:05:01","date_gmt":"2023-11-14T09:05:01","guid":{"rendered":"https:\/\/www.organisator.ch\/?p=23158"},"modified":"2023-11-14T10:05:01","modified_gmt":"2023-11-14T09:05:01","slug":"kooperation-zwischen-eth-zuerich-und-klimastiftung-schweiz","status":"publish","type":"post","link":"https:\/\/www.organisator.ch\/fr\/sustainability\/2023-11-14\/kooperation-zwischen-eth-zuerich-und-klimastiftung-schweiz\/","title":{"rendered":"Coop\u00e9ration entre l'ETH Zurich et la Fondation Suisse pour le Climat"},"content":{"rendered":"<figure id=\"attachment_23161\" aria-describedby=\"caption-attachment-23161\" style=\"width: 680px\" class=\"wp-caption alignnone\"><img loading=\"lazy\" decoding=\"async\" class=\"size-full wp-image-23161\" src=\"https:\/\/www.organisator.ch\/wp-content\/uploads\/2023\/11\/Klimastiftung_ETH_Bild2_ps.jpg\" alt=\"\" width=\"680\" height=\"452\" srcset=\"https:\/\/www.organisator.ch\/wp-content\/uploads\/2023\/11\/Klimastiftung_ETH_Bild2_ps.jpg 680w, https:\/\/www.organisator.ch\/wp-content\/uploads\/2023\/11\/Klimastiftung_ETH_Bild2_ps-18x12.jpg 18w, https:\/\/www.organisator.ch\/wp-content\/uploads\/2023\/11\/Klimastiftung_ETH_Bild2_ps-375x249.jpg 375w, https:\/\/www.organisator.ch\/wp-content\/uploads\/2023\/11\/Klimastiftung_ETH_Bild2_ps-527x350.jpg 527w\" sizes=\"auto, (max-width: 680px) 100vw, 680px\" \/><figcaption id=\"caption-attachment-23161\" class=\"wp-caption-text\">La \"BUK ETHZ\" et la Fondation Suisse pour le Climat coop\u00e8rent dans le domaine de la promotion de mat\u00e9riaux et de m\u00e9thodes de construction respectueux du climat. (Image : www.depositphotos.com)<\/figcaption><\/figure>\n<p>Dans le cadre de cette coop\u00e9ration, le corps enseignant soutient la Fondation Suisse pour le Climat dans l'\u00e9valuation technique et scientifique des demandes de financement de projets dans le domaine des mat\u00e9riaux et m\u00e9thodes de construction. De plus, les projets financ\u00e9s sont rendus plus visibles pour le march\u00e9. C'est important, car les projets pilotes pour de nouveaux mat\u00e9riaux de construction sont tr\u00e8s co\u00fbteux. Le partage du savoir-faire est une contribution essentielle \u00e0 la diffusion des solutions. Ce faisant, il permettra d'accro\u00eetre la notori\u00e9t\u00e9 des possibilit\u00e9s de soutien de la Fondation Suisse pour le Climat pour ce type de projets. \"Nous atteignons ainsi une situation classique gagnant-gagnant\", se r\u00e9jouit Vincent Eckert, directeur de la Fondation Suisse pour le Climat.\u00a0<\/p>\n<p>\"Les premi\u00e8res applications dans le domaine de la construction sont toujours une phase difficile et risqu\u00e9e pour les nouveaux produits et m\u00e9thodes dans le domaine de la construction\", disent Daniel Studer et Daniel Mettler de la BUK ETHZ. \"Avec cette coop\u00e9ration, nous pouvons apporter une contribution importante \u00e0 la transformation du secteur de la construction. C'est ce que montrent des spin-offs comme FenX ou Oxara, issues de l'environnement de l'EPFZ et soutenues par la Fondation Suisse pour le Climat\". FenX transforme les d\u00e9chets min\u00e9raux en mat\u00e9riaux isolants performants et durables pour l'industrie du b\u00e2timent, tandis qu'Oxara d\u00e9veloppe des adjuvants sans ciment et une technologie de liant qui permet l'upcycling des d\u00e9chets de construction et des mat\u00e9riaux d'excavation dans une multitude d'applications de b\u00e9ton et de blocs.<\/p>\n<p>De nouveaux mat\u00e9riaux et m\u00e9thodes de construction respectueux du climat sont n\u00e9cessaires \u00e0 l'adaptation climatique du secteur immobilier afin d'atteindre les objectifs de Net Zero. Pour cela, les d\u00e9monstrateurs sont fondamentaux afin de rendre ces solutions innovantes commercialisables et de les faire conna\u00eetre. Dans le secteur de la construction, piloter signifie tester sur un b\u00e2timent r\u00e9el. Utiliser quelque chose pour la premi\u00e8re fois est li\u00e9 \u00e0 un risque r\u00e9siduel et \u00e0 des d\u00e9penses accrues, car les entrepreneurs ne sont pas encore habitu\u00e9s \u00e0 la fabrication et \u00e0 la mise en \u0153uvre de nouveaux mat\u00e9riaux. De plus, les ma\u00eetres d'ouvrage sont \u00e0 juste titre sceptiques face aux innovations. La coop\u00e9ration entre BUK ETHZ et la Fondation Suisse pour le Climat peut toutefois att\u00e9nuer ce probl\u00e8me : BUK ETHZ peut \u00e9valuer la praticabilit\u00e9 des innovations en compl\u00e9ment de la Fondation Suisse pour le Climat et contribuer ainsi \u00e0 r\u00e9duire le risque r\u00e9siduel. La fondation peut en outre compenser les points faibles financiers des m\u00e9thodes et mat\u00e9riaux innovants.<\/p>\n<p>La coop\u00e9ration concerne l'\u00e9valuation des demandes de financement, ainsi que la promotion des possibilit\u00e9s de financement et des innovations financ\u00e9es, afin de soutenir l'\u00e9tablissement du march\u00e9.\u00a0<\/p>\n<p><em>Source : <a href=\"https:\/\/www.klimastiftung.ch\/de\/\">www.klimastiftung.ch\u00a0<\/a><\/em><\/p>","protected":false},"excerpt":{"rendered":"<p>40% du probl\u00e8me climatique est caus\u00e9 par les b\u00e2timents. Pour y rem\u00e9dier, deux acteurs comp\u00e9tents de la recherche et de l'\u00e9conomie s'associent. La Dozentur Bautechnologie und Konstruktion de l'EPFZ (\"BUK ETHZ\") et la Fondation Suisse pour le Climat coop\u00e8rent dans le domaine de la promotion de mat\u00e9riaux et de m\u00e9thodes de construction respectueux du climat. <\/p>","protected":false},"author":58,"featured_media":23161,"comment_status":"closed","ping_status":"closed","sticky":false,"template":"","format":"standard","meta":{"_acf_changed":false,"_yoast_wpseo_focuskw":"Klimastiftung","_yoast_wpseo_metadesc":"Die \"BUK ETHZ\" und die Klimastiftung Schweiz kooperieren im Bereich F\u00f6rderung klimafreundlicher Baustoffe und Methoden.","articlekey":"","footnotes":""},"categories":[580],"tags":[1526,313,1787,492],"class_list":["post-23158","post","type-post","status-publish","format-standard","has-post-thumbnail","hentry","category-sustainability","tag-klimastiftung-schweiz","tag-kooperation","tag-nachhaltigkeit","tag-unternehmen"],"acf":[],"yoast_head":"<!-- This site is optimized with the Yoast SEO plugin v27.5 - https:\/\/yoast.com\/product\/yoast-seo-wordpress\/ -->\n<title>Kooperation zwischen ETH Z\u00fcrich und Klimastiftung Schweiz - Organisator<\/title>\n<meta name=\"description\" content=\"Die &quot;BUK ETHZ&quot; und die Klimastiftung Schweiz kooperieren im Bereich F\u00f6rderung klimafreundlicher Baustoffe und Methoden.\" \/>\n<meta name=\"robots\" content=\"index, follow, max-snippet:-1, max-image-preview:large, max-video-preview:-1\" \/>\n<link rel=\"canonical\" href=\"https:\/\/www.organisator.ch\/fr\/sustainability\/2023-11-14\/kooperation-zwischen-eth-zuerich-und-klimastiftung-schweiz\/\" \/>\n<meta property=\"og:locale\" content=\"fr_FR\" \/>\n<meta property=\"og:type\" content=\"article\" \/>\n<meta property=\"og:title\" content=\"Kooperation zwischen ETH Z\u00fcrich und Klimastiftung Schweiz\" \/>\n<meta property=\"og:description\" content=\"Die &quot;BUK ETHZ&quot; und die Klimastiftung Schweiz kooperieren im Bereich F\u00f6rderung klimafreundlicher Baustoffe und Methoden.\" \/>\n<meta property=\"og:url\" content=\"https:\/\/www.organisator.ch\/fr\/sustainability\/2023-11-14\/kooperation-zwischen-eth-zuerich-und-klimastiftung-schweiz\/\" \/>\n<meta property=\"og:site_name\" content=\"Organisator\" \/>\n<meta property=\"article:publisher\" content=\"https:\/\/www.facebook.com\/OrganisatorFachmagazin\" \/>\n<meta property=\"article:published_time\" content=\"2023-11-14T09:05:01+00:00\" \/>\n<meta property=\"og:image\" content=\"https:\/\/www.organisator.ch\/wp-content\/uploads\/2023\/11\/Klimastiftung_ETH_Bild2_ps.jpg\" \/>\n\t<meta property=\"og:image:width\" content=\"680\" \/>\n\t<meta property=\"og:image:height\" content=\"452\" \/>\n\t<meta property=\"og:image:type\" content=\"image\/jpeg\" \/>\n<meta name=\"author\" content=\"Adelisa Kalajdzini\" \/>\n<meta name=\"twitter:card\" content=\"summary_large_image\" \/>\n<meta name=\"twitter:title\" content=\"Kooperation zwischen ETH Z\u00fcrich und Klimastiftung Schweiz\" \/>\n<meta name=\"twitter:description\" content=\"Die #&quot;BUK ETHZ&quot; und die #Klimastiftung #Schweiz kooperieren im Bereich F\u00f6rderung #klimafreundlicher #Baustoffe und #Methoden.\" \/>\n<meta name=\"twitter:image\" content=\"https:\/\/www.organisator.ch\/wp-content\/uploads\/2023\/11\/Klimastiftung_ETH_Bild2_ps.jpg\" \/>\n<script type=\"application\/ld+json\" class=\"yoast-schema-graph\">{\"@context\":\"https:\\\/\\\/schema.org\",\"@graph\":[{\"@type\":\"Article\",\"@id\":\"https:\\\/\\\/www.organisator.ch\\\/sustainability\\\/2023-11-14\\\/kooperation-zwischen-eth-zuerich-und-klimastiftung-schweiz\\\/#article\",\"isPartOf\":{\"@id\":\"https:\\\/\\\/www.organisator.ch\\\/sustainability\\\/2023-11-14\\\/kooperation-zwischen-eth-zuerich-und-klimastiftung-schweiz\\\/\"},\"author\":{\"name\":\"Adelisa Kalajdzini\",\"@id\":\"https:\\\/\\\/www.organisator.ch\\\/#\\\/schema\\\/person\\\/2e1314a2172123f874db408d8911d3f3\"},\"headline\":\"Kooperation zwischen ETH Z\u00fcrich und Klimastiftung Schweiz\",\"datePublished\":\"2023-11-14T09:05:01+00:00\",\"mainEntityOfPage\":{\"@id\":\"https:\\\/\\\/www.organisator.ch\\\/sustainability\\\/2023-11-14\\\/kooperation-zwischen-eth-zuerich-und-klimastiftung-schweiz\\\/\"},\"wordCount\":398,\"publisher\":{\"@id\":\"https:\\\/\\\/www.organisator.ch\\\/#organization\"},\"image\":{\"@id\":\"https:\\\/\\\/www.organisator.ch\\\/sustainability\\\/2023-11-14\\\/kooperation-zwischen-eth-zuerich-und-klimastiftung-schweiz\\\/#primaryimage\"},\"thumbnailUrl\":\"https:\\\/\\\/www.organisator.ch\\\/wp-content\\\/uploads\\\/2023\\\/11\\\/Klimastiftung_ETH_Bild2_ps.jpg\",\"keywords\":[\"Klimastiftung Schweiz\",\"Kooperation\",\"Nachhaltigkeit\",\"Unternehmen\"],\"articleSection\":[\"SUSTAINABILITY\"],\"inLanguage\":\"fr-FR\"},{\"@type\":\"WebPage\",\"@id\":\"https:\\\/\\\/www.organisator.ch\\\/sustainability\\\/2023-11-14\\\/kooperation-zwischen-eth-zuerich-und-klimastiftung-schweiz\\\/\",\"url\":\"https:\\\/\\\/www.organisator.ch\\\/sustainability\\\/2023-11-14\\\/kooperation-zwischen-eth-zuerich-und-klimastiftung-schweiz\\\/\",\"name\":\"Kooperation zwischen ETH Z\u00fcrich und Klimastiftung Schweiz - Organisator\",\"isPartOf\":{\"@id\":\"https:\\\/\\\/www.organisator.ch\\\/#website\"},\"primaryImageOfPage\":{\"@id\":\"https:\\\/\\\/www.organisator.ch\\\/sustainability\\\/2023-11-14\\\/kooperation-zwischen-eth-zuerich-und-klimastiftung-schweiz\\\/#primaryimage\"},\"image\":{\"@id\":\"https:\\\/\\\/www.organisator.ch\\\/sustainability\\\/2023-11-14\\\/kooperation-zwischen-eth-zuerich-und-klimastiftung-schweiz\\\/#primaryimage\"},\"thumbnailUrl\":\"https:\\\/\\\/www.organisator.ch\\\/wp-content\\\/uploads\\\/2023\\\/11\\\/Klimastiftung_ETH_Bild2_ps.jpg\",\"datePublished\":\"2023-11-14T09:05:01+00:00\",\"description\":\"Die \\\"BUK ETHZ\\\" und die Klimastiftung Schweiz kooperieren im Bereich F\u00f6rderung klimafreundlicher Baustoffe und Methoden.\",\"breadcrumb\":{\"@id\":\"https:\\\/\\\/www.organisator.ch\\\/sustainability\\\/2023-11-14\\\/kooperation-zwischen-eth-zuerich-und-klimastiftung-schweiz\\\/#breadcrumb\"},\"inLanguage\":\"fr-FR\",\"potentialAction\":[{\"@type\":\"ReadAction\",\"target\":[\"https:\\\/\\\/www.organisator.ch\\\/sustainability\\\/2023-11-14\\\/kooperation-zwischen-eth-zuerich-und-klimastiftung-schweiz\\\/\"]}]},{\"@type\":\"ImageObject\",\"inLanguage\":\"fr-FR\",\"@id\":\"https:\\\/\\\/www.organisator.ch\\\/sustainability\\\/2023-11-14\\\/kooperation-zwischen-eth-zuerich-und-klimastiftung-schweiz\\\/#primaryimage\",\"url\":\"https:\\\/\\\/www.organisator.ch\\\/wp-content\\\/uploads\\\/2023\\\/11\\\/Klimastiftung_ETH_Bild2_ps.jpg\",\"contentUrl\":\"https:\\\/\\\/www.organisator.ch\\\/wp-content\\\/uploads\\\/2023\\\/11\\\/Klimastiftung_ETH_Bild2_ps.jpg\",\"width\":680,\"height\":452,\"caption\":\"Die \\\"BUK ETHZ\\\" und die Klimastiftung Schweiz kooperieren im Bereich F\u00f6rderung klimafreundlicher Baustoffe und Methoden. (Bild: www.depositphotos.com)\"},{\"@type\":\"BreadcrumbList\",\"@id\":\"https:\\\/\\\/www.organisator.ch\\\/sustainability\\\/2023-11-14\\\/kooperation-zwischen-eth-zuerich-und-klimastiftung-schweiz\\\/#breadcrumb\",\"itemListElement\":[{\"@type\":\"ListItem\",\"position\":1,\"name\":\"Home\",\"item\":\"https:\\\/\\\/www.organisator.ch\\\/\"},{\"@type\":\"ListItem\",\"position\":2,\"name\":\"Kooperation zwischen ETH Z\u00fcrich und Klimastiftung Schweiz\"}]},{\"@type\":\"WebSite\",\"@id\":\"https:\\\/\\\/www.organisator.ch\\\/#website\",\"url\":\"https:\\\/\\\/www.organisator.ch\\\/\",\"name\":\"Organisator\",\"description\":\"Kompetent. Praxisnah. Der ORGANISATOR bereitet in 10 Ausgaben pro Jahr die wesentlichen Themen f\u00fcr F\u00fchrungskr\u00e4fte von KMU auf.\",\"publisher\":{\"@id\":\"https:\\\/\\\/www.organisator.ch\\\/#organization\"},\"potentialAction\":[{\"@type\":\"SearchAction\",\"target\":{\"@type\":\"EntryPoint\",\"urlTemplate\":\"https:\\\/\\\/www.organisator.ch\\\/?s={search_term_string}\"},\"query-input\":{\"@type\":\"PropertyValueSpecification\",\"valueRequired\":true,\"valueName\":\"search_term_string\"}}],\"inLanguage\":\"fr-FR\"},{\"@type\":\"Organization\",\"@id\":\"https:\\\/\\\/www.organisator.ch\\\/#organization\",\"name\":\"Organisator\",\"url\":\"https:\\\/\\\/www.organisator.ch\\\/\",\"logo\":{\"@type\":\"ImageObject\",\"inLanguage\":\"fr-FR\",\"@id\":\"https:\\\/\\\/www.organisator.ch\\\/#\\\/schema\\\/logo\\\/image\\\/\",\"url\":\"https:\\\/\\\/www.organisator.ch\\\/wp-content\\\/uploads\\\/2022\\\/01\\\/Logo_Organisator_Website.png\",\"contentUrl\":\"https:\\\/\\\/www.organisator.ch\\\/wp-content\\\/uploads\\\/2022\\\/01\\\/Logo_Organisator_Website.png\",\"width\":800,\"height\":77,\"caption\":\"Organisator\"},\"image\":{\"@id\":\"https:\\\/\\\/www.organisator.ch\\\/#\\\/schema\\\/logo\\\/image\\\/\"},\"sameAs\":[\"https:\\\/\\\/www.facebook.com\\\/OrganisatorFachmagazin\",\"https:\\\/\\\/www.linkedin.com\\\/showcase\\\/organisator-das-magazin-fr-kmu\",\"https:\\\/\\\/www.xing.com\\\/news\\\/pages\\\/organisator-ch-695\",\"https:\\\/\\\/www.youtube.com\\\/channel\\\/UCGP2Sq0iWaZwT3BdIAQFYpw\"]},{\"@type\":\"Person\",\"@id\":\"https:\\\/\\\/www.organisator.ch\\\/#\\\/schema\\\/person\\\/2e1314a2172123f874db408d8911d3f3\",\"name\":\"Adelisa Kalajdzini\",\"image\":{\"@type\":\"ImageObject\",\"inLanguage\":\"fr-FR\",\"@id\":\"https:\\\/\\\/secure.gravatar.com\\\/avatar\\\/09a397c22ac58cad6f160ee8306348599df9df58a8ede73696226897b9fa4b24?s=96&d=mm&r=g\",\"url\":\"https:\\\/\\\/secure.gravatar.com\\\/avatar\\\/09a397c22ac58cad6f160ee8306348599df9df58a8ede73696226897b9fa4b24?s=96&d=mm&r=g\",\"contentUrl\":\"https:\\\/\\\/secure.gravatar.com\\\/avatar\\\/09a397c22ac58cad6f160ee8306348599df9df58a8ede73696226897b9fa4b24?s=96&d=mm&r=g\",\"caption\":\"Adelisa Kalajdzini\"},\"url\":\"https:\\\/\\\/www.organisator.ch\\\/fr\\\/author\\\/adelisa-kalajdzini\\\/\"}]}<\/script>\n<!-- \/ Yoast SEO plugin. -->","yoast_head_json":{"title":"Coop\u00e9ration entre l'ETH Zurich et la Fondation Suisse pour le Climat - Organisateur","description":"La \"BUK ETHZ\" et la Fondation Suisse pour le Climat coop\u00e8rent dans le domaine de la promotion de mat\u00e9riaux et de m\u00e9thodes de construction respectueux du climat.","robots":{"index":"index","follow":"follow","max-snippet":"max-snippet:-1","max-image-preview":"max-image-preview:large","max-video-preview":"max-video-preview:-1"},"canonical":"https:\/\/www.organisator.ch\/fr\/sustainability\/2023-11-14\/kooperation-zwischen-eth-zuerich-und-klimastiftung-schweiz\/","og_locale":"fr_FR","og_type":"article","og_title":"Kooperation zwischen ETH Z\u00fcrich und Klimastiftung Schweiz","og_description":"Die \"BUK ETHZ\" und die Klimastiftung Schweiz kooperieren im Bereich F\u00f6rderung klimafreundlicher Baustoffe und Methoden.","og_url":"https:\/\/www.organisator.ch\/fr\/sustainability\/2023-11-14\/kooperation-zwischen-eth-zuerich-und-klimastiftung-schweiz\/","og_site_name":"Organisator","article_publisher":"https:\/\/www.facebook.com\/OrganisatorFachmagazin","article_published_time":"2023-11-14T09:05:01+00:00","og_image":[{"width":680,"height":452,"url":"https:\/\/www.organisator.ch\/wp-content\/uploads\/2023\/11\/Klimastiftung_ETH_Bild2_ps.jpg","type":"image\/jpeg"}],"author":"Adelisa Kalajdzini","twitter_card":"summary_large_image","twitter_title":"Kooperation zwischen ETH Z\u00fcrich und Klimastiftung Schweiz","twitter_description":"Die #\"BUK ETHZ\" und die #Klimastiftung #Schweiz kooperieren im Bereich F\u00f6rderung #klimafreundlicher #Baustoffe und #Methoden.","twitter_image":"https:\/\/www.organisator.ch\/wp-content\/uploads\/2023\/11\/Klimastiftung_ETH_Bild2_ps.jpg","schema":{"@context":"https:\/\/schema.org","@graph":[{"@type":"Article","@id":"https:\/\/www.organisator.ch\/sustainability\/2023-11-14\/kooperation-zwischen-eth-zuerich-und-klimastiftung-schweiz\/#article","isPartOf":{"@id":"https:\/\/www.organisator.ch\/sustainability\/2023-11-14\/kooperation-zwischen-eth-zuerich-und-klimastiftung-schweiz\/"},"author":{"name":"Adelisa Kalajdzini","@id":"https:\/\/www.organisator.ch\/#\/schema\/person\/2e1314a2172123f874db408d8911d3f3"},"headline":"Kooperation zwischen ETH Z\u00fcrich und Klimastiftung Schweiz","datePublished":"2023-11-14T09:05:01+00:00","mainEntityOfPage":{"@id":"https:\/\/www.organisator.ch\/sustainability\/2023-11-14\/kooperation-zwischen-eth-zuerich-und-klimastiftung-schweiz\/"},"wordCount":398,"publisher":{"@id":"https:\/\/www.organisator.ch\/#organization"},"image":{"@id":"https:\/\/www.organisator.ch\/sustainability\/2023-11-14\/kooperation-zwischen-eth-zuerich-und-klimastiftung-schweiz\/#primaryimage"},"thumbnailUrl":"https:\/\/www.organisator.ch\/wp-content\/uploads\/2023\/11\/Klimastiftung_ETH_Bild2_ps.jpg","keywords":["Klimastiftung Schweiz","Kooperation","Nachhaltigkeit","Unternehmen"],"articleSection":["SUSTAINABILITY"],"inLanguage":"fr-FR"},{"@type":"WebPage","@id":"https:\/\/www.organisator.ch\/sustainability\/2023-11-14\/kooperation-zwischen-eth-zuerich-und-klimastiftung-schweiz\/","url":"https:\/\/www.organisator.ch\/sustainability\/2023-11-14\/kooperation-zwischen-eth-zuerich-und-klimastiftung-schweiz\/","name":"Coop\u00e9ration entre l'ETH Zurich et la Fondation Suisse pour le Climat - Organisateur","isPartOf":{"@id":"https:\/\/www.organisator.ch\/#website"},"primaryImageOfPage":{"@id":"https:\/\/www.organisator.ch\/sustainability\/2023-11-14\/kooperation-zwischen-eth-zuerich-und-klimastiftung-schweiz\/#primaryimage"},"image":{"@id":"https:\/\/www.organisator.ch\/sustainability\/2023-11-14\/kooperation-zwischen-eth-zuerich-und-klimastiftung-schweiz\/#primaryimage"},"thumbnailUrl":"https:\/\/www.organisator.ch\/wp-content\/uploads\/2023\/11\/Klimastiftung_ETH_Bild2_ps.jpg","datePublished":"2023-11-14T09:05:01+00:00","description":"La \"BUK ETHZ\" et la Fondation Suisse pour le Climat coop\u00e8rent dans le domaine de la promotion de mat\u00e9riaux et de m\u00e9thodes de construction respectueux du climat.","breadcrumb":{"@id":"https:\/\/www.organisator.ch\/sustainability\/2023-11-14\/kooperation-zwischen-eth-zuerich-und-klimastiftung-schweiz\/#breadcrumb"},"inLanguage":"fr-FR","potentialAction":[{"@type":"ReadAction","target":["https:\/\/www.organisator.ch\/sustainability\/2023-11-14\/kooperation-zwischen-eth-zuerich-und-klimastiftung-schweiz\/"]}]},{"@type":"ImageObject","inLanguage":"fr-FR","@id":"https:\/\/www.organisator.ch\/sustainability\/2023-11-14\/kooperation-zwischen-eth-zuerich-und-klimastiftung-schweiz\/#primaryimage","url":"https:\/\/www.organisator.ch\/wp-content\/uploads\/2023\/11\/Klimastiftung_ETH_Bild2_ps.jpg","contentUrl":"https:\/\/www.organisator.ch\/wp-content\/uploads\/2023\/11\/Klimastiftung_ETH_Bild2_ps.jpg","width":680,"height":452,"caption":"Die \"BUK ETHZ\" und die Klimastiftung Schweiz kooperieren im Bereich F\u00f6rderung klimafreundlicher Baustoffe und Methoden. (Bild: www.depositphotos.com)"},{"@type":"BreadcrumbList","@id":"https:\/\/www.organisator.ch\/sustainability\/2023-11-14\/kooperation-zwischen-eth-zuerich-und-klimastiftung-schweiz\/#breadcrumb","itemListElement":[{"@type":"ListItem","position":1,"name":"Home","item":"https:\/\/www.organisator.ch\/"},{"@type":"ListItem","position":2,"name":"Kooperation zwischen ETH Z\u00fcrich und Klimastiftung Schweiz"}]},{"@type":"WebSite","@id":"https:\/\/www.organisator.ch\/#website","url":"https:\/\/www.organisator.ch\/","name":"Organisateur","description":"Comp\u00e9tence et comp\u00e9tence. Proches de la pratique. L'ORGANISATEUR pr\u00e9pare 10 num\u00e9ros par an sur les th\u00e8mes essentiels pour les dirigeants de PME.","publisher":{"@id":"https:\/\/www.organisator.ch\/#organization"},"potentialAction":[{"@type":"SearchAction","target":{"@type":"EntryPoint","urlTemplate":"https:\/\/www.organisator.ch\/?s={search_term_string}"},"query-input":{"@type":"PropertyValueSpecification","valueRequired":true,"valueName":"search_term_string"}}],"inLanguage":"fr-FR"},{"@type":"Organization","@id":"https:\/\/www.organisator.ch\/#organization","name":"Organisateur","url":"https:\/\/www.organisator.ch\/","logo":{"@type":"ImageObject","inLanguage":"fr-FR","@id":"https:\/\/www.organisator.ch\/#\/schema\/logo\/image\/","url":"https:\/\/www.organisator.ch\/wp-content\/uploads\/2022\/01\/Logo_Organisator_Website.png","contentUrl":"https:\/\/www.organisator.ch\/wp-content\/uploads\/2022\/01\/Logo_Organisator_Website.png","width":800,"height":77,"caption":"Organisator"},"image":{"@id":"https:\/\/www.organisator.ch\/#\/schema\/logo\/image\/"},"sameAs":["https:\/\/www.facebook.com\/OrganisatorFachmagazin","https:\/\/www.linkedin.com\/showcase\/organisator-das-magazin-fr-kmu","https:\/\/www.xing.com\/news\/pages\/organisator-ch-695","https:\/\/www.youtube.com\/channel\/UCGP2Sq0iWaZwT3BdIAQFYpw"]},{"@type":"Person","@id":"https:\/\/www.organisator.ch\/#\/schema\/person\/2e1314a2172123f874db408d8911d3f3","name":"Adelisa Kalajdzini","image":{"@type":"ImageObject","inLanguage":"fr-FR","@id":"https:\/\/secure.gravatar.com\/avatar\/09a397c22ac58cad6f160ee8306348599df9df58a8ede73696226897b9fa4b24?s=96&d=mm&r=g","url":"https:\/\/secure.gravatar.com\/avatar\/09a397c22ac58cad6f160ee8306348599df9df58a8ede73696226897b9fa4b24?s=96&d=mm&r=g","contentUrl":"https:\/\/secure.gravatar.com\/avatar\/09a397c22ac58cad6f160ee8306348599df9df58a8ede73696226897b9fa4b24?s=96&d=mm&r=g","caption":"Adelisa Kalajdzini"},"url":"https:\/\/www.organisator.ch\/fr\/author\/adelisa-kalajdzini\/"}]}},"_links":{"self":[{"href":"https:\/\/www.organisator.ch\/fr\/wp-json\/wp\/v2\/posts\/23158","targetHints":{"allow":["GET"]}}],"collection":[{"href":"https:\/\/www.organisator.ch\/fr\/wp-json\/wp\/v2\/posts"}],"about":[{"href":"https:\/\/www.organisator.ch\/fr\/wp-json\/wp\/v2\/types\/post"}],"author":[{"embeddable":true,"href":"https:\/\/www.organisator.ch\/fr\/wp-json\/wp\/v2\/users\/58"}],"replies":[{"embeddable":true,"href":"https:\/\/www.organisator.ch\/fr\/wp-json\/wp\/v2\/comments?post=23158"}],"version-history":[{"count":7,"href":"https:\/\/www.organisator.ch\/fr\/wp-json\/wp\/v2\/posts\/23158\/revisions"}],"predecessor-version":[{"id":23609,"href":"https:\/\/www.organisator.ch\/fr\/wp-json\/wp\/v2\/posts\/23158\/revisions\/23609"}],"wp:featuredmedia":[{"embeddable":true,"href":"https:\/\/www.organisator.ch\/fr\/wp-json\/wp\/v2\/media\/23161"}],"wp:attachment":[{"href":"https:\/\/www.organisator.ch\/fr\/wp-json\/wp\/v2\/media?parent=23158"}],"wp:term":[{"taxonomy":"category","embeddable":true,"href":"https:\/\/www.organisator.ch\/fr\/wp-json\/wp\/v2\/categories?post=23158"},{"taxonomy":"post_tag","embeddable":true,"href":"https:\/\/www.organisator.ch\/fr\/wp-json\/wp\/v2\/tags?post=23158"}],"curies":[{"name":"wp","href":"https:\/\/api.w.org\/{rel}","templated":true}]}}