{"id":23186,"date":"2023-11-15T09:17:27","date_gmt":"2023-11-15T08:17:27","guid":{"rendered":"https:\/\/www.organisator.ch\/?p=23186"},"modified":"2023-12-04T16:24:18","modified_gmt":"2023-12-04T15:24:18","slug":"bertschi-ag-gewinnt-den-prix-svc-nordschweiz-2023","status":"publish","type":"post","link":"https:\/\/www.organisator.ch\/fr\/management\/2023-11-15\/bertschi-ag-gewinnt-den-prix-svc-nordschweiz-2023\/","title":{"rendered":"Bertschi AG remporte le Prix SVC Nordschweiz 2023"},"content":{"rendered":"<figure id=\"attachment_23187\" aria-describedby=\"caption-attachment-23187\" style=\"width: 680px\" class=\"wp-caption alignnone\"><img loading=\"lazy\" decoding=\"async\" class=\"size-full wp-image-23187\" src=\"https:\/\/www.organisator.ch\/wp-content\/uploads\/2023\/11\/Bertschi-AG-gewinnt-den-Prix-SVC-Nordschweiz-2023-1_Organisator.jpg\" alt=\"\" width=\"680\" height=\"559\" srcset=\"https:\/\/www.organisator.ch\/wp-content\/uploads\/2023\/11\/Bertschi-AG-gewinnt-den-Prix-SVC-Nordschweiz-2023-1_Organisator.jpg 680w, https:\/\/www.organisator.ch\/wp-content\/uploads\/2023\/11\/Bertschi-AG-gewinnt-den-Prix-SVC-Nordschweiz-2023-1_Organisator-15x12.jpg 15w, https:\/\/www.organisator.ch\/wp-content\/uploads\/2023\/11\/Bertschi-AG-gewinnt-den-Prix-SVC-Nordschweiz-2023-1_Organisator-365x300.jpg 365w, https:\/\/www.organisator.ch\/wp-content\/uploads\/2023\/11\/Bertschi-AG-gewinnt-den-Prix-SVC-Nordschweiz-2023-1_Organisator-426x350.jpg 426w\" sizes=\"auto, (max-width: 680px) 100vw, 680px\" \/><figcaption id=\"caption-attachment-23187\" class=\"wp-caption-text\">L'entreprise gagnante Bertschi AG rayonnante : Hans-J\u00f6rg Bertschi soul\u00e8ve le troph\u00e9e du Prix SVC Nordschweiz. Le pr\u00e9sident du SVC, Andreas Gerber, applaudit. (Photo : Thomas Berner)<\/figcaption><\/figure>\n<p>Le Prix SVC Nordschweiz a \u00e9t\u00e9 d\u00e9cern\u00e9 pour la 11e fois le 14 novembre 2023 \u00e0 B\u00e2le devant plus de 1000 invit\u00e9s. Cinq laur\u00e9ats ont r\u00e9ussi \u00e0 s'imposer parmi une centaine d'entreprises de la r\u00e9gion \u00e0 l'issue d'un processus de s\u00e9lection en plusieurs \u00e9tapes. Ces finalistes - Bertschi AG, Infors HT, Schelling AG, St\u00f6cklin Logistik AG et le groupe Wyniger - ont \u00e9t\u00e9 pr\u00e9sent\u00e9s au cours d'un show d'environ deux heures, sous forme de pr\u00e9sentations vid\u00e9o et de br\u00e8ves interviews, et ont finalement \u00e9t\u00e9 r\u00e9compens\u00e9s.<\/p>\n<h3><strong>Premi\u00e8re place pour Bertschi AG de D\u00fcrren\u00e4sch<\/strong><\/h3>\n<p>La premi\u00e8re place a finalement \u00e9t\u00e9 occup\u00e9e par Bertschi AG, repr\u00e9sent\u00e9e par le pr\u00e9sident du conseil d'administration Hans-J\u00f6rg Bertschi. L'entreprise est leader du march\u00e9 dans le secteur de la logistique, sp\u00e9cialis\u00e9e dans les services intermodaux pour l'industrie chimique. 3'190 collaborateurs dans le monde entier sur 74 sites dans 38 pays, 30 terminaux intermodaux propres, 1'000 camions et 43'200 conteneurs : le groupe Bertschi est un grand num\u00e9ro en tant que prestataire de services logistiques. Le groupe Bertschi s'engage particuli\u00e8rement dans le domaine du d\u00e9veloppement durable. En transportant ses marchandises par le rail dans le respect de l'environnement, Bertschi \u00e9conomise chaque ann\u00e9e des \u00e9missions de CO2 \u00e0 hauteur de plus de 300'000 tonnes par rapport au simple transport routier. Pour obtenir cette valeur, une voiture pourrait parcourir 1,5 milliard de kilom\u00e8tres, soit 37'000 fois le tour de la terre. Robin Wasser, membre du jury et du comit\u00e9 d'organisation, a rendu hommage au vainqueur dans son \u00e9loge : \"Le groupe Bertschi s'est distingu\u00e9 au cours des 60 derni\u00e8res ann\u00e9es par d'\u00e9normes performances de pionnier. Bertschi a \u00e9t\u00e9 la toute premi\u00e8re entreprise \u00e0 charger des camions sur le train, en collaboration avec les CFF, et a ainsi pos\u00e9 la premi\u00e8re pierre du transport combin\u00e9 de marchandises. L'inauguration du hub chimique de Zhangjiagang dans le delta du fleuve Yangtze en Chine, un hub complet pour la logistique chimique, constitue un autre point fort. Ce qui a particuli\u00e8rement convaincu le jury, c'est que Bertschi, malgr\u00e9 ses succ\u00e8s, est toujours rest\u00e9 fid\u00e8le \u00e0 lui-m\u00eame et n'a jamais oubli\u00e9 ses propres racines\". Dans son discours de remerciement, Hans-J\u00f6rg Bertschi a d\u00e9di\u00e9 le prix \u00e0 ses collaborateurs. Car ce sont eux, en fin de compte, qui font le succ\u00e8s de l'entreprise : \"C'est votre prix - je le re\u00e7ois ici en tant que repr\u00e9sentant\".<\/p>\n<figure id=\"attachment_23188\" aria-describedby=\"caption-attachment-23188\" style=\"width: 680px\" class=\"wp-caption alignnone\"><img loading=\"lazy\" decoding=\"async\" class=\"size-full wp-image-23188\" src=\"https:\/\/www.organisator.ch\/wp-content\/uploads\/2023\/11\/Bertschi-AG-gewinnt-den-Prix-SVC-Nordschweiz-2023-2_Organisator.jpg\" alt=\"\" width=\"680\" height=\"500\" srcset=\"https:\/\/www.organisator.ch\/wp-content\/uploads\/2023\/11\/Bertschi-AG-gewinnt-den-Prix-SVC-Nordschweiz-2023-2_Organisator.jpg 680w, https:\/\/www.organisator.ch\/wp-content\/uploads\/2023\/11\/Bertschi-AG-gewinnt-den-Prix-SVC-Nordschweiz-2023-2_Organisator-16x12.jpg 16w, https:\/\/www.organisator.ch\/wp-content\/uploads\/2023\/11\/Bertschi-AG-gewinnt-den-Prix-SVC-Nordschweiz-2023-2_Organisator-375x276.jpg 375w, https:\/\/www.organisator.ch\/wp-content\/uploads\/2023\/11\/Bertschi-AG-gewinnt-den-Prix-SVC-Nordschweiz-2023-2_Organisator-476x350.jpg 476w\" sizes=\"auto, (max-width: 680px) 100vw, 680px\" \/><figcaption id=\"caption-attachment-23188\" class=\"wp-caption-text\">Repr\u00e9sentaient les cinq entreprises finalistes (de g. \u00e0 dr.) : Raphael Wyniger (groupe Wyniger), Urs Gr\u00fctter (St\u00f6cklin Logistik AG), Beat M. Schelling (Schelling AG), Anja Hawrylenko (Infors HT) et Hans-J\u00f6rg Bertschi (Bertschi AG). (Photo : Thomas Berner)<\/figcaption><\/figure>\n<h3><strong>Groupe Wyniger - Le Teufelhof de B\u00e2le et St\u00f6cklin Logistik AG aux deuxi\u00e8me et troisi\u00e8me places<\/strong><\/h3>\n<p>La deuxi\u00e8me place revient au groupe Wyniger de B\u00e2le-Ville qui, avec la maison d'h\u00f4tes et de culture Teufelhof, g\u00e8re de mani\u00e8re ind\u00e9pendante l'art et la culture dans le cadre d'un auto-subventionnement par l'h\u00f4tel et le restaurant. Le groupe conna\u00eet une croissance rapide en cr\u00e9ant ses propres entreprises, en d\u00e9veloppant ses propres produits et en reprenant des affaires sur un march\u00e9 tr\u00e8s concurrentiel. L'objectif de ces acquisitions est de parvenir \u00e0 une plus grande ind\u00e9pendance tout au long de la cha\u00eene de cr\u00e9ation de valeur. L'entreprise g\u00e9r\u00e9e par ses propri\u00e9taires emploie environ 500 personnes et est dirig\u00e9e par Raphael Wyniger. Il s'est montr\u00e9 visiblement fier de sa deuxi\u00e8me place et a fait remarquer qu'un tel succ\u00e8s fait du bien \u00e0 son secteur, qui doit faire face \u00e0 de nombreuses difficult\u00e9s.<\/p>\n<p>Le bronze a \u00e9t\u00e9 remport\u00e9 par le prestataire de services intralogistiques St\u00f6cklin Logistik AG de Laufen, qui est depuis 1934 un partenaire comp\u00e9tent pour des solutions logistiques innovantes et sp\u00e9cifiques aux clients dans le monde entier. En tant qu'int\u00e9grateur de syst\u00e8mes exp\u00e9riment\u00e9 au niveau international, St\u00f6cklin accompagne ses clients de la planification et de l'\u00e9tude de projet jusqu'\u00e0 la livraison de syst\u00e8mes complets cl\u00e9s en main dans le domaine de la logistique de stockage et de la gestion automatis\u00e9e des stocks. Ainsi, l'un des plus grands commer\u00e7ants en ligne de Suisse fait partie de ses clients, et un entrep\u00f4t ultramoderne est \u00e9galement en cours de construction avec une entreprise renomm\u00e9e du secteur de la chimie. L'objectif de St\u00f6cklin Logistik AG est de stocker les produits en utilisant le moins de place possible, de les g\u00e9rer de mani\u00e8re fiable et de les transporter et de les pr\u00e9parer le plus rapidement possible avec un minimum de personnel. Environ 500 employ\u00e9s travaillent pour St\u00f6cklin dans le monde entier. L'entreprise est dirig\u00e9e par Urs Gr\u00fctter en tant que CEO &amp; VRP.<\/p>\n<figure id=\"attachment_23189\" aria-describedby=\"caption-attachment-23189\" style=\"width: 680px\" class=\"wp-caption alignnone\"><img loading=\"lazy\" decoding=\"async\" class=\"size-full wp-image-23189\" src=\"https:\/\/www.organisator.ch\/wp-content\/uploads\/2023\/11\/Bertschi-AG-gewinnt-den-Prix-SVC-Nordschweiz-2023-3_Organisator.jpg\" alt=\"\" width=\"680\" height=\"568\" srcset=\"https:\/\/www.organisator.ch\/wp-content\/uploads\/2023\/11\/Bertschi-AG-gewinnt-den-Prix-SVC-Nordschweiz-2023-3_Organisator.jpg 680w, https:\/\/www.organisator.ch\/wp-content\/uploads\/2023\/11\/Bertschi-AG-gewinnt-den-Prix-SVC-Nordschweiz-2023-3_Organisator-14x12.jpg 14w, https:\/\/www.organisator.ch\/wp-content\/uploads\/2023\/11\/Bertschi-AG-gewinnt-den-Prix-SVC-Nordschweiz-2023-3_Organisator-359x300.jpg 359w, https:\/\/www.organisator.ch\/wp-content\/uploads\/2023\/11\/Bertschi-AG-gewinnt-den-Prix-SVC-Nordschweiz-2023-3_Organisator-419x350.jpg 419w\" sizes=\"auto, (max-width: 680px) 100vw, 680px\" \/><figcaption id=\"caption-attachment-23189\" class=\"wp-caption-text\">Tension avant la remise des prix : Raphael Wyniger et Hans-J\u00f6rg Bertschi avant l'annonce d\u00e9finitive du classement par le pr\u00e9sident du SVC Andreas Gerber (au centre). (Photo : Thomas Berner)<\/figcaption><\/figure>\n<h3><strong>Infors HT et Schelling AG remportent les dipl\u00f4mes<\/strong><\/h3>\n<p>Le dipl\u00f4me a \u00e9t\u00e9 d\u00e9cern\u00e9 \u00e0 Infors HT de Bottmingen, un fabricant d'appareils de laboratoire de renomm\u00e9e mondiale. Des agitateurs d'incubation aux logiciels de bioprocessus en passant par les bior\u00e9acteurs. Infors HT propose des produits innovants et ax\u00e9s sur la pratique, qui r\u00e9pondent aux exigences des laboratoires modernes et font avancer le progr\u00e8s dans la recherche et le d\u00e9veloppement.<\/p>\n<p>L'entreprise traditionnelle Schelling AG, dont le si\u00e8ge est \u00e0 Rupperswil, a \u00e9galement \u00e9t\u00e9 r\u00e9compens\u00e9e. Elle d\u00e9veloppe et fabrique des solutions d'impression, d'emballage et d'affichage sophistiqu\u00e9es \u00e0 partir de mati\u00e8res premi\u00e8res naturelles pour divers secteurs. Les sachets 100% sans microplastiques et les sacs biod\u00e9gradables en sont des exemples. L'entreprise dispose de cinq sites de production en Suisse et en Allemagne.<\/p>\n<h3><strong>Rendez-vous de l'\u00e9conomie<\/strong><\/h3>\n<p>Dani von Wattenwyl a anim\u00e9 la c\u00e9r\u00e9monie de remise des prix au Congress Center Basel et le nouveau venu b\u00e2lois ZIAN a donn\u00e9 la chair de poule en accompagnant le spectacle de deux de ses plus grands tubes. La manifestation a permis aux nombreux invit\u00e9s issus des milieux \u00e9conomiques, scientifiques, politiques et m\u00e9diatiques d'avoir un aper\u00e7u de l'entrepreneuriat impressionnant et vari\u00e9 de la r\u00e9gion. Bernhard B. Fischer, directeur r\u00e9gional SVC Nordschweiz, a soulign\u00e9 : \"La soir\u00e9e de ce soir \u00e9tait destin\u00e9e \u00e0 c\u00e9l\u00e9brer et \u00e0 rendre hommage aux cinq finalistes, qui travaillent dur depuis des ann\u00e9es, voire des g\u00e9n\u00e9rations, pour la r\u00e9gion Nordschweiz et notre mod\u00e8le de r\u00e9ussite suisse\".<\/p>\n<p><em>Plus d'informations : <a href=\"https:\/\/svc.swiss\/de\">Swiss Venture Club SVC<\/a><\/em><\/p>","protected":false},"excerpt":{"rendered":"<p>La gagnante du Prix SVC Nordschweiz 2023 est la soci\u00e9t\u00e9 Bertschi AG de D\u00fcrren\u00e4sch (AG), sp\u00e9cialiste de la logistique chimique. Pionni\u00e8re dans le transport combin\u00e9 de marchandises par rail \u00e0 travers les Alpes, cette entreprise familiale active dans le monde entier est \u00e0 l'avant-garde lorsqu'il s'agit de durabilit\u00e9 et de s\u00e9curit\u00e9 dans le transport de marchandises. La deuxi\u00e8me place revient au groupe Wyniger - Der Teufelhof Basel AG, dont le si\u00e8ge est \u00e0 B\u00e2le-Ville, et la troisi\u00e8me \u00e0 St\u00f6cklin Logistik AG de Laufen. <\/p>","protected":false},"author":4,"featured_media":23187,"comment_status":"closed","ping_status":"closed","sticky":false,"template":"","format":"standard","meta":{"_acf_changed":false,"_yoast_wpseo_focuskw":"Bertschi AG","_yoast_wpseo_metadesc":"Gewinnerin des Prix SVC Nordschweiz 2023 ist die Spezialistin in Chemielogistik, die Bertschi AG aus D\u00fcrren\u00e4sch (AG).","articlekey":"","footnotes":""},"categories":[28],"tags":[66,3877,492],"class_list":["post-23186","post","type-post","status-publish","format-standard","has-post-thumbnail","hentry","category-management","tag-awards","tag-prix-svc-nordschweiz","tag-unternehmen"],"acf":[],"yoast_head":"<!-- This site is optimized with the Yoast SEO plugin v27.5 - https:\/\/yoast.com\/product\/yoast-seo-wordpress\/ -->\n<title>Bertschi AG gewinnt den Prix SVC Nordschweiz 2023 - Organisator<\/title>\n<meta name=\"description\" content=\"Gewinnerin des Prix SVC Nordschweiz 2023 ist die Spezialistin in Chemielogistik, die Bertschi AG aus D\u00fcrren\u00e4sch (AG).\" \/>\n<meta name=\"robots\" content=\"index, follow, max-snippet:-1, max-image-preview:large, max-video-preview:-1\" \/>\n<link rel=\"canonical\" href=\"https:\/\/www.organisator.ch\/fr\/gestion-2\/2023-11-15\/bertschi-ag-gewinnt-den-prix-svc-nordschweiz-2023\/\" \/>\n<meta property=\"og:locale\" content=\"fr_FR\" \/>\n<meta property=\"og:type\" content=\"article\" \/>\n<meta property=\"og:title\" content=\"Bertschi AG gewinnt den Prix SVC Nordschweiz 2023\" \/>\n<meta property=\"og:description\" content=\"Gewinnerin des Prix SVC Nordschweiz 2023 ist die Spezialistin in Chemielogistik, die Bertschi AG aus D\u00fcrren\u00e4sch (AG).\" \/>\n<meta property=\"og:url\" content=\"https:\/\/www.organisator.ch\/fr\/gestion-2\/2023-11-15\/bertschi-ag-gewinnt-den-prix-svc-nordschweiz-2023\/\" \/>\n<meta property=\"og:site_name\" content=\"Organisator\" \/>\n<meta property=\"article:publisher\" content=\"https:\/\/www.facebook.com\/OrganisatorFachmagazin\" \/>\n<meta property=\"article:published_time\" content=\"2023-11-15T08:17:27+00:00\" \/>\n<meta property=\"article:modified_time\" content=\"2023-12-04T15:24:18+00:00\" \/>\n<meta property=\"og:image\" content=\"https:\/\/www.organisator.ch\/wp-content\/uploads\/2023\/11\/Bertschi-AG-gewinnt-den-Prix-SVC-Nordschweiz-2023-1_Organisator.jpg\" \/>\n\t<meta property=\"og:image:width\" content=\"680\" \/>\n\t<meta property=\"og:image:height\" content=\"559\" \/>\n\t<meta property=\"og:image:type\" content=\"image\/jpeg\" \/>\n<meta name=\"author\" content=\"thomas.berner\" \/>\n<meta name=\"twitter:card\" content=\"summary_large_image\" \/>\n<meta name=\"twitter:title\" content=\"#Bertschi AG gewinnt den Prix SVC #Nordschweiz 2023\" \/>\n<meta name=\"twitter:description\" content=\"Gewinnerin des Prix SVC #Nordschweiz 2023 ist die #Spezialistin in #Chemielogistik, die #Bertschi AG aus #D\u00fcrren\u00e4sch (AG).\" \/>\n<meta name=\"twitter:image\" content=\"https:\/\/www.organisator.ch\/wp-content\/uploads\/2023\/11\/Bertschi-AG-gewinnt-den-Prix-SVC-Nordschweiz-2023-1_Organisator.jpg\" \/>\n<script type=\"application\/ld+json\" class=\"yoast-schema-graph\">{\"@context\":\"https:\\\/\\\/schema.org\",\"@graph\":[{\"@type\":\"Article\",\"@id\":\"https:\\\/\\\/www.organisator.ch\\\/management\\\/2023-11-15\\\/bertschi-ag-gewinnt-den-prix-svc-nordschweiz-2023\\\/#article\",\"isPartOf\":{\"@id\":\"https:\\\/\\\/www.organisator.ch\\\/management\\\/2023-11-15\\\/bertschi-ag-gewinnt-den-prix-svc-nordschweiz-2023\\\/\"},\"author\":{\"name\":\"thomas.berner\",\"@id\":\"https:\\\/\\\/www.organisator.ch\\\/#\\\/schema\\\/person\\\/6f650f90b2842cd4c0cc334b4e36f67e\"},\"headline\":\"Bertschi AG gewinnt den Prix SVC Nordschweiz 2023\",\"datePublished\":\"2023-11-15T08:17:27+00:00\",\"dateModified\":\"2023-12-04T15:24:18+00:00\",\"mainEntityOfPage\":{\"@id\":\"https:\\\/\\\/www.organisator.ch\\\/management\\\/2023-11-15\\\/bertschi-ag-gewinnt-den-prix-svc-nordschweiz-2023\\\/\"},\"wordCount\":905,\"publisher\":{\"@id\":\"https:\\\/\\\/www.organisator.ch\\\/#organization\"},\"image\":{\"@id\":\"https:\\\/\\\/www.organisator.ch\\\/management\\\/2023-11-15\\\/bertschi-ag-gewinnt-den-prix-svc-nordschweiz-2023\\\/#primaryimage\"},\"thumbnailUrl\":\"https:\\\/\\\/www.organisator.ch\\\/wp-content\\\/uploads\\\/2023\\\/11\\\/Bertschi-AG-gewinnt-den-Prix-SVC-Nordschweiz-2023-1_Organisator.jpg\",\"keywords\":[\"Awards\",\"Prix SVC Nordschweiz\",\"Unternehmen\"],\"articleSection\":[\"MANAGEMENT\"],\"inLanguage\":\"fr-FR\"},{\"@type\":\"WebPage\",\"@id\":\"https:\\\/\\\/www.organisator.ch\\\/management\\\/2023-11-15\\\/bertschi-ag-gewinnt-den-prix-svc-nordschweiz-2023\\\/\",\"url\":\"https:\\\/\\\/www.organisator.ch\\\/management\\\/2023-11-15\\\/bertschi-ag-gewinnt-den-prix-svc-nordschweiz-2023\\\/\",\"name\":\"Bertschi AG gewinnt den Prix SVC Nordschweiz 2023 - Organisator\",\"isPartOf\":{\"@id\":\"https:\\\/\\\/www.organisator.ch\\\/#website\"},\"primaryImageOfPage\":{\"@id\":\"https:\\\/\\\/www.organisator.ch\\\/management\\\/2023-11-15\\\/bertschi-ag-gewinnt-den-prix-svc-nordschweiz-2023\\\/#primaryimage\"},\"image\":{\"@id\":\"https:\\\/\\\/www.organisator.ch\\\/management\\\/2023-11-15\\\/bertschi-ag-gewinnt-den-prix-svc-nordschweiz-2023\\\/#primaryimage\"},\"thumbnailUrl\":\"https:\\\/\\\/www.organisator.ch\\\/wp-content\\\/uploads\\\/2023\\\/11\\\/Bertschi-AG-gewinnt-den-Prix-SVC-Nordschweiz-2023-1_Organisator.jpg\",\"datePublished\":\"2023-11-15T08:17:27+00:00\",\"dateModified\":\"2023-12-04T15:24:18+00:00\",\"description\":\"Gewinnerin des Prix SVC Nordschweiz 2023 ist die Spezialistin in Chemielogistik, die Bertschi AG aus D\u00fcrren\u00e4sch (AG).\",\"breadcrumb\":{\"@id\":\"https:\\\/\\\/www.organisator.ch\\\/management\\\/2023-11-15\\\/bertschi-ag-gewinnt-den-prix-svc-nordschweiz-2023\\\/#breadcrumb\"},\"inLanguage\":\"fr-FR\",\"potentialAction\":[{\"@type\":\"ReadAction\",\"target\":[\"https:\\\/\\\/www.organisator.ch\\\/management\\\/2023-11-15\\\/bertschi-ag-gewinnt-den-prix-svc-nordschweiz-2023\\\/\"]}]},{\"@type\":\"ImageObject\",\"inLanguage\":\"fr-FR\",\"@id\":\"https:\\\/\\\/www.organisator.ch\\\/management\\\/2023-11-15\\\/bertschi-ag-gewinnt-den-prix-svc-nordschweiz-2023\\\/#primaryimage\",\"url\":\"https:\\\/\\\/www.organisator.ch\\\/wp-content\\\/uploads\\\/2023\\\/11\\\/Bertschi-AG-gewinnt-den-Prix-SVC-Nordschweiz-2023-1_Organisator.jpg\",\"contentUrl\":\"https:\\\/\\\/www.organisator.ch\\\/wp-content\\\/uploads\\\/2023\\\/11\\\/Bertschi-AG-gewinnt-den-Prix-SVC-Nordschweiz-2023-1_Organisator.jpg\",\"width\":680,\"height\":559,\"caption\":\"Strahlender Sieger: Hans-J\u00f6rg Bertschi stemmt die Troph\u00e4e des Prix SVC Nordschweiz in die H\u00f6he. SVC-Pr\u00e4sident Andreas Gerber applaudiert. (Bild: Thomas Berner)\"},{\"@type\":\"BreadcrumbList\",\"@id\":\"https:\\\/\\\/www.organisator.ch\\\/management\\\/2023-11-15\\\/bertschi-ag-gewinnt-den-prix-svc-nordschweiz-2023\\\/#breadcrumb\",\"itemListElement\":[{\"@type\":\"ListItem\",\"position\":1,\"name\":\"Home\",\"item\":\"https:\\\/\\\/www.organisator.ch\\\/\"},{\"@type\":\"ListItem\",\"position\":2,\"name\":\"Bertschi AG gewinnt den Prix SVC Nordschweiz 2023\"}]},{\"@type\":\"WebSite\",\"@id\":\"https:\\\/\\\/www.organisator.ch\\\/#website\",\"url\":\"https:\\\/\\\/www.organisator.ch\\\/\",\"name\":\"Organisator\",\"description\":\"Kompetent. Praxisnah. Der ORGANISATOR bereitet in 10 Ausgaben pro Jahr die wesentlichen Themen f\u00fcr F\u00fchrungskr\u00e4fte von KMU auf.\",\"publisher\":{\"@id\":\"https:\\\/\\\/www.organisator.ch\\\/#organization\"},\"potentialAction\":[{\"@type\":\"SearchAction\",\"target\":{\"@type\":\"EntryPoint\",\"urlTemplate\":\"https:\\\/\\\/www.organisator.ch\\\/?s={search_term_string}\"},\"query-input\":{\"@type\":\"PropertyValueSpecification\",\"valueRequired\":true,\"valueName\":\"search_term_string\"}}],\"inLanguage\":\"fr-FR\"},{\"@type\":\"Organization\",\"@id\":\"https:\\\/\\\/www.organisator.ch\\\/#organization\",\"name\":\"Organisator\",\"url\":\"https:\\\/\\\/www.organisator.ch\\\/\",\"logo\":{\"@type\":\"ImageObject\",\"inLanguage\":\"fr-FR\",\"@id\":\"https:\\\/\\\/www.organisator.ch\\\/#\\\/schema\\\/logo\\\/image\\\/\",\"url\":\"https:\\\/\\\/www.organisator.ch\\\/wp-content\\\/uploads\\\/2022\\\/01\\\/Logo_Organisator_Website.png\",\"contentUrl\":\"https:\\\/\\\/www.organisator.ch\\\/wp-content\\\/uploads\\\/2022\\\/01\\\/Logo_Organisator_Website.png\",\"width\":800,\"height\":77,\"caption\":\"Organisator\"},\"image\":{\"@id\":\"https:\\\/\\\/www.organisator.ch\\\/#\\\/schema\\\/logo\\\/image\\\/\"},\"sameAs\":[\"https:\\\/\\\/www.facebook.com\\\/OrganisatorFachmagazin\",\"https:\\\/\\\/www.linkedin.com\\\/showcase\\\/organisator-das-magazin-fr-kmu\",\"https:\\\/\\\/www.xing.com\\\/news\\\/pages\\\/organisator-ch-695\",\"https:\\\/\\\/www.youtube.com\\\/channel\\\/UCGP2Sq0iWaZwT3BdIAQFYpw\"]},{\"@type\":\"Person\",\"@id\":\"https:\\\/\\\/www.organisator.ch\\\/#\\\/schema\\\/person\\\/6f650f90b2842cd4c0cc334b4e36f67e\",\"name\":\"thomas.berner\",\"image\":{\"@type\":\"ImageObject\",\"inLanguage\":\"fr-FR\",\"@id\":\"https:\\\/\\\/secure.gravatar.com\\\/avatar\\\/ac5001d2a36cb6c6cd3e50789007ffca834b477b74a2144564522e944eabff61?s=96&d=mm&r=g\",\"url\":\"https:\\\/\\\/secure.gravatar.com\\\/avatar\\\/ac5001d2a36cb6c6cd3e50789007ffca834b477b74a2144564522e944eabff61?s=96&d=mm&r=g\",\"contentUrl\":\"https:\\\/\\\/secure.gravatar.com\\\/avatar\\\/ac5001d2a36cb6c6cd3e50789007ffca834b477b74a2144564522e944eabff61?s=96&d=mm&r=g\",\"caption\":\"thomas.berner\"},\"url\":\"https:\\\/\\\/www.organisator.ch\\\/fr\\\/author\\\/thomas-berner\\\/\"}]}<\/script>\n<!-- \/ Yoast SEO plugin. -->","yoast_head_json":{"title":"Bertschi AG remporte le Prix SVC Nordschweiz 2023 - Organisateur","description":"La gagnante du Prix SVC Nordschweiz 2023 est la soci\u00e9t\u00e9 Bertschi AG de D\u00fcrren\u00e4sch (AG), sp\u00e9cialiste de la logistique chimique.","robots":{"index":"index","follow":"follow","max-snippet":"max-snippet:-1","max-image-preview":"max-image-preview:large","max-video-preview":"max-video-preview:-1"},"canonical":"https:\/\/www.organisator.ch\/fr\/gestion-2\/2023-11-15\/bertschi-ag-gewinnt-den-prix-svc-nordschweiz-2023\/","og_locale":"fr_FR","og_type":"article","og_title":"Bertschi AG gewinnt den Prix SVC Nordschweiz 2023","og_description":"Gewinnerin des Prix SVC Nordschweiz 2023 ist die Spezialistin in Chemielogistik, die Bertschi AG aus D\u00fcrren\u00e4sch (AG).","og_url":"https:\/\/www.organisator.ch\/fr\/gestion-2\/2023-11-15\/bertschi-ag-gewinnt-den-prix-svc-nordschweiz-2023\/","og_site_name":"Organisator","article_publisher":"https:\/\/www.facebook.com\/OrganisatorFachmagazin","article_published_time":"2023-11-15T08:17:27+00:00","article_modified_time":"2023-12-04T15:24:18+00:00","og_image":[{"width":680,"height":559,"url":"https:\/\/www.organisator.ch\/wp-content\/uploads\/2023\/11\/Bertschi-AG-gewinnt-den-Prix-SVC-Nordschweiz-2023-1_Organisator.jpg","type":"image\/jpeg"}],"author":"thomas.berner","twitter_card":"summary_large_image","twitter_title":"#Bertschi AG gewinnt den Prix SVC #Nordschweiz 2023","twitter_description":"Gewinnerin des Prix SVC #Nordschweiz 2023 ist die #Spezialistin in #Chemielogistik, die #Bertschi AG aus #D\u00fcrren\u00e4sch (AG).","twitter_image":"https:\/\/www.organisator.ch\/wp-content\/uploads\/2023\/11\/Bertschi-AG-gewinnt-den-Prix-SVC-Nordschweiz-2023-1_Organisator.jpg","schema":{"@context":"https:\/\/schema.org","@graph":[{"@type":"Article","@id":"https:\/\/www.organisator.ch\/management\/2023-11-15\/bertschi-ag-gewinnt-den-prix-svc-nordschweiz-2023\/#article","isPartOf":{"@id":"https:\/\/www.organisator.ch\/management\/2023-11-15\/bertschi-ag-gewinnt-den-prix-svc-nordschweiz-2023\/"},"author":{"name":"thomas.berner","@id":"https:\/\/www.organisator.ch\/#\/schema\/person\/6f650f90b2842cd4c0cc334b4e36f67e"},"headline":"Bertschi AG gewinnt den Prix SVC Nordschweiz 2023","datePublished":"2023-11-15T08:17:27+00:00","dateModified":"2023-12-04T15:24:18+00:00","mainEntityOfPage":{"@id":"https:\/\/www.organisator.ch\/management\/2023-11-15\/bertschi-ag-gewinnt-den-prix-svc-nordschweiz-2023\/"},"wordCount":905,"publisher":{"@id":"https:\/\/www.organisator.ch\/#organization"},"image":{"@id":"https:\/\/www.organisator.ch\/management\/2023-11-15\/bertschi-ag-gewinnt-den-prix-svc-nordschweiz-2023\/#primaryimage"},"thumbnailUrl":"https:\/\/www.organisator.ch\/wp-content\/uploads\/2023\/11\/Bertschi-AG-gewinnt-den-Prix-SVC-Nordschweiz-2023-1_Organisator.jpg","keywords":["Awards","Prix SVC Nordschweiz","Unternehmen"],"articleSection":["MANAGEMENT"],"inLanguage":"fr-FR"},{"@type":"WebPage","@id":"https:\/\/www.organisator.ch\/management\/2023-11-15\/bertschi-ag-gewinnt-den-prix-svc-nordschweiz-2023\/","url":"https:\/\/www.organisator.ch\/management\/2023-11-15\/bertschi-ag-gewinnt-den-prix-svc-nordschweiz-2023\/","name":"Bertschi AG remporte le Prix SVC Nordschweiz 2023 - Organisateur","isPartOf":{"@id":"https:\/\/www.organisator.ch\/#website"},"primaryImageOfPage":{"@id":"https:\/\/www.organisator.ch\/management\/2023-11-15\/bertschi-ag-gewinnt-den-prix-svc-nordschweiz-2023\/#primaryimage"},"image":{"@id":"https:\/\/www.organisator.ch\/management\/2023-11-15\/bertschi-ag-gewinnt-den-prix-svc-nordschweiz-2023\/#primaryimage"},"thumbnailUrl":"https:\/\/www.organisator.ch\/wp-content\/uploads\/2023\/11\/Bertschi-AG-gewinnt-den-Prix-SVC-Nordschweiz-2023-1_Organisator.jpg","datePublished":"2023-11-15T08:17:27+00:00","dateModified":"2023-12-04T15:24:18+00:00","description":"La gagnante du Prix SVC Nordschweiz 2023 est la soci\u00e9t\u00e9 Bertschi AG de D\u00fcrren\u00e4sch (AG), sp\u00e9cialiste de la logistique chimique.","breadcrumb":{"@id":"https:\/\/www.organisator.ch\/management\/2023-11-15\/bertschi-ag-gewinnt-den-prix-svc-nordschweiz-2023\/#breadcrumb"},"inLanguage":"fr-FR","potentialAction":[{"@type":"ReadAction","target":["https:\/\/www.organisator.ch\/management\/2023-11-15\/bertschi-ag-gewinnt-den-prix-svc-nordschweiz-2023\/"]}]},{"@type":"ImageObject","inLanguage":"fr-FR","@id":"https:\/\/www.organisator.ch\/management\/2023-11-15\/bertschi-ag-gewinnt-den-prix-svc-nordschweiz-2023\/#primaryimage","url":"https:\/\/www.organisator.ch\/wp-content\/uploads\/2023\/11\/Bertschi-AG-gewinnt-den-Prix-SVC-Nordschweiz-2023-1_Organisator.jpg","contentUrl":"https:\/\/www.organisator.ch\/wp-content\/uploads\/2023\/11\/Bertschi-AG-gewinnt-den-Prix-SVC-Nordschweiz-2023-1_Organisator.jpg","width":680,"height":559,"caption":"Strahlender Sieger: Hans-J\u00f6rg Bertschi stemmt die Troph\u00e4e des Prix SVC Nordschweiz in die H\u00f6he. SVC-Pr\u00e4sident Andreas Gerber applaudiert. (Bild: Thomas Berner)"},{"@type":"BreadcrumbList","@id":"https:\/\/www.organisator.ch\/management\/2023-11-15\/bertschi-ag-gewinnt-den-prix-svc-nordschweiz-2023\/#breadcrumb","itemListElement":[{"@type":"ListItem","position":1,"name":"Home","item":"https:\/\/www.organisator.ch\/"},{"@type":"ListItem","position":2,"name":"Bertschi AG gewinnt den Prix SVC Nordschweiz 2023"}]},{"@type":"WebSite","@id":"https:\/\/www.organisator.ch\/#website","url":"https:\/\/www.organisator.ch\/","name":"Organisateur","description":"Comp\u00e9tence et comp\u00e9tence. Proches de la pratique. L'ORGANISATEUR pr\u00e9pare 10 num\u00e9ros par an sur les th\u00e8mes essentiels pour les dirigeants de PME.","publisher":{"@id":"https:\/\/www.organisator.ch\/#organization"},"potentialAction":[{"@type":"SearchAction","target":{"@type":"EntryPoint","urlTemplate":"https:\/\/www.organisator.ch\/?s={search_term_string}"},"query-input":{"@type":"PropertyValueSpecification","valueRequired":true,"valueName":"search_term_string"}}],"inLanguage":"fr-FR"},{"@type":"Organization","@id":"https:\/\/www.organisator.ch\/#organization","name":"Organisateur","url":"https:\/\/www.organisator.ch\/","logo":{"@type":"ImageObject","inLanguage":"fr-FR","@id":"https:\/\/www.organisator.ch\/#\/schema\/logo\/image\/","url":"https:\/\/www.organisator.ch\/wp-content\/uploads\/2022\/01\/Logo_Organisator_Website.png","contentUrl":"https:\/\/www.organisator.ch\/wp-content\/uploads\/2022\/01\/Logo_Organisator_Website.png","width":800,"height":77,"caption":"Organisator"},"image":{"@id":"https:\/\/www.organisator.ch\/#\/schema\/logo\/image\/"},"sameAs":["https:\/\/www.facebook.com\/OrganisatorFachmagazin","https:\/\/www.linkedin.com\/showcase\/organisator-das-magazin-fr-kmu","https:\/\/www.xing.com\/news\/pages\/organisator-ch-695","https:\/\/www.youtube.com\/channel\/UCGP2Sq0iWaZwT3BdIAQFYpw"]},{"@type":"Person","@id":"https:\/\/www.organisator.ch\/#\/schema\/person\/6f650f90b2842cd4c0cc334b4e36f67e","name":"thomas.berner","image":{"@type":"ImageObject","inLanguage":"fr-FR","@id":"https:\/\/secure.gravatar.com\/avatar\/ac5001d2a36cb6c6cd3e50789007ffca834b477b74a2144564522e944eabff61?s=96&d=mm&r=g","url":"https:\/\/secure.gravatar.com\/avatar\/ac5001d2a36cb6c6cd3e50789007ffca834b477b74a2144564522e944eabff61?s=96&d=mm&r=g","contentUrl":"https:\/\/secure.gravatar.com\/avatar\/ac5001d2a36cb6c6cd3e50789007ffca834b477b74a2144564522e944eabff61?s=96&d=mm&r=g","caption":"thomas.berner"},"url":"https:\/\/www.organisator.ch\/fr\/author\/thomas-berner\/"}]}},"_links":{"self":[{"href":"https:\/\/www.organisator.ch\/fr\/wp-json\/wp\/v2\/posts\/23186","targetHints":{"allow":["GET"]}}],"collection":[{"href":"https:\/\/www.organisator.ch\/fr\/wp-json\/wp\/v2\/posts"}],"about":[{"href":"https:\/\/www.organisator.ch\/fr\/wp-json\/wp\/v2\/types\/post"}],"author":[{"embeddable":true,"href":"https:\/\/www.organisator.ch\/fr\/wp-json\/wp\/v2\/users\/4"}],"replies":[{"embeddable":true,"href":"https:\/\/www.organisator.ch\/fr\/wp-json\/wp\/v2\/comments?post=23186"}],"version-history":[{"count":1,"href":"https:\/\/www.organisator.ch\/fr\/wp-json\/wp\/v2\/posts\/23186\/revisions"}],"predecessor-version":[{"id":23190,"href":"https:\/\/www.organisator.ch\/fr\/wp-json\/wp\/v2\/posts\/23186\/revisions\/23190"}],"wp:featuredmedia":[{"embeddable":true,"href":"https:\/\/www.organisator.ch\/fr\/wp-json\/wp\/v2\/media\/23187"}],"wp:attachment":[{"href":"https:\/\/www.organisator.ch\/fr\/wp-json\/wp\/v2\/media?parent=23186"}],"wp:term":[{"taxonomy":"category","embeddable":true,"href":"https:\/\/www.organisator.ch\/fr\/wp-json\/wp\/v2\/categories?post=23186"},{"taxonomy":"post_tag","embeddable":true,"href":"https:\/\/www.organisator.ch\/fr\/wp-json\/wp\/v2\/tags?post=23186"}],"curies":[{"name":"wp","href":"https:\/\/api.w.org\/{rel}","templated":true}]}}