{"id":23192,"date":"2023-11-15T11:23:59","date_gmt":"2023-11-15T10:23:59","guid":{"rendered":"https:\/\/www.organisator.ch\/?p=23192"},"modified":"2023-11-30T08:33:02","modified_gmt":"2023-11-30T07:33:02","slug":"die-hoehle-der-loewen-schweiz-die-energiegeladene-3-folge","status":"publish","type":"post","link":"https:\/\/www.organisator.ch\/fr\/management\/2023-11-15\/die-hoehle-der-loewen-schweiz-die-energiegeladene-3-folge\/","title":{"rendered":"\"Die H\u00f6hle der L\u00f6wen Schweiz\" : le 3e \u00e9pisode plein d'\u00e9nergie"},"content":{"rendered":"<figure id=\"attachment_23193\" aria-describedby=\"caption-attachment-23193\" style=\"width: 680px\" class=\"wp-caption alignnone\"><img loading=\"lazy\" decoding=\"async\" class=\"size-full wp-image-23193\" src=\"https:\/\/www.organisator.ch\/wp-content\/uploads\/2023\/11\/HDL3_Bild1_ps.jpg\" alt=\"\" width=\"680\" height=\"383\" srcset=\"https:\/\/www.organisator.ch\/wp-content\/uploads\/2023\/11\/HDL3_Bild1_ps.jpg 680w, https:\/\/www.organisator.ch\/wp-content\/uploads\/2023\/11\/HDL3_Bild1_ps-18x10.jpg 18w, https:\/\/www.organisator.ch\/wp-content\/uploads\/2023\/11\/HDL3_Bild1_ps-375x211.jpg 375w, https:\/\/www.organisator.ch\/wp-content\/uploads\/2023\/11\/HDL3_Bild1_ps-621x350.jpg 621w\" sizes=\"auto, (max-width: 680px) 100vw, 680px\" \/><figcaption id=\"caption-attachment-23193\" class=\"wp-caption-text\">\"Chew Up\" est une jeune start-up motiv\u00e9e qui a su attirer l'attention des investisseurs gr\u00e2ce \u00e0 des id\u00e9es innovantes et un produit unique. (Image : CH Media)<\/figcaption><\/figure>\n<p>Le 3e \u00e9pisode de \"Die H\u00f6hle der L\u00f6wen Schweiz\" a d\u00e9but\u00e9 par un m\u00e9lange fascinant de divorce et de technologie. Cette combinaison inhabituelle a suscit\u00e9 beaucoup de discussions et de suspense chez les lions et les lionnes. Car <strong>\"d\u00e9cision-consensuelle.ch\" <\/strong>est une entreprise qui se concentre sur les divorces. La soci\u00e9t\u00e9 propose une approche innovante des services de divorce, visant \u00e0 rendre le processus plus rapide et moins co\u00fbteux. En mettant l'accent sur la paix et la m\u00e9diation, ils aident les couples \u00e0 g\u00e9rer leur divorce de la mani\u00e8re la moins conflictuelle possible.<\/p>\n<p>Le fondateur de l'entreprise, Pascal Gemperli de Morges (VD), a pour vision de r\u00e9volutionner le processus de divorce en Suisse et de participer au d\u00e9veloppement de la num\u00e9risation dans son entreprise. Notamment en utilisant la technologie, en particulier l'IA, pour acc\u00e9l\u00e9rer et simplifier le processus. Lors du pitch aux investisseurs, le fondateur a offert 10% de la part de l'entreprise et voulait 80.000 francs suisses comme investissement pour cela. Bien que la startup ait \u00e9t\u00e9 cr\u00e9\u00e9e en 2020 et mise en ligne en 2021, elle avait d\u00e9j\u00e0 r\u00e9alis\u00e9 un chiffre d'affaires de 41 000 francs suisses la premi\u00e8re ann\u00e9e et le plan du fondateur est de continuer \u00e0 faire cro\u00eetre l'entreprise.<\/p>\n<p>Les investisseurs ont eu des r\u00e9actions mitig\u00e9es au pitch. Certains ont exprim\u00e9 des doutes quant au potentiel de l'entreprise pour un investissement, comme Lukas Speiser et J\u00fcrg Schwarzenbach, tandis que d'autres avaient des raisons personnelles de ne pas investir. Malgr\u00e9 tout, l'id\u00e9e de num\u00e9riser le processus de divorce et d'aider les gens dans les moments difficiles a \u00e9t\u00e9 g\u00e9n\u00e9ralement bien accueillie par Nicole B\u00fcttner.<\/p>\n<p>Dans l'ensemble, il n'y a pas eu d'accord d'investissement au final, mais d\u00e9cision-consensuelle.ch reste soucieux de faire avancer son approche de la num\u00e9risation du processus de divorce en Suisse et de soutenir les personnes en situation difficile.<\/p>\n<h3><strong>Huile de coriandre et \"matcha\", la magie d'un investissement <\/strong><\/h3>\n<p><strong>\"Skincosmedic\" :<\/strong><strong>\u00a0<\/strong>Sandra Henseler et Gabriele Engelbrecht de Lucerne, les t\u00eates pensantes de l'entreprise, ont une exp\u00e9rience impressionnante dans le domaine de la cosm\u00e9tique m\u00e9dicale. Gabriele est esth\u00e9ticienne m\u00e9dicale depuis 2006 et g\u00e8re son propre institut, tandis que Sandra travaille dans l'entreprise depuis 11 ans d\u00e9j\u00e0 et totalise plus de 20 ans d'exp\u00e9rience professionnelle.<\/p>\n<p>L'ann\u00e9e derni\u00e8re, ils ont \u00e9t\u00e9 confront\u00e9s \u00e0 un nombre croissant de clients et de clientes souffrant d'imperfections cutan\u00e9es. Malgr\u00e9 l'ampleur du march\u00e9 des cosm\u00e9tiques, Gabriele a d\u00e9cid\u00e9 de cr\u00e9er sa propre ligne de soins pour la peau. Sa propre marque v\u00e9gane, Skincosmedic, a pour devise \"Moins, c'est plus\" et renonce aux ingr\u00e9dients qui n'ont rien \u00e0 faire dans les produits de soin de la peau, comme le plastique, la paraffine et le silicone. Au lieu de cela, ils misent exclusivement sur des composants v\u00e9g\u00e9taux et des substances actives scientifiquement fond\u00e9es.<\/p>\n<p>Un point fort particulier de leur ligne est l'huile de coriandre, qui a un effet antibact\u00e9rien et cible les virus, les champignons et les bact\u00e9ries sur et dans la peau. Cet ingr\u00e9dient unique ne se trouve dans aucun autre produit de soin de la peau sur le march\u00e9. Ils ont mis au point un gel \u00e0 l'huile de coriandre qui r\u00e9duit les imperfections et les rougeurs, m\u00eame s\u00e9v\u00e8res, jusqu'\u00e0 60-70% en quatre semaines. Leur gamme a \u00e9t\u00e9 test\u00e9e dermatologiquement et a obtenu une excellente note. L'entreprise a besoin de soutien pour utiliser l'huile de coriandre \u00e0 grande \u00e9chelle, d\u00e9velopper de nouveaux produits uniques et mettre en place le marketing de Skincosmedic. Dans leur pitch, ils ont propos\u00e9 aux investisseurs 75 000 francs ainsi que leurs id\u00e9es et leur collaboration, et ils \u00e9taient pr\u00eats \u00e0 c\u00e9der 10% des parts de l'entreprise. Bien que l'entreprise n'ait \u00e9t\u00e9 cr\u00e9\u00e9e qu'en f\u00e9vrier 2022 et qu'elle ait vendu jusqu'\u00e0 pr\u00e9sent 400 pi\u00e8ces, ils ont r\u00e9alis\u00e9 un chiffre d'affaires total de 60 000 francs en 2022.<\/p>\n<p>Lukas Speiser a demand\u00e9 d'o\u00f9 venait l'huile de coriandre, et il s'est av\u00e9r\u00e9 qu'elle provenait d'Ukraine ou de Russie. Gabriele et Sandra envoient la recette et l'argent, tandis que la production est assur\u00e9e par d'autres entreprises. Le lion Felix Bertram a exprim\u00e9 que le produit avait de bonnes chances sur le march\u00e9 et qu'il pouvait se distinguer des autres. Bien que certains investisseurs se soient montr\u00e9s int\u00e9ress\u00e9s, aucun accord final n'a \u00e9t\u00e9 conclu. Felix Bertram leur a conseill\u00e9 de se d\u00e9marquer et leur a sugg\u00e9r\u00e9 d'ajouter le nom \"coriandre\" \u00e0 leur marque. Roland Brack n'a pas investi, mais a propos\u00e9 d'ajouter le produit \u00e0 l'assortiment de Brack.ch. Bien qu'il n'y ait finalement pas eu d'accord, Skincosmedic reste motiv\u00e9e pour \u00e9tablir ses produits uniques sur le march\u00e9 et aider les clients \u00e0 r\u00e9soudre leurs probl\u00e8mes de peau.<\/p>\n<p><strong>\"Chew up\" - <\/strong>Ljam Oehninger, Leon Bossard et Ennio Kubli de Zurich sont les plus jeunes fondateurs \u00e0 avoir particip\u00e9 \u00e0 \"Die H\u00f6hle der L\u00f6wen Schweiz\" depuis cinq ans. Malgr\u00e9 leur jeune \u00e2ge, ils ont des projets d'expansion ambitieux pour leur startup \"Chew Up\", qui propose des chewing-gums \u00e9nerg\u00e9tiques. Dans leur pitch, ils ont propos\u00e9 aux investisseurs 20.000 francs pour 10% des parts de l'entreprise.<\/p>\n<p>L'id\u00e9e derri\u00e8re Chew Up est simple : offrir un moyen naturel et sans caf\u00e9ine de lutter contre la fatigue et le manque de concentration. Le secret r\u00e9side dans l'utilisation de th\u00e9 vert japonais, \u00e9galement connu sous le nom de \"matcha\", comme ingr\u00e9dient principal. Le matcha est connu pour donner de l'\u00e9nergie et augmenter la concentration, sans les inconv\u00e9nients de la caf\u00e9ine. Chew Up est cens\u00e9 augmenter l'\u00e9nergie et la concentration tout au long de la journ\u00e9e, tandis que les antioxydants qu'il contient sont cens\u00e9s renforcer le syst\u00e8me immunitaire et r\u00e9duire le stress. Le chewing-gum peut \u00eatre consomm\u00e9 pratiquement partout et se glisse dans une poche de pantalon. Le premier lot de 500 paquets de Chew Up s'est vendu en un rien de temps, car il a \u00e9t\u00e9 bien accueilli par les clients. Les fondateurs pr\u00e9voient de continuer \u00e0 d\u00e9velopper leur produit, de cr\u00e9er un nouveau design et d'augmenter la production \u00e0 4.000 paquets. En outre, ils travaillent \u00e0 la production de leur propre extrait de matcha. Ils sont \u00e0 la recherche de savoir-faire et de soutien pour faire \u00e9voluer leur entreprise.<\/p>\n<p>Pendant le pitch, les investisseurs se sont montr\u00e9s int\u00e9ress\u00e9s et ont pos\u00e9 des questions sur le produit. Ils ont soulign\u00e9 que leur attention se portait sur l'effet \u00e9nerg\u00e9tique et non sur le go\u00fbt, bien qu'il existe d\u00e9j\u00e0 en Suisse des chewing-gums au go\u00fbt de matcha. Les co\u00fbts de production d'un paquet de Chew Up s'\u00e9l\u00e8vent \u00e0 50 centimes, tandis que le prix de vente dans leur propre boutique en ligne est de 2,50 francs pour 10 chewing-gums. Compar\u00e9 \u00e0 d'autres chewing-gums, Chew Up est certes plus cher, mais les fondateurs argumentent qu'il peut aussi \u00eatre plus cher parce qu'il n'est pas seulement un chewing-gum mais qu'il a aussi un effet.<\/p>\n<p>A la fin du pitch, Roland Brack a propos\u00e9 aux fondateurs 20'000 francs pour 20% des parts de l'entreprise, et ils ont accept\u00e9 l'offre, ce qui a conduit \u00e0 un investissement r\u00e9ussi. Chew Up est une start-up en plein essor qui a attir\u00e9 l'attention des investisseurs avec des id\u00e9es innovantes et un produit unique et qui souhaite prendre pied sur le march\u00e9 des produits \u00e9nerg\u00e9tiques et de concentration.<\/p>\n<h3><strong>Comment les startups font une d\u00e9claration<\/strong><\/h3>\n<p><strong>\"Yolinga SA\"<\/strong> - La fondatrice Antje Schenker et sa collaboratrice Julia Egloff sont derri\u00e8re \"Yolinga\", une plateforme r\u00e9cemment lanc\u00e9e qui se positionne comme la premi\u00e8re plateforme de r\u00e9servation pour le yoga avec des fonctions de recherche uniques. Antje, la fondatrice de l'entreprise, a expliqu\u00e9 aux investisseurs pourquoi elle estime qu'une telle plateforme est n\u00e9cessaire. Antje a soulign\u00e9 que la recherche de cours de yoga appropri\u00e9s peut souvent \u00eatre angoissante et prendre beaucoup de temps. La plateforme Yolinga vise \u00e0 minimiser ce processus et \u00e0 permettre aux utilisateurs de trouver et de r\u00e9server des cours et des \u00e9v\u00e9nements de yoga en ligne et en toute simplicit\u00e9. L'offre est facilement accessible, disponible pour tous et utilisable 24 heures sur 24.<\/p>\n<p>Malgr\u00e9 la jeunesse de l'entreprise, Julia et Antje ont d\u00e9j\u00e0 r\u00e9ussi \u00e0 recruter 30 professeurs de yoga pour leur plateforme au cours des quatre premiers mois, sans marketing cibl\u00e9. Elles sont la seule plateforme \u00e0 couvrir verticalement tout le spectre du monde du yoga. Dans leur pitch, ils ont propos\u00e9 aux investisseurs 8% des parts de l'entreprise pour 100'000 francs. Pour souligner l'importance du yoga dans leur plateforme, ils avaient m\u00eame amen\u00e9 une professeure de yoga pour pratiquer le yoga avec les lions et les lionnes.<\/p>\n<p>La mon\u00e9tisation est assur\u00e9e par des frais de r\u00e9servation de 15%. Les utilisateurs peuvent effectuer des recherches par r\u00e9gion, style, jour et heure pour trouver le cours de yoga qui leur convient. Comme il existe plus de 100 styles de yoga diff\u00e9rents, Yolinga aide les gens \u00e0 trouver leur propre style. Les cours ne peuvent \u00eatre achet\u00e9s que par abonnement, ce qui offre aux utilisateurs une flexibilit\u00e9 maximale. Les prix varient en fonction de la r\u00e9gion, Zurich \u00e9tant la plus demand\u00e9e. Un cours hebdomadaire co\u00fbte environ 30 francs et la plateforme offre une garantie de remboursement aux clients insatisfaits.<\/p>\n<p>Julia et Antje ont soulign\u00e9 l'importance du marketing num\u00e9rique pour leur entreprise et pr\u00e9voient d'atteindre le seuil de rentabilit\u00e9 dans trois ans. Malgr\u00e9 l'int\u00e9r\u00eat du concept et l'attraction rapide des professeurs de yoga, Felix Bertram n'a pas vu de cas commercial clair pour l'entreprise et a donc d\u00e9cid\u00e9 de ne pas investir. \u00c0 la fin du pitch, aucun investissement n'a \u00e9t\u00e9 r\u00e9alis\u00e9 pour Yolinga par les autres lions non plus.<\/p>\n<figure id=\"attachment_23194\" aria-describedby=\"caption-attachment-23194\" style=\"width: 680px\" class=\"wp-caption alignnone\"><img loading=\"lazy\" decoding=\"async\" class=\"size-full wp-image-23194\" src=\"https:\/\/www.organisator.ch\/wp-content\/uploads\/2023\/11\/HDL3_Bild2_ps.jpg\" alt=\"\" width=\"680\" height=\"383\" srcset=\"https:\/\/www.organisator.ch\/wp-content\/uploads\/2023\/11\/HDL3_Bild2_ps.jpg 680w, https:\/\/www.organisator.ch\/wp-content\/uploads\/2023\/11\/HDL3_Bild2_ps-18x10.jpg 18w, https:\/\/www.organisator.ch\/wp-content\/uploads\/2023\/11\/HDL3_Bild2_ps-375x211.jpg 375w, https:\/\/www.organisator.ch\/wp-content\/uploads\/2023\/11\/HDL3_Bild2_ps-621x350.jpg 621w\" sizes=\"auto, (max-width: 680px) 100vw, 680px\" \/><figcaption id=\"caption-attachment-23194\" class=\"wp-caption-text\">Les lions et les lionnes pratiquent le yoga, en compagnie de la professeure de yoga de \"Yolinga\". (Image : CH Media)<\/figcaption><\/figure>\n<p><strong>\"Statement AG\"<\/strong> - Mirco Fehr de Siebnen (SZ), le fondateur de \"Statement AG\", a pr\u00e9sent\u00e9 son entreprise aux investisseurs et leur a offert 200'000 francs pour 10% des parts de l'entreprise. Sa passion pour l'alimentation riche en prot\u00e9ines l'a conduit \u00e0 l'id\u00e9e de d\u00e9velopper de savoureux produits \u00e0 base de prot\u00e9ines v\u00e9g\u00e9tales. Il souligne qu'une alimentation riche en prot\u00e9ines est extr\u00eamement pertinente \u00e0 l'heure actuelle et que l'alimentation v\u00e9g\u00e9talienne est de plus en plus populaire sur les m\u00e9dias sociaux, en particulier chez les jeunes. Cela a fait de la consommation d'aliments v\u00e9g\u00e9taux un style de vie qu'il souhaite soutenir avec ses produits.<\/p>\n<p>Les produits de Statement AG sont des boissons et des snacks savoureux, qui ont non seulement bon go\u00fbt, mais aussi une grande valeur nutritionnelle. Le d\u00e9veloppement des produits se fait en collaboration avec deux scientifiques en sciences naturelles\/nutritionnelles (Dr. ETH), qui d\u00e9tiennent 15 pour cent de l'entreprise. Il existe \u00e9galement une collaboration avec des distributeurs. En 2022, l'entreprise a r\u00e9alis\u00e9 un chiffre d'affaires de 80 000 francs, mais Mirco a des projets ambitieux et vise un chiffre d'affaires d'un million d'ici 2024. Il souligne que son ambition n'est pas de remplacer les repas traditionnels, mais que ses produits servent d'en-cas riches en prot\u00e9ines. La gamme de produits de Statement AG comprend notamment des bouch\u00e9es prot\u00e9in\u00e9es et des eaux prot\u00e9in\u00e9es avec ou sans sucre. Ces produits sont id\u00e9aux apr\u00e8s l'entra\u00eenement ou dans le cadre d'une alimentation \u00e9quilibr\u00e9e.<\/p>\n<p>Roland Brack a propos\u00e9 une collaboration avec Brack.ch. Pendant le pitch, Lukas Speiser et Felix Bertram ont propos\u00e9 d'investir 200 000 francs pour 15% des parts de l'entreprise, Mirco \u00e9tant \u00e9galement le directeur g\u00e9n\u00e9ral. Cela impliquerait un changement dans la structure de l'actionnariat de l'entreprise. Mirco a accept\u00e9 cette offre et l'affaire s'est conclue avec succ\u00e8s. Dans l'ensemble, le pitch de Statement AG a \u00e9t\u00e9 un succ\u00e8s, puisque deux lions se sont montr\u00e9s int\u00e9ress\u00e9s et qu'un accord a \u00e9t\u00e9 conclu. Cela montre que Mirco et son entreprise font une d\u00e9claration forte en faveur des prot\u00e9ines v\u00e9g\u00e9tales.<\/p>\n<h3><strong>La \"laisse de chien heureuse\" rend-elle aussi les lions et les lionnes heureux ? <\/strong><\/h3>\n<p><strong>\"happydogleash\"<\/strong> - Le fondateur de \"happydogleash\", une laisse pour chien avec sac \u00e0 crottes, Machiel Rujiterkamp des Pays-Bas, a pr\u00e9sent\u00e9 son id\u00e9e innovante aux investisseurs : Une \"laisse pour chien heureuse\" qui devrait faciliter la vie des propri\u00e9taires de chiens. L'id\u00e9e derri\u00e8re happydogleash est de cr\u00e9er une laisse pour chien qui soit non seulement pratique, mais aussi respectueuse de l'environnement. Cette laisse permet aux propri\u00e9taires de chiens de se d\u00e9barrasser rapidement et facilement des excr\u00e9ments de leur animal de compagnie, sans devoir emporter des sacs en plastique suppl\u00e9mentaires.<\/p>\n<p>Machiel et son coll\u00e8gue, qui est \u00e9galement cofondateur de l'entreprise, ont d\u00e9velopp\u00e9 eux-m\u00eames non seulement l'id\u00e9e, mais aussi le design et la technologie derri\u00e8re la laisse pour chien. Ils ont obtenu un brevet pour leur produit \u00e0 la fois en Am\u00e9rique et en Europe. La happydogleash dispose d'un sac dans lequel les d\u00e9jections canines peuvent \u00eatre conserv\u00e9es. Ce sac peut \u00eatre facilement attach\u00e9 \u00e0 la laisse du chien et jet\u00e9 si n\u00e9cessaire. La technologie qui se cache derri\u00e8re ce concept simple mais ing\u00e9nieux a impressionn\u00e9 les investisseurs. La laisse est l\u00e9g\u00e8re et comparable aux laisses pour chiens traditionnelles. La batterie doit \u00eatre remplac\u00e9e tous les trois mois environ. L'entreprise propose \u00e9galement un abonnement mensuel de 39 francs et un prix d'achat de 225 francs.<\/p>\n<p>Machiel a soulign\u00e9 que le march\u00e9 pour son produit est \u00e9norme, non seulement en Suisse, mais aussi en Europe et en Am\u00e9rique. Toutefois, les investisseurs ont exprim\u00e9 des doutes quant au point de prix et \u00e0 la faisabilit\u00e9 pratique du produit. \u00c0 la fin du pitch, il n'y a malheureusement pas eu d'investissement pour happydogleash. Malgr\u00e9 l'id\u00e9e int\u00e9ressante et la technologie impressionnante, les investisseurs n'ont pas pu \u00eatre convaincus d'investir dans l'entreprise. N\u00e9anmoins, Machiel a pr\u00e9sent\u00e9 son produit et son id\u00e9e et est en train de d\u00e9velopper son innovation.<\/p>\n<p><em>Plus d'informations sur les prochains envois :\u00a0<\/em><a href=\"https:\/\/www.oneplus.ch\/catalog\/1000604\"><em>www.oneplus.ch\u00a0<\/em><\/a><\/p>","protected":false},"excerpt":{"rendered":"<p>Des chewing-gums \u00e9nergisants aux cours de yoga en passant par les prot\u00e9ines v\u00e9g\u00e9tales, le troisi\u00e8me \u00e9pisode de l'\u00e9mission regorgeait d'id\u00e9es \u00e9nergisantes. Mais quelles sont les startups qui ont vraiment r\u00e9ussi \u00e0 convaincre les lions et les lionnes et \u00e0 conclure un accord avec succ\u00e8s ?<\/p>","protected":false},"author":58,"featured_media":23193,"comment_status":"closed","ping_status":"closed","sticky":false,"template":"","format":"standard","meta":{"_acf_changed":false,"_yoast_wpseo_focuskw":"Energiegeladen","_yoast_wpseo_metadesc":"Von energieaufbauenden Kaugummis bis hin zu Yogastunden und pflanzlichen Proteinen \u2013 die dritte Folge der Sendung war randvoll mit energiegeladenen Ideen.","articlekey":"","footnotes":""},"categories":[28],"tags":[334,424,451,492],"class_list":["post-23192","post","type-post","status-publish","format-standard","has-post-thumbnail","hentry","category-management","tag-management","tag-schweiz","tag-startups","tag-unternehmen"],"acf":[],"yoast_head":"<!-- This site is optimized with the Yoast SEO plugin v27.5 - https:\/\/yoast.com\/product\/yoast-seo-wordpress\/ -->\n<title>\u00abDie H\u00f6hle der L\u00f6wen Schweiz\u00bb: Die energiegeladene 3. Folge - Organisator<\/title>\n<meta name=\"description\" content=\"Von energieaufbauenden Kaugummis bis hin zu Yogastunden und pflanzlichen Proteinen \u2013 die dritte Folge der Sendung war randvoll mit energiegeladenen Ideen.\" \/>\n<meta name=\"robots\" content=\"index, follow, max-snippet:-1, max-image-preview:large, max-video-preview:-1\" \/>\n<link rel=\"canonical\" href=\"https:\/\/www.organisator.ch\/fr\/gestion-2\/2023-11-15\/die-hoehle-der-loewen-schweiz-die-energiegeladene-3-folge\/\" \/>\n<meta property=\"og:locale\" content=\"fr_FR\" \/>\n<meta property=\"og:type\" content=\"article\" \/>\n<meta property=\"og:title\" content=\"\u00abDie H\u00f6hle der L\u00f6wen Schweiz\u00bb: Die energiegeladene 3. Folge\" \/>\n<meta property=\"og:description\" content=\"Von energieaufbauenden Kaugummis bis hin zu Yogastunden und pflanzlichen Proteinen \u2013 die dritte Folge der Sendung war randvoll mit energiegeladenen Ideen.\" \/>\n<meta property=\"og:url\" content=\"https:\/\/www.organisator.ch\/fr\/gestion-2\/2023-11-15\/die-hoehle-der-loewen-schweiz-die-energiegeladene-3-folge\/\" \/>\n<meta property=\"og:site_name\" content=\"Organisator\" \/>\n<meta property=\"article:publisher\" content=\"https:\/\/www.facebook.com\/OrganisatorFachmagazin\" \/>\n<meta property=\"article:published_time\" content=\"2023-11-15T10:23:59+00:00\" \/>\n<meta property=\"article:modified_time\" content=\"2023-11-30T07:33:02+00:00\" \/>\n<meta property=\"og:image\" content=\"https:\/\/www.organisator.ch\/wp-content\/uploads\/2023\/11\/HDL3_Bild1_ps.jpg\" \/>\n\t<meta property=\"og:image:width\" content=\"680\" \/>\n\t<meta property=\"og:image:height\" content=\"383\" \/>\n\t<meta property=\"og:image:type\" content=\"image\/jpeg\" \/>\n<meta name=\"author\" content=\"Adelisa Kalajdzini\" \/>\n<meta name=\"twitter:card\" content=\"summary_large_image\" \/>\n<meta name=\"twitter:title\" content=\"\u00abDie H\u00f6hle der L\u00f6wen Schweiz\u00bb: Die energiegeladene 3. Folge\" \/>\n<meta name=\"twitter:description\" content=\"Von energieaufbauenden #Kaugummis bis hin zu #Yogastunden und #pflanzlichen Proteinen \u2013 die #dritte #Folge der Sendung war randvoll mit energiegeladenen Ideen.\" \/>\n<meta name=\"twitter:image\" content=\"https:\/\/www.organisator.ch\/wp-content\/uploads\/2023\/11\/HDL3_Bild1_ps.jpg\" \/>\n<script type=\"application\/ld+json\" class=\"yoast-schema-graph\">{\"@context\":\"https:\\\/\\\/schema.org\",\"@graph\":[{\"@type\":\"Article\",\"@id\":\"https:\\\/\\\/www.organisator.ch\\\/management\\\/2023-11-15\\\/die-hoehle-der-loewen-schweiz-die-energiegeladene-3-folge\\\/#article\",\"isPartOf\":{\"@id\":\"https:\\\/\\\/www.organisator.ch\\\/management\\\/2023-11-15\\\/die-hoehle-der-loewen-schweiz-die-energiegeladene-3-folge\\\/\"},\"author\":{\"name\":\"Adelisa Kalajdzini\",\"@id\":\"https:\\\/\\\/www.organisator.ch\\\/#\\\/schema\\\/person\\\/2e1314a2172123f874db408d8911d3f3\"},\"headline\":\"\u00abDie H\u00f6hle der L\u00f6wen Schweiz\u00bb: Die energiegeladene 3. Folge\",\"datePublished\":\"2023-11-15T10:23:59+00:00\",\"dateModified\":\"2023-11-30T07:33:02+00:00\",\"mainEntityOfPage\":{\"@id\":\"https:\\\/\\\/www.organisator.ch\\\/management\\\/2023-11-15\\\/die-hoehle-der-loewen-schweiz-die-energiegeladene-3-folge\\\/\"},\"wordCount\":2103,\"publisher\":{\"@id\":\"https:\\\/\\\/www.organisator.ch\\\/#organization\"},\"image\":{\"@id\":\"https:\\\/\\\/www.organisator.ch\\\/management\\\/2023-11-15\\\/die-hoehle-der-loewen-schweiz-die-energiegeladene-3-folge\\\/#primaryimage\"},\"thumbnailUrl\":\"https:\\\/\\\/www.organisator.ch\\\/wp-content\\\/uploads\\\/2023\\\/11\\\/HDL3_Bild1_ps.jpg\",\"keywords\":[\"Management\",\"Schweiz\",\"Startups\",\"Unternehmen\"],\"articleSection\":[\"MANAGEMENT\"],\"inLanguage\":\"fr-FR\"},{\"@type\":\"WebPage\",\"@id\":\"https:\\\/\\\/www.organisator.ch\\\/management\\\/2023-11-15\\\/die-hoehle-der-loewen-schweiz-die-energiegeladene-3-folge\\\/\",\"url\":\"https:\\\/\\\/www.organisator.ch\\\/management\\\/2023-11-15\\\/die-hoehle-der-loewen-schweiz-die-energiegeladene-3-folge\\\/\",\"name\":\"\u00abDie H\u00f6hle der L\u00f6wen Schweiz\u00bb: Die energiegeladene 3. Folge - Organisator\",\"isPartOf\":{\"@id\":\"https:\\\/\\\/www.organisator.ch\\\/#website\"},\"primaryImageOfPage\":{\"@id\":\"https:\\\/\\\/www.organisator.ch\\\/management\\\/2023-11-15\\\/die-hoehle-der-loewen-schweiz-die-energiegeladene-3-folge\\\/#primaryimage\"},\"image\":{\"@id\":\"https:\\\/\\\/www.organisator.ch\\\/management\\\/2023-11-15\\\/die-hoehle-der-loewen-schweiz-die-energiegeladene-3-folge\\\/#primaryimage\"},\"thumbnailUrl\":\"https:\\\/\\\/www.organisator.ch\\\/wp-content\\\/uploads\\\/2023\\\/11\\\/HDL3_Bild1_ps.jpg\",\"datePublished\":\"2023-11-15T10:23:59+00:00\",\"dateModified\":\"2023-11-30T07:33:02+00:00\",\"description\":\"Von energieaufbauenden Kaugummis bis hin zu Yogastunden und pflanzlichen Proteinen \u2013 die dritte Folge der Sendung war randvoll mit energiegeladenen Ideen.\",\"breadcrumb\":{\"@id\":\"https:\\\/\\\/www.organisator.ch\\\/management\\\/2023-11-15\\\/die-hoehle-der-loewen-schweiz-die-energiegeladene-3-folge\\\/#breadcrumb\"},\"inLanguage\":\"fr-FR\",\"potentialAction\":[{\"@type\":\"ReadAction\",\"target\":[\"https:\\\/\\\/www.organisator.ch\\\/management\\\/2023-11-15\\\/die-hoehle-der-loewen-schweiz-die-energiegeladene-3-folge\\\/\"]}]},{\"@type\":\"ImageObject\",\"inLanguage\":\"fr-FR\",\"@id\":\"https:\\\/\\\/www.organisator.ch\\\/management\\\/2023-11-15\\\/die-hoehle-der-loewen-schweiz-die-energiegeladene-3-folge\\\/#primaryimage\",\"url\":\"https:\\\/\\\/www.organisator.ch\\\/wp-content\\\/uploads\\\/2023\\\/11\\\/HDL3_Bild1_ps.jpg\",\"contentUrl\":\"https:\\\/\\\/www.organisator.ch\\\/wp-content\\\/uploads\\\/2023\\\/11\\\/HDL3_Bild1_ps.jpg\",\"width\":680,\"height\":383,\"caption\":\"\u00abChew Up\u00bb ist ein junges und motiviertes Startup, das mit innovativen Ideen und einem einzigartigen Produkt die Aufmerksamkeit der Investoren auf sich gezogen hat. (Bild: CH Media)\"},{\"@type\":\"BreadcrumbList\",\"@id\":\"https:\\\/\\\/www.organisator.ch\\\/management\\\/2023-11-15\\\/die-hoehle-der-loewen-schweiz-die-energiegeladene-3-folge\\\/#breadcrumb\",\"itemListElement\":[{\"@type\":\"ListItem\",\"position\":1,\"name\":\"Home\",\"item\":\"https:\\\/\\\/www.organisator.ch\\\/\"},{\"@type\":\"ListItem\",\"position\":2,\"name\":\"\u00abDie H\u00f6hle der L\u00f6wen Schweiz\u00bb: Die energiegeladene 3. Folge\"}]},{\"@type\":\"WebSite\",\"@id\":\"https:\\\/\\\/www.organisator.ch\\\/#website\",\"url\":\"https:\\\/\\\/www.organisator.ch\\\/\",\"name\":\"Organisator\",\"description\":\"Kompetent. Praxisnah. Der ORGANISATOR bereitet in 10 Ausgaben pro Jahr die wesentlichen Themen f\u00fcr F\u00fchrungskr\u00e4fte von KMU auf.\",\"publisher\":{\"@id\":\"https:\\\/\\\/www.organisator.ch\\\/#organization\"},\"potentialAction\":[{\"@type\":\"SearchAction\",\"target\":{\"@type\":\"EntryPoint\",\"urlTemplate\":\"https:\\\/\\\/www.organisator.ch\\\/?s={search_term_string}\"},\"query-input\":{\"@type\":\"PropertyValueSpecification\",\"valueRequired\":true,\"valueName\":\"search_term_string\"}}],\"inLanguage\":\"fr-FR\"},{\"@type\":\"Organization\",\"@id\":\"https:\\\/\\\/www.organisator.ch\\\/#organization\",\"name\":\"Organisator\",\"url\":\"https:\\\/\\\/www.organisator.ch\\\/\",\"logo\":{\"@type\":\"ImageObject\",\"inLanguage\":\"fr-FR\",\"@id\":\"https:\\\/\\\/www.organisator.ch\\\/#\\\/schema\\\/logo\\\/image\\\/\",\"url\":\"https:\\\/\\\/www.organisator.ch\\\/wp-content\\\/uploads\\\/2022\\\/01\\\/Logo_Organisator_Website.png\",\"contentUrl\":\"https:\\\/\\\/www.organisator.ch\\\/wp-content\\\/uploads\\\/2022\\\/01\\\/Logo_Organisator_Website.png\",\"width\":800,\"height\":77,\"caption\":\"Organisator\"},\"image\":{\"@id\":\"https:\\\/\\\/www.organisator.ch\\\/#\\\/schema\\\/logo\\\/image\\\/\"},\"sameAs\":[\"https:\\\/\\\/www.facebook.com\\\/OrganisatorFachmagazin\",\"https:\\\/\\\/www.linkedin.com\\\/showcase\\\/organisator-das-magazin-fr-kmu\",\"https:\\\/\\\/www.xing.com\\\/news\\\/pages\\\/organisator-ch-695\",\"https:\\\/\\\/www.youtube.com\\\/channel\\\/UCGP2Sq0iWaZwT3BdIAQFYpw\"]},{\"@type\":\"Person\",\"@id\":\"https:\\\/\\\/www.organisator.ch\\\/#\\\/schema\\\/person\\\/2e1314a2172123f874db408d8911d3f3\",\"name\":\"Adelisa Kalajdzini\",\"image\":{\"@type\":\"ImageObject\",\"inLanguage\":\"fr-FR\",\"@id\":\"https:\\\/\\\/secure.gravatar.com\\\/avatar\\\/09a397c22ac58cad6f160ee8306348599df9df58a8ede73696226897b9fa4b24?s=96&d=mm&r=g\",\"url\":\"https:\\\/\\\/secure.gravatar.com\\\/avatar\\\/09a397c22ac58cad6f160ee8306348599df9df58a8ede73696226897b9fa4b24?s=96&d=mm&r=g\",\"contentUrl\":\"https:\\\/\\\/secure.gravatar.com\\\/avatar\\\/09a397c22ac58cad6f160ee8306348599df9df58a8ede73696226897b9fa4b24?s=96&d=mm&r=g\",\"caption\":\"Adelisa Kalajdzini\"},\"url\":\"https:\\\/\\\/www.organisator.ch\\\/fr\\\/author\\\/adelisa-kalajdzini\\\/\"}]}<\/script>\n<!-- \/ Yoast SEO plugin. -->","yoast_head_json":{"title":"\"Die H\u00f6hle der L\u00f6wen Schweiz\" : le 3e \u00e9pisode plein d'\u00e9nergie - Organisateur","description":"Des chewing-gums \u00e9nergisants aux cours de yoga en passant par les prot\u00e9ines v\u00e9g\u00e9tales, le troisi\u00e8me \u00e9pisode de l'\u00e9mission regorgeait d'id\u00e9es \u00e9nergisantes.","robots":{"index":"index","follow":"follow","max-snippet":"max-snippet:-1","max-image-preview":"max-image-preview:large","max-video-preview":"max-video-preview:-1"},"canonical":"https:\/\/www.organisator.ch\/fr\/gestion-2\/2023-11-15\/die-hoehle-der-loewen-schweiz-die-energiegeladene-3-folge\/","og_locale":"fr_FR","og_type":"article","og_title":"\u00abDie H\u00f6hle der L\u00f6wen Schweiz\u00bb: Die energiegeladene 3. Folge","og_description":"Von energieaufbauenden Kaugummis bis hin zu Yogastunden und pflanzlichen Proteinen \u2013 die dritte Folge der Sendung war randvoll mit energiegeladenen Ideen.","og_url":"https:\/\/www.organisator.ch\/fr\/gestion-2\/2023-11-15\/die-hoehle-der-loewen-schweiz-die-energiegeladene-3-folge\/","og_site_name":"Organisator","article_publisher":"https:\/\/www.facebook.com\/OrganisatorFachmagazin","article_published_time":"2023-11-15T10:23:59+00:00","article_modified_time":"2023-11-30T07:33:02+00:00","og_image":[{"width":680,"height":383,"url":"https:\/\/www.organisator.ch\/wp-content\/uploads\/2023\/11\/HDL3_Bild1_ps.jpg","type":"image\/jpeg"}],"author":"Adelisa Kalajdzini","twitter_card":"summary_large_image","twitter_title":"\u00abDie H\u00f6hle der L\u00f6wen Schweiz\u00bb: Die energiegeladene 3. Folge","twitter_description":"Von energieaufbauenden #Kaugummis bis hin zu #Yogastunden und #pflanzlichen Proteinen \u2013 die #dritte #Folge der Sendung war randvoll mit energiegeladenen Ideen.","twitter_image":"https:\/\/www.organisator.ch\/wp-content\/uploads\/2023\/11\/HDL3_Bild1_ps.jpg","schema":{"@context":"https:\/\/schema.org","@graph":[{"@type":"Article","@id":"https:\/\/www.organisator.ch\/management\/2023-11-15\/die-hoehle-der-loewen-schweiz-die-energiegeladene-3-folge\/#article","isPartOf":{"@id":"https:\/\/www.organisator.ch\/management\/2023-11-15\/die-hoehle-der-loewen-schweiz-die-energiegeladene-3-folge\/"},"author":{"name":"Adelisa Kalajdzini","@id":"https:\/\/www.organisator.ch\/#\/schema\/person\/2e1314a2172123f874db408d8911d3f3"},"headline":"\u00abDie H\u00f6hle der L\u00f6wen Schweiz\u00bb: Die energiegeladene 3. Folge","datePublished":"2023-11-15T10:23:59+00:00","dateModified":"2023-11-30T07:33:02+00:00","mainEntityOfPage":{"@id":"https:\/\/www.organisator.ch\/management\/2023-11-15\/die-hoehle-der-loewen-schweiz-die-energiegeladene-3-folge\/"},"wordCount":2103,"publisher":{"@id":"https:\/\/www.organisator.ch\/#organization"},"image":{"@id":"https:\/\/www.organisator.ch\/management\/2023-11-15\/die-hoehle-der-loewen-schweiz-die-energiegeladene-3-folge\/#primaryimage"},"thumbnailUrl":"https:\/\/www.organisator.ch\/wp-content\/uploads\/2023\/11\/HDL3_Bild1_ps.jpg","keywords":["Management","Schweiz","Startups","Unternehmen"],"articleSection":["MANAGEMENT"],"inLanguage":"fr-FR"},{"@type":"WebPage","@id":"https:\/\/www.organisator.ch\/management\/2023-11-15\/die-hoehle-der-loewen-schweiz-die-energiegeladene-3-folge\/","url":"https:\/\/www.organisator.ch\/management\/2023-11-15\/die-hoehle-der-loewen-schweiz-die-energiegeladene-3-folge\/","name":"\"Die H\u00f6hle der L\u00f6wen Schweiz\" : le 3e \u00e9pisode plein d'\u00e9nergie - Organisateur","isPartOf":{"@id":"https:\/\/www.organisator.ch\/#website"},"primaryImageOfPage":{"@id":"https:\/\/www.organisator.ch\/management\/2023-11-15\/die-hoehle-der-loewen-schweiz-die-energiegeladene-3-folge\/#primaryimage"},"image":{"@id":"https:\/\/www.organisator.ch\/management\/2023-11-15\/die-hoehle-der-loewen-schweiz-die-energiegeladene-3-folge\/#primaryimage"},"thumbnailUrl":"https:\/\/www.organisator.ch\/wp-content\/uploads\/2023\/11\/HDL3_Bild1_ps.jpg","datePublished":"2023-11-15T10:23:59+00:00","dateModified":"2023-11-30T07:33:02+00:00","description":"Des chewing-gums \u00e9nergisants aux cours de yoga en passant par les prot\u00e9ines v\u00e9g\u00e9tales, le troisi\u00e8me \u00e9pisode de l'\u00e9mission regorgeait d'id\u00e9es \u00e9nergisantes.","breadcrumb":{"@id":"https:\/\/www.organisator.ch\/management\/2023-11-15\/die-hoehle-der-loewen-schweiz-die-energiegeladene-3-folge\/#breadcrumb"},"inLanguage":"fr-FR","potentialAction":[{"@type":"ReadAction","target":["https:\/\/www.organisator.ch\/management\/2023-11-15\/die-hoehle-der-loewen-schweiz-die-energiegeladene-3-folge\/"]}]},{"@type":"ImageObject","inLanguage":"fr-FR","@id":"https:\/\/www.organisator.ch\/management\/2023-11-15\/die-hoehle-der-loewen-schweiz-die-energiegeladene-3-folge\/#primaryimage","url":"https:\/\/www.organisator.ch\/wp-content\/uploads\/2023\/11\/HDL3_Bild1_ps.jpg","contentUrl":"https:\/\/www.organisator.ch\/wp-content\/uploads\/2023\/11\/HDL3_Bild1_ps.jpg","width":680,"height":383,"caption":"\u00abChew Up\u00bb ist ein junges und motiviertes Startup, das mit innovativen Ideen und einem einzigartigen Produkt die Aufmerksamkeit der Investoren auf sich gezogen hat. (Bild: CH Media)"},{"@type":"BreadcrumbList","@id":"https:\/\/www.organisator.ch\/management\/2023-11-15\/die-hoehle-der-loewen-schweiz-die-energiegeladene-3-folge\/#breadcrumb","itemListElement":[{"@type":"ListItem","position":1,"name":"Home","item":"https:\/\/www.organisator.ch\/"},{"@type":"ListItem","position":2,"name":"\u00abDie H\u00f6hle der L\u00f6wen Schweiz\u00bb: Die energiegeladene 3. Folge"}]},{"@type":"WebSite","@id":"https:\/\/www.organisator.ch\/#website","url":"https:\/\/www.organisator.ch\/","name":"Organisateur","description":"Comp\u00e9tence et comp\u00e9tence. Proches de la pratique. L'ORGANISATEUR pr\u00e9pare 10 num\u00e9ros par an sur les th\u00e8mes essentiels pour les dirigeants de PME.","publisher":{"@id":"https:\/\/www.organisator.ch\/#organization"},"potentialAction":[{"@type":"SearchAction","target":{"@type":"EntryPoint","urlTemplate":"https:\/\/www.organisator.ch\/?s={search_term_string}"},"query-input":{"@type":"PropertyValueSpecification","valueRequired":true,"valueName":"search_term_string"}}],"inLanguage":"fr-FR"},{"@type":"Organization","@id":"https:\/\/www.organisator.ch\/#organization","name":"Organisateur","url":"https:\/\/www.organisator.ch\/","logo":{"@type":"ImageObject","inLanguage":"fr-FR","@id":"https:\/\/www.organisator.ch\/#\/schema\/logo\/image\/","url":"https:\/\/www.organisator.ch\/wp-content\/uploads\/2022\/01\/Logo_Organisator_Website.png","contentUrl":"https:\/\/www.organisator.ch\/wp-content\/uploads\/2022\/01\/Logo_Organisator_Website.png","width":800,"height":77,"caption":"Organisator"},"image":{"@id":"https:\/\/www.organisator.ch\/#\/schema\/logo\/image\/"},"sameAs":["https:\/\/www.facebook.com\/OrganisatorFachmagazin","https:\/\/www.linkedin.com\/showcase\/organisator-das-magazin-fr-kmu","https:\/\/www.xing.com\/news\/pages\/organisator-ch-695","https:\/\/www.youtube.com\/channel\/UCGP2Sq0iWaZwT3BdIAQFYpw"]},{"@type":"Person","@id":"https:\/\/www.organisator.ch\/#\/schema\/person\/2e1314a2172123f874db408d8911d3f3","name":"Adelisa Kalajdzini","image":{"@type":"ImageObject","inLanguage":"fr-FR","@id":"https:\/\/secure.gravatar.com\/avatar\/09a397c22ac58cad6f160ee8306348599df9df58a8ede73696226897b9fa4b24?s=96&d=mm&r=g","url":"https:\/\/secure.gravatar.com\/avatar\/09a397c22ac58cad6f160ee8306348599df9df58a8ede73696226897b9fa4b24?s=96&d=mm&r=g","contentUrl":"https:\/\/secure.gravatar.com\/avatar\/09a397c22ac58cad6f160ee8306348599df9df58a8ede73696226897b9fa4b24?s=96&d=mm&r=g","caption":"Adelisa Kalajdzini"},"url":"https:\/\/www.organisator.ch\/fr\/author\/adelisa-kalajdzini\/"}]}},"_links":{"self":[{"href":"https:\/\/www.organisator.ch\/fr\/wp-json\/wp\/v2\/posts\/23192","targetHints":{"allow":["GET"]}}],"collection":[{"href":"https:\/\/www.organisator.ch\/fr\/wp-json\/wp\/v2\/posts"}],"about":[{"href":"https:\/\/www.organisator.ch\/fr\/wp-json\/wp\/v2\/types\/post"}],"author":[{"embeddable":true,"href":"https:\/\/www.organisator.ch\/fr\/wp-json\/wp\/v2\/users\/58"}],"replies":[{"embeddable":true,"href":"https:\/\/www.organisator.ch\/fr\/wp-json\/wp\/v2\/comments?post=23192"}],"version-history":[{"count":7,"href":"https:\/\/www.organisator.ch\/fr\/wp-json\/wp\/v2\/posts\/23192\/revisions"}],"predecessor-version":[{"id":23605,"href":"https:\/\/www.organisator.ch\/fr\/wp-json\/wp\/v2\/posts\/23192\/revisions\/23605"}],"wp:featuredmedia":[{"embeddable":true,"href":"https:\/\/www.organisator.ch\/fr\/wp-json\/wp\/v2\/media\/23193"}],"wp:attachment":[{"href":"https:\/\/www.organisator.ch\/fr\/wp-json\/wp\/v2\/media?parent=23192"}],"wp:term":[{"taxonomy":"category","embeddable":true,"href":"https:\/\/www.organisator.ch\/fr\/wp-json\/wp\/v2\/categories?post=23192"},{"taxonomy":"post_tag","embeddable":true,"href":"https:\/\/www.organisator.ch\/fr\/wp-json\/wp\/v2\/tags?post=23192"}],"curies":[{"name":"wp","href":"https:\/\/api.w.org\/{rel}","templated":true}]}}