{"id":2323,"date":"2017-08-17T08:33:22","date_gmt":"2017-08-17T06:33:22","guid":{"rendered":"https:\/\/www.organisator.ch\/?p=2323"},"modified":"2017-08-17T08:33:22","modified_gmt":"2017-08-17T06:33:22","slug":"swisscom-ist-mit-ihren-geschaeften-auf-kurs","status":"publish","type":"post","link":"https:\/\/www.organisator.ch\/fr\/allgemein\/2017-08-17\/swisscom-ist-mit-ihren-geschaeften-auf-kurs\/","title":{"rendered":"Les activit\u00e9s de Swisscom sont sur la bonne voie"},"content":{"rendered":"<figure id=\"attachment_2324\" aria-describedby=\"caption-attachment-2324\" style=\"width: 640px\" class=\"wp-caption alignnone\"><img loading=\"lazy\" decoding=\"async\" class=\"size-full wp-image-2324\" src=\"https:\/\/www.organisator.ch\/wp-content\/uploads\/2017\/08\/Swisscom-ist-mit-ihren-Geschaeften-auf-Kurs_Organisator.jpeg\" alt=\"\" width=\"640\" height=\"480\" srcset=\"https:\/\/www.organisator.ch\/wp-content\/uploads\/2017\/08\/Swisscom-ist-mit-ihren-Geschaeften-auf-Kurs_Organisator.jpeg 640w, https:\/\/www.organisator.ch\/wp-content\/uploads\/2017\/08\/Swisscom-ist-mit-ihren-Geschaeften-auf-Kurs_Organisator-16x12.jpeg 16w, https:\/\/www.organisator.ch\/wp-content\/uploads\/2017\/08\/Swisscom-ist-mit-ihren-Geschaeften-auf-Kurs_Organisator-233x175.jpeg 233w, https:\/\/www.organisator.ch\/wp-content\/uploads\/2017\/08\/Swisscom-ist-mit-ihren-Geschaeften-auf-Kurs_Organisator-467x350.jpeg 467w, https:\/\/www.organisator.ch\/wp-content\/uploads\/2017\/08\/Swisscom-ist-mit-ihren-Geschaeften-auf-Kurs_Organisator-300x225.jpeg 300w\" sizes=\"auto, (max-width: 640px) 100vw, 640px\" \/><figcaption id=\"caption-attachment-2324\" class=\"wp-caption-text\">Swisscom peut se targuer d'un bon premier semestre. (Image : Swisscom)<\/figcaption><\/figure>\n<p align=\"LEFT\">Swisscom vient de publier ses derniers chiffres semestriels. Le CEO Urs Schaeppi commente les r\u00e9sultats semestriels comme suit : \"Swisscom a r\u00e9alis\u00e9 une performance tr\u00e8s solide sur le march\u00e9 au deuxi\u00e8me trimestre. Nous avons lanc\u00e9 inOne avec succ\u00e8s, nous progressons dans les offres group\u00e9es et dans les activit\u00e9s TV. Fastweb est \u00e9galement en bonne voie et a augment\u00e9 sa contribution \u00e0 l'EBITDA de Swisscom. Le recul de la t\u00e9l\u00e9phonie fixe s'est poursuivi, ce qui, associ\u00e9 \u00e0 une concurrence intense et fortement ax\u00e9e sur les promotions, a entra\u00een\u00e9 une l\u00e9g\u00e8re baisse du chiffre d'affaires des services de t\u00e9l\u00e9communication\".<\/p>\n<p align=\"LEFT\"><strong>Concurrence intense, baisse de la t\u00e9l\u00e9phonie fixe<\/strong><\/p>\n<p align=\"LEFT\">Dans l'ensemble, le chiffre d'affaires net du plus grand prestataire de services t\u00e9l\u00e9coms de Suisse s'\u00e9l\u00e8ve \u00e0 CHF 5'690 millions au premier semestre 2017 (CHF -79 millions ou -1,4%), soit pratiquement le m\u00eame niveau que l'ann\u00e9e pr\u00e9c\u00e9dente. Dans ce contexte, le chiffre d'affaires des services de t\u00e9l\u00e9communication en Suisse est en l\u00e9ger recul. Selon les indications de Swisscom, il a diminu\u00e9 de CHF 76 millions (-2,3%) en raison d'une concurrence intense et d'une saturation croissante du march\u00e9 ; pr\u00e8s de la moiti\u00e9 de ce recul serait imputable \u00e0 la baisse du nombre d'abonn\u00e9s dans la t\u00e9l\u00e9phonie fixe. En revanche, l'EBITDA a augment\u00e9 de 1,5% ou CHF 33 millions pour atteindre CHF 2 260 millions. La croissance de l'EBITDA est notamment aussi marqu\u00e9e par Fastweb (+20,3%). L'EBITDA de Fastweb comprend des indemnit\u00e9s r\u00e9sultant de proc\u00e9dures juridiques \u00e0 hauteur de CHF 102 millions. Le b\u00e9n\u00e9fice net de Swisscom a augment\u00e9 de CHF 51 millions ou 6,5% \u00e0 CHF 839 millions par rapport \u00e0 la m\u00eame p\u00e9riode de l'ann\u00e9e pr\u00e9c\u00e9dente. Pour 2017, Swisscom table toujours sur un chiffre d'affaires net d'environ CHF 11,6 milliards et sur des investissements d'environ CHF 2,4 milliards. Si les objectifs sont atteints, Swisscom pr\u00e9voit de proposer \u00e0 l'Assembl\u00e9e g\u00e9n\u00e9rale 2018 un dividende inchang\u00e9 de CHF 22 par action pour l'exercice 2017.<\/p>\n<p align=\"LEFT\"><strong>Baisse du chiffre d'affaires compens\u00e9e par l'activit\u00e9 principale en Suisse<\/strong><\/p>\n<p align=\"LEFT\">Gr\u00e2ce \u00e0 une planification prudente, il a \u00e9t\u00e9 possible de compenser la majeure partie de la baisse du chiffre d'affaires dans l'activit\u00e9 principale en Suisse, poursuit l'entreprise. Comme annonc\u00e9, Swisscom r\u00e9duira sa base de co\u00fbts en Suisse de plus de CHF 300 millions entre 2015 et 2020.<\/p>\n<p align=\"LEFT\">Au final, l'effectif du groupe a diminu\u00e9 de 1,7% au premier semestre, passant \u00e0 20'775 postes. Fin juin, Swisscom comptait 17 974 postes en Suisse. Cela repr\u00e9sente 398 postes ou 2,2% de moins que fin 2016. Plus de la moiti\u00e9 de la r\u00e9duction a pu \u00eatre compens\u00e9e par des fluctuations naturelles et des placements internes. Au cours de l'\u00e9t\u00e9 2017, 222 apprentis ont termin\u00e9 leur apprentissage chez Swisscom. 278 jeunes ont commenc\u00e9 leur apprentissage professionnel chez Swisscom en ao\u00fbt, principalement dans les fili\u00e8res du commerce de d\u00e9tail, de la m\u00e9diamatique, de l'informatique et du commerce de d\u00e9tail. Au total, plus de 900 apprentis sont en formation chez Swisscom.<\/p>\n<p align=\"LEFT\">\n<p align=\"LEFT\"><strong>R\u00e9seau du futur : l'extension du r\u00e9seau \u00e0 tr\u00e8s haut d\u00e9bit se poursuit, le passage au tout IP se d\u00e9roule comme pr\u00e9vu<\/strong><\/p>\n<p align=\"LEFT\">Le prestataire de services de t\u00e9l\u00e9communication travaille actuellement \u00e0 plein r\u00e9gime sur des projets g\u00e9n\u00e9rationnels et poursuit la modernisation de son infrastructure en Suisse. Les investissements \u00e0 l'\u00e9chelle du groupe ont certes diminu\u00e9 (-11,4%) en raison de d\u00e9calages dans l'extension du r\u00e9seau, mais ils restent \u00e0 un niveau \u00e9lev\u00e9 avec CHF 1'057 millions. En Suisse, ils se sont \u00e9lev\u00e9s \u00e0 728 millions de CHF, soit 16,9% de moins que l'ann\u00e9e pr\u00e9c\u00e9dente. Fin juin, plus de 2,7 millions de raccordements \u00e9taient \u00e9quip\u00e9s des derni\u00e8res technologies de fibre optique. Au total, Swisscom a raccord\u00e9 environ 3,7 millions de logements et de commerces au tr\u00e8s haut d\u00e9bit (plus de 50 Mbit\/s). D'ici fin 2021, Swisscom raccordera toutes les communes suisses aux technologies de la fibre optique, permettant ainsi aux localit\u00e9s isol\u00e9es d'acc\u00e9der au tr\u00e8s haut d\u00e9bit.<\/p>\n<p align=\"LEFT\">\n<p align=\"LEFT\">La num\u00e9risation prometteuse du r\u00e9seau fixe (technologie tout IP) se d\u00e9roule \u00e9galement comme pr\u00e9vu. Ainsi, plus de 1,7 million de clients, soit les trois quarts des raccordements, profitent d\u00e9j\u00e0 de la qualit\u00e9 vocale HD, des listes de blocage personnelles, de l'affichage des noms et du filtre anti-spam automatique pour bloquer les appels publicitaires ind\u00e9sirables. Jusqu'\u00e0 40 000 raccordements suppl\u00e9mentaires sont ajout\u00e9s chaque mois. D\u00e8s le d\u00e9but de l'ann\u00e9e 2018, le passage complet des raccordements clients \u00e0 l'IP aura lieu dans les grandes r\u00e9gions de Suisse, de sorte que le d\u00e9mant\u00e8lement de l'ancienne infrastructure pourra y \u00eatre poursuivi.<\/p>\n<p align=\"LEFT\"><em>Cliquez ici pour voir le d\u00e9tail <a href=\"http:\/\/www.swisscom.ch\/q2-report-2017\">Rapport interm\u00e9diaire<\/a><\/em><\/p>","protected":false},"excerpt":{"rendered":"<p>Die Swisscom hat eben ihre aktuellen Halbjahreszahlen ver\u00f6ffentlicht. CEO Urs Schaeppi\u00a0kommentiert das\u00a0Halbjahresergebnis wie folgt: \u201cSwisscom hat im zweiten Quartal eine sehr solide Leistung am Markt gezeigt. Wir haben inOne erfolgreich eingef\u00fchrt, wachsen bei B\u00fcndelangeboten und im TV-Gesch\u00e4ft. Auch Fastweb ist gut unterwegs und steigerte den Beitrag am EBITDA von Swisscom. Fortgesetzt hat sich der R\u00fcckgang [&hellip;]<\/p>\n","protected":false},"author":4,"featured_media":2324,"comment_status":"open","ping_status":"open","sticky":false,"template":"","format":"standard","meta":{"_acf_changed":false,"_yoast_wpseo_focuskw":"Swisscom","_yoast_wpseo_metadesc":"Die Swisscom hat eben ihre aktuellen Halbjahreszahlen ver\u00f6ffentlicht. Das Unternehmen ist mit seinen Gesch\u00e4ftsbereichen auf Kurs.","articlekey":"","footnotes":""},"categories":[1],"tags":[286,492,508,531],"class_list":["post-2323","post","type-post","status-publish","format-standard","has-post-thumbnail","hentry","category-allgemein","tag-it","tag-unternehmen","tag-vermischtes","tag-wirtschaftspolitik"],"acf":[],"yoast_head":"<!-- This site is optimized with the Yoast SEO plugin v27.5 - https:\/\/yoast.com\/product\/yoast-seo-wordpress\/ -->\n<title>Swisscom ist mit ihren Gesch\u00e4ften auf Kurs - Organisator<\/title>\n<meta name=\"description\" content=\"Die Swisscom hat eben ihre aktuellen Halbjahreszahlen ver\u00f6ffentlicht. Das Unternehmen ist mit seinen Gesch\u00e4ftsbereichen auf Kurs.\" \/>\n<meta name=\"robots\" content=\"index, follow, max-snippet:-1, max-image-preview:large, max-video-preview:-1\" \/>\n<link rel=\"canonical\" href=\"https:\/\/www.organisator.ch\/fr\/general\/2017-08-17\/swisscom-ist-mit-ihren-geschaeften-auf-kurs\/\" \/>\n<meta property=\"og:locale\" content=\"fr_FR\" \/>\n<meta property=\"og:type\" content=\"article\" \/>\n<meta property=\"og:title\" content=\"Swisscom ist mit ihren Gesch\u00e4ften auf Kurs\" \/>\n<meta property=\"og:description\" content=\"Stabiler Umsatz im Vorjahresvergleich, h\u00f6herer EBITDA, anhaltender Trend zu B\u00fcndelprodukten, stabiles L\u00f6sungsgesch\u00e4ft mit Grosskunden und anhaltend hohe Investitionen in das Netz der Zukunft: Dies die Fakten des j\u00fcngsten Halbjahresberichts der #Swisscom.\" \/>\n<meta property=\"og:url\" content=\"https:\/\/www.organisator.ch\/fr\/general\/2017-08-17\/swisscom-ist-mit-ihren-geschaeften-auf-kurs\/\" \/>\n<meta property=\"og:site_name\" content=\"Organisator\" \/>\n<meta property=\"article:publisher\" content=\"https:\/\/www.facebook.com\/OrganisatorFachmagazin\" \/>\n<meta property=\"article:published_time\" content=\"2017-08-17T06:33:22+00:00\" \/>\n<meta property=\"og:image\" content=\"https:\/\/www.organisator.ch\/wp-content\/uploads\/2017\/08\/Swisscom-ist-mit-ihren-Geschaeften-auf-Kurs_Organisator.jpeg\" \/>\n\t<meta property=\"og:image:width\" content=\"640\" \/>\n\t<meta property=\"og:image:height\" content=\"480\" \/>\n\t<meta property=\"og:image:type\" content=\"image\/jpeg\" \/>\n<meta name=\"author\" content=\"thomas.berner\" \/>\n<meta name=\"twitter:card\" content=\"summary_large_image\" \/>\n<meta name=\"twitter:title\" content=\"#Swisscom ist mit ihren Gesch\u00e4ften auf Kurs\" \/>\n<meta name=\"twitter:description\" content=\"Stabiler Umsatz im Vorjahresvergleich, h\u00f6herer EBITDA, anhaltender Trend zu B\u00fcndelprodukten, stabiles L\u00f6sungsgesch\u00e4ft mit Grosskunden und anhaltend hohe Investitionen in das Netz der Zukunft: Dies die Fakten des j\u00fcngsten Halbjahresberichts der #Swisscom.\" \/>\n<meta name=\"twitter:image\" content=\"https:\/\/www.organisator.ch\/wp-content\/uploads\/2017\/08\/Swisscom-ist-mit-ihren-Gesch\u00e4ften-auf-Kurs_Organisator.jpeg\" \/>\n<script type=\"application\/ld+json\" class=\"yoast-schema-graph\">{\"@context\":\"https:\\\/\\\/schema.org\",\"@graph\":[{\"@type\":\"Article\",\"@id\":\"https:\\\/\\\/www.organisator.ch\\\/fr\\\/general\\\/2017-08-17\\\/swisscom-ist-mit-ihren-geschaeften-auf-kurs\\\/#article\",\"isPartOf\":{\"@id\":\"https:\\\/\\\/www.organisator.ch\\\/fr\\\/general\\\/2017-08-17\\\/swisscom-ist-mit-ihren-geschaeften-auf-kurs\\\/\"},\"author\":{\"name\":\"thomas.berner\",\"@id\":\"https:\\\/\\\/www.organisator.ch\\\/#\\\/schema\\\/person\\\/6f650f90b2842cd4c0cc334b4e36f67e\"},\"headline\":\"Swisscom ist mit ihren Gesch\u00e4ften auf Kurs\",\"datePublished\":\"2017-08-17T06:33:22+00:00\",\"mainEntityOfPage\":{\"@id\":\"https:\\\/\\\/www.organisator.ch\\\/fr\\\/general\\\/2017-08-17\\\/swisscom-ist-mit-ihren-geschaeften-auf-kurs\\\/\"},\"wordCount\":644,\"commentCount\":0,\"publisher\":{\"@id\":\"https:\\\/\\\/www.organisator.ch\\\/#organization\"},\"image\":{\"@id\":\"https:\\\/\\\/www.organisator.ch\\\/fr\\\/general\\\/2017-08-17\\\/swisscom-ist-mit-ihren-geschaeften-auf-kurs\\\/#primaryimage\"},\"thumbnailUrl\":\"https:\\\/\\\/www.organisator.ch\\\/wp-content\\\/uploads\\\/2017\\\/08\\\/Swisscom-ist-mit-ihren-Geschaeften-auf-Kurs_Organisator.jpeg\",\"keywords\":[\"IT\",\"Unternehmen\",\"Vermischtes\",\"Wirtschaftspolitik\"],\"articleSection\":[\"Allgemein\"],\"inLanguage\":\"fr-FR\"},{\"@type\":\"WebPage\",\"@id\":\"https:\\\/\\\/www.organisator.ch\\\/fr\\\/general\\\/2017-08-17\\\/swisscom-ist-mit-ihren-geschaeften-auf-kurs\\\/\",\"url\":\"https:\\\/\\\/www.organisator.ch\\\/fr\\\/general\\\/2017-08-17\\\/swisscom-ist-mit-ihren-geschaeften-auf-kurs\\\/\",\"name\":\"Swisscom ist mit ihren Gesch\u00e4ften auf Kurs - Organisator\",\"isPartOf\":{\"@id\":\"https:\\\/\\\/www.organisator.ch\\\/#website\"},\"primaryImageOfPage\":{\"@id\":\"https:\\\/\\\/www.organisator.ch\\\/fr\\\/general\\\/2017-08-17\\\/swisscom-ist-mit-ihren-geschaeften-auf-kurs\\\/#primaryimage\"},\"image\":{\"@id\":\"https:\\\/\\\/www.organisator.ch\\\/fr\\\/general\\\/2017-08-17\\\/swisscom-ist-mit-ihren-geschaeften-auf-kurs\\\/#primaryimage\"},\"thumbnailUrl\":\"https:\\\/\\\/www.organisator.ch\\\/wp-content\\\/uploads\\\/2017\\\/08\\\/Swisscom-ist-mit-ihren-Geschaeften-auf-Kurs_Organisator.jpeg\",\"datePublished\":\"2017-08-17T06:33:22+00:00\",\"description\":\"Die Swisscom hat eben ihre aktuellen Halbjahreszahlen ver\u00f6ffentlicht. Das Unternehmen ist mit seinen Gesch\u00e4ftsbereichen auf Kurs.\",\"breadcrumb\":{\"@id\":\"https:\\\/\\\/www.organisator.ch\\\/fr\\\/general\\\/2017-08-17\\\/swisscom-ist-mit-ihren-geschaeften-auf-kurs\\\/#breadcrumb\"},\"inLanguage\":\"fr-FR\",\"potentialAction\":[{\"@type\":\"ReadAction\",\"target\":[\"https:\\\/\\\/www.organisator.ch\\\/fr\\\/general\\\/2017-08-17\\\/swisscom-ist-mit-ihren-geschaeften-auf-kurs\\\/\"]}]},{\"@type\":\"ImageObject\",\"inLanguage\":\"fr-FR\",\"@id\":\"https:\\\/\\\/www.organisator.ch\\\/fr\\\/general\\\/2017-08-17\\\/swisscom-ist-mit-ihren-geschaeften-auf-kurs\\\/#primaryimage\",\"url\":\"https:\\\/\\\/www.organisator.ch\\\/wp-content\\\/uploads\\\/2017\\\/08\\\/Swisscom-ist-mit-ihren-Geschaeften-auf-Kurs_Organisator.jpeg\",\"contentUrl\":\"https:\\\/\\\/www.organisator.ch\\\/wp-content\\\/uploads\\\/2017\\\/08\\\/Swisscom-ist-mit-ihren-Geschaeften-auf-Kurs_Organisator.jpeg\",\"width\":640,\"height\":480,\"caption\":\"Die Swisscom kann auf ein gutes erstes Halbjahr zur\u00fcckblicken. (Bild: Swisscom)\"},{\"@type\":\"BreadcrumbList\",\"@id\":\"https:\\\/\\\/www.organisator.ch\\\/fr\\\/general\\\/2017-08-17\\\/swisscom-ist-mit-ihren-geschaeften-auf-kurs\\\/#breadcrumb\",\"itemListElement\":[{\"@type\":\"ListItem\",\"position\":1,\"name\":\"Home\",\"item\":\"https:\\\/\\\/www.organisator.ch\\\/\"},{\"@type\":\"ListItem\",\"position\":2,\"name\":\"Swisscom ist mit ihren Gesch\u00e4ften auf Kurs\"}]},{\"@type\":\"WebSite\",\"@id\":\"https:\\\/\\\/www.organisator.ch\\\/#website\",\"url\":\"https:\\\/\\\/www.organisator.ch\\\/\",\"name\":\"Organisator\",\"description\":\"Kompetent. Praxisnah. Der ORGANISATOR bereitet in 10 Ausgaben pro Jahr die wesentlichen Themen f\u00fcr F\u00fchrungskr\u00e4fte von KMU auf.\",\"publisher\":{\"@id\":\"https:\\\/\\\/www.organisator.ch\\\/#organization\"},\"potentialAction\":[{\"@type\":\"SearchAction\",\"target\":{\"@type\":\"EntryPoint\",\"urlTemplate\":\"https:\\\/\\\/www.organisator.ch\\\/?s={search_term_string}\"},\"query-input\":{\"@type\":\"PropertyValueSpecification\",\"valueRequired\":true,\"valueName\":\"search_term_string\"}}],\"inLanguage\":\"fr-FR\"},{\"@type\":\"Organization\",\"@id\":\"https:\\\/\\\/www.organisator.ch\\\/#organization\",\"name\":\"Organisator\",\"url\":\"https:\\\/\\\/www.organisator.ch\\\/\",\"logo\":{\"@type\":\"ImageObject\",\"inLanguage\":\"fr-FR\",\"@id\":\"https:\\\/\\\/www.organisator.ch\\\/#\\\/schema\\\/logo\\\/image\\\/\",\"url\":\"https:\\\/\\\/www.organisator.ch\\\/wp-content\\\/uploads\\\/2022\\\/01\\\/Logo_Organisator_Website.png\",\"contentUrl\":\"https:\\\/\\\/www.organisator.ch\\\/wp-content\\\/uploads\\\/2022\\\/01\\\/Logo_Organisator_Website.png\",\"width\":800,\"height\":77,\"caption\":\"Organisator\"},\"image\":{\"@id\":\"https:\\\/\\\/www.organisator.ch\\\/#\\\/schema\\\/logo\\\/image\\\/\"},\"sameAs\":[\"https:\\\/\\\/www.facebook.com\\\/OrganisatorFachmagazin\",\"https:\\\/\\\/www.linkedin.com\\\/showcase\\\/organisator-das-magazin-fr-kmu\",\"https:\\\/\\\/www.xing.com\\\/news\\\/pages\\\/organisator-ch-695\",\"https:\\\/\\\/www.youtube.com\\\/channel\\\/UCGP2Sq0iWaZwT3BdIAQFYpw\"]},{\"@type\":\"Person\",\"@id\":\"https:\\\/\\\/www.organisator.ch\\\/#\\\/schema\\\/person\\\/6f650f90b2842cd4c0cc334b4e36f67e\",\"name\":\"thomas.berner\",\"image\":{\"@type\":\"ImageObject\",\"inLanguage\":\"fr-FR\",\"@id\":\"https:\\\/\\\/secure.gravatar.com\\\/avatar\\\/ac5001d2a36cb6c6cd3e50789007ffca834b477b74a2144564522e944eabff61?s=96&d=mm&r=g\",\"url\":\"https:\\\/\\\/secure.gravatar.com\\\/avatar\\\/ac5001d2a36cb6c6cd3e50789007ffca834b477b74a2144564522e944eabff61?s=96&d=mm&r=g\",\"contentUrl\":\"https:\\\/\\\/secure.gravatar.com\\\/avatar\\\/ac5001d2a36cb6c6cd3e50789007ffca834b477b74a2144564522e944eabff61?s=96&d=mm&r=g\",\"caption\":\"thomas.berner\"},\"url\":\"https:\\\/\\\/www.organisator.ch\\\/fr\\\/author\\\/thomas-berner\\\/\"}]}<\/script>\n<!-- \/ Yoast SEO plugin. -->","yoast_head_json":{"title":"Swisscom est sur la bonne voie avec ses affaires - Organisateur","description":"Swisscom vient de publier ses derniers chiffres semestriels. L'entreprise est sur la bonne voie en ce qui concerne ses secteurs d'activit\u00e9.","robots":{"index":"index","follow":"follow","max-snippet":"max-snippet:-1","max-image-preview":"max-image-preview:large","max-video-preview":"max-video-preview:-1"},"canonical":"https:\/\/www.organisator.ch\/fr\/general\/2017-08-17\/swisscom-ist-mit-ihren-geschaeften-auf-kurs\/","og_locale":"fr_FR","og_type":"article","og_title":"Swisscom ist mit ihren Gesch\u00e4ften auf Kurs","og_description":"Stabiler Umsatz im Vorjahresvergleich, h\u00f6herer EBITDA, anhaltender Trend zu B\u00fcndelprodukten, stabiles L\u00f6sungsgesch\u00e4ft mit Grosskunden und anhaltend hohe Investitionen in das Netz der Zukunft: Dies die Fakten des j\u00fcngsten Halbjahresberichts der #Swisscom.","og_url":"https:\/\/www.organisator.ch\/fr\/general\/2017-08-17\/swisscom-ist-mit-ihren-geschaeften-auf-kurs\/","og_site_name":"Organisator","article_publisher":"https:\/\/www.facebook.com\/OrganisatorFachmagazin","article_published_time":"2017-08-17T06:33:22+00:00","og_image":[{"width":640,"height":480,"url":"https:\/\/www.organisator.ch\/wp-content\/uploads\/2017\/08\/Swisscom-ist-mit-ihren-Geschaeften-auf-Kurs_Organisator.jpeg","type":"image\/jpeg"}],"author":"thomas.berner","twitter_card":"summary_large_image","twitter_title":"#Swisscom ist mit ihren Gesch\u00e4ften auf Kurs","twitter_description":"Stabiler Umsatz im Vorjahresvergleich, h\u00f6herer EBITDA, anhaltender Trend zu B\u00fcndelprodukten, stabiles L\u00f6sungsgesch\u00e4ft mit Grosskunden und anhaltend hohe Investitionen in das Netz der Zukunft: Dies die Fakten des j\u00fcngsten Halbjahresberichts der #Swisscom.","twitter_image":"https:\/\/www.organisator.ch\/wp-content\/uploads\/2017\/08\/Swisscom-ist-mit-ihren-Gesch\u00e4ften-auf-Kurs_Organisator.jpeg","schema":{"@context":"https:\/\/schema.org","@graph":[{"@type":"Article","@id":"https:\/\/www.organisator.ch\/fr\/general\/2017-08-17\/swisscom-ist-mit-ihren-geschaeften-auf-kurs\/#article","isPartOf":{"@id":"https:\/\/www.organisator.ch\/fr\/general\/2017-08-17\/swisscom-ist-mit-ihren-geschaeften-auf-kurs\/"},"author":{"name":"thomas.berner","@id":"https:\/\/www.organisator.ch\/#\/schema\/person\/6f650f90b2842cd4c0cc334b4e36f67e"},"headline":"Swisscom ist mit ihren Gesch\u00e4ften auf Kurs","datePublished":"2017-08-17T06:33:22+00:00","mainEntityOfPage":{"@id":"https:\/\/www.organisator.ch\/fr\/general\/2017-08-17\/swisscom-ist-mit-ihren-geschaeften-auf-kurs\/"},"wordCount":644,"commentCount":0,"publisher":{"@id":"https:\/\/www.organisator.ch\/#organization"},"image":{"@id":"https:\/\/www.organisator.ch\/fr\/general\/2017-08-17\/swisscom-ist-mit-ihren-geschaeften-auf-kurs\/#primaryimage"},"thumbnailUrl":"https:\/\/www.organisator.ch\/wp-content\/uploads\/2017\/08\/Swisscom-ist-mit-ihren-Geschaeften-auf-Kurs_Organisator.jpeg","keywords":["IT","Unternehmen","Vermischtes","Wirtschaftspolitik"],"articleSection":["Allgemein"],"inLanguage":"fr-FR"},{"@type":"WebPage","@id":"https:\/\/www.organisator.ch\/fr\/general\/2017-08-17\/swisscom-ist-mit-ihren-geschaeften-auf-kurs\/","url":"https:\/\/www.organisator.ch\/fr\/general\/2017-08-17\/swisscom-ist-mit-ihren-geschaeften-auf-kurs\/","name":"Swisscom est sur la bonne voie avec ses affaires - Organisateur","isPartOf":{"@id":"https:\/\/www.organisator.ch\/#website"},"primaryImageOfPage":{"@id":"https:\/\/www.organisator.ch\/fr\/general\/2017-08-17\/swisscom-ist-mit-ihren-geschaeften-auf-kurs\/#primaryimage"},"image":{"@id":"https:\/\/www.organisator.ch\/fr\/general\/2017-08-17\/swisscom-ist-mit-ihren-geschaeften-auf-kurs\/#primaryimage"},"thumbnailUrl":"https:\/\/www.organisator.ch\/wp-content\/uploads\/2017\/08\/Swisscom-ist-mit-ihren-Geschaeften-auf-Kurs_Organisator.jpeg","datePublished":"2017-08-17T06:33:22+00:00","description":"Swisscom vient de publier ses derniers chiffres semestriels. L'entreprise est sur la bonne voie en ce qui concerne ses secteurs d'activit\u00e9.","breadcrumb":{"@id":"https:\/\/www.organisator.ch\/fr\/general\/2017-08-17\/swisscom-ist-mit-ihren-geschaeften-auf-kurs\/#breadcrumb"},"inLanguage":"fr-FR","potentialAction":[{"@type":"ReadAction","target":["https:\/\/www.organisator.ch\/fr\/general\/2017-08-17\/swisscom-ist-mit-ihren-geschaeften-auf-kurs\/"]}]},{"@type":"ImageObject","inLanguage":"fr-FR","@id":"https:\/\/www.organisator.ch\/fr\/general\/2017-08-17\/swisscom-ist-mit-ihren-geschaeften-auf-kurs\/#primaryimage","url":"https:\/\/www.organisator.ch\/wp-content\/uploads\/2017\/08\/Swisscom-ist-mit-ihren-Geschaeften-auf-Kurs_Organisator.jpeg","contentUrl":"https:\/\/www.organisator.ch\/wp-content\/uploads\/2017\/08\/Swisscom-ist-mit-ihren-Geschaeften-auf-Kurs_Organisator.jpeg","width":640,"height":480,"caption":"Die Swisscom kann auf ein gutes erstes Halbjahr zur\u00fcckblicken. (Bild: Swisscom)"},{"@type":"BreadcrumbList","@id":"https:\/\/www.organisator.ch\/fr\/general\/2017-08-17\/swisscom-ist-mit-ihren-geschaeften-auf-kurs\/#breadcrumb","itemListElement":[{"@type":"ListItem","position":1,"name":"Home","item":"https:\/\/www.organisator.ch\/"},{"@type":"ListItem","position":2,"name":"Swisscom ist mit ihren Gesch\u00e4ften auf Kurs"}]},{"@type":"WebSite","@id":"https:\/\/www.organisator.ch\/#website","url":"https:\/\/www.organisator.ch\/","name":"Organisateur","description":"Comp\u00e9tence et comp\u00e9tence. Proches de la pratique. L'ORGANISATEUR pr\u00e9pare 10 num\u00e9ros par an sur les th\u00e8mes essentiels pour les dirigeants de PME.","publisher":{"@id":"https:\/\/www.organisator.ch\/#organization"},"potentialAction":[{"@type":"SearchAction","target":{"@type":"EntryPoint","urlTemplate":"https:\/\/www.organisator.ch\/?s={search_term_string}"},"query-input":{"@type":"PropertyValueSpecification","valueRequired":true,"valueName":"search_term_string"}}],"inLanguage":"fr-FR"},{"@type":"Organization","@id":"https:\/\/www.organisator.ch\/#organization","name":"Organisateur","url":"https:\/\/www.organisator.ch\/","logo":{"@type":"ImageObject","inLanguage":"fr-FR","@id":"https:\/\/www.organisator.ch\/#\/schema\/logo\/image\/","url":"https:\/\/www.organisator.ch\/wp-content\/uploads\/2022\/01\/Logo_Organisator_Website.png","contentUrl":"https:\/\/www.organisator.ch\/wp-content\/uploads\/2022\/01\/Logo_Organisator_Website.png","width":800,"height":77,"caption":"Organisator"},"image":{"@id":"https:\/\/www.organisator.ch\/#\/schema\/logo\/image\/"},"sameAs":["https:\/\/www.facebook.com\/OrganisatorFachmagazin","https:\/\/www.linkedin.com\/showcase\/organisator-das-magazin-fr-kmu","https:\/\/www.xing.com\/news\/pages\/organisator-ch-695","https:\/\/www.youtube.com\/channel\/UCGP2Sq0iWaZwT3BdIAQFYpw"]},{"@type":"Person","@id":"https:\/\/www.organisator.ch\/#\/schema\/person\/6f650f90b2842cd4c0cc334b4e36f67e","name":"thomas.berner","image":{"@type":"ImageObject","inLanguage":"fr-FR","@id":"https:\/\/secure.gravatar.com\/avatar\/ac5001d2a36cb6c6cd3e50789007ffca834b477b74a2144564522e944eabff61?s=96&d=mm&r=g","url":"https:\/\/secure.gravatar.com\/avatar\/ac5001d2a36cb6c6cd3e50789007ffca834b477b74a2144564522e944eabff61?s=96&d=mm&r=g","contentUrl":"https:\/\/secure.gravatar.com\/avatar\/ac5001d2a36cb6c6cd3e50789007ffca834b477b74a2144564522e944eabff61?s=96&d=mm&r=g","caption":"thomas.berner"},"url":"https:\/\/www.organisator.ch\/fr\/author\/thomas-berner\/"}]}},"_links":{"self":[{"href":"https:\/\/www.organisator.ch\/fr\/wp-json\/wp\/v2\/posts\/2323","targetHints":{"allow":["GET"]}}],"collection":[{"href":"https:\/\/www.organisator.ch\/fr\/wp-json\/wp\/v2\/posts"}],"about":[{"href":"https:\/\/www.organisator.ch\/fr\/wp-json\/wp\/v2\/types\/post"}],"author":[{"embeddable":true,"href":"https:\/\/www.organisator.ch\/fr\/wp-json\/wp\/v2\/users\/4"}],"replies":[{"embeddable":true,"href":"https:\/\/www.organisator.ch\/fr\/wp-json\/wp\/v2\/comments?post=2323"}],"version-history":[{"count":0,"href":"https:\/\/www.organisator.ch\/fr\/wp-json\/wp\/v2\/posts\/2323\/revisions"}],"wp:featuredmedia":[{"embeddable":true,"href":"https:\/\/www.organisator.ch\/fr\/wp-json\/wp\/v2\/media\/2324"}],"wp:attachment":[{"href":"https:\/\/www.organisator.ch\/fr\/wp-json\/wp\/v2\/media?parent=2323"}],"wp:term":[{"taxonomy":"category","embeddable":true,"href":"https:\/\/www.organisator.ch\/fr\/wp-json\/wp\/v2\/categories?post=2323"},{"taxonomy":"post_tag","embeddable":true,"href":"https:\/\/www.organisator.ch\/fr\/wp-json\/wp\/v2\/tags?post=2323"}],"curies":[{"name":"wp","href":"https:\/\/api.w.org\/{rel}","templated":true}]}}