{"id":23277,"date":"2023-11-21T09:11:37","date_gmt":"2023-11-21T08:11:37","guid":{"rendered":"https:\/\/www.organisator.ch\/?p=23277"},"modified":"2023-12-04T16:23:51","modified_gmt":"2023-12-04T15:23:51","slug":"wertschaetzen-mit-einer-schweizer-app-fuer-mitarbeitende","status":"publish","type":"post","link":"https:\/\/www.organisator.ch\/fr\/human-resources\/2023-11-21\/wertschaetzen-mit-einer-schweizer-app-fuer-mitarbeitende\/","title":{"rendered":"Valoriser avec une application suisse pour les collaborateurs"},"content":{"rendered":"<figure id=\"attachment_23279\" aria-describedby=\"caption-attachment-23279\" style=\"width: 680px\" class=\"wp-caption alignnone\"><img loading=\"lazy\" decoding=\"async\" class=\"size-full wp-image-23279\" src=\"https:\/\/www.organisator.ch\/wp-content\/uploads\/2023\/11\/Wertschaetzungs-Karten-auf-der-Involve-App_Bild1_ps.jpg\" alt=\"\" width=\"680\" height=\"404\" srcset=\"https:\/\/www.organisator.ch\/wp-content\/uploads\/2023\/11\/Wertschaetzungs-Karten-auf-der-Involve-App_Bild1_ps.jpg 680w, https:\/\/www.organisator.ch\/wp-content\/uploads\/2023\/11\/Wertschaetzungs-Karten-auf-der-Involve-App_Bild1_ps-18x12.jpg 18w, https:\/\/www.organisator.ch\/wp-content\/uploads\/2023\/11\/Wertschaetzungs-Karten-auf-der-Involve-App_Bild1_ps-375x223.jpg 375w, https:\/\/www.organisator.ch\/wp-content\/uploads\/2023\/11\/Wertschaetzungs-Karten-auf-der-Involve-App_Bild1_ps-589x350.jpg 589w\" sizes=\"auto, (max-width: 680px) 100vw, 680px\" \/><figcaption id=\"caption-attachment-23279\" class=\"wp-caption-text\">Cartes d'appr\u00e9ciation sur l'application Involve. (Image : www.involve.ch)<\/figcaption><\/figure>\n<p>L'estime augmente la satisfaction et la loyaut\u00e9 des collaborateurs de 67 %. Ce chiffre, tir\u00e9 d'une \u00e9tude de Gallup, montre clairement que les collaborateurs valoris\u00e9s se sentent mieux, sont plus performants et se comportent de mani\u00e8re plus loyale envers l'entreprise.<\/p>\n<p>Comment une entreprise peut-elle montrer de l'estime \u00e0 ses collaborateurs ? Si les collaborateurs sont impliqu\u00e9s dans les d\u00e9cisions et peuvent participer aux \u00e9v\u00e9nements actuels, ils sont reconnus de mani\u00e8re simple et directe. C'est l\u00e0 qu'intervient Involve AG, un partenaire id\u00e9al. L'entreprise suisse a d\u00e9velopp\u00e9 l'application pour les collaborateurs, avec laquelle communiquer en interne et montrer son estime devient un vrai plaisir.<\/p>\n<h3><strong>Communication uniforme et directe pour toute l'\u00e9quipe<\/strong><\/h3>\n<p>Que ce soit en production, dans une maison de soins ou sur un chantier, l'application Involve permet \u00e0 toute l'\u00e9quipe d'\u00eatre inform\u00e9e directement et simultan\u00e9ment de tous les niveaux de fonctionnalit\u00e9. Le design intuitif, la grande convivialit\u00e9, la fonction de traduction int\u00e9gr\u00e9e ainsi que l'utilisation d'une simplicit\u00e9 enfantine s\u00e9duisent les nombreux clients issus des secteurs les plus divers. En outre, les fonctions interactives favorisent la coh\u00e9sion de l'\u00e9quipe. Il est par exemple possible de r\u00e9aliser des sondages afin d'impliquer les employ\u00e9s dans les d\u00e9cisions. Les discussions en \u00e9quipe permettent d'\u00e9changer des id\u00e9es ou des documents importants.<\/p>\n<h3><strong>Nouveau : les cartes d'appr\u00e9ciation font na\u00eetre un sourire sur les visages<\/strong><\/h3>\n<p>Tout nouveau, les cartes d'appr\u00e9ciation num\u00e9riques permettent de mettre en valeur les performances particuli\u00e8res au sein de l'\u00e9quipe. L'expression mutuelle de reconnaissance, de respect et d'int\u00e9r\u00eat contribue \u00e0 cr\u00e9er un environnement de travail positif et productif.<\/p>\n<h3><strong>De nombreux clients enthousiastes de toute la Suisse<\/strong><\/h3>\n<p>De nombreuses entreprises de toute la Suisse constatent d\u00e9j\u00e0 chaque jour l'effet positif de l'application Involve sur la satisfaction de l'\u00e9quipe. C'est le cas par exemple de Swiss Helicopter Group : \"Lorsque l'estime est de mise, l'employeur fid\u00e9lise ses collaborateurs\", affirme Bj\u00f6rn Gerhard, membre de la direction. Rolf Krucker, responsable de la communication et du marketing du service de sauvetage de l'h\u00f4pital cantonal KSW de Winterthour, est du m\u00eame avis : \"La communication via l'application Involve pour les collaborateurs renforce notre attractivit\u00e9 en tant qu'employeur. L'application de marque renforce encore l'identification des collaborateurs avec leur service de sauvetage\", r\u00e9sume-t-il en parlant de l'utilisation de l'application Involve.<\/p>\n<figure id=\"attachment_23278\" aria-describedby=\"caption-attachment-23278\" style=\"width: 680px\" class=\"wp-caption alignnone\"><img loading=\"lazy\" decoding=\"async\" class=\"size-full wp-image-23278\" src=\"https:\/\/www.organisator.ch\/wp-content\/uploads\/2023\/11\/Bjoern-Gerhard_Swiss-Helicopter_Involve_Bild2_ps.jpg\" alt=\"\" width=\"680\" height=\"383\" srcset=\"https:\/\/www.organisator.ch\/wp-content\/uploads\/2023\/11\/Bjoern-Gerhard_Swiss-Helicopter_Involve_Bild2_ps.jpg 680w, https:\/\/www.organisator.ch\/wp-content\/uploads\/2023\/11\/Bjoern-Gerhard_Swiss-Helicopter_Involve_Bild2_ps-18x10.jpg 18w, https:\/\/www.organisator.ch\/wp-content\/uploads\/2023\/11\/Bjoern-Gerhard_Swiss-Helicopter_Involve_Bild2_ps-375x211.jpg 375w, https:\/\/www.organisator.ch\/wp-content\/uploads\/2023\/11\/Bjoern-Gerhard_Swiss-Helicopter_Involve_Bild2_ps-621x350.jpg 621w\" sizes=\"auto, (max-width: 680px) 100vw, 680px\" \/><figcaption id=\"caption-attachment-23278\" class=\"wp-caption-text\">Bj\u00f6rn Gerhard - membre de la direction et responsable du personnel et de la communication chez Swiss Helicopter Group. (Image : www.involve.ch)<\/figcaption><\/figure>\n<h3><strong>L'application suisse pour les collaborateurs : Involve <\/strong><\/h3>\n<p>Le processus de mise en \u0153uvre est aussi simple que l'application elle-m\u00eame. Mis en place en quelques heures seulement, les clients b\u00e9n\u00e9ficient d'un suivi personnalis\u00e9 et de proximit\u00e9 de la part d'Involve AG. Involve est une entreprise suisse dirig\u00e9e par son propri\u00e9taire 100 % et implant\u00e9e \u00e0 Sursee, D\u00fcbendorf et Morat. L'application est d\u00e9velopp\u00e9e en Suisse et les donn\u00e9es sont stock\u00e9es sur des serveurs suisses certifi\u00e9s. Les entreprises qui souhaitent simplifier la communication interne avec leurs collaborateurs et impliquer plus \u00e9troitement les membres de leur \u00e9quipe dans l'entreprise peuvent tester sans engagement l'application suisse pour les collaborateurs sous <a href=\"https:\/\/www.involve.ch\/app-testen\">involve.ch\/tester une application<\/a>.<\/p>\n<p><em>Source : <a href=\"https:\/\/www.involve.ch\/\">www.involve.ch\u00a0<\/a><\/em><\/p>","protected":false},"excerpt":{"rendered":"<p>Une communication interne transparente contribue largement \u00e0 l'estime et donc \u00e0 la satisfaction au sein de l'entreprise. En impliquant activement les collaborateurs, l'attachement \u00e0 l'employeur est renforc\u00e9 et la loyaut\u00e9 de l'\u00e9quipe augmente. Involve soutient les entreprises sur la voie d'une plus grande estime au sein de l'\u00e9quipe avec l'application suisse pour les collaborateurs et, depuis peu, avec des cartes d'estime num\u00e9riques. <\/p>","protected":false},"author":58,"featured_media":23279,"comment_status":"closed","ping_status":"closed","sticky":false,"template":"","format":"standard","meta":{"_acf_changed":false,"_yoast_wpseo_focuskw":"Schweizer App","_yoast_wpseo_metadesc":"Involve unterst\u00fctzt Unternehmen auf dem Weg zu mehr Wertsch\u00e4tzung im Team mit der Schweizer App f\u00fcr Mitarbeitende und Wertsch\u00e4tzungs-Karten.","articlekey":"","footnotes":""},"categories":[579],"tags":[156,424,492,496],"class_list":["post-23277","post","type-post","status-publish","format-standard","has-post-thumbnail","hentry","category-human-resources","tag-digitalisierung","tag-schweiz","tag-unternehmen","tag-unternehmensfuehrung"],"acf":[],"yoast_head":"<!-- This site is optimized with the Yoast SEO plugin v27.4 - https:\/\/yoast.com\/product\/yoast-seo-wordpress\/ -->\n<title>Wertsch\u00e4tzen mit einer Schweizer App f\u00fcr Mitarbeitende - Organisator<\/title>\n<meta name=\"description\" content=\"Involve unterst\u00fctzt Unternehmen auf dem Weg zu mehr Wertsch\u00e4tzung im Team mit der Schweizer App f\u00fcr Mitarbeitende und Wertsch\u00e4tzungs-Karten.\" \/>\n<meta name=\"robots\" content=\"index, follow, max-snippet:-1, max-image-preview:large, max-video-preview:-1\" \/>\n<link rel=\"canonical\" href=\"https:\/\/www.organisator.ch\/fr\/ressources-humaines\/2023-11-21\/wertschaetzen-mit-einer-schweizer-app-fuer-mitarbeitende\/\" \/>\n<meta property=\"og:locale\" content=\"fr_FR\" \/>\n<meta property=\"og:type\" content=\"article\" \/>\n<meta property=\"og:title\" content=\"Wertsch\u00e4tzen mit einer Schweizer App f\u00fcr Mitarbeitende\" \/>\n<meta property=\"og:description\" content=\"Involve unterst\u00fctzt Unternehmen auf dem Weg zu mehr Wertsch\u00e4tzung im Team mit der Schweizer App f\u00fcr Mitarbeitende und Wertsch\u00e4tzungs-Karten.\" \/>\n<meta property=\"og:url\" content=\"https:\/\/www.organisator.ch\/fr\/ressources-humaines\/2023-11-21\/wertschaetzen-mit-einer-schweizer-app-fuer-mitarbeitende\/\" \/>\n<meta property=\"og:site_name\" content=\"Organisator\" \/>\n<meta property=\"article:publisher\" content=\"https:\/\/www.facebook.com\/OrganisatorFachmagazin\" \/>\n<meta property=\"article:published_time\" content=\"2023-11-21T08:11:37+00:00\" \/>\n<meta property=\"article:modified_time\" content=\"2023-12-04T15:23:51+00:00\" \/>\n<meta property=\"og:image\" content=\"https:\/\/www.organisator.ch\/wp-content\/uploads\/2023\/11\/Wertschaetzungs-Karten-auf-der-Involve-App_Bild1_ps.jpg\" \/>\n\t<meta property=\"og:image:width\" content=\"680\" \/>\n\t<meta property=\"og:image:height\" content=\"404\" \/>\n\t<meta property=\"og:image:type\" content=\"image\/jpeg\" \/>\n<meta name=\"author\" content=\"Adelisa Kalajdzini\" \/>\n<meta name=\"twitter:card\" content=\"summary_large_image\" \/>\n<meta name=\"twitter:title\" content=\"Wertsch\u00e4tzen mit einer Schweizer App f\u00fcr Mitarbeitende\" \/>\n<meta name=\"twitter:description\" content=\"#Involve unterst\u00fctzt #Unternehmen auf dem Weg zu mehr #Wertsch\u00e4tzung im Team mit der Schweizer App f\u00fcr Mitarbeitende und #Wertsch\u00e4tzungs-Karten.\" \/>\n<meta name=\"twitter:image\" content=\"https:\/\/www.organisator.ch\/wp-content\/uploads\/2023\/11\/Wertschaetzungs-Karten-auf-der-Involve-App_Bild1_ps.jpg\" \/>\n<script type=\"application\/ld+json\" class=\"yoast-schema-graph\">{\"@context\":\"https:\\\/\\\/schema.org\",\"@graph\":[{\"@type\":\"Article\",\"@id\":\"https:\\\/\\\/www.organisator.ch\\\/human-resources\\\/2023-11-21\\\/wertschaetzen-mit-einer-schweizer-app-fuer-mitarbeitende\\\/#article\",\"isPartOf\":{\"@id\":\"https:\\\/\\\/www.organisator.ch\\\/human-resources\\\/2023-11-21\\\/wertschaetzen-mit-einer-schweizer-app-fuer-mitarbeitende\\\/\"},\"author\":{\"name\":\"Adelisa Kalajdzini\",\"@id\":\"https:\\\/\\\/www.organisator.ch\\\/#\\\/schema\\\/person\\\/2e1314a2172123f874db408d8911d3f3\"},\"headline\":\"Wertsch\u00e4tzen mit einer Schweizer App f\u00fcr Mitarbeitende\",\"datePublished\":\"2023-11-21T08:11:37+00:00\",\"dateModified\":\"2023-12-04T15:23:51+00:00\",\"mainEntityOfPage\":{\"@id\":\"https:\\\/\\\/www.organisator.ch\\\/human-resources\\\/2023-11-21\\\/wertschaetzen-mit-einer-schweizer-app-fuer-mitarbeitende\\\/\"},\"wordCount\":484,\"publisher\":{\"@id\":\"https:\\\/\\\/www.organisator.ch\\\/#organization\"},\"image\":{\"@id\":\"https:\\\/\\\/www.organisator.ch\\\/human-resources\\\/2023-11-21\\\/wertschaetzen-mit-einer-schweizer-app-fuer-mitarbeitende\\\/#primaryimage\"},\"thumbnailUrl\":\"https:\\\/\\\/www.organisator.ch\\\/wp-content\\\/uploads\\\/2023\\\/11\\\/Wertschaetzungs-Karten-auf-der-Involve-App_Bild1_ps.jpg\",\"keywords\":[\"Digitalisierung\",\"Schweiz\",\"Unternehmen\",\"Unternehmensf\u00fchrung\"],\"articleSection\":[\"HUMAN RESOURCES\"],\"inLanguage\":\"fr-FR\"},{\"@type\":\"WebPage\",\"@id\":\"https:\\\/\\\/www.organisator.ch\\\/human-resources\\\/2023-11-21\\\/wertschaetzen-mit-einer-schweizer-app-fuer-mitarbeitende\\\/\",\"url\":\"https:\\\/\\\/www.organisator.ch\\\/human-resources\\\/2023-11-21\\\/wertschaetzen-mit-einer-schweizer-app-fuer-mitarbeitende\\\/\",\"name\":\"Wertsch\u00e4tzen mit einer Schweizer App f\u00fcr Mitarbeitende - Organisator\",\"isPartOf\":{\"@id\":\"https:\\\/\\\/www.organisator.ch\\\/#website\"},\"primaryImageOfPage\":{\"@id\":\"https:\\\/\\\/www.organisator.ch\\\/human-resources\\\/2023-11-21\\\/wertschaetzen-mit-einer-schweizer-app-fuer-mitarbeitende\\\/#primaryimage\"},\"image\":{\"@id\":\"https:\\\/\\\/www.organisator.ch\\\/human-resources\\\/2023-11-21\\\/wertschaetzen-mit-einer-schweizer-app-fuer-mitarbeitende\\\/#primaryimage\"},\"thumbnailUrl\":\"https:\\\/\\\/www.organisator.ch\\\/wp-content\\\/uploads\\\/2023\\\/11\\\/Wertschaetzungs-Karten-auf-der-Involve-App_Bild1_ps.jpg\",\"datePublished\":\"2023-11-21T08:11:37+00:00\",\"dateModified\":\"2023-12-04T15:23:51+00:00\",\"description\":\"Involve unterst\u00fctzt Unternehmen auf dem Weg zu mehr Wertsch\u00e4tzung im Team mit der Schweizer App f\u00fcr Mitarbeitende und Wertsch\u00e4tzungs-Karten.\",\"breadcrumb\":{\"@id\":\"https:\\\/\\\/www.organisator.ch\\\/human-resources\\\/2023-11-21\\\/wertschaetzen-mit-einer-schweizer-app-fuer-mitarbeitende\\\/#breadcrumb\"},\"inLanguage\":\"fr-FR\",\"potentialAction\":[{\"@type\":\"ReadAction\",\"target\":[\"https:\\\/\\\/www.organisator.ch\\\/human-resources\\\/2023-11-21\\\/wertschaetzen-mit-einer-schweizer-app-fuer-mitarbeitende\\\/\"]}]},{\"@type\":\"ImageObject\",\"inLanguage\":\"fr-FR\",\"@id\":\"https:\\\/\\\/www.organisator.ch\\\/human-resources\\\/2023-11-21\\\/wertschaetzen-mit-einer-schweizer-app-fuer-mitarbeitende\\\/#primaryimage\",\"url\":\"https:\\\/\\\/www.organisator.ch\\\/wp-content\\\/uploads\\\/2023\\\/11\\\/Wertschaetzungs-Karten-auf-der-Involve-App_Bild1_ps.jpg\",\"contentUrl\":\"https:\\\/\\\/www.organisator.ch\\\/wp-content\\\/uploads\\\/2023\\\/11\\\/Wertschaetzungs-Karten-auf-der-Involve-App_Bild1_ps.jpg\",\"width\":680,\"height\":404,\"caption\":\"Wertsch\u00e4tzungs-Karten auf der Involve App. (Bild: www.involve.ch)\"},{\"@type\":\"BreadcrumbList\",\"@id\":\"https:\\\/\\\/www.organisator.ch\\\/human-resources\\\/2023-11-21\\\/wertschaetzen-mit-einer-schweizer-app-fuer-mitarbeitende\\\/#breadcrumb\",\"itemListElement\":[{\"@type\":\"ListItem\",\"position\":1,\"name\":\"Home\",\"item\":\"https:\\\/\\\/www.organisator.ch\\\/\"},{\"@type\":\"ListItem\",\"position\":2,\"name\":\"Wertsch\u00e4tzen mit einer Schweizer App f\u00fcr Mitarbeitende\"}]},{\"@type\":\"WebSite\",\"@id\":\"https:\\\/\\\/www.organisator.ch\\\/#website\",\"url\":\"https:\\\/\\\/www.organisator.ch\\\/\",\"name\":\"Organisator\",\"description\":\"Kompetent. Praxisnah. Der ORGANISATOR bereitet in 10 Ausgaben pro Jahr die wesentlichen Themen f\u00fcr F\u00fchrungskr\u00e4fte von KMU auf.\",\"publisher\":{\"@id\":\"https:\\\/\\\/www.organisator.ch\\\/#organization\"},\"potentialAction\":[{\"@type\":\"SearchAction\",\"target\":{\"@type\":\"EntryPoint\",\"urlTemplate\":\"https:\\\/\\\/www.organisator.ch\\\/?s={search_term_string}\"},\"query-input\":{\"@type\":\"PropertyValueSpecification\",\"valueRequired\":true,\"valueName\":\"search_term_string\"}}],\"inLanguage\":\"fr-FR\"},{\"@type\":\"Organization\",\"@id\":\"https:\\\/\\\/www.organisator.ch\\\/#organization\",\"name\":\"Organisator\",\"url\":\"https:\\\/\\\/www.organisator.ch\\\/\",\"logo\":{\"@type\":\"ImageObject\",\"inLanguage\":\"fr-FR\",\"@id\":\"https:\\\/\\\/www.organisator.ch\\\/#\\\/schema\\\/logo\\\/image\\\/\",\"url\":\"https:\\\/\\\/www.organisator.ch\\\/wp-content\\\/uploads\\\/2022\\\/01\\\/Logo_Organisator_Website.png\",\"contentUrl\":\"https:\\\/\\\/www.organisator.ch\\\/wp-content\\\/uploads\\\/2022\\\/01\\\/Logo_Organisator_Website.png\",\"width\":800,\"height\":77,\"caption\":\"Organisator\"},\"image\":{\"@id\":\"https:\\\/\\\/www.organisator.ch\\\/#\\\/schema\\\/logo\\\/image\\\/\"},\"sameAs\":[\"https:\\\/\\\/www.facebook.com\\\/OrganisatorFachmagazin\",\"https:\\\/\\\/www.linkedin.com\\\/showcase\\\/organisator-das-magazin-fr-kmu\",\"https:\\\/\\\/www.xing.com\\\/news\\\/pages\\\/organisator-ch-695\",\"https:\\\/\\\/www.youtube.com\\\/channel\\\/UCGP2Sq0iWaZwT3BdIAQFYpw\"]},{\"@type\":\"Person\",\"@id\":\"https:\\\/\\\/www.organisator.ch\\\/#\\\/schema\\\/person\\\/2e1314a2172123f874db408d8911d3f3\",\"name\":\"Adelisa Kalajdzini\",\"image\":{\"@type\":\"ImageObject\",\"inLanguage\":\"fr-FR\",\"@id\":\"https:\\\/\\\/secure.gravatar.com\\\/avatar\\\/09a397c22ac58cad6f160ee8306348599df9df58a8ede73696226897b9fa4b24?s=96&d=mm&r=g\",\"url\":\"https:\\\/\\\/secure.gravatar.com\\\/avatar\\\/09a397c22ac58cad6f160ee8306348599df9df58a8ede73696226897b9fa4b24?s=96&d=mm&r=g\",\"contentUrl\":\"https:\\\/\\\/secure.gravatar.com\\\/avatar\\\/09a397c22ac58cad6f160ee8306348599df9df58a8ede73696226897b9fa4b24?s=96&d=mm&r=g\",\"caption\":\"Adelisa Kalajdzini\"},\"url\":\"https:\\\/\\\/www.organisator.ch\\\/fr\\\/author\\\/adelisa-kalajdzini\\\/\"}]}<\/script>\n<!-- \/ Yoast SEO plugin. -->","yoast_head_json":{"title":"Valoriser avec une application suisse pour les collaborateurs - Organisateur","description":"Involve soutient les entreprises sur la voie d'une plus grande estime au sein de l'\u00e9quipe avec l'application suisse pour les collaborateurs et les cartes d'estime.","robots":{"index":"index","follow":"follow","max-snippet":"max-snippet:-1","max-image-preview":"max-image-preview:large","max-video-preview":"max-video-preview:-1"},"canonical":"https:\/\/www.organisator.ch\/fr\/ressources-humaines\/2023-11-21\/wertschaetzen-mit-einer-schweizer-app-fuer-mitarbeitende\/","og_locale":"fr_FR","og_type":"article","og_title":"Wertsch\u00e4tzen mit einer Schweizer App f\u00fcr Mitarbeitende","og_description":"Involve unterst\u00fctzt Unternehmen auf dem Weg zu mehr Wertsch\u00e4tzung im Team mit der Schweizer App f\u00fcr Mitarbeitende und Wertsch\u00e4tzungs-Karten.","og_url":"https:\/\/www.organisator.ch\/fr\/ressources-humaines\/2023-11-21\/wertschaetzen-mit-einer-schweizer-app-fuer-mitarbeitende\/","og_site_name":"Organisator","article_publisher":"https:\/\/www.facebook.com\/OrganisatorFachmagazin","article_published_time":"2023-11-21T08:11:37+00:00","article_modified_time":"2023-12-04T15:23:51+00:00","og_image":[{"width":680,"height":404,"url":"https:\/\/www.organisator.ch\/wp-content\/uploads\/2023\/11\/Wertschaetzungs-Karten-auf-der-Involve-App_Bild1_ps.jpg","type":"image\/jpeg"}],"author":"Adelisa Kalajdzini","twitter_card":"summary_large_image","twitter_title":"Wertsch\u00e4tzen mit einer Schweizer App f\u00fcr Mitarbeitende","twitter_description":"#Involve unterst\u00fctzt #Unternehmen auf dem Weg zu mehr #Wertsch\u00e4tzung im Team mit der Schweizer App f\u00fcr Mitarbeitende und #Wertsch\u00e4tzungs-Karten.","twitter_image":"https:\/\/www.organisator.ch\/wp-content\/uploads\/2023\/11\/Wertschaetzungs-Karten-auf-der-Involve-App_Bild1_ps.jpg","schema":{"@context":"https:\/\/schema.org","@graph":[{"@type":"Article","@id":"https:\/\/www.organisator.ch\/human-resources\/2023-11-21\/wertschaetzen-mit-einer-schweizer-app-fuer-mitarbeitende\/#article","isPartOf":{"@id":"https:\/\/www.organisator.ch\/human-resources\/2023-11-21\/wertschaetzen-mit-einer-schweizer-app-fuer-mitarbeitende\/"},"author":{"name":"Adelisa Kalajdzini","@id":"https:\/\/www.organisator.ch\/#\/schema\/person\/2e1314a2172123f874db408d8911d3f3"},"headline":"Wertsch\u00e4tzen mit einer Schweizer App f\u00fcr Mitarbeitende","datePublished":"2023-11-21T08:11:37+00:00","dateModified":"2023-12-04T15:23:51+00:00","mainEntityOfPage":{"@id":"https:\/\/www.organisator.ch\/human-resources\/2023-11-21\/wertschaetzen-mit-einer-schweizer-app-fuer-mitarbeitende\/"},"wordCount":484,"publisher":{"@id":"https:\/\/www.organisator.ch\/#organization"},"image":{"@id":"https:\/\/www.organisator.ch\/human-resources\/2023-11-21\/wertschaetzen-mit-einer-schweizer-app-fuer-mitarbeitende\/#primaryimage"},"thumbnailUrl":"https:\/\/www.organisator.ch\/wp-content\/uploads\/2023\/11\/Wertschaetzungs-Karten-auf-der-Involve-App_Bild1_ps.jpg","keywords":["Digitalisierung","Schweiz","Unternehmen","Unternehmensf\u00fchrung"],"articleSection":["HUMAN RESOURCES"],"inLanguage":"fr-FR"},{"@type":"WebPage","@id":"https:\/\/www.organisator.ch\/human-resources\/2023-11-21\/wertschaetzen-mit-einer-schweizer-app-fuer-mitarbeitende\/","url":"https:\/\/www.organisator.ch\/human-resources\/2023-11-21\/wertschaetzen-mit-einer-schweizer-app-fuer-mitarbeitende\/","name":"Valoriser avec une application suisse pour les collaborateurs - Organisateur","isPartOf":{"@id":"https:\/\/www.organisator.ch\/#website"},"primaryImageOfPage":{"@id":"https:\/\/www.organisator.ch\/human-resources\/2023-11-21\/wertschaetzen-mit-einer-schweizer-app-fuer-mitarbeitende\/#primaryimage"},"image":{"@id":"https:\/\/www.organisator.ch\/human-resources\/2023-11-21\/wertschaetzen-mit-einer-schweizer-app-fuer-mitarbeitende\/#primaryimage"},"thumbnailUrl":"https:\/\/www.organisator.ch\/wp-content\/uploads\/2023\/11\/Wertschaetzungs-Karten-auf-der-Involve-App_Bild1_ps.jpg","datePublished":"2023-11-21T08:11:37+00:00","dateModified":"2023-12-04T15:23:51+00:00","description":"Involve soutient les entreprises sur la voie d'une plus grande estime au sein de l'\u00e9quipe avec l'application suisse pour les collaborateurs et les cartes d'estime.","breadcrumb":{"@id":"https:\/\/www.organisator.ch\/human-resources\/2023-11-21\/wertschaetzen-mit-einer-schweizer-app-fuer-mitarbeitende\/#breadcrumb"},"inLanguage":"fr-FR","potentialAction":[{"@type":"ReadAction","target":["https:\/\/www.organisator.ch\/human-resources\/2023-11-21\/wertschaetzen-mit-einer-schweizer-app-fuer-mitarbeitende\/"]}]},{"@type":"ImageObject","inLanguage":"fr-FR","@id":"https:\/\/www.organisator.ch\/human-resources\/2023-11-21\/wertschaetzen-mit-einer-schweizer-app-fuer-mitarbeitende\/#primaryimage","url":"https:\/\/www.organisator.ch\/wp-content\/uploads\/2023\/11\/Wertschaetzungs-Karten-auf-der-Involve-App_Bild1_ps.jpg","contentUrl":"https:\/\/www.organisator.ch\/wp-content\/uploads\/2023\/11\/Wertschaetzungs-Karten-auf-der-Involve-App_Bild1_ps.jpg","width":680,"height":404,"caption":"Wertsch\u00e4tzungs-Karten auf der Involve App. (Bild: www.involve.ch)"},{"@type":"BreadcrumbList","@id":"https:\/\/www.organisator.ch\/human-resources\/2023-11-21\/wertschaetzen-mit-einer-schweizer-app-fuer-mitarbeitende\/#breadcrumb","itemListElement":[{"@type":"ListItem","position":1,"name":"Home","item":"https:\/\/www.organisator.ch\/"},{"@type":"ListItem","position":2,"name":"Wertsch\u00e4tzen mit einer Schweizer App f\u00fcr Mitarbeitende"}]},{"@type":"WebSite","@id":"https:\/\/www.organisator.ch\/#website","url":"https:\/\/www.organisator.ch\/","name":"Organisateur","description":"Comp\u00e9tence et comp\u00e9tence. Proches de la pratique. L'ORGANISATEUR pr\u00e9pare 10 num\u00e9ros par an sur les th\u00e8mes essentiels pour les dirigeants de PME.","publisher":{"@id":"https:\/\/www.organisator.ch\/#organization"},"potentialAction":[{"@type":"SearchAction","target":{"@type":"EntryPoint","urlTemplate":"https:\/\/www.organisator.ch\/?s={search_term_string}"},"query-input":{"@type":"PropertyValueSpecification","valueRequired":true,"valueName":"search_term_string"}}],"inLanguage":"fr-FR"},{"@type":"Organization","@id":"https:\/\/www.organisator.ch\/#organization","name":"Organisateur","url":"https:\/\/www.organisator.ch\/","logo":{"@type":"ImageObject","inLanguage":"fr-FR","@id":"https:\/\/www.organisator.ch\/#\/schema\/logo\/image\/","url":"https:\/\/www.organisator.ch\/wp-content\/uploads\/2022\/01\/Logo_Organisator_Website.png","contentUrl":"https:\/\/www.organisator.ch\/wp-content\/uploads\/2022\/01\/Logo_Organisator_Website.png","width":800,"height":77,"caption":"Organisator"},"image":{"@id":"https:\/\/www.organisator.ch\/#\/schema\/logo\/image\/"},"sameAs":["https:\/\/www.facebook.com\/OrganisatorFachmagazin","https:\/\/www.linkedin.com\/showcase\/organisator-das-magazin-fr-kmu","https:\/\/www.xing.com\/news\/pages\/organisator-ch-695","https:\/\/www.youtube.com\/channel\/UCGP2Sq0iWaZwT3BdIAQFYpw"]},{"@type":"Person","@id":"https:\/\/www.organisator.ch\/#\/schema\/person\/2e1314a2172123f874db408d8911d3f3","name":"Adelisa Kalajdzini","image":{"@type":"ImageObject","inLanguage":"fr-FR","@id":"https:\/\/secure.gravatar.com\/avatar\/09a397c22ac58cad6f160ee8306348599df9df58a8ede73696226897b9fa4b24?s=96&d=mm&r=g","url":"https:\/\/secure.gravatar.com\/avatar\/09a397c22ac58cad6f160ee8306348599df9df58a8ede73696226897b9fa4b24?s=96&d=mm&r=g","contentUrl":"https:\/\/secure.gravatar.com\/avatar\/09a397c22ac58cad6f160ee8306348599df9df58a8ede73696226897b9fa4b24?s=96&d=mm&r=g","caption":"Adelisa Kalajdzini"},"url":"https:\/\/www.organisator.ch\/fr\/author\/adelisa-kalajdzini\/"}]}},"_links":{"self":[{"href":"https:\/\/www.organisator.ch\/fr\/wp-json\/wp\/v2\/posts\/23277","targetHints":{"allow":["GET"]}}],"collection":[{"href":"https:\/\/www.organisator.ch\/fr\/wp-json\/wp\/v2\/posts"}],"about":[{"href":"https:\/\/www.organisator.ch\/fr\/wp-json\/wp\/v2\/types\/post"}],"author":[{"embeddable":true,"href":"https:\/\/www.organisator.ch\/fr\/wp-json\/wp\/v2\/users\/58"}],"replies":[{"embeddable":true,"href":"https:\/\/www.organisator.ch\/fr\/wp-json\/wp\/v2\/comments?post=23277"}],"version-history":[{"count":1,"href":"https:\/\/www.organisator.ch\/fr\/wp-json\/wp\/v2\/posts\/23277\/revisions"}],"predecessor-version":[{"id":23280,"href":"https:\/\/www.organisator.ch\/fr\/wp-json\/wp\/v2\/posts\/23277\/revisions\/23280"}],"wp:featuredmedia":[{"embeddable":true,"href":"https:\/\/www.organisator.ch\/fr\/wp-json\/wp\/v2\/media\/23279"}],"wp:attachment":[{"href":"https:\/\/www.organisator.ch\/fr\/wp-json\/wp\/v2\/media?parent=23277"}],"wp:term":[{"taxonomy":"category","embeddable":true,"href":"https:\/\/www.organisator.ch\/fr\/wp-json\/wp\/v2\/categories?post=23277"},{"taxonomy":"post_tag","embeddable":true,"href":"https:\/\/www.organisator.ch\/fr\/wp-json\/wp\/v2\/tags?post=23277"}],"curies":[{"name":"wp","href":"https:\/\/api.w.org\/{rel}","templated":true}]}}