{"id":23299,"date":"2023-11-22T14:00:16","date_gmt":"2023-11-22T13:00:16","guid":{"rendered":"https:\/\/www.organisator.ch\/?p=23299"},"modified":"2023-11-22T10:21:13","modified_gmt":"2023-11-22T09:21:13","slug":"berufsbildung-bewegt-die-schweiz","status":"publish","type":"post","link":"https:\/\/www.organisator.ch\/fr\/weiterbildung\/2023-11-22\/berufsbildung-bewegt-die-schweiz\/","title":{"rendered":"La formation professionnelle fait bouger la Suisse"},"content":{"rendered":"<figure id=\"attachment_23301\" aria-describedby=\"caption-attachment-23301\" style=\"width: 680px\" class=\"wp-caption alignnone\"><img loading=\"lazy\" decoding=\"async\" class=\"wp-image-23301 size-full\" src=\"https:\/\/www.organisator.ch\/wp-content\/uploads\/2023\/11\/Berufsbildung_Bild1_ps.jpg\" alt=\"\" width=\"680\" height=\"453\" srcset=\"https:\/\/www.organisator.ch\/wp-content\/uploads\/2023\/11\/Berufsbildung_Bild1_ps.jpg 680w, https:\/\/www.organisator.ch\/wp-content\/uploads\/2023\/11\/Berufsbildung_Bild1_ps-18x12.jpg 18w, https:\/\/www.organisator.ch\/wp-content\/uploads\/2023\/11\/Berufsbildung_Bild1_ps-375x250.jpg 375w, https:\/\/www.organisator.ch\/wp-content\/uploads\/2023\/11\/Berufsbildung_Bild1_ps-525x350.jpg 525w\" sizes=\"auto, (max-width: 680px) 100vw, 680px\" \/><figcaption id=\"caption-attachment-23301\" class=\"wp-caption-text\">Christian Fiechter et Stefan Schulthess f\u00e9licitent Claude Merlach, directeur de login Formation professionnelle SA, pour avoir remport\u00e9 le Prix national de la formation. (www.login.org)<\/figcaption><\/figure>\n<p>Plus de 2100 apprenti-e-s de la branche de la mobilit\u00e9 pr\u00e9parent leur dipl\u00f4me chez login Formation professionnelle SA. login est ainsi l'un des plus grands prestataires de formation de Suisse et un pilier du syst\u00e8me de formation dual. C'est pourquoi le Prix national de la formation a \u00e9t\u00e9 d\u00e9cern\u00e9 cette ann\u00e9e pour la premi\u00e8re fois \u00e0 une institution de la branche de la mobilit\u00e9. Cette distinction est d\u00e9cern\u00e9e chaque ann\u00e9e par la Fondation Hans Huber et la Fondation FH SUISSE \u00e0 des entreprises ou organisations qui ont acquis des m\u00e9rites particuliers en lien avec le syst\u00e8me dual de formation professionnelle et qui jouent un r\u00f4le de mod\u00e8le dans toute la Suisse.<\/p>\n<h3><strong>La voie duale est perm\u00e9able<\/strong><\/h3>\n<p>Dans son \u00e9loge, le pr\u00e9sident de la fondation FH SUISSE, Stefan Schulthess, a soulign\u00e9 la diversit\u00e9 des m\u00e9tiers d'apprentissage chez login. Dans les univers professionnels \"Clients &amp; Bureau\", \"Technique &amp; Informatique\" et \"Construction &amp; Logistique\", les jeunes peuvent choisir parmi 25 apprentissages, places d'essai ou places de stage. De plus, le m\u00e9tier de m\u00e9canicien de locomotive continue \u00e0 \u00eatre particuli\u00e8rement attractif. Mais pour cela, il faut une formation de base et d'abord un d\u00e9but de carri\u00e8re adapt\u00e9 - comme par exemple l'apprentissage de sp\u00e9cialiste en transport ferroviaire. Christian Fiechter, pr\u00e9sident de la Fondation Hans Huber, a ajout\u00e9 : \"A l'heure actuelle, il est particuli\u00e8rement important que la jeune g\u00e9n\u00e9ration puisse acc\u00e9der au monde du travail et \u00e0 la mobilit\u00e9 durable par diff\u00e9rentes voies\". Schulthess a remerci\u00e9 les quelque 1000 formateurs et formatrices de login et de ses entreprises partenaires. Selon lui, il n'est pas \u00e9vident qu'ils investissent autant de temps dans la formation des jeunes. Claude Merlach, CEO de login, s'est r\u00e9joui de cette distinction. Il a soulign\u00e9 que l'argent du prix serait utilis\u00e9 pour la cr\u00e9ation d'un \"fonds d'innovation login\" : \"Avec ce fonds, nous voulons permettre \u00e0 nos apprentis de d\u00e9velopper et de mettre en \u0153uvre avec succ\u00e8s des projets cr\u00e9atifs dans les domaines de l'innovation, du d\u00e9veloppement durable ou de la protection de l'environnement\".<\/p>\n<h3><strong>Une oreille attentive pour les apprentis<\/strong><\/h3>\n<p>Sur le podium, on a parl\u00e9 de la motivation, du sens et de la pression pendant l'apprentissage. Les deux apprentis Dylan Egger, automaticien en troisi\u00e8me ann\u00e9e d'apprentissage \u00e0 login, et Aileen Rauchenstein, gardienne d'animaux en troisi\u00e8me ann\u00e9e d'apprentissage au zoo pour enfants Knies, ainsi que Manuel Stadtmann, responsable du centre de comp\u00e9tences en sant\u00e9 mentale \u00e0 la Haute \u00e9cole sp\u00e9cialis\u00e9e de Suisse orientale, \u00e9taient pr\u00e9sents. Stadtmann a \u00e9voqu\u00e9 les r\u00e9sultats actuels de la recherche, selon lesquels de plus en plus de jeunes font des exp\u00e9riences d\u00e9pressives dans l'environnement d'apprentissage. Aileen Rauchenstein a \u00e9t\u00e9 \u00e9pargn\u00e9e jusqu'\u00e0 pr\u00e9sent : \"Le contact quotidien avec les animaux m'aide. Ils rendent beaucoup de ce que l'on donne\". De son c\u00f4t\u00e9, Dylan Egger a soulign\u00e9 qu'il appr\u00e9ciait de contribuer par son travail au bon fonctionnement des transports publics et de s'amuser en m\u00eame temps. Tous deux \u00e9taient d'accord sur le fait qu'un bon esprit d'\u00e9quipe est important pour relever les d\u00e9fis du quotidien de l'apprentissage. Un certain niveau de stress pendant l'apprentissage est utile et n\u00e9cessaire pour pr\u00e9parer les jeunes au monde du travail, a ajout\u00e9 le chercheur Manuel Stadtmann. Il a en m\u00eame temps plaid\u00e9 pour que les entreprises s'int\u00e9ressent aux d\u00e9fis des apprentis et soient \u00e0 leur \u00e9coute.<\/p>\n<p><em>Pour plus d'informations : <a href=\"https:\/\/www.login.org\/de\">www.login.org<\/a><\/em><\/p>","protected":false},"excerpt":{"rendered":"<p>Gr\u00e2ce \u00e0 la formation professionnelle duale, les transports publics suisses roulent. En raison de ses m\u00e9rites, le prestataire de formation dans la branche de la mobilit\u00e9, login Formation professionnelle SA, a re\u00e7u le Prix national de la formation. Le prix, dot\u00e9 de 20'000 francs, a \u00e9t\u00e9 remis le mardi soir 21 novembre 2023 \u00e0 Rapperswil. <\/p>","protected":false},"author":58,"featured_media":23301,"comment_status":"closed","ping_status":"closed","sticky":false,"template":"","format":"standard","meta":{"_acf_changed":false,"_yoast_wpseo_focuskw":"Berufsbildung","_yoast_wpseo_metadesc":"Die Ausbildungsanbieterin in der Mobilit\u00e4tsbranche, die login Berufsbildung AG, erhielt den Nationalen Bildungspreis.","articlekey":"","footnotes":""},"categories":[30],"tags":[62,1943,424,492,502],"class_list":["post-23299","post","type-post","status-publish","format-standard","has-post-thumbnail","hentry","category-weiterbildung","tag-aus-weiterbildung","tag-preis","tag-schweiz","tag-unternehmen","tag-veranstaltungen"],"acf":[],"yoast_head":"<!-- This site is optimized with the Yoast SEO plugin v27.5 - https:\/\/yoast.com\/product\/yoast-seo-wordpress\/ -->\n<title>Berufsbildung bewegt die Schweiz - Organisator<\/title>\n<meta name=\"description\" content=\"Die Ausbildungsanbieterin in der Mobilit\u00e4tsbranche, die login Berufsbildung AG, erhielt den Nationalen Bildungspreis.\" \/>\n<meta name=\"robots\" content=\"index, follow, max-snippet:-1, max-image-preview:large, max-video-preview:-1\" \/>\n<link rel=\"canonical\" href=\"https:\/\/www.organisator.ch\/fr\/formation-continue-2\/2023-11-22\/berufsbildung-bewegt-die-schweiz\/\" \/>\n<meta property=\"og:locale\" content=\"fr_FR\" \/>\n<meta property=\"og:type\" content=\"article\" \/>\n<meta property=\"og:title\" content=\"Berufsbildung bewegt die Schweiz\" \/>\n<meta property=\"og:description\" content=\"Die Ausbildungsanbieterin in der Mobilit\u00e4tsbranche, die login Berufsbildung AG, erhielt den Nationalen Bildungspreis.\" \/>\n<meta property=\"og:url\" content=\"https:\/\/www.organisator.ch\/fr\/formation-continue-2\/2023-11-22\/berufsbildung-bewegt-die-schweiz\/\" \/>\n<meta property=\"og:site_name\" content=\"Organisator\" \/>\n<meta property=\"article:publisher\" content=\"https:\/\/www.facebook.com\/OrganisatorFachmagazin\" \/>\n<meta property=\"article:published_time\" content=\"2023-11-22T13:00:16+00:00\" \/>\n<meta property=\"og:image\" content=\"https:\/\/www.organisator.ch\/wp-content\/uploads\/2023\/11\/Berufsbildung_Bild1_ps.jpg\" \/>\n\t<meta property=\"og:image:width\" content=\"680\" \/>\n\t<meta property=\"og:image:height\" content=\"453\" \/>\n\t<meta property=\"og:image:type\" content=\"image\/jpeg\" \/>\n<meta name=\"author\" content=\"Adelisa Kalajdzini\" \/>\n<meta name=\"twitter:card\" content=\"summary_large_image\" \/>\n<meta name=\"twitter:title\" content=\"Berufsbildung bewegt die Schweiz\" \/>\n<meta name=\"twitter:description\" content=\"Die #Ausbildungsanbieterin in der #Mobilit\u00e4tsbranche, die #login Berufsbildung AG, erhielt den Nationalen #Bildungspreis.\" \/>\n<meta name=\"twitter:image\" content=\"https:\/\/www.organisator.ch\/wp-content\/uploads\/2023\/11\/Berufsbildung_Bild1_ps.jpg\" \/>\n<script type=\"application\/ld+json\" class=\"yoast-schema-graph\">{\"@context\":\"https:\\\/\\\/schema.org\",\"@graph\":[{\"@type\":\"Article\",\"@id\":\"https:\\\/\\\/www.organisator.ch\\\/weiterbildung\\\/2023-11-22\\\/berufsbildung-bewegt-die-schweiz\\\/#article\",\"isPartOf\":{\"@id\":\"https:\\\/\\\/www.organisator.ch\\\/weiterbildung\\\/2023-11-22\\\/berufsbildung-bewegt-die-schweiz\\\/\"},\"author\":{\"name\":\"Adelisa Kalajdzini\",\"@id\":\"https:\\\/\\\/www.organisator.ch\\\/#\\\/schema\\\/person\\\/2e1314a2172123f874db408d8911d3f3\"},\"headline\":\"Berufsbildung bewegt die Schweiz\",\"datePublished\":\"2023-11-22T13:00:16+00:00\",\"mainEntityOfPage\":{\"@id\":\"https:\\\/\\\/www.organisator.ch\\\/weiterbildung\\\/2023-11-22\\\/berufsbildung-bewegt-die-schweiz\\\/\"},\"wordCount\":508,\"publisher\":{\"@id\":\"https:\\\/\\\/www.organisator.ch\\\/#organization\"},\"image\":{\"@id\":\"https:\\\/\\\/www.organisator.ch\\\/weiterbildung\\\/2023-11-22\\\/berufsbildung-bewegt-die-schweiz\\\/#primaryimage\"},\"thumbnailUrl\":\"https:\\\/\\\/www.organisator.ch\\\/wp-content\\\/uploads\\\/2023\\\/11\\\/Berufsbildung_Bild1_ps.jpg\",\"keywords\":[\"Aus-\\\/Weiterbildung\",\"Preis\",\"Schweiz\",\"Unternehmen\",\"Veranstaltungen\"],\"articleSection\":[\"WEITERBILDUNG\"],\"inLanguage\":\"fr-FR\"},{\"@type\":\"WebPage\",\"@id\":\"https:\\\/\\\/www.organisator.ch\\\/weiterbildung\\\/2023-11-22\\\/berufsbildung-bewegt-die-schweiz\\\/\",\"url\":\"https:\\\/\\\/www.organisator.ch\\\/weiterbildung\\\/2023-11-22\\\/berufsbildung-bewegt-die-schweiz\\\/\",\"name\":\"Berufsbildung bewegt die Schweiz - Organisator\",\"isPartOf\":{\"@id\":\"https:\\\/\\\/www.organisator.ch\\\/#website\"},\"primaryImageOfPage\":{\"@id\":\"https:\\\/\\\/www.organisator.ch\\\/weiterbildung\\\/2023-11-22\\\/berufsbildung-bewegt-die-schweiz\\\/#primaryimage\"},\"image\":{\"@id\":\"https:\\\/\\\/www.organisator.ch\\\/weiterbildung\\\/2023-11-22\\\/berufsbildung-bewegt-die-schweiz\\\/#primaryimage\"},\"thumbnailUrl\":\"https:\\\/\\\/www.organisator.ch\\\/wp-content\\\/uploads\\\/2023\\\/11\\\/Berufsbildung_Bild1_ps.jpg\",\"datePublished\":\"2023-11-22T13:00:16+00:00\",\"description\":\"Die Ausbildungsanbieterin in der Mobilit\u00e4tsbranche, die login Berufsbildung AG, erhielt den Nationalen Bildungspreis.\",\"breadcrumb\":{\"@id\":\"https:\\\/\\\/www.organisator.ch\\\/weiterbildung\\\/2023-11-22\\\/berufsbildung-bewegt-die-schweiz\\\/#breadcrumb\"},\"inLanguage\":\"fr-FR\",\"potentialAction\":[{\"@type\":\"ReadAction\",\"target\":[\"https:\\\/\\\/www.organisator.ch\\\/weiterbildung\\\/2023-11-22\\\/berufsbildung-bewegt-die-schweiz\\\/\"]}]},{\"@type\":\"ImageObject\",\"inLanguage\":\"fr-FR\",\"@id\":\"https:\\\/\\\/www.organisator.ch\\\/weiterbildung\\\/2023-11-22\\\/berufsbildung-bewegt-die-schweiz\\\/#primaryimage\",\"url\":\"https:\\\/\\\/www.organisator.ch\\\/wp-content\\\/uploads\\\/2023\\\/11\\\/Berufsbildung_Bild1_ps.jpg\",\"contentUrl\":\"https:\\\/\\\/www.organisator.ch\\\/wp-content\\\/uploads\\\/2023\\\/11\\\/Berufsbildung_Bild1_ps.jpg\",\"width\":680,\"height\":453,\"caption\":\"Christian Fiechter und Stefan Schulthess gratulieren Claude Merlach, Gesch\u00e4ftsf\u00fchrer von login Berufsbildung AG, zum Gewinn des Nationalen Bildungspreises. (www.login.org)\"},{\"@type\":\"BreadcrumbList\",\"@id\":\"https:\\\/\\\/www.organisator.ch\\\/weiterbildung\\\/2023-11-22\\\/berufsbildung-bewegt-die-schweiz\\\/#breadcrumb\",\"itemListElement\":[{\"@type\":\"ListItem\",\"position\":1,\"name\":\"Home\",\"item\":\"https:\\\/\\\/www.organisator.ch\\\/\"},{\"@type\":\"ListItem\",\"position\":2,\"name\":\"Berufsbildung bewegt die Schweiz\"}]},{\"@type\":\"WebSite\",\"@id\":\"https:\\\/\\\/www.organisator.ch\\\/#website\",\"url\":\"https:\\\/\\\/www.organisator.ch\\\/\",\"name\":\"Organisator\",\"description\":\"Kompetent. Praxisnah. Der ORGANISATOR bereitet in 10 Ausgaben pro Jahr die wesentlichen Themen f\u00fcr F\u00fchrungskr\u00e4fte von KMU auf.\",\"publisher\":{\"@id\":\"https:\\\/\\\/www.organisator.ch\\\/#organization\"},\"potentialAction\":[{\"@type\":\"SearchAction\",\"target\":{\"@type\":\"EntryPoint\",\"urlTemplate\":\"https:\\\/\\\/www.organisator.ch\\\/?s={search_term_string}\"},\"query-input\":{\"@type\":\"PropertyValueSpecification\",\"valueRequired\":true,\"valueName\":\"search_term_string\"}}],\"inLanguage\":\"fr-FR\"},{\"@type\":\"Organization\",\"@id\":\"https:\\\/\\\/www.organisator.ch\\\/#organization\",\"name\":\"Organisator\",\"url\":\"https:\\\/\\\/www.organisator.ch\\\/\",\"logo\":{\"@type\":\"ImageObject\",\"inLanguage\":\"fr-FR\",\"@id\":\"https:\\\/\\\/www.organisator.ch\\\/#\\\/schema\\\/logo\\\/image\\\/\",\"url\":\"https:\\\/\\\/www.organisator.ch\\\/wp-content\\\/uploads\\\/2022\\\/01\\\/Logo_Organisator_Website.png\",\"contentUrl\":\"https:\\\/\\\/www.organisator.ch\\\/wp-content\\\/uploads\\\/2022\\\/01\\\/Logo_Organisator_Website.png\",\"width\":800,\"height\":77,\"caption\":\"Organisator\"},\"image\":{\"@id\":\"https:\\\/\\\/www.organisator.ch\\\/#\\\/schema\\\/logo\\\/image\\\/\"},\"sameAs\":[\"https:\\\/\\\/www.facebook.com\\\/OrganisatorFachmagazin\",\"https:\\\/\\\/www.linkedin.com\\\/showcase\\\/organisator-das-magazin-fr-kmu\",\"https:\\\/\\\/www.xing.com\\\/news\\\/pages\\\/organisator-ch-695\",\"https:\\\/\\\/www.youtube.com\\\/channel\\\/UCGP2Sq0iWaZwT3BdIAQFYpw\"]},{\"@type\":\"Person\",\"@id\":\"https:\\\/\\\/www.organisator.ch\\\/#\\\/schema\\\/person\\\/2e1314a2172123f874db408d8911d3f3\",\"name\":\"Adelisa Kalajdzini\",\"image\":{\"@type\":\"ImageObject\",\"inLanguage\":\"fr-FR\",\"@id\":\"https:\\\/\\\/secure.gravatar.com\\\/avatar\\\/09a397c22ac58cad6f160ee8306348599df9df58a8ede73696226897b9fa4b24?s=96&d=mm&r=g\",\"url\":\"https:\\\/\\\/secure.gravatar.com\\\/avatar\\\/09a397c22ac58cad6f160ee8306348599df9df58a8ede73696226897b9fa4b24?s=96&d=mm&r=g\",\"contentUrl\":\"https:\\\/\\\/secure.gravatar.com\\\/avatar\\\/09a397c22ac58cad6f160ee8306348599df9df58a8ede73696226897b9fa4b24?s=96&d=mm&r=g\",\"caption\":\"Adelisa Kalajdzini\"},\"url\":\"https:\\\/\\\/www.organisator.ch\\\/fr\\\/author\\\/adelisa-kalajdzini\\\/\"}]}<\/script>\n<!-- \/ Yoast SEO plugin. -->","yoast_head_json":{"title":"La formation professionnelle fait bouger la Suisse - Organisateur","description":"Le prestataire de formation dans le secteur de la mobilit\u00e9, login Formation professionnelle SA, a re\u00e7u le Prix national de la formation.","robots":{"index":"index","follow":"follow","max-snippet":"max-snippet:-1","max-image-preview":"max-image-preview:large","max-video-preview":"max-video-preview:-1"},"canonical":"https:\/\/www.organisator.ch\/fr\/formation-continue-2\/2023-11-22\/berufsbildung-bewegt-die-schweiz\/","og_locale":"fr_FR","og_type":"article","og_title":"Berufsbildung bewegt die Schweiz","og_description":"Die Ausbildungsanbieterin in der Mobilit\u00e4tsbranche, die login Berufsbildung AG, erhielt den Nationalen Bildungspreis.","og_url":"https:\/\/www.organisator.ch\/fr\/formation-continue-2\/2023-11-22\/berufsbildung-bewegt-die-schweiz\/","og_site_name":"Organisator","article_publisher":"https:\/\/www.facebook.com\/OrganisatorFachmagazin","article_published_time":"2023-11-22T13:00:16+00:00","og_image":[{"width":680,"height":453,"url":"https:\/\/www.organisator.ch\/wp-content\/uploads\/2023\/11\/Berufsbildung_Bild1_ps.jpg","type":"image\/jpeg"}],"author":"Adelisa Kalajdzini","twitter_card":"summary_large_image","twitter_title":"Berufsbildung bewegt die Schweiz","twitter_description":"Die #Ausbildungsanbieterin in der #Mobilit\u00e4tsbranche, die #login Berufsbildung AG, erhielt den Nationalen #Bildungspreis.","twitter_image":"https:\/\/www.organisator.ch\/wp-content\/uploads\/2023\/11\/Berufsbildung_Bild1_ps.jpg","schema":{"@context":"https:\/\/schema.org","@graph":[{"@type":"Article","@id":"https:\/\/www.organisator.ch\/weiterbildung\/2023-11-22\/berufsbildung-bewegt-die-schweiz\/#article","isPartOf":{"@id":"https:\/\/www.organisator.ch\/weiterbildung\/2023-11-22\/berufsbildung-bewegt-die-schweiz\/"},"author":{"name":"Adelisa Kalajdzini","@id":"https:\/\/www.organisator.ch\/#\/schema\/person\/2e1314a2172123f874db408d8911d3f3"},"headline":"Berufsbildung bewegt die Schweiz","datePublished":"2023-11-22T13:00:16+00:00","mainEntityOfPage":{"@id":"https:\/\/www.organisator.ch\/weiterbildung\/2023-11-22\/berufsbildung-bewegt-die-schweiz\/"},"wordCount":508,"publisher":{"@id":"https:\/\/www.organisator.ch\/#organization"},"image":{"@id":"https:\/\/www.organisator.ch\/weiterbildung\/2023-11-22\/berufsbildung-bewegt-die-schweiz\/#primaryimage"},"thumbnailUrl":"https:\/\/www.organisator.ch\/wp-content\/uploads\/2023\/11\/Berufsbildung_Bild1_ps.jpg","keywords":["Aus-\/Weiterbildung","Preis","Schweiz","Unternehmen","Veranstaltungen"],"articleSection":["WEITERBILDUNG"],"inLanguage":"fr-FR"},{"@type":"WebPage","@id":"https:\/\/www.organisator.ch\/weiterbildung\/2023-11-22\/berufsbildung-bewegt-die-schweiz\/","url":"https:\/\/www.organisator.ch\/weiterbildung\/2023-11-22\/berufsbildung-bewegt-die-schweiz\/","name":"La formation professionnelle fait bouger la Suisse - Organisateur","isPartOf":{"@id":"https:\/\/www.organisator.ch\/#website"},"primaryImageOfPage":{"@id":"https:\/\/www.organisator.ch\/weiterbildung\/2023-11-22\/berufsbildung-bewegt-die-schweiz\/#primaryimage"},"image":{"@id":"https:\/\/www.organisator.ch\/weiterbildung\/2023-11-22\/berufsbildung-bewegt-die-schweiz\/#primaryimage"},"thumbnailUrl":"https:\/\/www.organisator.ch\/wp-content\/uploads\/2023\/11\/Berufsbildung_Bild1_ps.jpg","datePublished":"2023-11-22T13:00:16+00:00","description":"Le prestataire de formation dans le secteur de la mobilit\u00e9, login Formation professionnelle SA, a re\u00e7u le Prix national de la formation.","breadcrumb":{"@id":"https:\/\/www.organisator.ch\/weiterbildung\/2023-11-22\/berufsbildung-bewegt-die-schweiz\/#breadcrumb"},"inLanguage":"fr-FR","potentialAction":[{"@type":"ReadAction","target":["https:\/\/www.organisator.ch\/weiterbildung\/2023-11-22\/berufsbildung-bewegt-die-schweiz\/"]}]},{"@type":"ImageObject","inLanguage":"fr-FR","@id":"https:\/\/www.organisator.ch\/weiterbildung\/2023-11-22\/berufsbildung-bewegt-die-schweiz\/#primaryimage","url":"https:\/\/www.organisator.ch\/wp-content\/uploads\/2023\/11\/Berufsbildung_Bild1_ps.jpg","contentUrl":"https:\/\/www.organisator.ch\/wp-content\/uploads\/2023\/11\/Berufsbildung_Bild1_ps.jpg","width":680,"height":453,"caption":"Christian Fiechter und Stefan Schulthess gratulieren Claude Merlach, Gesch\u00e4ftsf\u00fchrer von login Berufsbildung AG, zum Gewinn des Nationalen Bildungspreises. (www.login.org)"},{"@type":"BreadcrumbList","@id":"https:\/\/www.organisator.ch\/weiterbildung\/2023-11-22\/berufsbildung-bewegt-die-schweiz\/#breadcrumb","itemListElement":[{"@type":"ListItem","position":1,"name":"Home","item":"https:\/\/www.organisator.ch\/"},{"@type":"ListItem","position":2,"name":"Berufsbildung bewegt die Schweiz"}]},{"@type":"WebSite","@id":"https:\/\/www.organisator.ch\/#website","url":"https:\/\/www.organisator.ch\/","name":"Organisateur","description":"Comp\u00e9tence et comp\u00e9tence. Proches de la pratique. L'ORGANISATEUR pr\u00e9pare 10 num\u00e9ros par an sur les th\u00e8mes essentiels pour les dirigeants de PME.","publisher":{"@id":"https:\/\/www.organisator.ch\/#organization"},"potentialAction":[{"@type":"SearchAction","target":{"@type":"EntryPoint","urlTemplate":"https:\/\/www.organisator.ch\/?s={search_term_string}"},"query-input":{"@type":"PropertyValueSpecification","valueRequired":true,"valueName":"search_term_string"}}],"inLanguage":"fr-FR"},{"@type":"Organization","@id":"https:\/\/www.organisator.ch\/#organization","name":"Organisateur","url":"https:\/\/www.organisator.ch\/","logo":{"@type":"ImageObject","inLanguage":"fr-FR","@id":"https:\/\/www.organisator.ch\/#\/schema\/logo\/image\/","url":"https:\/\/www.organisator.ch\/wp-content\/uploads\/2022\/01\/Logo_Organisator_Website.png","contentUrl":"https:\/\/www.organisator.ch\/wp-content\/uploads\/2022\/01\/Logo_Organisator_Website.png","width":800,"height":77,"caption":"Organisator"},"image":{"@id":"https:\/\/www.organisator.ch\/#\/schema\/logo\/image\/"},"sameAs":["https:\/\/www.facebook.com\/OrganisatorFachmagazin","https:\/\/www.linkedin.com\/showcase\/organisator-das-magazin-fr-kmu","https:\/\/www.xing.com\/news\/pages\/organisator-ch-695","https:\/\/www.youtube.com\/channel\/UCGP2Sq0iWaZwT3BdIAQFYpw"]},{"@type":"Person","@id":"https:\/\/www.organisator.ch\/#\/schema\/person\/2e1314a2172123f874db408d8911d3f3","name":"Adelisa Kalajdzini","image":{"@type":"ImageObject","inLanguage":"fr-FR","@id":"https:\/\/secure.gravatar.com\/avatar\/09a397c22ac58cad6f160ee8306348599df9df58a8ede73696226897b9fa4b24?s=96&d=mm&r=g","url":"https:\/\/secure.gravatar.com\/avatar\/09a397c22ac58cad6f160ee8306348599df9df58a8ede73696226897b9fa4b24?s=96&d=mm&r=g","contentUrl":"https:\/\/secure.gravatar.com\/avatar\/09a397c22ac58cad6f160ee8306348599df9df58a8ede73696226897b9fa4b24?s=96&d=mm&r=g","caption":"Adelisa Kalajdzini"},"url":"https:\/\/www.organisator.ch\/fr\/author\/adelisa-kalajdzini\/"}]}},"_links":{"self":[{"href":"https:\/\/www.organisator.ch\/fr\/wp-json\/wp\/v2\/posts\/23299","targetHints":{"allow":["GET"]}}],"collection":[{"href":"https:\/\/www.organisator.ch\/fr\/wp-json\/wp\/v2\/posts"}],"about":[{"href":"https:\/\/www.organisator.ch\/fr\/wp-json\/wp\/v2\/types\/post"}],"author":[{"embeddable":true,"href":"https:\/\/www.organisator.ch\/fr\/wp-json\/wp\/v2\/users\/58"}],"replies":[{"embeddable":true,"href":"https:\/\/www.organisator.ch\/fr\/wp-json\/wp\/v2\/comments?post=23299"}],"version-history":[{"count":2,"href":"https:\/\/www.organisator.ch\/fr\/wp-json\/wp\/v2\/posts\/23299\/revisions"}],"predecessor-version":[{"id":23302,"href":"https:\/\/www.organisator.ch\/fr\/wp-json\/wp\/v2\/posts\/23299\/revisions\/23302"}],"wp:featuredmedia":[{"embeddable":true,"href":"https:\/\/www.organisator.ch\/fr\/wp-json\/wp\/v2\/media\/23301"}],"wp:attachment":[{"href":"https:\/\/www.organisator.ch\/fr\/wp-json\/wp\/v2\/media?parent=23299"}],"wp:term":[{"taxonomy":"category","embeddable":true,"href":"https:\/\/www.organisator.ch\/fr\/wp-json\/wp\/v2\/categories?post=23299"},{"taxonomy":"post_tag","embeddable":true,"href":"https:\/\/www.organisator.ch\/fr\/wp-json\/wp\/v2\/tags?post=23299"}],"curies":[{"name":"wp","href":"https:\/\/api.w.org\/{rel}","templated":true}]}}