{"id":23383,"date":"2023-11-27T08:59:05","date_gmt":"2023-11-27T07:59:05","guid":{"rendered":"https:\/\/www.organisator.ch\/?p=23383"},"modified":"2023-11-27T08:59:05","modified_gmt":"2023-11-27T07:59:05","slug":"hwz-und-wilob-gestalten-gemeinsam-die-zukunft","status":"publish","type":"post","link":"https:\/\/www.organisator.ch\/fr\/weiterbildung\/2023-11-27\/hwz-und-wilob-gestalten-gemeinsam-die-zukunft\/","title":{"rendered":"La HWZ et Wilob fa\u00e7onnent ensemble l'avenir"},"content":{"rendered":"<p>La HWZ Hochschule f\u00fcr Wirtschaft Z\u00fcrich \u00e9largit son expertise professionnelle en collaborant avec Wilob, un institut de formation continue en th\u00e9rapie et conseil orient\u00e9s vers les solutions. Fort d'une solide exp\u00e9rience de plus de 25 ans dans le domaine de la th\u00e9rapie et du conseil syst\u00e9miques, Wilob se distingue par une approche visant \u00e0 int\u00e9grer les connaissances issues de diff\u00e9rentes disciplines scientifiques. Cette approche permet de d\u00e9velopper des points de vue larges et complexes sur les probl\u00e8mes et les situations et de combiner diff\u00e9rentes approches de solutions.<\/p>\n<figure id=\"attachment_23384\" aria-describedby=\"caption-attachment-23384\" style=\"width: 680px\" class=\"wp-caption alignnone\"><img loading=\"lazy\" decoding=\"async\" class=\"size-full wp-image-23384\" src=\"https:\/\/www.organisator.ch\/wp-content\/uploads\/2023\/11\/HWZ_angela-fuchs-und-peter-statz_Bild1_ps.jpg\" alt=\"\" width=\"680\" height=\"397\" srcset=\"https:\/\/www.organisator.ch\/wp-content\/uploads\/2023\/11\/HWZ_angela-fuchs-und-peter-statz_Bild1_ps.jpg 680w, https:\/\/www.organisator.ch\/wp-content\/uploads\/2023\/11\/HWZ_angela-fuchs-und-peter-statz_Bild1_ps-18x12.jpg 18w, https:\/\/www.organisator.ch\/wp-content\/uploads\/2023\/11\/HWZ_angela-fuchs-und-peter-statz_Bild1_ps-375x219.jpg 375w, https:\/\/www.organisator.ch\/wp-content\/uploads\/2023\/11\/HWZ_angela-fuchs-und-peter-statz_Bild1_ps-599x350.jpg 599w\" sizes=\"auto, (max-width: 680px) 100vw, 680px\" \/><figcaption id=\"caption-attachment-23384\" class=\"wp-caption-text\">Image L\u00e9gende : Peter Statz - directeur du d\u00e9partement Management &amp; Leadership de la HWZ et Angela Fuchs - co-directrice de Wilob AG. Le d\u00e9veloppement de nouvelles offres de formation continue est au c\u0153ur de la collaboration. (Image : www.fh-hwz.ch)<\/figcaption><\/figure>\n<p>Ce nouveau partenariat ouvre \u00e0 la HWZ un nouveau champ th\u00e9matique, comme le souligne Peter Statz, directeur du d\u00e9partement Management &amp; Leadership de la HWZ : \"C'est formidable d'avoir trouv\u00e9 un partenaire de coop\u00e9ration cr\u00e9dible dans un domaine qui devient de plus en plus important pour une \u00e9cole de commerce comme la HWZ\".<\/p>\n<p>Angela Fuchs, co-directrice de Wilob AG, consid\u00e8re \u00e9galement ce partenariat comme tr\u00e8s prometteur : \"Nous nous sommes trouv\u00e9s. La psychologie et l'\u00e9conomie forment une alliance. Ensemble, nous proposons une nouvelle offre de formation continue qui allie les forces des deux mondes : humanit\u00e9 et rentabilit\u00e9. Nous pouvons ainsi offrir \u00e0 nos participants \u00e0 la formation continue une valeur ajout\u00e9e d\u00e9cisive pour leur carri\u00e8re\".<\/p>\n<h3><strong>Lancement du CAS D\u00e9veloppement syst\u00e9mique de l'organisation HWZ<\/strong><\/h3>\n<p>Le d\u00e9veloppement de nouveaux produits est au c\u0153ur du partenariat de coop\u00e9ration. Le CAS en d\u00e9veloppement organisationnel syst\u00e9mique a \u00e9t\u00e9 lanc\u00e9 r\u00e9cemment et sera organis\u00e9 pour la premi\u00e8re fois en avril prochain. Dans ce cursus, les participants se penchent sur une attitude fondamentale orient\u00e9e vers les ressources syst\u00e9miques et d\u00e9veloppent leur propre organisation en fonction de son origine et de ses possibilit\u00e9s actuelles. En effet, le d\u00e9veloppement organisationnel agit en interaction avec la conception, les capacit\u00e9s et le comportement. Le cursus est dirig\u00e9 conjointement par Martin K\u00e4gi et Nadja Fuchs.<\/p>\n<p><em>Source :<a href=\"https:\/\/fh-hwz.ch\/\"> www.fh-hwz.ch\u00a0<\/a><\/em><\/p>","protected":false},"excerpt":{"rendered":"<p>La HWZ Hochschule f\u00fcr Wirtschaft Z\u00fcrich et Wilob AG, l'institut de formation continue pour la th\u00e9rapie et le conseil orient\u00e9s vers les solutions, ont conclu un partenariat strat\u00e9gique novateur. Avec le lancement du premier CAS commun en d\u00e9veloppement organisationnel syst\u00e9mique, ils posent un jalon important pour exploiter au mieux les synergies des deux institutions.<\/p>","protected":false},"author":58,"featured_media":23384,"comment_status":"closed","ping_status":"closed","sticky":false,"template":"","format":"standard","meta":{"_acf_changed":false,"_yoast_wpseo_focuskw":"HWZ und Wilob","_yoast_wpseo_metadesc":"Die HWZ Hochschule f\u00fcr Wirtschaft Z\u00fcrich erweitert ihre fachliche Expertise durch die Zusammenarbeit mit Wilob AG.","articlekey":"","footnotes":""},"categories":[30],"tags":[62,1382,1888,492],"class_list":["post-23383","post","type-post","status-publish","format-standard","has-post-thumbnail","hentry","category-weiterbildung","tag-aus-weiterbildung","tag-hwz","tag-partnerschaft","tag-unternehmen"],"acf":[],"yoast_head":"<!-- This site is optimized with the Yoast SEO plugin v27.5 - https:\/\/yoast.com\/product\/yoast-seo-wordpress\/ -->\n<title>HWZ und Wilob gestalten gemeinsam die Zukunft - Organisator<\/title>\n<meta name=\"description\" content=\"Die HWZ Hochschule f\u00fcr Wirtschaft Z\u00fcrich erweitert ihre fachliche Expertise durch die Zusammenarbeit mit Wilob AG.\" \/>\n<meta name=\"robots\" content=\"index, follow, max-snippet:-1, max-image-preview:large, max-video-preview:-1\" \/>\n<link rel=\"canonical\" href=\"https:\/\/www.organisator.ch\/fr\/formation-continue-2\/2023-11-27\/hwz-und-wilob-gestalten-gemeinsam-die-zukunft\/\" \/>\n<meta property=\"og:locale\" content=\"fr_FR\" \/>\n<meta property=\"og:type\" content=\"article\" \/>\n<meta property=\"og:title\" content=\"HWZ und Wilob gestalten gemeinsam die Zukunft\" \/>\n<meta property=\"og:description\" content=\"Die HWZ Hochschule f\u00fcr Wirtschaft Z\u00fcrich erweitert ihre fachliche Expertise durch die Zusammenarbeit mit Wilob AG.\" \/>\n<meta property=\"og:url\" content=\"https:\/\/www.organisator.ch\/fr\/formation-continue-2\/2023-11-27\/hwz-und-wilob-gestalten-gemeinsam-die-zukunft\/\" \/>\n<meta property=\"og:site_name\" content=\"Organisator\" \/>\n<meta property=\"article:publisher\" content=\"https:\/\/www.facebook.com\/OrganisatorFachmagazin\" \/>\n<meta property=\"article:published_time\" content=\"2023-11-27T07:59:05+00:00\" \/>\n<meta property=\"og:image\" content=\"https:\/\/www.organisator.ch\/wp-content\/uploads\/2023\/11\/HWZ_angela-fuchs-und-peter-statz_Bild1_ps.jpg\" \/>\n\t<meta property=\"og:image:width\" content=\"680\" \/>\n\t<meta property=\"og:image:height\" content=\"397\" \/>\n\t<meta property=\"og:image:type\" content=\"image\/jpeg\" \/>\n<meta name=\"author\" content=\"Adelisa Kalajdzini\" \/>\n<meta name=\"twitter:card\" content=\"summary_large_image\" \/>\n<meta name=\"twitter:title\" content=\"HWZ und Wilob gestalten gemeinsam die Zukunft\" \/>\n<meta name=\"twitter:description\" content=\"Die #HWZ Hochschule f\u00fcr Wirtschaft Z\u00fcrich erweitert ihre fachliche Expertise durch die #Zusammenarbeit mit #Wilob AG.\" \/>\n<meta name=\"twitter:image\" content=\"https:\/\/www.organisator.ch\/wp-content\/uploads\/2023\/11\/HWZ_angela-fuchs-und-peter-statz_Bild1_ps.jpg\" \/>\n<script type=\"application\/ld+json\" class=\"yoast-schema-graph\">{\"@context\":\"https:\\\/\\\/schema.org\",\"@graph\":[{\"@type\":\"Article\",\"@id\":\"https:\\\/\\\/www.organisator.ch\\\/weiterbildung\\\/2023-11-27\\\/hwz-und-wilob-gestalten-gemeinsam-die-zukunft\\\/#article\",\"isPartOf\":{\"@id\":\"https:\\\/\\\/www.organisator.ch\\\/weiterbildung\\\/2023-11-27\\\/hwz-und-wilob-gestalten-gemeinsam-die-zukunft\\\/\"},\"author\":{\"name\":\"Adelisa Kalajdzini\",\"@id\":\"https:\\\/\\\/www.organisator.ch\\\/#\\\/schema\\\/person\\\/2e1314a2172123f874db408d8911d3f3\"},\"headline\":\"HWZ und Wilob gestalten gemeinsam die Zukunft\",\"datePublished\":\"2023-11-27T07:59:05+00:00\",\"mainEntityOfPage\":{\"@id\":\"https:\\\/\\\/www.organisator.ch\\\/weiterbildung\\\/2023-11-27\\\/hwz-und-wilob-gestalten-gemeinsam-die-zukunft\\\/\"},\"wordCount\":309,\"publisher\":{\"@id\":\"https:\\\/\\\/www.organisator.ch\\\/#organization\"},\"image\":{\"@id\":\"https:\\\/\\\/www.organisator.ch\\\/weiterbildung\\\/2023-11-27\\\/hwz-und-wilob-gestalten-gemeinsam-die-zukunft\\\/#primaryimage\"},\"thumbnailUrl\":\"https:\\\/\\\/www.organisator.ch\\\/wp-content\\\/uploads\\\/2023\\\/11\\\/HWZ_angela-fuchs-und-peter-statz_Bild1_ps.jpg\",\"keywords\":[\"Aus-\\\/Weiterbildung\",\"HWZ\",\"Partnerschaft\",\"Unternehmen\"],\"articleSection\":[\"WEITERBILDUNG\"],\"inLanguage\":\"fr-FR\"},{\"@type\":\"WebPage\",\"@id\":\"https:\\\/\\\/www.organisator.ch\\\/weiterbildung\\\/2023-11-27\\\/hwz-und-wilob-gestalten-gemeinsam-die-zukunft\\\/\",\"url\":\"https:\\\/\\\/www.organisator.ch\\\/weiterbildung\\\/2023-11-27\\\/hwz-und-wilob-gestalten-gemeinsam-die-zukunft\\\/\",\"name\":\"HWZ und Wilob gestalten gemeinsam die Zukunft - Organisator\",\"isPartOf\":{\"@id\":\"https:\\\/\\\/www.organisator.ch\\\/#website\"},\"primaryImageOfPage\":{\"@id\":\"https:\\\/\\\/www.organisator.ch\\\/weiterbildung\\\/2023-11-27\\\/hwz-und-wilob-gestalten-gemeinsam-die-zukunft\\\/#primaryimage\"},\"image\":{\"@id\":\"https:\\\/\\\/www.organisator.ch\\\/weiterbildung\\\/2023-11-27\\\/hwz-und-wilob-gestalten-gemeinsam-die-zukunft\\\/#primaryimage\"},\"thumbnailUrl\":\"https:\\\/\\\/www.organisator.ch\\\/wp-content\\\/uploads\\\/2023\\\/11\\\/HWZ_angela-fuchs-und-peter-statz_Bild1_ps.jpg\",\"datePublished\":\"2023-11-27T07:59:05+00:00\",\"description\":\"Die HWZ Hochschule f\u00fcr Wirtschaft Z\u00fcrich erweitert ihre fachliche Expertise durch die Zusammenarbeit mit Wilob AG.\",\"breadcrumb\":{\"@id\":\"https:\\\/\\\/www.organisator.ch\\\/weiterbildung\\\/2023-11-27\\\/hwz-und-wilob-gestalten-gemeinsam-die-zukunft\\\/#breadcrumb\"},\"inLanguage\":\"fr-FR\",\"potentialAction\":[{\"@type\":\"ReadAction\",\"target\":[\"https:\\\/\\\/www.organisator.ch\\\/weiterbildung\\\/2023-11-27\\\/hwz-und-wilob-gestalten-gemeinsam-die-zukunft\\\/\"]}]},{\"@type\":\"ImageObject\",\"inLanguage\":\"fr-FR\",\"@id\":\"https:\\\/\\\/www.organisator.ch\\\/weiterbildung\\\/2023-11-27\\\/hwz-und-wilob-gestalten-gemeinsam-die-zukunft\\\/#primaryimage\",\"url\":\"https:\\\/\\\/www.organisator.ch\\\/wp-content\\\/uploads\\\/2023\\\/11\\\/HWZ_angela-fuchs-und-peter-statz_Bild1_ps.jpg\",\"contentUrl\":\"https:\\\/\\\/www.organisator.ch\\\/wp-content\\\/uploads\\\/2023\\\/11\\\/HWZ_angela-fuchs-und-peter-statz_Bild1_ps.jpg\",\"width\":680,\"height\":397,\"caption\":\"Bild Legende: Peter Statz - Leiter des Departements Management & Leadership der HWZ und Angela Fuchs - Co-Leiterin der Wilob AG. Im Fokus der Zusammenarbeit steht die Entwicklung neuer Weiterbildungsangebote. (Bild: www.fh-hwz.ch)\"},{\"@type\":\"BreadcrumbList\",\"@id\":\"https:\\\/\\\/www.organisator.ch\\\/weiterbildung\\\/2023-11-27\\\/hwz-und-wilob-gestalten-gemeinsam-die-zukunft\\\/#breadcrumb\",\"itemListElement\":[{\"@type\":\"ListItem\",\"position\":1,\"name\":\"Home\",\"item\":\"https:\\\/\\\/www.organisator.ch\\\/\"},{\"@type\":\"ListItem\",\"position\":2,\"name\":\"HWZ und Wilob gestalten gemeinsam die Zukunft\"}]},{\"@type\":\"WebSite\",\"@id\":\"https:\\\/\\\/www.organisator.ch\\\/#website\",\"url\":\"https:\\\/\\\/www.organisator.ch\\\/\",\"name\":\"Organisator\",\"description\":\"Kompetent. Praxisnah. Der ORGANISATOR bereitet in 10 Ausgaben pro Jahr die wesentlichen Themen f\u00fcr F\u00fchrungskr\u00e4fte von KMU auf.\",\"publisher\":{\"@id\":\"https:\\\/\\\/www.organisator.ch\\\/#organization\"},\"potentialAction\":[{\"@type\":\"SearchAction\",\"target\":{\"@type\":\"EntryPoint\",\"urlTemplate\":\"https:\\\/\\\/www.organisator.ch\\\/?s={search_term_string}\"},\"query-input\":{\"@type\":\"PropertyValueSpecification\",\"valueRequired\":true,\"valueName\":\"search_term_string\"}}],\"inLanguage\":\"fr-FR\"},{\"@type\":\"Organization\",\"@id\":\"https:\\\/\\\/www.organisator.ch\\\/#organization\",\"name\":\"Organisator\",\"url\":\"https:\\\/\\\/www.organisator.ch\\\/\",\"logo\":{\"@type\":\"ImageObject\",\"inLanguage\":\"fr-FR\",\"@id\":\"https:\\\/\\\/www.organisator.ch\\\/#\\\/schema\\\/logo\\\/image\\\/\",\"url\":\"https:\\\/\\\/www.organisator.ch\\\/wp-content\\\/uploads\\\/2022\\\/01\\\/Logo_Organisator_Website.png\",\"contentUrl\":\"https:\\\/\\\/www.organisator.ch\\\/wp-content\\\/uploads\\\/2022\\\/01\\\/Logo_Organisator_Website.png\",\"width\":800,\"height\":77,\"caption\":\"Organisator\"},\"image\":{\"@id\":\"https:\\\/\\\/www.organisator.ch\\\/#\\\/schema\\\/logo\\\/image\\\/\"},\"sameAs\":[\"https:\\\/\\\/www.facebook.com\\\/OrganisatorFachmagazin\",\"https:\\\/\\\/www.linkedin.com\\\/showcase\\\/organisator-das-magazin-fr-kmu\",\"https:\\\/\\\/www.xing.com\\\/news\\\/pages\\\/organisator-ch-695\",\"https:\\\/\\\/www.youtube.com\\\/channel\\\/UCGP2Sq0iWaZwT3BdIAQFYpw\"]},{\"@type\":\"Person\",\"@id\":\"https:\\\/\\\/www.organisator.ch\\\/#\\\/schema\\\/person\\\/2e1314a2172123f874db408d8911d3f3\",\"name\":\"Adelisa Kalajdzini\",\"image\":{\"@type\":\"ImageObject\",\"inLanguage\":\"fr-FR\",\"@id\":\"https:\\\/\\\/secure.gravatar.com\\\/avatar\\\/09a397c22ac58cad6f160ee8306348599df9df58a8ede73696226897b9fa4b24?s=96&d=mm&r=g\",\"url\":\"https:\\\/\\\/secure.gravatar.com\\\/avatar\\\/09a397c22ac58cad6f160ee8306348599df9df58a8ede73696226897b9fa4b24?s=96&d=mm&r=g\",\"contentUrl\":\"https:\\\/\\\/secure.gravatar.com\\\/avatar\\\/09a397c22ac58cad6f160ee8306348599df9df58a8ede73696226897b9fa4b24?s=96&d=mm&r=g\",\"caption\":\"Adelisa Kalajdzini\"},\"url\":\"https:\\\/\\\/www.organisator.ch\\\/fr\\\/author\\\/adelisa-kalajdzini\\\/\"}]}<\/script>\n<!-- \/ Yoast SEO plugin. -->","yoast_head_json":{"title":"HWZ et Wilob fa\u00e7onnent ensemble l'avenir - Organisateur","description":"La HWZ Hochschule f\u00fcr Wirtschaft Z\u00fcrich \u00e9largit son expertise professionnelle gr\u00e2ce \u00e0 sa collaboration avec Wilob AG.","robots":{"index":"index","follow":"follow","max-snippet":"max-snippet:-1","max-image-preview":"max-image-preview:large","max-video-preview":"max-video-preview:-1"},"canonical":"https:\/\/www.organisator.ch\/fr\/formation-continue-2\/2023-11-27\/hwz-und-wilob-gestalten-gemeinsam-die-zukunft\/","og_locale":"fr_FR","og_type":"article","og_title":"HWZ und Wilob gestalten gemeinsam die Zukunft","og_description":"Die HWZ Hochschule f\u00fcr Wirtschaft Z\u00fcrich erweitert ihre fachliche Expertise durch die Zusammenarbeit mit Wilob AG.","og_url":"https:\/\/www.organisator.ch\/fr\/formation-continue-2\/2023-11-27\/hwz-und-wilob-gestalten-gemeinsam-die-zukunft\/","og_site_name":"Organisator","article_publisher":"https:\/\/www.facebook.com\/OrganisatorFachmagazin","article_published_time":"2023-11-27T07:59:05+00:00","og_image":[{"width":680,"height":397,"url":"https:\/\/www.organisator.ch\/wp-content\/uploads\/2023\/11\/HWZ_angela-fuchs-und-peter-statz_Bild1_ps.jpg","type":"image\/jpeg"}],"author":"Adelisa Kalajdzini","twitter_card":"summary_large_image","twitter_title":"HWZ und Wilob gestalten gemeinsam die Zukunft","twitter_description":"Die #HWZ Hochschule f\u00fcr Wirtschaft Z\u00fcrich erweitert ihre fachliche Expertise durch die #Zusammenarbeit mit #Wilob AG.","twitter_image":"https:\/\/www.organisator.ch\/wp-content\/uploads\/2023\/11\/HWZ_angela-fuchs-und-peter-statz_Bild1_ps.jpg","schema":{"@context":"https:\/\/schema.org","@graph":[{"@type":"Article","@id":"https:\/\/www.organisator.ch\/weiterbildung\/2023-11-27\/hwz-und-wilob-gestalten-gemeinsam-die-zukunft\/#article","isPartOf":{"@id":"https:\/\/www.organisator.ch\/weiterbildung\/2023-11-27\/hwz-und-wilob-gestalten-gemeinsam-die-zukunft\/"},"author":{"name":"Adelisa Kalajdzini","@id":"https:\/\/www.organisator.ch\/#\/schema\/person\/2e1314a2172123f874db408d8911d3f3"},"headline":"HWZ und Wilob gestalten gemeinsam die Zukunft","datePublished":"2023-11-27T07:59:05+00:00","mainEntityOfPage":{"@id":"https:\/\/www.organisator.ch\/weiterbildung\/2023-11-27\/hwz-und-wilob-gestalten-gemeinsam-die-zukunft\/"},"wordCount":309,"publisher":{"@id":"https:\/\/www.organisator.ch\/#organization"},"image":{"@id":"https:\/\/www.organisator.ch\/weiterbildung\/2023-11-27\/hwz-und-wilob-gestalten-gemeinsam-die-zukunft\/#primaryimage"},"thumbnailUrl":"https:\/\/www.organisator.ch\/wp-content\/uploads\/2023\/11\/HWZ_angela-fuchs-und-peter-statz_Bild1_ps.jpg","keywords":["Aus-\/Weiterbildung","HWZ","Partnerschaft","Unternehmen"],"articleSection":["WEITERBILDUNG"],"inLanguage":"fr-FR"},{"@type":"WebPage","@id":"https:\/\/www.organisator.ch\/weiterbildung\/2023-11-27\/hwz-und-wilob-gestalten-gemeinsam-die-zukunft\/","url":"https:\/\/www.organisator.ch\/weiterbildung\/2023-11-27\/hwz-und-wilob-gestalten-gemeinsam-die-zukunft\/","name":"HWZ et Wilob fa\u00e7onnent ensemble l'avenir - Organisateur","isPartOf":{"@id":"https:\/\/www.organisator.ch\/#website"},"primaryImageOfPage":{"@id":"https:\/\/www.organisator.ch\/weiterbildung\/2023-11-27\/hwz-und-wilob-gestalten-gemeinsam-die-zukunft\/#primaryimage"},"image":{"@id":"https:\/\/www.organisator.ch\/weiterbildung\/2023-11-27\/hwz-und-wilob-gestalten-gemeinsam-die-zukunft\/#primaryimage"},"thumbnailUrl":"https:\/\/www.organisator.ch\/wp-content\/uploads\/2023\/11\/HWZ_angela-fuchs-und-peter-statz_Bild1_ps.jpg","datePublished":"2023-11-27T07:59:05+00:00","description":"La HWZ Hochschule f\u00fcr Wirtschaft Z\u00fcrich \u00e9largit son expertise professionnelle gr\u00e2ce \u00e0 sa collaboration avec Wilob AG.","breadcrumb":{"@id":"https:\/\/www.organisator.ch\/weiterbildung\/2023-11-27\/hwz-und-wilob-gestalten-gemeinsam-die-zukunft\/#breadcrumb"},"inLanguage":"fr-FR","potentialAction":[{"@type":"ReadAction","target":["https:\/\/www.organisator.ch\/weiterbildung\/2023-11-27\/hwz-und-wilob-gestalten-gemeinsam-die-zukunft\/"]}]},{"@type":"ImageObject","inLanguage":"fr-FR","@id":"https:\/\/www.organisator.ch\/weiterbildung\/2023-11-27\/hwz-und-wilob-gestalten-gemeinsam-die-zukunft\/#primaryimage","url":"https:\/\/www.organisator.ch\/wp-content\/uploads\/2023\/11\/HWZ_angela-fuchs-und-peter-statz_Bild1_ps.jpg","contentUrl":"https:\/\/www.organisator.ch\/wp-content\/uploads\/2023\/11\/HWZ_angela-fuchs-und-peter-statz_Bild1_ps.jpg","width":680,"height":397,"caption":"Bild Legende: Peter Statz - Leiter des Departements Management & Leadership der HWZ und Angela Fuchs - Co-Leiterin der Wilob AG. Im Fokus der Zusammenarbeit steht die Entwicklung neuer Weiterbildungsangebote. (Bild: www.fh-hwz.ch)"},{"@type":"BreadcrumbList","@id":"https:\/\/www.organisator.ch\/weiterbildung\/2023-11-27\/hwz-und-wilob-gestalten-gemeinsam-die-zukunft\/#breadcrumb","itemListElement":[{"@type":"ListItem","position":1,"name":"Home","item":"https:\/\/www.organisator.ch\/"},{"@type":"ListItem","position":2,"name":"HWZ und Wilob gestalten gemeinsam die Zukunft"}]},{"@type":"WebSite","@id":"https:\/\/www.organisator.ch\/#website","url":"https:\/\/www.organisator.ch\/","name":"Organisateur","description":"Comp\u00e9tence et comp\u00e9tence. Proches de la pratique. L'ORGANISATEUR pr\u00e9pare 10 num\u00e9ros par an sur les th\u00e8mes essentiels pour les dirigeants de PME.","publisher":{"@id":"https:\/\/www.organisator.ch\/#organization"},"potentialAction":[{"@type":"SearchAction","target":{"@type":"EntryPoint","urlTemplate":"https:\/\/www.organisator.ch\/?s={search_term_string}"},"query-input":{"@type":"PropertyValueSpecification","valueRequired":true,"valueName":"search_term_string"}}],"inLanguage":"fr-FR"},{"@type":"Organization","@id":"https:\/\/www.organisator.ch\/#organization","name":"Organisateur","url":"https:\/\/www.organisator.ch\/","logo":{"@type":"ImageObject","inLanguage":"fr-FR","@id":"https:\/\/www.organisator.ch\/#\/schema\/logo\/image\/","url":"https:\/\/www.organisator.ch\/wp-content\/uploads\/2022\/01\/Logo_Organisator_Website.png","contentUrl":"https:\/\/www.organisator.ch\/wp-content\/uploads\/2022\/01\/Logo_Organisator_Website.png","width":800,"height":77,"caption":"Organisator"},"image":{"@id":"https:\/\/www.organisator.ch\/#\/schema\/logo\/image\/"},"sameAs":["https:\/\/www.facebook.com\/OrganisatorFachmagazin","https:\/\/www.linkedin.com\/showcase\/organisator-das-magazin-fr-kmu","https:\/\/www.xing.com\/news\/pages\/organisator-ch-695","https:\/\/www.youtube.com\/channel\/UCGP2Sq0iWaZwT3BdIAQFYpw"]},{"@type":"Person","@id":"https:\/\/www.organisator.ch\/#\/schema\/person\/2e1314a2172123f874db408d8911d3f3","name":"Adelisa Kalajdzini","image":{"@type":"ImageObject","inLanguage":"fr-FR","@id":"https:\/\/secure.gravatar.com\/avatar\/09a397c22ac58cad6f160ee8306348599df9df58a8ede73696226897b9fa4b24?s=96&d=mm&r=g","url":"https:\/\/secure.gravatar.com\/avatar\/09a397c22ac58cad6f160ee8306348599df9df58a8ede73696226897b9fa4b24?s=96&d=mm&r=g","contentUrl":"https:\/\/secure.gravatar.com\/avatar\/09a397c22ac58cad6f160ee8306348599df9df58a8ede73696226897b9fa4b24?s=96&d=mm&r=g","caption":"Adelisa Kalajdzini"},"url":"https:\/\/www.organisator.ch\/fr\/author\/adelisa-kalajdzini\/"}]}},"_links":{"self":[{"href":"https:\/\/www.organisator.ch\/fr\/wp-json\/wp\/v2\/posts\/23383","targetHints":{"allow":["GET"]}}],"collection":[{"href":"https:\/\/www.organisator.ch\/fr\/wp-json\/wp\/v2\/posts"}],"about":[{"href":"https:\/\/www.organisator.ch\/fr\/wp-json\/wp\/v2\/types\/post"}],"author":[{"embeddable":true,"href":"https:\/\/www.organisator.ch\/fr\/wp-json\/wp\/v2\/users\/58"}],"replies":[{"embeddable":true,"href":"https:\/\/www.organisator.ch\/fr\/wp-json\/wp\/v2\/comments?post=23383"}],"version-history":[{"count":1,"href":"https:\/\/www.organisator.ch\/fr\/wp-json\/wp\/v2\/posts\/23383\/revisions"}],"predecessor-version":[{"id":23385,"href":"https:\/\/www.organisator.ch\/fr\/wp-json\/wp\/v2\/posts\/23383\/revisions\/23385"}],"wp:featuredmedia":[{"embeddable":true,"href":"https:\/\/www.organisator.ch\/fr\/wp-json\/wp\/v2\/media\/23384"}],"wp:attachment":[{"href":"https:\/\/www.organisator.ch\/fr\/wp-json\/wp\/v2\/media?parent=23383"}],"wp:term":[{"taxonomy":"category","embeddable":true,"href":"https:\/\/www.organisator.ch\/fr\/wp-json\/wp\/v2\/categories?post=23383"},{"taxonomy":"post_tag","embeddable":true,"href":"https:\/\/www.organisator.ch\/fr\/wp-json\/wp\/v2\/tags?post=23383"}],"curies":[{"name":"wp","href":"https:\/\/api.w.org\/{rel}","templated":true}]}}