{"id":23421,"date":"2023-12-04T22:01:24","date_gmt":"2023-12-04T21:01:24","guid":{"rendered":"https:\/\/www.organisator.ch\/de\/?p=23421"},"modified":"2023-12-04T09:05:38","modified_gmt":"2023-12-04T08:05:38","slug":"mehr-nachhaltigkeit-im-unternehmen-dank-know-how-und-expertise","status":"publish","type":"post","link":"https:\/\/www.organisator.ch\/fr\/sustainability\/2023-12-04\/mehr-nachhaltigkeit-im-unternehmen-dank-know-how-und-expertise\/","title":{"rendered":"Plus de durabilit\u00e9 dans l'entreprise gr\u00e2ce au savoir-faire et \u00e0 l'expertise"},"content":{"rendered":"<div class=\"swpm-post-not-logged-in-msg\">Vous devez \u00eatre connect\u00e9 pour voir ce contenu. Veuillez <a class=\"swpm-login-link\" href=\"https:\/\/www.organisator.ch\/login\/\">Se connecter<\/a>. Pas un membre ? <a href=\"https:\/\/www.organisator.ch\/shop\/\">Nous Rejoindre<\/a><\/div>","protected":false},"excerpt":{"rendered":"<p>La soci\u00e9t\u00e9 \u00e9tant de plus en plus consciente de sa responsabilit\u00e9 environnementale et sociale, la durabilit\u00e9 devient \u00e9galement de plus en plus importante pour les entreprises. Un organe de r\u00e9vision externe peut aider \u00e0 d\u00e9velopper une strat\u00e9gie de durabilit\u00e9 efficace et \u00e0 mettre en \u0153uvre des mesures de mani\u00e8re cibl\u00e9e.<\/p>","protected":false},"author":1,"featured_media":23418,"comment_status":"closed","ping_status":"closed","sticky":false,"template":"","format":"standard","meta":{"_acf_changed":false,"_yoast_wpseo_focuskw":"Nachhaltigkeit im Unternehmen","_yoast_wpseo_metadesc":"Mit steigendem Bewusstsein der Gesellschaft f\u00fcr Umwelt- und Sozialverantwortung wird Nachhaltigkeit im Unternehmen immer wichtiger.","articlekey":"73617","footnotes":""},"categories":[578,580],"tags":[335,358,532],"class_list":["post-23421","post","type-post","status-publish","format-standard","has-post-thumbnail","hentry","category-abo","category-sustainability","tag-management-und-unternehmensfuehrung","tag-nachhaltige-wirtschaft","tag-wirtschaftspruefung"],"acf":[],"yoast_head":"<!-- This site is optimized with the Yoast SEO plugin v27.4 - https:\/\/yoast.com\/product\/yoast-seo-wordpress\/ -->\n<title>Mehr Nachhaltigkeit im Unternehmen dank Know-how und Expertise - Organisator<\/title>\n<meta name=\"description\" content=\"Mit steigendem Bewusstsein der Gesellschaft f\u00fcr Umwelt- und Sozialverantwortung wird Nachhaltigkeit im Unternehmen immer wichtiger.\" \/>\n<meta name=\"robots\" content=\"index, follow, max-snippet:-1, max-image-preview:large, max-video-preview:-1\" \/>\n<link rel=\"canonical\" href=\"https:\/\/www.organisator.ch\/fr\/abonnement\/2023-12-04\/mehr-nachhaltigkeit-im-unternehmen-dank-know-how-und-expertise\/\" \/>\n<meta property=\"og:locale\" content=\"fr_FR\" \/>\n<meta property=\"og:type\" content=\"article\" \/>\n<meta property=\"og:title\" content=\"Mehr Nachhaltigkeit im Unternehmen dank Know-how und Expertise - Organisator\" \/>\n<meta property=\"og:description\" content=\"Mit steigendem Bewusstsein der Gesellschaft f\u00fcr Umwelt- und Sozialverantwortung wird Nachhaltigkeit im Unternehmen immer wichtiger.\" \/>\n<meta property=\"og:url\" content=\"https:\/\/www.organisator.ch\/fr\/abonnement\/2023-12-04\/mehr-nachhaltigkeit-im-unternehmen-dank-know-how-und-expertise\/\" \/>\n<meta property=\"og:site_name\" content=\"Organisator\" \/>\n<meta property=\"article:publisher\" content=\"https:\/\/www.facebook.com\/OrganisatorFachmagazin\" \/>\n<meta property=\"article:published_time\" content=\"2023-12-04T21:01:24+00:00\" \/>\n<meta property=\"og:image\" content=\"https:\/\/www.organisator.ch\/wp-content\/uploads\/2023\/11\/Sustainability_BDO_Grafik_organisator_73618-scaled.jpg\" \/>\n\t<meta property=\"og:image:width\" content=\"1400\" \/>\n\t<meta property=\"og:image:height\" content=\"632\" \/>\n\t<meta property=\"og:image:type\" content=\"image\/jpeg\" \/>\n<meta name=\"author\" content=\"admin\" \/>\n<meta name=\"twitter:card\" content=\"summary_large_image\" \/>\n<script type=\"application\/ld+json\" class=\"yoast-schema-graph\">{\"@context\":\"https:\\\/\\\/schema.org\",\"@graph\":[{\"@type\":\"Article\",\"@id\":\"https:\\\/\\\/www.organisator.ch\\\/abo\\\/2023-12-04\\\/mehr-nachhaltigkeit-im-unternehmen-dank-know-how-und-expertise\\\/#article\",\"isPartOf\":{\"@id\":\"https:\\\/\\\/www.organisator.ch\\\/abo\\\/2023-12-04\\\/mehr-nachhaltigkeit-im-unternehmen-dank-know-how-und-expertise\\\/\"},\"author\":{\"name\":\"admin\",\"@id\":\"https:\\\/\\\/www.organisator.ch\\\/#\\\/schema\\\/person\\\/aa2bace6c5c5aad60102004a50c4eb1c\"},\"headline\":\"Mehr Nachhaltigkeit im Unternehmen dank Know-how und Expertise\",\"datePublished\":\"2023-12-04T21:01:24+00:00\",\"mainEntityOfPage\":{\"@id\":\"https:\\\/\\\/www.organisator.ch\\\/abo\\\/2023-12-04\\\/mehr-nachhaltigkeit-im-unternehmen-dank-know-how-und-expertise\\\/\"},\"wordCount\":890,\"publisher\":{\"@id\":\"https:\\\/\\\/www.organisator.ch\\\/#organization\"},\"image\":{\"@id\":\"https:\\\/\\\/www.organisator.ch\\\/abo\\\/2023-12-04\\\/mehr-nachhaltigkeit-im-unternehmen-dank-know-how-und-expertise\\\/#primaryimage\"},\"thumbnailUrl\":\"https:\\\/\\\/www.organisator.ch\\\/wp-content\\\/uploads\\\/2023\\\/11\\\/Sustainability_BDO_Grafik_organisator_73618-scaled.jpg\",\"keywords\":[\"Management und Unternehmensf\u00fchrung\",\"Nachhaltige Wirtschaft\",\"Wirtschaftspr\u00fcfung\"],\"articleSection\":[\"ABO+\",\"SUSTAINABILITY\"],\"inLanguage\":\"fr-FR\"},{\"@type\":\"WebPage\",\"@id\":\"https:\\\/\\\/www.organisator.ch\\\/abo\\\/2023-12-04\\\/mehr-nachhaltigkeit-im-unternehmen-dank-know-how-und-expertise\\\/\",\"url\":\"https:\\\/\\\/www.organisator.ch\\\/abo\\\/2023-12-04\\\/mehr-nachhaltigkeit-im-unternehmen-dank-know-how-und-expertise\\\/\",\"name\":\"Mehr Nachhaltigkeit im Unternehmen dank Know-how und Expertise - Organisator\",\"isPartOf\":{\"@id\":\"https:\\\/\\\/www.organisator.ch\\\/#website\"},\"primaryImageOfPage\":{\"@id\":\"https:\\\/\\\/www.organisator.ch\\\/abo\\\/2023-12-04\\\/mehr-nachhaltigkeit-im-unternehmen-dank-know-how-und-expertise\\\/#primaryimage\"},\"image\":{\"@id\":\"https:\\\/\\\/www.organisator.ch\\\/abo\\\/2023-12-04\\\/mehr-nachhaltigkeit-im-unternehmen-dank-know-how-und-expertise\\\/#primaryimage\"},\"thumbnailUrl\":\"https:\\\/\\\/www.organisator.ch\\\/wp-content\\\/uploads\\\/2023\\\/11\\\/Sustainability_BDO_Grafik_organisator_73618-scaled.jpg\",\"datePublished\":\"2023-12-04T21:01:24+00:00\",\"description\":\"Mit steigendem Bewusstsein der Gesellschaft f\u00fcr Umwelt- und Sozialverantwortung wird Nachhaltigkeit im Unternehmen immer wichtiger.\",\"breadcrumb\":{\"@id\":\"https:\\\/\\\/www.organisator.ch\\\/abo\\\/2023-12-04\\\/mehr-nachhaltigkeit-im-unternehmen-dank-know-how-und-expertise\\\/#breadcrumb\"},\"inLanguage\":\"fr-FR\",\"potentialAction\":[{\"@type\":\"ReadAction\",\"target\":[\"https:\\\/\\\/www.organisator.ch\\\/abo\\\/2023-12-04\\\/mehr-nachhaltigkeit-im-unternehmen-dank-know-how-und-expertise\\\/\"]}]},{\"@type\":\"ImageObject\",\"inLanguage\":\"fr-FR\",\"@id\":\"https:\\\/\\\/www.organisator.ch\\\/abo\\\/2023-12-04\\\/mehr-nachhaltigkeit-im-unternehmen-dank-know-how-und-expertise\\\/#primaryimage\",\"url\":\"https:\\\/\\\/www.organisator.ch\\\/wp-content\\\/uploads\\\/2023\\\/11\\\/Sustainability_BDO_Grafik_organisator_73618-scaled.jpg\",\"contentUrl\":\"https:\\\/\\\/www.organisator.ch\\\/wp-content\\\/uploads\\\/2023\\\/11\\\/Sustainability_BDO_Grafik_organisator_73618-scaled.jpg\",\"width\":1400,\"height\":632,\"caption\":\"Der Weg zur Nachhaltigkeit in f\u00fcnf Schritten. \u00a9BDO\"},{\"@type\":\"BreadcrumbList\",\"@id\":\"https:\\\/\\\/www.organisator.ch\\\/abo\\\/2023-12-04\\\/mehr-nachhaltigkeit-im-unternehmen-dank-know-how-und-expertise\\\/#breadcrumb\",\"itemListElement\":[{\"@type\":\"ListItem\",\"position\":1,\"name\":\"Home\",\"item\":\"https:\\\/\\\/www.organisator.ch\\\/\"},{\"@type\":\"ListItem\",\"position\":2,\"name\":\"Mehr Nachhaltigkeit im Unternehmen dank Know-how und Expertise\"}]},{\"@type\":\"WebSite\",\"@id\":\"https:\\\/\\\/www.organisator.ch\\\/#website\",\"url\":\"https:\\\/\\\/www.organisator.ch\\\/\",\"name\":\"Organisator\",\"description\":\"Kompetent. Praxisnah. Der ORGANISATOR bereitet in 10 Ausgaben pro Jahr die wesentlichen Themen f\u00fcr F\u00fchrungskr\u00e4fte von KMU auf.\",\"publisher\":{\"@id\":\"https:\\\/\\\/www.organisator.ch\\\/#organization\"},\"potentialAction\":[{\"@type\":\"SearchAction\",\"target\":{\"@type\":\"EntryPoint\",\"urlTemplate\":\"https:\\\/\\\/www.organisator.ch\\\/?s={search_term_string}\"},\"query-input\":{\"@type\":\"PropertyValueSpecification\",\"valueRequired\":true,\"valueName\":\"search_term_string\"}}],\"inLanguage\":\"fr-FR\"},{\"@type\":\"Organization\",\"@id\":\"https:\\\/\\\/www.organisator.ch\\\/#organization\",\"name\":\"Organisator\",\"url\":\"https:\\\/\\\/www.organisator.ch\\\/\",\"logo\":{\"@type\":\"ImageObject\",\"inLanguage\":\"fr-FR\",\"@id\":\"https:\\\/\\\/www.organisator.ch\\\/#\\\/schema\\\/logo\\\/image\\\/\",\"url\":\"https:\\\/\\\/www.organisator.ch\\\/wp-content\\\/uploads\\\/2022\\\/01\\\/Logo_Organisator_Website.png\",\"contentUrl\":\"https:\\\/\\\/www.organisator.ch\\\/wp-content\\\/uploads\\\/2022\\\/01\\\/Logo_Organisator_Website.png\",\"width\":800,\"height\":77,\"caption\":\"Organisator\"},\"image\":{\"@id\":\"https:\\\/\\\/www.organisator.ch\\\/#\\\/schema\\\/logo\\\/image\\\/\"},\"sameAs\":[\"https:\\\/\\\/www.facebook.com\\\/OrganisatorFachmagazin\",\"https:\\\/\\\/www.linkedin.com\\\/showcase\\\/organisator-das-magazin-fr-kmu\",\"https:\\\/\\\/www.xing.com\\\/news\\\/pages\\\/organisator-ch-695\",\"https:\\\/\\\/www.youtube.com\\\/channel\\\/UCGP2Sq0iWaZwT3BdIAQFYpw\"]},{\"@type\":\"Person\",\"@id\":\"https:\\\/\\\/www.organisator.ch\\\/#\\\/schema\\\/person\\\/aa2bace6c5c5aad60102004a50c4eb1c\",\"name\":\"admin\",\"image\":{\"@type\":\"ImageObject\",\"inLanguage\":\"fr-FR\",\"@id\":\"https:\\\/\\\/secure.gravatar.com\\\/avatar\\\/ae2f4d718e6c49043e314ce431e7e645d646302a24a5ef5a8bc8e3f5a032e319?s=96&d=mm&r=g\",\"url\":\"https:\\\/\\\/secure.gravatar.com\\\/avatar\\\/ae2f4d718e6c49043e314ce431e7e645d646302a24a5ef5a8bc8e3f5a032e319?s=96&d=mm&r=g\",\"contentUrl\":\"https:\\\/\\\/secure.gravatar.com\\\/avatar\\\/ae2f4d718e6c49043e314ce431e7e645d646302a24a5ef5a8bc8e3f5a032e319?s=96&d=mm&r=g\",\"caption\":\"admin\"},\"sameAs\":[\"https:\\\/\\\/www.organisator.ch\"],\"url\":\"https:\\\/\\\/www.organisator.ch\\\/fr\\\/author\\\/admin\\\/\"}]}<\/script>\n<!-- \/ Yoast SEO plugin. -->","yoast_head_json":{"title":"Plus de durabilit\u00e9 dans l'entreprise gr\u00e2ce au savoir-faire et \u00e0 l'expertise - Organisateur","description":"La soci\u00e9t\u00e9 \u00e9tant de plus en plus consciente de sa responsabilit\u00e9 environnementale et sociale, la durabilit\u00e9 devient de plus en plus importante au sein de l'entreprise.","robots":{"index":"index","follow":"follow","max-snippet":"max-snippet:-1","max-image-preview":"max-image-preview:large","max-video-preview":"max-video-preview:-1"},"canonical":"https:\/\/www.organisator.ch\/fr\/abonnement\/2023-12-04\/mehr-nachhaltigkeit-im-unternehmen-dank-know-how-und-expertise\/","og_locale":"fr_FR","og_type":"article","og_title":"Mehr Nachhaltigkeit im Unternehmen dank Know-how und Expertise - Organisator","og_description":"Mit steigendem Bewusstsein der Gesellschaft f\u00fcr Umwelt- und Sozialverantwortung wird Nachhaltigkeit im Unternehmen immer wichtiger.","og_url":"https:\/\/www.organisator.ch\/fr\/abonnement\/2023-12-04\/mehr-nachhaltigkeit-im-unternehmen-dank-know-how-und-expertise\/","og_site_name":"Organisator","article_publisher":"https:\/\/www.facebook.com\/OrganisatorFachmagazin","article_published_time":"2023-12-04T21:01:24+00:00","og_image":[{"width":1400,"height":632,"url":"https:\/\/www.organisator.ch\/wp-content\/uploads\/2023\/11\/Sustainability_BDO_Grafik_organisator_73618-scaled.jpg","type":"image\/jpeg"}],"author":"admin","twitter_card":"summary_large_image","schema":{"@context":"https:\/\/schema.org","@graph":[{"@type":"Article","@id":"https:\/\/www.organisator.ch\/abo\/2023-12-04\/mehr-nachhaltigkeit-im-unternehmen-dank-know-how-und-expertise\/#article","isPartOf":{"@id":"https:\/\/www.organisator.ch\/abo\/2023-12-04\/mehr-nachhaltigkeit-im-unternehmen-dank-know-how-und-expertise\/"},"author":{"name":"admin","@id":"https:\/\/www.organisator.ch\/#\/schema\/person\/aa2bace6c5c5aad60102004a50c4eb1c"},"headline":"Mehr Nachhaltigkeit im Unternehmen dank Know-how und Expertise","datePublished":"2023-12-04T21:01:24+00:00","mainEntityOfPage":{"@id":"https:\/\/www.organisator.ch\/abo\/2023-12-04\/mehr-nachhaltigkeit-im-unternehmen-dank-know-how-und-expertise\/"},"wordCount":890,"publisher":{"@id":"https:\/\/www.organisator.ch\/#organization"},"image":{"@id":"https:\/\/www.organisator.ch\/abo\/2023-12-04\/mehr-nachhaltigkeit-im-unternehmen-dank-know-how-und-expertise\/#primaryimage"},"thumbnailUrl":"https:\/\/www.organisator.ch\/wp-content\/uploads\/2023\/11\/Sustainability_BDO_Grafik_organisator_73618-scaled.jpg","keywords":["Management und Unternehmensf\u00fchrung","Nachhaltige Wirtschaft","Wirtschaftspr\u00fcfung"],"articleSection":["ABO+","SUSTAINABILITY"],"inLanguage":"fr-FR"},{"@type":"WebPage","@id":"https:\/\/www.organisator.ch\/abo\/2023-12-04\/mehr-nachhaltigkeit-im-unternehmen-dank-know-how-und-expertise\/","url":"https:\/\/www.organisator.ch\/abo\/2023-12-04\/mehr-nachhaltigkeit-im-unternehmen-dank-know-how-und-expertise\/","name":"Plus de durabilit\u00e9 dans l'entreprise gr\u00e2ce au savoir-faire et \u00e0 l'expertise - Organisateur","isPartOf":{"@id":"https:\/\/www.organisator.ch\/#website"},"primaryImageOfPage":{"@id":"https:\/\/www.organisator.ch\/abo\/2023-12-04\/mehr-nachhaltigkeit-im-unternehmen-dank-know-how-und-expertise\/#primaryimage"},"image":{"@id":"https:\/\/www.organisator.ch\/abo\/2023-12-04\/mehr-nachhaltigkeit-im-unternehmen-dank-know-how-und-expertise\/#primaryimage"},"thumbnailUrl":"https:\/\/www.organisator.ch\/wp-content\/uploads\/2023\/11\/Sustainability_BDO_Grafik_organisator_73618-scaled.jpg","datePublished":"2023-12-04T21:01:24+00:00","description":"La soci\u00e9t\u00e9 \u00e9tant de plus en plus consciente de sa responsabilit\u00e9 environnementale et sociale, la durabilit\u00e9 devient de plus en plus importante au sein de l'entreprise.","breadcrumb":{"@id":"https:\/\/www.organisator.ch\/abo\/2023-12-04\/mehr-nachhaltigkeit-im-unternehmen-dank-know-how-und-expertise\/#breadcrumb"},"inLanguage":"fr-FR","potentialAction":[{"@type":"ReadAction","target":["https:\/\/www.organisator.ch\/abo\/2023-12-04\/mehr-nachhaltigkeit-im-unternehmen-dank-know-how-und-expertise\/"]}]},{"@type":"ImageObject","inLanguage":"fr-FR","@id":"https:\/\/www.organisator.ch\/abo\/2023-12-04\/mehr-nachhaltigkeit-im-unternehmen-dank-know-how-und-expertise\/#primaryimage","url":"https:\/\/www.organisator.ch\/wp-content\/uploads\/2023\/11\/Sustainability_BDO_Grafik_organisator_73618-scaled.jpg","contentUrl":"https:\/\/www.organisator.ch\/wp-content\/uploads\/2023\/11\/Sustainability_BDO_Grafik_organisator_73618-scaled.jpg","width":1400,"height":632,"caption":"Der Weg zur Nachhaltigkeit in f\u00fcnf Schritten. \u00a9BDO"},{"@type":"BreadcrumbList","@id":"https:\/\/www.organisator.ch\/abo\/2023-12-04\/mehr-nachhaltigkeit-im-unternehmen-dank-know-how-und-expertise\/#breadcrumb","itemListElement":[{"@type":"ListItem","position":1,"name":"Home","item":"https:\/\/www.organisator.ch\/"},{"@type":"ListItem","position":2,"name":"Mehr Nachhaltigkeit im Unternehmen dank Know-how und Expertise"}]},{"@type":"WebSite","@id":"https:\/\/www.organisator.ch\/#website","url":"https:\/\/www.organisator.ch\/","name":"Organisateur","description":"Comp\u00e9tence et comp\u00e9tence. Proches de la pratique. L'ORGANISATEUR pr\u00e9pare 10 num\u00e9ros par an sur les th\u00e8mes essentiels pour les dirigeants de PME.","publisher":{"@id":"https:\/\/www.organisator.ch\/#organization"},"potentialAction":[{"@type":"SearchAction","target":{"@type":"EntryPoint","urlTemplate":"https:\/\/www.organisator.ch\/?s={search_term_string}"},"query-input":{"@type":"PropertyValueSpecification","valueRequired":true,"valueName":"search_term_string"}}],"inLanguage":"fr-FR"},{"@type":"Organization","@id":"https:\/\/www.organisator.ch\/#organization","name":"Organisateur","url":"https:\/\/www.organisator.ch\/","logo":{"@type":"ImageObject","inLanguage":"fr-FR","@id":"https:\/\/www.organisator.ch\/#\/schema\/logo\/image\/","url":"https:\/\/www.organisator.ch\/wp-content\/uploads\/2022\/01\/Logo_Organisator_Website.png","contentUrl":"https:\/\/www.organisator.ch\/wp-content\/uploads\/2022\/01\/Logo_Organisator_Website.png","width":800,"height":77,"caption":"Organisator"},"image":{"@id":"https:\/\/www.organisator.ch\/#\/schema\/logo\/image\/"},"sameAs":["https:\/\/www.facebook.com\/OrganisatorFachmagazin","https:\/\/www.linkedin.com\/showcase\/organisator-das-magazin-fr-kmu","https:\/\/www.xing.com\/news\/pages\/organisator-ch-695","https:\/\/www.youtube.com\/channel\/UCGP2Sq0iWaZwT3BdIAQFYpw"]},{"@type":"Person","@id":"https:\/\/www.organisator.ch\/#\/schema\/person\/aa2bace6c5c5aad60102004a50c4eb1c","name":"admin","image":{"@type":"ImageObject","inLanguage":"fr-FR","@id":"https:\/\/secure.gravatar.com\/avatar\/ae2f4d718e6c49043e314ce431e7e645d646302a24a5ef5a8bc8e3f5a032e319?s=96&d=mm&r=g","url":"https:\/\/secure.gravatar.com\/avatar\/ae2f4d718e6c49043e314ce431e7e645d646302a24a5ef5a8bc8e3f5a032e319?s=96&d=mm&r=g","contentUrl":"https:\/\/secure.gravatar.com\/avatar\/ae2f4d718e6c49043e314ce431e7e645d646302a24a5ef5a8bc8e3f5a032e319?s=96&d=mm&r=g","caption":"admin"},"sameAs":["https:\/\/www.organisator.ch"],"url":"https:\/\/www.organisator.ch\/fr\/author\/admin\/"}]}},"_links":{"self":[{"href":"https:\/\/www.organisator.ch\/fr\/wp-json\/wp\/v2\/posts\/23421","targetHints":{"allow":["GET"]}}],"collection":[{"href":"https:\/\/www.organisator.ch\/fr\/wp-json\/wp\/v2\/posts"}],"about":[{"href":"https:\/\/www.organisator.ch\/fr\/wp-json\/wp\/v2\/types\/post"}],"author":[{"embeddable":true,"href":"https:\/\/www.organisator.ch\/fr\/wp-json\/wp\/v2\/users\/1"}],"replies":[{"embeddable":true,"href":"https:\/\/www.organisator.ch\/fr\/wp-json\/wp\/v2\/comments?post=23421"}],"version-history":[{"count":2,"href":"https:\/\/www.organisator.ch\/fr\/wp-json\/wp\/v2\/posts\/23421\/revisions"}],"predecessor-version":[{"id":23688,"href":"https:\/\/www.organisator.ch\/fr\/wp-json\/wp\/v2\/posts\/23421\/revisions\/23688"}],"wp:featuredmedia":[{"embeddable":true,"href":"https:\/\/www.organisator.ch\/fr\/wp-json\/wp\/v2\/media\/23418"}],"wp:attachment":[{"href":"https:\/\/www.organisator.ch\/fr\/wp-json\/wp\/v2\/media?parent=23421"}],"wp:term":[{"taxonomy":"category","embeddable":true,"href":"https:\/\/www.organisator.ch\/fr\/wp-json\/wp\/v2\/categories?post=23421"},{"taxonomy":"post_tag","embeddable":true,"href":"https:\/\/www.organisator.ch\/fr\/wp-json\/wp\/v2\/tags?post=23421"}],"curies":[{"name":"wp","href":"https:\/\/api.w.org\/{rel}","templated":true}]}}