{"id":23432,"date":"2023-12-05T08:39:56","date_gmt":"2023-12-05T07:39:56","guid":{"rendered":"https:\/\/www.organisator.ch\/de\/?p=23432"},"modified":"2023-12-04T08:49:00","modified_gmt":"2023-12-04T07:49:00","slug":"projektmanagement-und-zertifikate","status":"publish","type":"post","link":"https:\/\/www.organisator.ch\/fr\/management\/2023-12-05\/projektmanagement-und-zertifikate\/","title":{"rendered":"Gestion de projet et certificats"},"content":{"rendered":"<figure id=\"attachment_23429\" aria-describedby=\"caption-attachment-23429\" style=\"width: 680px\" class=\"wp-caption alignnone\"><img loading=\"lazy\" decoding=\"async\" class=\"size-medium wp-image-23429\" src=\"https:\/\/www.organisator.ch\/wp-content\/uploads\/2023\/11\/Management_BWI_Bild_organisator_73915-680x486.jpg\" alt=\"\u00a9zVg \/ BWI\" width=\"680\" height=\"486\" srcset=\"https:\/\/www.organisator.ch\/wp-content\/uploads\/2023\/11\/Management_BWI_Bild_organisator_73915-680x486.jpg 680w, https:\/\/www.organisator.ch\/wp-content\/uploads\/2023\/11\/Management_BWI_Bild_organisator_73915-768x548.jpg 768w, https:\/\/www.organisator.ch\/wp-content\/uploads\/2023\/11\/Management_BWI_Bild_organisator_73915-18x12.jpg 18w, https:\/\/www.organisator.ch\/wp-content\/uploads\/2023\/11\/Management_BWI_Bild_organisator_73915-375x268.jpg 375w, https:\/\/www.organisator.ch\/wp-content\/uploads\/2023\/11\/Management_BWI_Bild_organisator_73915-490x350.jpg 490w, https:\/\/www.organisator.ch\/wp-content\/uploads\/2023\/11\/Management_BWI_Bild_organisator_73915-1000x714.jpg 1000w, https:\/\/www.organisator.ch\/wp-content\/uploads\/2023\/11\/Management_BWI_Bild_organisator_73915.jpg 1025w\" sizes=\"auto, (max-width: 680px) 100vw, 680px\" \/><figcaption id=\"caption-attachment-23429\" class=\"wp-caption-text\">\u00a9zVg \/ BWI<\/figcaption><\/figure>\n<p>Une gestion de projet r\u00e9ussie requiert des connaissances, des comp\u00e9tences et une exp\u00e9rience solides. La certification en gestion de projet est une preuve formelle de comp\u00e9tence qui augmente les opportunit\u00e9s professionnelles, \u00e9tablit la confiance et am\u00e9liore la qualit\u00e9 des projets.<\/p>\n<h3>Les certifications en gestion de projet les plus courantes<\/h3>\n<p>Il existe diff\u00e9rents prestataires, institutions et associations qui proposent des certifications en gestion de projet. Les plus connus, reconnus tant au niveau international qu'en Suisse, sont<\/p>\n<ul>\n<li>IPMA : l'International Project Management Association propose quatre niveaux de certification bas\u00e9s sur les 28 \u00e9l\u00e9ments de comp\u00e9tence dans les domaines du contexte, des personnes et des pratiques.<\/li>\n<li>PRINCE2 : \"Projects IN Controlled Environments\" est une m\u00e9thode de gestion de projet ax\u00e9e sur les processus, d\u00e9velopp\u00e9e par le gouvernement britannique. PRINCE2 d\u00e9finit sept principes, sept th\u00e8mes et sept processus qui doivent \u00eatre appliqu\u00e9s \u00e0 chaque projet.<\/li>\n<li>PMP : \"Project Management Professional\" est une certification du Project Management Institute, une organisation mondiale de gestion de projets. La certification PMP se base sur le \"Project Management Body of Knowledge\", un ouvrage standard qui d\u00e9crit dix domaines de connaissances et cinq groupes de processus dans la gestion de projet.<\/li>\n<li>HERMES : HERMES est une m\u00e9thode de l'administration f\u00e9d\u00e9rale suisse pour le d\u00e9roulement de projets dans le domaine de l'informatique, le d\u00e9veloppement de services et de produits ainsi que l'adaptation de l'organisation commerciale dans l'administration publique.<\/li>\n<li>Certifications de Scrum Master et de Product Owner : Diff\u00e9rentes organisations proposent des certifications dans les r\u00f4les de Scrum Master et de Product Owner pour l'application de la m\u00e9thode agile Scrum.<\/li>\n<li>SAFe : SAFe est un cadre de travail pour l'application de l'agilit\u00e9 \u00e9volutive.<\/li>\n<\/ul>\n<p>La plupart des certifications interrogent les connaissances th\u00e9oriques de la m\u00e9thode sp\u00e9cifique sous la forme de questions \u00e0 choix multiples et\/ou de questions ouvertes. Certaines certifications exigent \u00e9galement une exp\u00e9rience dans la gestion de projets. Seul IPMA s'appuie, pour les niveaux A \u00e0 C, sur des projets de r\u00e9f\u00e9rence effectivement r\u00e9alis\u00e9s et sur l'exp\u00e9rience qui en d\u00e9coule dans l'application des comp\u00e9tences de gestion de projet de la personne concern\u00e9e.<\/p>\n<h3>Une s\u00e9lection minutieuse est essentielle<\/h3>\n<p>Le choix de la certification appropri\u00e9e d\u00e9pend de plusieurs facteurs, tels que l'objectif de carri\u00e8re personnel, le contexte sectoriel, le budget et le temps.<\/p>\n<p>Les certifications en gestion de projet augmentent les comp\u00e9tences, mais n'offrent pas de garantie de succ\u00e8s. L'exp\u00e9rience pratique et le d\u00e9veloppement continu sont d\u00e9terminants.<\/p>\n<h3>Auteur<\/h3>\n<p>Mike Hubmann est partenaire de l'institut de conseil et de formation continue <a href=\"http:\/\/www.bwi.ch\">BWI<\/a>. En tant que formateur et conseiller, il se concentre sur les th\u00e8mes de la gestion de projet et de portefeuille, de la gestion du changement, du d\u00e9veloppement organisationnel, des \u00e9quipes \u00e0 haute performance et du leadership agile.<\/p>\n<p>&nbsp;<\/p>\n<blockquote>\n<p>L'IBB propose entre autres un accompagnement pour les certifications IPMA \u00e0 tous les niveaux. Le s\u00e9minaire BWI \"Gestion de projet agile dans des environnements organisationnels classiques et hybrides\" constitue une bonne base pour une certification Scrum Master ou Product Owner.<\/p>\n<p><img loading=\"lazy\" decoding=\"async\" class=\"alignnone size-full wp-image-23430\" src=\"https:\/\/www.organisator.ch\/wp-content\/uploads\/2023\/11\/Management_BWI_QR-Code1_NEU_organisator_74870.jpg\" alt=\"\" width=\"236\" height=\"236\" srcset=\"https:\/\/www.organisator.ch\/wp-content\/uploads\/2023\/11\/Management_BWI_QR-Code1_NEU_organisator_74870.jpg 236w, https:\/\/www.organisator.ch\/wp-content\/uploads\/2023\/11\/Management_BWI_QR-Code1_NEU_organisator_74870-150x150.jpg 150w, https:\/\/www.organisator.ch\/wp-content\/uploads\/2023\/11\/Management_BWI_QR-Code1_NEU_organisator_74870-12x12.jpg 12w\" sizes=\"auto, (max-width: 236px) 100vw, 236px\" \/><\/p>\n<p>Par ailleurs, le BWI propose un Certificate of Advanced Studies (CAS) \"Gestion de projet - Changement et transformation\" en coop\u00e9ration avec la Haute \u00e9cole sp\u00e9cialis\u00e9e des Grisons.<\/p>\n<p><img loading=\"lazy\" decoding=\"async\" class=\"alignnone size-full wp-image-23431\" src=\"https:\/\/www.organisator.ch\/wp-content\/uploads\/2023\/11\/Management_BWI_QR-Code2_NEU_organisator_75021.jpg\" alt=\"\" width=\"236\" height=\"236\" srcset=\"https:\/\/www.organisator.ch\/wp-content\/uploads\/2023\/11\/Management_BWI_QR-Code2_NEU_organisator_75021.jpg 236w, https:\/\/www.organisator.ch\/wp-content\/uploads\/2023\/11\/Management_BWI_QR-Code2_NEU_organisator_75021-150x150.jpg 150w, https:\/\/www.organisator.ch\/wp-content\/uploads\/2023\/11\/Management_BWI_QR-Code2_NEU_organisator_75021-12x12.jpg 12w\" sizes=\"auto, (max-width: 236px) 100vw, 236px\" \/><\/p>\n<p>&gt; <a href=\"http:\/\/www.bwi.ch\">www.bwi.ch<\/a><\/p>\n<p>&nbsp;<\/p>\n<\/blockquote>","protected":false},"excerpt":{"rendered":"<p>La gestion de projet est une comp\u00e9tence cl\u00e9 dans le monde globalis\u00e9 et num\u00e9ris\u00e9 d'aujourd'hui. Les projets sont des entreprises limit\u00e9es dans le temps, avec des objectifs clairs, qui impliquent diff\u00e9rentes parties prenantes, \u00e9quipes et ressources. <\/p>","protected":false},"author":1,"featured_media":23429,"comment_status":"closed","ping_status":"closed","sticky":false,"template":"","format":"standard","meta":{"_acf_changed":false,"_yoast_wpseo_focuskw":"Projektmanagement","_yoast_wpseo_metadesc":"Projektmanagement ist eine Schl\u00fcsselkompetenz in der heutigen globalisierten und digitalisierten Welt. Entsprechend steigt der Bedarf.","articlekey":"73819","footnotes":""},"categories":[28],"tags":[62,397,4028],"class_list":["post-23432","post","type-post","status-publish","format-standard","has-post-thumbnail","hentry","category-management","tag-aus-weiterbildung","tag-projektmanagement","tag-zertifikate"],"acf":[],"yoast_head":"<!-- This site is optimized with the Yoast SEO plugin v27.4 - https:\/\/yoast.com\/product\/yoast-seo-wordpress\/ -->\n<title>Projektmanagement und Zertifikate - Organisator<\/title>\n<meta name=\"description\" content=\"Projektmanagement ist eine Schl\u00fcsselkompetenz in der heutigen globalisierten und digitalisierten Welt. Entsprechend steigt der Bedarf.\" \/>\n<meta name=\"robots\" content=\"index, follow, max-snippet:-1, max-image-preview:large, max-video-preview:-1\" \/>\n<link rel=\"canonical\" href=\"https:\/\/www.organisator.ch\/fr\/gestion-2\/2023-12-05\/projektmanagement-und-zertifikate\/\" \/>\n<meta property=\"og:locale\" content=\"fr_FR\" \/>\n<meta property=\"og:type\" content=\"article\" \/>\n<meta property=\"og:title\" content=\"Projektmanagement und Zertifikate\" \/>\n<meta property=\"og:description\" content=\"Projektmanagement ist eine Schl\u00fcsselkompetenz in der heutigen globalisierten und digitalisierten Welt. Entsprechend steigt der Bedarf.\" \/>\n<meta property=\"og:url\" content=\"https:\/\/www.organisator.ch\/fr\/gestion-2\/2023-12-05\/projektmanagement-und-zertifikate\/\" \/>\n<meta property=\"og:site_name\" content=\"Organisator\" \/>\n<meta property=\"article:publisher\" content=\"https:\/\/www.facebook.com\/OrganisatorFachmagazin\" \/>\n<meta property=\"article:published_time\" content=\"2023-12-05T07:39:56+00:00\" \/>\n<meta property=\"og:image\" content=\"https:\/\/www.organisator.ch\/wp-content\/uploads\/2023\/11\/Management_BWI_Bild_organisator_73915.jpg\" \/>\n\t<meta property=\"og:image:width\" content=\"1025\" \/>\n\t<meta property=\"og:image:height\" content=\"732\" \/>\n\t<meta property=\"og:image:type\" content=\"image\/jpeg\" \/>\n<meta name=\"author\" content=\"admin\" \/>\n<meta name=\"twitter:card\" content=\"summary_large_image\" \/>\n<meta name=\"twitter:title\" content=\"Projektmanagement und Zertifikate\" \/>\n<meta name=\"twitter:description\" content=\"Projektmanagement ist eine Schl\u00fcsselkompetenz in der heutigen globalisierten und digitalisierten Welt. Entsprechend steigt der Bedarf.\" \/>\n<meta name=\"twitter:image\" content=\"https:\/\/www.organisator.ch\/wp-content\/uploads\/2023\/11\/Management_BWI_Bild_organisator_73915.jpg\" \/>\n<script type=\"application\/ld+json\" class=\"yoast-schema-graph\">{\"@context\":\"https:\\\/\\\/schema.org\",\"@graph\":[{\"@type\":\"Article\",\"@id\":\"https:\\\/\\\/www.organisator.ch\\\/management\\\/2023-12-05\\\/projektmanagement-und-zertifikate\\\/#article\",\"isPartOf\":{\"@id\":\"https:\\\/\\\/www.organisator.ch\\\/management\\\/2023-12-05\\\/projektmanagement-und-zertifikate\\\/\"},\"author\":{\"name\":\"admin\",\"@id\":\"https:\\\/\\\/www.organisator.ch\\\/#\\\/schema\\\/person\\\/aa2bace6c5c5aad60102004a50c4eb1c\"},\"headline\":\"Projektmanagement und Zertifikate\",\"datePublished\":\"2023-12-05T07:39:56+00:00\",\"mainEntityOfPage\":{\"@id\":\"https:\\\/\\\/www.organisator.ch\\\/management\\\/2023-12-05\\\/projektmanagement-und-zertifikate\\\/\"},\"wordCount\":433,\"publisher\":{\"@id\":\"https:\\\/\\\/www.organisator.ch\\\/#organization\"},\"image\":{\"@id\":\"https:\\\/\\\/www.organisator.ch\\\/management\\\/2023-12-05\\\/projektmanagement-und-zertifikate\\\/#primaryimage\"},\"thumbnailUrl\":\"https:\\\/\\\/www.organisator.ch\\\/wp-content\\\/uploads\\\/2023\\\/11\\\/Management_BWI_Bild_organisator_73915.jpg\",\"keywords\":[\"Aus-\\\/Weiterbildung\",\"Projektmanagement\",\"Zertifikate\"],\"articleSection\":[\"MANAGEMENT\"],\"inLanguage\":\"fr-FR\"},{\"@type\":\"WebPage\",\"@id\":\"https:\\\/\\\/www.organisator.ch\\\/management\\\/2023-12-05\\\/projektmanagement-und-zertifikate\\\/\",\"url\":\"https:\\\/\\\/www.organisator.ch\\\/management\\\/2023-12-05\\\/projektmanagement-und-zertifikate\\\/\",\"name\":\"Projektmanagement und Zertifikate - Organisator\",\"isPartOf\":{\"@id\":\"https:\\\/\\\/www.organisator.ch\\\/#website\"},\"primaryImageOfPage\":{\"@id\":\"https:\\\/\\\/www.organisator.ch\\\/management\\\/2023-12-05\\\/projektmanagement-und-zertifikate\\\/#primaryimage\"},\"image\":{\"@id\":\"https:\\\/\\\/www.organisator.ch\\\/management\\\/2023-12-05\\\/projektmanagement-und-zertifikate\\\/#primaryimage\"},\"thumbnailUrl\":\"https:\\\/\\\/www.organisator.ch\\\/wp-content\\\/uploads\\\/2023\\\/11\\\/Management_BWI_Bild_organisator_73915.jpg\",\"datePublished\":\"2023-12-05T07:39:56+00:00\",\"description\":\"Projektmanagement ist eine Schl\u00fcsselkompetenz in der heutigen globalisierten und digitalisierten Welt. Entsprechend steigt der Bedarf.\",\"breadcrumb\":{\"@id\":\"https:\\\/\\\/www.organisator.ch\\\/management\\\/2023-12-05\\\/projektmanagement-und-zertifikate\\\/#breadcrumb\"},\"inLanguage\":\"fr-FR\",\"potentialAction\":[{\"@type\":\"ReadAction\",\"target\":[\"https:\\\/\\\/www.organisator.ch\\\/management\\\/2023-12-05\\\/projektmanagement-und-zertifikate\\\/\"]}]},{\"@type\":\"ImageObject\",\"inLanguage\":\"fr-FR\",\"@id\":\"https:\\\/\\\/www.organisator.ch\\\/management\\\/2023-12-05\\\/projektmanagement-und-zertifikate\\\/#primaryimage\",\"url\":\"https:\\\/\\\/www.organisator.ch\\\/wp-content\\\/uploads\\\/2023\\\/11\\\/Management_BWI_Bild_organisator_73915.jpg\",\"contentUrl\":\"https:\\\/\\\/www.organisator.ch\\\/wp-content\\\/uploads\\\/2023\\\/11\\\/Management_BWI_Bild_organisator_73915.jpg\",\"width\":1025,\"height\":732,\"caption\":\"\u00a9zVg \\\/ BWI\"},{\"@type\":\"BreadcrumbList\",\"@id\":\"https:\\\/\\\/www.organisator.ch\\\/management\\\/2023-12-05\\\/projektmanagement-und-zertifikate\\\/#breadcrumb\",\"itemListElement\":[{\"@type\":\"ListItem\",\"position\":1,\"name\":\"Home\",\"item\":\"https:\\\/\\\/www.organisator.ch\\\/\"},{\"@type\":\"ListItem\",\"position\":2,\"name\":\"Projektmanagement und Zertifikate\"}]},{\"@type\":\"WebSite\",\"@id\":\"https:\\\/\\\/www.organisator.ch\\\/#website\",\"url\":\"https:\\\/\\\/www.organisator.ch\\\/\",\"name\":\"Organisator\",\"description\":\"Kompetent. Praxisnah. Der ORGANISATOR bereitet in 10 Ausgaben pro Jahr die wesentlichen Themen f\u00fcr F\u00fchrungskr\u00e4fte von KMU auf.\",\"publisher\":{\"@id\":\"https:\\\/\\\/www.organisator.ch\\\/#organization\"},\"potentialAction\":[{\"@type\":\"SearchAction\",\"target\":{\"@type\":\"EntryPoint\",\"urlTemplate\":\"https:\\\/\\\/www.organisator.ch\\\/?s={search_term_string}\"},\"query-input\":{\"@type\":\"PropertyValueSpecification\",\"valueRequired\":true,\"valueName\":\"search_term_string\"}}],\"inLanguage\":\"fr-FR\"},{\"@type\":\"Organization\",\"@id\":\"https:\\\/\\\/www.organisator.ch\\\/#organization\",\"name\":\"Organisator\",\"url\":\"https:\\\/\\\/www.organisator.ch\\\/\",\"logo\":{\"@type\":\"ImageObject\",\"inLanguage\":\"fr-FR\",\"@id\":\"https:\\\/\\\/www.organisator.ch\\\/#\\\/schema\\\/logo\\\/image\\\/\",\"url\":\"https:\\\/\\\/www.organisator.ch\\\/wp-content\\\/uploads\\\/2022\\\/01\\\/Logo_Organisator_Website.png\",\"contentUrl\":\"https:\\\/\\\/www.organisator.ch\\\/wp-content\\\/uploads\\\/2022\\\/01\\\/Logo_Organisator_Website.png\",\"width\":800,\"height\":77,\"caption\":\"Organisator\"},\"image\":{\"@id\":\"https:\\\/\\\/www.organisator.ch\\\/#\\\/schema\\\/logo\\\/image\\\/\"},\"sameAs\":[\"https:\\\/\\\/www.facebook.com\\\/OrganisatorFachmagazin\",\"https:\\\/\\\/www.linkedin.com\\\/showcase\\\/organisator-das-magazin-fr-kmu\",\"https:\\\/\\\/www.xing.com\\\/news\\\/pages\\\/organisator-ch-695\",\"https:\\\/\\\/www.youtube.com\\\/channel\\\/UCGP2Sq0iWaZwT3BdIAQFYpw\"]},{\"@type\":\"Person\",\"@id\":\"https:\\\/\\\/www.organisator.ch\\\/#\\\/schema\\\/person\\\/aa2bace6c5c5aad60102004a50c4eb1c\",\"name\":\"admin\",\"image\":{\"@type\":\"ImageObject\",\"inLanguage\":\"fr-FR\",\"@id\":\"https:\\\/\\\/secure.gravatar.com\\\/avatar\\\/ae2f4d718e6c49043e314ce431e7e645d646302a24a5ef5a8bc8e3f5a032e319?s=96&d=mm&r=g\",\"url\":\"https:\\\/\\\/secure.gravatar.com\\\/avatar\\\/ae2f4d718e6c49043e314ce431e7e645d646302a24a5ef5a8bc8e3f5a032e319?s=96&d=mm&r=g\",\"contentUrl\":\"https:\\\/\\\/secure.gravatar.com\\\/avatar\\\/ae2f4d718e6c49043e314ce431e7e645d646302a24a5ef5a8bc8e3f5a032e319?s=96&d=mm&r=g\",\"caption\":\"admin\"},\"sameAs\":[\"https:\\\/\\\/www.organisator.ch\"],\"url\":\"https:\\\/\\\/www.organisator.ch\\\/fr\\\/author\\\/admin\\\/\"}]}<\/script>\n<!-- \/ Yoast SEO plugin. -->","yoast_head_json":{"title":"Gestion de projets et certificats - Organisateur","description":"La gestion de projet est une comp\u00e9tence cl\u00e9 dans le monde globalis\u00e9 et num\u00e9ris\u00e9 d'aujourd'hui. Les besoins augmentent en cons\u00e9quence.","robots":{"index":"index","follow":"follow","max-snippet":"max-snippet:-1","max-image-preview":"max-image-preview:large","max-video-preview":"max-video-preview:-1"},"canonical":"https:\/\/www.organisator.ch\/fr\/gestion-2\/2023-12-05\/projektmanagement-und-zertifikate\/","og_locale":"fr_FR","og_type":"article","og_title":"Projektmanagement und Zertifikate","og_description":"Projektmanagement ist eine Schl\u00fcsselkompetenz in der heutigen globalisierten und digitalisierten Welt. Entsprechend steigt der Bedarf.","og_url":"https:\/\/www.organisator.ch\/fr\/gestion-2\/2023-12-05\/projektmanagement-und-zertifikate\/","og_site_name":"Organisator","article_publisher":"https:\/\/www.facebook.com\/OrganisatorFachmagazin","article_published_time":"2023-12-05T07:39:56+00:00","og_image":[{"width":1025,"height":732,"url":"https:\/\/www.organisator.ch\/wp-content\/uploads\/2023\/11\/Management_BWI_Bild_organisator_73915.jpg","type":"image\/jpeg"}],"author":"admin","twitter_card":"summary_large_image","twitter_title":"Projektmanagement und Zertifikate","twitter_description":"Projektmanagement ist eine Schl\u00fcsselkompetenz in der heutigen globalisierten und digitalisierten Welt. Entsprechend steigt der Bedarf.","twitter_image":"https:\/\/www.organisator.ch\/wp-content\/uploads\/2023\/11\/Management_BWI_Bild_organisator_73915.jpg","schema":{"@context":"https:\/\/schema.org","@graph":[{"@type":"Article","@id":"https:\/\/www.organisator.ch\/management\/2023-12-05\/projektmanagement-und-zertifikate\/#article","isPartOf":{"@id":"https:\/\/www.organisator.ch\/management\/2023-12-05\/projektmanagement-und-zertifikate\/"},"author":{"name":"admin","@id":"https:\/\/www.organisator.ch\/#\/schema\/person\/aa2bace6c5c5aad60102004a50c4eb1c"},"headline":"Projektmanagement und Zertifikate","datePublished":"2023-12-05T07:39:56+00:00","mainEntityOfPage":{"@id":"https:\/\/www.organisator.ch\/management\/2023-12-05\/projektmanagement-und-zertifikate\/"},"wordCount":433,"publisher":{"@id":"https:\/\/www.organisator.ch\/#organization"},"image":{"@id":"https:\/\/www.organisator.ch\/management\/2023-12-05\/projektmanagement-und-zertifikate\/#primaryimage"},"thumbnailUrl":"https:\/\/www.organisator.ch\/wp-content\/uploads\/2023\/11\/Management_BWI_Bild_organisator_73915.jpg","keywords":["Aus-\/Weiterbildung","Projektmanagement","Zertifikate"],"articleSection":["MANAGEMENT"],"inLanguage":"fr-FR"},{"@type":"WebPage","@id":"https:\/\/www.organisator.ch\/management\/2023-12-05\/projektmanagement-und-zertifikate\/","url":"https:\/\/www.organisator.ch\/management\/2023-12-05\/projektmanagement-und-zertifikate\/","name":"Gestion de projets et certificats - Organisateur","isPartOf":{"@id":"https:\/\/www.organisator.ch\/#website"},"primaryImageOfPage":{"@id":"https:\/\/www.organisator.ch\/management\/2023-12-05\/projektmanagement-und-zertifikate\/#primaryimage"},"image":{"@id":"https:\/\/www.organisator.ch\/management\/2023-12-05\/projektmanagement-und-zertifikate\/#primaryimage"},"thumbnailUrl":"https:\/\/www.organisator.ch\/wp-content\/uploads\/2023\/11\/Management_BWI_Bild_organisator_73915.jpg","datePublished":"2023-12-05T07:39:56+00:00","description":"La gestion de projet est une comp\u00e9tence cl\u00e9 dans le monde globalis\u00e9 et num\u00e9ris\u00e9 d'aujourd'hui. Les besoins augmentent en cons\u00e9quence.","breadcrumb":{"@id":"https:\/\/www.organisator.ch\/management\/2023-12-05\/projektmanagement-und-zertifikate\/#breadcrumb"},"inLanguage":"fr-FR","potentialAction":[{"@type":"ReadAction","target":["https:\/\/www.organisator.ch\/management\/2023-12-05\/projektmanagement-und-zertifikate\/"]}]},{"@type":"ImageObject","inLanguage":"fr-FR","@id":"https:\/\/www.organisator.ch\/management\/2023-12-05\/projektmanagement-und-zertifikate\/#primaryimage","url":"https:\/\/www.organisator.ch\/wp-content\/uploads\/2023\/11\/Management_BWI_Bild_organisator_73915.jpg","contentUrl":"https:\/\/www.organisator.ch\/wp-content\/uploads\/2023\/11\/Management_BWI_Bild_organisator_73915.jpg","width":1025,"height":732,"caption":"\u00a9zVg \/ BWI"},{"@type":"BreadcrumbList","@id":"https:\/\/www.organisator.ch\/management\/2023-12-05\/projektmanagement-und-zertifikate\/#breadcrumb","itemListElement":[{"@type":"ListItem","position":1,"name":"Home","item":"https:\/\/www.organisator.ch\/"},{"@type":"ListItem","position":2,"name":"Projektmanagement und Zertifikate"}]},{"@type":"WebSite","@id":"https:\/\/www.organisator.ch\/#website","url":"https:\/\/www.organisator.ch\/","name":"Organisateur","description":"Comp\u00e9tence et comp\u00e9tence. Proches de la pratique. L'ORGANISATEUR pr\u00e9pare 10 num\u00e9ros par an sur les th\u00e8mes essentiels pour les dirigeants de PME.","publisher":{"@id":"https:\/\/www.organisator.ch\/#organization"},"potentialAction":[{"@type":"SearchAction","target":{"@type":"EntryPoint","urlTemplate":"https:\/\/www.organisator.ch\/?s={search_term_string}"},"query-input":{"@type":"PropertyValueSpecification","valueRequired":true,"valueName":"search_term_string"}}],"inLanguage":"fr-FR"},{"@type":"Organization","@id":"https:\/\/www.organisator.ch\/#organization","name":"Organisateur","url":"https:\/\/www.organisator.ch\/","logo":{"@type":"ImageObject","inLanguage":"fr-FR","@id":"https:\/\/www.organisator.ch\/#\/schema\/logo\/image\/","url":"https:\/\/www.organisator.ch\/wp-content\/uploads\/2022\/01\/Logo_Organisator_Website.png","contentUrl":"https:\/\/www.organisator.ch\/wp-content\/uploads\/2022\/01\/Logo_Organisator_Website.png","width":800,"height":77,"caption":"Organisator"},"image":{"@id":"https:\/\/www.organisator.ch\/#\/schema\/logo\/image\/"},"sameAs":["https:\/\/www.facebook.com\/OrganisatorFachmagazin","https:\/\/www.linkedin.com\/showcase\/organisator-das-magazin-fr-kmu","https:\/\/www.xing.com\/news\/pages\/organisator-ch-695","https:\/\/www.youtube.com\/channel\/UCGP2Sq0iWaZwT3BdIAQFYpw"]},{"@type":"Person","@id":"https:\/\/www.organisator.ch\/#\/schema\/person\/aa2bace6c5c5aad60102004a50c4eb1c","name":"admin","image":{"@type":"ImageObject","inLanguage":"fr-FR","@id":"https:\/\/secure.gravatar.com\/avatar\/ae2f4d718e6c49043e314ce431e7e645d646302a24a5ef5a8bc8e3f5a032e319?s=96&d=mm&r=g","url":"https:\/\/secure.gravatar.com\/avatar\/ae2f4d718e6c49043e314ce431e7e645d646302a24a5ef5a8bc8e3f5a032e319?s=96&d=mm&r=g","contentUrl":"https:\/\/secure.gravatar.com\/avatar\/ae2f4d718e6c49043e314ce431e7e645d646302a24a5ef5a8bc8e3f5a032e319?s=96&d=mm&r=g","caption":"admin"},"sameAs":["https:\/\/www.organisator.ch"],"url":"https:\/\/www.organisator.ch\/fr\/author\/admin\/"}]}},"_links":{"self":[{"href":"https:\/\/www.organisator.ch\/fr\/wp-json\/wp\/v2\/posts\/23432","targetHints":{"allow":["GET"]}}],"collection":[{"href":"https:\/\/www.organisator.ch\/fr\/wp-json\/wp\/v2\/posts"}],"about":[{"href":"https:\/\/www.organisator.ch\/fr\/wp-json\/wp\/v2\/types\/post"}],"author":[{"embeddable":true,"href":"https:\/\/www.organisator.ch\/fr\/wp-json\/wp\/v2\/users\/1"}],"replies":[{"embeddable":true,"href":"https:\/\/www.organisator.ch\/fr\/wp-json\/wp\/v2\/comments?post=23432"}],"version-history":[{"count":2,"href":"https:\/\/www.organisator.ch\/fr\/wp-json\/wp\/v2\/posts\/23432\/revisions"}],"predecessor-version":[{"id":23684,"href":"https:\/\/www.organisator.ch\/fr\/wp-json\/wp\/v2\/posts\/23432\/revisions\/23684"}],"wp:featuredmedia":[{"embeddable":true,"href":"https:\/\/www.organisator.ch\/fr\/wp-json\/wp\/v2\/media\/23429"}],"wp:attachment":[{"href":"https:\/\/www.organisator.ch\/fr\/wp-json\/wp\/v2\/media?parent=23432"}],"wp:term":[{"taxonomy":"category","embeddable":true,"href":"https:\/\/www.organisator.ch\/fr\/wp-json\/wp\/v2\/categories?post=23432"},{"taxonomy":"post_tag","embeddable":true,"href":"https:\/\/www.organisator.ch\/fr\/wp-json\/wp\/v2\/tags?post=23432"}],"curies":[{"name":"wp","href":"https:\/\/api.w.org\/{rel}","templated":true}]}}