{"id":23465,"date":"2023-12-04T20:10:15","date_gmt":"2023-12-04T19:10:15","guid":{"rendered":"https:\/\/www.organisator.ch\/de\/?p=23465"},"modified":"2023-11-29T15:20:31","modified_gmt":"2023-11-29T14:20:31","slug":"konflikte-am-arbeitsplatz-gestaerkt-aus-der-krise","status":"publish","type":"post","link":"https:\/\/www.organisator.ch\/fr\/management\/2023-12-04\/konflikte-am-arbeitsplatz-gestaerkt-aus-der-krise\/","title":{"rendered":"Conflits au travail : sortir renforc\u00e9 de la crise"},"content":{"rendered":"<div class=\"swpm-post-not-logged-in-msg\">Vous devez \u00eatre connect\u00e9 pour voir ce contenu. Veuillez <a class=\"swpm-login-link\" href=\"https:\/\/www.organisator.ch\/login\/\">Se connecter<\/a>. Pas un membre ? <a href=\"https:\/\/www.organisator.ch\/shop\/\">Nous Rejoindre<\/a><\/div>","protected":false},"excerpt":{"rendered":"<p>Lorsque des conflits couvent sur le lieu de travail, ce ne sont pas seulement les collaborateurs concern\u00e9s qui en souffrent, mais souvent aussi des \u00e9quipes enti\u00e8res, voire l'entreprise. Or, une gestion consciente et cr\u00e9ative des conflits offre la possibilit\u00e9 de renforcer l'esprit d'\u00e9quipe et d'am\u00e9liorer les performances au travail.<\/p>","protected":false},"author":1,"featured_media":23462,"comment_status":"closed","ping_status":"closed","sticky":false,"template":"","format":"standard","meta":{"_acf_changed":false,"_yoast_wpseo_focuskw":"Konflikte am Arbeitsplatz","_yoast_wpseo_metadesc":"Konflikte am Arbeitsplatz: Darunter leiden nicht nur die betroffenen Mitarbeitenden, sondern oft auch ganze Teams oder gar der Betrieb.","articlekey":"72646","footnotes":""},"categories":[578,28],"tags":[254,3468,320,335],"class_list":["post-23465","post","type-post","status-publish","format-standard","has-post-thumbnail","hentry","category-abo","category-management","tag-hrm","tag-konflikte","tag-leadership","tag-management-und-unternehmensfuehrung"],"acf":[],"yoast_head":"<!-- This site is optimized with the Yoast SEO plugin v27.5 - https:\/\/yoast.com\/product\/yoast-seo-wordpress\/ -->\n<title>Konflikte am Arbeitsplatz: Gest\u00e4rkt aus der Krise - Organisator<\/title>\n<meta name=\"description\" content=\"Konflikte am Arbeitsplatz: Darunter leiden nicht nur die betroffenen Mitarbeitenden, sondern oft auch ganze Teams oder gar der Betrieb.\" \/>\n<meta name=\"robots\" content=\"index, follow, max-snippet:-1, max-image-preview:large, max-video-preview:-1\" \/>\n<link rel=\"canonical\" href=\"https:\/\/www.organisator.ch\/fr\/gestion-2\/2023-12-04\/konflikte-am-arbeitsplatz-gestaerkt-aus-der-krise\/\" \/>\n<meta property=\"og:locale\" content=\"fr_FR\" \/>\n<meta property=\"og:type\" content=\"article\" \/>\n<meta property=\"og:title\" content=\"Konflikte am Arbeitsplatz: Gest\u00e4rkt aus der Krise - Organisator\" \/>\n<meta property=\"og:description\" content=\"Konflikte am Arbeitsplatz: Darunter leiden nicht nur die betroffenen Mitarbeitenden, sondern oft auch ganze Teams oder gar der Betrieb.\" \/>\n<meta property=\"og:url\" content=\"https:\/\/www.organisator.ch\/fr\/gestion-2\/2023-12-04\/konflikte-am-arbeitsplatz-gestaerkt-aus-der-krise\/\" \/>\n<meta property=\"og:site_name\" content=\"Organisator\" \/>\n<meta property=\"article:publisher\" content=\"https:\/\/www.facebook.com\/OrganisatorFachmagazin\" \/>\n<meta property=\"article:published_time\" content=\"2023-12-04T19:10:15+00:00\" \/>\n<meta property=\"og:image\" content=\"https:\/\/www.organisator.ch\/wp-content\/uploads\/2023\/11\/Management_F-Mueller_Bild1_organisator_72653-scaled.jpg\" \/>\n\t<meta property=\"og:image:width\" content=\"1400\" \/>\n\t<meta property=\"og:image:height\" content=\"992\" \/>\n\t<meta property=\"og:image:type\" content=\"image\/jpeg\" \/>\n<meta name=\"author\" content=\"admin\" \/>\n<meta name=\"twitter:card\" content=\"summary_large_image\" \/>\n<script type=\"application\/ld+json\" class=\"yoast-schema-graph\">{\"@context\":\"https:\\\/\\\/schema.org\",\"@graph\":[{\"@type\":\"Article\",\"@id\":\"https:\\\/\\\/www.organisator.ch\\\/management\\\/2023-12-04\\\/konflikte-am-arbeitsplatz-gestaerkt-aus-der-krise\\\/#article\",\"isPartOf\":{\"@id\":\"https:\\\/\\\/www.organisator.ch\\\/management\\\/2023-12-04\\\/konflikte-am-arbeitsplatz-gestaerkt-aus-der-krise\\\/\"},\"author\":{\"name\":\"admin\",\"@id\":\"https:\\\/\\\/www.organisator.ch\\\/#\\\/schema\\\/person\\\/aa2bace6c5c5aad60102004a50c4eb1c\"},\"headline\":\"Konflikte am Arbeitsplatz: Gest\u00e4rkt aus der Krise\",\"datePublished\":\"2023-12-04T19:10:15+00:00\",\"mainEntityOfPage\":{\"@id\":\"https:\\\/\\\/www.organisator.ch\\\/management\\\/2023-12-04\\\/konflikte-am-arbeitsplatz-gestaerkt-aus-der-krise\\\/\"},\"wordCount\":1001,\"publisher\":{\"@id\":\"https:\\\/\\\/www.organisator.ch\\\/#organization\"},\"image\":{\"@id\":\"https:\\\/\\\/www.organisator.ch\\\/management\\\/2023-12-04\\\/konflikte-am-arbeitsplatz-gestaerkt-aus-der-krise\\\/#primaryimage\"},\"thumbnailUrl\":\"https:\\\/\\\/www.organisator.ch\\\/wp-content\\\/uploads\\\/2023\\\/11\\\/Management_F-Mueller_Bild1_organisator_72653-scaled.jpg\",\"keywords\":[\"HRM\",\"Konflikte\",\"Leadership\",\"Management und Unternehmensf\u00fchrung\"],\"articleSection\":[\"ABO+\",\"MANAGEMENT\"],\"inLanguage\":\"fr-FR\"},{\"@type\":\"WebPage\",\"@id\":\"https:\\\/\\\/www.organisator.ch\\\/management\\\/2023-12-04\\\/konflikte-am-arbeitsplatz-gestaerkt-aus-der-krise\\\/\",\"url\":\"https:\\\/\\\/www.organisator.ch\\\/management\\\/2023-12-04\\\/konflikte-am-arbeitsplatz-gestaerkt-aus-der-krise\\\/\",\"name\":\"Konflikte am Arbeitsplatz: Gest\u00e4rkt aus der Krise - Organisator\",\"isPartOf\":{\"@id\":\"https:\\\/\\\/www.organisator.ch\\\/#website\"},\"primaryImageOfPage\":{\"@id\":\"https:\\\/\\\/www.organisator.ch\\\/management\\\/2023-12-04\\\/konflikte-am-arbeitsplatz-gestaerkt-aus-der-krise\\\/#primaryimage\"},\"image\":{\"@id\":\"https:\\\/\\\/www.organisator.ch\\\/management\\\/2023-12-04\\\/konflikte-am-arbeitsplatz-gestaerkt-aus-der-krise\\\/#primaryimage\"},\"thumbnailUrl\":\"https:\\\/\\\/www.organisator.ch\\\/wp-content\\\/uploads\\\/2023\\\/11\\\/Management_F-Mueller_Bild1_organisator_72653-scaled.jpg\",\"datePublished\":\"2023-12-04T19:10:15+00:00\",\"description\":\"Konflikte am Arbeitsplatz: Darunter leiden nicht nur die betroffenen Mitarbeitenden, sondern oft auch ganze Teams oder gar der Betrieb.\",\"breadcrumb\":{\"@id\":\"https:\\\/\\\/www.organisator.ch\\\/management\\\/2023-12-04\\\/konflikte-am-arbeitsplatz-gestaerkt-aus-der-krise\\\/#breadcrumb\"},\"inLanguage\":\"fr-FR\",\"potentialAction\":[{\"@type\":\"ReadAction\",\"target\":[\"https:\\\/\\\/www.organisator.ch\\\/management\\\/2023-12-04\\\/konflikte-am-arbeitsplatz-gestaerkt-aus-der-krise\\\/\"]}]},{\"@type\":\"ImageObject\",\"inLanguage\":\"fr-FR\",\"@id\":\"https:\\\/\\\/www.organisator.ch\\\/management\\\/2023-12-04\\\/konflikte-am-arbeitsplatz-gestaerkt-aus-der-krise\\\/#primaryimage\",\"url\":\"https:\\\/\\\/www.organisator.ch\\\/wp-content\\\/uploads\\\/2023\\\/11\\\/Management_F-Mueller_Bild1_organisator_72653-scaled.jpg\",\"contentUrl\":\"https:\\\/\\\/www.organisator.ch\\\/wp-content\\\/uploads\\\/2023\\\/11\\\/Management_F-Mueller_Bild1_organisator_72653-scaled.jpg\",\"width\":1400,\"height\":992,\"caption\":\"\u00dcberall, wo Menschen zusammenarbeiten, kann es zu Konflikten kommen. Diese wirken sich unterschiedlich aus. Depositphotos.com\"},{\"@type\":\"BreadcrumbList\",\"@id\":\"https:\\\/\\\/www.organisator.ch\\\/management\\\/2023-12-04\\\/konflikte-am-arbeitsplatz-gestaerkt-aus-der-krise\\\/#breadcrumb\",\"itemListElement\":[{\"@type\":\"ListItem\",\"position\":1,\"name\":\"Home\",\"item\":\"https:\\\/\\\/www.organisator.ch\\\/\"},{\"@type\":\"ListItem\",\"position\":2,\"name\":\"Konflikte am Arbeitsplatz: Gest\u00e4rkt aus der Krise\"}]},{\"@type\":\"WebSite\",\"@id\":\"https:\\\/\\\/www.organisator.ch\\\/#website\",\"url\":\"https:\\\/\\\/www.organisator.ch\\\/\",\"name\":\"Organisator\",\"description\":\"Kompetent. Praxisnah. Der ORGANISATOR bereitet in 10 Ausgaben pro Jahr die wesentlichen Themen f\u00fcr F\u00fchrungskr\u00e4fte von KMU auf.\",\"publisher\":{\"@id\":\"https:\\\/\\\/www.organisator.ch\\\/#organization\"},\"potentialAction\":[{\"@type\":\"SearchAction\",\"target\":{\"@type\":\"EntryPoint\",\"urlTemplate\":\"https:\\\/\\\/www.organisator.ch\\\/?s={search_term_string}\"},\"query-input\":{\"@type\":\"PropertyValueSpecification\",\"valueRequired\":true,\"valueName\":\"search_term_string\"}}],\"inLanguage\":\"fr-FR\"},{\"@type\":\"Organization\",\"@id\":\"https:\\\/\\\/www.organisator.ch\\\/#organization\",\"name\":\"Organisator\",\"url\":\"https:\\\/\\\/www.organisator.ch\\\/\",\"logo\":{\"@type\":\"ImageObject\",\"inLanguage\":\"fr-FR\",\"@id\":\"https:\\\/\\\/www.organisator.ch\\\/#\\\/schema\\\/logo\\\/image\\\/\",\"url\":\"https:\\\/\\\/www.organisator.ch\\\/wp-content\\\/uploads\\\/2022\\\/01\\\/Logo_Organisator_Website.png\",\"contentUrl\":\"https:\\\/\\\/www.organisator.ch\\\/wp-content\\\/uploads\\\/2022\\\/01\\\/Logo_Organisator_Website.png\",\"width\":800,\"height\":77,\"caption\":\"Organisator\"},\"image\":{\"@id\":\"https:\\\/\\\/www.organisator.ch\\\/#\\\/schema\\\/logo\\\/image\\\/\"},\"sameAs\":[\"https:\\\/\\\/www.facebook.com\\\/OrganisatorFachmagazin\",\"https:\\\/\\\/www.linkedin.com\\\/showcase\\\/organisator-das-magazin-fr-kmu\",\"https:\\\/\\\/www.xing.com\\\/news\\\/pages\\\/organisator-ch-695\",\"https:\\\/\\\/www.youtube.com\\\/channel\\\/UCGP2Sq0iWaZwT3BdIAQFYpw\"]},{\"@type\":\"Person\",\"@id\":\"https:\\\/\\\/www.organisator.ch\\\/#\\\/schema\\\/person\\\/aa2bace6c5c5aad60102004a50c4eb1c\",\"name\":\"admin\",\"image\":{\"@type\":\"ImageObject\",\"inLanguage\":\"fr-FR\",\"@id\":\"https:\\\/\\\/secure.gravatar.com\\\/avatar\\\/ae2f4d718e6c49043e314ce431e7e645d646302a24a5ef5a8bc8e3f5a032e319?s=96&d=mm&r=g\",\"url\":\"https:\\\/\\\/secure.gravatar.com\\\/avatar\\\/ae2f4d718e6c49043e314ce431e7e645d646302a24a5ef5a8bc8e3f5a032e319?s=96&d=mm&r=g\",\"contentUrl\":\"https:\\\/\\\/secure.gravatar.com\\\/avatar\\\/ae2f4d718e6c49043e314ce431e7e645d646302a24a5ef5a8bc8e3f5a032e319?s=96&d=mm&r=g\",\"caption\":\"admin\"},\"sameAs\":[\"https:\\\/\\\/www.organisator.ch\"],\"url\":\"https:\\\/\\\/www.organisator.ch\\\/fr\\\/author\\\/admin\\\/\"}]}<\/script>\n<!-- \/ Yoast SEO plugin. -->","yoast_head_json":{"title":"Conflits au travail : sortir renforc\u00e9 de la crise - Organisateur","description":"Conflits sur le lieu de travail : ce ne sont pas seulement les collaborateurs concern\u00e9s qui en souffrent, mais souvent aussi des \u00e9quipes enti\u00e8res, voire l'entreprise.","robots":{"index":"index","follow":"follow","max-snippet":"max-snippet:-1","max-image-preview":"max-image-preview:large","max-video-preview":"max-video-preview:-1"},"canonical":"https:\/\/www.organisator.ch\/fr\/gestion-2\/2023-12-04\/konflikte-am-arbeitsplatz-gestaerkt-aus-der-krise\/","og_locale":"fr_FR","og_type":"article","og_title":"Konflikte am Arbeitsplatz: Gest\u00e4rkt aus der Krise - Organisator","og_description":"Konflikte am Arbeitsplatz: Darunter leiden nicht nur die betroffenen Mitarbeitenden, sondern oft auch ganze Teams oder gar der Betrieb.","og_url":"https:\/\/www.organisator.ch\/fr\/gestion-2\/2023-12-04\/konflikte-am-arbeitsplatz-gestaerkt-aus-der-krise\/","og_site_name":"Organisator","article_publisher":"https:\/\/www.facebook.com\/OrganisatorFachmagazin","article_published_time":"2023-12-04T19:10:15+00:00","og_image":[{"width":1400,"height":992,"url":"https:\/\/www.organisator.ch\/wp-content\/uploads\/2023\/11\/Management_F-Mueller_Bild1_organisator_72653-scaled.jpg","type":"image\/jpeg"}],"author":"admin","twitter_card":"summary_large_image","schema":{"@context":"https:\/\/schema.org","@graph":[{"@type":"Article","@id":"https:\/\/www.organisator.ch\/management\/2023-12-04\/konflikte-am-arbeitsplatz-gestaerkt-aus-der-krise\/#article","isPartOf":{"@id":"https:\/\/www.organisator.ch\/management\/2023-12-04\/konflikte-am-arbeitsplatz-gestaerkt-aus-der-krise\/"},"author":{"name":"admin","@id":"https:\/\/www.organisator.ch\/#\/schema\/person\/aa2bace6c5c5aad60102004a50c4eb1c"},"headline":"Konflikte am Arbeitsplatz: Gest\u00e4rkt aus der Krise","datePublished":"2023-12-04T19:10:15+00:00","mainEntityOfPage":{"@id":"https:\/\/www.organisator.ch\/management\/2023-12-04\/konflikte-am-arbeitsplatz-gestaerkt-aus-der-krise\/"},"wordCount":1001,"publisher":{"@id":"https:\/\/www.organisator.ch\/#organization"},"image":{"@id":"https:\/\/www.organisator.ch\/management\/2023-12-04\/konflikte-am-arbeitsplatz-gestaerkt-aus-der-krise\/#primaryimage"},"thumbnailUrl":"https:\/\/www.organisator.ch\/wp-content\/uploads\/2023\/11\/Management_F-Mueller_Bild1_organisator_72653-scaled.jpg","keywords":["HRM","Konflikte","Leadership","Management und Unternehmensf\u00fchrung"],"articleSection":["ABO+","MANAGEMENT"],"inLanguage":"fr-FR"},{"@type":"WebPage","@id":"https:\/\/www.organisator.ch\/management\/2023-12-04\/konflikte-am-arbeitsplatz-gestaerkt-aus-der-krise\/","url":"https:\/\/www.organisator.ch\/management\/2023-12-04\/konflikte-am-arbeitsplatz-gestaerkt-aus-der-krise\/","name":"Conflits au travail : sortir renforc\u00e9 de la crise - Organisateur","isPartOf":{"@id":"https:\/\/www.organisator.ch\/#website"},"primaryImageOfPage":{"@id":"https:\/\/www.organisator.ch\/management\/2023-12-04\/konflikte-am-arbeitsplatz-gestaerkt-aus-der-krise\/#primaryimage"},"image":{"@id":"https:\/\/www.organisator.ch\/management\/2023-12-04\/konflikte-am-arbeitsplatz-gestaerkt-aus-der-krise\/#primaryimage"},"thumbnailUrl":"https:\/\/www.organisator.ch\/wp-content\/uploads\/2023\/11\/Management_F-Mueller_Bild1_organisator_72653-scaled.jpg","datePublished":"2023-12-04T19:10:15+00:00","description":"Conflits sur le lieu de travail : ce ne sont pas seulement les collaborateurs concern\u00e9s qui en souffrent, mais souvent aussi des \u00e9quipes enti\u00e8res, voire l'entreprise.","breadcrumb":{"@id":"https:\/\/www.organisator.ch\/management\/2023-12-04\/konflikte-am-arbeitsplatz-gestaerkt-aus-der-krise\/#breadcrumb"},"inLanguage":"fr-FR","potentialAction":[{"@type":"ReadAction","target":["https:\/\/www.organisator.ch\/management\/2023-12-04\/konflikte-am-arbeitsplatz-gestaerkt-aus-der-krise\/"]}]},{"@type":"ImageObject","inLanguage":"fr-FR","@id":"https:\/\/www.organisator.ch\/management\/2023-12-04\/konflikte-am-arbeitsplatz-gestaerkt-aus-der-krise\/#primaryimage","url":"https:\/\/www.organisator.ch\/wp-content\/uploads\/2023\/11\/Management_F-Mueller_Bild1_organisator_72653-scaled.jpg","contentUrl":"https:\/\/www.organisator.ch\/wp-content\/uploads\/2023\/11\/Management_F-Mueller_Bild1_organisator_72653-scaled.jpg","width":1400,"height":992,"caption":"\u00dcberall, wo Menschen zusammenarbeiten, kann es zu Konflikten kommen. Diese wirken sich unterschiedlich aus. Depositphotos.com"},{"@type":"BreadcrumbList","@id":"https:\/\/www.organisator.ch\/management\/2023-12-04\/konflikte-am-arbeitsplatz-gestaerkt-aus-der-krise\/#breadcrumb","itemListElement":[{"@type":"ListItem","position":1,"name":"Home","item":"https:\/\/www.organisator.ch\/"},{"@type":"ListItem","position":2,"name":"Konflikte am Arbeitsplatz: Gest\u00e4rkt aus der Krise"}]},{"@type":"WebSite","@id":"https:\/\/www.organisator.ch\/#website","url":"https:\/\/www.organisator.ch\/","name":"Organisateur","description":"Comp\u00e9tence et comp\u00e9tence. Proches de la pratique. L'ORGANISATEUR pr\u00e9pare 10 num\u00e9ros par an sur les th\u00e8mes essentiels pour les dirigeants de PME.","publisher":{"@id":"https:\/\/www.organisator.ch\/#organization"},"potentialAction":[{"@type":"SearchAction","target":{"@type":"EntryPoint","urlTemplate":"https:\/\/www.organisator.ch\/?s={search_term_string}"},"query-input":{"@type":"PropertyValueSpecification","valueRequired":true,"valueName":"search_term_string"}}],"inLanguage":"fr-FR"},{"@type":"Organization","@id":"https:\/\/www.organisator.ch\/#organization","name":"Organisateur","url":"https:\/\/www.organisator.ch\/","logo":{"@type":"ImageObject","inLanguage":"fr-FR","@id":"https:\/\/www.organisator.ch\/#\/schema\/logo\/image\/","url":"https:\/\/www.organisator.ch\/wp-content\/uploads\/2022\/01\/Logo_Organisator_Website.png","contentUrl":"https:\/\/www.organisator.ch\/wp-content\/uploads\/2022\/01\/Logo_Organisator_Website.png","width":800,"height":77,"caption":"Organisator"},"image":{"@id":"https:\/\/www.organisator.ch\/#\/schema\/logo\/image\/"},"sameAs":["https:\/\/www.facebook.com\/OrganisatorFachmagazin","https:\/\/www.linkedin.com\/showcase\/organisator-das-magazin-fr-kmu","https:\/\/www.xing.com\/news\/pages\/organisator-ch-695","https:\/\/www.youtube.com\/channel\/UCGP2Sq0iWaZwT3BdIAQFYpw"]},{"@type":"Person","@id":"https:\/\/www.organisator.ch\/#\/schema\/person\/aa2bace6c5c5aad60102004a50c4eb1c","name":"admin","image":{"@type":"ImageObject","inLanguage":"fr-FR","@id":"https:\/\/secure.gravatar.com\/avatar\/ae2f4d718e6c49043e314ce431e7e645d646302a24a5ef5a8bc8e3f5a032e319?s=96&d=mm&r=g","url":"https:\/\/secure.gravatar.com\/avatar\/ae2f4d718e6c49043e314ce431e7e645d646302a24a5ef5a8bc8e3f5a032e319?s=96&d=mm&r=g","contentUrl":"https:\/\/secure.gravatar.com\/avatar\/ae2f4d718e6c49043e314ce431e7e645d646302a24a5ef5a8bc8e3f5a032e319?s=96&d=mm&r=g","caption":"admin"},"sameAs":["https:\/\/www.organisator.ch"],"url":"https:\/\/www.organisator.ch\/fr\/author\/admin\/"}]}},"_links":{"self":[{"href":"https:\/\/www.organisator.ch\/fr\/wp-json\/wp\/v2\/posts\/23465","targetHints":{"allow":["GET"]}}],"collection":[{"href":"https:\/\/www.organisator.ch\/fr\/wp-json\/wp\/v2\/posts"}],"about":[{"href":"https:\/\/www.organisator.ch\/fr\/wp-json\/wp\/v2\/types\/post"}],"author":[{"embeddable":true,"href":"https:\/\/www.organisator.ch\/fr\/wp-json\/wp\/v2\/users\/1"}],"replies":[{"embeddable":true,"href":"https:\/\/www.organisator.ch\/fr\/wp-json\/wp\/v2\/comments?post=23465"}],"version-history":[{"count":2,"href":"https:\/\/www.organisator.ch\/fr\/wp-json\/wp\/v2\/posts\/23465\/revisions"}],"predecessor-version":[{"id":23590,"href":"https:\/\/www.organisator.ch\/fr\/wp-json\/wp\/v2\/posts\/23465\/revisions\/23590"}],"wp:featuredmedia":[{"embeddable":true,"href":"https:\/\/www.organisator.ch\/fr\/wp-json\/wp\/v2\/media\/23462"}],"wp:attachment":[{"href":"https:\/\/www.organisator.ch\/fr\/wp-json\/wp\/v2\/media?parent=23465"}],"wp:term":[{"taxonomy":"category","embeddable":true,"href":"https:\/\/www.organisator.ch\/fr\/wp-json\/wp\/v2\/categories?post=23465"},{"taxonomy":"post_tag","embeddable":true,"href":"https:\/\/www.organisator.ch\/fr\/wp-json\/wp\/v2\/tags?post=23465"}],"curies":[{"name":"wp","href":"https:\/\/api.w.org\/{rel}","templated":true}]}}