{"id":23493,"date":"2023-12-04T22:11:10","date_gmt":"2023-12-04T21:11:10","guid":{"rendered":"https:\/\/www.organisator.ch\/de\/?p=23493"},"modified":"2023-11-29T14:19:21","modified_gmt":"2023-11-29T13:19:21","slug":"verpflegung-am-arbeitsplatz-wie-macht-man-alles-richtig","status":"publish","type":"post","link":"https:\/\/www.organisator.ch\/fr\/sustainability\/2023-12-04\/verpflegung-am-arbeitsplatz-wie-macht-man-alles-richtig\/","title":{"rendered":"Restauration sur le lieu de travail : comment faire les choses correctement ?"},"content":{"rendered":"<div class=\"swpm-post-not-logged-in-msg\">Vous devez \u00eatre connect\u00e9 pour voir ce contenu. Veuillez <a class=\"swpm-login-link\" href=\"https:\/\/www.organisator.ch\/login\/\">Se connecter<\/a>. Pas un membre ? <a href=\"https:\/\/www.organisator.ch\/shop\/\">Nous Rejoindre<\/a><\/div>","protected":false},"excerpt":{"rendered":"<p>Dans un quotidien professionnel stressant, il n'est souvent pas facile de s'alimenter sainement. Pourtant, ce n'est pas impossible. Les solutions consistent \u00e0 installer des distributeurs de snacks et de repas ou des r\u00e9frig\u00e9rateurs intelligents. Ils permettent de fournir aux collaborateurs des snacks sains ou des repas complets 24 heures sur 24. Mais est-ce la meilleure fa\u00e7on de se restaurer sur le lieu de travail ? <\/p>","protected":false},"author":1,"featured_media":23490,"comment_status":"closed","ping_status":"closed","sticky":false,"template":"","format":"standard","meta":{"_acf_changed":false,"_yoast_wpseo_focuskw":"Verpflegung","_yoast_wpseo_metadesc":"Wie gelingt die Verpflegung am Arbeitsplatz? Es gibt viele M\u00f6glichkeiten, z.B. Automaten, die auch regionale Produkte anbieten.","articlekey":"72912","footnotes":""},"categories":[578,580],"tags":[181,254,3539,358],"class_list":["post-23493","post","type-post","status-publish","format-standard","has-post-thumbnail","hentry","category-abo","category-sustainability","tag-ernaehrung","tag-hrm","tag-mitarbeiterverpflegung","tag-nachhaltige-wirtschaft"],"acf":[],"yoast_head":"<!-- This site is optimized with the Yoast SEO plugin v27.4 - https:\/\/yoast.com\/product\/yoast-seo-wordpress\/ -->\n<title>Verpflegung am Arbeitsplatz: Wie macht man alles richtig? - Organisator<\/title>\n<meta name=\"description\" content=\"Wie gelingt die Verpflegung am Arbeitsplatz? Es gibt viele M\u00f6glichkeiten, z.B. Automaten, die auch regionale Produkte anbieten.\" \/>\n<meta name=\"robots\" content=\"index, follow, max-snippet:-1, max-image-preview:large, max-video-preview:-1\" \/>\n<link rel=\"canonical\" href=\"https:\/\/www.organisator.ch\/fr\/abonnement\/2023-12-04\/verpflegung-am-arbeitsplatz-wie-macht-man-alles-richtig\/\" \/>\n<meta property=\"og:locale\" content=\"fr_FR\" \/>\n<meta property=\"og:type\" content=\"article\" \/>\n<meta property=\"og:title\" content=\"Verpflegung am Arbeitsplatz: Wie macht man alles richtig? - Organisator\" \/>\n<meta property=\"og:description\" content=\"Wie gelingt die Verpflegung am Arbeitsplatz? Es gibt viele M\u00f6glichkeiten, z.B. Automaten, die auch regionale Produkte anbieten.\" \/>\n<meta property=\"og:url\" content=\"https:\/\/www.organisator.ch\/fr\/abonnement\/2023-12-04\/verpflegung-am-arbeitsplatz-wie-macht-man-alles-richtig\/\" \/>\n<meta property=\"og:site_name\" content=\"Organisator\" \/>\n<meta property=\"article:publisher\" content=\"https:\/\/www.facebook.com\/OrganisatorFachmagazin\" \/>\n<meta property=\"article:published_time\" content=\"2023-12-04T21:11:10+00:00\" \/>\n<meta property=\"og:image\" content=\"https:\/\/www.organisator.ch\/wp-content\/uploads\/2023\/11\/Sustainability_Dallmayr_Bild2_organisator_72944-scaled.jpg\" \/>\n\t<meta property=\"og:image:width\" content=\"1400\" \/>\n\t<meta property=\"og:image:height\" content=\"1076\" \/>\n\t<meta property=\"og:image:type\" content=\"image\/jpeg\" \/>\n<meta name=\"author\" content=\"admin\" \/>\n<meta name=\"twitter:card\" content=\"summary_large_image\" \/>\n<script type=\"application\/ld+json\" class=\"yoast-schema-graph\">{\"@context\":\"https:\\\/\\\/schema.org\",\"@graph\":[{\"@type\":\"Article\",\"@id\":\"https:\\\/\\\/www.organisator.ch\\\/abo\\\/2023-12-04\\\/verpflegung-am-arbeitsplatz-wie-macht-man-alles-richtig\\\/#article\",\"isPartOf\":{\"@id\":\"https:\\\/\\\/www.organisator.ch\\\/abo\\\/2023-12-04\\\/verpflegung-am-arbeitsplatz-wie-macht-man-alles-richtig\\\/\"},\"author\":{\"name\":\"admin\",\"@id\":\"https:\\\/\\\/www.organisator.ch\\\/#\\\/schema\\\/person\\\/aa2bace6c5c5aad60102004a50c4eb1c\"},\"headline\":\"Verpflegung am Arbeitsplatz: Wie macht man alles richtig?\",\"datePublished\":\"2023-12-04T21:11:10+00:00\",\"mainEntityOfPage\":{\"@id\":\"https:\\\/\\\/www.organisator.ch\\\/abo\\\/2023-12-04\\\/verpflegung-am-arbeitsplatz-wie-macht-man-alles-richtig\\\/\"},\"wordCount\":1520,\"publisher\":{\"@id\":\"https:\\\/\\\/www.organisator.ch\\\/#organization\"},\"image\":{\"@id\":\"https:\\\/\\\/www.organisator.ch\\\/abo\\\/2023-12-04\\\/verpflegung-am-arbeitsplatz-wie-macht-man-alles-richtig\\\/#primaryimage\"},\"thumbnailUrl\":\"https:\\\/\\\/www.organisator.ch\\\/wp-content\\\/uploads\\\/2023\\\/11\\\/Sustainability_Dallmayr_Bild2_organisator_72944-scaled.jpg\",\"keywords\":[\"Ern\u00e4hrung\",\"HRM\",\"Mitarbeiterverpflegung\",\"Nachhaltige Wirtschaft\"],\"articleSection\":[\"ABO+\",\"SUSTAINABILITY\"],\"inLanguage\":\"fr-FR\"},{\"@type\":\"WebPage\",\"@id\":\"https:\\\/\\\/www.organisator.ch\\\/abo\\\/2023-12-04\\\/verpflegung-am-arbeitsplatz-wie-macht-man-alles-richtig\\\/\",\"url\":\"https:\\\/\\\/www.organisator.ch\\\/abo\\\/2023-12-04\\\/verpflegung-am-arbeitsplatz-wie-macht-man-alles-richtig\\\/\",\"name\":\"Verpflegung am Arbeitsplatz: Wie macht man alles richtig? - Organisator\",\"isPartOf\":{\"@id\":\"https:\\\/\\\/www.organisator.ch\\\/#website\"},\"primaryImageOfPage\":{\"@id\":\"https:\\\/\\\/www.organisator.ch\\\/abo\\\/2023-12-04\\\/verpflegung-am-arbeitsplatz-wie-macht-man-alles-richtig\\\/#primaryimage\"},\"image\":{\"@id\":\"https:\\\/\\\/www.organisator.ch\\\/abo\\\/2023-12-04\\\/verpflegung-am-arbeitsplatz-wie-macht-man-alles-richtig\\\/#primaryimage\"},\"thumbnailUrl\":\"https:\\\/\\\/www.organisator.ch\\\/wp-content\\\/uploads\\\/2023\\\/11\\\/Sustainability_Dallmayr_Bild2_organisator_72944-scaled.jpg\",\"datePublished\":\"2023-12-04T21:11:10+00:00\",\"description\":\"Wie gelingt die Verpflegung am Arbeitsplatz? Es gibt viele M\u00f6glichkeiten, z.B. Automaten, die auch regionale Produkte anbieten.\",\"breadcrumb\":{\"@id\":\"https:\\\/\\\/www.organisator.ch\\\/abo\\\/2023-12-04\\\/verpflegung-am-arbeitsplatz-wie-macht-man-alles-richtig\\\/#breadcrumb\"},\"inLanguage\":\"fr-FR\",\"potentialAction\":[{\"@type\":\"ReadAction\",\"target\":[\"https:\\\/\\\/www.organisator.ch\\\/abo\\\/2023-12-04\\\/verpflegung-am-arbeitsplatz-wie-macht-man-alles-richtig\\\/\"]}]},{\"@type\":\"ImageObject\",\"inLanguage\":\"fr-FR\",\"@id\":\"https:\\\/\\\/www.organisator.ch\\\/abo\\\/2023-12-04\\\/verpflegung-am-arbeitsplatz-wie-macht-man-alles-richtig\\\/#primaryimage\",\"url\":\"https:\\\/\\\/www.organisator.ch\\\/wp-content\\\/uploads\\\/2023\\\/11\\\/Sustainability_Dallmayr_Bild2_organisator_72944-scaled.jpg\",\"contentUrl\":\"https:\\\/\\\/www.organisator.ch\\\/wp-content\\\/uploads\\\/2023\\\/11\\\/Sustainability_Dallmayr_Bild2_organisator_72944-scaled.jpg\",\"width\":1400,\"height\":1076,\"caption\":\"Der Automat Enjoy Local ist mit regionalen Produkten gef\u00fcllt.\u00a9 Tobias Westen Photography\"},{\"@type\":\"BreadcrumbList\",\"@id\":\"https:\\\/\\\/www.organisator.ch\\\/abo\\\/2023-12-04\\\/verpflegung-am-arbeitsplatz-wie-macht-man-alles-richtig\\\/#breadcrumb\",\"itemListElement\":[{\"@type\":\"ListItem\",\"position\":1,\"name\":\"Home\",\"item\":\"https:\\\/\\\/www.organisator.ch\\\/\"},{\"@type\":\"ListItem\",\"position\":2,\"name\":\"Verpflegung am Arbeitsplatz: Wie macht man alles richtig?\"}]},{\"@type\":\"WebSite\",\"@id\":\"https:\\\/\\\/www.organisator.ch\\\/#website\",\"url\":\"https:\\\/\\\/www.organisator.ch\\\/\",\"name\":\"Organisator\",\"description\":\"Kompetent. Praxisnah. Der ORGANISATOR bereitet in 10 Ausgaben pro Jahr die wesentlichen Themen f\u00fcr F\u00fchrungskr\u00e4fte von KMU auf.\",\"publisher\":{\"@id\":\"https:\\\/\\\/www.organisator.ch\\\/#organization\"},\"potentialAction\":[{\"@type\":\"SearchAction\",\"target\":{\"@type\":\"EntryPoint\",\"urlTemplate\":\"https:\\\/\\\/www.organisator.ch\\\/?s={search_term_string}\"},\"query-input\":{\"@type\":\"PropertyValueSpecification\",\"valueRequired\":true,\"valueName\":\"search_term_string\"}}],\"inLanguage\":\"fr-FR\"},{\"@type\":\"Organization\",\"@id\":\"https:\\\/\\\/www.organisator.ch\\\/#organization\",\"name\":\"Organisator\",\"url\":\"https:\\\/\\\/www.organisator.ch\\\/\",\"logo\":{\"@type\":\"ImageObject\",\"inLanguage\":\"fr-FR\",\"@id\":\"https:\\\/\\\/www.organisator.ch\\\/#\\\/schema\\\/logo\\\/image\\\/\",\"url\":\"https:\\\/\\\/www.organisator.ch\\\/wp-content\\\/uploads\\\/2022\\\/01\\\/Logo_Organisator_Website.png\",\"contentUrl\":\"https:\\\/\\\/www.organisator.ch\\\/wp-content\\\/uploads\\\/2022\\\/01\\\/Logo_Organisator_Website.png\",\"width\":800,\"height\":77,\"caption\":\"Organisator\"},\"image\":{\"@id\":\"https:\\\/\\\/www.organisator.ch\\\/#\\\/schema\\\/logo\\\/image\\\/\"},\"sameAs\":[\"https:\\\/\\\/www.facebook.com\\\/OrganisatorFachmagazin\",\"https:\\\/\\\/www.linkedin.com\\\/showcase\\\/organisator-das-magazin-fr-kmu\",\"https:\\\/\\\/www.xing.com\\\/news\\\/pages\\\/organisator-ch-695\",\"https:\\\/\\\/www.youtube.com\\\/channel\\\/UCGP2Sq0iWaZwT3BdIAQFYpw\"]},{\"@type\":\"Person\",\"@id\":\"https:\\\/\\\/www.organisator.ch\\\/#\\\/schema\\\/person\\\/aa2bace6c5c5aad60102004a50c4eb1c\",\"name\":\"admin\",\"image\":{\"@type\":\"ImageObject\",\"inLanguage\":\"fr-FR\",\"@id\":\"https:\\\/\\\/secure.gravatar.com\\\/avatar\\\/ae2f4d718e6c49043e314ce431e7e645d646302a24a5ef5a8bc8e3f5a032e319?s=96&d=mm&r=g\",\"url\":\"https:\\\/\\\/secure.gravatar.com\\\/avatar\\\/ae2f4d718e6c49043e314ce431e7e645d646302a24a5ef5a8bc8e3f5a032e319?s=96&d=mm&r=g\",\"contentUrl\":\"https:\\\/\\\/secure.gravatar.com\\\/avatar\\\/ae2f4d718e6c49043e314ce431e7e645d646302a24a5ef5a8bc8e3f5a032e319?s=96&d=mm&r=g\",\"caption\":\"admin\"},\"sameAs\":[\"https:\\\/\\\/www.organisator.ch\"],\"url\":\"https:\\\/\\\/www.organisator.ch\\\/fr\\\/author\\\/admin\\\/\"}]}<\/script>\n<!-- \/ Yoast SEO plugin. -->","yoast_head_json":{"title":"Restauration sur le lieu de travail : comment bien faire les choses ? - Organisateur","description":"Comment r\u00e9ussir \u00e0 se restaurer sur le lieu de travail ? Il existe de nombreuses possibilit\u00e9s, par exemple des distributeurs automatiques qui proposent \u00e9galement des produits r\u00e9gionaux.","robots":{"index":"index","follow":"follow","max-snippet":"max-snippet:-1","max-image-preview":"max-image-preview:large","max-video-preview":"max-video-preview:-1"},"canonical":"https:\/\/www.organisator.ch\/fr\/abonnement\/2023-12-04\/verpflegung-am-arbeitsplatz-wie-macht-man-alles-richtig\/","og_locale":"fr_FR","og_type":"article","og_title":"Verpflegung am Arbeitsplatz: Wie macht man alles richtig? - Organisator","og_description":"Wie gelingt die Verpflegung am Arbeitsplatz? Es gibt viele M\u00f6glichkeiten, z.B. Automaten, die auch regionale Produkte anbieten.","og_url":"https:\/\/www.organisator.ch\/fr\/abonnement\/2023-12-04\/verpflegung-am-arbeitsplatz-wie-macht-man-alles-richtig\/","og_site_name":"Organisator","article_publisher":"https:\/\/www.facebook.com\/OrganisatorFachmagazin","article_published_time":"2023-12-04T21:11:10+00:00","og_image":[{"width":1400,"height":1076,"url":"https:\/\/www.organisator.ch\/wp-content\/uploads\/2023\/11\/Sustainability_Dallmayr_Bild2_organisator_72944-scaled.jpg","type":"image\/jpeg"}],"author":"admin","twitter_card":"summary_large_image","schema":{"@context":"https:\/\/schema.org","@graph":[{"@type":"Article","@id":"https:\/\/www.organisator.ch\/abo\/2023-12-04\/verpflegung-am-arbeitsplatz-wie-macht-man-alles-richtig\/#article","isPartOf":{"@id":"https:\/\/www.organisator.ch\/abo\/2023-12-04\/verpflegung-am-arbeitsplatz-wie-macht-man-alles-richtig\/"},"author":{"name":"admin","@id":"https:\/\/www.organisator.ch\/#\/schema\/person\/aa2bace6c5c5aad60102004a50c4eb1c"},"headline":"Verpflegung am Arbeitsplatz: Wie macht man alles richtig?","datePublished":"2023-12-04T21:11:10+00:00","mainEntityOfPage":{"@id":"https:\/\/www.organisator.ch\/abo\/2023-12-04\/verpflegung-am-arbeitsplatz-wie-macht-man-alles-richtig\/"},"wordCount":1520,"publisher":{"@id":"https:\/\/www.organisator.ch\/#organization"},"image":{"@id":"https:\/\/www.organisator.ch\/abo\/2023-12-04\/verpflegung-am-arbeitsplatz-wie-macht-man-alles-richtig\/#primaryimage"},"thumbnailUrl":"https:\/\/www.organisator.ch\/wp-content\/uploads\/2023\/11\/Sustainability_Dallmayr_Bild2_organisator_72944-scaled.jpg","keywords":["Ern\u00e4hrung","HRM","Mitarbeiterverpflegung","Nachhaltige Wirtschaft"],"articleSection":["ABO+","SUSTAINABILITY"],"inLanguage":"fr-FR"},{"@type":"WebPage","@id":"https:\/\/www.organisator.ch\/abo\/2023-12-04\/verpflegung-am-arbeitsplatz-wie-macht-man-alles-richtig\/","url":"https:\/\/www.organisator.ch\/abo\/2023-12-04\/verpflegung-am-arbeitsplatz-wie-macht-man-alles-richtig\/","name":"Restauration sur le lieu de travail : comment bien faire les choses ? - Organisateur","isPartOf":{"@id":"https:\/\/www.organisator.ch\/#website"},"primaryImageOfPage":{"@id":"https:\/\/www.organisator.ch\/abo\/2023-12-04\/verpflegung-am-arbeitsplatz-wie-macht-man-alles-richtig\/#primaryimage"},"image":{"@id":"https:\/\/www.organisator.ch\/abo\/2023-12-04\/verpflegung-am-arbeitsplatz-wie-macht-man-alles-richtig\/#primaryimage"},"thumbnailUrl":"https:\/\/www.organisator.ch\/wp-content\/uploads\/2023\/11\/Sustainability_Dallmayr_Bild2_organisator_72944-scaled.jpg","datePublished":"2023-12-04T21:11:10+00:00","description":"Comment r\u00e9ussir \u00e0 se restaurer sur le lieu de travail ? Il existe de nombreuses possibilit\u00e9s, par exemple des distributeurs automatiques qui proposent \u00e9galement des produits r\u00e9gionaux.","breadcrumb":{"@id":"https:\/\/www.organisator.ch\/abo\/2023-12-04\/verpflegung-am-arbeitsplatz-wie-macht-man-alles-richtig\/#breadcrumb"},"inLanguage":"fr-FR","potentialAction":[{"@type":"ReadAction","target":["https:\/\/www.organisator.ch\/abo\/2023-12-04\/verpflegung-am-arbeitsplatz-wie-macht-man-alles-richtig\/"]}]},{"@type":"ImageObject","inLanguage":"fr-FR","@id":"https:\/\/www.organisator.ch\/abo\/2023-12-04\/verpflegung-am-arbeitsplatz-wie-macht-man-alles-richtig\/#primaryimage","url":"https:\/\/www.organisator.ch\/wp-content\/uploads\/2023\/11\/Sustainability_Dallmayr_Bild2_organisator_72944-scaled.jpg","contentUrl":"https:\/\/www.organisator.ch\/wp-content\/uploads\/2023\/11\/Sustainability_Dallmayr_Bild2_organisator_72944-scaled.jpg","width":1400,"height":1076,"caption":"Der Automat Enjoy Local ist mit regionalen Produkten gef\u00fcllt.\u00a9 Tobias Westen Photography"},{"@type":"BreadcrumbList","@id":"https:\/\/www.organisator.ch\/abo\/2023-12-04\/verpflegung-am-arbeitsplatz-wie-macht-man-alles-richtig\/#breadcrumb","itemListElement":[{"@type":"ListItem","position":1,"name":"Home","item":"https:\/\/www.organisator.ch\/"},{"@type":"ListItem","position":2,"name":"Verpflegung am Arbeitsplatz: Wie macht man alles richtig?"}]},{"@type":"WebSite","@id":"https:\/\/www.organisator.ch\/#website","url":"https:\/\/www.organisator.ch\/","name":"Organisateur","description":"Comp\u00e9tence et comp\u00e9tence. Proches de la pratique. L'ORGANISATEUR pr\u00e9pare 10 num\u00e9ros par an sur les th\u00e8mes essentiels pour les dirigeants de PME.","publisher":{"@id":"https:\/\/www.organisator.ch\/#organization"},"potentialAction":[{"@type":"SearchAction","target":{"@type":"EntryPoint","urlTemplate":"https:\/\/www.organisator.ch\/?s={search_term_string}"},"query-input":{"@type":"PropertyValueSpecification","valueRequired":true,"valueName":"search_term_string"}}],"inLanguage":"fr-FR"},{"@type":"Organization","@id":"https:\/\/www.organisator.ch\/#organization","name":"Organisateur","url":"https:\/\/www.organisator.ch\/","logo":{"@type":"ImageObject","inLanguage":"fr-FR","@id":"https:\/\/www.organisator.ch\/#\/schema\/logo\/image\/","url":"https:\/\/www.organisator.ch\/wp-content\/uploads\/2022\/01\/Logo_Organisator_Website.png","contentUrl":"https:\/\/www.organisator.ch\/wp-content\/uploads\/2022\/01\/Logo_Organisator_Website.png","width":800,"height":77,"caption":"Organisator"},"image":{"@id":"https:\/\/www.organisator.ch\/#\/schema\/logo\/image\/"},"sameAs":["https:\/\/www.facebook.com\/OrganisatorFachmagazin","https:\/\/www.linkedin.com\/showcase\/organisator-das-magazin-fr-kmu","https:\/\/www.xing.com\/news\/pages\/organisator-ch-695","https:\/\/www.youtube.com\/channel\/UCGP2Sq0iWaZwT3BdIAQFYpw"]},{"@type":"Person","@id":"https:\/\/www.organisator.ch\/#\/schema\/person\/aa2bace6c5c5aad60102004a50c4eb1c","name":"admin","image":{"@type":"ImageObject","inLanguage":"fr-FR","@id":"https:\/\/secure.gravatar.com\/avatar\/ae2f4d718e6c49043e314ce431e7e645d646302a24a5ef5a8bc8e3f5a032e319?s=96&d=mm&r=g","url":"https:\/\/secure.gravatar.com\/avatar\/ae2f4d718e6c49043e314ce431e7e645d646302a24a5ef5a8bc8e3f5a032e319?s=96&d=mm&r=g","contentUrl":"https:\/\/secure.gravatar.com\/avatar\/ae2f4d718e6c49043e314ce431e7e645d646302a24a5ef5a8bc8e3f5a032e319?s=96&d=mm&r=g","caption":"admin"},"sameAs":["https:\/\/www.organisator.ch"],"url":"https:\/\/www.organisator.ch\/fr\/author\/admin\/"}]}},"_links":{"self":[{"href":"https:\/\/www.organisator.ch\/fr\/wp-json\/wp\/v2\/posts\/23493","targetHints":{"allow":["GET"]}}],"collection":[{"href":"https:\/\/www.organisator.ch\/fr\/wp-json\/wp\/v2\/posts"}],"about":[{"href":"https:\/\/www.organisator.ch\/fr\/wp-json\/wp\/v2\/types\/post"}],"author":[{"embeddable":true,"href":"https:\/\/www.organisator.ch\/fr\/wp-json\/wp\/v2\/users\/1"}],"replies":[{"embeddable":true,"href":"https:\/\/www.organisator.ch\/fr\/wp-json\/wp\/v2\/comments?post=23493"}],"version-history":[{"count":2,"href":"https:\/\/www.organisator.ch\/fr\/wp-json\/wp\/v2\/posts\/23493\/revisions"}],"predecessor-version":[{"id":23570,"href":"https:\/\/www.organisator.ch\/fr\/wp-json\/wp\/v2\/posts\/23493\/revisions\/23570"}],"wp:featuredmedia":[{"embeddable":true,"href":"https:\/\/www.organisator.ch\/fr\/wp-json\/wp\/v2\/media\/23490"}],"wp:attachment":[{"href":"https:\/\/www.organisator.ch\/fr\/wp-json\/wp\/v2\/media?parent=23493"}],"wp:term":[{"taxonomy":"category","embeddable":true,"href":"https:\/\/www.organisator.ch\/fr\/wp-json\/wp\/v2\/categories?post=23493"},{"taxonomy":"post_tag","embeddable":true,"href":"https:\/\/www.organisator.ch\/fr\/wp-json\/wp\/v2\/tags?post=23493"}],"curies":[{"name":"wp","href":"https:\/\/api.w.org\/{rel}","templated":true}]}}