{"id":235,"date":"2016-04-07T09:14:32","date_gmt":"2016-04-07T07:14:32","guid":{"rendered":"http:\/\/dev.organisator.ch\/?p=235"},"modified":"2016-04-07T09:14:32","modified_gmt":"2016-04-07T07:14:32","slug":"ab-40-gilt-eigene-marktfaehigkeit-erhalten","status":"publish","type":"post","link":"https:\/\/www.organisator.ch\/fr\/human-resources\/hrm\/2016-04-07\/ab-40-gilt-eigene-marktfaehigkeit-erhalten\/","title":{"rendered":"A partir de 40 ans, il s'agit de pr\u00e9server sa propre capacit\u00e9 de commercialisation !"},"content":{"rendered":"<figure id=\"attachment_236\" aria-describedby=\"caption-attachment-236\" style=\"width: 615px\" class=\"wp-caption alignnone\"><img loading=\"lazy\" decoding=\"async\" class=\"size-full wp-image-236\" src=\"https:\/\/www.organisator.ch\/wp-content\/uploads\/2016\/12\/Ab-40-gilt-Eigene-Marktfaehigkeit-erhalten-organisator.jpg\" alt=\"\" width=\"615\" height=\"480\" srcset=\"https:\/\/www.organisator.ch\/wp-content\/uploads\/2016\/12\/Ab-40-gilt-Eigene-Marktfaehigkeit-erhalten-organisator.jpg 615w, https:\/\/www.organisator.ch\/wp-content\/uploads\/2016\/12\/Ab-40-gilt-Eigene-Marktfaehigkeit-erhalten-organisator-16x12.jpg 16w, https:\/\/www.organisator.ch\/wp-content\/uploads\/2016\/12\/Ab-40-gilt-Eigene-Marktfaehigkeit-erhalten-organisator-224x175.jpg 224w, https:\/\/www.organisator.ch\/wp-content\/uploads\/2016\/12\/Ab-40-gilt-Eigene-Marktfaehigkeit-erhalten-organisator-448x350.jpg 448w, https:\/\/www.organisator.ch\/wp-content\/uploads\/2016\/12\/Ab-40-gilt-Eigene-Marktfaehigkeit-erhalten-organisator-300x234.jpg 300w\" sizes=\"auto, (max-width: 615px) 100vw, 615px\" \/><figcaption id=\"caption-attachment-236\" class=\"wp-caption-text\">M\u00eame en vieillissant, les travailleurs doivent activement entretenir et maintenir leur \"aptitude personnelle au march\u00e9\". (Image : Fotolia.com)<\/figcaption><\/figure>\n<p>Il est incontestable que cette \u00e9volution inqui\u00e9tante doit \u00eatre stopp\u00e9e. Les institutions politiques et les associations de d\u00e9fense des int\u00e9r\u00eats de la g\u00e9n\u00e9ration 50Plus ont r\u00e9cemment tent\u00e9 \u00e0 plusieurs reprises, par le biais de campagnes et d'interventions politiques, d'inciter les entreprises \u00e0 embaucher davantage de collaborateurs \u00e2g\u00e9s ou \u00e0 renoncer \u00e0 licencier de tels travailleurs. Cette d\u00e9marche fait toutefois porter unilat\u00e9ralement la responsabilit\u00e9 sur les employeurs. Or, en cette p\u00e9riode \u00e9conomiquement tr\u00e8s difficile, ces derniers ne sont pas pr\u00eats \u00e0 assumer seuls les co\u00fbts de cet engagement social.<\/p>\n<p>IdeeTransfer GmbH et l'Association 50plus Suisse s'engagent dans une nouvelle voie : le mardi 22 mars 2016, \u00e0 l'occasion de l'ouverture du bureau d'IdeeTransfer pour la r\u00e9gion Berne-Thoune, ils ont pr\u00e9sent\u00e9 leur offre de services \u00e9labor\u00e9e en commun sous le label MarktF\u00e4higkeit40Plus. Au lieu d'en appeler \u00e0 la responsabilit\u00e9 sociale, MarktF\u00e4higkeit40Plus veut rendre l'embauche de collaborateurs exp\u00e9riment\u00e9s \u00e0 nouveau attractive et \u00e9conomiquement lucrative pour les entreprises en pr\u00e9servant \"l'employabilit\u00e9 personnelle\" des travailleurs de 40 ans et plus et en am\u00e9liorant simultan\u00e9ment les structures et les processus du c\u00f4t\u00e9 des employeurs.<\/p>\n<p><strong>Formation adaptable \u00e0 la situation personnelle de d\u00e9part<\/strong><\/p>\n<p>Ainsi, le portefeuille de services pr\u00e9sent\u00e9 s'articule autour de deux axes : Du c\u00f4t\u00e9 des particuliers, la formation certifiante MarktF\u00e4higkeit40Plus a pour objectif de permettre aux salari\u00e9s de continuer \u00e0 entretenir et \u00e0 maintenir activement leur \"aptitude personnelle au march\u00e9\", m\u00eame avec l'\u00e2ge. Les enqu\u00eates statistiques montrent en effet qu'en Suisse, les investissements dans la formation continue diminuent nettement \u00e0 partir de 40 ans - ce qui se retourne contre eux quelques ann\u00e9es plus tard et se refl\u00e8te dans les chiffres du ch\u00f4mage des plus de 50 ans.<\/p>\n<p>La formation certifiante, sp\u00e9cialement con\u00e7ue pour les besoins des travailleurs exp\u00e9riment\u00e9s, r\u00e9pond sp\u00e9cifiquement \u00e0 la situation de d\u00e9part de cette g\u00e9n\u00e9ration. En outre, la formation est con\u00e7ue de mani\u00e8re \u00e0 pouvoir \u00eatre adapt\u00e9e individuellement \u00e0 la situation de d\u00e9part de chacun ; gr\u00e2ce \u00e0 la structure modulaire de la formation, il est \u00e9galement possible de ne suivre que certains modules, ce qui permet d'individualiser encore davantage la formation continue.<\/p>\n<p>L'offre de MarktF\u00e4higkeit40Plus s'adresse donc \u00e0 tous les particuliers \u00e0 partir de 40 ans, qu'il s'agisse de salari\u00e9s souhaitant pr\u00e9venir d'\u00e9ventuelles d\u00e9cisions n\u00e9gatives en mati\u00e8re de personnel, de demandeurs d'emploi ou de personnes souhaitant se r\u00e9ins\u00e9rer professionnellement.<\/p>\n<p><strong>Aussi pour les entreprises<\/strong><\/p>\n<p>Pour les entreprises, MarktF\u00e4higkeit40Plus propose un large \u00e9ventail de prestations de soutien. Celles-ci doivent permettre aux entrepreneurs et aux directeurs, mais aussi aux responsables du personnel et de la formation continue, d'utiliser mieux et plus efficacement l'exp\u00e9rience et le savoir-faire des collaborateurs plus \u00e2g\u00e9s gr\u00e2ce \u00e0 des mesures cibl\u00e9es.<\/p>\n<p>Les accompagnateurs de processus comp\u00e9tents disposent tous d'une longue exp\u00e9rience pratique dans le domaine de la direction et du management et savent parfaitement g\u00e9n\u00e9rer, gr\u00e2ce \u00e0 leur savoir-faire, un b\u00e9n\u00e9fice durable pour les entreprises soutenues. Qu'il s'agisse de mieux former les comp\u00e9tences d\u00e9cisives des collaborateurs gr\u00e2ce \u00e0 un d\u00e9veloppement cibl\u00e9 du personnel ou qu'une entreprise souhaite optimiser les structures et les processus afin de pouvoir utiliser durablement le potentiel de la g\u00e9n\u00e9ration exp\u00e9riment\u00e9e, tout est pr\u00e9vu. M\u00eame en cas de r\u00e9duction de personnel, MarktF\u00e4higkeit40Plus est \u00e0 vos c\u00f4t\u00e9s dans le domaine de l'out\/newplacement.<\/p>\n<p><em>Les services de MarktF\u00e4higkeit40Plus sont fournis par la <a href=\"http:\/\/ideetransfer.ch\" target=\"_blank\" data-cke-saved-href=\"http:\/\/ideetransfer.ch\" rel=\"noopener\">IdeeTransfer GmbH<\/a> et le <a href=\"http:\/\/50plusschweiz.ch\" target=\"_blank\" data-cke-saved-href=\"http:\/\/50plusschweiz.ch\" rel=\"noopener\">Association 50plus Suisse<\/a> propos\u00e9s conjointement. <\/em><em>Des informations sont \u00e9galement disponibles sur le site <a href=\"http:\/\/marktfaehigkeit40plus.ch\" target=\"_blank\" data-cke-saved-href=\"http:\/\/marktfaehigkeit40plus.ch\" rel=\"noopener\">http:\/\/marktfaehigkeit40plus.ch<\/a>.<\/em><\/p>","protected":false},"excerpt":{"rendered":"<p>Dass diese besorgniserregende Entwicklung gestoppt werden muss, ist unbestritten. Die politischen Institutionen und die Interessensverb\u00e4nde der Generation 50Plus haben zuletzt wiederholt mittels Kampagnen und politischen Vorst\u00f6ssen versucht, die Unternehmen dazu zu bewegen, mehr \u00e4ltere Mitarbeitende einzustellen bzw. auf Entlassungen solcher Arbeitnehmer zu verzichten. Mit diesem Vorgehen wird die Verantwortung allerdings einseitig auf die Arbeitgeber-Seite abgeschoben. [&hellip;]<\/p>\n","protected":false},"author":1,"featured_media":236,"comment_status":"open","ping_status":"open","sticky":false,"template":"","format":"standard","meta":{"_acf_changed":false,"_yoast_wpseo_focuskw":"Marktf\u00e4higkeit","_yoast_wpseo_metadesc":"Die Arbeitslosenquote von Personen ab dem 50. Altersjahr ist in den vergangenen Jahren dramatisch angestiegen.","articlekey":"","footnotes":""},"categories":[26],"tags":[62,254,275,496,503,504],"class_list":["post-235","post","type-post","status-publish","format-standard","has-post-thumbnail","hentry","category-hrm","tag-aus-weiterbildung","tag-hrm","tag-institutionen","tag-unternehmensfuehrung","tag-verbaende","tag-vereine"],"acf":[],"yoast_head":"<!-- This site is optimized with the Yoast SEO plugin v27.5 - https:\/\/yoast.com\/product\/yoast-seo-wordpress\/ -->\n<title>Ab 40 gilt: Eigene Marktf\u00e4higkeit erhalten! - Organisator<\/title>\n<meta name=\"description\" content=\"Die Arbeitslosenquote von Personen ab dem 50. Altersjahr ist in den vergangenen Jahren dramatisch angestiegen.\" \/>\n<meta name=\"robots\" content=\"index, follow, max-snippet:-1, max-image-preview:large, max-video-preview:-1\" \/>\n<link rel=\"canonical\" href=\"https:\/\/www.organisator.ch\/fr\/ressources-humaines\/hrm\/2016-04-07\/ab-40-gilt-eigene-marktfaehigkeit-erhalten\/\" \/>\n<meta property=\"og:locale\" content=\"fr_FR\" \/>\n<meta property=\"og:type\" content=\"article\" \/>\n<meta property=\"og:title\" content=\"Ab 40 gilt: Eigene Marktf\u00e4higkeit erhalten!\" \/>\n<meta property=\"og:description\" content=\"Die Arbeitslosenquote von Personen ab dem 50. Altersjahr ist in den vergangenen Jahren dramatisch angestiegen \u2013 die Erhebungen des Bundesamtes f\u00fcr Statistik zeigen, dass der Anteil dieser Altersgruppe an den Arbeitslosenzahlen in den letzten 10 Jahren um einen Viertel angestiegen ist. Machten die \u00fcber 50-j\u00e4hrigen im Jahr 2005 noch 20 % der Arbeitslosen aus, waren dies per Ende 2014 bereits 25 %!\" \/>\n<meta property=\"og:url\" content=\"https:\/\/www.organisator.ch\/fr\/ressources-humaines\/hrm\/2016-04-07\/ab-40-gilt-eigene-marktfaehigkeit-erhalten\/\" \/>\n<meta property=\"og:site_name\" content=\"Organisator\" \/>\n<meta property=\"article:publisher\" content=\"https:\/\/www.facebook.com\/OrganisatorFachmagazin\" \/>\n<meta property=\"article:published_time\" content=\"2016-04-07T07:14:32+00:00\" \/>\n<meta name=\"author\" content=\"admin\" \/>\n<meta name=\"twitter:card\" content=\"summary_large_image\" \/>\n<meta name=\"twitter:image\" content=\"https:\/\/www.organisator.ch\/wp-content\/uploads\/2016\/12\/Ab-40-gilt-Eigene-Marktfaehigkeit-erhalten-organisator.jpg\" \/>\n<script type=\"application\/ld+json\" class=\"yoast-schema-graph\">{\"@context\":\"https:\\\/\\\/schema.org\",\"@graph\":[{\"@type\":\"Article\",\"@id\":\"https:\\\/\\\/www.organisator.ch\\\/human-resources\\\/hrm\\\/2016-04-07\\\/ab-40-gilt-eigene-marktfaehigkeit-erhalten\\\/#article\",\"isPartOf\":{\"@id\":\"https:\\\/\\\/www.organisator.ch\\\/human-resources\\\/hrm\\\/2016-04-07\\\/ab-40-gilt-eigene-marktfaehigkeit-erhalten\\\/\"},\"author\":{\"name\":\"admin\",\"@id\":\"https:\\\/\\\/www.organisator.ch\\\/#\\\/schema\\\/person\\\/aa2bace6c5c5aad60102004a50c4eb1c\"},\"headline\":\"Ab 40 gilt: Eigene Marktf\u00e4higkeit erhalten!\",\"datePublished\":\"2016-04-07T07:14:32+00:00\",\"mainEntityOfPage\":{\"@id\":\"https:\\\/\\\/www.organisator.ch\\\/human-resources\\\/hrm\\\/2016-04-07\\\/ab-40-gilt-eigene-marktfaehigkeit-erhalten\\\/\"},\"wordCount\":543,\"commentCount\":0,\"publisher\":{\"@id\":\"https:\\\/\\\/www.organisator.ch\\\/#organization\"},\"image\":{\"@id\":\"https:\\\/\\\/www.organisator.ch\\\/human-resources\\\/hrm\\\/2016-04-07\\\/ab-40-gilt-eigene-marktfaehigkeit-erhalten\\\/#primaryimage\"},\"thumbnailUrl\":\"https:\\\/\\\/www.organisator.ch\\\/wp-content\\\/uploads\\\/2016\\\/12\\\/Ab-40-gilt-Eigene-Marktfaehigkeit-erhalten-organisator.jpg\",\"keywords\":[\"Aus-\\\/Weiterbildung\",\"HRM\",\"Institutionen\",\"Unternehmensf\u00fchrung\",\"Verb\u00e4nde\",\"Vereine\"],\"articleSection\":[\"HRM\"],\"inLanguage\":\"fr-FR\"},{\"@type\":\"WebPage\",\"@id\":\"https:\\\/\\\/www.organisator.ch\\\/human-resources\\\/hrm\\\/2016-04-07\\\/ab-40-gilt-eigene-marktfaehigkeit-erhalten\\\/\",\"url\":\"https:\\\/\\\/www.organisator.ch\\\/human-resources\\\/hrm\\\/2016-04-07\\\/ab-40-gilt-eigene-marktfaehigkeit-erhalten\\\/\",\"name\":\"Ab 40 gilt: Eigene Marktf\u00e4higkeit erhalten! - Organisator\",\"isPartOf\":{\"@id\":\"https:\\\/\\\/www.organisator.ch\\\/#website\"},\"primaryImageOfPage\":{\"@id\":\"https:\\\/\\\/www.organisator.ch\\\/human-resources\\\/hrm\\\/2016-04-07\\\/ab-40-gilt-eigene-marktfaehigkeit-erhalten\\\/#primaryimage\"},\"image\":{\"@id\":\"https:\\\/\\\/www.organisator.ch\\\/human-resources\\\/hrm\\\/2016-04-07\\\/ab-40-gilt-eigene-marktfaehigkeit-erhalten\\\/#primaryimage\"},\"thumbnailUrl\":\"https:\\\/\\\/www.organisator.ch\\\/wp-content\\\/uploads\\\/2016\\\/12\\\/Ab-40-gilt-Eigene-Marktfaehigkeit-erhalten-organisator.jpg\",\"datePublished\":\"2016-04-07T07:14:32+00:00\",\"description\":\"Die Arbeitslosenquote von Personen ab dem 50. Altersjahr ist in den vergangenen Jahren dramatisch angestiegen.\",\"breadcrumb\":{\"@id\":\"https:\\\/\\\/www.organisator.ch\\\/human-resources\\\/hrm\\\/2016-04-07\\\/ab-40-gilt-eigene-marktfaehigkeit-erhalten\\\/#breadcrumb\"},\"inLanguage\":\"fr-FR\",\"potentialAction\":[{\"@type\":\"ReadAction\",\"target\":[\"https:\\\/\\\/www.organisator.ch\\\/human-resources\\\/hrm\\\/2016-04-07\\\/ab-40-gilt-eigene-marktfaehigkeit-erhalten\\\/\"]}]},{\"@type\":\"ImageObject\",\"inLanguage\":\"fr-FR\",\"@id\":\"https:\\\/\\\/www.organisator.ch\\\/human-resources\\\/hrm\\\/2016-04-07\\\/ab-40-gilt-eigene-marktfaehigkeit-erhalten\\\/#primaryimage\",\"url\":\"https:\\\/\\\/www.organisator.ch\\\/wp-content\\\/uploads\\\/2016\\\/12\\\/Ab-40-gilt-Eigene-Marktfaehigkeit-erhalten-organisator.jpg\",\"contentUrl\":\"https:\\\/\\\/www.organisator.ch\\\/wp-content\\\/uploads\\\/2016\\\/12\\\/Ab-40-gilt-Eigene-Marktfaehigkeit-erhalten-organisator.jpg\",\"width\":615,\"height\":480,\"caption\":\"Arbeitnehmer m\u00fcssen auch mit zunehmendem Alter aktiv ihre \u00abPers\u00f6nliche Marktf\u00e4higkeit\u00bb pflegen und erhalten. (Bild: Fotolia.com)\"},{\"@type\":\"BreadcrumbList\",\"@id\":\"https:\\\/\\\/www.organisator.ch\\\/human-resources\\\/hrm\\\/2016-04-07\\\/ab-40-gilt-eigene-marktfaehigkeit-erhalten\\\/#breadcrumb\",\"itemListElement\":[{\"@type\":\"ListItem\",\"position\":1,\"name\":\"Home\",\"item\":\"https:\\\/\\\/www.organisator.ch\\\/\"},{\"@type\":\"ListItem\",\"position\":2,\"name\":\"Ab 40 gilt: Eigene Marktf\u00e4higkeit erhalten!\"}]},{\"@type\":\"WebSite\",\"@id\":\"https:\\\/\\\/www.organisator.ch\\\/#website\",\"url\":\"https:\\\/\\\/www.organisator.ch\\\/\",\"name\":\"Organisator\",\"description\":\"Kompetent. Praxisnah. Der ORGANISATOR bereitet in 10 Ausgaben pro Jahr die wesentlichen Themen f\u00fcr F\u00fchrungskr\u00e4fte von KMU auf.\",\"publisher\":{\"@id\":\"https:\\\/\\\/www.organisator.ch\\\/#organization\"},\"potentialAction\":[{\"@type\":\"SearchAction\",\"target\":{\"@type\":\"EntryPoint\",\"urlTemplate\":\"https:\\\/\\\/www.organisator.ch\\\/?s={search_term_string}\"},\"query-input\":{\"@type\":\"PropertyValueSpecification\",\"valueRequired\":true,\"valueName\":\"search_term_string\"}}],\"inLanguage\":\"fr-FR\"},{\"@type\":\"Organization\",\"@id\":\"https:\\\/\\\/www.organisator.ch\\\/#organization\",\"name\":\"Organisator\",\"url\":\"https:\\\/\\\/www.organisator.ch\\\/\",\"logo\":{\"@type\":\"ImageObject\",\"inLanguage\":\"fr-FR\",\"@id\":\"https:\\\/\\\/www.organisator.ch\\\/#\\\/schema\\\/logo\\\/image\\\/\",\"url\":\"https:\\\/\\\/www.organisator.ch\\\/wp-content\\\/uploads\\\/2022\\\/01\\\/Logo_Organisator_Website.png\",\"contentUrl\":\"https:\\\/\\\/www.organisator.ch\\\/wp-content\\\/uploads\\\/2022\\\/01\\\/Logo_Organisator_Website.png\",\"width\":800,\"height\":77,\"caption\":\"Organisator\"},\"image\":{\"@id\":\"https:\\\/\\\/www.organisator.ch\\\/#\\\/schema\\\/logo\\\/image\\\/\"},\"sameAs\":[\"https:\\\/\\\/www.facebook.com\\\/OrganisatorFachmagazin\",\"https:\\\/\\\/www.linkedin.com\\\/showcase\\\/organisator-das-magazin-fr-kmu\",\"https:\\\/\\\/www.xing.com\\\/news\\\/pages\\\/organisator-ch-695\",\"https:\\\/\\\/www.youtube.com\\\/channel\\\/UCGP2Sq0iWaZwT3BdIAQFYpw\"]},{\"@type\":\"Person\",\"@id\":\"https:\\\/\\\/www.organisator.ch\\\/#\\\/schema\\\/person\\\/aa2bace6c5c5aad60102004a50c4eb1c\",\"name\":\"admin\",\"image\":{\"@type\":\"ImageObject\",\"inLanguage\":\"fr-FR\",\"@id\":\"https:\\\/\\\/secure.gravatar.com\\\/avatar\\\/ae2f4d718e6c49043e314ce431e7e645d646302a24a5ef5a8bc8e3f5a032e319?s=96&d=mm&r=g\",\"url\":\"https:\\\/\\\/secure.gravatar.com\\\/avatar\\\/ae2f4d718e6c49043e314ce431e7e645d646302a24a5ef5a8bc8e3f5a032e319?s=96&d=mm&r=g\",\"contentUrl\":\"https:\\\/\\\/secure.gravatar.com\\\/avatar\\\/ae2f4d718e6c49043e314ce431e7e645d646302a24a5ef5a8bc8e3f5a032e319?s=96&d=mm&r=g\",\"caption\":\"admin\"},\"sameAs\":[\"https:\\\/\\\/www.organisator.ch\"],\"url\":\"https:\\\/\\\/www.organisator.ch\\\/fr\\\/author\\\/admin\\\/\"}]}<\/script>\n<!-- \/ Yoast SEO plugin. -->","yoast_head_json":{"title":"A partir de 40 ans, il s'agit de maintenir sa propre capacit\u00e9 de march\u00e9 ! - Organisateur","description":"Le taux de ch\u00f4mage des personnes \u00e2g\u00e9es de 50 ans et plus a augment\u00e9 de mani\u00e8re spectaculaire ces derni\u00e8res ann\u00e9es.","robots":{"index":"index","follow":"follow","max-snippet":"max-snippet:-1","max-image-preview":"max-image-preview:large","max-video-preview":"max-video-preview:-1"},"canonical":"https:\/\/www.organisator.ch\/fr\/ressources-humaines\/hrm\/2016-04-07\/ab-40-gilt-eigene-marktfaehigkeit-erhalten\/","og_locale":"fr_FR","og_type":"article","og_title":"Ab 40 gilt: Eigene Marktf\u00e4higkeit erhalten!","og_description":"Die Arbeitslosenquote von Personen ab dem 50. Altersjahr ist in den vergangenen Jahren dramatisch angestiegen \u2013 die Erhebungen des Bundesamtes f\u00fcr Statistik zeigen, dass der Anteil dieser Altersgruppe an den Arbeitslosenzahlen in den letzten 10 Jahren um einen Viertel angestiegen ist. Machten die \u00fcber 50-j\u00e4hrigen im Jahr 2005 noch 20 % der Arbeitslosen aus, waren dies per Ende 2014 bereits 25 %!","og_url":"https:\/\/www.organisator.ch\/fr\/ressources-humaines\/hrm\/2016-04-07\/ab-40-gilt-eigene-marktfaehigkeit-erhalten\/","og_site_name":"Organisator","article_publisher":"https:\/\/www.facebook.com\/OrganisatorFachmagazin","article_published_time":"2016-04-07T07:14:32+00:00","author":"admin","twitter_card":"summary_large_image","twitter_image":"https:\/\/www.organisator.ch\/wp-content\/uploads\/2016\/12\/Ab-40-gilt-Eigene-Marktfaehigkeit-erhalten-organisator.jpg","schema":{"@context":"https:\/\/schema.org","@graph":[{"@type":"Article","@id":"https:\/\/www.organisator.ch\/human-resources\/hrm\/2016-04-07\/ab-40-gilt-eigene-marktfaehigkeit-erhalten\/#article","isPartOf":{"@id":"https:\/\/www.organisator.ch\/human-resources\/hrm\/2016-04-07\/ab-40-gilt-eigene-marktfaehigkeit-erhalten\/"},"author":{"name":"admin","@id":"https:\/\/www.organisator.ch\/#\/schema\/person\/aa2bace6c5c5aad60102004a50c4eb1c"},"headline":"Ab 40 gilt: Eigene Marktf\u00e4higkeit erhalten!","datePublished":"2016-04-07T07:14:32+00:00","mainEntityOfPage":{"@id":"https:\/\/www.organisator.ch\/human-resources\/hrm\/2016-04-07\/ab-40-gilt-eigene-marktfaehigkeit-erhalten\/"},"wordCount":543,"commentCount":0,"publisher":{"@id":"https:\/\/www.organisator.ch\/#organization"},"image":{"@id":"https:\/\/www.organisator.ch\/human-resources\/hrm\/2016-04-07\/ab-40-gilt-eigene-marktfaehigkeit-erhalten\/#primaryimage"},"thumbnailUrl":"https:\/\/www.organisator.ch\/wp-content\/uploads\/2016\/12\/Ab-40-gilt-Eigene-Marktfaehigkeit-erhalten-organisator.jpg","keywords":["Aus-\/Weiterbildung","HRM","Institutionen","Unternehmensf\u00fchrung","Verb\u00e4nde","Vereine"],"articleSection":["HRM"],"inLanguage":"fr-FR"},{"@type":"WebPage","@id":"https:\/\/www.organisator.ch\/human-resources\/hrm\/2016-04-07\/ab-40-gilt-eigene-marktfaehigkeit-erhalten\/","url":"https:\/\/www.organisator.ch\/human-resources\/hrm\/2016-04-07\/ab-40-gilt-eigene-marktfaehigkeit-erhalten\/","name":"A partir de 40 ans, il s'agit de maintenir sa propre capacit\u00e9 de march\u00e9 ! - Organisateur","isPartOf":{"@id":"https:\/\/www.organisator.ch\/#website"},"primaryImageOfPage":{"@id":"https:\/\/www.organisator.ch\/human-resources\/hrm\/2016-04-07\/ab-40-gilt-eigene-marktfaehigkeit-erhalten\/#primaryimage"},"image":{"@id":"https:\/\/www.organisator.ch\/human-resources\/hrm\/2016-04-07\/ab-40-gilt-eigene-marktfaehigkeit-erhalten\/#primaryimage"},"thumbnailUrl":"https:\/\/www.organisator.ch\/wp-content\/uploads\/2016\/12\/Ab-40-gilt-Eigene-Marktfaehigkeit-erhalten-organisator.jpg","datePublished":"2016-04-07T07:14:32+00:00","description":"Le taux de ch\u00f4mage des personnes \u00e2g\u00e9es de 50 ans et plus a augment\u00e9 de mani\u00e8re spectaculaire ces derni\u00e8res ann\u00e9es.","breadcrumb":{"@id":"https:\/\/www.organisator.ch\/human-resources\/hrm\/2016-04-07\/ab-40-gilt-eigene-marktfaehigkeit-erhalten\/#breadcrumb"},"inLanguage":"fr-FR","potentialAction":[{"@type":"ReadAction","target":["https:\/\/www.organisator.ch\/human-resources\/hrm\/2016-04-07\/ab-40-gilt-eigene-marktfaehigkeit-erhalten\/"]}]},{"@type":"ImageObject","inLanguage":"fr-FR","@id":"https:\/\/www.organisator.ch\/human-resources\/hrm\/2016-04-07\/ab-40-gilt-eigene-marktfaehigkeit-erhalten\/#primaryimage","url":"https:\/\/www.organisator.ch\/wp-content\/uploads\/2016\/12\/Ab-40-gilt-Eigene-Marktfaehigkeit-erhalten-organisator.jpg","contentUrl":"https:\/\/www.organisator.ch\/wp-content\/uploads\/2016\/12\/Ab-40-gilt-Eigene-Marktfaehigkeit-erhalten-organisator.jpg","width":615,"height":480,"caption":"Arbeitnehmer m\u00fcssen auch mit zunehmendem Alter aktiv ihre \u00abPers\u00f6nliche Marktf\u00e4higkeit\u00bb pflegen und erhalten. (Bild: Fotolia.com)"},{"@type":"BreadcrumbList","@id":"https:\/\/www.organisator.ch\/human-resources\/hrm\/2016-04-07\/ab-40-gilt-eigene-marktfaehigkeit-erhalten\/#breadcrumb","itemListElement":[{"@type":"ListItem","position":1,"name":"Home","item":"https:\/\/www.organisator.ch\/"},{"@type":"ListItem","position":2,"name":"Ab 40 gilt: Eigene Marktf\u00e4higkeit erhalten!"}]},{"@type":"WebSite","@id":"https:\/\/www.organisator.ch\/#website","url":"https:\/\/www.organisator.ch\/","name":"Organisateur","description":"Comp\u00e9tence et comp\u00e9tence. Proches de la pratique. L'ORGANISATEUR pr\u00e9pare 10 num\u00e9ros par an sur les th\u00e8mes essentiels pour les dirigeants de PME.","publisher":{"@id":"https:\/\/www.organisator.ch\/#organization"},"potentialAction":[{"@type":"SearchAction","target":{"@type":"EntryPoint","urlTemplate":"https:\/\/www.organisator.ch\/?s={search_term_string}"},"query-input":{"@type":"PropertyValueSpecification","valueRequired":true,"valueName":"search_term_string"}}],"inLanguage":"fr-FR"},{"@type":"Organization","@id":"https:\/\/www.organisator.ch\/#organization","name":"Organisateur","url":"https:\/\/www.organisator.ch\/","logo":{"@type":"ImageObject","inLanguage":"fr-FR","@id":"https:\/\/www.organisator.ch\/#\/schema\/logo\/image\/","url":"https:\/\/www.organisator.ch\/wp-content\/uploads\/2022\/01\/Logo_Organisator_Website.png","contentUrl":"https:\/\/www.organisator.ch\/wp-content\/uploads\/2022\/01\/Logo_Organisator_Website.png","width":800,"height":77,"caption":"Organisator"},"image":{"@id":"https:\/\/www.organisator.ch\/#\/schema\/logo\/image\/"},"sameAs":["https:\/\/www.facebook.com\/OrganisatorFachmagazin","https:\/\/www.linkedin.com\/showcase\/organisator-das-magazin-fr-kmu","https:\/\/www.xing.com\/news\/pages\/organisator-ch-695","https:\/\/www.youtube.com\/channel\/UCGP2Sq0iWaZwT3BdIAQFYpw"]},{"@type":"Person","@id":"https:\/\/www.organisator.ch\/#\/schema\/person\/aa2bace6c5c5aad60102004a50c4eb1c","name":"admin","image":{"@type":"ImageObject","inLanguage":"fr-FR","@id":"https:\/\/secure.gravatar.com\/avatar\/ae2f4d718e6c49043e314ce431e7e645d646302a24a5ef5a8bc8e3f5a032e319?s=96&d=mm&r=g","url":"https:\/\/secure.gravatar.com\/avatar\/ae2f4d718e6c49043e314ce431e7e645d646302a24a5ef5a8bc8e3f5a032e319?s=96&d=mm&r=g","contentUrl":"https:\/\/secure.gravatar.com\/avatar\/ae2f4d718e6c49043e314ce431e7e645d646302a24a5ef5a8bc8e3f5a032e319?s=96&d=mm&r=g","caption":"admin"},"sameAs":["https:\/\/www.organisator.ch"],"url":"https:\/\/www.organisator.ch\/fr\/author\/admin\/"}]}},"_links":{"self":[{"href":"https:\/\/www.organisator.ch\/fr\/wp-json\/wp\/v2\/posts\/235","targetHints":{"allow":["GET"]}}],"collection":[{"href":"https:\/\/www.organisator.ch\/fr\/wp-json\/wp\/v2\/posts"}],"about":[{"href":"https:\/\/www.organisator.ch\/fr\/wp-json\/wp\/v2\/types\/post"}],"author":[{"embeddable":true,"href":"https:\/\/www.organisator.ch\/fr\/wp-json\/wp\/v2\/users\/1"}],"replies":[{"embeddable":true,"href":"https:\/\/www.organisator.ch\/fr\/wp-json\/wp\/v2\/comments?post=235"}],"version-history":[{"count":0,"href":"https:\/\/www.organisator.ch\/fr\/wp-json\/wp\/v2\/posts\/235\/revisions"}],"wp:featuredmedia":[{"embeddable":true,"href":"https:\/\/www.organisator.ch\/fr\/wp-json\/wp\/v2\/media\/236"}],"wp:attachment":[{"href":"https:\/\/www.organisator.ch\/fr\/wp-json\/wp\/v2\/media?parent=235"}],"wp:term":[{"taxonomy":"category","embeddable":true,"href":"https:\/\/www.organisator.ch\/fr\/wp-json\/wp\/v2\/categories?post=235"},{"taxonomy":"post_tag","embeddable":true,"href":"https:\/\/www.organisator.ch\/fr\/wp-json\/wp\/v2\/tags?post=235"}],"curies":[{"name":"wp","href":"https:\/\/api.w.org\/{rel}","templated":true}]}}