{"id":2357,"date":"2017-08-25T08:48:40","date_gmt":"2017-08-25T06:48:40","guid":{"rendered":"https:\/\/www.organisator.ch\/?p=2357"},"modified":"2017-08-25T08:48:40","modified_gmt":"2017-08-25T06:48:40","slug":"swiss-arbeitgeber-award-2017-das-sind-die-besten-arbeitgeber-der-schweiz","status":"publish","type":"post","link":"https:\/\/www.organisator.ch\/fr\/human-resources\/hrm\/2017-08-25\/swiss-arbeitgeber-award-2017-das-sind-die-besten-arbeitgeber-der-schweiz\/","title":{"rendered":"Swiss Arbeitgeber Award 2017 : voici les meilleurs employeurs de Suisse"},"content":{"rendered":"<figure id=\"attachment_2358\" aria-describedby=\"caption-attachment-2358\" style=\"width: 640px\" class=\"wp-caption alignnone\"><img loading=\"lazy\" decoding=\"async\" class=\"size-full wp-image-2358\" src=\"https:\/\/www.organisator.ch\/wp-content\/uploads\/2017\/08\/Swiss-Arbeitgeber-Award-Das-sind-die-besten-Arbeitgeber-der-Schweiz-2017_Organisator.jpg\" alt=\"\" width=\"640\" height=\"427\" srcset=\"https:\/\/www.organisator.ch\/wp-content\/uploads\/2017\/08\/Swiss-Arbeitgeber-Award-Das-sind-die-besten-Arbeitgeber-der-Schweiz-2017_Organisator.jpg 640w, https:\/\/www.organisator.ch\/wp-content\/uploads\/2017\/08\/Swiss-Arbeitgeber-Award-Das-sind-die-besten-Arbeitgeber-der-Schweiz-2017_Organisator-16x12.jpg 16w, https:\/\/www.organisator.ch\/wp-content\/uploads\/2017\/08\/Swiss-Arbeitgeber-Award-Das-sind-die-besten-Arbeitgeber-der-Schweiz-2017_Organisator-262x175.jpg 262w, https:\/\/www.organisator.ch\/wp-content\/uploads\/2017\/08\/Swiss-Arbeitgeber-Award-Das-sind-die-besten-Arbeitgeber-der-Schweiz-2017_Organisator-525x350.jpg 525w, https:\/\/www.organisator.ch\/wp-content\/uploads\/2017\/08\/Swiss-Arbeitgeber-Award-Das-sind-die-besten-Arbeitgeber-der-Schweiz-2017_Organisator-300x200.jpg 300w\" sizes=\"auto, (max-width: 640px) 100vw, 640px\" \/><figcaption id=\"caption-attachment-2358\" class=\"wp-caption-text\">L'entreprise de commerce de construction OPO Oeschger AG de Kloten a remport\u00e9 le Swiss Arbeitgeber Award 2017 dans la cat\u00e9gorie \"Moyennes entreprises\" (Photo : Swiss Arbeitgeber Award)<\/figcaption><\/figure>\n<p>Pour la dix-septi\u00e8me fois d\u00e9j\u00e0, l'institut de sondage icommit de K\u00fcsnacht a men\u00e9 l'enqu\u00eate aupr\u00e8s des collaborateurs dans le cadre du Swiss Arbeitgeber Award. 120 entreprises de Suisse et du Liechtenstein ont particip\u00e9 \u00e0 cette vaste enqu\u00eate. Au total, 28'853 collaborateurs ont rempli le questionnaire. Cela correspond \u00e0 78% de toutes les personnes invit\u00e9es et constitue donc un nouveau record. En comparaison, le taux de participation \u00e9tait encore de 65% en 2009. Depuis lors, le taux de participation n'a cess\u00e9 d'augmenter. Cela s'explique par le fait que de plus en plus d'entreprises participantes utilisent syst\u00e9matiquement les r\u00e9sultats de l'\u00e9tude pour d\u00e9velopper leur entreprise et am\u00e9liorer l'attractivit\u00e9 de leur employeur, \u00e9crit icommit dans son dernier communiqu\u00e9 de presse. Ainsi, la confiance dans l'enqu\u00eate s'installe et les collaborateurs sont volontiers pr\u00eats \u00e0 donner des informations d\u00e9taill\u00e9es sur leur situation professionnelle lors de l'enqu\u00eate. Les collaborateurs ont \u00e9valu\u00e9 entre autres le contenu du travail, les structures et les processus, la collaboration, la gestion des changements, la direction, la gestion par les sup\u00e9rieurs, la promotion des collaborateurs et les syst\u00e8mes de r\u00e9mun\u00e9ration. Les entreprises participantes ont \u00e9t\u00e9 r\u00e9parties en quatre cat\u00e9gories de taille pour l'attribution des prix. Au total, 38 entreprises ont \u00e9t\u00e9 r\u00e9compens\u00e9es.<\/p>\n<h2>Ce qui distingue les entreprises exceptionnelles<\/h2>\n<p>Si l'on compare les trois premi\u00e8res entreprises des quatre cat\u00e9gories de taille avec les autres entreprises participantes, elles se distinguent surtout sur les quatre aspects suivants : leur gestion du changement, la promotion des collaborateurs, la r\u00e9mun\u00e9ration per\u00e7ue comme \u00e9quitable et une grande confiance dans la direction. Sur ce point, les \u00e9valuations des douze entreprises les mieux class\u00e9es sur l'\u00e9chelle des centaines utilis\u00e9e sont en moyenne de huit \u00e0 neuf points sup\u00e9rieures \u00e0 la moyenne de toutes les entreprises participantes. Les ann\u00e9es pr\u00e9c\u00e9dentes d\u00e9j\u00e0, ce sont ces dimensions qui faisaient la diff\u00e9rence entre les entreprises les plus performantes et les autres entreprises participantes. Cela n'a rien \u00e0 voir avec le fait qu'il s'agirait des m\u00eames entreprises participantes. Seul un cinqui\u00e8me environ des entreprises r\u00e9alisent des sondages annuels aupr\u00e8s des collaborateurs, soit nettement moins qu'il y a quelques ann\u00e9es. En ce qui concerne les aspects, il s'agit de crit\u00e8res li\u00e9s au pilotage de l'entreprise et \u00e0 une culture de la confiance. C'est l\u00e0 qu'une entreprise peut faire une r\u00e9elle diff\u00e9rence !<\/p>\n<h2 class=\"xmllist\">Swiss Arbeitgeber Award 2017 : les gagnants<\/h2>\n<ul>\n<li class=\"xmllist\">Cat\u00e9gorie Petites entreprises (50-99 collaborateurs) : Internat scolaire Ringlikon Schulinternat, Uitikon-Waldegg<\/li>\n<li class=\"xmllist\">Cat\u00e9gorie des moyennes entreprises (100-249 employ\u00e9s) : OPO Oeschger AG Bauhandelsfirma, Kloten<\/li>\n<li class=\"xmllist\">Cat\u00e9gorie des moyennes entreprises (250-999 collaborateurs) : Centre de r\u00e9\u00e9ducation Klinik Adelheid, Unter\u00e4geri<\/li>\n<li class=\"xmllist\">Cat\u00e9gorie Grandes entreprises (1'000+ collaborateurs) : ISS Suisse Fournisseur de Facility Services, Zurich<\/li>\n<\/ul>\n<h2>Quels sont les secteurs en t\u00eate<\/h2>\n<p>Un tiers des entreprises participantes ont \u00e9t\u00e9 r\u00e9compens\u00e9es par le Swiss Arbeitgeber Award pour leur excellente \u00e9valuation. Les entreprises r\u00e9compens\u00e9es ne se r\u00e9partissent pas de mani\u00e8re \u00e9gale dans tous les secteurs repr\u00e9sent\u00e9s. Comme l'ann\u00e9e pr\u00e9c\u00e9dente, les entreprises industrielles se trouvent en queue de peloton. Cela s'explique notamment par le fait que les emplois sont de plus en plus d\u00e9localis\u00e9s \u00e0 l'\u00e9tranger et par la force du franc suisse. Un quart des 23 entreprises industrielles ont tout de m\u00eame r\u00e9ussi \u00e0 se classer dans le top 38. Le classement est similaire dans le secteur h\u00f4telier et dans le secteur de la formation.<\/p>\n<p>En revanche, le secteur de la construction obtient \u00e0 nouveau de tr\u00e8s bons r\u00e9sultats, comme les ann\u00e9es pr\u00e9c\u00e9dentes. 60% des entreprises participantes ont obtenu une distinction. Ce r\u00e9sultat est lui aussi \u00e9loquent : lorsque la conjoncture dans le b\u00e2timent est bonne, il est plus facile de g\u00e9rer une entreprise et la confiance des collaborateurs dans l'entreprise est par cons\u00e9quent \u00e9lev\u00e9e. Les autres branches ayant obtenu des r\u00e9sultats sup\u00e9rieurs \u00e0 la moyenne sont les entreprises du secteur des services ainsi que les centres de soins et de retraite, qui ont \u00e9galement re\u00e7u de nombreuses distinctions.<\/p>\n<p>L'\u00e9tude est soutenue par l'Union patronale suisse, HR Swiss (Soci\u00e9t\u00e9 suisse pour la gestion des ressources humaines), le magazine \u00e9conomique \"Bilanz\" et l'institut icommit de K\u00fcsnacht ZH, qui r\u00e9alise et \u00e9value l'enqu\u00eate aupr\u00e8s des collaborateurs.<\/p>\n<p><em>Plus d'informations : <a href=\"http:\/\/www.swissarbeitgeberaward.ch\">http:\/\/www.swissarbeitgeberaward.ch<\/a><\/em><\/p>\n<p>&nbsp;<\/p>","protected":false},"excerpt":{"rendered":"<p>Bereits zum siebzehnten Mal hat das Befragungsinstitut icommit in K\u00fcsnacht die Mitarbeiterbefragung im Zusammenhang mit dem Swiss Arbeitgeber Award durchgef\u00fchrt. 120 Unternehmen in der Schweiz und in Liechtenstein haben an der umfassenden Befragung teilgenommen. Insgesamt haben 28&#8217;853 Mitarbeitenden Personen den Fragebogen ausgef\u00fcllt. Dies entspricht 78% aller eingeladenen Personen und ist damit ein neuer Rekordwert. Im [&hellip;]<\/p>\n","protected":false},"author":4,"featured_media":2358,"comment_status":"open","ping_status":"open","sticky":false,"template":"","format":"standard","meta":{"_acf_changed":false,"_yoast_wpseo_focuskw":"Swiss Arbeitgeber Award 2017","_yoast_wpseo_metadesc":"Am 24. August wurde in Z\u00fcrich zum 17. Mal der Swiss Arbeitgeber Award verliehen. Die Basis bildet eine Befragung von 28'853 Personen aus 120 Unternehmen.","articlekey":"","footnotes":""},"categories":[26],"tags":[66,254,496],"class_list":["post-2357","post","type-post","status-publish","format-standard","has-post-thumbnail","hentry","category-hrm","tag-awards","tag-hrm","tag-unternehmensfuehrung"],"acf":[],"yoast_head":"<!-- This site is optimized with the Yoast SEO plugin v27.4 - https:\/\/yoast.com\/product\/yoast-seo-wordpress\/ -->\n<title>Swiss Arbeitgeber Award 2017: Das sind die besten Arbeitgeber der Schweiz - Organisator<\/title>\n<meta name=\"description\" content=\"Am 24. August wurde in Z\u00fcrich zum 17. Mal der Swiss Arbeitgeber Award verliehen. Die Basis bildet eine Befragung von 28&#039;853 Personen aus 120 Unternehmen.\" \/>\n<meta name=\"robots\" content=\"index, follow, max-snippet:-1, max-image-preview:large, max-video-preview:-1\" \/>\n<link rel=\"canonical\" href=\"https:\/\/www.organisator.ch\/fr\/ressources-humaines\/hrm\/2017-08-25\/swiss-arbeitgeber-award-2017-das-sind-die-besten-arbeitgeber-der-schweiz\/\" \/>\n<meta property=\"og:locale\" content=\"fr_FR\" \/>\n<meta property=\"og:type\" content=\"article\" \/>\n<meta property=\"og:title\" content=\"Swiss Arbeitgeber Award 2017: Das sind die besten Arbeitgeber der Schweiz\" \/>\n<meta property=\"og:description\" content=\"Am 24. August wurde in Z\u00fcrich zum 17. Mal der Swiss Arbeitgeber Award (#Swissarbeitgeberaward) verliehen. Insgesamt wurden in der gr\u00f6ssten Studie der Schweiz 28&#039;853 Personen aus 120 Unternehmen in der Schweiz und Liechtenstein befragt.\" \/>\n<meta property=\"og:url\" content=\"https:\/\/www.organisator.ch\/fr\/ressources-humaines\/hrm\/2017-08-25\/swiss-arbeitgeber-award-2017-das-sind-die-besten-arbeitgeber-der-schweiz\/\" \/>\n<meta property=\"og:site_name\" content=\"Organisator\" \/>\n<meta property=\"article:publisher\" content=\"https:\/\/www.facebook.com\/OrganisatorFachmagazin\" \/>\n<meta property=\"article:published_time\" content=\"2017-08-25T06:48:40+00:00\" \/>\n<meta property=\"og:image\" content=\"https:\/\/www.organisator.ch\/wp-content\/uploads\/2017\/08\/Swiss-Arbeitgeber-Award-Das-sind-die-besten-Arbeitgeber-der-Schweiz-2017_Organisator.jpg\" \/>\n\t<meta property=\"og:image:width\" content=\"640\" \/>\n\t<meta property=\"og:image:height\" content=\"427\" \/>\n\t<meta property=\"og:image:type\" content=\"image\/jpeg\" \/>\n<meta name=\"author\" content=\"thomas.berner\" \/>\n<meta name=\"twitter:card\" content=\"summary_large_image\" \/>\n<meta name=\"twitter:title\" content=\"Swiss Arbeitgeber Award 2017: Das sind die besten Arbeitgeber der Schweiz #Swissarbeitgeberaward\" \/>\n<meta name=\"twitter:description\" content=\"Am 24. August wurde in Z\u00fcrich zum 17. Mal der Swiss Arbeitgeber Award verliehen. Insgesamt wurden in der gr\u00f6ssten Studie der Schweiz 28&#039;853 Personen aus 120 Unternehmen in der Schweiz und Liechtenstein befragt.\" \/>\n<meta name=\"twitter:image\" content=\"https:\/\/www.organisator.ch\/wp-content\/uploads\/2017\/08\/Swiss-Arbeitgeber-Award-Das-sind-die-besten-Arbeitgeber-der-Schweiz-2017_Organisator.jpg\" \/>\n<script type=\"application\/ld+json\" class=\"yoast-schema-graph\">{\"@context\":\"https:\\\/\\\/schema.org\",\"@graph\":[{\"@type\":\"Article\",\"@id\":\"https:\\\/\\\/www.organisator.ch\\\/human-resources\\\/hrm\\\/2017-08-25\\\/swiss-arbeitgeber-award-2017-das-sind-die-besten-arbeitgeber-der-schweiz\\\/#article\",\"isPartOf\":{\"@id\":\"https:\\\/\\\/www.organisator.ch\\\/human-resources\\\/hrm\\\/2017-08-25\\\/swiss-arbeitgeber-award-2017-das-sind-die-besten-arbeitgeber-der-schweiz\\\/\"},\"author\":{\"name\":\"thomas.berner\",\"@id\":\"https:\\\/\\\/www.organisator.ch\\\/#\\\/schema\\\/person\\\/6f650f90b2842cd4c0cc334b4e36f67e\"},\"headline\":\"Swiss Arbeitgeber Award 2017: Das sind die besten Arbeitgeber der Schweiz\",\"datePublished\":\"2017-08-25T06:48:40+00:00\",\"mainEntityOfPage\":{\"@id\":\"https:\\\/\\\/www.organisator.ch\\\/human-resources\\\/hrm\\\/2017-08-25\\\/swiss-arbeitgeber-award-2017-das-sind-die-besten-arbeitgeber-der-schweiz\\\/\"},\"wordCount\":619,\"commentCount\":0,\"publisher\":{\"@id\":\"https:\\\/\\\/www.organisator.ch\\\/#organization\"},\"image\":{\"@id\":\"https:\\\/\\\/www.organisator.ch\\\/human-resources\\\/hrm\\\/2017-08-25\\\/swiss-arbeitgeber-award-2017-das-sind-die-besten-arbeitgeber-der-schweiz\\\/#primaryimage\"},\"thumbnailUrl\":\"https:\\\/\\\/www.organisator.ch\\\/wp-content\\\/uploads\\\/2017\\\/08\\\/Swiss-Arbeitgeber-Award-Das-sind-die-besten-Arbeitgeber-der-Schweiz-2017_Organisator.jpg\",\"keywords\":[\"Awards\",\"HRM\",\"Unternehmensf\u00fchrung\"],\"articleSection\":[\"HRM\"],\"inLanguage\":\"fr-FR\"},{\"@type\":\"WebPage\",\"@id\":\"https:\\\/\\\/www.organisator.ch\\\/human-resources\\\/hrm\\\/2017-08-25\\\/swiss-arbeitgeber-award-2017-das-sind-die-besten-arbeitgeber-der-schweiz\\\/\",\"url\":\"https:\\\/\\\/www.organisator.ch\\\/human-resources\\\/hrm\\\/2017-08-25\\\/swiss-arbeitgeber-award-2017-das-sind-die-besten-arbeitgeber-der-schweiz\\\/\",\"name\":\"Swiss Arbeitgeber Award 2017: Das sind die besten Arbeitgeber der Schweiz - Organisator\",\"isPartOf\":{\"@id\":\"https:\\\/\\\/www.organisator.ch\\\/#website\"},\"primaryImageOfPage\":{\"@id\":\"https:\\\/\\\/www.organisator.ch\\\/human-resources\\\/hrm\\\/2017-08-25\\\/swiss-arbeitgeber-award-2017-das-sind-die-besten-arbeitgeber-der-schweiz\\\/#primaryimage\"},\"image\":{\"@id\":\"https:\\\/\\\/www.organisator.ch\\\/human-resources\\\/hrm\\\/2017-08-25\\\/swiss-arbeitgeber-award-2017-das-sind-die-besten-arbeitgeber-der-schweiz\\\/#primaryimage\"},\"thumbnailUrl\":\"https:\\\/\\\/www.organisator.ch\\\/wp-content\\\/uploads\\\/2017\\\/08\\\/Swiss-Arbeitgeber-Award-Das-sind-die-besten-Arbeitgeber-der-Schweiz-2017_Organisator.jpg\",\"datePublished\":\"2017-08-25T06:48:40+00:00\",\"description\":\"Am 24. August wurde in Z\u00fcrich zum 17. Mal der Swiss Arbeitgeber Award verliehen. Die Basis bildet eine Befragung von 28'853 Personen aus 120 Unternehmen.\",\"breadcrumb\":{\"@id\":\"https:\\\/\\\/www.organisator.ch\\\/human-resources\\\/hrm\\\/2017-08-25\\\/swiss-arbeitgeber-award-2017-das-sind-die-besten-arbeitgeber-der-schweiz\\\/#breadcrumb\"},\"inLanguage\":\"fr-FR\",\"potentialAction\":[{\"@type\":\"ReadAction\",\"target\":[\"https:\\\/\\\/www.organisator.ch\\\/human-resources\\\/hrm\\\/2017-08-25\\\/swiss-arbeitgeber-award-2017-das-sind-die-besten-arbeitgeber-der-schweiz\\\/\"]}]},{\"@type\":\"ImageObject\",\"inLanguage\":\"fr-FR\",\"@id\":\"https:\\\/\\\/www.organisator.ch\\\/human-resources\\\/hrm\\\/2017-08-25\\\/swiss-arbeitgeber-award-2017-das-sind-die-besten-arbeitgeber-der-schweiz\\\/#primaryimage\",\"url\":\"https:\\\/\\\/www.organisator.ch\\\/wp-content\\\/uploads\\\/2017\\\/08\\\/Swiss-Arbeitgeber-Award-Das-sind-die-besten-Arbeitgeber-der-Schweiz-2017_Organisator.jpg\",\"contentUrl\":\"https:\\\/\\\/www.organisator.ch\\\/wp-content\\\/uploads\\\/2017\\\/08\\\/Swiss-Arbeitgeber-Award-Das-sind-die-besten-Arbeitgeber-der-Schweiz-2017_Organisator.jpg\",\"width\":640,\"height\":427,\"caption\":\"Die Bauhandelsfirma OPO Oeschger AG aus Kloten gewann den Swiss Arbeitgeber Award 2017 in der Kategorie \\\"Mittelgrosse Unternehmen\\\" (Foto: Swiss Arbeitgeber Award)\"},{\"@type\":\"BreadcrumbList\",\"@id\":\"https:\\\/\\\/www.organisator.ch\\\/human-resources\\\/hrm\\\/2017-08-25\\\/swiss-arbeitgeber-award-2017-das-sind-die-besten-arbeitgeber-der-schweiz\\\/#breadcrumb\",\"itemListElement\":[{\"@type\":\"ListItem\",\"position\":1,\"name\":\"Home\",\"item\":\"https:\\\/\\\/www.organisator.ch\\\/\"},{\"@type\":\"ListItem\",\"position\":2,\"name\":\"Swiss Arbeitgeber Award 2017: Das sind die besten Arbeitgeber der Schweiz\"}]},{\"@type\":\"WebSite\",\"@id\":\"https:\\\/\\\/www.organisator.ch\\\/#website\",\"url\":\"https:\\\/\\\/www.organisator.ch\\\/\",\"name\":\"Organisator\",\"description\":\"Kompetent. Praxisnah. Der ORGANISATOR bereitet in 10 Ausgaben pro Jahr die wesentlichen Themen f\u00fcr F\u00fchrungskr\u00e4fte von KMU auf.\",\"publisher\":{\"@id\":\"https:\\\/\\\/www.organisator.ch\\\/#organization\"},\"potentialAction\":[{\"@type\":\"SearchAction\",\"target\":{\"@type\":\"EntryPoint\",\"urlTemplate\":\"https:\\\/\\\/www.organisator.ch\\\/?s={search_term_string}\"},\"query-input\":{\"@type\":\"PropertyValueSpecification\",\"valueRequired\":true,\"valueName\":\"search_term_string\"}}],\"inLanguage\":\"fr-FR\"},{\"@type\":\"Organization\",\"@id\":\"https:\\\/\\\/www.organisator.ch\\\/#organization\",\"name\":\"Organisator\",\"url\":\"https:\\\/\\\/www.organisator.ch\\\/\",\"logo\":{\"@type\":\"ImageObject\",\"inLanguage\":\"fr-FR\",\"@id\":\"https:\\\/\\\/www.organisator.ch\\\/#\\\/schema\\\/logo\\\/image\\\/\",\"url\":\"https:\\\/\\\/www.organisator.ch\\\/wp-content\\\/uploads\\\/2022\\\/01\\\/Logo_Organisator_Website.png\",\"contentUrl\":\"https:\\\/\\\/www.organisator.ch\\\/wp-content\\\/uploads\\\/2022\\\/01\\\/Logo_Organisator_Website.png\",\"width\":800,\"height\":77,\"caption\":\"Organisator\"},\"image\":{\"@id\":\"https:\\\/\\\/www.organisator.ch\\\/#\\\/schema\\\/logo\\\/image\\\/\"},\"sameAs\":[\"https:\\\/\\\/www.facebook.com\\\/OrganisatorFachmagazin\",\"https:\\\/\\\/www.linkedin.com\\\/showcase\\\/organisator-das-magazin-fr-kmu\",\"https:\\\/\\\/www.xing.com\\\/news\\\/pages\\\/organisator-ch-695\",\"https:\\\/\\\/www.youtube.com\\\/channel\\\/UCGP2Sq0iWaZwT3BdIAQFYpw\"]},{\"@type\":\"Person\",\"@id\":\"https:\\\/\\\/www.organisator.ch\\\/#\\\/schema\\\/person\\\/6f650f90b2842cd4c0cc334b4e36f67e\",\"name\":\"thomas.berner\",\"image\":{\"@type\":\"ImageObject\",\"inLanguage\":\"fr-FR\",\"@id\":\"https:\\\/\\\/secure.gravatar.com\\\/avatar\\\/ac5001d2a36cb6c6cd3e50789007ffca834b477b74a2144564522e944eabff61?s=96&d=mm&r=g\",\"url\":\"https:\\\/\\\/secure.gravatar.com\\\/avatar\\\/ac5001d2a36cb6c6cd3e50789007ffca834b477b74a2144564522e944eabff61?s=96&d=mm&r=g\",\"contentUrl\":\"https:\\\/\\\/secure.gravatar.com\\\/avatar\\\/ac5001d2a36cb6c6cd3e50789007ffca834b477b74a2144564522e944eabff61?s=96&d=mm&r=g\",\"caption\":\"thomas.berner\"},\"url\":\"https:\\\/\\\/www.organisator.ch\\\/fr\\\/author\\\/thomas-berner\\\/\"}]}<\/script>\n<!-- \/ Yoast SEO plugin. -->","yoast_head_json":{"title":"Swiss Arbeitgeber Award 2017 : Voici les meilleurs employeurs de Suisse - Organisateur","description":"Le 24 ao\u00fbt, le Swiss Arbeitgeber Award a \u00e9t\u00e9 d\u00e9cern\u00e9 pour la 17e fois \u00e0 Zurich. Il se base sur un sondage r\u00e9alis\u00e9 aupr\u00e8s de 28 853 personnes issues de 120 entreprises.","robots":{"index":"index","follow":"follow","max-snippet":"max-snippet:-1","max-image-preview":"max-image-preview:large","max-video-preview":"max-video-preview:-1"},"canonical":"https:\/\/www.organisator.ch\/fr\/ressources-humaines\/hrm\/2017-08-25\/swiss-arbeitgeber-award-2017-das-sind-die-besten-arbeitgeber-der-schweiz\/","og_locale":"fr_FR","og_type":"article","og_title":"Swiss Arbeitgeber Award 2017: Das sind die besten Arbeitgeber der Schweiz","og_description":"Am 24. August wurde in Z\u00fcrich zum 17. Mal der Swiss Arbeitgeber Award (#Swissarbeitgeberaward) verliehen. Insgesamt wurden in der gr\u00f6ssten Studie der Schweiz 28'853 Personen aus 120 Unternehmen in der Schweiz und Liechtenstein befragt.","og_url":"https:\/\/www.organisator.ch\/fr\/ressources-humaines\/hrm\/2017-08-25\/swiss-arbeitgeber-award-2017-das-sind-die-besten-arbeitgeber-der-schweiz\/","og_site_name":"Organisator","article_publisher":"https:\/\/www.facebook.com\/OrganisatorFachmagazin","article_published_time":"2017-08-25T06:48:40+00:00","og_image":[{"width":640,"height":427,"url":"https:\/\/www.organisator.ch\/wp-content\/uploads\/2017\/08\/Swiss-Arbeitgeber-Award-Das-sind-die-besten-Arbeitgeber-der-Schweiz-2017_Organisator.jpg","type":"image\/jpeg"}],"author":"thomas.berner","twitter_card":"summary_large_image","twitter_title":"Swiss Arbeitgeber Award 2017: Das sind die besten Arbeitgeber der Schweiz #Swissarbeitgeberaward","twitter_description":"Am 24. August wurde in Z\u00fcrich zum 17. Mal der Swiss Arbeitgeber Award verliehen. Insgesamt wurden in der gr\u00f6ssten Studie der Schweiz 28'853 Personen aus 120 Unternehmen in der Schweiz und Liechtenstein befragt.","twitter_image":"https:\/\/www.organisator.ch\/wp-content\/uploads\/2017\/08\/Swiss-Arbeitgeber-Award-Das-sind-die-besten-Arbeitgeber-der-Schweiz-2017_Organisator.jpg","schema":{"@context":"https:\/\/schema.org","@graph":[{"@type":"Article","@id":"https:\/\/www.organisator.ch\/human-resources\/hrm\/2017-08-25\/swiss-arbeitgeber-award-2017-das-sind-die-besten-arbeitgeber-der-schweiz\/#article","isPartOf":{"@id":"https:\/\/www.organisator.ch\/human-resources\/hrm\/2017-08-25\/swiss-arbeitgeber-award-2017-das-sind-die-besten-arbeitgeber-der-schweiz\/"},"author":{"name":"thomas.berner","@id":"https:\/\/www.organisator.ch\/#\/schema\/person\/6f650f90b2842cd4c0cc334b4e36f67e"},"headline":"Swiss Arbeitgeber Award 2017: Das sind die besten Arbeitgeber der Schweiz","datePublished":"2017-08-25T06:48:40+00:00","mainEntityOfPage":{"@id":"https:\/\/www.organisator.ch\/human-resources\/hrm\/2017-08-25\/swiss-arbeitgeber-award-2017-das-sind-die-besten-arbeitgeber-der-schweiz\/"},"wordCount":619,"commentCount":0,"publisher":{"@id":"https:\/\/www.organisator.ch\/#organization"},"image":{"@id":"https:\/\/www.organisator.ch\/human-resources\/hrm\/2017-08-25\/swiss-arbeitgeber-award-2017-das-sind-die-besten-arbeitgeber-der-schweiz\/#primaryimage"},"thumbnailUrl":"https:\/\/www.organisator.ch\/wp-content\/uploads\/2017\/08\/Swiss-Arbeitgeber-Award-Das-sind-die-besten-Arbeitgeber-der-Schweiz-2017_Organisator.jpg","keywords":["Awards","HRM","Unternehmensf\u00fchrung"],"articleSection":["HRM"],"inLanguage":"fr-FR"},{"@type":"WebPage","@id":"https:\/\/www.organisator.ch\/human-resources\/hrm\/2017-08-25\/swiss-arbeitgeber-award-2017-das-sind-die-besten-arbeitgeber-der-schweiz\/","url":"https:\/\/www.organisator.ch\/human-resources\/hrm\/2017-08-25\/swiss-arbeitgeber-award-2017-das-sind-die-besten-arbeitgeber-der-schweiz\/","name":"Swiss Arbeitgeber Award 2017 : Voici les meilleurs employeurs de Suisse - Organisateur","isPartOf":{"@id":"https:\/\/www.organisator.ch\/#website"},"primaryImageOfPage":{"@id":"https:\/\/www.organisator.ch\/human-resources\/hrm\/2017-08-25\/swiss-arbeitgeber-award-2017-das-sind-die-besten-arbeitgeber-der-schweiz\/#primaryimage"},"image":{"@id":"https:\/\/www.organisator.ch\/human-resources\/hrm\/2017-08-25\/swiss-arbeitgeber-award-2017-das-sind-die-besten-arbeitgeber-der-schweiz\/#primaryimage"},"thumbnailUrl":"https:\/\/www.organisator.ch\/wp-content\/uploads\/2017\/08\/Swiss-Arbeitgeber-Award-Das-sind-die-besten-Arbeitgeber-der-Schweiz-2017_Organisator.jpg","datePublished":"2017-08-25T06:48:40+00:00","description":"Le 24 ao\u00fbt, le Swiss Arbeitgeber Award a \u00e9t\u00e9 d\u00e9cern\u00e9 pour la 17e fois \u00e0 Zurich. Il se base sur un sondage r\u00e9alis\u00e9 aupr\u00e8s de 28 853 personnes issues de 120 entreprises.","breadcrumb":{"@id":"https:\/\/www.organisator.ch\/human-resources\/hrm\/2017-08-25\/swiss-arbeitgeber-award-2017-das-sind-die-besten-arbeitgeber-der-schweiz\/#breadcrumb"},"inLanguage":"fr-FR","potentialAction":[{"@type":"ReadAction","target":["https:\/\/www.organisator.ch\/human-resources\/hrm\/2017-08-25\/swiss-arbeitgeber-award-2017-das-sind-die-besten-arbeitgeber-der-schweiz\/"]}]},{"@type":"ImageObject","inLanguage":"fr-FR","@id":"https:\/\/www.organisator.ch\/human-resources\/hrm\/2017-08-25\/swiss-arbeitgeber-award-2017-das-sind-die-besten-arbeitgeber-der-schweiz\/#primaryimage","url":"https:\/\/www.organisator.ch\/wp-content\/uploads\/2017\/08\/Swiss-Arbeitgeber-Award-Das-sind-die-besten-Arbeitgeber-der-Schweiz-2017_Organisator.jpg","contentUrl":"https:\/\/www.organisator.ch\/wp-content\/uploads\/2017\/08\/Swiss-Arbeitgeber-Award-Das-sind-die-besten-Arbeitgeber-der-Schweiz-2017_Organisator.jpg","width":640,"height":427,"caption":"Die Bauhandelsfirma OPO Oeschger AG aus Kloten gewann den Swiss Arbeitgeber Award 2017 in der Kategorie \"Mittelgrosse Unternehmen\" (Foto: Swiss Arbeitgeber Award)"},{"@type":"BreadcrumbList","@id":"https:\/\/www.organisator.ch\/human-resources\/hrm\/2017-08-25\/swiss-arbeitgeber-award-2017-das-sind-die-besten-arbeitgeber-der-schweiz\/#breadcrumb","itemListElement":[{"@type":"ListItem","position":1,"name":"Home","item":"https:\/\/www.organisator.ch\/"},{"@type":"ListItem","position":2,"name":"Swiss Arbeitgeber Award 2017: Das sind die besten Arbeitgeber der Schweiz"}]},{"@type":"WebSite","@id":"https:\/\/www.organisator.ch\/#website","url":"https:\/\/www.organisator.ch\/","name":"Organisateur","description":"Comp\u00e9tence et comp\u00e9tence. Proches de la pratique. L'ORGANISATEUR pr\u00e9pare 10 num\u00e9ros par an sur les th\u00e8mes essentiels pour les dirigeants de PME.","publisher":{"@id":"https:\/\/www.organisator.ch\/#organization"},"potentialAction":[{"@type":"SearchAction","target":{"@type":"EntryPoint","urlTemplate":"https:\/\/www.organisator.ch\/?s={search_term_string}"},"query-input":{"@type":"PropertyValueSpecification","valueRequired":true,"valueName":"search_term_string"}}],"inLanguage":"fr-FR"},{"@type":"Organization","@id":"https:\/\/www.organisator.ch\/#organization","name":"Organisateur","url":"https:\/\/www.organisator.ch\/","logo":{"@type":"ImageObject","inLanguage":"fr-FR","@id":"https:\/\/www.organisator.ch\/#\/schema\/logo\/image\/","url":"https:\/\/www.organisator.ch\/wp-content\/uploads\/2022\/01\/Logo_Organisator_Website.png","contentUrl":"https:\/\/www.organisator.ch\/wp-content\/uploads\/2022\/01\/Logo_Organisator_Website.png","width":800,"height":77,"caption":"Organisator"},"image":{"@id":"https:\/\/www.organisator.ch\/#\/schema\/logo\/image\/"},"sameAs":["https:\/\/www.facebook.com\/OrganisatorFachmagazin","https:\/\/www.linkedin.com\/showcase\/organisator-das-magazin-fr-kmu","https:\/\/www.xing.com\/news\/pages\/organisator-ch-695","https:\/\/www.youtube.com\/channel\/UCGP2Sq0iWaZwT3BdIAQFYpw"]},{"@type":"Person","@id":"https:\/\/www.organisator.ch\/#\/schema\/person\/6f650f90b2842cd4c0cc334b4e36f67e","name":"thomas.berner","image":{"@type":"ImageObject","inLanguage":"fr-FR","@id":"https:\/\/secure.gravatar.com\/avatar\/ac5001d2a36cb6c6cd3e50789007ffca834b477b74a2144564522e944eabff61?s=96&d=mm&r=g","url":"https:\/\/secure.gravatar.com\/avatar\/ac5001d2a36cb6c6cd3e50789007ffca834b477b74a2144564522e944eabff61?s=96&d=mm&r=g","contentUrl":"https:\/\/secure.gravatar.com\/avatar\/ac5001d2a36cb6c6cd3e50789007ffca834b477b74a2144564522e944eabff61?s=96&d=mm&r=g","caption":"thomas.berner"},"url":"https:\/\/www.organisator.ch\/fr\/author\/thomas-berner\/"}]}},"_links":{"self":[{"href":"https:\/\/www.organisator.ch\/fr\/wp-json\/wp\/v2\/posts\/2357","targetHints":{"allow":["GET"]}}],"collection":[{"href":"https:\/\/www.organisator.ch\/fr\/wp-json\/wp\/v2\/posts"}],"about":[{"href":"https:\/\/www.organisator.ch\/fr\/wp-json\/wp\/v2\/types\/post"}],"author":[{"embeddable":true,"href":"https:\/\/www.organisator.ch\/fr\/wp-json\/wp\/v2\/users\/4"}],"replies":[{"embeddable":true,"href":"https:\/\/www.organisator.ch\/fr\/wp-json\/wp\/v2\/comments?post=2357"}],"version-history":[{"count":0,"href":"https:\/\/www.organisator.ch\/fr\/wp-json\/wp\/v2\/posts\/2357\/revisions"}],"wp:featuredmedia":[{"embeddable":true,"href":"https:\/\/www.organisator.ch\/fr\/wp-json\/wp\/v2\/media\/2358"}],"wp:attachment":[{"href":"https:\/\/www.organisator.ch\/fr\/wp-json\/wp\/v2\/media?parent=2357"}],"wp:term":[{"taxonomy":"category","embeddable":true,"href":"https:\/\/www.organisator.ch\/fr\/wp-json\/wp\/v2\/categories?post=2357"},{"taxonomy":"post_tag","embeddable":true,"href":"https:\/\/www.organisator.ch\/fr\/wp-json\/wp\/v2\/tags?post=2357"}],"curies":[{"name":"wp","href":"https:\/\/api.w.org\/{rel}","templated":true}]}}