{"id":23610,"date":"2023-11-30T10:27:59","date_gmt":"2023-11-30T09:27:59","guid":{"rendered":"https:\/\/www.organisator.ch\/?p=23610"},"modified":"2023-11-30T09:28:08","modified_gmt":"2023-11-30T08:28:08","slug":"ausbildende-arbeiten-meist-teilzeit-und-auf-mandatsbasis","status":"publish","type":"post","link":"https:\/\/www.organisator.ch\/fr\/weiterbildung\/2023-11-30\/ausbildende-arbeiten-meist-teilzeit-und-auf-mandatsbasis\/","title":{"rendered":"Les formateurs travaillent g\u00e9n\u00e9ralement \u00e0 temps partiel et sur la base d'un mandat"},"content":{"rendered":"<figure id=\"attachment_23611\" aria-describedby=\"caption-attachment-23611\" style=\"width: 680px\" class=\"wp-caption alignnone\"><img loading=\"lazy\" decoding=\"async\" class=\"wp-image-23611 size-full\" src=\"https:\/\/www.organisator.ch\/wp-content\/uploads\/2023\/11\/Focus_Bild1_ps.jpg\" alt=\"\" width=\"680\" height=\"453\" srcset=\"https:\/\/www.organisator.ch\/wp-content\/uploads\/2023\/11\/Focus_Bild1_ps.jpg 680w, https:\/\/www.organisator.ch\/wp-content\/uploads\/2023\/11\/Focus_Bild1_ps-18x12.jpg 18w, https:\/\/www.organisator.ch\/wp-content\/uploads\/2023\/11\/Focus_Bild1_ps-375x250.jpg 375w, https:\/\/www.organisator.ch\/wp-content\/uploads\/2023\/11\/Focus_Bild1_ps-525x350.jpg 525w\" sizes=\"auto, (max-width: 680px) 100vw, 680px\" \/><figcaption id=\"caption-attachment-23611\" class=\"wp-caption-text\">Focus formation continue 2023 : Pour 65% des organisations, la formation continue est leur objectif principal et pour 35% leur objectif secondaire. (Image : www.unsplash.com)<\/figcaption><\/figure>\n<p>Chaque printemps, la FSEA interroge les prestataires de formation continue suisses sur des th\u00e8mes prioritaires variables. L'enqu\u00eate de cette ann\u00e9e a eu lieu entre avril et mai 2023 et 447 prestataires des trois r\u00e9gions linguistiques y ont particip\u00e9. Pour 65% des organisations, la formation continue est leur objectif principal et pour 35% leur objectif secondaire.<\/p>\n<h3><strong>Une grande partie des formateurs travaillent sur la base d'un mandat<\/strong><\/h3>\n<p>Les formateurs repr\u00e9sentent environ deux tiers du personnel des organismes de formation continue. Une caract\u00e9ristique importante du secteur est le grand nombre de mandats, dans le cadre desquels les prestataires ne r\u00e9mun\u00e8rent les formateurs que pour un mandat sp\u00e9cifique. En moyenne, les organisations emploient environ un tiers de personnel fixe et deux tiers de mandataires.\u00a0<\/p>\n<p>La part de formateurs mandat\u00e9s est plus importante chez les grands prestataires que chez les petits. Les prestataires de Suisse al\u00e9manique travaillent plus souvent avec des mandataires que ceux des autres r\u00e9gions linguistiques. Les prestataires de formation continue \u00e0 orientation professionnelle et g\u00e9n\u00e9rale travaillent \u00e9galement avec une proportion plus \u00e9lev\u00e9e de mandataires que les prestataires de formation en langues \u00e9trang\u00e8res et en comp\u00e9tences de base.<\/p>\n<h3><strong>Beaucoup travaillent \u00e0 temps partiel<\/strong><\/h3>\n<p>L'activit\u00e9 de formateur est \u00e9galement un travail \u00e0 temps partiel pour la majorit\u00e9 des employ\u00e9s fixes, parfois avec un mini-temps de travail de moins de 20 pour cent. Pr\u00e8s de la moiti\u00e9 des prestataires n'ont pas de formateurs employ\u00e9s \u00e0 plein temps. L'\u00e9ventail des niveaux de salaire est \u00e9galement large : alors que certains formateurs gagnent entre 20 et 30 francs de l'heure, d'autres gagnent plus de 140 francs. Dans le domaine des langues \u00e9trang\u00e8res et de la formation continue g\u00e9n\u00e9rale\/culturelle, les salaires ont tendance \u00e0 \u00eatre bas.<\/p>\n<h3><strong>H\u00e9t\u00e9rog\u00e9n\u00e9it\u00e9 des conditions d'emploi<\/strong><\/h3>\n<p>Les r\u00e9sultats publi\u00e9s dans Focus Formation continue montrent clairement que l'activit\u00e9 de formateur reste avant tout une activit\u00e9 secondaire, mais que les conditions d'emploi dans la formation continue sont tr\u00e8s h\u00e9t\u00e9rog\u00e8nes. La possibilit\u00e9 de travailler \u00e0 temps partiel et \u00e0 de tr\u00e8s faibles taux d'occupation pr\u00e9sente \u00e0 la fois des avantages et des inconv\u00e9nients : d'une part, elle favorise des conditions potentiellement pr\u00e9caires, avec des horaires de travail le soir et le week-end, et d'autre part, l'activit\u00e9 dans la formation continue permet de bien concilier cette activit\u00e9 avec une autre activit\u00e9 principale et\/ou avec la famille. Par exemple, une activit\u00e9 dans la formation professionnelle continue sur la base d'un mandat peut constituer une activit\u00e9 compl\u00e9mentaire lucrative. Il est toutefois difficile d'assurer un revenu au m\u00e9nage avec ce seul emploi.<\/p>\n<p><em>Source : <a href=\"https:\/\/alice.ch\/de\/\">www.alice.ch\u00a0<\/a><\/em><\/p>","protected":false},"excerpt":{"rendered":"<p>Le Focus Formation continue 2023 de la FSEA se penche sur les conditions d'emploi du personnel dans la formation continue. L'\u00e9tude se base sur les r\u00e9sultats d'une enqu\u00eate men\u00e9e chaque ann\u00e9e aupr\u00e8s des prestataires de formation continue suisses. Elle r\u00e9v\u00e8le une image h\u00e9t\u00e9rog\u00e8ne, en particulier chez les formateurs, qui repr\u00e9sentent environ deux tiers du personnel des organisations suisses de formation continue.<\/p>","protected":false},"author":58,"featured_media":23611,"comment_status":"closed","ping_status":"closed","sticky":false,"template":"","format":"standard","meta":{"_acf_changed":false,"_yoast_wpseo_focuskw":"Ausbildende","_yoast_wpseo_metadesc":"Der Focus Weiterbildung 2023 des SVEB befasst sich mit den Anstellungsbedingungen des Personals in der Weiterbildung.","articlekey":"","footnotes":""},"categories":[30],"tags":[62,424,459,487,492],"class_list":["post-23610","post","type-post","status-publish","format-standard","has-post-thumbnail","hentry","category-weiterbildung","tag-aus-weiterbildung","tag-schweiz","tag-studie","tag-umfrage","tag-unternehmen"],"acf":[],"yoast_head":"<!-- This site is optimized with the Yoast SEO plugin v27.4 - https:\/\/yoast.com\/product\/yoast-seo-wordpress\/ -->\n<title>Ausbildende arbeiten meist Teilzeit und auf Mandatsbasis - Organisator<\/title>\n<meta name=\"description\" content=\"Der Focus Weiterbildung 2023 des SVEB befasst sich mit den Anstellungsbedingungen des Personals in der Weiterbildung.\" \/>\n<meta name=\"robots\" content=\"index, follow, max-snippet:-1, max-image-preview:large, max-video-preview:-1\" \/>\n<link rel=\"canonical\" href=\"https:\/\/www.organisator.ch\/fr\/formation-continue-2\/2023-11-30\/ausbildende-arbeiten-meist-teilzeit-und-auf-mandatsbasis\/\" \/>\n<meta property=\"og:locale\" content=\"fr_FR\" \/>\n<meta property=\"og:type\" content=\"article\" \/>\n<meta property=\"og:title\" content=\"Ausbildende arbeiten meist Teilzeit und auf Mandatsbasis\" \/>\n<meta property=\"og:description\" content=\"Der Focus Weiterbildung 2023 des SVEB befasst sich mit den Anstellungsbedingungen des Personals in der Weiterbildung.\" \/>\n<meta property=\"og:url\" content=\"https:\/\/www.organisator.ch\/fr\/formation-continue-2\/2023-11-30\/ausbildende-arbeiten-meist-teilzeit-und-auf-mandatsbasis\/\" \/>\n<meta property=\"og:site_name\" content=\"Organisator\" \/>\n<meta property=\"article:publisher\" content=\"https:\/\/www.facebook.com\/OrganisatorFachmagazin\" \/>\n<meta property=\"article:published_time\" content=\"2023-11-30T09:27:59+00:00\" \/>\n<meta property=\"og:image\" content=\"https:\/\/www.organisator.ch\/wp-content\/uploads\/2023\/11\/Focus_Bild1_ps.jpg\" \/>\n\t<meta property=\"og:image:width\" content=\"680\" \/>\n\t<meta property=\"og:image:height\" content=\"453\" \/>\n\t<meta property=\"og:image:type\" content=\"image\/jpeg\" \/>\n<meta name=\"author\" content=\"Adelisa Kalajdzini\" \/>\n<meta name=\"twitter:card\" content=\"summary_large_image\" \/>\n<meta name=\"twitter:title\" content=\"Ausbildende arbeiten meist Teilzeit und auf Mandatsbasis\" \/>\n<meta name=\"twitter:description\" content=\"Der #Focus #Weiterbildung 2023 des #SVEB befasst sich mit den #Anstellungsbedingungen des Personals in der Weiterbildung.\" \/>\n<meta name=\"twitter:image\" content=\"https:\/\/www.organisator.ch\/wp-content\/uploads\/2023\/11\/Focus_Bild1_ps.jpg\" \/>\n<script type=\"application\/ld+json\" class=\"yoast-schema-graph\">{\"@context\":\"https:\\\/\\\/schema.org\",\"@graph\":[{\"@type\":\"Article\",\"@id\":\"https:\\\/\\\/www.organisator.ch\\\/weiterbildung\\\/2023-11-30\\\/ausbildende-arbeiten-meist-teilzeit-und-auf-mandatsbasis\\\/#article\",\"isPartOf\":{\"@id\":\"https:\\\/\\\/www.organisator.ch\\\/weiterbildung\\\/2023-11-30\\\/ausbildende-arbeiten-meist-teilzeit-und-auf-mandatsbasis\\\/\"},\"author\":{\"name\":\"Adelisa Kalajdzini\",\"@id\":\"https:\\\/\\\/www.organisator.ch\\\/#\\\/schema\\\/person\\\/2e1314a2172123f874db408d8911d3f3\"},\"headline\":\"Ausbildende arbeiten meist Teilzeit und auf Mandatsbasis\",\"datePublished\":\"2023-11-30T09:27:59+00:00\",\"mainEntityOfPage\":{\"@id\":\"https:\\\/\\\/www.organisator.ch\\\/weiterbildung\\\/2023-11-30\\\/ausbildende-arbeiten-meist-teilzeit-und-auf-mandatsbasis\\\/\"},\"wordCount\":389,\"publisher\":{\"@id\":\"https:\\\/\\\/www.organisator.ch\\\/#organization\"},\"image\":{\"@id\":\"https:\\\/\\\/www.organisator.ch\\\/weiterbildung\\\/2023-11-30\\\/ausbildende-arbeiten-meist-teilzeit-und-auf-mandatsbasis\\\/#primaryimage\"},\"thumbnailUrl\":\"https:\\\/\\\/www.organisator.ch\\\/wp-content\\\/uploads\\\/2023\\\/11\\\/Focus_Bild1_ps.jpg\",\"keywords\":[\"Aus-\\\/Weiterbildung\",\"Schweiz\",\"Studie\",\"Umfrage\",\"Unternehmen\"],\"articleSection\":[\"WEITERBILDUNG\"],\"inLanguage\":\"fr-FR\"},{\"@type\":\"WebPage\",\"@id\":\"https:\\\/\\\/www.organisator.ch\\\/weiterbildung\\\/2023-11-30\\\/ausbildende-arbeiten-meist-teilzeit-und-auf-mandatsbasis\\\/\",\"url\":\"https:\\\/\\\/www.organisator.ch\\\/weiterbildung\\\/2023-11-30\\\/ausbildende-arbeiten-meist-teilzeit-und-auf-mandatsbasis\\\/\",\"name\":\"Ausbildende arbeiten meist Teilzeit und auf Mandatsbasis - Organisator\",\"isPartOf\":{\"@id\":\"https:\\\/\\\/www.organisator.ch\\\/#website\"},\"primaryImageOfPage\":{\"@id\":\"https:\\\/\\\/www.organisator.ch\\\/weiterbildung\\\/2023-11-30\\\/ausbildende-arbeiten-meist-teilzeit-und-auf-mandatsbasis\\\/#primaryimage\"},\"image\":{\"@id\":\"https:\\\/\\\/www.organisator.ch\\\/weiterbildung\\\/2023-11-30\\\/ausbildende-arbeiten-meist-teilzeit-und-auf-mandatsbasis\\\/#primaryimage\"},\"thumbnailUrl\":\"https:\\\/\\\/www.organisator.ch\\\/wp-content\\\/uploads\\\/2023\\\/11\\\/Focus_Bild1_ps.jpg\",\"datePublished\":\"2023-11-30T09:27:59+00:00\",\"description\":\"Der Focus Weiterbildung 2023 des SVEB befasst sich mit den Anstellungsbedingungen des Personals in der Weiterbildung.\",\"breadcrumb\":{\"@id\":\"https:\\\/\\\/www.organisator.ch\\\/weiterbildung\\\/2023-11-30\\\/ausbildende-arbeiten-meist-teilzeit-und-auf-mandatsbasis\\\/#breadcrumb\"},\"inLanguage\":\"fr-FR\",\"potentialAction\":[{\"@type\":\"ReadAction\",\"target\":[\"https:\\\/\\\/www.organisator.ch\\\/weiterbildung\\\/2023-11-30\\\/ausbildende-arbeiten-meist-teilzeit-und-auf-mandatsbasis\\\/\"]}]},{\"@type\":\"ImageObject\",\"inLanguage\":\"fr-FR\",\"@id\":\"https:\\\/\\\/www.organisator.ch\\\/weiterbildung\\\/2023-11-30\\\/ausbildende-arbeiten-meist-teilzeit-und-auf-mandatsbasis\\\/#primaryimage\",\"url\":\"https:\\\/\\\/www.organisator.ch\\\/wp-content\\\/uploads\\\/2023\\\/11\\\/Focus_Bild1_ps.jpg\",\"contentUrl\":\"https:\\\/\\\/www.organisator.ch\\\/wp-content\\\/uploads\\\/2023\\\/11\\\/Focus_Bild1_ps.jpg\",\"width\":680,\"height\":453,\"caption\":\"Focus Weiterbildung 2023: Bei 65 Prozent der Organisationen ist Weiterbildung ihr Hauptzweck und bei 35 Prozent ihr Nebenzweck.\"},{\"@type\":\"BreadcrumbList\",\"@id\":\"https:\\\/\\\/www.organisator.ch\\\/weiterbildung\\\/2023-11-30\\\/ausbildende-arbeiten-meist-teilzeit-und-auf-mandatsbasis\\\/#breadcrumb\",\"itemListElement\":[{\"@type\":\"ListItem\",\"position\":1,\"name\":\"Home\",\"item\":\"https:\\\/\\\/www.organisator.ch\\\/\"},{\"@type\":\"ListItem\",\"position\":2,\"name\":\"Ausbildende arbeiten meist Teilzeit und auf Mandatsbasis\"}]},{\"@type\":\"WebSite\",\"@id\":\"https:\\\/\\\/www.organisator.ch\\\/#website\",\"url\":\"https:\\\/\\\/www.organisator.ch\\\/\",\"name\":\"Organisator\",\"description\":\"Kompetent. Praxisnah. Der ORGANISATOR bereitet in 10 Ausgaben pro Jahr die wesentlichen Themen f\u00fcr F\u00fchrungskr\u00e4fte von KMU auf.\",\"publisher\":{\"@id\":\"https:\\\/\\\/www.organisator.ch\\\/#organization\"},\"potentialAction\":[{\"@type\":\"SearchAction\",\"target\":{\"@type\":\"EntryPoint\",\"urlTemplate\":\"https:\\\/\\\/www.organisator.ch\\\/?s={search_term_string}\"},\"query-input\":{\"@type\":\"PropertyValueSpecification\",\"valueRequired\":true,\"valueName\":\"search_term_string\"}}],\"inLanguage\":\"fr-FR\"},{\"@type\":\"Organization\",\"@id\":\"https:\\\/\\\/www.organisator.ch\\\/#organization\",\"name\":\"Organisator\",\"url\":\"https:\\\/\\\/www.organisator.ch\\\/\",\"logo\":{\"@type\":\"ImageObject\",\"inLanguage\":\"fr-FR\",\"@id\":\"https:\\\/\\\/www.organisator.ch\\\/#\\\/schema\\\/logo\\\/image\\\/\",\"url\":\"https:\\\/\\\/www.organisator.ch\\\/wp-content\\\/uploads\\\/2022\\\/01\\\/Logo_Organisator_Website.png\",\"contentUrl\":\"https:\\\/\\\/www.organisator.ch\\\/wp-content\\\/uploads\\\/2022\\\/01\\\/Logo_Organisator_Website.png\",\"width\":800,\"height\":77,\"caption\":\"Organisator\"},\"image\":{\"@id\":\"https:\\\/\\\/www.organisator.ch\\\/#\\\/schema\\\/logo\\\/image\\\/\"},\"sameAs\":[\"https:\\\/\\\/www.facebook.com\\\/OrganisatorFachmagazin\",\"https:\\\/\\\/www.linkedin.com\\\/showcase\\\/organisator-das-magazin-fr-kmu\",\"https:\\\/\\\/www.xing.com\\\/news\\\/pages\\\/organisator-ch-695\",\"https:\\\/\\\/www.youtube.com\\\/channel\\\/UCGP2Sq0iWaZwT3BdIAQFYpw\"]},{\"@type\":\"Person\",\"@id\":\"https:\\\/\\\/www.organisator.ch\\\/#\\\/schema\\\/person\\\/2e1314a2172123f874db408d8911d3f3\",\"name\":\"Adelisa Kalajdzini\",\"image\":{\"@type\":\"ImageObject\",\"inLanguage\":\"fr-FR\",\"@id\":\"https:\\\/\\\/secure.gravatar.com\\\/avatar\\\/09a397c22ac58cad6f160ee8306348599df9df58a8ede73696226897b9fa4b24?s=96&d=mm&r=g\",\"url\":\"https:\\\/\\\/secure.gravatar.com\\\/avatar\\\/09a397c22ac58cad6f160ee8306348599df9df58a8ede73696226897b9fa4b24?s=96&d=mm&r=g\",\"contentUrl\":\"https:\\\/\\\/secure.gravatar.com\\\/avatar\\\/09a397c22ac58cad6f160ee8306348599df9df58a8ede73696226897b9fa4b24?s=96&d=mm&r=g\",\"caption\":\"Adelisa Kalajdzini\"},\"url\":\"https:\\\/\\\/www.organisator.ch\\\/fr\\\/author\\\/adelisa-kalajdzini\\\/\"}]}<\/script>\n<!-- \/ Yoast SEO plugin. -->","yoast_head_json":{"title":"Les formateurs travaillent g\u00e9n\u00e9ralement \u00e0 temps partiel et sur la base d'un mandat - Organisateur","description":"Le Focus Formation continue 2023 de la FSEA se penche sur les conditions d'emploi du personnel de la formation continue.","robots":{"index":"index","follow":"follow","max-snippet":"max-snippet:-1","max-image-preview":"max-image-preview:large","max-video-preview":"max-video-preview:-1"},"canonical":"https:\/\/www.organisator.ch\/fr\/formation-continue-2\/2023-11-30\/ausbildende-arbeiten-meist-teilzeit-und-auf-mandatsbasis\/","og_locale":"fr_FR","og_type":"article","og_title":"Ausbildende arbeiten meist Teilzeit und auf Mandatsbasis","og_description":"Der Focus Weiterbildung 2023 des SVEB befasst sich mit den Anstellungsbedingungen des Personals in der Weiterbildung.","og_url":"https:\/\/www.organisator.ch\/fr\/formation-continue-2\/2023-11-30\/ausbildende-arbeiten-meist-teilzeit-und-auf-mandatsbasis\/","og_site_name":"Organisator","article_publisher":"https:\/\/www.facebook.com\/OrganisatorFachmagazin","article_published_time":"2023-11-30T09:27:59+00:00","og_image":[{"width":680,"height":453,"url":"https:\/\/www.organisator.ch\/wp-content\/uploads\/2023\/11\/Focus_Bild1_ps.jpg","type":"image\/jpeg"}],"author":"Adelisa Kalajdzini","twitter_card":"summary_large_image","twitter_title":"Ausbildende arbeiten meist Teilzeit und auf Mandatsbasis","twitter_description":"Der #Focus #Weiterbildung 2023 des #SVEB befasst sich mit den #Anstellungsbedingungen des Personals in der Weiterbildung.","twitter_image":"https:\/\/www.organisator.ch\/wp-content\/uploads\/2023\/11\/Focus_Bild1_ps.jpg","schema":{"@context":"https:\/\/schema.org","@graph":[{"@type":"Article","@id":"https:\/\/www.organisator.ch\/weiterbildung\/2023-11-30\/ausbildende-arbeiten-meist-teilzeit-und-auf-mandatsbasis\/#article","isPartOf":{"@id":"https:\/\/www.organisator.ch\/weiterbildung\/2023-11-30\/ausbildende-arbeiten-meist-teilzeit-und-auf-mandatsbasis\/"},"author":{"name":"Adelisa Kalajdzini","@id":"https:\/\/www.organisator.ch\/#\/schema\/person\/2e1314a2172123f874db408d8911d3f3"},"headline":"Ausbildende arbeiten meist Teilzeit und auf Mandatsbasis","datePublished":"2023-11-30T09:27:59+00:00","mainEntityOfPage":{"@id":"https:\/\/www.organisator.ch\/weiterbildung\/2023-11-30\/ausbildende-arbeiten-meist-teilzeit-und-auf-mandatsbasis\/"},"wordCount":389,"publisher":{"@id":"https:\/\/www.organisator.ch\/#organization"},"image":{"@id":"https:\/\/www.organisator.ch\/weiterbildung\/2023-11-30\/ausbildende-arbeiten-meist-teilzeit-und-auf-mandatsbasis\/#primaryimage"},"thumbnailUrl":"https:\/\/www.organisator.ch\/wp-content\/uploads\/2023\/11\/Focus_Bild1_ps.jpg","keywords":["Aus-\/Weiterbildung","Schweiz","Studie","Umfrage","Unternehmen"],"articleSection":["WEITERBILDUNG"],"inLanguage":"fr-FR"},{"@type":"WebPage","@id":"https:\/\/www.organisator.ch\/weiterbildung\/2023-11-30\/ausbildende-arbeiten-meist-teilzeit-und-auf-mandatsbasis\/","url":"https:\/\/www.organisator.ch\/weiterbildung\/2023-11-30\/ausbildende-arbeiten-meist-teilzeit-und-auf-mandatsbasis\/","name":"Les formateurs travaillent g\u00e9n\u00e9ralement \u00e0 temps partiel et sur la base d'un mandat - Organisateur","isPartOf":{"@id":"https:\/\/www.organisator.ch\/#website"},"primaryImageOfPage":{"@id":"https:\/\/www.organisator.ch\/weiterbildung\/2023-11-30\/ausbildende-arbeiten-meist-teilzeit-und-auf-mandatsbasis\/#primaryimage"},"image":{"@id":"https:\/\/www.organisator.ch\/weiterbildung\/2023-11-30\/ausbildende-arbeiten-meist-teilzeit-und-auf-mandatsbasis\/#primaryimage"},"thumbnailUrl":"https:\/\/www.organisator.ch\/wp-content\/uploads\/2023\/11\/Focus_Bild1_ps.jpg","datePublished":"2023-11-30T09:27:59+00:00","description":"Le Focus Formation continue 2023 de la FSEA se penche sur les conditions d'emploi du personnel de la formation continue.","breadcrumb":{"@id":"https:\/\/www.organisator.ch\/weiterbildung\/2023-11-30\/ausbildende-arbeiten-meist-teilzeit-und-auf-mandatsbasis\/#breadcrumb"},"inLanguage":"fr-FR","potentialAction":[{"@type":"ReadAction","target":["https:\/\/www.organisator.ch\/weiterbildung\/2023-11-30\/ausbildende-arbeiten-meist-teilzeit-und-auf-mandatsbasis\/"]}]},{"@type":"ImageObject","inLanguage":"fr-FR","@id":"https:\/\/www.organisator.ch\/weiterbildung\/2023-11-30\/ausbildende-arbeiten-meist-teilzeit-und-auf-mandatsbasis\/#primaryimage","url":"https:\/\/www.organisator.ch\/wp-content\/uploads\/2023\/11\/Focus_Bild1_ps.jpg","contentUrl":"https:\/\/www.organisator.ch\/wp-content\/uploads\/2023\/11\/Focus_Bild1_ps.jpg","width":680,"height":453,"caption":"Focus Weiterbildung 2023: Bei 65 Prozent der Organisationen ist Weiterbildung ihr Hauptzweck und bei 35 Prozent ihr Nebenzweck."},{"@type":"BreadcrumbList","@id":"https:\/\/www.organisator.ch\/weiterbildung\/2023-11-30\/ausbildende-arbeiten-meist-teilzeit-und-auf-mandatsbasis\/#breadcrumb","itemListElement":[{"@type":"ListItem","position":1,"name":"Home","item":"https:\/\/www.organisator.ch\/"},{"@type":"ListItem","position":2,"name":"Ausbildende arbeiten meist Teilzeit und auf Mandatsbasis"}]},{"@type":"WebSite","@id":"https:\/\/www.organisator.ch\/#website","url":"https:\/\/www.organisator.ch\/","name":"Organisateur","description":"Comp\u00e9tence et comp\u00e9tence. Proches de la pratique. L'ORGANISATEUR pr\u00e9pare 10 num\u00e9ros par an sur les th\u00e8mes essentiels pour les dirigeants de PME.","publisher":{"@id":"https:\/\/www.organisator.ch\/#organization"},"potentialAction":[{"@type":"SearchAction","target":{"@type":"EntryPoint","urlTemplate":"https:\/\/www.organisator.ch\/?s={search_term_string}"},"query-input":{"@type":"PropertyValueSpecification","valueRequired":true,"valueName":"search_term_string"}}],"inLanguage":"fr-FR"},{"@type":"Organization","@id":"https:\/\/www.organisator.ch\/#organization","name":"Organisateur","url":"https:\/\/www.organisator.ch\/","logo":{"@type":"ImageObject","inLanguage":"fr-FR","@id":"https:\/\/www.organisator.ch\/#\/schema\/logo\/image\/","url":"https:\/\/www.organisator.ch\/wp-content\/uploads\/2022\/01\/Logo_Organisator_Website.png","contentUrl":"https:\/\/www.organisator.ch\/wp-content\/uploads\/2022\/01\/Logo_Organisator_Website.png","width":800,"height":77,"caption":"Organisator"},"image":{"@id":"https:\/\/www.organisator.ch\/#\/schema\/logo\/image\/"},"sameAs":["https:\/\/www.facebook.com\/OrganisatorFachmagazin","https:\/\/www.linkedin.com\/showcase\/organisator-das-magazin-fr-kmu","https:\/\/www.xing.com\/news\/pages\/organisator-ch-695","https:\/\/www.youtube.com\/channel\/UCGP2Sq0iWaZwT3BdIAQFYpw"]},{"@type":"Person","@id":"https:\/\/www.organisator.ch\/#\/schema\/person\/2e1314a2172123f874db408d8911d3f3","name":"Adelisa Kalajdzini","image":{"@type":"ImageObject","inLanguage":"fr-FR","@id":"https:\/\/secure.gravatar.com\/avatar\/09a397c22ac58cad6f160ee8306348599df9df58a8ede73696226897b9fa4b24?s=96&d=mm&r=g","url":"https:\/\/secure.gravatar.com\/avatar\/09a397c22ac58cad6f160ee8306348599df9df58a8ede73696226897b9fa4b24?s=96&d=mm&r=g","contentUrl":"https:\/\/secure.gravatar.com\/avatar\/09a397c22ac58cad6f160ee8306348599df9df58a8ede73696226897b9fa4b24?s=96&d=mm&r=g","caption":"Adelisa Kalajdzini"},"url":"https:\/\/www.organisator.ch\/fr\/author\/adelisa-kalajdzini\/"}]}},"_links":{"self":[{"href":"https:\/\/www.organisator.ch\/fr\/wp-json\/wp\/v2\/posts\/23610","targetHints":{"allow":["GET"]}}],"collection":[{"href":"https:\/\/www.organisator.ch\/fr\/wp-json\/wp\/v2\/posts"}],"about":[{"href":"https:\/\/www.organisator.ch\/fr\/wp-json\/wp\/v2\/types\/post"}],"author":[{"embeddable":true,"href":"https:\/\/www.organisator.ch\/fr\/wp-json\/wp\/v2\/users\/58"}],"replies":[{"embeddable":true,"href":"https:\/\/www.organisator.ch\/fr\/wp-json\/wp\/v2\/comments?post=23610"}],"version-history":[{"count":2,"href":"https:\/\/www.organisator.ch\/fr\/wp-json\/wp\/v2\/posts\/23610\/revisions"}],"predecessor-version":[{"id":23613,"href":"https:\/\/www.organisator.ch\/fr\/wp-json\/wp\/v2\/posts\/23610\/revisions\/23613"}],"wp:featuredmedia":[{"embeddable":true,"href":"https:\/\/www.organisator.ch\/fr\/wp-json\/wp\/v2\/media\/23611"}],"wp:attachment":[{"href":"https:\/\/www.organisator.ch\/fr\/wp-json\/wp\/v2\/media?parent=23610"}],"wp:term":[{"taxonomy":"category","embeddable":true,"href":"https:\/\/www.organisator.ch\/fr\/wp-json\/wp\/v2\/categories?post=23610"},{"taxonomy":"post_tag","embeddable":true,"href":"https:\/\/www.organisator.ch\/fr\/wp-json\/wp\/v2\/tags?post=23610"}],"curies":[{"name":"wp","href":"https:\/\/api.w.org\/{rel}","templated":true}]}}