{"id":2362,"date":"2017-08-28T14:25:50","date_gmt":"2017-08-28T12:25:50","guid":{"rendered":"https:\/\/www.organisator.ch\/?p=2362"},"modified":"2017-08-28T14:25:50","modified_gmt":"2017-08-28T12:25:50","slug":"auch-arbeitnehmerverbaende-fordern-flexibleres-arbeitsgesetz","status":"publish","type":"post","link":"https:\/\/www.organisator.ch\/fr\/management\/finanzen_recht\/2017-08-28\/auch-arbeitnehmerverbaende-fordern-flexibleres-arbeitsgesetz\/","title":{"rendered":"Les associations de travailleurs demandent \u00e9galement une loi du travail plus flexible"},"content":{"rendered":"<figure id=\"attachment_2363\" aria-describedby=\"caption-attachment-2363\" style=\"width: 640px\" class=\"wp-caption alignnone\"><img loading=\"lazy\" decoding=\"async\" class=\"size-full wp-image-2363\" src=\"https:\/\/www.organisator.ch\/wp-content\/uploads\/2017\/08\/Auch-Arbeitnehmerverbaende-fordern-flexibleres-Arbeitsgesetz_Organisator.jpg\" alt=\"\" width=\"640\" height=\"480\" srcset=\"https:\/\/www.organisator.ch\/wp-content\/uploads\/2017\/08\/Auch-Arbeitnehmerverbaende-fordern-flexibleres-Arbeitsgesetz_Organisator.jpg 640w, https:\/\/www.organisator.ch\/wp-content\/uploads\/2017\/08\/Auch-Arbeitnehmerverbaende-fordern-flexibleres-Arbeitsgesetz_Organisator-16x12.jpg 16w, https:\/\/www.organisator.ch\/wp-content\/uploads\/2017\/08\/Auch-Arbeitnehmerverbaende-fordern-flexibleres-Arbeitsgesetz_Organisator-233x175.jpg 233w, https:\/\/www.organisator.ch\/wp-content\/uploads\/2017\/08\/Auch-Arbeitnehmerverbaende-fordern-flexibleres-Arbeitsgesetz_Organisator-467x350.jpg 467w, https:\/\/www.organisator.ch\/wp-content\/uploads\/2017\/08\/Auch-Arbeitnehmerverbaende-fordern-flexibleres-Arbeitsgesetz_Organisator-300x225.jpg 300w\" sizes=\"auto, (max-width: 640px) 100vw, 640px\" \/><figcaption id=\"caption-attachment-2363\" class=\"wp-caption-text\">Des horaires de travail plus flexibles ne sont qu'une des nombreuses exigences que diverses associations de travailleurs posent \u00e0 une nouvelle loi sur le travail. (Image : Gerd Altmann - pixelio.de)<\/figcaption><\/figure>\n<p>De nombreux employeurs estiment que la loi sur le travail actuelle doit \u00eatre r\u00e9form\u00e9e depuis longtemps. Diverses interventions politiques en faveur d'une gestion plus flexible du temps de travail sont dans le pipeline. D'un autre c\u00f4t\u00e9, divers syndicats ont d'ores et d\u00e9j\u00e0 annonc\u00e9 leur opposition. Mais les repr\u00e9sentants des travailleurs ne sont pas tous totalement oppos\u00e9s \u00e0 une r\u00e9forme de la loi sur le travail. La loi sur le travail doit \u00eatre adapt\u00e9e \u00e0 la r\u00e9alit\u00e9 du monde du travail, estime par exemple l'Union europ\u00e9enne. <em>plateforme<\/em>L'Association suisse des cadres (ASC) est une repr\u00e9sentation des int\u00e9r\u00eats des associations d'employ\u00e9s Employ\u00e9s Suisse, Soci\u00e9t\u00e9 des employ\u00e9s de commerce (kfmv), Organisation suisse des cadres (SKO) et Z\u00fcrcher Gesellschaft f\u00fcr Personal-Management (ZGP) vis-\u00e0-vis de la politique et du public. Ensemble, ces associations d\u00e9fendent les int\u00e9r\u00eats d'environ 80000 membres dans les domaines de la formation, de l'\u00e9conomie et de la politique des employ\u00e9s.<\/p>\n<p>Le site <em>plateforme<\/em> demande maintenant la modernisation de la loi sur le travail. La flexibilisation du travail, qui est une r\u00e9alit\u00e9 pour de nombreux travailleurs, doit \u00e9galement \u00eatre r\u00e9gl\u00e9e dans la loi sur le travail, peut-on lire dans un communiqu\u00e9 de presse envoy\u00e9 le 28 ao\u00fbt aux m\u00e9dias. En effet, avec la progression de la num\u00e9risation, la libre r\u00e9partition du travail gagne en importance ; la compatibilit\u00e9 entre travail, famille et activit\u00e9s extraprofessionnelles doit \u00eatre am\u00e9lior\u00e9e. C'est pourquoi les dispositions de la loi sur le travail en vigueur sont insuffisantes pour les travailleurs qui disposent d'une autonomie dans l'organisation de leur temps de travail et qui peuvent le plus souvent l'organiser librement. Des adaptations pour ce groupe de travailleurs sont donc n\u00e9cessaires, argumente l'association.<em> plateforme<\/em>.<\/p>\n<p>Le site <em>plateforme<\/em> demande un mod\u00e8le d'annualisation du temps de travail ancr\u00e9 dans la loi, qui d\u00e9finisse \u00e0 quels travailleurs s'applique la flexibilisation. Parall\u00e8lement, la notion de \"travailleurs exer\u00e7ant une fonction dirigeante \u00e9lev\u00e9e\" doit \u00eatre expliqu\u00e9e plus pr\u00e9cis\u00e9ment. La flexibilisation doit s'accompagner de mesures efficaces en mati\u00e8re de protection de la sant\u00e9. La pr\u00e9vention des risques psychosociaux est ici au premier plan. La proposition formul\u00e9e dans la <em>plateforme<\/em> pr\u00e9voit en d\u00e9tail les points suivants :<\/p>\n<ul>\n<li>Le groupe cible est constitu\u00e9 des travailleurs disposant d'une autonomie majoritaire en mati\u00e8re de temps de travail, c'est-\u00e0-dire des travailleurs disposant d'une autonomie d'organisation qui peuvent d\u00e9terminer eux-m\u00eames au moins 50% de leur temps de travail et de compensation.<\/li>\n<li>Le temps de travail doit \u00eatre d\u00e9fini en partenariat et sur un pied d'\u00e9galit\u00e9 avec l'employeur dans le cadre d'un mod\u00e8le contractuel de temps de travail annuel.<\/li>\n<li>Pas de modification du temps de travail annuel maximal (52 x 45 heures).<\/li>\n<li>Pas de modification des heures suppl\u00e9mentaires annuelles (170 heures).<\/li>\n<li>Possibilit\u00e9 d'augmenter la dur\u00e9e maximale de travail hebdomadaire \u00e0 60 heures pour une p\u00e9riode limit\u00e9e. Les heures suppl\u00e9mentaires et les heures compl\u00e9mentaires sont incluses dans ces dur\u00e9es. \u2192 R\u00e9glementation simplifi\u00e9e, car les prescriptions relatives aux heures suppl\u00e9mentaires quotidiennes sont supprim\u00e9es.<\/li>\n<li>Simplification des r\u00e8gles relatives au repos et au temps de travail : extension de la p\u00e9riode de travail quotidien \u00e0 15 heures et, en cons\u00e9quence, r\u00e9duction possible du temps de repos \u00e0 9 heures (mais 11 heures en moyenne sur 4 semaines)<\/li>\n<li>le droit \u00e0 la flexibilit\u00e9 locale (par exemple, le travail \u00e0 domicile), notamment en ce qui concerne les heures suppl\u00e9mentaires.<\/li>\n<li>R\u00e9partition flexible du travail sur la semaine de travail.<\/li>\n<li>Les mesures de protection de la sant\u00e9 sont obligatoires dans ce mod\u00e8le d'annualisation du temps de travail.<\/li>\n<\/ul>\n<p>Les associations de <em>plateforme<\/em> prennent position sur les affaires parlementaires actuelles concernant la loi sur le travail et s'engagent en faveur de cette proposition dans la suite des d\u00e9bats politiques, dans l'esprit de leurs membres.<\/p>\n<p><em>Plus d'informations : <a href=\"http:\/\/www.kfmv.ch\">www.kfmv.ch<\/a>, <a href=\"http:\/\/www.sko.ch\">www.sko.ch<\/a><\/em><\/p>","protected":false},"excerpt":{"rendered":"<p>In der Sicht vieler\u00a0Arbeitgeber ist das gegenw\u00e4rtige Arbeitsgesetz schon lange reformbed\u00fcrftig. Diverse politische Vorst\u00f6sse f\u00fcr eine flexiblere Handhabung von Arbeitszeiten sind in der Pipeline. Auf der anderen Seite haben diverse Gewerkschaften schon jetzt Widerstand angek\u00fcndigt. Doch nicht alle Arbeitnehmervertreter sind partout gegen eine Reform des Arbeitsgesetzes. Das Arbeitsgesetz m\u00fcsse der Realit\u00e4t der Arbeitswelt angepasst werden, [&hellip;]<\/p>\n","protected":false},"author":4,"featured_media":2363,"comment_status":"open","ping_status":"open","sticky":false,"template":"","format":"standard","meta":{"_acf_changed":false,"_yoast_wpseo_focuskw":"Arbeitnehmerverb\u00e4nde","_yoast_wpseo_metadesc":"Verschiedene Arbeitnehmerverb\u00e4nde fordern die Modernisierung des Arbeitsgesetzes f\u00fcr Arbeitnehmende mit hoher Arbeitszeitautonomie.","articlekey":"","footnotes":""},"categories":[24],"tags":[51,202,254,531],"class_list":["post-2362","post","type-post","status-publish","format-standard","has-post-thumbnail","hentry","category-finanzen_recht","tag-arbeitsplatzgestaltung","tag-finanzenrecht","tag-hrm","tag-wirtschaftspolitik"],"acf":[],"yoast_head":"<!-- This site is optimized with the Yoast SEO plugin v27.4 - https:\/\/yoast.com\/product\/yoast-seo-wordpress\/ -->\n<title>Auch Arbeitnehmerverb\u00e4nde fordern flexibleres Arbeitsgesetz - Organisator<\/title>\n<meta name=\"description\" content=\"Verschiedene Arbeitnehmerverb\u00e4nde fordern die Modernisierung des Arbeitsgesetzes f\u00fcr Arbeitnehmende mit hoher Arbeitszeitautonomie.\" \/>\n<meta name=\"robots\" content=\"index, follow, max-snippet:-1, max-image-preview:large, max-video-preview:-1\" \/>\n<link rel=\"canonical\" href=\"https:\/\/www.organisator.ch\/fr\/gestion-2\/finanzen_recht\/2017-08-28\/auch-arbeitnehmerverbaende-fordern-flexibleres-arbeitsgesetz\/\" \/>\n<meta property=\"og:locale\" content=\"fr_FR\" \/>\n<meta property=\"og:type\" content=\"article\" \/>\n<meta property=\"og:title\" content=\"Auch Arbeitnehmerverb\u00e4nde fordern flexibleres Arbeitsgesetz\" \/>\n<meta property=\"og:description\" content=\"Die #Arbeitnehmerverb\u00e4nde Angestellte Schweiz, Kaufm\u00e4nnischer Verband, Schweizer Kader Organisation #SKO und der Z\u00fcrcher Gesellschaft f\u00fcr Personal-Management (ZGP) fordert die Modernisierung des Arbeitsgesetzes f\u00fcr #Arbeitnehmende mit hoher Arbeitszeitautonomie.\" \/>\n<meta property=\"og:url\" content=\"https:\/\/www.organisator.ch\/fr\/gestion-2\/finanzen_recht\/2017-08-28\/auch-arbeitnehmerverbaende-fordern-flexibleres-arbeitsgesetz\/\" \/>\n<meta property=\"og:site_name\" content=\"Organisator\" \/>\n<meta property=\"article:publisher\" content=\"https:\/\/www.facebook.com\/OrganisatorFachmagazin\" \/>\n<meta property=\"article:published_time\" content=\"2017-08-28T12:25:50+00:00\" \/>\n<meta property=\"og:image\" content=\"https:\/\/www.organisator.ch\/wp-content\/uploads\/2017\/08\/Auch-Arbeitnehmerverbaende-fordern-flexibleres-Arbeitsgesetz_Organisator.jpg\" \/>\n\t<meta property=\"og:image:width\" content=\"640\" \/>\n\t<meta property=\"og:image:height\" content=\"480\" \/>\n\t<meta property=\"og:image:type\" content=\"image\/jpeg\" \/>\n<meta name=\"author\" content=\"thomas.berner\" \/>\n<meta name=\"twitter:card\" content=\"summary_large_image\" \/>\n<meta name=\"twitter:title\" content=\"Auch #Arbeitnehmerverb\u00e4nde fordern flexibleres #Arbeitsgesetz\" \/>\n<meta name=\"twitter:description\" content=\"Die #Arbeitnehmerverb\u00e4nde Angestellte Schweiz, Kaufm\u00e4nnischer Verband, Schweizer Kader Organisation #SKO und der Z\u00fcrcher Gesellschaft f\u00fcr Personal-Management (ZGP) fordert die Modernisierung des Arbeitsgesetzes f\u00fcr #Arbeitnehmende mit hoher Arbeitszeitautonomie.\" \/>\n<script type=\"application\/ld+json\" class=\"yoast-schema-graph\">{\"@context\":\"https:\\\/\\\/schema.org\",\"@graph\":[{\"@type\":\"Article\",\"@id\":\"https:\\\/\\\/www.organisator.ch\\\/management\\\/finanzen_recht\\\/2017-08-28\\\/auch-arbeitnehmerverbaende-fordern-flexibleres-arbeitsgesetz\\\/#article\",\"isPartOf\":{\"@id\":\"https:\\\/\\\/www.organisator.ch\\\/management\\\/finanzen_recht\\\/2017-08-28\\\/auch-arbeitnehmerverbaende-fordern-flexibleres-arbeitsgesetz\\\/\"},\"author\":{\"name\":\"thomas.berner\",\"@id\":\"https:\\\/\\\/www.organisator.ch\\\/#\\\/schema\\\/person\\\/6f650f90b2842cd4c0cc334b4e36f67e\"},\"headline\":\"Auch Arbeitnehmerverb\u00e4nde fordern flexibleres Arbeitsgesetz\",\"datePublished\":\"2017-08-28T12:25:50+00:00\",\"mainEntityOfPage\":{\"@id\":\"https:\\\/\\\/www.organisator.ch\\\/management\\\/finanzen_recht\\\/2017-08-28\\\/auch-arbeitnehmerverbaende-fordern-flexibleres-arbeitsgesetz\\\/\"},\"wordCount\":495,\"commentCount\":0,\"publisher\":{\"@id\":\"https:\\\/\\\/www.organisator.ch\\\/#organization\"},\"image\":{\"@id\":\"https:\\\/\\\/www.organisator.ch\\\/management\\\/finanzen_recht\\\/2017-08-28\\\/auch-arbeitnehmerverbaende-fordern-flexibleres-arbeitsgesetz\\\/#primaryimage\"},\"thumbnailUrl\":\"https:\\\/\\\/www.organisator.ch\\\/wp-content\\\/uploads\\\/2017\\\/08\\\/Auch-Arbeitnehmerverbaende-fordern-flexibleres-Arbeitsgesetz_Organisator.jpg\",\"keywords\":[\"Arbeitsplatzgestaltung\",\"Finanzen\\\/Recht\",\"HRM\",\"Wirtschaftspolitik\"],\"articleSection\":[\"FINANZEN\\\/RECHT\"],\"inLanguage\":\"fr-FR\"},{\"@type\":\"WebPage\",\"@id\":\"https:\\\/\\\/www.organisator.ch\\\/management\\\/finanzen_recht\\\/2017-08-28\\\/auch-arbeitnehmerverbaende-fordern-flexibleres-arbeitsgesetz\\\/\",\"url\":\"https:\\\/\\\/www.organisator.ch\\\/management\\\/finanzen_recht\\\/2017-08-28\\\/auch-arbeitnehmerverbaende-fordern-flexibleres-arbeitsgesetz\\\/\",\"name\":\"Auch Arbeitnehmerverb\u00e4nde fordern flexibleres Arbeitsgesetz - Organisator\",\"isPartOf\":{\"@id\":\"https:\\\/\\\/www.organisator.ch\\\/#website\"},\"primaryImageOfPage\":{\"@id\":\"https:\\\/\\\/www.organisator.ch\\\/management\\\/finanzen_recht\\\/2017-08-28\\\/auch-arbeitnehmerverbaende-fordern-flexibleres-arbeitsgesetz\\\/#primaryimage\"},\"image\":{\"@id\":\"https:\\\/\\\/www.organisator.ch\\\/management\\\/finanzen_recht\\\/2017-08-28\\\/auch-arbeitnehmerverbaende-fordern-flexibleres-arbeitsgesetz\\\/#primaryimage\"},\"thumbnailUrl\":\"https:\\\/\\\/www.organisator.ch\\\/wp-content\\\/uploads\\\/2017\\\/08\\\/Auch-Arbeitnehmerverbaende-fordern-flexibleres-Arbeitsgesetz_Organisator.jpg\",\"datePublished\":\"2017-08-28T12:25:50+00:00\",\"description\":\"Verschiedene Arbeitnehmerverb\u00e4nde fordern die Modernisierung des Arbeitsgesetzes f\u00fcr Arbeitnehmende mit hoher Arbeitszeitautonomie.\",\"breadcrumb\":{\"@id\":\"https:\\\/\\\/www.organisator.ch\\\/management\\\/finanzen_recht\\\/2017-08-28\\\/auch-arbeitnehmerverbaende-fordern-flexibleres-arbeitsgesetz\\\/#breadcrumb\"},\"inLanguage\":\"fr-FR\",\"potentialAction\":[{\"@type\":\"ReadAction\",\"target\":[\"https:\\\/\\\/www.organisator.ch\\\/management\\\/finanzen_recht\\\/2017-08-28\\\/auch-arbeitnehmerverbaende-fordern-flexibleres-arbeitsgesetz\\\/\"]}]},{\"@type\":\"ImageObject\",\"inLanguage\":\"fr-FR\",\"@id\":\"https:\\\/\\\/www.organisator.ch\\\/management\\\/finanzen_recht\\\/2017-08-28\\\/auch-arbeitnehmerverbaende-fordern-flexibleres-arbeitsgesetz\\\/#primaryimage\",\"url\":\"https:\\\/\\\/www.organisator.ch\\\/wp-content\\\/uploads\\\/2017\\\/08\\\/Auch-Arbeitnehmerverbaende-fordern-flexibleres-Arbeitsgesetz_Organisator.jpg\",\"contentUrl\":\"https:\\\/\\\/www.organisator.ch\\\/wp-content\\\/uploads\\\/2017\\\/08\\\/Auch-Arbeitnehmerverbaende-fordern-flexibleres-Arbeitsgesetz_Organisator.jpg\",\"width\":640,\"height\":480,\"caption\":\"Flexiblere Arbeitszeiten sind nur eine von vielen Anforderungen von Arbeitnehmerverb\u00e4nden an ein neues Arbeitsgesetz. (Bild: Gerd Altmann - pixelio.de)\"},{\"@type\":\"BreadcrumbList\",\"@id\":\"https:\\\/\\\/www.organisator.ch\\\/management\\\/finanzen_recht\\\/2017-08-28\\\/auch-arbeitnehmerverbaende-fordern-flexibleres-arbeitsgesetz\\\/#breadcrumb\",\"itemListElement\":[{\"@type\":\"ListItem\",\"position\":1,\"name\":\"Home\",\"item\":\"https:\\\/\\\/www.organisator.ch\\\/\"},{\"@type\":\"ListItem\",\"position\":2,\"name\":\"Auch Arbeitnehmerverb\u00e4nde fordern flexibleres Arbeitsgesetz\"}]},{\"@type\":\"WebSite\",\"@id\":\"https:\\\/\\\/www.organisator.ch\\\/#website\",\"url\":\"https:\\\/\\\/www.organisator.ch\\\/\",\"name\":\"Organisator\",\"description\":\"Kompetent. Praxisnah. Der ORGANISATOR bereitet in 10 Ausgaben pro Jahr die wesentlichen Themen f\u00fcr F\u00fchrungskr\u00e4fte von KMU auf.\",\"publisher\":{\"@id\":\"https:\\\/\\\/www.organisator.ch\\\/#organization\"},\"potentialAction\":[{\"@type\":\"SearchAction\",\"target\":{\"@type\":\"EntryPoint\",\"urlTemplate\":\"https:\\\/\\\/www.organisator.ch\\\/?s={search_term_string}\"},\"query-input\":{\"@type\":\"PropertyValueSpecification\",\"valueRequired\":true,\"valueName\":\"search_term_string\"}}],\"inLanguage\":\"fr-FR\"},{\"@type\":\"Organization\",\"@id\":\"https:\\\/\\\/www.organisator.ch\\\/#organization\",\"name\":\"Organisator\",\"url\":\"https:\\\/\\\/www.organisator.ch\\\/\",\"logo\":{\"@type\":\"ImageObject\",\"inLanguage\":\"fr-FR\",\"@id\":\"https:\\\/\\\/www.organisator.ch\\\/#\\\/schema\\\/logo\\\/image\\\/\",\"url\":\"https:\\\/\\\/www.organisator.ch\\\/wp-content\\\/uploads\\\/2022\\\/01\\\/Logo_Organisator_Website.png\",\"contentUrl\":\"https:\\\/\\\/www.organisator.ch\\\/wp-content\\\/uploads\\\/2022\\\/01\\\/Logo_Organisator_Website.png\",\"width\":800,\"height\":77,\"caption\":\"Organisator\"},\"image\":{\"@id\":\"https:\\\/\\\/www.organisator.ch\\\/#\\\/schema\\\/logo\\\/image\\\/\"},\"sameAs\":[\"https:\\\/\\\/www.facebook.com\\\/OrganisatorFachmagazin\",\"https:\\\/\\\/www.linkedin.com\\\/showcase\\\/organisator-das-magazin-fr-kmu\",\"https:\\\/\\\/www.xing.com\\\/news\\\/pages\\\/organisator-ch-695\",\"https:\\\/\\\/www.youtube.com\\\/channel\\\/UCGP2Sq0iWaZwT3BdIAQFYpw\"]},{\"@type\":\"Person\",\"@id\":\"https:\\\/\\\/www.organisator.ch\\\/#\\\/schema\\\/person\\\/6f650f90b2842cd4c0cc334b4e36f67e\",\"name\":\"thomas.berner\",\"image\":{\"@type\":\"ImageObject\",\"inLanguage\":\"fr-FR\",\"@id\":\"https:\\\/\\\/secure.gravatar.com\\\/avatar\\\/ac5001d2a36cb6c6cd3e50789007ffca834b477b74a2144564522e944eabff61?s=96&d=mm&r=g\",\"url\":\"https:\\\/\\\/secure.gravatar.com\\\/avatar\\\/ac5001d2a36cb6c6cd3e50789007ffca834b477b74a2144564522e944eabff61?s=96&d=mm&r=g\",\"contentUrl\":\"https:\\\/\\\/secure.gravatar.com\\\/avatar\\\/ac5001d2a36cb6c6cd3e50789007ffca834b477b74a2144564522e944eabff61?s=96&d=mm&r=g\",\"caption\":\"thomas.berner\"},\"url\":\"https:\\\/\\\/www.organisator.ch\\\/fr\\\/author\\\/thomas-berner\\\/\"}]}<\/script>\n<!-- \/ Yoast SEO plugin. -->","yoast_head_json":{"title":"Les associations de travailleurs demandent \u00e9galement une loi sur le travail plus flexible - Organisateur","description":"Plusieurs associations de travailleurs demandent la modernisation de la loi sur le travail pour les travailleurs disposant d'une grande autonomie en mati\u00e8re de temps de travail.","robots":{"index":"index","follow":"follow","max-snippet":"max-snippet:-1","max-image-preview":"max-image-preview:large","max-video-preview":"max-video-preview:-1"},"canonical":"https:\/\/www.organisator.ch\/fr\/gestion-2\/finanzen_recht\/2017-08-28\/auch-arbeitnehmerverbaende-fordern-flexibleres-arbeitsgesetz\/","og_locale":"fr_FR","og_type":"article","og_title":"Auch Arbeitnehmerverb\u00e4nde fordern flexibleres Arbeitsgesetz","og_description":"Die #Arbeitnehmerverb\u00e4nde Angestellte Schweiz, Kaufm\u00e4nnischer Verband, Schweizer Kader Organisation #SKO und der Z\u00fcrcher Gesellschaft f\u00fcr Personal-Management (ZGP) fordert die Modernisierung des Arbeitsgesetzes f\u00fcr #Arbeitnehmende mit hoher Arbeitszeitautonomie.","og_url":"https:\/\/www.organisator.ch\/fr\/gestion-2\/finanzen_recht\/2017-08-28\/auch-arbeitnehmerverbaende-fordern-flexibleres-arbeitsgesetz\/","og_site_name":"Organisator","article_publisher":"https:\/\/www.facebook.com\/OrganisatorFachmagazin","article_published_time":"2017-08-28T12:25:50+00:00","og_image":[{"width":640,"height":480,"url":"https:\/\/www.organisator.ch\/wp-content\/uploads\/2017\/08\/Auch-Arbeitnehmerverbaende-fordern-flexibleres-Arbeitsgesetz_Organisator.jpg","type":"image\/jpeg"}],"author":"thomas.berner","twitter_card":"summary_large_image","twitter_title":"Auch #Arbeitnehmerverb\u00e4nde fordern flexibleres #Arbeitsgesetz","twitter_description":"Die #Arbeitnehmerverb\u00e4nde Angestellte Schweiz, Kaufm\u00e4nnischer Verband, Schweizer Kader Organisation #SKO und der Z\u00fcrcher Gesellschaft f\u00fcr Personal-Management (ZGP) fordert die Modernisierung des Arbeitsgesetzes f\u00fcr #Arbeitnehmende mit hoher Arbeitszeitautonomie.","schema":{"@context":"https:\/\/schema.org","@graph":[{"@type":"Article","@id":"https:\/\/www.organisator.ch\/management\/finanzen_recht\/2017-08-28\/auch-arbeitnehmerverbaende-fordern-flexibleres-arbeitsgesetz\/#article","isPartOf":{"@id":"https:\/\/www.organisator.ch\/management\/finanzen_recht\/2017-08-28\/auch-arbeitnehmerverbaende-fordern-flexibleres-arbeitsgesetz\/"},"author":{"name":"thomas.berner","@id":"https:\/\/www.organisator.ch\/#\/schema\/person\/6f650f90b2842cd4c0cc334b4e36f67e"},"headline":"Auch Arbeitnehmerverb\u00e4nde fordern flexibleres Arbeitsgesetz","datePublished":"2017-08-28T12:25:50+00:00","mainEntityOfPage":{"@id":"https:\/\/www.organisator.ch\/management\/finanzen_recht\/2017-08-28\/auch-arbeitnehmerverbaende-fordern-flexibleres-arbeitsgesetz\/"},"wordCount":495,"commentCount":0,"publisher":{"@id":"https:\/\/www.organisator.ch\/#organization"},"image":{"@id":"https:\/\/www.organisator.ch\/management\/finanzen_recht\/2017-08-28\/auch-arbeitnehmerverbaende-fordern-flexibleres-arbeitsgesetz\/#primaryimage"},"thumbnailUrl":"https:\/\/www.organisator.ch\/wp-content\/uploads\/2017\/08\/Auch-Arbeitnehmerverbaende-fordern-flexibleres-Arbeitsgesetz_Organisator.jpg","keywords":["Arbeitsplatzgestaltung","Finanzen\/Recht","HRM","Wirtschaftspolitik"],"articleSection":["FINANZEN\/RECHT"],"inLanguage":"fr-FR"},{"@type":"WebPage","@id":"https:\/\/www.organisator.ch\/management\/finanzen_recht\/2017-08-28\/auch-arbeitnehmerverbaende-fordern-flexibleres-arbeitsgesetz\/","url":"https:\/\/www.organisator.ch\/management\/finanzen_recht\/2017-08-28\/auch-arbeitnehmerverbaende-fordern-flexibleres-arbeitsgesetz\/","name":"Les associations de travailleurs demandent \u00e9galement une loi sur le travail plus flexible - Organisateur","isPartOf":{"@id":"https:\/\/www.organisator.ch\/#website"},"primaryImageOfPage":{"@id":"https:\/\/www.organisator.ch\/management\/finanzen_recht\/2017-08-28\/auch-arbeitnehmerverbaende-fordern-flexibleres-arbeitsgesetz\/#primaryimage"},"image":{"@id":"https:\/\/www.organisator.ch\/management\/finanzen_recht\/2017-08-28\/auch-arbeitnehmerverbaende-fordern-flexibleres-arbeitsgesetz\/#primaryimage"},"thumbnailUrl":"https:\/\/www.organisator.ch\/wp-content\/uploads\/2017\/08\/Auch-Arbeitnehmerverbaende-fordern-flexibleres-Arbeitsgesetz_Organisator.jpg","datePublished":"2017-08-28T12:25:50+00:00","description":"Plusieurs associations de travailleurs demandent la modernisation de la loi sur le travail pour les travailleurs disposant d'une grande autonomie en mati\u00e8re de temps de travail.","breadcrumb":{"@id":"https:\/\/www.organisator.ch\/management\/finanzen_recht\/2017-08-28\/auch-arbeitnehmerverbaende-fordern-flexibleres-arbeitsgesetz\/#breadcrumb"},"inLanguage":"fr-FR","potentialAction":[{"@type":"ReadAction","target":["https:\/\/www.organisator.ch\/management\/finanzen_recht\/2017-08-28\/auch-arbeitnehmerverbaende-fordern-flexibleres-arbeitsgesetz\/"]}]},{"@type":"ImageObject","inLanguage":"fr-FR","@id":"https:\/\/www.organisator.ch\/management\/finanzen_recht\/2017-08-28\/auch-arbeitnehmerverbaende-fordern-flexibleres-arbeitsgesetz\/#primaryimage","url":"https:\/\/www.organisator.ch\/wp-content\/uploads\/2017\/08\/Auch-Arbeitnehmerverbaende-fordern-flexibleres-Arbeitsgesetz_Organisator.jpg","contentUrl":"https:\/\/www.organisator.ch\/wp-content\/uploads\/2017\/08\/Auch-Arbeitnehmerverbaende-fordern-flexibleres-Arbeitsgesetz_Organisator.jpg","width":640,"height":480,"caption":"Flexiblere Arbeitszeiten sind nur eine von vielen Anforderungen von Arbeitnehmerverb\u00e4nden an ein neues Arbeitsgesetz. (Bild: Gerd Altmann - pixelio.de)"},{"@type":"BreadcrumbList","@id":"https:\/\/www.organisator.ch\/management\/finanzen_recht\/2017-08-28\/auch-arbeitnehmerverbaende-fordern-flexibleres-arbeitsgesetz\/#breadcrumb","itemListElement":[{"@type":"ListItem","position":1,"name":"Home","item":"https:\/\/www.organisator.ch\/"},{"@type":"ListItem","position":2,"name":"Auch Arbeitnehmerverb\u00e4nde fordern flexibleres Arbeitsgesetz"}]},{"@type":"WebSite","@id":"https:\/\/www.organisator.ch\/#website","url":"https:\/\/www.organisator.ch\/","name":"Organisateur","description":"Comp\u00e9tence et comp\u00e9tence. Proches de la pratique. L'ORGANISATEUR pr\u00e9pare 10 num\u00e9ros par an sur les th\u00e8mes essentiels pour les dirigeants de PME.","publisher":{"@id":"https:\/\/www.organisator.ch\/#organization"},"potentialAction":[{"@type":"SearchAction","target":{"@type":"EntryPoint","urlTemplate":"https:\/\/www.organisator.ch\/?s={search_term_string}"},"query-input":{"@type":"PropertyValueSpecification","valueRequired":true,"valueName":"search_term_string"}}],"inLanguage":"fr-FR"},{"@type":"Organization","@id":"https:\/\/www.organisator.ch\/#organization","name":"Organisateur","url":"https:\/\/www.organisator.ch\/","logo":{"@type":"ImageObject","inLanguage":"fr-FR","@id":"https:\/\/www.organisator.ch\/#\/schema\/logo\/image\/","url":"https:\/\/www.organisator.ch\/wp-content\/uploads\/2022\/01\/Logo_Organisator_Website.png","contentUrl":"https:\/\/www.organisator.ch\/wp-content\/uploads\/2022\/01\/Logo_Organisator_Website.png","width":800,"height":77,"caption":"Organisator"},"image":{"@id":"https:\/\/www.organisator.ch\/#\/schema\/logo\/image\/"},"sameAs":["https:\/\/www.facebook.com\/OrganisatorFachmagazin","https:\/\/www.linkedin.com\/showcase\/organisator-das-magazin-fr-kmu","https:\/\/www.xing.com\/news\/pages\/organisator-ch-695","https:\/\/www.youtube.com\/channel\/UCGP2Sq0iWaZwT3BdIAQFYpw"]},{"@type":"Person","@id":"https:\/\/www.organisator.ch\/#\/schema\/person\/6f650f90b2842cd4c0cc334b4e36f67e","name":"thomas.berner","image":{"@type":"ImageObject","inLanguage":"fr-FR","@id":"https:\/\/secure.gravatar.com\/avatar\/ac5001d2a36cb6c6cd3e50789007ffca834b477b74a2144564522e944eabff61?s=96&d=mm&r=g","url":"https:\/\/secure.gravatar.com\/avatar\/ac5001d2a36cb6c6cd3e50789007ffca834b477b74a2144564522e944eabff61?s=96&d=mm&r=g","contentUrl":"https:\/\/secure.gravatar.com\/avatar\/ac5001d2a36cb6c6cd3e50789007ffca834b477b74a2144564522e944eabff61?s=96&d=mm&r=g","caption":"thomas.berner"},"url":"https:\/\/www.organisator.ch\/fr\/author\/thomas-berner\/"}]}},"_links":{"self":[{"href":"https:\/\/www.organisator.ch\/fr\/wp-json\/wp\/v2\/posts\/2362","targetHints":{"allow":["GET"]}}],"collection":[{"href":"https:\/\/www.organisator.ch\/fr\/wp-json\/wp\/v2\/posts"}],"about":[{"href":"https:\/\/www.organisator.ch\/fr\/wp-json\/wp\/v2\/types\/post"}],"author":[{"embeddable":true,"href":"https:\/\/www.organisator.ch\/fr\/wp-json\/wp\/v2\/users\/4"}],"replies":[{"embeddable":true,"href":"https:\/\/www.organisator.ch\/fr\/wp-json\/wp\/v2\/comments?post=2362"}],"version-history":[{"count":0,"href":"https:\/\/www.organisator.ch\/fr\/wp-json\/wp\/v2\/posts\/2362\/revisions"}],"wp:featuredmedia":[{"embeddable":true,"href":"https:\/\/www.organisator.ch\/fr\/wp-json\/wp\/v2\/media\/2363"}],"wp:attachment":[{"href":"https:\/\/www.organisator.ch\/fr\/wp-json\/wp\/v2\/media?parent=2362"}],"wp:term":[{"taxonomy":"category","embeddable":true,"href":"https:\/\/www.organisator.ch\/fr\/wp-json\/wp\/v2\/categories?post=2362"},{"taxonomy":"post_tag","embeddable":true,"href":"https:\/\/www.organisator.ch\/fr\/wp-json\/wp\/v2\/tags?post=2362"}],"curies":[{"name":"wp","href":"https:\/\/api.w.org\/{rel}","templated":true}]}}