{"id":2369,"date":"2019-08-12T11:31:33","date_gmt":"2019-08-12T09:31:33","guid":{"rendered":"https:\/\/www.umweltperspektiven.ch\/?p=2369"},"modified":"2019-08-12T11:31:33","modified_gmt":"2019-08-12T09:31:33","slug":"scientifica-wenn-wissenschaftliche-fakten-auf-science-fiction-treffen","status":"publish","type":"post","link":"https:\/\/www.organisator.ch\/fr\/allgemein\/2019-08-12\/scientifica-wenn-wissenschaftliche-fakten-auf-science-fiction-treffen\/","title":{"rendered":"\"Scientifica\" : quand les faits scientifiques rencontrent la science-fiction"},"content":{"rendered":"<figure id=\"attachment_2370\" aria-describedby=\"caption-attachment-2370\" style=\"width: 440px\" class=\"wp-caption alignnone\"><img loading=\"lazy\" decoding=\"async\" class=\"size-full wp-image-2370\" src=\"\/\/www.umweltperspektiven.ch\/wp-content\/uploads\/2019\/08\/kosmos.jpg\" alt=\"\" width=\"440\" height=\"280\" srcset=\"https:\/\/www.organisator.ch\/wp-content\/uploads\/2019\/08\/kosmos.jpg 440w, https:\/\/www.organisator.ch\/wp-content\/uploads\/2019\/08\/kosmos-18x12.jpg 18w, https:\/\/www.organisator.ch\/wp-content\/uploads\/2019\/08\/kosmos-275x175.jpg 275w, https:\/\/www.organisator.ch\/wp-content\/uploads\/2019\/08\/kosmos-300x191.jpg 300w\" sizes=\"auto, (max-width: 440px) 100vw, 440px\" \/><figcaption id=\"caption-attachment-2370\" class=\"wp-caption-text\">Science-fiction classique ou histoire des sciences ? Pendant les journ\u00e9es scientifiques zurichoises \"Scientifica\", m\u00eame les profanes peuvent suivre des th\u00e8mes de recherche contemporains apr\u00e8s des projections de films passionnantes. (Image : zVg)<\/figcaption><\/figure>\n<p>Pendant les Journ\u00e9es scientifiques de l'Universit\u00e9 de Zurich et de l'ETH Zurich, tout tourne autour de \"Scientifica\", de la science-fiction et des derniers courants scientifiques. Pour ce faire, l'Universit\u00e9 de Zurich et l'ETH Zurich projetteront \u00e9galement une s\u00e9lection de classiques de la science-fiction au cin\u00e9ma Kosmos.<\/p>\n<p>Des chercheurs des deux institutions souhaitent ainsi apporter un regard scientifique sur des th\u00e8mes tels que l'intelligence artificielle, la vie extraterrestre ou le voyage dans le temps et se consacrer aux avis du public apr\u00e8s les projections.<\/p>\n<p><strong>Science-fiction ou science ?<\/strong><\/p>\n<p>Par exemple, le film \"Imitation Game\" de Morten Tyldum (2014, E\/d) est pr\u00e9sent\u00e9 \u00e0 la fin de la \"<span class=\"lead\">Scientifica\" a \u00e9t\u00e9 pr\u00e9sent\u00e9. En fait, ce n'est pas un k<\/span>lassischer Science-Fiction, mais une \"histoire scientifique fictionnalis\u00e9e\", peut-on lire dans le communiqu\u00e9 de presse du spectacle scientifique. Imitation Game\" met en sc\u00e8ne le d\u00e9veloppement dramatique de la premi\u00e8re machine intelligente par Alan Turing. Turing a d\u00e9velopp\u00e9 en 1953 l'un des premiers <a title=\"Programme d&#039;\u00e9checs\" href=\"\/\/de.wikipedia.org\/wiki\/Schachprogramm\">Programmes d'\u00e9checs<\/a>dont il n'a pas pu calculer les <a title=\"Mat\u00e9riel informatique\" href=\"\/\/de.wikipedia.org\/wiki\/Hardware\">Mat\u00e9riel informatique<\/a> lui-m\u00eame. Son nom a \u00e9t\u00e9 donn\u00e9 au <a title=\"Prix Turing\" href=\"\/\/de.wikipedia.org\/wiki\/Turing_Award\">Prix Turing<\/a>le prix le plus prestigieux dans le domaine de l'informatique, ainsi que le <a title=\"Test de Turing\" href=\"\/\/de.wikipedia.org\/wiki\/Turing-Test\">Test de Turing<\/a> pour v\u00e9rifier la pr\u00e9sence de <a title=\"Intelligence artificielle\" href=\"\/\/de.wikipedia.org\/wiki\/K%C3%BCnstliche_Intelligenz\">l'intelligence artificielle<\/a> (source : Wikipedia). La vie de Turing elle-m\u00eame a \u00e9t\u00e9 d\u00e9termin\u00e9e de l'ext\u00e9rieur par un corps m\u00e9dical britannique rigide.<\/p>\n<p>Le test de Turing permet-il encore aujourd'hui de distinguer l'intelligence artificielle de l'intelligence naturelle ? Apr\u00e8s le film \u00e9mouvant sur Turing, le Dr Markus Kneer, philosophe (FNS Ambizione Fellow, Centre d'\u00e9thique et Digital Society Initiative) de l'UZH, donne des aper\u00e7us tr\u00e8s int\u00e9ressants sur la science actuelle, comme par exemple le 28 ao\u00fbt 2019.<\/p>\n<p><strong>Autres films comme \"\u00e9chauffement Sci Fi pour Scientifica<\/strong><\/p>\n<p><b>Jeudi 22 ao\u00fbt : Black Panther<\/b> de Ryan Coogler, 2017. Discussion avec le Dr Adina Rom, \u00e9conomiste du d\u00e9veloppement, Mary Uyoga, experte de l'Afrique, et les scientifiques sp\u00e9cialistes des mat\u00e9riaux Firehiwot Nesro Kedir et Dr Gnanli Landrou, EPFZ.<br \/>\n<b>Ve 23 ao\u00fbt : Brazil<\/b> de Terry Gilliam, 1985. Expert : Dr Moritz B\u00fcchi, sp\u00e9cialiste en communication, UZH.<br \/>\n<b>Sa. 24.8 : The Martian<\/b> de Ridley Scott, 2015. Expert : Grace Crain, scientifique de l'environnement, EPFZ.<br \/>\n<b>dim. 25.8 : Alien<\/b> de Ridley Scott, 1979. Expert : Prof. Ben Moore, astrophysicien, UZH.<br \/>\n<b>Lu. 26.8 : Blade Runner - The Final Cut<\/b> de Ridley Scott, 2007. Expert : Professeur Lutz J\u00e4ncke, neuropsychologue, UZH.<br \/>\n<b>Ma. 27.8 : Retour vers le futur<\/b> par Robert Zemekis, 1985. Expert : Professeur Norman Sieroka, philosophe, ETH.<\/p>\n<p><a href=\"\/\/www.scientifica.ch\/events\/warm-up-im-kosmos\/the-imitation-game\/\"><strong>Mer 28.8. Jeu d'imitation <\/strong>deMorten Tyldum, 2014, E\/d : Expert Dr. Markus Kneer, Philosophe, FNS Ambizione Fellow, Centre d'Ethique et Digital Society Initiative, UZH<\/a><\/p>\n<p>Les Journ\u00e9es scientifiques de Zurich <a href=\"\/\/newsletter.uzh.ch\/goto.php?l=5c2w6z.695kot,u=4372f9d6e156655bda9a3115eacf4a54,n=20v0v.12fcjnc,art_id=20v0w.hj1mm5\" rel=\"id_5d5123c052c98\">\"Scientifica\"<\/a> auront lieu du 30 ao\u00fbt au 1er septembre sur le site de l'UZH et de l'ETH.<\/p>\n<p><em>En collaboration avec les Journ\u00e9es scientifiques de Zurich <a href=\"\/\/www.scientifica.ch\" target=\"_blank\" rel=\"noopener\">Scientifica<\/a> (du 30 ao\u00fbt au 1er septembre), une s\u00e9lection de classiques de la science-fiction sera projet\u00e9e du 22 au 28 ao\u00fbt. En accompagnement des films, des chercheurs de l'ETH et de l'Universit\u00e9 de Zurich jetteront un regard scientifique sur des th\u00e8mes tels que le voyage dans le temps, l'intelligence artificielle ou la vie extraterrestre et r\u00e9pondront aux questions du public.<\/em><\/p>\n<p><a href=\"\/\/www.kosmos.ch\">www.kosmos.ch<\/a><\/p>\n<p>&nbsp;<\/p>\n<p>&nbsp;<\/p>\n<p>&nbsp;<\/p>\n<p>&nbsp;<\/p>","protected":false},"excerpt":{"rendered":"<p>W\u00e4hrend der Wissenschafttagen der Universit\u00e4t Z\u00fcrich und die ETH Z\u00fcrich dreht sich alles um &#8222;Scientifica&#8220;, um Science-Fiction und um neuste wissenschaftliche Str\u00f6mungen. Hierzu zeigen die Universit\u00e4t Z\u00fcrich und die ETH Z\u00fcrich auch im Kino Kosmos ausgew\u00e4hlte Science-Fiction-Klassiker. Forschende beider Institutionen m\u00f6chten dabei einen wissenschaftlichen Blick auf Themen wie k\u00fcnstliche Intelligenz, ausserirdisches Leben oder Zeitreisen geben [&hellip;]<\/p>\n","protected":false},"author":5,"featured_media":2370,"comment_status":"open","ping_status":"open","sticky":false,"template":"","format":"standard","meta":{"_acf_changed":false,"_yoast_wpseo_focuskw":"Scientifica","_yoast_wpseo_metadesc":"Als Auftakt zu den Z\u00fcrcher Wissenschaftstagen \u00abScientifica\u00bb zum Thema \u00abScience Fiction \u2013 Science Facts\u00bb werden spannende Filme vorgef\u00fchrt und diskutiert.","articlekey":"","footnotes":""},"categories":[1],"tags":[1167,1170,218,1492,319,2096,2338,533],"class_list":["post-2369","post","type-post","status-publish","format-standard","has-post-thumbnail","hentry","category-allgemein","tag-festival","tag-film","tag-forschung","tag-kino","tag-kuenstliche-intelligenz","tag-science-fiction","tag-turing","tag-wissenschaft"],"acf":[],"yoast_head":"<!-- This site is optimized with the Yoast SEO plugin v27.4 - https:\/\/yoast.com\/product\/yoast-seo-wordpress\/ -->\n<title>&quot;Scientifica&quot;: Wenn wissenschaftliche Fakten auf Science Fiction treffen - Organisator<\/title>\n<meta name=\"description\" content=\"Als Auftakt zu den Z\u00fcrcher Wissenschaftstagen \u00abScientifica\u00bb zum Thema \u00abScience Fiction \u2013 Science Facts\u00bb werden spannende Filme vorgef\u00fchrt und diskutiert.\" \/>\n<meta name=\"robots\" content=\"index, follow, max-snippet:-1, max-image-preview:large, max-video-preview:-1\" \/>\n<link rel=\"canonical\" href=\"https:\/\/www.organisator.ch\/fr\/general\/2019-08-12\/scientifica-wenn-wissenschaftliche-fakten-auf-science-fiction-treffen\/\" \/>\n<meta property=\"og:locale\" content=\"fr_FR\" \/>\n<meta property=\"og:type\" content=\"article\" \/>\n<meta property=\"og:title\" content=\"&quot;Scientifica&quot;: Wenn wissenschaftliche Fakten auf Science Fiction treffen - Organisator\" \/>\n<meta property=\"og:description\" content=\"Als Auftakt zu den Z\u00fcrcher Wissenschaftstagen \u00abScientifica\u00bb zum Thema \u00abScience Fiction \u2013 Science Facts\u00bb werden spannende Filme vorgef\u00fchrt und diskutiert.\" \/>\n<meta property=\"og:url\" content=\"https:\/\/www.organisator.ch\/fr\/general\/2019-08-12\/scientifica-wenn-wissenschaftliche-fakten-auf-science-fiction-treffen\/\" \/>\n<meta property=\"og:site_name\" content=\"Organisator\" \/>\n<meta property=\"article:publisher\" content=\"https:\/\/www.facebook.com\/OrganisatorFachmagazin\" \/>\n<meta property=\"article:published_time\" content=\"2019-08-12T09:31:33+00:00\" \/>\n<meta property=\"og:image\" content=\"https:\/\/www.organisator.ch\/wp-content\/uploads\/2019\/08\/kosmos.jpg\" \/>\n\t<meta property=\"og:image:width\" content=\"440\" \/>\n\t<meta property=\"og:image:height\" content=\"280\" \/>\n\t<meta property=\"og:image:type\" content=\"image\/jpeg\" \/>\n<meta name=\"author\" content=\"michael.merz\" \/>\n<meta name=\"twitter:card\" content=\"summary_large_image\" \/>\n<script type=\"application\/ld+json\" class=\"yoast-schema-graph\">{\"@context\":\"https:\\\/\\\/schema.org\",\"@graph\":[{\"@type\":\"Article\",\"@id\":\"https:\\\/\\\/www.organisator.ch\\\/fr\\\/general\\\/2019-08-12\\\/scientifica-wenn-wissenschaftliche-fakten-auf-science-fiction-treffen\\\/#article\",\"isPartOf\":{\"@id\":\"https:\\\/\\\/www.organisator.ch\\\/fr\\\/general\\\/2019-08-12\\\/scientifica-wenn-wissenschaftliche-fakten-auf-science-fiction-treffen\\\/\"},\"author\":{\"name\":\"michael.merz\",\"@id\":\"https:\\\/\\\/www.organisator.ch\\\/#\\\/schema\\\/person\\\/134708ca9321c57b0362cceb7948ffbd\"},\"headline\":\"&#8222;Scientifica&#8220;: Wenn wissenschaftliche Fakten auf Science Fiction treffen\",\"datePublished\":\"2019-08-12T09:31:33+00:00\",\"mainEntityOfPage\":{\"@id\":\"https:\\\/\\\/www.organisator.ch\\\/fr\\\/general\\\/2019-08-12\\\/scientifica-wenn-wissenschaftliche-fakten-auf-science-fiction-treffen\\\/\"},\"wordCount\":463,\"commentCount\":0,\"publisher\":{\"@id\":\"https:\\\/\\\/www.organisator.ch\\\/#organization\"},\"image\":{\"@id\":\"https:\\\/\\\/www.organisator.ch\\\/fr\\\/general\\\/2019-08-12\\\/scientifica-wenn-wissenschaftliche-fakten-auf-science-fiction-treffen\\\/#primaryimage\"},\"thumbnailUrl\":\"https:\\\/\\\/www.organisator.ch\\\/wp-content\\\/uploads\\\/2019\\\/08\\\/kosmos.jpg\",\"keywords\":[\"Festival\",\"Film\",\"Forschung\",\"Kino\",\"K\u00fcnstliche Intelligenz\",\"Science Fiction\",\"Turing\",\"Wissenschaft\"],\"articleSection\":[\"Allgemein\"],\"inLanguage\":\"fr-FR\"},{\"@type\":\"WebPage\",\"@id\":\"https:\\\/\\\/www.organisator.ch\\\/fr\\\/general\\\/2019-08-12\\\/scientifica-wenn-wissenschaftliche-fakten-auf-science-fiction-treffen\\\/\",\"url\":\"https:\\\/\\\/www.organisator.ch\\\/fr\\\/general\\\/2019-08-12\\\/scientifica-wenn-wissenschaftliche-fakten-auf-science-fiction-treffen\\\/\",\"name\":\"\\\"Scientifica\\\": Wenn wissenschaftliche Fakten auf Science Fiction treffen - Organisator\",\"isPartOf\":{\"@id\":\"https:\\\/\\\/www.organisator.ch\\\/#website\"},\"primaryImageOfPage\":{\"@id\":\"https:\\\/\\\/www.organisator.ch\\\/fr\\\/general\\\/2019-08-12\\\/scientifica-wenn-wissenschaftliche-fakten-auf-science-fiction-treffen\\\/#primaryimage\"},\"image\":{\"@id\":\"https:\\\/\\\/www.organisator.ch\\\/fr\\\/general\\\/2019-08-12\\\/scientifica-wenn-wissenschaftliche-fakten-auf-science-fiction-treffen\\\/#primaryimage\"},\"thumbnailUrl\":\"https:\\\/\\\/www.organisator.ch\\\/wp-content\\\/uploads\\\/2019\\\/08\\\/kosmos.jpg\",\"datePublished\":\"2019-08-12T09:31:33+00:00\",\"description\":\"Als Auftakt zu den Z\u00fcrcher Wissenschaftstagen \u00abScientifica\u00bb zum Thema \u00abScience Fiction \u2013 Science Facts\u00bb werden spannende Filme vorgef\u00fchrt und diskutiert.\",\"breadcrumb\":{\"@id\":\"https:\\\/\\\/www.organisator.ch\\\/fr\\\/general\\\/2019-08-12\\\/scientifica-wenn-wissenschaftliche-fakten-auf-science-fiction-treffen\\\/#breadcrumb\"},\"inLanguage\":\"fr-FR\",\"potentialAction\":[{\"@type\":\"ReadAction\",\"target\":[\"https:\\\/\\\/www.organisator.ch\\\/fr\\\/general\\\/2019-08-12\\\/scientifica-wenn-wissenschaftliche-fakten-auf-science-fiction-treffen\\\/\"]}]},{\"@type\":\"ImageObject\",\"inLanguage\":\"fr-FR\",\"@id\":\"https:\\\/\\\/www.organisator.ch\\\/fr\\\/general\\\/2019-08-12\\\/scientifica-wenn-wissenschaftliche-fakten-auf-science-fiction-treffen\\\/#primaryimage\",\"url\":\"https:\\\/\\\/www.organisator.ch\\\/wp-content\\\/uploads\\\/2019\\\/08\\\/kosmos.jpg\",\"contentUrl\":\"https:\\\/\\\/www.organisator.ch\\\/wp-content\\\/uploads\\\/2019\\\/08\\\/kosmos.jpg\",\"width\":440,\"height\":280,\"caption\":\"Klassischer Science-Fiction oder Wissenschaftsgeschichte? W\u00e4hrend der Z\u00fcrcher Wissenschaftstage \u00abScientifica\u00bb k\u00f6nnen auch Laien nach spannenden Filmvorf\u00fchrungen zeitgem\u00e4ssen Forschungsthemen nachgehen. (Bild: zVg)\"},{\"@type\":\"BreadcrumbList\",\"@id\":\"https:\\\/\\\/www.organisator.ch\\\/fr\\\/general\\\/2019-08-12\\\/scientifica-wenn-wissenschaftliche-fakten-auf-science-fiction-treffen\\\/#breadcrumb\",\"itemListElement\":[{\"@type\":\"ListItem\",\"position\":1,\"name\":\"Home\",\"item\":\"https:\\\/\\\/www.organisator.ch\\\/\"},{\"@type\":\"ListItem\",\"position\":2,\"name\":\"&#8222;Scientifica&#8220;: Wenn wissenschaftliche Fakten auf Science Fiction treffen\"}]},{\"@type\":\"WebSite\",\"@id\":\"https:\\\/\\\/www.organisator.ch\\\/#website\",\"url\":\"https:\\\/\\\/www.organisator.ch\\\/\",\"name\":\"Organisator\",\"description\":\"Kompetent. Praxisnah. Der ORGANISATOR bereitet in 10 Ausgaben pro Jahr die wesentlichen Themen f\u00fcr F\u00fchrungskr\u00e4fte von KMU auf.\",\"publisher\":{\"@id\":\"https:\\\/\\\/www.organisator.ch\\\/#organization\"},\"potentialAction\":[{\"@type\":\"SearchAction\",\"target\":{\"@type\":\"EntryPoint\",\"urlTemplate\":\"https:\\\/\\\/www.organisator.ch\\\/?s={search_term_string}\"},\"query-input\":{\"@type\":\"PropertyValueSpecification\",\"valueRequired\":true,\"valueName\":\"search_term_string\"}}],\"inLanguage\":\"fr-FR\"},{\"@type\":\"Organization\",\"@id\":\"https:\\\/\\\/www.organisator.ch\\\/#organization\",\"name\":\"Organisator\",\"url\":\"https:\\\/\\\/www.organisator.ch\\\/\",\"logo\":{\"@type\":\"ImageObject\",\"inLanguage\":\"fr-FR\",\"@id\":\"https:\\\/\\\/www.organisator.ch\\\/#\\\/schema\\\/logo\\\/image\\\/\",\"url\":\"https:\\\/\\\/www.organisator.ch\\\/wp-content\\\/uploads\\\/2022\\\/01\\\/Logo_Organisator_Website.png\",\"contentUrl\":\"https:\\\/\\\/www.organisator.ch\\\/wp-content\\\/uploads\\\/2022\\\/01\\\/Logo_Organisator_Website.png\",\"width\":800,\"height\":77,\"caption\":\"Organisator\"},\"image\":{\"@id\":\"https:\\\/\\\/www.organisator.ch\\\/#\\\/schema\\\/logo\\\/image\\\/\"},\"sameAs\":[\"https:\\\/\\\/www.facebook.com\\\/OrganisatorFachmagazin\",\"https:\\\/\\\/www.linkedin.com\\\/showcase\\\/organisator-das-magazin-fr-kmu\",\"https:\\\/\\\/www.xing.com\\\/news\\\/pages\\\/organisator-ch-695\",\"https:\\\/\\\/www.youtube.com\\\/channel\\\/UCGP2Sq0iWaZwT3BdIAQFYpw\"]},{\"@type\":\"Person\",\"@id\":\"https:\\\/\\\/www.organisator.ch\\\/#\\\/schema\\\/person\\\/134708ca9321c57b0362cceb7948ffbd\",\"name\":\"michael.merz\",\"image\":{\"@type\":\"ImageObject\",\"inLanguage\":\"fr-FR\",\"@id\":\"https:\\\/\\\/secure.gravatar.com\\\/avatar\\\/?s=96&d=mm&r=g\",\"url\":\"https:\\\/\\\/secure.gravatar.com\\\/avatar\\\/?s=96&d=mm&r=g\",\"contentUrl\":\"https:\\\/\\\/secure.gravatar.com\\\/avatar\\\/?s=96&d=mm&r=g\",\"caption\":\"michael.merz\"},\"url\":\"https:\\\/\\\/www.organisator.ch\\\/fr\\\/author\\\/michael-merz\\\/\"}]}<\/script>\n<!-- \/ Yoast SEO plugin. -->","yoast_head_json":{"title":"\"Scientifica\" : quand les faits scientifiques rencontrent la science-fiction - Organisateur","description":"En pr\u00e9lude aux journ\u00e9es scientifiques zurichoises \"Scientifica\" sur le th\u00e8me \"Science Fiction - Science Facts\", des films passionnants seront projet\u00e9s et discut\u00e9s.","robots":{"index":"index","follow":"follow","max-snippet":"max-snippet:-1","max-image-preview":"max-image-preview:large","max-video-preview":"max-video-preview:-1"},"canonical":"https:\/\/www.organisator.ch\/fr\/general\/2019-08-12\/scientifica-wenn-wissenschaftliche-fakten-auf-science-fiction-treffen\/","og_locale":"fr_FR","og_type":"article","og_title":"\"Scientifica\": Wenn wissenschaftliche Fakten auf Science Fiction treffen - Organisator","og_description":"Als Auftakt zu den Z\u00fcrcher Wissenschaftstagen \u00abScientifica\u00bb zum Thema \u00abScience Fiction \u2013 Science Facts\u00bb werden spannende Filme vorgef\u00fchrt und diskutiert.","og_url":"https:\/\/www.organisator.ch\/fr\/general\/2019-08-12\/scientifica-wenn-wissenschaftliche-fakten-auf-science-fiction-treffen\/","og_site_name":"Organisator","article_publisher":"https:\/\/www.facebook.com\/OrganisatorFachmagazin","article_published_time":"2019-08-12T09:31:33+00:00","og_image":[{"width":440,"height":280,"url":"https:\/\/www.organisator.ch\/wp-content\/uploads\/2019\/08\/kosmos.jpg","type":"image\/jpeg"}],"author":"michael.merz","twitter_card":"summary_large_image","schema":{"@context":"https:\/\/schema.org","@graph":[{"@type":"Article","@id":"https:\/\/www.organisator.ch\/fr\/general\/2019-08-12\/scientifica-wenn-wissenschaftliche-fakten-auf-science-fiction-treffen\/#article","isPartOf":{"@id":"https:\/\/www.organisator.ch\/fr\/general\/2019-08-12\/scientifica-wenn-wissenschaftliche-fakten-auf-science-fiction-treffen\/"},"author":{"name":"michael.merz","@id":"https:\/\/www.organisator.ch\/#\/schema\/person\/134708ca9321c57b0362cceb7948ffbd"},"headline":"&#8222;Scientifica&#8220;: Wenn wissenschaftliche Fakten auf Science Fiction treffen","datePublished":"2019-08-12T09:31:33+00:00","mainEntityOfPage":{"@id":"https:\/\/www.organisator.ch\/fr\/general\/2019-08-12\/scientifica-wenn-wissenschaftliche-fakten-auf-science-fiction-treffen\/"},"wordCount":463,"commentCount":0,"publisher":{"@id":"https:\/\/www.organisator.ch\/#organization"},"image":{"@id":"https:\/\/www.organisator.ch\/fr\/general\/2019-08-12\/scientifica-wenn-wissenschaftliche-fakten-auf-science-fiction-treffen\/#primaryimage"},"thumbnailUrl":"https:\/\/www.organisator.ch\/wp-content\/uploads\/2019\/08\/kosmos.jpg","keywords":["Festival","Film","Forschung","Kino","K\u00fcnstliche Intelligenz","Science Fiction","Turing","Wissenschaft"],"articleSection":["Allgemein"],"inLanguage":"fr-FR"},{"@type":"WebPage","@id":"https:\/\/www.organisator.ch\/fr\/general\/2019-08-12\/scientifica-wenn-wissenschaftliche-fakten-auf-science-fiction-treffen\/","url":"https:\/\/www.organisator.ch\/fr\/general\/2019-08-12\/scientifica-wenn-wissenschaftliche-fakten-auf-science-fiction-treffen\/","name":"\"Scientifica\" : quand les faits scientifiques rencontrent la science-fiction - Organisateur","isPartOf":{"@id":"https:\/\/www.organisator.ch\/#website"},"primaryImageOfPage":{"@id":"https:\/\/www.organisator.ch\/fr\/general\/2019-08-12\/scientifica-wenn-wissenschaftliche-fakten-auf-science-fiction-treffen\/#primaryimage"},"image":{"@id":"https:\/\/www.organisator.ch\/fr\/general\/2019-08-12\/scientifica-wenn-wissenschaftliche-fakten-auf-science-fiction-treffen\/#primaryimage"},"thumbnailUrl":"https:\/\/www.organisator.ch\/wp-content\/uploads\/2019\/08\/kosmos.jpg","datePublished":"2019-08-12T09:31:33+00:00","description":"En pr\u00e9lude aux journ\u00e9es scientifiques zurichoises \"Scientifica\" sur le th\u00e8me \"Science Fiction - Science Facts\", des films passionnants seront projet\u00e9s et discut\u00e9s.","breadcrumb":{"@id":"https:\/\/www.organisator.ch\/fr\/general\/2019-08-12\/scientifica-wenn-wissenschaftliche-fakten-auf-science-fiction-treffen\/#breadcrumb"},"inLanguage":"fr-FR","potentialAction":[{"@type":"ReadAction","target":["https:\/\/www.organisator.ch\/fr\/general\/2019-08-12\/scientifica-wenn-wissenschaftliche-fakten-auf-science-fiction-treffen\/"]}]},{"@type":"ImageObject","inLanguage":"fr-FR","@id":"https:\/\/www.organisator.ch\/fr\/general\/2019-08-12\/scientifica-wenn-wissenschaftliche-fakten-auf-science-fiction-treffen\/#primaryimage","url":"https:\/\/www.organisator.ch\/wp-content\/uploads\/2019\/08\/kosmos.jpg","contentUrl":"https:\/\/www.organisator.ch\/wp-content\/uploads\/2019\/08\/kosmos.jpg","width":440,"height":280,"caption":"Klassischer Science-Fiction oder Wissenschaftsgeschichte? W\u00e4hrend der Z\u00fcrcher Wissenschaftstage \u00abScientifica\u00bb k\u00f6nnen auch Laien nach spannenden Filmvorf\u00fchrungen zeitgem\u00e4ssen Forschungsthemen nachgehen. (Bild: zVg)"},{"@type":"BreadcrumbList","@id":"https:\/\/www.organisator.ch\/fr\/general\/2019-08-12\/scientifica-wenn-wissenschaftliche-fakten-auf-science-fiction-treffen\/#breadcrumb","itemListElement":[{"@type":"ListItem","position":1,"name":"Home","item":"https:\/\/www.organisator.ch\/"},{"@type":"ListItem","position":2,"name":"&#8222;Scientifica&#8220;: Wenn wissenschaftliche Fakten auf Science Fiction treffen"}]},{"@type":"WebSite","@id":"https:\/\/www.organisator.ch\/#website","url":"https:\/\/www.organisator.ch\/","name":"Organisateur","description":"Comp\u00e9tence et comp\u00e9tence. Proches de la pratique. L'ORGANISATEUR pr\u00e9pare 10 num\u00e9ros par an sur les th\u00e8mes essentiels pour les dirigeants de PME.","publisher":{"@id":"https:\/\/www.organisator.ch\/#organization"},"potentialAction":[{"@type":"SearchAction","target":{"@type":"EntryPoint","urlTemplate":"https:\/\/www.organisator.ch\/?s={search_term_string}"},"query-input":{"@type":"PropertyValueSpecification","valueRequired":true,"valueName":"search_term_string"}}],"inLanguage":"fr-FR"},{"@type":"Organization","@id":"https:\/\/www.organisator.ch\/#organization","name":"Organisateur","url":"https:\/\/www.organisator.ch\/","logo":{"@type":"ImageObject","inLanguage":"fr-FR","@id":"https:\/\/www.organisator.ch\/#\/schema\/logo\/image\/","url":"https:\/\/www.organisator.ch\/wp-content\/uploads\/2022\/01\/Logo_Organisator_Website.png","contentUrl":"https:\/\/www.organisator.ch\/wp-content\/uploads\/2022\/01\/Logo_Organisator_Website.png","width":800,"height":77,"caption":"Organisator"},"image":{"@id":"https:\/\/www.organisator.ch\/#\/schema\/logo\/image\/"},"sameAs":["https:\/\/www.facebook.com\/OrganisatorFachmagazin","https:\/\/www.linkedin.com\/showcase\/organisator-das-magazin-fr-kmu","https:\/\/www.xing.com\/news\/pages\/organisator-ch-695","https:\/\/www.youtube.com\/channel\/UCGP2Sq0iWaZwT3BdIAQFYpw"]},{"@type":"Person","@id":"https:\/\/www.organisator.ch\/#\/schema\/person\/134708ca9321c57b0362cceb7948ffbd","name":"michael.merz","image":{"@type":"ImageObject","inLanguage":"fr-FR","@id":"https:\/\/secure.gravatar.com\/avatar\/?s=96&d=mm&r=g","url":"https:\/\/secure.gravatar.com\/avatar\/?s=96&d=mm&r=g","contentUrl":"https:\/\/secure.gravatar.com\/avatar\/?s=96&d=mm&r=g","caption":"michael.merz"},"url":"https:\/\/www.organisator.ch\/fr\/author\/michael-merz\/"}]}},"_links":{"self":[{"href":"https:\/\/www.organisator.ch\/fr\/wp-json\/wp\/v2\/posts\/2369","targetHints":{"allow":["GET"]}}],"collection":[{"href":"https:\/\/www.organisator.ch\/fr\/wp-json\/wp\/v2\/posts"}],"about":[{"href":"https:\/\/www.organisator.ch\/fr\/wp-json\/wp\/v2\/types\/post"}],"author":[{"embeddable":true,"href":"https:\/\/www.organisator.ch\/fr\/wp-json\/wp\/v2\/users\/5"}],"replies":[{"embeddable":true,"href":"https:\/\/www.organisator.ch\/fr\/wp-json\/wp\/v2\/comments?post=2369"}],"version-history":[{"count":0,"href":"https:\/\/www.organisator.ch\/fr\/wp-json\/wp\/v2\/posts\/2369\/revisions"}],"wp:featuredmedia":[{"embeddable":true,"href":"https:\/\/www.organisator.ch\/fr\/wp-json\/wp\/v2\/media\/2370"}],"wp:attachment":[{"href":"https:\/\/www.organisator.ch\/fr\/wp-json\/wp\/v2\/media?parent=2369"}],"wp:term":[{"taxonomy":"category","embeddable":true,"href":"https:\/\/www.organisator.ch\/fr\/wp-json\/wp\/v2\/categories?post=2369"},{"taxonomy":"post_tag","embeddable":true,"href":"https:\/\/www.organisator.ch\/fr\/wp-json\/wp\/v2\/tags?post=2369"}],"curies":[{"name":"wp","href":"https:\/\/api.w.org\/{rel}","templated":true}]}}