{"id":23690,"date":"2023-12-04T09:18:10","date_gmt":"2023-12-04T08:18:10","guid":{"rendered":"https:\/\/www.organisator.ch\/?p=23690"},"modified":"2023-12-13T11:35:02","modified_gmt":"2023-12-13T10:35:02","slug":"digitale-wettbewerbsfaehigkeit-die-schweiz-bleibt-auf-platz-5","status":"publish","type":"post","link":"https:\/\/www.organisator.ch\/fr\/operational-excellence\/2023-12-04\/digitale-wettbewerbsfaehigkeit-die-schweiz-bleibt-auf-platz-5\/","title":{"rendered":"Comp\u00e9titivit\u00e9 num\u00e9rique : la Suisse reste en 5e position"},"content":{"rendered":"<figure id=\"attachment_23694\" aria-describedby=\"caption-attachment-23694\" style=\"width: 680px\" class=\"wp-caption alignnone\"><img loading=\"lazy\" decoding=\"async\" class=\"size-full wp-image-23694\" src=\"https:\/\/www.organisator.ch\/wp-content\/uploads\/2023\/12\/Digitale_Bild1_ps.jpg\" alt=\"\" width=\"680\" height=\"453\" srcset=\"https:\/\/www.organisator.ch\/wp-content\/uploads\/2023\/12\/Digitale_Bild1_ps.jpg 680w, https:\/\/www.organisator.ch\/wp-content\/uploads\/2023\/12\/Digitale_Bild1_ps-18x12.jpg 18w, https:\/\/www.organisator.ch\/wp-content\/uploads\/2023\/12\/Digitale_Bild1_ps-375x250.jpg 375w, https:\/\/www.organisator.ch\/wp-content\/uploads\/2023\/12\/Digitale_Bild1_ps-525x350.jpg 525w\" sizes=\"auto, (max-width: 680px) 100vw, 680px\" \/><figcaption id=\"caption-attachment-23694\" class=\"wp-caption-text\">Classement mondial de la \"comp\u00e9titivit\u00e9 num\u00e9rique\" : la Suisse s'assure pour la deuxi\u00e8me fois cons\u00e9cutive la 5e place sur 64 pays examin\u00e9s. (Image : www.pixabay.com)<\/figcaption><\/figure>\n<p>Apr\u00e8s avoir \u00e9t\u00e9 d\u00e9pass\u00e9s par le Danemark en 2022, les \u00c9tats-Unis se retrouvent \u00e0 nouveau en t\u00eate du classement en 2023. Le Danemark, quant \u00e0 lui, a perdu trois places et occupe la 4e place. Les Pays-Bas grimpent \u00e0 la deuxi\u00e8me place (de la 6e) et Singapour gagne un rang (3e).<\/p>\n<h3><strong>La Suisse fait des progr\u00e8s<\/strong><\/h3>\n<p>Le classement mondial de la \"comp\u00e9titivit\u00e9 num\u00e9rique\" \u00e9value la capacit\u00e9 et la volont\u00e9 d'une \u00e9conomie d'utiliser et d'explorer les technologies num\u00e9riques en tant que principal moteur de changement \u00e9conomique pour les entreprises, les pouvoirs publics et la soci\u00e9t\u00e9 en g\u00e9n\u00e9ral. Les chercheurs \u00e9valuent la comp\u00e9titivit\u00e9 num\u00e9rique sur la base de trois cat\u00e9gories ou facteurs principaux : Connaissance, P\u00e9rennit\u00e9 et Technologie. La solide position de la Suisse dans le classement s'explique par l'excellente \u00e9valuation du facteur \"connaissance\". Le World Competitiveness Center d\u00e9finit celui-ci comme \"le savoir-faire n\u00e9cessaire pour d\u00e9couvrir, comprendre et d\u00e9velopper de nouvelles technologies\". Dans les deux autres cat\u00e9gories, la Suisse s'est l\u00e9g\u00e8rement am\u00e9lior\u00e9e par rapport \u00e0 l'ann\u00e9e derni\u00e8re, m\u00eame si un potentiel subsiste.<\/p>\n<h3><strong>En t\u00eate dans le domaine de la connaissance<\/strong><\/h3>\n<p>La Suisse se classe dans le top 10 dans toutes les sous-cat\u00e9gories du domaine de la connaissance, en particulier en ce qui concerne les talents, o\u00f9 elle occupe la deuxi\u00e8me place. L'exp\u00e9rience internationale de la main-d'\u0153uvre et la proportion de talents hautement qualifi\u00e9s provenant de pays tiers contribuent \u00e0 ce classement. En ce qui concerne la concentration scientifique, la Suisse se situe d\u00e9sormais au 10e rang (8e en 2022), et au 7e rang dans le domaine de la formation et de la formation continue (8e en 2022). Dans le domaine de la technologie, la Suisse se hisse \u00e0 la 10e place (12e en 2022). Les am\u00e9liorations du cadre r\u00e9glementaire y sont pour beaucoup - la Suisse se classe 4e dans ce sous-facteur (2022 : 8e).<\/p>\n<p>\"Depuis de nombreuses ann\u00e9es, la mission de digitalswitzerland est de transformer la Suisse en une nation num\u00e9rique de premier plan. A cet \u00e9gard, l'attitude de la population face \u00e0 la technologie est une composante d\u00e9cisive. Nous souhaitons sensibiliser la population et l'encourager \u00e0 adopter les innovations num\u00e9riques et \u00e0 les utiliser. Il est essentiel de mettre l'accent sur l'\u00e9ducation et la formation, en particulier dans le domaine des comp\u00e9tences num\u00e9riques. Cela devrait - plus que jamais - commencer d\u00e8s le plus jeune \u00e2ge afin de cr\u00e9er une large base de comp\u00e9tences num\u00e9riques\" d\u00e9clare Marc Walder, fondateur de digitalswitzerland.<\/p>\n<h3><strong>Besoin de rattrapage et opportunit\u00e9s manqu\u00e9es de la Suisse<\/strong><\/h3>\n<p>Selon le rapport, l'attitude de la population vis-\u00e0-vis de la technologie pr\u00e9sente \u00e9galement un grand potentiel d'am\u00e9lioration. Dans ce domaine, la Suisse occupe la 16e place. Arturo Bris, directeur du World Competitiveness Center de l'IMD, explique : \"La Suisse s'est oppos\u00e9e \u00e0 la loi sur l'e-ID ; l'utilisation de l'application COVID en ligne a \u00e9t\u00e9 tr\u00e8s faible ; les inqui\u00e9tudes concernant la protection des donn\u00e9es sont \u00e9lev\u00e9es ; et le syst\u00e8me bancaire num\u00e9rique n'est pas aussi d\u00e9velopp\u00e9 que dans de nombreux autres pays. Cela refl\u00e8te la culture de la Suisse en mati\u00e8re d'adoption des technologies au niveau individuel, qui est beaucoup plus faible que dans d'autres pays.<\/p>\n<p>pays, bien que la Suisse dispose d'une excellente infrastructure num\u00e9rique, d'une solide r\u00e9gulation et de talents num\u00e9riques, et que les entreprises soient \u00e9galement tr\u00e8s agiles dans la mise en \u0153uvre de la transformation num\u00e9rique\".<\/p>\n<p>La Suisse doit \u00e9galement s'am\u00e9liorer dans les cat\u00e9gories de la cybers\u00e9curit\u00e9 (20e place) et des capacit\u00e9s de cybers\u00e9curit\u00e9 de l'\u00c9tat (28e place) : L'utilisation des technologies num\u00e9riques a augment\u00e9 dans le sillage de la pand\u00e9mie, mais aucune am\u00e9lioration similaire n'a \u00e9t\u00e9 constat\u00e9e dans le domaine de la cybers\u00e9curit\u00e9. Cette situation est particuli\u00e8rement dangereuse au vu de l'augmentation constante du nombre de cyberattaques visant aussi bien les entreprises que les particuliers.<\/p>\n<p>\"Nous sommes vraiment \u00e0 la crois\u00e9e des chemins en ce qui concerne l'acceptation de la technologie. Dans le cas de la Suisse, je trouve surtout inqui\u00e9tante la mauvaise offre en mati\u00e8re de cyberadministration et de cyberparticipation. Il est temps d'aborder ce sujet au plus haut niveau\", d\u00e9clare Sascha Zahnd, pr\u00e9sident de digitalswitzerland.<\/p>\n<h3><strong>L'IA g\u00e9n\u00e9rative d\u00e9finit l'indice de comp\u00e9titivit\u00e9 des entreprises et donc <\/strong><strong>de pays nouveau<\/strong><\/h3>\n<p>Une table ronde organis\u00e9e le 30 novembre par digitalswitzerland, l'IMD et l'EPFL a permis d'en savoir plus sur le \"World Digital Competitiveness Forum\". Les invit\u00e9s ont discut\u00e9 des questions suivantes : \"Les technologies num\u00e9riques disruptives les plus r\u00e9centes, comme l'IA g\u00e9n\u00e9rative, signalent-elles un saut quantique dans le domaine de la formation continue ? Quel est l'impact sur le monde du travail - et par cons\u00e9quent sur chacun d'entre nous ?\"<\/p>\n<p>\"Des partenariats comme celui-ci entre digitalswitzerland, l'EPFL et l'IMD nous permettront d'entrer avec succ\u00e8s dans l'\u00e8re de l'IA g\u00e9n\u00e9rative. La prochaine \u00e9tape de ce partenariat est un livre blanc complet sur l'\u00e9tat de l'IA g\u00e9n\u00e9tique en Suisse, qui sera publi\u00e9 la semaine prochaine. Nous n'en sommes qu'au d\u00e9but de la collecte de donn\u00e9es et commen\u00e7ons seulement \u00e0 comprendre ce qu'il reste \u00e0 faire\" - c'est sur ces mots que Sarah Toms, Chief Learning Innovation Officer de l'IMD, a pris cong\u00e9 des participants au World Digital Competitiveness Forum.<\/p>\n<p><em>Source : <a href=\"https:\/\/digitalswitzerland.com\/de\/\">www.digitalswitzerland.com\u00a0<\/a><\/em><\/p>","protected":false},"excerpt":{"rendered":"<p>L'Institute for Management Development de Lausanne (IMD) a publi\u00e9 la semaine derni\u00e8re son classement mondial de la \"comp\u00e9titivit\u00e9 num\u00e9rique\". Pour la deuxi\u00e8me fois cons\u00e9cutive, la Suisse s'assure la 5e place sur 64 pays examin\u00e9s. Les r\u00e9sultats pour la Suisse ont \u00e9t\u00e9 expliqu\u00e9s plus en d\u00e9tail le 30 novembre lors du World Digital Competitiveness Forum 2023, organis\u00e9 par digitalswitzerland, l'IMD et l'EPFL au SwissTech Convention Center de l'EPFL. <\/p>","protected":false},"author":58,"featured_media":23694,"comment_status":"closed","ping_status":"closed","sticky":false,"template":"","format":"standard","meta":{"_acf_changed":false,"_yoast_wpseo_focuskw":"Schweiz","_yoast_wpseo_metadesc":"Das Institute for Management Development (IMD), ver\u00f6ffentlichte letzte Woche seine Weltrangliste zur \u201cDigitalen Wettbewerbsf\u00e4higkeit\u201d.","articlekey":"","footnotes":""},"categories":[582],"tags":[156,319,424,492,522],"class_list":["post-23690","post","type-post","status-publish","format-standard","has-post-thumbnail","hentry","category-operational-excellence","tag-digitalisierung","tag-kuenstliche-intelligenz","tag-schweiz","tag-unternehmen","tag-wettbewerb"],"acf":[],"yoast_head":"<!-- This site is optimized with the Yoast SEO plugin v27.5 - https:\/\/yoast.com\/product\/yoast-seo-wordpress\/ -->\n<title>Digitale Wettbewerbsf\u00e4higkeit: Die Schweiz bleibt auf Platz 5 - Organisator<\/title>\n<meta name=\"description\" content=\"Das Institute for Management Development (IMD), ver\u00f6ffentlichte letzte Woche seine Weltrangliste zur \u201cDigitalen Wettbewerbsf\u00e4higkeit\u201d.\" \/>\n<meta name=\"robots\" content=\"index, follow, max-snippet:-1, max-image-preview:large, max-video-preview:-1\" \/>\n<link rel=\"canonical\" href=\"https:\/\/www.organisator.ch\/fr\/excellence-operationnelle\/2023-12-04\/digitale-wettbewerbsfaehigkeit-die-schweiz-bleibt-auf-platz-5\/\" \/>\n<meta property=\"og:locale\" content=\"fr_FR\" \/>\n<meta property=\"og:type\" content=\"article\" \/>\n<meta property=\"og:title\" content=\"Digitale Wettbewerbsf\u00e4higkeit: Die Schweiz bleibt auf Platz 5\" \/>\n<meta property=\"og:description\" content=\"Das Institute for Management Development (IMD), ver\u00f6ffentlichte letzte Woche seine Weltrangliste zur \u201cDigitalen Wettbewerbsf\u00e4higkeit\u201d.\" \/>\n<meta property=\"og:url\" content=\"https:\/\/www.organisator.ch\/fr\/excellence-operationnelle\/2023-12-04\/digitale-wettbewerbsfaehigkeit-die-schweiz-bleibt-auf-platz-5\/\" \/>\n<meta property=\"og:site_name\" content=\"Organisator\" \/>\n<meta property=\"article:publisher\" content=\"https:\/\/www.facebook.com\/OrganisatorFachmagazin\" \/>\n<meta property=\"article:published_time\" content=\"2023-12-04T08:18:10+00:00\" \/>\n<meta property=\"article:modified_time\" content=\"2023-12-13T10:35:02+00:00\" \/>\n<meta property=\"og:image\" content=\"https:\/\/www.organisator.ch\/wp-content\/uploads\/2023\/12\/Digitale_Bild1_ps.jpg\" \/>\n\t<meta property=\"og:image:width\" content=\"680\" \/>\n\t<meta property=\"og:image:height\" content=\"453\" \/>\n\t<meta property=\"og:image:type\" content=\"image\/jpeg\" \/>\n<meta name=\"author\" content=\"Adelisa Kalajdzini\" \/>\n<meta name=\"twitter:card\" content=\"summary_large_image\" \/>\n<meta name=\"twitter:title\" content=\"Digitale Wettbewerbsf\u00e4higkeit: Die Schweiz bleibt auf Platz 5\" \/>\n<meta name=\"twitter:description\" content=\"Das Institute for Management Development #(IMD), ver\u00f6ffentlichte letzte Woche seine #Weltrangliste zur #\u201cDigitalen Wettbewerbsf\u00e4higkeit\u201d.\" \/>\n<meta name=\"twitter:image\" content=\"https:\/\/www.organisator.ch\/wp-content\/uploads\/2023\/12\/Digitale_Bild1_ps.jpg\" \/>\n<script type=\"application\/ld+json\" class=\"yoast-schema-graph\">{\"@context\":\"https:\\\/\\\/schema.org\",\"@graph\":[{\"@type\":\"Article\",\"@id\":\"https:\\\/\\\/www.organisator.ch\\\/operational-excellence\\\/2023-12-04\\\/digitale-wettbewerbsfaehigkeit-die-schweiz-bleibt-auf-platz-5\\\/#article\",\"isPartOf\":{\"@id\":\"https:\\\/\\\/www.organisator.ch\\\/operational-excellence\\\/2023-12-04\\\/digitale-wettbewerbsfaehigkeit-die-schweiz-bleibt-auf-platz-5\\\/\"},\"author\":{\"name\":\"Adelisa Kalajdzini\",\"@id\":\"https:\\\/\\\/www.organisator.ch\\\/#\\\/schema\\\/person\\\/2e1314a2172123f874db408d8911d3f3\"},\"headline\":\"Digitale Wettbewerbsf\u00e4higkeit: Die Schweiz bleibt auf Platz 5\",\"datePublished\":\"2023-12-04T08:18:10+00:00\",\"dateModified\":\"2023-12-13T10:35:02+00:00\",\"mainEntityOfPage\":{\"@id\":\"https:\\\/\\\/www.organisator.ch\\\/operational-excellence\\\/2023-12-04\\\/digitale-wettbewerbsfaehigkeit-die-schweiz-bleibt-auf-platz-5\\\/\"},\"wordCount\":779,\"publisher\":{\"@id\":\"https:\\\/\\\/www.organisator.ch\\\/#organization\"},\"image\":{\"@id\":\"https:\\\/\\\/www.organisator.ch\\\/operational-excellence\\\/2023-12-04\\\/digitale-wettbewerbsfaehigkeit-die-schweiz-bleibt-auf-platz-5\\\/#primaryimage\"},\"thumbnailUrl\":\"https:\\\/\\\/www.organisator.ch\\\/wp-content\\\/uploads\\\/2023\\\/12\\\/Digitale_Bild1_ps.jpg\",\"keywords\":[\"Digitalisierung\",\"K\u00fcnstliche Intelligenz\",\"Schweiz\",\"Unternehmen\",\"Wettbewerb\"],\"articleSection\":[\"OPERATIONAL EXCELLENCE\"],\"inLanguage\":\"fr-FR\"},{\"@type\":\"WebPage\",\"@id\":\"https:\\\/\\\/www.organisator.ch\\\/operational-excellence\\\/2023-12-04\\\/digitale-wettbewerbsfaehigkeit-die-schweiz-bleibt-auf-platz-5\\\/\",\"url\":\"https:\\\/\\\/www.organisator.ch\\\/operational-excellence\\\/2023-12-04\\\/digitale-wettbewerbsfaehigkeit-die-schweiz-bleibt-auf-platz-5\\\/\",\"name\":\"Digitale Wettbewerbsf\u00e4higkeit: Die Schweiz bleibt auf Platz 5 - Organisator\",\"isPartOf\":{\"@id\":\"https:\\\/\\\/www.organisator.ch\\\/#website\"},\"primaryImageOfPage\":{\"@id\":\"https:\\\/\\\/www.organisator.ch\\\/operational-excellence\\\/2023-12-04\\\/digitale-wettbewerbsfaehigkeit-die-schweiz-bleibt-auf-platz-5\\\/#primaryimage\"},\"image\":{\"@id\":\"https:\\\/\\\/www.organisator.ch\\\/operational-excellence\\\/2023-12-04\\\/digitale-wettbewerbsfaehigkeit-die-schweiz-bleibt-auf-platz-5\\\/#primaryimage\"},\"thumbnailUrl\":\"https:\\\/\\\/www.organisator.ch\\\/wp-content\\\/uploads\\\/2023\\\/12\\\/Digitale_Bild1_ps.jpg\",\"datePublished\":\"2023-12-04T08:18:10+00:00\",\"dateModified\":\"2023-12-13T10:35:02+00:00\",\"description\":\"Das Institute for Management Development (IMD), ver\u00f6ffentlichte letzte Woche seine Weltrangliste zur \u201cDigitalen Wettbewerbsf\u00e4higkeit\u201d.\",\"breadcrumb\":{\"@id\":\"https:\\\/\\\/www.organisator.ch\\\/operational-excellence\\\/2023-12-04\\\/digitale-wettbewerbsfaehigkeit-die-schweiz-bleibt-auf-platz-5\\\/#breadcrumb\"},\"inLanguage\":\"fr-FR\",\"potentialAction\":[{\"@type\":\"ReadAction\",\"target\":[\"https:\\\/\\\/www.organisator.ch\\\/operational-excellence\\\/2023-12-04\\\/digitale-wettbewerbsfaehigkeit-die-schweiz-bleibt-auf-platz-5\\\/\"]}]},{\"@type\":\"ImageObject\",\"inLanguage\":\"fr-FR\",\"@id\":\"https:\\\/\\\/www.organisator.ch\\\/operational-excellence\\\/2023-12-04\\\/digitale-wettbewerbsfaehigkeit-die-schweiz-bleibt-auf-platz-5\\\/#primaryimage\",\"url\":\"https:\\\/\\\/www.organisator.ch\\\/wp-content\\\/uploads\\\/2023\\\/12\\\/Digitale_Bild1_ps.jpg\",\"contentUrl\":\"https:\\\/\\\/www.organisator.ch\\\/wp-content\\\/uploads\\\/2023\\\/12\\\/Digitale_Bild1_ps.jpg\",\"width\":680,\"height\":453,\"caption\":\"Weltrangliste zur \u201cDigitalen Wettbewerbsf\u00e4higkeit\u201d: Die Schweiz sichert sich zum zweiten Mal in Folge Platz 5 von 64 untersuchten L\u00e4ndern. (Bild: www.pixabay.com)\"},{\"@type\":\"BreadcrumbList\",\"@id\":\"https:\\\/\\\/www.organisator.ch\\\/operational-excellence\\\/2023-12-04\\\/digitale-wettbewerbsfaehigkeit-die-schweiz-bleibt-auf-platz-5\\\/#breadcrumb\",\"itemListElement\":[{\"@type\":\"ListItem\",\"position\":1,\"name\":\"Home\",\"item\":\"https:\\\/\\\/www.organisator.ch\\\/\"},{\"@type\":\"ListItem\",\"position\":2,\"name\":\"Digitale Wettbewerbsf\u00e4higkeit: Die Schweiz bleibt auf Platz 5\"}]},{\"@type\":\"WebSite\",\"@id\":\"https:\\\/\\\/www.organisator.ch\\\/#website\",\"url\":\"https:\\\/\\\/www.organisator.ch\\\/\",\"name\":\"Organisator\",\"description\":\"Kompetent. Praxisnah. Der ORGANISATOR bereitet in 10 Ausgaben pro Jahr die wesentlichen Themen f\u00fcr F\u00fchrungskr\u00e4fte von KMU auf.\",\"publisher\":{\"@id\":\"https:\\\/\\\/www.organisator.ch\\\/#organization\"},\"potentialAction\":[{\"@type\":\"SearchAction\",\"target\":{\"@type\":\"EntryPoint\",\"urlTemplate\":\"https:\\\/\\\/www.organisator.ch\\\/?s={search_term_string}\"},\"query-input\":{\"@type\":\"PropertyValueSpecification\",\"valueRequired\":true,\"valueName\":\"search_term_string\"}}],\"inLanguage\":\"fr-FR\"},{\"@type\":\"Organization\",\"@id\":\"https:\\\/\\\/www.organisator.ch\\\/#organization\",\"name\":\"Organisator\",\"url\":\"https:\\\/\\\/www.organisator.ch\\\/\",\"logo\":{\"@type\":\"ImageObject\",\"inLanguage\":\"fr-FR\",\"@id\":\"https:\\\/\\\/www.organisator.ch\\\/#\\\/schema\\\/logo\\\/image\\\/\",\"url\":\"https:\\\/\\\/www.organisator.ch\\\/wp-content\\\/uploads\\\/2022\\\/01\\\/Logo_Organisator_Website.png\",\"contentUrl\":\"https:\\\/\\\/www.organisator.ch\\\/wp-content\\\/uploads\\\/2022\\\/01\\\/Logo_Organisator_Website.png\",\"width\":800,\"height\":77,\"caption\":\"Organisator\"},\"image\":{\"@id\":\"https:\\\/\\\/www.organisator.ch\\\/#\\\/schema\\\/logo\\\/image\\\/\"},\"sameAs\":[\"https:\\\/\\\/www.facebook.com\\\/OrganisatorFachmagazin\",\"https:\\\/\\\/www.linkedin.com\\\/showcase\\\/organisator-das-magazin-fr-kmu\",\"https:\\\/\\\/www.xing.com\\\/news\\\/pages\\\/organisator-ch-695\",\"https:\\\/\\\/www.youtube.com\\\/channel\\\/UCGP2Sq0iWaZwT3BdIAQFYpw\"]},{\"@type\":\"Person\",\"@id\":\"https:\\\/\\\/www.organisator.ch\\\/#\\\/schema\\\/person\\\/2e1314a2172123f874db408d8911d3f3\",\"name\":\"Adelisa Kalajdzini\",\"image\":{\"@type\":\"ImageObject\",\"inLanguage\":\"fr-FR\",\"@id\":\"https:\\\/\\\/secure.gravatar.com\\\/avatar\\\/09a397c22ac58cad6f160ee8306348599df9df58a8ede73696226897b9fa4b24?s=96&d=mm&r=g\",\"url\":\"https:\\\/\\\/secure.gravatar.com\\\/avatar\\\/09a397c22ac58cad6f160ee8306348599df9df58a8ede73696226897b9fa4b24?s=96&d=mm&r=g\",\"contentUrl\":\"https:\\\/\\\/secure.gravatar.com\\\/avatar\\\/09a397c22ac58cad6f160ee8306348599df9df58a8ede73696226897b9fa4b24?s=96&d=mm&r=g\",\"caption\":\"Adelisa Kalajdzini\"},\"url\":\"https:\\\/\\\/www.organisator.ch\\\/fr\\\/author\\\/adelisa-kalajdzini\\\/\"}]}<\/script>\n<!-- \/ Yoast SEO plugin. -->","yoast_head_json":{"title":"Comp\u00e9titivit\u00e9 num\u00e9rique : la Suisse reste au 5e rang - Organisateur","description":"L'Institute for Management Development (IMD), a publi\u00e9 la semaine derni\u00e8re son classement mondial de la \"comp\u00e9titivit\u00e9 num\u00e9rique\".","robots":{"index":"index","follow":"follow","max-snippet":"max-snippet:-1","max-image-preview":"max-image-preview:large","max-video-preview":"max-video-preview:-1"},"canonical":"https:\/\/www.organisator.ch\/fr\/excellence-operationnelle\/2023-12-04\/digitale-wettbewerbsfaehigkeit-die-schweiz-bleibt-auf-platz-5\/","og_locale":"fr_FR","og_type":"article","og_title":"Digitale Wettbewerbsf\u00e4higkeit: Die Schweiz bleibt auf Platz 5","og_description":"Das Institute for Management Development (IMD), ver\u00f6ffentlichte letzte Woche seine Weltrangliste zur \u201cDigitalen Wettbewerbsf\u00e4higkeit\u201d.","og_url":"https:\/\/www.organisator.ch\/fr\/excellence-operationnelle\/2023-12-04\/digitale-wettbewerbsfaehigkeit-die-schweiz-bleibt-auf-platz-5\/","og_site_name":"Organisator","article_publisher":"https:\/\/www.facebook.com\/OrganisatorFachmagazin","article_published_time":"2023-12-04T08:18:10+00:00","article_modified_time":"2023-12-13T10:35:02+00:00","og_image":[{"width":680,"height":453,"url":"https:\/\/www.organisator.ch\/wp-content\/uploads\/2023\/12\/Digitale_Bild1_ps.jpg","type":"image\/jpeg"}],"author":"Adelisa Kalajdzini","twitter_card":"summary_large_image","twitter_title":"Digitale Wettbewerbsf\u00e4higkeit: Die Schweiz bleibt auf Platz 5","twitter_description":"Das Institute for Management Development #(IMD), ver\u00f6ffentlichte letzte Woche seine #Weltrangliste zur #\u201cDigitalen Wettbewerbsf\u00e4higkeit\u201d.","twitter_image":"https:\/\/www.organisator.ch\/wp-content\/uploads\/2023\/12\/Digitale_Bild1_ps.jpg","schema":{"@context":"https:\/\/schema.org","@graph":[{"@type":"Article","@id":"https:\/\/www.organisator.ch\/operational-excellence\/2023-12-04\/digitale-wettbewerbsfaehigkeit-die-schweiz-bleibt-auf-platz-5\/#article","isPartOf":{"@id":"https:\/\/www.organisator.ch\/operational-excellence\/2023-12-04\/digitale-wettbewerbsfaehigkeit-die-schweiz-bleibt-auf-platz-5\/"},"author":{"name":"Adelisa Kalajdzini","@id":"https:\/\/www.organisator.ch\/#\/schema\/person\/2e1314a2172123f874db408d8911d3f3"},"headline":"Digitale Wettbewerbsf\u00e4higkeit: Die Schweiz bleibt auf Platz 5","datePublished":"2023-12-04T08:18:10+00:00","dateModified":"2023-12-13T10:35:02+00:00","mainEntityOfPage":{"@id":"https:\/\/www.organisator.ch\/operational-excellence\/2023-12-04\/digitale-wettbewerbsfaehigkeit-die-schweiz-bleibt-auf-platz-5\/"},"wordCount":779,"publisher":{"@id":"https:\/\/www.organisator.ch\/#organization"},"image":{"@id":"https:\/\/www.organisator.ch\/operational-excellence\/2023-12-04\/digitale-wettbewerbsfaehigkeit-die-schweiz-bleibt-auf-platz-5\/#primaryimage"},"thumbnailUrl":"https:\/\/www.organisator.ch\/wp-content\/uploads\/2023\/12\/Digitale_Bild1_ps.jpg","keywords":["Digitalisierung","K\u00fcnstliche Intelligenz","Schweiz","Unternehmen","Wettbewerb"],"articleSection":["OPERATIONAL EXCELLENCE"],"inLanguage":"fr-FR"},{"@type":"WebPage","@id":"https:\/\/www.organisator.ch\/operational-excellence\/2023-12-04\/digitale-wettbewerbsfaehigkeit-die-schweiz-bleibt-auf-platz-5\/","url":"https:\/\/www.organisator.ch\/operational-excellence\/2023-12-04\/digitale-wettbewerbsfaehigkeit-die-schweiz-bleibt-auf-platz-5\/","name":"Comp\u00e9titivit\u00e9 num\u00e9rique : la Suisse reste au 5e rang - Organisateur","isPartOf":{"@id":"https:\/\/www.organisator.ch\/#website"},"primaryImageOfPage":{"@id":"https:\/\/www.organisator.ch\/operational-excellence\/2023-12-04\/digitale-wettbewerbsfaehigkeit-die-schweiz-bleibt-auf-platz-5\/#primaryimage"},"image":{"@id":"https:\/\/www.organisator.ch\/operational-excellence\/2023-12-04\/digitale-wettbewerbsfaehigkeit-die-schweiz-bleibt-auf-platz-5\/#primaryimage"},"thumbnailUrl":"https:\/\/www.organisator.ch\/wp-content\/uploads\/2023\/12\/Digitale_Bild1_ps.jpg","datePublished":"2023-12-04T08:18:10+00:00","dateModified":"2023-12-13T10:35:02+00:00","description":"L'Institute for Management Development (IMD), a publi\u00e9 la semaine derni\u00e8re son classement mondial de la \"comp\u00e9titivit\u00e9 num\u00e9rique\".","breadcrumb":{"@id":"https:\/\/www.organisator.ch\/operational-excellence\/2023-12-04\/digitale-wettbewerbsfaehigkeit-die-schweiz-bleibt-auf-platz-5\/#breadcrumb"},"inLanguage":"fr-FR","potentialAction":[{"@type":"ReadAction","target":["https:\/\/www.organisator.ch\/operational-excellence\/2023-12-04\/digitale-wettbewerbsfaehigkeit-die-schweiz-bleibt-auf-platz-5\/"]}]},{"@type":"ImageObject","inLanguage":"fr-FR","@id":"https:\/\/www.organisator.ch\/operational-excellence\/2023-12-04\/digitale-wettbewerbsfaehigkeit-die-schweiz-bleibt-auf-platz-5\/#primaryimage","url":"https:\/\/www.organisator.ch\/wp-content\/uploads\/2023\/12\/Digitale_Bild1_ps.jpg","contentUrl":"https:\/\/www.organisator.ch\/wp-content\/uploads\/2023\/12\/Digitale_Bild1_ps.jpg","width":680,"height":453,"caption":"Weltrangliste zur \u201cDigitalen Wettbewerbsf\u00e4higkeit\u201d: Die Schweiz sichert sich zum zweiten Mal in Folge Platz 5 von 64 untersuchten L\u00e4ndern. (Bild: www.pixabay.com)"},{"@type":"BreadcrumbList","@id":"https:\/\/www.organisator.ch\/operational-excellence\/2023-12-04\/digitale-wettbewerbsfaehigkeit-die-schweiz-bleibt-auf-platz-5\/#breadcrumb","itemListElement":[{"@type":"ListItem","position":1,"name":"Home","item":"https:\/\/www.organisator.ch\/"},{"@type":"ListItem","position":2,"name":"Digitale Wettbewerbsf\u00e4higkeit: Die Schweiz bleibt auf Platz 5"}]},{"@type":"WebSite","@id":"https:\/\/www.organisator.ch\/#website","url":"https:\/\/www.organisator.ch\/","name":"Organisateur","description":"Comp\u00e9tence et comp\u00e9tence. Proches de la pratique. L'ORGANISATEUR pr\u00e9pare 10 num\u00e9ros par an sur les th\u00e8mes essentiels pour les dirigeants de PME.","publisher":{"@id":"https:\/\/www.organisator.ch\/#organization"},"potentialAction":[{"@type":"SearchAction","target":{"@type":"EntryPoint","urlTemplate":"https:\/\/www.organisator.ch\/?s={search_term_string}"},"query-input":{"@type":"PropertyValueSpecification","valueRequired":true,"valueName":"search_term_string"}}],"inLanguage":"fr-FR"},{"@type":"Organization","@id":"https:\/\/www.organisator.ch\/#organization","name":"Organisateur","url":"https:\/\/www.organisator.ch\/","logo":{"@type":"ImageObject","inLanguage":"fr-FR","@id":"https:\/\/www.organisator.ch\/#\/schema\/logo\/image\/","url":"https:\/\/www.organisator.ch\/wp-content\/uploads\/2022\/01\/Logo_Organisator_Website.png","contentUrl":"https:\/\/www.organisator.ch\/wp-content\/uploads\/2022\/01\/Logo_Organisator_Website.png","width":800,"height":77,"caption":"Organisator"},"image":{"@id":"https:\/\/www.organisator.ch\/#\/schema\/logo\/image\/"},"sameAs":["https:\/\/www.facebook.com\/OrganisatorFachmagazin","https:\/\/www.linkedin.com\/showcase\/organisator-das-magazin-fr-kmu","https:\/\/www.xing.com\/news\/pages\/organisator-ch-695","https:\/\/www.youtube.com\/channel\/UCGP2Sq0iWaZwT3BdIAQFYpw"]},{"@type":"Person","@id":"https:\/\/www.organisator.ch\/#\/schema\/person\/2e1314a2172123f874db408d8911d3f3","name":"Adelisa Kalajdzini","image":{"@type":"ImageObject","inLanguage":"fr-FR","@id":"https:\/\/secure.gravatar.com\/avatar\/09a397c22ac58cad6f160ee8306348599df9df58a8ede73696226897b9fa4b24?s=96&d=mm&r=g","url":"https:\/\/secure.gravatar.com\/avatar\/09a397c22ac58cad6f160ee8306348599df9df58a8ede73696226897b9fa4b24?s=96&d=mm&r=g","contentUrl":"https:\/\/secure.gravatar.com\/avatar\/09a397c22ac58cad6f160ee8306348599df9df58a8ede73696226897b9fa4b24?s=96&d=mm&r=g","caption":"Adelisa Kalajdzini"},"url":"https:\/\/www.organisator.ch\/fr\/author\/adelisa-kalajdzini\/"}]}},"_links":{"self":[{"href":"https:\/\/www.organisator.ch\/fr\/wp-json\/wp\/v2\/posts\/23690","targetHints":{"allow":["GET"]}}],"collection":[{"href":"https:\/\/www.organisator.ch\/fr\/wp-json\/wp\/v2\/posts"}],"about":[{"href":"https:\/\/www.organisator.ch\/fr\/wp-json\/wp\/v2\/types\/post"}],"author":[{"embeddable":true,"href":"https:\/\/www.organisator.ch\/fr\/wp-json\/wp\/v2\/users\/58"}],"replies":[{"embeddable":true,"href":"https:\/\/www.organisator.ch\/fr\/wp-json\/wp\/v2\/comments?post=23690"}],"version-history":[{"count":4,"href":"https:\/\/www.organisator.ch\/fr\/wp-json\/wp\/v2\/posts\/23690\/revisions"}],"predecessor-version":[{"id":23695,"href":"https:\/\/www.organisator.ch\/fr\/wp-json\/wp\/v2\/posts\/23690\/revisions\/23695"}],"wp:featuredmedia":[{"embeddable":true,"href":"https:\/\/www.organisator.ch\/fr\/wp-json\/wp\/v2\/media\/23694"}],"wp:attachment":[{"href":"https:\/\/www.organisator.ch\/fr\/wp-json\/wp\/v2\/media?parent=23690"}],"wp:term":[{"taxonomy":"category","embeddable":true,"href":"https:\/\/www.organisator.ch\/fr\/wp-json\/wp\/v2\/categories?post=23690"},{"taxonomy":"post_tag","embeddable":true,"href":"https:\/\/www.organisator.ch\/fr\/wp-json\/wp\/v2\/tags?post=23690"}],"curies":[{"name":"wp","href":"https:\/\/api.w.org\/{rel}","templated":true}]}}