{"id":23745,"date":"2023-12-19T04:55:22","date_gmt":"2023-12-19T03:55:22","guid":{"rendered":"https:\/\/www.organisator.ch\/?p=23745"},"modified":"2024-01-18T20:30:56","modified_gmt":"2024-01-18T19:30:56","slug":"geschenke-ja-bitte-mehr-davon-das-ganze-jahr","status":"publish","type":"post","link":"https:\/\/www.organisator.ch\/fr\/allgemein\/2023-12-19\/geschenke-ja-bitte-mehr-davon-das-ganze-jahr\/","title":{"rendered":"Cadeaux - Oui, s'il vous pla\u00eet, plus de cadeaux ; toute l'ann\u00e9e"},"content":{"rendered":"<figure id=\"attachment_23746\" class=\"wp-caption alignnone\" style=\"width: 680px;\" aria-describedby=\"caption-attachment-23746\"><img class=\"size-full wp-image-23746\" src=\"https:\/\/www.organisator.ch\/wp-content\/uploads\/2023\/12\/DALLE_Geschenke_Bild1_ps.jpg\" sizes=\"(max-width: 680px) 100vw, 680px\" srcset=\"https:\/\/www.organisator.ch\/wp-content\/uploads\/2023\/12\/DALLE_Geschenke_Bild1_ps.jpg 680w, https:\/\/www.organisator.ch\/wp-content\/uploads\/2023\/12\/DALLE_Geschenke_Bild1_ps-150x150.jpg 150w, https:\/\/www.organisator.ch\/wp-content\/uploads\/2023\/12\/DALLE_Geschenke_Bild1_ps-12x12.jpg 12w, https:\/\/www.organisator.ch\/wp-content\/uploads\/2023\/12\/DALLE_Geschenke_Bild1_ps-300x300.jpg 300w, https:\/\/www.organisator.ch\/wp-content\/uploads\/2023\/12\/DALLE_Geschenke_Bild1_ps-350x350.jpg 350w, https:\/\/www.organisator.ch\/wp-content\/uploads\/2023\/12\/DALLE_Geschenke_Bild1_ps-250x250.jpg 250w\" alt=\"\" width=\"680\" height=\"680\" \/>\r\n<figcaption id=\"caption-attachment-23746\" class=\"wp-caption-text\">Les petits cadeaux contreviennent aux exigences de conformit\u00e9 - aha ! (Image : Organisateur\/DALL-E)<\/figcaption>\r\n<\/figure>\r\n<p>En effet, le groupe consid\u00e8re que \"l'\u00e9quit\u00e9, la transparence, l'honn\u00eatet\u00e9 et la confiance\" sont des valeurs fondamentales de son action. Et ces valeurs, il les exige \u00e9galement de ses fournisseurs et prestataires de services externes.<\/p>\r\n<h3><strong>Les petits cadeaux contreviennent aux exigences de conformit\u00e9 - aha !<\/strong><\/h3>\r\n<p>C'est pourquoi le groupe a demand\u00e9 \u00e0 ses fournisseurs et prestataires de services de s'abstenir d'offrir des cadeaux \u00e0 ses \"collaborateurs dans le cadre de transactions commerciales ou \u00e0 l'occasion d'\u00e9v\u00e9nements personnels ou de f\u00eates religieuses ou nationales, comme par exemple No\u00ebl et le Nouvel An\". En outre, \"nous vous prions \u00e9galement de vous abstenir d'envoyer des cadeaux \u00e0 des adresses priv\u00e9es, afin que nos collaborateurs ne soient pas dans l'embarras de devoir refuser, rejeter ou renvoyer des cadeaux\".<\/p>\r\n<p>Le groupe voit dans cette demande ou mesure \"une nouvelle \u00e9tape importante dans le renforcement et la garantie de notre exigence de compliance\". (Wow, probablement aussi dans le fait qu'il parle syst\u00e9matiquement dans sa lettre de ses \"collaborateurs\" - mais en m\u00eame temps aussi de ses \"fournisseurs\", \"prestataires de services\" et \"partenaires commerciaux\").<\/p>\r\n<h3><strong>Le portier a commis de graves violations des r\u00e8gles de conformit\u00e9 !<\/strong><\/h3>\r\n<p>C'est peut-\u00eatre vrai pour le groupe. Et cette mesure est probablement judicieuse et n\u00e9cessaire en raison des cadeaux dont le service des achats de nombreuses entreprises a souvent \u00e9t\u00e9 inond\u00e9 par le pass\u00e9. N\u00e9anmoins, la lettre semble en quelque sorte mesquine, ridicule et embarrassante si l'on pense aux graves violations des r\u00e8gles de compliance fix\u00e9es par \u00e9crit qui ont \u00e9t\u00e9 rendues publiques ces derni\u00e8res ann\u00e9es, et qui ont entra\u00een\u00e9 une augmentation des co\u00fbts.<\/p>\r\n<ul>\r\n\t<li>soit par les cadres sup\u00e9rieurs de certaines entreprises (et non par leurs portiers)<\/li>\r\n\t<li>ont \u00e9t\u00e9 tacitement tol\u00e9r\u00e9es par ces derniers afin d'am\u00e9liorer les performances.<\/li>\r\n<\/ul>\r\n<p>Sans ces violations de la conformit\u00e9, il n'y aurait pas eu de manipulations criminelles des taux d'int\u00e9r\u00eat et de tricheries sur les dividendes (mot-cl\u00e9 : Cum-Ex), sur lesquelles la justice se penche, ni le scandale des gaz d'\u00e9chappement et de Wirecard. Et je ne veux m\u00eame pas savoir combien de violations de la conformit\u00e9 ont \u00e9t\u00e9 (et sont encore) commises lors de la demande d'aides Corona et de subventions pour faire face \u00e0 la crise \u00e9nerg\u00e9tique, \u00e0 la transformation technologique, etc. (J'ai toutefois une certaine id\u00e9e \u00e0 ce sujet gr\u00e2ce aux r\u00e9cits d'un ami conseiller fiscal et expert-comptable).<\/p>\r\n<h3><strong>Nous nous moquons des r\u00e8gles de conformit\u00e9 : Nous voulons beaucoup de cadeaux !<\/strong><\/h3>\r\n<p>En tout cas, nous nous r\u00e9jouissons chaque ann\u00e9e de recevoir des cadeaux (de No\u00ebl). Parfois, nous les attendons m\u00eame avec impatience - comme par exemple le calendrier de l'Avent rempli de pralines en massepain de qualit\u00e9 sup\u00e9rieure d'un client de L\u00fcbeck. Ou le d\u00e9licieux Christstollen d'une maison d'\u00e9dition, qui n'est malheureusement pas encore arriv\u00e9 cette ann\u00e9e, probablement parce que la maison d'\u00e9dition, comme de nombreuses maisons d'\u00e9dition sp\u00e9cialis\u00e9es, souffre d'une telle baisse de chiffre d'affaires qu'elle va cesser de publier la plupart de ses revues sp\u00e9cialis\u00e9es \u00e0 la fin de l'ann\u00e9e.  Ann\u00e9e apr\u00e8s ann\u00e9e, nous d\u00e9gustons avec plaisir en \u00e9quipe de telles friandises, petites ou grandes, comme par exemple la Sachertorte de notre cliente Sabine Prohaska de Vienne... et nous remercions ensuite chaleureusement les g\u00e9n\u00e9reux \"donateurs\".<\/p>\r\n<p>C'est pourquoi nous formulons le souhait suivant pour l'ann\u00e9e \u00e0 venir : s'il vous pla\u00eet, envoyez-nous \u00e0 nouveau plus de cadeaux (... par exemple aussi \u00e0 l'occasion de mon anniversaire, dont la date vous sera communiqu\u00e9e entre autres par XING et LinkedIn). Nous nous en r\u00e9jouissons et, m\u00eame si nous les mangeons - dans la mesure du possible -, nous les \"appr\u00e9cions\" !<\/p>\r\n<h3><strong>MERCI, chers clients et \u00e9diteurs, de penser \u00e0 nous<\/strong><\/h3>\r\n<p>Par exemple, le conteneur en plastique rempli de barres de chocolat que nous avons re\u00e7u de notre client Klaus Doll il y a deux ans, \u00e0 l'occasion de notre d\u00e9m\u00e9nagement, se trouve toujours dans notre bureau... et je le remplis r\u00e9guli\u00e8rement, car il est \"vid\u00e9\" toutes les deux ou trois semaines. Et c'est dans la tasse que j'ai re\u00e7ue il y a -zig ans de la maison d'\u00e9dition IDG, qui publie entre autres le magazine Computerwoche, que je bois encore aujourd'hui presque quotidiennement mon caf\u00e9 au bureau.<\/p>\r\n<p>Vous voyez, chers clients et collaborateurs de la maison d'\u00e9dition, que nous traitons vos cadeaux avec beaucoup d'\"estime\" et que nous les utilisons, si nous ne les avons pas mang\u00e9s, de mani\u00e8re tr\u00e8s \"durable\", car notre agence n'a certes pas de r\u00e8gles de compliance, mais elle a tout de m\u00eame une ou deux valeurs qui guident nos actions.<\/p>\r\n<p><em><strong>Auteur :<\/strong><br \/>\r\n<\/em><em>Bernhard Kuntz est propri\u00e9taire de l'agence de marketing sp\u00e9cialis\u00e9e dans les prestataires de formation et de conseil. <a href=\"https:\/\/www.die-profilberater.de\/online-marketing-fuer-berater-coaches-trainermarketing\">Les conseillers PRofil<\/a>, Darmstad. Il est notamment l'auteur de deux classiques du marketing : \"Vendre la peau de l'ours\" et \"Fette Beute f\u00fcr Trainer und Berater\".\u00a0<\/em><\/p>","protected":false},"excerpt":{"rendered":"<p>\"Veuillez ne pas envoyer de cadeaux de No\u00ebl \u00e0 nos collaborateurs\" - c'est ce qu'un groupe allemand a \u00e9crit mi-novembre \u00e0 ses fournisseurs ; donc aussi aux conseillers, formateurs et coachs qui travaillent pour lui.<\/p>","protected":false},"author":58,"featured_media":23746,"comment_status":"closed","ping_status":"closed","sticky":false,"template":"","format":"standard","meta":{"_acf_changed":false,"_yoast_wpseo_focuskw":"Geschenke","_yoast_wpseo_metadesc":"\u201eBitte schicken Sie unseren Mitarbeitenden keine Weihnachtsgeschenke\u201c \u2013 das schrieb ein deutscher Konzern Mitte November seinen Lieferanten.","articlekey":"","footnotes":""},"categories":[1],"tags":[127,4030,492],"class_list":["post-23745","post","type-post","status-publish","format-standard","has-post-thumbnail","hentry","category-allgemein","tag-compliance","tag-geschenke","tag-unternehmen"],"acf":[],"yoast_head":"<!-- This site is optimized with the Yoast SEO plugin v27.4 - https:\/\/yoast.com\/product\/yoast-seo-wordpress\/ -->\n<title>Geschenke \u2013 Ja, bitte mehr davon; das ganze Jahr - Organisator<\/title>\n<meta name=\"description\" content=\"\u201eBitte schicken Sie unseren Mitarbeitenden keine Weihnachtsgeschenke\u201c \u2013 das schrieb ein deutscher Konzern Mitte November seinen Lieferanten.\" \/>\n<meta name=\"robots\" content=\"index, follow, max-snippet:-1, max-image-preview:large, max-video-preview:-1\" \/>\n<link rel=\"canonical\" href=\"https:\/\/www.organisator.ch\/fr\/general\/2023-12-19\/geschenke-ja-bitte-mehr-davon-das-ganze-jahr\/\" \/>\n<meta property=\"og:locale\" content=\"fr_FR\" \/>\n<meta property=\"og:type\" content=\"article\" \/>\n<meta property=\"og:title\" content=\"Geschenke \u2013 Ja, bitte mehr davon; das ganze Jahr\" \/>\n<meta property=\"og:description\" content=\"\u201eBitte schicken Sie unseren Mitarbeitenden keine Weihnachtsgeschenke\u201c \u2013 das schrieb ein deutscher Konzern Mitte November seinen Lieferanten.\" \/>\n<meta property=\"og:url\" content=\"https:\/\/www.organisator.ch\/fr\/general\/2023-12-19\/geschenke-ja-bitte-mehr-davon-das-ganze-jahr\/\" \/>\n<meta property=\"og:site_name\" content=\"Organisator\" \/>\n<meta property=\"article:publisher\" content=\"https:\/\/www.facebook.com\/OrganisatorFachmagazin\" \/>\n<meta property=\"article:published_time\" content=\"2023-12-19T03:55:22+00:00\" \/>\n<meta property=\"article:modified_time\" content=\"2024-01-18T19:30:56+00:00\" \/>\n<meta property=\"og:image\" content=\"https:\/\/www.organisator.ch\/wp-content\/uploads\/2023\/12\/DALLE_Geschenke_Bild1_ps.jpg\" \/>\n\t<meta property=\"og:image:width\" content=\"680\" \/>\n\t<meta property=\"og:image:height\" content=\"680\" \/>\n\t<meta property=\"og:image:type\" content=\"image\/jpeg\" \/>\n<meta name=\"author\" content=\"Adelisa Kalajdzini\" \/>\n<meta name=\"twitter:card\" content=\"summary_large_image\" \/>\n<meta name=\"twitter:title\" content=\"Geschenke \u2013 Ja, bitte mehr davon; das ganze Jahr\" \/>\n<meta name=\"twitter:description\" content=\"\u201eBitte schicken Sie unseren #Mitarbeitenden keine #Weihnachtsgeschenke\u201c \u2013 das schrieb ein deutscher Konzern Mitte November seinen Lieferanten.\" \/>\n<meta name=\"twitter:image\" content=\"https:\/\/www.organisator.ch\/wp-content\/uploads\/2023\/12\/DALLE_Geschenke_Bild1_ps.jpg\" \/>\n<script type=\"application\/ld+json\" class=\"yoast-schema-graph\">{\"@context\":\"https:\\\/\\\/schema.org\",\"@graph\":[{\"@type\":\"Article\",\"@id\":\"https:\\\/\\\/www.organisator.ch\\\/allgemein\\\/2023-12-19\\\/geschenke-ja-bitte-mehr-davon-das-ganze-jahr\\\/#article\",\"isPartOf\":{\"@id\":\"https:\\\/\\\/www.organisator.ch\\\/allgemein\\\/2023-12-19\\\/geschenke-ja-bitte-mehr-davon-das-ganze-jahr\\\/\"},\"author\":{\"name\":\"Adelisa Kalajdzini\",\"@id\":\"https:\\\/\\\/www.organisator.ch\\\/#\\\/schema\\\/person\\\/2e1314a2172123f874db408d8911d3f3\"},\"headline\":\"Geschenke \u2013 Ja, bitte mehr davon; das ganze Jahr\",\"datePublished\":\"2023-12-19T03:55:22+00:00\",\"dateModified\":\"2024-01-18T19:30:56+00:00\",\"mainEntityOfPage\":{\"@id\":\"https:\\\/\\\/www.organisator.ch\\\/allgemein\\\/2023-12-19\\\/geschenke-ja-bitte-mehr-davon-das-ganze-jahr\\\/\"},\"wordCount\":694,\"publisher\":{\"@id\":\"https:\\\/\\\/www.organisator.ch\\\/#organization\"},\"image\":{\"@id\":\"https:\\\/\\\/www.organisator.ch\\\/allgemein\\\/2023-12-19\\\/geschenke-ja-bitte-mehr-davon-das-ganze-jahr\\\/#primaryimage\"},\"thumbnailUrl\":\"https:\\\/\\\/www.organisator.ch\\\/wp-content\\\/uploads\\\/2023\\\/12\\\/DALLE_Geschenke_Bild1_ps.jpg\",\"keywords\":[\"Compliance\",\"Geschenke\",\"Unternehmen\"],\"articleSection\":[\"Allgemein\"],\"inLanguage\":\"fr-FR\"},{\"@type\":\"WebPage\",\"@id\":\"https:\\\/\\\/www.organisator.ch\\\/allgemein\\\/2023-12-19\\\/geschenke-ja-bitte-mehr-davon-das-ganze-jahr\\\/\",\"url\":\"https:\\\/\\\/www.organisator.ch\\\/allgemein\\\/2023-12-19\\\/geschenke-ja-bitte-mehr-davon-das-ganze-jahr\\\/\",\"name\":\"Geschenke \u2013 Ja, bitte mehr davon; das ganze Jahr - Organisator\",\"isPartOf\":{\"@id\":\"https:\\\/\\\/www.organisator.ch\\\/#website\"},\"primaryImageOfPage\":{\"@id\":\"https:\\\/\\\/www.organisator.ch\\\/allgemein\\\/2023-12-19\\\/geschenke-ja-bitte-mehr-davon-das-ganze-jahr\\\/#primaryimage\"},\"image\":{\"@id\":\"https:\\\/\\\/www.organisator.ch\\\/allgemein\\\/2023-12-19\\\/geschenke-ja-bitte-mehr-davon-das-ganze-jahr\\\/#primaryimage\"},\"thumbnailUrl\":\"https:\\\/\\\/www.organisator.ch\\\/wp-content\\\/uploads\\\/2023\\\/12\\\/DALLE_Geschenke_Bild1_ps.jpg\",\"datePublished\":\"2023-12-19T03:55:22+00:00\",\"dateModified\":\"2024-01-18T19:30:56+00:00\",\"description\":\"\u201eBitte schicken Sie unseren Mitarbeitenden keine Weihnachtsgeschenke\u201c \u2013 das schrieb ein deutscher Konzern Mitte November seinen Lieferanten.\",\"breadcrumb\":{\"@id\":\"https:\\\/\\\/www.organisator.ch\\\/allgemein\\\/2023-12-19\\\/geschenke-ja-bitte-mehr-davon-das-ganze-jahr\\\/#breadcrumb\"},\"inLanguage\":\"fr-FR\",\"potentialAction\":[{\"@type\":\"ReadAction\",\"target\":[\"https:\\\/\\\/www.organisator.ch\\\/allgemein\\\/2023-12-19\\\/geschenke-ja-bitte-mehr-davon-das-ganze-jahr\\\/\"]}]},{\"@type\":\"ImageObject\",\"inLanguage\":\"fr-FR\",\"@id\":\"https:\\\/\\\/www.organisator.ch\\\/allgemein\\\/2023-12-19\\\/geschenke-ja-bitte-mehr-davon-das-ganze-jahr\\\/#primaryimage\",\"url\":\"https:\\\/\\\/www.organisator.ch\\\/wp-content\\\/uploads\\\/2023\\\/12\\\/DALLE_Geschenke_Bild1_ps.jpg\",\"contentUrl\":\"https:\\\/\\\/www.organisator.ch\\\/wp-content\\\/uploads\\\/2023\\\/12\\\/DALLE_Geschenke_Bild1_ps.jpg\",\"width\":680,\"height\":680,\"caption\":\"Kleine Pr\u00e4sente verstossen gegen Compliance-Anspr\u00fcche \u2013 aha! (Bild: Organisator\\\/DALLE)\"},{\"@type\":\"BreadcrumbList\",\"@id\":\"https:\\\/\\\/www.organisator.ch\\\/allgemein\\\/2023-12-19\\\/geschenke-ja-bitte-mehr-davon-das-ganze-jahr\\\/#breadcrumb\",\"itemListElement\":[{\"@type\":\"ListItem\",\"position\":1,\"name\":\"Home\",\"item\":\"https:\\\/\\\/www.organisator.ch\\\/\"},{\"@type\":\"ListItem\",\"position\":2,\"name\":\"Geschenke \u2013 Ja, bitte mehr davon; das ganze Jahr\"}]},{\"@type\":\"WebSite\",\"@id\":\"https:\\\/\\\/www.organisator.ch\\\/#website\",\"url\":\"https:\\\/\\\/www.organisator.ch\\\/\",\"name\":\"Organisator\",\"description\":\"Kompetent. Praxisnah. Der ORGANISATOR bereitet in 10 Ausgaben pro Jahr die wesentlichen Themen f\u00fcr F\u00fchrungskr\u00e4fte von KMU auf.\",\"publisher\":{\"@id\":\"https:\\\/\\\/www.organisator.ch\\\/#organization\"},\"potentialAction\":[{\"@type\":\"SearchAction\",\"target\":{\"@type\":\"EntryPoint\",\"urlTemplate\":\"https:\\\/\\\/www.organisator.ch\\\/?s={search_term_string}\"},\"query-input\":{\"@type\":\"PropertyValueSpecification\",\"valueRequired\":true,\"valueName\":\"search_term_string\"}}],\"inLanguage\":\"fr-FR\"},{\"@type\":\"Organization\",\"@id\":\"https:\\\/\\\/www.organisator.ch\\\/#organization\",\"name\":\"Organisator\",\"url\":\"https:\\\/\\\/www.organisator.ch\\\/\",\"logo\":{\"@type\":\"ImageObject\",\"inLanguage\":\"fr-FR\",\"@id\":\"https:\\\/\\\/www.organisator.ch\\\/#\\\/schema\\\/logo\\\/image\\\/\",\"url\":\"https:\\\/\\\/www.organisator.ch\\\/wp-content\\\/uploads\\\/2022\\\/01\\\/Logo_Organisator_Website.png\",\"contentUrl\":\"https:\\\/\\\/www.organisator.ch\\\/wp-content\\\/uploads\\\/2022\\\/01\\\/Logo_Organisator_Website.png\",\"width\":800,\"height\":77,\"caption\":\"Organisator\"},\"image\":{\"@id\":\"https:\\\/\\\/www.organisator.ch\\\/#\\\/schema\\\/logo\\\/image\\\/\"},\"sameAs\":[\"https:\\\/\\\/www.facebook.com\\\/OrganisatorFachmagazin\",\"https:\\\/\\\/www.linkedin.com\\\/showcase\\\/organisator-das-magazin-fr-kmu\",\"https:\\\/\\\/www.xing.com\\\/news\\\/pages\\\/organisator-ch-695\",\"https:\\\/\\\/www.youtube.com\\\/channel\\\/UCGP2Sq0iWaZwT3BdIAQFYpw\"]},{\"@type\":\"Person\",\"@id\":\"https:\\\/\\\/www.organisator.ch\\\/#\\\/schema\\\/person\\\/2e1314a2172123f874db408d8911d3f3\",\"name\":\"Adelisa Kalajdzini\",\"image\":{\"@type\":\"ImageObject\",\"inLanguage\":\"fr-FR\",\"@id\":\"https:\\\/\\\/secure.gravatar.com\\\/avatar\\\/09a397c22ac58cad6f160ee8306348599df9df58a8ede73696226897b9fa4b24?s=96&d=mm&r=g\",\"url\":\"https:\\\/\\\/secure.gravatar.com\\\/avatar\\\/09a397c22ac58cad6f160ee8306348599df9df58a8ede73696226897b9fa4b24?s=96&d=mm&r=g\",\"contentUrl\":\"https:\\\/\\\/secure.gravatar.com\\\/avatar\\\/09a397c22ac58cad6f160ee8306348599df9df58a8ede73696226897b9fa4b24?s=96&d=mm&r=g\",\"caption\":\"Adelisa Kalajdzini\"},\"url\":\"https:\\\/\\\/www.organisator.ch\\\/fr\\\/author\\\/adelisa-kalajdzini\\\/\"}]}<\/script>\n<!-- \/ Yoast SEO plugin. -->","yoast_head_json":{"title":"Cadeaux - Oui, s'il vous pla\u00eet plus ; toute l'ann\u00e9e - Organisateur","description":"\"Veuillez ne pas envoyer de cadeaux de No\u00ebl \u00e0 nos collaborateurs\" - c'est ce qu'a \u00e9crit un groupe allemand \u00e0 ses fournisseurs \u00e0 la mi-novembre.","robots":{"index":"index","follow":"follow","max-snippet":"max-snippet:-1","max-image-preview":"max-image-preview:large","max-video-preview":"max-video-preview:-1"},"canonical":"https:\/\/www.organisator.ch\/fr\/general\/2023-12-19\/geschenke-ja-bitte-mehr-davon-das-ganze-jahr\/","og_locale":"fr_FR","og_type":"article","og_title":"Geschenke \u2013 Ja, bitte mehr davon; das ganze Jahr","og_description":"\u201eBitte schicken Sie unseren Mitarbeitenden keine Weihnachtsgeschenke\u201c \u2013 das schrieb ein deutscher Konzern Mitte November seinen Lieferanten.","og_url":"https:\/\/www.organisator.ch\/fr\/general\/2023-12-19\/geschenke-ja-bitte-mehr-davon-das-ganze-jahr\/","og_site_name":"Organisator","article_publisher":"https:\/\/www.facebook.com\/OrganisatorFachmagazin","article_published_time":"2023-12-19T03:55:22+00:00","article_modified_time":"2024-01-18T19:30:56+00:00","og_image":[{"width":680,"height":680,"url":"https:\/\/www.organisator.ch\/wp-content\/uploads\/2023\/12\/DALLE_Geschenke_Bild1_ps.jpg","type":"image\/jpeg"}],"author":"Adelisa Kalajdzini","twitter_card":"summary_large_image","twitter_title":"Geschenke \u2013 Ja, bitte mehr davon; das ganze Jahr","twitter_description":"\u201eBitte schicken Sie unseren #Mitarbeitenden keine #Weihnachtsgeschenke\u201c \u2013 das schrieb ein deutscher Konzern Mitte November seinen Lieferanten.","twitter_image":"https:\/\/www.organisator.ch\/wp-content\/uploads\/2023\/12\/DALLE_Geschenke_Bild1_ps.jpg","schema":{"@context":"https:\/\/schema.org","@graph":[{"@type":"Article","@id":"https:\/\/www.organisator.ch\/allgemein\/2023-12-19\/geschenke-ja-bitte-mehr-davon-das-ganze-jahr\/#article","isPartOf":{"@id":"https:\/\/www.organisator.ch\/allgemein\/2023-12-19\/geschenke-ja-bitte-mehr-davon-das-ganze-jahr\/"},"author":{"name":"Adelisa Kalajdzini","@id":"https:\/\/www.organisator.ch\/#\/schema\/person\/2e1314a2172123f874db408d8911d3f3"},"headline":"Geschenke \u2013 Ja, bitte mehr davon; das ganze Jahr","datePublished":"2023-12-19T03:55:22+00:00","dateModified":"2024-01-18T19:30:56+00:00","mainEntityOfPage":{"@id":"https:\/\/www.organisator.ch\/allgemein\/2023-12-19\/geschenke-ja-bitte-mehr-davon-das-ganze-jahr\/"},"wordCount":694,"publisher":{"@id":"https:\/\/www.organisator.ch\/#organization"},"image":{"@id":"https:\/\/www.organisator.ch\/allgemein\/2023-12-19\/geschenke-ja-bitte-mehr-davon-das-ganze-jahr\/#primaryimage"},"thumbnailUrl":"https:\/\/www.organisator.ch\/wp-content\/uploads\/2023\/12\/DALLE_Geschenke_Bild1_ps.jpg","keywords":["Compliance","Geschenke","Unternehmen"],"articleSection":["Allgemein"],"inLanguage":"fr-FR"},{"@type":"WebPage","@id":"https:\/\/www.organisator.ch\/allgemein\/2023-12-19\/geschenke-ja-bitte-mehr-davon-das-ganze-jahr\/","url":"https:\/\/www.organisator.ch\/allgemein\/2023-12-19\/geschenke-ja-bitte-mehr-davon-das-ganze-jahr\/","name":"Cadeaux - Oui, s'il vous pla\u00eet plus ; toute l'ann\u00e9e - Organisateur","isPartOf":{"@id":"https:\/\/www.organisator.ch\/#website"},"primaryImageOfPage":{"@id":"https:\/\/www.organisator.ch\/allgemein\/2023-12-19\/geschenke-ja-bitte-mehr-davon-das-ganze-jahr\/#primaryimage"},"image":{"@id":"https:\/\/www.organisator.ch\/allgemein\/2023-12-19\/geschenke-ja-bitte-mehr-davon-das-ganze-jahr\/#primaryimage"},"thumbnailUrl":"https:\/\/www.organisator.ch\/wp-content\/uploads\/2023\/12\/DALLE_Geschenke_Bild1_ps.jpg","datePublished":"2023-12-19T03:55:22+00:00","dateModified":"2024-01-18T19:30:56+00:00","description":"\"Veuillez ne pas envoyer de cadeaux de No\u00ebl \u00e0 nos collaborateurs\" - c'est ce qu'a \u00e9crit un groupe allemand \u00e0 ses fournisseurs \u00e0 la mi-novembre.","breadcrumb":{"@id":"https:\/\/www.organisator.ch\/allgemein\/2023-12-19\/geschenke-ja-bitte-mehr-davon-das-ganze-jahr\/#breadcrumb"},"inLanguage":"fr-FR","potentialAction":[{"@type":"ReadAction","target":["https:\/\/www.organisator.ch\/allgemein\/2023-12-19\/geschenke-ja-bitte-mehr-davon-das-ganze-jahr\/"]}]},{"@type":"ImageObject","inLanguage":"fr-FR","@id":"https:\/\/www.organisator.ch\/allgemein\/2023-12-19\/geschenke-ja-bitte-mehr-davon-das-ganze-jahr\/#primaryimage","url":"https:\/\/www.organisator.ch\/wp-content\/uploads\/2023\/12\/DALLE_Geschenke_Bild1_ps.jpg","contentUrl":"https:\/\/www.organisator.ch\/wp-content\/uploads\/2023\/12\/DALLE_Geschenke_Bild1_ps.jpg","width":680,"height":680,"caption":"Kleine Pr\u00e4sente verstossen gegen Compliance-Anspr\u00fcche \u2013 aha! (Bild: Organisator\/DALLE)"},{"@type":"BreadcrumbList","@id":"https:\/\/www.organisator.ch\/allgemein\/2023-12-19\/geschenke-ja-bitte-mehr-davon-das-ganze-jahr\/#breadcrumb","itemListElement":[{"@type":"ListItem","position":1,"name":"Home","item":"https:\/\/www.organisator.ch\/"},{"@type":"ListItem","position":2,"name":"Geschenke \u2013 Ja, bitte mehr davon; das ganze Jahr"}]},{"@type":"WebSite","@id":"https:\/\/www.organisator.ch\/#website","url":"https:\/\/www.organisator.ch\/","name":"Organisateur","description":"Comp\u00e9tence et comp\u00e9tence. Proches de la pratique. L'ORGANISATEUR pr\u00e9pare 10 num\u00e9ros par an sur les th\u00e8mes essentiels pour les dirigeants de PME.","publisher":{"@id":"https:\/\/www.organisator.ch\/#organization"},"potentialAction":[{"@type":"SearchAction","target":{"@type":"EntryPoint","urlTemplate":"https:\/\/www.organisator.ch\/?s={search_term_string}"},"query-input":{"@type":"PropertyValueSpecification","valueRequired":true,"valueName":"search_term_string"}}],"inLanguage":"fr-FR"},{"@type":"Organization","@id":"https:\/\/www.organisator.ch\/#organization","name":"Organisateur","url":"https:\/\/www.organisator.ch\/","logo":{"@type":"ImageObject","inLanguage":"fr-FR","@id":"https:\/\/www.organisator.ch\/#\/schema\/logo\/image\/","url":"https:\/\/www.organisator.ch\/wp-content\/uploads\/2022\/01\/Logo_Organisator_Website.png","contentUrl":"https:\/\/www.organisator.ch\/wp-content\/uploads\/2022\/01\/Logo_Organisator_Website.png","width":800,"height":77,"caption":"Organisator"},"image":{"@id":"https:\/\/www.organisator.ch\/#\/schema\/logo\/image\/"},"sameAs":["https:\/\/www.facebook.com\/OrganisatorFachmagazin","https:\/\/www.linkedin.com\/showcase\/organisator-das-magazin-fr-kmu","https:\/\/www.xing.com\/news\/pages\/organisator-ch-695","https:\/\/www.youtube.com\/channel\/UCGP2Sq0iWaZwT3BdIAQFYpw"]},{"@type":"Person","@id":"https:\/\/www.organisator.ch\/#\/schema\/person\/2e1314a2172123f874db408d8911d3f3","name":"Adelisa Kalajdzini","image":{"@type":"ImageObject","inLanguage":"fr-FR","@id":"https:\/\/secure.gravatar.com\/avatar\/09a397c22ac58cad6f160ee8306348599df9df58a8ede73696226897b9fa4b24?s=96&d=mm&r=g","url":"https:\/\/secure.gravatar.com\/avatar\/09a397c22ac58cad6f160ee8306348599df9df58a8ede73696226897b9fa4b24?s=96&d=mm&r=g","contentUrl":"https:\/\/secure.gravatar.com\/avatar\/09a397c22ac58cad6f160ee8306348599df9df58a8ede73696226897b9fa4b24?s=96&d=mm&r=g","caption":"Adelisa Kalajdzini"},"url":"https:\/\/www.organisator.ch\/fr\/author\/adelisa-kalajdzini\/"}]}},"_links":{"self":[{"href":"https:\/\/www.organisator.ch\/fr\/wp-json\/wp\/v2\/posts\/23745","targetHints":{"allow":["GET"]}}],"collection":[{"href":"https:\/\/www.organisator.ch\/fr\/wp-json\/wp\/v2\/posts"}],"about":[{"href":"https:\/\/www.organisator.ch\/fr\/wp-json\/wp\/v2\/types\/post"}],"author":[{"embeddable":true,"href":"https:\/\/www.organisator.ch\/fr\/wp-json\/wp\/v2\/users\/58"}],"replies":[{"embeddable":true,"href":"https:\/\/www.organisator.ch\/fr\/wp-json\/wp\/v2\/comments?post=23745"}],"version-history":[{"count":8,"href":"https:\/\/www.organisator.ch\/fr\/wp-json\/wp\/v2\/posts\/23745\/revisions"}],"predecessor-version":[{"id":24038,"href":"https:\/\/www.organisator.ch\/fr\/wp-json\/wp\/v2\/posts\/23745\/revisions\/24038"}],"wp:featuredmedia":[{"embeddable":true,"href":"https:\/\/www.organisator.ch\/fr\/wp-json\/wp\/v2\/media\/23746"}],"wp:attachment":[{"href":"https:\/\/www.organisator.ch\/fr\/wp-json\/wp\/v2\/media?parent=23745"}],"wp:term":[{"taxonomy":"category","embeddable":true,"href":"https:\/\/www.organisator.ch\/fr\/wp-json\/wp\/v2\/categories?post=23745"},{"taxonomy":"post_tag","embeddable":true,"href":"https:\/\/www.organisator.ch\/fr\/wp-json\/wp\/v2\/tags?post=23745"}],"curies":[{"name":"wp","href":"https:\/\/api.w.org\/{rel}","templated":true}]}}