{"id":2375,"date":"2019-08-13T17:58:03","date_gmt":"2019-08-13T15:58:03","guid":{"rendered":"https:\/\/www.umweltperspektiven.ch\/?p=2375"},"modified":"2022-02-09T11:06:52","modified_gmt":"2022-02-09T10:06:52","slug":"neue-sensorik-soll-die-luftqualitaet-in-staedten-verbessern","status":"publish","type":"post","link":"https:\/\/www.organisator.ch\/fr\/sustainability\/2019-08-13\/neue-sensorik-soll-die-luftqualitaet-in-staedten-verbessern\/","title":{"rendered":"De nouveaux capteurs pour am\u00e9liorer la qualit\u00e9 de l'air dans les villes"},"content":{"rendered":"<figure id=\"attachment_2376\" aria-describedby=\"caption-attachment-2376\" style=\"width: 640px\" class=\"wp-caption alignnone\"><img loading=\"lazy\" decoding=\"async\" class=\"wp-image-2376 size-full\" src=\"\/\/www.umweltperspektiven.ch\/wp-content\/uploads\/2019\/08\/Co2_Grossstaedte.jpg\" alt=\"\" width=\"640\" height=\"427\" \/><figcaption id=\"caption-attachment-2376\" class=\"wp-caption-text\">Dans le cadre d'un nouveau projet Horizon, des capteurs sont d\u00e9velopp\u00e9s pour d\u00e9tecter en quelques secondes les v\u00e9hicules qui passent au bord de la route, sur les glissi\u00e8res de s\u00e9curit\u00e9 ou directement sur les panneaux de signalisation. (Image symbolique : Unsplash)<\/figcaption><\/figure>\n<p>Qu'entend-on par qualit\u00e9 de l'air dans un projet de recherche \u00e0 l'\u00e9chelle europ\u00e9enne ? Concr\u00e8tement, les chercheurs veulent d\u00e9velopper, dans le cadre du projet de recherche CARES (Horizon 2020), de nouveaux capteurs qui seront plac\u00e9s au bord des routes, sur les glissi\u00e8res de s\u00e9curit\u00e9 ou sur les panneaux de signalisation et qui d\u00e9tecteront en quelques secondes les v\u00e9hicules qui passent.<\/p>\n<p>\"Nous voulons surveiller les \u00e9missions des v\u00e9hicules dans les villes et les zones environnementales dans des conditions r\u00e9elles, sans devoir intervenir dans le trafic qui s'\u00e9coule librement\", explique Alexander Bergmann, directeur de l'Institut des syst\u00e8mes de capteurs \u00e9lectroniques de l'Universit\u00e9 technique de Graz. Lui et son \u00e9quipe sont les principaux responsables du projet pour tout ce qui concerne la mesure des particules, un domaine dans lequel l'institut compte parmi les leaders mondiaux.<\/p>\n<p><strong>De multiples possibilit\u00e9s de r\u00e9gulation du trafic<\/strong><\/p>\n<p>\"L'objectif est de d\u00e9terminer la classe d'\u00e9mission de chaque v\u00e9hicule gr\u00e2ce aux mesures\", explique Bergmann. Les villes pourraient ainsi introduire un p\u00e9age urbain en fonction des \u00e9missions : plus le niveau d'\u00e9mission du v\u00e9hicule est \u00e9lev\u00e9, plus la taxe \u00e0 payer serait importante. Les autorisations d'entr\u00e9e dans les zones environnementales pourraient \u00e9galement \u00eatre surveill\u00e9es automatiquement, les barri\u00e8res automatiques ne s'ouvrant que si les \u00e9missions polluantes de la voiture qui s'approche se situent dans la norme. Enfin, les capteurs pourraient permettre d'identifier et de retirer de la circulation les v\u00e9hicules dont la puissance du moteur, et donc les \u00e9missions de polluants, ont \u00e9t\u00e9 augment\u00e9es par des filtres \u00e0 particules manipul\u00e9s ou par un chiptuning.<\/p>\n<p><strong>Diapasons comme compteurs de particules<\/strong><\/p>\n<p>Bergmann s'attend \u00e0 ce que des capteurs \u00e0 distance bon march\u00e9 pour la mesure des \u00e9missions soient pr\u00eats pour la production en s\u00e9rie au plus tard \u00e0 la fin du projet en 2022. Mais il fait d\u00e9j\u00e0 r\u00e9f\u00e9rence aux premiers tests prometteurs r\u00e9alis\u00e9s \u00e0 l'institut, dans lesquels on travaille avec des diapasons traditionnels. Ceux-ci sont mis en vibration par des impulsions laser. Les particules qui se trouvent entre les dents du diapason sont stimul\u00e9es par la vibration et commencent \u00e0 \"chanter\" au sens propre du terme. Chaque particule \u00e9met alors des signaux acoustiques qui sont enregistr\u00e9s et reproduits par le diapason. Plus il y a de particules, plus le son est fort. Le volume sonore permet alors de d\u00e9terminer le nombre de particules pr\u00e9sentes dans l'environnement.<\/p>\n<p>Cette technique est d\u00e9j\u00e0 utilis\u00e9e avec succ\u00e8s pour les mesures de gaz. \"Notre institut a maintenant pu montrer pour la premi\u00e8re fois que cela fonctionne \u00e9galement pour les particules et pourrait \u00eatre une possibilit\u00e9 pour un capteur \u00e0 faible co\u00fbt\", explique Bergmann. Les chercheurs de l'Universit\u00e9 technique de Graz esp\u00e8rent que la m\u00e9thode de mesure fera \u00e9galement ses preuves dans les m\u00e9tropoles de Milan, Prague et Cracovie, o\u00f9 les \u00e9tudes sont men\u00e9es en grandeur nature dans le cadre du projet CARES.<\/p>\n<p>Le projet de recherche CARES est financ\u00e9 \u00e0 hauteur de 3.326.735,50 EUR dans le cadre du programme de recherche et d'innovation Horizon 2020 de l'Union europ\u00e9enne et est ancr\u00e9 dans le Field of Expertise \"Information, Communication &amp; Computing\", l'un des cinq domaines strat\u00e9giques prioritaires de la TU Graz.<\/p>\n<p>Partenaires de coop\u00e9ration :<\/p>\n<ul>\n<li>Ivl Svenska Miljoeinstitutet (chef de file ; SE)<\/li>\n<li>TU Graz (Institut des syst\u00e8mes de capteurs \u00e9lectroniques ; Institut des machines \u00e0 combustion et de la thermodynamique AT)<\/li>\n<li>Airyx Gmbh (DE)<\/li>\n<li>AMAT (Agenzia Mobilita' Ambiente E Territorio ; IT)<\/li>\n<li>AUTh (Universit\u00e9 Aristote de Thessalonique ; GR)<\/li>\n<li>CTU (Universit\u00e9 technique tch\u00e8que de Prague ; CZ)<\/li>\n<li>CULS (Universit\u00e9 tch\u00e8que des sciences de la vie de Prague ; CZ)<\/li>\n<li>EMPA (Laboratoire f\u00e9d\u00e9ral d'essai des mat\u00e9riaux et de recherche ; CH)<\/li>\n<li>ICCT (International Council on Clean Transportation ; DE)<\/li>\n<li>IIASA (Institut international d'analyse des syst\u00e8mes appliqu\u00e9s ; AT)<\/li>\n<li>Innovhub - Stazioni Sperimentali Per L'industria (IT)<\/li>\n<li>Krakowski Alarm Smogowy (PL)<\/li>\n<li>TNO (Organisation n\u00e9erlandaise pour la recherche scientifique appliqu\u00e9e ; NL)<\/li>\n<li>Universit\u00e9 de Heidelberg (DE)<\/li>\n<li>Universit\u00e9 de Leeds (GB)<\/li>\n<li>Universit\u00e9 d'York (GB)<\/li>\n<\/ul>\n<p><a href=\"\/\/ies.tugraz.at\">http:\/\/ies.tugraz.at<\/a><\/p>\n<p>&nbsp;<\/p>","protected":false},"excerpt":{"rendered":"<p>Was wird unter Luftqualit\u00e4t in einem europaweiten Forschungsprojekt verstanden? Konkret wollen die Forschenden Im Rahmen des Horizon 2020-Forschungsprojekts CARES (neue Sensoren entwickeln, die am Strassenrand, auf Leitplanken, oder Verkehrsschildern angebracht werden und vorbeifahrende Fahrzeuge in Sekundenschnelle detektieren. \u201eWir wollen die Fahrzeugemissionen in St\u00e4dten und Umweltzonen unter realen Bedingungen \u00fcberwachen, ohne in den frei fliessenden Verkehr [&hellip;]<\/p>\n","protected":false},"author":5,"featured_media":9627,"comment_status":"open","ping_status":"open","sticky":false,"template":"","format":"standard","meta":{"_acf_changed":false,"_yoast_wpseo_focuskw":"Luftqualit\u00e4t","_yoast_wpseo_metadesc":"Die Luftqualit\u00e4t in europ\u00e4ischen St\u00e4dten ist heute eine der gr\u00f6ssten Herausforderungen, unterstreicht das 2020-Forschungsprojekts CARES.","articlekey":"","footnotes":""},"categories":[580],"tags":[1138,1220,1649,2111,2184],"class_list":["post-2375","post","type-post","status-publish","format-standard","has-post-thumbnail","hentry","category-sustainability","tag-europa","tag-forschungsprojekt","tag-luftqualitaet","tag-sensorik","tag-staedte"],"acf":[],"yoast_head":"<!-- This site is optimized with the Yoast SEO plugin v27.5 - https:\/\/yoast.com\/product\/yoast-seo-wordpress\/ -->\n<title>Neue Sensorik soll die Luftqualit\u00e4t in St\u00e4dten verbessern - Organisator<\/title>\n<meta name=\"description\" content=\"Die Luftqualit\u00e4t in europ\u00e4ischen St\u00e4dten ist heute eine der gr\u00f6ssten Herausforderungen, unterstreicht das 2020-Forschungsprojekts CARES.\" \/>\n<meta name=\"robots\" content=\"index, follow, max-snippet:-1, max-image-preview:large, max-video-preview:-1\" \/>\n<link rel=\"canonical\" href=\"https:\/\/www.organisator.ch\/fr\/sustainability\/2019-08-13\/neue-sensorik-soll-die-luftqualitaet-in-staedten-verbessern\/\" \/>\n<meta property=\"og:locale\" content=\"fr_FR\" \/>\n<meta property=\"og:type\" content=\"article\" \/>\n<meta property=\"og:title\" content=\"Neue Sensorik soll die Luftqualit\u00e4t in St\u00e4dten verbessern - Organisator\" \/>\n<meta property=\"og:description\" content=\"Die Luftqualit\u00e4t in europ\u00e4ischen St\u00e4dten ist heute eine der gr\u00f6ssten Herausforderungen, unterstreicht das 2020-Forschungsprojekts CARES.\" \/>\n<meta property=\"og:url\" content=\"https:\/\/www.organisator.ch\/fr\/sustainability\/2019-08-13\/neue-sensorik-soll-die-luftqualitaet-in-staedten-verbessern\/\" \/>\n<meta property=\"og:site_name\" content=\"Organisator\" \/>\n<meta property=\"article:publisher\" content=\"https:\/\/www.facebook.com\/OrganisatorFachmagazin\" \/>\n<meta property=\"article:published_time\" content=\"2019-08-13T15:58:03+00:00\" \/>\n<meta property=\"article:modified_time\" content=\"2022-02-09T10:06:52+00:00\" \/>\n<meta property=\"og:image\" content=\"https:\/\/www.organisator.ch\/wp-content\/uploads\/2019\/08\/Co2_Grossstaedte.jpg\" \/>\n\t<meta property=\"og:image:width\" content=\"640\" \/>\n\t<meta property=\"og:image:height\" content=\"427\" \/>\n\t<meta property=\"og:image:type\" content=\"image\/jpeg\" \/>\n<meta name=\"author\" content=\"michael.merz\" \/>\n<meta name=\"twitter:card\" content=\"summary_large_image\" \/>\n<script type=\"application\/ld+json\" class=\"yoast-schema-graph\">{\"@context\":\"https:\\\/\\\/schema.org\",\"@graph\":[{\"@type\":\"Article\",\"@id\":\"https:\\\/\\\/www.organisator.ch\\\/sustainability\\\/2019-08-13\\\/neue-sensorik-soll-die-luftqualitaet-in-staedten-verbessern\\\/#article\",\"isPartOf\":{\"@id\":\"https:\\\/\\\/www.organisator.ch\\\/sustainability\\\/2019-08-13\\\/neue-sensorik-soll-die-luftqualitaet-in-staedten-verbessern\\\/\"},\"author\":{\"name\":\"michael.merz\",\"@id\":\"https:\\\/\\\/www.organisator.ch\\\/#\\\/schema\\\/person\\\/134708ca9321c57b0362cceb7948ffbd\"},\"headline\":\"Neue Sensorik soll die Luftqualit\u00e4t in St\u00e4dten verbessern\",\"datePublished\":\"2019-08-13T15:58:03+00:00\",\"dateModified\":\"2022-02-09T10:06:52+00:00\",\"mainEntityOfPage\":{\"@id\":\"https:\\\/\\\/www.organisator.ch\\\/sustainability\\\/2019-08-13\\\/neue-sensorik-soll-die-luftqualitaet-in-staedten-verbessern\\\/\"},\"wordCount\":581,\"commentCount\":0,\"publisher\":{\"@id\":\"https:\\\/\\\/www.organisator.ch\\\/#organization\"},\"image\":{\"@id\":\"https:\\\/\\\/www.organisator.ch\\\/sustainability\\\/2019-08-13\\\/neue-sensorik-soll-die-luftqualitaet-in-staedten-verbessern\\\/#primaryimage\"},\"thumbnailUrl\":\"https:\\\/\\\/www.organisator.ch\\\/wp-content\\\/uploads\\\/2019\\\/08\\\/Co2_Grossstaedte.jpg\",\"keywords\":[\"Europa\",\"Forschungsprojekt\",\"Luftqualit\u00e4t\",\"Sensorik\",\"St\u00e4dte\"],\"articleSection\":[\"SUSTAINABILITY\"],\"inLanguage\":\"fr-FR\"},{\"@type\":\"WebPage\",\"@id\":\"https:\\\/\\\/www.organisator.ch\\\/sustainability\\\/2019-08-13\\\/neue-sensorik-soll-die-luftqualitaet-in-staedten-verbessern\\\/\",\"url\":\"https:\\\/\\\/www.organisator.ch\\\/sustainability\\\/2019-08-13\\\/neue-sensorik-soll-die-luftqualitaet-in-staedten-verbessern\\\/\",\"name\":\"Neue Sensorik soll die Luftqualit\u00e4t in St\u00e4dten verbessern - Organisator\",\"isPartOf\":{\"@id\":\"https:\\\/\\\/www.organisator.ch\\\/#website\"},\"primaryImageOfPage\":{\"@id\":\"https:\\\/\\\/www.organisator.ch\\\/sustainability\\\/2019-08-13\\\/neue-sensorik-soll-die-luftqualitaet-in-staedten-verbessern\\\/#primaryimage\"},\"image\":{\"@id\":\"https:\\\/\\\/www.organisator.ch\\\/sustainability\\\/2019-08-13\\\/neue-sensorik-soll-die-luftqualitaet-in-staedten-verbessern\\\/#primaryimage\"},\"thumbnailUrl\":\"https:\\\/\\\/www.organisator.ch\\\/wp-content\\\/uploads\\\/2019\\\/08\\\/Co2_Grossstaedte.jpg\",\"datePublished\":\"2019-08-13T15:58:03+00:00\",\"dateModified\":\"2022-02-09T10:06:52+00:00\",\"description\":\"Die Luftqualit\u00e4t in europ\u00e4ischen St\u00e4dten ist heute eine der gr\u00f6ssten Herausforderungen, unterstreicht das 2020-Forschungsprojekts CARES.\",\"breadcrumb\":{\"@id\":\"https:\\\/\\\/www.organisator.ch\\\/sustainability\\\/2019-08-13\\\/neue-sensorik-soll-die-luftqualitaet-in-staedten-verbessern\\\/#breadcrumb\"},\"inLanguage\":\"fr-FR\",\"potentialAction\":[{\"@type\":\"ReadAction\",\"target\":[\"https:\\\/\\\/www.organisator.ch\\\/sustainability\\\/2019-08-13\\\/neue-sensorik-soll-die-luftqualitaet-in-staedten-verbessern\\\/\"]}]},{\"@type\":\"ImageObject\",\"inLanguage\":\"fr-FR\",\"@id\":\"https:\\\/\\\/www.organisator.ch\\\/sustainability\\\/2019-08-13\\\/neue-sensorik-soll-die-luftqualitaet-in-staedten-verbessern\\\/#primaryimage\",\"url\":\"https:\\\/\\\/www.organisator.ch\\\/wp-content\\\/uploads\\\/2019\\\/08\\\/Co2_Grossstaedte.jpg\",\"contentUrl\":\"https:\\\/\\\/www.organisator.ch\\\/wp-content\\\/uploads\\\/2019\\\/08\\\/Co2_Grossstaedte.jpg\",\"width\":640,\"height\":427},{\"@type\":\"BreadcrumbList\",\"@id\":\"https:\\\/\\\/www.organisator.ch\\\/sustainability\\\/2019-08-13\\\/neue-sensorik-soll-die-luftqualitaet-in-staedten-verbessern\\\/#breadcrumb\",\"itemListElement\":[{\"@type\":\"ListItem\",\"position\":1,\"name\":\"Home\",\"item\":\"https:\\\/\\\/www.organisator.ch\\\/\"},{\"@type\":\"ListItem\",\"position\":2,\"name\":\"Neue Sensorik soll die Luftqualit\u00e4t in St\u00e4dten verbessern\"}]},{\"@type\":\"WebSite\",\"@id\":\"https:\\\/\\\/www.organisator.ch\\\/#website\",\"url\":\"https:\\\/\\\/www.organisator.ch\\\/\",\"name\":\"Organisator\",\"description\":\"Kompetent. Praxisnah. Der ORGANISATOR bereitet in 10 Ausgaben pro Jahr die wesentlichen Themen f\u00fcr F\u00fchrungskr\u00e4fte von KMU auf.\",\"publisher\":{\"@id\":\"https:\\\/\\\/www.organisator.ch\\\/#organization\"},\"potentialAction\":[{\"@type\":\"SearchAction\",\"target\":{\"@type\":\"EntryPoint\",\"urlTemplate\":\"https:\\\/\\\/www.organisator.ch\\\/?s={search_term_string}\"},\"query-input\":{\"@type\":\"PropertyValueSpecification\",\"valueRequired\":true,\"valueName\":\"search_term_string\"}}],\"inLanguage\":\"fr-FR\"},{\"@type\":\"Organization\",\"@id\":\"https:\\\/\\\/www.organisator.ch\\\/#organization\",\"name\":\"Organisator\",\"url\":\"https:\\\/\\\/www.organisator.ch\\\/\",\"logo\":{\"@type\":\"ImageObject\",\"inLanguage\":\"fr-FR\",\"@id\":\"https:\\\/\\\/www.organisator.ch\\\/#\\\/schema\\\/logo\\\/image\\\/\",\"url\":\"https:\\\/\\\/www.organisator.ch\\\/wp-content\\\/uploads\\\/2022\\\/01\\\/Logo_Organisator_Website.png\",\"contentUrl\":\"https:\\\/\\\/www.organisator.ch\\\/wp-content\\\/uploads\\\/2022\\\/01\\\/Logo_Organisator_Website.png\",\"width\":800,\"height\":77,\"caption\":\"Organisator\"},\"image\":{\"@id\":\"https:\\\/\\\/www.organisator.ch\\\/#\\\/schema\\\/logo\\\/image\\\/\"},\"sameAs\":[\"https:\\\/\\\/www.facebook.com\\\/OrganisatorFachmagazin\",\"https:\\\/\\\/www.linkedin.com\\\/showcase\\\/organisator-das-magazin-fr-kmu\",\"https:\\\/\\\/www.xing.com\\\/news\\\/pages\\\/organisator-ch-695\",\"https:\\\/\\\/www.youtube.com\\\/channel\\\/UCGP2Sq0iWaZwT3BdIAQFYpw\"]},{\"@type\":\"Person\",\"@id\":\"https:\\\/\\\/www.organisator.ch\\\/#\\\/schema\\\/person\\\/134708ca9321c57b0362cceb7948ffbd\",\"name\":\"michael.merz\",\"image\":{\"@type\":\"ImageObject\",\"inLanguage\":\"fr-FR\",\"@id\":\"https:\\\/\\\/secure.gravatar.com\\\/avatar\\\/?s=96&d=mm&r=g\",\"url\":\"https:\\\/\\\/secure.gravatar.com\\\/avatar\\\/?s=96&d=mm&r=g\",\"contentUrl\":\"https:\\\/\\\/secure.gravatar.com\\\/avatar\\\/?s=96&d=mm&r=g\",\"caption\":\"michael.merz\"},\"url\":\"https:\\\/\\\/www.organisator.ch\\\/fr\\\/author\\\/michael-merz\\\/\"}]}<\/script>\n<!-- \/ Yoast SEO plugin. -->","yoast_head_json":{"title":"De nouveaux capteurs pour am\u00e9liorer la qualit\u00e9 de l'air dans les villes - Organisateur","description":"La qualit\u00e9 de l'air dans les villes europ\u00e9ennes est aujourd'hui l'un des plus grands d\u00e9fis, souligne le projet de recherche 2020 CARES.","robots":{"index":"index","follow":"follow","max-snippet":"max-snippet:-1","max-image-preview":"max-image-preview:large","max-video-preview":"max-video-preview:-1"},"canonical":"https:\/\/www.organisator.ch\/fr\/sustainability\/2019-08-13\/neue-sensorik-soll-die-luftqualitaet-in-staedten-verbessern\/","og_locale":"fr_FR","og_type":"article","og_title":"Neue Sensorik soll die Luftqualit\u00e4t in St\u00e4dten verbessern - Organisator","og_description":"Die Luftqualit\u00e4t in europ\u00e4ischen St\u00e4dten ist heute eine der gr\u00f6ssten Herausforderungen, unterstreicht das 2020-Forschungsprojekts CARES.","og_url":"https:\/\/www.organisator.ch\/fr\/sustainability\/2019-08-13\/neue-sensorik-soll-die-luftqualitaet-in-staedten-verbessern\/","og_site_name":"Organisator","article_publisher":"https:\/\/www.facebook.com\/OrganisatorFachmagazin","article_published_time":"2019-08-13T15:58:03+00:00","article_modified_time":"2022-02-09T10:06:52+00:00","og_image":[{"width":640,"height":427,"url":"https:\/\/www.organisator.ch\/wp-content\/uploads\/2019\/08\/Co2_Grossstaedte.jpg","type":"image\/jpeg"}],"author":"michael.merz","twitter_card":"summary_large_image","schema":{"@context":"https:\/\/schema.org","@graph":[{"@type":"Article","@id":"https:\/\/www.organisator.ch\/sustainability\/2019-08-13\/neue-sensorik-soll-die-luftqualitaet-in-staedten-verbessern\/#article","isPartOf":{"@id":"https:\/\/www.organisator.ch\/sustainability\/2019-08-13\/neue-sensorik-soll-die-luftqualitaet-in-staedten-verbessern\/"},"author":{"name":"michael.merz","@id":"https:\/\/www.organisator.ch\/#\/schema\/person\/134708ca9321c57b0362cceb7948ffbd"},"headline":"Neue Sensorik soll die Luftqualit\u00e4t in St\u00e4dten verbessern","datePublished":"2019-08-13T15:58:03+00:00","dateModified":"2022-02-09T10:06:52+00:00","mainEntityOfPage":{"@id":"https:\/\/www.organisator.ch\/sustainability\/2019-08-13\/neue-sensorik-soll-die-luftqualitaet-in-staedten-verbessern\/"},"wordCount":581,"commentCount":0,"publisher":{"@id":"https:\/\/www.organisator.ch\/#organization"},"image":{"@id":"https:\/\/www.organisator.ch\/sustainability\/2019-08-13\/neue-sensorik-soll-die-luftqualitaet-in-staedten-verbessern\/#primaryimage"},"thumbnailUrl":"https:\/\/www.organisator.ch\/wp-content\/uploads\/2019\/08\/Co2_Grossstaedte.jpg","keywords":["Europa","Forschungsprojekt","Luftqualit\u00e4t","Sensorik","St\u00e4dte"],"articleSection":["SUSTAINABILITY"],"inLanguage":"fr-FR"},{"@type":"WebPage","@id":"https:\/\/www.organisator.ch\/sustainability\/2019-08-13\/neue-sensorik-soll-die-luftqualitaet-in-staedten-verbessern\/","url":"https:\/\/www.organisator.ch\/sustainability\/2019-08-13\/neue-sensorik-soll-die-luftqualitaet-in-staedten-verbessern\/","name":"De nouveaux capteurs pour am\u00e9liorer la qualit\u00e9 de l'air dans les villes - Organisateur","isPartOf":{"@id":"https:\/\/www.organisator.ch\/#website"},"primaryImageOfPage":{"@id":"https:\/\/www.organisator.ch\/sustainability\/2019-08-13\/neue-sensorik-soll-die-luftqualitaet-in-staedten-verbessern\/#primaryimage"},"image":{"@id":"https:\/\/www.organisator.ch\/sustainability\/2019-08-13\/neue-sensorik-soll-die-luftqualitaet-in-staedten-verbessern\/#primaryimage"},"thumbnailUrl":"https:\/\/www.organisator.ch\/wp-content\/uploads\/2019\/08\/Co2_Grossstaedte.jpg","datePublished":"2019-08-13T15:58:03+00:00","dateModified":"2022-02-09T10:06:52+00:00","description":"La qualit\u00e9 de l'air dans les villes europ\u00e9ennes est aujourd'hui l'un des plus grands d\u00e9fis, souligne le projet de recherche 2020 CARES.","breadcrumb":{"@id":"https:\/\/www.organisator.ch\/sustainability\/2019-08-13\/neue-sensorik-soll-die-luftqualitaet-in-staedten-verbessern\/#breadcrumb"},"inLanguage":"fr-FR","potentialAction":[{"@type":"ReadAction","target":["https:\/\/www.organisator.ch\/sustainability\/2019-08-13\/neue-sensorik-soll-die-luftqualitaet-in-staedten-verbessern\/"]}]},{"@type":"ImageObject","inLanguage":"fr-FR","@id":"https:\/\/www.organisator.ch\/sustainability\/2019-08-13\/neue-sensorik-soll-die-luftqualitaet-in-staedten-verbessern\/#primaryimage","url":"https:\/\/www.organisator.ch\/wp-content\/uploads\/2019\/08\/Co2_Grossstaedte.jpg","contentUrl":"https:\/\/www.organisator.ch\/wp-content\/uploads\/2019\/08\/Co2_Grossstaedte.jpg","width":640,"height":427},{"@type":"BreadcrumbList","@id":"https:\/\/www.organisator.ch\/sustainability\/2019-08-13\/neue-sensorik-soll-die-luftqualitaet-in-staedten-verbessern\/#breadcrumb","itemListElement":[{"@type":"ListItem","position":1,"name":"Home","item":"https:\/\/www.organisator.ch\/"},{"@type":"ListItem","position":2,"name":"Neue Sensorik soll die Luftqualit\u00e4t in St\u00e4dten verbessern"}]},{"@type":"WebSite","@id":"https:\/\/www.organisator.ch\/#website","url":"https:\/\/www.organisator.ch\/","name":"Organisateur","description":"Comp\u00e9tence et comp\u00e9tence. Proches de la pratique. L'ORGANISATEUR pr\u00e9pare 10 num\u00e9ros par an sur les th\u00e8mes essentiels pour les dirigeants de PME.","publisher":{"@id":"https:\/\/www.organisator.ch\/#organization"},"potentialAction":[{"@type":"SearchAction","target":{"@type":"EntryPoint","urlTemplate":"https:\/\/www.organisator.ch\/?s={search_term_string}"},"query-input":{"@type":"PropertyValueSpecification","valueRequired":true,"valueName":"search_term_string"}}],"inLanguage":"fr-FR"},{"@type":"Organization","@id":"https:\/\/www.organisator.ch\/#organization","name":"Organisateur","url":"https:\/\/www.organisator.ch\/","logo":{"@type":"ImageObject","inLanguage":"fr-FR","@id":"https:\/\/www.organisator.ch\/#\/schema\/logo\/image\/","url":"https:\/\/www.organisator.ch\/wp-content\/uploads\/2022\/01\/Logo_Organisator_Website.png","contentUrl":"https:\/\/www.organisator.ch\/wp-content\/uploads\/2022\/01\/Logo_Organisator_Website.png","width":800,"height":77,"caption":"Organisator"},"image":{"@id":"https:\/\/www.organisator.ch\/#\/schema\/logo\/image\/"},"sameAs":["https:\/\/www.facebook.com\/OrganisatorFachmagazin","https:\/\/www.linkedin.com\/showcase\/organisator-das-magazin-fr-kmu","https:\/\/www.xing.com\/news\/pages\/organisator-ch-695","https:\/\/www.youtube.com\/channel\/UCGP2Sq0iWaZwT3BdIAQFYpw"]},{"@type":"Person","@id":"https:\/\/www.organisator.ch\/#\/schema\/person\/134708ca9321c57b0362cceb7948ffbd","name":"michael.merz","image":{"@type":"ImageObject","inLanguage":"fr-FR","@id":"https:\/\/secure.gravatar.com\/avatar\/?s=96&d=mm&r=g","url":"https:\/\/secure.gravatar.com\/avatar\/?s=96&d=mm&r=g","contentUrl":"https:\/\/secure.gravatar.com\/avatar\/?s=96&d=mm&r=g","caption":"michael.merz"},"url":"https:\/\/www.organisator.ch\/fr\/author\/michael-merz\/"}]}},"_links":{"self":[{"href":"https:\/\/www.organisator.ch\/fr\/wp-json\/wp\/v2\/posts\/2375","targetHints":{"allow":["GET"]}}],"collection":[{"href":"https:\/\/www.organisator.ch\/fr\/wp-json\/wp\/v2\/posts"}],"about":[{"href":"https:\/\/www.organisator.ch\/fr\/wp-json\/wp\/v2\/types\/post"}],"author":[{"embeddable":true,"href":"https:\/\/www.organisator.ch\/fr\/wp-json\/wp\/v2\/users\/5"}],"replies":[{"embeddable":true,"href":"https:\/\/www.organisator.ch\/fr\/wp-json\/wp\/v2\/comments?post=2375"}],"version-history":[{"count":1,"href":"https:\/\/www.organisator.ch\/fr\/wp-json\/wp\/v2\/posts\/2375\/revisions"}],"predecessor-version":[{"id":10696,"href":"https:\/\/www.organisator.ch\/fr\/wp-json\/wp\/v2\/posts\/2375\/revisions\/10696"}],"wp:featuredmedia":[{"embeddable":true,"href":"https:\/\/www.organisator.ch\/fr\/wp-json\/wp\/v2\/media\/9627"}],"wp:attachment":[{"href":"https:\/\/www.organisator.ch\/fr\/wp-json\/wp\/v2\/media?parent=2375"}],"wp:term":[{"taxonomy":"category","embeddable":true,"href":"https:\/\/www.organisator.ch\/fr\/wp-json\/wp\/v2\/categories?post=2375"},{"taxonomy":"post_tag","embeddable":true,"href":"https:\/\/www.organisator.ch\/fr\/wp-json\/wp\/v2\/tags?post=2375"}],"curies":[{"name":"wp","href":"https:\/\/api.w.org\/{rel}","templated":true}]}}