{"id":23759,"date":"2023-12-07T10:21:20","date_gmt":"2023-12-07T09:21:20","guid":{"rendered":"https:\/\/www.organisator.ch\/?p=23759"},"modified":"2023-12-13T11:00:32","modified_gmt":"2023-12-13T10:00:32","slug":"schweizer-digitaltage-2023-gemeinsam-in-die-digitale-zukunft","status":"publish","type":"post","link":"https:\/\/www.organisator.ch\/fr\/allgemein\/2023-12-07\/schweizer-digitaltage-2023-gemeinsam-in-die-digitale-zukunft\/","title":{"rendered":"Journ\u00e9es suisses du num\u00e9rique 2023 : Ensemble vers un avenir num\u00e9rique"},"content":{"rendered":"<figure id=\"attachment_23760\" class=\"wp-caption alignnone\" style=\"width: 680px;\" aria-describedby=\"caption-attachment-23760\">\r\n<p><img class=\"alignnone wp-image-23760 size-full\" src=\"https:\/\/www.organisator.ch\/wp-content\/uploads\/2023\/12\/Schweizer-Digitaltage_Bild1_ps.jpg\" sizes=\"(max-width: 680px) 100vw, 680px\" srcset=\"https:\/\/www.organisator.ch\/wp-content\/uploads\/2023\/12\/Schweizer-Digitaltage_Bild1_ps.jpg 680w, https:\/\/www.organisator.ch\/wp-content\/uploads\/2023\/12\/Schweizer-Digitaltage_Bild1_ps-18x12.jpg 18w, https:\/\/www.organisator.ch\/wp-content\/uploads\/2023\/12\/Schweizer-Digitaltage_Bild1_ps-375x250.jpg 375w, https:\/\/www.organisator.ch\/wp-content\/uploads\/2023\/12\/Schweizer-Digitaltage_Bild1_ps-525x350.jpg 525w\" alt=\"\" width=\"680\" height=\"453\" \/><\/p>\r\n<figcaption id=\"caption-attachment-23760\" class=\"wp-caption-text\">Lighthouse Event Lucerne : ensemble vers un avenir num\u00e9rique - le Mus\u00e9e des transports et digitalswitzerland cr\u00e9ent un nouvel espace de rencontre. (Image : www.digitalswitzerland.com\/photographer : Noor Staring)<\/figcaption>\r\n<\/figure>\r\n<p>Anthony Corbaz, co-lead des Journ\u00e9es suisses du num\u00e9rique de digitalswitzerland : \"Les Journ\u00e9es suisses du num\u00e9rique 2023 ont r\u00e9uni la population, les villes, les cantons et les r\u00e9gions de Suisse autour du th\u00e8me principal 'Notre avenir num\u00e9rique, c'est maintenant ! Entre septembre et d\u00e9cembre, avec le soutien de nos 59 partenaires, nous avons parl\u00e9 \u00e0 plus de 3000 citoyens de sujets tels que l'IA, l'avenir du travail, la diversit\u00e9, l'\u00e9galit\u00e9 et l'inclusion. Notre \u00e9v\u00e9nement Lighthouse du 6 d\u00e9cembre a c\u00e9l\u00e9br\u00e9 l'esprit du mouvement\".<\/p>\r\n<h3><strong>\"Machine \u00e0 espoir AI\" : Quels sont les espoirs des jeunes ?\u00a0<\/strong><\/h3>\r\n<p>Les r\u00eaves sont l'un des moteurs les plus puissants de notre progr\u00e8s. C'est pourquoi digitalswitzerland a d\u00e9voil\u00e9 la \"AI Hope Machine\" lors de l'\u00e9v\u00e9nement de cl\u00f4ture des Journ\u00e9es du num\u00e9rique. Ce projet vise \u00e0 cr\u00e9er une image collective de l'avenir - du point de vue de la prochaine g\u00e9n\u00e9ration. Gr\u00e2ce aux possibilit\u00e9s de l'intelligence artificielle, des milliers de voix de la prochaine g\u00e9n\u00e9ration deviennent une unit\u00e9, un interlocuteur capable de donner des r\u00e9ponses concr\u00e8tes aux questions dans l'esprit des jeunes. L'AI Hope Machine est cr\u00e9\u00e9e en coop\u00e9ration avec Ringier et Samsung Electronics.<\/p>\r\n<h3><strong>Le Mus\u00e9e des transports et digitalswitzerland donnent le ton pour le d\u00e9veloppement num\u00e9rique de la Suisse<\/strong><\/h3>\r\n<p>Le Mus\u00e9e des transports emprunte de nouvelles voies et cr\u00e9e, en coop\u00e9ration avec digitalswitzerland, une pr\u00e9sence permanente pour les d\u00e9veloppements actuels et les \u00e9tapes importantes dans le domaine de la num\u00e9risation. Martin B\u00fctikofer, directeur du Mus\u00e9e des transports, et Marcel Stalder, membre du comit\u00e9 ex\u00e9cutif de digitalswitzerland, ont soulign\u00e9 lors de l'\u00e9v\u00e9nement Lighthouse : \"Nous sommes convaincus qu'avec cet engagement, nous cr\u00e9ons pour toute la Suisse un acc\u00e8s un jour indispensable aux initiatives du pr\u00e9sent et du futur num\u00e9rique\". La coop\u00e9ration a pour but de cr\u00e9er un lieu de rencontre durable o\u00f9 la population pourra s'informer sur la num\u00e9risation, susciter l'enthousiasme et vaincre les r\u00e9ticences. Pour \u00eatre \u00e0 la hauteur de ce projet ambitieux, digitalswitzerland - financ\u00e9 par la Poste suisse - a command\u00e9 une \u00e9tude correspondante. Les r\u00e9sultats sont attendus au milieu de l'ann\u00e9e prochaine, sur la base desquels le concept sera \u00e9labor\u00e9.\u00a0<\/p>\r\n<h3><strong>#herHACK : la victoire revient \u00e0 sustAInos<\/strong><\/h3>\r\n<p>Avec une part d'\u00e0 peine 20%, les femmes sont encore fortement sous-repr\u00e9sent\u00e9es dans le secteur technologique. Avec #herHACK, digitalswitzerland a offert pour la troisi\u00e8me fois aux femmes et aux groupes sous-repr\u00e9sent\u00e9s la possibilit\u00e9 d'aborder des th\u00e8mes li\u00e9s \u00e0 la technologie et au d\u00e9veloppement durable dans un cadre prot\u00e9g\u00e9 et d'\u00e9laborer des solutions. Plus de 450 personnes ont particip\u00e9 aux activit\u00e9s de 2023 (3 \u00e9v\u00e9nements de r\u00e9seautage r\u00e9gionaux, 6 ateliers de formation continue), avec 162 participants au hackathon de deux jours en novembre. Sur 32 \u00e9quipes, six sont arriv\u00e9es en finale. Le titre de vainqueur a \u00e9t\u00e9 d\u00e9cern\u00e9 au projet \"SustAInable shopper\".<\/p>\r\n<p>Avec SustAInable shopper, l'\u00e9quipe sustAInos souhaite transformer l'exp\u00e9rience d'achat Migros en un voyage personnel mesurable et efficace vers le d\u00e9veloppement durable. Les clients Migros doivent \u00eatre en mesure d'agir selon les valeurs qui leur tiennent \u00e0 c\u0153ur. Le module compl\u00e9mentaire innovant bas\u00e9 sur l'IA pour l'application Migros doit r\u00e9volutionner les achats alimentaires en analysant le comportement des consommateurs en d\u00e9placement et en les incitant \u00e0 prendre des d\u00e9cisions d'achat durables en cours de route. Il les compare \u00e0 de vastes donn\u00e9es sur l'empreinte carbone (CO\u2082), les harmonise avec les pr\u00e9f\u00e9rences d\u00e9clar\u00e9es des clients en mati\u00e8re de d\u00e9veloppement durable et fournit \u00e0 la fin de chaque achat une m\u00e9trique de performance personnalis\u00e9e en mati\u00e8re de d\u00e9veloppement durable.<\/p>\r\n<h3><strong>NextGen introduit l'intelligence artificielle dans les salles de classe suisses<\/strong><\/h3>\r\n<p>L'intelligence artificielle (IA) ne s'arr\u00eate pas aux portes des \u00e9coles suisses. Entre septembre et novembre, plus de 1000 enfants et adolescents \u00e2g\u00e9s de 13 \u00e0 16 ans de toute la Suisse ont particip\u00e9 aux ateliers. Les participants ont ainsi non seulement acquis un aper\u00e7u fascinant du monde des Future Skills et de l'intelligence artificielle, mais ils se sont \u00e9galement confront\u00e9s de mani\u00e8re pratique aux d\u00e9fis de l'avenir. Les contenus d'apprentissage ont \u00e9t\u00e9 \u00e9labor\u00e9s en collaboration avec des experts de Pro Juventute, Kids.Code et l'agence de formation kik et ont \u00e9t\u00e9 dirig\u00e9s par Kids.Code. Lors de l'\u00e9v\u00e9nement Lighthouse, les meilleures images cr\u00e9\u00e9es par les participants aux ateliers \u00e0 l'aide de l'IA ont \u00e9t\u00e9 r\u00e9compens\u00e9es. La s\u00e9rie d'\u00e9v\u00e9nements a \u00e9t\u00e9 rendue possible gr\u00e2ce \u00e0 digitalswitzerland et \u00e0 un don de la Poste suisse provenant des recettes de la vente aux ench\u00e8res des \u00e9ditions sp\u00e9ciales du Swiss Crypto Stamp 3.0 dans le cadre de #RicardoForGood.<\/p>\r\n<h3><strong>Digital Xchange implique en particulier la population suisse<\/strong><\/h3>\r\n<p>Plus de 250 participants se sont r\u00e9unis lors de 5 \u00e9v\u00e9nements Digital Xchange pour discuter des th\u00e8mes num\u00e9riques d'aujourd'hui. Cette ann\u00e9e, l'accent a \u00e9t\u00e9 mis sur l'intelligence artificielle et son influence sur notre quotidien. Le format Digital Xchange fait place aux espoirs, aux craintes et aux besoins de la population suisse - la manifestation de diff\u00e9rentes opinions est explicitement souhait\u00e9e. Pour clore le format, quatre invit\u00e9s tri\u00e9s sur le volet ont discut\u00e9 lors du Lighthouse Event du r\u00f4le de l'intelligence artificielle dans la garantie de la diversit\u00e9, de l'\u00e9galit\u00e9 et de l'inclusion (DEI). La conclusion de la discussion : l'intelligence artificielle offre de nombreuses possibilit\u00e9s pour la DEI, mais il faut \u00eatre conscient des risques de distorsion. La cl\u00e9 est de s'assurer que les donn\u00e9es fournies pour former des IA comme ChatGPT sont de haute qualit\u00e9 et respectent les normes DEI afin de produire des r\u00e9sultats impartiaux. Cela n\u00e9cessite un effort humain conscient.<\/p>\r\n<p><em>Source : <a href=\"https:\/\/digitalswitzerland.com\/de\/\">www.digitalswitzerland.com<\/a><\/em><\/p>","protected":false},"excerpt":{"rendered":"<p>Apr\u00e8s plus de trois mois d'\u00e9v\u00e9nements instructifs, passionnants et interactifs dans toute la Suisse, les Journ\u00e9es suisses du num\u00e9rique 2023 se sont termin\u00e9es par le grand \u00e9v\u00e9nement Lighthouse au Mus\u00e9e suisse des transports \u00e0 Lucerne. Le programme vari\u00e9 des Journ\u00e9es num\u00e9riques allait de la pi\u00e8ce polici\u00e8re num\u00e9rique interactive \u00e0 \u00e9couter \u00e0 la construction de ses propres robots, en passant par des tables rondes sur la cybers\u00e9curit\u00e9 pour les PME. <\/p>","protected":false},"author":58,"featured_media":23760,"comment_status":"closed","ping_status":"closed","sticky":false,"template":"","format":"standard","meta":{"_acf_changed":false,"_yoast_wpseo_focuskw":"Schweizer Digitaltage","_yoast_wpseo_metadesc":"Die Schweizer Digitaltage 2023 endeten mit dem grossen Lighthouse Event im Verkehrshaus der Schweiz in Luzern.","articlekey":"","footnotes":""},"categories":[1],"tags":[986,156,424,492],"class_list":["post-23759","post","type-post","status-publish","format-standard","has-post-thumbnail","hentry","category-allgemein","tag-digitale-transformation","tag-digitalisierung","tag-schweiz","tag-unternehmen"],"acf":[],"yoast_head":"<!-- This site is optimized with the Yoast SEO plugin v27.5 - https:\/\/yoast.com\/product\/yoast-seo-wordpress\/ -->\n<title>Schweizer Digitaltage 2023: Gemeinsam in die digitale Zukunft - Organisator<\/title>\n<meta name=\"description\" content=\"Die Schweizer Digitaltage 2023 endeten mit dem grossen Lighthouse Event im Verkehrshaus der Schweiz in Luzern.\" \/>\n<meta name=\"robots\" content=\"index, follow, max-snippet:-1, max-image-preview:large, max-video-preview:-1\" \/>\n<link rel=\"canonical\" href=\"https:\/\/www.organisator.ch\/fr\/general\/2023-12-07\/schweizer-digitaltage-2023-gemeinsam-in-die-digitale-zukunft\/\" \/>\n<meta property=\"og:locale\" content=\"fr_FR\" \/>\n<meta property=\"og:type\" content=\"article\" \/>\n<meta property=\"og:title\" content=\"Schweizer Digitaltage 2023: Gemeinsam in die digitale Zukunft\" \/>\n<meta property=\"og:description\" content=\"Die Schweizer Digitaltage 2023 endeten mit dem grossen Lighthouse Event im Verkehrshaus der Schweiz in Luzern.\" \/>\n<meta property=\"og:url\" content=\"https:\/\/www.organisator.ch\/fr\/general\/2023-12-07\/schweizer-digitaltage-2023-gemeinsam-in-die-digitale-zukunft\/\" \/>\n<meta property=\"og:site_name\" content=\"Organisator\" \/>\n<meta property=\"article:publisher\" content=\"https:\/\/www.facebook.com\/OrganisatorFachmagazin\" \/>\n<meta property=\"article:published_time\" content=\"2023-12-07T09:21:20+00:00\" \/>\n<meta property=\"article:modified_time\" content=\"2023-12-13T10:00:32+00:00\" \/>\n<meta property=\"og:image\" content=\"https:\/\/www.organisator.ch\/wp-content\/uploads\/2023\/12\/Schweizer-Digitaltage_Bild1_ps.jpg\" \/>\n\t<meta property=\"og:image:width\" content=\"680\" \/>\n\t<meta property=\"og:image:height\" content=\"453\" \/>\n\t<meta property=\"og:image:type\" content=\"image\/jpeg\" \/>\n<meta name=\"author\" content=\"Adelisa Kalajdzini\" \/>\n<meta name=\"twitter:card\" content=\"summary_large_image\" \/>\n<meta name=\"twitter:title\" content=\"Schweizer Digitaltage 2023: Gemeinsam in die digitale Zukunft\" \/>\n<meta name=\"twitter:description\" content=\"Die Schweizer #Digitaltage 2023 endeten mit dem grossen Lighthouse Event im #Verkehrshaus der #Schweiz in Luzern.\" \/>\n<meta name=\"twitter:image\" content=\"https:\/\/www.organisator.ch\/wp-content\/uploads\/2023\/12\/Schweizer-Digitaltage_Bild1_ps.jpg\" \/>\n<script type=\"application\/ld+json\" class=\"yoast-schema-graph\">{\"@context\":\"https:\\\/\\\/schema.org\",\"@graph\":[{\"@type\":\"Article\",\"@id\":\"https:\\\/\\\/www.organisator.ch\\\/allgemein\\\/2023-12-07\\\/schweizer-digitaltage-2023-gemeinsam-in-die-digitale-zukunft\\\/#article\",\"isPartOf\":{\"@id\":\"https:\\\/\\\/www.organisator.ch\\\/allgemein\\\/2023-12-07\\\/schweizer-digitaltage-2023-gemeinsam-in-die-digitale-zukunft\\\/\"},\"author\":{\"name\":\"Adelisa Kalajdzini\",\"@id\":\"https:\\\/\\\/www.organisator.ch\\\/#\\\/schema\\\/person\\\/2e1314a2172123f874db408d8911d3f3\"},\"headline\":\"Schweizer Digitaltage 2023: Gemeinsam in die digitale Zukunft\",\"datePublished\":\"2023-12-07T09:21:20+00:00\",\"dateModified\":\"2023-12-13T10:00:32+00:00\",\"mainEntityOfPage\":{\"@id\":\"https:\\\/\\\/www.organisator.ch\\\/allgemein\\\/2023-12-07\\\/schweizer-digitaltage-2023-gemeinsam-in-die-digitale-zukunft\\\/\"},\"wordCount\":844,\"publisher\":{\"@id\":\"https:\\\/\\\/www.organisator.ch\\\/#organization\"},\"image\":{\"@id\":\"https:\\\/\\\/www.organisator.ch\\\/allgemein\\\/2023-12-07\\\/schweizer-digitaltage-2023-gemeinsam-in-die-digitale-zukunft\\\/#primaryimage\"},\"thumbnailUrl\":\"https:\\\/\\\/www.organisator.ch\\\/wp-content\\\/uploads\\\/2023\\\/12\\\/Schweizer-Digitaltage_Bild1_ps.jpg\",\"keywords\":[\"Digitale Transformation\",\"Digitalisierung\",\"Schweiz\",\"Unternehmen\"],\"articleSection\":[\"Allgemein\"],\"inLanguage\":\"fr-FR\"},{\"@type\":\"WebPage\",\"@id\":\"https:\\\/\\\/www.organisator.ch\\\/allgemein\\\/2023-12-07\\\/schweizer-digitaltage-2023-gemeinsam-in-die-digitale-zukunft\\\/\",\"url\":\"https:\\\/\\\/www.organisator.ch\\\/allgemein\\\/2023-12-07\\\/schweizer-digitaltage-2023-gemeinsam-in-die-digitale-zukunft\\\/\",\"name\":\"Schweizer Digitaltage 2023: Gemeinsam in die digitale Zukunft - Organisator\",\"isPartOf\":{\"@id\":\"https:\\\/\\\/www.organisator.ch\\\/#website\"},\"primaryImageOfPage\":{\"@id\":\"https:\\\/\\\/www.organisator.ch\\\/allgemein\\\/2023-12-07\\\/schweizer-digitaltage-2023-gemeinsam-in-die-digitale-zukunft\\\/#primaryimage\"},\"image\":{\"@id\":\"https:\\\/\\\/www.organisator.ch\\\/allgemein\\\/2023-12-07\\\/schweizer-digitaltage-2023-gemeinsam-in-die-digitale-zukunft\\\/#primaryimage\"},\"thumbnailUrl\":\"https:\\\/\\\/www.organisator.ch\\\/wp-content\\\/uploads\\\/2023\\\/12\\\/Schweizer-Digitaltage_Bild1_ps.jpg\",\"datePublished\":\"2023-12-07T09:21:20+00:00\",\"dateModified\":\"2023-12-13T10:00:32+00:00\",\"description\":\"Die Schweizer Digitaltage 2023 endeten mit dem grossen Lighthouse Event im Verkehrshaus der Schweiz in Luzern.\",\"breadcrumb\":{\"@id\":\"https:\\\/\\\/www.organisator.ch\\\/allgemein\\\/2023-12-07\\\/schweizer-digitaltage-2023-gemeinsam-in-die-digitale-zukunft\\\/#breadcrumb\"},\"inLanguage\":\"fr-FR\",\"potentialAction\":[{\"@type\":\"ReadAction\",\"target\":[\"https:\\\/\\\/www.organisator.ch\\\/allgemein\\\/2023-12-07\\\/schweizer-digitaltage-2023-gemeinsam-in-die-digitale-zukunft\\\/\"]}]},{\"@type\":\"ImageObject\",\"inLanguage\":\"fr-FR\",\"@id\":\"https:\\\/\\\/www.organisator.ch\\\/allgemein\\\/2023-12-07\\\/schweizer-digitaltage-2023-gemeinsam-in-die-digitale-zukunft\\\/#primaryimage\",\"url\":\"https:\\\/\\\/www.organisator.ch\\\/wp-content\\\/uploads\\\/2023\\\/12\\\/Schweizer-Digitaltage_Bild1_ps.jpg\",\"contentUrl\":\"https:\\\/\\\/www.organisator.ch\\\/wp-content\\\/uploads\\\/2023\\\/12\\\/Schweizer-Digitaltage_Bild1_ps.jpg\",\"width\":680,\"height\":453,\"caption\":\"Lighthouse Event Luzern: Gemeinsam in die digitale Zukunft \u2013 Verkehrshaus und digitalswitzerland gestalten neuen Begegnungsraum. (Bild: www.digitalswitzerland.com\\\/photographer: Noor Staring)\"},{\"@type\":\"BreadcrumbList\",\"@id\":\"https:\\\/\\\/www.organisator.ch\\\/allgemein\\\/2023-12-07\\\/schweizer-digitaltage-2023-gemeinsam-in-die-digitale-zukunft\\\/#breadcrumb\",\"itemListElement\":[{\"@type\":\"ListItem\",\"position\":1,\"name\":\"Home\",\"item\":\"https:\\\/\\\/www.organisator.ch\\\/\"},{\"@type\":\"ListItem\",\"position\":2,\"name\":\"Schweizer Digitaltage 2023: Gemeinsam in die digitale Zukunft\"}]},{\"@type\":\"WebSite\",\"@id\":\"https:\\\/\\\/www.organisator.ch\\\/#website\",\"url\":\"https:\\\/\\\/www.organisator.ch\\\/\",\"name\":\"Organisator\",\"description\":\"Kompetent. Praxisnah. Der ORGANISATOR bereitet in 10 Ausgaben pro Jahr die wesentlichen Themen f\u00fcr F\u00fchrungskr\u00e4fte von KMU auf.\",\"publisher\":{\"@id\":\"https:\\\/\\\/www.organisator.ch\\\/#organization\"},\"potentialAction\":[{\"@type\":\"SearchAction\",\"target\":{\"@type\":\"EntryPoint\",\"urlTemplate\":\"https:\\\/\\\/www.organisator.ch\\\/?s={search_term_string}\"},\"query-input\":{\"@type\":\"PropertyValueSpecification\",\"valueRequired\":true,\"valueName\":\"search_term_string\"}}],\"inLanguage\":\"fr-FR\"},{\"@type\":\"Organization\",\"@id\":\"https:\\\/\\\/www.organisator.ch\\\/#organization\",\"name\":\"Organisator\",\"url\":\"https:\\\/\\\/www.organisator.ch\\\/\",\"logo\":{\"@type\":\"ImageObject\",\"inLanguage\":\"fr-FR\",\"@id\":\"https:\\\/\\\/www.organisator.ch\\\/#\\\/schema\\\/logo\\\/image\\\/\",\"url\":\"https:\\\/\\\/www.organisator.ch\\\/wp-content\\\/uploads\\\/2022\\\/01\\\/Logo_Organisator_Website.png\",\"contentUrl\":\"https:\\\/\\\/www.organisator.ch\\\/wp-content\\\/uploads\\\/2022\\\/01\\\/Logo_Organisator_Website.png\",\"width\":800,\"height\":77,\"caption\":\"Organisator\"},\"image\":{\"@id\":\"https:\\\/\\\/www.organisator.ch\\\/#\\\/schema\\\/logo\\\/image\\\/\"},\"sameAs\":[\"https:\\\/\\\/www.facebook.com\\\/OrganisatorFachmagazin\",\"https:\\\/\\\/www.linkedin.com\\\/showcase\\\/organisator-das-magazin-fr-kmu\",\"https:\\\/\\\/www.xing.com\\\/news\\\/pages\\\/organisator-ch-695\",\"https:\\\/\\\/www.youtube.com\\\/channel\\\/UCGP2Sq0iWaZwT3BdIAQFYpw\"]},{\"@type\":\"Person\",\"@id\":\"https:\\\/\\\/www.organisator.ch\\\/#\\\/schema\\\/person\\\/2e1314a2172123f874db408d8911d3f3\",\"name\":\"Adelisa Kalajdzini\",\"image\":{\"@type\":\"ImageObject\",\"inLanguage\":\"fr-FR\",\"@id\":\"https:\\\/\\\/secure.gravatar.com\\\/avatar\\\/09a397c22ac58cad6f160ee8306348599df9df58a8ede73696226897b9fa4b24?s=96&d=mm&r=g\",\"url\":\"https:\\\/\\\/secure.gravatar.com\\\/avatar\\\/09a397c22ac58cad6f160ee8306348599df9df58a8ede73696226897b9fa4b24?s=96&d=mm&r=g\",\"contentUrl\":\"https:\\\/\\\/secure.gravatar.com\\\/avatar\\\/09a397c22ac58cad6f160ee8306348599df9df58a8ede73696226897b9fa4b24?s=96&d=mm&r=g\",\"caption\":\"Adelisa Kalajdzini\"},\"url\":\"https:\\\/\\\/www.organisator.ch\\\/fr\\\/author\\\/adelisa-kalajdzini\\\/\"}]}<\/script>\n<!-- \/ Yoast SEO plugin. -->","yoast_head_json":{"title":"Journ\u00e9es suisses du num\u00e9rique 2023 : Ensemble vers un avenir num\u00e9rique - Organisateur","description":"Les Journ\u00e9es suisses du num\u00e9rique 2023 se sont termin\u00e9es par le grand \u00e9v\u00e9nement Lighthouse au Mus\u00e9e suisse des transports \u00e0 Lucerne.","robots":{"index":"index","follow":"follow","max-snippet":"max-snippet:-1","max-image-preview":"max-image-preview:large","max-video-preview":"max-video-preview:-1"},"canonical":"https:\/\/www.organisator.ch\/fr\/general\/2023-12-07\/schweizer-digitaltage-2023-gemeinsam-in-die-digitale-zukunft\/","og_locale":"fr_FR","og_type":"article","og_title":"Schweizer Digitaltage 2023: Gemeinsam in die digitale Zukunft","og_description":"Die Schweizer Digitaltage 2023 endeten mit dem grossen Lighthouse Event im Verkehrshaus der Schweiz in Luzern.","og_url":"https:\/\/www.organisator.ch\/fr\/general\/2023-12-07\/schweizer-digitaltage-2023-gemeinsam-in-die-digitale-zukunft\/","og_site_name":"Organisator","article_publisher":"https:\/\/www.facebook.com\/OrganisatorFachmagazin","article_published_time":"2023-12-07T09:21:20+00:00","article_modified_time":"2023-12-13T10:00:32+00:00","og_image":[{"width":680,"height":453,"url":"https:\/\/www.organisator.ch\/wp-content\/uploads\/2023\/12\/Schweizer-Digitaltage_Bild1_ps.jpg","type":"image\/jpeg"}],"author":"Adelisa Kalajdzini","twitter_card":"summary_large_image","twitter_title":"Schweizer Digitaltage 2023: Gemeinsam in die digitale Zukunft","twitter_description":"Die Schweizer #Digitaltage 2023 endeten mit dem grossen Lighthouse Event im #Verkehrshaus der #Schweiz in Luzern.","twitter_image":"https:\/\/www.organisator.ch\/wp-content\/uploads\/2023\/12\/Schweizer-Digitaltage_Bild1_ps.jpg","schema":{"@context":"https:\/\/schema.org","@graph":[{"@type":"Article","@id":"https:\/\/www.organisator.ch\/allgemein\/2023-12-07\/schweizer-digitaltage-2023-gemeinsam-in-die-digitale-zukunft\/#article","isPartOf":{"@id":"https:\/\/www.organisator.ch\/allgemein\/2023-12-07\/schweizer-digitaltage-2023-gemeinsam-in-die-digitale-zukunft\/"},"author":{"name":"Adelisa Kalajdzini","@id":"https:\/\/www.organisator.ch\/#\/schema\/person\/2e1314a2172123f874db408d8911d3f3"},"headline":"Schweizer Digitaltage 2023: Gemeinsam in die digitale Zukunft","datePublished":"2023-12-07T09:21:20+00:00","dateModified":"2023-12-13T10:00:32+00:00","mainEntityOfPage":{"@id":"https:\/\/www.organisator.ch\/allgemein\/2023-12-07\/schweizer-digitaltage-2023-gemeinsam-in-die-digitale-zukunft\/"},"wordCount":844,"publisher":{"@id":"https:\/\/www.organisator.ch\/#organization"},"image":{"@id":"https:\/\/www.organisator.ch\/allgemein\/2023-12-07\/schweizer-digitaltage-2023-gemeinsam-in-die-digitale-zukunft\/#primaryimage"},"thumbnailUrl":"https:\/\/www.organisator.ch\/wp-content\/uploads\/2023\/12\/Schweizer-Digitaltage_Bild1_ps.jpg","keywords":["Digitale Transformation","Digitalisierung","Schweiz","Unternehmen"],"articleSection":["Allgemein"],"inLanguage":"fr-FR"},{"@type":"WebPage","@id":"https:\/\/www.organisator.ch\/allgemein\/2023-12-07\/schweizer-digitaltage-2023-gemeinsam-in-die-digitale-zukunft\/","url":"https:\/\/www.organisator.ch\/allgemein\/2023-12-07\/schweizer-digitaltage-2023-gemeinsam-in-die-digitale-zukunft\/","name":"Journ\u00e9es suisses du num\u00e9rique 2023 : Ensemble vers un avenir num\u00e9rique - Organisateur","isPartOf":{"@id":"https:\/\/www.organisator.ch\/#website"},"primaryImageOfPage":{"@id":"https:\/\/www.organisator.ch\/allgemein\/2023-12-07\/schweizer-digitaltage-2023-gemeinsam-in-die-digitale-zukunft\/#primaryimage"},"image":{"@id":"https:\/\/www.organisator.ch\/allgemein\/2023-12-07\/schweizer-digitaltage-2023-gemeinsam-in-die-digitale-zukunft\/#primaryimage"},"thumbnailUrl":"https:\/\/www.organisator.ch\/wp-content\/uploads\/2023\/12\/Schweizer-Digitaltage_Bild1_ps.jpg","datePublished":"2023-12-07T09:21:20+00:00","dateModified":"2023-12-13T10:00:32+00:00","description":"Les Journ\u00e9es suisses du num\u00e9rique 2023 se sont termin\u00e9es par le grand \u00e9v\u00e9nement Lighthouse au Mus\u00e9e suisse des transports \u00e0 Lucerne.","breadcrumb":{"@id":"https:\/\/www.organisator.ch\/allgemein\/2023-12-07\/schweizer-digitaltage-2023-gemeinsam-in-die-digitale-zukunft\/#breadcrumb"},"inLanguage":"fr-FR","potentialAction":[{"@type":"ReadAction","target":["https:\/\/www.organisator.ch\/allgemein\/2023-12-07\/schweizer-digitaltage-2023-gemeinsam-in-die-digitale-zukunft\/"]}]},{"@type":"ImageObject","inLanguage":"fr-FR","@id":"https:\/\/www.organisator.ch\/allgemein\/2023-12-07\/schweizer-digitaltage-2023-gemeinsam-in-die-digitale-zukunft\/#primaryimage","url":"https:\/\/www.organisator.ch\/wp-content\/uploads\/2023\/12\/Schweizer-Digitaltage_Bild1_ps.jpg","contentUrl":"https:\/\/www.organisator.ch\/wp-content\/uploads\/2023\/12\/Schweizer-Digitaltage_Bild1_ps.jpg","width":680,"height":453,"caption":"Lighthouse Event Luzern: Gemeinsam in die digitale Zukunft \u2013 Verkehrshaus und digitalswitzerland gestalten neuen Begegnungsraum. (Bild: www.digitalswitzerland.com\/photographer: Noor Staring)"},{"@type":"BreadcrumbList","@id":"https:\/\/www.organisator.ch\/allgemein\/2023-12-07\/schweizer-digitaltage-2023-gemeinsam-in-die-digitale-zukunft\/#breadcrumb","itemListElement":[{"@type":"ListItem","position":1,"name":"Home","item":"https:\/\/www.organisator.ch\/"},{"@type":"ListItem","position":2,"name":"Schweizer Digitaltage 2023: Gemeinsam in die digitale Zukunft"}]},{"@type":"WebSite","@id":"https:\/\/www.organisator.ch\/#website","url":"https:\/\/www.organisator.ch\/","name":"Organisateur","description":"Comp\u00e9tence et comp\u00e9tence. Proches de la pratique. L'ORGANISATEUR pr\u00e9pare 10 num\u00e9ros par an sur les th\u00e8mes essentiels pour les dirigeants de PME.","publisher":{"@id":"https:\/\/www.organisator.ch\/#organization"},"potentialAction":[{"@type":"SearchAction","target":{"@type":"EntryPoint","urlTemplate":"https:\/\/www.organisator.ch\/?s={search_term_string}"},"query-input":{"@type":"PropertyValueSpecification","valueRequired":true,"valueName":"search_term_string"}}],"inLanguage":"fr-FR"},{"@type":"Organization","@id":"https:\/\/www.organisator.ch\/#organization","name":"Organisateur","url":"https:\/\/www.organisator.ch\/","logo":{"@type":"ImageObject","inLanguage":"fr-FR","@id":"https:\/\/www.organisator.ch\/#\/schema\/logo\/image\/","url":"https:\/\/www.organisator.ch\/wp-content\/uploads\/2022\/01\/Logo_Organisator_Website.png","contentUrl":"https:\/\/www.organisator.ch\/wp-content\/uploads\/2022\/01\/Logo_Organisator_Website.png","width":800,"height":77,"caption":"Organisator"},"image":{"@id":"https:\/\/www.organisator.ch\/#\/schema\/logo\/image\/"},"sameAs":["https:\/\/www.facebook.com\/OrganisatorFachmagazin","https:\/\/www.linkedin.com\/showcase\/organisator-das-magazin-fr-kmu","https:\/\/www.xing.com\/news\/pages\/organisator-ch-695","https:\/\/www.youtube.com\/channel\/UCGP2Sq0iWaZwT3BdIAQFYpw"]},{"@type":"Person","@id":"https:\/\/www.organisator.ch\/#\/schema\/person\/2e1314a2172123f874db408d8911d3f3","name":"Adelisa Kalajdzini","image":{"@type":"ImageObject","inLanguage":"fr-FR","@id":"https:\/\/secure.gravatar.com\/avatar\/09a397c22ac58cad6f160ee8306348599df9df58a8ede73696226897b9fa4b24?s=96&d=mm&r=g","url":"https:\/\/secure.gravatar.com\/avatar\/09a397c22ac58cad6f160ee8306348599df9df58a8ede73696226897b9fa4b24?s=96&d=mm&r=g","contentUrl":"https:\/\/secure.gravatar.com\/avatar\/09a397c22ac58cad6f160ee8306348599df9df58a8ede73696226897b9fa4b24?s=96&d=mm&r=g","caption":"Adelisa Kalajdzini"},"url":"https:\/\/www.organisator.ch\/fr\/author\/adelisa-kalajdzini\/"}]}},"_links":{"self":[{"href":"https:\/\/www.organisator.ch\/fr\/wp-json\/wp\/v2\/posts\/23759","targetHints":{"allow":["GET"]}}],"collection":[{"href":"https:\/\/www.organisator.ch\/fr\/wp-json\/wp\/v2\/posts"}],"about":[{"href":"https:\/\/www.organisator.ch\/fr\/wp-json\/wp\/v2\/types\/post"}],"author":[{"embeddable":true,"href":"https:\/\/www.organisator.ch\/fr\/wp-json\/wp\/v2\/users\/58"}],"replies":[{"embeddable":true,"href":"https:\/\/www.organisator.ch\/fr\/wp-json\/wp\/v2\/comments?post=23759"}],"version-history":[{"count":6,"href":"https:\/\/www.organisator.ch\/fr\/wp-json\/wp\/v2\/posts\/23759\/revisions"}],"predecessor-version":[{"id":23886,"href":"https:\/\/www.organisator.ch\/fr\/wp-json\/wp\/v2\/posts\/23759\/revisions\/23886"}],"wp:featuredmedia":[{"embeddable":true,"href":"https:\/\/www.organisator.ch\/fr\/wp-json\/wp\/v2\/media\/23760"}],"wp:attachment":[{"href":"https:\/\/www.organisator.ch\/fr\/wp-json\/wp\/v2\/media?parent=23759"}],"wp:term":[{"taxonomy":"category","embeddable":true,"href":"https:\/\/www.organisator.ch\/fr\/wp-json\/wp\/v2\/categories?post=23759"},{"taxonomy":"post_tag","embeddable":true,"href":"https:\/\/www.organisator.ch\/fr\/wp-json\/wp\/v2\/tags?post=23759"}],"curies":[{"name":"wp","href":"https:\/\/api.w.org\/{rel}","templated":true}]}}