{"id":23784,"date":"2023-12-08T11:20:34","date_gmt":"2023-12-08T10:20:34","guid":{"rendered":"https:\/\/www.organisator.ch\/?p=23784"},"modified":"2023-12-08T11:20:34","modified_gmt":"2023-12-08T10:20:34","slug":"ccpi-2024-die-schweiz-schafft-es-nicht-in-die-top-20","status":"publish","type":"post","link":"https:\/\/www.organisator.ch\/fr\/sustainability\/2023-12-08\/ccpi-2024-die-schweiz-schafft-es-nicht-in-die-top-20\/","title":{"rendered":"CCPI 2024 : la Suisse ne fait pas partie du top 20"},"content":{"rendered":"<figure id=\"attachment_23785\" aria-describedby=\"caption-attachment-23785\" style=\"width: 680px\" class=\"wp-caption alignnone\"><img loading=\"lazy\" decoding=\"async\" class=\"size-full wp-image-23785\" src=\"https:\/\/www.organisator.ch\/wp-content\/uploads\/2023\/12\/Klimaschutz_Bild1_ps.jpg\" alt=\"\" width=\"680\" height=\"453\" srcset=\"https:\/\/www.organisator.ch\/wp-content\/uploads\/2023\/12\/Klimaschutz_Bild1_ps.jpg 680w, https:\/\/www.organisator.ch\/wp-content\/uploads\/2023\/12\/Klimaschutz_Bild1_ps-18x12.jpg 18w, https:\/\/www.organisator.ch\/wp-content\/uploads\/2023\/12\/Klimaschutz_Bild1_ps-375x250.jpg 375w, https:\/\/www.organisator.ch\/wp-content\/uploads\/2023\/12\/Klimaschutz_Bild1_ps-525x350.jpg 525w\" sizes=\"auto, (max-width: 680px) 100vw, 680px\" \/><figcaption id=\"caption-attachment-23785\" class=\"wp-caption-text\">La Suisse se classe 21e dans l'indice actuel de protection du climat (CCPI 2024). (Image : www.pixabay.com)<\/figcaption><\/figure>\n<p>Principaux r\u00e9sultats :<\/p>\n<ul>\n<li>La Suisse a gagn\u00e9 une place et se classe 21e dans l'actuel CCPI, soit une place moyenne.<\/li>\n<li>En juin 2023, la Suisse a adopt\u00e9 une loi sur le climat qui pr\u00e9voit un objectif net z\u00e9ro pour 2050.<\/li>\n<li>Les principales revendications : Acc\u00e9l\u00e9rer le d\u00e9veloppement des \u00e9nergies renouvelables et fixer une date claire pour l'abandon des combustibles fossiles\u00a8.<\/li>\n<\/ul>\n<p>Les experts consid\u00e8rent la Suisse comme un acteur avanc\u00e9 de la politique climatique internationale en termes de protection du climat et d'ambition, mais souhaitent que le pays contribue davantage au financement climatique. \"Nous sommes tous si en retard en mati\u00e8re de politique climatique et ce n'est pas un bon signe, c'est inqui\u00e9tant\", d\u00e9clare le professeur Niklas H\u00f6hne, l'un des fondateurs du NewClimate Institute.<\/p>\n<h3><strong>Commentaire de Georg Klingler, expert en climat et \u00e9nergie chez Greenpeace Suisse :<\/strong><\/h3>\n<p>\"Apr\u00e8s ce nouveau mauvais classement de la Suisse, la politique doit se r\u00e9veiller de son sommeil profond. Le comparatif des pays en mati\u00e8re de protection du climat montre clairement que les efforts d\u00e9ploy\u00e9s jusqu'\u00e0 pr\u00e9sent ne sont pas suffisants et que nous faisons partie des derniers de la classe en mati\u00e8re de climat. Le oui \u00e9crasant \u00e0 la loi sur la protection du climat en juin dernier montre que la population souhaite une politique ambitieuse. La d\u00e9cision du DETEC de retarder la mise en \u0153uvre de cette loi est totalement incompr\u00e9hensible\".<\/p>\n<p>\"Pour rattraper son retard, la Conf\u00e9d\u00e9ration doit cesser d'enjoliver ses efforts climatiques par des compensations de CO2 et des astuces comptables. La Suisse doit r\u00e9duire ses \u00e9missions sur son territoire d'au moins 60 pour cent d'ici 2030 - au lieu des 34 pour cent actuellement pr\u00e9vus. Dans le m\u00eame temps, la Suisse doit s'engager davantage \u00e0 l'\u00e9tranger. Elle doit prendre des mesures qui lui permettront de r\u00e9aliser des r\u00e9ductions d'\u00e9missions importantes dans des pays tiers d'ici 2030, en plus des r\u00e9ductions dans le pays. Ces deux exigences ont \u00e9t\u00e9 port\u00e9es par les A\u00een\u00e9es du Climat Suisse devant la Cour europ\u00e9enne des droits de l'homme. Un jugement est attendu en 2024, l'affaire est consid\u00e9r\u00e9e comme un pr\u00e9c\u00e9dent\".<\/p>\n<p>\"En tant que pays riche qui a particuli\u00e8rement profit\u00e9 des combustibles fossiles au cours de son histoire, la Suisse a la responsabilit\u00e9 de mener une politique climatique ambitieuse. Elle doit rapidement r\u00e9duire ses \u00e9missions de gaz \u00e0 effet de serre et combler l'\u00e9cart entre sa trajectoire actuelle de protection du climat et l'objectif d'un r\u00e9chauffement global limit\u00e9 \u00e0 1,5 degr\u00e9. Si tout le monde agissait comme la Suisse, il en r\u00e9sulterait un r\u00e9chauffement global de 2 \u00e0 3 degr\u00e9s. Un r\u00e9chauffement approchant les 3 degr\u00e9s mettra en p\u00e9ril la survie d'une grande partie de l'humanit\u00e9. La politique de la Suisse met donc en danger nos droits humains\".<\/p>\n<p><em>Source : <a href=\"http:\/\/www.ccpi.org\">www.ccpi.org<\/a> <a href=\"http:\/\/www.greenpeace.ch\">www.greenpeace.ch<\/a><\/em><\/p>","protected":false},"excerpt":{"rendered":"<p>La Suisse a gagn\u00e9 une place et se classe 21e dans l'indice actuel de protection du climat (CCPI 2024), soit une place moyenne dans l'ensemble. Une fois de plus, la Suisse ne parvient donc pas \u00e0 se hisser dans le top 20 et est d\u00e9pass\u00e9e, entre autres, par les Philippines, l'Allemagne, le Maroc et l'Inde. L'indice de protection climatique publi\u00e9 par Germanwatch, le NewClimate Institute et le Climate Action Network est un classement de 63 pays plus l'ensemble de l'UE, qui sont responsables ensemble de plus de 90% des \u00e9missions mondiales de gaz \u00e0 effet de serre. <\/p>","protected":false},"author":58,"featured_media":23785,"comment_status":"closed","ping_status":"closed","sticky":false,"template":"","format":"standard","meta":{"_acf_changed":false,"_yoast_wpseo_focuskw":"Klimaschutz-Index","_yoast_wpseo_metadesc":"Die Schweiz hat sich um einen Platz verbessert und rangiert im aktuellen Klimaschutz-Index (CCPI 2024) auf Platz 21.","articlekey":"","footnotes":""},"categories":[580],"tags":[1524,1976,424,2246],"class_list":["post-23784","post","type-post","status-publish","format-standard","has-post-thumbnail","hentry","category-sustainability","tag-klimaschutz-index","tag-rangliste","tag-schweiz","tag-sustainability"],"acf":[],"yoast_head":"<!-- This site is optimized with the Yoast SEO plugin v27.5 - https:\/\/yoast.com\/product\/yoast-seo-wordpress\/ -->\n<title>CCPI 2024: Die Schweiz schafft es nicht in die Top 20 - Organisator<\/title>\n<meta name=\"description\" content=\"Die Schweiz hat sich um einen Platz verbessert und rangiert im aktuellen Klimaschutz-Index (CCPI 2024) auf Platz 21.\" \/>\n<meta name=\"robots\" content=\"index, follow, max-snippet:-1, max-image-preview:large, max-video-preview:-1\" \/>\n<link rel=\"canonical\" href=\"https:\/\/www.organisator.ch\/fr\/sustainability\/2023-12-08\/ccpi-2024-die-schweiz-schafft-es-nicht-in-die-top-20\/\" \/>\n<meta property=\"og:locale\" content=\"fr_FR\" \/>\n<meta property=\"og:type\" content=\"article\" \/>\n<meta property=\"og:title\" content=\"CCPI 2024: Die Schweiz schafft es nicht in die Top 20\" \/>\n<meta property=\"og:description\" content=\"Die Schweiz hat sich um einen Platz verbessert und rangiert im aktuellen Klimaschutz-Index (CCPI 2024) auf Platz 21.\" \/>\n<meta property=\"og:url\" content=\"https:\/\/www.organisator.ch\/fr\/sustainability\/2023-12-08\/ccpi-2024-die-schweiz-schafft-es-nicht-in-die-top-20\/\" \/>\n<meta property=\"og:site_name\" content=\"Organisator\" \/>\n<meta property=\"article:publisher\" content=\"https:\/\/www.facebook.com\/OrganisatorFachmagazin\" \/>\n<meta property=\"article:published_time\" content=\"2023-12-08T10:20:34+00:00\" \/>\n<meta property=\"og:image\" content=\"https:\/\/www.organisator.ch\/wp-content\/uploads\/2023\/12\/Klimaschutz_Bild1_ps.jpg\" \/>\n\t<meta property=\"og:image:width\" content=\"680\" \/>\n\t<meta property=\"og:image:height\" content=\"453\" \/>\n\t<meta property=\"og:image:type\" content=\"image\/jpeg\" \/>\n<meta name=\"author\" content=\"Adelisa Kalajdzini\" \/>\n<meta name=\"twitter:card\" content=\"summary_large_image\" \/>\n<meta name=\"twitter:title\" content=\"CCPI 2024: Die Schweiz schafft es nicht in die Top 20\" \/>\n<meta name=\"twitter:description\" content=\"Die #Schweiz hat sich um einen Platz verbessert und rangiert im aktuellen #Klimaschutz-Index (CCPI 2024) auf #Platz 21.\" \/>\n<meta name=\"twitter:image\" content=\"https:\/\/www.organisator.ch\/wp-content\/uploads\/2023\/12\/Klimaschutz_Bild1_ps.jpg\" \/>\n<script type=\"application\/ld+json\" class=\"yoast-schema-graph\">{\"@context\":\"https:\\\/\\\/schema.org\",\"@graph\":[{\"@type\":\"Article\",\"@id\":\"https:\\\/\\\/www.organisator.ch\\\/sustainability\\\/2023-12-08\\\/ccpi-2024-die-schweiz-schafft-es-nicht-in-die-top-20\\\/#article\",\"isPartOf\":{\"@id\":\"https:\\\/\\\/www.organisator.ch\\\/sustainability\\\/2023-12-08\\\/ccpi-2024-die-schweiz-schafft-es-nicht-in-die-top-20\\\/\"},\"author\":{\"name\":\"Adelisa Kalajdzini\",\"@id\":\"https:\\\/\\\/www.organisator.ch\\\/#\\\/schema\\\/person\\\/2e1314a2172123f874db408d8911d3f3\"},\"headline\":\"CCPI 2024: Die Schweiz schafft es nicht in die Top 20\",\"datePublished\":\"2023-12-08T10:20:34+00:00\",\"mainEntityOfPage\":{\"@id\":\"https:\\\/\\\/www.organisator.ch\\\/sustainability\\\/2023-12-08\\\/ccpi-2024-die-schweiz-schafft-es-nicht-in-die-top-20\\\/\"},\"wordCount\":427,\"publisher\":{\"@id\":\"https:\\\/\\\/www.organisator.ch\\\/#organization\"},\"image\":{\"@id\":\"https:\\\/\\\/www.organisator.ch\\\/sustainability\\\/2023-12-08\\\/ccpi-2024-die-schweiz-schafft-es-nicht-in-die-top-20\\\/#primaryimage\"},\"thumbnailUrl\":\"https:\\\/\\\/www.organisator.ch\\\/wp-content\\\/uploads\\\/2023\\\/12\\\/Klimaschutz_Bild1_ps.jpg\",\"keywords\":[\"Klimaschutz-Index\",\"Rangliste\",\"Schweiz\",\"Sustainability\"],\"articleSection\":[\"SUSTAINABILITY\"],\"inLanguage\":\"fr-FR\"},{\"@type\":\"WebPage\",\"@id\":\"https:\\\/\\\/www.organisator.ch\\\/sustainability\\\/2023-12-08\\\/ccpi-2024-die-schweiz-schafft-es-nicht-in-die-top-20\\\/\",\"url\":\"https:\\\/\\\/www.organisator.ch\\\/sustainability\\\/2023-12-08\\\/ccpi-2024-die-schweiz-schafft-es-nicht-in-die-top-20\\\/\",\"name\":\"CCPI 2024: Die Schweiz schafft es nicht in die Top 20 - Organisator\",\"isPartOf\":{\"@id\":\"https:\\\/\\\/www.organisator.ch\\\/#website\"},\"primaryImageOfPage\":{\"@id\":\"https:\\\/\\\/www.organisator.ch\\\/sustainability\\\/2023-12-08\\\/ccpi-2024-die-schweiz-schafft-es-nicht-in-die-top-20\\\/#primaryimage\"},\"image\":{\"@id\":\"https:\\\/\\\/www.organisator.ch\\\/sustainability\\\/2023-12-08\\\/ccpi-2024-die-schweiz-schafft-es-nicht-in-die-top-20\\\/#primaryimage\"},\"thumbnailUrl\":\"https:\\\/\\\/www.organisator.ch\\\/wp-content\\\/uploads\\\/2023\\\/12\\\/Klimaschutz_Bild1_ps.jpg\",\"datePublished\":\"2023-12-08T10:20:34+00:00\",\"description\":\"Die Schweiz hat sich um einen Platz verbessert und rangiert im aktuellen Klimaschutz-Index (CCPI 2024) auf Platz 21.\",\"breadcrumb\":{\"@id\":\"https:\\\/\\\/www.organisator.ch\\\/sustainability\\\/2023-12-08\\\/ccpi-2024-die-schweiz-schafft-es-nicht-in-die-top-20\\\/#breadcrumb\"},\"inLanguage\":\"fr-FR\",\"potentialAction\":[{\"@type\":\"ReadAction\",\"target\":[\"https:\\\/\\\/www.organisator.ch\\\/sustainability\\\/2023-12-08\\\/ccpi-2024-die-schweiz-schafft-es-nicht-in-die-top-20\\\/\"]}]},{\"@type\":\"ImageObject\",\"inLanguage\":\"fr-FR\",\"@id\":\"https:\\\/\\\/www.organisator.ch\\\/sustainability\\\/2023-12-08\\\/ccpi-2024-die-schweiz-schafft-es-nicht-in-die-top-20\\\/#primaryimage\",\"url\":\"https:\\\/\\\/www.organisator.ch\\\/wp-content\\\/uploads\\\/2023\\\/12\\\/Klimaschutz_Bild1_ps.jpg\",\"contentUrl\":\"https:\\\/\\\/www.organisator.ch\\\/wp-content\\\/uploads\\\/2023\\\/12\\\/Klimaschutz_Bild1_ps.jpg\",\"width\":680,\"height\":453,\"caption\":\"Die Schweiz rangiert im aktuellen Klimaschutz-Index (CCPI 2024) auf Platz 21. (Bild: www.pixabay.com)\"},{\"@type\":\"BreadcrumbList\",\"@id\":\"https:\\\/\\\/www.organisator.ch\\\/sustainability\\\/2023-12-08\\\/ccpi-2024-die-schweiz-schafft-es-nicht-in-die-top-20\\\/#breadcrumb\",\"itemListElement\":[{\"@type\":\"ListItem\",\"position\":1,\"name\":\"Home\",\"item\":\"https:\\\/\\\/www.organisator.ch\\\/\"},{\"@type\":\"ListItem\",\"position\":2,\"name\":\"CCPI 2024: Die Schweiz schafft es nicht in die Top 20\"}]},{\"@type\":\"WebSite\",\"@id\":\"https:\\\/\\\/www.organisator.ch\\\/#website\",\"url\":\"https:\\\/\\\/www.organisator.ch\\\/\",\"name\":\"Organisator\",\"description\":\"Kompetent. Praxisnah. Der ORGANISATOR bereitet in 10 Ausgaben pro Jahr die wesentlichen Themen f\u00fcr F\u00fchrungskr\u00e4fte von KMU auf.\",\"publisher\":{\"@id\":\"https:\\\/\\\/www.organisator.ch\\\/#organization\"},\"potentialAction\":[{\"@type\":\"SearchAction\",\"target\":{\"@type\":\"EntryPoint\",\"urlTemplate\":\"https:\\\/\\\/www.organisator.ch\\\/?s={search_term_string}\"},\"query-input\":{\"@type\":\"PropertyValueSpecification\",\"valueRequired\":true,\"valueName\":\"search_term_string\"}}],\"inLanguage\":\"fr-FR\"},{\"@type\":\"Organization\",\"@id\":\"https:\\\/\\\/www.organisator.ch\\\/#organization\",\"name\":\"Organisator\",\"url\":\"https:\\\/\\\/www.organisator.ch\\\/\",\"logo\":{\"@type\":\"ImageObject\",\"inLanguage\":\"fr-FR\",\"@id\":\"https:\\\/\\\/www.organisator.ch\\\/#\\\/schema\\\/logo\\\/image\\\/\",\"url\":\"https:\\\/\\\/www.organisator.ch\\\/wp-content\\\/uploads\\\/2022\\\/01\\\/Logo_Organisator_Website.png\",\"contentUrl\":\"https:\\\/\\\/www.organisator.ch\\\/wp-content\\\/uploads\\\/2022\\\/01\\\/Logo_Organisator_Website.png\",\"width\":800,\"height\":77,\"caption\":\"Organisator\"},\"image\":{\"@id\":\"https:\\\/\\\/www.organisator.ch\\\/#\\\/schema\\\/logo\\\/image\\\/\"},\"sameAs\":[\"https:\\\/\\\/www.facebook.com\\\/OrganisatorFachmagazin\",\"https:\\\/\\\/www.linkedin.com\\\/showcase\\\/organisator-das-magazin-fr-kmu\",\"https:\\\/\\\/www.xing.com\\\/news\\\/pages\\\/organisator-ch-695\",\"https:\\\/\\\/www.youtube.com\\\/channel\\\/UCGP2Sq0iWaZwT3BdIAQFYpw\"]},{\"@type\":\"Person\",\"@id\":\"https:\\\/\\\/www.organisator.ch\\\/#\\\/schema\\\/person\\\/2e1314a2172123f874db408d8911d3f3\",\"name\":\"Adelisa Kalajdzini\",\"image\":{\"@type\":\"ImageObject\",\"inLanguage\":\"fr-FR\",\"@id\":\"https:\\\/\\\/secure.gravatar.com\\\/avatar\\\/09a397c22ac58cad6f160ee8306348599df9df58a8ede73696226897b9fa4b24?s=96&d=mm&r=g\",\"url\":\"https:\\\/\\\/secure.gravatar.com\\\/avatar\\\/09a397c22ac58cad6f160ee8306348599df9df58a8ede73696226897b9fa4b24?s=96&d=mm&r=g\",\"contentUrl\":\"https:\\\/\\\/secure.gravatar.com\\\/avatar\\\/09a397c22ac58cad6f160ee8306348599df9df58a8ede73696226897b9fa4b24?s=96&d=mm&r=g\",\"caption\":\"Adelisa Kalajdzini\"},\"url\":\"https:\\\/\\\/www.organisator.ch\\\/fr\\\/author\\\/adelisa-kalajdzini\\\/\"}]}<\/script>\n<!-- \/ Yoast SEO plugin. -->","yoast_head_json":{"title":"CCPI 2024 : la Suisse ne fait pas partie du top 20 - Organisateur","description":"La Suisse a gagn\u00e9 une place et se classe 21e dans l'indice actuel de protection du climat (CCPI 2024).","robots":{"index":"index","follow":"follow","max-snippet":"max-snippet:-1","max-image-preview":"max-image-preview:large","max-video-preview":"max-video-preview:-1"},"canonical":"https:\/\/www.organisator.ch\/fr\/sustainability\/2023-12-08\/ccpi-2024-die-schweiz-schafft-es-nicht-in-die-top-20\/","og_locale":"fr_FR","og_type":"article","og_title":"CCPI 2024: Die Schweiz schafft es nicht in die Top 20","og_description":"Die Schweiz hat sich um einen Platz verbessert und rangiert im aktuellen Klimaschutz-Index (CCPI 2024) auf Platz 21.","og_url":"https:\/\/www.organisator.ch\/fr\/sustainability\/2023-12-08\/ccpi-2024-die-schweiz-schafft-es-nicht-in-die-top-20\/","og_site_name":"Organisator","article_publisher":"https:\/\/www.facebook.com\/OrganisatorFachmagazin","article_published_time":"2023-12-08T10:20:34+00:00","og_image":[{"width":680,"height":453,"url":"https:\/\/www.organisator.ch\/wp-content\/uploads\/2023\/12\/Klimaschutz_Bild1_ps.jpg","type":"image\/jpeg"}],"author":"Adelisa Kalajdzini","twitter_card":"summary_large_image","twitter_title":"CCPI 2024: Die Schweiz schafft es nicht in die Top 20","twitter_description":"Die #Schweiz hat sich um einen Platz verbessert und rangiert im aktuellen #Klimaschutz-Index (CCPI 2024) auf #Platz 21.","twitter_image":"https:\/\/www.organisator.ch\/wp-content\/uploads\/2023\/12\/Klimaschutz_Bild1_ps.jpg","schema":{"@context":"https:\/\/schema.org","@graph":[{"@type":"Article","@id":"https:\/\/www.organisator.ch\/sustainability\/2023-12-08\/ccpi-2024-die-schweiz-schafft-es-nicht-in-die-top-20\/#article","isPartOf":{"@id":"https:\/\/www.organisator.ch\/sustainability\/2023-12-08\/ccpi-2024-die-schweiz-schafft-es-nicht-in-die-top-20\/"},"author":{"name":"Adelisa Kalajdzini","@id":"https:\/\/www.organisator.ch\/#\/schema\/person\/2e1314a2172123f874db408d8911d3f3"},"headline":"CCPI 2024: Die Schweiz schafft es nicht in die Top 20","datePublished":"2023-12-08T10:20:34+00:00","mainEntityOfPage":{"@id":"https:\/\/www.organisator.ch\/sustainability\/2023-12-08\/ccpi-2024-die-schweiz-schafft-es-nicht-in-die-top-20\/"},"wordCount":427,"publisher":{"@id":"https:\/\/www.organisator.ch\/#organization"},"image":{"@id":"https:\/\/www.organisator.ch\/sustainability\/2023-12-08\/ccpi-2024-die-schweiz-schafft-es-nicht-in-die-top-20\/#primaryimage"},"thumbnailUrl":"https:\/\/www.organisator.ch\/wp-content\/uploads\/2023\/12\/Klimaschutz_Bild1_ps.jpg","keywords":["Klimaschutz-Index","Rangliste","Schweiz","Sustainability"],"articleSection":["SUSTAINABILITY"],"inLanguage":"fr-FR"},{"@type":"WebPage","@id":"https:\/\/www.organisator.ch\/sustainability\/2023-12-08\/ccpi-2024-die-schweiz-schafft-es-nicht-in-die-top-20\/","url":"https:\/\/www.organisator.ch\/sustainability\/2023-12-08\/ccpi-2024-die-schweiz-schafft-es-nicht-in-die-top-20\/","name":"CCPI 2024 : la Suisse ne fait pas partie du top 20 - Organisateur","isPartOf":{"@id":"https:\/\/www.organisator.ch\/#website"},"primaryImageOfPage":{"@id":"https:\/\/www.organisator.ch\/sustainability\/2023-12-08\/ccpi-2024-die-schweiz-schafft-es-nicht-in-die-top-20\/#primaryimage"},"image":{"@id":"https:\/\/www.organisator.ch\/sustainability\/2023-12-08\/ccpi-2024-die-schweiz-schafft-es-nicht-in-die-top-20\/#primaryimage"},"thumbnailUrl":"https:\/\/www.organisator.ch\/wp-content\/uploads\/2023\/12\/Klimaschutz_Bild1_ps.jpg","datePublished":"2023-12-08T10:20:34+00:00","description":"La Suisse a gagn\u00e9 une place et se classe 21e dans l'indice actuel de protection du climat (CCPI 2024).","breadcrumb":{"@id":"https:\/\/www.organisator.ch\/sustainability\/2023-12-08\/ccpi-2024-die-schweiz-schafft-es-nicht-in-die-top-20\/#breadcrumb"},"inLanguage":"fr-FR","potentialAction":[{"@type":"ReadAction","target":["https:\/\/www.organisator.ch\/sustainability\/2023-12-08\/ccpi-2024-die-schweiz-schafft-es-nicht-in-die-top-20\/"]}]},{"@type":"ImageObject","inLanguage":"fr-FR","@id":"https:\/\/www.organisator.ch\/sustainability\/2023-12-08\/ccpi-2024-die-schweiz-schafft-es-nicht-in-die-top-20\/#primaryimage","url":"https:\/\/www.organisator.ch\/wp-content\/uploads\/2023\/12\/Klimaschutz_Bild1_ps.jpg","contentUrl":"https:\/\/www.organisator.ch\/wp-content\/uploads\/2023\/12\/Klimaschutz_Bild1_ps.jpg","width":680,"height":453,"caption":"Die Schweiz rangiert im aktuellen Klimaschutz-Index (CCPI 2024) auf Platz 21. (Bild: www.pixabay.com)"},{"@type":"BreadcrumbList","@id":"https:\/\/www.organisator.ch\/sustainability\/2023-12-08\/ccpi-2024-die-schweiz-schafft-es-nicht-in-die-top-20\/#breadcrumb","itemListElement":[{"@type":"ListItem","position":1,"name":"Home","item":"https:\/\/www.organisator.ch\/"},{"@type":"ListItem","position":2,"name":"CCPI 2024: Die Schweiz schafft es nicht in die Top 20"}]},{"@type":"WebSite","@id":"https:\/\/www.organisator.ch\/#website","url":"https:\/\/www.organisator.ch\/","name":"Organisateur","description":"Comp\u00e9tence et comp\u00e9tence. Proches de la pratique. L'ORGANISATEUR pr\u00e9pare 10 num\u00e9ros par an sur les th\u00e8mes essentiels pour les dirigeants de PME.","publisher":{"@id":"https:\/\/www.organisator.ch\/#organization"},"potentialAction":[{"@type":"SearchAction","target":{"@type":"EntryPoint","urlTemplate":"https:\/\/www.organisator.ch\/?s={search_term_string}"},"query-input":{"@type":"PropertyValueSpecification","valueRequired":true,"valueName":"search_term_string"}}],"inLanguage":"fr-FR"},{"@type":"Organization","@id":"https:\/\/www.organisator.ch\/#organization","name":"Organisateur","url":"https:\/\/www.organisator.ch\/","logo":{"@type":"ImageObject","inLanguage":"fr-FR","@id":"https:\/\/www.organisator.ch\/#\/schema\/logo\/image\/","url":"https:\/\/www.organisator.ch\/wp-content\/uploads\/2022\/01\/Logo_Organisator_Website.png","contentUrl":"https:\/\/www.organisator.ch\/wp-content\/uploads\/2022\/01\/Logo_Organisator_Website.png","width":800,"height":77,"caption":"Organisator"},"image":{"@id":"https:\/\/www.organisator.ch\/#\/schema\/logo\/image\/"},"sameAs":["https:\/\/www.facebook.com\/OrganisatorFachmagazin","https:\/\/www.linkedin.com\/showcase\/organisator-das-magazin-fr-kmu","https:\/\/www.xing.com\/news\/pages\/organisator-ch-695","https:\/\/www.youtube.com\/channel\/UCGP2Sq0iWaZwT3BdIAQFYpw"]},{"@type":"Person","@id":"https:\/\/www.organisator.ch\/#\/schema\/person\/2e1314a2172123f874db408d8911d3f3","name":"Adelisa Kalajdzini","image":{"@type":"ImageObject","inLanguage":"fr-FR","@id":"https:\/\/secure.gravatar.com\/avatar\/09a397c22ac58cad6f160ee8306348599df9df58a8ede73696226897b9fa4b24?s=96&d=mm&r=g","url":"https:\/\/secure.gravatar.com\/avatar\/09a397c22ac58cad6f160ee8306348599df9df58a8ede73696226897b9fa4b24?s=96&d=mm&r=g","contentUrl":"https:\/\/secure.gravatar.com\/avatar\/09a397c22ac58cad6f160ee8306348599df9df58a8ede73696226897b9fa4b24?s=96&d=mm&r=g","caption":"Adelisa Kalajdzini"},"url":"https:\/\/www.organisator.ch\/fr\/author\/adelisa-kalajdzini\/"}]}},"_links":{"self":[{"href":"https:\/\/www.organisator.ch\/fr\/wp-json\/wp\/v2\/posts\/23784","targetHints":{"allow":["GET"]}}],"collection":[{"href":"https:\/\/www.organisator.ch\/fr\/wp-json\/wp\/v2\/posts"}],"about":[{"href":"https:\/\/www.organisator.ch\/fr\/wp-json\/wp\/v2\/types\/post"}],"author":[{"embeddable":true,"href":"https:\/\/www.organisator.ch\/fr\/wp-json\/wp\/v2\/users\/58"}],"replies":[{"embeddable":true,"href":"https:\/\/www.organisator.ch\/fr\/wp-json\/wp\/v2\/comments?post=23784"}],"version-history":[{"count":4,"href":"https:\/\/www.organisator.ch\/fr\/wp-json\/wp\/v2\/posts\/23784\/revisions"}],"predecessor-version":[{"id":23824,"href":"https:\/\/www.organisator.ch\/fr\/wp-json\/wp\/v2\/posts\/23784\/revisions\/23824"}],"wp:featuredmedia":[{"embeddable":true,"href":"https:\/\/www.organisator.ch\/fr\/wp-json\/wp\/v2\/media\/23785"}],"wp:attachment":[{"href":"https:\/\/www.organisator.ch\/fr\/wp-json\/wp\/v2\/media?parent=23784"}],"wp:term":[{"taxonomy":"category","embeddable":true,"href":"https:\/\/www.organisator.ch\/fr\/wp-json\/wp\/v2\/categories?post=23784"},{"taxonomy":"post_tag","embeddable":true,"href":"https:\/\/www.organisator.ch\/fr\/wp-json\/wp\/v2\/tags?post=23784"}],"curies":[{"name":"wp","href":"https:\/\/api.w.org\/{rel}","templated":true}]}}