{"id":2379,"date":"2019-08-16T08:00:24","date_gmt":"2019-08-16T06:00:24","guid":{"rendered":"https:\/\/www.umweltperspektiven.ch\/?p=2379"},"modified":"2019-08-16T08:00:24","modified_gmt":"2019-08-16T06:00:24","slug":"fachmesse-holz-2019-eingaberekord","status":"publish","type":"post","link":"https:\/\/www.organisator.ch\/fr\/allgemein\/2019-08-16\/fachmesse-holz-2019-eingaberekord\/","title":{"rendered":"Salon professionnel du bois 2019 : record d'entr\u00e9es"},"content":{"rendered":"<div>\n<figure id=\"attachment_2380\" aria-describedby=\"caption-attachment-2380\" style=\"width: 680px\" class=\"wp-caption alignnone\"><img loading=\"lazy\" decoding=\"async\" class=\"size-medium wp-image-2380\" src=\"\/\/www.umweltperspektiven.ch\/wp-content\/uploads\/2019\/08\/wissen_holz_neu.jpg\" alt=\"\" width=\"680\" height=\"452\" \/><figcaption id=\"caption-attachment-2380\" class=\"wp-caption-text\">Dans le cadre du Prix de l'innovation, des nouveaut\u00e9s, des tendances et des d\u00e9veloppements porteurs d'avenir de la branche du travail du bois seront r\u00e9compens\u00e9s pour la quatri\u00e8me fois. (Image symbolique : zVg)<\/figcaption><\/figure>\n<p>Le jury d'experts, pr\u00e9sid\u00e9 par Erich Zeller (membre du comit\u00e9 consultatif du salon) et mandat\u00e9 par le salon professionnel Holz, a nomin\u00e9 six projets pour le Prix de l'innovation bois 2019. Dans le cadre du Prix de l'innovation, les nouveaut\u00e9s, les tendances et les d\u00e9veloppements d'avenir du secteur du travail du bois seront r\u00e9compens\u00e9s pour la quatri\u00e8me fois. Les six projets nomin\u00e9s ont convaincu le jury par leur haut degr\u00e9 d'innovation, leur utilit\u00e9 pour la branche et leur rentabilit\u00e9.<\/p>\n<p>Seront r\u00e9compens\u00e9s les projets qui proposent une innovation ax\u00e9e sur la technologie, les proc\u00e9d\u00e9s ou les produits sur le th\u00e8me du bois. Ont particip\u00e9 au concours des entreprises et des organisations qui pr\u00e9senteront leurs innovations au salon Holz 2019. L'objectif du prix est d'offrir une sc\u00e8ne appropri\u00e9e au mat\u00e9riau bois et \u00e0 la force d'innovation des diff\u00e9rents fournisseurs et de souligner ainsi l'importance \u00e9conomique de la branche.<\/p>\n<p><strong>Six entreprises nomin\u00e9es pour le prix de l'innovation <\/strong><br \/>\nLe jury, compos\u00e9 d'experts dans les domaines de la menuiserie, de la construction en bois, de la formation\/recherche, du commerce de machines et d'outils, des mat\u00e9riaux et de l'informatique\/num\u00e9rique, a s\u00e9lectionn\u00e9 parmi les nombreuses candidatures une liste des dix meilleures innovations, parmi lesquelles six projets ont \u00e9t\u00e9 nomin\u00e9s.<\/p>\n<p>Sont nomin\u00e9s (de A \u00e0 Z) : <strong><br \/>\n<\/strong><\/p>\n<ul>\n<li>EPUR SAS, Rodome (F), OAKBOT : la fraiseuse robotis\u00e9e agile pour le travail du bois<\/li>\n<li>HAWA Sliding Solutions AG, Mettmenstetten (CH), HAWA Suono - pour des portes coulissantes insonorisantes<\/li>\n<li>HM-Spoerri AG \/ Felder-Group, Bachenb\u00fclach (CH), Format- 4 gluebox - Encollage de chants PUR sans bac \u00e0 colle<\/li>\n<li>Lamello AG, Bubendorf (CH), Cabineo 8, M6, Raccord de corps de meuble sans usure<\/li>\n<li>SWISS KRONO AG, Menznau (CH), BE.YOND (panneaux de particules) - Comme pr\u00e9vu par la nature<\/li>\n<li>Timber Structures 3.0 AG, Thun (CH), TS3 - Grandes surfaces en bois<\/li>\n<\/ul>\n<p>&nbsp;<\/p>\n<p><strong>Remise des prix lors de l'inauguration officielle de Holz <\/strong><br \/>\nLes laur\u00e9ats seront annonc\u00e9s dans le cadre de l'ouverture officielle de Holz 2019, le premier jour du salon, le 15 octobre 2019. Trois des innovations nomin\u00e9es pourront pr\u00e9tendre \u00e0 l'or, \u00e0 l'argent ou au bronze. Pour la premi\u00e8re fois, un prix sp\u00e9cial du jury sera d\u00e9cern\u00e9 \u00e0 des projets extraordinaires.<\/p>\n<p><em>Vous trouverez le palmar\u00e8s des candidatures de cette ann\u00e9e ainsi que de brefs portraits des six entreprises nomin\u00e9es sous <\/em><a href=\"\/\/www.holz.ch\/innovationspreis\" target=\"_blank\" rel=\"noopener\"><em>www.holz.ch\/innovationspreis<\/em><\/a><\/p>\n<\/div>","protected":false},"excerpt":{"rendered":"<p>Die Fachjury unter der Leitung von Erich Zeller (Mitglied des Messebeirats) hat im Auftrag der Fachmesse Holz sechs Projekte f\u00fcr den Innovationspreis Holz 2019 nominiert. Im Rahmen des Innovationspreises werden zum vierten Mal Neuheiten, Trends und zukunftsweisende Weiterentwicklungen der Holzbearbeitungsbranche pr\u00e4miert. Die sechs nominierten Projekte haben die Jury durch ihren hohen Grad an Innovation, den [&hellip;]<\/p>\n","protected":false},"author":5,"featured_media":9628,"comment_status":"open","ping_status":"open","sticky":false,"template":"","format":"standard","meta":{"_acf_changed":false,"_yoast_wpseo_focuskw":"Fachmesse Holz","_yoast_wpseo_metadesc":"","articlekey":"","footnotes":""},"categories":[1],"tags":[65,1149,1369,424],"class_list":["post-2379","post","type-post","status-publish","format-standard","has-post-thumbnail","hentry","category-allgemein","tag-award","tag-fachmesse","tag-holz","tag-schweiz"],"acf":[],"yoast_head":"<!-- This site is optimized with the Yoast SEO plugin v27.4 - https:\/\/yoast.com\/product\/yoast-seo-wordpress\/ -->\n<title>Fachmesse Holz 2019: Eingaberekord - Organisator<\/title>\n<meta name=\"robots\" content=\"index, follow, max-snippet:-1, max-image-preview:large, max-video-preview:-1\" \/>\n<link rel=\"canonical\" href=\"https:\/\/www.organisator.ch\/fr\/general\/2019-08-16\/fachmesse-holz-2019-eingaberekord\/\" \/>\n<meta property=\"og:locale\" content=\"fr_FR\" \/>\n<meta property=\"og:type\" content=\"article\" \/>\n<meta property=\"og:title\" content=\"Fachmesse Holz 2019: Eingaberekord - Organisator\" \/>\n<meta property=\"og:description\" content=\"Die Fachjury unter der Leitung von Erich Zeller (Mitglied des Messebeirats) hat im Auftrag der Fachmesse Holz sechs Projekte f\u00fcr den Innovationspreis Holz 2019 nominiert. Im Rahmen des Innovationspreises werden zum vierten Mal Neuheiten, Trends und zukunftsweisende Weiterentwicklungen der Holzbearbeitungsbranche pr\u00e4miert. Die sechs nominierten Projekte haben die Jury durch ihren hohen Grad an Innovation, den [&hellip;]\" \/>\n<meta property=\"og:url\" content=\"https:\/\/www.organisator.ch\/fr\/general\/2019-08-16\/fachmesse-holz-2019-eingaberekord\/\" \/>\n<meta property=\"og:site_name\" content=\"Organisator\" \/>\n<meta property=\"article:publisher\" content=\"https:\/\/www.facebook.com\/OrganisatorFachmagazin\" \/>\n<meta property=\"article:published_time\" content=\"2019-08-16T06:00:24+00:00\" \/>\n<meta property=\"og:image\" content=\"https:\/\/www.organisator.ch\/wp-content\/uploads\/2019\/08\/wissen_holz_neu-1024x681.jpg\" \/>\n\t<meta property=\"og:image:width\" content=\"1024\" \/>\n\t<meta property=\"og:image:height\" content=\"681\" \/>\n\t<meta property=\"og:image:type\" content=\"image\/jpeg\" \/>\n<meta name=\"author\" content=\"michael.merz\" \/>\n<meta name=\"twitter:card\" content=\"summary_large_image\" \/>\n<script type=\"application\/ld+json\" class=\"yoast-schema-graph\">{\"@context\":\"https:\\\/\\\/schema.org\",\"@graph\":[{\"@type\":\"Article\",\"@id\":\"https:\\\/\\\/www.organisator.ch\\\/en\\\/general\\\/2019-08-16\\\/fachmesse-holz-2019-eingaberekord\\\/#article\",\"isPartOf\":{\"@id\":\"https:\\\/\\\/www.organisator.ch\\\/en\\\/general\\\/2019-08-16\\\/fachmesse-holz-2019-eingaberekord\\\/\"},\"author\":{\"name\":\"michael.merz\",\"@id\":\"https:\\\/\\\/www.organisator.ch\\\/#\\\/schema\\\/person\\\/134708ca9321c57b0362cceb7948ffbd\"},\"headline\":\"Fachmesse Holz 2019: Eingaberekord\",\"datePublished\":\"2019-08-16T06:00:24+00:00\",\"mainEntityOfPage\":{\"@id\":\"https:\\\/\\\/www.organisator.ch\\\/en\\\/general\\\/2019-08-16\\\/fachmesse-holz-2019-eingaberekord\\\/\"},\"wordCount\":342,\"commentCount\":0,\"publisher\":{\"@id\":\"https:\\\/\\\/www.organisator.ch\\\/#organization\"},\"image\":{\"@id\":\"https:\\\/\\\/www.organisator.ch\\\/en\\\/general\\\/2019-08-16\\\/fachmesse-holz-2019-eingaberekord\\\/#primaryimage\"},\"thumbnailUrl\":\"https:\\\/\\\/www.organisator.ch\\\/wp-content\\\/uploads\\\/2019\\\/08\\\/wissen_holz_neu.jpg\",\"keywords\":[\"Award\",\"Fachmesse\",\"Holz\",\"Schweiz\"],\"articleSection\":[\"Allgemein\"],\"inLanguage\":\"fr-FR\"},{\"@type\":\"WebPage\",\"@id\":\"https:\\\/\\\/www.organisator.ch\\\/en\\\/general\\\/2019-08-16\\\/fachmesse-holz-2019-eingaberekord\\\/\",\"url\":\"https:\\\/\\\/www.organisator.ch\\\/en\\\/general\\\/2019-08-16\\\/fachmesse-holz-2019-eingaberekord\\\/\",\"name\":\"Fachmesse Holz 2019: Eingaberekord - Organisator\",\"isPartOf\":{\"@id\":\"https:\\\/\\\/www.organisator.ch\\\/#website\"},\"primaryImageOfPage\":{\"@id\":\"https:\\\/\\\/www.organisator.ch\\\/en\\\/general\\\/2019-08-16\\\/fachmesse-holz-2019-eingaberekord\\\/#primaryimage\"},\"image\":{\"@id\":\"https:\\\/\\\/www.organisator.ch\\\/en\\\/general\\\/2019-08-16\\\/fachmesse-holz-2019-eingaberekord\\\/#primaryimage\"},\"thumbnailUrl\":\"https:\\\/\\\/www.organisator.ch\\\/wp-content\\\/uploads\\\/2019\\\/08\\\/wissen_holz_neu.jpg\",\"datePublished\":\"2019-08-16T06:00:24+00:00\",\"breadcrumb\":{\"@id\":\"https:\\\/\\\/www.organisator.ch\\\/en\\\/general\\\/2019-08-16\\\/fachmesse-holz-2019-eingaberekord\\\/#breadcrumb\"},\"inLanguage\":\"fr-FR\",\"potentialAction\":[{\"@type\":\"ReadAction\",\"target\":[\"https:\\\/\\\/www.organisator.ch\\\/en\\\/general\\\/2019-08-16\\\/fachmesse-holz-2019-eingaberekord\\\/\"]}]},{\"@type\":\"ImageObject\",\"inLanguage\":\"fr-FR\",\"@id\":\"https:\\\/\\\/www.organisator.ch\\\/en\\\/general\\\/2019-08-16\\\/fachmesse-holz-2019-eingaberekord\\\/#primaryimage\",\"url\":\"https:\\\/\\\/www.organisator.ch\\\/wp-content\\\/uploads\\\/2019\\\/08\\\/wissen_holz_neu.jpg\",\"contentUrl\":\"https:\\\/\\\/www.organisator.ch\\\/wp-content\\\/uploads\\\/2019\\\/08\\\/wissen_holz_neu.jpg\",\"width\":2000,\"height\":1330,\"caption\":\"Im Rahmen des Innovationspreises werden zum vierten Mal Neuheiten, Trends und zukunftsweisende Weiterentwicklungen der Holzbearbeitungsbranche pr\u00e4miert. (Symbolbild: zVg)\"},{\"@type\":\"BreadcrumbList\",\"@id\":\"https:\\\/\\\/www.organisator.ch\\\/en\\\/general\\\/2019-08-16\\\/fachmesse-holz-2019-eingaberekord\\\/#breadcrumb\",\"itemListElement\":[{\"@type\":\"ListItem\",\"position\":1,\"name\":\"Home\",\"item\":\"https:\\\/\\\/www.organisator.ch\\\/\"},{\"@type\":\"ListItem\",\"position\":2,\"name\":\"Fachmesse Holz 2019: Eingaberekord\"}]},{\"@type\":\"WebSite\",\"@id\":\"https:\\\/\\\/www.organisator.ch\\\/#website\",\"url\":\"https:\\\/\\\/www.organisator.ch\\\/\",\"name\":\"Organisator\",\"description\":\"Kompetent. Praxisnah. Der ORGANISATOR bereitet in 10 Ausgaben pro Jahr die wesentlichen Themen f\u00fcr F\u00fchrungskr\u00e4fte von KMU auf.\",\"publisher\":{\"@id\":\"https:\\\/\\\/www.organisator.ch\\\/#organization\"},\"potentialAction\":[{\"@type\":\"SearchAction\",\"target\":{\"@type\":\"EntryPoint\",\"urlTemplate\":\"https:\\\/\\\/www.organisator.ch\\\/?s={search_term_string}\"},\"query-input\":{\"@type\":\"PropertyValueSpecification\",\"valueRequired\":true,\"valueName\":\"search_term_string\"}}],\"inLanguage\":\"fr-FR\"},{\"@type\":\"Organization\",\"@id\":\"https:\\\/\\\/www.organisator.ch\\\/#organization\",\"name\":\"Organisator\",\"url\":\"https:\\\/\\\/www.organisator.ch\\\/\",\"logo\":{\"@type\":\"ImageObject\",\"inLanguage\":\"fr-FR\",\"@id\":\"https:\\\/\\\/www.organisator.ch\\\/#\\\/schema\\\/logo\\\/image\\\/\",\"url\":\"https:\\\/\\\/www.organisator.ch\\\/wp-content\\\/uploads\\\/2022\\\/01\\\/Logo_Organisator_Website.png\",\"contentUrl\":\"https:\\\/\\\/www.organisator.ch\\\/wp-content\\\/uploads\\\/2022\\\/01\\\/Logo_Organisator_Website.png\",\"width\":800,\"height\":77,\"caption\":\"Organisator\"},\"image\":{\"@id\":\"https:\\\/\\\/www.organisator.ch\\\/#\\\/schema\\\/logo\\\/image\\\/\"},\"sameAs\":[\"https:\\\/\\\/www.facebook.com\\\/OrganisatorFachmagazin\",\"https:\\\/\\\/www.linkedin.com\\\/showcase\\\/organisator-das-magazin-fr-kmu\",\"https:\\\/\\\/www.xing.com\\\/news\\\/pages\\\/organisator-ch-695\",\"https:\\\/\\\/www.youtube.com\\\/channel\\\/UCGP2Sq0iWaZwT3BdIAQFYpw\"]},{\"@type\":\"Person\",\"@id\":\"https:\\\/\\\/www.organisator.ch\\\/#\\\/schema\\\/person\\\/134708ca9321c57b0362cceb7948ffbd\",\"name\":\"michael.merz\",\"image\":{\"@type\":\"ImageObject\",\"inLanguage\":\"fr-FR\",\"@id\":\"https:\\\/\\\/secure.gravatar.com\\\/avatar\\\/?s=96&d=mm&r=g\",\"url\":\"https:\\\/\\\/secure.gravatar.com\\\/avatar\\\/?s=96&d=mm&r=g\",\"contentUrl\":\"https:\\\/\\\/secure.gravatar.com\\\/avatar\\\/?s=96&d=mm&r=g\",\"caption\":\"michael.merz\"},\"url\":\"https:\\\/\\\/www.organisator.ch\\\/fr\\\/author\\\/michael-merz\\\/\"}]}<\/script>\n<!-- \/ Yoast SEO plugin. -->","yoast_head_json":{"title":"Salon professionnel du bois 2019 : record d'entr\u00e9es - organisateur","robots":{"index":"index","follow":"follow","max-snippet":"max-snippet:-1","max-image-preview":"max-image-preview:large","max-video-preview":"max-video-preview:-1"},"canonical":"https:\/\/www.organisator.ch\/fr\/general\/2019-08-16\/fachmesse-holz-2019-eingaberekord\/","og_locale":"fr_FR","og_type":"article","og_title":"Fachmesse Holz 2019: Eingaberekord - Organisator","og_description":"Die Fachjury unter der Leitung von Erich Zeller (Mitglied des Messebeirats) hat im Auftrag der Fachmesse Holz sechs Projekte f\u00fcr den Innovationspreis Holz 2019 nominiert. Im Rahmen des Innovationspreises werden zum vierten Mal Neuheiten, Trends und zukunftsweisende Weiterentwicklungen der Holzbearbeitungsbranche pr\u00e4miert. Die sechs nominierten Projekte haben die Jury durch ihren hohen Grad an Innovation, den [&hellip;]","og_url":"https:\/\/www.organisator.ch\/fr\/general\/2019-08-16\/fachmesse-holz-2019-eingaberekord\/","og_site_name":"Organisator","article_publisher":"https:\/\/www.facebook.com\/OrganisatorFachmagazin","article_published_time":"2019-08-16T06:00:24+00:00","og_image":[{"width":1024,"height":681,"url":"https:\/\/www.organisator.ch\/wp-content\/uploads\/2019\/08\/wissen_holz_neu-1024x681.jpg","type":"image\/jpeg"}],"author":"michael.merz","twitter_card":"summary_large_image","schema":{"@context":"https:\/\/schema.org","@graph":[{"@type":"Article","@id":"https:\/\/www.organisator.ch\/en\/general\/2019-08-16\/fachmesse-holz-2019-eingaberekord\/#article","isPartOf":{"@id":"https:\/\/www.organisator.ch\/en\/general\/2019-08-16\/fachmesse-holz-2019-eingaberekord\/"},"author":{"name":"michael.merz","@id":"https:\/\/www.organisator.ch\/#\/schema\/person\/134708ca9321c57b0362cceb7948ffbd"},"headline":"Fachmesse Holz 2019: Eingaberekord","datePublished":"2019-08-16T06:00:24+00:00","mainEntityOfPage":{"@id":"https:\/\/www.organisator.ch\/en\/general\/2019-08-16\/fachmesse-holz-2019-eingaberekord\/"},"wordCount":342,"commentCount":0,"publisher":{"@id":"https:\/\/www.organisator.ch\/#organization"},"image":{"@id":"https:\/\/www.organisator.ch\/en\/general\/2019-08-16\/fachmesse-holz-2019-eingaberekord\/#primaryimage"},"thumbnailUrl":"https:\/\/www.organisator.ch\/wp-content\/uploads\/2019\/08\/wissen_holz_neu.jpg","keywords":["Award","Fachmesse","Holz","Schweiz"],"articleSection":["Allgemein"],"inLanguage":"fr-FR"},{"@type":"WebPage","@id":"https:\/\/www.organisator.ch\/en\/general\/2019-08-16\/fachmesse-holz-2019-eingaberekord\/","url":"https:\/\/www.organisator.ch\/en\/general\/2019-08-16\/fachmesse-holz-2019-eingaberekord\/","name":"Salon professionnel du bois 2019 : record d'entr\u00e9es - organisateur","isPartOf":{"@id":"https:\/\/www.organisator.ch\/#website"},"primaryImageOfPage":{"@id":"https:\/\/www.organisator.ch\/en\/general\/2019-08-16\/fachmesse-holz-2019-eingaberekord\/#primaryimage"},"image":{"@id":"https:\/\/www.organisator.ch\/en\/general\/2019-08-16\/fachmesse-holz-2019-eingaberekord\/#primaryimage"},"thumbnailUrl":"https:\/\/www.organisator.ch\/wp-content\/uploads\/2019\/08\/wissen_holz_neu.jpg","datePublished":"2019-08-16T06:00:24+00:00","breadcrumb":{"@id":"https:\/\/www.organisator.ch\/en\/general\/2019-08-16\/fachmesse-holz-2019-eingaberekord\/#breadcrumb"},"inLanguage":"fr-FR","potentialAction":[{"@type":"ReadAction","target":["https:\/\/www.organisator.ch\/en\/general\/2019-08-16\/fachmesse-holz-2019-eingaberekord\/"]}]},{"@type":"ImageObject","inLanguage":"fr-FR","@id":"https:\/\/www.organisator.ch\/en\/general\/2019-08-16\/fachmesse-holz-2019-eingaberekord\/#primaryimage","url":"https:\/\/www.organisator.ch\/wp-content\/uploads\/2019\/08\/wissen_holz_neu.jpg","contentUrl":"https:\/\/www.organisator.ch\/wp-content\/uploads\/2019\/08\/wissen_holz_neu.jpg","width":2000,"height":1330,"caption":"Im Rahmen des Innovationspreises werden zum vierten Mal Neuheiten, Trends und zukunftsweisende Weiterentwicklungen der Holzbearbeitungsbranche pr\u00e4miert. (Symbolbild: zVg)"},{"@type":"BreadcrumbList","@id":"https:\/\/www.organisator.ch\/en\/general\/2019-08-16\/fachmesse-holz-2019-eingaberekord\/#breadcrumb","itemListElement":[{"@type":"ListItem","position":1,"name":"Home","item":"https:\/\/www.organisator.ch\/"},{"@type":"ListItem","position":2,"name":"Fachmesse Holz 2019: Eingaberekord"}]},{"@type":"WebSite","@id":"https:\/\/www.organisator.ch\/#website","url":"https:\/\/www.organisator.ch\/","name":"Organisateur","description":"Comp\u00e9tence et comp\u00e9tence. Proches de la pratique. L'ORGANISATEUR pr\u00e9pare 10 num\u00e9ros par an sur les th\u00e8mes essentiels pour les dirigeants de PME.","publisher":{"@id":"https:\/\/www.organisator.ch\/#organization"},"potentialAction":[{"@type":"SearchAction","target":{"@type":"EntryPoint","urlTemplate":"https:\/\/www.organisator.ch\/?s={search_term_string}"},"query-input":{"@type":"PropertyValueSpecification","valueRequired":true,"valueName":"search_term_string"}}],"inLanguage":"fr-FR"},{"@type":"Organization","@id":"https:\/\/www.organisator.ch\/#organization","name":"Organisateur","url":"https:\/\/www.organisator.ch\/","logo":{"@type":"ImageObject","inLanguage":"fr-FR","@id":"https:\/\/www.organisator.ch\/#\/schema\/logo\/image\/","url":"https:\/\/www.organisator.ch\/wp-content\/uploads\/2022\/01\/Logo_Organisator_Website.png","contentUrl":"https:\/\/www.organisator.ch\/wp-content\/uploads\/2022\/01\/Logo_Organisator_Website.png","width":800,"height":77,"caption":"Organisator"},"image":{"@id":"https:\/\/www.organisator.ch\/#\/schema\/logo\/image\/"},"sameAs":["https:\/\/www.facebook.com\/OrganisatorFachmagazin","https:\/\/www.linkedin.com\/showcase\/organisator-das-magazin-fr-kmu","https:\/\/www.xing.com\/news\/pages\/organisator-ch-695","https:\/\/www.youtube.com\/channel\/UCGP2Sq0iWaZwT3BdIAQFYpw"]},{"@type":"Person","@id":"https:\/\/www.organisator.ch\/#\/schema\/person\/134708ca9321c57b0362cceb7948ffbd","name":"michael.merz","image":{"@type":"ImageObject","inLanguage":"fr-FR","@id":"https:\/\/secure.gravatar.com\/avatar\/?s=96&d=mm&r=g","url":"https:\/\/secure.gravatar.com\/avatar\/?s=96&d=mm&r=g","contentUrl":"https:\/\/secure.gravatar.com\/avatar\/?s=96&d=mm&r=g","caption":"michael.merz"},"url":"https:\/\/www.organisator.ch\/fr\/author\/michael-merz\/"}]}},"_links":{"self":[{"href":"https:\/\/www.organisator.ch\/fr\/wp-json\/wp\/v2\/posts\/2379","targetHints":{"allow":["GET"]}}],"collection":[{"href":"https:\/\/www.organisator.ch\/fr\/wp-json\/wp\/v2\/posts"}],"about":[{"href":"https:\/\/www.organisator.ch\/fr\/wp-json\/wp\/v2\/types\/post"}],"author":[{"embeddable":true,"href":"https:\/\/www.organisator.ch\/fr\/wp-json\/wp\/v2\/users\/5"}],"replies":[{"embeddable":true,"href":"https:\/\/www.organisator.ch\/fr\/wp-json\/wp\/v2\/comments?post=2379"}],"version-history":[{"count":0,"href":"https:\/\/www.organisator.ch\/fr\/wp-json\/wp\/v2\/posts\/2379\/revisions"}],"wp:featuredmedia":[{"embeddable":true,"href":"https:\/\/www.organisator.ch\/fr\/wp-json\/wp\/v2\/media\/9628"}],"wp:attachment":[{"href":"https:\/\/www.organisator.ch\/fr\/wp-json\/wp\/v2\/media?parent=2379"}],"wp:term":[{"taxonomy":"category","embeddable":true,"href":"https:\/\/www.organisator.ch\/fr\/wp-json\/wp\/v2\/categories?post=2379"},{"taxonomy":"post_tag","embeddable":true,"href":"https:\/\/www.organisator.ch\/fr\/wp-json\/wp\/v2\/tags?post=2379"}],"curies":[{"name":"wp","href":"https:\/\/api.w.org\/{rel}","templated":true}]}}