{"id":2385,"date":"2017-09-05T08:15:25","date_gmt":"2017-09-05T06:15:25","guid":{"rendered":"https:\/\/www.organisator.ch\/?p=2385"},"modified":"2017-09-05T08:15:25","modified_gmt":"2017-09-05T06:15:25","slug":"erster-digital-summit-fuer-kmu-erfolgreicher-startschuss","status":"publish","type":"post","link":"https:\/\/www.organisator.ch\/fr\/allgemein\/2017-09-05\/erster-digital-summit-fuer-kmu-erfolgreicher-startschuss\/","title":{"rendered":"Premier Sommet num\u00e9rique pour les PME : un lancement r\u00e9ussi"},"content":{"rendered":"<figure id=\"attachment_2386\" aria-describedby=\"caption-attachment-2386\" style=\"width: 640px\" class=\"wp-caption alignnone\"><img loading=\"lazy\" decoding=\"async\" class=\"size-full wp-image-2386\" src=\"https:\/\/www.organisator.ch\/wp-content\/uploads\/2017\/09\/Erster-Digital-Summit-fuer-KMU-Erfolgreicher-Startschuss_Organisator.jpg\" alt=\"\" width=\"640\" height=\"427\" srcset=\"https:\/\/www.organisator.ch\/wp-content\/uploads\/2017\/09\/Erster-Digital-Summit-fuer-KMU-Erfolgreicher-Startschuss_Organisator.jpg 640w, https:\/\/www.organisator.ch\/wp-content\/uploads\/2017\/09\/Erster-Digital-Summit-fuer-KMU-Erfolgreicher-Startschuss_Organisator-16x12.jpg 16w, https:\/\/www.organisator.ch\/wp-content\/uploads\/2017\/09\/Erster-Digital-Summit-fuer-KMU-Erfolgreicher-Startschuss_Organisator-262x175.jpg 262w, https:\/\/www.organisator.ch\/wp-content\/uploads\/2017\/09\/Erster-Digital-Summit-fuer-KMU-Erfolgreicher-Startschuss_Organisator-525x350.jpg 525w, https:\/\/www.organisator.ch\/wp-content\/uploads\/2017\/09\/Erster-Digital-Summit-fuer-KMU-Erfolgreicher-Startschuss_Organisator-300x200.jpg 300w\" sizes=\"auto, (max-width: 640px) 100vw, 640px\" \/><figcaption id=\"caption-attachment-2386\" class=\"wp-caption-text\">Rolf Schumann de SAP a pr\u00e9sent\u00e9 quelques exemples concrets de produits \"num\u00e9ris\u00e9s\" lors du Digital Summit pour PME. (Image : Service de presse \/ zVg)<\/figcaption><\/figure>\n<p>Les plus de 550 participants au premier Digital Summit pour PME ont tous donn\u00e9 un feedback positif aux initiateurs et organisateurs, notamment \u00e0 Ewa Ming, CEO Emex Management GmbH et Thomas Bergmann, Digital Head et fondateur de DIGIRATIS - R\u00e9seau suisse de l'\u00e9lite num\u00e9rique. Non seulement l'organisation de l'\u00e9v\u00e9nement et l'ambiance, mais aussi et surtout la qualit\u00e9 des ateliers d'apprentissage et des keynotes, la comp\u00e9tence des experts et des conf\u00e9renciers ainsi que la Digital EXPO avec des showcases pratiques de la num\u00e9risation des PME, ont \u00e9t\u00e9 salu\u00e9s.<\/p>\n<h2>Un congr\u00e8s qui affiche complet<\/h2>\n<p>Le congr\u00e8s, qui affiche complet et propose des solutions et des outils concrets, montre que le besoin de formation continue ax\u00e9e sur la pratique est grand parmi les dirigeants de PME, comme nous l'avons d\u00e9j\u00e0 constat\u00e9. <a href=\"https:\/\/www.organisator.ch\/die-sieben-handlungsfelder-der-digitalisierung\/\">ici<\/a> ont rapport\u00e9. \"Nous sommes submerg\u00e9s. Il s'est av\u00e9r\u00e9 que la num\u00e9risation est un th\u00e8me important pour les PME suisses et que le fait de se concentrer sur la question cl\u00e9 \"La num\u00e9risation, oui, mais comment ?\" a \u00e9t\u00e9 le facteur de succ\u00e8s d\u00e9cisif\", a d\u00e9clar\u00e9 Ewa Ming. Quelque 500 partenaires, experts et conf\u00e9renciers ont particip\u00e9 \u00e0 ce succ\u00e8s. En collaboration avec eux, le concept va maintenant \u00eatre d\u00e9velopp\u00e9 et optimis\u00e9 - car malgr\u00e9 les nombreux \u00e9loges, les organisateurs voient des points de d\u00e9part \u00e0 cet \u00e9gard. Les premi\u00e8res demandes pour 2018 ont d\u00e9j\u00e0 \u00e9t\u00e9 formul\u00e9es.<\/p>\n<h2>Sommet num\u00e9rique pour les PME en d\u00e9placement<\/h2>\n<p>D\u00e9sormais, le Digital Summit ON TOUR apporte \u00e9galement le savoir des experts dans les r\u00e9gions en se rendant dans plusieurs villes suisses. En automne 2017, les premiers cours Academy avec des experts num\u00e9riques de renom d\u00e9buteront d\u00e9j\u00e0 dans le b\u00e2timent MFO \u00e0 Oerlikon. L'objectif du Digital Summit pour les PME est toujours de soutenir les entreprises sur la voie de la num\u00e9risation par la transmission de connaissances et des conseils neutres et comp\u00e9tents sur place. Le lien avec SuisseEMEX, la plus grande expo suisse pour le marketing, l'\u00e9v\u00e9nementiel et la promotion num\u00e9riques, sera donc maintenu l'ann\u00e9e prochaine et compl\u00e9t\u00e9 par un congr\u00e8s de marketing.<\/p>\n<p>Les personnes int\u00e9ress\u00e9es trouveront de plus amples informations sur <a href=\"http:\/\/www.digital-summit-kmu.ch\">digital-summit-kmu.ch<\/a> et <a href=\"http:\/\/www.suisse-emex.ch\">suisse-emex.ch<\/a>.<\/p>","protected":false},"excerpt":{"rendered":"<p>Die \u00fcber 550 Teilnehmer des ersten Digital Summit f\u00fcr KMU gaben durchweg positives Feedback an die Initianten und Organisatoren, namentlich an\u00a0Ewa Ming, CEO Emex Management GmbH und Thomas Bergmann, Digital Head und Gr\u00fcnder von DIGIRATIS \u2013 Schweizer Netzwerk der Digitalen Elite. Nicht nur die Organisation des Events und das Ambiente, sondern vor allem die Qualit\u00e4t [&hellip;]<\/p>\n","protected":false},"author":4,"featured_media":2386,"comment_status":"open","ping_status":"open","sticky":false,"template":"","format":"standard","meta":{"_acf_changed":false,"_yoast_wpseo_focuskw":"Digital Summit","_yoast_wpseo_metadesc":"Die Premiere des Digital Summit f\u00fcr KMU, der am 29. & 30. August 2017 parallel zur SuisseEMEX in der Messe Z\u00fcrich stattfand, war ein Erfolg.","articlekey":"","footnotes":""},"categories":[1],"tags":[156,193,286,508],"class_list":["post-2385","post","type-post","status-publish","format-standard","has-post-thumbnail","hentry","category-allgemein","tag-digitalisierung","tag-fachkongressfachmesse","tag-it","tag-vermischtes"],"acf":[],"yoast_head":"<!-- This site is optimized with the Yoast SEO plugin v27.5 - https:\/\/yoast.com\/product\/yoast-seo-wordpress\/ -->\n<title>Erster Digital Summit f\u00fcr KMU: Erfolgreicher Startschuss - Organisator<\/title>\n<meta name=\"description\" content=\"Die Premiere des Digital Summit f\u00fcr KMU, der am 29. &amp; 30. August 2017 parallel zur SuisseEMEX in der Messe Z\u00fcrich stattfand, war ein Erfolg.\" \/>\n<meta name=\"robots\" content=\"index, follow, max-snippet:-1, max-image-preview:large, max-video-preview:-1\" \/>\n<link rel=\"canonical\" href=\"https:\/\/www.organisator.ch\/fr\/general\/2017-09-05\/erster-digital-summit-fuer-kmu-erfolgreicher-startschuss\/\" \/>\n<meta property=\"og:locale\" content=\"fr_FR\" \/>\n<meta property=\"og:type\" content=\"article\" \/>\n<meta property=\"og:title\" content=\"Erster Digital Summit f\u00fcr KMU: Erfolgreicher Startschuss\" \/>\n<meta property=\"og:description\" content=\"Die Premiere des Digital #Summit f\u00fcr KMU, der am 29. und 30. August 2017 parallel zur #SuisseEMEX in der Messe Z\u00fcrich stattfand, war ein Erfolg.\" \/>\n<meta property=\"og:url\" content=\"https:\/\/www.organisator.ch\/fr\/general\/2017-09-05\/erster-digital-summit-fuer-kmu-erfolgreicher-startschuss\/\" \/>\n<meta property=\"og:site_name\" content=\"Organisator\" \/>\n<meta property=\"article:publisher\" content=\"https:\/\/www.facebook.com\/OrganisatorFachmagazin\" \/>\n<meta property=\"article:published_time\" content=\"2017-09-05T06:15:25+00:00\" \/>\n<meta property=\"og:image\" content=\"https:\/\/www.organisator.ch\/wp-content\/uploads\/2017\/09\/Erster-Digital-Summit-fuer-KMU-Erfolgreicher-Startschuss_Organisator.jpg\" \/>\n\t<meta property=\"og:image:width\" content=\"640\" \/>\n\t<meta property=\"og:image:height\" content=\"427\" \/>\n\t<meta property=\"og:image:type\" content=\"image\/jpeg\" \/>\n<meta name=\"author\" content=\"thomas.berner\" \/>\n<meta name=\"twitter:card\" content=\"summary_large_image\" \/>\n<meta name=\"twitter:title\" content=\"Erster Digital Summit f\u00fcr KMU: Erfolgreicher Startschuss #DigitalSummitKMU\" \/>\n<meta name=\"twitter:description\" content=\"Die Premiere des Digital #Summit f\u00fcr KMU, der am 29. und 30. August 2017 parallel zur #SuisseEMEX in der Messe Z\u00fcrich stattfand, war ein Erfolg.\" \/>\n<meta name=\"twitter:image\" content=\"https:\/\/www.organisator.ch\/wp-content\/uploads\/2017\/09\/Erster-Digital-Summit-f\u00fcr-KMU-Erfolgreicher-Startschuss_Organisator.jpg\" \/>\n<script type=\"application\/ld+json\" class=\"yoast-schema-graph\">{\"@context\":\"https:\\\/\\\/schema.org\",\"@graph\":[{\"@type\":\"Article\",\"@id\":\"https:\\\/\\\/www.organisator.ch\\\/de\\\/allgemein\\\/2017-09-05\\\/erster-digital-summit-fuer-kmu-erfolgreicher-startschuss\\\/#article\",\"isPartOf\":{\"@id\":\"https:\\\/\\\/www.organisator.ch\\\/de\\\/allgemein\\\/2017-09-05\\\/erster-digital-summit-fuer-kmu-erfolgreicher-startschuss\\\/\"},\"author\":{\"name\":\"thomas.berner\",\"@id\":\"https:\\\/\\\/www.organisator.ch\\\/#\\\/schema\\\/person\\\/6f650f90b2842cd4c0cc334b4e36f67e\"},\"headline\":\"Erster Digital Summit f\u00fcr KMU: Erfolgreicher Startschuss\",\"datePublished\":\"2017-09-05T06:15:25+00:00\",\"mainEntityOfPage\":{\"@id\":\"https:\\\/\\\/www.organisator.ch\\\/de\\\/allgemein\\\/2017-09-05\\\/erster-digital-summit-fuer-kmu-erfolgreicher-startschuss\\\/\"},\"wordCount\":334,\"commentCount\":0,\"publisher\":{\"@id\":\"https:\\\/\\\/www.organisator.ch\\\/#organization\"},\"image\":{\"@id\":\"https:\\\/\\\/www.organisator.ch\\\/de\\\/allgemein\\\/2017-09-05\\\/erster-digital-summit-fuer-kmu-erfolgreicher-startschuss\\\/#primaryimage\"},\"thumbnailUrl\":\"https:\\\/\\\/www.organisator.ch\\\/wp-content\\\/uploads\\\/2017\\\/09\\\/Erster-Digital-Summit-fuer-KMU-Erfolgreicher-Startschuss_Organisator.jpg\",\"keywords\":[\"Digitalisierung\",\"Fachkongress\\\/Fachmesse\",\"IT\",\"Vermischtes\"],\"articleSection\":[\"Allgemein\"],\"inLanguage\":\"fr-FR\"},{\"@type\":\"WebPage\",\"@id\":\"https:\\\/\\\/www.organisator.ch\\\/de\\\/allgemein\\\/2017-09-05\\\/erster-digital-summit-fuer-kmu-erfolgreicher-startschuss\\\/\",\"url\":\"https:\\\/\\\/www.organisator.ch\\\/de\\\/allgemein\\\/2017-09-05\\\/erster-digital-summit-fuer-kmu-erfolgreicher-startschuss\\\/\",\"name\":\"Erster Digital Summit f\u00fcr KMU: Erfolgreicher Startschuss - Organisator\",\"isPartOf\":{\"@id\":\"https:\\\/\\\/www.organisator.ch\\\/#website\"},\"primaryImageOfPage\":{\"@id\":\"https:\\\/\\\/www.organisator.ch\\\/de\\\/allgemein\\\/2017-09-05\\\/erster-digital-summit-fuer-kmu-erfolgreicher-startschuss\\\/#primaryimage\"},\"image\":{\"@id\":\"https:\\\/\\\/www.organisator.ch\\\/de\\\/allgemein\\\/2017-09-05\\\/erster-digital-summit-fuer-kmu-erfolgreicher-startschuss\\\/#primaryimage\"},\"thumbnailUrl\":\"https:\\\/\\\/www.organisator.ch\\\/wp-content\\\/uploads\\\/2017\\\/09\\\/Erster-Digital-Summit-fuer-KMU-Erfolgreicher-Startschuss_Organisator.jpg\",\"datePublished\":\"2017-09-05T06:15:25+00:00\",\"description\":\"Die Premiere des Digital Summit f\u00fcr KMU, der am 29. & 30. August 2017 parallel zur SuisseEMEX in der Messe Z\u00fcrich stattfand, war ein Erfolg.\",\"breadcrumb\":{\"@id\":\"https:\\\/\\\/www.organisator.ch\\\/de\\\/allgemein\\\/2017-09-05\\\/erster-digital-summit-fuer-kmu-erfolgreicher-startschuss\\\/#breadcrumb\"},\"inLanguage\":\"fr-FR\",\"potentialAction\":[{\"@type\":\"ReadAction\",\"target\":[\"https:\\\/\\\/www.organisator.ch\\\/de\\\/allgemein\\\/2017-09-05\\\/erster-digital-summit-fuer-kmu-erfolgreicher-startschuss\\\/\"]}]},{\"@type\":\"ImageObject\",\"inLanguage\":\"fr-FR\",\"@id\":\"https:\\\/\\\/www.organisator.ch\\\/de\\\/allgemein\\\/2017-09-05\\\/erster-digital-summit-fuer-kmu-erfolgreicher-startschuss\\\/#primaryimage\",\"url\":\"https:\\\/\\\/www.organisator.ch\\\/wp-content\\\/uploads\\\/2017\\\/09\\\/Erster-Digital-Summit-fuer-KMU-Erfolgreicher-Startschuss_Organisator.jpg\",\"contentUrl\":\"https:\\\/\\\/www.organisator.ch\\\/wp-content\\\/uploads\\\/2017\\\/09\\\/Erster-Digital-Summit-fuer-KMU-Erfolgreicher-Startschuss_Organisator.jpg\",\"width\":640,\"height\":427,\"caption\":\"Rolf Schumann von SAP zeigte am Digital Summit f\u00fcr KMU einige konkrete Beispiele \\\"digitalisierter\\\" Produkte. (Bild: Pressedienst \\\/ zVg)\"},{\"@type\":\"BreadcrumbList\",\"@id\":\"https:\\\/\\\/www.organisator.ch\\\/de\\\/allgemein\\\/2017-09-05\\\/erster-digital-summit-fuer-kmu-erfolgreicher-startschuss\\\/#breadcrumb\",\"itemListElement\":[{\"@type\":\"ListItem\",\"position\":1,\"name\":\"Home\",\"item\":\"https:\\\/\\\/www.organisator.ch\\\/\"},{\"@type\":\"ListItem\",\"position\":2,\"name\":\"Erster Digital Summit f\u00fcr KMU: Erfolgreicher Startschuss\"}]},{\"@type\":\"WebSite\",\"@id\":\"https:\\\/\\\/www.organisator.ch\\\/#website\",\"url\":\"https:\\\/\\\/www.organisator.ch\\\/\",\"name\":\"Organisator\",\"description\":\"Kompetent. Praxisnah. Der ORGANISATOR bereitet in 10 Ausgaben pro Jahr die wesentlichen Themen f\u00fcr F\u00fchrungskr\u00e4fte von KMU auf.\",\"publisher\":{\"@id\":\"https:\\\/\\\/www.organisator.ch\\\/#organization\"},\"potentialAction\":[{\"@type\":\"SearchAction\",\"target\":{\"@type\":\"EntryPoint\",\"urlTemplate\":\"https:\\\/\\\/www.organisator.ch\\\/?s={search_term_string}\"},\"query-input\":{\"@type\":\"PropertyValueSpecification\",\"valueRequired\":true,\"valueName\":\"search_term_string\"}}],\"inLanguage\":\"fr-FR\"},{\"@type\":\"Organization\",\"@id\":\"https:\\\/\\\/www.organisator.ch\\\/#organization\",\"name\":\"Organisator\",\"url\":\"https:\\\/\\\/www.organisator.ch\\\/\",\"logo\":{\"@type\":\"ImageObject\",\"inLanguage\":\"fr-FR\",\"@id\":\"https:\\\/\\\/www.organisator.ch\\\/#\\\/schema\\\/logo\\\/image\\\/\",\"url\":\"https:\\\/\\\/www.organisator.ch\\\/wp-content\\\/uploads\\\/2022\\\/01\\\/Logo_Organisator_Website.png\",\"contentUrl\":\"https:\\\/\\\/www.organisator.ch\\\/wp-content\\\/uploads\\\/2022\\\/01\\\/Logo_Organisator_Website.png\",\"width\":800,\"height\":77,\"caption\":\"Organisator\"},\"image\":{\"@id\":\"https:\\\/\\\/www.organisator.ch\\\/#\\\/schema\\\/logo\\\/image\\\/\"},\"sameAs\":[\"https:\\\/\\\/www.facebook.com\\\/OrganisatorFachmagazin\",\"https:\\\/\\\/www.linkedin.com\\\/showcase\\\/organisator-das-magazin-fr-kmu\",\"https:\\\/\\\/www.xing.com\\\/news\\\/pages\\\/organisator-ch-695\",\"https:\\\/\\\/www.youtube.com\\\/channel\\\/UCGP2Sq0iWaZwT3BdIAQFYpw\"]},{\"@type\":\"Person\",\"@id\":\"https:\\\/\\\/www.organisator.ch\\\/#\\\/schema\\\/person\\\/6f650f90b2842cd4c0cc334b4e36f67e\",\"name\":\"thomas.berner\",\"image\":{\"@type\":\"ImageObject\",\"inLanguage\":\"fr-FR\",\"@id\":\"https:\\\/\\\/secure.gravatar.com\\\/avatar\\\/ac5001d2a36cb6c6cd3e50789007ffca834b477b74a2144564522e944eabff61?s=96&d=mm&r=g\",\"url\":\"https:\\\/\\\/secure.gravatar.com\\\/avatar\\\/ac5001d2a36cb6c6cd3e50789007ffca834b477b74a2144564522e944eabff61?s=96&d=mm&r=g\",\"contentUrl\":\"https:\\\/\\\/secure.gravatar.com\\\/avatar\\\/ac5001d2a36cb6c6cd3e50789007ffca834b477b74a2144564522e944eabff61?s=96&d=mm&r=g\",\"caption\":\"thomas.berner\"},\"url\":\"https:\\\/\\\/www.organisator.ch\\\/fr\\\/author\\\/thomas-berner\\\/\"}]}<\/script>\n<!-- \/ Yoast SEO plugin. -->","yoast_head_json":{"title":"Premier Sommet num\u00e9rique pour les PME : un lancement r\u00e9ussi - Organisateur","description":"La premi\u00e8re \u00e9dition du Digital Summit pour les PME, qui s'est tenue les 29 &amp; 30 ao\u00fbt 2017 en parall\u00e8le de SuisseEMEX \u00e0 Messe Z\u00fcrich, a \u00e9t\u00e9 un succ\u00e8s.","robots":{"index":"index","follow":"follow","max-snippet":"max-snippet:-1","max-image-preview":"max-image-preview:large","max-video-preview":"max-video-preview:-1"},"canonical":"https:\/\/www.organisator.ch\/fr\/general\/2017-09-05\/erster-digital-summit-fuer-kmu-erfolgreicher-startschuss\/","og_locale":"fr_FR","og_type":"article","og_title":"Erster Digital Summit f\u00fcr KMU: Erfolgreicher Startschuss","og_description":"Die Premiere des Digital #Summit f\u00fcr KMU, der am 29. und 30. August 2017 parallel zur #SuisseEMEX in der Messe Z\u00fcrich stattfand, war ein Erfolg.","og_url":"https:\/\/www.organisator.ch\/fr\/general\/2017-09-05\/erster-digital-summit-fuer-kmu-erfolgreicher-startschuss\/","og_site_name":"Organisator","article_publisher":"https:\/\/www.facebook.com\/OrganisatorFachmagazin","article_published_time":"2017-09-05T06:15:25+00:00","og_image":[{"width":640,"height":427,"url":"https:\/\/www.organisator.ch\/wp-content\/uploads\/2017\/09\/Erster-Digital-Summit-fuer-KMU-Erfolgreicher-Startschuss_Organisator.jpg","type":"image\/jpeg"}],"author":"thomas.berner","twitter_card":"summary_large_image","twitter_title":"Erster Digital Summit f\u00fcr KMU: Erfolgreicher Startschuss #DigitalSummitKMU","twitter_description":"Die Premiere des Digital #Summit f\u00fcr KMU, der am 29. und 30. August 2017 parallel zur #SuisseEMEX in der Messe Z\u00fcrich stattfand, war ein Erfolg.","twitter_image":"https:\/\/www.organisator.ch\/wp-content\/uploads\/2017\/09\/Erster-Digital-Summit-f\u00fcr-KMU-Erfolgreicher-Startschuss_Organisator.jpg","schema":{"@context":"https:\/\/schema.org","@graph":[{"@type":"Article","@id":"https:\/\/www.organisator.ch\/de\/allgemein\/2017-09-05\/erster-digital-summit-fuer-kmu-erfolgreicher-startschuss\/#article","isPartOf":{"@id":"https:\/\/www.organisator.ch\/de\/allgemein\/2017-09-05\/erster-digital-summit-fuer-kmu-erfolgreicher-startschuss\/"},"author":{"name":"thomas.berner","@id":"https:\/\/www.organisator.ch\/#\/schema\/person\/6f650f90b2842cd4c0cc334b4e36f67e"},"headline":"Erster Digital Summit f\u00fcr KMU: Erfolgreicher Startschuss","datePublished":"2017-09-05T06:15:25+00:00","mainEntityOfPage":{"@id":"https:\/\/www.organisator.ch\/de\/allgemein\/2017-09-05\/erster-digital-summit-fuer-kmu-erfolgreicher-startschuss\/"},"wordCount":334,"commentCount":0,"publisher":{"@id":"https:\/\/www.organisator.ch\/#organization"},"image":{"@id":"https:\/\/www.organisator.ch\/de\/allgemein\/2017-09-05\/erster-digital-summit-fuer-kmu-erfolgreicher-startschuss\/#primaryimage"},"thumbnailUrl":"https:\/\/www.organisator.ch\/wp-content\/uploads\/2017\/09\/Erster-Digital-Summit-fuer-KMU-Erfolgreicher-Startschuss_Organisator.jpg","keywords":["Digitalisierung","Fachkongress\/Fachmesse","IT","Vermischtes"],"articleSection":["Allgemein"],"inLanguage":"fr-FR"},{"@type":"WebPage","@id":"https:\/\/www.organisator.ch\/de\/allgemein\/2017-09-05\/erster-digital-summit-fuer-kmu-erfolgreicher-startschuss\/","url":"https:\/\/www.organisator.ch\/de\/allgemein\/2017-09-05\/erster-digital-summit-fuer-kmu-erfolgreicher-startschuss\/","name":"Premier Sommet num\u00e9rique pour les PME : un lancement r\u00e9ussi - Organisateur","isPartOf":{"@id":"https:\/\/www.organisator.ch\/#website"},"primaryImageOfPage":{"@id":"https:\/\/www.organisator.ch\/de\/allgemein\/2017-09-05\/erster-digital-summit-fuer-kmu-erfolgreicher-startschuss\/#primaryimage"},"image":{"@id":"https:\/\/www.organisator.ch\/de\/allgemein\/2017-09-05\/erster-digital-summit-fuer-kmu-erfolgreicher-startschuss\/#primaryimage"},"thumbnailUrl":"https:\/\/www.organisator.ch\/wp-content\/uploads\/2017\/09\/Erster-Digital-Summit-fuer-KMU-Erfolgreicher-Startschuss_Organisator.jpg","datePublished":"2017-09-05T06:15:25+00:00","description":"La premi\u00e8re \u00e9dition du Digital Summit pour les PME, qui s'est tenue les 29 &amp; 30 ao\u00fbt 2017 en parall\u00e8le de SuisseEMEX \u00e0 Messe Z\u00fcrich, a \u00e9t\u00e9 un succ\u00e8s.","breadcrumb":{"@id":"https:\/\/www.organisator.ch\/de\/allgemein\/2017-09-05\/erster-digital-summit-fuer-kmu-erfolgreicher-startschuss\/#breadcrumb"},"inLanguage":"fr-FR","potentialAction":[{"@type":"ReadAction","target":["https:\/\/www.organisator.ch\/de\/allgemein\/2017-09-05\/erster-digital-summit-fuer-kmu-erfolgreicher-startschuss\/"]}]},{"@type":"ImageObject","inLanguage":"fr-FR","@id":"https:\/\/www.organisator.ch\/de\/allgemein\/2017-09-05\/erster-digital-summit-fuer-kmu-erfolgreicher-startschuss\/#primaryimage","url":"https:\/\/www.organisator.ch\/wp-content\/uploads\/2017\/09\/Erster-Digital-Summit-fuer-KMU-Erfolgreicher-Startschuss_Organisator.jpg","contentUrl":"https:\/\/www.organisator.ch\/wp-content\/uploads\/2017\/09\/Erster-Digital-Summit-fuer-KMU-Erfolgreicher-Startschuss_Organisator.jpg","width":640,"height":427,"caption":"Rolf Schumann von SAP zeigte am Digital Summit f\u00fcr KMU einige konkrete Beispiele \"digitalisierter\" Produkte. (Bild: Pressedienst \/ zVg)"},{"@type":"BreadcrumbList","@id":"https:\/\/www.organisator.ch\/de\/allgemein\/2017-09-05\/erster-digital-summit-fuer-kmu-erfolgreicher-startschuss\/#breadcrumb","itemListElement":[{"@type":"ListItem","position":1,"name":"Home","item":"https:\/\/www.organisator.ch\/"},{"@type":"ListItem","position":2,"name":"Erster Digital Summit f\u00fcr KMU: Erfolgreicher Startschuss"}]},{"@type":"WebSite","@id":"https:\/\/www.organisator.ch\/#website","url":"https:\/\/www.organisator.ch\/","name":"Organisateur","description":"Comp\u00e9tence et comp\u00e9tence. Proches de la pratique. L'ORGANISATEUR pr\u00e9pare 10 num\u00e9ros par an sur les th\u00e8mes essentiels pour les dirigeants de PME.","publisher":{"@id":"https:\/\/www.organisator.ch\/#organization"},"potentialAction":[{"@type":"SearchAction","target":{"@type":"EntryPoint","urlTemplate":"https:\/\/www.organisator.ch\/?s={search_term_string}"},"query-input":{"@type":"PropertyValueSpecification","valueRequired":true,"valueName":"search_term_string"}}],"inLanguage":"fr-FR"},{"@type":"Organization","@id":"https:\/\/www.organisator.ch\/#organization","name":"Organisateur","url":"https:\/\/www.organisator.ch\/","logo":{"@type":"ImageObject","inLanguage":"fr-FR","@id":"https:\/\/www.organisator.ch\/#\/schema\/logo\/image\/","url":"https:\/\/www.organisator.ch\/wp-content\/uploads\/2022\/01\/Logo_Organisator_Website.png","contentUrl":"https:\/\/www.organisator.ch\/wp-content\/uploads\/2022\/01\/Logo_Organisator_Website.png","width":800,"height":77,"caption":"Organisator"},"image":{"@id":"https:\/\/www.organisator.ch\/#\/schema\/logo\/image\/"},"sameAs":["https:\/\/www.facebook.com\/OrganisatorFachmagazin","https:\/\/www.linkedin.com\/showcase\/organisator-das-magazin-fr-kmu","https:\/\/www.xing.com\/news\/pages\/organisator-ch-695","https:\/\/www.youtube.com\/channel\/UCGP2Sq0iWaZwT3BdIAQFYpw"]},{"@type":"Person","@id":"https:\/\/www.organisator.ch\/#\/schema\/person\/6f650f90b2842cd4c0cc334b4e36f67e","name":"thomas.berner","image":{"@type":"ImageObject","inLanguage":"fr-FR","@id":"https:\/\/secure.gravatar.com\/avatar\/ac5001d2a36cb6c6cd3e50789007ffca834b477b74a2144564522e944eabff61?s=96&d=mm&r=g","url":"https:\/\/secure.gravatar.com\/avatar\/ac5001d2a36cb6c6cd3e50789007ffca834b477b74a2144564522e944eabff61?s=96&d=mm&r=g","contentUrl":"https:\/\/secure.gravatar.com\/avatar\/ac5001d2a36cb6c6cd3e50789007ffca834b477b74a2144564522e944eabff61?s=96&d=mm&r=g","caption":"thomas.berner"},"url":"https:\/\/www.organisator.ch\/fr\/author\/thomas-berner\/"}]}},"_links":{"self":[{"href":"https:\/\/www.organisator.ch\/fr\/wp-json\/wp\/v2\/posts\/2385","targetHints":{"allow":["GET"]}}],"collection":[{"href":"https:\/\/www.organisator.ch\/fr\/wp-json\/wp\/v2\/posts"}],"about":[{"href":"https:\/\/www.organisator.ch\/fr\/wp-json\/wp\/v2\/types\/post"}],"author":[{"embeddable":true,"href":"https:\/\/www.organisator.ch\/fr\/wp-json\/wp\/v2\/users\/4"}],"replies":[{"embeddable":true,"href":"https:\/\/www.organisator.ch\/fr\/wp-json\/wp\/v2\/comments?post=2385"}],"version-history":[{"count":0,"href":"https:\/\/www.organisator.ch\/fr\/wp-json\/wp\/v2\/posts\/2385\/revisions"}],"wp:featuredmedia":[{"embeddable":true,"href":"https:\/\/www.organisator.ch\/fr\/wp-json\/wp\/v2\/media\/2386"}],"wp:attachment":[{"href":"https:\/\/www.organisator.ch\/fr\/wp-json\/wp\/v2\/media?parent=2385"}],"wp:term":[{"taxonomy":"category","embeddable":true,"href":"https:\/\/www.organisator.ch\/fr\/wp-json\/wp\/v2\/categories?post=2385"},{"taxonomy":"post_tag","embeddable":true,"href":"https:\/\/www.organisator.ch\/fr\/wp-json\/wp\/v2\/tags?post=2385"}],"curies":[{"name":"wp","href":"https:\/\/api.w.org\/{rel}","templated":true}]}}