{"id":23874,"date":"2023-12-13T10:55:06","date_gmt":"2023-12-13T09:55:06","guid":{"rendered":"https:\/\/www.organisator.ch\/?p=23874"},"modified":"2023-12-20T07:52:11","modified_gmt":"2023-12-20T06:52:11","slug":"ordnung-power-und-etwas-zug-in-der-hoehle-der-loewen-folge-6-5","status":"publish","type":"post","link":"https:\/\/www.organisator.ch\/fr\/management\/2023-12-13\/ordnung-power-und-etwas-zug-in-der-hoehle-der-loewen-folge-6-5\/","title":{"rendered":"De l'ordre, de la puissance et un peu de traction dans la \"grotte des lions\", \u00e9pisode 6\/5"},"content":{"rendered":"<figure id=\"attachment_23876\" aria-describedby=\"caption-attachment-23876\" style=\"width: 680px\" class=\"wp-caption alignnone\"><img loading=\"lazy\" decoding=\"async\" class=\"size-full wp-image-23876\" src=\"https:\/\/www.organisator.ch\/wp-content\/uploads\/2023\/12\/\u00a9CH-Media_HDL5_Folge-6_Bild1_ps.jpg\" alt=\"\" width=\"680\" height=\"383\" srcset=\"https:\/\/www.organisator.ch\/wp-content\/uploads\/2023\/12\/\u00a9CH-Media_HDL5_Folge-6_Bild1_ps.jpg 680w, https:\/\/www.organisator.ch\/wp-content\/uploads\/2023\/12\/\u00a9CH-Media_HDL5_Folge-6_Bild1_ps-18x10.jpg 18w, https:\/\/www.organisator.ch\/wp-content\/uploads\/2023\/12\/\u00a9CH-Media_HDL5_Folge-6_Bild1_ps-375x211.jpg 375w, https:\/\/www.organisator.ch\/wp-content\/uploads\/2023\/12\/\u00a9CH-Media_HDL5_Folge-6_Bild1_ps-621x350.jpg 621w\" sizes=\"auto, (max-width: 680px) 100vw, 680px\" \/><figcaption id=\"caption-attachment-23876\" class=\"wp-caption-text\">Kira F\u00e4ssler pr\u00e9sente Kiani, des v\u00eatements de sport durables pour toi et moi. (Image : CH Media)<\/figcaption><\/figure>\n<p><strong>\"KIANI - V\u00eatements de sport durables\"<\/strong> - La marque de sport saint-galloise Kiani, fond\u00e9e par Kira F\u00e4ssler, se consid\u00e8re comme une pionni\u00e8re en mati\u00e8re de v\u00eatements de sport durables. Avec la devise \"Des v\u00eatements de sport durables pour toi et moi\", Kiani se concentre sur le d\u00e9veloppement et la fabrication de basiques sportifs qui sont \u00e0 la fois \u00e9cologiques et \u00e0 la mode. Ces produits sont fabriqu\u00e9s en Europe \u00e0 partir de plastique recycl\u00e9 et de mat\u00e9riaux biod\u00e9gradables, ce qui r\u00e9duit consid\u00e9rablement leur empreinte \u00e9cologique.<\/p>\n<p>La fondatrice de Kiani a lanc\u00e9 cette marque alors qu'elle \u00e9tait en train d'obtenir son master tout en travaillant \u00e0 plein temps. Sa vision pour Kiani est n\u00e9e d'une question personnelle : pourquoi les v\u00eatements de sport ne peuvent-ils pas \u00eatre durables ? Sans exp\u00e9rience pr\u00e9alable dans le secteur des v\u00eatements de sport, elle a commenc\u00e9 \u00e0 cr\u00e9er ses propres designs et \u00e0 se former au recyclage et aux mat\u00e9riaux durables. Les produits de Kiani, qui ont jusqu'\u00e0 90% d'impact en moins sur le r\u00e9chauffement climatique par rapport aux produits traditionnels, t\u00e9moignent de l'engagement de Kira en faveur de la durabilit\u00e9. Les mat\u00e9riaux utilis\u00e9s proviennent de d\u00e9chets plastiques collect\u00e9s, fondus et transform\u00e9s, issus de la mer, des productions industrielles et des m\u00e9nages.<\/p>\n<p>L'assortiment de Kiani, qui comprend des tailles allant du XS au XXL, doit \u00eatre accessible \u00e0 tous. La collection renonce volontairement aux imprim\u00e9s et aux motifs afin de proposer des pi\u00e8ces intemporelles et toujours combinables. Les leggings et les t-shirts font partie des meilleures ventes actuelles, les leggings \u00e9tant produits \u00e0 23,95 francs et vendus \u00e0 89 francs. Malgr\u00e9 les d\u00e9fis rencontr\u00e9s lors de la phase initiale, o\u00f9 Kira g\u00e9rait tout depuis son domicile, Kiani a r\u00e9alis\u00e9 un chiffre d'affaires consid\u00e9rable depuis son lancement en \u00e9t\u00e9 2021. Au cours des huit premiers mois, le chiffre d'affaires s'est \u00e9lev\u00e9 \u00e0 20 000 francs, sans investissements majeurs dans le marketing. Apr\u00e8s avoir r\u00e9investi les b\u00e9n\u00e9fices dans le d\u00e9veloppement de produits et la production de contenus, le chiffre d'affaires total est pass\u00e9 \u00e0 30 000 francs.<\/p>\n<p>A la recherche d'un soutien financier suppl\u00e9mentaire et de savoir-faire, Kira a maintenant pr\u00e9sent\u00e9 son entreprise aux investisseurs dans la \"H\u00f6hle der L\u00f6wen Schweiz\". Elle a propos\u00e9 12,5% des parts de l'entreprise pour 60.000 francs, afin de permettre \u00e0 Kiani de poursuivre son expansion et de mettre en place un marketing professionnel. Bettina Hein et Nicole B\u00fcttner ont \u00e9t\u00e9 impressionn\u00e9es par l'engagement et la vision de Kira, en particulier en ce qui concerne les besoins des femmes dans l'industrie de la mode, et lui ont propos\u00e9 60.000 francs pour 20% des parts de l'entreprise. Kira a accept\u00e9 cette offre dans l'espoir de pouvoir continuer \u00e0 faire grandir Kiani avec des partenaires solides \u00e0 ses c\u00f4t\u00e9s. Selon elle, Kiani n'est donc pas seulement synonyme de durabilit\u00e9 et d'\u00e9quit\u00e9, mais aussi de la conviction que la mode devrait \u00eatre accessible \u00e0 tous. Gr\u00e2ce \u00e0 ce nouvel investissement et \u00e0 ce soutien, Kira se rapproche de son r\u00eave de pouvoir un jour vivre enti\u00e8rement de Kiani et d'\u00e9tablir sa marque comme une option durable, intemporelle et accessible \u00e0 tous sur le march\u00e9 des v\u00eatements de sport.<\/p>\n<p><strong>\"storabble - Plateforme pour l'espace de stockage\" - <\/strong>Storabble est n\u00e9 de l'id\u00e9e de r\u00e9volutionner le concept d'espace de stockage. Les fondateurs, Alessio Sposato, Oliver Meyer, Jan Enderli et David Frehner, ont pris conscience de la demande croissante d'espace de stockage, stimul\u00e9e par l'urbanisation, la soci\u00e9t\u00e9 de consommation et la croissance d\u00e9mographique. Leur solution : une plate-forme centrale pour la mise \u00e0 disposition d'espaces de stockage en Suisse. L'id\u00e9e de storabble est n\u00e9e pendant leurs \u00e9tudes \u00e0 plein temps. Con\u00e7us \u00e0 l'origine comme une plateforme de partage d'espace de stockage, ils ont rapidement constat\u00e9 que diverses solutions existaient d\u00e9j\u00e0 sur le march\u00e9, mais qu'elles \u00e9taient dispers\u00e9es et peu claires. La solution consistait \u00e0 regrouper ces offres sur une seule plateforme. Depuis qu'elle s'est concentr\u00e9e sur les solutions de stockage existantes d\u00e9but 2023, storabble a fait des progr\u00e8s consid\u00e9rables et propose d\u00e9sormais 30% de tous les box de self-stockage en Suisse. La plateforme s'adresse aussi bien aux particuliers qu'aux PME et leur permet de comparer diff\u00e9rentes solutions de stockage et de r\u00e9server l'espace de stockage qui leur convient. Pour les fournisseurs d'espaces de stockage, storabble est un moyen attrayant d'atteindre directement leur groupe cible. Ils paient une redevance mensuelle pour l'insertion d'annonces et des frais de mise en relation.<\/p>\n<p>La jeune entreprise a des objectifs ambitieux. D'ici fin 2023, ils visent \u00e0 s'\u00e9tablir en Suisse et \u00e0 r\u00e9aliser un chiffre d'affaires de 480.000 francs. La vision \u00e0 long terme comprend l'expansion dans toute la r\u00e9gion DACH avec un chiffre d'affaires vis\u00e9 de 2,5 millions de francs d'ici fin 2024. Les fondateurs avaient-ils ainsi suffisamment de nouveaut\u00e9s en r\u00e9serve ou pas ? Lors de la recherche d'investissements, les fondateurs ont pr\u00e9sent\u00e9 leur concept commercial et recherch\u00e9 un investissement de 200 000 francs en \u00e9change de 10% des parts de l'entreprise. Apr\u00e8s une discussion intensive avec et aussi entre les investisseurs potentiels Lukas Speiser et Roland Brack, Speiser a d\u00e9cid\u00e9 de ne pas investir, car il estimait que le march\u00e9 suisse \u00e9tait trop petit et n'\u00e9tait pas s\u00fbr que le concept aurait \u00e9galement du succ\u00e8s en Allemagne. En revanche, Roland Brack a vu le potentiel de storabble et des jeunes entrepreneurs et a propos\u00e9 200 000 francs pour 12% des parts de l'entreprise, une offre que les fondateurs ont accept\u00e9e avec joie. Cet investissement marque une \u00e9tape importante pour storabble, qui se r\u00e9jouit de pouvoir concr\u00e9tiser sa vision d'une plate-forme centrale, efficace et conviviale pour les solutions de stockage en Suisse et au-del\u00e0, ont conclu les quatre heureux fondateurs.<\/p>\n<p><strong>\"skimover.ch - Moyen de transport pour les skis\" - - <\/strong>Skimover.ch, un moyen de transport de skis innovant de Rheinau, fond\u00e9 par J\u00f6rg et Franziska Mostert, r\u00e9volutionne le transport de l'\u00e9quipement de ski. J\u00f6rg Mostert, inventeur et d\u00e9veloppeur du produit, a trouv\u00e9 une solution au probl\u00e8me fr\u00e9quent du transport fastidieux de l'\u00e9quipement de ski. skimover facilite consid\u00e9rablement le transport de l'\u00e9quipement des skieurs, notamment lorsqu'ils utilisent les transports publics. \"Avec les transports publics devant la porte, directement au domaine skiable\", c'est avec ce slogan que skimover a voulu convaincre.<\/p>\n<p>L'entreprise propose trois mod\u00e8les : Speed, Easy et Traveller. Les mod\u00e8les Speed et Easy sont petits et maniables, con\u00e7us pour que les skieurs puissent facilement rouler leurs skis. Ces mod\u00e8les sont si compacts qu'ils peuvent \u00eatre port\u00e9s dans une poche de veste pendant la pratique du ski. Le mod\u00e8le Traveller, quant \u00e0 lui, est sp\u00e9cialement con\u00e7u pour le transport dans les transports en commun, o\u00f9 les skis peuvent rester debout.<\/p>\n<p>Depuis sa cr\u00e9ation en septembre 2019, skimover a fait quelques progr\u00e8s. En 11 mois, de la premi\u00e8re id\u00e9e \u00e0 la premi\u00e8re s\u00e9rie de pi\u00e8ces finies, skimover a d\u00e9j\u00e0 vendu plus de 2 300 unit\u00e9s et r\u00e9alis\u00e9 un chiffre d'affaires de plus de 130 000 francs. Ces succ\u00e8s se refl\u00e8tent \u00e9galement dans la reconnaissance que le produit a re\u00e7ue lors d'une pr\u00e9sentation \u00e0 Lyon. Les prix des mod\u00e8les skimover varient : Le petit mod\u00e8le co\u00fbte 69 francs, le moyen 79 francs et le grand mod\u00e8le entre 119 et 159 francs. Les trottinettes skimover sont magn\u00e9tiques, ce qui facilite leur utilisation.<\/p>\n<p>L'objectif de skimover a toujours \u00e9t\u00e9 de rendre quelque chose de simple encore meilleur. Jusqu'\u00e0 pr\u00e9sent, la promotion du produit s'est faite avec un petit budget marketing. En cherchant des investisseurs, concr\u00e8tement 100.000 francs pour 10% des parts de l'entreprise, les Mostert visent \u00e0 \u00e9largir leurs activit\u00e9s de marketing et \u00e0 acc\u00e9l\u00e9rer la croissance de l'entreprise, notamment sur le march\u00e9 europ\u00e9en. Malgr\u00e9 l'int\u00e9r\u00eat de certains investisseurs, comme Nicole B\u00fcttner, qui trouvait le produit impressionnant mais jugeait le march\u00e9 trop petit, et Roland Brack, qui a refus\u00e9 d'\u00eatre investisseur mais a propos\u00e9 un canal de distribution via Brack.ch, aucun accord d'investissement n'a \u00e9t\u00e9 conclu. Les Mostert ont cependant accept\u00e9 l'offre de Roland Brack et se sont r\u00e9jouis de ce nouveau canal de distribution. skimover.ch se trouve donc \u00e0 un moment crucial, pr\u00eat \u00e0 r\u00e9volutionner le ski en simplifiant le transport de l'\u00e9quipement tout en d\u00e9veloppant sa pr\u00e9sence sur le march\u00e9, notamment en Europe.<\/p>\n<p><strong>\"SimpleTrain - Plate-forme de r\u00e9servation pour les voyages en train internationaux\" - - <\/strong>SimpleTrain, une plateforme de r\u00e9servation pour les voyages en train internationaux, fond\u00e9e par Marius Portmann et Saskia Bilang \u00e0 Wallisellen, vise \u00e0 simplifier les voyages en train et \u00e0 les rendre plus accessibles. Sous la devise \"Le plus malin voyage en train\", les fondateurs veulent notamment faciliter la r\u00e9servation de billets de train internationaux de la Suisse vers l'\u00e9tranger. La plateforme de SimpleTrain doit permettre de commander des billets de train dans n'importe quelle gare d'Europe. La particularit\u00e9 de SimpleTrain serait sa capacit\u00e9 \u00e0 r\u00e9server des voyages compliqu\u00e9s, comme ceux avec des v\u00e9los ou des chiens, ce qui n'est souvent pas possible en ligne. Au cours des deux derni\u00e8res ann\u00e9es, la plateforme a r\u00e9serv\u00e9 plus de 5000 voyages dans 40 pays diff\u00e9rents en Europe, en Afrique et en Asie, ce qui souligne le besoin \u00e9vident d'un tel service, comme l'ont expliqu\u00e9 les deux fondateurs.<\/p>\n<p>SimpleTrain offre une solution conviviale : la r\u00e9servation se fait via un smartphone ou Internet, en affichant diff\u00e9rentes liaisons et en choisissant la variante la plus adapt\u00e9e. Un avantage suppl\u00e9mentaire est la fonction de chat sur la plate-forme, qui permet d'obtenir des conseils personnalis\u00e9s et des offres individuelles. Une fois la r\u00e9servation effectu\u00e9e, les billets sont envoy\u00e9s sous forme num\u00e9rique.<\/p>\n<p>Les fondateurs ont jusqu'\u00e0 pr\u00e9sent cr\u00e9\u00e9 leur plateforme avec leur propre financement et sont maintenant \u00e0 la recherche de moyens financiers suppl\u00e9mentaires. Ils proposent \u00e0 10% des parts de soci\u00e9t\u00e9 pour 300 000 francs. Le mod\u00e8le d'affaires est bas\u00e9 sur des commissions vers\u00e9es par les chemins de fer partenaires et des frais de traitement pour les clients. En 2022, SimpleTrain a r\u00e9alis\u00e9 un chiffre d'affaires de 1,3 million de francs, les frais de traitement s'\u00e9levant \u00e0 environ 105.000 francs, ce qui repr\u00e9sente environ 8% par r\u00e9servation. L'objectif principal de SimpleTrain est de poursuivre l'automatisation de la plateforme. Les fondateurs ont d\u00e9j\u00e0 connect\u00e9 cinq compagnies ferroviaires importantes, dont les CFF, \u00d6BB, DB, Trenitalia et les chemins de fer fran\u00e7ais. Malgr\u00e9 les d\u00e9fis de l'\u00e9volutivit\u00e9 et de l'automatisation, notamment dans les pays qui ne sont eux-m\u00eames pas encore automatis\u00e9s, SimpleTrain reste optimiste et pr\u00e9voit d'aller de l'avant avec la poursuite du d\u00e9veloppement et de l'automatisation.<\/p>\n<p>Malheureusement, aucun accord n'a \u00e9t\u00e9 conclu dans la \"Grotte des Lions Suisse\" et le voyage de SimpleTrain se poursuit sans les lions et les lionnes. La nouveaut\u00e9 fondamentale de cette plate-forme a notamment fait d\u00e9faut - certains lions ont fait r\u00e9f\u00e9rence \u00e0 d'autres plates-formes d\u00e9j\u00e0 existantes. La valorisation de l'entreprise, qui s'\u00e9l\u00e8ve \u00e0 3 millions de francs, a \u00e9galement \u00e9t\u00e9 cit\u00e9e comme raison de ne pas vouloir investir. L'entreprise se trouve cependant \u00e0 un point prometteur pour rendre les voyages en train plus simples et plus accessibles, ce qui repr\u00e9sente une option attrayante, notamment pour les voyageurs soucieux de l'environnement.<\/p>\n<p><strong>\"kaffiabo - abonnement au caf\u00e9\" - <\/strong>Kaffiabo, fond\u00e9e en 2021 par Claudio Sousa et Yanapi Senaud \u00e0 Stein, est une start-up d'abonnement au caf\u00e9 d\u00e9di\u00e9e \u00e0 la diversit\u00e9 et \u00e0 la qualit\u00e9 du caf\u00e9. Avec leur ami et cofondateur Justin, barista exp\u00e9riment\u00e9 et expert en commerce en ligne originaire d'Afrique du Sud, les trois jeunes entrepreneurs ont d\u00e9velopp\u00e9 un mod\u00e8le commercial unique qui a d\u00e9j\u00e0 trouv\u00e9 un \u00e9cho en Suisse.<\/p>\n<p>Roland Brack ne peut rien faire avec le caf\u00e9, Felix Bertram ne peut rien faire sans caf\u00e9 - mais les lions peuvent-ils faire quelque chose avec cette id\u00e9e d'abonnement ? Eh bien, c'est le cas : Le concept de kaffiabo repose sur la livraison mensuelle de caf\u00e9, soigneusement s\u00e9lectionn\u00e9 par des experts. Les clients peuvent indiquer sur le site web leur caf\u00e9 pr\u00e9f\u00e9r\u00e9 et la quantit\u00e9 souhait\u00e9e. Gr\u00e2ce au mod\u00e8le d'abonnement, kaffiabo garantit que les grains de caf\u00e9 arrivent toujours fra\u00eechement torr\u00e9fi\u00e9s chez les clients. En novembre 2021, l'entreprise avait d\u00e9j\u00e0 r\u00e9alis\u00e9 un chiffre d'affaires de plus de 25 000 francs et livrait plus de 60 foyers.<\/p>\n<p>L'accent de kaffiabo n'est pas seulement mis sur la vente de caf\u00e9, mais aussi sur la transmission des connaissances et des histoires qui se cachent derri\u00e8re cette boisson. Les fondateurs sont motiv\u00e9s pour accro\u00eetre la sensibilisation au caf\u00e9 en Suisse et peut-\u00eatre bient\u00f4t dans toute l'Europe. Ils proposent diff\u00e9rentes options d'abonnement, dont des abonnements d'un, six ou douze mois, avec des prix qui varient en fonction du type de caf\u00e9. kaffiabo s'est mis en r\u00e9seau avec plus de 25 torr\u00e9facteurs et accorde une grande importance \u00e0 la durabilit\u00e9, tant dans sa propre entreprise que chez les torr\u00e9facteurs aupr\u00e8s desquels il s'approvisionne en caf\u00e9. L'entreprise se distingue par deux caract\u00e9ristiques principales : la garantie de fra\u00eecheur et le solide r\u00e9seau de torr\u00e9facteurs.<\/p>\n<p>A la recherche d'autres investissements, Sousa et Senaud ont pr\u00e9sent\u00e9 leur entreprise dans la grotte des lions. Ils ont propos\u00e9 18% des parts de l'entreprise pour 50 000 francs. Felix Bertram s'est montr\u00e9 int\u00e9ress\u00e9 par l'entreprise et pensait qu'avec la bonne approche, notamment gr\u00e2ce au storytelling et \u00e0 l'engagement \u00e9motionnel des clients, le mod\u00e8le commercial pourrait \u00eatre couronn\u00e9 de succ\u00e8s. Il a fait une offre de 50 000 francs, mais pour 25% de parts de l'entreprise. Apr\u00e8s quelques n\u00e9gociations, Felix Bertram et kaffiabo se sont mis d'accord sur 50 000 francs pour 20% des parts de l'entreprise. Avec ce nouveau partenariat et ce capital suppl\u00e9mentaire, kaffiabo pr\u00e9voit d'investir principalement dans le marketing afin d'\u00e9largir sa port\u00e9e et d'atteindre son objectif de croissance en tant qu'entreprise et de se consacrer enti\u00e8rement \u00e0 son r\u00eave. Cet accord marque une \u00e9tape importante pour kaffiabo, qui souhaite s'\u00e9tablir dans un cr\u00e9neau en pleine croissance et propager son amour du caf\u00e9 en Suisse et au-del\u00e0.<\/p>\n<figure id=\"attachment_23877\" aria-describedby=\"caption-attachment-23877\" style=\"width: 680px\" class=\"wp-caption alignnone\"><img loading=\"lazy\" decoding=\"async\" class=\"size-full wp-image-23877\" src=\"https:\/\/www.organisator.ch\/wp-content\/uploads\/2023\/12\/\u00a9CH-Media_HDL5_Folge-6_Bild2_ps.jpg\" alt=\"\" width=\"680\" height=\"383\" srcset=\"https:\/\/www.organisator.ch\/wp-content\/uploads\/2023\/12\/\u00a9CH-Media_HDL5_Folge-6_Bild2_ps.jpg 680w, https:\/\/www.organisator.ch\/wp-content\/uploads\/2023\/12\/\u00a9CH-Media_HDL5_Folge-6_Bild2_ps-18x10.jpg 18w, https:\/\/www.organisator.ch\/wp-content\/uploads\/2023\/12\/\u00a9CH-Media_HDL5_Folge-6_Bild2_ps-375x211.jpg 375w, https:\/\/www.organisator.ch\/wp-content\/uploads\/2023\/12\/\u00a9CH-Media_HDL5_Folge-6_Bild2_ps-621x350.jpg 621w\" sizes=\"auto, (max-width: 680px) 100vw, 680px\" \/><figcaption id=\"caption-attachment-23877\" class=\"wp-caption-text\">Felix Bertram ne peut rien faire sans caf\u00e9 le matin, il a trouv\u00e9 l'id\u00e9e de kaffiabo impressionnante et est directement entr\u00e9 dans le capital en tant qu'investisseur. (Image : CH Media)<\/figcaption><\/figure>\n<p><strong>\"tweaq - poign\u00e9es de porte auto-d\u00e9sinfectantes\" - <\/strong>Une start-up de Suisse romande, fond\u00e9e par Vincent Gauye, Baptiste Danichert et Giovanni Barilla, a d\u00e9velopp\u00e9 une solution int\u00e9ressante \u00e0 un probl\u00e8me d'hygi\u00e8ne quotidien : des poign\u00e9es de porte auto-d\u00e9sinfectantes. Leur produit vise \u00e0 r\u00e9duire la propagation des germes et des virus par les poign\u00e9es de porte, un probl\u00e8me particuli\u00e8rement important dans les lieux publics et tr\u00e8s fr\u00e9quent\u00e9s.<\/p>\n<p>La poign\u00e9e de porte de tweaq est la premi\u00e8re de son genre sur le march\u00e9 \u00e0 s'auto-d\u00e9sinfecter et \u00e0 \u00eatre mise en r\u00e9seau. Le principe de fonctionnement est simple mais efficace : \u00e0 chaque fois que quelqu'un ouvre la porte, un liquide est pomp\u00e9 sur un anneau de la poign\u00e9e, qui se d\u00e9place ensuite d'avant en arri\u00e8re pour d\u00e9sinfecter la surface. Des tests en laboratoire confirment l'efficacit\u00e9 du syst\u00e8me contre les germes et les virus. Le c\u0153ur du syst\u00e8me est une cartouche qui contient \u00e0 la fois le d\u00e9sinfectant et la batterie. Tweaq propose en outre un service respectueux de l'environnement en renvoyant gratuitement les cartouches, ce qui devrait minimiser les d\u00e9chets. Le mod\u00e8le commercial est bas\u00e9 sur un abonnement qui comprend le mat\u00e9riel, un nombre illimit\u00e9 de cartouches et l'analyse des donn\u00e9es. Actuellement, tweaq couvre la Suisse et le Benelux et m\u00e8ne des essais pilotes en Grande-Bretagne et aux \u00c9tats-Unis.<\/p>\n<p>Les fondateurs de tweaq, qui ne sont pas eux-m\u00eames ing\u00e9nieurs, ont int\u00e9gr\u00e9 un CTO dans leur \u00e9quipe afin de garantir le savoir-faire technique. Le produit est disponible pour 35 francs par mois et par porte, ce qui inclut deux poign\u00e9es de porte. Les co\u00fbts de production d'une poign\u00e9e de porte sont de 100 francs et de 200 francs pour une porte compl\u00e8te. Les clients qui souhaitent acheter la poign\u00e9e de porte paient 450 francs comme prix unique, plus 25 francs par mois pour l'abonnement. tweaq a d\u00e9j\u00e0 environ 35 clients en Suisse, principalement dans des immeubles de bureaux, des h\u00f4pitaux, l'industrie de la sant\u00e9 et le secteur de l'\u00e9ducation. Bien qu'ils n'aient pas de brevet pour le produit, ils utilisent un \"num\u00e9ro unique\" pour se distinguer sur le march\u00e9 gris.<\/p>\n<p>Lors de la recherche d'investissements, tweaq a propos\u00e9 6,5 pour cent des parts de l'entreprise pour 500 000 francs. Malgr\u00e9 l'approche innovante et l'opportunit\u00e9 de march\u00e9 \u00e9vidente pour le secteur de la sant\u00e9, les investisseurs potentiels ont exprim\u00e9 des r\u00e9serves quant \u00e0 l'absence de brevet et \u00e0 la valorisation \u00e9lev\u00e9e de l'entreprise. Felix Bertram, l'un des investisseurs, a exprim\u00e9 que le secteur de la sant\u00e9 pourrait certes profiter de l'id\u00e9e, mais qu'il n'avait probablement pas les moyens financiers pour le faire. En fin de compte, aucun accord n'a \u00e9t\u00e9 conclu pour la jeune entreprise. Malgr\u00e9 ces d\u00e9fis, tweaq est promis \u00e0 un avenir prometteur, car la sensibilisation \u00e0 l'hygi\u00e8ne et \u00e0 la sant\u00e9 reste un th\u00e8me central dans les lieux publics et au-del\u00e0.<\/p>\n<p><em>Plus d'informations sur les prochains envois :\u00a0<\/em><a href=\"https:\/\/www.oneplus.ch\/catalog\/1000604\"><em>www.oneplus.ch\u00a0<\/em><\/a><\/p>","protected":false},"excerpt":{"rendered":"<p>Dans le sixi\u00e8me \u00e9pisode de \"Die H\u00f6hle der L\u00f6wen Schweiz\", une v\u00e9ritable \u00e9toile de la mode durable a brill\u00e9 : Kiani, la marque visionnaire de v\u00eatements de sport de Saint-Gall, fond\u00e9e par l'entrepreneuse Kira F\u00e4ssler. Avec son credo passionn\u00e9 \"Des v\u00eatements de sport durables pour toi et moi\", Kira pose de nouveaux jalons dans le monde de la mode. Dans une \u00e8re o\u00f9 mode et responsabilit\u00e9 environnementale vont de pair, Kiani montre que style et conscience \u00e9cologique peuvent former une symbiose harmonieuse et inspirante.<\/p>","protected":false},"author":58,"featured_media":23876,"comment_status":"closed","ping_status":"closed","sticky":false,"template":"","format":"standard","meta":{"_acf_changed":false,"_yoast_wpseo_focuskw":"Die H\u00f6hle der L\u00f6wen","_yoast_wpseo_metadesc":"In der sechsten Folge von \"Die H\u00f6hle der L\u00f6wen Schweiz\" erstrahlte ein wahrer Stern der nachhaltigen Mode: Kiani, die vision\u00e4re Sportbekleidungsmarke aus St. Gallen.","articlekey":"","footnotes":""},"categories":[28],"tags":[4015,334,424,451,492],"class_list":["post-23874","post","type-post","status-publish","format-standard","has-post-thumbnail","hentry","category-management","tag-die-hoehle-der-loewen-schweiz","tag-management","tag-schweiz","tag-startups","tag-unternehmen"],"acf":[],"yoast_head":"<!-- This site is optimized with the Yoast SEO plugin v27.5 - https:\/\/yoast.com\/product\/yoast-seo-wordpress\/ -->\n<title>Ordnung, Power und etwas Zug in der H\u00f6hle der L\u00f6wen, Folge 6\/5 - Organisator<\/title>\n<meta name=\"description\" content=\"In der sechsten Folge von &quot;Die H\u00f6hle der L\u00f6wen Schweiz&quot; erstrahlte ein wahrer Stern der nachhaltigen Mode: Kiani, die vision\u00e4re Sportbekleidungsmarke aus St. Gallen.\" \/>\n<meta name=\"robots\" content=\"index, follow, max-snippet:-1, max-image-preview:large, max-video-preview:-1\" \/>\n<link rel=\"canonical\" href=\"https:\/\/www.organisator.ch\/fr\/gestion-2\/2023-12-13\/ordnung-power-und-etwas-zug-in-der-hoehle-der-loewen-folge-6-5\/\" \/>\n<meta property=\"og:locale\" content=\"fr_FR\" \/>\n<meta property=\"og:type\" content=\"article\" \/>\n<meta property=\"og:title\" content=\"Ordnung, Power und etwas Zug in der H\u00f6hle der L\u00f6wen, Folge 6\/5\" \/>\n<meta property=\"og:description\" content=\"In der sechsten Folge von &quot;Die H\u00f6hle der L\u00f6wen Schweiz&quot; erstrahlte ein wahrer Stern der nachhaltigen Mode: Kiani, die vision\u00e4re Sportbekleidungsmarke aus St. Gallen.\" \/>\n<meta property=\"og:url\" content=\"https:\/\/www.organisator.ch\/fr\/gestion-2\/2023-12-13\/ordnung-power-und-etwas-zug-in-der-hoehle-der-loewen-folge-6-5\/\" \/>\n<meta property=\"og:site_name\" content=\"Organisator\" \/>\n<meta property=\"article:publisher\" content=\"https:\/\/www.facebook.com\/OrganisatorFachmagazin\" \/>\n<meta property=\"article:published_time\" content=\"2023-12-13T09:55:06+00:00\" \/>\n<meta property=\"article:modified_time\" content=\"2023-12-20T06:52:11+00:00\" \/>\n<meta property=\"og:image\" content=\"https:\/\/www.organisator.ch\/wp-content\/uploads\/2023\/12\/\u00a9CH-Media_HDL5_Folge-6_Bild1_ps.jpg\" \/>\n\t<meta property=\"og:image:width\" content=\"680\" \/>\n\t<meta property=\"og:image:height\" content=\"383\" \/>\n\t<meta property=\"og:image:type\" content=\"image\/jpeg\" \/>\n<meta name=\"author\" content=\"Adelisa Kalajdzini\" \/>\n<meta name=\"twitter:card\" content=\"summary_large_image\" \/>\n<meta name=\"twitter:title\" content=\"Ordnung, Power und etwas Zug in der H\u00f6hle der L\u00f6wen, Folge 6\/5\" \/>\n<meta name=\"twitter:description\" content=\"In der sechsten Folge von #&quot;Die H\u00f6hle der L\u00f6wen Schweiz&quot; erstrahlte ein wahrer Stern der nachhaltigen #Mode: #Kiani, die vision\u00e4re #Sportbeklediungsmarke aus St. Gallen.\" \/>\n<meta name=\"twitter:image\" content=\"https:\/\/www.organisator.ch\/wp-content\/uploads\/2023\/12\/\u00a9CH-Media_HDL5_Folge-6_Bild1_ps.jpg\" \/>\n<script type=\"application\/ld+json\" class=\"yoast-schema-graph\">{\"@context\":\"https:\\\/\\\/schema.org\",\"@graph\":[{\"@type\":\"Article\",\"@id\":\"https:\\\/\\\/www.organisator.ch\\\/management\\\/2023-12-13\\\/ordnung-power-und-etwas-zug-in-der-hoehle-der-loewen-folge-6-5\\\/#article\",\"isPartOf\":{\"@id\":\"https:\\\/\\\/www.organisator.ch\\\/management\\\/2023-12-13\\\/ordnung-power-und-etwas-zug-in-der-hoehle-der-loewen-folge-6-5\\\/\"},\"author\":{\"name\":\"Adelisa Kalajdzini\",\"@id\":\"https:\\\/\\\/www.organisator.ch\\\/#\\\/schema\\\/person\\\/2e1314a2172123f874db408d8911d3f3\"},\"headline\":\"Ordnung, Power und etwas Zug in der H\u00f6hle der L\u00f6wen, Folge 6\\\/5\",\"datePublished\":\"2023-12-13T09:55:06+00:00\",\"dateModified\":\"2023-12-20T06:52:11+00:00\",\"mainEntityOfPage\":{\"@id\":\"https:\\\/\\\/www.organisator.ch\\\/management\\\/2023-12-13\\\/ordnung-power-und-etwas-zug-in-der-hoehle-der-loewen-folge-6-5\\\/\"},\"wordCount\":2574,\"publisher\":{\"@id\":\"https:\\\/\\\/www.organisator.ch\\\/#organization\"},\"image\":{\"@id\":\"https:\\\/\\\/www.organisator.ch\\\/management\\\/2023-12-13\\\/ordnung-power-und-etwas-zug-in-der-hoehle-der-loewen-folge-6-5\\\/#primaryimage\"},\"thumbnailUrl\":\"https:\\\/\\\/www.organisator.ch\\\/wp-content\\\/uploads\\\/2023\\\/12\\\/\u00a9CH-Media_HDL5_Folge-6_Bild1_ps.jpg\",\"keywords\":[\"Die H\u00f6hle der L\u00f6wen Schweiz\",\"Management\",\"Schweiz\",\"Startups\",\"Unternehmen\"],\"articleSection\":[\"MANAGEMENT\"],\"inLanguage\":\"fr-FR\"},{\"@type\":\"WebPage\",\"@id\":\"https:\\\/\\\/www.organisator.ch\\\/management\\\/2023-12-13\\\/ordnung-power-und-etwas-zug-in-der-hoehle-der-loewen-folge-6-5\\\/\",\"url\":\"https:\\\/\\\/www.organisator.ch\\\/management\\\/2023-12-13\\\/ordnung-power-und-etwas-zug-in-der-hoehle-der-loewen-folge-6-5\\\/\",\"name\":\"Ordnung, Power und etwas Zug in der H\u00f6hle der L\u00f6wen, Folge 6\\\/5 - Organisator\",\"isPartOf\":{\"@id\":\"https:\\\/\\\/www.organisator.ch\\\/#website\"},\"primaryImageOfPage\":{\"@id\":\"https:\\\/\\\/www.organisator.ch\\\/management\\\/2023-12-13\\\/ordnung-power-und-etwas-zug-in-der-hoehle-der-loewen-folge-6-5\\\/#primaryimage\"},\"image\":{\"@id\":\"https:\\\/\\\/www.organisator.ch\\\/management\\\/2023-12-13\\\/ordnung-power-und-etwas-zug-in-der-hoehle-der-loewen-folge-6-5\\\/#primaryimage\"},\"thumbnailUrl\":\"https:\\\/\\\/www.organisator.ch\\\/wp-content\\\/uploads\\\/2023\\\/12\\\/\u00a9CH-Media_HDL5_Folge-6_Bild1_ps.jpg\",\"datePublished\":\"2023-12-13T09:55:06+00:00\",\"dateModified\":\"2023-12-20T06:52:11+00:00\",\"description\":\"In der sechsten Folge von \\\"Die H\u00f6hle der L\u00f6wen Schweiz\\\" erstrahlte ein wahrer Stern der nachhaltigen Mode: Kiani, die vision\u00e4re Sportbekleidungsmarke aus St. Gallen.\",\"breadcrumb\":{\"@id\":\"https:\\\/\\\/www.organisator.ch\\\/management\\\/2023-12-13\\\/ordnung-power-und-etwas-zug-in-der-hoehle-der-loewen-folge-6-5\\\/#breadcrumb\"},\"inLanguage\":\"fr-FR\",\"potentialAction\":[{\"@type\":\"ReadAction\",\"target\":[\"https:\\\/\\\/www.organisator.ch\\\/management\\\/2023-12-13\\\/ordnung-power-und-etwas-zug-in-der-hoehle-der-loewen-folge-6-5\\\/\"]}]},{\"@type\":\"ImageObject\",\"inLanguage\":\"fr-FR\",\"@id\":\"https:\\\/\\\/www.organisator.ch\\\/management\\\/2023-12-13\\\/ordnung-power-und-etwas-zug-in-der-hoehle-der-loewen-folge-6-5\\\/#primaryimage\",\"url\":\"https:\\\/\\\/www.organisator.ch\\\/wp-content\\\/uploads\\\/2023\\\/12\\\/\u00a9CH-Media_HDL5_Folge-6_Bild1_ps.jpg\",\"contentUrl\":\"https:\\\/\\\/www.organisator.ch\\\/wp-content\\\/uploads\\\/2023\\\/12\\\/\u00a9CH-Media_HDL5_Folge-6_Bild1_ps.jpg\",\"width\":680,\"height\":383,\"caption\":\"Kira F\u00e4ssler pr\u00e4sentiert Kiani, nachhaltige Sportbekleidung f\u00fcr dich und mich. (Bild: CH Media)\"},{\"@type\":\"BreadcrumbList\",\"@id\":\"https:\\\/\\\/www.organisator.ch\\\/management\\\/2023-12-13\\\/ordnung-power-und-etwas-zug-in-der-hoehle-der-loewen-folge-6-5\\\/#breadcrumb\",\"itemListElement\":[{\"@type\":\"ListItem\",\"position\":1,\"name\":\"Home\",\"item\":\"https:\\\/\\\/www.organisator.ch\\\/\"},{\"@type\":\"ListItem\",\"position\":2,\"name\":\"Ordnung, Power und etwas Zug in der H\u00f6hle der L\u00f6wen, Folge 6\\\/5\"}]},{\"@type\":\"WebSite\",\"@id\":\"https:\\\/\\\/www.organisator.ch\\\/#website\",\"url\":\"https:\\\/\\\/www.organisator.ch\\\/\",\"name\":\"Organisator\",\"description\":\"Kompetent. Praxisnah. Der ORGANISATOR bereitet in 10 Ausgaben pro Jahr die wesentlichen Themen f\u00fcr F\u00fchrungskr\u00e4fte von KMU auf.\",\"publisher\":{\"@id\":\"https:\\\/\\\/www.organisator.ch\\\/#organization\"},\"potentialAction\":[{\"@type\":\"SearchAction\",\"target\":{\"@type\":\"EntryPoint\",\"urlTemplate\":\"https:\\\/\\\/www.organisator.ch\\\/?s={search_term_string}\"},\"query-input\":{\"@type\":\"PropertyValueSpecification\",\"valueRequired\":true,\"valueName\":\"search_term_string\"}}],\"inLanguage\":\"fr-FR\"},{\"@type\":\"Organization\",\"@id\":\"https:\\\/\\\/www.organisator.ch\\\/#organization\",\"name\":\"Organisator\",\"url\":\"https:\\\/\\\/www.organisator.ch\\\/\",\"logo\":{\"@type\":\"ImageObject\",\"inLanguage\":\"fr-FR\",\"@id\":\"https:\\\/\\\/www.organisator.ch\\\/#\\\/schema\\\/logo\\\/image\\\/\",\"url\":\"https:\\\/\\\/www.organisator.ch\\\/wp-content\\\/uploads\\\/2022\\\/01\\\/Logo_Organisator_Website.png\",\"contentUrl\":\"https:\\\/\\\/www.organisator.ch\\\/wp-content\\\/uploads\\\/2022\\\/01\\\/Logo_Organisator_Website.png\",\"width\":800,\"height\":77,\"caption\":\"Organisator\"},\"image\":{\"@id\":\"https:\\\/\\\/www.organisator.ch\\\/#\\\/schema\\\/logo\\\/image\\\/\"},\"sameAs\":[\"https:\\\/\\\/www.facebook.com\\\/OrganisatorFachmagazin\",\"https:\\\/\\\/www.linkedin.com\\\/showcase\\\/organisator-das-magazin-fr-kmu\",\"https:\\\/\\\/www.xing.com\\\/news\\\/pages\\\/organisator-ch-695\",\"https:\\\/\\\/www.youtube.com\\\/channel\\\/UCGP2Sq0iWaZwT3BdIAQFYpw\"]},{\"@type\":\"Person\",\"@id\":\"https:\\\/\\\/www.organisator.ch\\\/#\\\/schema\\\/person\\\/2e1314a2172123f874db408d8911d3f3\",\"name\":\"Adelisa Kalajdzini\",\"image\":{\"@type\":\"ImageObject\",\"inLanguage\":\"fr-FR\",\"@id\":\"https:\\\/\\\/secure.gravatar.com\\\/avatar\\\/09a397c22ac58cad6f160ee8306348599df9df58a8ede73696226897b9fa4b24?s=96&d=mm&r=g\",\"url\":\"https:\\\/\\\/secure.gravatar.com\\\/avatar\\\/09a397c22ac58cad6f160ee8306348599df9df58a8ede73696226897b9fa4b24?s=96&d=mm&r=g\",\"contentUrl\":\"https:\\\/\\\/secure.gravatar.com\\\/avatar\\\/09a397c22ac58cad6f160ee8306348599df9df58a8ede73696226897b9fa4b24?s=96&d=mm&r=g\",\"caption\":\"Adelisa Kalajdzini\"},\"url\":\"https:\\\/\\\/www.organisator.ch\\\/fr\\\/author\\\/adelisa-kalajdzini\\\/\"}]}<\/script>\n<!-- \/ Yoast SEO plugin. -->","yoast_head_json":{"title":"De l'ordre, de la puissance et un peu de traction dans La Grotte du Lion, \u00e9pisode 6\/5 - Organisateur","description":"Dans le sixi\u00e8me \u00e9pisode de \"Die H\u00f6hle der L\u00f6wen Schweiz\", une v\u00e9ritable \u00e9toile de la mode durable a brill\u00e9 : Kiani, la marque visionnaire de v\u00eatements de sport de Saint-Gall.","robots":{"index":"index","follow":"follow","max-snippet":"max-snippet:-1","max-image-preview":"max-image-preview:large","max-video-preview":"max-video-preview:-1"},"canonical":"https:\/\/www.organisator.ch\/fr\/gestion-2\/2023-12-13\/ordnung-power-und-etwas-zug-in-der-hoehle-der-loewen-folge-6-5\/","og_locale":"fr_FR","og_type":"article","og_title":"Ordnung, Power und etwas Zug in der H\u00f6hle der L\u00f6wen, Folge 6\/5","og_description":"In der sechsten Folge von \"Die H\u00f6hle der L\u00f6wen Schweiz\" erstrahlte ein wahrer Stern der nachhaltigen Mode: Kiani, die vision\u00e4re Sportbekleidungsmarke aus St. Gallen.","og_url":"https:\/\/www.organisator.ch\/fr\/gestion-2\/2023-12-13\/ordnung-power-und-etwas-zug-in-der-hoehle-der-loewen-folge-6-5\/","og_site_name":"Organisator","article_publisher":"https:\/\/www.facebook.com\/OrganisatorFachmagazin","article_published_time":"2023-12-13T09:55:06+00:00","article_modified_time":"2023-12-20T06:52:11+00:00","og_image":[{"width":680,"height":383,"url":"https:\/\/www.organisator.ch\/wp-content\/uploads\/2023\/12\/\u00a9CH-Media_HDL5_Folge-6_Bild1_ps.jpg","type":"image\/jpeg"}],"author":"Adelisa Kalajdzini","twitter_card":"summary_large_image","twitter_title":"Ordnung, Power und etwas Zug in der H\u00f6hle der L\u00f6wen, Folge 6\/5","twitter_description":"In der sechsten Folge von #\"Die H\u00f6hle der L\u00f6wen Schweiz\" erstrahlte ein wahrer Stern der nachhaltigen #Mode: #Kiani, die vision\u00e4re #Sportbeklediungsmarke aus St. Gallen.","twitter_image":"https:\/\/www.organisator.ch\/wp-content\/uploads\/2023\/12\/\u00a9CH-Media_HDL5_Folge-6_Bild1_ps.jpg","schema":{"@context":"https:\/\/schema.org","@graph":[{"@type":"Article","@id":"https:\/\/www.organisator.ch\/management\/2023-12-13\/ordnung-power-und-etwas-zug-in-der-hoehle-der-loewen-folge-6-5\/#article","isPartOf":{"@id":"https:\/\/www.organisator.ch\/management\/2023-12-13\/ordnung-power-und-etwas-zug-in-der-hoehle-der-loewen-folge-6-5\/"},"author":{"name":"Adelisa Kalajdzini","@id":"https:\/\/www.organisator.ch\/#\/schema\/person\/2e1314a2172123f874db408d8911d3f3"},"headline":"Ordnung, Power und etwas Zug in der H\u00f6hle der L\u00f6wen, Folge 6\/5","datePublished":"2023-12-13T09:55:06+00:00","dateModified":"2023-12-20T06:52:11+00:00","mainEntityOfPage":{"@id":"https:\/\/www.organisator.ch\/management\/2023-12-13\/ordnung-power-und-etwas-zug-in-der-hoehle-der-loewen-folge-6-5\/"},"wordCount":2574,"publisher":{"@id":"https:\/\/www.organisator.ch\/#organization"},"image":{"@id":"https:\/\/www.organisator.ch\/management\/2023-12-13\/ordnung-power-und-etwas-zug-in-der-hoehle-der-loewen-folge-6-5\/#primaryimage"},"thumbnailUrl":"https:\/\/www.organisator.ch\/wp-content\/uploads\/2023\/12\/\u00a9CH-Media_HDL5_Folge-6_Bild1_ps.jpg","keywords":["Die H\u00f6hle der L\u00f6wen Schweiz","Management","Schweiz","Startups","Unternehmen"],"articleSection":["MANAGEMENT"],"inLanguage":"fr-FR"},{"@type":"WebPage","@id":"https:\/\/www.organisator.ch\/management\/2023-12-13\/ordnung-power-und-etwas-zug-in-der-hoehle-der-loewen-folge-6-5\/","url":"https:\/\/www.organisator.ch\/management\/2023-12-13\/ordnung-power-und-etwas-zug-in-der-hoehle-der-loewen-folge-6-5\/","name":"De l'ordre, de la puissance et un peu de traction dans La Grotte du Lion, \u00e9pisode 6\/5 - Organisateur","isPartOf":{"@id":"https:\/\/www.organisator.ch\/#website"},"primaryImageOfPage":{"@id":"https:\/\/www.organisator.ch\/management\/2023-12-13\/ordnung-power-und-etwas-zug-in-der-hoehle-der-loewen-folge-6-5\/#primaryimage"},"image":{"@id":"https:\/\/www.organisator.ch\/management\/2023-12-13\/ordnung-power-und-etwas-zug-in-der-hoehle-der-loewen-folge-6-5\/#primaryimage"},"thumbnailUrl":"https:\/\/www.organisator.ch\/wp-content\/uploads\/2023\/12\/\u00a9CH-Media_HDL5_Folge-6_Bild1_ps.jpg","datePublished":"2023-12-13T09:55:06+00:00","dateModified":"2023-12-20T06:52:11+00:00","description":"Dans le sixi\u00e8me \u00e9pisode de \"Die H\u00f6hle der L\u00f6wen Schweiz\", une v\u00e9ritable \u00e9toile de la mode durable a brill\u00e9 : Kiani, la marque visionnaire de v\u00eatements de sport de Saint-Gall.","breadcrumb":{"@id":"https:\/\/www.organisator.ch\/management\/2023-12-13\/ordnung-power-und-etwas-zug-in-der-hoehle-der-loewen-folge-6-5\/#breadcrumb"},"inLanguage":"fr-FR","potentialAction":[{"@type":"ReadAction","target":["https:\/\/www.organisator.ch\/management\/2023-12-13\/ordnung-power-und-etwas-zug-in-der-hoehle-der-loewen-folge-6-5\/"]}]},{"@type":"ImageObject","inLanguage":"fr-FR","@id":"https:\/\/www.organisator.ch\/management\/2023-12-13\/ordnung-power-und-etwas-zug-in-der-hoehle-der-loewen-folge-6-5\/#primaryimage","url":"https:\/\/www.organisator.ch\/wp-content\/uploads\/2023\/12\/\u00a9CH-Media_HDL5_Folge-6_Bild1_ps.jpg","contentUrl":"https:\/\/www.organisator.ch\/wp-content\/uploads\/2023\/12\/\u00a9CH-Media_HDL5_Folge-6_Bild1_ps.jpg","width":680,"height":383,"caption":"Kira F\u00e4ssler pr\u00e4sentiert Kiani, nachhaltige Sportbekleidung f\u00fcr dich und mich. (Bild: CH Media)"},{"@type":"BreadcrumbList","@id":"https:\/\/www.organisator.ch\/management\/2023-12-13\/ordnung-power-und-etwas-zug-in-der-hoehle-der-loewen-folge-6-5\/#breadcrumb","itemListElement":[{"@type":"ListItem","position":1,"name":"Home","item":"https:\/\/www.organisator.ch\/"},{"@type":"ListItem","position":2,"name":"Ordnung, Power und etwas Zug in der H\u00f6hle der L\u00f6wen, Folge 6\/5"}]},{"@type":"WebSite","@id":"https:\/\/www.organisator.ch\/#website","url":"https:\/\/www.organisator.ch\/","name":"Organisateur","description":"Comp\u00e9tence et comp\u00e9tence. Proches de la pratique. L'ORGANISATEUR pr\u00e9pare 10 num\u00e9ros par an sur les th\u00e8mes essentiels pour les dirigeants de PME.","publisher":{"@id":"https:\/\/www.organisator.ch\/#organization"},"potentialAction":[{"@type":"SearchAction","target":{"@type":"EntryPoint","urlTemplate":"https:\/\/www.organisator.ch\/?s={search_term_string}"},"query-input":{"@type":"PropertyValueSpecification","valueRequired":true,"valueName":"search_term_string"}}],"inLanguage":"fr-FR"},{"@type":"Organization","@id":"https:\/\/www.organisator.ch\/#organization","name":"Organisateur","url":"https:\/\/www.organisator.ch\/","logo":{"@type":"ImageObject","inLanguage":"fr-FR","@id":"https:\/\/www.organisator.ch\/#\/schema\/logo\/image\/","url":"https:\/\/www.organisator.ch\/wp-content\/uploads\/2022\/01\/Logo_Organisator_Website.png","contentUrl":"https:\/\/www.organisator.ch\/wp-content\/uploads\/2022\/01\/Logo_Organisator_Website.png","width":800,"height":77,"caption":"Organisator"},"image":{"@id":"https:\/\/www.organisator.ch\/#\/schema\/logo\/image\/"},"sameAs":["https:\/\/www.facebook.com\/OrganisatorFachmagazin","https:\/\/www.linkedin.com\/showcase\/organisator-das-magazin-fr-kmu","https:\/\/www.xing.com\/news\/pages\/organisator-ch-695","https:\/\/www.youtube.com\/channel\/UCGP2Sq0iWaZwT3BdIAQFYpw"]},{"@type":"Person","@id":"https:\/\/www.organisator.ch\/#\/schema\/person\/2e1314a2172123f874db408d8911d3f3","name":"Adelisa Kalajdzini","image":{"@type":"ImageObject","inLanguage":"fr-FR","@id":"https:\/\/secure.gravatar.com\/avatar\/09a397c22ac58cad6f160ee8306348599df9df58a8ede73696226897b9fa4b24?s=96&d=mm&r=g","url":"https:\/\/secure.gravatar.com\/avatar\/09a397c22ac58cad6f160ee8306348599df9df58a8ede73696226897b9fa4b24?s=96&d=mm&r=g","contentUrl":"https:\/\/secure.gravatar.com\/avatar\/09a397c22ac58cad6f160ee8306348599df9df58a8ede73696226897b9fa4b24?s=96&d=mm&r=g","caption":"Adelisa Kalajdzini"},"url":"https:\/\/www.organisator.ch\/fr\/author\/adelisa-kalajdzini\/"}]}},"_links":{"self":[{"href":"https:\/\/www.organisator.ch\/fr\/wp-json\/wp\/v2\/posts\/23874","targetHints":{"allow":["GET"]}}],"collection":[{"href":"https:\/\/www.organisator.ch\/fr\/wp-json\/wp\/v2\/posts"}],"about":[{"href":"https:\/\/www.organisator.ch\/fr\/wp-json\/wp\/v2\/types\/post"}],"author":[{"embeddable":true,"href":"https:\/\/www.organisator.ch\/fr\/wp-json\/wp\/v2\/users\/58"}],"replies":[{"embeddable":true,"href":"https:\/\/www.organisator.ch\/fr\/wp-json\/wp\/v2\/comments?post=23874"}],"version-history":[{"count":10,"href":"https:\/\/www.organisator.ch\/fr\/wp-json\/wp\/v2\/posts\/23874\/revisions"}],"predecessor-version":[{"id":24020,"href":"https:\/\/www.organisator.ch\/fr\/wp-json\/wp\/v2\/posts\/23874\/revisions\/24020"}],"wp:featuredmedia":[{"embeddable":true,"href":"https:\/\/www.organisator.ch\/fr\/wp-json\/wp\/v2\/media\/23876"}],"wp:attachment":[{"href":"https:\/\/www.organisator.ch\/fr\/wp-json\/wp\/v2\/media?parent=23874"}],"wp:term":[{"taxonomy":"category","embeddable":true,"href":"https:\/\/www.organisator.ch\/fr\/wp-json\/wp\/v2\/categories?post=23874"},{"taxonomy":"post_tag","embeddable":true,"href":"https:\/\/www.organisator.ch\/fr\/wp-json\/wp\/v2\/tags?post=23874"}],"curies":[{"name":"wp","href":"https:\/\/api.w.org\/{rel}","templated":true}]}}