{"id":23897,"date":"2023-12-14T13:27:06","date_gmt":"2023-12-14T12:27:06","guid":{"rendered":"https:\/\/www.organisator.ch\/?p=23897"},"modified":"2023-12-14T13:43:08","modified_gmt":"2023-12-14T12:43:08","slug":"venture-leaders-2024-schweizer-startups-beim-mwc-barcelona","status":"publish","type":"post","link":"https:\/\/www.organisator.ch\/fr\/operational-excellence\/2023-12-14\/venture-leaders-2024-schweizer-startups-beim-mwc-barcelona\/","title":{"rendered":"Venture Leaders 2024 : des startups suisses au MWC de Barcelone"},"content":{"rendered":"<figure id=\"attachment_23899\" class=\"wp-caption alignnone\" style=\"width: 680px;\" aria-describedby=\"caption-attachment-23899\"><img class=\"wp-image-23899 size-full\" src=\"https:\/\/www.organisator.ch\/wp-content\/uploads\/2023\/12\/Venturelab_ps-552084_1280.jpg\" sizes=\"(max-width: 680px) 100vw, 680px\" srcset=\"https:\/\/www.organisator.ch\/wp-content\/uploads\/2023\/12\/Venturelab_ps-552084_1280.jpg 680w, https:\/\/www.organisator.ch\/wp-content\/uploads\/2023\/12\/Venturelab_ps-552084_1280-16x12.jpg 16w, https:\/\/www.organisator.ch\/wp-content\/uploads\/2023\/12\/Venturelab_ps-552084_1280-375x281.jpg 375w, https:\/\/www.organisator.ch\/wp-content\/uploads\/2023\/12\/Venturelab_ps-552084_1280-468x350.jpg 468w\" alt=\"\" width=\"680\" height=\"509\" \/>\r\n<figcaption id=\"caption-attachment-23899\" class=\"wp-caption-text\">Dix nouveaux membres de l'\u00e9quipe nationale suisse des start-up repr\u00e9senteront la Suisse au Mobile World Congress de Barcelone. (Image : www.pixabay.com)<\/figcaption>\r\n<\/figure>\r\n<p>Venturelab organise depuis 19 ans des roadshows internationaux pour l'\u00e9quipe nationale suisse des start-ups. Ces roadshows offrent une plateforme aux entrepreneurs d\u00e9termin\u00e9s et \u00e0 leurs startups prometteuses pour les mettre en contact avec des experts, des investisseurs et des clients potentiels dans les principaux centres technologiques du monde entier, notamment la Silicon Valley, Boston, la Chine, Barcelone, Munich et Londres. Venture Leaders Mobile est organis\u00e9 par Venturelab et soutenu par Huawei, Swisscom et Vischer.<\/p>\r\n<p>Apr\u00e8s avoir examin\u00e9 plus de 100 candidatures, un jury d'investisseurs professionnels et d'experts en technologie mobile a s\u00e9lectionn\u00e9 dix startups de connectivit\u00e9 pour participer au roadshow Venture Leaders Mobile 2024 \u00e0 Barcelone. Ces startups innovantes en mati\u00e8re de connectivit\u00e9 couvrent des secteurs allant de la livraison par drone \u00e0 la cybers\u00e9curit\u00e9, en passant par les blockchains, l'intelligence artificielle ou les plateformes connect\u00e9es permettant d'entrer en contact avec les conducteurs. \"L'\u00e9ventail innovant des dix Venture Leaders Mobile 2024 est impressionnant : les startups sont expertes dans diff\u00e9rents domaines, mais elles montrent toutes la qualit\u00e9 de l'innovation deeptech suisse\", a comment\u00e9 Jordi Montserrat, Managing Partner chez Venturelab.\" Nous sommes tr\u00e8s heureux de participer au Mobile World Congress et \u00e0 la conf\u00e9rence 4YFN et de les aider \u00e0 poser les bases d'un succ\u00e8s mondial\".<\/p>\r\n<p>Le roadshow vise \u00e0 acc\u00e9l\u00e9rer l'expansion des start-ups et \u00e0 les aider \u00e0 construire des r\u00e9seaux commerciaux mondiaux. L'emploi du temps des Venture Leaders pour le Mobile World Congress (MWC) - l'\u00e9v\u00e9nement le plus grand et le plus important du monde dans le secteur de la t\u00e9l\u00e9phonie mobile - comprend la visite du salon principal et des rencontres avec des investisseurs de premier ordre, des leaders du secteur et des clients potentiels lors de plusieurs \u00e9v\u00e9nements cl\u00e9s du MWC, dont la conf\u00e9rence des start-ups 4YFN. Les Venture Leaders Mobile participeront \u00e9galement \u00e0 des \u00e9v\u00e9nements exclusifs de r\u00e9seautage et de pitch, ainsi qu'au deuxi\u00e8me concours de voile Venturelab.<\/p>\r\n<p>\"Il est difficile de d\u00e9crire \u00e0 quel point ce programme nous a aid\u00e9s \u00e0 planifier nos prochaines \u00e9tapes. R\u00e9seautage, pr\u00e9sence dans la presse, contacts avec les investisseurs : Nous avons tout eu. Merci \u00e0 toute l'\u00e9quipe de Venture Leaders Mobile\", a comment\u00e9 Ma\u00ebl Fabien, CEO de Biped - l'un des dix entrepreneurs qui ont particip\u00e9 \u00e0 Venture Leaders Mobile 2023.<\/p>\r\n<p>Les Venture Leaders Mobile 2024 : 4screen (Zurich), Ancora.ai (Zurich), GraphEnergyTech (Jura), Hypergate Zero (Papers) Zoug, irmos technologies (Zurich), Onocoy association + onocoy Services (Zoug), Rapidata (Zurich), Rigi Tech (Vaud), RTDT Laboratories (Zurich), Swistor (Lausanne).<\/p>\r\n<p><em>Source : <a href=\"https:\/\/www.venturelab.swiss\/\">www.venturelab.swiss<\/a><\/em><\/p>","protected":false},"excerpt":{"rendered":"<p>Les dix Venture Leaders Mobile 2024 se pr\u00e9parent \u00e0 lancer leurs startups sur la sc\u00e8ne mondiale : Les derniers membres de l'\u00e9quipe nationale suisse des startups se rendront \u00e0 Barcelone pour participer au Mobile World Congress et installer leurs stands \u00e0 la conf\u00e9rence des startups 4YFN, qui se tiendra du 26 au 29 f\u00e9vrier 2024. <\/p>","protected":false},"author":58,"featured_media":23899,"comment_status":"closed","ping_status":"closed","sticky":false,"template":"","format":"standard","meta":{"_acf_changed":false,"_yoast_wpseo_focuskw":"Barcelona","_yoast_wpseo_metadesc":"Die neuesten Mitglieder des Schweizer Nationalen Startup-Teams werden nach Barcelona reisen, um am Mobile World Congress teilzunehmen.","articlekey":"","footnotes":""},"categories":[582],"tags":[1555,424,451,4038],"class_list":["post-23897","post","type-post","status-publish","format-standard","has-post-thumbnail","hentry","category-operational-excellence","tag-kongress","tag-schweiz","tag-startups","tag-venture-leaders"],"acf":[],"yoast_head":"<!-- This site is optimized with the Yoast SEO plugin v27.5 - https:\/\/yoast.com\/product\/yoast-seo-wordpress\/ -->\n<title>Venture Leaders 2024: Schweizer Startups beim MWC Barcelona - Organisator<\/title>\n<meta name=\"description\" content=\"Die neuesten Mitglieder des Schweizer Nationalen Startup-Teams werden nach Barcelona reisen, um am Mobile World Congress teilzunehmen.\" \/>\n<meta name=\"robots\" content=\"index, follow, max-snippet:-1, max-image-preview:large, max-video-preview:-1\" \/>\n<link rel=\"canonical\" href=\"https:\/\/www.organisator.ch\/fr\/excellence-operationnelle\/2023-12-14\/venture-leaders-2024-schweizer-startups-beim-mwc-barcelona\/\" \/>\n<meta property=\"og:locale\" content=\"fr_FR\" \/>\n<meta property=\"og:type\" content=\"article\" \/>\n<meta property=\"og:title\" content=\"Venture Leaders 2024: Schweizer Startups beim MWC Barcelona\" \/>\n<meta property=\"og:description\" content=\"Die neuesten Mitglieder des Schweizer Nationalen Startup-Teams werden nach Barcelona reisen, um am Mobile World Congress teilzunehmen.\" \/>\n<meta property=\"og:url\" content=\"https:\/\/www.organisator.ch\/fr\/excellence-operationnelle\/2023-12-14\/venture-leaders-2024-schweizer-startups-beim-mwc-barcelona\/\" \/>\n<meta property=\"og:site_name\" content=\"Organisator\" \/>\n<meta property=\"article:publisher\" content=\"https:\/\/www.facebook.com\/OrganisatorFachmagazin\" \/>\n<meta property=\"article:published_time\" content=\"2023-12-14T12:27:06+00:00\" \/>\n<meta property=\"article:modified_time\" content=\"2023-12-14T12:43:08+00:00\" \/>\n<meta property=\"og:image\" content=\"https:\/\/www.organisator.ch\/wp-content\/uploads\/2023\/12\/Venturelab_ps-552084_1280.jpg\" \/>\n\t<meta property=\"og:image:width\" content=\"680\" \/>\n\t<meta property=\"og:image:height\" content=\"509\" \/>\n\t<meta property=\"og:image:type\" content=\"image\/jpeg\" \/>\n<meta name=\"author\" content=\"Adelisa Kalajdzini\" \/>\n<meta name=\"twitter:card\" content=\"summary_large_image\" \/>\n<meta name=\"twitter:title\" content=\"Venture Leaders 2024: Schweizer Startups beim MWC Barcelona\" \/>\n<meta name=\"twitter:description\" content=\"Die neuesten Mitglieder des Schweizer Nationalen #Startup-Teams werden nach #Barcelona reisen, um am #Mobile World Congress teilzunehmen.\" \/>\n<meta name=\"twitter:image\" content=\"https:\/\/www.organisator.ch\/wp-content\/uploads\/2023\/12\/Venturelab_ps-552084_1280.jpg\" \/>\n<script type=\"application\/ld+json\" class=\"yoast-schema-graph\">{\"@context\":\"https:\\\/\\\/schema.org\",\"@graph\":[{\"@type\":\"Article\",\"@id\":\"https:\\\/\\\/www.organisator.ch\\\/operational-excellence\\\/2023-12-14\\\/venture-leaders-2024-schweizer-startups-beim-mwc-barcelona\\\/#article\",\"isPartOf\":{\"@id\":\"https:\\\/\\\/www.organisator.ch\\\/operational-excellence\\\/2023-12-14\\\/venture-leaders-2024-schweizer-startups-beim-mwc-barcelona\\\/\"},\"author\":{\"name\":\"Adelisa Kalajdzini\",\"@id\":\"https:\\\/\\\/www.organisator.ch\\\/#\\\/schema\\\/person\\\/2e1314a2172123f874db408d8911d3f3\"},\"headline\":\"Venture Leaders 2024: Schweizer Startups beim MWC Barcelona\",\"datePublished\":\"2023-12-14T12:27:06+00:00\",\"dateModified\":\"2023-12-14T12:43:08+00:00\",\"mainEntityOfPage\":{\"@id\":\"https:\\\/\\\/www.organisator.ch\\\/operational-excellence\\\/2023-12-14\\\/venture-leaders-2024-schweizer-startups-beim-mwc-barcelona\\\/\"},\"wordCount\":394,\"publisher\":{\"@id\":\"https:\\\/\\\/www.organisator.ch\\\/#organization\"},\"image\":{\"@id\":\"https:\\\/\\\/www.organisator.ch\\\/operational-excellence\\\/2023-12-14\\\/venture-leaders-2024-schweizer-startups-beim-mwc-barcelona\\\/#primaryimage\"},\"thumbnailUrl\":\"https:\\\/\\\/www.organisator.ch\\\/wp-content\\\/uploads\\\/2023\\\/12\\\/Venturelab_ps-552084_1280.jpg\",\"keywords\":[\"Kongress\",\"Schweiz\",\"Startups\",\"Venture Leaders\"],\"articleSection\":[\"OPERATIONAL EXCELLENCE\"],\"inLanguage\":\"fr-FR\"},{\"@type\":\"WebPage\",\"@id\":\"https:\\\/\\\/www.organisator.ch\\\/operational-excellence\\\/2023-12-14\\\/venture-leaders-2024-schweizer-startups-beim-mwc-barcelona\\\/\",\"url\":\"https:\\\/\\\/www.organisator.ch\\\/operational-excellence\\\/2023-12-14\\\/venture-leaders-2024-schweizer-startups-beim-mwc-barcelona\\\/\",\"name\":\"Venture Leaders 2024: Schweizer Startups beim MWC Barcelona - Organisator\",\"isPartOf\":{\"@id\":\"https:\\\/\\\/www.organisator.ch\\\/#website\"},\"primaryImageOfPage\":{\"@id\":\"https:\\\/\\\/www.organisator.ch\\\/operational-excellence\\\/2023-12-14\\\/venture-leaders-2024-schweizer-startups-beim-mwc-barcelona\\\/#primaryimage\"},\"image\":{\"@id\":\"https:\\\/\\\/www.organisator.ch\\\/operational-excellence\\\/2023-12-14\\\/venture-leaders-2024-schweizer-startups-beim-mwc-barcelona\\\/#primaryimage\"},\"thumbnailUrl\":\"https:\\\/\\\/www.organisator.ch\\\/wp-content\\\/uploads\\\/2023\\\/12\\\/Venturelab_ps-552084_1280.jpg\",\"datePublished\":\"2023-12-14T12:27:06+00:00\",\"dateModified\":\"2023-12-14T12:43:08+00:00\",\"description\":\"Die neuesten Mitglieder des Schweizer Nationalen Startup-Teams werden nach Barcelona reisen, um am Mobile World Congress teilzunehmen.\",\"breadcrumb\":{\"@id\":\"https:\\\/\\\/www.organisator.ch\\\/operational-excellence\\\/2023-12-14\\\/venture-leaders-2024-schweizer-startups-beim-mwc-barcelona\\\/#breadcrumb\"},\"inLanguage\":\"fr-FR\",\"potentialAction\":[{\"@type\":\"ReadAction\",\"target\":[\"https:\\\/\\\/www.organisator.ch\\\/operational-excellence\\\/2023-12-14\\\/venture-leaders-2024-schweizer-startups-beim-mwc-barcelona\\\/\"]}]},{\"@type\":\"ImageObject\",\"inLanguage\":\"fr-FR\",\"@id\":\"https:\\\/\\\/www.organisator.ch\\\/operational-excellence\\\/2023-12-14\\\/venture-leaders-2024-schweizer-startups-beim-mwc-barcelona\\\/#primaryimage\",\"url\":\"https:\\\/\\\/www.organisator.ch\\\/wp-content\\\/uploads\\\/2023\\\/12\\\/Venturelab_ps-552084_1280.jpg\",\"contentUrl\":\"https:\\\/\\\/www.organisator.ch\\\/wp-content\\\/uploads\\\/2023\\\/12\\\/Venturelab_ps-552084_1280.jpg\",\"width\":680,\"height\":509,\"caption\":\"Zehn neue Mitglieder des Schweizer Nationalen Startup-Teams werden die Schweiz auf dem Mobile World Congress in Barcelona vertreten.\"},{\"@type\":\"BreadcrumbList\",\"@id\":\"https:\\\/\\\/www.organisator.ch\\\/operational-excellence\\\/2023-12-14\\\/venture-leaders-2024-schweizer-startups-beim-mwc-barcelona\\\/#breadcrumb\",\"itemListElement\":[{\"@type\":\"ListItem\",\"position\":1,\"name\":\"Home\",\"item\":\"https:\\\/\\\/www.organisator.ch\\\/\"},{\"@type\":\"ListItem\",\"position\":2,\"name\":\"Venture Leaders 2024: Schweizer Startups beim MWC Barcelona\"}]},{\"@type\":\"WebSite\",\"@id\":\"https:\\\/\\\/www.organisator.ch\\\/#website\",\"url\":\"https:\\\/\\\/www.organisator.ch\\\/\",\"name\":\"Organisator\",\"description\":\"Kompetent. Praxisnah. Der ORGANISATOR bereitet in 10 Ausgaben pro Jahr die wesentlichen Themen f\u00fcr F\u00fchrungskr\u00e4fte von KMU auf.\",\"publisher\":{\"@id\":\"https:\\\/\\\/www.organisator.ch\\\/#organization\"},\"potentialAction\":[{\"@type\":\"SearchAction\",\"target\":{\"@type\":\"EntryPoint\",\"urlTemplate\":\"https:\\\/\\\/www.organisator.ch\\\/?s={search_term_string}\"},\"query-input\":{\"@type\":\"PropertyValueSpecification\",\"valueRequired\":true,\"valueName\":\"search_term_string\"}}],\"inLanguage\":\"fr-FR\"},{\"@type\":\"Organization\",\"@id\":\"https:\\\/\\\/www.organisator.ch\\\/#organization\",\"name\":\"Organisator\",\"url\":\"https:\\\/\\\/www.organisator.ch\\\/\",\"logo\":{\"@type\":\"ImageObject\",\"inLanguage\":\"fr-FR\",\"@id\":\"https:\\\/\\\/www.organisator.ch\\\/#\\\/schema\\\/logo\\\/image\\\/\",\"url\":\"https:\\\/\\\/www.organisator.ch\\\/wp-content\\\/uploads\\\/2022\\\/01\\\/Logo_Organisator_Website.png\",\"contentUrl\":\"https:\\\/\\\/www.organisator.ch\\\/wp-content\\\/uploads\\\/2022\\\/01\\\/Logo_Organisator_Website.png\",\"width\":800,\"height\":77,\"caption\":\"Organisator\"},\"image\":{\"@id\":\"https:\\\/\\\/www.organisator.ch\\\/#\\\/schema\\\/logo\\\/image\\\/\"},\"sameAs\":[\"https:\\\/\\\/www.facebook.com\\\/OrganisatorFachmagazin\",\"https:\\\/\\\/www.linkedin.com\\\/showcase\\\/organisator-das-magazin-fr-kmu\",\"https:\\\/\\\/www.xing.com\\\/news\\\/pages\\\/organisator-ch-695\",\"https:\\\/\\\/www.youtube.com\\\/channel\\\/UCGP2Sq0iWaZwT3BdIAQFYpw\"]},{\"@type\":\"Person\",\"@id\":\"https:\\\/\\\/www.organisator.ch\\\/#\\\/schema\\\/person\\\/2e1314a2172123f874db408d8911d3f3\",\"name\":\"Adelisa Kalajdzini\",\"image\":{\"@type\":\"ImageObject\",\"inLanguage\":\"fr-FR\",\"@id\":\"https:\\\/\\\/secure.gravatar.com\\\/avatar\\\/09a397c22ac58cad6f160ee8306348599df9df58a8ede73696226897b9fa4b24?s=96&d=mm&r=g\",\"url\":\"https:\\\/\\\/secure.gravatar.com\\\/avatar\\\/09a397c22ac58cad6f160ee8306348599df9df58a8ede73696226897b9fa4b24?s=96&d=mm&r=g\",\"contentUrl\":\"https:\\\/\\\/secure.gravatar.com\\\/avatar\\\/09a397c22ac58cad6f160ee8306348599df9df58a8ede73696226897b9fa4b24?s=96&d=mm&r=g\",\"caption\":\"Adelisa Kalajdzini\"},\"url\":\"https:\\\/\\\/www.organisator.ch\\\/fr\\\/author\\\/adelisa-kalajdzini\\\/\"}]}<\/script>\n<!-- \/ Yoast SEO plugin. -->","yoast_head_json":{"title":"Venture Leaders 2024 : des start-up suisses au MWC de Barcelone - Organisateur","description":"Les derniers membres de l'\u00e9quipe nationale suisse des start-ups se rendront \u00e0 Barcelone pour participer au Mobile World Congress.","robots":{"index":"index","follow":"follow","max-snippet":"max-snippet:-1","max-image-preview":"max-image-preview:large","max-video-preview":"max-video-preview:-1"},"canonical":"https:\/\/www.organisator.ch\/fr\/excellence-operationnelle\/2023-12-14\/venture-leaders-2024-schweizer-startups-beim-mwc-barcelona\/","og_locale":"fr_FR","og_type":"article","og_title":"Venture Leaders 2024: Schweizer Startups beim MWC Barcelona","og_description":"Die neuesten Mitglieder des Schweizer Nationalen Startup-Teams werden nach Barcelona reisen, um am Mobile World Congress teilzunehmen.","og_url":"https:\/\/www.organisator.ch\/fr\/excellence-operationnelle\/2023-12-14\/venture-leaders-2024-schweizer-startups-beim-mwc-barcelona\/","og_site_name":"Organisator","article_publisher":"https:\/\/www.facebook.com\/OrganisatorFachmagazin","article_published_time":"2023-12-14T12:27:06+00:00","article_modified_time":"2023-12-14T12:43:08+00:00","og_image":[{"width":680,"height":509,"url":"https:\/\/www.organisator.ch\/wp-content\/uploads\/2023\/12\/Venturelab_ps-552084_1280.jpg","type":"image\/jpeg"}],"author":"Adelisa Kalajdzini","twitter_card":"summary_large_image","twitter_title":"Venture Leaders 2024: Schweizer Startups beim MWC Barcelona","twitter_description":"Die neuesten Mitglieder des Schweizer Nationalen #Startup-Teams werden nach #Barcelona reisen, um am #Mobile World Congress teilzunehmen.","twitter_image":"https:\/\/www.organisator.ch\/wp-content\/uploads\/2023\/12\/Venturelab_ps-552084_1280.jpg","schema":{"@context":"https:\/\/schema.org","@graph":[{"@type":"Article","@id":"https:\/\/www.organisator.ch\/operational-excellence\/2023-12-14\/venture-leaders-2024-schweizer-startups-beim-mwc-barcelona\/#article","isPartOf":{"@id":"https:\/\/www.organisator.ch\/operational-excellence\/2023-12-14\/venture-leaders-2024-schweizer-startups-beim-mwc-barcelona\/"},"author":{"name":"Adelisa Kalajdzini","@id":"https:\/\/www.organisator.ch\/#\/schema\/person\/2e1314a2172123f874db408d8911d3f3"},"headline":"Venture Leaders 2024: Schweizer Startups beim MWC Barcelona","datePublished":"2023-12-14T12:27:06+00:00","dateModified":"2023-12-14T12:43:08+00:00","mainEntityOfPage":{"@id":"https:\/\/www.organisator.ch\/operational-excellence\/2023-12-14\/venture-leaders-2024-schweizer-startups-beim-mwc-barcelona\/"},"wordCount":394,"publisher":{"@id":"https:\/\/www.organisator.ch\/#organization"},"image":{"@id":"https:\/\/www.organisator.ch\/operational-excellence\/2023-12-14\/venture-leaders-2024-schweizer-startups-beim-mwc-barcelona\/#primaryimage"},"thumbnailUrl":"https:\/\/www.organisator.ch\/wp-content\/uploads\/2023\/12\/Venturelab_ps-552084_1280.jpg","keywords":["Kongress","Schweiz","Startups","Venture Leaders"],"articleSection":["OPERATIONAL EXCELLENCE"],"inLanguage":"fr-FR"},{"@type":"WebPage","@id":"https:\/\/www.organisator.ch\/operational-excellence\/2023-12-14\/venture-leaders-2024-schweizer-startups-beim-mwc-barcelona\/","url":"https:\/\/www.organisator.ch\/operational-excellence\/2023-12-14\/venture-leaders-2024-schweizer-startups-beim-mwc-barcelona\/","name":"Venture Leaders 2024 : des start-up suisses au MWC de Barcelone - Organisateur","isPartOf":{"@id":"https:\/\/www.organisator.ch\/#website"},"primaryImageOfPage":{"@id":"https:\/\/www.organisator.ch\/operational-excellence\/2023-12-14\/venture-leaders-2024-schweizer-startups-beim-mwc-barcelona\/#primaryimage"},"image":{"@id":"https:\/\/www.organisator.ch\/operational-excellence\/2023-12-14\/venture-leaders-2024-schweizer-startups-beim-mwc-barcelona\/#primaryimage"},"thumbnailUrl":"https:\/\/www.organisator.ch\/wp-content\/uploads\/2023\/12\/Venturelab_ps-552084_1280.jpg","datePublished":"2023-12-14T12:27:06+00:00","dateModified":"2023-12-14T12:43:08+00:00","description":"Les derniers membres de l'\u00e9quipe nationale suisse des start-ups se rendront \u00e0 Barcelone pour participer au Mobile World Congress.","breadcrumb":{"@id":"https:\/\/www.organisator.ch\/operational-excellence\/2023-12-14\/venture-leaders-2024-schweizer-startups-beim-mwc-barcelona\/#breadcrumb"},"inLanguage":"fr-FR","potentialAction":[{"@type":"ReadAction","target":["https:\/\/www.organisator.ch\/operational-excellence\/2023-12-14\/venture-leaders-2024-schweizer-startups-beim-mwc-barcelona\/"]}]},{"@type":"ImageObject","inLanguage":"fr-FR","@id":"https:\/\/www.organisator.ch\/operational-excellence\/2023-12-14\/venture-leaders-2024-schweizer-startups-beim-mwc-barcelona\/#primaryimage","url":"https:\/\/www.organisator.ch\/wp-content\/uploads\/2023\/12\/Venturelab_ps-552084_1280.jpg","contentUrl":"https:\/\/www.organisator.ch\/wp-content\/uploads\/2023\/12\/Venturelab_ps-552084_1280.jpg","width":680,"height":509,"caption":"Zehn neue Mitglieder des Schweizer Nationalen Startup-Teams werden die Schweiz auf dem Mobile World Congress in Barcelona vertreten."},{"@type":"BreadcrumbList","@id":"https:\/\/www.organisator.ch\/operational-excellence\/2023-12-14\/venture-leaders-2024-schweizer-startups-beim-mwc-barcelona\/#breadcrumb","itemListElement":[{"@type":"ListItem","position":1,"name":"Home","item":"https:\/\/www.organisator.ch\/"},{"@type":"ListItem","position":2,"name":"Venture Leaders 2024: Schweizer Startups beim MWC Barcelona"}]},{"@type":"WebSite","@id":"https:\/\/www.organisator.ch\/#website","url":"https:\/\/www.organisator.ch\/","name":"Organisateur","description":"Comp\u00e9tence et comp\u00e9tence. Proches de la pratique. L'ORGANISATEUR pr\u00e9pare 10 num\u00e9ros par an sur les th\u00e8mes essentiels pour les dirigeants de PME.","publisher":{"@id":"https:\/\/www.organisator.ch\/#organization"},"potentialAction":[{"@type":"SearchAction","target":{"@type":"EntryPoint","urlTemplate":"https:\/\/www.organisator.ch\/?s={search_term_string}"},"query-input":{"@type":"PropertyValueSpecification","valueRequired":true,"valueName":"search_term_string"}}],"inLanguage":"fr-FR"},{"@type":"Organization","@id":"https:\/\/www.organisator.ch\/#organization","name":"Organisateur","url":"https:\/\/www.organisator.ch\/","logo":{"@type":"ImageObject","inLanguage":"fr-FR","@id":"https:\/\/www.organisator.ch\/#\/schema\/logo\/image\/","url":"https:\/\/www.organisator.ch\/wp-content\/uploads\/2022\/01\/Logo_Organisator_Website.png","contentUrl":"https:\/\/www.organisator.ch\/wp-content\/uploads\/2022\/01\/Logo_Organisator_Website.png","width":800,"height":77,"caption":"Organisator"},"image":{"@id":"https:\/\/www.organisator.ch\/#\/schema\/logo\/image\/"},"sameAs":["https:\/\/www.facebook.com\/OrganisatorFachmagazin","https:\/\/www.linkedin.com\/showcase\/organisator-das-magazin-fr-kmu","https:\/\/www.xing.com\/news\/pages\/organisator-ch-695","https:\/\/www.youtube.com\/channel\/UCGP2Sq0iWaZwT3BdIAQFYpw"]},{"@type":"Person","@id":"https:\/\/www.organisator.ch\/#\/schema\/person\/2e1314a2172123f874db408d8911d3f3","name":"Adelisa Kalajdzini","image":{"@type":"ImageObject","inLanguage":"fr-FR","@id":"https:\/\/secure.gravatar.com\/avatar\/09a397c22ac58cad6f160ee8306348599df9df58a8ede73696226897b9fa4b24?s=96&d=mm&r=g","url":"https:\/\/secure.gravatar.com\/avatar\/09a397c22ac58cad6f160ee8306348599df9df58a8ede73696226897b9fa4b24?s=96&d=mm&r=g","contentUrl":"https:\/\/secure.gravatar.com\/avatar\/09a397c22ac58cad6f160ee8306348599df9df58a8ede73696226897b9fa4b24?s=96&d=mm&r=g","caption":"Adelisa Kalajdzini"},"url":"https:\/\/www.organisator.ch\/fr\/author\/adelisa-kalajdzini\/"}]}},"_links":{"self":[{"href":"https:\/\/www.organisator.ch\/fr\/wp-json\/wp\/v2\/posts\/23897","targetHints":{"allow":["GET"]}}],"collection":[{"href":"https:\/\/www.organisator.ch\/fr\/wp-json\/wp\/v2\/posts"}],"about":[{"href":"https:\/\/www.organisator.ch\/fr\/wp-json\/wp\/v2\/types\/post"}],"author":[{"embeddable":true,"href":"https:\/\/www.organisator.ch\/fr\/wp-json\/wp\/v2\/users\/58"}],"replies":[{"embeddable":true,"href":"https:\/\/www.organisator.ch\/fr\/wp-json\/wp\/v2\/comments?post=23897"}],"version-history":[{"count":7,"href":"https:\/\/www.organisator.ch\/fr\/wp-json\/wp\/v2\/posts\/23897\/revisions"}],"predecessor-version":[{"id":23914,"href":"https:\/\/www.organisator.ch\/fr\/wp-json\/wp\/v2\/posts\/23897\/revisions\/23914"}],"wp:featuredmedia":[{"embeddable":true,"href":"https:\/\/www.organisator.ch\/fr\/wp-json\/wp\/v2\/media\/23899"}],"wp:attachment":[{"href":"https:\/\/www.organisator.ch\/fr\/wp-json\/wp\/v2\/media?parent=23897"}],"wp:term":[{"taxonomy":"category","embeddable":true,"href":"https:\/\/www.organisator.ch\/fr\/wp-json\/wp\/v2\/categories?post=23897"},{"taxonomy":"post_tag","embeddable":true,"href":"https:\/\/www.organisator.ch\/fr\/wp-json\/wp\/v2\/tags?post=23897"}],"curies":[{"name":"wp","href":"https:\/\/api.w.org\/{rel}","templated":true}]}}