{"id":239,"date":"2016-04-07T09:16:36","date_gmt":"2016-04-07T07:16:36","guid":{"rendered":"http:\/\/dev.organisator.ch\/?p=239"},"modified":"2016-04-07T09:16:36","modified_gmt":"2016-04-07T07:16:36","slug":"beratungsunternehmen-arcondis-baut-weiter-aus","status":"publish","type":"post","link":"https:\/\/www.organisator.ch\/fr\/allgemein\/2016-04-07\/beratungsunternehmen-arcondis-baut-weiter-aus\/","title":{"rendered":"Le cabinet de conseil Arcondis poursuit son expansion"},"content":{"rendered":"<figure id=\"attachment_240\" aria-describedby=\"caption-attachment-240\" style=\"width: 448px\" class=\"wp-caption alignnone\"><img loading=\"lazy\" decoding=\"async\" class=\"size-full wp-image-240\" src=\"https:\/\/www.organisator.ch\/wp-content\/uploads\/2016\/12\/Beratungsunternehmen-Arcondis-baut-weiter-aus-organisator.jpg\" alt=\"\" width=\"448\" height=\"336\" srcset=\"https:\/\/www.organisator.ch\/wp-content\/uploads\/2016\/12\/Beratungsunternehmen-Arcondis-baut-weiter-aus-organisator.jpg 448w, https:\/\/www.organisator.ch\/wp-content\/uploads\/2016\/12\/Beratungsunternehmen-Arcondis-baut-weiter-aus-organisator-16x12.jpg 16w, https:\/\/www.organisator.ch\/wp-content\/uploads\/2016\/12\/Beratungsunternehmen-Arcondis-baut-weiter-aus-organisator-233x175.jpg 233w, https:\/\/www.organisator.ch\/wp-content\/uploads\/2016\/12\/Beratungsunternehmen-Arcondis-baut-weiter-aus-organisator-300x225.jpg 300w\" sizes=\"auto, (max-width: 448px) 100vw, 448px\" \/><figcaption id=\"caption-attachment-240\" class=\"wp-caption-text\">Christian Baumgartner, pr\u00e9sident du conseil d'administration et fondateur d'Arcondis (\u00e0 gauche) et Erwin K\u00fcng, directeur g\u00e9n\u00e9ral. (Photo : zVg)<\/figcaption><\/figure>\n<p>L'exercice 2015 a \u00e9t\u00e9 plac\u00e9 sous la nouvelle vision 2020 de la soci\u00e9t\u00e9 de conseil : \"Cr\u00e9er des marges de man\u0153uvre pour une r\u00e9ussite intelligente gr\u00e2ce \u00e0 la comp\u00e9tence et \u00e0 la passion\". Arcondis s'est surtout concentr\u00e9 sur l'accentuation de sa sp\u00e9cialisation dans l'industrie des sciences de la vie. L'objectif d\u00e9clar\u00e9 est de passer d'une activit\u00e9 op\u00e9rationnelle \u00e0 un partenaire commercial strat\u00e9gique qui g\u00e8re pour ses clients des secteurs de la pharmacie, de la biotechnologie et de la technique m\u00e9dicale des projets dot\u00e9s d'une grande force d'innovation, de la conception \u00e0 la r\u00e9alisation. Cette nouvelle orientation se refl\u00e8te \u00e9galement dans la r\u00e9partition du chiffre d'affaires - ainsi, la part des projets strat\u00e9giques enregistre une hausse de 15 % par rapport au secteur op\u00e9rationnel.<\/p>\n<p>L'entreprise de conseil, qui emploie pr\u00e8s de 100 personnes, doit l'augmentation de son chiffre d'affaires dans le domaine strat\u00e9gique avant tout \u00e0 son orientation vers l'innovation et les d\u00e9fis actuels du march\u00e9. Avec des th\u00e8mes in\u00e9dits comme l'IDMP, Arcondis a pris en charge en 2015, entre autres aupr\u00e8s de nouveaux clients, des mandats strat\u00e9giques portant sur l'int\u00e9gration efficace de ces nouvelles r\u00e9glementations dans le quotidien des entreprises. La num\u00e9risation des secteurs d'activit\u00e9 est \u00e9galement un th\u00e8me central : Arcondis a par exemple g\u00e9r\u00e9 le passage des journaux de laboratoire aux Electronic Lab Notebooks pour un client de longue date.<\/p>\n<p>\"Le secret de notre succ\u00e8s est l'orientation exclusive vers les besoins de nos clients du secteur des sciences de la vie\", d\u00e9clare Erwin K\u00fcng, directeur g\u00e9n\u00e9ral d'Arcondis. \"Une compr\u00e9hension approfondie est ici une condition pr\u00e9alable. Cela nous permet d'avoir toujours une longueur d'avance pour nos clients en mati\u00e8re d'innovation technologique et de nouvelles exigences r\u00e9glementaires. Nos clients peuvent compter sur le fait que nous ne nous contentons pas d'un niveau moyen et que nous poussons les projets vers un succ\u00e8s sup\u00e9rieur \u00e0 la moyenne\". Pour les ann\u00e9es \u00e0 venir, Arcondis voit son avenir davantage dans le conseil strat\u00e9gique. Le march\u00e9 allemand en particulier pr\u00e9sente un grand potentiel, c'est pourquoi l'entreprise souhaite y acc\u00e9l\u00e9rer sa croissance.<\/p>\n<p><a href=\"http:\/\/www.arcondis.com\" target=\"_blank\" data-cke-saved-href=\"http:\/\/www.arcondis.com\" rel=\"noopener\"><em>http:\/\/www.arcondis.com<\/em><\/a><\/p>","protected":false},"excerpt":{"rendered":"<p>Das Gesch\u00e4ftsjahr 2015 stand unter der neuen Vision 2020 des Beratungshauses: \u201eMit Kompetenz und Leidenschaft Spielr\u00e4ume f\u00fcr intelligenten Erfolg schaffen\u201c. Die Arcondis konzentrierte sich vor allem auf die Sch\u00e4rfung der Spezialisierung auf die Life Sciences Industrie. Erkl\u00e4rtes Ziel ist der Wandel vom operativen Gesch\u00e4ft zum strategischen Businesspartner, der f\u00fcr seine Kunden aus der Pharma-, Biotech- [&hellip;]<\/p>\n","protected":false},"author":1,"featured_media":240,"comment_status":"open","ping_status":"open","sticky":false,"template":"","format":"standard","meta":{"_acf_changed":false,"_yoast_wpseo_focuskw":"Beratungsunternehmen Arcondis","_yoast_wpseo_metadesc":"Das Beratungsunternehmen Arcondis schliesst sein 14. Gesch\u00e4ftsjahr mit einem Gruppenumsatz von 22.5 Millionen Schweizer Franken ab.","articlekey":"","footnotes":""},"categories":[1],"tags":[492],"class_list":["post-239","post","type-post","status-publish","format-standard","has-post-thumbnail","hentry","category-allgemein","tag-unternehmen"],"acf":[],"yoast_head":"<!-- This site is optimized with the Yoast SEO plugin v27.4 - https:\/\/yoast.com\/product\/yoast-seo-wordpress\/ -->\n<title>Beratungsunternehmen Arcondis baut weiter aus - Organisator<\/title>\n<meta name=\"description\" content=\"Das Beratungsunternehmen Arcondis schliesst sein 14. Gesch\u00e4ftsjahr mit einem Gruppenumsatz von 22.5 Millionen Schweizer Franken ab.\" \/>\n<meta name=\"robots\" content=\"index, follow, max-snippet:-1, max-image-preview:large, max-video-preview:-1\" \/>\n<link rel=\"canonical\" href=\"https:\/\/www.organisator.ch\/fr\/general\/2016-04-07\/beratungsunternehmen-arcondis-baut-weiter-aus\/\" \/>\n<meta property=\"og:locale\" content=\"fr_FR\" \/>\n<meta property=\"og:type\" content=\"article\" \/>\n<meta property=\"og:title\" content=\"Beratungsunternehmen Arcondis baut weiter aus\" \/>\n<meta property=\"og:description\" content=\"Das auf die Life Sciences Industrie spezialisierte Beratungsunternehmen Arcondis schliesst sein 14. Gesch\u00e4ftsjahr mit einem stabilen Gruppenumsatz von 22.5 Millionen Schweizer Franken ab. Die deutschen Niederlassungen weisen ein Umsatzplus von 8 % auf und tragen mit umgerechnet 2.6 Millionen Schweizer Franken zum Umsatz der Schweizer Muttergesellschaft bei.\" \/>\n<meta property=\"og:url\" content=\"https:\/\/www.organisator.ch\/fr\/general\/2016-04-07\/beratungsunternehmen-arcondis-baut-weiter-aus\/\" \/>\n<meta property=\"og:site_name\" content=\"Organisator\" \/>\n<meta property=\"article:publisher\" content=\"https:\/\/www.facebook.com\/OrganisatorFachmagazin\" \/>\n<meta property=\"article:published_time\" content=\"2016-04-07T07:16:36+00:00\" \/>\n<meta name=\"author\" content=\"admin\" \/>\n<meta name=\"twitter:card\" content=\"summary_large_image\" \/>\n<meta name=\"twitter:image\" content=\"https:\/\/www.organisator.ch\/wp-content\/uploads\/2016\/12\/Beratungsunternehmen-Arcondis-baut-weiter-aus-organisator.jpg\" \/>\n<script type=\"application\/ld+json\" class=\"yoast-schema-graph\">{\"@context\":\"https:\\\/\\\/schema.org\",\"@graph\":[{\"@type\":\"Article\",\"@id\":\"https:\\\/\\\/www.organisator.ch\\\/en\\\/general\\\/2016-04-07\\\/beratungsunternehmen-arcondis-baut-weiter-aus\\\/#article\",\"isPartOf\":{\"@id\":\"https:\\\/\\\/www.organisator.ch\\\/en\\\/general\\\/2016-04-07\\\/beratungsunternehmen-arcondis-baut-weiter-aus\\\/\"},\"author\":{\"name\":\"admin\",\"@id\":\"https:\\\/\\\/www.organisator.ch\\\/#\\\/schema\\\/person\\\/aa2bace6c5c5aad60102004a50c4eb1c\"},\"headline\":\"Beratungsunternehmen Arcondis baut weiter aus\",\"datePublished\":\"2016-04-07T07:16:36+00:00\",\"mainEntityOfPage\":{\"@id\":\"https:\\\/\\\/www.organisator.ch\\\/en\\\/general\\\/2016-04-07\\\/beratungsunternehmen-arcondis-baut-weiter-aus\\\/\"},\"wordCount\":322,\"commentCount\":0,\"publisher\":{\"@id\":\"https:\\\/\\\/www.organisator.ch\\\/#organization\"},\"image\":{\"@id\":\"https:\\\/\\\/www.organisator.ch\\\/en\\\/general\\\/2016-04-07\\\/beratungsunternehmen-arcondis-baut-weiter-aus\\\/#primaryimage\"},\"thumbnailUrl\":\"https:\\\/\\\/www.organisator.ch\\\/wp-content\\\/uploads\\\/2016\\\/12\\\/Beratungsunternehmen-Arcondis-baut-weiter-aus-organisator.jpg\",\"keywords\":[\"Unternehmen\"],\"articleSection\":[\"Allgemein\"],\"inLanguage\":\"fr-FR\"},{\"@type\":\"WebPage\",\"@id\":\"https:\\\/\\\/www.organisator.ch\\\/en\\\/general\\\/2016-04-07\\\/beratungsunternehmen-arcondis-baut-weiter-aus\\\/\",\"url\":\"https:\\\/\\\/www.organisator.ch\\\/en\\\/general\\\/2016-04-07\\\/beratungsunternehmen-arcondis-baut-weiter-aus\\\/\",\"name\":\"Beratungsunternehmen Arcondis baut weiter aus - Organisator\",\"isPartOf\":{\"@id\":\"https:\\\/\\\/www.organisator.ch\\\/#website\"},\"primaryImageOfPage\":{\"@id\":\"https:\\\/\\\/www.organisator.ch\\\/en\\\/general\\\/2016-04-07\\\/beratungsunternehmen-arcondis-baut-weiter-aus\\\/#primaryimage\"},\"image\":{\"@id\":\"https:\\\/\\\/www.organisator.ch\\\/en\\\/general\\\/2016-04-07\\\/beratungsunternehmen-arcondis-baut-weiter-aus\\\/#primaryimage\"},\"thumbnailUrl\":\"https:\\\/\\\/www.organisator.ch\\\/wp-content\\\/uploads\\\/2016\\\/12\\\/Beratungsunternehmen-Arcondis-baut-weiter-aus-organisator.jpg\",\"datePublished\":\"2016-04-07T07:16:36+00:00\",\"description\":\"Das Beratungsunternehmen Arcondis schliesst sein 14. Gesch\u00e4ftsjahr mit einem Gruppenumsatz von 22.5 Millionen Schweizer Franken ab.\",\"breadcrumb\":{\"@id\":\"https:\\\/\\\/www.organisator.ch\\\/en\\\/general\\\/2016-04-07\\\/beratungsunternehmen-arcondis-baut-weiter-aus\\\/#breadcrumb\"},\"inLanguage\":\"fr-FR\",\"potentialAction\":[{\"@type\":\"ReadAction\",\"target\":[\"https:\\\/\\\/www.organisator.ch\\\/en\\\/general\\\/2016-04-07\\\/beratungsunternehmen-arcondis-baut-weiter-aus\\\/\"]}]},{\"@type\":\"ImageObject\",\"inLanguage\":\"fr-FR\",\"@id\":\"https:\\\/\\\/www.organisator.ch\\\/en\\\/general\\\/2016-04-07\\\/beratungsunternehmen-arcondis-baut-weiter-aus\\\/#primaryimage\",\"url\":\"https:\\\/\\\/www.organisator.ch\\\/wp-content\\\/uploads\\\/2016\\\/12\\\/Beratungsunternehmen-Arcondis-baut-weiter-aus-organisator.jpg\",\"contentUrl\":\"https:\\\/\\\/www.organisator.ch\\\/wp-content\\\/uploads\\\/2016\\\/12\\\/Beratungsunternehmen-Arcondis-baut-weiter-aus-organisator.jpg\",\"width\":448,\"height\":336,\"caption\":\"Christian Baumgartner, Pr\u00e4sident des Verwaltungsrats und Gr\u00fcnder von Arcondis (links) und Erwin K\u00fcng, Gesch\u00e4ftsf\u00fchrer. (Foto: zVg)\"},{\"@type\":\"BreadcrumbList\",\"@id\":\"https:\\\/\\\/www.organisator.ch\\\/en\\\/general\\\/2016-04-07\\\/beratungsunternehmen-arcondis-baut-weiter-aus\\\/#breadcrumb\",\"itemListElement\":[{\"@type\":\"ListItem\",\"position\":1,\"name\":\"Home\",\"item\":\"https:\\\/\\\/www.organisator.ch\\\/\"},{\"@type\":\"ListItem\",\"position\":2,\"name\":\"Beratungsunternehmen Arcondis baut weiter aus\"}]},{\"@type\":\"WebSite\",\"@id\":\"https:\\\/\\\/www.organisator.ch\\\/#website\",\"url\":\"https:\\\/\\\/www.organisator.ch\\\/\",\"name\":\"Organisator\",\"description\":\"Kompetent. Praxisnah. Der ORGANISATOR bereitet in 10 Ausgaben pro Jahr die wesentlichen Themen f\u00fcr F\u00fchrungskr\u00e4fte von KMU auf.\",\"publisher\":{\"@id\":\"https:\\\/\\\/www.organisator.ch\\\/#organization\"},\"potentialAction\":[{\"@type\":\"SearchAction\",\"target\":{\"@type\":\"EntryPoint\",\"urlTemplate\":\"https:\\\/\\\/www.organisator.ch\\\/?s={search_term_string}\"},\"query-input\":{\"@type\":\"PropertyValueSpecification\",\"valueRequired\":true,\"valueName\":\"search_term_string\"}}],\"inLanguage\":\"fr-FR\"},{\"@type\":\"Organization\",\"@id\":\"https:\\\/\\\/www.organisator.ch\\\/#organization\",\"name\":\"Organisator\",\"url\":\"https:\\\/\\\/www.organisator.ch\\\/\",\"logo\":{\"@type\":\"ImageObject\",\"inLanguage\":\"fr-FR\",\"@id\":\"https:\\\/\\\/www.organisator.ch\\\/#\\\/schema\\\/logo\\\/image\\\/\",\"url\":\"https:\\\/\\\/www.organisator.ch\\\/wp-content\\\/uploads\\\/2022\\\/01\\\/Logo_Organisator_Website.png\",\"contentUrl\":\"https:\\\/\\\/www.organisator.ch\\\/wp-content\\\/uploads\\\/2022\\\/01\\\/Logo_Organisator_Website.png\",\"width\":800,\"height\":77,\"caption\":\"Organisator\"},\"image\":{\"@id\":\"https:\\\/\\\/www.organisator.ch\\\/#\\\/schema\\\/logo\\\/image\\\/\"},\"sameAs\":[\"https:\\\/\\\/www.facebook.com\\\/OrganisatorFachmagazin\",\"https:\\\/\\\/www.linkedin.com\\\/showcase\\\/organisator-das-magazin-fr-kmu\",\"https:\\\/\\\/www.xing.com\\\/news\\\/pages\\\/organisator-ch-695\",\"https:\\\/\\\/www.youtube.com\\\/channel\\\/UCGP2Sq0iWaZwT3BdIAQFYpw\"]},{\"@type\":\"Person\",\"@id\":\"https:\\\/\\\/www.organisator.ch\\\/#\\\/schema\\\/person\\\/aa2bace6c5c5aad60102004a50c4eb1c\",\"name\":\"admin\",\"image\":{\"@type\":\"ImageObject\",\"inLanguage\":\"fr-FR\",\"@id\":\"https:\\\/\\\/secure.gravatar.com\\\/avatar\\\/ae2f4d718e6c49043e314ce431e7e645d646302a24a5ef5a8bc8e3f5a032e319?s=96&d=mm&r=g\",\"url\":\"https:\\\/\\\/secure.gravatar.com\\\/avatar\\\/ae2f4d718e6c49043e314ce431e7e645d646302a24a5ef5a8bc8e3f5a032e319?s=96&d=mm&r=g\",\"contentUrl\":\"https:\\\/\\\/secure.gravatar.com\\\/avatar\\\/ae2f4d718e6c49043e314ce431e7e645d646302a24a5ef5a8bc8e3f5a032e319?s=96&d=mm&r=g\",\"caption\":\"admin\"},\"sameAs\":[\"https:\\\/\\\/www.organisator.ch\"],\"url\":\"https:\\\/\\\/www.organisator.ch\\\/fr\\\/author\\\/admin\\\/\"}]}<\/script>\n<!-- \/ Yoast SEO plugin. -->","yoast_head_json":{"title":"Le cabinet de conseil Arcondis poursuit son expansion - Organisateur","description":"La soci\u00e9t\u00e9 de conseil Arcondis a cl\u00f4tur\u00e9 son 14e exercice avec un chiffre d'affaires consolid\u00e9 de 22,5 millions de francs suisses.","robots":{"index":"index","follow":"follow","max-snippet":"max-snippet:-1","max-image-preview":"max-image-preview:large","max-video-preview":"max-video-preview:-1"},"canonical":"https:\/\/www.organisator.ch\/fr\/general\/2016-04-07\/beratungsunternehmen-arcondis-baut-weiter-aus\/","og_locale":"fr_FR","og_type":"article","og_title":"Beratungsunternehmen Arcondis baut weiter aus","og_description":"Das auf die Life Sciences Industrie spezialisierte Beratungsunternehmen Arcondis schliesst sein 14. Gesch\u00e4ftsjahr mit einem stabilen Gruppenumsatz von 22.5 Millionen Schweizer Franken ab. Die deutschen Niederlassungen weisen ein Umsatzplus von 8 % auf und tragen mit umgerechnet 2.6 Millionen Schweizer Franken zum Umsatz der Schweizer Muttergesellschaft bei.","og_url":"https:\/\/www.organisator.ch\/fr\/general\/2016-04-07\/beratungsunternehmen-arcondis-baut-weiter-aus\/","og_site_name":"Organisator","article_publisher":"https:\/\/www.facebook.com\/OrganisatorFachmagazin","article_published_time":"2016-04-07T07:16:36+00:00","author":"admin","twitter_card":"summary_large_image","twitter_image":"https:\/\/www.organisator.ch\/wp-content\/uploads\/2016\/12\/Beratungsunternehmen-Arcondis-baut-weiter-aus-organisator.jpg","schema":{"@context":"https:\/\/schema.org","@graph":[{"@type":"Article","@id":"https:\/\/www.organisator.ch\/en\/general\/2016-04-07\/beratungsunternehmen-arcondis-baut-weiter-aus\/#article","isPartOf":{"@id":"https:\/\/www.organisator.ch\/en\/general\/2016-04-07\/beratungsunternehmen-arcondis-baut-weiter-aus\/"},"author":{"name":"admin","@id":"https:\/\/www.organisator.ch\/#\/schema\/person\/aa2bace6c5c5aad60102004a50c4eb1c"},"headline":"Beratungsunternehmen Arcondis baut weiter aus","datePublished":"2016-04-07T07:16:36+00:00","mainEntityOfPage":{"@id":"https:\/\/www.organisator.ch\/en\/general\/2016-04-07\/beratungsunternehmen-arcondis-baut-weiter-aus\/"},"wordCount":322,"commentCount":0,"publisher":{"@id":"https:\/\/www.organisator.ch\/#organization"},"image":{"@id":"https:\/\/www.organisator.ch\/en\/general\/2016-04-07\/beratungsunternehmen-arcondis-baut-weiter-aus\/#primaryimage"},"thumbnailUrl":"https:\/\/www.organisator.ch\/wp-content\/uploads\/2016\/12\/Beratungsunternehmen-Arcondis-baut-weiter-aus-organisator.jpg","keywords":["Unternehmen"],"articleSection":["Allgemein"],"inLanguage":"fr-FR"},{"@type":"WebPage","@id":"https:\/\/www.organisator.ch\/en\/general\/2016-04-07\/beratungsunternehmen-arcondis-baut-weiter-aus\/","url":"https:\/\/www.organisator.ch\/en\/general\/2016-04-07\/beratungsunternehmen-arcondis-baut-weiter-aus\/","name":"Le cabinet de conseil Arcondis poursuit son expansion - Organisateur","isPartOf":{"@id":"https:\/\/www.organisator.ch\/#website"},"primaryImageOfPage":{"@id":"https:\/\/www.organisator.ch\/en\/general\/2016-04-07\/beratungsunternehmen-arcondis-baut-weiter-aus\/#primaryimage"},"image":{"@id":"https:\/\/www.organisator.ch\/en\/general\/2016-04-07\/beratungsunternehmen-arcondis-baut-weiter-aus\/#primaryimage"},"thumbnailUrl":"https:\/\/www.organisator.ch\/wp-content\/uploads\/2016\/12\/Beratungsunternehmen-Arcondis-baut-weiter-aus-organisator.jpg","datePublished":"2016-04-07T07:16:36+00:00","description":"La soci\u00e9t\u00e9 de conseil Arcondis a cl\u00f4tur\u00e9 son 14e exercice avec un chiffre d'affaires consolid\u00e9 de 22,5 millions de francs suisses.","breadcrumb":{"@id":"https:\/\/www.organisator.ch\/en\/general\/2016-04-07\/beratungsunternehmen-arcondis-baut-weiter-aus\/#breadcrumb"},"inLanguage":"fr-FR","potentialAction":[{"@type":"ReadAction","target":["https:\/\/www.organisator.ch\/en\/general\/2016-04-07\/beratungsunternehmen-arcondis-baut-weiter-aus\/"]}]},{"@type":"ImageObject","inLanguage":"fr-FR","@id":"https:\/\/www.organisator.ch\/en\/general\/2016-04-07\/beratungsunternehmen-arcondis-baut-weiter-aus\/#primaryimage","url":"https:\/\/www.organisator.ch\/wp-content\/uploads\/2016\/12\/Beratungsunternehmen-Arcondis-baut-weiter-aus-organisator.jpg","contentUrl":"https:\/\/www.organisator.ch\/wp-content\/uploads\/2016\/12\/Beratungsunternehmen-Arcondis-baut-weiter-aus-organisator.jpg","width":448,"height":336,"caption":"Christian Baumgartner, Pr\u00e4sident des Verwaltungsrats und Gr\u00fcnder von Arcondis (links) und Erwin K\u00fcng, Gesch\u00e4ftsf\u00fchrer. (Foto: zVg)"},{"@type":"BreadcrumbList","@id":"https:\/\/www.organisator.ch\/en\/general\/2016-04-07\/beratungsunternehmen-arcondis-baut-weiter-aus\/#breadcrumb","itemListElement":[{"@type":"ListItem","position":1,"name":"Home","item":"https:\/\/www.organisator.ch\/"},{"@type":"ListItem","position":2,"name":"Beratungsunternehmen Arcondis baut weiter aus"}]},{"@type":"WebSite","@id":"https:\/\/www.organisator.ch\/#website","url":"https:\/\/www.organisator.ch\/","name":"Organisateur","description":"Comp\u00e9tence et comp\u00e9tence. Proches de la pratique. L'ORGANISATEUR pr\u00e9pare 10 num\u00e9ros par an sur les th\u00e8mes essentiels pour les dirigeants de PME.","publisher":{"@id":"https:\/\/www.organisator.ch\/#organization"},"potentialAction":[{"@type":"SearchAction","target":{"@type":"EntryPoint","urlTemplate":"https:\/\/www.organisator.ch\/?s={search_term_string}"},"query-input":{"@type":"PropertyValueSpecification","valueRequired":true,"valueName":"search_term_string"}}],"inLanguage":"fr-FR"},{"@type":"Organization","@id":"https:\/\/www.organisator.ch\/#organization","name":"Organisateur","url":"https:\/\/www.organisator.ch\/","logo":{"@type":"ImageObject","inLanguage":"fr-FR","@id":"https:\/\/www.organisator.ch\/#\/schema\/logo\/image\/","url":"https:\/\/www.organisator.ch\/wp-content\/uploads\/2022\/01\/Logo_Organisator_Website.png","contentUrl":"https:\/\/www.organisator.ch\/wp-content\/uploads\/2022\/01\/Logo_Organisator_Website.png","width":800,"height":77,"caption":"Organisator"},"image":{"@id":"https:\/\/www.organisator.ch\/#\/schema\/logo\/image\/"},"sameAs":["https:\/\/www.facebook.com\/OrganisatorFachmagazin","https:\/\/www.linkedin.com\/showcase\/organisator-das-magazin-fr-kmu","https:\/\/www.xing.com\/news\/pages\/organisator-ch-695","https:\/\/www.youtube.com\/channel\/UCGP2Sq0iWaZwT3BdIAQFYpw"]},{"@type":"Person","@id":"https:\/\/www.organisator.ch\/#\/schema\/person\/aa2bace6c5c5aad60102004a50c4eb1c","name":"admin","image":{"@type":"ImageObject","inLanguage":"fr-FR","@id":"https:\/\/secure.gravatar.com\/avatar\/ae2f4d718e6c49043e314ce431e7e645d646302a24a5ef5a8bc8e3f5a032e319?s=96&d=mm&r=g","url":"https:\/\/secure.gravatar.com\/avatar\/ae2f4d718e6c49043e314ce431e7e645d646302a24a5ef5a8bc8e3f5a032e319?s=96&d=mm&r=g","contentUrl":"https:\/\/secure.gravatar.com\/avatar\/ae2f4d718e6c49043e314ce431e7e645d646302a24a5ef5a8bc8e3f5a032e319?s=96&d=mm&r=g","caption":"admin"},"sameAs":["https:\/\/www.organisator.ch"],"url":"https:\/\/www.organisator.ch\/fr\/author\/admin\/"}]}},"_links":{"self":[{"href":"https:\/\/www.organisator.ch\/fr\/wp-json\/wp\/v2\/posts\/239","targetHints":{"allow":["GET"]}}],"collection":[{"href":"https:\/\/www.organisator.ch\/fr\/wp-json\/wp\/v2\/posts"}],"about":[{"href":"https:\/\/www.organisator.ch\/fr\/wp-json\/wp\/v2\/types\/post"}],"author":[{"embeddable":true,"href":"https:\/\/www.organisator.ch\/fr\/wp-json\/wp\/v2\/users\/1"}],"replies":[{"embeddable":true,"href":"https:\/\/www.organisator.ch\/fr\/wp-json\/wp\/v2\/comments?post=239"}],"version-history":[{"count":0,"href":"https:\/\/www.organisator.ch\/fr\/wp-json\/wp\/v2\/posts\/239\/revisions"}],"wp:featuredmedia":[{"embeddable":true,"href":"https:\/\/www.organisator.ch\/fr\/wp-json\/wp\/v2\/media\/240"}],"wp:attachment":[{"href":"https:\/\/www.organisator.ch\/fr\/wp-json\/wp\/v2\/media?parent=239"}],"wp:term":[{"taxonomy":"category","embeddable":true,"href":"https:\/\/www.organisator.ch\/fr\/wp-json\/wp\/v2\/categories?post=239"},{"taxonomy":"post_tag","embeddable":true,"href":"https:\/\/www.organisator.ch\/fr\/wp-json\/wp\/v2\/tags?post=239"}],"curies":[{"name":"wp","href":"https:\/\/api.w.org\/{rel}","templated":true}]}}