{"id":23935,"date":"2023-12-19T09:20:14","date_gmt":"2023-12-19T08:20:14","guid":{"rendered":"https:\/\/www.organisator.ch\/?p=23935"},"modified":"2024-01-03T08:26:06","modified_gmt":"2024-01-03T07:26:06","slug":"fuenf-firmen-fuer-den-prix-svc-ostschweiz-preis-nominiert","status":"publish","type":"post","link":"https:\/\/www.organisator.ch\/fr\/allgemein\/2023-12-19\/fuenf-firmen-fuer-den-prix-svc-ostschweiz-preis-nominiert\/","title":{"rendered":"Cinq entreprises nomin\u00e9es pour le Prix SVC Ostschweiz"},"content":{"rendered":"<figure id=\"attachment_23936\" class=\"wp-caption alignnone\" style=\"width: 680px;\" aria-describedby=\"caption-attachment-23936\"><img class=\"size-full wp-image-23936\" src=\"https:\/\/www.organisator.ch\/wp-content\/uploads\/2023\/12\/DSC_0008_Thomas-Berner_ps.jpg\" sizes=\"(max-width: 680px) 100vw, 680px\" srcset=\"https:\/\/www.organisator.ch\/wp-content\/uploads\/2023\/12\/DSC_0008_Thomas-Berner_ps.jpg 680w, https:\/\/www.organisator.ch\/wp-content\/uploads\/2023\/12\/DSC_0008_Thomas-Berner_ps-18x12.jpg 18w, https:\/\/www.organisator.ch\/wp-content\/uploads\/2023\/12\/DSC_0008_Thomas-Berner_ps-375x249.jpg 375w, https:\/\/www.organisator.ch\/wp-content\/uploads\/2023\/12\/DSC_0008_Thomas-Berner_ps-527x350.jpg 527w\" alt=\"\" width=\"680\" height=\"452\" \/>\r\n<figcaption id=\"caption-attachment-23936\" class=\"wp-caption-text\">Le r\u00e9seau d'entrepreneurs SVC (Swiss Venture Club) d\u00e9cerne pour la onzi\u00e8me fois le Prix SVC Ostschweiz. (Image : Thomas Berner)<\/figcaption>\r\n<\/figure>\r\n<p>Le SVC (Swiss Venture Club), une association ind\u00e9pendante de promotion et de soutien des PME en Suisse, est l'initiateur et le promoteur des Prix SVC. Avec le Prix SVC Ostschweiz, il distingue des PME exemplaires qui convainquent par leurs produits et services innovants, leur culture d'entreprise, la qualit\u00e9 de leurs collaborateurs et de leur management ainsi que par leur r\u00e9ussite durable. La condition pr\u00e9alable \u00e0 la nomination par le jury est un fort ancrage dans la r\u00e9gion.<\/p>\r\n<p>La remise des prix aura lieu le jeudi 7 mars 2024 dans les halles de l'Olma. Un millier d'invit\u00e9s issus des milieux \u00e9conomiques, scientifiques, politiques et culturels sont attendus. La c\u00e9r\u00e9monie sera anim\u00e9e par Marco Fritsche.<\/p>\r\n<h3><strong>Les finalistes 2024 : cinq success stories convaincantes de la r\u00e9gion \u00e9conomique de Suisse orientale<\/strong><\/h3>\r\n<h3><a href=\"https:\/\/www.ete.ch\/\"><strong>Groupe Emil Egger<\/strong><\/a><\/h3>\r\n<p>L'entreprise familiale dirig\u00e9e par ses propri\u00e9taires, qui emploie environ 800 personnes sur 11 sites, s'est \u00e9tablie comme une force renomm\u00e9e dans le secteur de la logistique. Sp\u00e9cialis\u00e9e dans la logistique des marchandises de d\u00e9tail, des marchandises lourdes et de l'entreposage, l'entreprise se distingue par son expertise dans la manutention de marchandises surdimensionn\u00e9es. Emil Egger fait partie du top 20 des prestataires de services de grue dans l'espace germanophone. L'entreprise est dirig\u00e9e par la troisi\u00e8me g\u00e9n\u00e9ration, les fr\u00e8res Michael et Markus Egger.<\/p>\r\n<h3><strong><a href=\"https:\/\/www.huberfenster.ch\/\">Huber Fenster AG<\/a>\u00a0<\/strong><\/h3>\r\n<p>Presque toutes les fen\u00eatres sont des fabrications sp\u00e9ciales r\u00e9pondant aux souhaits et aux id\u00e9es des architectes et des ma\u00eetres d'ouvrage. Depuis 140 ans, cette entreprise familiale ind\u00e9pendante de taille moyenne est pr\u00e9cis\u00e9ment sp\u00e9cialis\u00e9e dans ce domaine : des fen\u00eatres de haute qualit\u00e9 et des \u00e9l\u00e9ments de fa\u00e7ade personnalis\u00e9s. L'entreprise consid\u00e8re ses 101 collaborateurs, dirig\u00e9s par les trois fr\u00e8res Matthias, Pascal et Sebastian Huber en cinqui\u00e8me g\u00e9n\u00e9ration, comme le facteur de r\u00e9ussite le plus important.<\/p>\r\n<h3><a href=\"https:\/\/www.maerchenhotel.ch\/\"><strong>M\u00e4rchenhotel AG<\/strong><\/a><\/h3>\r\n<p>La premi\u00e8re pierre de l'actuel h\u00f4tel des contes de f\u00e9es a \u00e9t\u00e9 pos\u00e9e en 1977, lorsque le directeur du Grand H\u00f4tel Bellevue a racont\u00e9 pour la premi\u00e8re fois un conte de f\u00e9es aux jeunes clients. Depuis, cette tradition se poursuit sans interruption. Chaque jour, 55 collaborateurs s'engagent, sous la direction de Nadja et Patric Vogel, pour que les familles puissent profiter d'une parenth\u00e8se f\u00e9erique \u00e0 Braunwald. L'entreprise est devenue l'un des plus grands employeurs touristiques du canton de Glaris et a d\u00e9j\u00e0 \u00e9t\u00e9 class\u00e9e \u00e0 plusieurs reprises parmi les \"meilleurs h\u00f4tels familiaux de Suisse\".<\/p>\r\n<h3><a href=\"https:\/\/nucan.com\/de\/home\"><strong>Nussbaum Matzingen AG<\/strong><\/a><\/h3>\r\n<p>\"We Can\" - les canettes en aluminium sont le cosmos de l'entreprise familiale fond\u00e9e en 1963. L'entreprise se focalise sur le d\u00e9veloppement de solutions d'emballage durables et innovantes en aluminium pour les secteurs cosm\u00e9tique, pharmaceutique, alimentaire et industriel et les fabrique dans le respect de l'environnement. Des bo\u00eetes monoblocs de haute qualit\u00e9 sont produites dans trois usines en Suisse et en Allemagne. Le Groupe Nussbaum emploie plus de 300 personnes et distribue ses produits dans le monde entier. Florian J. Nussbaum est le CEO et le propri\u00e9taire de l'entreprise.<\/p>\r\n<h3><a href=\"https:\/\/www.zindel-united.swiss\/\"><strong>Zindel United<\/strong><\/a><\/h3>\r\n<p>Andreas Zindel repr\u00e9sente d\u00e9j\u00e0 la huiti\u00e8me g\u00e9n\u00e9ration \u00e0 la t\u00eate de l'entreprise familiale, qui s'occupe de chaque \u00e9tape du cycle de vie d'une construction : de l'id\u00e9e \u00e0 la nouvelle construction, en passant par le financement et la planification, la d\u00e9construction et la r\u00e9novation de b\u00e2timents existants, l'entretien et la logistique n\u00e9cessaire \u00e0 cet effet. Zindel United emploie environ 450 personnes et le site principal de Maienfeld est compl\u00e9t\u00e9 par huit autres sites dans les Grisons, \u00e0 Walenstadt et dans la vall\u00e9e du Rhin saint-galloise.<\/p>\r\n<p><em>Source : <a href=\"http:\/\/www.svc.swiss\/\">www.svc.swiss<\/a><\/em><\/p>","protected":false},"excerpt":{"rendered":"<p>Le 7 mars 2024, le r\u00e9seau d'entrepreneurs SVC (Swiss Venture Club) d\u00e9cernera pour la onzi\u00e8me fois le Prix SVC Ostschweiz. Cinq PME performantes de Suisse orientale sont nomin\u00e9es pour la grande finale et peuvent esp\u00e9rer remporter le Prix SVC : Le groupe Emil Egger de Saint-Gall, Huber Fenster AG de Herisau, M\u00e4rchenhotel AG de Braunwald, Nussbaum Matzingen AG de Matzingen et Zindel United de Maienfeld.<\/p>","protected":false},"author":58,"featured_media":23936,"comment_status":"closed","ping_status":"closed","sticky":false,"template":"","format":"standard","meta":{"_acf_changed":false,"_yoast_wpseo_focuskw":"Prix","_yoast_wpseo_metadesc":"Das Unternehmernetzwerk SVC (Swiss Venture Club) vergibt am 7. M\u00e4rz 2024 zum elften Mal den Prix SVC Ostschweiz.","articlekey":"","footnotes":""},"categories":[1],"tags":[2996,1943,390,492],"class_list":["post-23935","post","type-post","status-publish","format-standard","has-post-thumbnail","hentry","category-allgemein","tag-ostschweiz","tag-preis","tag-prix-svc","tag-unternehmen"],"acf":[],"yoast_head":"<!-- This site is optimized with the Yoast SEO plugin v27.4 - https:\/\/yoast.com\/product\/yoast-seo-wordpress\/ -->\n<title>F\u00fcnf Firmen f\u00fcr den Prix SVC Ostschweiz Preis nominiert - Organisator<\/title>\n<meta name=\"description\" content=\"Das Unternehmernetzwerk SVC (Swiss Venture Club) vergibt am 7. M\u00e4rz 2024 zum elften Mal den Prix SVC Ostschweiz.\" \/>\n<meta name=\"robots\" content=\"index, follow, max-snippet:-1, max-image-preview:large, max-video-preview:-1\" \/>\n<link rel=\"canonical\" href=\"https:\/\/www.organisator.ch\/fr\/general\/2023-12-19\/fuenf-firmen-fuer-den-prix-svc-ostschweiz-preis-nominiert\/\" \/>\n<meta property=\"og:locale\" content=\"fr_FR\" \/>\n<meta property=\"og:type\" content=\"article\" \/>\n<meta property=\"og:title\" content=\"F\u00fcnf Firmen f\u00fcr den Prix SVC Ostschweiz Preis nominiert\" \/>\n<meta property=\"og:description\" content=\"Das Unternehmernetzwerk SVC (Swiss Venture Club) vergibt am 7. M\u00e4rz 2024 zum elften Mal den Prix SVC Ostschweiz.\" \/>\n<meta property=\"og:url\" content=\"https:\/\/www.organisator.ch\/fr\/general\/2023-12-19\/fuenf-firmen-fuer-den-prix-svc-ostschweiz-preis-nominiert\/\" \/>\n<meta property=\"og:site_name\" content=\"Organisator\" \/>\n<meta property=\"article:publisher\" content=\"https:\/\/www.facebook.com\/OrganisatorFachmagazin\" \/>\n<meta property=\"article:published_time\" content=\"2023-12-19T08:20:14+00:00\" \/>\n<meta property=\"article:modified_time\" content=\"2024-01-03T07:26:06+00:00\" \/>\n<meta property=\"og:image\" content=\"https:\/\/www.organisator.ch\/wp-content\/uploads\/2023\/12\/DSC_0008_Thomas-Berner_ps.jpg\" \/>\n\t<meta property=\"og:image:width\" content=\"680\" \/>\n\t<meta property=\"og:image:height\" content=\"452\" \/>\n\t<meta property=\"og:image:type\" content=\"image\/jpeg\" \/>\n<meta name=\"author\" content=\"Adelisa Kalajdzini\" \/>\n<meta name=\"twitter:card\" content=\"summary_large_image\" \/>\n<meta name=\"twitter:title\" content=\"F\u00fcnf Firmen f\u00fcr den Prix SVC Ostschweiz Preis nominiert\" \/>\n<meta name=\"twitter:description\" content=\"Das Unternehmernetzwerk #SVC (Swiss Venture Club) vergibt am 7. M\u00e4rz 2024 zum elften Mal den #Prix SVC #Ostschweiz.\" \/>\n<meta name=\"twitter:image\" content=\"https:\/\/www.organisator.ch\/wp-content\/uploads\/2023\/12\/DSC_0008_Thomas-Berner_ps.jpg\" \/>\n<script type=\"application\/ld+json\" class=\"yoast-schema-graph\">{\"@context\":\"https:\\\/\\\/schema.org\",\"@graph\":[{\"@type\":\"Article\",\"@id\":\"https:\\\/\\\/www.organisator.ch\\\/allgemein\\\/2023-12-19\\\/fuenf-firmen-fuer-den-prix-svc-ostschweiz-preis-nominiert\\\/#article\",\"isPartOf\":{\"@id\":\"https:\\\/\\\/www.organisator.ch\\\/allgemein\\\/2023-12-19\\\/fuenf-firmen-fuer-den-prix-svc-ostschweiz-preis-nominiert\\\/\"},\"author\":{\"name\":\"Adelisa Kalajdzini\",\"@id\":\"https:\\\/\\\/www.organisator.ch\\\/#\\\/schema\\\/person\\\/2e1314a2172123f874db408d8911d3f3\"},\"headline\":\"F\u00fcnf Firmen f\u00fcr den Prix SVC Ostschweiz Preis nominiert\",\"datePublished\":\"2023-12-19T08:20:14+00:00\",\"dateModified\":\"2024-01-03T07:26:06+00:00\",\"mainEntityOfPage\":{\"@id\":\"https:\\\/\\\/www.organisator.ch\\\/allgemein\\\/2023-12-19\\\/fuenf-firmen-fuer-den-prix-svc-ostschweiz-preis-nominiert\\\/\"},\"wordCount\":528,\"publisher\":{\"@id\":\"https:\\\/\\\/www.organisator.ch\\\/#organization\"},\"image\":{\"@id\":\"https:\\\/\\\/www.organisator.ch\\\/allgemein\\\/2023-12-19\\\/fuenf-firmen-fuer-den-prix-svc-ostschweiz-preis-nominiert\\\/#primaryimage\"},\"thumbnailUrl\":\"https:\\\/\\\/www.organisator.ch\\\/wp-content\\\/uploads\\\/2023\\\/12\\\/DSC_0008_Thomas-Berner_ps.jpg\",\"keywords\":[\"Ostschweiz\",\"Preis\",\"Prix SVC\",\"Unternehmen\"],\"articleSection\":[\"Allgemein\"],\"inLanguage\":\"fr-FR\"},{\"@type\":\"WebPage\",\"@id\":\"https:\\\/\\\/www.organisator.ch\\\/allgemein\\\/2023-12-19\\\/fuenf-firmen-fuer-den-prix-svc-ostschweiz-preis-nominiert\\\/\",\"url\":\"https:\\\/\\\/www.organisator.ch\\\/allgemein\\\/2023-12-19\\\/fuenf-firmen-fuer-den-prix-svc-ostschweiz-preis-nominiert\\\/\",\"name\":\"F\u00fcnf Firmen f\u00fcr den Prix SVC Ostschweiz Preis nominiert - Organisator\",\"isPartOf\":{\"@id\":\"https:\\\/\\\/www.organisator.ch\\\/#website\"},\"primaryImageOfPage\":{\"@id\":\"https:\\\/\\\/www.organisator.ch\\\/allgemein\\\/2023-12-19\\\/fuenf-firmen-fuer-den-prix-svc-ostschweiz-preis-nominiert\\\/#primaryimage\"},\"image\":{\"@id\":\"https:\\\/\\\/www.organisator.ch\\\/allgemein\\\/2023-12-19\\\/fuenf-firmen-fuer-den-prix-svc-ostschweiz-preis-nominiert\\\/#primaryimage\"},\"thumbnailUrl\":\"https:\\\/\\\/www.organisator.ch\\\/wp-content\\\/uploads\\\/2023\\\/12\\\/DSC_0008_Thomas-Berner_ps.jpg\",\"datePublished\":\"2023-12-19T08:20:14+00:00\",\"dateModified\":\"2024-01-03T07:26:06+00:00\",\"description\":\"Das Unternehmernetzwerk SVC (Swiss Venture Club) vergibt am 7. M\u00e4rz 2024 zum elften Mal den Prix SVC Ostschweiz.\",\"breadcrumb\":{\"@id\":\"https:\\\/\\\/www.organisator.ch\\\/allgemein\\\/2023-12-19\\\/fuenf-firmen-fuer-den-prix-svc-ostschweiz-preis-nominiert\\\/#breadcrumb\"},\"inLanguage\":\"fr-FR\",\"potentialAction\":[{\"@type\":\"ReadAction\",\"target\":[\"https:\\\/\\\/www.organisator.ch\\\/allgemein\\\/2023-12-19\\\/fuenf-firmen-fuer-den-prix-svc-ostschweiz-preis-nominiert\\\/\"]}]},{\"@type\":\"ImageObject\",\"inLanguage\":\"fr-FR\",\"@id\":\"https:\\\/\\\/www.organisator.ch\\\/allgemein\\\/2023-12-19\\\/fuenf-firmen-fuer-den-prix-svc-ostschweiz-preis-nominiert\\\/#primaryimage\",\"url\":\"https:\\\/\\\/www.organisator.ch\\\/wp-content\\\/uploads\\\/2023\\\/12\\\/DSC_0008_Thomas-Berner_ps.jpg\",\"contentUrl\":\"https:\\\/\\\/www.organisator.ch\\\/wp-content\\\/uploads\\\/2023\\\/12\\\/DSC_0008_Thomas-Berner_ps.jpg\",\"width\":680,\"height\":452,\"caption\":\"Das Unternehmernetzwerk SVC (Swiss Venture Club) vergibt zum elften Mal den Prix SVC Ostschweiz. (Bild: Thomas Berner)\"},{\"@type\":\"BreadcrumbList\",\"@id\":\"https:\\\/\\\/www.organisator.ch\\\/allgemein\\\/2023-12-19\\\/fuenf-firmen-fuer-den-prix-svc-ostschweiz-preis-nominiert\\\/#breadcrumb\",\"itemListElement\":[{\"@type\":\"ListItem\",\"position\":1,\"name\":\"Home\",\"item\":\"https:\\\/\\\/www.organisator.ch\\\/\"},{\"@type\":\"ListItem\",\"position\":2,\"name\":\"F\u00fcnf Firmen f\u00fcr den Prix SVC Ostschweiz Preis nominiert\"}]},{\"@type\":\"WebSite\",\"@id\":\"https:\\\/\\\/www.organisator.ch\\\/#website\",\"url\":\"https:\\\/\\\/www.organisator.ch\\\/\",\"name\":\"Organisator\",\"description\":\"Kompetent. Praxisnah. Der ORGANISATOR bereitet in 10 Ausgaben pro Jahr die wesentlichen Themen f\u00fcr F\u00fchrungskr\u00e4fte von KMU auf.\",\"publisher\":{\"@id\":\"https:\\\/\\\/www.organisator.ch\\\/#organization\"},\"potentialAction\":[{\"@type\":\"SearchAction\",\"target\":{\"@type\":\"EntryPoint\",\"urlTemplate\":\"https:\\\/\\\/www.organisator.ch\\\/?s={search_term_string}\"},\"query-input\":{\"@type\":\"PropertyValueSpecification\",\"valueRequired\":true,\"valueName\":\"search_term_string\"}}],\"inLanguage\":\"fr-FR\"},{\"@type\":\"Organization\",\"@id\":\"https:\\\/\\\/www.organisator.ch\\\/#organization\",\"name\":\"Organisator\",\"url\":\"https:\\\/\\\/www.organisator.ch\\\/\",\"logo\":{\"@type\":\"ImageObject\",\"inLanguage\":\"fr-FR\",\"@id\":\"https:\\\/\\\/www.organisator.ch\\\/#\\\/schema\\\/logo\\\/image\\\/\",\"url\":\"https:\\\/\\\/www.organisator.ch\\\/wp-content\\\/uploads\\\/2022\\\/01\\\/Logo_Organisator_Website.png\",\"contentUrl\":\"https:\\\/\\\/www.organisator.ch\\\/wp-content\\\/uploads\\\/2022\\\/01\\\/Logo_Organisator_Website.png\",\"width\":800,\"height\":77,\"caption\":\"Organisator\"},\"image\":{\"@id\":\"https:\\\/\\\/www.organisator.ch\\\/#\\\/schema\\\/logo\\\/image\\\/\"},\"sameAs\":[\"https:\\\/\\\/www.facebook.com\\\/OrganisatorFachmagazin\",\"https:\\\/\\\/www.linkedin.com\\\/showcase\\\/organisator-das-magazin-fr-kmu\",\"https:\\\/\\\/www.xing.com\\\/news\\\/pages\\\/organisator-ch-695\",\"https:\\\/\\\/www.youtube.com\\\/channel\\\/UCGP2Sq0iWaZwT3BdIAQFYpw\"]},{\"@type\":\"Person\",\"@id\":\"https:\\\/\\\/www.organisator.ch\\\/#\\\/schema\\\/person\\\/2e1314a2172123f874db408d8911d3f3\",\"name\":\"Adelisa Kalajdzini\",\"image\":{\"@type\":\"ImageObject\",\"inLanguage\":\"fr-FR\",\"@id\":\"https:\\\/\\\/secure.gravatar.com\\\/avatar\\\/09a397c22ac58cad6f160ee8306348599df9df58a8ede73696226897b9fa4b24?s=96&d=mm&r=g\",\"url\":\"https:\\\/\\\/secure.gravatar.com\\\/avatar\\\/09a397c22ac58cad6f160ee8306348599df9df58a8ede73696226897b9fa4b24?s=96&d=mm&r=g\",\"contentUrl\":\"https:\\\/\\\/secure.gravatar.com\\\/avatar\\\/09a397c22ac58cad6f160ee8306348599df9df58a8ede73696226897b9fa4b24?s=96&d=mm&r=g\",\"caption\":\"Adelisa Kalajdzini\"},\"url\":\"https:\\\/\\\/www.organisator.ch\\\/fr\\\/author\\\/adelisa-kalajdzini\\\/\"}]}<\/script>\n<!-- \/ Yoast SEO plugin. -->","yoast_head_json":{"title":"Cinq entreprises nomin\u00e9es pour le Prix SVC Ostschweiz - Organisateur","description":"Le 7 mars 2024, le r\u00e9seau d'entrepreneurs SVC (Swiss Venture Club) d\u00e9cernera pour la onzi\u00e8me fois le Prix SVC Ostschweiz.","robots":{"index":"index","follow":"follow","max-snippet":"max-snippet:-1","max-image-preview":"max-image-preview:large","max-video-preview":"max-video-preview:-1"},"canonical":"https:\/\/www.organisator.ch\/fr\/general\/2023-12-19\/fuenf-firmen-fuer-den-prix-svc-ostschweiz-preis-nominiert\/","og_locale":"fr_FR","og_type":"article","og_title":"F\u00fcnf Firmen f\u00fcr den Prix SVC Ostschweiz Preis nominiert","og_description":"Das Unternehmernetzwerk SVC (Swiss Venture Club) vergibt am 7. M\u00e4rz 2024 zum elften Mal den Prix SVC Ostschweiz.","og_url":"https:\/\/www.organisator.ch\/fr\/general\/2023-12-19\/fuenf-firmen-fuer-den-prix-svc-ostschweiz-preis-nominiert\/","og_site_name":"Organisator","article_publisher":"https:\/\/www.facebook.com\/OrganisatorFachmagazin","article_published_time":"2023-12-19T08:20:14+00:00","article_modified_time":"2024-01-03T07:26:06+00:00","og_image":[{"width":680,"height":452,"url":"https:\/\/www.organisator.ch\/wp-content\/uploads\/2023\/12\/DSC_0008_Thomas-Berner_ps.jpg","type":"image\/jpeg"}],"author":"Adelisa Kalajdzini","twitter_card":"summary_large_image","twitter_title":"F\u00fcnf Firmen f\u00fcr den Prix SVC Ostschweiz Preis nominiert","twitter_description":"Das Unternehmernetzwerk #SVC (Swiss Venture Club) vergibt am 7. M\u00e4rz 2024 zum elften Mal den #Prix SVC #Ostschweiz.","twitter_image":"https:\/\/www.organisator.ch\/wp-content\/uploads\/2023\/12\/DSC_0008_Thomas-Berner_ps.jpg","schema":{"@context":"https:\/\/schema.org","@graph":[{"@type":"Article","@id":"https:\/\/www.organisator.ch\/allgemein\/2023-12-19\/fuenf-firmen-fuer-den-prix-svc-ostschweiz-preis-nominiert\/#article","isPartOf":{"@id":"https:\/\/www.organisator.ch\/allgemein\/2023-12-19\/fuenf-firmen-fuer-den-prix-svc-ostschweiz-preis-nominiert\/"},"author":{"name":"Adelisa Kalajdzini","@id":"https:\/\/www.organisator.ch\/#\/schema\/person\/2e1314a2172123f874db408d8911d3f3"},"headline":"F\u00fcnf Firmen f\u00fcr den Prix SVC Ostschweiz Preis nominiert","datePublished":"2023-12-19T08:20:14+00:00","dateModified":"2024-01-03T07:26:06+00:00","mainEntityOfPage":{"@id":"https:\/\/www.organisator.ch\/allgemein\/2023-12-19\/fuenf-firmen-fuer-den-prix-svc-ostschweiz-preis-nominiert\/"},"wordCount":528,"publisher":{"@id":"https:\/\/www.organisator.ch\/#organization"},"image":{"@id":"https:\/\/www.organisator.ch\/allgemein\/2023-12-19\/fuenf-firmen-fuer-den-prix-svc-ostschweiz-preis-nominiert\/#primaryimage"},"thumbnailUrl":"https:\/\/www.organisator.ch\/wp-content\/uploads\/2023\/12\/DSC_0008_Thomas-Berner_ps.jpg","keywords":["Ostschweiz","Preis","Prix SVC","Unternehmen"],"articleSection":["Allgemein"],"inLanguage":"fr-FR"},{"@type":"WebPage","@id":"https:\/\/www.organisator.ch\/allgemein\/2023-12-19\/fuenf-firmen-fuer-den-prix-svc-ostschweiz-preis-nominiert\/","url":"https:\/\/www.organisator.ch\/allgemein\/2023-12-19\/fuenf-firmen-fuer-den-prix-svc-ostschweiz-preis-nominiert\/","name":"Cinq entreprises nomin\u00e9es pour le Prix SVC Ostschweiz - Organisateur","isPartOf":{"@id":"https:\/\/www.organisator.ch\/#website"},"primaryImageOfPage":{"@id":"https:\/\/www.organisator.ch\/allgemein\/2023-12-19\/fuenf-firmen-fuer-den-prix-svc-ostschweiz-preis-nominiert\/#primaryimage"},"image":{"@id":"https:\/\/www.organisator.ch\/allgemein\/2023-12-19\/fuenf-firmen-fuer-den-prix-svc-ostschweiz-preis-nominiert\/#primaryimage"},"thumbnailUrl":"https:\/\/www.organisator.ch\/wp-content\/uploads\/2023\/12\/DSC_0008_Thomas-Berner_ps.jpg","datePublished":"2023-12-19T08:20:14+00:00","dateModified":"2024-01-03T07:26:06+00:00","description":"Le 7 mars 2024, le r\u00e9seau d'entrepreneurs SVC (Swiss Venture Club) d\u00e9cernera pour la onzi\u00e8me fois le Prix SVC Ostschweiz.","breadcrumb":{"@id":"https:\/\/www.organisator.ch\/allgemein\/2023-12-19\/fuenf-firmen-fuer-den-prix-svc-ostschweiz-preis-nominiert\/#breadcrumb"},"inLanguage":"fr-FR","potentialAction":[{"@type":"ReadAction","target":["https:\/\/www.organisator.ch\/allgemein\/2023-12-19\/fuenf-firmen-fuer-den-prix-svc-ostschweiz-preis-nominiert\/"]}]},{"@type":"ImageObject","inLanguage":"fr-FR","@id":"https:\/\/www.organisator.ch\/allgemein\/2023-12-19\/fuenf-firmen-fuer-den-prix-svc-ostschweiz-preis-nominiert\/#primaryimage","url":"https:\/\/www.organisator.ch\/wp-content\/uploads\/2023\/12\/DSC_0008_Thomas-Berner_ps.jpg","contentUrl":"https:\/\/www.organisator.ch\/wp-content\/uploads\/2023\/12\/DSC_0008_Thomas-Berner_ps.jpg","width":680,"height":452,"caption":"Das Unternehmernetzwerk SVC (Swiss Venture Club) vergibt zum elften Mal den Prix SVC Ostschweiz. (Bild: Thomas Berner)"},{"@type":"BreadcrumbList","@id":"https:\/\/www.organisator.ch\/allgemein\/2023-12-19\/fuenf-firmen-fuer-den-prix-svc-ostschweiz-preis-nominiert\/#breadcrumb","itemListElement":[{"@type":"ListItem","position":1,"name":"Home","item":"https:\/\/www.organisator.ch\/"},{"@type":"ListItem","position":2,"name":"F\u00fcnf Firmen f\u00fcr den Prix SVC Ostschweiz Preis nominiert"}]},{"@type":"WebSite","@id":"https:\/\/www.organisator.ch\/#website","url":"https:\/\/www.organisator.ch\/","name":"Organisateur","description":"Comp\u00e9tence et comp\u00e9tence. Proches de la pratique. L'ORGANISATEUR pr\u00e9pare 10 num\u00e9ros par an sur les th\u00e8mes essentiels pour les dirigeants de PME.","publisher":{"@id":"https:\/\/www.organisator.ch\/#organization"},"potentialAction":[{"@type":"SearchAction","target":{"@type":"EntryPoint","urlTemplate":"https:\/\/www.organisator.ch\/?s={search_term_string}"},"query-input":{"@type":"PropertyValueSpecification","valueRequired":true,"valueName":"search_term_string"}}],"inLanguage":"fr-FR"},{"@type":"Organization","@id":"https:\/\/www.organisator.ch\/#organization","name":"Organisateur","url":"https:\/\/www.organisator.ch\/","logo":{"@type":"ImageObject","inLanguage":"fr-FR","@id":"https:\/\/www.organisator.ch\/#\/schema\/logo\/image\/","url":"https:\/\/www.organisator.ch\/wp-content\/uploads\/2022\/01\/Logo_Organisator_Website.png","contentUrl":"https:\/\/www.organisator.ch\/wp-content\/uploads\/2022\/01\/Logo_Organisator_Website.png","width":800,"height":77,"caption":"Organisator"},"image":{"@id":"https:\/\/www.organisator.ch\/#\/schema\/logo\/image\/"},"sameAs":["https:\/\/www.facebook.com\/OrganisatorFachmagazin","https:\/\/www.linkedin.com\/showcase\/organisator-das-magazin-fr-kmu","https:\/\/www.xing.com\/news\/pages\/organisator-ch-695","https:\/\/www.youtube.com\/channel\/UCGP2Sq0iWaZwT3BdIAQFYpw"]},{"@type":"Person","@id":"https:\/\/www.organisator.ch\/#\/schema\/person\/2e1314a2172123f874db408d8911d3f3","name":"Adelisa Kalajdzini","image":{"@type":"ImageObject","inLanguage":"fr-FR","@id":"https:\/\/secure.gravatar.com\/avatar\/09a397c22ac58cad6f160ee8306348599df9df58a8ede73696226897b9fa4b24?s=96&d=mm&r=g","url":"https:\/\/secure.gravatar.com\/avatar\/09a397c22ac58cad6f160ee8306348599df9df58a8ede73696226897b9fa4b24?s=96&d=mm&r=g","contentUrl":"https:\/\/secure.gravatar.com\/avatar\/09a397c22ac58cad6f160ee8306348599df9df58a8ede73696226897b9fa4b24?s=96&d=mm&r=g","caption":"Adelisa Kalajdzini"},"url":"https:\/\/www.organisator.ch\/fr\/author\/adelisa-kalajdzini\/"}]}},"_links":{"self":[{"href":"https:\/\/www.organisator.ch\/fr\/wp-json\/wp\/v2\/posts\/23935","targetHints":{"allow":["GET"]}}],"collection":[{"href":"https:\/\/www.organisator.ch\/fr\/wp-json\/wp\/v2\/posts"}],"about":[{"href":"https:\/\/www.organisator.ch\/fr\/wp-json\/wp\/v2\/types\/post"}],"author":[{"embeddable":true,"href":"https:\/\/www.organisator.ch\/fr\/wp-json\/wp\/v2\/users\/58"}],"replies":[{"embeddable":true,"href":"https:\/\/www.organisator.ch\/fr\/wp-json\/wp\/v2\/comments?post=23935"}],"version-history":[{"count":8,"href":"https:\/\/www.organisator.ch\/fr\/wp-json\/wp\/v2\/posts\/23935\/revisions"}],"predecessor-version":[{"id":24076,"href":"https:\/\/www.organisator.ch\/fr\/wp-json\/wp\/v2\/posts\/23935\/revisions\/24076"}],"wp:featuredmedia":[{"embeddable":true,"href":"https:\/\/www.organisator.ch\/fr\/wp-json\/wp\/v2\/media\/23936"}],"wp:attachment":[{"href":"https:\/\/www.organisator.ch\/fr\/wp-json\/wp\/v2\/media?parent=23935"}],"wp:term":[{"taxonomy":"category","embeddable":true,"href":"https:\/\/www.organisator.ch\/fr\/wp-json\/wp\/v2\/categories?post=23935"},{"taxonomy":"post_tag","embeddable":true,"href":"https:\/\/www.organisator.ch\/fr\/wp-json\/wp\/v2\/tags?post=23935"}],"curies":[{"name":"wp","href":"https:\/\/api.w.org\/{rel}","templated":true}]}}