{"id":2404,"date":"2017-09-08T09:24:56","date_gmt":"2017-09-08T07:24:56","guid":{"rendered":"https:\/\/www.organisator.ch\/?p=2404"},"modified":"2017-09-08T09:24:56","modified_gmt":"2017-09-08T07:24:56","slug":"andreas-gerber-ist-neuer-praesident-des-swiss-venture-club","status":"publish","type":"post","link":"https:\/\/www.organisator.ch\/fr\/management\/2017-09-08\/andreas-gerber-ist-neuer-praesident-des-swiss-venture-club\/","title":{"rendered":"Andreas Gerber est le nouveau pr\u00e9sident du Swiss Venture Club"},"content":{"rendered":"<figure id=\"attachment_2406\" aria-describedby=\"caption-attachment-2406\" style=\"width: 640px\" class=\"wp-caption alignnone\"><img loading=\"lazy\" decoding=\"async\" class=\"size-full wp-image-2406\" src=\"https:\/\/www.organisator.ch\/wp-content\/uploads\/2017\/09\/Andreas-Gerber-ist-neuer-Praesident-des-Swiss-Venture-Club_Organisator.jpg\" alt=\"\" width=\"640\" height=\"427\" srcset=\"https:\/\/www.organisator.ch\/wp-content\/uploads\/2017\/09\/Andreas-Gerber-ist-neuer-Praesident-des-Swiss-Venture-Club_Organisator.jpg 640w, https:\/\/www.organisator.ch\/wp-content\/uploads\/2017\/09\/Andreas-Gerber-ist-neuer-Praesident-des-Swiss-Venture-Club_Organisator-16x12.jpg 16w, https:\/\/www.organisator.ch\/wp-content\/uploads\/2017\/09\/Andreas-Gerber-ist-neuer-Praesident-des-Swiss-Venture-Club_Organisator-262x175.jpg 262w, https:\/\/www.organisator.ch\/wp-content\/uploads\/2017\/09\/Andreas-Gerber-ist-neuer-Praesident-des-Swiss-Venture-Club_Organisator-525x350.jpg 525w, https:\/\/www.organisator.ch\/wp-content\/uploads\/2017\/09\/Andreas-Gerber-ist-neuer-Praesident-des-Swiss-Venture-Club_Organisator-300x200.jpg 300w\" sizes=\"auto, (max-width: 640px) 100vw, 640px\" \/><figcaption id=\"caption-attachment-2406\" class=\"wp-caption-text\">Andreas Gerber reprend la pr\u00e9sidence du Swiss Venture Club. (Image : SVC)<\/figcaption><\/figure>\n<p>Le fondateur et pr\u00e9sident de longue date du Swiss Venture Club, Hans-Ulrich M\u00fcller, a transmis son mandat \u00e0 son successeur Andreas Gerber le 6 septembre. Le Swiss Venture Club sort renforc\u00e9 de ce changement de g\u00e9n\u00e9ration, peut-on lire dans le communiqu\u00e9 que cet important r\u00e9seau de PME a envoy\u00e9 \u00e0 l'occasion de son assembl\u00e9e g\u00e9n\u00e9rale ordinaire. Avec l'actuel vice-pr\u00e9sident Andreas Gerber, c'est une personnalit\u00e9 exceptionnelle qui a \u00e9t\u00e9 choisie pour assurer la pr\u00e9sidence.<\/p>\n<h2>Andreas Gerber : un connaisseur en la mati\u00e8re<\/h2>\n<p>Gerber conna\u00eet le SVC de l'int\u00e9rieur, il est membre du comit\u00e9 depuis deux ans et \u00e9tait auparavant responsable r\u00e9gional et membre du jury des r\u00e9gions Espace Mittelland et Wirtschaftsraum Z\u00fcrich. En tant que responsable des affaires PME suisses du Credit Suisse, il conna\u00eet parfaitement les d\u00e9fis et les chances de la place industrielle suisse et se r\u00e9jouit de sa nouvelle mission : \"La Suisse doit continuer \u00e0 penser et \u00e0 agir en entrepreneur si elle veut maintenir sa prosp\u00e9rit\u00e9. J'aimerais y contribuer avec le SVC\". Lors d'un acte solennel et symbolique, le pr\u00e9sident sortant Hans-Ulrich M\u00fcller lui a remis le sceptre devant quelque 400 membres r\u00e9unis. Outre Gerber, l'assembl\u00e9e a \u00e9galement r\u00e9\u00e9lu le cofondateur Beat Brechb\u00fchl au sein du comit\u00e9 directeur. Pierre-Olivier Chave, Heinrich Christen et Marc Werner restent \u00e9galement dans l'organe de direction, \u00e9lus jusqu'en 2018.<\/p>\n<h2><strong>Deux conseillers nationaux et trois repr\u00e9sentants de l'\u00e9conomie entrent au comit\u00e9 directeur <\/strong><\/h2>\n<p>Parall\u00e8lement, l'assembl\u00e9e a \u00e9lu cinq nouveaux membres du comit\u00e9 directeur : Marcel Dobler, Fabio Regazzi, Corinne Fischer, Thomas Trachsler et Andreas Arni. Le conseiller national et entrepreneur saint-gallois Marcel Dobler est connu pour \u00eatre le fondateur et le CEO de longue date de Digitec AG. Son coll\u00e8gue Fabio Regazzi, qui habite au Tessin, est pr\u00e9sident du conseil d'administration de l'entreprise familiale Regazzi Holding SA \u00e0 Gordola et pr\u00e9sident de l'Association industrielle tessinoise (AITI). L'entrepreneuse lucernoise Corinne Fischer pr\u00e9side, en tant que pr\u00e9sidente du conseil d'administration et copropri\u00e9taire, aux destin\u00e9es de Bataillard &amp; Cie AG et est membre de plusieurs conseils de fondation et d'administration. Thomas Trachsler, \u00e9conomiste d'entreprise bernois, a \u00e9t\u00e9 nomm\u00e9 \u00e0 la direction de La Mobili\u00e8re en 2010 et a \u00e9t\u00e9 responsable de la gestion du march\u00e9 pendant sept ans. En juillet de cette ann\u00e9e, il a pris la nouvelle fonction de Chief Operation Officer (COO). Enfin, Andreas Arni a occup\u00e9 diff\u00e9rents postes de cadre dans le secteur financier et dirige depuis 2016 le secteur cl\u00e9 Entrepreneurs &amp; Executives au Credit Suisse. Les nouveaux membres du comit\u00e9 directeur poss\u00e8dent toutes les qualit\u00e9s n\u00e9cessaires pour faire \u00e9voluer l'association de mani\u00e8re substantielle et lui permettre d'acc\u00e9der \u00e0 de nouveaux r\u00e9seaux. Lors de la s\u00e9lection pr\u00e9alable des candidats, le comit\u00e9 a veill\u00e9 non seulement \u00e0 ce qu'ils soient tr\u00e8s attach\u00e9s \u00e0 l'\u00e9conomie des PME, mais aussi \u00e0 ce que les r\u00e9gions et les branches soient repr\u00e9sent\u00e9es de mani\u00e8re \u00e9quilibr\u00e9e.<\/p>\n<h2><strong> Le conseiller f\u00e9d\u00e9ral Schneider-Ammann rend hommage au pr\u00e9sident sortant <\/strong><\/h2>\n<p>Les membres sortants du comit\u00e9 directeur ont \u00e9t\u00e9 remerci\u00e9s par l'assembl\u00e9e g\u00e9n\u00e9rale et ont pris cong\u00e9 sous un tonnerre d'applaudissements. Outre Brigitte Breisacher, Denis Grisel et Silvio Tarchini, il s'agit des deux cofondateurs du SVC, Elisabeth Z\u00f6lch B\u00fchrer et Hans-Ulrich M\u00fcller. Sous la houlette de son pr\u00e9sident de longue date, M\u00fcller, le SVC s'est d\u00e9velopp\u00e9 au cours des 16 derni\u00e8res ann\u00e9es pour devenir l'un des plus importants r\u00e9seaux d'entrepreneurs de Suisse. Gr\u00e2ce aux Prix SVC, qui r\u00e9compensent des entreprises exemplaires, et \u00e0 de nombreuses autres manifestations, l'association b\u00e9n\u00e9ficie aujourd'hui r\u00e9guli\u00e8rement d'une grande attention de la part des m\u00e9dias. Dans le cadre de l'assembl\u00e9e g\u00e9n\u00e9rale, les m\u00e9rites de M\u00fcller ont \u00e9t\u00e9 mis \u00e0 l'honneur. En guise de remerciement, l'association lui a non seulement remis une brochure comm\u00e9morative sp\u00e9cialement produite pour l'occasion, mais l'a \u00e9galement nomm\u00e9 pr\u00e9sident d'honneur, accompagn\u00e9 d'une standing ovation. M\u00eame le conseiller f\u00e9d\u00e9ral et chef du d\u00e9partement de l'\u00e9conomie Johann N. Schneider-Ammann n'a pas manqu\u00e9 de faire une apparition personnelle. Dans une laudatio, il a f\u00e9licit\u00e9 M\u00fcller pour ses performances extraordinaires et l'a remerci\u00e9 pour son engagement en faveur de la place industrielle suisse.<\/p>\n<h2><strong> Gerber mise sur la continuit\u00e9 <\/strong><\/h2>\n<p>A la fin de la manifestation, anim\u00e9e par le joueur de hackbrett Nicolas Senn et agr\u00e9ment\u00e9e d'un fond musical, Andreas Gerber a \u00e9galement remerci\u00e9 son pr\u00e9d\u00e9cesseur pour son engagement de longue date et pour avoir transmis l'association avec autant de succ\u00e8s et de bonne gestion. \"En tant que pr\u00e9sident, je vais tout mettre en \u0153uvre, avec le comit\u00e9, pour poursuivre sur la voie du succ\u00e8s\", a d\u00e9clar\u00e9 Gerber. \"Pour cela, nous ne pouvons pas nous reposer sur nos lauriers, mais devons continuer \u00e0 d\u00e9velopper notre association \u00e0 l'avenir. Pour ce faire, sous ma direction \u00e9galement, les deux plus grands atouts de l'association seront au centre des pr\u00e9occupations : les possibilit\u00e9s de contact de qualit\u00e9 et les \u00e9motions v\u00e9cues ensemble\".<\/p>\n<p><em>Plus d'informations : <a href=\"http:\/\/www.swiss-venture-club.ch\">Club suisse des entrepreneurs<\/a><\/em><\/p>","protected":false},"excerpt":{"rendered":"<p>Der Gr\u00fcnder und langj\u00e4hrige Pr\u00e4sident des Swiss Venture Clubs,\u00a0Hans-Ulrich M\u00fcller, hat am 6. September sein Amt an seinen Nachfolger Andreas Gerber \u00fcbergeben. Der Swiss Venture Club gehe gest\u00e4rkt aus dem herbeigef\u00fchrten Generationenwechsel hervor, heisst es in der Mitteilung, die dieses bedeutende KMU-Netzwerk anl\u00e4sslich seiner ordentlichen \u00a0Mitgliederversammlung verschickt hat. Mit dem bisherigen Vizepr\u00e4sidenten Andreas Gerber habe [&hellip;]<\/p>\n","protected":false},"author":4,"featured_media":2406,"comment_status":"open","ping_status":"open","sticky":false,"template":"","format":"standard","meta":{"_acf_changed":false,"_yoast_wpseo_focuskw":"Andreas Gerber","_yoast_wpseo_metadesc":"Die Mitgliederversammlung des Swiss Venture Club (SVC) hat am 6. September 2017 im Bellevue Palace in Bern f\u00fcnf neue Vorstandsmitglieder gew\u00e4hlt.","articlekey":"","footnotes":""},"categories":[28],"tags":[381,492,503,508],"class_list":["post-2404","post","type-post","status-publish","format-standard","has-post-thumbnail","hentry","category-management","tag-personalia","tag-unternehmen","tag-verbaende","tag-vermischtes"],"acf":[],"yoast_head":"<!-- This site is optimized with the Yoast SEO plugin v27.4 - https:\/\/yoast.com\/product\/yoast-seo-wordpress\/ -->\n<title>Andreas Gerber ist neuer Pr\u00e4sident des Swiss Venture Club - Organisator<\/title>\n<meta name=\"description\" content=\"Die Mitgliederversammlung des Swiss Venture Club (SVC) hat am 6. September 2017 im Bellevue Palace in Bern f\u00fcnf neue Vorstandsmitglieder gew\u00e4hlt.\" \/>\n<meta name=\"robots\" content=\"index, follow, max-snippet:-1, max-image-preview:large, max-video-preview:-1\" \/>\n<link rel=\"canonical\" href=\"https:\/\/www.organisator.ch\/fr\/gestion-2\/2017-09-08\/andreas-gerber-ist-neuer-praesident-des-swiss-venture-club\/\" \/>\n<meta property=\"og:locale\" content=\"fr_FR\" \/>\n<meta property=\"og:type\" content=\"article\" \/>\n<meta property=\"og:title\" content=\"Andreas Gerber ist neuer Pr\u00e4sident des Swiss Venture Club\" \/>\n<meta property=\"og:description\" content=\"Die Mitgliederversammlung des Swiss Venture Club (#SVC) hat am 6. September 2017 im Bellevue Palace in Bern f\u00fcnf neue Vorstandsmitglieder gew\u00e4hlt.\" \/>\n<meta property=\"og:url\" content=\"https:\/\/www.organisator.ch\/fr\/gestion-2\/2017-09-08\/andreas-gerber-ist-neuer-praesident-des-swiss-venture-club\/\" \/>\n<meta property=\"og:site_name\" content=\"Organisator\" \/>\n<meta property=\"article:publisher\" content=\"https:\/\/www.facebook.com\/OrganisatorFachmagazin\" \/>\n<meta property=\"article:published_time\" content=\"2017-09-08T07:24:56+00:00\" \/>\n<meta property=\"og:image\" content=\"https:\/\/www.organisator.ch\/wp-content\/uploads\/2017\/09\/Andreas-Gerber-ist-neuer-Praesident-des-Swiss-Venture-Club_Organisator.jpg\" \/>\n\t<meta property=\"og:image:width\" content=\"640\" \/>\n\t<meta property=\"og:image:height\" content=\"427\" \/>\n\t<meta property=\"og:image:type\" content=\"image\/jpeg\" \/>\n<meta name=\"author\" content=\"thomas.berner\" \/>\n<meta name=\"twitter:card\" content=\"summary_large_image\" \/>\n<meta name=\"twitter:title\" content=\"Andreas Gerber ist neuer Pr\u00e4sident des Swiss Venture Club #AndreasGerber #SwissVentureClub\" \/>\n<meta name=\"twitter:description\" content=\"Die Mitgliederversammlung des Swiss Venture Club (#SVC) hat am 6. September 2017 im Bellevue Palace in Bern f\u00fcnf neue Vorstandsmitglieder gew\u00e4hlt.\" \/>\n<meta name=\"twitter:image\" content=\"https:\/\/www.organisator.ch\/wp-content\/uploads\/2017\/09\/Andreas-Gerber-ist-neuer-Pr\u00e4sident-des-Swiss-Venture-Club_Organisator.jpg\" \/>\n<script type=\"application\/ld+json\" class=\"yoast-schema-graph\">{\"@context\":\"https:\\\/\\\/schema.org\",\"@graph\":[{\"@type\":\"Article\",\"@id\":\"https:\\\/\\\/www.organisator.ch\\\/management\\\/2017-09-08\\\/andreas-gerber-ist-neuer-praesident-des-swiss-venture-club\\\/#article\",\"isPartOf\":{\"@id\":\"https:\\\/\\\/www.organisator.ch\\\/management\\\/2017-09-08\\\/andreas-gerber-ist-neuer-praesident-des-swiss-venture-club\\\/\"},\"author\":{\"name\":\"thomas.berner\",\"@id\":\"https:\\\/\\\/www.organisator.ch\\\/#\\\/schema\\\/person\\\/6f650f90b2842cd4c0cc334b4e36f67e\"},\"headline\":\"Andreas Gerber ist neuer Pr\u00e4sident des Swiss Venture Club\",\"datePublished\":\"2017-09-08T07:24:56+00:00\",\"mainEntityOfPage\":{\"@id\":\"https:\\\/\\\/www.organisator.ch\\\/management\\\/2017-09-08\\\/andreas-gerber-ist-neuer-praesident-des-swiss-venture-club\\\/\"},\"wordCount\":738,\"commentCount\":0,\"publisher\":{\"@id\":\"https:\\\/\\\/www.organisator.ch\\\/#organization\"},\"image\":{\"@id\":\"https:\\\/\\\/www.organisator.ch\\\/management\\\/2017-09-08\\\/andreas-gerber-ist-neuer-praesident-des-swiss-venture-club\\\/#primaryimage\"},\"thumbnailUrl\":\"https:\\\/\\\/www.organisator.ch\\\/wp-content\\\/uploads\\\/2017\\\/09\\\/Andreas-Gerber-ist-neuer-Praesident-des-Swiss-Venture-Club_Organisator.jpg\",\"keywords\":[\"Personalia\",\"Unternehmen\",\"Verb\u00e4nde\",\"Vermischtes\"],\"articleSection\":[\"MANAGEMENT\"],\"inLanguage\":\"fr-FR\"},{\"@type\":\"WebPage\",\"@id\":\"https:\\\/\\\/www.organisator.ch\\\/management\\\/2017-09-08\\\/andreas-gerber-ist-neuer-praesident-des-swiss-venture-club\\\/\",\"url\":\"https:\\\/\\\/www.organisator.ch\\\/management\\\/2017-09-08\\\/andreas-gerber-ist-neuer-praesident-des-swiss-venture-club\\\/\",\"name\":\"Andreas Gerber ist neuer Pr\u00e4sident des Swiss Venture Club - Organisator\",\"isPartOf\":{\"@id\":\"https:\\\/\\\/www.organisator.ch\\\/#website\"},\"primaryImageOfPage\":{\"@id\":\"https:\\\/\\\/www.organisator.ch\\\/management\\\/2017-09-08\\\/andreas-gerber-ist-neuer-praesident-des-swiss-venture-club\\\/#primaryimage\"},\"image\":{\"@id\":\"https:\\\/\\\/www.organisator.ch\\\/management\\\/2017-09-08\\\/andreas-gerber-ist-neuer-praesident-des-swiss-venture-club\\\/#primaryimage\"},\"thumbnailUrl\":\"https:\\\/\\\/www.organisator.ch\\\/wp-content\\\/uploads\\\/2017\\\/09\\\/Andreas-Gerber-ist-neuer-Praesident-des-Swiss-Venture-Club_Organisator.jpg\",\"datePublished\":\"2017-09-08T07:24:56+00:00\",\"description\":\"Die Mitgliederversammlung des Swiss Venture Club (SVC) hat am 6. September 2017 im Bellevue Palace in Bern f\u00fcnf neue Vorstandsmitglieder gew\u00e4hlt.\",\"breadcrumb\":{\"@id\":\"https:\\\/\\\/www.organisator.ch\\\/management\\\/2017-09-08\\\/andreas-gerber-ist-neuer-praesident-des-swiss-venture-club\\\/#breadcrumb\"},\"inLanguage\":\"fr-FR\",\"potentialAction\":[{\"@type\":\"ReadAction\",\"target\":[\"https:\\\/\\\/www.organisator.ch\\\/management\\\/2017-09-08\\\/andreas-gerber-ist-neuer-praesident-des-swiss-venture-club\\\/\"]}]},{\"@type\":\"ImageObject\",\"inLanguage\":\"fr-FR\",\"@id\":\"https:\\\/\\\/www.organisator.ch\\\/management\\\/2017-09-08\\\/andreas-gerber-ist-neuer-praesident-des-swiss-venture-club\\\/#primaryimage\",\"url\":\"https:\\\/\\\/www.organisator.ch\\\/wp-content\\\/uploads\\\/2017\\\/09\\\/Andreas-Gerber-ist-neuer-Praesident-des-Swiss-Venture-Club_Organisator.jpg\",\"contentUrl\":\"https:\\\/\\\/www.organisator.ch\\\/wp-content\\\/uploads\\\/2017\\\/09\\\/Andreas-Gerber-ist-neuer-Praesident-des-Swiss-Venture-Club_Organisator.jpg\",\"width\":640,\"height\":427,\"caption\":\"Andreas Gerber \u00fcbernimmt beim Swiss Venture Club neu das Pr\u00e4sidium. (Bild: SVC)\"},{\"@type\":\"BreadcrumbList\",\"@id\":\"https:\\\/\\\/www.organisator.ch\\\/management\\\/2017-09-08\\\/andreas-gerber-ist-neuer-praesident-des-swiss-venture-club\\\/#breadcrumb\",\"itemListElement\":[{\"@type\":\"ListItem\",\"position\":1,\"name\":\"Home\",\"item\":\"https:\\\/\\\/www.organisator.ch\\\/\"},{\"@type\":\"ListItem\",\"position\":2,\"name\":\"Andreas Gerber ist neuer Pr\u00e4sident des Swiss Venture Club\"}]},{\"@type\":\"WebSite\",\"@id\":\"https:\\\/\\\/www.organisator.ch\\\/#website\",\"url\":\"https:\\\/\\\/www.organisator.ch\\\/\",\"name\":\"Organisator\",\"description\":\"Kompetent. Praxisnah. Der ORGANISATOR bereitet in 10 Ausgaben pro Jahr die wesentlichen Themen f\u00fcr F\u00fchrungskr\u00e4fte von KMU auf.\",\"publisher\":{\"@id\":\"https:\\\/\\\/www.organisator.ch\\\/#organization\"},\"potentialAction\":[{\"@type\":\"SearchAction\",\"target\":{\"@type\":\"EntryPoint\",\"urlTemplate\":\"https:\\\/\\\/www.organisator.ch\\\/?s={search_term_string}\"},\"query-input\":{\"@type\":\"PropertyValueSpecification\",\"valueRequired\":true,\"valueName\":\"search_term_string\"}}],\"inLanguage\":\"fr-FR\"},{\"@type\":\"Organization\",\"@id\":\"https:\\\/\\\/www.organisator.ch\\\/#organization\",\"name\":\"Organisator\",\"url\":\"https:\\\/\\\/www.organisator.ch\\\/\",\"logo\":{\"@type\":\"ImageObject\",\"inLanguage\":\"fr-FR\",\"@id\":\"https:\\\/\\\/www.organisator.ch\\\/#\\\/schema\\\/logo\\\/image\\\/\",\"url\":\"https:\\\/\\\/www.organisator.ch\\\/wp-content\\\/uploads\\\/2022\\\/01\\\/Logo_Organisator_Website.png\",\"contentUrl\":\"https:\\\/\\\/www.organisator.ch\\\/wp-content\\\/uploads\\\/2022\\\/01\\\/Logo_Organisator_Website.png\",\"width\":800,\"height\":77,\"caption\":\"Organisator\"},\"image\":{\"@id\":\"https:\\\/\\\/www.organisator.ch\\\/#\\\/schema\\\/logo\\\/image\\\/\"},\"sameAs\":[\"https:\\\/\\\/www.facebook.com\\\/OrganisatorFachmagazin\",\"https:\\\/\\\/www.linkedin.com\\\/showcase\\\/organisator-das-magazin-fr-kmu\",\"https:\\\/\\\/www.xing.com\\\/news\\\/pages\\\/organisator-ch-695\",\"https:\\\/\\\/www.youtube.com\\\/channel\\\/UCGP2Sq0iWaZwT3BdIAQFYpw\"]},{\"@type\":\"Person\",\"@id\":\"https:\\\/\\\/www.organisator.ch\\\/#\\\/schema\\\/person\\\/6f650f90b2842cd4c0cc334b4e36f67e\",\"name\":\"thomas.berner\",\"image\":{\"@type\":\"ImageObject\",\"inLanguage\":\"fr-FR\",\"@id\":\"https:\\\/\\\/secure.gravatar.com\\\/avatar\\\/ac5001d2a36cb6c6cd3e50789007ffca834b477b74a2144564522e944eabff61?s=96&d=mm&r=g\",\"url\":\"https:\\\/\\\/secure.gravatar.com\\\/avatar\\\/ac5001d2a36cb6c6cd3e50789007ffca834b477b74a2144564522e944eabff61?s=96&d=mm&r=g\",\"contentUrl\":\"https:\\\/\\\/secure.gravatar.com\\\/avatar\\\/ac5001d2a36cb6c6cd3e50789007ffca834b477b74a2144564522e944eabff61?s=96&d=mm&r=g\",\"caption\":\"thomas.berner\"},\"url\":\"https:\\\/\\\/www.organisator.ch\\\/fr\\\/author\\\/thomas-berner\\\/\"}]}<\/script>\n<!-- \/ Yoast SEO plugin. -->","yoast_head_json":{"title":"Andreas Gerber est le nouveau pr\u00e9sident du Swiss Venture Club - Organisateur","description":"L'assembl\u00e9e g\u00e9n\u00e9rale du Swiss Venture Club (SVC) a \u00e9lu cinq nouveaux membres du comit\u00e9 directeur le 6 septembre 2017 au Bellevue Palace \u00e0 Berne.","robots":{"index":"index","follow":"follow","max-snippet":"max-snippet:-1","max-image-preview":"max-image-preview:large","max-video-preview":"max-video-preview:-1"},"canonical":"https:\/\/www.organisator.ch\/fr\/gestion-2\/2017-09-08\/andreas-gerber-ist-neuer-praesident-des-swiss-venture-club\/","og_locale":"fr_FR","og_type":"article","og_title":"Andreas Gerber ist neuer Pr\u00e4sident des Swiss Venture Club","og_description":"Die Mitgliederversammlung des Swiss Venture Club (#SVC) hat am 6. September 2017 im Bellevue Palace in Bern f\u00fcnf neue Vorstandsmitglieder gew\u00e4hlt.","og_url":"https:\/\/www.organisator.ch\/fr\/gestion-2\/2017-09-08\/andreas-gerber-ist-neuer-praesident-des-swiss-venture-club\/","og_site_name":"Organisator","article_publisher":"https:\/\/www.facebook.com\/OrganisatorFachmagazin","article_published_time":"2017-09-08T07:24:56+00:00","og_image":[{"width":640,"height":427,"url":"https:\/\/www.organisator.ch\/wp-content\/uploads\/2017\/09\/Andreas-Gerber-ist-neuer-Praesident-des-Swiss-Venture-Club_Organisator.jpg","type":"image\/jpeg"}],"author":"thomas.berner","twitter_card":"summary_large_image","twitter_title":"Andreas Gerber ist neuer Pr\u00e4sident des Swiss Venture Club #AndreasGerber #SwissVentureClub","twitter_description":"Die Mitgliederversammlung des Swiss Venture Club (#SVC) hat am 6. September 2017 im Bellevue Palace in Bern f\u00fcnf neue Vorstandsmitglieder gew\u00e4hlt.","twitter_image":"https:\/\/www.organisator.ch\/wp-content\/uploads\/2017\/09\/Andreas-Gerber-ist-neuer-Pr\u00e4sident-des-Swiss-Venture-Club_Organisator.jpg","schema":{"@context":"https:\/\/schema.org","@graph":[{"@type":"Article","@id":"https:\/\/www.organisator.ch\/management\/2017-09-08\/andreas-gerber-ist-neuer-praesident-des-swiss-venture-club\/#article","isPartOf":{"@id":"https:\/\/www.organisator.ch\/management\/2017-09-08\/andreas-gerber-ist-neuer-praesident-des-swiss-venture-club\/"},"author":{"name":"thomas.berner","@id":"https:\/\/www.organisator.ch\/#\/schema\/person\/6f650f90b2842cd4c0cc334b4e36f67e"},"headline":"Andreas Gerber ist neuer Pr\u00e4sident des Swiss Venture Club","datePublished":"2017-09-08T07:24:56+00:00","mainEntityOfPage":{"@id":"https:\/\/www.organisator.ch\/management\/2017-09-08\/andreas-gerber-ist-neuer-praesident-des-swiss-venture-club\/"},"wordCount":738,"commentCount":0,"publisher":{"@id":"https:\/\/www.organisator.ch\/#organization"},"image":{"@id":"https:\/\/www.organisator.ch\/management\/2017-09-08\/andreas-gerber-ist-neuer-praesident-des-swiss-venture-club\/#primaryimage"},"thumbnailUrl":"https:\/\/www.organisator.ch\/wp-content\/uploads\/2017\/09\/Andreas-Gerber-ist-neuer-Praesident-des-Swiss-Venture-Club_Organisator.jpg","keywords":["Personalia","Unternehmen","Verb\u00e4nde","Vermischtes"],"articleSection":["MANAGEMENT"],"inLanguage":"fr-FR"},{"@type":"WebPage","@id":"https:\/\/www.organisator.ch\/management\/2017-09-08\/andreas-gerber-ist-neuer-praesident-des-swiss-venture-club\/","url":"https:\/\/www.organisator.ch\/management\/2017-09-08\/andreas-gerber-ist-neuer-praesident-des-swiss-venture-club\/","name":"Andreas Gerber est le nouveau pr\u00e9sident du Swiss Venture Club - Organisateur","isPartOf":{"@id":"https:\/\/www.organisator.ch\/#website"},"primaryImageOfPage":{"@id":"https:\/\/www.organisator.ch\/management\/2017-09-08\/andreas-gerber-ist-neuer-praesident-des-swiss-venture-club\/#primaryimage"},"image":{"@id":"https:\/\/www.organisator.ch\/management\/2017-09-08\/andreas-gerber-ist-neuer-praesident-des-swiss-venture-club\/#primaryimage"},"thumbnailUrl":"https:\/\/www.organisator.ch\/wp-content\/uploads\/2017\/09\/Andreas-Gerber-ist-neuer-Praesident-des-Swiss-Venture-Club_Organisator.jpg","datePublished":"2017-09-08T07:24:56+00:00","description":"L'assembl\u00e9e g\u00e9n\u00e9rale du Swiss Venture Club (SVC) a \u00e9lu cinq nouveaux membres du comit\u00e9 directeur le 6 septembre 2017 au Bellevue Palace \u00e0 Berne.","breadcrumb":{"@id":"https:\/\/www.organisator.ch\/management\/2017-09-08\/andreas-gerber-ist-neuer-praesident-des-swiss-venture-club\/#breadcrumb"},"inLanguage":"fr-FR","potentialAction":[{"@type":"ReadAction","target":["https:\/\/www.organisator.ch\/management\/2017-09-08\/andreas-gerber-ist-neuer-praesident-des-swiss-venture-club\/"]}]},{"@type":"ImageObject","inLanguage":"fr-FR","@id":"https:\/\/www.organisator.ch\/management\/2017-09-08\/andreas-gerber-ist-neuer-praesident-des-swiss-venture-club\/#primaryimage","url":"https:\/\/www.organisator.ch\/wp-content\/uploads\/2017\/09\/Andreas-Gerber-ist-neuer-Praesident-des-Swiss-Venture-Club_Organisator.jpg","contentUrl":"https:\/\/www.organisator.ch\/wp-content\/uploads\/2017\/09\/Andreas-Gerber-ist-neuer-Praesident-des-Swiss-Venture-Club_Organisator.jpg","width":640,"height":427,"caption":"Andreas Gerber \u00fcbernimmt beim Swiss Venture Club neu das Pr\u00e4sidium. (Bild: SVC)"},{"@type":"BreadcrumbList","@id":"https:\/\/www.organisator.ch\/management\/2017-09-08\/andreas-gerber-ist-neuer-praesident-des-swiss-venture-club\/#breadcrumb","itemListElement":[{"@type":"ListItem","position":1,"name":"Home","item":"https:\/\/www.organisator.ch\/"},{"@type":"ListItem","position":2,"name":"Andreas Gerber ist neuer Pr\u00e4sident des Swiss Venture Club"}]},{"@type":"WebSite","@id":"https:\/\/www.organisator.ch\/#website","url":"https:\/\/www.organisator.ch\/","name":"Organisateur","description":"Comp\u00e9tence et comp\u00e9tence. Proches de la pratique. L'ORGANISATEUR pr\u00e9pare 10 num\u00e9ros par an sur les th\u00e8mes essentiels pour les dirigeants de PME.","publisher":{"@id":"https:\/\/www.organisator.ch\/#organization"},"potentialAction":[{"@type":"SearchAction","target":{"@type":"EntryPoint","urlTemplate":"https:\/\/www.organisator.ch\/?s={search_term_string}"},"query-input":{"@type":"PropertyValueSpecification","valueRequired":true,"valueName":"search_term_string"}}],"inLanguage":"fr-FR"},{"@type":"Organization","@id":"https:\/\/www.organisator.ch\/#organization","name":"Organisateur","url":"https:\/\/www.organisator.ch\/","logo":{"@type":"ImageObject","inLanguage":"fr-FR","@id":"https:\/\/www.organisator.ch\/#\/schema\/logo\/image\/","url":"https:\/\/www.organisator.ch\/wp-content\/uploads\/2022\/01\/Logo_Organisator_Website.png","contentUrl":"https:\/\/www.organisator.ch\/wp-content\/uploads\/2022\/01\/Logo_Organisator_Website.png","width":800,"height":77,"caption":"Organisator"},"image":{"@id":"https:\/\/www.organisator.ch\/#\/schema\/logo\/image\/"},"sameAs":["https:\/\/www.facebook.com\/OrganisatorFachmagazin","https:\/\/www.linkedin.com\/showcase\/organisator-das-magazin-fr-kmu","https:\/\/www.xing.com\/news\/pages\/organisator-ch-695","https:\/\/www.youtube.com\/channel\/UCGP2Sq0iWaZwT3BdIAQFYpw"]},{"@type":"Person","@id":"https:\/\/www.organisator.ch\/#\/schema\/person\/6f650f90b2842cd4c0cc334b4e36f67e","name":"thomas.berner","image":{"@type":"ImageObject","inLanguage":"fr-FR","@id":"https:\/\/secure.gravatar.com\/avatar\/ac5001d2a36cb6c6cd3e50789007ffca834b477b74a2144564522e944eabff61?s=96&d=mm&r=g","url":"https:\/\/secure.gravatar.com\/avatar\/ac5001d2a36cb6c6cd3e50789007ffca834b477b74a2144564522e944eabff61?s=96&d=mm&r=g","contentUrl":"https:\/\/secure.gravatar.com\/avatar\/ac5001d2a36cb6c6cd3e50789007ffca834b477b74a2144564522e944eabff61?s=96&d=mm&r=g","caption":"thomas.berner"},"url":"https:\/\/www.organisator.ch\/fr\/author\/thomas-berner\/"}]}},"_links":{"self":[{"href":"https:\/\/www.organisator.ch\/fr\/wp-json\/wp\/v2\/posts\/2404","targetHints":{"allow":["GET"]}}],"collection":[{"href":"https:\/\/www.organisator.ch\/fr\/wp-json\/wp\/v2\/posts"}],"about":[{"href":"https:\/\/www.organisator.ch\/fr\/wp-json\/wp\/v2\/types\/post"}],"author":[{"embeddable":true,"href":"https:\/\/www.organisator.ch\/fr\/wp-json\/wp\/v2\/users\/4"}],"replies":[{"embeddable":true,"href":"https:\/\/www.organisator.ch\/fr\/wp-json\/wp\/v2\/comments?post=2404"}],"version-history":[{"count":0,"href":"https:\/\/www.organisator.ch\/fr\/wp-json\/wp\/v2\/posts\/2404\/revisions"}],"wp:featuredmedia":[{"embeddable":true,"href":"https:\/\/www.organisator.ch\/fr\/wp-json\/wp\/v2\/media\/2406"}],"wp:attachment":[{"href":"https:\/\/www.organisator.ch\/fr\/wp-json\/wp\/v2\/media?parent=2404"}],"wp:term":[{"taxonomy":"category","embeddable":true,"href":"https:\/\/www.organisator.ch\/fr\/wp-json\/wp\/v2\/categories?post=2404"},{"taxonomy":"post_tag","embeddable":true,"href":"https:\/\/www.organisator.ch\/fr\/wp-json\/wp\/v2\/tags?post=2404"}],"curies":[{"name":"wp","href":"https:\/\/api.w.org\/{rel}","templated":true}]}}