{"id":24093,"date":"2024-01-03T10:50:17","date_gmt":"2024-01-03T09:50:17","guid":{"rendered":"https:\/\/www.organisator.ch\/?p=24093"},"modified":"2024-01-04T11:21:41","modified_gmt":"2024-01-04T10:21:41","slug":"neuer-gruendungsrekord-51637-neue-firmen","status":"publish","type":"post","link":"https:\/\/www.organisator.ch\/fr\/operational-excellence\/2024-01-03\/neuer-gruendungsrekord-51637-neue-firmen\/","title":{"rendered":"Nouveau record de cr\u00e9ation : 51 637 nouvelles entreprises"},"content":{"rendered":"<figure id=\"attachment_24095\" aria-describedby=\"caption-attachment-24095\" style=\"width: 680px\" class=\"wp-caption alignnone\"><img loading=\"lazy\" decoding=\"async\" class=\"size-full wp-image-24095\" src=\"https:\/\/www.organisator.ch\/wp-content\/uploads\/2024\/01\/IFJ_Bild3_ps.jpg\" alt=\"\" width=\"680\" height=\"397\" srcset=\"https:\/\/www.organisator.ch\/wp-content\/uploads\/2024\/01\/IFJ_Bild3_ps.jpg 680w, https:\/\/www.organisator.ch\/wp-content\/uploads\/2024\/01\/IFJ_Bild3_ps-18x12.jpg 18w, https:\/\/www.organisator.ch\/wp-content\/uploads\/2024\/01\/IFJ_Bild3_ps-375x219.jpg 375w, https:\/\/www.organisator.ch\/wp-content\/uploads\/2024\/01\/IFJ_Bild3_ps-599x350.jpg 599w\" sizes=\"auto, (max-width: 680px) 100vw, 680px\" \/><figcaption id=\"caption-attachment-24095\" class=\"wp-caption-text\">L'ann\u00e9e 2023 enregistre un nouveau record avec 51 637 nouvelles entreprises. Avec +13,7%, ce nombre est nettement sup\u00e9rieur \u00e0 la moyenne des dix derni\u00e8res ann\u00e9es. (Image : Feuille officielle suisse du commerce FOSC ; analyse et graphique : IFJ Institut f\u00fcr Jungunternehmen AG)<\/figcaption><\/figure>\n<p>Jamais autant de personnes n'ont os\u00e9 se mettre \u00e0 leur compte en Suisse. En 2023, 51 637 nouvelles entreprises ont \u00e9t\u00e9 cr\u00e9\u00e9es. Cela repr\u00e9sente une moyenne de 141 nouvelles entreprises enregistr\u00e9es par jour. Ce nouveau record de cr\u00e9ation d'entreprise confirme que les jeunes entrepreneurs consid\u00e8rent toujours la Suisse comme une place \u00e9conomique attrayante, ce qui est extr\u00eamement important pour l'\u00e9conomie nationale. Cette \u00e9volution n'est pas non plus surprenante pour Simon May, co-directeur de l'IFJ : \"De plus en plus de personnes aspirent \u00e0 plus de libert\u00e9 dans leur travail et sont pr\u00eates \u00e0 r\u00e9aliser leur r\u00eave de cr\u00e9er leur propre entreprise\". On observe \u00e9galement que les cr\u00e9ateurs d'entreprise se mettent \u00e0 leur compte \u00e0 temps partiel et d\u00e9veloppent ainsi leur propre entreprise au fil du temps, parall\u00e8lement \u00e0 leur emploi.<\/p>\n<p>L'\u00e9volution des cr\u00e9ations d'entreprises n'a pas seulement une influence sur le march\u00e9 du travail, elle assure \u00e9galement l'innovation \u00e0 l'\u00e9chelle nationale. Selon les derni\u00e8res donn\u00e9es du European Innovation Scoreboard 2023, la Suisse se trouve toujours \u00e0 la premi\u00e8re place au niveau europ\u00e9en.<\/p>\n<figure id=\"attachment_24096\" aria-describedby=\"caption-attachment-24096\" style=\"width: 680px\" class=\"wp-caption alignnone\"><img loading=\"lazy\" decoding=\"async\" class=\"size-full wp-image-24096\" src=\"https:\/\/www.organisator.ch\/wp-content\/uploads\/2024\/01\/IFJ-Bild1_ps.jpg\" alt=\"\" width=\"680\" height=\"364\" srcset=\"https:\/\/www.organisator.ch\/wp-content\/uploads\/2024\/01\/IFJ-Bild1_ps.jpg 680w, https:\/\/www.organisator.ch\/wp-content\/uploads\/2024\/01\/IFJ-Bild1_ps-18x10.jpg 18w, https:\/\/www.organisator.ch\/wp-content\/uploads\/2024\/01\/IFJ-Bild1_ps-375x201.jpg 375w, https:\/\/www.organisator.ch\/wp-content\/uploads\/2024\/01\/IFJ-Bild1_ps-654x350.jpg 654w\" sizes=\"auto, (max-width: 680px) 100vw, 680px\" \/><figcaption id=\"caption-attachment-24096\" class=\"wp-caption-text\">Aper\u00e7u de la r\u00e9partition d\u00e9mographique des cr\u00e9ations d'entreprises suisses. (Image : Feuille officielle suisse du commerce FOSC ; analyse et graphique : IFJ Institut f\u00fcr Jungunternehmen AG)<\/figcaption><\/figure>\n<h3><strong>Le climat de cr\u00e9ation d'entreprise est positif dans les grandes r\u00e9gions <\/strong><\/h3>\n<p>En 2023, la Suisse du Nord-Ouest (+7.0%) et la Suisse orientale (+5.2%) sont les grandes r\u00e9gions qui connaissent la plus forte croissance en termes de cr\u00e9ations d'entreprises. L'Espace Mittelland (+4,1%) et Zurich (+4,6%) enregistrent \u00e9galement une nette croissance par rapport \u00e0 la m\u00eame p\u00e9riode de l'ann\u00e9e pr\u00e9c\u00e9dente. On ne constate qu'une faible croissance dans les r\u00e9gions de la Suisse centrale (+1,0%) et de la Suisse du Sud-Ouest (+0,9%). Et la r\u00e9gion du Tessin est la seule \u00e0 enregistrer une baisse de -1,2%.<\/p>\n<h3><strong>Cantons avec un taux de cr\u00e9ation \u00e9lev\u00e9 <\/strong><\/h3>\n<p>Dans 19 cantons, le nombre de cr\u00e9ations d'entreprises a augment\u00e9 en 2023 par rapport \u00e0 la m\u00eame p\u00e9riode de l'ann\u00e9e pr\u00e9c\u00e9dente. Ce sont actuellement les cantons avec une croissance des cr\u00e9ations d'entreprises suisses : Grisons (+13.8%), Uri (+12.3%), Neuch\u00e2tel (+9.7%), Argovie (+8.6%), B\u00e2le-Campagne (+8.4%), Lucerne (+5.9%), Glaris (4.8%), Berne (+4.7%), Thurgovie (+4.6%), Zurich (+4.6%), Saint-Gall (+4.5%), Vaud (+3.5%), Schwyz (+3.0%), Nidwald (+2.7%), Soleure (2.5%), Jura (+2.2%), B\u00e2le-Ville (+1.8%), Fribourg (+1.7%) et Schaffhouse (+1.0%).<\/p>\n<h3><strong>Dans ces cantons, les cr\u00e9ations d'entreprises sont actuellement moins nombreuses <\/strong><\/h3>\n<p>Les cantons ayant enregistr\u00e9 une l\u00e9g\u00e8re baisse en pourcentage sont le Valais (-0.4%), le Tessin (-1.2%), Gen\u00e8ve (-1.4%), Zoug (-2.8%) et le canton d'Appenzell Rhodes-Ext\u00e9rieures (-3.3%). Les plus fortes baisses en pourcentage de cr\u00e9ations d'entreprises ont \u00e9t\u00e9 enregistr\u00e9es dans les offices du registre du commerce des cantons d'Appenzell Rhodes-Int\u00e9rieures (-11.8%) et d'Obwald (-16.1%).<\/p>\n<h3><strong>Comparaison des formes juridiques <\/strong><\/h3>\n<p>En Suisse, la soci\u00e9t\u00e9 \u00e0 responsabilit\u00e9 limit\u00e9e (S\u00e0rl) est de loin la forme juridique la plus populaire lorsqu'il s'agit de cr\u00e9er une nouvelle entreprise. Au total, 20'419 (+2,7%) nouvelles S\u00e0rl ont \u00e9t\u00e9 enregistr\u00e9es en 2023. L'augmentation des soci\u00e9t\u00e9s en nom collectif nouvellement cr\u00e9\u00e9es est \u00e9tonnamment \u00e9lev\u00e9e : avec 1'540 nouvelles inscriptions, elles enregistrent une croissance de 17.3% par rapport \u00e0 la p\u00e9riode pr\u00e9c\u00e9dente de 2022. On constate un recul de -5,3% pour les soci\u00e9t\u00e9s anonymes.<\/p>\n<figure id=\"attachment_24097\" aria-describedby=\"caption-attachment-24097\" style=\"width: 680px\" class=\"wp-caption alignnone\"><img loading=\"lazy\" decoding=\"async\" class=\"size-full wp-image-24097\" src=\"https:\/\/www.organisator.ch\/wp-content\/uploads\/2024\/01\/IFJ-Bild2_ps.jpg\" alt=\"\" width=\"680\" height=\"161\" srcset=\"https:\/\/www.organisator.ch\/wp-content\/uploads\/2024\/01\/IFJ-Bild2_ps.jpg 680w, https:\/\/www.organisator.ch\/wp-content\/uploads\/2024\/01\/IFJ-Bild2_ps-18x4.jpg 18w, https:\/\/www.organisator.ch\/wp-content\/uploads\/2024\/01\/IFJ-Bild2_ps-375x89.jpg 375w\" sizes=\"auto, (max-width: 680px) 100vw, 680px\" \/><figcaption id=\"caption-attachment-24097\" class=\"wp-caption-text\">(Image : Feuille officielle suisse du commerce FOSC ; analyse et graphique : IFJ Institut f\u00fcr Jungunternehmen AG)<\/figcaption><\/figure>\n<h3><strong>Comparaison des 10 derni\u00e8res ann\u00e9es<\/strong><\/h3>\n<p>Avec ce nouveau record de cr\u00e9ation, l'ann\u00e9e 2023 enregistre une tendance tr\u00e8s positive. En moyenne, au cours des 10 derni\u00e8res ann\u00e9es, 45'409 nouvelles entreprises ont \u00e9t\u00e9 inscrites chaque ann\u00e9e au registre du commerce suisse. Avec 51'637 nouvelles entreprises, l'ann\u00e9e 2023 enregistre le niveau le plus \u00e9lev\u00e9 et se situe, avec +13,7%, nettement au-dessus de la moyenne des ann\u00e9es pr\u00e9c\u00e9dentes.<\/p>\n<h3><strong>Les secteurs qui cr\u00e9ent le plus d'entreprises <\/strong><\/h3>\n<p>Les secteurs les plus importants cette ann\u00e9e sont l'artisanat (7 348 cr\u00e9ations), le conseil (5 176 cr\u00e9ations), l'immobilier (4 938 cr\u00e9ations), le commerce de d\u00e9tail (4 807 cr\u00e9ations) et les finances et assurances (3 443 cr\u00e9ations). Par rapport \u00e0 2022, on constate une forte croissance dans le commerce de d\u00e9tail (+11.7%), le conseil (+10.3%) et les services B2B &amp; B2C (+8.5%).<\/p>\n<figure id=\"attachment_24098\" aria-describedby=\"caption-attachment-24098\" style=\"width: 680px\" class=\"wp-caption alignnone\"><img loading=\"lazy\" decoding=\"async\" class=\"size-full wp-image-24098\" src=\"https:\/\/www.organisator.ch\/wp-content\/uploads\/2024\/01\/IFJ_Bild-4_ps.jpg\" alt=\"\" width=\"680\" height=\"262\" srcset=\"https:\/\/www.organisator.ch\/wp-content\/uploads\/2024\/01\/IFJ_Bild-4_ps.jpg 680w, https:\/\/www.organisator.ch\/wp-content\/uploads\/2024\/01\/IFJ_Bild-4_ps-18x7.jpg 18w, https:\/\/www.organisator.ch\/wp-content\/uploads\/2024\/01\/IFJ_Bild-4_ps-375x144.jpg 375w\" sizes=\"auto, (max-width: 680px) 100vw, 680px\" \/><figcaption id=\"caption-attachment-24098\" class=\"wp-caption-text\">Top 10 des branches les plus cr\u00e9atrices d'entreprises. (Image : Feuille officielle suisse du commerce FOSC, Dun &amp; Bradstreet Schweiz AG ; analyse : IFJ Institut f\u00fcr Jungunternehmen AG)<\/figcaption><\/figure>\n<h3><strong>Les fondateurs suisses \u00e9tablissent un nouveau record de cr\u00e9ation d'entreprise <\/strong><\/h3>\n<p>L'\u00e9volution actuelle du nombre de nouvelles entreprises montre que la Suisse assure une bonne base \u00e9conomique aux jeunes entreprises et aux start-ups. Malgr\u00e9 les incertitudes \u00e9conomiques et les d\u00e9fis tels que la crise \u00e9nerg\u00e9tique, l'\u00e9conomie suisse se d\u00e9veloppe de mani\u00e8re positive et a permis d'\u00e9tablir un nouveau record national de cr\u00e9ations d'entreprises. Les d\u00e9veloppements du dernier trimestre de l'ann\u00e9e sont en outre positifs pour une ann\u00e9e 2024 prometteuse. Par rapport \u00e0 l'ann\u00e9e pr\u00e9c\u00e9dente, le nombre de cr\u00e9ations d'entreprises a augment\u00e9 de 2,8% au T4 et de 3,4% par rapport \u00e0 l'ann\u00e9e record 2021.<\/p>\n<p>Le nombre croissant de cr\u00e9ations d'entreprises est \u00e9galement un indicateur de la confiance et de l'assurance dans l'\u00e9conomie suisse et son potentiel d'avenir. En Suisse, les jeunes entrepreneurs b\u00e9n\u00e9ficient de divers programmes d'encouragement et de mesures cibl\u00e9es pour soutenir l'entrepreneuriat.<\/p>\n<p>Les perspectives pour la cr\u00e9ation d'entreprise sont \u00e9galement positives pour l'ann\u00e9e prochaine. En effet, la Suisse est toujours consid\u00e9r\u00e9e comme le pays le plus innovant du monde (cf. Global Innovation Index 2023). Les cr\u00e9ations d'entreprises contribuent largement \u00e0 la cr\u00e9ation de nouveaux emplois et restent fondamentales pour l'\u00e9conomie suisse.<\/p>\n<p><em>Source : <a href=\"http:\/\/www.ifj.ch\">www.ifj.ch<\/a><\/em><\/p>","protected":false},"excerpt":{"rendered":"<p>Les chiffres de la cr\u00e9ation d'entreprise en 2023 le confirment : Il n'y a jamais eu autant d'entreprises cr\u00e9\u00e9es en Suisse que cette ann\u00e9e. C'est ce que montre l'\u00e9tude IFJ \"Analyse nationale des cr\u00e9ations d'entreprises en Suisse en 2023\". Au total, 51'637 nouvelles entreprises ont \u00e9t\u00e9 enregistr\u00e9es. Cela repr\u00e9sente une croissance de 3,2% par rapport \u00e0 l'ann\u00e9e pr\u00e9c\u00e9dente 2022 et une augmentation de 2,2% par rapport \u00e0 l'ann\u00e9e record 2021.<\/p>","protected":false},"author":58,"featured_media":24095,"comment_status":"closed","ping_status":"closed","sticky":false,"template":"","format":"standard","meta":{"_acf_changed":false,"_yoast_wpseo_focuskw":"Gr\u00fcndungsrekord","_yoast_wpseo_metadesc":"Die Gr\u00fcndungszahlen 2023 best\u00e4tigen: Es wurden schweizweit noch nie so viele Firmen wie in diesem Jahr gegr\u00fcndet.","articlekey":"","footnotes":""},"categories":[582],"tags":[205,4048,424,459],"class_list":["post-24093","post","type-post","status-publish","format-standard","has-post-thumbnail","hentry","category-operational-excellence","tag-firmengruendungen","tag-gruendungsrekord","tag-schweiz","tag-studie"],"acf":[],"yoast_head":"<!-- This site is optimized with the Yoast SEO plugin v27.4 - https:\/\/yoast.com\/product\/yoast-seo-wordpress\/ -->\n<title>Neuer Gr\u00fcndungsrekord: 51&#039;637 neue Firmen - Organisator<\/title>\n<meta name=\"description\" content=\"Die Gr\u00fcndungszahlen 2023 best\u00e4tigen: Es wurden schweizweit noch nie so viele Firmen wie in diesem Jahr gegr\u00fcndet.\" \/>\n<meta name=\"robots\" content=\"index, follow, max-snippet:-1, max-image-preview:large, max-video-preview:-1\" \/>\n<link rel=\"canonical\" href=\"https:\/\/www.organisator.ch\/fr\/excellence-operationnelle\/2024-01-03\/neuer-gruendungsrekord-51637-neue-firmen\/\" \/>\n<meta property=\"og:locale\" content=\"fr_FR\" \/>\n<meta property=\"og:type\" content=\"article\" \/>\n<meta property=\"og:title\" content=\"Neuer Gr\u00fcndungsrekord: 51&#039;637 neue Firmen\" \/>\n<meta property=\"og:description\" content=\"Die Gr\u00fcndungszahlen 2023 best\u00e4tigen: Es wurden schweizweit noch nie so viele Firmen wie in diesem Jahr gegr\u00fcndet.\" \/>\n<meta property=\"og:url\" content=\"https:\/\/www.organisator.ch\/fr\/excellence-operationnelle\/2024-01-03\/neuer-gruendungsrekord-51637-neue-firmen\/\" \/>\n<meta property=\"og:site_name\" content=\"Organisator\" \/>\n<meta property=\"article:publisher\" content=\"https:\/\/www.facebook.com\/OrganisatorFachmagazin\" \/>\n<meta property=\"article:published_time\" content=\"2024-01-03T09:50:17+00:00\" \/>\n<meta property=\"article:modified_time\" content=\"2024-01-04T10:21:41+00:00\" \/>\n<meta property=\"og:image\" content=\"https:\/\/www.organisator.ch\/wp-content\/uploads\/2024\/01\/IFJ_Bild3_ps.jpg\" \/>\n\t<meta property=\"og:image:width\" content=\"680\" \/>\n\t<meta property=\"og:image:height\" content=\"397\" \/>\n\t<meta property=\"og:image:type\" content=\"image\/jpeg\" \/>\n<meta name=\"author\" content=\"Adelisa Kalajdzini\" \/>\n<meta name=\"twitter:card\" content=\"summary_large_image\" \/>\n<meta name=\"twitter:title\" content=\"Neuer Gr\u00fcndungsrekord: 51&#039;637 neue Firmen\" \/>\n<meta name=\"twitter:description\" content=\"Die #Gr\u00fcndungszahlen #2023 best\u00e4tigen: Es wurden schweizweit noch nie so viele #Firmen wie in diesem Jahr gegr\u00fcndet.\" \/>\n<meta name=\"twitter:image\" content=\"https:\/\/www.organisator.ch\/wp-content\/uploads\/2024\/01\/IFJ_Bild3_ps.jpg\" \/>\n<script type=\"application\/ld+json\" class=\"yoast-schema-graph\">{\"@context\":\"https:\\\/\\\/schema.org\",\"@graph\":[{\"@type\":\"Article\",\"@id\":\"https:\\\/\\\/www.organisator.ch\\\/operational-excellence\\\/2024-01-03\\\/neuer-gruendungsrekord-51637-neue-firmen\\\/#article\",\"isPartOf\":{\"@id\":\"https:\\\/\\\/www.organisator.ch\\\/operational-excellence\\\/2024-01-03\\\/neuer-gruendungsrekord-51637-neue-firmen\\\/\"},\"author\":{\"name\":\"Adelisa Kalajdzini\",\"@id\":\"https:\\\/\\\/www.organisator.ch\\\/#\\\/schema\\\/person\\\/2e1314a2172123f874db408d8911d3f3\"},\"headline\":\"Neuer Gr\u00fcndungsrekord: 51&#8217;637 neue Firmen\",\"datePublished\":\"2024-01-03T09:50:17+00:00\",\"dateModified\":\"2024-01-04T10:21:41+00:00\",\"mainEntityOfPage\":{\"@id\":\"https:\\\/\\\/www.organisator.ch\\\/operational-excellence\\\/2024-01-03\\\/neuer-gruendungsrekord-51637-neue-firmen\\\/\"},\"wordCount\":811,\"publisher\":{\"@id\":\"https:\\\/\\\/www.organisator.ch\\\/#organization\"},\"image\":{\"@id\":\"https:\\\/\\\/www.organisator.ch\\\/operational-excellence\\\/2024-01-03\\\/neuer-gruendungsrekord-51637-neue-firmen\\\/#primaryimage\"},\"thumbnailUrl\":\"https:\\\/\\\/www.organisator.ch\\\/wp-content\\\/uploads\\\/2024\\\/01\\\/IFJ_Bild3_ps.jpg\",\"keywords\":[\"Firmengr\u00fcndungen\",\"Gr\u00fcndungsrekord\",\"Schweiz\",\"Studie\"],\"articleSection\":[\"OPERATIONAL EXCELLENCE\"],\"inLanguage\":\"fr-FR\"},{\"@type\":\"WebPage\",\"@id\":\"https:\\\/\\\/www.organisator.ch\\\/operational-excellence\\\/2024-01-03\\\/neuer-gruendungsrekord-51637-neue-firmen\\\/\",\"url\":\"https:\\\/\\\/www.organisator.ch\\\/operational-excellence\\\/2024-01-03\\\/neuer-gruendungsrekord-51637-neue-firmen\\\/\",\"name\":\"Neuer Gr\u00fcndungsrekord: 51'637 neue Firmen - Organisator\",\"isPartOf\":{\"@id\":\"https:\\\/\\\/www.organisator.ch\\\/#website\"},\"primaryImageOfPage\":{\"@id\":\"https:\\\/\\\/www.organisator.ch\\\/operational-excellence\\\/2024-01-03\\\/neuer-gruendungsrekord-51637-neue-firmen\\\/#primaryimage\"},\"image\":{\"@id\":\"https:\\\/\\\/www.organisator.ch\\\/operational-excellence\\\/2024-01-03\\\/neuer-gruendungsrekord-51637-neue-firmen\\\/#primaryimage\"},\"thumbnailUrl\":\"https:\\\/\\\/www.organisator.ch\\\/wp-content\\\/uploads\\\/2024\\\/01\\\/IFJ_Bild3_ps.jpg\",\"datePublished\":\"2024-01-03T09:50:17+00:00\",\"dateModified\":\"2024-01-04T10:21:41+00:00\",\"description\":\"Die Gr\u00fcndungszahlen 2023 best\u00e4tigen: Es wurden schweizweit noch nie so viele Firmen wie in diesem Jahr gegr\u00fcndet.\",\"breadcrumb\":{\"@id\":\"https:\\\/\\\/www.organisator.ch\\\/operational-excellence\\\/2024-01-03\\\/neuer-gruendungsrekord-51637-neue-firmen\\\/#breadcrumb\"},\"inLanguage\":\"fr-FR\",\"potentialAction\":[{\"@type\":\"ReadAction\",\"target\":[\"https:\\\/\\\/www.organisator.ch\\\/operational-excellence\\\/2024-01-03\\\/neuer-gruendungsrekord-51637-neue-firmen\\\/\"]}]},{\"@type\":\"ImageObject\",\"inLanguage\":\"fr-FR\",\"@id\":\"https:\\\/\\\/www.organisator.ch\\\/operational-excellence\\\/2024-01-03\\\/neuer-gruendungsrekord-51637-neue-firmen\\\/#primaryimage\",\"url\":\"https:\\\/\\\/www.organisator.ch\\\/wp-content\\\/uploads\\\/2024\\\/01\\\/IFJ_Bild3_ps.jpg\",\"contentUrl\":\"https:\\\/\\\/www.organisator.ch\\\/wp-content\\\/uploads\\\/2024\\\/01\\\/IFJ_Bild3_ps.jpg\",\"width\":680,\"height\":397,\"caption\":\"Das Jahr 2023 verzeichnet mit 51'637 Neugr\u00fcndungen einen neuen Rekordwert. Die Anzahl liegt mit +13.7% deutlich \u00fcber dem Durchschnitt der letzten 10 Jahre. (Bild: Schweizerisches Handelsamtsblatt SHAB; Analyse und Grafik: IFJ Institut f\u00fcr Jungunternehmen AG)\"},{\"@type\":\"BreadcrumbList\",\"@id\":\"https:\\\/\\\/www.organisator.ch\\\/operational-excellence\\\/2024-01-03\\\/neuer-gruendungsrekord-51637-neue-firmen\\\/#breadcrumb\",\"itemListElement\":[{\"@type\":\"ListItem\",\"position\":1,\"name\":\"Home\",\"item\":\"https:\\\/\\\/www.organisator.ch\\\/\"},{\"@type\":\"ListItem\",\"position\":2,\"name\":\"Neuer Gr\u00fcndungsrekord: 51&#8217;637 neue Firmen\"}]},{\"@type\":\"WebSite\",\"@id\":\"https:\\\/\\\/www.organisator.ch\\\/#website\",\"url\":\"https:\\\/\\\/www.organisator.ch\\\/\",\"name\":\"Organisator\",\"description\":\"Kompetent. Praxisnah. Der ORGANISATOR bereitet in 10 Ausgaben pro Jahr die wesentlichen Themen f\u00fcr F\u00fchrungskr\u00e4fte von KMU auf.\",\"publisher\":{\"@id\":\"https:\\\/\\\/www.organisator.ch\\\/#organization\"},\"potentialAction\":[{\"@type\":\"SearchAction\",\"target\":{\"@type\":\"EntryPoint\",\"urlTemplate\":\"https:\\\/\\\/www.organisator.ch\\\/?s={search_term_string}\"},\"query-input\":{\"@type\":\"PropertyValueSpecification\",\"valueRequired\":true,\"valueName\":\"search_term_string\"}}],\"inLanguage\":\"fr-FR\"},{\"@type\":\"Organization\",\"@id\":\"https:\\\/\\\/www.organisator.ch\\\/#organization\",\"name\":\"Organisator\",\"url\":\"https:\\\/\\\/www.organisator.ch\\\/\",\"logo\":{\"@type\":\"ImageObject\",\"inLanguage\":\"fr-FR\",\"@id\":\"https:\\\/\\\/www.organisator.ch\\\/#\\\/schema\\\/logo\\\/image\\\/\",\"url\":\"https:\\\/\\\/www.organisator.ch\\\/wp-content\\\/uploads\\\/2022\\\/01\\\/Logo_Organisator_Website.png\",\"contentUrl\":\"https:\\\/\\\/www.organisator.ch\\\/wp-content\\\/uploads\\\/2022\\\/01\\\/Logo_Organisator_Website.png\",\"width\":800,\"height\":77,\"caption\":\"Organisator\"},\"image\":{\"@id\":\"https:\\\/\\\/www.organisator.ch\\\/#\\\/schema\\\/logo\\\/image\\\/\"},\"sameAs\":[\"https:\\\/\\\/www.facebook.com\\\/OrganisatorFachmagazin\",\"https:\\\/\\\/www.linkedin.com\\\/showcase\\\/organisator-das-magazin-fr-kmu\",\"https:\\\/\\\/www.xing.com\\\/news\\\/pages\\\/organisator-ch-695\",\"https:\\\/\\\/www.youtube.com\\\/channel\\\/UCGP2Sq0iWaZwT3BdIAQFYpw\"]},{\"@type\":\"Person\",\"@id\":\"https:\\\/\\\/www.organisator.ch\\\/#\\\/schema\\\/person\\\/2e1314a2172123f874db408d8911d3f3\",\"name\":\"Adelisa Kalajdzini\",\"image\":{\"@type\":\"ImageObject\",\"inLanguage\":\"fr-FR\",\"@id\":\"https:\\\/\\\/secure.gravatar.com\\\/avatar\\\/09a397c22ac58cad6f160ee8306348599df9df58a8ede73696226897b9fa4b24?s=96&d=mm&r=g\",\"url\":\"https:\\\/\\\/secure.gravatar.com\\\/avatar\\\/09a397c22ac58cad6f160ee8306348599df9df58a8ede73696226897b9fa4b24?s=96&d=mm&r=g\",\"contentUrl\":\"https:\\\/\\\/secure.gravatar.com\\\/avatar\\\/09a397c22ac58cad6f160ee8306348599df9df58a8ede73696226897b9fa4b24?s=96&d=mm&r=g\",\"caption\":\"Adelisa Kalajdzini\"},\"url\":\"https:\\\/\\\/www.organisator.ch\\\/fr\\\/author\\\/adelisa-kalajdzini\\\/\"}]}<\/script>\n<!-- \/ Yoast SEO plugin. -->","yoast_head_json":{"title":"Nouveau record de cr\u00e9ation : 51'637 nouvelles entreprises - Organisateur","description":"Les chiffres de la cr\u00e9ation d'entreprise en 2023 le confirment : Il n'y a jamais eu autant d'entreprises cr\u00e9\u00e9es en Suisse que cette ann\u00e9e.","robots":{"index":"index","follow":"follow","max-snippet":"max-snippet:-1","max-image-preview":"max-image-preview:large","max-video-preview":"max-video-preview:-1"},"canonical":"https:\/\/www.organisator.ch\/fr\/excellence-operationnelle\/2024-01-03\/neuer-gruendungsrekord-51637-neue-firmen\/","og_locale":"fr_FR","og_type":"article","og_title":"Neuer Gr\u00fcndungsrekord: 51'637 neue Firmen","og_description":"Die Gr\u00fcndungszahlen 2023 best\u00e4tigen: Es wurden schweizweit noch nie so viele Firmen wie in diesem Jahr gegr\u00fcndet.","og_url":"https:\/\/www.organisator.ch\/fr\/excellence-operationnelle\/2024-01-03\/neuer-gruendungsrekord-51637-neue-firmen\/","og_site_name":"Organisator","article_publisher":"https:\/\/www.facebook.com\/OrganisatorFachmagazin","article_published_time":"2024-01-03T09:50:17+00:00","article_modified_time":"2024-01-04T10:21:41+00:00","og_image":[{"width":680,"height":397,"url":"https:\/\/www.organisator.ch\/wp-content\/uploads\/2024\/01\/IFJ_Bild3_ps.jpg","type":"image\/jpeg"}],"author":"Adelisa Kalajdzini","twitter_card":"summary_large_image","twitter_title":"Neuer Gr\u00fcndungsrekord: 51'637 neue Firmen","twitter_description":"Die #Gr\u00fcndungszahlen #2023 best\u00e4tigen: Es wurden schweizweit noch nie so viele #Firmen wie in diesem Jahr gegr\u00fcndet.","twitter_image":"https:\/\/www.organisator.ch\/wp-content\/uploads\/2024\/01\/IFJ_Bild3_ps.jpg","schema":{"@context":"https:\/\/schema.org","@graph":[{"@type":"Article","@id":"https:\/\/www.organisator.ch\/operational-excellence\/2024-01-03\/neuer-gruendungsrekord-51637-neue-firmen\/#article","isPartOf":{"@id":"https:\/\/www.organisator.ch\/operational-excellence\/2024-01-03\/neuer-gruendungsrekord-51637-neue-firmen\/"},"author":{"name":"Adelisa Kalajdzini","@id":"https:\/\/www.organisator.ch\/#\/schema\/person\/2e1314a2172123f874db408d8911d3f3"},"headline":"Neuer Gr\u00fcndungsrekord: 51&#8217;637 neue Firmen","datePublished":"2024-01-03T09:50:17+00:00","dateModified":"2024-01-04T10:21:41+00:00","mainEntityOfPage":{"@id":"https:\/\/www.organisator.ch\/operational-excellence\/2024-01-03\/neuer-gruendungsrekord-51637-neue-firmen\/"},"wordCount":811,"publisher":{"@id":"https:\/\/www.organisator.ch\/#organization"},"image":{"@id":"https:\/\/www.organisator.ch\/operational-excellence\/2024-01-03\/neuer-gruendungsrekord-51637-neue-firmen\/#primaryimage"},"thumbnailUrl":"https:\/\/www.organisator.ch\/wp-content\/uploads\/2024\/01\/IFJ_Bild3_ps.jpg","keywords":["Firmengr\u00fcndungen","Gr\u00fcndungsrekord","Schweiz","Studie"],"articleSection":["OPERATIONAL EXCELLENCE"],"inLanguage":"fr-FR"},{"@type":"WebPage","@id":"https:\/\/www.organisator.ch\/operational-excellence\/2024-01-03\/neuer-gruendungsrekord-51637-neue-firmen\/","url":"https:\/\/www.organisator.ch\/operational-excellence\/2024-01-03\/neuer-gruendungsrekord-51637-neue-firmen\/","name":"Nouveau record de cr\u00e9ation : 51'637 nouvelles entreprises - Organisateur","isPartOf":{"@id":"https:\/\/www.organisator.ch\/#website"},"primaryImageOfPage":{"@id":"https:\/\/www.organisator.ch\/operational-excellence\/2024-01-03\/neuer-gruendungsrekord-51637-neue-firmen\/#primaryimage"},"image":{"@id":"https:\/\/www.organisator.ch\/operational-excellence\/2024-01-03\/neuer-gruendungsrekord-51637-neue-firmen\/#primaryimage"},"thumbnailUrl":"https:\/\/www.organisator.ch\/wp-content\/uploads\/2024\/01\/IFJ_Bild3_ps.jpg","datePublished":"2024-01-03T09:50:17+00:00","dateModified":"2024-01-04T10:21:41+00:00","description":"Les chiffres de la cr\u00e9ation d'entreprise en 2023 le confirment : Il n'y a jamais eu autant d'entreprises cr\u00e9\u00e9es en Suisse que cette ann\u00e9e.","breadcrumb":{"@id":"https:\/\/www.organisator.ch\/operational-excellence\/2024-01-03\/neuer-gruendungsrekord-51637-neue-firmen\/#breadcrumb"},"inLanguage":"fr-FR","potentialAction":[{"@type":"ReadAction","target":["https:\/\/www.organisator.ch\/operational-excellence\/2024-01-03\/neuer-gruendungsrekord-51637-neue-firmen\/"]}]},{"@type":"ImageObject","inLanguage":"fr-FR","@id":"https:\/\/www.organisator.ch\/operational-excellence\/2024-01-03\/neuer-gruendungsrekord-51637-neue-firmen\/#primaryimage","url":"https:\/\/www.organisator.ch\/wp-content\/uploads\/2024\/01\/IFJ_Bild3_ps.jpg","contentUrl":"https:\/\/www.organisator.ch\/wp-content\/uploads\/2024\/01\/IFJ_Bild3_ps.jpg","width":680,"height":397,"caption":"Das Jahr 2023 verzeichnet mit 51'637 Neugr\u00fcndungen einen neuen Rekordwert. Die Anzahl liegt mit +13.7% deutlich \u00fcber dem Durchschnitt der letzten 10 Jahre. (Bild: Schweizerisches Handelsamtsblatt SHAB; Analyse und Grafik: IFJ Institut f\u00fcr Jungunternehmen AG)"},{"@type":"BreadcrumbList","@id":"https:\/\/www.organisator.ch\/operational-excellence\/2024-01-03\/neuer-gruendungsrekord-51637-neue-firmen\/#breadcrumb","itemListElement":[{"@type":"ListItem","position":1,"name":"Home","item":"https:\/\/www.organisator.ch\/"},{"@type":"ListItem","position":2,"name":"Neuer Gr\u00fcndungsrekord: 51&#8217;637 neue Firmen"}]},{"@type":"WebSite","@id":"https:\/\/www.organisator.ch\/#website","url":"https:\/\/www.organisator.ch\/","name":"Organisateur","description":"Comp\u00e9tence et comp\u00e9tence. Proches de la pratique. L'ORGANISATEUR pr\u00e9pare 10 num\u00e9ros par an sur les th\u00e8mes essentiels pour les dirigeants de PME.","publisher":{"@id":"https:\/\/www.organisator.ch\/#organization"},"potentialAction":[{"@type":"SearchAction","target":{"@type":"EntryPoint","urlTemplate":"https:\/\/www.organisator.ch\/?s={search_term_string}"},"query-input":{"@type":"PropertyValueSpecification","valueRequired":true,"valueName":"search_term_string"}}],"inLanguage":"fr-FR"},{"@type":"Organization","@id":"https:\/\/www.organisator.ch\/#organization","name":"Organisateur","url":"https:\/\/www.organisator.ch\/","logo":{"@type":"ImageObject","inLanguage":"fr-FR","@id":"https:\/\/www.organisator.ch\/#\/schema\/logo\/image\/","url":"https:\/\/www.organisator.ch\/wp-content\/uploads\/2022\/01\/Logo_Organisator_Website.png","contentUrl":"https:\/\/www.organisator.ch\/wp-content\/uploads\/2022\/01\/Logo_Organisator_Website.png","width":800,"height":77,"caption":"Organisator"},"image":{"@id":"https:\/\/www.organisator.ch\/#\/schema\/logo\/image\/"},"sameAs":["https:\/\/www.facebook.com\/OrganisatorFachmagazin","https:\/\/www.linkedin.com\/showcase\/organisator-das-magazin-fr-kmu","https:\/\/www.xing.com\/news\/pages\/organisator-ch-695","https:\/\/www.youtube.com\/channel\/UCGP2Sq0iWaZwT3BdIAQFYpw"]},{"@type":"Person","@id":"https:\/\/www.organisator.ch\/#\/schema\/person\/2e1314a2172123f874db408d8911d3f3","name":"Adelisa Kalajdzini","image":{"@type":"ImageObject","inLanguage":"fr-FR","@id":"https:\/\/secure.gravatar.com\/avatar\/09a397c22ac58cad6f160ee8306348599df9df58a8ede73696226897b9fa4b24?s=96&d=mm&r=g","url":"https:\/\/secure.gravatar.com\/avatar\/09a397c22ac58cad6f160ee8306348599df9df58a8ede73696226897b9fa4b24?s=96&d=mm&r=g","contentUrl":"https:\/\/secure.gravatar.com\/avatar\/09a397c22ac58cad6f160ee8306348599df9df58a8ede73696226897b9fa4b24?s=96&d=mm&r=g","caption":"Adelisa Kalajdzini"},"url":"https:\/\/www.organisator.ch\/fr\/author\/adelisa-kalajdzini\/"}]}},"_links":{"self":[{"href":"https:\/\/www.organisator.ch\/fr\/wp-json\/wp\/v2\/posts\/24093","targetHints":{"allow":["GET"]}}],"collection":[{"href":"https:\/\/www.organisator.ch\/fr\/wp-json\/wp\/v2\/posts"}],"about":[{"href":"https:\/\/www.organisator.ch\/fr\/wp-json\/wp\/v2\/types\/post"}],"author":[{"embeddable":true,"href":"https:\/\/www.organisator.ch\/fr\/wp-json\/wp\/v2\/users\/58"}],"replies":[{"embeddable":true,"href":"https:\/\/www.organisator.ch\/fr\/wp-json\/wp\/v2\/comments?post=24093"}],"version-history":[{"count":11,"href":"https:\/\/www.organisator.ch\/fr\/wp-json\/wp\/v2\/posts\/24093\/revisions"}],"predecessor-version":[{"id":24124,"href":"https:\/\/www.organisator.ch\/fr\/wp-json\/wp\/v2\/posts\/24093\/revisions\/24124"}],"wp:featuredmedia":[{"embeddable":true,"href":"https:\/\/www.organisator.ch\/fr\/wp-json\/wp\/v2\/media\/24095"}],"wp:attachment":[{"href":"https:\/\/www.organisator.ch\/fr\/wp-json\/wp\/v2\/media?parent=24093"}],"wp:term":[{"taxonomy":"category","embeddable":true,"href":"https:\/\/www.organisator.ch\/fr\/wp-json\/wp\/v2\/categories?post=24093"},{"taxonomy":"post_tag","embeddable":true,"href":"https:\/\/www.organisator.ch\/fr\/wp-json\/wp\/v2\/tags?post=24093"}],"curies":[{"name":"wp","href":"https:\/\/api.w.org\/{rel}","templated":true}]}}