{"id":2412,"date":"2017-09-11T10:22:29","date_gmt":"2017-09-11T08:22:29","guid":{"rendered":"https:\/\/www.organisator.ch\/?p=2412"},"modified":"2017-09-11T10:22:29","modified_gmt":"2017-09-11T08:22:29","slug":"von-erschrockenen-goldfischen-am-networking-tag-2017","status":"publish","type":"post","link":"https:\/\/www.organisator.ch\/fr\/allgemein\/2017-09-11\/von-erschrockenen-goldfischen-am-networking-tag-2017\/","title":{"rendered":"Des poissons rouges effray\u00e9s lors de la journ\u00e9e de r\u00e9seautage 2017"},"content":{"rendered":"<figure id=\"attachment_2413\" aria-describedby=\"caption-attachment-2413\" style=\"width: 640px\" class=\"wp-caption alignnone\"><img loading=\"lazy\" decoding=\"async\" class=\"size-full wp-image-2413\" src=\"https:\/\/www.organisator.ch\/wp-content\/uploads\/2017\/09\/Von-erschrockenen-Goldfischen-am-Networking-Tag-2017-1_Organisator.jpg\" alt=\"\" width=\"640\" height=\"427\" srcset=\"https:\/\/www.organisator.ch\/wp-content\/uploads\/2017\/09\/Von-erschrockenen-Goldfischen-am-Networking-Tag-2017-1_Organisator.jpg 640w, https:\/\/www.organisator.ch\/wp-content\/uploads\/2017\/09\/Von-erschrockenen-Goldfischen-am-Networking-Tag-2017-1_Organisator-16x12.jpg 16w, https:\/\/www.organisator.ch\/wp-content\/uploads\/2017\/09\/Von-erschrockenen-Goldfischen-am-Networking-Tag-2017-1_Organisator-262x175.jpg 262w, https:\/\/www.organisator.ch\/wp-content\/uploads\/2017\/09\/Von-erschrockenen-Goldfischen-am-Networking-Tag-2017-1_Organisator-525x350.jpg 525w, https:\/\/www.organisator.ch\/wp-content\/uploads\/2017\/09\/Von-erschrockenen-Goldfischen-am-Networking-Tag-2017-1_Organisator-300x200.jpg 300w\" sizes=\"auto, (max-width: 640px) 100vw, 640px\" \/><figcaption id=\"caption-attachment-2413\" class=\"wp-caption-text\">Discussion d'input lors de la journ\u00e9e de networking 2017 : le philosophe Philipp Tingler et l'historienne Ute Frevert (en discussion avec la mod\u00e9ratrice Claudia L\u00e4sser) n'\u00e9taient pas toujours d'accord. (Photo : PD FHS Alumni)<\/figcaption><\/figure>\n<p>La soci\u00e9t\u00e9 actuelle lutte contre le vieillissement de l'apparence, s'injecte des produits sans rides, corrige ses pr\u00e9tendues imperfections et se d\u00e9barrasse de ses bourrelets de graisse. D'o\u00f9 vient ce r\u00eave de vivre \u00e9ternellement ? De vouloir rester \u00e9ternellement jeune ? Ce n'est pas seulement Sebastian W\u00f6rwag, le recteur de la Haute \u00e9cole sp\u00e9cialis\u00e9e de Saint-Gall, qui s'est pos\u00e9 la question le 8 septembre 2017 \u00e0 l'Olma Halle, mais aussi les quelque 700 participants \u00e0 la 13e journ\u00e9e de networking des FHS Alumni. En effet, le th\u00e8me retenu est \"Forever Young\". \"L'id\u00e9e m'est venue l'\u00e9t\u00e9 dernier lors d'une randonn\u00e9e sur l'Alp Sigel. Je me suis litt\u00e9ralement battue pour monter et j'ai pris conscience que l'esprit avance, mais que le corps recule malheureusement. C'est la chanson d'Alphaville qui m'a finalement aid\u00e9 : Forever young\", explique Sigmar Willi, directeur de FHS Alumni.<\/p>\n<h2><strong>L'\u00e9ternelle jeunesse porte un visage d'unit\u00e9<\/strong><\/h2>\n<p>\"L'homme d'aujourd'hui n'accepte plus le destin - le destin du vieillissement\", estime Philipp Tingler, philosophe et \u00e9conomiste. Il se consid\u00e8re plut\u00f4t comme un autocr\u00e9ateur, un homocr\u00e9ateur. On n'accepte plus son gros nez, mais on le corrige. Et c'est ainsi que le visage unique occidental suit son cours : petit nez, grande bouche, visage tir\u00e9 vers l'arri\u00e8re. \"Ils ressemblent tous \u00e0 des poissons rouges effray\u00e9s\". On se laisse emporter par le tsunami d'images retravaill\u00e9es, dans le sens o\u00f9 l'on se dit : \"Je suis en train de vieillir : Je vieillis, mais je ne dois pas ressembler \u00e0 \u00e7a. Ce faisant, l'humanit\u00e9 semble oublier que \"m\u00eame si nous avons 85 ans et que nous en paraissons 40, nous finissons par tomber raide mort\", poursuit Tingler. Ute Frevert, directrice de l'Institut Max-Planck pour la recherche en \u00e9ducation, lui donne raison \u00e0 ce sujet. Elle parle de son amie qui vit aux \u00c9tats-Unis. Une femme d'environ 70 ans qui d\u00e9cide de ne plus s'injecter de Botox et de laisser ses cheveux grisonner. Mais elle d\u00e9clenche ainsi une temp\u00eate de protestations dans son entourage. \"Autrefois, la jeunesse n'\u00e9tait pas appr\u00e9ci\u00e9e partout, tout d\u00e9pendait des circonstances. Ce n'est qu'au 19e si\u00e8cle que le jeunisme s'est r\u00e9v\u00e9l\u00e9, mais uniquement chez les hommes et dans les classes sup\u00e9rieures\", explique l'historienne. Les premi\u00e8res op\u00e9rations de rajeunissement ont \u00e9t\u00e9 transmises au d\u00e9but du 20e si\u00e8cle, mais sans succ\u00e8s visible, sourit-elle. \"Aujourd'hui, \u00eatre jeune signifie \u00eatre autonome et ind\u00e9pendant, mentalement et physiquement\".<\/p>\n<h2><strong>Revenir sur ses pas : \u00catre plus qu'avoir<\/strong><\/h2>\n<p>Avant que l'on s'en rende compte, la \"crise de la quarantaine\" arrive. La psychologue du d\u00e9veloppement Pasqualina Perrig-Chiello ne le sait que trop bien. \"Au milieu de la vie, nous ne sommes pas encore vieux, mais nous ne sommes plus jeunes non plus. C'est la p\u00e9riode la plus sujette aux crises\". On se trouve tout en bas de l'\u00e9chelle de la satisfaction de vie, on subit des changements personnels, familiaux ou professionnels. Souvent tout cela \u00e0 la fois. On se sent surcharg\u00e9, harcel\u00e9 par les jeunes et on se trouve au seuil d'une importante transition biographique. Un d\u00e9fi de taille que beaucoup ne parviendraient pas \u00e0 relever. Mais elle encourage les participants dans la salle : \u00e0 partir de 49 ans, les choses s'am\u00e9liorent, de nombreuses \u00e9tudes le prouvent. C'est le meilleur moment pour poser de nouveaux jalons. De s'\u00e9panouir \u00e0 nouveau. Et au lieu de se d\u00e9finir par l'avoir, se concentrer \u00e0 nouveau sur l'\u00eatre.<\/p>\n<figure id=\"attachment_2414\" aria-describedby=\"caption-attachment-2414\" style=\"width: 640px\" class=\"wp-caption alignnone\"><img loading=\"lazy\" decoding=\"async\" class=\"size-full wp-image-2414\" src=\"https:\/\/www.organisator.ch\/wp-content\/uploads\/2017\/09\/Von-erschrockenen-Goldfischen-am-Networking-Tag-2017-2_Organisator.jpg\" alt=\"\" width=\"640\" height=\"278\" srcset=\"https:\/\/www.organisator.ch\/wp-content\/uploads\/2017\/09\/Von-erschrockenen-Goldfischen-am-Networking-Tag-2017-2_Organisator.jpg 640w, https:\/\/www.organisator.ch\/wp-content\/uploads\/2017\/09\/Von-erschrockenen-Goldfischen-am-Networking-Tag-2017-2_Organisator-16x7.jpg 16w, https:\/\/www.organisator.ch\/wp-content\/uploads\/2017\/09\/Von-erschrockenen-Goldfischen-am-Networking-Tag-2017-2_Organisator-375x163.jpg 375w, https:\/\/www.organisator.ch\/wp-content\/uploads\/2017\/09\/Von-erschrockenen-Goldfischen-am-Networking-Tag-2017-2_Organisator-300x130.jpg 300w\" sizes=\"auto, (max-width: 640px) 100vw, 640px\" \/><figcaption id=\"caption-attachment-2414\" class=\"wp-caption-text\">Le CEO Marc Stoffel a \u00e9t\u00e9 \u00e9lu \u00e0 son poste par ses collaborateurs. Sur le podium, il explique \u00e0 l'animatrice Claudia L\u00e4sser et aux deux CEO Caroline Forster et Alexander von Witzleben (de droite \u00e0 gauche) ce que signifie pour lui une direction moderne. (Image : PD FHS Alumni)<\/figcaption><\/figure>\n<h2><strong>La jeunesse dans le management<\/strong><\/h2>\n<p>Reste la question : les jeunes cadres dirigent-ils diff\u00e9remment ? \"Il y a 30 ans, je prenais des d\u00e9cisions diff\u00e9rentes de celles d'aujourd'hui. A savoir avec beaucoup plus d'imp\u00e9tuosit\u00e9. L'avantage aujourd'hui : je peux mieux \u00e9valuer les gens\", d\u00e9clare Alexander von Witzleben, CEO d'Arbonia AG. Caroline Forster, du groupe Forster Rohner, se souvient de la reprise de l'entreprise de son p\u00e8re \u00e0 l'\u00e2ge de 27 ans, avec son fr\u00e8re. A l'\u00e9poque, elle \u00e9tait encore na\u00efve, elle a fait les choses simplement, sans r\u00e9fl\u00e9chir longtemps. Aujourd'hui, l'exp\u00e9rience joue un r\u00f4le. Le troisi\u00e8me participant \u00e0 la table ronde, Marc Stoffel, CEO de Haufe-umantis AG (voir aussi <a href=\"https:\/\/www.organisator.ch\/wp-content\/uploads\/2017\/09\/2017_07-08-10.pdf\">Interview dans le num\u00e9ro 7-8\/2017 de l'ORGANISATEUR<\/a>). Dans son entreprise, chaque dirigeant est r\u00e9\u00e9lu ou r\u00e9voqu\u00e9 au bout d'un an par l'ensemble du personnel, au moyen d'un vote anonyme via une application. \"Chaque produit et chaque entreprise a une date d'expiration. C'est pourquoi nous devons sans cesse nous remettre en question et rester agiles\".<\/p>\n<h2><strong>Activit\u00e9 - pour une longue vie<\/strong><\/h2>\n<p>C'est aussi le mot d'ordre de Beat Villiger, le m\u00e9decin et manager auquel les sportifs de haut niveau ont fait confiance pendant de nombreuses ann\u00e9es. Il impressionne avec des \u00e9tudes incroyables, comme par exemple le fait que la nourriture m\u00e9diterran\u00e9enne est la meilleure alimentation et surpasse tous les r\u00e9gimes ou qu'un peu de graisse sur les os est un facteur de survie d\u00e9cisif \u00e0 un \u00e2ge avanc\u00e9. Le m\u00e9dicament le plus efficace pour vivre longtemps est toutefois de faire r\u00e9guli\u00e8rement de l'exercice. Son conseil est le suivant : \"Ne renoncez pas \u00e0 votre style de vie. Buvez chaque jour 2 dl de vin rouge, mais pas plus. Vous ne devez pas renoncer \u00e0 ce qui n'est pas sain, tant que vous ne mettez pas de c\u00f4t\u00e9 ce qui est sain. Et pensez \u00e0 l'activit\u00e9\".<\/p>\n<figure id=\"attachment_2415\" aria-describedby=\"caption-attachment-2415\" style=\"width: 640px\" class=\"wp-caption alignnone\"><img loading=\"lazy\" decoding=\"async\" class=\"size-full wp-image-2415\" src=\"https:\/\/www.organisator.ch\/wp-content\/uploads\/2017\/09\/Von-erschrockenen-Goldfischen-am-Networking-Tag-2017-3_Organisator.jpg\" alt=\"\" width=\"640\" height=\"427\" srcset=\"https:\/\/www.organisator.ch\/wp-content\/uploads\/2017\/09\/Von-erschrockenen-Goldfischen-am-Networking-Tag-2017-3_Organisator.jpg 640w, https:\/\/www.organisator.ch\/wp-content\/uploads\/2017\/09\/Von-erschrockenen-Goldfischen-am-Networking-Tag-2017-3_Organisator-16x12.jpg 16w, https:\/\/www.organisator.ch\/wp-content\/uploads\/2017\/09\/Von-erschrockenen-Goldfischen-am-Networking-Tag-2017-3_Organisator-262x175.jpg 262w, https:\/\/www.organisator.ch\/wp-content\/uploads\/2017\/09\/Von-erschrockenen-Goldfischen-am-Networking-Tag-2017-3_Organisator-525x350.jpg 525w, https:\/\/www.organisator.ch\/wp-content\/uploads\/2017\/09\/Von-erschrockenen-Goldfischen-am-Networking-Tag-2017-3_Organisator-300x200.jpg 300w\" sizes=\"auto, (max-width: 640px) 100vw, 640px\" \/><figcaption id=\"caption-attachment-2415\" class=\"wp-caption-text\">En plus d'un programme vari\u00e9, la Journ\u00e9e de r\u00e9seautage 2017 a offert un espace pour les discussions personnelles - ce qui a \u00e9t\u00e9 mis \u00e0 profit pendant les pauses et lors de la f\u00eate du soir. (Photo : PD FHS Alumni)<\/figcaption><\/figure>\n<h2><strong>Journ\u00e9e de r\u00e9seautage 2017 : une cure de cellules fra\u00eeches pour l'esprit<\/strong><\/h2>\n<p>Il ne faut pas le dire deux fois aux networkers, ils sirotent d\u00e9j\u00e0 en toute bonne conscience leur verre de vin, se r\u00e9galent au buffet Forever Young et tentent leur chance au casino Alpha. Reconqu\u00e9rir les jeunes sera difficile. Mais gr\u00e2ce aux intervenants, plus personne ne le souhaite. Au lieu de cela, on se souvient : \"\u00catre plus que l'avoir. C'est ce que je retiens le plus de cette journ\u00e9e\", d\u00e9clare Marcel Thoma, directeur du service des sports de la ville de Saint-Gall. Ou comme W\u00f6rwag aime \u00e0 le dire : \"Le moment fini nous comble bien plus qu'un moment qui dure \u00e9ternellement. C'est pourquoi nous devrions profiter de l'instant pr\u00e9sent. Et si c'est une cure de jouvence, c'est uniquement pour l'esprit\".<\/p>\n<p><em>Plus d'informations : <a href=\"http:\/\/www.networkingtag.ch\/\">http:\/\/www.networkingtag.ch\/<\/a><\/em><\/p>","protected":false},"excerpt":{"rendered":"<p>Die heutige Gesellschaft k\u00e4mpft gegen das alternde \u00c4ussere, spritzt sich faltenfrei, korrigiert die vermeintlichen Ungereimtheiten und entledigt sich der Fettp\u00f6lsterchen. Woher kommt dieser Traum, ewig zu leben? Ewig jung bleiben zu wollen? Das fragt sich nicht nur Sebastian W\u00f6rwag, der Rektor der Fachhochschule St.Gallen, am 8. September 2017 in der Olma Halle, sondern auch die [&hellip;]<\/p>\n","protected":false},"author":4,"featured_media":2413,"comment_status":"open","ping_status":"open","sticky":false,"template":"","format":"standard","meta":{"_acf_changed":false,"_yoast_wpseo_focuskw":"Networking-Tag 2017","_yoast_wpseo_metadesc":"Jugend ist allgegenw\u00e4rtig. Auch bei den \u00c4lteren. Ist das ein Ph\u00e4nomen des 21. Jahrhunderts? Damit befasste sich der Networking-Tag 2017 in St. Gallen.","articlekey":"","footnotes":""},"categories":[1],"tags":[294,502,508],"class_list":["post-2412","post","type-post","status-publish","format-standard","has-post-thumbnail","hentry","category-allgemein","tag-karriere","tag-veranstaltungen","tag-vermischtes"],"acf":[],"yoast_head":"<!-- This site is optimized with the Yoast SEO plugin v27.5 - https:\/\/yoast.com\/product\/yoast-seo-wordpress\/ -->\n<title>Von erschrockenen Goldfischen am Networking-Tag 2017 - Organisator<\/title>\n<meta name=\"description\" content=\"Jugend ist allgegenw\u00e4rtig. Auch bei den \u00c4lteren. Ist das ein Ph\u00e4nomen des 21. Jahrhunderts? Damit befasste sich der Networking-Tag 2017 in St. Gallen.\" \/>\n<meta name=\"robots\" content=\"index, follow, max-snippet:-1, max-image-preview:large, max-video-preview:-1\" \/>\n<link rel=\"canonical\" href=\"https:\/\/www.organisator.ch\/fr\/general\/2017-09-11\/von-erschrockenen-goldfischen-am-networking-tag-2017\/\" \/>\n<meta property=\"og:locale\" content=\"fr_FR\" \/>\n<meta property=\"og:type\" content=\"article\" \/>\n<meta property=\"og:title\" content=\"Von erschrockenen Goldfischen am Networking-Tag 2017\" \/>\n<meta property=\"og:description\" content=\"#Jugend ist allgegenw\u00e4rtig. Auch bei den \u00c4lteren. Ist das ein Ph\u00e4nomen des 21. Jahrhunderts? Antworten darauf gab es am #Networking-Tag 2017 der Ehemaligen-Organisation der Fachhochschule St.Gallen, FHS Alumni.\" \/>\n<meta property=\"og:url\" content=\"https:\/\/www.organisator.ch\/fr\/general\/2017-09-11\/von-erschrockenen-goldfischen-am-networking-tag-2017\/\" \/>\n<meta property=\"og:site_name\" content=\"Organisator\" \/>\n<meta property=\"article:publisher\" content=\"https:\/\/www.facebook.com\/OrganisatorFachmagazin\" \/>\n<meta property=\"article:published_time\" content=\"2017-09-11T08:22:29+00:00\" \/>\n<meta property=\"og:image\" content=\"https:\/\/www.organisator.ch\/wp-content\/uploads\/2017\/09\/Von-erschrockenen-Goldfischen-am-Networking-Tag-2017-1_Organisator.jpg\" \/>\n\t<meta property=\"og:image:width\" content=\"640\" \/>\n\t<meta property=\"og:image:height\" content=\"427\" \/>\n\t<meta property=\"og:image:type\" content=\"image\/jpeg\" \/>\n<meta name=\"author\" content=\"thomas.berner\" \/>\n<meta name=\"twitter:card\" content=\"summary_large_image\" \/>\n<meta name=\"twitter:title\" content=\"Von erschrockenen Goldfischen am #Networking-Tag 2017\" \/>\n<meta name=\"twitter:description\" content=\"#Jugend ist allgegenw\u00e4rtig. Auch bei den \u00c4lteren. Ist das ein Ph\u00e4nomen des 21. Jahrhunderts? Antworten darauf gab es am #Networking-Tag 2017 der Ehemaligen-Organisation der Fachhochschule St.Gallen, FHS Alumni.\" \/>\n<meta name=\"twitter:image\" content=\"https:\/\/www.organisator.ch\/wp-content\/uploads\/2017\/09\/Von-erschrockenen-Goldfischen-am-Networking-Tag-2017-1_Organisator.jpg\" \/>\n<script type=\"application\/ld+json\" class=\"yoast-schema-graph\">{\"@context\":\"https:\\\/\\\/schema.org\",\"@graph\":[{\"@type\":\"Article\",\"@id\":\"https:\\\/\\\/www.organisator.ch\\\/de\\\/allgemein\\\/2017-09-11\\\/von-erschrockenen-goldfischen-am-networking-tag-2017\\\/#article\",\"isPartOf\":{\"@id\":\"https:\\\/\\\/www.organisator.ch\\\/de\\\/allgemein\\\/2017-09-11\\\/von-erschrockenen-goldfischen-am-networking-tag-2017\\\/\"},\"author\":{\"name\":\"thomas.berner\",\"@id\":\"https:\\\/\\\/www.organisator.ch\\\/#\\\/schema\\\/person\\\/6f650f90b2842cd4c0cc334b4e36f67e\"},\"headline\":\"Von erschrockenen Goldfischen am Networking-Tag 2017\",\"datePublished\":\"2017-09-11T08:22:29+00:00\",\"mainEntityOfPage\":{\"@id\":\"https:\\\/\\\/www.organisator.ch\\\/de\\\/allgemein\\\/2017-09-11\\\/von-erschrockenen-goldfischen-am-networking-tag-2017\\\/\"},\"wordCount\":1006,\"commentCount\":0,\"publisher\":{\"@id\":\"https:\\\/\\\/www.organisator.ch\\\/#organization\"},\"image\":{\"@id\":\"https:\\\/\\\/www.organisator.ch\\\/de\\\/allgemein\\\/2017-09-11\\\/von-erschrockenen-goldfischen-am-networking-tag-2017\\\/#primaryimage\"},\"thumbnailUrl\":\"https:\\\/\\\/www.organisator.ch\\\/wp-content\\\/uploads\\\/2017\\\/09\\\/Von-erschrockenen-Goldfischen-am-Networking-Tag-2017-1_Organisator.jpg\",\"keywords\":[\"Karriere\",\"Veranstaltungen\",\"Vermischtes\"],\"articleSection\":[\"Allgemein\"],\"inLanguage\":\"fr-FR\"},{\"@type\":\"WebPage\",\"@id\":\"https:\\\/\\\/www.organisator.ch\\\/de\\\/allgemein\\\/2017-09-11\\\/von-erschrockenen-goldfischen-am-networking-tag-2017\\\/\",\"url\":\"https:\\\/\\\/www.organisator.ch\\\/de\\\/allgemein\\\/2017-09-11\\\/von-erschrockenen-goldfischen-am-networking-tag-2017\\\/\",\"name\":\"Von erschrockenen Goldfischen am Networking-Tag 2017 - Organisator\",\"isPartOf\":{\"@id\":\"https:\\\/\\\/www.organisator.ch\\\/#website\"},\"primaryImageOfPage\":{\"@id\":\"https:\\\/\\\/www.organisator.ch\\\/de\\\/allgemein\\\/2017-09-11\\\/von-erschrockenen-goldfischen-am-networking-tag-2017\\\/#primaryimage\"},\"image\":{\"@id\":\"https:\\\/\\\/www.organisator.ch\\\/de\\\/allgemein\\\/2017-09-11\\\/von-erschrockenen-goldfischen-am-networking-tag-2017\\\/#primaryimage\"},\"thumbnailUrl\":\"https:\\\/\\\/www.organisator.ch\\\/wp-content\\\/uploads\\\/2017\\\/09\\\/Von-erschrockenen-Goldfischen-am-Networking-Tag-2017-1_Organisator.jpg\",\"datePublished\":\"2017-09-11T08:22:29+00:00\",\"description\":\"Jugend ist allgegenw\u00e4rtig. Auch bei den \u00c4lteren. Ist das ein Ph\u00e4nomen des 21. Jahrhunderts? Damit befasste sich der Networking-Tag 2017 in St. Gallen.\",\"breadcrumb\":{\"@id\":\"https:\\\/\\\/www.organisator.ch\\\/de\\\/allgemein\\\/2017-09-11\\\/von-erschrockenen-goldfischen-am-networking-tag-2017\\\/#breadcrumb\"},\"inLanguage\":\"fr-FR\",\"potentialAction\":[{\"@type\":\"ReadAction\",\"target\":[\"https:\\\/\\\/www.organisator.ch\\\/de\\\/allgemein\\\/2017-09-11\\\/von-erschrockenen-goldfischen-am-networking-tag-2017\\\/\"]}]},{\"@type\":\"ImageObject\",\"inLanguage\":\"fr-FR\",\"@id\":\"https:\\\/\\\/www.organisator.ch\\\/de\\\/allgemein\\\/2017-09-11\\\/von-erschrockenen-goldfischen-am-networking-tag-2017\\\/#primaryimage\",\"url\":\"https:\\\/\\\/www.organisator.ch\\\/wp-content\\\/uploads\\\/2017\\\/09\\\/Von-erschrockenen-Goldfischen-am-Networking-Tag-2017-1_Organisator.jpg\",\"contentUrl\":\"https:\\\/\\\/www.organisator.ch\\\/wp-content\\\/uploads\\\/2017\\\/09\\\/Von-erschrockenen-Goldfischen-am-Networking-Tag-2017-1_Organisator.jpg\",\"width\":640,\"height\":427,\"caption\":\"Inputgespr\u00e4ch am Networking-Tag 2017: Philosoph Philipp Tingler und Historikerin Ute Frevert (im Gespr\u00e4ch mit Moderatorin Claudia L\u00e4sser) waren sich nicht immer einig. (Foto: PD FHS Alumni)\"},{\"@type\":\"BreadcrumbList\",\"@id\":\"https:\\\/\\\/www.organisator.ch\\\/de\\\/allgemein\\\/2017-09-11\\\/von-erschrockenen-goldfischen-am-networking-tag-2017\\\/#breadcrumb\",\"itemListElement\":[{\"@type\":\"ListItem\",\"position\":1,\"name\":\"Home\",\"item\":\"https:\\\/\\\/www.organisator.ch\\\/\"},{\"@type\":\"ListItem\",\"position\":2,\"name\":\"Von erschrockenen Goldfischen am Networking-Tag 2017\"}]},{\"@type\":\"WebSite\",\"@id\":\"https:\\\/\\\/www.organisator.ch\\\/#website\",\"url\":\"https:\\\/\\\/www.organisator.ch\\\/\",\"name\":\"Organisator\",\"description\":\"Kompetent. Praxisnah. Der ORGANISATOR bereitet in 10 Ausgaben pro Jahr die wesentlichen Themen f\u00fcr F\u00fchrungskr\u00e4fte von KMU auf.\",\"publisher\":{\"@id\":\"https:\\\/\\\/www.organisator.ch\\\/#organization\"},\"potentialAction\":[{\"@type\":\"SearchAction\",\"target\":{\"@type\":\"EntryPoint\",\"urlTemplate\":\"https:\\\/\\\/www.organisator.ch\\\/?s={search_term_string}\"},\"query-input\":{\"@type\":\"PropertyValueSpecification\",\"valueRequired\":true,\"valueName\":\"search_term_string\"}}],\"inLanguage\":\"fr-FR\"},{\"@type\":\"Organization\",\"@id\":\"https:\\\/\\\/www.organisator.ch\\\/#organization\",\"name\":\"Organisator\",\"url\":\"https:\\\/\\\/www.organisator.ch\\\/\",\"logo\":{\"@type\":\"ImageObject\",\"inLanguage\":\"fr-FR\",\"@id\":\"https:\\\/\\\/www.organisator.ch\\\/#\\\/schema\\\/logo\\\/image\\\/\",\"url\":\"https:\\\/\\\/www.organisator.ch\\\/wp-content\\\/uploads\\\/2022\\\/01\\\/Logo_Organisator_Website.png\",\"contentUrl\":\"https:\\\/\\\/www.organisator.ch\\\/wp-content\\\/uploads\\\/2022\\\/01\\\/Logo_Organisator_Website.png\",\"width\":800,\"height\":77,\"caption\":\"Organisator\"},\"image\":{\"@id\":\"https:\\\/\\\/www.organisator.ch\\\/#\\\/schema\\\/logo\\\/image\\\/\"},\"sameAs\":[\"https:\\\/\\\/www.facebook.com\\\/OrganisatorFachmagazin\",\"https:\\\/\\\/www.linkedin.com\\\/showcase\\\/organisator-das-magazin-fr-kmu\",\"https:\\\/\\\/www.xing.com\\\/news\\\/pages\\\/organisator-ch-695\",\"https:\\\/\\\/www.youtube.com\\\/channel\\\/UCGP2Sq0iWaZwT3BdIAQFYpw\"]},{\"@type\":\"Person\",\"@id\":\"https:\\\/\\\/www.organisator.ch\\\/#\\\/schema\\\/person\\\/6f650f90b2842cd4c0cc334b4e36f67e\",\"name\":\"thomas.berner\",\"image\":{\"@type\":\"ImageObject\",\"inLanguage\":\"fr-FR\",\"@id\":\"https:\\\/\\\/secure.gravatar.com\\\/avatar\\\/ac5001d2a36cb6c6cd3e50789007ffca834b477b74a2144564522e944eabff61?s=96&d=mm&r=g\",\"url\":\"https:\\\/\\\/secure.gravatar.com\\\/avatar\\\/ac5001d2a36cb6c6cd3e50789007ffca834b477b74a2144564522e944eabff61?s=96&d=mm&r=g\",\"contentUrl\":\"https:\\\/\\\/secure.gravatar.com\\\/avatar\\\/ac5001d2a36cb6c6cd3e50789007ffca834b477b74a2144564522e944eabff61?s=96&d=mm&r=g\",\"caption\":\"thomas.berner\"},\"url\":\"https:\\\/\\\/www.organisator.ch\\\/fr\\\/author\\\/thomas-berner\\\/\"}]}<\/script>\n<!-- \/ Yoast SEO plugin. -->","yoast_head_json":{"title":"Des poissons rouges effray\u00e9s lors de la journ\u00e9e de r\u00e9seautage 2017 - Organisateur","description":"La jeunesse est omnipr\u00e9sente. M\u00eame chez les plus \u00e2g\u00e9s. Est-ce un ph\u00e9nom\u00e8ne du 21e si\u00e8cle ? C'est ce qu'a abord\u00e9 la Journ\u00e9e de r\u00e9seautage 2017 \u00e0 Saint-Gall.","robots":{"index":"index","follow":"follow","max-snippet":"max-snippet:-1","max-image-preview":"max-image-preview:large","max-video-preview":"max-video-preview:-1"},"canonical":"https:\/\/www.organisator.ch\/fr\/general\/2017-09-11\/von-erschrockenen-goldfischen-am-networking-tag-2017\/","og_locale":"fr_FR","og_type":"article","og_title":"Von erschrockenen Goldfischen am Networking-Tag 2017","og_description":"#Jugend ist allgegenw\u00e4rtig. Auch bei den \u00c4lteren. Ist das ein Ph\u00e4nomen des 21. Jahrhunderts? Antworten darauf gab es am #Networking-Tag 2017 der Ehemaligen-Organisation der Fachhochschule St.Gallen, FHS Alumni.","og_url":"https:\/\/www.organisator.ch\/fr\/general\/2017-09-11\/von-erschrockenen-goldfischen-am-networking-tag-2017\/","og_site_name":"Organisator","article_publisher":"https:\/\/www.facebook.com\/OrganisatorFachmagazin","article_published_time":"2017-09-11T08:22:29+00:00","og_image":[{"width":640,"height":427,"url":"https:\/\/www.organisator.ch\/wp-content\/uploads\/2017\/09\/Von-erschrockenen-Goldfischen-am-Networking-Tag-2017-1_Organisator.jpg","type":"image\/jpeg"}],"author":"thomas.berner","twitter_card":"summary_large_image","twitter_title":"Von erschrockenen Goldfischen am #Networking-Tag 2017","twitter_description":"#Jugend ist allgegenw\u00e4rtig. Auch bei den \u00c4lteren. Ist das ein Ph\u00e4nomen des 21. Jahrhunderts? Antworten darauf gab es am #Networking-Tag 2017 der Ehemaligen-Organisation der Fachhochschule St.Gallen, FHS Alumni.","twitter_image":"https:\/\/www.organisator.ch\/wp-content\/uploads\/2017\/09\/Von-erschrockenen-Goldfischen-am-Networking-Tag-2017-1_Organisator.jpg","schema":{"@context":"https:\/\/schema.org","@graph":[{"@type":"Article","@id":"https:\/\/www.organisator.ch\/de\/allgemein\/2017-09-11\/von-erschrockenen-goldfischen-am-networking-tag-2017\/#article","isPartOf":{"@id":"https:\/\/www.organisator.ch\/de\/allgemein\/2017-09-11\/von-erschrockenen-goldfischen-am-networking-tag-2017\/"},"author":{"name":"thomas.berner","@id":"https:\/\/www.organisator.ch\/#\/schema\/person\/6f650f90b2842cd4c0cc334b4e36f67e"},"headline":"Von erschrockenen Goldfischen am Networking-Tag 2017","datePublished":"2017-09-11T08:22:29+00:00","mainEntityOfPage":{"@id":"https:\/\/www.organisator.ch\/de\/allgemein\/2017-09-11\/von-erschrockenen-goldfischen-am-networking-tag-2017\/"},"wordCount":1006,"commentCount":0,"publisher":{"@id":"https:\/\/www.organisator.ch\/#organization"},"image":{"@id":"https:\/\/www.organisator.ch\/de\/allgemein\/2017-09-11\/von-erschrockenen-goldfischen-am-networking-tag-2017\/#primaryimage"},"thumbnailUrl":"https:\/\/www.organisator.ch\/wp-content\/uploads\/2017\/09\/Von-erschrockenen-Goldfischen-am-Networking-Tag-2017-1_Organisator.jpg","keywords":["Karriere","Veranstaltungen","Vermischtes"],"articleSection":["Allgemein"],"inLanguage":"fr-FR"},{"@type":"WebPage","@id":"https:\/\/www.organisator.ch\/de\/allgemein\/2017-09-11\/von-erschrockenen-goldfischen-am-networking-tag-2017\/","url":"https:\/\/www.organisator.ch\/de\/allgemein\/2017-09-11\/von-erschrockenen-goldfischen-am-networking-tag-2017\/","name":"Des poissons rouges effray\u00e9s lors de la journ\u00e9e de r\u00e9seautage 2017 - Organisateur","isPartOf":{"@id":"https:\/\/www.organisator.ch\/#website"},"primaryImageOfPage":{"@id":"https:\/\/www.organisator.ch\/de\/allgemein\/2017-09-11\/von-erschrockenen-goldfischen-am-networking-tag-2017\/#primaryimage"},"image":{"@id":"https:\/\/www.organisator.ch\/de\/allgemein\/2017-09-11\/von-erschrockenen-goldfischen-am-networking-tag-2017\/#primaryimage"},"thumbnailUrl":"https:\/\/www.organisator.ch\/wp-content\/uploads\/2017\/09\/Von-erschrockenen-Goldfischen-am-Networking-Tag-2017-1_Organisator.jpg","datePublished":"2017-09-11T08:22:29+00:00","description":"La jeunesse est omnipr\u00e9sente. M\u00eame chez les plus \u00e2g\u00e9s. Est-ce un ph\u00e9nom\u00e8ne du 21e si\u00e8cle ? C'est ce qu'a abord\u00e9 la Journ\u00e9e de r\u00e9seautage 2017 \u00e0 Saint-Gall.","breadcrumb":{"@id":"https:\/\/www.organisator.ch\/de\/allgemein\/2017-09-11\/von-erschrockenen-goldfischen-am-networking-tag-2017\/#breadcrumb"},"inLanguage":"fr-FR","potentialAction":[{"@type":"ReadAction","target":["https:\/\/www.organisator.ch\/de\/allgemein\/2017-09-11\/von-erschrockenen-goldfischen-am-networking-tag-2017\/"]}]},{"@type":"ImageObject","inLanguage":"fr-FR","@id":"https:\/\/www.organisator.ch\/de\/allgemein\/2017-09-11\/von-erschrockenen-goldfischen-am-networking-tag-2017\/#primaryimage","url":"https:\/\/www.organisator.ch\/wp-content\/uploads\/2017\/09\/Von-erschrockenen-Goldfischen-am-Networking-Tag-2017-1_Organisator.jpg","contentUrl":"https:\/\/www.organisator.ch\/wp-content\/uploads\/2017\/09\/Von-erschrockenen-Goldfischen-am-Networking-Tag-2017-1_Organisator.jpg","width":640,"height":427,"caption":"Inputgespr\u00e4ch am Networking-Tag 2017: Philosoph Philipp Tingler und Historikerin Ute Frevert (im Gespr\u00e4ch mit Moderatorin Claudia L\u00e4sser) waren sich nicht immer einig. (Foto: PD FHS Alumni)"},{"@type":"BreadcrumbList","@id":"https:\/\/www.organisator.ch\/de\/allgemein\/2017-09-11\/von-erschrockenen-goldfischen-am-networking-tag-2017\/#breadcrumb","itemListElement":[{"@type":"ListItem","position":1,"name":"Home","item":"https:\/\/www.organisator.ch\/"},{"@type":"ListItem","position":2,"name":"Von erschrockenen Goldfischen am Networking-Tag 2017"}]},{"@type":"WebSite","@id":"https:\/\/www.organisator.ch\/#website","url":"https:\/\/www.organisator.ch\/","name":"Organisateur","description":"Comp\u00e9tence et comp\u00e9tence. Proches de la pratique. L'ORGANISATEUR pr\u00e9pare 10 num\u00e9ros par an sur les th\u00e8mes essentiels pour les dirigeants de PME.","publisher":{"@id":"https:\/\/www.organisator.ch\/#organization"},"potentialAction":[{"@type":"SearchAction","target":{"@type":"EntryPoint","urlTemplate":"https:\/\/www.organisator.ch\/?s={search_term_string}"},"query-input":{"@type":"PropertyValueSpecification","valueRequired":true,"valueName":"search_term_string"}}],"inLanguage":"fr-FR"},{"@type":"Organization","@id":"https:\/\/www.organisator.ch\/#organization","name":"Organisateur","url":"https:\/\/www.organisator.ch\/","logo":{"@type":"ImageObject","inLanguage":"fr-FR","@id":"https:\/\/www.organisator.ch\/#\/schema\/logo\/image\/","url":"https:\/\/www.organisator.ch\/wp-content\/uploads\/2022\/01\/Logo_Organisator_Website.png","contentUrl":"https:\/\/www.organisator.ch\/wp-content\/uploads\/2022\/01\/Logo_Organisator_Website.png","width":800,"height":77,"caption":"Organisator"},"image":{"@id":"https:\/\/www.organisator.ch\/#\/schema\/logo\/image\/"},"sameAs":["https:\/\/www.facebook.com\/OrganisatorFachmagazin","https:\/\/www.linkedin.com\/showcase\/organisator-das-magazin-fr-kmu","https:\/\/www.xing.com\/news\/pages\/organisator-ch-695","https:\/\/www.youtube.com\/channel\/UCGP2Sq0iWaZwT3BdIAQFYpw"]},{"@type":"Person","@id":"https:\/\/www.organisator.ch\/#\/schema\/person\/6f650f90b2842cd4c0cc334b4e36f67e","name":"thomas.berner","image":{"@type":"ImageObject","inLanguage":"fr-FR","@id":"https:\/\/secure.gravatar.com\/avatar\/ac5001d2a36cb6c6cd3e50789007ffca834b477b74a2144564522e944eabff61?s=96&d=mm&r=g","url":"https:\/\/secure.gravatar.com\/avatar\/ac5001d2a36cb6c6cd3e50789007ffca834b477b74a2144564522e944eabff61?s=96&d=mm&r=g","contentUrl":"https:\/\/secure.gravatar.com\/avatar\/ac5001d2a36cb6c6cd3e50789007ffca834b477b74a2144564522e944eabff61?s=96&d=mm&r=g","caption":"thomas.berner"},"url":"https:\/\/www.organisator.ch\/fr\/author\/thomas-berner\/"}]}},"_links":{"self":[{"href":"https:\/\/www.organisator.ch\/fr\/wp-json\/wp\/v2\/posts\/2412","targetHints":{"allow":["GET"]}}],"collection":[{"href":"https:\/\/www.organisator.ch\/fr\/wp-json\/wp\/v2\/posts"}],"about":[{"href":"https:\/\/www.organisator.ch\/fr\/wp-json\/wp\/v2\/types\/post"}],"author":[{"embeddable":true,"href":"https:\/\/www.organisator.ch\/fr\/wp-json\/wp\/v2\/users\/4"}],"replies":[{"embeddable":true,"href":"https:\/\/www.organisator.ch\/fr\/wp-json\/wp\/v2\/comments?post=2412"}],"version-history":[{"count":0,"href":"https:\/\/www.organisator.ch\/fr\/wp-json\/wp\/v2\/posts\/2412\/revisions"}],"wp:featuredmedia":[{"embeddable":true,"href":"https:\/\/www.organisator.ch\/fr\/wp-json\/wp\/v2\/media\/2413"}],"wp:attachment":[{"href":"https:\/\/www.organisator.ch\/fr\/wp-json\/wp\/v2\/media?parent=2412"}],"wp:term":[{"taxonomy":"category","embeddable":true,"href":"https:\/\/www.organisator.ch\/fr\/wp-json\/wp\/v2\/categories?post=2412"},{"taxonomy":"post_tag","embeddable":true,"href":"https:\/\/www.organisator.ch\/fr\/wp-json\/wp\/v2\/tags?post=2412"}],"curies":[{"name":"wp","href":"https:\/\/api.w.org\/{rel}","templated":true}]}}