{"id":24128,"date":"2024-01-08T09:49:29","date_gmt":"2024-01-08T08:49:29","guid":{"rendered":"https:\/\/www.organisator.ch\/?p=24128"},"modified":"2024-01-08T15:23:53","modified_gmt":"2024-01-08T14:23:53","slug":"raphael-karlen-neuer-stv-geschaeftsfuehrer-des-svc","status":"publish","type":"post","link":"https:\/\/www.organisator.ch\/fr\/management\/2024-01-08\/raphael-karlen-neuer-stv-geschaeftsfuehrer-des-svc\/","title":{"rendered":"Rapha\u00ebl Karlen : nouveau directeur adjoint du SVC"},"content":{"rendered":"<figure id=\"attachment_24129\" aria-describedby=\"caption-attachment-24129\" style=\"width: 680px\" class=\"wp-caption alignnone\"><img loading=\"lazy\" decoding=\"async\" class=\"size-full wp-image-24129\" src=\"https:\/\/www.organisator.ch\/wp-content\/uploads\/2024\/01\/Portrait_Karlen_Raphael_SVC_ps.jpg\" alt=\"\" width=\"680\" height=\"512\" srcset=\"https:\/\/www.organisator.ch\/wp-content\/uploads\/2024\/01\/Portrait_Karlen_Raphael_SVC_ps.jpg 680w, https:\/\/www.organisator.ch\/wp-content\/uploads\/2024\/01\/Portrait_Karlen_Raphael_SVC_ps-16x12.jpg 16w, https:\/\/www.organisator.ch\/wp-content\/uploads\/2024\/01\/Portrait_Karlen_Raphael_SVC_ps-375x282.jpg 375w, https:\/\/www.organisator.ch\/wp-content\/uploads\/2024\/01\/Portrait_Karlen_Raphael_SVC_ps-465x350.jpg 465w\" sizes=\"auto, (max-width: 680px) 100vw, 680px\" \/><figcaption id=\"caption-attachment-24129\" class=\"wp-caption-text\">Rapha\u00ebl Karlen est le nouveau directeur adjoint du SVC. (Image : www.svc.swiss)<\/figcaption><\/figure>\n<p>Cet \u00e9conomiste bernois de 50 ans dispose d'une longue exp\u00e9rience professionnelle et de direction dans la gestion de projets nationaux et internationaux pour des PME dans les domaines de la num\u00e9risation et du marketing\/de la communication. Au cours des 13 derni\u00e8res ann\u00e9es, Rapha\u00ebl Karlen a \u00e9t\u00e9 membre de la direction de MAK Consulting et responsable d'un grand nombre de mandats de clients dans les domaines du d\u00e9veloppement organisationnel et du business development en Suisse al\u00e9manique et en Suisse romande, ainsi que de la communication associative de clusters technologiques.<\/p>\n<p>\"Nous sommes tr\u00e8s heureux de conduire le SVC vers l'avenir avec Rapha\u00ebl Karlen et de continuer \u00e0 d\u00e9velopper le r\u00e9seau de PME le plus inspirant de Suisse pour tous nos membres\", d\u00e9clare le directeur du SVC, Michael Fahrni.<\/p>\n<p><em>Source : <a href=\"https:\/\/svc.swiss\/de\">www.svc.swiss<\/a><\/em><\/p>","protected":false},"excerpt":{"rendered":"<p>Le SVC (Swiss Venture Club) \u00e9largit sa direction pour la nouvelle ann\u00e9e. Rapha\u00ebl Karlen assumera le r\u00f4le de directeur adjoint \u00e0 partir de janvier 2024.<\/p>","protected":false},"author":58,"featured_media":24129,"comment_status":"closed","ping_status":"closed","sticky":false,"template":"","format":"standard","meta":{"_acf_changed":false,"_yoast_wpseo_focuskw":"Rapha\u00ebl Karlen","_yoast_wpseo_metadesc":"Der SVC erweitert die Gesch\u00e4ftsleitung aufs neue Jahr. Rapha\u00ebl Karlen \u00fcbernimmt ab Januar 2024 die Rolle als stv. Gesch\u00e4ftsf\u00fchrer.","articlekey":"","footnotes":""},"categories":[28],"tags":[334,335,466,492],"class_list":["post-24128","post","type-post","status-publish","format-standard","has-post-thumbnail","hentry","category-management","tag-management","tag-management-und-unternehmensfuehrung","tag-swiss-venture-club","tag-unternehmen"],"acf":[],"yoast_head":"<!-- This site is optimized with the Yoast SEO plugin v27.5 - https:\/\/yoast.com\/product\/yoast-seo-wordpress\/ -->\n<title>Rapha\u00ebl Karlen: Neuer stv. Gesch\u00e4ftsf\u00fchrer des SVC - Organisator<\/title>\n<meta name=\"description\" content=\"Der SVC erweitert die Gesch\u00e4ftsleitung aufs neue Jahr. Rapha\u00ebl Karlen \u00fcbernimmt ab Januar 2024 die Rolle als stv. Gesch\u00e4ftsf\u00fchrer.\" \/>\n<meta name=\"robots\" content=\"index, follow, max-snippet:-1, max-image-preview:large, max-video-preview:-1\" \/>\n<link rel=\"canonical\" href=\"https:\/\/www.organisator.ch\/fr\/gestion-2\/2024-01-08\/raphael-karlen-neuer-stv-geschaeftsfuehrer-des-svc\/\" \/>\n<meta property=\"og:locale\" content=\"fr_FR\" \/>\n<meta property=\"og:type\" content=\"article\" \/>\n<meta property=\"og:title\" content=\"Rapha\u00ebl Karlen: Neuer stv. Gesch\u00e4ftsf\u00fchrer des SVC\" \/>\n<meta property=\"og:description\" content=\"Der SVC erweitert die Gesch\u00e4ftsleitung aufs neue Jahr. Rapha\u00ebl Karlen \u00fcbernimmt ab Januar 2024 die Rolle als stv. Gesch\u00e4ftsf\u00fchrer.\" \/>\n<meta property=\"og:url\" content=\"https:\/\/www.organisator.ch\/fr\/gestion-2\/2024-01-08\/raphael-karlen-neuer-stv-geschaeftsfuehrer-des-svc\/\" \/>\n<meta property=\"og:site_name\" content=\"Organisator\" \/>\n<meta property=\"article:publisher\" content=\"https:\/\/www.facebook.com\/OrganisatorFachmagazin\" \/>\n<meta property=\"article:published_time\" content=\"2024-01-08T08:49:29+00:00\" \/>\n<meta property=\"article:modified_time\" content=\"2024-01-08T14:23:53+00:00\" \/>\n<meta property=\"og:image\" content=\"https:\/\/www.organisator.ch\/wp-content\/uploads\/2024\/01\/Portrait_Karlen_Raphael_SVC_ps.jpg\" \/>\n\t<meta property=\"og:image:width\" content=\"680\" \/>\n\t<meta property=\"og:image:height\" content=\"512\" \/>\n\t<meta property=\"og:image:type\" content=\"image\/jpeg\" \/>\n<meta name=\"author\" content=\"Adelisa Kalajdzini\" \/>\n<meta name=\"twitter:card\" content=\"summary_large_image\" \/>\n<meta name=\"twitter:title\" content=\"Rapha\u00ebl Karlen: Neuer stv. Gesch\u00e4ftsf\u00fchrer des SVC\" \/>\n<meta name=\"twitter:description\" content=\"Der #SVC erweitert die #Gesch\u00e4ftsleitung aufs neue Jahr. #Rapha\u00ebl Karlen \u00fcbernimmt ab Januar #2024 die Rolle als stv. Gesch\u00e4ftsf\u00fchrer.\" \/>\n<meta name=\"twitter:image\" content=\"https:\/\/www.organisator.ch\/wp-content\/uploads\/2024\/01\/Portrait_Karlen_Raphael_SVC_ps.jpg\" \/>\n<script type=\"application\/ld+json\" class=\"yoast-schema-graph\">{\"@context\":\"https:\\\/\\\/schema.org\",\"@graph\":[{\"@type\":\"Article\",\"@id\":\"https:\\\/\\\/www.organisator.ch\\\/management\\\/2024-01-08\\\/raphael-karlen-neuer-stv-geschaeftsfuehrer-des-svc\\\/#article\",\"isPartOf\":{\"@id\":\"https:\\\/\\\/www.organisator.ch\\\/management\\\/2024-01-08\\\/raphael-karlen-neuer-stv-geschaeftsfuehrer-des-svc\\\/\"},\"author\":{\"name\":\"Adelisa Kalajdzini\",\"@id\":\"https:\\\/\\\/www.organisator.ch\\\/#\\\/schema\\\/person\\\/2e1314a2172123f874db408d8911d3f3\"},\"headline\":\"Rapha\u00ebl Karlen: Neuer stv. Gesch\u00e4ftsf\u00fchrer des SVC\",\"datePublished\":\"2024-01-08T08:49:29+00:00\",\"dateModified\":\"2024-01-08T14:23:53+00:00\",\"mainEntityOfPage\":{\"@id\":\"https:\\\/\\\/www.organisator.ch\\\/management\\\/2024-01-08\\\/raphael-karlen-neuer-stv-geschaeftsfuehrer-des-svc\\\/\"},\"wordCount\":147,\"publisher\":{\"@id\":\"https:\\\/\\\/www.organisator.ch\\\/#organization\"},\"image\":{\"@id\":\"https:\\\/\\\/www.organisator.ch\\\/management\\\/2024-01-08\\\/raphael-karlen-neuer-stv-geschaeftsfuehrer-des-svc\\\/#primaryimage\"},\"thumbnailUrl\":\"https:\\\/\\\/www.organisator.ch\\\/wp-content\\\/uploads\\\/2024\\\/01\\\/Portrait_Karlen_Raphael_SVC_ps.jpg\",\"keywords\":[\"Management\",\"Management und Unternehmensf\u00fchrung\",\"Swiss Venture Club\",\"Unternehmen\"],\"articleSection\":[\"MANAGEMENT\"],\"inLanguage\":\"fr-FR\"},{\"@type\":\"WebPage\",\"@id\":\"https:\\\/\\\/www.organisator.ch\\\/management\\\/2024-01-08\\\/raphael-karlen-neuer-stv-geschaeftsfuehrer-des-svc\\\/\",\"url\":\"https:\\\/\\\/www.organisator.ch\\\/management\\\/2024-01-08\\\/raphael-karlen-neuer-stv-geschaeftsfuehrer-des-svc\\\/\",\"name\":\"Rapha\u00ebl Karlen: Neuer stv. Gesch\u00e4ftsf\u00fchrer des SVC - Organisator\",\"isPartOf\":{\"@id\":\"https:\\\/\\\/www.organisator.ch\\\/#website\"},\"primaryImageOfPage\":{\"@id\":\"https:\\\/\\\/www.organisator.ch\\\/management\\\/2024-01-08\\\/raphael-karlen-neuer-stv-geschaeftsfuehrer-des-svc\\\/#primaryimage\"},\"image\":{\"@id\":\"https:\\\/\\\/www.organisator.ch\\\/management\\\/2024-01-08\\\/raphael-karlen-neuer-stv-geschaeftsfuehrer-des-svc\\\/#primaryimage\"},\"thumbnailUrl\":\"https:\\\/\\\/www.organisator.ch\\\/wp-content\\\/uploads\\\/2024\\\/01\\\/Portrait_Karlen_Raphael_SVC_ps.jpg\",\"datePublished\":\"2024-01-08T08:49:29+00:00\",\"dateModified\":\"2024-01-08T14:23:53+00:00\",\"description\":\"Der SVC erweitert die Gesch\u00e4ftsleitung aufs neue Jahr. Rapha\u00ebl Karlen \u00fcbernimmt ab Januar 2024 die Rolle als stv. Gesch\u00e4ftsf\u00fchrer.\",\"breadcrumb\":{\"@id\":\"https:\\\/\\\/www.organisator.ch\\\/management\\\/2024-01-08\\\/raphael-karlen-neuer-stv-geschaeftsfuehrer-des-svc\\\/#breadcrumb\"},\"inLanguage\":\"fr-FR\",\"potentialAction\":[{\"@type\":\"ReadAction\",\"target\":[\"https:\\\/\\\/www.organisator.ch\\\/management\\\/2024-01-08\\\/raphael-karlen-neuer-stv-geschaeftsfuehrer-des-svc\\\/\"]}]},{\"@type\":\"ImageObject\",\"inLanguage\":\"fr-FR\",\"@id\":\"https:\\\/\\\/www.organisator.ch\\\/management\\\/2024-01-08\\\/raphael-karlen-neuer-stv-geschaeftsfuehrer-des-svc\\\/#primaryimage\",\"url\":\"https:\\\/\\\/www.organisator.ch\\\/wp-content\\\/uploads\\\/2024\\\/01\\\/Portrait_Karlen_Raphael_SVC_ps.jpg\",\"contentUrl\":\"https:\\\/\\\/www.organisator.ch\\\/wp-content\\\/uploads\\\/2024\\\/01\\\/Portrait_Karlen_Raphael_SVC_ps.jpg\",\"width\":680,\"height\":512,\"caption\":\"Rapha\u00ebl Karlen wird neuer stv. Gesch\u00e4ftsf\u00fchrer des SVC. (Bild: www.svc.swiss)\"},{\"@type\":\"BreadcrumbList\",\"@id\":\"https:\\\/\\\/www.organisator.ch\\\/management\\\/2024-01-08\\\/raphael-karlen-neuer-stv-geschaeftsfuehrer-des-svc\\\/#breadcrumb\",\"itemListElement\":[{\"@type\":\"ListItem\",\"position\":1,\"name\":\"Home\",\"item\":\"https:\\\/\\\/www.organisator.ch\\\/\"},{\"@type\":\"ListItem\",\"position\":2,\"name\":\"Rapha\u00ebl Karlen: Neuer stv. Gesch\u00e4ftsf\u00fchrer des SVC\"}]},{\"@type\":\"WebSite\",\"@id\":\"https:\\\/\\\/www.organisator.ch\\\/#website\",\"url\":\"https:\\\/\\\/www.organisator.ch\\\/\",\"name\":\"Organisator\",\"description\":\"Kompetent. Praxisnah. Der ORGANISATOR bereitet in 10 Ausgaben pro Jahr die wesentlichen Themen f\u00fcr F\u00fchrungskr\u00e4fte von KMU auf.\",\"publisher\":{\"@id\":\"https:\\\/\\\/www.organisator.ch\\\/#organization\"},\"potentialAction\":[{\"@type\":\"SearchAction\",\"target\":{\"@type\":\"EntryPoint\",\"urlTemplate\":\"https:\\\/\\\/www.organisator.ch\\\/?s={search_term_string}\"},\"query-input\":{\"@type\":\"PropertyValueSpecification\",\"valueRequired\":true,\"valueName\":\"search_term_string\"}}],\"inLanguage\":\"fr-FR\"},{\"@type\":\"Organization\",\"@id\":\"https:\\\/\\\/www.organisator.ch\\\/#organization\",\"name\":\"Organisator\",\"url\":\"https:\\\/\\\/www.organisator.ch\\\/\",\"logo\":{\"@type\":\"ImageObject\",\"inLanguage\":\"fr-FR\",\"@id\":\"https:\\\/\\\/www.organisator.ch\\\/#\\\/schema\\\/logo\\\/image\\\/\",\"url\":\"https:\\\/\\\/www.organisator.ch\\\/wp-content\\\/uploads\\\/2022\\\/01\\\/Logo_Organisator_Website.png\",\"contentUrl\":\"https:\\\/\\\/www.organisator.ch\\\/wp-content\\\/uploads\\\/2022\\\/01\\\/Logo_Organisator_Website.png\",\"width\":800,\"height\":77,\"caption\":\"Organisator\"},\"image\":{\"@id\":\"https:\\\/\\\/www.organisator.ch\\\/#\\\/schema\\\/logo\\\/image\\\/\"},\"sameAs\":[\"https:\\\/\\\/www.facebook.com\\\/OrganisatorFachmagazin\",\"https:\\\/\\\/www.linkedin.com\\\/showcase\\\/organisator-das-magazin-fr-kmu\",\"https:\\\/\\\/www.xing.com\\\/news\\\/pages\\\/organisator-ch-695\",\"https:\\\/\\\/www.youtube.com\\\/channel\\\/UCGP2Sq0iWaZwT3BdIAQFYpw\"]},{\"@type\":\"Person\",\"@id\":\"https:\\\/\\\/www.organisator.ch\\\/#\\\/schema\\\/person\\\/2e1314a2172123f874db408d8911d3f3\",\"name\":\"Adelisa Kalajdzini\",\"image\":{\"@type\":\"ImageObject\",\"inLanguage\":\"fr-FR\",\"@id\":\"https:\\\/\\\/secure.gravatar.com\\\/avatar\\\/09a397c22ac58cad6f160ee8306348599df9df58a8ede73696226897b9fa4b24?s=96&d=mm&r=g\",\"url\":\"https:\\\/\\\/secure.gravatar.com\\\/avatar\\\/09a397c22ac58cad6f160ee8306348599df9df58a8ede73696226897b9fa4b24?s=96&d=mm&r=g\",\"contentUrl\":\"https:\\\/\\\/secure.gravatar.com\\\/avatar\\\/09a397c22ac58cad6f160ee8306348599df9df58a8ede73696226897b9fa4b24?s=96&d=mm&r=g\",\"caption\":\"Adelisa Kalajdzini\"},\"url\":\"https:\\\/\\\/www.organisator.ch\\\/fr\\\/author\\\/adelisa-kalajdzini\\\/\"}]}<\/script>\n<!-- \/ Yoast SEO plugin. -->","yoast_head_json":{"title":"Rapha\u00ebl Karlen : nouveau directeur adjoint du SVC - Organisateur","description":"Le SVC \u00e9largit sa direction pour la nouvelle ann\u00e9e. Rapha\u00ebl Karlen reprend le r\u00f4le de directeur adjoint \u00e0 partir de janvier 2024.","robots":{"index":"index","follow":"follow","max-snippet":"max-snippet:-1","max-image-preview":"max-image-preview:large","max-video-preview":"max-video-preview:-1"},"canonical":"https:\/\/www.organisator.ch\/fr\/gestion-2\/2024-01-08\/raphael-karlen-neuer-stv-geschaeftsfuehrer-des-svc\/","og_locale":"fr_FR","og_type":"article","og_title":"Rapha\u00ebl Karlen: Neuer stv. Gesch\u00e4ftsf\u00fchrer des SVC","og_description":"Der SVC erweitert die Gesch\u00e4ftsleitung aufs neue Jahr. Rapha\u00ebl Karlen \u00fcbernimmt ab Januar 2024 die Rolle als stv. Gesch\u00e4ftsf\u00fchrer.","og_url":"https:\/\/www.organisator.ch\/fr\/gestion-2\/2024-01-08\/raphael-karlen-neuer-stv-geschaeftsfuehrer-des-svc\/","og_site_name":"Organisator","article_publisher":"https:\/\/www.facebook.com\/OrganisatorFachmagazin","article_published_time":"2024-01-08T08:49:29+00:00","article_modified_time":"2024-01-08T14:23:53+00:00","og_image":[{"width":680,"height":512,"url":"https:\/\/www.organisator.ch\/wp-content\/uploads\/2024\/01\/Portrait_Karlen_Raphael_SVC_ps.jpg","type":"image\/jpeg"}],"author":"Adelisa Kalajdzini","twitter_card":"summary_large_image","twitter_title":"Rapha\u00ebl Karlen: Neuer stv. Gesch\u00e4ftsf\u00fchrer des SVC","twitter_description":"Der #SVC erweitert die #Gesch\u00e4ftsleitung aufs neue Jahr. #Rapha\u00ebl Karlen \u00fcbernimmt ab Januar #2024 die Rolle als stv. Gesch\u00e4ftsf\u00fchrer.","twitter_image":"https:\/\/www.organisator.ch\/wp-content\/uploads\/2024\/01\/Portrait_Karlen_Raphael_SVC_ps.jpg","schema":{"@context":"https:\/\/schema.org","@graph":[{"@type":"Article","@id":"https:\/\/www.organisator.ch\/management\/2024-01-08\/raphael-karlen-neuer-stv-geschaeftsfuehrer-des-svc\/#article","isPartOf":{"@id":"https:\/\/www.organisator.ch\/management\/2024-01-08\/raphael-karlen-neuer-stv-geschaeftsfuehrer-des-svc\/"},"author":{"name":"Adelisa Kalajdzini","@id":"https:\/\/www.organisator.ch\/#\/schema\/person\/2e1314a2172123f874db408d8911d3f3"},"headline":"Rapha\u00ebl Karlen: Neuer stv. Gesch\u00e4ftsf\u00fchrer des SVC","datePublished":"2024-01-08T08:49:29+00:00","dateModified":"2024-01-08T14:23:53+00:00","mainEntityOfPage":{"@id":"https:\/\/www.organisator.ch\/management\/2024-01-08\/raphael-karlen-neuer-stv-geschaeftsfuehrer-des-svc\/"},"wordCount":147,"publisher":{"@id":"https:\/\/www.organisator.ch\/#organization"},"image":{"@id":"https:\/\/www.organisator.ch\/management\/2024-01-08\/raphael-karlen-neuer-stv-geschaeftsfuehrer-des-svc\/#primaryimage"},"thumbnailUrl":"https:\/\/www.organisator.ch\/wp-content\/uploads\/2024\/01\/Portrait_Karlen_Raphael_SVC_ps.jpg","keywords":["Management","Management und Unternehmensf\u00fchrung","Swiss Venture Club","Unternehmen"],"articleSection":["MANAGEMENT"],"inLanguage":"fr-FR"},{"@type":"WebPage","@id":"https:\/\/www.organisator.ch\/management\/2024-01-08\/raphael-karlen-neuer-stv-geschaeftsfuehrer-des-svc\/","url":"https:\/\/www.organisator.ch\/management\/2024-01-08\/raphael-karlen-neuer-stv-geschaeftsfuehrer-des-svc\/","name":"Rapha\u00ebl Karlen : nouveau directeur adjoint du SVC - Organisateur","isPartOf":{"@id":"https:\/\/www.organisator.ch\/#website"},"primaryImageOfPage":{"@id":"https:\/\/www.organisator.ch\/management\/2024-01-08\/raphael-karlen-neuer-stv-geschaeftsfuehrer-des-svc\/#primaryimage"},"image":{"@id":"https:\/\/www.organisator.ch\/management\/2024-01-08\/raphael-karlen-neuer-stv-geschaeftsfuehrer-des-svc\/#primaryimage"},"thumbnailUrl":"https:\/\/www.organisator.ch\/wp-content\/uploads\/2024\/01\/Portrait_Karlen_Raphael_SVC_ps.jpg","datePublished":"2024-01-08T08:49:29+00:00","dateModified":"2024-01-08T14:23:53+00:00","description":"Le SVC \u00e9largit sa direction pour la nouvelle ann\u00e9e. Rapha\u00ebl Karlen reprend le r\u00f4le de directeur adjoint \u00e0 partir de janvier 2024.","breadcrumb":{"@id":"https:\/\/www.organisator.ch\/management\/2024-01-08\/raphael-karlen-neuer-stv-geschaeftsfuehrer-des-svc\/#breadcrumb"},"inLanguage":"fr-FR","potentialAction":[{"@type":"ReadAction","target":["https:\/\/www.organisator.ch\/management\/2024-01-08\/raphael-karlen-neuer-stv-geschaeftsfuehrer-des-svc\/"]}]},{"@type":"ImageObject","inLanguage":"fr-FR","@id":"https:\/\/www.organisator.ch\/management\/2024-01-08\/raphael-karlen-neuer-stv-geschaeftsfuehrer-des-svc\/#primaryimage","url":"https:\/\/www.organisator.ch\/wp-content\/uploads\/2024\/01\/Portrait_Karlen_Raphael_SVC_ps.jpg","contentUrl":"https:\/\/www.organisator.ch\/wp-content\/uploads\/2024\/01\/Portrait_Karlen_Raphael_SVC_ps.jpg","width":680,"height":512,"caption":"Rapha\u00ebl Karlen wird neuer stv. Gesch\u00e4ftsf\u00fchrer des SVC. (Bild: www.svc.swiss)"},{"@type":"BreadcrumbList","@id":"https:\/\/www.organisator.ch\/management\/2024-01-08\/raphael-karlen-neuer-stv-geschaeftsfuehrer-des-svc\/#breadcrumb","itemListElement":[{"@type":"ListItem","position":1,"name":"Home","item":"https:\/\/www.organisator.ch\/"},{"@type":"ListItem","position":2,"name":"Rapha\u00ebl Karlen: Neuer stv. Gesch\u00e4ftsf\u00fchrer des SVC"}]},{"@type":"WebSite","@id":"https:\/\/www.organisator.ch\/#website","url":"https:\/\/www.organisator.ch\/","name":"Organisateur","description":"Comp\u00e9tence et comp\u00e9tence. Proches de la pratique. L'ORGANISATEUR pr\u00e9pare 10 num\u00e9ros par an sur les th\u00e8mes essentiels pour les dirigeants de PME.","publisher":{"@id":"https:\/\/www.organisator.ch\/#organization"},"potentialAction":[{"@type":"SearchAction","target":{"@type":"EntryPoint","urlTemplate":"https:\/\/www.organisator.ch\/?s={search_term_string}"},"query-input":{"@type":"PropertyValueSpecification","valueRequired":true,"valueName":"search_term_string"}}],"inLanguage":"fr-FR"},{"@type":"Organization","@id":"https:\/\/www.organisator.ch\/#organization","name":"Organisateur","url":"https:\/\/www.organisator.ch\/","logo":{"@type":"ImageObject","inLanguage":"fr-FR","@id":"https:\/\/www.organisator.ch\/#\/schema\/logo\/image\/","url":"https:\/\/www.organisator.ch\/wp-content\/uploads\/2022\/01\/Logo_Organisator_Website.png","contentUrl":"https:\/\/www.organisator.ch\/wp-content\/uploads\/2022\/01\/Logo_Organisator_Website.png","width":800,"height":77,"caption":"Organisator"},"image":{"@id":"https:\/\/www.organisator.ch\/#\/schema\/logo\/image\/"},"sameAs":["https:\/\/www.facebook.com\/OrganisatorFachmagazin","https:\/\/www.linkedin.com\/showcase\/organisator-das-magazin-fr-kmu","https:\/\/www.xing.com\/news\/pages\/organisator-ch-695","https:\/\/www.youtube.com\/channel\/UCGP2Sq0iWaZwT3BdIAQFYpw"]},{"@type":"Person","@id":"https:\/\/www.organisator.ch\/#\/schema\/person\/2e1314a2172123f874db408d8911d3f3","name":"Adelisa Kalajdzini","image":{"@type":"ImageObject","inLanguage":"fr-FR","@id":"https:\/\/secure.gravatar.com\/avatar\/09a397c22ac58cad6f160ee8306348599df9df58a8ede73696226897b9fa4b24?s=96&d=mm&r=g","url":"https:\/\/secure.gravatar.com\/avatar\/09a397c22ac58cad6f160ee8306348599df9df58a8ede73696226897b9fa4b24?s=96&d=mm&r=g","contentUrl":"https:\/\/secure.gravatar.com\/avatar\/09a397c22ac58cad6f160ee8306348599df9df58a8ede73696226897b9fa4b24?s=96&d=mm&r=g","caption":"Adelisa Kalajdzini"},"url":"https:\/\/www.organisator.ch\/fr\/author\/adelisa-kalajdzini\/"}]}},"_links":{"self":[{"href":"https:\/\/www.organisator.ch\/fr\/wp-json\/wp\/v2\/posts\/24128","targetHints":{"allow":["GET"]}}],"collection":[{"href":"https:\/\/www.organisator.ch\/fr\/wp-json\/wp\/v2\/posts"}],"about":[{"href":"https:\/\/www.organisator.ch\/fr\/wp-json\/wp\/v2\/types\/post"}],"author":[{"embeddable":true,"href":"https:\/\/www.organisator.ch\/fr\/wp-json\/wp\/v2\/users\/58"}],"replies":[{"embeddable":true,"href":"https:\/\/www.organisator.ch\/fr\/wp-json\/wp\/v2\/comments?post=24128"}],"version-history":[{"count":8,"href":"https:\/\/www.organisator.ch\/fr\/wp-json\/wp\/v2\/posts\/24128\/revisions"}],"predecessor-version":[{"id":24145,"href":"https:\/\/www.organisator.ch\/fr\/wp-json\/wp\/v2\/posts\/24128\/revisions\/24145"}],"wp:featuredmedia":[{"embeddable":true,"href":"https:\/\/www.organisator.ch\/fr\/wp-json\/wp\/v2\/media\/24129"}],"wp:attachment":[{"href":"https:\/\/www.organisator.ch\/fr\/wp-json\/wp\/v2\/media?parent=24128"}],"wp:term":[{"taxonomy":"category","embeddable":true,"href":"https:\/\/www.organisator.ch\/fr\/wp-json\/wp\/v2\/categories?post=24128"},{"taxonomy":"post_tag","embeddable":true,"href":"https:\/\/www.organisator.ch\/fr\/wp-json\/wp\/v2\/tags?post=24128"}],"curies":[{"name":"wp","href":"https:\/\/api.w.org\/{rel}","templated":true}]}}