{"id":2418,"date":"2019-09-02T16:11:31","date_gmt":"2019-09-02T14:11:31","guid":{"rendered":"https:\/\/www.umweltperspektiven.ch\/?p=2418"},"modified":"2022-02-09T11:10:04","modified_gmt":"2022-02-09T10:10:04","slug":"tedx-trifft-auf-hwz","status":"publish","type":"post","link":"https:\/\/www.organisator.ch\/fr\/sustainability\/2019-09-02\/tedx-trifft-auf-hwz\/","title":{"rendered":"TEDx rencontre HWZ"},"content":{"rendered":"<figure id=\"attachment_2419\" aria-describedby=\"caption-attachment-2419\" style=\"width: 680px\" class=\"wp-caption alignnone\"><img loading=\"lazy\" decoding=\"async\" class=\"wp-image-2419 size-medium\" src=\"\/\/www.umweltperspektiven.ch\/wp-content\/uploads\/2019\/09\/HWZ-Manuel-P-Nappo_Sunnie-J-Groeneveld-MQ-Management-u-Qualitaeet.jpg\" alt=\"\" width=\"680\" height=\"381\" \/><figcaption id=\"caption-attachment-2419\" class=\"wp-caption-text\">Manuel P. Nappo et Sunnie J. Groeneveld se r\u00e9jouissent de pouvoir int\u00e9grer le nouveau module TEDx dans leur formation HWZ. (Image : zVg)<\/figcaption><\/figure>\n<p>TED est une organisation \u00e0 but non lucratif qui se consacre \u00e0 la diffusion d'id\u00e9es innovantes. Lors des conf\u00e9rences TED, des penseurs et des hommes d'action de premier plan, tels qu'Elon Musk, Bill Gates ou Jane Goodall, sont invit\u00e9s en tant qu'orateurs \u00e0 pr\u00e9senter en 18 minutes ou moins leur \"idea worth spreading\". TEDx est une initiative de TED qui permet aux individus et aux groupes d'organiser des \u00e9v\u00e9nements locaux, auto-organis\u00e9s et ind\u00e9pendants au format TED dans le monde entier.<\/p>\n<p>La direction du module TEDxHWZ du programme EMBA sera assur\u00e9e par nul autre qu'Urs Bucher, cofondateur et actuel animateur de TEDxZurich. L'objectif de son module est non seulement que les cadres organisent une conf\u00e9rence TEDxHWZ en tant que classe EMBA, mais aussi que chacun apprenne \u00e0 tenir un talk inspirant gr\u00e2ce \u00e0 un coaching professionnel des speakers.<\/p>\n<p><strong>\u00a0<\/strong><strong>Quels sont les autres points forts de l'EMBA Digital Leadership ? <\/strong><\/p>\n<p>Une autre particularit\u00e9 de l'EMBA est que le travail de master, qui est r\u00e9alis\u00e9 au cours des deuxi\u00e8me et troisi\u00e8me semestres, consiste en un Innovation Challenge orient\u00e9 vers la pratique. Concr\u00e8tement, les cadres participants d\u00e9veloppent une id\u00e9e de produit ou de service num\u00e9rique, issue de leur propre entreprise ou bas\u00e9e sur une id\u00e9e commerciale personnelle. Un business plan, un prototype et un pitchdeck sont \u00e9labor\u00e9s dans le cadre d'ateliers, de hackathons de prototypage et de sessions de coaching de start-up, puis pitch\u00e9s au bout de neuf mois devant un jury d'experts. Le module est dirig\u00e9 par Samuel Scheer, entrepreneur tech isra\u00e9lien et aujourd'hui coach de startups \u00e0 l'Innovation and entrepreneurship Lab de l'EPF Zurich.<\/p>\n<p>Claude Siegenthaler, connu pour avoir mis en place le cours \"Entrepreneurial Leadership\" au MTEC de l'ETH Zurich, Stephanie Z\u00fcllig, cadre internationale de longue date chez Siemens, aujourd'hui entrepreneuse et membre de multiples conseils d'administration avec des comp\u00e9tences num\u00e9riques dans les secteurs de l'informatique, de l'ing\u00e9nierie, des techniques de s\u00e9curit\u00e9 et des services de s\u00e9curit\u00e9, le professeur HSG Marcus Sch\u00f6gel ainsi que Daniela Landherr, cadre avec des responsabilit\u00e9s globales chez Google.<\/p>\n<p><strong>Executive MBA Leadership num\u00e9rique<\/strong><\/p>\n<p>La HWZ, sous la direction de Sunnie J. Groeneveld et Manuel P. Nappo, a cr\u00e9\u00e9 l'EMBA in Digital Leadership. Ils viennent de r\u00e9ussir un coup de ma\u00eetre quelques mois avant le d\u00e9but du cursus en f\u00e9vrier 2020 : \u00c0 partir de 2020, la HWZ Hochschule f\u00fcr Wirtschaft de Zurich lancera l'EMBA Digital Leadership, un programme unique de trois semestres destin\u00e9 aux cadres qui souhaitent approfondir leurs connaissances en mati\u00e8re de technologies num\u00e9riques et de nouvelles approches de direction et d\u00e9velopper une vision num\u00e9rique pour leur entreprise. Des \u00e9l\u00e9ments innovants et attractifs d\u00e9finissent en Suisse une nouvelle r\u00e9f\u00e9rence pour les programmes EMBA.<\/p>\n<p>Pour mener avec succ\u00e8s son entreprise \u00e0 travers la transformation num\u00e9rique, il faut de nouvelles comp\u00e9tences et approches de gestion. Cela implique une compr\u00e9hension approfondie des technologies num\u00e9riques, des mod\u00e8les commerciaux et la capacit\u00e9 d'enthousiasmer et de responsabiliser les collaborateurs autour d'une vision num\u00e9rique. Dans le nouvel EMBA Digital Leadership, les cadres abordent des th\u00e8mes tels que la prise de d\u00e9cision bas\u00e9e sur les donn\u00e9es, l'\u00e9conomie de plateforme, l'intrapreneuriat et apprennent \u00e0 agir dans des \u00e9cosyst\u00e8mes d'innovation et \u00e0 collaborer avec de nouvelles parties prenantes dans tous les secteurs. Outre la transmission d'une solide compr\u00e9hension de la technologie num\u00e9rique, l'accent est mis de mani\u00e8re cibl\u00e9e sur le d\u00e9veloppement personnel ainsi que sur les comp\u00e9tences entrepreneuriales et communicatives des participants.<\/p>\n<p>Manuel P. Nappo, initiateur et responsable de la fili\u00e8re, a \u00e9tudi\u00e9 le management international \u00e0 l'universit\u00e9 de Saint-Gall (HSG). Apr\u00e8s diff\u00e9rentes \u00e9tapes interm\u00e9diaires dans des entreprises telles que Red Bull et GroupM, Nappo a \u00e9t\u00e9 engag\u00e9 en 2010 par la HWZ Hochschule f\u00fcr Wirtschaft Z\u00fcrich en tant que responsable de la fili\u00e8re CAS Social Media Management. Depuis 2014, il est directeur du MAS Digital Business et de l'Institute for Digital Business \u00e0 la HWZ. La m\u00eame ann\u00e9e, il a \u00e9t\u00e9 \u00e9lu \"penseur de l'ann\u00e9e\" par les lecteurs du magazine Marketing &amp; Kommunikation.<\/p>\n<p>L'initiatrice et directrice du cursus Sunnie J. Groeneveld est entrepreneuse, administratrice et auteure. Elle a fond\u00e9 la soci\u00e9t\u00e9 de conseil <a href=\"\/\/www.inspire925.com\/de\/\">Inspire 925<\/a> a \u00e9t\u00e9 la premi\u00e8re directrice g\u00e9n\u00e9rale de l'initiative pour l'emploi <a href=\"\/\/digitalswitzerland.com\/\">digitalswitzerland<\/a> et si\u00e8ge d\u00e9sormais au conseil d'administration de trois entreprises suisses de taille moyenne dans les secteurs de l'informatique, de l'ing\u00e9nierie et des m\u00e9dias. Elle est \u00e9galement l'auteur du livre \"Inspired at Work\" (Versus Verlag), a \u00e9t\u00e9 class\u00e9e parmi les \"Top 100 Women in Business\" et a \u00e9t\u00e9 plac\u00e9e par le magazine \u00e9conomique Forbes sur sa liste \"30 under 30\" pour les pays germanophones. Elle est dipl\u00f4m\u00e9e en \u00e9conomie de l'universit\u00e9 de Yale.<\/p>\n<p><a href=\"\/\/www.fh-hwz.ch\">www.fh-hwz.ch<\/a><\/p>","protected":false},"excerpt":{"rendered":"<p>TED ist eine gemeinn\u00fctzige Organisation, die sich der Verbreitung von innovativen Ideen widmet. An den TED-Konferenzen sind f\u00fchrende Denker und Macher wie beispielsweise Elon Musk, Bill Gates oder Jane Goodall als Referenten eingeladen, um in 18 Minuten oder weniger ihre \u00abidea worth spreading\u00bb vorzustellen. TEDx ist eine Initiative von TED und erm\u00f6glicht Einzelpersonen und Gruppen [&hellip;]<\/p>\n","protected":false},"author":5,"featured_media":9634,"comment_status":"open","ping_status":"open","sticky":false,"template":"","format":"standard","meta":{"_acf_changed":false,"_yoast_wpseo_focuskw":"TED","_yoast_wpseo_metadesc":"Die in New York ans\u00e4ssige TED Organisation hat der HWZ eine offizielle TEDx-Lizenz \u00fcbertragen. Jetzt geh\u00f6rt TEDx offiziell zum Lehrplan der HWZ.","articlekey":"","footnotes":""},"categories":[580],"tags":[982,1382,2292,542],"class_list":["post-2418","post","type-post","status-publish","format-standard","has-post-thumbnail","hentry","category-sustainability","tag-digital-leadership","tag-hwz","tag-tedx","tag-zuerich"],"acf":[],"yoast_head":"<!-- This site is optimized with the Yoast SEO plugin v27.4 - https:\/\/yoast.com\/product\/yoast-seo-wordpress\/ -->\n<title>TEDx trifft auf HWZ - Organisator<\/title>\n<meta name=\"description\" content=\"Die in New York ans\u00e4ssige TED Organisation hat der HWZ eine offizielle TEDx-Lizenz \u00fcbertragen. Jetzt geh\u00f6rt TEDx offiziell zum Lehrplan der HWZ.\" \/>\n<meta name=\"robots\" content=\"index, follow, max-snippet:-1, max-image-preview:large, max-video-preview:-1\" \/>\n<link rel=\"canonical\" href=\"https:\/\/www.organisator.ch\/fr\/sustainability\/2019-09-02\/tedx-trifft-auf-hwz\/\" \/>\n<meta property=\"og:locale\" content=\"fr_FR\" \/>\n<meta property=\"og:type\" content=\"article\" \/>\n<meta property=\"og:title\" content=\"TEDx trifft auf HWZ - Organisator\" \/>\n<meta property=\"og:description\" content=\"Die in New York ans\u00e4ssige TED Organisation hat der HWZ eine offizielle TEDx-Lizenz \u00fcbertragen. Jetzt geh\u00f6rt TEDx offiziell zum Lehrplan der HWZ.\" \/>\n<meta property=\"og:url\" content=\"https:\/\/www.organisator.ch\/fr\/sustainability\/2019-09-02\/tedx-trifft-auf-hwz\/\" \/>\n<meta property=\"og:site_name\" content=\"Organisator\" \/>\n<meta property=\"article:publisher\" content=\"https:\/\/www.facebook.com\/OrganisatorFachmagazin\" \/>\n<meta property=\"article:published_time\" content=\"2019-09-02T14:11:31+00:00\" \/>\n<meta property=\"article:modified_time\" content=\"2022-02-09T10:10:04+00:00\" \/>\n<meta property=\"og:image\" content=\"https:\/\/www.organisator.ch\/wp-content\/uploads\/2019\/09\/HWZ-Manuel-P-Nappo_Sunnie-J-Groeneveld-MQ-Management-u-Qualitaeet-scaled.jpg\" \/>\n\t<meta property=\"og:image:width\" content=\"2560\" \/>\n\t<meta property=\"og:image:height\" content=\"1434\" \/>\n\t<meta property=\"og:image:type\" content=\"image\/jpeg\" \/>\n<meta name=\"author\" content=\"michael.merz\" \/>\n<meta name=\"twitter:card\" content=\"summary_large_image\" \/>\n<script type=\"application\/ld+json\" class=\"yoast-schema-graph\">{\"@context\":\"https:\\\/\\\/schema.org\",\"@graph\":[{\"@type\":\"Article\",\"@id\":\"https:\\\/\\\/www.organisator.ch\\\/sustainability\\\/2019-09-02\\\/tedx-trifft-auf-hwz\\\/#article\",\"isPartOf\":{\"@id\":\"https:\\\/\\\/www.organisator.ch\\\/sustainability\\\/2019-09-02\\\/tedx-trifft-auf-hwz\\\/\"},\"author\":{\"name\":\"michael.merz\",\"@id\":\"https:\\\/\\\/www.organisator.ch\\\/#\\\/schema\\\/person\\\/134708ca9321c57b0362cceb7948ffbd\"},\"headline\":\"TEDx trifft auf HWZ\",\"datePublished\":\"2019-09-02T14:11:31+00:00\",\"dateModified\":\"2022-02-09T10:10:04+00:00\",\"mainEntityOfPage\":{\"@id\":\"https:\\\/\\\/www.organisator.ch\\\/sustainability\\\/2019-09-02\\\/tedx-trifft-auf-hwz\\\/\"},\"wordCount\":704,\"commentCount\":0,\"publisher\":{\"@id\":\"https:\\\/\\\/www.organisator.ch\\\/#organization\"},\"image\":{\"@id\":\"https:\\\/\\\/www.organisator.ch\\\/sustainability\\\/2019-09-02\\\/tedx-trifft-auf-hwz\\\/#primaryimage\"},\"thumbnailUrl\":\"https:\\\/\\\/www.organisator.ch\\\/wp-content\\\/uploads\\\/2019\\\/09\\\/HWZ-Manuel-P-Nappo_Sunnie-J-Groeneveld-MQ-Management-u-Qualitaeet-scaled.jpg\",\"keywords\":[\"Digital Leadership\",\"HWZ\",\"TEDx\",\"Z\u00fcrich\"],\"articleSection\":[\"SUSTAINABILITY\"],\"inLanguage\":\"fr-FR\"},{\"@type\":\"WebPage\",\"@id\":\"https:\\\/\\\/www.organisator.ch\\\/sustainability\\\/2019-09-02\\\/tedx-trifft-auf-hwz\\\/\",\"url\":\"https:\\\/\\\/www.organisator.ch\\\/sustainability\\\/2019-09-02\\\/tedx-trifft-auf-hwz\\\/\",\"name\":\"TEDx trifft auf HWZ - Organisator\",\"isPartOf\":{\"@id\":\"https:\\\/\\\/www.organisator.ch\\\/#website\"},\"primaryImageOfPage\":{\"@id\":\"https:\\\/\\\/www.organisator.ch\\\/sustainability\\\/2019-09-02\\\/tedx-trifft-auf-hwz\\\/#primaryimage\"},\"image\":{\"@id\":\"https:\\\/\\\/www.organisator.ch\\\/sustainability\\\/2019-09-02\\\/tedx-trifft-auf-hwz\\\/#primaryimage\"},\"thumbnailUrl\":\"https:\\\/\\\/www.organisator.ch\\\/wp-content\\\/uploads\\\/2019\\\/09\\\/HWZ-Manuel-P-Nappo_Sunnie-J-Groeneveld-MQ-Management-u-Qualitaeet-scaled.jpg\",\"datePublished\":\"2019-09-02T14:11:31+00:00\",\"dateModified\":\"2022-02-09T10:10:04+00:00\",\"description\":\"Die in New York ans\u00e4ssige TED Organisation hat der HWZ eine offizielle TEDx-Lizenz \u00fcbertragen. Jetzt geh\u00f6rt TEDx offiziell zum Lehrplan der HWZ.\",\"breadcrumb\":{\"@id\":\"https:\\\/\\\/www.organisator.ch\\\/sustainability\\\/2019-09-02\\\/tedx-trifft-auf-hwz\\\/#breadcrumb\"},\"inLanguage\":\"fr-FR\",\"potentialAction\":[{\"@type\":\"ReadAction\",\"target\":[\"https:\\\/\\\/www.organisator.ch\\\/sustainability\\\/2019-09-02\\\/tedx-trifft-auf-hwz\\\/\"]}]},{\"@type\":\"ImageObject\",\"inLanguage\":\"fr-FR\",\"@id\":\"https:\\\/\\\/www.organisator.ch\\\/sustainability\\\/2019-09-02\\\/tedx-trifft-auf-hwz\\\/#primaryimage\",\"url\":\"https:\\\/\\\/www.organisator.ch\\\/wp-content\\\/uploads\\\/2019\\\/09\\\/HWZ-Manuel-P-Nappo_Sunnie-J-Groeneveld-MQ-Management-u-Qualitaeet-scaled.jpg\",\"contentUrl\":\"https:\\\/\\\/www.organisator.ch\\\/wp-content\\\/uploads\\\/2019\\\/09\\\/HWZ-Manuel-P-Nappo_Sunnie-J-Groeneveld-MQ-Management-u-Qualitaeet-scaled.jpg\",\"width\":2560,\"height\":1434,\"caption\":\"Manuel P. Nappo und Sunnie J. Gorneveld freuen sich das neue TEDx Modul in ihren HWZ-Lehrgang integrieren zu k\u00f6nnen. (Bild: zVg)\"},{\"@type\":\"BreadcrumbList\",\"@id\":\"https:\\\/\\\/www.organisator.ch\\\/sustainability\\\/2019-09-02\\\/tedx-trifft-auf-hwz\\\/#breadcrumb\",\"itemListElement\":[{\"@type\":\"ListItem\",\"position\":1,\"name\":\"Home\",\"item\":\"https:\\\/\\\/www.organisator.ch\\\/\"},{\"@type\":\"ListItem\",\"position\":2,\"name\":\"TEDx trifft auf HWZ\"}]},{\"@type\":\"WebSite\",\"@id\":\"https:\\\/\\\/www.organisator.ch\\\/#website\",\"url\":\"https:\\\/\\\/www.organisator.ch\\\/\",\"name\":\"Organisator\",\"description\":\"Kompetent. Praxisnah. Der ORGANISATOR bereitet in 10 Ausgaben pro Jahr die wesentlichen Themen f\u00fcr F\u00fchrungskr\u00e4fte von KMU auf.\",\"publisher\":{\"@id\":\"https:\\\/\\\/www.organisator.ch\\\/#organization\"},\"potentialAction\":[{\"@type\":\"SearchAction\",\"target\":{\"@type\":\"EntryPoint\",\"urlTemplate\":\"https:\\\/\\\/www.organisator.ch\\\/?s={search_term_string}\"},\"query-input\":{\"@type\":\"PropertyValueSpecification\",\"valueRequired\":true,\"valueName\":\"search_term_string\"}}],\"inLanguage\":\"fr-FR\"},{\"@type\":\"Organization\",\"@id\":\"https:\\\/\\\/www.organisator.ch\\\/#organization\",\"name\":\"Organisator\",\"url\":\"https:\\\/\\\/www.organisator.ch\\\/\",\"logo\":{\"@type\":\"ImageObject\",\"inLanguage\":\"fr-FR\",\"@id\":\"https:\\\/\\\/www.organisator.ch\\\/#\\\/schema\\\/logo\\\/image\\\/\",\"url\":\"https:\\\/\\\/www.organisator.ch\\\/wp-content\\\/uploads\\\/2022\\\/01\\\/Logo_Organisator_Website.png\",\"contentUrl\":\"https:\\\/\\\/www.organisator.ch\\\/wp-content\\\/uploads\\\/2022\\\/01\\\/Logo_Organisator_Website.png\",\"width\":800,\"height\":77,\"caption\":\"Organisator\"},\"image\":{\"@id\":\"https:\\\/\\\/www.organisator.ch\\\/#\\\/schema\\\/logo\\\/image\\\/\"},\"sameAs\":[\"https:\\\/\\\/www.facebook.com\\\/OrganisatorFachmagazin\",\"https:\\\/\\\/www.linkedin.com\\\/showcase\\\/organisator-das-magazin-fr-kmu\",\"https:\\\/\\\/www.xing.com\\\/news\\\/pages\\\/organisator-ch-695\",\"https:\\\/\\\/www.youtube.com\\\/channel\\\/UCGP2Sq0iWaZwT3BdIAQFYpw\"]},{\"@type\":\"Person\",\"@id\":\"https:\\\/\\\/www.organisator.ch\\\/#\\\/schema\\\/person\\\/134708ca9321c57b0362cceb7948ffbd\",\"name\":\"michael.merz\",\"image\":{\"@type\":\"ImageObject\",\"inLanguage\":\"fr-FR\",\"@id\":\"https:\\\/\\\/secure.gravatar.com\\\/avatar\\\/?s=96&d=mm&r=g\",\"url\":\"https:\\\/\\\/secure.gravatar.com\\\/avatar\\\/?s=96&d=mm&r=g\",\"contentUrl\":\"https:\\\/\\\/secure.gravatar.com\\\/avatar\\\/?s=96&d=mm&r=g\",\"caption\":\"michael.merz\"},\"url\":\"https:\\\/\\\/www.organisator.ch\\\/fr\\\/author\\\/michael-merz\\\/\"}]}<\/script>\n<!-- \/ Yoast SEO plugin. -->","yoast_head_json":{"title":"TEDx rencontre HWZ - Organisateur","description":"L'organisation TED bas\u00e9e \u00e0 New York a confi\u00e9 une licence TEDx officielle \u00e0 la HWZ. D\u00e9sormais, TEDx fait officiellement partie du programme d'enseignement de la HWZ.","robots":{"index":"index","follow":"follow","max-snippet":"max-snippet:-1","max-image-preview":"max-image-preview:large","max-video-preview":"max-video-preview:-1"},"canonical":"https:\/\/www.organisator.ch\/fr\/sustainability\/2019-09-02\/tedx-trifft-auf-hwz\/","og_locale":"fr_FR","og_type":"article","og_title":"TEDx trifft auf HWZ - Organisator","og_description":"Die in New York ans\u00e4ssige TED Organisation hat der HWZ eine offizielle TEDx-Lizenz \u00fcbertragen. Jetzt geh\u00f6rt TEDx offiziell zum Lehrplan der HWZ.","og_url":"https:\/\/www.organisator.ch\/fr\/sustainability\/2019-09-02\/tedx-trifft-auf-hwz\/","og_site_name":"Organisator","article_publisher":"https:\/\/www.facebook.com\/OrganisatorFachmagazin","article_published_time":"2019-09-02T14:11:31+00:00","article_modified_time":"2022-02-09T10:10:04+00:00","og_image":[{"width":2560,"height":1434,"url":"https:\/\/www.organisator.ch\/wp-content\/uploads\/2019\/09\/HWZ-Manuel-P-Nappo_Sunnie-J-Groeneveld-MQ-Management-u-Qualitaeet-scaled.jpg","type":"image\/jpeg"}],"author":"michael.merz","twitter_card":"summary_large_image","schema":{"@context":"https:\/\/schema.org","@graph":[{"@type":"Article","@id":"https:\/\/www.organisator.ch\/sustainability\/2019-09-02\/tedx-trifft-auf-hwz\/#article","isPartOf":{"@id":"https:\/\/www.organisator.ch\/sustainability\/2019-09-02\/tedx-trifft-auf-hwz\/"},"author":{"name":"michael.merz","@id":"https:\/\/www.organisator.ch\/#\/schema\/person\/134708ca9321c57b0362cceb7948ffbd"},"headline":"TEDx trifft auf HWZ","datePublished":"2019-09-02T14:11:31+00:00","dateModified":"2022-02-09T10:10:04+00:00","mainEntityOfPage":{"@id":"https:\/\/www.organisator.ch\/sustainability\/2019-09-02\/tedx-trifft-auf-hwz\/"},"wordCount":704,"commentCount":0,"publisher":{"@id":"https:\/\/www.organisator.ch\/#organization"},"image":{"@id":"https:\/\/www.organisator.ch\/sustainability\/2019-09-02\/tedx-trifft-auf-hwz\/#primaryimage"},"thumbnailUrl":"https:\/\/www.organisator.ch\/wp-content\/uploads\/2019\/09\/HWZ-Manuel-P-Nappo_Sunnie-J-Groeneveld-MQ-Management-u-Qualitaeet-scaled.jpg","keywords":["Digital Leadership","HWZ","TEDx","Z\u00fcrich"],"articleSection":["SUSTAINABILITY"],"inLanguage":"fr-FR"},{"@type":"WebPage","@id":"https:\/\/www.organisator.ch\/sustainability\/2019-09-02\/tedx-trifft-auf-hwz\/","url":"https:\/\/www.organisator.ch\/sustainability\/2019-09-02\/tedx-trifft-auf-hwz\/","name":"TEDx rencontre HWZ - Organisateur","isPartOf":{"@id":"https:\/\/www.organisator.ch\/#website"},"primaryImageOfPage":{"@id":"https:\/\/www.organisator.ch\/sustainability\/2019-09-02\/tedx-trifft-auf-hwz\/#primaryimage"},"image":{"@id":"https:\/\/www.organisator.ch\/sustainability\/2019-09-02\/tedx-trifft-auf-hwz\/#primaryimage"},"thumbnailUrl":"https:\/\/www.organisator.ch\/wp-content\/uploads\/2019\/09\/HWZ-Manuel-P-Nappo_Sunnie-J-Groeneveld-MQ-Management-u-Qualitaeet-scaled.jpg","datePublished":"2019-09-02T14:11:31+00:00","dateModified":"2022-02-09T10:10:04+00:00","description":"L'organisation TED bas\u00e9e \u00e0 New York a confi\u00e9 une licence TEDx officielle \u00e0 la HWZ. D\u00e9sormais, TEDx fait officiellement partie du programme d'enseignement de la HWZ.","breadcrumb":{"@id":"https:\/\/www.organisator.ch\/sustainability\/2019-09-02\/tedx-trifft-auf-hwz\/#breadcrumb"},"inLanguage":"fr-FR","potentialAction":[{"@type":"ReadAction","target":["https:\/\/www.organisator.ch\/sustainability\/2019-09-02\/tedx-trifft-auf-hwz\/"]}]},{"@type":"ImageObject","inLanguage":"fr-FR","@id":"https:\/\/www.organisator.ch\/sustainability\/2019-09-02\/tedx-trifft-auf-hwz\/#primaryimage","url":"https:\/\/www.organisator.ch\/wp-content\/uploads\/2019\/09\/HWZ-Manuel-P-Nappo_Sunnie-J-Groeneveld-MQ-Management-u-Qualitaeet-scaled.jpg","contentUrl":"https:\/\/www.organisator.ch\/wp-content\/uploads\/2019\/09\/HWZ-Manuel-P-Nappo_Sunnie-J-Groeneveld-MQ-Management-u-Qualitaeet-scaled.jpg","width":2560,"height":1434,"caption":"Manuel P. Nappo und Sunnie J. Gorneveld freuen sich das neue TEDx Modul in ihren HWZ-Lehrgang integrieren zu k\u00f6nnen. (Bild: zVg)"},{"@type":"BreadcrumbList","@id":"https:\/\/www.organisator.ch\/sustainability\/2019-09-02\/tedx-trifft-auf-hwz\/#breadcrumb","itemListElement":[{"@type":"ListItem","position":1,"name":"Home","item":"https:\/\/www.organisator.ch\/"},{"@type":"ListItem","position":2,"name":"TEDx trifft auf HWZ"}]},{"@type":"WebSite","@id":"https:\/\/www.organisator.ch\/#website","url":"https:\/\/www.organisator.ch\/","name":"Organisateur","description":"Comp\u00e9tence et comp\u00e9tence. Proches de la pratique. L'ORGANISATEUR pr\u00e9pare 10 num\u00e9ros par an sur les th\u00e8mes essentiels pour les dirigeants de PME.","publisher":{"@id":"https:\/\/www.organisator.ch\/#organization"},"potentialAction":[{"@type":"SearchAction","target":{"@type":"EntryPoint","urlTemplate":"https:\/\/www.organisator.ch\/?s={search_term_string}"},"query-input":{"@type":"PropertyValueSpecification","valueRequired":true,"valueName":"search_term_string"}}],"inLanguage":"fr-FR"},{"@type":"Organization","@id":"https:\/\/www.organisator.ch\/#organization","name":"Organisateur","url":"https:\/\/www.organisator.ch\/","logo":{"@type":"ImageObject","inLanguage":"fr-FR","@id":"https:\/\/www.organisator.ch\/#\/schema\/logo\/image\/","url":"https:\/\/www.organisator.ch\/wp-content\/uploads\/2022\/01\/Logo_Organisator_Website.png","contentUrl":"https:\/\/www.organisator.ch\/wp-content\/uploads\/2022\/01\/Logo_Organisator_Website.png","width":800,"height":77,"caption":"Organisator"},"image":{"@id":"https:\/\/www.organisator.ch\/#\/schema\/logo\/image\/"},"sameAs":["https:\/\/www.facebook.com\/OrganisatorFachmagazin","https:\/\/www.linkedin.com\/showcase\/organisator-das-magazin-fr-kmu","https:\/\/www.xing.com\/news\/pages\/organisator-ch-695","https:\/\/www.youtube.com\/channel\/UCGP2Sq0iWaZwT3BdIAQFYpw"]},{"@type":"Person","@id":"https:\/\/www.organisator.ch\/#\/schema\/person\/134708ca9321c57b0362cceb7948ffbd","name":"michael.merz","image":{"@type":"ImageObject","inLanguage":"fr-FR","@id":"https:\/\/secure.gravatar.com\/avatar\/?s=96&d=mm&r=g","url":"https:\/\/secure.gravatar.com\/avatar\/?s=96&d=mm&r=g","contentUrl":"https:\/\/secure.gravatar.com\/avatar\/?s=96&d=mm&r=g","caption":"michael.merz"},"url":"https:\/\/www.organisator.ch\/fr\/author\/michael-merz\/"}]}},"_links":{"self":[{"href":"https:\/\/www.organisator.ch\/fr\/wp-json\/wp\/v2\/posts\/2418","targetHints":{"allow":["GET"]}}],"collection":[{"href":"https:\/\/www.organisator.ch\/fr\/wp-json\/wp\/v2\/posts"}],"about":[{"href":"https:\/\/www.organisator.ch\/fr\/wp-json\/wp\/v2\/types\/post"}],"author":[{"embeddable":true,"href":"https:\/\/www.organisator.ch\/fr\/wp-json\/wp\/v2\/users\/5"}],"replies":[{"embeddable":true,"href":"https:\/\/www.organisator.ch\/fr\/wp-json\/wp\/v2\/comments?post=2418"}],"version-history":[{"count":1,"href":"https:\/\/www.organisator.ch\/fr\/wp-json\/wp\/v2\/posts\/2418\/revisions"}],"predecessor-version":[{"id":10883,"href":"https:\/\/www.organisator.ch\/fr\/wp-json\/wp\/v2\/posts\/2418\/revisions\/10883"}],"wp:featuredmedia":[{"embeddable":true,"href":"https:\/\/www.organisator.ch\/fr\/wp-json\/wp\/v2\/media\/9634"}],"wp:attachment":[{"href":"https:\/\/www.organisator.ch\/fr\/wp-json\/wp\/v2\/media?parent=2418"}],"wp:term":[{"taxonomy":"category","embeddable":true,"href":"https:\/\/www.organisator.ch\/fr\/wp-json\/wp\/v2\/categories?post=2418"},{"taxonomy":"post_tag","embeddable":true,"href":"https:\/\/www.organisator.ch\/fr\/wp-json\/wp\/v2\/tags?post=2418"}],"curies":[{"name":"wp","href":"https:\/\/api.w.org\/{rel}","templated":true}]}}