{"id":2419,"date":"2017-09-11T11:08:20","date_gmt":"2017-09-11T09:08:20","guid":{"rendered":"https:\/\/www.organisator.ch\/?p=2419"},"modified":"2017-09-11T11:08:20","modified_gmt":"2017-09-11T09:08:20","slug":"visionaere-stehen-immer-wieder-auf","status":"publish","type":"post","link":"https:\/\/www.organisator.ch\/fr\/management\/2017-09-11\/visionaere-stehen-immer-wieder-auf\/","title":{"rendered":"Les visionnaires se rel\u00e8vent toujours"},"content":{"rendered":"<figure id=\"attachment_2421\" aria-describedby=\"caption-attachment-2421\" style=\"width: 640px\" class=\"wp-caption alignnone\"><img loading=\"lazy\" decoding=\"async\" class=\"size-full wp-image-2421\" src=\"https:\/\/www.organisator.ch\/wp-content\/uploads\/2017\/09\/Visionaere-stehen-immer-wieder-auf_Organisator.jpg\" alt=\"\" width=\"640\" height=\"360\" srcset=\"https:\/\/www.organisator.ch\/wp-content\/uploads\/2017\/09\/Visionaere-stehen-immer-wieder-auf_Organisator.jpg 640w, https:\/\/www.organisator.ch\/wp-content\/uploads\/2017\/09\/Visionaere-stehen-immer-wieder-auf_Organisator-16x9.jpg 16w, https:\/\/www.organisator.ch\/wp-content\/uploads\/2017\/09\/Visionaere-stehen-immer-wieder-auf_Organisator-311x175.jpg 311w, https:\/\/www.organisator.ch\/wp-content\/uploads\/2017\/09\/Visionaere-stehen-immer-wieder-auf_Organisator-622x350.jpg 622w, https:\/\/www.organisator.ch\/wp-content\/uploads\/2017\/09\/Visionaere-stehen-immer-wieder-auf_Organisator-300x169.jpg 300w\" sizes=\"auto, (max-width: 640px) 100vw, 640px\" \/><figcaption id=\"caption-attachment-2421\" class=\"wp-caption-text\">Entrepreneurs et visionnaires : les participants au Podium PME Swiss du 7 septembre 2017. (Image : PME Swiss)<\/figcaption><\/figure>\n<p>Un th\u00e8me passionnant a attir\u00e9 plus de 300 repr\u00e9sentants de l'\u00e9conomie lors du Podium PME SWISS qui s'est tenu le jeudi 7 septembre 2017 dans la salle du campus de Brugg-Windisch. Dans le cadre de trois expos\u00e9s et d'une table ronde, des entrepreneurs \u00e0 succ\u00e8s ont donn\u00e9 un aper\u00e7u de leur carri\u00e8re et ont parl\u00e9 de ce qu'il faut faire pour concr\u00e9tiser une vision. La d\u00e9claration de Robert Nussbaumer \u00e9tait repr\u00e9sentative de tous : \"Les visionnaires se rel\u00e8vent toujours. Il faut pers\u00e9v\u00e9rer. Pers\u00e9v\u00e9rer dans cette voie. Gagner\".<\/p>\n<h2><strong>Les visionnaires se d\u00e9marquent<\/strong><\/h2>\n<p>Le conf\u00e9rencier principal, formateur et auteur Robert Nussbaumer est convaincu que les visionnaires doivent poss\u00e9der un \"g\u00e8ne de la pers\u00e9v\u00e9rance\". Il a soulign\u00e9 dans son premier expos\u00e9 qu'il ne suffisait pas d'avoir un r\u00eave, il fallait aussi \u00eatre actif. Mais beaucoup auraient peur de l'\u00e9chec, des obstacles \u00e0 surmonter ou ne seraient pas assez motiv\u00e9s. Le deuxi\u00e8me intervenant, Roland Brack (Brack.ch), a abond\u00e9 dans ce sens, ajoutant qu'il faut beaucoup de courage pour concr\u00e9tiser une vision : \"Au d\u00e9but, on m'a toujours pris pour un fou lorsque j'ai pris mes plus grandes d\u00e9cisions\". Il a commenc\u00e9 par livrer des articles \u00e9lectroniques aux clients depuis le grenier de la maison familiale. Entre-temps, 550 collaborateurs travaillent dans son entreprise et la boutique en ligne propose 150 000 articles dans son assortiment. Oliver Furrer a montr\u00e9 lors de son dernier expos\u00e9 qu'il est possible de d\u00e9coller litt\u00e9ralement avec des visions. Le multiple champion du monde et d\u00e9tenteur du record de saut en parachute se rapproche pas \u00e0 pas de son r\u00eave de \"voler comme un oiseau\". En plus de son activit\u00e9 de CCO de la compagnie a\u00e9rienne SkyWork \u00e0 Berne, il saute le week-end depuis des ar\u00eates rocheuses avec ce qu'on appelle une wingsuit et participe \u00e0 l'am\u00e9lioration de la combinaison de l'aile.<\/p>\n<h2><strong>Plaisir et passion pour une cause<\/strong><\/h2>\n<p>Dans la deuxi\u00e8me partie du Podium PME SWISS, l'animatrice Tamara Sedmak a d'abord accueilli le l\u00e9gendaire Hausi Leutenegger sur sc\u00e8ne. Le champion olympique de bob \u00e0 quatre, acteur de cin\u00e9ma et fondateur de Hans Leutenegger AG a racont\u00e9 de mani\u00e8re tr\u00e8s divertissante comment il n'a jamais regard\u00e9 \"ni \u00e0 gauche ni \u00e0 droite\" au cours de sa carri\u00e8re et a toujours suivi sa voie. Son entreprise emploie aujourd'hui environ 1'000 personnes. Leutenegger a conseill\u00e9 aux participants d'avoir des relations amicales avec les gens, d'\u00eatre \u00e0 l'\u00e9coute des pr\u00e9occupations des collaborateurs et de leur faire confiance. En outre, un entrepreneur doit \u00eatre ouvert et communicatif et toujours regarder vers l'avant.<\/p>\n<p>Marc Gianola a lui aussi r\u00e9ussi \u00e0 passer du sport \u00e0 l'\u00e9conomie. Le quadruple champion suisse de hockey et pr\u00e9sident du comit\u00e9 d'organisation de la Spengler Cup Davos voit chez les sportifs de haut niveau de bonnes conditions pour r\u00e9aliser des visions. Les sportifs doivent \u00eatre ambitieux, d\u00e9termin\u00e9s et pers\u00e9v\u00e9rants pour pouvoir s'imposer dans un environnement difficile. Robert Nussbaumer et Oliver Furrer se sont joints \u00e0 la table ronde finale. Tous ont discut\u00e9 de mani\u00e8re anim\u00e9e du comportement visionnaire et ont soulign\u00e9 qu'en plus d'une vision, il faut avant tout du plaisir et de la passion pour la cause. Cela permet de faire preuve de la pers\u00e9v\u00e9rance n\u00e9cessaire lorsque les choses ne se d\u00e9roulent pas comme pr\u00e9vu. Apr\u00e8s tout, tout le monde tombe un jour ou l'autre, cela fait partie du jeu.<\/p>\n<h2><strong>\u00a0<\/strong><strong>Nouer des contacts<\/strong><\/h2>\n<p>Le Podium PME SWISS, qui a lieu traditionnellement une fois par an en septembre, ne vit pas seulement des expos\u00e9s et de la table ronde. Les rencontres pendant les pauses, sur les stands des 35 exposants ou lors du d\u00eener qui suit sont tout aussi importantes pour les cadres et les entrepreneurs. C'est l\u00e0 que se nouent et s'entretiennent de pr\u00e9cieux contacts. Les invit\u00e9s philosophent sur des visions et qui sait, peut-\u00eatre l'une ou l'autre id\u00e9e sera-t-elle mise en \u0153uvre. Dans tous les cas, le mot d'ordre est ici aussi de s'accrocher !<\/p>\n<p><em>Plus d'informations : <a href=\"http:\/\/www.kmuswiss.ch\">PME suisses<\/a><\/em><\/p>","protected":false},"excerpt":{"rendered":"<p>Ein spannendes Thema hat am Donnerstag, 7. September 2017,\u00a0\u00fcber 300 Wirtschaftsvertreter an das KMU SWISS Podium in den Campussaal nach Brugg-Windisch gelockt. In drei Referaten und einem Podiumsgespr\u00e4ch gaben erfolgreiche Unternehmer Einblick in ihre Karrieren und berichteten dar\u00fcber, was es braucht, um eine Vision zu verwirklichen. Stellvertretend f\u00fcr alle war die Aussage von Robert Nussbaumer: [&hellip;]<\/p>\n","protected":false},"author":4,"featured_media":2421,"comment_status":"open","ping_status":"open","sticky":false,"template":"","format":"standard","meta":{"_acf_changed":false,"_yoast_wpseo_focuskw":"Vision\u00e4re","_yoast_wpseo_metadesc":"Am KMU SWISS Podium in Brugg-Windisch erz\u00e4hlten Unternehmer und Vision\u00e4re wie Roland Brack (Brack.ch) oder Hausi Leutenegger von ihrem Weg zum Erfolg.","articlekey":"","footnotes":""},"categories":[28],"tags":[335,492,502,508],"class_list":["post-2419","post","type-post","status-publish","format-standard","has-post-thumbnail","hentry","category-management","tag-management-und-unternehmensfuehrung","tag-unternehmen","tag-veranstaltungen","tag-vermischtes"],"acf":[],"yoast_head":"<!-- This site is optimized with the Yoast SEO plugin v27.4 - https:\/\/yoast.com\/product\/yoast-seo-wordpress\/ -->\n<title>Vision\u00e4re stehen immer wieder auf - Organisator<\/title>\n<meta name=\"description\" content=\"Am KMU SWISS Podium in Brugg-Windisch erz\u00e4hlten Unternehmer und Vision\u00e4re wie Roland Brack (Brack.ch) oder Hausi Leutenegger von ihrem Weg zum Erfolg.\" \/>\n<meta name=\"robots\" content=\"index, follow, max-snippet:-1, max-image-preview:large, max-video-preview:-1\" \/>\n<link rel=\"canonical\" href=\"https:\/\/www.organisator.ch\/fr\/gestion-2\/2017-09-11\/visionaere-stehen-immer-wieder-auf\/\" \/>\n<meta property=\"og:locale\" content=\"fr_FR\" \/>\n<meta property=\"og:type\" content=\"article\" \/>\n<meta property=\"og:title\" content=\"Vision\u00e4re stehen immer wieder auf\" \/>\n<meta property=\"og:description\" content=\"Am KMU SWISS Podium in Brugg-Windisch vom 7. September 2017 ist das Thema \u201eVision\u00e4res Verhalten\u201c auf grosses Interesse gestossen.\" \/>\n<meta property=\"og:url\" content=\"https:\/\/www.organisator.ch\/fr\/gestion-2\/2017-09-11\/visionaere-stehen-immer-wieder-auf\/\" \/>\n<meta property=\"og:site_name\" content=\"Organisator\" \/>\n<meta property=\"article:publisher\" content=\"https:\/\/www.facebook.com\/OrganisatorFachmagazin\" \/>\n<meta property=\"article:published_time\" content=\"2017-09-11T09:08:20+00:00\" \/>\n<meta property=\"og:image\" content=\"https:\/\/www.organisator.ch\/wp-content\/uploads\/2017\/09\/Visionaere-stehen-immer-wieder-auf_Organisator.jpg\" \/>\n\t<meta property=\"og:image:width\" content=\"640\" \/>\n\t<meta property=\"og:image:height\" content=\"360\" \/>\n\t<meta property=\"og:image:type\" content=\"image\/jpeg\" \/>\n<meta name=\"author\" content=\"thomas.berner\" \/>\n<meta name=\"twitter:card\" content=\"summary_large_image\" \/>\n<meta name=\"twitter:title\" content=\"#Vision\u00e4re stehen immer wieder auf\" \/>\n<meta name=\"twitter:description\" content=\"Am KMU SWISS Podium in Brugg-Windisch vom 7. September 2017 ist das Thema \u201eVision\u00e4res Verhalten\u201c auf grosses Interesse gestossen.\" \/>\n<meta name=\"twitter:image\" content=\"https:\/\/www.organisator.ch\/wp-content\/uploads\/2017\/09\/Vision\u00e4re-stehen-immer-wieder-auf_Organisator.jpg\" \/>\n<script type=\"application\/ld+json\" class=\"yoast-schema-graph\">{\"@context\":\"https:\\\/\\\/schema.org\",\"@graph\":[{\"@type\":\"Article\",\"@id\":\"https:\\\/\\\/www.organisator.ch\\\/management\\\/2017-09-11\\\/visionaere-stehen-immer-wieder-auf\\\/#article\",\"isPartOf\":{\"@id\":\"https:\\\/\\\/www.organisator.ch\\\/management\\\/2017-09-11\\\/visionaere-stehen-immer-wieder-auf\\\/\"},\"author\":{\"name\":\"thomas.berner\",\"@id\":\"https:\\\/\\\/www.organisator.ch\\\/#\\\/schema\\\/person\\\/6f650f90b2842cd4c0cc334b4e36f67e\"},\"headline\":\"Vision\u00e4re stehen immer wieder auf\",\"datePublished\":\"2017-09-11T09:08:20+00:00\",\"mainEntityOfPage\":{\"@id\":\"https:\\\/\\\/www.organisator.ch\\\/management\\\/2017-09-11\\\/visionaere-stehen-immer-wieder-auf\\\/\"},\"wordCount\":593,\"commentCount\":0,\"publisher\":{\"@id\":\"https:\\\/\\\/www.organisator.ch\\\/#organization\"},\"image\":{\"@id\":\"https:\\\/\\\/www.organisator.ch\\\/management\\\/2017-09-11\\\/visionaere-stehen-immer-wieder-auf\\\/#primaryimage\"},\"thumbnailUrl\":\"https:\\\/\\\/www.organisator.ch\\\/wp-content\\\/uploads\\\/2017\\\/09\\\/Visionaere-stehen-immer-wieder-auf_Organisator.jpg\",\"keywords\":[\"Management und Unternehmensf\u00fchrung\",\"Unternehmen\",\"Veranstaltungen\",\"Vermischtes\"],\"articleSection\":[\"MANAGEMENT\"],\"inLanguage\":\"fr-FR\"},{\"@type\":\"WebPage\",\"@id\":\"https:\\\/\\\/www.organisator.ch\\\/management\\\/2017-09-11\\\/visionaere-stehen-immer-wieder-auf\\\/\",\"url\":\"https:\\\/\\\/www.organisator.ch\\\/management\\\/2017-09-11\\\/visionaere-stehen-immer-wieder-auf\\\/\",\"name\":\"Vision\u00e4re stehen immer wieder auf - Organisator\",\"isPartOf\":{\"@id\":\"https:\\\/\\\/www.organisator.ch\\\/#website\"},\"primaryImageOfPage\":{\"@id\":\"https:\\\/\\\/www.organisator.ch\\\/management\\\/2017-09-11\\\/visionaere-stehen-immer-wieder-auf\\\/#primaryimage\"},\"image\":{\"@id\":\"https:\\\/\\\/www.organisator.ch\\\/management\\\/2017-09-11\\\/visionaere-stehen-immer-wieder-auf\\\/#primaryimage\"},\"thumbnailUrl\":\"https:\\\/\\\/www.organisator.ch\\\/wp-content\\\/uploads\\\/2017\\\/09\\\/Visionaere-stehen-immer-wieder-auf_Organisator.jpg\",\"datePublished\":\"2017-09-11T09:08:20+00:00\",\"description\":\"Am KMU SWISS Podium in Brugg-Windisch erz\u00e4hlten Unternehmer und Vision\u00e4re wie Roland Brack (Brack.ch) oder Hausi Leutenegger von ihrem Weg zum Erfolg.\",\"breadcrumb\":{\"@id\":\"https:\\\/\\\/www.organisator.ch\\\/management\\\/2017-09-11\\\/visionaere-stehen-immer-wieder-auf\\\/#breadcrumb\"},\"inLanguage\":\"fr-FR\",\"potentialAction\":[{\"@type\":\"ReadAction\",\"target\":[\"https:\\\/\\\/www.organisator.ch\\\/management\\\/2017-09-11\\\/visionaere-stehen-immer-wieder-auf\\\/\"]}]},{\"@type\":\"ImageObject\",\"inLanguage\":\"fr-FR\",\"@id\":\"https:\\\/\\\/www.organisator.ch\\\/management\\\/2017-09-11\\\/visionaere-stehen-immer-wieder-auf\\\/#primaryimage\",\"url\":\"https:\\\/\\\/www.organisator.ch\\\/wp-content\\\/uploads\\\/2017\\\/09\\\/Visionaere-stehen-immer-wieder-auf_Organisator.jpg\",\"contentUrl\":\"https:\\\/\\\/www.organisator.ch\\\/wp-content\\\/uploads\\\/2017\\\/09\\\/Visionaere-stehen-immer-wieder-auf_Organisator.jpg\",\"width\":640,\"height\":360,\"caption\":\"Unternehmer und Vision\u00e4re: Die Teilnehmer des KMU Swiss Podium vom 7. September 2017. (Bild: KMU Swiss)\"},{\"@type\":\"BreadcrumbList\",\"@id\":\"https:\\\/\\\/www.organisator.ch\\\/management\\\/2017-09-11\\\/visionaere-stehen-immer-wieder-auf\\\/#breadcrumb\",\"itemListElement\":[{\"@type\":\"ListItem\",\"position\":1,\"name\":\"Home\",\"item\":\"https:\\\/\\\/www.organisator.ch\\\/\"},{\"@type\":\"ListItem\",\"position\":2,\"name\":\"Vision\u00e4re stehen immer wieder auf\"}]},{\"@type\":\"WebSite\",\"@id\":\"https:\\\/\\\/www.organisator.ch\\\/#website\",\"url\":\"https:\\\/\\\/www.organisator.ch\\\/\",\"name\":\"Organisator\",\"description\":\"Kompetent. Praxisnah. Der ORGANISATOR bereitet in 10 Ausgaben pro Jahr die wesentlichen Themen f\u00fcr F\u00fchrungskr\u00e4fte von KMU auf.\",\"publisher\":{\"@id\":\"https:\\\/\\\/www.organisator.ch\\\/#organization\"},\"potentialAction\":[{\"@type\":\"SearchAction\",\"target\":{\"@type\":\"EntryPoint\",\"urlTemplate\":\"https:\\\/\\\/www.organisator.ch\\\/?s={search_term_string}\"},\"query-input\":{\"@type\":\"PropertyValueSpecification\",\"valueRequired\":true,\"valueName\":\"search_term_string\"}}],\"inLanguage\":\"fr-FR\"},{\"@type\":\"Organization\",\"@id\":\"https:\\\/\\\/www.organisator.ch\\\/#organization\",\"name\":\"Organisator\",\"url\":\"https:\\\/\\\/www.organisator.ch\\\/\",\"logo\":{\"@type\":\"ImageObject\",\"inLanguage\":\"fr-FR\",\"@id\":\"https:\\\/\\\/www.organisator.ch\\\/#\\\/schema\\\/logo\\\/image\\\/\",\"url\":\"https:\\\/\\\/www.organisator.ch\\\/wp-content\\\/uploads\\\/2022\\\/01\\\/Logo_Organisator_Website.png\",\"contentUrl\":\"https:\\\/\\\/www.organisator.ch\\\/wp-content\\\/uploads\\\/2022\\\/01\\\/Logo_Organisator_Website.png\",\"width\":800,\"height\":77,\"caption\":\"Organisator\"},\"image\":{\"@id\":\"https:\\\/\\\/www.organisator.ch\\\/#\\\/schema\\\/logo\\\/image\\\/\"},\"sameAs\":[\"https:\\\/\\\/www.facebook.com\\\/OrganisatorFachmagazin\",\"https:\\\/\\\/www.linkedin.com\\\/showcase\\\/organisator-das-magazin-fr-kmu\",\"https:\\\/\\\/www.xing.com\\\/news\\\/pages\\\/organisator-ch-695\",\"https:\\\/\\\/www.youtube.com\\\/channel\\\/UCGP2Sq0iWaZwT3BdIAQFYpw\"]},{\"@type\":\"Person\",\"@id\":\"https:\\\/\\\/www.organisator.ch\\\/#\\\/schema\\\/person\\\/6f650f90b2842cd4c0cc334b4e36f67e\",\"name\":\"thomas.berner\",\"image\":{\"@type\":\"ImageObject\",\"inLanguage\":\"fr-FR\",\"@id\":\"https:\\\/\\\/secure.gravatar.com\\\/avatar\\\/ac5001d2a36cb6c6cd3e50789007ffca834b477b74a2144564522e944eabff61?s=96&d=mm&r=g\",\"url\":\"https:\\\/\\\/secure.gravatar.com\\\/avatar\\\/ac5001d2a36cb6c6cd3e50789007ffca834b477b74a2144564522e944eabff61?s=96&d=mm&r=g\",\"contentUrl\":\"https:\\\/\\\/secure.gravatar.com\\\/avatar\\\/ac5001d2a36cb6c6cd3e50789007ffca834b477b74a2144564522e944eabff61?s=96&d=mm&r=g\",\"caption\":\"thomas.berner\"},\"url\":\"https:\\\/\\\/www.organisator.ch\\\/fr\\\/author\\\/thomas-berner\\\/\"}]}<\/script>\n<!-- \/ Yoast SEO plugin. -->","yoast_head_json":{"title":"Les visionnaires se rel\u00e8vent toujours - Organisateur","description":"Lors du Podium PME SWISS \u00e0 Brugg-Windisch, des entrepreneurs et des visionnaires comme Roland Brack (Brack.ch) ou Hausi Leutenegger ont racont\u00e9 leur parcours vers le succ\u00e8s.","robots":{"index":"index","follow":"follow","max-snippet":"max-snippet:-1","max-image-preview":"max-image-preview:large","max-video-preview":"max-video-preview:-1"},"canonical":"https:\/\/www.organisator.ch\/fr\/gestion-2\/2017-09-11\/visionaere-stehen-immer-wieder-auf\/","og_locale":"fr_FR","og_type":"article","og_title":"Vision\u00e4re stehen immer wieder auf","og_description":"Am KMU SWISS Podium in Brugg-Windisch vom 7. September 2017 ist das Thema \u201eVision\u00e4res Verhalten\u201c auf grosses Interesse gestossen.","og_url":"https:\/\/www.organisator.ch\/fr\/gestion-2\/2017-09-11\/visionaere-stehen-immer-wieder-auf\/","og_site_name":"Organisator","article_publisher":"https:\/\/www.facebook.com\/OrganisatorFachmagazin","article_published_time":"2017-09-11T09:08:20+00:00","og_image":[{"width":640,"height":360,"url":"https:\/\/www.organisator.ch\/wp-content\/uploads\/2017\/09\/Visionaere-stehen-immer-wieder-auf_Organisator.jpg","type":"image\/jpeg"}],"author":"thomas.berner","twitter_card":"summary_large_image","twitter_title":"#Vision\u00e4re stehen immer wieder auf","twitter_description":"Am KMU SWISS Podium in Brugg-Windisch vom 7. September 2017 ist das Thema \u201eVision\u00e4res Verhalten\u201c auf grosses Interesse gestossen.","twitter_image":"https:\/\/www.organisator.ch\/wp-content\/uploads\/2017\/09\/Vision\u00e4re-stehen-immer-wieder-auf_Organisator.jpg","schema":{"@context":"https:\/\/schema.org","@graph":[{"@type":"Article","@id":"https:\/\/www.organisator.ch\/management\/2017-09-11\/visionaere-stehen-immer-wieder-auf\/#article","isPartOf":{"@id":"https:\/\/www.organisator.ch\/management\/2017-09-11\/visionaere-stehen-immer-wieder-auf\/"},"author":{"name":"thomas.berner","@id":"https:\/\/www.organisator.ch\/#\/schema\/person\/6f650f90b2842cd4c0cc334b4e36f67e"},"headline":"Vision\u00e4re stehen immer wieder auf","datePublished":"2017-09-11T09:08:20+00:00","mainEntityOfPage":{"@id":"https:\/\/www.organisator.ch\/management\/2017-09-11\/visionaere-stehen-immer-wieder-auf\/"},"wordCount":593,"commentCount":0,"publisher":{"@id":"https:\/\/www.organisator.ch\/#organization"},"image":{"@id":"https:\/\/www.organisator.ch\/management\/2017-09-11\/visionaere-stehen-immer-wieder-auf\/#primaryimage"},"thumbnailUrl":"https:\/\/www.organisator.ch\/wp-content\/uploads\/2017\/09\/Visionaere-stehen-immer-wieder-auf_Organisator.jpg","keywords":["Management und Unternehmensf\u00fchrung","Unternehmen","Veranstaltungen","Vermischtes"],"articleSection":["MANAGEMENT"],"inLanguage":"fr-FR"},{"@type":"WebPage","@id":"https:\/\/www.organisator.ch\/management\/2017-09-11\/visionaere-stehen-immer-wieder-auf\/","url":"https:\/\/www.organisator.ch\/management\/2017-09-11\/visionaere-stehen-immer-wieder-auf\/","name":"Les visionnaires se rel\u00e8vent toujours - Organisateur","isPartOf":{"@id":"https:\/\/www.organisator.ch\/#website"},"primaryImageOfPage":{"@id":"https:\/\/www.organisator.ch\/management\/2017-09-11\/visionaere-stehen-immer-wieder-auf\/#primaryimage"},"image":{"@id":"https:\/\/www.organisator.ch\/management\/2017-09-11\/visionaere-stehen-immer-wieder-auf\/#primaryimage"},"thumbnailUrl":"https:\/\/www.organisator.ch\/wp-content\/uploads\/2017\/09\/Visionaere-stehen-immer-wieder-auf_Organisator.jpg","datePublished":"2017-09-11T09:08:20+00:00","description":"Lors du Podium PME SWISS \u00e0 Brugg-Windisch, des entrepreneurs et des visionnaires comme Roland Brack (Brack.ch) ou Hausi Leutenegger ont racont\u00e9 leur parcours vers le succ\u00e8s.","breadcrumb":{"@id":"https:\/\/www.organisator.ch\/management\/2017-09-11\/visionaere-stehen-immer-wieder-auf\/#breadcrumb"},"inLanguage":"fr-FR","potentialAction":[{"@type":"ReadAction","target":["https:\/\/www.organisator.ch\/management\/2017-09-11\/visionaere-stehen-immer-wieder-auf\/"]}]},{"@type":"ImageObject","inLanguage":"fr-FR","@id":"https:\/\/www.organisator.ch\/management\/2017-09-11\/visionaere-stehen-immer-wieder-auf\/#primaryimage","url":"https:\/\/www.organisator.ch\/wp-content\/uploads\/2017\/09\/Visionaere-stehen-immer-wieder-auf_Organisator.jpg","contentUrl":"https:\/\/www.organisator.ch\/wp-content\/uploads\/2017\/09\/Visionaere-stehen-immer-wieder-auf_Organisator.jpg","width":640,"height":360,"caption":"Unternehmer und Vision\u00e4re: Die Teilnehmer des KMU Swiss Podium vom 7. September 2017. (Bild: KMU Swiss)"},{"@type":"BreadcrumbList","@id":"https:\/\/www.organisator.ch\/management\/2017-09-11\/visionaere-stehen-immer-wieder-auf\/#breadcrumb","itemListElement":[{"@type":"ListItem","position":1,"name":"Home","item":"https:\/\/www.organisator.ch\/"},{"@type":"ListItem","position":2,"name":"Vision\u00e4re stehen immer wieder auf"}]},{"@type":"WebSite","@id":"https:\/\/www.organisator.ch\/#website","url":"https:\/\/www.organisator.ch\/","name":"Organisateur","description":"Comp\u00e9tence et comp\u00e9tence. Proches de la pratique. L'ORGANISATEUR pr\u00e9pare 10 num\u00e9ros par an sur les th\u00e8mes essentiels pour les dirigeants de PME.","publisher":{"@id":"https:\/\/www.organisator.ch\/#organization"},"potentialAction":[{"@type":"SearchAction","target":{"@type":"EntryPoint","urlTemplate":"https:\/\/www.organisator.ch\/?s={search_term_string}"},"query-input":{"@type":"PropertyValueSpecification","valueRequired":true,"valueName":"search_term_string"}}],"inLanguage":"fr-FR"},{"@type":"Organization","@id":"https:\/\/www.organisator.ch\/#organization","name":"Organisateur","url":"https:\/\/www.organisator.ch\/","logo":{"@type":"ImageObject","inLanguage":"fr-FR","@id":"https:\/\/www.organisator.ch\/#\/schema\/logo\/image\/","url":"https:\/\/www.organisator.ch\/wp-content\/uploads\/2022\/01\/Logo_Organisator_Website.png","contentUrl":"https:\/\/www.organisator.ch\/wp-content\/uploads\/2022\/01\/Logo_Organisator_Website.png","width":800,"height":77,"caption":"Organisator"},"image":{"@id":"https:\/\/www.organisator.ch\/#\/schema\/logo\/image\/"},"sameAs":["https:\/\/www.facebook.com\/OrganisatorFachmagazin","https:\/\/www.linkedin.com\/showcase\/organisator-das-magazin-fr-kmu","https:\/\/www.xing.com\/news\/pages\/organisator-ch-695","https:\/\/www.youtube.com\/channel\/UCGP2Sq0iWaZwT3BdIAQFYpw"]},{"@type":"Person","@id":"https:\/\/www.organisator.ch\/#\/schema\/person\/6f650f90b2842cd4c0cc334b4e36f67e","name":"thomas.berner","image":{"@type":"ImageObject","inLanguage":"fr-FR","@id":"https:\/\/secure.gravatar.com\/avatar\/ac5001d2a36cb6c6cd3e50789007ffca834b477b74a2144564522e944eabff61?s=96&d=mm&r=g","url":"https:\/\/secure.gravatar.com\/avatar\/ac5001d2a36cb6c6cd3e50789007ffca834b477b74a2144564522e944eabff61?s=96&d=mm&r=g","contentUrl":"https:\/\/secure.gravatar.com\/avatar\/ac5001d2a36cb6c6cd3e50789007ffca834b477b74a2144564522e944eabff61?s=96&d=mm&r=g","caption":"thomas.berner"},"url":"https:\/\/www.organisator.ch\/fr\/author\/thomas-berner\/"}]}},"_links":{"self":[{"href":"https:\/\/www.organisator.ch\/fr\/wp-json\/wp\/v2\/posts\/2419","targetHints":{"allow":["GET"]}}],"collection":[{"href":"https:\/\/www.organisator.ch\/fr\/wp-json\/wp\/v2\/posts"}],"about":[{"href":"https:\/\/www.organisator.ch\/fr\/wp-json\/wp\/v2\/types\/post"}],"author":[{"embeddable":true,"href":"https:\/\/www.organisator.ch\/fr\/wp-json\/wp\/v2\/users\/4"}],"replies":[{"embeddable":true,"href":"https:\/\/www.organisator.ch\/fr\/wp-json\/wp\/v2\/comments?post=2419"}],"version-history":[{"count":0,"href":"https:\/\/www.organisator.ch\/fr\/wp-json\/wp\/v2\/posts\/2419\/revisions"}],"wp:featuredmedia":[{"embeddable":true,"href":"https:\/\/www.organisator.ch\/fr\/wp-json\/wp\/v2\/media\/2421"}],"wp:attachment":[{"href":"https:\/\/www.organisator.ch\/fr\/wp-json\/wp\/v2\/media?parent=2419"}],"wp:term":[{"taxonomy":"category","embeddable":true,"href":"https:\/\/www.organisator.ch\/fr\/wp-json\/wp\/v2\/categories?post=2419"},{"taxonomy":"post_tag","embeddable":true,"href":"https:\/\/www.organisator.ch\/fr\/wp-json\/wp\/v2\/tags?post=2419"}],"curies":[{"name":"wp","href":"https:\/\/api.w.org\/{rel}","templated":true}]}}