{"id":24201,"date":"2024-01-12T06:23:54","date_gmt":"2024-01-12T05:23:54","guid":{"rendered":"https:\/\/www.organisator.ch\/?p=24201"},"modified":"2024-01-12T07:06:25","modified_gmt":"2024-01-12T06:06:25","slug":"drei-strategien-zur-foerderung-von-oekostrom-in-der-schweiz","status":"publish","type":"post","link":"https:\/\/www.organisator.ch\/fr\/sustainability\/2024-01-12\/drei-strategien-zur-foerderung-von-oekostrom-in-der-schweiz\/","title":{"rendered":"Trois strat\u00e9gies pour promouvoir l'\u00e9lectricit\u00e9 verte en Suisse"},"content":{"rendered":"<figure id=\"attachment_24205\" class=\"wp-caption alignnone\" style=\"width: 680px;\" aria-describedby=\"caption-attachment-24205\"><img class=\"size-full wp-image-24205\" src=\"https:\/\/www.organisator.ch\/wp-content\/uploads\/2024\/01\/Oekostrom_Bild1_ps.jpg\" sizes=\"(max-width: 680px) 100vw, 680px\" srcset=\"https:\/\/www.organisator.ch\/wp-content\/uploads\/2024\/01\/Oekostrom_Bild1_ps.jpg 680w, https:\/\/www.organisator.ch\/wp-content\/uploads\/2024\/01\/Oekostrom_Bild1_ps-16x12.jpg 16w, https:\/\/www.organisator.ch\/wp-content\/uploads\/2024\/01\/Oekostrom_Bild1_ps-375x281.jpg 375w, https:\/\/www.organisator.ch\/wp-content\/uploads\/2024\/01\/Oekostrom_Bild1_ps-467x350.jpg 467w\" alt=\"\" width=\"680\" height=\"510\" \/>\r\n<figcaption id=\"caption-attachment-24205\" class=\"wp-caption-text\">Le consortium Sweet Edge a d\u00e9velopp\u00e9 trois strat\u00e9gies pour r\u00e9pondre aux besoins en \u00e9lectricit\u00e9 tout en cr\u00e9ant plusieurs milliers d'emplois dans le secteur des \u00e9nergies renouvelables. (Image : www.pixabay.com)<\/figcaption>\r\n<\/figure>\r\n<p>La loi f\u00e9d\u00e9rale sur la s\u00e9curit\u00e9 de l'approvisionnement en \u00e9lectricit\u00e9 gr\u00e2ce aux \u00e9nergies renouvelables, en abr\u00e9g\u00e9 \"loi-cadre\", mise au point par le Parlement suisse le 29 septembre 2023, vise \u00e0 acc\u00e9l\u00e9rer le d\u00e9veloppement des \u00e9nergies renouvelables. Son objectif est de produire 35 t\u00e9rawattheures (TWh) par an \u00e0 partir de technologies vertes (soleil, vent, bois et biogaz) d'ici 2035. \u00c0 titre de comparaison, ce chiffre \u00e9tait d'environ 6 TWh en 2022. Le nouvel objectif correspondrait \u00e0 environ la moiti\u00e9 des besoins en \u00e9lectricit\u00e9 de la Suisse pr\u00e9vus pour 2035. L'autre moiti\u00e9 serait couverte par l'\u00e9nergie hydraulique et les importations. La Suisse serait ainsi approvisionn\u00e9e en \u00e9lectricit\u00e9 sans \u00e9nergie nucl\u00e9aire ni grandes centrales fossiles.<\/p>\r\n<p>\u00a0Le consortium de recherche Sweet Edge a analys\u00e9 diff\u00e9rentes possibilit\u00e9s d'atteindre cet objectif. Soutenu par le programme Sweet (Swiss Energy research for the Energy Transition) de l'Office f\u00e9d\u00e9ral de l'\u00e9nergie (OFEN), le consortium r\u00e9unit des chercheurs des universit\u00e9s de Gen\u00e8ve et de Berne, de l'EPFL, de l'ETH Zurich et d'autres partenaires. Ils ont \u00e9labor\u00e9 trois strat\u00e9gies pour atteindre l'objectif de 35 TWh d'\u00e9lectricit\u00e9 verte d'ici 2035. En outre, l'\u00e9tude a inclus des objectifs moins ambitieux (25 TWh\/an avec un m\u00e9lange d'\u00e9nergies renouvelables ou uniquement avec l'\u00e9nergie solaire ; 17 TWh avec un m\u00e9lange). Les impacts techniques, r\u00e9gionaux, \u00e9conomiques et sociaux des strat\u00e9gies ont \u00e9galement \u00e9t\u00e9 soigneusement analys\u00e9s.<\/p>\r\n<h3><strong>1\u00e8re strat\u00e9gie : se concentrer sur la diversit\u00e9<\/strong><\/h3>\r\n<p>La premi\u00e8re strat\u00e9gie combine de nouvelles technologies afin de garantir la diversit\u00e9 et la s\u00e9curit\u00e9 d'approvisionnement. Pour atteindre l'objectif de 35 TWh\/an, elle implique un m\u00e9lange, par exemple, de 25 TWh\/an de photovolta\u00efque, 8 TWh\/an de biomasse et de d\u00e9chets et 2 TWh\/an d'\u00e9olien. \"Cette strat\u00e9gie implique des installations solaires discr\u00e8tes sur les fa\u00e7ades et les toits et serait bien accept\u00e9e par la population. Pour atteindre l'objectif de 35 TWh, les installations solaires sont d\u00e9j\u00e0 pr\u00e9sentes dans tout le pays. Il n'y a que dans le Tessin et le Valais, tr\u00e8s ensoleill\u00e9s, qu'ils seraient encore plus r\u00e9pandus\", explique Evelina Trutnevyte, co-coordinatrice de Sweet Edge et professeure en syst\u00e8mes d'\u00e9nergie renouvelable \u00e0 l'Universit\u00e9 de Gen\u00e8ve. En outre, des parcs \u00e9oliens seraient n\u00e9cessaires.<\/p>\r\n<h3><strong>2e strat\u00e9gie : se concentrer sur les installations solaires photovolta\u00efques avec batteries <\/strong><\/h3>\r\n<p>Cette strat\u00e9gie mise sur des installations photovolta\u00efques avec des batteries de stockage pour l'autoconsommation sur les toits priv\u00e9s. Elle n\u00e9cessite un engagement plus actif des citoyens, mais a l'avantage d'\u00e9viter certaines technologies moins accept\u00e9es. Dans le cas de l'objectif de 35 TWh, l'\u00e9nergie solaire devrait fournir 31 TWh\/an, compl\u00e9t\u00e9e par 4 TWh\/an provenant des installations existantes de biomasse et d'incin\u00e9ration des d\u00e9chets. \"Des installations photovolta\u00efques seraient construites dans les cantons de Berne, de Zurich et de Suisse centrale, o\u00f9 la densit\u00e9 de b\u00e2timents adapt\u00e9s est \u00e9lev\u00e9e et o\u00f9 nous partons actuellement d'une politique de soutien. Les Grisons et le Valais devraient construire beaucoup plus d'installations, y compris sur des surfaces libres\", explique Giovanni Sansavini, professeur de Reliability and Risk Engineering \u00e0 l'EPF de Zurich.<\/p>\r\n<h3><strong>3\u00e8me strat\u00e9gie : se concentrer sur la productivit\u00e9 <\/strong><\/h3>\r\n<p>Cette strat\u00e9gie se concentre sur l'optimisation de la production des infrastructures \u00e9oliennes et photovolta\u00efques, y compris le photovolta\u00efque sur les toits et au sol. Elle pr\u00e9sente l'avantage de concentrer les installations sur les sites les plus productifs et d'\u00e9viter les investissements dans les installations de biomasse et de traitement des d\u00e9chets. Pour atteindre 35 TWh\/an, cette option n\u00e9cessite un mix de 30 TWh\/an de photovolta\u00efque et de 5 TWh\/an d'\u00e9olien. \"Ici, la majeure partie de l'\u00e9nergie solaire photovolta\u00efque serait concentr\u00e9e dans les communes alpines, notamment dans les Grisons et en Valais\", explique Michael Lehning, co-coordinateur de Sweet Edge et professeur \u00e0 l'EPFL. \"Cette option serait la plus efficace pour limiter les importations hivernales\".<\/p>\r\n<h3><strong>Des investissements consid\u00e9rables, mais aussi beaucoup de nouveaux emplois <\/strong><\/h3>\r\n<p>Entre aujourd'hui et 2035, les besoins d'investissement se situent entre 0,5 et 2,1 milliards de CHF par an selon la strat\u00e9gie et l'objectif. La troisi\u00e8me strat\u00e9gie \"Productivit\u00e9\" serait la moins ch\u00e8re (1,4 milliard de CHF par an pour l'objectif 35 TWh\/an), car elle n\u00e9cessite la construction du moins d'installations. La premi\u00e8re strat\u00e9gie (\"diversit\u00e9\") serait la plus co\u00fbteuse (1,7 milliard de CHF) pour l'objectif de 35 TWh, mais la deuxi\u00e8me moins ch\u00e8re pour les objectifs moins ambitieux (17 et 25 TWh\/an). Comme le photovolta\u00efque pr\u00e9domine comme source d'\u00e9nergie dans toutes les strat\u00e9gies, il absorberait au moins 80% des co\u00fbts.<\/p>\r\n<p>En fonction de la strat\u00e9gie et de l'objectif, la construction des capacit\u00e9s de production n\u00e9cessaires pourrait employer entre 18 000 et 57 000 personnes par an \u00e0 temps plein d'ici 2035. La fabrication pourrait repr\u00e9senter 33% des emplois, la construction et l'installation 62%, l'exploitation et la maintenance 4% et le renouvellement des installations 1%. C'est le photovolta\u00efque sur batterie qui cr\u00e9erait le plus d'emplois ; avec un objectif de 35 TWh, cela repr\u00e9senterait 50 000 emplois \u00e0 temps plein.<\/p>\r\n<h3><strong>Forte acceptation des \u00e9nergies renouvelables et de l'ind\u00e9pendance \u00e9nerg\u00e9tique <\/strong><\/h3>\r\n<p>Outre les trois strat\u00e9gies et leur \u00e9valuation technico-\u00e9conomique, le rapport documente, \u00e0 l'aide de donn\u00e9es d'enqu\u00eate, que les pr\u00e9occupations en mati\u00e8re de s\u00e9curit\u00e9 et d'approvisionnement \u00e9nerg\u00e9tiques, qui p\u00e8sent plus lourd depuis l'attaque russe contre l'Ukraine, s'accompagnent d'un fort d\u00e9sir d'ind\u00e9pendance \u00e9nerg\u00e9tique et de production nationale d'\u00e9nergie renouvelable. N\u00e9anmoins, selon Isabelle Stadelmann-Steffen de l'Universit\u00e9 de Berne, \"l'\u00e9nergie \u00e9olienne et le photovolta\u00efque au sol restent - comme l'\u00e9nergie nucl\u00e9aire - un sujet de controverse au sein de la population\". La professeure de politique compar\u00e9e est responsable d'une grande enqu\u00eate aupr\u00e8s de la population, con\u00e7ue et r\u00e9alis\u00e9e \u00e0 l'Universit\u00e9 de Berne, qui sert de base \u00e0 l'analyse de l'acceptation.<\/p>\r\n<h3><strong>Des objectifs r\u00e9alistes <\/strong><\/h3>\r\n<p>L'\u00e9tude montre que les quatre objectifs de production d'\u00e9lectricit\u00e9 sont techniquement r\u00e9alisables sans \u00e9nergie nucl\u00e9aire ni grandes centrales fossiles. Plus l'objectif est \u00e9lev\u00e9, moins la Suisse doit importer d'\u00e9lectricit\u00e9. Pour l'objectif de 35 TWh\/an, la Suisse peut garantir un approvisionnement en \u00e9lectricit\u00e9 reposant presque enti\u00e8rement sur la production nationale d'\u00e9nergies renouvelables. N\u00e9anmoins, les importations nettes d'\u00e9lectricit\u00e9 restent un instrument important pour \u00e9quilibrer l'offre et la demande.<\/p>\r\n<p><em>Source : <a href=\"http:\/\/www.unibe.ch\/\">www.unibe.ch<\/a><\/em><\/p>","protected":false},"excerpt":{"rendered":"<p>Neutralit\u00e9 climatique et sortie du nucl\u00e9aire : les principaux objectifs de la Suisse en mati\u00e8re d'\u00e9lectricit\u00e9 verte sont ambitieux. Ils sont n\u00e9anmoins r\u00e9alistes si l'approvisionnement en \u00e9lectricit\u00e9 est transform\u00e9 en profondeur et rapidement, comme le montre une nouvelle \u00e9tude du consortium Sweet Edge. Il a d\u00e9velopp\u00e9 trois strat\u00e9gies pour couvrir les besoins en \u00e9lectricit\u00e9 tout en cr\u00e9ant plusieurs milliers d'emplois dans le domaine des \u00e9nergies renouvelables. Le consortium r\u00e9unit des chercheurs des universit\u00e9s de Gen\u00e8ve et de Berne, de l'EPFL et de l'ETH Zurich ainsi que d'autres partenaires.<\/p>","protected":false},"author":58,"featured_media":24205,"comment_status":"closed","ping_status":"closed","sticky":false,"template":"","format":"standard","meta":{"_acf_changed":false,"_yoast_wpseo_focuskw":"\u00d6kostrom","_yoast_wpseo_metadesc":"Sweet Edge-Konsortium hat drei Strategien entwickelt, um den Strombedarf zu decken und dabei mehrere tausend Arbeitspl\u00e4tze im Bereich erneuerbarer Energien zu schaffen.","articlekey":"","footnotes":""},"categories":[580],"tags":[1866,424,458,459,2246],"class_list":["post-24201","post","type-post","status-publish","format-standard","has-post-thumbnail","hentry","category-sustainability","tag-oekostrom","tag-schweiz","tag-strategie","tag-studie","tag-sustainability"],"acf":[],"yoast_head":"<!-- This site is optimized with the Yoast SEO plugin v27.4 - https:\/\/yoast.com\/product\/yoast-seo-wordpress\/ -->\n<title>Drei Strategien zur F\u00f6rderung von \u00d6kostrom in der Schweiz - Organisator<\/title>\n<meta name=\"description\" content=\"Sweet Edge-Konsortium hat drei Strategien entwickelt, um den Strombedarf zu decken und dabei mehrere tausend Arbeitspl\u00e4tze im Bereich erneuerbarer Energien zu schaffen.\" \/>\n<meta name=\"robots\" content=\"index, follow, max-snippet:-1, max-image-preview:large, max-video-preview:-1\" \/>\n<link rel=\"canonical\" href=\"https:\/\/www.organisator.ch\/fr\/sustainability\/2024-01-12\/drei-strategien-zur-foerderung-von-oekostrom-in-der-schweiz\/\" \/>\n<meta property=\"og:locale\" content=\"fr_FR\" \/>\n<meta property=\"og:type\" content=\"article\" \/>\n<meta property=\"og:title\" content=\"Drei Strategien zur F\u00f6rderung von \u00d6kostrom in der Schweiz\" \/>\n<meta property=\"og:description\" content=\"Sweet Edge-Konsortium hat drei Strategien entwickelt, um den Strombedarf zu decken und dabei mehrere tausend Arbeitspl\u00e4tze im Bereich erneuerbarer Energien zu schaffen.\" \/>\n<meta property=\"og:url\" content=\"https:\/\/www.organisator.ch\/fr\/sustainability\/2024-01-12\/drei-strategien-zur-foerderung-von-oekostrom-in-der-schweiz\/\" \/>\n<meta property=\"og:site_name\" content=\"Organisator\" \/>\n<meta property=\"article:publisher\" content=\"https:\/\/www.facebook.com\/OrganisatorFachmagazin\" \/>\n<meta property=\"article:published_time\" content=\"2024-01-12T05:23:54+00:00\" \/>\n<meta property=\"article:modified_time\" content=\"2024-01-12T06:06:25+00:00\" \/>\n<meta property=\"og:image\" content=\"https:\/\/www.organisator.ch\/wp-content\/uploads\/2024\/01\/Oekostrom_Bild1_ps.jpg\" \/>\n\t<meta property=\"og:image:width\" content=\"680\" \/>\n\t<meta property=\"og:image:height\" content=\"510\" \/>\n\t<meta property=\"og:image:type\" content=\"image\/jpeg\" \/>\n<meta name=\"author\" content=\"Adelisa Kalajdzini\" \/>\n<meta name=\"twitter:card\" content=\"summary_large_image\" \/>\n<meta name=\"twitter:title\" content=\"Drei Strategien zur F\u00f6rderung von \u00d6kostrom in der Schweiz\" \/>\n<meta name=\"twitter:description\" content=\"#Sweet Edge-Konsortium hat drei #Strategien entwickelt, um den Strombedarf zu decken und dabei mehrere tausend #Arbeitspl\u00e4tze im Bereich erneuerbarer #Energien zu schaffen.\" \/>\n<meta name=\"twitter:image\" content=\"https:\/\/www.organisator.ch\/wp-content\/uploads\/2024\/01\/Oekostrom_Bild1_ps.jpg\" \/>\n<script type=\"application\/ld+json\" class=\"yoast-schema-graph\">{\"@context\":\"https:\\\/\\\/schema.org\",\"@graph\":[{\"@type\":\"Article\",\"@id\":\"https:\\\/\\\/www.organisator.ch\\\/sustainability\\\/2024-01-12\\\/drei-strategien-zur-foerderung-von-oekostrom-in-der-schweiz\\\/#article\",\"isPartOf\":{\"@id\":\"https:\\\/\\\/www.organisator.ch\\\/sustainability\\\/2024-01-12\\\/drei-strategien-zur-foerderung-von-oekostrom-in-der-schweiz\\\/\"},\"author\":{\"name\":\"Adelisa Kalajdzini\",\"@id\":\"https:\\\/\\\/www.organisator.ch\\\/#\\\/schema\\\/person\\\/2e1314a2172123f874db408d8911d3f3\"},\"headline\":\"Drei Strategien zur F\u00f6rderung von \u00d6kostrom in der Schweiz\",\"datePublished\":\"2024-01-12T05:23:54+00:00\",\"dateModified\":\"2024-01-12T06:06:25+00:00\",\"mainEntityOfPage\":{\"@id\":\"https:\\\/\\\/www.organisator.ch\\\/sustainability\\\/2024-01-12\\\/drei-strategien-zur-foerderung-von-oekostrom-in-der-schweiz\\\/\"},\"wordCount\":924,\"publisher\":{\"@id\":\"https:\\\/\\\/www.organisator.ch\\\/#organization\"},\"image\":{\"@id\":\"https:\\\/\\\/www.organisator.ch\\\/sustainability\\\/2024-01-12\\\/drei-strategien-zur-foerderung-von-oekostrom-in-der-schweiz\\\/#primaryimage\"},\"thumbnailUrl\":\"https:\\\/\\\/www.organisator.ch\\\/wp-content\\\/uploads\\\/2024\\\/01\\\/Oekostrom_Bild1_ps.jpg\",\"keywords\":[\"\u00d6kostrom\",\"Schweiz\",\"Strategie\",\"Studie\",\"Sustainability\"],\"articleSection\":[\"SUSTAINABILITY\"],\"inLanguage\":\"fr-FR\"},{\"@type\":\"WebPage\",\"@id\":\"https:\\\/\\\/www.organisator.ch\\\/sustainability\\\/2024-01-12\\\/drei-strategien-zur-foerderung-von-oekostrom-in-der-schweiz\\\/\",\"url\":\"https:\\\/\\\/www.organisator.ch\\\/sustainability\\\/2024-01-12\\\/drei-strategien-zur-foerderung-von-oekostrom-in-der-schweiz\\\/\",\"name\":\"Drei Strategien zur F\u00f6rderung von \u00d6kostrom in der Schweiz - Organisator\",\"isPartOf\":{\"@id\":\"https:\\\/\\\/www.organisator.ch\\\/#website\"},\"primaryImageOfPage\":{\"@id\":\"https:\\\/\\\/www.organisator.ch\\\/sustainability\\\/2024-01-12\\\/drei-strategien-zur-foerderung-von-oekostrom-in-der-schweiz\\\/#primaryimage\"},\"image\":{\"@id\":\"https:\\\/\\\/www.organisator.ch\\\/sustainability\\\/2024-01-12\\\/drei-strategien-zur-foerderung-von-oekostrom-in-der-schweiz\\\/#primaryimage\"},\"thumbnailUrl\":\"https:\\\/\\\/www.organisator.ch\\\/wp-content\\\/uploads\\\/2024\\\/01\\\/Oekostrom_Bild1_ps.jpg\",\"datePublished\":\"2024-01-12T05:23:54+00:00\",\"dateModified\":\"2024-01-12T06:06:25+00:00\",\"description\":\"Sweet Edge-Konsortium hat drei Strategien entwickelt, um den Strombedarf zu decken und dabei mehrere tausend Arbeitspl\u00e4tze im Bereich erneuerbarer Energien zu schaffen.\",\"breadcrumb\":{\"@id\":\"https:\\\/\\\/www.organisator.ch\\\/sustainability\\\/2024-01-12\\\/drei-strategien-zur-foerderung-von-oekostrom-in-der-schweiz\\\/#breadcrumb\"},\"inLanguage\":\"fr-FR\",\"potentialAction\":[{\"@type\":\"ReadAction\",\"target\":[\"https:\\\/\\\/www.organisator.ch\\\/sustainability\\\/2024-01-12\\\/drei-strategien-zur-foerderung-von-oekostrom-in-der-schweiz\\\/\"]}]},{\"@type\":\"ImageObject\",\"inLanguage\":\"fr-FR\",\"@id\":\"https:\\\/\\\/www.organisator.ch\\\/sustainability\\\/2024-01-12\\\/drei-strategien-zur-foerderung-von-oekostrom-in-der-schweiz\\\/#primaryimage\",\"url\":\"https:\\\/\\\/www.organisator.ch\\\/wp-content\\\/uploads\\\/2024\\\/01\\\/Oekostrom_Bild1_ps.jpg\",\"contentUrl\":\"https:\\\/\\\/www.organisator.ch\\\/wp-content\\\/uploads\\\/2024\\\/01\\\/Oekostrom_Bild1_ps.jpg\",\"width\":680,\"height\":510,\"caption\":\"Sweet Edge-Konsortium hat drei Strategien entwickelt, um den Strombedarf zu decken und dabei mehrere tausend Arbeitspl\u00e4tze im Bereich erneuerbarer Energien zu schaffen. (Bild: www.pixabay.com)\"},{\"@type\":\"BreadcrumbList\",\"@id\":\"https:\\\/\\\/www.organisator.ch\\\/sustainability\\\/2024-01-12\\\/drei-strategien-zur-foerderung-von-oekostrom-in-der-schweiz\\\/#breadcrumb\",\"itemListElement\":[{\"@type\":\"ListItem\",\"position\":1,\"name\":\"Home\",\"item\":\"https:\\\/\\\/www.organisator.ch\\\/\"},{\"@type\":\"ListItem\",\"position\":2,\"name\":\"Drei Strategien zur F\u00f6rderung von \u00d6kostrom in der Schweiz\"}]},{\"@type\":\"WebSite\",\"@id\":\"https:\\\/\\\/www.organisator.ch\\\/#website\",\"url\":\"https:\\\/\\\/www.organisator.ch\\\/\",\"name\":\"Organisator\",\"description\":\"Kompetent. Praxisnah. Der ORGANISATOR bereitet in 10 Ausgaben pro Jahr die wesentlichen Themen f\u00fcr F\u00fchrungskr\u00e4fte von KMU auf.\",\"publisher\":{\"@id\":\"https:\\\/\\\/www.organisator.ch\\\/#organization\"},\"potentialAction\":[{\"@type\":\"SearchAction\",\"target\":{\"@type\":\"EntryPoint\",\"urlTemplate\":\"https:\\\/\\\/www.organisator.ch\\\/?s={search_term_string}\"},\"query-input\":{\"@type\":\"PropertyValueSpecification\",\"valueRequired\":true,\"valueName\":\"search_term_string\"}}],\"inLanguage\":\"fr-FR\"},{\"@type\":\"Organization\",\"@id\":\"https:\\\/\\\/www.organisator.ch\\\/#organization\",\"name\":\"Organisator\",\"url\":\"https:\\\/\\\/www.organisator.ch\\\/\",\"logo\":{\"@type\":\"ImageObject\",\"inLanguage\":\"fr-FR\",\"@id\":\"https:\\\/\\\/www.organisator.ch\\\/#\\\/schema\\\/logo\\\/image\\\/\",\"url\":\"https:\\\/\\\/www.organisator.ch\\\/wp-content\\\/uploads\\\/2022\\\/01\\\/Logo_Organisator_Website.png\",\"contentUrl\":\"https:\\\/\\\/www.organisator.ch\\\/wp-content\\\/uploads\\\/2022\\\/01\\\/Logo_Organisator_Website.png\",\"width\":800,\"height\":77,\"caption\":\"Organisator\"},\"image\":{\"@id\":\"https:\\\/\\\/www.organisator.ch\\\/#\\\/schema\\\/logo\\\/image\\\/\"},\"sameAs\":[\"https:\\\/\\\/www.facebook.com\\\/OrganisatorFachmagazin\",\"https:\\\/\\\/www.linkedin.com\\\/showcase\\\/organisator-das-magazin-fr-kmu\",\"https:\\\/\\\/www.xing.com\\\/news\\\/pages\\\/organisator-ch-695\",\"https:\\\/\\\/www.youtube.com\\\/channel\\\/UCGP2Sq0iWaZwT3BdIAQFYpw\"]},{\"@type\":\"Person\",\"@id\":\"https:\\\/\\\/www.organisator.ch\\\/#\\\/schema\\\/person\\\/2e1314a2172123f874db408d8911d3f3\",\"name\":\"Adelisa Kalajdzini\",\"image\":{\"@type\":\"ImageObject\",\"inLanguage\":\"fr-FR\",\"@id\":\"https:\\\/\\\/secure.gravatar.com\\\/avatar\\\/09a397c22ac58cad6f160ee8306348599df9df58a8ede73696226897b9fa4b24?s=96&d=mm&r=g\",\"url\":\"https:\\\/\\\/secure.gravatar.com\\\/avatar\\\/09a397c22ac58cad6f160ee8306348599df9df58a8ede73696226897b9fa4b24?s=96&d=mm&r=g\",\"contentUrl\":\"https:\\\/\\\/secure.gravatar.com\\\/avatar\\\/09a397c22ac58cad6f160ee8306348599df9df58a8ede73696226897b9fa4b24?s=96&d=mm&r=g\",\"caption\":\"Adelisa Kalajdzini\"},\"url\":\"https:\\\/\\\/www.organisator.ch\\\/fr\\\/author\\\/adelisa-kalajdzini\\\/\"}]}<\/script>\n<!-- \/ Yoast SEO plugin. -->","yoast_head_json":{"title":"Trois strat\u00e9gies pour promouvoir l'\u00e9lectricit\u00e9 verte en Suisse - Organisateur","description":"Le consortium Sweet Edge a mis au point trois strat\u00e9gies pour r\u00e9pondre \u00e0 la demande d'\u00e9lectricit\u00e9 tout en cr\u00e9ant plusieurs milliers d'emplois dans le secteur des \u00e9nergies renouvelables.","robots":{"index":"index","follow":"follow","max-snippet":"max-snippet:-1","max-image-preview":"max-image-preview:large","max-video-preview":"max-video-preview:-1"},"canonical":"https:\/\/www.organisator.ch\/fr\/sustainability\/2024-01-12\/drei-strategien-zur-foerderung-von-oekostrom-in-der-schweiz\/","og_locale":"fr_FR","og_type":"article","og_title":"Drei Strategien zur F\u00f6rderung von \u00d6kostrom in der Schweiz","og_description":"Sweet Edge-Konsortium hat drei Strategien entwickelt, um den Strombedarf zu decken und dabei mehrere tausend Arbeitspl\u00e4tze im Bereich erneuerbarer Energien zu schaffen.","og_url":"https:\/\/www.organisator.ch\/fr\/sustainability\/2024-01-12\/drei-strategien-zur-foerderung-von-oekostrom-in-der-schweiz\/","og_site_name":"Organisator","article_publisher":"https:\/\/www.facebook.com\/OrganisatorFachmagazin","article_published_time":"2024-01-12T05:23:54+00:00","article_modified_time":"2024-01-12T06:06:25+00:00","og_image":[{"width":680,"height":510,"url":"https:\/\/www.organisator.ch\/wp-content\/uploads\/2024\/01\/Oekostrom_Bild1_ps.jpg","type":"image\/jpeg"}],"author":"Adelisa Kalajdzini","twitter_card":"summary_large_image","twitter_title":"Drei Strategien zur F\u00f6rderung von \u00d6kostrom in der Schweiz","twitter_description":"#Sweet Edge-Konsortium hat drei #Strategien entwickelt, um den Strombedarf zu decken und dabei mehrere tausend #Arbeitspl\u00e4tze im Bereich erneuerbarer #Energien zu schaffen.","twitter_image":"https:\/\/www.organisator.ch\/wp-content\/uploads\/2024\/01\/Oekostrom_Bild1_ps.jpg","schema":{"@context":"https:\/\/schema.org","@graph":[{"@type":"Article","@id":"https:\/\/www.organisator.ch\/sustainability\/2024-01-12\/drei-strategien-zur-foerderung-von-oekostrom-in-der-schweiz\/#article","isPartOf":{"@id":"https:\/\/www.organisator.ch\/sustainability\/2024-01-12\/drei-strategien-zur-foerderung-von-oekostrom-in-der-schweiz\/"},"author":{"name":"Adelisa Kalajdzini","@id":"https:\/\/www.organisator.ch\/#\/schema\/person\/2e1314a2172123f874db408d8911d3f3"},"headline":"Drei Strategien zur F\u00f6rderung von \u00d6kostrom in der Schweiz","datePublished":"2024-01-12T05:23:54+00:00","dateModified":"2024-01-12T06:06:25+00:00","mainEntityOfPage":{"@id":"https:\/\/www.organisator.ch\/sustainability\/2024-01-12\/drei-strategien-zur-foerderung-von-oekostrom-in-der-schweiz\/"},"wordCount":924,"publisher":{"@id":"https:\/\/www.organisator.ch\/#organization"},"image":{"@id":"https:\/\/www.organisator.ch\/sustainability\/2024-01-12\/drei-strategien-zur-foerderung-von-oekostrom-in-der-schweiz\/#primaryimage"},"thumbnailUrl":"https:\/\/www.organisator.ch\/wp-content\/uploads\/2024\/01\/Oekostrom_Bild1_ps.jpg","keywords":["\u00d6kostrom","Schweiz","Strategie","Studie","Sustainability"],"articleSection":["SUSTAINABILITY"],"inLanguage":"fr-FR"},{"@type":"WebPage","@id":"https:\/\/www.organisator.ch\/sustainability\/2024-01-12\/drei-strategien-zur-foerderung-von-oekostrom-in-der-schweiz\/","url":"https:\/\/www.organisator.ch\/sustainability\/2024-01-12\/drei-strategien-zur-foerderung-von-oekostrom-in-der-schweiz\/","name":"Trois strat\u00e9gies pour promouvoir l'\u00e9lectricit\u00e9 verte en Suisse - Organisateur","isPartOf":{"@id":"https:\/\/www.organisator.ch\/#website"},"primaryImageOfPage":{"@id":"https:\/\/www.organisator.ch\/sustainability\/2024-01-12\/drei-strategien-zur-foerderung-von-oekostrom-in-der-schweiz\/#primaryimage"},"image":{"@id":"https:\/\/www.organisator.ch\/sustainability\/2024-01-12\/drei-strategien-zur-foerderung-von-oekostrom-in-der-schweiz\/#primaryimage"},"thumbnailUrl":"https:\/\/www.organisator.ch\/wp-content\/uploads\/2024\/01\/Oekostrom_Bild1_ps.jpg","datePublished":"2024-01-12T05:23:54+00:00","dateModified":"2024-01-12T06:06:25+00:00","description":"Le consortium Sweet Edge a mis au point trois strat\u00e9gies pour r\u00e9pondre \u00e0 la demande d'\u00e9lectricit\u00e9 tout en cr\u00e9ant plusieurs milliers d'emplois dans le secteur des \u00e9nergies renouvelables.","breadcrumb":{"@id":"https:\/\/www.organisator.ch\/sustainability\/2024-01-12\/drei-strategien-zur-foerderung-von-oekostrom-in-der-schweiz\/#breadcrumb"},"inLanguage":"fr-FR","potentialAction":[{"@type":"ReadAction","target":["https:\/\/www.organisator.ch\/sustainability\/2024-01-12\/drei-strategien-zur-foerderung-von-oekostrom-in-der-schweiz\/"]}]},{"@type":"ImageObject","inLanguage":"fr-FR","@id":"https:\/\/www.organisator.ch\/sustainability\/2024-01-12\/drei-strategien-zur-foerderung-von-oekostrom-in-der-schweiz\/#primaryimage","url":"https:\/\/www.organisator.ch\/wp-content\/uploads\/2024\/01\/Oekostrom_Bild1_ps.jpg","contentUrl":"https:\/\/www.organisator.ch\/wp-content\/uploads\/2024\/01\/Oekostrom_Bild1_ps.jpg","width":680,"height":510,"caption":"Sweet Edge-Konsortium hat drei Strategien entwickelt, um den Strombedarf zu decken und dabei mehrere tausend Arbeitspl\u00e4tze im Bereich erneuerbarer Energien zu schaffen. (Bild: www.pixabay.com)"},{"@type":"BreadcrumbList","@id":"https:\/\/www.organisator.ch\/sustainability\/2024-01-12\/drei-strategien-zur-foerderung-von-oekostrom-in-der-schweiz\/#breadcrumb","itemListElement":[{"@type":"ListItem","position":1,"name":"Home","item":"https:\/\/www.organisator.ch\/"},{"@type":"ListItem","position":2,"name":"Drei Strategien zur F\u00f6rderung von \u00d6kostrom in der Schweiz"}]},{"@type":"WebSite","@id":"https:\/\/www.organisator.ch\/#website","url":"https:\/\/www.organisator.ch\/","name":"Organisateur","description":"Comp\u00e9tence et comp\u00e9tence. Proches de la pratique. L'ORGANISATEUR pr\u00e9pare 10 num\u00e9ros par an sur les th\u00e8mes essentiels pour les dirigeants de PME.","publisher":{"@id":"https:\/\/www.organisator.ch\/#organization"},"potentialAction":[{"@type":"SearchAction","target":{"@type":"EntryPoint","urlTemplate":"https:\/\/www.organisator.ch\/?s={search_term_string}"},"query-input":{"@type":"PropertyValueSpecification","valueRequired":true,"valueName":"search_term_string"}}],"inLanguage":"fr-FR"},{"@type":"Organization","@id":"https:\/\/www.organisator.ch\/#organization","name":"Organisateur","url":"https:\/\/www.organisator.ch\/","logo":{"@type":"ImageObject","inLanguage":"fr-FR","@id":"https:\/\/www.organisator.ch\/#\/schema\/logo\/image\/","url":"https:\/\/www.organisator.ch\/wp-content\/uploads\/2022\/01\/Logo_Organisator_Website.png","contentUrl":"https:\/\/www.organisator.ch\/wp-content\/uploads\/2022\/01\/Logo_Organisator_Website.png","width":800,"height":77,"caption":"Organisator"},"image":{"@id":"https:\/\/www.organisator.ch\/#\/schema\/logo\/image\/"},"sameAs":["https:\/\/www.facebook.com\/OrganisatorFachmagazin","https:\/\/www.linkedin.com\/showcase\/organisator-das-magazin-fr-kmu","https:\/\/www.xing.com\/news\/pages\/organisator-ch-695","https:\/\/www.youtube.com\/channel\/UCGP2Sq0iWaZwT3BdIAQFYpw"]},{"@type":"Person","@id":"https:\/\/www.organisator.ch\/#\/schema\/person\/2e1314a2172123f874db408d8911d3f3","name":"Adelisa Kalajdzini","image":{"@type":"ImageObject","inLanguage":"fr-FR","@id":"https:\/\/secure.gravatar.com\/avatar\/09a397c22ac58cad6f160ee8306348599df9df58a8ede73696226897b9fa4b24?s=96&d=mm&r=g","url":"https:\/\/secure.gravatar.com\/avatar\/09a397c22ac58cad6f160ee8306348599df9df58a8ede73696226897b9fa4b24?s=96&d=mm&r=g","contentUrl":"https:\/\/secure.gravatar.com\/avatar\/09a397c22ac58cad6f160ee8306348599df9df58a8ede73696226897b9fa4b24?s=96&d=mm&r=g","caption":"Adelisa Kalajdzini"},"url":"https:\/\/www.organisator.ch\/fr\/author\/adelisa-kalajdzini\/"}]}},"_links":{"self":[{"href":"https:\/\/www.organisator.ch\/fr\/wp-json\/wp\/v2\/posts\/24201","targetHints":{"allow":["GET"]}}],"collection":[{"href":"https:\/\/www.organisator.ch\/fr\/wp-json\/wp\/v2\/posts"}],"about":[{"href":"https:\/\/www.organisator.ch\/fr\/wp-json\/wp\/v2\/types\/post"}],"author":[{"embeddable":true,"href":"https:\/\/www.organisator.ch\/fr\/wp-json\/wp\/v2\/users\/58"}],"replies":[{"embeddable":true,"href":"https:\/\/www.organisator.ch\/fr\/wp-json\/wp\/v2\/comments?post=24201"}],"version-history":[{"count":11,"href":"https:\/\/www.organisator.ch\/fr\/wp-json\/wp\/v2\/posts\/24201\/revisions"}],"predecessor-version":[{"id":24266,"href":"https:\/\/www.organisator.ch\/fr\/wp-json\/wp\/v2\/posts\/24201\/revisions\/24266"}],"wp:featuredmedia":[{"embeddable":true,"href":"https:\/\/www.organisator.ch\/fr\/wp-json\/wp\/v2\/media\/24205"}],"wp:attachment":[{"href":"https:\/\/www.organisator.ch\/fr\/wp-json\/wp\/v2\/media?parent=24201"}],"wp:term":[{"taxonomy":"category","embeddable":true,"href":"https:\/\/www.organisator.ch\/fr\/wp-json\/wp\/v2\/categories?post=24201"},{"taxonomy":"post_tag","embeddable":true,"href":"https:\/\/www.organisator.ch\/fr\/wp-json\/wp\/v2\/tags?post=24201"}],"curies":[{"name":"wp","href":"https:\/\/api.w.org\/{rel}","templated":true}]}}