{"id":24220,"date":"2024-01-11T05:08:20","date_gmt":"2024-01-11T04:08:20","guid":{"rendered":"https:\/\/www.organisator.ch\/?p=24220"},"modified":"2024-01-11T08:20:07","modified_gmt":"2024-01-11T07:20:07","slug":"trends-fuer-die-digitale-landschaft-2024-roger-semprini-von-equinix-wagt-einen-ausblick","status":"publish","type":"post","link":"https:\/\/www.organisator.ch\/fr\/management\/it\/2024-01-11\/trends-fuer-die-digitale-landschaft-2024-roger-semprini-von-equinix-wagt-einen-ausblick\/","title":{"rendered":"Tendances du paysage num\u00e9rique en 2024 : Roger Semprini d'Equinix ose un regard prospectif"},"content":{"rendered":"<figure id=\"attachment_24221\" class=\"wp-caption alignnone\" style=\"width: 680px;\" aria-describedby=\"caption-attachment-24221\"><img class=\"size-full wp-image-24221\" src=\"https:\/\/www.organisator.ch\/wp-content\/uploads\/2024\/01\/Trends-fuer-die-digitale-Landschaft-2024-Roger-Semprini-von-Equinix-wagt-einen-Ausblick_Organisator.jpg\" sizes=\"(max-width: 680px) 100vw, 680px\" srcset=\"https:\/\/www.organisator.ch\/wp-content\/uploads\/2024\/01\/Trends-fuer-die-digitale-Landschaft-2024-Roger-Semprini-von-Equinix-wagt-einen-Ausblick_Organisator.jpg 680w, https:\/\/www.organisator.ch\/wp-content\/uploads\/2024\/01\/Trends-fuer-die-digitale-Landschaft-2024-Roger-Semprini-von-Equinix-wagt-einen-Ausblick_Organisator-16x12.jpg 16w, https:\/\/www.organisator.ch\/wp-content\/uploads\/2024\/01\/Trends-fuer-die-digitale-Landschaft-2024-Roger-Semprini-von-Equinix-wagt-einen-Ausblick_Organisator-375x281.jpg 375w, https:\/\/www.organisator.ch\/wp-content\/uploads\/2024\/01\/Trends-fuer-die-digitale-Landschaft-2024-Roger-Semprini-von-Equinix-wagt-einen-Ausblick_Organisator-467x350.jpg 467w\" alt=\"\" width=\"680\" height=\"510\" \/>\r\n<figcaption id=\"caption-attachment-24221\" class=\"wp-caption-text\">Roger Semprini, Managing Director d'Equinix Suisse, voit plusieurs tendances qui marqueront le paysage num\u00e9rique suisse en 2024. (Image : Equinix)<\/figcaption>\r\n<\/figure>\r\n<p>Quelles seront les tendances qui influenceront le paysage num\u00e9rique en Suisse en 2024 ? Roger Semprini, Managing Director d'Equinix en Suisse, s'est fait une id\u00e9e \u00e0 ce sujet. L'entreprise am\u00e9ricaine propose des services de datacenter et d'interconnexion ind\u00e9pendants des op\u00e9rateurs de r\u00e9seau et exploite plusieurs datacentres dans notre pays.<\/p>\r\n<h3>Le souhait de Roger Semprini pour l'IA : \"Efficace, digne de confiance et durable\".<\/h3>\r\n<p>Les architectures d'IA actuelles reposent sur l'analyse d'\u00e9normes quantit\u00e9s de donn\u00e9es - un processus qui n\u00e9cessite beaucoup de ressources et qui peut difficilement \u00eatre maintenu \u00e0 grande \u00e9chelle. \"Nous nous attendons \u00e0 ce que les futures architectures d'IA ne soient pas pilot\u00e9es par les donn\u00e9es (data-driven), mais bas\u00e9es sur les donn\u00e9es (data-informed). Cela signifie qu'elles seront capables de combiner la reconnaissance des formes avec l'intuition humaine. Ces mod\u00e8les seront en mesure de fournir des r\u00e9sultats plus pr\u00e9cis tout en consommant moins de cycles de calcul\", explique Roger Semprini. Un autre d\u00e9fi r\u00e9side dans le fait que de nombreuses personnes ne sont pas en mesure d'expliquer comment les syst\u00e8mes d'IA parviennent \u00e0 une r\u00e9ponse donn\u00e9e, poursuit-il. \"Cela doit changer avant que l'acceptation de l'IA puisse augmenter. Les algorithmes d'IA doivent pouvoir \u00eatre expliqu\u00e9s pour qu'on puisse leur faire confiance\".<\/p>\r\n<p>Et d'ajouter : \"Nous nous attendons \u00e0 ce que les gouvernements jouent un r\u00f4le dans l'introduction d'une IA digne de confiance. Je pense que nous verrons des lois plus strictes sur ce que les syst\u00e8mes d'IA peuvent ou ne peuvent pas faire, et les gouvernements d\u00e9velopperont leurs propres mod\u00e8les d'IA pour aider \u00e0 surveiller et \u00e0 appliquer ces r\u00e8gles. Un domaine \u00e0 surveiller est celui des r\u00e8gles de confidentialit\u00e9 et de souverainet\u00e9 li\u00e9es \u00e0 l'IA. Aujourd'hui, il existe peu de restrictions sur la mani\u00e8re dont les mod\u00e8les d'IA utilisent les donn\u00e9es. Je pars du principe que cela doit changer\".<\/p>\r\n<h3>La durabilit\u00e9, un th\u00e8me central<\/h3>\r\n<p>Selon Roger Semprini, on ne pourra plus \u00e9viter le th\u00e8me de la \"durabilit\u00e9\" en 2024. \"Je pense qu'une entreprise sans strat\u00e9gie de durabilit\u00e9 est une entreprise sans avenir. La question est de savoir \u00e0 quoi doit ressembler cette strat\u00e9gie de durabilit\u00e9. D'une mani\u00e8re g\u00e9n\u00e9rale, je pense que le secteur des infrastructures num\u00e9riques doit privil\u00e9gier une vision globale de la durabilit\u00e9, tout en planifiant et en construisant localement et en tenant compte des pr\u00e9occupations mat\u00e9rielles r\u00e9gionales. Les entreprises de datacentre en Europe font avancer les initiatives dans le cadre du Pacte europ\u00e9en pour des datacentres climatiquement neutres, dont Equinix est l'un des membres fondateurs\".<\/p>\r\n<p>Selon Roger Semprini, les investissements vont continuer \u00e0 augmenter, car le secteur s'efforce de devenir neutre en carbone d'ici 2030. Equinix affirme que 96 % de ses datacenters dans le monde fonctionnent d\u00e9j\u00e0 avec des \u00e9nergies renouvelables. Et l\u00e0 aussi, l'IA rend des services utiles. Ainsi, Equinix utilise l'intelligence artificielle pour augmenter l'efficacit\u00e9 \u00e9nerg\u00e9tique de son datacentre de Francfort jusqu'\u00e0 9% : le syst\u00e8me de refroidissement bas\u00e9 sur l'IA que l'entreprise a mis en place dans le datacentre FR6 en collaboration avec la start-up Energy Intelligence etalytics a eu un impact significatif sur son bilan CO2 et a permis d'augmenter l'efficacit\u00e9 \u00e9nerg\u00e9tique de l'infrastructure du datacentre jusqu'\u00e0 9%.<\/p>\r\n<h3>L'\u00e8re de l'informatique quantique commence<\/h3>\r\n<p>Une autre <a href=\"https:\/\/www.jeko.com\/?p=19293\" rel=\"noopener\">la coop\u00e9ration r\u00e9cemment annonc\u00e9e entre Equinix et Alice &amp; Bob<\/a> aide les entreprises en Suisse \u00e0 entrer dans l'\u00e8re de l'informatique quantique, rapporte Roger Semprini. Gr\u00e2ce \u00e0 cette collaboration, les clients d'Equinix du monde entier b\u00e9n\u00e9ficient d'un acc\u00e8s s\u00e9curis\u00e9 \u00e0 la technologie quantique d'Alice &amp; Bob via Equinix Metal et Equinix Fabric, ainsi que des services de strat\u00e9gie quantique d'Alice &amp; Bob pour les entreprises. \"L'ann\u00e9e prochaine, les datacentres continueront \u00e0 \u00eatre d'une importance syst\u00e9mique en tant qu'infrastructure physique. L'\u00e9conomie ne pourrait pas fonctionner un seul jour sans les datacentres. Un jour sans centres de donn\u00e9es bouleverserait vraiment notre vie num\u00e9riquement connect\u00e9e. C'est pourquoi nous ferons tout pour continuer \u00e0 fournir nos services habituels en 2024\", conclut Semprini.<\/p>\r\n<p><em>Source : <a href=\"https:\/\/de.equinix.ch\/\">Equinix<\/a><\/em><\/p>","protected":false},"excerpt":{"rendered":"<p>L'ann\u00e9e 2023 fait d\u00e9sormais partie du pass\u00e9. Pour la nouvelle ann\u00e9e, Roger Semprini, Managing Director de l'op\u00e9rateur de datacenters Equinix en Suisse, se projette dans un avenir proche.<\/p>","protected":false},"author":4,"featured_media":24221,"comment_status":"closed","ping_status":"closed","sticky":false,"template":"","format":"standard","meta":{"_acf_changed":false,"_yoast_wpseo_focuskw":"Roger Semprini","_yoast_wpseo_metadesc":"F\u00fcr 2024 wagt Roger Semprini, Managing Director des Rechen- und Datacenter-Betreibers Equinix, einen Blick in die n\u00e4here Zukunft.","articlekey":"","footnotes":""},"categories":[27],"tags":[156,319,358,2660,4059],"class_list":["post-24220","post","type-post","status-publish","format-standard","has-post-thumbnail","hentry","category-it","tag-digitalisierung","tag-kuenstliche-intelligenz","tag-nachhaltige-wirtschaft","tag-rechenzentren","tag-trends-2024"],"acf":[],"yoast_head":"<!-- This site is optimized with the Yoast SEO plugin v27.4 - https:\/\/yoast.com\/product\/yoast-seo-wordpress\/ -->\n<title>Trends f\u00fcr die digitale Landschaft 2024: Roger Semprini von Equinix wagt einen Ausblick - Organisator<\/title>\n<meta name=\"description\" content=\"F\u00fcr 2024 wagt Roger Semprini, Managing Director des Rechen- und Datacenter-Betreibers Equinix, einen Blick in die n\u00e4here Zukunft.\" \/>\n<meta name=\"robots\" content=\"index, follow, max-snippet:-1, max-image-preview:large, max-video-preview:-1\" \/>\n<link rel=\"canonical\" href=\"https:\/\/www.organisator.ch\/fr\/gestion-2\/it\/2024-01-11\/trends-fuer-die-digitale-landschaft-2024-roger-semprini-von-equinix-wagt-einen-ausblick\/\" \/>\n<meta property=\"og:locale\" content=\"fr_FR\" \/>\n<meta property=\"og:type\" content=\"article\" \/>\n<meta property=\"og:title\" content=\"Trends f\u00fcr die digitale Landschaft 2024: Roger Semprini von Equinix wagt einen Ausblick\" \/>\n<meta property=\"og:description\" content=\"F\u00fcr 2024 wagt Roger Semprini, Managing Director des Rechen- und Datacenter-Betreibers Equinix, einen Blick in die n\u00e4here Zukunft.\" \/>\n<meta property=\"og:url\" content=\"https:\/\/www.organisator.ch\/fr\/gestion-2\/it\/2024-01-11\/trends-fuer-die-digitale-landschaft-2024-roger-semprini-von-equinix-wagt-einen-ausblick\/\" \/>\n<meta property=\"og:site_name\" content=\"Organisator\" \/>\n<meta property=\"article:publisher\" content=\"https:\/\/www.facebook.com\/OrganisatorFachmagazin\" \/>\n<meta property=\"article:published_time\" content=\"2024-01-11T04:08:20+00:00\" \/>\n<meta property=\"article:modified_time\" content=\"2024-01-11T07:20:07+00:00\" \/>\n<meta property=\"og:image\" content=\"https:\/\/www.organisator.ch\/wp-content\/uploads\/2024\/01\/Trends-fuer-die-digitale-Landschaft-2024-Roger-Semprini-von-Equinix-wagt-einen-Ausblick_Organisator.jpg\" \/>\n\t<meta property=\"og:image:width\" content=\"680\" \/>\n\t<meta property=\"og:image:height\" content=\"510\" \/>\n\t<meta property=\"og:image:type\" content=\"image\/jpeg\" \/>\n<meta name=\"author\" content=\"thomas.berner\" \/>\n<meta name=\"twitter:card\" content=\"summary_large_image\" \/>\n<meta name=\"twitter:title\" content=\"Trends f\u00fcr die digitale Landschaft 2024: Roger #Semprini von #Equinix wagt einen Ausblick\" \/>\n<meta name=\"twitter:description\" content=\"F\u00fcr 2024 wagt Roger #Semprini, Managing Director des Rechen- und Datacenter-Betreibers #Equinix, einen Blick in die n\u00e4here Zukunft.\" \/>\n<meta name=\"twitter:image\" content=\"https:\/\/www.organisator.ch\/wp-content\/uploads\/2024\/01\/Trends-fuer-die-digitale-Landschaft-2024-Roger-Semprini-von-Equinix-wagt-einen-Ausblick_Organisator.jpg\" \/>\n<script type=\"application\/ld+json\" class=\"yoast-schema-graph\">{\"@context\":\"https:\\\/\\\/schema.org\",\"@graph\":[{\"@type\":\"Article\",\"@id\":\"https:\\\/\\\/www.organisator.ch\\\/management\\\/it\\\/2024-01-11\\\/trends-fuer-die-digitale-landschaft-2024-roger-semprini-von-equinix-wagt-einen-ausblick\\\/#article\",\"isPartOf\":{\"@id\":\"https:\\\/\\\/www.organisator.ch\\\/management\\\/it\\\/2024-01-11\\\/trends-fuer-die-digitale-landschaft-2024-roger-semprini-von-equinix-wagt-einen-ausblick\\\/\"},\"author\":{\"name\":\"thomas.berner\",\"@id\":\"https:\\\/\\\/www.organisator.ch\\\/#\\\/schema\\\/person\\\/6f650f90b2842cd4c0cc334b4e36f67e\"},\"headline\":\"Trends f\u00fcr die digitale Landschaft 2024: Roger Semprini von Equinix wagt einen Ausblick\",\"datePublished\":\"2024-01-11T04:08:20+00:00\",\"dateModified\":\"2024-01-11T07:20:07+00:00\",\"mainEntityOfPage\":{\"@id\":\"https:\\\/\\\/www.organisator.ch\\\/management\\\/it\\\/2024-01-11\\\/trends-fuer-die-digitale-landschaft-2024-roger-semprini-von-equinix-wagt-einen-ausblick\\\/\"},\"wordCount\":607,\"publisher\":{\"@id\":\"https:\\\/\\\/www.organisator.ch\\\/#organization\"},\"image\":{\"@id\":\"https:\\\/\\\/www.organisator.ch\\\/management\\\/it\\\/2024-01-11\\\/trends-fuer-die-digitale-landschaft-2024-roger-semprini-von-equinix-wagt-einen-ausblick\\\/#primaryimage\"},\"thumbnailUrl\":\"https:\\\/\\\/www.organisator.ch\\\/wp-content\\\/uploads\\\/2024\\\/01\\\/Trends-fuer-die-digitale-Landschaft-2024-Roger-Semprini-von-Equinix-wagt-einen-Ausblick_Organisator.jpg\",\"keywords\":[\"Digitalisierung\",\"K\u00fcnstliche Intelligenz\",\"Nachhaltige Wirtschaft\",\"Rechenzentren\",\"Trends 2024\"],\"articleSection\":[\"IT\"],\"inLanguage\":\"fr-FR\"},{\"@type\":\"WebPage\",\"@id\":\"https:\\\/\\\/www.organisator.ch\\\/management\\\/it\\\/2024-01-11\\\/trends-fuer-die-digitale-landschaft-2024-roger-semprini-von-equinix-wagt-einen-ausblick\\\/\",\"url\":\"https:\\\/\\\/www.organisator.ch\\\/management\\\/it\\\/2024-01-11\\\/trends-fuer-die-digitale-landschaft-2024-roger-semprini-von-equinix-wagt-einen-ausblick\\\/\",\"name\":\"Trends f\u00fcr die digitale Landschaft 2024: Roger Semprini von Equinix wagt einen Ausblick - Organisator\",\"isPartOf\":{\"@id\":\"https:\\\/\\\/www.organisator.ch\\\/#website\"},\"primaryImageOfPage\":{\"@id\":\"https:\\\/\\\/www.organisator.ch\\\/management\\\/it\\\/2024-01-11\\\/trends-fuer-die-digitale-landschaft-2024-roger-semprini-von-equinix-wagt-einen-ausblick\\\/#primaryimage\"},\"image\":{\"@id\":\"https:\\\/\\\/www.organisator.ch\\\/management\\\/it\\\/2024-01-11\\\/trends-fuer-die-digitale-landschaft-2024-roger-semprini-von-equinix-wagt-einen-ausblick\\\/#primaryimage\"},\"thumbnailUrl\":\"https:\\\/\\\/www.organisator.ch\\\/wp-content\\\/uploads\\\/2024\\\/01\\\/Trends-fuer-die-digitale-Landschaft-2024-Roger-Semprini-von-Equinix-wagt-einen-Ausblick_Organisator.jpg\",\"datePublished\":\"2024-01-11T04:08:20+00:00\",\"dateModified\":\"2024-01-11T07:20:07+00:00\",\"description\":\"F\u00fcr 2024 wagt Roger Semprini, Managing Director des Rechen- und Datacenter-Betreibers Equinix, einen Blick in die n\u00e4here Zukunft.\",\"breadcrumb\":{\"@id\":\"https:\\\/\\\/www.organisator.ch\\\/management\\\/it\\\/2024-01-11\\\/trends-fuer-die-digitale-landschaft-2024-roger-semprini-von-equinix-wagt-einen-ausblick\\\/#breadcrumb\"},\"inLanguage\":\"fr-FR\",\"potentialAction\":[{\"@type\":\"ReadAction\",\"target\":[\"https:\\\/\\\/www.organisator.ch\\\/management\\\/it\\\/2024-01-11\\\/trends-fuer-die-digitale-landschaft-2024-roger-semprini-von-equinix-wagt-einen-ausblick\\\/\"]}]},{\"@type\":\"ImageObject\",\"inLanguage\":\"fr-FR\",\"@id\":\"https:\\\/\\\/www.organisator.ch\\\/management\\\/it\\\/2024-01-11\\\/trends-fuer-die-digitale-landschaft-2024-roger-semprini-von-equinix-wagt-einen-ausblick\\\/#primaryimage\",\"url\":\"https:\\\/\\\/www.organisator.ch\\\/wp-content\\\/uploads\\\/2024\\\/01\\\/Trends-fuer-die-digitale-Landschaft-2024-Roger-Semprini-von-Equinix-wagt-einen-Ausblick_Organisator.jpg\",\"contentUrl\":\"https:\\\/\\\/www.organisator.ch\\\/wp-content\\\/uploads\\\/2024\\\/01\\\/Trends-fuer-die-digitale-Landschaft-2024-Roger-Semprini-von-Equinix-wagt-einen-Ausblick_Organisator.jpg\",\"width\":680,\"height\":510,\"caption\":\"Roger Semprini, Managing Director von Equinix Schweiz, sieht verschiedene Trends, die die Schweizer digitale Landschaft im Jahr 2024 pr\u00e4gen werden. (Bild: Equinix)\"},{\"@type\":\"BreadcrumbList\",\"@id\":\"https:\\\/\\\/www.organisator.ch\\\/management\\\/it\\\/2024-01-11\\\/trends-fuer-die-digitale-landschaft-2024-roger-semprini-von-equinix-wagt-einen-ausblick\\\/#breadcrumb\",\"itemListElement\":[{\"@type\":\"ListItem\",\"position\":1,\"name\":\"Home\",\"item\":\"https:\\\/\\\/www.organisator.ch\\\/\"},{\"@type\":\"ListItem\",\"position\":2,\"name\":\"Trends f\u00fcr die digitale Landschaft 2024: Roger Semprini von Equinix wagt einen Ausblick\"}]},{\"@type\":\"WebSite\",\"@id\":\"https:\\\/\\\/www.organisator.ch\\\/#website\",\"url\":\"https:\\\/\\\/www.organisator.ch\\\/\",\"name\":\"Organisator\",\"description\":\"Kompetent. Praxisnah. Der ORGANISATOR bereitet in 10 Ausgaben pro Jahr die wesentlichen Themen f\u00fcr F\u00fchrungskr\u00e4fte von KMU auf.\",\"publisher\":{\"@id\":\"https:\\\/\\\/www.organisator.ch\\\/#organization\"},\"potentialAction\":[{\"@type\":\"SearchAction\",\"target\":{\"@type\":\"EntryPoint\",\"urlTemplate\":\"https:\\\/\\\/www.organisator.ch\\\/?s={search_term_string}\"},\"query-input\":{\"@type\":\"PropertyValueSpecification\",\"valueRequired\":true,\"valueName\":\"search_term_string\"}}],\"inLanguage\":\"fr-FR\"},{\"@type\":\"Organization\",\"@id\":\"https:\\\/\\\/www.organisator.ch\\\/#organization\",\"name\":\"Organisator\",\"url\":\"https:\\\/\\\/www.organisator.ch\\\/\",\"logo\":{\"@type\":\"ImageObject\",\"inLanguage\":\"fr-FR\",\"@id\":\"https:\\\/\\\/www.organisator.ch\\\/#\\\/schema\\\/logo\\\/image\\\/\",\"url\":\"https:\\\/\\\/www.organisator.ch\\\/wp-content\\\/uploads\\\/2022\\\/01\\\/Logo_Organisator_Website.png\",\"contentUrl\":\"https:\\\/\\\/www.organisator.ch\\\/wp-content\\\/uploads\\\/2022\\\/01\\\/Logo_Organisator_Website.png\",\"width\":800,\"height\":77,\"caption\":\"Organisator\"},\"image\":{\"@id\":\"https:\\\/\\\/www.organisator.ch\\\/#\\\/schema\\\/logo\\\/image\\\/\"},\"sameAs\":[\"https:\\\/\\\/www.facebook.com\\\/OrganisatorFachmagazin\",\"https:\\\/\\\/www.linkedin.com\\\/showcase\\\/organisator-das-magazin-fr-kmu\",\"https:\\\/\\\/www.xing.com\\\/news\\\/pages\\\/organisator-ch-695\",\"https:\\\/\\\/www.youtube.com\\\/channel\\\/UCGP2Sq0iWaZwT3BdIAQFYpw\"]},{\"@type\":\"Person\",\"@id\":\"https:\\\/\\\/www.organisator.ch\\\/#\\\/schema\\\/person\\\/6f650f90b2842cd4c0cc334b4e36f67e\",\"name\":\"thomas.berner\",\"image\":{\"@type\":\"ImageObject\",\"inLanguage\":\"fr-FR\",\"@id\":\"https:\\\/\\\/secure.gravatar.com\\\/avatar\\\/ac5001d2a36cb6c6cd3e50789007ffca834b477b74a2144564522e944eabff61?s=96&d=mm&r=g\",\"url\":\"https:\\\/\\\/secure.gravatar.com\\\/avatar\\\/ac5001d2a36cb6c6cd3e50789007ffca834b477b74a2144564522e944eabff61?s=96&d=mm&r=g\",\"contentUrl\":\"https:\\\/\\\/secure.gravatar.com\\\/avatar\\\/ac5001d2a36cb6c6cd3e50789007ffca834b477b74a2144564522e944eabff61?s=96&d=mm&r=g\",\"caption\":\"thomas.berner\"},\"url\":\"https:\\\/\\\/www.organisator.ch\\\/fr\\\/author\\\/thomas-berner\\\/\"}]}<\/script>\n<!-- \/ Yoast SEO plugin. -->","yoast_head_json":{"title":"Tendances du paysage num\u00e9rique en 2024 : Roger Semprini d'Equinix ose un regard prospectif - Organisateur","description":"Pour 2024, Roger Semprini, Managing Director de l'op\u00e9rateur de datacenters Equinix, se projette dans un avenir proche.","robots":{"index":"index","follow":"follow","max-snippet":"max-snippet:-1","max-image-preview":"max-image-preview:large","max-video-preview":"max-video-preview:-1"},"canonical":"https:\/\/www.organisator.ch\/fr\/gestion-2\/it\/2024-01-11\/trends-fuer-die-digitale-landschaft-2024-roger-semprini-von-equinix-wagt-einen-ausblick\/","og_locale":"fr_FR","og_type":"article","og_title":"Trends f\u00fcr die digitale Landschaft 2024: Roger Semprini von Equinix wagt einen Ausblick","og_description":"F\u00fcr 2024 wagt Roger Semprini, Managing Director des Rechen- und Datacenter-Betreibers Equinix, einen Blick in die n\u00e4here Zukunft.","og_url":"https:\/\/www.organisator.ch\/fr\/gestion-2\/it\/2024-01-11\/trends-fuer-die-digitale-landschaft-2024-roger-semprini-von-equinix-wagt-einen-ausblick\/","og_site_name":"Organisator","article_publisher":"https:\/\/www.facebook.com\/OrganisatorFachmagazin","article_published_time":"2024-01-11T04:08:20+00:00","article_modified_time":"2024-01-11T07:20:07+00:00","og_image":[{"width":680,"height":510,"url":"https:\/\/www.organisator.ch\/wp-content\/uploads\/2024\/01\/Trends-fuer-die-digitale-Landschaft-2024-Roger-Semprini-von-Equinix-wagt-einen-Ausblick_Organisator.jpg","type":"image\/jpeg"}],"author":"thomas.berner","twitter_card":"summary_large_image","twitter_title":"Trends f\u00fcr die digitale Landschaft 2024: Roger #Semprini von #Equinix wagt einen Ausblick","twitter_description":"F\u00fcr 2024 wagt Roger #Semprini, Managing Director des Rechen- und Datacenter-Betreibers #Equinix, einen Blick in die n\u00e4here Zukunft.","twitter_image":"https:\/\/www.organisator.ch\/wp-content\/uploads\/2024\/01\/Trends-fuer-die-digitale-Landschaft-2024-Roger-Semprini-von-Equinix-wagt-einen-Ausblick_Organisator.jpg","schema":{"@context":"https:\/\/schema.org","@graph":[{"@type":"Article","@id":"https:\/\/www.organisator.ch\/management\/it\/2024-01-11\/trends-fuer-die-digitale-landschaft-2024-roger-semprini-von-equinix-wagt-einen-ausblick\/#article","isPartOf":{"@id":"https:\/\/www.organisator.ch\/management\/it\/2024-01-11\/trends-fuer-die-digitale-landschaft-2024-roger-semprini-von-equinix-wagt-einen-ausblick\/"},"author":{"name":"thomas.berner","@id":"https:\/\/www.organisator.ch\/#\/schema\/person\/6f650f90b2842cd4c0cc334b4e36f67e"},"headline":"Trends f\u00fcr die digitale Landschaft 2024: Roger Semprini von Equinix wagt einen Ausblick","datePublished":"2024-01-11T04:08:20+00:00","dateModified":"2024-01-11T07:20:07+00:00","mainEntityOfPage":{"@id":"https:\/\/www.organisator.ch\/management\/it\/2024-01-11\/trends-fuer-die-digitale-landschaft-2024-roger-semprini-von-equinix-wagt-einen-ausblick\/"},"wordCount":607,"publisher":{"@id":"https:\/\/www.organisator.ch\/#organization"},"image":{"@id":"https:\/\/www.organisator.ch\/management\/it\/2024-01-11\/trends-fuer-die-digitale-landschaft-2024-roger-semprini-von-equinix-wagt-einen-ausblick\/#primaryimage"},"thumbnailUrl":"https:\/\/www.organisator.ch\/wp-content\/uploads\/2024\/01\/Trends-fuer-die-digitale-Landschaft-2024-Roger-Semprini-von-Equinix-wagt-einen-Ausblick_Organisator.jpg","keywords":["Digitalisierung","K\u00fcnstliche Intelligenz","Nachhaltige Wirtschaft","Rechenzentren","Trends 2024"],"articleSection":["IT"],"inLanguage":"fr-FR"},{"@type":"WebPage","@id":"https:\/\/www.organisator.ch\/management\/it\/2024-01-11\/trends-fuer-die-digitale-landschaft-2024-roger-semprini-von-equinix-wagt-einen-ausblick\/","url":"https:\/\/www.organisator.ch\/management\/it\/2024-01-11\/trends-fuer-die-digitale-landschaft-2024-roger-semprini-von-equinix-wagt-einen-ausblick\/","name":"Tendances du paysage num\u00e9rique en 2024 : Roger Semprini d'Equinix ose un regard prospectif - Organisateur","isPartOf":{"@id":"https:\/\/www.organisator.ch\/#website"},"primaryImageOfPage":{"@id":"https:\/\/www.organisator.ch\/management\/it\/2024-01-11\/trends-fuer-die-digitale-landschaft-2024-roger-semprini-von-equinix-wagt-einen-ausblick\/#primaryimage"},"image":{"@id":"https:\/\/www.organisator.ch\/management\/it\/2024-01-11\/trends-fuer-die-digitale-landschaft-2024-roger-semprini-von-equinix-wagt-einen-ausblick\/#primaryimage"},"thumbnailUrl":"https:\/\/www.organisator.ch\/wp-content\/uploads\/2024\/01\/Trends-fuer-die-digitale-Landschaft-2024-Roger-Semprini-von-Equinix-wagt-einen-Ausblick_Organisator.jpg","datePublished":"2024-01-11T04:08:20+00:00","dateModified":"2024-01-11T07:20:07+00:00","description":"Pour 2024, Roger Semprini, Managing Director de l'op\u00e9rateur de datacenters Equinix, se projette dans un avenir proche.","breadcrumb":{"@id":"https:\/\/www.organisator.ch\/management\/it\/2024-01-11\/trends-fuer-die-digitale-landschaft-2024-roger-semprini-von-equinix-wagt-einen-ausblick\/#breadcrumb"},"inLanguage":"fr-FR","potentialAction":[{"@type":"ReadAction","target":["https:\/\/www.organisator.ch\/management\/it\/2024-01-11\/trends-fuer-die-digitale-landschaft-2024-roger-semprini-von-equinix-wagt-einen-ausblick\/"]}]},{"@type":"ImageObject","inLanguage":"fr-FR","@id":"https:\/\/www.organisator.ch\/management\/it\/2024-01-11\/trends-fuer-die-digitale-landschaft-2024-roger-semprini-von-equinix-wagt-einen-ausblick\/#primaryimage","url":"https:\/\/www.organisator.ch\/wp-content\/uploads\/2024\/01\/Trends-fuer-die-digitale-Landschaft-2024-Roger-Semprini-von-Equinix-wagt-einen-Ausblick_Organisator.jpg","contentUrl":"https:\/\/www.organisator.ch\/wp-content\/uploads\/2024\/01\/Trends-fuer-die-digitale-Landschaft-2024-Roger-Semprini-von-Equinix-wagt-einen-Ausblick_Organisator.jpg","width":680,"height":510,"caption":"Roger Semprini, Managing Director von Equinix Schweiz, sieht verschiedene Trends, die die Schweizer digitale Landschaft im Jahr 2024 pr\u00e4gen werden. (Bild: Equinix)"},{"@type":"BreadcrumbList","@id":"https:\/\/www.organisator.ch\/management\/it\/2024-01-11\/trends-fuer-die-digitale-landschaft-2024-roger-semprini-von-equinix-wagt-einen-ausblick\/#breadcrumb","itemListElement":[{"@type":"ListItem","position":1,"name":"Home","item":"https:\/\/www.organisator.ch\/"},{"@type":"ListItem","position":2,"name":"Trends f\u00fcr die digitale Landschaft 2024: Roger Semprini von Equinix wagt einen Ausblick"}]},{"@type":"WebSite","@id":"https:\/\/www.organisator.ch\/#website","url":"https:\/\/www.organisator.ch\/","name":"Organisateur","description":"Comp\u00e9tence et comp\u00e9tence. Proches de la pratique. L'ORGANISATEUR pr\u00e9pare 10 num\u00e9ros par an sur les th\u00e8mes essentiels pour les dirigeants de PME.","publisher":{"@id":"https:\/\/www.organisator.ch\/#organization"},"potentialAction":[{"@type":"SearchAction","target":{"@type":"EntryPoint","urlTemplate":"https:\/\/www.organisator.ch\/?s={search_term_string}"},"query-input":{"@type":"PropertyValueSpecification","valueRequired":true,"valueName":"search_term_string"}}],"inLanguage":"fr-FR"},{"@type":"Organization","@id":"https:\/\/www.organisator.ch\/#organization","name":"Organisateur","url":"https:\/\/www.organisator.ch\/","logo":{"@type":"ImageObject","inLanguage":"fr-FR","@id":"https:\/\/www.organisator.ch\/#\/schema\/logo\/image\/","url":"https:\/\/www.organisator.ch\/wp-content\/uploads\/2022\/01\/Logo_Organisator_Website.png","contentUrl":"https:\/\/www.organisator.ch\/wp-content\/uploads\/2022\/01\/Logo_Organisator_Website.png","width":800,"height":77,"caption":"Organisator"},"image":{"@id":"https:\/\/www.organisator.ch\/#\/schema\/logo\/image\/"},"sameAs":["https:\/\/www.facebook.com\/OrganisatorFachmagazin","https:\/\/www.linkedin.com\/showcase\/organisator-das-magazin-fr-kmu","https:\/\/www.xing.com\/news\/pages\/organisator-ch-695","https:\/\/www.youtube.com\/channel\/UCGP2Sq0iWaZwT3BdIAQFYpw"]},{"@type":"Person","@id":"https:\/\/www.organisator.ch\/#\/schema\/person\/6f650f90b2842cd4c0cc334b4e36f67e","name":"thomas.berner","image":{"@type":"ImageObject","inLanguage":"fr-FR","@id":"https:\/\/secure.gravatar.com\/avatar\/ac5001d2a36cb6c6cd3e50789007ffca834b477b74a2144564522e944eabff61?s=96&d=mm&r=g","url":"https:\/\/secure.gravatar.com\/avatar\/ac5001d2a36cb6c6cd3e50789007ffca834b477b74a2144564522e944eabff61?s=96&d=mm&r=g","contentUrl":"https:\/\/secure.gravatar.com\/avatar\/ac5001d2a36cb6c6cd3e50789007ffca834b477b74a2144564522e944eabff61?s=96&d=mm&r=g","caption":"thomas.berner"},"url":"https:\/\/www.organisator.ch\/fr\/author\/thomas-berner\/"}]}},"_links":{"self":[{"href":"https:\/\/www.organisator.ch\/fr\/wp-json\/wp\/v2\/posts\/24220","targetHints":{"allow":["GET"]}}],"collection":[{"href":"https:\/\/www.organisator.ch\/fr\/wp-json\/wp\/v2\/posts"}],"about":[{"href":"https:\/\/www.organisator.ch\/fr\/wp-json\/wp\/v2\/types\/post"}],"author":[{"embeddable":true,"href":"https:\/\/www.organisator.ch\/fr\/wp-json\/wp\/v2\/users\/4"}],"replies":[{"embeddable":true,"href":"https:\/\/www.organisator.ch\/fr\/wp-json\/wp\/v2\/comments?post=24220"}],"version-history":[{"count":5,"href":"https:\/\/www.organisator.ch\/fr\/wp-json\/wp\/v2\/posts\/24220\/revisions"}],"predecessor-version":[{"id":24241,"href":"https:\/\/www.organisator.ch\/fr\/wp-json\/wp\/v2\/posts\/24220\/revisions\/24241"}],"wp:featuredmedia":[{"embeddable":true,"href":"https:\/\/www.organisator.ch\/fr\/wp-json\/wp\/v2\/media\/24221"}],"wp:attachment":[{"href":"https:\/\/www.organisator.ch\/fr\/wp-json\/wp\/v2\/media?parent=24220"}],"wp:term":[{"taxonomy":"category","embeddable":true,"href":"https:\/\/www.organisator.ch\/fr\/wp-json\/wp\/v2\/categories?post=24220"},{"taxonomy":"post_tag","embeddable":true,"href":"https:\/\/www.organisator.ch\/fr\/wp-json\/wp\/v2\/tags?post=24220"}],"curies":[{"name":"wp","href":"https:\/\/api.w.org\/{rel}","templated":true}]}}