{"id":24343,"date":"2024-01-17T05:33:19","date_gmt":"2024-01-17T04:33:19","guid":{"rendered":"https:\/\/www.organisator.ch\/?p=24343"},"modified":"2024-01-17T08:19:57","modified_gmt":"2024-01-17T07:19:57","slug":"die-stiftung-bpn-feiert-25-jahr-jubilaeum","status":"publish","type":"post","link":"https:\/\/www.organisator.ch\/fr\/management\/2024-01-17\/die-stiftung-bpn-feiert-25-jahr-jubilaeum\/","title":{"rendered":"La fondation BPN f\u00eate son 25e anniversaire"},"content":{"rendered":"<figure id=\"attachment_24344\" class=\"wp-caption alignnone\" style=\"width: 680px;\" aria-describedby=\"caption-attachment-24344\"><img class=\"wp-image-24344 size-full\" src=\"https:\/\/www.organisator.ch\/wp-content\/uploads\/2024\/01\/25JahreBPN_neu.jpg\" sizes=\"(max-width: 680px) 100vw, 680px\" srcset=\"https:\/\/www.organisator.ch\/wp-content\/uploads\/2024\/01\/25JahreBPN_neu.jpg 680w, https:\/\/www.organisator.ch\/wp-content\/uploads\/2024\/01\/25JahreBPN_neu-18x9.jpg 18w, https:\/\/www.organisator.ch\/wp-content\/uploads\/2024\/01\/25JahreBPN_neu-375x197.jpg 375w, https:\/\/www.organisator.ch\/wp-content\/uploads\/2024\/01\/25JahreBPN_neu-667x350.jpg 667w\" alt=\"\" width=\"680\" height=\"357\" \/>\r\n<figcaption id=\"caption-attachment-24344\" class=\"wp-caption-text\">Fin juin, BPN c\u00e9l\u00e8bre l'\u0153uvre particuli\u00e8re de la fondation sous toutes ses facettes en organisant un voyage au Kirghizistan. (Photo : www.bpn.ch)<\/figcaption>\r\n<\/figure>\r\n<p>\"Gr\u00e2ce \u00e0 des s\u00e9minaires de haute qualit\u00e9, un coaching de plusieurs ann\u00e9es et un r\u00e9seau d\u00e9sormais \u00e9tendu, Business Professionals Network fait progresser les entrepreneurs de mani\u00e8re d\u00e9cisive. Ce d\u00e9veloppement d'entreprise sur 3 continents est tr\u00e8s durable depuis 25 ans (plus de 1941 PME soutenues dans 5 pays), g\u00e9n\u00e8re des opportunit\u00e9s de travail et renforce la classe moyenne. Je f\u00e9licite BPN pour son anniversaire et souhaite \u00e0 toutes les personnes engag\u00e9es de continuer \u00e0 faire preuve d'\u00e9lan et d'enthousiasme dans leur coop\u00e9ration au d\u00e9veloppement extr\u00eamement efficace et significative\", d\u00e9clare Hansj\u00fcrg Emch, VRP EMCH Aufz\u00fcge AG.<\/p>\r\n<figure id=\"attachment_24348\" class=\"wp-caption alignnone\" style=\"width: 680px;\" aria-describedby=\"caption-attachment-24348\"><img class=\"size-medium wp-image-24348\" src=\"https:\/\/www.organisator.ch\/wp-content\/uploads\/2024\/01\/HJ-Emch_Bild1_ps-1-680x675.jpg\" sizes=\"(max-width: 680px) 100vw, 680px\" srcset=\"https:\/\/www.organisator.ch\/wp-content\/uploads\/2024\/01\/HJ-Emch_Bild1_ps-1-680x675.jpg 680w, https:\/\/www.organisator.ch\/wp-content\/uploads\/2024\/01\/HJ-Emch_Bild1_ps-1-150x150.jpg 150w, https:\/\/www.organisator.ch\/wp-content\/uploads\/2024\/01\/HJ-Emch_Bild1_ps-1-12x12.jpg 12w, https:\/\/www.organisator.ch\/wp-content\/uploads\/2024\/01\/HJ-Emch_Bild1_ps-1-302x300.jpg 302w, https:\/\/www.organisator.ch\/wp-content\/uploads\/2024\/01\/HJ-Emch_Bild1_ps-1-353x350.jpg 353w, https:\/\/www.organisator.ch\/wp-content\/uploads\/2024\/01\/HJ-Emch_Bild1_ps-1.jpg 685w\" alt=\"\" width=\"680\" height=\"675\" \/>\r\n<figcaption id=\"caption-attachment-24348\" class=\"wp-caption-text\">Hansj\u00fcrg Emch - VRP EMCH Ascenseurs SA. (Image : www.bpn.ch)<\/figcaption>\r\n<\/figure>\r\n<h3><strong>BPN est synonyme d'aide qui combat la pauvret\u00e9<\/strong><\/h3>\r\n<p>Le fil rouge du travail de la fondation BPN est l'aide \u00e0 l'autonomie. Ils \u00e9tablissent ainsi un esprit d'entreprise durable gr\u00e2ce auquel les individus trouvent une mission dans la vie. La semence des engagements de soutien et d'encouragement r\u00e9side dans le fait que les personnes trouvent un sens \u00e0 leur activit\u00e9 \u00e9conomique et la r\u00e9alisent de mani\u00e8re utile \u00e0 leur vie. Nils Planzer, CEO &amp; VRP Planzer Holding AG, appr\u00e9cie ainsi l'engagement international quotidien de BPN : \"Nous consid\u00e9rons le soutien de petites et moyennes entreprises dans les pays en d\u00e9veloppement et \u00e9mergents avec le savoir-faire suisse comme particuli\u00e8rement orient\u00e9 vers l'avenir. Cette action pionni\u00e8re cr\u00e9e des valeurs socio-\u00e9conomiques importantes et des perspectives passionnantes pour de nombreuses personnes et leurs familles sur place. Un grand merci \u00e0 BPN pour ce travail unique\".<\/p>\r\n<figure id=\"attachment_24349\" class=\"wp-caption alignnone\" style=\"width: 680px;\" aria-describedby=\"caption-attachment-24349\"><img class=\"size-full wp-image-24349\" src=\"https:\/\/www.organisator.ch\/wp-content\/uploads\/2024\/01\/Nils_RGB_Bild2_ps-1.jpg\" sizes=\"(max-width: 680px) 100vw, 680px\" srcset=\"https:\/\/www.organisator.ch\/wp-content\/uploads\/2024\/01\/Nils_RGB_Bild2_ps-1.jpg 680w, https:\/\/www.organisator.ch\/wp-content\/uploads\/2024\/01\/Nils_RGB_Bild2_ps-1-12x12.jpg 12w, https:\/\/www.organisator.ch\/wp-content\/uploads\/2024\/01\/Nils_RGB_Bild2_ps-1-311x300.jpg 311w, https:\/\/www.organisator.ch\/wp-content\/uploads\/2024\/01\/Nils_RGB_Bild2_ps-1-363x350.jpg 363w\" alt=\"\" width=\"680\" height=\"656\" \/>\r\n<figcaption id=\"caption-attachment-24349\" class=\"wp-caption-text\">Nils Planzer - CEO &amp; VRP Planzer Holding AG. (Image : www.bpn.ch)<\/figcaption>\r\n<\/figure>\r\n<h3><strong>Penser grand - Penser plus loin - Penser aux autres<\/strong><\/h3>\r\n<p>BPN travaille syst\u00e9matiquement dans une optique d'efficacit\u00e9. Dans les processus d'affaires, nous visons \u00e0 cr\u00e9er de la valeur ajout\u00e9e dans tous les pays d'intervention, afin de garantir durablement les avantages pour l'entreprise et la soci\u00e9t\u00e9.<\/p>\r\n<p>Fin juin, BPN c\u00e9l\u00e8brera, lors d'un voyage au Kirghizstan, l'\u0153uvre particuli\u00e8re de la fondation sous toutes ses facettes : la promotion d'entreprises et leur d\u00e9veloppement par le biais de la formation, du coaching et de l'interm\u00e9diation financi\u00e8re, l'ouverture de perspectives de vie dans 5 pays, l'incitation \u00e0 des investissements pr\u00eats \u00e0 \u00eatre commercialis\u00e9s, une solide association d'entrepreneurs - c'est tout cela, BPN.<\/p>\r\n<p><em>Source : <a href=\"https:\/\/bpn.ch\/\">www. bpn.ch<\/a><\/em><\/p>","protected":false},"excerpt":{"rendered":"<p>BPN (Business Professionals Network) a commenc\u00e9 son travail de pionnier en 1999 au Kirghizstan. Depuis, ils investissent dans les personnes, leurs id\u00e9es et leurs projets. Les vingt-cinq ann\u00e9es de cr\u00e9ation de valeur ont jusqu'\u00e0 pr\u00e9sent favoris\u00e9 quelque 40'000 emplois - et ce gr\u00e2ce \u00e0 plus de 2'500 s\u00e9minaires de gestion d'entreprise.<\/p>","protected":false},"author":58,"featured_media":24344,"comment_status":"closed","ping_status":"closed","sticky":false,"template":"","format":"standard","meta":{"_acf_changed":false,"_yoast_wpseo_focuskw":"Stiftung","_yoast_wpseo_metadesc":"Die Stiftung BPN (Business Professionals Network) begann seine Pionierarbeit 1999 in Kirgistan und feiert 25-Jahr-Jubil\u00e4um.","articlekey":"","footnotes":""},"categories":[28],"tags":[292,334,335,455],"class_list":["post-24343","post","type-post","status-publish","format-standard","has-post-thumbnail","hentry","category-management","tag-jubilaeum","tag-management","tag-management-und-unternehmensfuehrung","tag-stiftung"],"acf":[],"yoast_head":"<!-- This site is optimized with the Yoast SEO plugin v27.4 - https:\/\/yoast.com\/product\/yoast-seo-wordpress\/ -->\n<title>Die Stiftung BPN feiert 25-Jahr-Jubil\u00e4um - Organisator<\/title>\n<meta name=\"description\" content=\"Die Stiftung BPN (Business Professionals Network) begann seine Pionierarbeit 1999 in Kirgistan und feiert 25-Jahr-Jubil\u00e4um.\" \/>\n<meta name=\"robots\" content=\"index, follow, max-snippet:-1, max-image-preview:large, max-video-preview:-1\" \/>\n<link rel=\"canonical\" href=\"https:\/\/www.organisator.ch\/fr\/gestion-2\/2024-01-17\/die-stiftung-bpn-feiert-25-jahr-jubilaeum\/\" \/>\n<meta property=\"og:locale\" content=\"fr_FR\" \/>\n<meta property=\"og:type\" content=\"article\" \/>\n<meta property=\"og:title\" content=\"Die Stiftung BPN feiert 25-Jahr-Jubil\u00e4um\" \/>\n<meta property=\"og:description\" content=\"Die Stiftung BPN (Business Professionals Network) begann seine Pionierarbeit 1999 in Kirgistan und feiert 25-Jahr-Jubil\u00e4um.\" \/>\n<meta property=\"og:url\" content=\"https:\/\/www.organisator.ch\/fr\/gestion-2\/2024-01-17\/die-stiftung-bpn-feiert-25-jahr-jubilaeum\/\" \/>\n<meta property=\"og:site_name\" content=\"Organisator\" \/>\n<meta property=\"article:publisher\" content=\"https:\/\/www.facebook.com\/OrganisatorFachmagazin\" \/>\n<meta property=\"article:published_time\" content=\"2024-01-17T04:33:19+00:00\" \/>\n<meta property=\"article:modified_time\" content=\"2024-01-17T07:19:57+00:00\" \/>\n<meta property=\"og:image\" content=\"https:\/\/www.organisator.ch\/wp-content\/uploads\/2024\/01\/25JahreBPN_neu.jpg\" \/>\n\t<meta property=\"og:image:width\" content=\"680\" \/>\n\t<meta property=\"og:image:height\" content=\"357\" \/>\n\t<meta property=\"og:image:type\" content=\"image\/jpeg\" \/>\n<meta name=\"author\" content=\"Adelisa Kalajdzini\" \/>\n<meta name=\"twitter:card\" content=\"summary_large_image\" \/>\n<meta name=\"twitter:title\" content=\"Die Stiftung BPN feiert 25-Jahr-Jubil\u00e4um\" \/>\n<meta name=\"twitter:description\" content=\"Die #Stiftung #BPN (Business Professionals Network) begann seine #Pionierarbeit 1999 in Kirgistan und feiert #25-Jahr-Jubil\u00e4um.\" \/>\n<meta name=\"twitter:image\" content=\"https:\/\/www.organisator.ch\/wp-content\/uploads\/2024\/01\/25JahreBPN_neu.jpg\" \/>\n<script type=\"application\/ld+json\" class=\"yoast-schema-graph\">{\"@context\":\"https:\\\/\\\/schema.org\",\"@graph\":[{\"@type\":\"Article\",\"@id\":\"https:\\\/\\\/www.organisator.ch\\\/management\\\/2024-01-17\\\/die-stiftung-bpn-feiert-25-jahr-jubilaeum\\\/#article\",\"isPartOf\":{\"@id\":\"https:\\\/\\\/www.organisator.ch\\\/management\\\/2024-01-17\\\/die-stiftung-bpn-feiert-25-jahr-jubilaeum\\\/\"},\"author\":{\"name\":\"Adelisa Kalajdzini\",\"@id\":\"https:\\\/\\\/www.organisator.ch\\\/#\\\/schema\\\/person\\\/2e1314a2172123f874db408d8911d3f3\"},\"headline\":\"Die Stiftung BPN feiert 25-Jahr-Jubil\u00e4um\",\"datePublished\":\"2024-01-17T04:33:19+00:00\",\"dateModified\":\"2024-01-17T07:19:57+00:00\",\"mainEntityOfPage\":{\"@id\":\"https:\\\/\\\/www.organisator.ch\\\/management\\\/2024-01-17\\\/die-stiftung-bpn-feiert-25-jahr-jubilaeum\\\/\"},\"wordCount\":344,\"publisher\":{\"@id\":\"https:\\\/\\\/www.organisator.ch\\\/#organization\"},\"image\":{\"@id\":\"https:\\\/\\\/www.organisator.ch\\\/management\\\/2024-01-17\\\/die-stiftung-bpn-feiert-25-jahr-jubilaeum\\\/#primaryimage\"},\"thumbnailUrl\":\"https:\\\/\\\/www.organisator.ch\\\/wp-content\\\/uploads\\\/2024\\\/01\\\/25JahreBPN_neu.jpg\",\"keywords\":[\"Jubil\u00e4um\",\"Management\",\"Management und Unternehmensf\u00fchrung\",\"Stiftung\"],\"articleSection\":[\"MANAGEMENT\"],\"inLanguage\":\"fr-FR\"},{\"@type\":\"WebPage\",\"@id\":\"https:\\\/\\\/www.organisator.ch\\\/management\\\/2024-01-17\\\/die-stiftung-bpn-feiert-25-jahr-jubilaeum\\\/\",\"url\":\"https:\\\/\\\/www.organisator.ch\\\/management\\\/2024-01-17\\\/die-stiftung-bpn-feiert-25-jahr-jubilaeum\\\/\",\"name\":\"Die Stiftung BPN feiert 25-Jahr-Jubil\u00e4um - Organisator\",\"isPartOf\":{\"@id\":\"https:\\\/\\\/www.organisator.ch\\\/#website\"},\"primaryImageOfPage\":{\"@id\":\"https:\\\/\\\/www.organisator.ch\\\/management\\\/2024-01-17\\\/die-stiftung-bpn-feiert-25-jahr-jubilaeum\\\/#primaryimage\"},\"image\":{\"@id\":\"https:\\\/\\\/www.organisator.ch\\\/management\\\/2024-01-17\\\/die-stiftung-bpn-feiert-25-jahr-jubilaeum\\\/#primaryimage\"},\"thumbnailUrl\":\"https:\\\/\\\/www.organisator.ch\\\/wp-content\\\/uploads\\\/2024\\\/01\\\/25JahreBPN_neu.jpg\",\"datePublished\":\"2024-01-17T04:33:19+00:00\",\"dateModified\":\"2024-01-17T07:19:57+00:00\",\"description\":\"Die Stiftung BPN (Business Professionals Network) begann seine Pionierarbeit 1999 in Kirgistan und feiert 25-Jahr-Jubil\u00e4um.\",\"breadcrumb\":{\"@id\":\"https:\\\/\\\/www.organisator.ch\\\/management\\\/2024-01-17\\\/die-stiftung-bpn-feiert-25-jahr-jubilaeum\\\/#breadcrumb\"},\"inLanguage\":\"fr-FR\",\"potentialAction\":[{\"@type\":\"ReadAction\",\"target\":[\"https:\\\/\\\/www.organisator.ch\\\/management\\\/2024-01-17\\\/die-stiftung-bpn-feiert-25-jahr-jubilaeum\\\/\"]}]},{\"@type\":\"ImageObject\",\"inLanguage\":\"fr-FR\",\"@id\":\"https:\\\/\\\/www.organisator.ch\\\/management\\\/2024-01-17\\\/die-stiftung-bpn-feiert-25-jahr-jubilaeum\\\/#primaryimage\",\"url\":\"https:\\\/\\\/www.organisator.ch\\\/wp-content\\\/uploads\\\/2024\\\/01\\\/25JahreBPN_neu.jpg\",\"contentUrl\":\"https:\\\/\\\/www.organisator.ch\\\/wp-content\\\/uploads\\\/2024\\\/01\\\/25JahreBPN_neu.jpg\",\"width\":680,\"height\":357,\"caption\":\": Ende Juni feiert BPN mit einer Reise nach Kirgistan das besondere Schaffen der Stiftung in all seinen Facetten. (Bild: www.bpn.ch)\"},{\"@type\":\"BreadcrumbList\",\"@id\":\"https:\\\/\\\/www.organisator.ch\\\/management\\\/2024-01-17\\\/die-stiftung-bpn-feiert-25-jahr-jubilaeum\\\/#breadcrumb\",\"itemListElement\":[{\"@type\":\"ListItem\",\"position\":1,\"name\":\"Home\",\"item\":\"https:\\\/\\\/www.organisator.ch\\\/\"},{\"@type\":\"ListItem\",\"position\":2,\"name\":\"Die Stiftung BPN feiert 25-Jahr-Jubil\u00e4um\"}]},{\"@type\":\"WebSite\",\"@id\":\"https:\\\/\\\/www.organisator.ch\\\/#website\",\"url\":\"https:\\\/\\\/www.organisator.ch\\\/\",\"name\":\"Organisator\",\"description\":\"Kompetent. Praxisnah. Der ORGANISATOR bereitet in 10 Ausgaben pro Jahr die wesentlichen Themen f\u00fcr F\u00fchrungskr\u00e4fte von KMU auf.\",\"publisher\":{\"@id\":\"https:\\\/\\\/www.organisator.ch\\\/#organization\"},\"potentialAction\":[{\"@type\":\"SearchAction\",\"target\":{\"@type\":\"EntryPoint\",\"urlTemplate\":\"https:\\\/\\\/www.organisator.ch\\\/?s={search_term_string}\"},\"query-input\":{\"@type\":\"PropertyValueSpecification\",\"valueRequired\":true,\"valueName\":\"search_term_string\"}}],\"inLanguage\":\"fr-FR\"},{\"@type\":\"Organization\",\"@id\":\"https:\\\/\\\/www.organisator.ch\\\/#organization\",\"name\":\"Organisator\",\"url\":\"https:\\\/\\\/www.organisator.ch\\\/\",\"logo\":{\"@type\":\"ImageObject\",\"inLanguage\":\"fr-FR\",\"@id\":\"https:\\\/\\\/www.organisator.ch\\\/#\\\/schema\\\/logo\\\/image\\\/\",\"url\":\"https:\\\/\\\/www.organisator.ch\\\/wp-content\\\/uploads\\\/2022\\\/01\\\/Logo_Organisator_Website.png\",\"contentUrl\":\"https:\\\/\\\/www.organisator.ch\\\/wp-content\\\/uploads\\\/2022\\\/01\\\/Logo_Organisator_Website.png\",\"width\":800,\"height\":77,\"caption\":\"Organisator\"},\"image\":{\"@id\":\"https:\\\/\\\/www.organisator.ch\\\/#\\\/schema\\\/logo\\\/image\\\/\"},\"sameAs\":[\"https:\\\/\\\/www.facebook.com\\\/OrganisatorFachmagazin\",\"https:\\\/\\\/www.linkedin.com\\\/showcase\\\/organisator-das-magazin-fr-kmu\",\"https:\\\/\\\/www.xing.com\\\/news\\\/pages\\\/organisator-ch-695\",\"https:\\\/\\\/www.youtube.com\\\/channel\\\/UCGP2Sq0iWaZwT3BdIAQFYpw\"]},{\"@type\":\"Person\",\"@id\":\"https:\\\/\\\/www.organisator.ch\\\/#\\\/schema\\\/person\\\/2e1314a2172123f874db408d8911d3f3\",\"name\":\"Adelisa Kalajdzini\",\"image\":{\"@type\":\"ImageObject\",\"inLanguage\":\"fr-FR\",\"@id\":\"https:\\\/\\\/secure.gravatar.com\\\/avatar\\\/09a397c22ac58cad6f160ee8306348599df9df58a8ede73696226897b9fa4b24?s=96&d=mm&r=g\",\"url\":\"https:\\\/\\\/secure.gravatar.com\\\/avatar\\\/09a397c22ac58cad6f160ee8306348599df9df58a8ede73696226897b9fa4b24?s=96&d=mm&r=g\",\"contentUrl\":\"https:\\\/\\\/secure.gravatar.com\\\/avatar\\\/09a397c22ac58cad6f160ee8306348599df9df58a8ede73696226897b9fa4b24?s=96&d=mm&r=g\",\"caption\":\"Adelisa Kalajdzini\"},\"url\":\"https:\\\/\\\/www.organisator.ch\\\/fr\\\/author\\\/adelisa-kalajdzini\\\/\"}]}<\/script>\n<!-- \/ Yoast SEO plugin. -->","yoast_head_json":{"title":"La fondation BPN f\u00eate ses 25 ans - Organisateur","description":"La fondation BPN (Business Professionals Network) a commenc\u00e9 son travail de pionnier en 1999 au Kirghizstan et f\u00eate son 25e anniversaire.","robots":{"index":"index","follow":"follow","max-snippet":"max-snippet:-1","max-image-preview":"max-image-preview:large","max-video-preview":"max-video-preview:-1"},"canonical":"https:\/\/www.organisator.ch\/fr\/gestion-2\/2024-01-17\/die-stiftung-bpn-feiert-25-jahr-jubilaeum\/","og_locale":"fr_FR","og_type":"article","og_title":"Die Stiftung BPN feiert 25-Jahr-Jubil\u00e4um","og_description":"Die Stiftung BPN (Business Professionals Network) begann seine Pionierarbeit 1999 in Kirgistan und feiert 25-Jahr-Jubil\u00e4um.","og_url":"https:\/\/www.organisator.ch\/fr\/gestion-2\/2024-01-17\/die-stiftung-bpn-feiert-25-jahr-jubilaeum\/","og_site_name":"Organisator","article_publisher":"https:\/\/www.facebook.com\/OrganisatorFachmagazin","article_published_time":"2024-01-17T04:33:19+00:00","article_modified_time":"2024-01-17T07:19:57+00:00","og_image":[{"width":680,"height":357,"url":"https:\/\/www.organisator.ch\/wp-content\/uploads\/2024\/01\/25JahreBPN_neu.jpg","type":"image\/jpeg"}],"author":"Adelisa Kalajdzini","twitter_card":"summary_large_image","twitter_title":"Die Stiftung BPN feiert 25-Jahr-Jubil\u00e4um","twitter_description":"Die #Stiftung #BPN (Business Professionals Network) begann seine #Pionierarbeit 1999 in Kirgistan und feiert #25-Jahr-Jubil\u00e4um.","twitter_image":"https:\/\/www.organisator.ch\/wp-content\/uploads\/2024\/01\/25JahreBPN_neu.jpg","schema":{"@context":"https:\/\/schema.org","@graph":[{"@type":"Article","@id":"https:\/\/www.organisator.ch\/management\/2024-01-17\/die-stiftung-bpn-feiert-25-jahr-jubilaeum\/#article","isPartOf":{"@id":"https:\/\/www.organisator.ch\/management\/2024-01-17\/die-stiftung-bpn-feiert-25-jahr-jubilaeum\/"},"author":{"name":"Adelisa Kalajdzini","@id":"https:\/\/www.organisator.ch\/#\/schema\/person\/2e1314a2172123f874db408d8911d3f3"},"headline":"Die Stiftung BPN feiert 25-Jahr-Jubil\u00e4um","datePublished":"2024-01-17T04:33:19+00:00","dateModified":"2024-01-17T07:19:57+00:00","mainEntityOfPage":{"@id":"https:\/\/www.organisator.ch\/management\/2024-01-17\/die-stiftung-bpn-feiert-25-jahr-jubilaeum\/"},"wordCount":344,"publisher":{"@id":"https:\/\/www.organisator.ch\/#organization"},"image":{"@id":"https:\/\/www.organisator.ch\/management\/2024-01-17\/die-stiftung-bpn-feiert-25-jahr-jubilaeum\/#primaryimage"},"thumbnailUrl":"https:\/\/www.organisator.ch\/wp-content\/uploads\/2024\/01\/25JahreBPN_neu.jpg","keywords":["Jubil\u00e4um","Management","Management und Unternehmensf\u00fchrung","Stiftung"],"articleSection":["MANAGEMENT"],"inLanguage":"fr-FR"},{"@type":"WebPage","@id":"https:\/\/www.organisator.ch\/management\/2024-01-17\/die-stiftung-bpn-feiert-25-jahr-jubilaeum\/","url":"https:\/\/www.organisator.ch\/management\/2024-01-17\/die-stiftung-bpn-feiert-25-jahr-jubilaeum\/","name":"La fondation BPN f\u00eate ses 25 ans - Organisateur","isPartOf":{"@id":"https:\/\/www.organisator.ch\/#website"},"primaryImageOfPage":{"@id":"https:\/\/www.organisator.ch\/management\/2024-01-17\/die-stiftung-bpn-feiert-25-jahr-jubilaeum\/#primaryimage"},"image":{"@id":"https:\/\/www.organisator.ch\/management\/2024-01-17\/die-stiftung-bpn-feiert-25-jahr-jubilaeum\/#primaryimage"},"thumbnailUrl":"https:\/\/www.organisator.ch\/wp-content\/uploads\/2024\/01\/25JahreBPN_neu.jpg","datePublished":"2024-01-17T04:33:19+00:00","dateModified":"2024-01-17T07:19:57+00:00","description":"La fondation BPN (Business Professionals Network) a commenc\u00e9 son travail de pionnier en 1999 au Kirghizstan et f\u00eate son 25e anniversaire.","breadcrumb":{"@id":"https:\/\/www.organisator.ch\/management\/2024-01-17\/die-stiftung-bpn-feiert-25-jahr-jubilaeum\/#breadcrumb"},"inLanguage":"fr-FR","potentialAction":[{"@type":"ReadAction","target":["https:\/\/www.organisator.ch\/management\/2024-01-17\/die-stiftung-bpn-feiert-25-jahr-jubilaeum\/"]}]},{"@type":"ImageObject","inLanguage":"fr-FR","@id":"https:\/\/www.organisator.ch\/management\/2024-01-17\/die-stiftung-bpn-feiert-25-jahr-jubilaeum\/#primaryimage","url":"https:\/\/www.organisator.ch\/wp-content\/uploads\/2024\/01\/25JahreBPN_neu.jpg","contentUrl":"https:\/\/www.organisator.ch\/wp-content\/uploads\/2024\/01\/25JahreBPN_neu.jpg","width":680,"height":357,"caption":": Ende Juni feiert BPN mit einer Reise nach Kirgistan das besondere Schaffen der Stiftung in all seinen Facetten. (Bild: www.bpn.ch)"},{"@type":"BreadcrumbList","@id":"https:\/\/www.organisator.ch\/management\/2024-01-17\/die-stiftung-bpn-feiert-25-jahr-jubilaeum\/#breadcrumb","itemListElement":[{"@type":"ListItem","position":1,"name":"Home","item":"https:\/\/www.organisator.ch\/"},{"@type":"ListItem","position":2,"name":"Die Stiftung BPN feiert 25-Jahr-Jubil\u00e4um"}]},{"@type":"WebSite","@id":"https:\/\/www.organisator.ch\/#website","url":"https:\/\/www.organisator.ch\/","name":"Organisateur","description":"Comp\u00e9tence et comp\u00e9tence. Proches de la pratique. L'ORGANISATEUR pr\u00e9pare 10 num\u00e9ros par an sur les th\u00e8mes essentiels pour les dirigeants de PME.","publisher":{"@id":"https:\/\/www.organisator.ch\/#organization"},"potentialAction":[{"@type":"SearchAction","target":{"@type":"EntryPoint","urlTemplate":"https:\/\/www.organisator.ch\/?s={search_term_string}"},"query-input":{"@type":"PropertyValueSpecification","valueRequired":true,"valueName":"search_term_string"}}],"inLanguage":"fr-FR"},{"@type":"Organization","@id":"https:\/\/www.organisator.ch\/#organization","name":"Organisateur","url":"https:\/\/www.organisator.ch\/","logo":{"@type":"ImageObject","inLanguage":"fr-FR","@id":"https:\/\/www.organisator.ch\/#\/schema\/logo\/image\/","url":"https:\/\/www.organisator.ch\/wp-content\/uploads\/2022\/01\/Logo_Organisator_Website.png","contentUrl":"https:\/\/www.organisator.ch\/wp-content\/uploads\/2022\/01\/Logo_Organisator_Website.png","width":800,"height":77,"caption":"Organisator"},"image":{"@id":"https:\/\/www.organisator.ch\/#\/schema\/logo\/image\/"},"sameAs":["https:\/\/www.facebook.com\/OrganisatorFachmagazin","https:\/\/www.linkedin.com\/showcase\/organisator-das-magazin-fr-kmu","https:\/\/www.xing.com\/news\/pages\/organisator-ch-695","https:\/\/www.youtube.com\/channel\/UCGP2Sq0iWaZwT3BdIAQFYpw"]},{"@type":"Person","@id":"https:\/\/www.organisator.ch\/#\/schema\/person\/2e1314a2172123f874db408d8911d3f3","name":"Adelisa Kalajdzini","image":{"@type":"ImageObject","inLanguage":"fr-FR","@id":"https:\/\/secure.gravatar.com\/avatar\/09a397c22ac58cad6f160ee8306348599df9df58a8ede73696226897b9fa4b24?s=96&d=mm&r=g","url":"https:\/\/secure.gravatar.com\/avatar\/09a397c22ac58cad6f160ee8306348599df9df58a8ede73696226897b9fa4b24?s=96&d=mm&r=g","contentUrl":"https:\/\/secure.gravatar.com\/avatar\/09a397c22ac58cad6f160ee8306348599df9df58a8ede73696226897b9fa4b24?s=96&d=mm&r=g","caption":"Adelisa Kalajdzini"},"url":"https:\/\/www.organisator.ch\/fr\/author\/adelisa-kalajdzini\/"}]}},"_links":{"self":[{"href":"https:\/\/www.organisator.ch\/fr\/wp-json\/wp\/v2\/posts\/24343","targetHints":{"allow":["GET"]}}],"collection":[{"href":"https:\/\/www.organisator.ch\/fr\/wp-json\/wp\/v2\/posts"}],"about":[{"href":"https:\/\/www.organisator.ch\/fr\/wp-json\/wp\/v2\/types\/post"}],"author":[{"embeddable":true,"href":"https:\/\/www.organisator.ch\/fr\/wp-json\/wp\/v2\/users\/58"}],"replies":[{"embeddable":true,"href":"https:\/\/www.organisator.ch\/fr\/wp-json\/wp\/v2\/comments?post=24343"}],"version-history":[{"count":9,"href":"https:\/\/www.organisator.ch\/fr\/wp-json\/wp\/v2\/posts\/24343\/revisions"}],"predecessor-version":[{"id":28300,"href":"https:\/\/www.organisator.ch\/fr\/wp-json\/wp\/v2\/posts\/24343\/revisions\/28300"}],"wp:featuredmedia":[{"embeddable":true,"href":"https:\/\/www.organisator.ch\/fr\/wp-json\/wp\/v2\/media\/24344"}],"wp:attachment":[{"href":"https:\/\/www.organisator.ch\/fr\/wp-json\/wp\/v2\/media?parent=24343"}],"wp:term":[{"taxonomy":"category","embeddable":true,"href":"https:\/\/www.organisator.ch\/fr\/wp-json\/wp\/v2\/categories?post=24343"},{"taxonomy":"post_tag","embeddable":true,"href":"https:\/\/www.organisator.ch\/fr\/wp-json\/wp\/v2\/tags?post=24343"}],"curies":[{"name":"wp","href":"https:\/\/api.w.org\/{rel}","templated":true}]}}