{"id":24359,"date":"2024-01-17T10:27:56","date_gmt":"2024-01-17T09:27:56","guid":{"rendered":"https:\/\/www.organisator.ch\/?p=24359"},"modified":"2024-01-17T11:45:06","modified_gmt":"2024-01-17T10:45:06","slug":"sascha-m-burkhalter-ist-der-neue-ceo-des-kaufmaennischen-verbands-schweiz","status":"publish","type":"post","link":"https:\/\/www.organisator.ch\/fr\/management\/2024-01-17\/sascha-m-burkhalter-ist-der-neue-ceo-des-kaufmaennischen-verbands-schweiz\/","title":{"rendered":"Sascha M. Burkhalter est le nouveau CEO de la Soci\u00e9t\u00e9 suisse des employ\u00e9s de commerce"},"content":{"rendered":"<figure id=\"attachment_24360\" class=\"wp-caption alignnone\" style=\"width: 680px;\" aria-describedby=\"caption-attachment-24360\"><img class=\"size-full wp-image-24360\" src=\"https:\/\/www.organisator.ch\/wp-content\/uploads\/2024\/01\/2024_Sascha_M_Burkhalter_ps.jpg\" sizes=\"(max-width: 680px) 100vw, 680px\" srcset=\"https:\/\/www.organisator.ch\/wp-content\/uploads\/2024\/01\/2024_Sascha_M_Burkhalter_ps.jpg 680w, https:\/\/www.organisator.ch\/wp-content\/uploads\/2024\/01\/2024_Sascha_M_Burkhalter_ps-12x12.jpg 12w, https:\/\/www.organisator.ch\/wp-content\/uploads\/2024\/01\/2024_Sascha_M_Burkhalter_ps-308x300.jpg 308w, https:\/\/www.organisator.ch\/wp-content\/uploads\/2024\/01\/2024_Sascha_M_Burkhalter_ps-360x350.jpg 360w\" alt=\"\" width=\"680\" height=\"662\" \/>\r\n<figcaption id=\"caption-attachment-24360\" class=\"wp-caption-text\">Sascha M. Burkhalter - Le nouveau CEO de la Soci\u00e9t\u00e9 suisse des employ\u00e9s de commerce. (Image : Soci\u00e9t\u00e9 suisse des employ\u00e9s de commerce\/Reto Schlatter)<\/figcaption>\r\n<\/figure>\r\n<p>Sascha M. Burkhalter est fiduciaire immobilier dipl\u00f4m\u00e9 et dispose d'un Executive MBA de la HWZ Hochschule f\u00fcr Wirtschaft de Zurich. Il a commenc\u00e9 sa carri\u00e8re professionnelle par un apprentissage commercial dans une soci\u00e9t\u00e9 fiduciaire de Thoune. Depuis 2019, Sascha M. Burkhalter est partenaire et membre du conseil d'administration de la Soci\u00e9t\u00e9 fiduciaire suisse (Zurich) SA \u00e0 Zurich. Auparavant, il a \u00e9t\u00e9 d\u00e9l\u00e9gu\u00e9 du conseil d'administration et directeur d'un groupe immobilier et fiduciaire. Il a fait ses d\u00e9buts \u00e0 la Soci\u00e9t\u00e9 suisse des employ\u00e9s de commerce en 2007 en tant que membre et d\u00e9l\u00e9gu\u00e9 financier du comit\u00e9 central de la Soci\u00e9t\u00e9 suisse des employ\u00e9s de commerce. De nombreux autres postes ont suivi au sein de l'association et de ses filiales ainsi que dans l'environnement de l'organisation kfmv (\u00e9coles de commerce, commissions d'examen et des finances, fondation de pr\u00e9voyance, etc.) Depuis 2012, Sascha M. Burkhalter est en outre membre du comit\u00e9 directeur de la section Sud-Est de la Suisse.<\/p>\r\n<p>Originaire de Thoune et vivant dans la Surselva, dans l'Oberland grison, Sascha M. Burkhalter se r\u00e9jouit de son nouveau d\u00e9fi. \"La Soci\u00e9t\u00e9 suisse des employ\u00e9s de commerce est la plus ancienne association d'employ\u00e9s de Suisse encore en activit\u00e9 aujourd'hui. Depuis plus de 150 ans, elle s'engage pour des conditions de travail \u00e9quitables, progressistes et non discriminatoires, pour des mod\u00e8les de travail modernes et pour la promotion de l'apprentissage tout au long de la vie. Cela doit continuer ainsi\", souligne-t-il.<\/p>\r\n<p>\"Je suis convaincu qu'avec Sascha M. Burkhalter, nous avons gagn\u00e9 une personnalit\u00e9 dirigeante exp\u00e9riment\u00e9e qui poursuivra la strat\u00e9gie engag\u00e9e par la Soci\u00e9t\u00e9 suisse des employ\u00e9s de commerce et conduira l'association vers un avenir couronn\u00e9 de succ\u00e8s\", d\u00e9clare Daniel Jositsch, pr\u00e9sident de la Soci\u00e9t\u00e9 suisse des employ\u00e9s de commerce.<\/p>\r\n<h3><strong>La nouvelle charte met les voiles pour l'avenir<\/strong><\/h3>\r\n<p>Stimul\u00e9e par une ann\u00e9e anniversaire 2023 riche en \u00e9v\u00e9nements et ancrant ses 150 ans d'histoire, la Soci\u00e9t\u00e9 suisse des employ\u00e9s de commerce a d\u00e9fini de nouveaux axes strat\u00e9giques pour ses comp\u00e9tences cl\u00e9s que sont la formation et la politique. Un grand potentiel de d\u00e9veloppement a \u00e9galement \u00e9t\u00e9 identifi\u00e9 dans les domaines de la gestion des comp\u00e9tences, du placement, de l'entrepreneuriat et de l'innovation. Avec une nouvelle vision et mission pour la Soci\u00e9t\u00e9 suisse des employ\u00e9s de commerce et ses sections, les lignes directrices pr\u00e9parent le terrain pour le d\u00e9veloppement de nouveaux mod\u00e8les d'affaires, produits et services. Sous la devise \"Renforcer les hommes. Ensemble, nous sommes l'avenir\", il s'agit de cr\u00e9er une orientation et des valeurs communes \u00e0 toutes les associations, en pla\u00e7ant l'\u00eatre humain en tant que personnalit\u00e9, d\u00e9tenteur de connaissances et capital humain avec ses besoins individuels au centre des pr\u00e9occupations.<\/p>\r\n<p><em>Source : <a href=\"http:\/\/www.kfmv.ch\/\">www.kfmv.ch<\/a><\/em><\/p>","protected":false},"excerpt":{"rendered":"<p>Depuis le 1er janvier 2024, la Soci\u00e9t\u00e9 suisse des employ\u00e9s de commerce a un nouveau CEO : Sascha M. Burkhalter. \u00c9lu CEO par le Comit\u00e9 central de la Soci\u00e9t\u00e9 suisse des employ\u00e9s de commerce en juillet 2023, il succ\u00e8de \u00e0 Christian Z\u00fcnd, qui a d\u00e9missionn\u00e9 fin d\u00e9cembre 2023 et apr\u00e8s huit ans \u00e0 la t\u00eate de la Soci\u00e9t\u00e9 suisse des employ\u00e9s de commerce.<\/p>","protected":false},"author":58,"featured_media":24360,"comment_status":"closed","ping_status":"closed","sticky":false,"template":"","format":"standard","meta":{"_acf_changed":false,"_yoast_wpseo_focuskw":"Sascha M. Burkhalter","_yoast_wpseo_metadesc":"Seit dem 1. Januar 2024 hat der Kaufm\u00e4nnische Verband Schweiz einen neuen CEO: Sascha M. Burkhalter. Er folgt auf Christian Z\u00fcnd.","articlekey":"","footnotes":""},"categories":[28],"tags":[334,335,424,492,2435],"class_list":["post-24359","post","type-post","status-publish","format-standard","has-post-thumbnail","hentry","category-management","tag-management","tag-management-und-unternehmensfuehrung","tag-schweiz","tag-unternehmen","tag-verband"],"acf":[],"yoast_head":"<!-- This site is optimized with the Yoast SEO plugin v27.5 - https:\/\/yoast.com\/product\/yoast-seo-wordpress\/ -->\n<title>Sascha M. Burkhalter ist der neue CEO des Kaufm\u00e4nnischen Verbands Schweiz - Organisator<\/title>\n<meta name=\"description\" content=\"Seit dem 1. Januar 2024 hat der Kaufm\u00e4nnische Verband Schweiz einen neuen CEO: Sascha M. Burkhalter. Er folgt auf Christian Z\u00fcnd.\" \/>\n<meta name=\"robots\" content=\"index, follow, max-snippet:-1, max-image-preview:large, max-video-preview:-1\" \/>\n<link rel=\"canonical\" href=\"https:\/\/www.organisator.ch\/fr\/gestion-2\/2024-01-17\/sascha-m-burkhalter-ist-der-neue-ceo-des-kaufmaennischen-verbands-schweiz\/\" \/>\n<meta property=\"og:locale\" content=\"fr_FR\" \/>\n<meta property=\"og:type\" content=\"article\" \/>\n<meta property=\"og:title\" content=\"Sascha M. Burkhalter ist der neue CEO des Kaufm\u00e4nnischen Verbands Schweiz\" \/>\n<meta property=\"og:description\" content=\"Seit dem 1. Januar 2024 hat der Kaufm\u00e4nnische Verband Schweiz einen neuen CEO: Sascha M. Burkhalter. Er folgt auf Christian Z\u00fcnd.\" \/>\n<meta property=\"og:url\" content=\"https:\/\/www.organisator.ch\/fr\/gestion-2\/2024-01-17\/sascha-m-burkhalter-ist-der-neue-ceo-des-kaufmaennischen-verbands-schweiz\/\" \/>\n<meta property=\"og:site_name\" content=\"Organisator\" \/>\n<meta property=\"article:publisher\" content=\"https:\/\/www.facebook.com\/OrganisatorFachmagazin\" \/>\n<meta property=\"article:published_time\" content=\"2024-01-17T09:27:56+00:00\" \/>\n<meta property=\"article:modified_time\" content=\"2024-01-17T10:45:06+00:00\" \/>\n<meta property=\"og:image\" content=\"https:\/\/www.organisator.ch\/wp-content\/uploads\/2024\/01\/2024_Sascha_M_Burkhalter_ps.jpg\" \/>\n\t<meta property=\"og:image:width\" content=\"680\" \/>\n\t<meta property=\"og:image:height\" content=\"662\" \/>\n\t<meta property=\"og:image:type\" content=\"image\/jpeg\" \/>\n<meta name=\"author\" content=\"Adelisa Kalajdzini\" \/>\n<meta name=\"twitter:card\" content=\"summary_large_image\" \/>\n<meta name=\"twitter:title\" content=\"Sascha M. Burkhalter ist der neue CEO des Kaufm\u00e4nnischen Verbands Schweiz\" \/>\n<meta name=\"twitter:description\" content=\"Seit dem 1. Januar 2024 hat der #Kaufm\u00e4nnische #Verband #Schweiz einen neuen #CEO: Sascha M. #Burkhalter. Er folgt auf Christian Z\u00fcnd.\" \/>\n<meta name=\"twitter:image\" content=\"https:\/\/www.organisator.ch\/wp-content\/uploads\/2024\/01\/2024_Sascha_M_Burkhalter_ps.jpg\" \/>\n<script type=\"application\/ld+json\" class=\"yoast-schema-graph\">{\"@context\":\"https:\\\/\\\/schema.org\",\"@graph\":[{\"@type\":\"Article\",\"@id\":\"https:\\\/\\\/www.organisator.ch\\\/management\\\/2024-01-17\\\/sascha-m-burkhalter-ist-der-neue-ceo-des-kaufmaennischen-verbands-schweiz\\\/#article\",\"isPartOf\":{\"@id\":\"https:\\\/\\\/www.organisator.ch\\\/management\\\/2024-01-17\\\/sascha-m-burkhalter-ist-der-neue-ceo-des-kaufmaennischen-verbands-schweiz\\\/\"},\"author\":{\"name\":\"Adelisa Kalajdzini\",\"@id\":\"https:\\\/\\\/www.organisator.ch\\\/#\\\/schema\\\/person\\\/2e1314a2172123f874db408d8911d3f3\"},\"headline\":\"Sascha M. Burkhalter ist der neue CEO des Kaufm\u00e4nnischen Verbands Schweiz\",\"datePublished\":\"2024-01-17T09:27:56+00:00\",\"dateModified\":\"2024-01-17T10:45:06+00:00\",\"mainEntityOfPage\":{\"@id\":\"https:\\\/\\\/www.organisator.ch\\\/management\\\/2024-01-17\\\/sascha-m-burkhalter-ist-der-neue-ceo-des-kaufmaennischen-verbands-schweiz\\\/\"},\"wordCount\":403,\"publisher\":{\"@id\":\"https:\\\/\\\/www.organisator.ch\\\/#organization\"},\"image\":{\"@id\":\"https:\\\/\\\/www.organisator.ch\\\/management\\\/2024-01-17\\\/sascha-m-burkhalter-ist-der-neue-ceo-des-kaufmaennischen-verbands-schweiz\\\/#primaryimage\"},\"thumbnailUrl\":\"https:\\\/\\\/www.organisator.ch\\\/wp-content\\\/uploads\\\/2024\\\/01\\\/2024_Sascha_M_Burkhalter_ps.jpg\",\"keywords\":[\"Management\",\"Management und Unternehmensf\u00fchrung\",\"Schweiz\",\"Unternehmen\",\"Verband\"],\"articleSection\":[\"MANAGEMENT\"],\"inLanguage\":\"fr-FR\"},{\"@type\":\"WebPage\",\"@id\":\"https:\\\/\\\/www.organisator.ch\\\/management\\\/2024-01-17\\\/sascha-m-burkhalter-ist-der-neue-ceo-des-kaufmaennischen-verbands-schweiz\\\/\",\"url\":\"https:\\\/\\\/www.organisator.ch\\\/management\\\/2024-01-17\\\/sascha-m-burkhalter-ist-der-neue-ceo-des-kaufmaennischen-verbands-schweiz\\\/\",\"name\":\"Sascha M. Burkhalter ist der neue CEO des Kaufm\u00e4nnischen Verbands Schweiz - Organisator\",\"isPartOf\":{\"@id\":\"https:\\\/\\\/www.organisator.ch\\\/#website\"},\"primaryImageOfPage\":{\"@id\":\"https:\\\/\\\/www.organisator.ch\\\/management\\\/2024-01-17\\\/sascha-m-burkhalter-ist-der-neue-ceo-des-kaufmaennischen-verbands-schweiz\\\/#primaryimage\"},\"image\":{\"@id\":\"https:\\\/\\\/www.organisator.ch\\\/management\\\/2024-01-17\\\/sascha-m-burkhalter-ist-der-neue-ceo-des-kaufmaennischen-verbands-schweiz\\\/#primaryimage\"},\"thumbnailUrl\":\"https:\\\/\\\/www.organisator.ch\\\/wp-content\\\/uploads\\\/2024\\\/01\\\/2024_Sascha_M_Burkhalter_ps.jpg\",\"datePublished\":\"2024-01-17T09:27:56+00:00\",\"dateModified\":\"2024-01-17T10:45:06+00:00\",\"description\":\"Seit dem 1. Januar 2024 hat der Kaufm\u00e4nnische Verband Schweiz einen neuen CEO: Sascha M. Burkhalter. Er folgt auf Christian Z\u00fcnd.\",\"breadcrumb\":{\"@id\":\"https:\\\/\\\/www.organisator.ch\\\/management\\\/2024-01-17\\\/sascha-m-burkhalter-ist-der-neue-ceo-des-kaufmaennischen-verbands-schweiz\\\/#breadcrumb\"},\"inLanguage\":\"fr-FR\",\"potentialAction\":[{\"@type\":\"ReadAction\",\"target\":[\"https:\\\/\\\/www.organisator.ch\\\/management\\\/2024-01-17\\\/sascha-m-burkhalter-ist-der-neue-ceo-des-kaufmaennischen-verbands-schweiz\\\/\"]}]},{\"@type\":\"ImageObject\",\"inLanguage\":\"fr-FR\",\"@id\":\"https:\\\/\\\/www.organisator.ch\\\/management\\\/2024-01-17\\\/sascha-m-burkhalter-ist-der-neue-ceo-des-kaufmaennischen-verbands-schweiz\\\/#primaryimage\",\"url\":\"https:\\\/\\\/www.organisator.ch\\\/wp-content\\\/uploads\\\/2024\\\/01\\\/2024_Sascha_M_Burkhalter_ps.jpg\",\"contentUrl\":\"https:\\\/\\\/www.organisator.ch\\\/wp-content\\\/uploads\\\/2024\\\/01\\\/2024_Sascha_M_Burkhalter_ps.jpg\",\"width\":680,\"height\":662,\"caption\":\"Sascha M. Burkhalter - Der neue CEO des Kaufm\u00e4nnischen Verbands Schweiz. (Bild: Kaufm\u00e4nnischer Verband Schweiz\\\/Reto Schlatter)\"},{\"@type\":\"BreadcrumbList\",\"@id\":\"https:\\\/\\\/www.organisator.ch\\\/management\\\/2024-01-17\\\/sascha-m-burkhalter-ist-der-neue-ceo-des-kaufmaennischen-verbands-schweiz\\\/#breadcrumb\",\"itemListElement\":[{\"@type\":\"ListItem\",\"position\":1,\"name\":\"Home\",\"item\":\"https:\\\/\\\/www.organisator.ch\\\/\"},{\"@type\":\"ListItem\",\"position\":2,\"name\":\"Sascha M. Burkhalter ist der neue CEO des Kaufm\u00e4nnischen Verbands Schweiz\"}]},{\"@type\":\"WebSite\",\"@id\":\"https:\\\/\\\/www.organisator.ch\\\/#website\",\"url\":\"https:\\\/\\\/www.organisator.ch\\\/\",\"name\":\"Organisator\",\"description\":\"Kompetent. Praxisnah. Der ORGANISATOR bereitet in 10 Ausgaben pro Jahr die wesentlichen Themen f\u00fcr F\u00fchrungskr\u00e4fte von KMU auf.\",\"publisher\":{\"@id\":\"https:\\\/\\\/www.organisator.ch\\\/#organization\"},\"potentialAction\":[{\"@type\":\"SearchAction\",\"target\":{\"@type\":\"EntryPoint\",\"urlTemplate\":\"https:\\\/\\\/www.organisator.ch\\\/?s={search_term_string}\"},\"query-input\":{\"@type\":\"PropertyValueSpecification\",\"valueRequired\":true,\"valueName\":\"search_term_string\"}}],\"inLanguage\":\"fr-FR\"},{\"@type\":\"Organization\",\"@id\":\"https:\\\/\\\/www.organisator.ch\\\/#organization\",\"name\":\"Organisator\",\"url\":\"https:\\\/\\\/www.organisator.ch\\\/\",\"logo\":{\"@type\":\"ImageObject\",\"inLanguage\":\"fr-FR\",\"@id\":\"https:\\\/\\\/www.organisator.ch\\\/#\\\/schema\\\/logo\\\/image\\\/\",\"url\":\"https:\\\/\\\/www.organisator.ch\\\/wp-content\\\/uploads\\\/2022\\\/01\\\/Logo_Organisator_Website.png\",\"contentUrl\":\"https:\\\/\\\/www.organisator.ch\\\/wp-content\\\/uploads\\\/2022\\\/01\\\/Logo_Organisator_Website.png\",\"width\":800,\"height\":77,\"caption\":\"Organisator\"},\"image\":{\"@id\":\"https:\\\/\\\/www.organisator.ch\\\/#\\\/schema\\\/logo\\\/image\\\/\"},\"sameAs\":[\"https:\\\/\\\/www.facebook.com\\\/OrganisatorFachmagazin\",\"https:\\\/\\\/www.linkedin.com\\\/showcase\\\/organisator-das-magazin-fr-kmu\",\"https:\\\/\\\/www.xing.com\\\/news\\\/pages\\\/organisator-ch-695\",\"https:\\\/\\\/www.youtube.com\\\/channel\\\/UCGP2Sq0iWaZwT3BdIAQFYpw\"]},{\"@type\":\"Person\",\"@id\":\"https:\\\/\\\/www.organisator.ch\\\/#\\\/schema\\\/person\\\/2e1314a2172123f874db408d8911d3f3\",\"name\":\"Adelisa Kalajdzini\",\"image\":{\"@type\":\"ImageObject\",\"inLanguage\":\"fr-FR\",\"@id\":\"https:\\\/\\\/secure.gravatar.com\\\/avatar\\\/09a397c22ac58cad6f160ee8306348599df9df58a8ede73696226897b9fa4b24?s=96&d=mm&r=g\",\"url\":\"https:\\\/\\\/secure.gravatar.com\\\/avatar\\\/09a397c22ac58cad6f160ee8306348599df9df58a8ede73696226897b9fa4b24?s=96&d=mm&r=g\",\"contentUrl\":\"https:\\\/\\\/secure.gravatar.com\\\/avatar\\\/09a397c22ac58cad6f160ee8306348599df9df58a8ede73696226897b9fa4b24?s=96&d=mm&r=g\",\"caption\":\"Adelisa Kalajdzini\"},\"url\":\"https:\\\/\\\/www.organisator.ch\\\/fr\\\/author\\\/adelisa-kalajdzini\\\/\"}]}<\/script>\n<!-- \/ Yoast SEO plugin. -->","yoast_head_json":{"title":"Sascha M. Burkhalter est le nouveau CEO de la Soci\u00e9t\u00e9 suisse des employ\u00e9s de commerce - Organisateur","description":"Depuis le 1er janvier 2024, la Soci\u00e9t\u00e9 suisse des employ\u00e9s de commerce a un nouveau CEO : Sascha M. Burkhalter. Il succ\u00e8de \u00e0 Christian Z\u00fcnd.","robots":{"index":"index","follow":"follow","max-snippet":"max-snippet:-1","max-image-preview":"max-image-preview:large","max-video-preview":"max-video-preview:-1"},"canonical":"https:\/\/www.organisator.ch\/fr\/gestion-2\/2024-01-17\/sascha-m-burkhalter-ist-der-neue-ceo-des-kaufmaennischen-verbands-schweiz\/","og_locale":"fr_FR","og_type":"article","og_title":"Sascha M. Burkhalter ist der neue CEO des Kaufm\u00e4nnischen Verbands Schweiz","og_description":"Seit dem 1. Januar 2024 hat der Kaufm\u00e4nnische Verband Schweiz einen neuen CEO: Sascha M. Burkhalter. Er folgt auf Christian Z\u00fcnd.","og_url":"https:\/\/www.organisator.ch\/fr\/gestion-2\/2024-01-17\/sascha-m-burkhalter-ist-der-neue-ceo-des-kaufmaennischen-verbands-schweiz\/","og_site_name":"Organisator","article_publisher":"https:\/\/www.facebook.com\/OrganisatorFachmagazin","article_published_time":"2024-01-17T09:27:56+00:00","article_modified_time":"2024-01-17T10:45:06+00:00","og_image":[{"width":680,"height":662,"url":"https:\/\/www.organisator.ch\/wp-content\/uploads\/2024\/01\/2024_Sascha_M_Burkhalter_ps.jpg","type":"image\/jpeg"}],"author":"Adelisa Kalajdzini","twitter_card":"summary_large_image","twitter_title":"Sascha M. Burkhalter ist der neue CEO des Kaufm\u00e4nnischen Verbands Schweiz","twitter_description":"Seit dem 1. Januar 2024 hat der #Kaufm\u00e4nnische #Verband #Schweiz einen neuen #CEO: Sascha M. #Burkhalter. Er folgt auf Christian Z\u00fcnd.","twitter_image":"https:\/\/www.organisator.ch\/wp-content\/uploads\/2024\/01\/2024_Sascha_M_Burkhalter_ps.jpg","schema":{"@context":"https:\/\/schema.org","@graph":[{"@type":"Article","@id":"https:\/\/www.organisator.ch\/management\/2024-01-17\/sascha-m-burkhalter-ist-der-neue-ceo-des-kaufmaennischen-verbands-schweiz\/#article","isPartOf":{"@id":"https:\/\/www.organisator.ch\/management\/2024-01-17\/sascha-m-burkhalter-ist-der-neue-ceo-des-kaufmaennischen-verbands-schweiz\/"},"author":{"name":"Adelisa Kalajdzini","@id":"https:\/\/www.organisator.ch\/#\/schema\/person\/2e1314a2172123f874db408d8911d3f3"},"headline":"Sascha M. Burkhalter ist der neue CEO des Kaufm\u00e4nnischen Verbands Schweiz","datePublished":"2024-01-17T09:27:56+00:00","dateModified":"2024-01-17T10:45:06+00:00","mainEntityOfPage":{"@id":"https:\/\/www.organisator.ch\/management\/2024-01-17\/sascha-m-burkhalter-ist-der-neue-ceo-des-kaufmaennischen-verbands-schweiz\/"},"wordCount":403,"publisher":{"@id":"https:\/\/www.organisator.ch\/#organization"},"image":{"@id":"https:\/\/www.organisator.ch\/management\/2024-01-17\/sascha-m-burkhalter-ist-der-neue-ceo-des-kaufmaennischen-verbands-schweiz\/#primaryimage"},"thumbnailUrl":"https:\/\/www.organisator.ch\/wp-content\/uploads\/2024\/01\/2024_Sascha_M_Burkhalter_ps.jpg","keywords":["Management","Management und Unternehmensf\u00fchrung","Schweiz","Unternehmen","Verband"],"articleSection":["MANAGEMENT"],"inLanguage":"fr-FR"},{"@type":"WebPage","@id":"https:\/\/www.organisator.ch\/management\/2024-01-17\/sascha-m-burkhalter-ist-der-neue-ceo-des-kaufmaennischen-verbands-schweiz\/","url":"https:\/\/www.organisator.ch\/management\/2024-01-17\/sascha-m-burkhalter-ist-der-neue-ceo-des-kaufmaennischen-verbands-schweiz\/","name":"Sascha M. Burkhalter est le nouveau CEO de la Soci\u00e9t\u00e9 suisse des employ\u00e9s de commerce - Organisateur","isPartOf":{"@id":"https:\/\/www.organisator.ch\/#website"},"primaryImageOfPage":{"@id":"https:\/\/www.organisator.ch\/management\/2024-01-17\/sascha-m-burkhalter-ist-der-neue-ceo-des-kaufmaennischen-verbands-schweiz\/#primaryimage"},"image":{"@id":"https:\/\/www.organisator.ch\/management\/2024-01-17\/sascha-m-burkhalter-ist-der-neue-ceo-des-kaufmaennischen-verbands-schweiz\/#primaryimage"},"thumbnailUrl":"https:\/\/www.organisator.ch\/wp-content\/uploads\/2024\/01\/2024_Sascha_M_Burkhalter_ps.jpg","datePublished":"2024-01-17T09:27:56+00:00","dateModified":"2024-01-17T10:45:06+00:00","description":"Depuis le 1er janvier 2024, la Soci\u00e9t\u00e9 suisse des employ\u00e9s de commerce a un nouveau CEO : Sascha M. Burkhalter. Il succ\u00e8de \u00e0 Christian Z\u00fcnd.","breadcrumb":{"@id":"https:\/\/www.organisator.ch\/management\/2024-01-17\/sascha-m-burkhalter-ist-der-neue-ceo-des-kaufmaennischen-verbands-schweiz\/#breadcrumb"},"inLanguage":"fr-FR","potentialAction":[{"@type":"ReadAction","target":["https:\/\/www.organisator.ch\/management\/2024-01-17\/sascha-m-burkhalter-ist-der-neue-ceo-des-kaufmaennischen-verbands-schweiz\/"]}]},{"@type":"ImageObject","inLanguage":"fr-FR","@id":"https:\/\/www.organisator.ch\/management\/2024-01-17\/sascha-m-burkhalter-ist-der-neue-ceo-des-kaufmaennischen-verbands-schweiz\/#primaryimage","url":"https:\/\/www.organisator.ch\/wp-content\/uploads\/2024\/01\/2024_Sascha_M_Burkhalter_ps.jpg","contentUrl":"https:\/\/www.organisator.ch\/wp-content\/uploads\/2024\/01\/2024_Sascha_M_Burkhalter_ps.jpg","width":680,"height":662,"caption":"Sascha M. Burkhalter - Der neue CEO des Kaufm\u00e4nnischen Verbands Schweiz. (Bild: Kaufm\u00e4nnischer Verband Schweiz\/Reto Schlatter)"},{"@type":"BreadcrumbList","@id":"https:\/\/www.organisator.ch\/management\/2024-01-17\/sascha-m-burkhalter-ist-der-neue-ceo-des-kaufmaennischen-verbands-schweiz\/#breadcrumb","itemListElement":[{"@type":"ListItem","position":1,"name":"Home","item":"https:\/\/www.organisator.ch\/"},{"@type":"ListItem","position":2,"name":"Sascha M. Burkhalter ist der neue CEO des Kaufm\u00e4nnischen Verbands Schweiz"}]},{"@type":"WebSite","@id":"https:\/\/www.organisator.ch\/#website","url":"https:\/\/www.organisator.ch\/","name":"Organisateur","description":"Comp\u00e9tence et comp\u00e9tence. Proches de la pratique. L'ORGANISATEUR pr\u00e9pare 10 num\u00e9ros par an sur les th\u00e8mes essentiels pour les dirigeants de PME.","publisher":{"@id":"https:\/\/www.organisator.ch\/#organization"},"potentialAction":[{"@type":"SearchAction","target":{"@type":"EntryPoint","urlTemplate":"https:\/\/www.organisator.ch\/?s={search_term_string}"},"query-input":{"@type":"PropertyValueSpecification","valueRequired":true,"valueName":"search_term_string"}}],"inLanguage":"fr-FR"},{"@type":"Organization","@id":"https:\/\/www.organisator.ch\/#organization","name":"Organisateur","url":"https:\/\/www.organisator.ch\/","logo":{"@type":"ImageObject","inLanguage":"fr-FR","@id":"https:\/\/www.organisator.ch\/#\/schema\/logo\/image\/","url":"https:\/\/www.organisator.ch\/wp-content\/uploads\/2022\/01\/Logo_Organisator_Website.png","contentUrl":"https:\/\/www.organisator.ch\/wp-content\/uploads\/2022\/01\/Logo_Organisator_Website.png","width":800,"height":77,"caption":"Organisator"},"image":{"@id":"https:\/\/www.organisator.ch\/#\/schema\/logo\/image\/"},"sameAs":["https:\/\/www.facebook.com\/OrganisatorFachmagazin","https:\/\/www.linkedin.com\/showcase\/organisator-das-magazin-fr-kmu","https:\/\/www.xing.com\/news\/pages\/organisator-ch-695","https:\/\/www.youtube.com\/channel\/UCGP2Sq0iWaZwT3BdIAQFYpw"]},{"@type":"Person","@id":"https:\/\/www.organisator.ch\/#\/schema\/person\/2e1314a2172123f874db408d8911d3f3","name":"Adelisa Kalajdzini","image":{"@type":"ImageObject","inLanguage":"fr-FR","@id":"https:\/\/secure.gravatar.com\/avatar\/09a397c22ac58cad6f160ee8306348599df9df58a8ede73696226897b9fa4b24?s=96&d=mm&r=g","url":"https:\/\/secure.gravatar.com\/avatar\/09a397c22ac58cad6f160ee8306348599df9df58a8ede73696226897b9fa4b24?s=96&d=mm&r=g","contentUrl":"https:\/\/secure.gravatar.com\/avatar\/09a397c22ac58cad6f160ee8306348599df9df58a8ede73696226897b9fa4b24?s=96&d=mm&r=g","caption":"Adelisa Kalajdzini"},"url":"https:\/\/www.organisator.ch\/fr\/author\/adelisa-kalajdzini\/"}]}},"_links":{"self":[{"href":"https:\/\/www.organisator.ch\/fr\/wp-json\/wp\/v2\/posts\/24359","targetHints":{"allow":["GET"]}}],"collection":[{"href":"https:\/\/www.organisator.ch\/fr\/wp-json\/wp\/v2\/posts"}],"about":[{"href":"https:\/\/www.organisator.ch\/fr\/wp-json\/wp\/v2\/types\/post"}],"author":[{"embeddable":true,"href":"https:\/\/www.organisator.ch\/fr\/wp-json\/wp\/v2\/users\/58"}],"replies":[{"embeddable":true,"href":"https:\/\/www.organisator.ch\/fr\/wp-json\/wp\/v2\/comments?post=24359"}],"version-history":[{"count":7,"href":"https:\/\/www.organisator.ch\/fr\/wp-json\/wp\/v2\/posts\/24359\/revisions"}],"predecessor-version":[{"id":24390,"href":"https:\/\/www.organisator.ch\/fr\/wp-json\/wp\/v2\/posts\/24359\/revisions\/24390"}],"wp:featuredmedia":[{"embeddable":true,"href":"https:\/\/www.organisator.ch\/fr\/wp-json\/wp\/v2\/media\/24360"}],"wp:attachment":[{"href":"https:\/\/www.organisator.ch\/fr\/wp-json\/wp\/v2\/media?parent=24359"}],"wp:term":[{"taxonomy":"category","embeddable":true,"href":"https:\/\/www.organisator.ch\/fr\/wp-json\/wp\/v2\/categories?post=24359"},{"taxonomy":"post_tag","embeddable":true,"href":"https:\/\/www.organisator.ch\/fr\/wp-json\/wp\/v2\/tags?post=24359"}],"curies":[{"name":"wp","href":"https:\/\/api.w.org\/{rel}","templated":true}]}}