{"id":24451,"date":"2024-01-22T08:26:27","date_gmt":"2024-01-22T07:26:27","guid":{"rendered":"https:\/\/www.organisator.ch\/?p=24451"},"modified":"2024-01-22T09:29:52","modified_gmt":"2024-01-22T08:29:52","slug":"sef-2024-gemeinsam-in-eine-erfolgreiche-zukunft","status":"publish","type":"post","link":"https:\/\/www.organisator.ch\/fr\/human-resources\/2024-01-22\/sef-2024-gemeinsam-in-eine-erfolgreiche-zukunft\/","title":{"rendered":"SEF 2024 : ensemble vers un avenir prosp\u00e8re"},"content":{"rendered":"<figure id=\"attachment_24453\" class=\"wp-caption alignnone\" style=\"width: 680px;\" aria-describedby=\"caption-attachment-24453\"><img class=\"size-full wp-image-24453\" src=\"https:\/\/www.organisator.ch\/wp-content\/uploads\/2024\/01\/SEF_Bild1_ps.jpg\" sizes=\"(max-width: 680px) 100vw, 680px\" srcset=\"https:\/\/www.organisator.ch\/wp-content\/uploads\/2024\/01\/SEF_Bild1_ps.jpg 680w, https:\/\/www.organisator.ch\/wp-content\/uploads\/2024\/01\/SEF_Bild1_ps-18x12.jpg 18w, https:\/\/www.organisator.ch\/wp-content\/uploads\/2024\/01\/SEF_Bild1_ps-375x250.jpg 375w, https:\/\/www.organisator.ch\/wp-content\/uploads\/2024\/01\/SEF_Bild1_ps-525x350.jpg 525w\" alt=\"\" width=\"680\" height=\"453\" \/>\r\n<figcaption id=\"caption-attachment-24453\" class=\"wp-caption-text\">Le Swiss Economic Forum (SEF) de cette ann\u00e9e, dont la devise est \"When the going gets tough\", aura lieu les 6 et 7 juin \u00e0 Interlaken. (Image : www.swisseconomic.ch)<\/figcaption>\r\n<\/figure>\r\n<p>C'est pr\u00e9cis\u00e9ment en ces temps en constante \u00e9volution que les entrepreneurs, les d\u00e9cideurs politiques et les scientifiques sont particuli\u00e8rement appel\u00e9s \u00e0 r\u00e9fl\u00e9chir au r\u00f4le de la Suisse dans le monde ainsi qu'au renforcement et au maintien de la comp\u00e9titivit\u00e9 de l'\u00e9conomie.<\/p>\r\n<p>Comment g\u00e9rer aujourd'hui avec succ\u00e8s une entreprise dont les conditions cadres changent constamment \u00e0 l'avenir ? Comment faire de la politique lorsqu'une nouvelle crise survient chaque ann\u00e9e ? Ce sont pr\u00e9cis\u00e9ment ces th\u00e8mes centraux qui seront abord\u00e9s cette ann\u00e9e par les participants et les intervenants du SEF. L'objectif est de chercher ensemble des r\u00e9ponses \u00e0 la question de savoir comment la Suisse peut utiliser sa force d'innovation et comment son \u00e9conomie peut \u00eatre dirig\u00e9e avec succ\u00e8s vers la prochaine g\u00e9n\u00e9ration gr\u00e2ce \u00e0 des strat\u00e9gies \u00e0 long terme et durables.<\/p>\r\n<p>Cette ann\u00e9e, le SEF sera inaugur\u00e9 par la pr\u00e9sidente de la Conf\u00e9d\u00e9ration Viola Amherd. Il sera suivi d'un programme passionnant avec des intervenants nationaux et internationaux - des personnalit\u00e9s du monde \u00e9conomique, politique et scientifique :<\/p>\r\n<ul>\r\n\t<li>Sanna Marin, Ancienne Premi\u00e8re ministre de Finlande (2019-2023)<\/li>\r\n\t<li>Nassim Nicholas Taleb, \u00e9conomiste am\u00e9ricain et analyste de tendances<\/li>\r\n\t<li>Beatrice Weder di Mauro, pr\u00e9sidente du Centre for Economic Policy Research (CEPR), professeur au Geneva Graduate Institute et \u00e0 l'INSEAD<\/li>\r\n\t<li>Georges Kern, CEO de Breitling SA<\/li>\r\n\t<li>Simon Michel, conseiller national, CEO et membre du conseil d'administration du groupe Ypsomed<\/li>\r\n\t<li>Anders Indset, philosophe \u00e9conomique et auteur<\/li>\r\n\t<li>Lia W\u00e4lti, footballeuse professionnelle<\/li>\r\n\t<li>Yalda Hakim, journaliste de la BBC ayant remport\u00e9 un prix<\/li>\r\n<\/ul>\r\n<p>Outre un programme-cadre vari\u00e9, le Swiss Economic Award, le prix r\u00e9compensant les jeunes entreprises en Suisse, sera \u00e9galement d\u00e9cern\u00e9 cette ann\u00e9e au SEF.<\/p>\r\n<p><em>Source et informations compl\u00e9mentaires : <a href=\"http:\/\/www.swisseconomic.ch\/\">www.swisseconomic.ch<\/a><\/em><\/p>","protected":false},"excerpt":{"rendered":"<p>Les 6 et 7 juin 2024, Interlaken accueillera la 26e \u00e9dition du Swiss Economic Forum (SEF). Fermet\u00e9, force de caract\u00e8re et d\u00e9termination sont n\u00e9cessaires pour faire face au slogan du SEF de cette ann\u00e9e : When the going gets tough.<\/p>","protected":false},"author":58,"featured_media":24453,"comment_status":"closed","ping_status":"closed","sticky":false,"template":"","format":"standard","meta":{"_acf_changed":false,"_yoast_wpseo_focuskw":"SEF","_yoast_wpseo_metadesc":"Am 6. und 7. Juni 2024 findet in Interlaken die 26. Ausgabe des Swiss Economic Forum (SEF) mit dem Motto \"When the going gets tough\" statt.","articlekey":"","footnotes":""},"categories":[579],"tags":[65,221,424,2255,492],"class_list":["post-24451","post","type-post","status-publish","format-standard","has-post-thumbnail","hentry","category-human-resources","tag-award","tag-forum","tag-schweiz","tag-swiss-economic-forum","tag-unternehmen"],"acf":[],"yoast_head":"<!-- This site is optimized with the Yoast SEO plugin v27.5 - https:\/\/yoast.com\/product\/yoast-seo-wordpress\/ -->\n<title>SEF 2024: Gemeinsam in eine erfolgreiche Zukunft - Organisator<\/title>\n<meta name=\"description\" content=\"Am 6. und 7. Juni 2024 findet in Interlaken die 26. Ausgabe des Swiss Economic Forum (SEF) mit dem Motto &quot;When the going gets tough&quot; statt.\" \/>\n<meta name=\"robots\" content=\"index, follow, max-snippet:-1, max-image-preview:large, max-video-preview:-1\" \/>\n<link rel=\"canonical\" href=\"https:\/\/www.organisator.ch\/fr\/ressources-humaines\/2024-01-22\/sef-2024-gemeinsam-in-eine-erfolgreiche-zukunft\/\" \/>\n<meta property=\"og:locale\" content=\"fr_FR\" \/>\n<meta property=\"og:type\" content=\"article\" \/>\n<meta property=\"og:title\" content=\"SEF 2024: Gemeinsam in eine erfolgreiche Zukunft\" \/>\n<meta property=\"og:description\" content=\"Am 6. und 7. Juni 2024 findet in Interlaken die 26. Ausgabe des Swiss Economic Forum (SEF) mit dem Motto &quot;When the going gets tough&quot; statt.\" \/>\n<meta property=\"og:url\" content=\"https:\/\/www.organisator.ch\/fr\/ressources-humaines\/2024-01-22\/sef-2024-gemeinsam-in-eine-erfolgreiche-zukunft\/\" \/>\n<meta property=\"og:site_name\" content=\"Organisator\" \/>\n<meta property=\"article:publisher\" content=\"https:\/\/www.facebook.com\/OrganisatorFachmagazin\" \/>\n<meta property=\"article:published_time\" content=\"2024-01-22T07:26:27+00:00\" \/>\n<meta property=\"article:modified_time\" content=\"2024-01-22T08:29:52+00:00\" \/>\n<meta property=\"og:image\" content=\"https:\/\/www.organisator.ch\/wp-content\/uploads\/2024\/01\/SEF_Bild1_ps.jpg\" \/>\n\t<meta property=\"og:image:width\" content=\"680\" \/>\n\t<meta property=\"og:image:height\" content=\"453\" \/>\n\t<meta property=\"og:image:type\" content=\"image\/jpeg\" \/>\n<meta name=\"author\" content=\"Adelisa Kalajdzini\" \/>\n<meta name=\"twitter:card\" content=\"summary_large_image\" \/>\n<meta name=\"twitter:title\" content=\"SEF 2024: Gemeinsam in eine erfolgreiche Zukunft\" \/>\n<meta name=\"twitter:description\" content=\"Am 6. und 7. Juni 2024 findet in Interlaken die #26. Ausgabe des #Swiss Economic Forum #(SEF) mit dem Motto &quot;When the going gets tough&quot; statt.\" \/>\n<meta name=\"twitter:image\" content=\"https:\/\/www.organisator.ch\/wp-content\/uploads\/2024\/01\/SEF_Bild1_ps.jpg\" \/>\n<script type=\"application\/ld+json\" class=\"yoast-schema-graph\">{\"@context\":\"https:\\\/\\\/schema.org\",\"@graph\":[{\"@type\":\"Article\",\"@id\":\"https:\\\/\\\/www.organisator.ch\\\/human-resources\\\/2024-01-22\\\/sef-2024-gemeinsam-in-eine-erfolgreiche-zukunft\\\/#article\",\"isPartOf\":{\"@id\":\"https:\\\/\\\/www.organisator.ch\\\/human-resources\\\/2024-01-22\\\/sef-2024-gemeinsam-in-eine-erfolgreiche-zukunft\\\/\"},\"author\":{\"name\":\"Adelisa Kalajdzini\",\"@id\":\"https:\\\/\\\/www.organisator.ch\\\/#\\\/schema\\\/person\\\/2e1314a2172123f874db408d8911d3f3\"},\"headline\":\"SEF 2024: Gemeinsam in eine erfolgreiche Zukunft\",\"datePublished\":\"2024-01-22T07:26:27+00:00\",\"dateModified\":\"2024-01-22T08:29:52+00:00\",\"mainEntityOfPage\":{\"@id\":\"https:\\\/\\\/www.organisator.ch\\\/human-resources\\\/2024-01-22\\\/sef-2024-gemeinsam-in-eine-erfolgreiche-zukunft\\\/\"},\"wordCount\":268,\"publisher\":{\"@id\":\"https:\\\/\\\/www.organisator.ch\\\/#organization\"},\"image\":{\"@id\":\"https:\\\/\\\/www.organisator.ch\\\/human-resources\\\/2024-01-22\\\/sef-2024-gemeinsam-in-eine-erfolgreiche-zukunft\\\/#primaryimage\"},\"thumbnailUrl\":\"https:\\\/\\\/www.organisator.ch\\\/wp-content\\\/uploads\\\/2024\\\/01\\\/SEF_Bild1_ps.jpg\",\"keywords\":[\"Award\",\"Forum\",\"Schweiz\",\"Swiss Economic Forum\",\"Unternehmen\"],\"articleSection\":[\"HUMAN RESOURCES\"],\"inLanguage\":\"fr-FR\"},{\"@type\":\"WebPage\",\"@id\":\"https:\\\/\\\/www.organisator.ch\\\/human-resources\\\/2024-01-22\\\/sef-2024-gemeinsam-in-eine-erfolgreiche-zukunft\\\/\",\"url\":\"https:\\\/\\\/www.organisator.ch\\\/human-resources\\\/2024-01-22\\\/sef-2024-gemeinsam-in-eine-erfolgreiche-zukunft\\\/\",\"name\":\"SEF 2024: Gemeinsam in eine erfolgreiche Zukunft - Organisator\",\"isPartOf\":{\"@id\":\"https:\\\/\\\/www.organisator.ch\\\/#website\"},\"primaryImageOfPage\":{\"@id\":\"https:\\\/\\\/www.organisator.ch\\\/human-resources\\\/2024-01-22\\\/sef-2024-gemeinsam-in-eine-erfolgreiche-zukunft\\\/#primaryimage\"},\"image\":{\"@id\":\"https:\\\/\\\/www.organisator.ch\\\/human-resources\\\/2024-01-22\\\/sef-2024-gemeinsam-in-eine-erfolgreiche-zukunft\\\/#primaryimage\"},\"thumbnailUrl\":\"https:\\\/\\\/www.organisator.ch\\\/wp-content\\\/uploads\\\/2024\\\/01\\\/SEF_Bild1_ps.jpg\",\"datePublished\":\"2024-01-22T07:26:27+00:00\",\"dateModified\":\"2024-01-22T08:29:52+00:00\",\"description\":\"Am 6. und 7. Juni 2024 findet in Interlaken die 26. Ausgabe des Swiss Economic Forum (SEF) mit dem Motto \\\"When the going gets tough\\\" statt.\",\"breadcrumb\":{\"@id\":\"https:\\\/\\\/www.organisator.ch\\\/human-resources\\\/2024-01-22\\\/sef-2024-gemeinsam-in-eine-erfolgreiche-zukunft\\\/#breadcrumb\"},\"inLanguage\":\"fr-FR\",\"potentialAction\":[{\"@type\":\"ReadAction\",\"target\":[\"https:\\\/\\\/www.organisator.ch\\\/human-resources\\\/2024-01-22\\\/sef-2024-gemeinsam-in-eine-erfolgreiche-zukunft\\\/\"]}]},{\"@type\":\"ImageObject\",\"inLanguage\":\"fr-FR\",\"@id\":\"https:\\\/\\\/www.organisator.ch\\\/human-resources\\\/2024-01-22\\\/sef-2024-gemeinsam-in-eine-erfolgreiche-zukunft\\\/#primaryimage\",\"url\":\"https:\\\/\\\/www.organisator.ch\\\/wp-content\\\/uploads\\\/2024\\\/01\\\/SEF_Bild1_ps.jpg\",\"contentUrl\":\"https:\\\/\\\/www.organisator.ch\\\/wp-content\\\/uploads\\\/2024\\\/01\\\/SEF_Bild1_ps.jpg\",\"width\":680,\"height\":453,\"caption\":\"Der diesj\u00e4hrige Swiss Economic Forum (SEF) mit dem Motto \u00abWhen the going gets tough\u00bb findet am 6. Und 7. Juni in Interlaken statt. (Bild: www.swisseconomic.ch)\"},{\"@type\":\"BreadcrumbList\",\"@id\":\"https:\\\/\\\/www.organisator.ch\\\/human-resources\\\/2024-01-22\\\/sef-2024-gemeinsam-in-eine-erfolgreiche-zukunft\\\/#breadcrumb\",\"itemListElement\":[{\"@type\":\"ListItem\",\"position\":1,\"name\":\"Home\",\"item\":\"https:\\\/\\\/www.organisator.ch\\\/\"},{\"@type\":\"ListItem\",\"position\":2,\"name\":\"SEF 2024: Gemeinsam in eine erfolgreiche Zukunft\"}]},{\"@type\":\"WebSite\",\"@id\":\"https:\\\/\\\/www.organisator.ch\\\/#website\",\"url\":\"https:\\\/\\\/www.organisator.ch\\\/\",\"name\":\"Organisator\",\"description\":\"Kompetent. Praxisnah. Der ORGANISATOR bereitet in 10 Ausgaben pro Jahr die wesentlichen Themen f\u00fcr F\u00fchrungskr\u00e4fte von KMU auf.\",\"publisher\":{\"@id\":\"https:\\\/\\\/www.organisator.ch\\\/#organization\"},\"potentialAction\":[{\"@type\":\"SearchAction\",\"target\":{\"@type\":\"EntryPoint\",\"urlTemplate\":\"https:\\\/\\\/www.organisator.ch\\\/?s={search_term_string}\"},\"query-input\":{\"@type\":\"PropertyValueSpecification\",\"valueRequired\":true,\"valueName\":\"search_term_string\"}}],\"inLanguage\":\"fr-FR\"},{\"@type\":\"Organization\",\"@id\":\"https:\\\/\\\/www.organisator.ch\\\/#organization\",\"name\":\"Organisator\",\"url\":\"https:\\\/\\\/www.organisator.ch\\\/\",\"logo\":{\"@type\":\"ImageObject\",\"inLanguage\":\"fr-FR\",\"@id\":\"https:\\\/\\\/www.organisator.ch\\\/#\\\/schema\\\/logo\\\/image\\\/\",\"url\":\"https:\\\/\\\/www.organisator.ch\\\/wp-content\\\/uploads\\\/2022\\\/01\\\/Logo_Organisator_Website.png\",\"contentUrl\":\"https:\\\/\\\/www.organisator.ch\\\/wp-content\\\/uploads\\\/2022\\\/01\\\/Logo_Organisator_Website.png\",\"width\":800,\"height\":77,\"caption\":\"Organisator\"},\"image\":{\"@id\":\"https:\\\/\\\/www.organisator.ch\\\/#\\\/schema\\\/logo\\\/image\\\/\"},\"sameAs\":[\"https:\\\/\\\/www.facebook.com\\\/OrganisatorFachmagazin\",\"https:\\\/\\\/www.linkedin.com\\\/showcase\\\/organisator-das-magazin-fr-kmu\",\"https:\\\/\\\/www.xing.com\\\/news\\\/pages\\\/organisator-ch-695\",\"https:\\\/\\\/www.youtube.com\\\/channel\\\/UCGP2Sq0iWaZwT3BdIAQFYpw\"]},{\"@type\":\"Person\",\"@id\":\"https:\\\/\\\/www.organisator.ch\\\/#\\\/schema\\\/person\\\/2e1314a2172123f874db408d8911d3f3\",\"name\":\"Adelisa Kalajdzini\",\"image\":{\"@type\":\"ImageObject\",\"inLanguage\":\"fr-FR\",\"@id\":\"https:\\\/\\\/secure.gravatar.com\\\/avatar\\\/09a397c22ac58cad6f160ee8306348599df9df58a8ede73696226897b9fa4b24?s=96&d=mm&r=g\",\"url\":\"https:\\\/\\\/secure.gravatar.com\\\/avatar\\\/09a397c22ac58cad6f160ee8306348599df9df58a8ede73696226897b9fa4b24?s=96&d=mm&r=g\",\"contentUrl\":\"https:\\\/\\\/secure.gravatar.com\\\/avatar\\\/09a397c22ac58cad6f160ee8306348599df9df58a8ede73696226897b9fa4b24?s=96&d=mm&r=g\",\"caption\":\"Adelisa Kalajdzini\"},\"url\":\"https:\\\/\\\/www.organisator.ch\\\/fr\\\/author\\\/adelisa-kalajdzini\\\/\"}]}<\/script>\n<!-- \/ Yoast SEO plugin. -->","yoast_head_json":{"title":"SEF 2024 : ensemble vers un avenir prosp\u00e8re - Organisateur","description":"Les 6 et 7 juin 2024, Interlaken accueillera la 26e \u00e9dition du Swiss Economic Forum (SEF) avec pour th\u00e8me \"When the going gets tough\".","robots":{"index":"index","follow":"follow","max-snippet":"max-snippet:-1","max-image-preview":"max-image-preview:large","max-video-preview":"max-video-preview:-1"},"canonical":"https:\/\/www.organisator.ch\/fr\/ressources-humaines\/2024-01-22\/sef-2024-gemeinsam-in-eine-erfolgreiche-zukunft\/","og_locale":"fr_FR","og_type":"article","og_title":"SEF 2024: Gemeinsam in eine erfolgreiche Zukunft","og_description":"Am 6. und 7. Juni 2024 findet in Interlaken die 26. Ausgabe des Swiss Economic Forum (SEF) mit dem Motto \"When the going gets tough\" statt.","og_url":"https:\/\/www.organisator.ch\/fr\/ressources-humaines\/2024-01-22\/sef-2024-gemeinsam-in-eine-erfolgreiche-zukunft\/","og_site_name":"Organisator","article_publisher":"https:\/\/www.facebook.com\/OrganisatorFachmagazin","article_published_time":"2024-01-22T07:26:27+00:00","article_modified_time":"2024-01-22T08:29:52+00:00","og_image":[{"width":680,"height":453,"url":"https:\/\/www.organisator.ch\/wp-content\/uploads\/2024\/01\/SEF_Bild1_ps.jpg","type":"image\/jpeg"}],"author":"Adelisa Kalajdzini","twitter_card":"summary_large_image","twitter_title":"SEF 2024: Gemeinsam in eine erfolgreiche Zukunft","twitter_description":"Am 6. und 7. Juni 2024 findet in Interlaken die #26. Ausgabe des #Swiss Economic Forum #(SEF) mit dem Motto \"When the going gets tough\" statt.","twitter_image":"https:\/\/www.organisator.ch\/wp-content\/uploads\/2024\/01\/SEF_Bild1_ps.jpg","schema":{"@context":"https:\/\/schema.org","@graph":[{"@type":"Article","@id":"https:\/\/www.organisator.ch\/human-resources\/2024-01-22\/sef-2024-gemeinsam-in-eine-erfolgreiche-zukunft\/#article","isPartOf":{"@id":"https:\/\/www.organisator.ch\/human-resources\/2024-01-22\/sef-2024-gemeinsam-in-eine-erfolgreiche-zukunft\/"},"author":{"name":"Adelisa Kalajdzini","@id":"https:\/\/www.organisator.ch\/#\/schema\/person\/2e1314a2172123f874db408d8911d3f3"},"headline":"SEF 2024: Gemeinsam in eine erfolgreiche Zukunft","datePublished":"2024-01-22T07:26:27+00:00","dateModified":"2024-01-22T08:29:52+00:00","mainEntityOfPage":{"@id":"https:\/\/www.organisator.ch\/human-resources\/2024-01-22\/sef-2024-gemeinsam-in-eine-erfolgreiche-zukunft\/"},"wordCount":268,"publisher":{"@id":"https:\/\/www.organisator.ch\/#organization"},"image":{"@id":"https:\/\/www.organisator.ch\/human-resources\/2024-01-22\/sef-2024-gemeinsam-in-eine-erfolgreiche-zukunft\/#primaryimage"},"thumbnailUrl":"https:\/\/www.organisator.ch\/wp-content\/uploads\/2024\/01\/SEF_Bild1_ps.jpg","keywords":["Award","Forum","Schweiz","Swiss Economic Forum","Unternehmen"],"articleSection":["HUMAN RESOURCES"],"inLanguage":"fr-FR"},{"@type":"WebPage","@id":"https:\/\/www.organisator.ch\/human-resources\/2024-01-22\/sef-2024-gemeinsam-in-eine-erfolgreiche-zukunft\/","url":"https:\/\/www.organisator.ch\/human-resources\/2024-01-22\/sef-2024-gemeinsam-in-eine-erfolgreiche-zukunft\/","name":"SEF 2024 : ensemble vers un avenir prosp\u00e8re - Organisateur","isPartOf":{"@id":"https:\/\/www.organisator.ch\/#website"},"primaryImageOfPage":{"@id":"https:\/\/www.organisator.ch\/human-resources\/2024-01-22\/sef-2024-gemeinsam-in-eine-erfolgreiche-zukunft\/#primaryimage"},"image":{"@id":"https:\/\/www.organisator.ch\/human-resources\/2024-01-22\/sef-2024-gemeinsam-in-eine-erfolgreiche-zukunft\/#primaryimage"},"thumbnailUrl":"https:\/\/www.organisator.ch\/wp-content\/uploads\/2024\/01\/SEF_Bild1_ps.jpg","datePublished":"2024-01-22T07:26:27+00:00","dateModified":"2024-01-22T08:29:52+00:00","description":"Les 6 et 7 juin 2024, Interlaken accueillera la 26e \u00e9dition du Swiss Economic Forum (SEF) avec pour th\u00e8me \"When the going gets tough\".","breadcrumb":{"@id":"https:\/\/www.organisator.ch\/human-resources\/2024-01-22\/sef-2024-gemeinsam-in-eine-erfolgreiche-zukunft\/#breadcrumb"},"inLanguage":"fr-FR","potentialAction":[{"@type":"ReadAction","target":["https:\/\/www.organisator.ch\/human-resources\/2024-01-22\/sef-2024-gemeinsam-in-eine-erfolgreiche-zukunft\/"]}]},{"@type":"ImageObject","inLanguage":"fr-FR","@id":"https:\/\/www.organisator.ch\/human-resources\/2024-01-22\/sef-2024-gemeinsam-in-eine-erfolgreiche-zukunft\/#primaryimage","url":"https:\/\/www.organisator.ch\/wp-content\/uploads\/2024\/01\/SEF_Bild1_ps.jpg","contentUrl":"https:\/\/www.organisator.ch\/wp-content\/uploads\/2024\/01\/SEF_Bild1_ps.jpg","width":680,"height":453,"caption":"Der diesj\u00e4hrige Swiss Economic Forum (SEF) mit dem Motto \u00abWhen the going gets tough\u00bb findet am 6. Und 7. Juni in Interlaken statt. (Bild: www.swisseconomic.ch)"},{"@type":"BreadcrumbList","@id":"https:\/\/www.organisator.ch\/human-resources\/2024-01-22\/sef-2024-gemeinsam-in-eine-erfolgreiche-zukunft\/#breadcrumb","itemListElement":[{"@type":"ListItem","position":1,"name":"Home","item":"https:\/\/www.organisator.ch\/"},{"@type":"ListItem","position":2,"name":"SEF 2024: Gemeinsam in eine erfolgreiche Zukunft"}]},{"@type":"WebSite","@id":"https:\/\/www.organisator.ch\/#website","url":"https:\/\/www.organisator.ch\/","name":"Organisateur","description":"Comp\u00e9tence et comp\u00e9tence. Proches de la pratique. L'ORGANISATEUR pr\u00e9pare 10 num\u00e9ros par an sur les th\u00e8mes essentiels pour les dirigeants de PME.","publisher":{"@id":"https:\/\/www.organisator.ch\/#organization"},"potentialAction":[{"@type":"SearchAction","target":{"@type":"EntryPoint","urlTemplate":"https:\/\/www.organisator.ch\/?s={search_term_string}"},"query-input":{"@type":"PropertyValueSpecification","valueRequired":true,"valueName":"search_term_string"}}],"inLanguage":"fr-FR"},{"@type":"Organization","@id":"https:\/\/www.organisator.ch\/#organization","name":"Organisateur","url":"https:\/\/www.organisator.ch\/","logo":{"@type":"ImageObject","inLanguage":"fr-FR","@id":"https:\/\/www.organisator.ch\/#\/schema\/logo\/image\/","url":"https:\/\/www.organisator.ch\/wp-content\/uploads\/2022\/01\/Logo_Organisator_Website.png","contentUrl":"https:\/\/www.organisator.ch\/wp-content\/uploads\/2022\/01\/Logo_Organisator_Website.png","width":800,"height":77,"caption":"Organisator"},"image":{"@id":"https:\/\/www.organisator.ch\/#\/schema\/logo\/image\/"},"sameAs":["https:\/\/www.facebook.com\/OrganisatorFachmagazin","https:\/\/www.linkedin.com\/showcase\/organisator-das-magazin-fr-kmu","https:\/\/www.xing.com\/news\/pages\/organisator-ch-695","https:\/\/www.youtube.com\/channel\/UCGP2Sq0iWaZwT3BdIAQFYpw"]},{"@type":"Person","@id":"https:\/\/www.organisator.ch\/#\/schema\/person\/2e1314a2172123f874db408d8911d3f3","name":"Adelisa Kalajdzini","image":{"@type":"ImageObject","inLanguage":"fr-FR","@id":"https:\/\/secure.gravatar.com\/avatar\/09a397c22ac58cad6f160ee8306348599df9df58a8ede73696226897b9fa4b24?s=96&d=mm&r=g","url":"https:\/\/secure.gravatar.com\/avatar\/09a397c22ac58cad6f160ee8306348599df9df58a8ede73696226897b9fa4b24?s=96&d=mm&r=g","contentUrl":"https:\/\/secure.gravatar.com\/avatar\/09a397c22ac58cad6f160ee8306348599df9df58a8ede73696226897b9fa4b24?s=96&d=mm&r=g","caption":"Adelisa Kalajdzini"},"url":"https:\/\/www.organisator.ch\/fr\/author\/adelisa-kalajdzini\/"}]}},"_links":{"self":[{"href":"https:\/\/www.organisator.ch\/fr\/wp-json\/wp\/v2\/posts\/24451","targetHints":{"allow":["GET"]}}],"collection":[{"href":"https:\/\/www.organisator.ch\/fr\/wp-json\/wp\/v2\/posts"}],"about":[{"href":"https:\/\/www.organisator.ch\/fr\/wp-json\/wp\/v2\/types\/post"}],"author":[{"embeddable":true,"href":"https:\/\/www.organisator.ch\/fr\/wp-json\/wp\/v2\/users\/58"}],"replies":[{"embeddable":true,"href":"https:\/\/www.organisator.ch\/fr\/wp-json\/wp\/v2\/comments?post=24451"}],"version-history":[{"count":5,"href":"https:\/\/www.organisator.ch\/fr\/wp-json\/wp\/v2\/posts\/24451\/revisions"}],"predecessor-version":[{"id":24482,"href":"https:\/\/www.organisator.ch\/fr\/wp-json\/wp\/v2\/posts\/24451\/revisions\/24482"}],"wp:featuredmedia":[{"embeddable":true,"href":"https:\/\/www.organisator.ch\/fr\/wp-json\/wp\/v2\/media\/24453"}],"wp:attachment":[{"href":"https:\/\/www.organisator.ch\/fr\/wp-json\/wp\/v2\/media?parent=24451"}],"wp:term":[{"taxonomy":"category","embeddable":true,"href":"https:\/\/www.organisator.ch\/fr\/wp-json\/wp\/v2\/categories?post=24451"},{"taxonomy":"post_tag","embeddable":true,"href":"https:\/\/www.organisator.ch\/fr\/wp-json\/wp\/v2\/tags?post=24451"}],"curies":[{"name":"wp","href":"https:\/\/api.w.org\/{rel}","templated":true}]}}