{"id":24455,"date":"2024-01-19T18:21:44","date_gmt":"2024-01-19T17:21:44","guid":{"rendered":"https:\/\/www.organisator.ch\/?p=24455"},"modified":"2024-02-01T09:14:42","modified_gmt":"2024-02-01T08:14:42","slug":"die-furrerfrey-ag-ist-preistraegerin-des-phoenix-award-2023","status":"publish","type":"post","link":"https:\/\/www.organisator.ch\/fr\/management\/2024-01-19\/die-furrerfrey-ag-ist-preistraegerin-des-phoenix-award-2023\/","title":{"rendered":"Furrer+Frey AG est laur\u00e9ate du Phoenix Award 2023"},"content":{"rendered":"<figure id=\"attachment_24456\" aria-describedby=\"caption-attachment-24456\" style=\"width: 680px\" class=\"wp-caption alignnone\"><img loading=\"lazy\" decoding=\"async\" class=\"size-full wp-image-24456\" src=\"https:\/\/www.organisator.ch\/wp-content\/uploads\/2024\/01\/Die-FurrerFrey-AG-ist-Preistraegerin-des-Phoenix-Award-2023_Organisator.jpg\" alt=\"\" width=\"680\" height=\"482\" srcset=\"https:\/\/www.organisator.ch\/wp-content\/uploads\/2024\/01\/Die-FurrerFrey-AG-ist-Preistraegerin-des-Phoenix-Award-2023_Organisator.jpg 680w, https:\/\/www.organisator.ch\/wp-content\/uploads\/2024\/01\/Die-FurrerFrey-AG-ist-Preistraegerin-des-Phoenix-Award-2023_Organisator-18x12.jpg 18w, https:\/\/www.organisator.ch\/wp-content\/uploads\/2024\/01\/Die-FurrerFrey-AG-ist-Preistraegerin-des-Phoenix-Award-2023_Organisator-375x266.jpg 375w, https:\/\/www.organisator.ch\/wp-content\/uploads\/2024\/01\/Die-FurrerFrey-AG-ist-Preistraegerin-des-Phoenix-Award-2023_Organisator-494x350.jpg 494w\" sizes=\"auto, (max-width: 680px) 100vw, 680px\" \/><figcaption id=\"caption-attachment-24456\" class=\"wp-caption-text\">Deux g\u00e9n\u00e9rations de l'entreprise familiale Furrer+Frey AG ont re\u00e7u le Phoenix Award 2023 pour l'entrepreneuriat suisse \u00e0 long terme. De gauche \u00e0 droite : Martin Godel, chef de direction adjoint de la Promotion \u00e9conomique et responsable de la Politique PME au SECO, Carla Kaufmann, vice-pr\u00e9sidente de l'Association fa\u00eeti\u00e8re suisse pour la succession d'entreprises - CHDU, Rico Furrer, CEO Furrer+Frey AG, Beat Furrer, membre de la direction de Furrer+Frey AG, Armin Baumann, CEO PME SWISS AG, laudateur et membre du conseil du jury, et Dominik Blunschy, conseiller national. (Photo : Association fa\u00eeti\u00e8re suisse pour la succession d'entreprise - CHDU)<\/figcaption><\/figure>\n<p>Le Phoenix Award pour l'entrepreneuriat \u00e0 long terme, d\u00e9cern\u00e9 pour la quatri\u00e8me fois, revient \u00e0 nouveau \u00e0 une entreprise bernoise : Apr\u00e8s la <a href=\"https:\/\/www.organisator.ch\/de\/management\/2023-01-13\/die-blaser-cafe-ag-mit-dem-phoenix-award-2022-ausgezeichnet\/\">Blaser Caf\u00e9 AG 2022<\/a> Furrer+Frey AG a \u00e9t\u00e9 honor\u00e9e le 19 janvier 2024. Beat Furrer, membre de la direction et repr\u00e9sentant de la troisi\u00e8me g\u00e9n\u00e9ration de l'entreprise familiale, et son fils Rico Furrer, CEO, ont re\u00e7u le prix en personne. Cette distinction vient clore en beaut\u00e9 l'ann\u00e9e 2023, au cours de laquelle l'entreprise a f\u00eat\u00e9 ses 100 ans d'existence. Le certificat de laur\u00e9at a \u00e9t\u00e9 remis par Carla Kaufmann, vice-pr\u00e9sidente du CHDU, en compagnie du laudateur Armin Baumann, membre du comit\u00e9 consultatif du jury du Phoenix Award et CEO de PME SWISS AG. Dans son \u00e9loge, il a notamment rendu hommage \u00e0 l'entreprise en ces termes : \"J'aimerais qu'il y ait davantage d'entreprises comme Furrer+Frey AG. Agir avec succ\u00e8s en tant qu'entreprise pendant plus de 100 ans est ph\u00e9nom\u00e9nal, si l'on consid\u00e8re qu'aujourd'hui, sur cinq nouvelles entreprises, une seule survit \u00e0 sa cinqui\u00e8me ann\u00e9e\".<\/p>\n<p>Le conseiller national Dominik Blunschy a \u00e9galement transmis ses f\u00e9licitations personnelles \u00e0 l'occasion de cette distinction. \"En assurant avec succ\u00e8s la succession de l'entreprise jusqu'\u00e0 la quatri\u00e8me g\u00e9n\u00e9ration, Furrer+Frey SA a apport\u00e9 une contribution durable \u00e0 l'innovation et \u00e0 l'\u00e9conomie suisses. L'entreprise est embl\u00e9matique de nos PME, qui sont le c\u0153ur et le moteur de l'\u00e9conomie suisse\", a-t-il r\u00e9sum\u00e9. Martin Godel, chef de direction suppl\u00e9ant de la Promotion \u00e9conomique et responsable de la Politique PME au SECO, a \u00e9galement f\u00e9licit\u00e9 les laur\u00e9ats au si\u00e8ge bernois de l'entreprise.<\/p>\n<h3>Mettre en lumi\u00e8re les successions d'entreprises r\u00e9ussies<\/h3>\n<p>Le site <a href=\"https:\/\/impulswerk.us10.list-manage.com\/track\/click?u=c6a56467d013139377a7ad4e3&amp;id=a4ccb03f79&amp;e=dec83a6326\">Prix Phoenix<\/a> pour l'entrepreneuriat suisse \u00e0 long terme est d\u00e9cern\u00e9 chaque ann\u00e9e depuis 2020. Il rend hommage aux PME suisses qui ma\u00eetrisent le r\u00e8glement de leur succession depuis au moins un si\u00e8cle. Elles obtiennent ainsi la visibilit\u00e9 et la sc\u00e8ne qu'elles m\u00e9ritent. Les PME qui ont r\u00e9ussi \u00e0 assurer leur succession pendant une si longue p\u00e9riode ont g\u00e9n\u00e9ralement d\u00e9j\u00e0 d\u00fb surmonter plusieurs crises, telles que des guerres mondiales et des crises \u00e9conomiques, et rena\u00eetre de leurs cendres, tel le \"Phoenix\". Furrer+Frey en a \u00e9galement fait l'exp\u00e9rience, par exemple lors du d\u00e9c\u00e8s pr\u00e9matur\u00e9 du fondateur de l'entreprise Emil Furrer ou lors du d\u00e9part de la deuxi\u00e8me famille fondatrice. Malgr\u00e9 tout, l'entreprise a toujours fait preuve de r\u00e9silience.<\/p>\n<p>Les laur\u00e9ats potentiels sont des PME suisses qui f\u00eatent leur 100e anniversaire ou qui sont inscrites depuis 100 ans au registre du commerce suisse. Parmi ces entreprises, un jury sp\u00e9cialis\u00e9 et un comit\u00e9 consultatif compos\u00e9 de repr\u00e9sentants du monde scientifique, de l'entrepreneuriat et des m\u00e9dias d\u00e9terminent le laur\u00e9at du Phoenix Award dans le cadre d'une proc\u00e9dure en plusieurs \u00e9tapes. L'\u00e9valuation se concentre sur la capacit\u00e9 d'innovation et de disruption, la performance de l'\u00e9quipe ainsi que la contribution sociale et \u00e9conomique de l'entreprise. En ce sens, Furrer+Frey s'est av\u00e9r\u00e9 \u00eatre un candidat digne du Phoenix Award de cette ann\u00e9e.<\/p>\n<h3><strong>Le jury convaincu par le courage, la comp\u00e9tence professionnelle et la force d'innovation<\/strong><\/h3>\n<p>D'un bureau d'ing\u00e9nieurs de deux personnes, fond\u00e9 \u00e0 Berne par les ing\u00e9nieurs Emil Furrer et Arnold Frey en 1923, \u00e0 l'un des principaux fournisseurs internationaux de syst\u00e8mes de cat\u00e9naires pour les transports publics. Le courage entrepreneurial, la comp\u00e9tence professionnelle et une mission forte sont \u00e0 la base de cette histoire \u00e0 succ\u00e8s : soutenir les chemins de fer dans leur \u00e9lectrification et r\u00e9aliser des travaux de lignes a\u00e9riennes. Il y a 100 ans, les deux fondateurs de l'entreprise ont ainsi remport\u00e9 leur premier contrat avec les CFF, qui sont toujours clients de Furrer+Frey AG. Le jury et le comit\u00e9 consultatif du Phoenix Award ont \u00e9galement \u00e9t\u00e9 convaincus par ces capacit\u00e9s qui, depuis, constituent le fil rouge du d\u00e9veloppement de l'entreprise. Ils r\u00e9sument la valeur du prix de l'entreprise entre autres par ces points :<\/p>\n<ul>\n<li>L'orientation cons\u00e9quente vers les comp\u00e9tences cl\u00e9s que sont la construction de cat\u00e9naires et l'\u00e9lectrification de la mobilit\u00e9 publique.<\/li>\n<li>La force d'innovation qui s'est manifest\u00e9e dans diff\u00e9rents d\u00e9veloppements et projets et qui a servi de base \u00e0 l'expansion internationale, par exemple :\n<ul>\n<li>en 1984, le d\u00e9veloppement du syst\u00e8me de rail conducteur au plafond, dont la premi\u00e8re circulation \u00e0 302 km\/h en 2014 a constitu\u00e9 un record mondial.<\/li>\n<li>Syst\u00e8mes de cat\u00e9naires d\u00e9velopp\u00e9s en interne, qui sont devenus la norme suisse pour les chemins de fer priv\u00e9s depuis 2003.<\/li>\n<li>Des projets tels que les tunnels de base du Zimmerberg et du Ceneri, le tramway de Berne Ouest, le chemin de fer de la vall\u00e9e de la Limmat et divers autres grands projets.<\/li>\n<\/ul>\n<\/li>\n<li>La capacit\u00e9 de succession avec la gestion de l'entreprise familiale par la quatri\u00e8me g\u00e9n\u00e9ration.<\/li>\n<li>Le mod\u00e8le commercial durable de l'entreprise, qui contribue en permanence \u00e0 la d\u00e9carbonisation des transports publics.<\/li>\n<li>Financer la croissance en grande partie par ses propres moyens afin de conserver son ind\u00e9pendance entrepreneuriale.<\/li>\n<li>L'esprit d'\u00e9quipe et le grand engagement envers les collaborateurs par la valorisation et la transmission du savoir-faire.<\/li>\n<\/ul>\n<h3><strong>Avec un peu de chance et les bons collaborateurs<\/strong><\/h3>\n<p>Depuis 1991, Furrer+Frey SA est active au niveau international et a fond\u00e9 entre-temps des filiales en Italie, en Grande-Bretagne, en Chine, en Allemagne et en Inde, employant au total 340 collaborateurs. Le fait que leur engagement fasse partie des facteurs de succ\u00e8s d\u00e9cisifs est aujourd'hui encore bien ancr\u00e9 dans la conscience des g\u00e9n\u00e9rations Furrer. Cela se refl\u00e8te \u00e9galement dans les remerciements de Beat et Rico Furrer : \"Nous sommes tr\u00e8s heureux de recevoir le Phoenix Award et le consid\u00e9rons \u00e0 la fois comme une reconnaissance de la r\u00e9ussite de notre entreprise et comme une grande estime pour nos collaborateurs. Car c'est gr\u00e2ce \u00e0 eux, en plus de leur propre travail, de leur modestie, de leur conscience et d'un soup\u00e7on de chance, que notre entreprise existe encore aujourd'hui. De plus, cet Award renforce l'importance de la succession d'entreprise pour la diversit\u00e9 de notre paysage de PME suisses et pour la place industrielle suisse, ce dont nous nous r\u00e9jouissons\".<\/p>\n<p><em>Source : <a href=\"https:\/\/www.chdu.ch\/\">Association fa\u00eeti\u00e8re suisse pour la succession d'entreprise CHDU<\/a>. <a href=\"https:\/\/www.furrerfrey.ch\/de\/furrerfrey\/wir.html\">Plus d'informations sur le laur\u00e9at<\/a><\/em><\/p>","protected":false},"excerpt":{"rendered":"<p>R\u00e9compens\u00e9 pour l'entrepreneuriat suisse \u00e0 long terme : 100 ans de succ\u00e8s dans la construction de cat\u00e9naires m\u00e9ritent un hommage \u00e0 la hauteur. Le 19 janvier 2024, Furrer+Frey AG a re\u00e7u le Phoenix Award 2023 pour l'entrepreneuriat suisse \u00e0 long terme, d\u00e9cern\u00e9 par l'Association fa\u00eeti\u00e8re suisse pour la succession d'entreprises - CHDU. <\/p>","protected":false},"author":4,"featured_media":24456,"comment_status":"closed","ping_status":"closed","sticky":false,"template":"","format":"standard","meta":{"_acf_changed":false,"_yoast_wpseo_focuskw":"Furrer+Frey","_yoast_wpseo_metadesc":"Am 19. Januar 2024 erhielt die Furrer+Frey AG den Phoenix Award 2023 f\u00fcr langfristiges Schweizer Unternehmertum.","articlekey":"","footnotes":""},"categories":[28],"tags":[66,207,335,492],"class_list":["post-24455","post","type-post","status-publish","format-standard","has-post-thumbnail","hentry","category-management","tag-awards","tag-firmennachfolge","tag-management-und-unternehmensfuehrung","tag-unternehmen"],"acf":[],"yoast_head":"<!-- This site is optimized with the Yoast SEO plugin v27.5 - https:\/\/yoast.com\/product\/yoast-seo-wordpress\/ -->\n<title>Die Furrer+Frey AG ist Preistr\u00e4gerin des Phoenix Award 2023 - Organisator<\/title>\n<meta name=\"description\" content=\"Am 19. Januar 2024 erhielt die Furrer+Frey AG den Phoenix Award 2023 f\u00fcr langfristiges Schweizer Unternehmertum.\" \/>\n<meta name=\"robots\" content=\"index, follow, max-snippet:-1, max-image-preview:large, max-video-preview:-1\" \/>\n<link rel=\"canonical\" href=\"https:\/\/www.organisator.ch\/fr\/gestion-2\/2024-01-19\/die-furrerfrey-ag-ist-preistraegerin-des-phoenix-award-2023\/\" \/>\n<meta property=\"og:locale\" content=\"fr_FR\" \/>\n<meta property=\"og:type\" content=\"article\" \/>\n<meta property=\"og:title\" content=\"Die Furrer+Frey AG ist Preistr\u00e4gerin des Phoenix Award 2023\" \/>\n<meta property=\"og:description\" content=\"Am 19. Januar 2024 erhielt die Furrer+Frey AG den Phoenix Award 2023 f\u00fcr langfristiges Schweizer Unternehmertum.\" \/>\n<meta property=\"og:url\" content=\"https:\/\/www.organisator.ch\/fr\/gestion-2\/2024-01-19\/die-furrerfrey-ag-ist-preistraegerin-des-phoenix-award-2023\/\" \/>\n<meta property=\"og:site_name\" content=\"Organisator\" \/>\n<meta property=\"article:publisher\" content=\"https:\/\/www.facebook.com\/OrganisatorFachmagazin\" \/>\n<meta property=\"article:published_time\" content=\"2024-01-19T17:21:44+00:00\" \/>\n<meta property=\"article:modified_time\" content=\"2024-02-01T08:14:42+00:00\" \/>\n<meta property=\"og:image\" content=\"https:\/\/www.organisator.ch\/wp-content\/uploads\/2024\/01\/Die-FurrerFrey-AG-ist-Preistraegerin-des-Phoenix-Award-2023_Organisator.jpg\" \/>\n\t<meta property=\"og:image:width\" content=\"680\" \/>\n\t<meta property=\"og:image:height\" content=\"482\" \/>\n\t<meta property=\"og:image:type\" content=\"image\/jpeg\" \/>\n<meta name=\"author\" content=\"thomas.berner\" \/>\n<meta name=\"twitter:card\" content=\"summary_large_image\" \/>\n<meta name=\"twitter:title\" content=\"Die #Furrer+Frey AG ist Preistr\u00e4gerin des Phoenix Award 2023\" \/>\n<meta name=\"twitter:description\" content=\"Am 19. Januar 2024 erhielt die #Furrer+Frey AG den #Phoenix Award 2023 f\u00fcr langfristiges Schweizer Unternehmertum.\" \/>\n<meta name=\"twitter:image\" content=\"https:\/\/www.organisator.ch\/wp-content\/uploads\/2024\/01\/Die-FurrerFrey-AG-ist-Preistraegerin-des-Phoenix-Award-2023_Organisator.jpg\" \/>\n<script type=\"application\/ld+json\" class=\"yoast-schema-graph\">{\"@context\":\"https:\\\/\\\/schema.org\",\"@graph\":[{\"@type\":\"Article\",\"@id\":\"https:\\\/\\\/www.organisator.ch\\\/management\\\/2024-01-19\\\/die-furrerfrey-ag-ist-preistraegerin-des-phoenix-award-2023\\\/#article\",\"isPartOf\":{\"@id\":\"https:\\\/\\\/www.organisator.ch\\\/management\\\/2024-01-19\\\/die-furrerfrey-ag-ist-preistraegerin-des-phoenix-award-2023\\\/\"},\"author\":{\"name\":\"thomas.berner\",\"@id\":\"https:\\\/\\\/www.organisator.ch\\\/#\\\/schema\\\/person\\\/6f650f90b2842cd4c0cc334b4e36f67e\"},\"headline\":\"Die Furrer+Frey AG ist Preistr\u00e4gerin des Phoenix Award 2023\",\"datePublished\":\"2024-01-19T17:21:44+00:00\",\"dateModified\":\"2024-02-01T08:14:42+00:00\",\"mainEntityOfPage\":{\"@id\":\"https:\\\/\\\/www.organisator.ch\\\/management\\\/2024-01-19\\\/die-furrerfrey-ag-ist-preistraegerin-des-phoenix-award-2023\\\/\"},\"wordCount\":949,\"publisher\":{\"@id\":\"https:\\\/\\\/www.organisator.ch\\\/#organization\"},\"image\":{\"@id\":\"https:\\\/\\\/www.organisator.ch\\\/management\\\/2024-01-19\\\/die-furrerfrey-ag-ist-preistraegerin-des-phoenix-award-2023\\\/#primaryimage\"},\"thumbnailUrl\":\"https:\\\/\\\/www.organisator.ch\\\/wp-content\\\/uploads\\\/2024\\\/01\\\/Die-FurrerFrey-AG-ist-Preistraegerin-des-Phoenix-Award-2023_Organisator.jpg\",\"keywords\":[\"Awards\",\"Firmennachfolge\",\"Management und Unternehmensf\u00fchrung\",\"Unternehmen\"],\"articleSection\":[\"MANAGEMENT\"],\"inLanguage\":\"fr-FR\"},{\"@type\":\"WebPage\",\"@id\":\"https:\\\/\\\/www.organisator.ch\\\/management\\\/2024-01-19\\\/die-furrerfrey-ag-ist-preistraegerin-des-phoenix-award-2023\\\/\",\"url\":\"https:\\\/\\\/www.organisator.ch\\\/management\\\/2024-01-19\\\/die-furrerfrey-ag-ist-preistraegerin-des-phoenix-award-2023\\\/\",\"name\":\"Die Furrer+Frey AG ist Preistr\u00e4gerin des Phoenix Award 2023 - Organisator\",\"isPartOf\":{\"@id\":\"https:\\\/\\\/www.organisator.ch\\\/#website\"},\"primaryImageOfPage\":{\"@id\":\"https:\\\/\\\/www.organisator.ch\\\/management\\\/2024-01-19\\\/die-furrerfrey-ag-ist-preistraegerin-des-phoenix-award-2023\\\/#primaryimage\"},\"image\":{\"@id\":\"https:\\\/\\\/www.organisator.ch\\\/management\\\/2024-01-19\\\/die-furrerfrey-ag-ist-preistraegerin-des-phoenix-award-2023\\\/#primaryimage\"},\"thumbnailUrl\":\"https:\\\/\\\/www.organisator.ch\\\/wp-content\\\/uploads\\\/2024\\\/01\\\/Die-FurrerFrey-AG-ist-Preistraegerin-des-Phoenix-Award-2023_Organisator.jpg\",\"datePublished\":\"2024-01-19T17:21:44+00:00\",\"dateModified\":\"2024-02-01T08:14:42+00:00\",\"description\":\"Am 19. Januar 2024 erhielt die Furrer+Frey AG den Phoenix Award 2023 f\u00fcr langfristiges Schweizer Unternehmertum.\",\"breadcrumb\":{\"@id\":\"https:\\\/\\\/www.organisator.ch\\\/management\\\/2024-01-19\\\/die-furrerfrey-ag-ist-preistraegerin-des-phoenix-award-2023\\\/#breadcrumb\"},\"inLanguage\":\"fr-FR\",\"potentialAction\":[{\"@type\":\"ReadAction\",\"target\":[\"https:\\\/\\\/www.organisator.ch\\\/management\\\/2024-01-19\\\/die-furrerfrey-ag-ist-preistraegerin-des-phoenix-award-2023\\\/\"]}]},{\"@type\":\"ImageObject\",\"inLanguage\":\"fr-FR\",\"@id\":\"https:\\\/\\\/www.organisator.ch\\\/management\\\/2024-01-19\\\/die-furrerfrey-ag-ist-preistraegerin-des-phoenix-award-2023\\\/#primaryimage\",\"url\":\"https:\\\/\\\/www.organisator.ch\\\/wp-content\\\/uploads\\\/2024\\\/01\\\/Die-FurrerFrey-AG-ist-Preistraegerin-des-Phoenix-Award-2023_Organisator.jpg\",\"contentUrl\":\"https:\\\/\\\/www.organisator.ch\\\/wp-content\\\/uploads\\\/2024\\\/01\\\/Die-FurrerFrey-AG-ist-Preistraegerin-des-Phoenix-Award-2023_Organisator.jpg\",\"width\":680,\"height\":482,\"caption\":\"Zwei Generationen des Familienunternehmens Furrer+Frey AG nahmen den Phoenix Award 2023 f\u00fcr langfristiges Schweizer Unternehmertum entgegen. vlnr.: Martin Godel, stellvertretender Direktionsleiter der Standortf\u00f6rderung und Leiter KMU-Politik beim SECO, Carla Kaufmann, Vizepr\u00e4sidentin Schweizer Dachverband f\u00fcr Unternehmensnachfolge \u2013 CHDU, Rico Furrer, CEO Furrer+Frey AG, Beat Furrer, Gesch\u00e4ftsleitungsmitglied Furrer+Frey AG, Laudator und Mitglied Jury-Beirat Armin Baumann, CEO KMU SWISS AG, und Nationalrat Dominik Blunschy. (Foto: Schweizer Dachverband f\u00fcr Unternehmensnachfolge \u2013 CHDU)\"},{\"@type\":\"BreadcrumbList\",\"@id\":\"https:\\\/\\\/www.organisator.ch\\\/management\\\/2024-01-19\\\/die-furrerfrey-ag-ist-preistraegerin-des-phoenix-award-2023\\\/#breadcrumb\",\"itemListElement\":[{\"@type\":\"ListItem\",\"position\":1,\"name\":\"Home\",\"item\":\"https:\\\/\\\/www.organisator.ch\\\/\"},{\"@type\":\"ListItem\",\"position\":2,\"name\":\"Die Furrer+Frey AG ist Preistr\u00e4gerin des Phoenix Award 2023\"}]},{\"@type\":\"WebSite\",\"@id\":\"https:\\\/\\\/www.organisator.ch\\\/#website\",\"url\":\"https:\\\/\\\/www.organisator.ch\\\/\",\"name\":\"Organisator\",\"description\":\"Kompetent. Praxisnah. Der ORGANISATOR bereitet in 10 Ausgaben pro Jahr die wesentlichen Themen f\u00fcr F\u00fchrungskr\u00e4fte von KMU auf.\",\"publisher\":{\"@id\":\"https:\\\/\\\/www.organisator.ch\\\/#organization\"},\"potentialAction\":[{\"@type\":\"SearchAction\",\"target\":{\"@type\":\"EntryPoint\",\"urlTemplate\":\"https:\\\/\\\/www.organisator.ch\\\/?s={search_term_string}\"},\"query-input\":{\"@type\":\"PropertyValueSpecification\",\"valueRequired\":true,\"valueName\":\"search_term_string\"}}],\"inLanguage\":\"fr-FR\"},{\"@type\":\"Organization\",\"@id\":\"https:\\\/\\\/www.organisator.ch\\\/#organization\",\"name\":\"Organisator\",\"url\":\"https:\\\/\\\/www.organisator.ch\\\/\",\"logo\":{\"@type\":\"ImageObject\",\"inLanguage\":\"fr-FR\",\"@id\":\"https:\\\/\\\/www.organisator.ch\\\/#\\\/schema\\\/logo\\\/image\\\/\",\"url\":\"https:\\\/\\\/www.organisator.ch\\\/wp-content\\\/uploads\\\/2022\\\/01\\\/Logo_Organisator_Website.png\",\"contentUrl\":\"https:\\\/\\\/www.organisator.ch\\\/wp-content\\\/uploads\\\/2022\\\/01\\\/Logo_Organisator_Website.png\",\"width\":800,\"height\":77,\"caption\":\"Organisator\"},\"image\":{\"@id\":\"https:\\\/\\\/www.organisator.ch\\\/#\\\/schema\\\/logo\\\/image\\\/\"},\"sameAs\":[\"https:\\\/\\\/www.facebook.com\\\/OrganisatorFachmagazin\",\"https:\\\/\\\/www.linkedin.com\\\/showcase\\\/organisator-das-magazin-fr-kmu\",\"https:\\\/\\\/www.xing.com\\\/news\\\/pages\\\/organisator-ch-695\",\"https:\\\/\\\/www.youtube.com\\\/channel\\\/UCGP2Sq0iWaZwT3BdIAQFYpw\"]},{\"@type\":\"Person\",\"@id\":\"https:\\\/\\\/www.organisator.ch\\\/#\\\/schema\\\/person\\\/6f650f90b2842cd4c0cc334b4e36f67e\",\"name\":\"thomas.berner\",\"image\":{\"@type\":\"ImageObject\",\"inLanguage\":\"fr-FR\",\"@id\":\"https:\\\/\\\/secure.gravatar.com\\\/avatar\\\/ac5001d2a36cb6c6cd3e50789007ffca834b477b74a2144564522e944eabff61?s=96&d=mm&r=g\",\"url\":\"https:\\\/\\\/secure.gravatar.com\\\/avatar\\\/ac5001d2a36cb6c6cd3e50789007ffca834b477b74a2144564522e944eabff61?s=96&d=mm&r=g\",\"contentUrl\":\"https:\\\/\\\/secure.gravatar.com\\\/avatar\\\/ac5001d2a36cb6c6cd3e50789007ffca834b477b74a2144564522e944eabff61?s=96&d=mm&r=g\",\"caption\":\"thomas.berner\"},\"url\":\"https:\\\/\\\/www.organisator.ch\\\/fr\\\/author\\\/thomas-berner\\\/\"}]}<\/script>\n<!-- \/ Yoast SEO plugin. -->","yoast_head_json":{"title":"Furrer+Frey AG est laur\u00e9at du Phoenix Award 2023 - Organisateur","description":"Le 19 janvier 2024, Furrer+Frey AG a re\u00e7u le Phoenix Award 2023 pour l'entrepreneuriat suisse \u00e0 long terme.","robots":{"index":"index","follow":"follow","max-snippet":"max-snippet:-1","max-image-preview":"max-image-preview:large","max-video-preview":"max-video-preview:-1"},"canonical":"https:\/\/www.organisator.ch\/fr\/gestion-2\/2024-01-19\/die-furrerfrey-ag-ist-preistraegerin-des-phoenix-award-2023\/","og_locale":"fr_FR","og_type":"article","og_title":"Die Furrer+Frey AG ist Preistr\u00e4gerin des Phoenix Award 2023","og_description":"Am 19. Januar 2024 erhielt die Furrer+Frey AG den Phoenix Award 2023 f\u00fcr langfristiges Schweizer Unternehmertum.","og_url":"https:\/\/www.organisator.ch\/fr\/gestion-2\/2024-01-19\/die-furrerfrey-ag-ist-preistraegerin-des-phoenix-award-2023\/","og_site_name":"Organisator","article_publisher":"https:\/\/www.facebook.com\/OrganisatorFachmagazin","article_published_time":"2024-01-19T17:21:44+00:00","article_modified_time":"2024-02-01T08:14:42+00:00","og_image":[{"width":680,"height":482,"url":"https:\/\/www.organisator.ch\/wp-content\/uploads\/2024\/01\/Die-FurrerFrey-AG-ist-Preistraegerin-des-Phoenix-Award-2023_Organisator.jpg","type":"image\/jpeg"}],"author":"thomas.berner","twitter_card":"summary_large_image","twitter_title":"Die #Furrer+Frey AG ist Preistr\u00e4gerin des Phoenix Award 2023","twitter_description":"Am 19. Januar 2024 erhielt die #Furrer+Frey AG den #Phoenix Award 2023 f\u00fcr langfristiges Schweizer Unternehmertum.","twitter_image":"https:\/\/www.organisator.ch\/wp-content\/uploads\/2024\/01\/Die-FurrerFrey-AG-ist-Preistraegerin-des-Phoenix-Award-2023_Organisator.jpg","schema":{"@context":"https:\/\/schema.org","@graph":[{"@type":"Article","@id":"https:\/\/www.organisator.ch\/management\/2024-01-19\/die-furrerfrey-ag-ist-preistraegerin-des-phoenix-award-2023\/#article","isPartOf":{"@id":"https:\/\/www.organisator.ch\/management\/2024-01-19\/die-furrerfrey-ag-ist-preistraegerin-des-phoenix-award-2023\/"},"author":{"name":"thomas.berner","@id":"https:\/\/www.organisator.ch\/#\/schema\/person\/6f650f90b2842cd4c0cc334b4e36f67e"},"headline":"Die Furrer+Frey AG ist Preistr\u00e4gerin des Phoenix Award 2023","datePublished":"2024-01-19T17:21:44+00:00","dateModified":"2024-02-01T08:14:42+00:00","mainEntityOfPage":{"@id":"https:\/\/www.organisator.ch\/management\/2024-01-19\/die-furrerfrey-ag-ist-preistraegerin-des-phoenix-award-2023\/"},"wordCount":949,"publisher":{"@id":"https:\/\/www.organisator.ch\/#organization"},"image":{"@id":"https:\/\/www.organisator.ch\/management\/2024-01-19\/die-furrerfrey-ag-ist-preistraegerin-des-phoenix-award-2023\/#primaryimage"},"thumbnailUrl":"https:\/\/www.organisator.ch\/wp-content\/uploads\/2024\/01\/Die-FurrerFrey-AG-ist-Preistraegerin-des-Phoenix-Award-2023_Organisator.jpg","keywords":["Awards","Firmennachfolge","Management und Unternehmensf\u00fchrung","Unternehmen"],"articleSection":["MANAGEMENT"],"inLanguage":"fr-FR"},{"@type":"WebPage","@id":"https:\/\/www.organisator.ch\/management\/2024-01-19\/die-furrerfrey-ag-ist-preistraegerin-des-phoenix-award-2023\/","url":"https:\/\/www.organisator.ch\/management\/2024-01-19\/die-furrerfrey-ag-ist-preistraegerin-des-phoenix-award-2023\/","name":"Furrer+Frey AG est laur\u00e9at du Phoenix Award 2023 - Organisateur","isPartOf":{"@id":"https:\/\/www.organisator.ch\/#website"},"primaryImageOfPage":{"@id":"https:\/\/www.organisator.ch\/management\/2024-01-19\/die-furrerfrey-ag-ist-preistraegerin-des-phoenix-award-2023\/#primaryimage"},"image":{"@id":"https:\/\/www.organisator.ch\/management\/2024-01-19\/die-furrerfrey-ag-ist-preistraegerin-des-phoenix-award-2023\/#primaryimage"},"thumbnailUrl":"https:\/\/www.organisator.ch\/wp-content\/uploads\/2024\/01\/Die-FurrerFrey-AG-ist-Preistraegerin-des-Phoenix-Award-2023_Organisator.jpg","datePublished":"2024-01-19T17:21:44+00:00","dateModified":"2024-02-01T08:14:42+00:00","description":"Le 19 janvier 2024, Furrer+Frey AG a re\u00e7u le Phoenix Award 2023 pour l'entrepreneuriat suisse \u00e0 long terme.","breadcrumb":{"@id":"https:\/\/www.organisator.ch\/management\/2024-01-19\/die-furrerfrey-ag-ist-preistraegerin-des-phoenix-award-2023\/#breadcrumb"},"inLanguage":"fr-FR","potentialAction":[{"@type":"ReadAction","target":["https:\/\/www.organisator.ch\/management\/2024-01-19\/die-furrerfrey-ag-ist-preistraegerin-des-phoenix-award-2023\/"]}]},{"@type":"ImageObject","inLanguage":"fr-FR","@id":"https:\/\/www.organisator.ch\/management\/2024-01-19\/die-furrerfrey-ag-ist-preistraegerin-des-phoenix-award-2023\/#primaryimage","url":"https:\/\/www.organisator.ch\/wp-content\/uploads\/2024\/01\/Die-FurrerFrey-AG-ist-Preistraegerin-des-Phoenix-Award-2023_Organisator.jpg","contentUrl":"https:\/\/www.organisator.ch\/wp-content\/uploads\/2024\/01\/Die-FurrerFrey-AG-ist-Preistraegerin-des-Phoenix-Award-2023_Organisator.jpg","width":680,"height":482,"caption":"Zwei Generationen des Familienunternehmens Furrer+Frey AG nahmen den Phoenix Award 2023 f\u00fcr langfristiges Schweizer Unternehmertum entgegen. vlnr.: Martin Godel, stellvertretender Direktionsleiter der Standortf\u00f6rderung und Leiter KMU-Politik beim SECO, Carla Kaufmann, Vizepr\u00e4sidentin Schweizer Dachverband f\u00fcr Unternehmensnachfolge \u2013 CHDU, Rico Furrer, CEO Furrer+Frey AG, Beat Furrer, Gesch\u00e4ftsleitungsmitglied Furrer+Frey AG, Laudator und Mitglied Jury-Beirat Armin Baumann, CEO KMU SWISS AG, und Nationalrat Dominik Blunschy. (Foto: Schweizer Dachverband f\u00fcr Unternehmensnachfolge \u2013 CHDU)"},{"@type":"BreadcrumbList","@id":"https:\/\/www.organisator.ch\/management\/2024-01-19\/die-furrerfrey-ag-ist-preistraegerin-des-phoenix-award-2023\/#breadcrumb","itemListElement":[{"@type":"ListItem","position":1,"name":"Home","item":"https:\/\/www.organisator.ch\/"},{"@type":"ListItem","position":2,"name":"Die Furrer+Frey AG ist Preistr\u00e4gerin des Phoenix Award 2023"}]},{"@type":"WebSite","@id":"https:\/\/www.organisator.ch\/#website","url":"https:\/\/www.organisator.ch\/","name":"Organisateur","description":"Comp\u00e9tence et comp\u00e9tence. Proches de la pratique. L'ORGANISATEUR pr\u00e9pare 10 num\u00e9ros par an sur les th\u00e8mes essentiels pour les dirigeants de PME.","publisher":{"@id":"https:\/\/www.organisator.ch\/#organization"},"potentialAction":[{"@type":"SearchAction","target":{"@type":"EntryPoint","urlTemplate":"https:\/\/www.organisator.ch\/?s={search_term_string}"},"query-input":{"@type":"PropertyValueSpecification","valueRequired":true,"valueName":"search_term_string"}}],"inLanguage":"fr-FR"},{"@type":"Organization","@id":"https:\/\/www.organisator.ch\/#organization","name":"Organisateur","url":"https:\/\/www.organisator.ch\/","logo":{"@type":"ImageObject","inLanguage":"fr-FR","@id":"https:\/\/www.organisator.ch\/#\/schema\/logo\/image\/","url":"https:\/\/www.organisator.ch\/wp-content\/uploads\/2022\/01\/Logo_Organisator_Website.png","contentUrl":"https:\/\/www.organisator.ch\/wp-content\/uploads\/2022\/01\/Logo_Organisator_Website.png","width":800,"height":77,"caption":"Organisator"},"image":{"@id":"https:\/\/www.organisator.ch\/#\/schema\/logo\/image\/"},"sameAs":["https:\/\/www.facebook.com\/OrganisatorFachmagazin","https:\/\/www.linkedin.com\/showcase\/organisator-das-magazin-fr-kmu","https:\/\/www.xing.com\/news\/pages\/organisator-ch-695","https:\/\/www.youtube.com\/channel\/UCGP2Sq0iWaZwT3BdIAQFYpw"]},{"@type":"Person","@id":"https:\/\/www.organisator.ch\/#\/schema\/person\/6f650f90b2842cd4c0cc334b4e36f67e","name":"thomas.berner","image":{"@type":"ImageObject","inLanguage":"fr-FR","@id":"https:\/\/secure.gravatar.com\/avatar\/ac5001d2a36cb6c6cd3e50789007ffca834b477b74a2144564522e944eabff61?s=96&d=mm&r=g","url":"https:\/\/secure.gravatar.com\/avatar\/ac5001d2a36cb6c6cd3e50789007ffca834b477b74a2144564522e944eabff61?s=96&d=mm&r=g","contentUrl":"https:\/\/secure.gravatar.com\/avatar\/ac5001d2a36cb6c6cd3e50789007ffca834b477b74a2144564522e944eabff61?s=96&d=mm&r=g","caption":"thomas.berner"},"url":"https:\/\/www.organisator.ch\/fr\/author\/thomas-berner\/"}]}},"_links":{"self":[{"href":"https:\/\/www.organisator.ch\/fr\/wp-json\/wp\/v2\/posts\/24455","targetHints":{"allow":["GET"]}}],"collection":[{"href":"https:\/\/www.organisator.ch\/fr\/wp-json\/wp\/v2\/posts"}],"about":[{"href":"https:\/\/www.organisator.ch\/fr\/wp-json\/wp\/v2\/types\/post"}],"author":[{"embeddable":true,"href":"https:\/\/www.organisator.ch\/fr\/wp-json\/wp\/v2\/users\/4"}],"replies":[{"embeddable":true,"href":"https:\/\/www.organisator.ch\/fr\/wp-json\/wp\/v2\/comments?post=24455"}],"version-history":[{"count":10,"href":"https:\/\/www.organisator.ch\/fr\/wp-json\/wp\/v2\/posts\/24455\/revisions"}],"predecessor-version":[{"id":24465,"href":"https:\/\/www.organisator.ch\/fr\/wp-json\/wp\/v2\/posts\/24455\/revisions\/24465"}],"wp:featuredmedia":[{"embeddable":true,"href":"https:\/\/www.organisator.ch\/fr\/wp-json\/wp\/v2\/media\/24456"}],"wp:attachment":[{"href":"https:\/\/www.organisator.ch\/fr\/wp-json\/wp\/v2\/media?parent=24455"}],"wp:term":[{"taxonomy":"category","embeddable":true,"href":"https:\/\/www.organisator.ch\/fr\/wp-json\/wp\/v2\/categories?post=24455"},{"taxonomy":"post_tag","embeddable":true,"href":"https:\/\/www.organisator.ch\/fr\/wp-json\/wp\/v2\/tags?post=24455"}],"curies":[{"name":"wp","href":"https:\/\/api.w.org\/{rel}","templated":true}]}}