{"id":2447,"date":"2017-09-15T15:14:16","date_gmt":"2017-09-15T13:14:16","guid":{"rendered":"https:\/\/www.organisator.ch\/?p=2447"},"modified":"2017-09-15T15:14:16","modified_gmt":"2017-09-15T13:14:16","slug":"business-day-der-schlagabtausch-und-die-einigkeit-ohne-digitalisierung-geht-es-nicht","status":"publish","type":"post","link":"https:\/\/www.organisator.ch\/fr\/management\/2017-09-15\/business-day-der-schlagabtausch-und-die-einigkeit-ohne-digitalisierung-geht-es-nicht\/","title":{"rendered":"Business Day : L'\u00e9change et l'unit\u00e9 - sans num\u00e9risation, rien ne va plus"},"content":{"rendered":"<figure id=\"attachment_2449\" aria-describedby=\"caption-attachment-2449\" style=\"width: 640px\" class=\"wp-caption alignnone\"><img loading=\"lazy\" decoding=\"async\" class=\"size-full wp-image-2449\" src=\"https:\/\/www.organisator.ch\/wp-content\/uploads\/2017\/09\/Business-Day-Der-Schlagabtausch-und-die-Einigkeit-ohne-Digitalisierung-geht-es-nicht-1_Organisator.jpg\" alt=\"\" width=\"640\" height=\"427\" srcset=\"https:\/\/www.organisator.ch\/wp-content\/uploads\/2017\/09\/Business-Day-Der-Schlagabtausch-und-die-Einigkeit-ohne-Digitalisierung-geht-es-nicht-1_Organisator.jpg 640w, https:\/\/www.organisator.ch\/wp-content\/uploads\/2017\/09\/Business-Day-Der-Schlagabtausch-und-die-Einigkeit-ohne-Digitalisierung-geht-es-nicht-1_Organisator-16x12.jpg 16w, https:\/\/www.organisator.ch\/wp-content\/uploads\/2017\/09\/Business-Day-Der-Schlagabtausch-und-die-Einigkeit-ohne-Digitalisierung-geht-es-nicht-1_Organisator-262x175.jpg 262w, https:\/\/www.organisator.ch\/wp-content\/uploads\/2017\/09\/Business-Day-Der-Schlagabtausch-und-die-Einigkeit-ohne-Digitalisierung-geht-es-nicht-1_Organisator-525x350.jpg 525w, https:\/\/www.organisator.ch\/wp-content\/uploads\/2017\/09\/Business-Day-Der-Schlagabtausch-und-die-Einigkeit-ohne-Digitalisierung-geht-es-nicht-1_Organisator-300x200.jpg 300w\" sizes=\"auto, (max-width: 640px) 100vw, 640px\" \/><figcaption id=\"caption-attachment-2449\" class=\"wp-caption-text\">Le Business Day de Swissmechanic a propos\u00e9 des tables rondes passionnantes, ici par exemple avec Patrick Berhalter (tout \u00e0 gauche), Andreas Rauch et Otto Hofstetter (\u00e0 droite, cach\u00e9). (Photo : zVg Swissmechanic)<\/figcaption><\/figure>\n<p>L'ouverture du Business Day de cette ann\u00e9e a \u00e9t\u00e9 critique et politique : le pr\u00e9sident de Swissmechanic, Roland Goethe, a demand\u00e9 : 1) La mobilisation des banques commerciales pour les PME. 2) La lib\u00e9ralisation du march\u00e9 financier par l'\u00e9galit\u00e9 des droits des FinTech en tant qu'alternative aux banques commerciales. 3) Une chance r\u00e9aliste et \u00e9quitable pour les PME qui peuvent surmonter l'obstacle de la num\u00e9risation et de l'automatisation gr\u00e2ce \u00e0 un cr\u00e9dit comme investissement de d\u00e9part. \"D'une part, l'argent est disponible en abondance en Suisse. Les investisseurs priv\u00e9s et les institutions aimeraient \u00e9galement investir \u00e0 de bons taux d'int\u00e9r\u00eat. D'autre part, il y a des PME qui ont besoin de cet argent et qui sont pr\u00eates \u00e0 payer des int\u00e9r\u00eats. Pour cela, nos entreprises familiales ont besoin de nouvelles solutions num\u00e9riques et \u00e9conomiques, car il s'agit d'un probl\u00e8me structurel du march\u00e9 des capitaux. L'argent ne parvient plus \u00e0 ceux qui en ont besoin et les investisseurs ne per\u00e7oivent pas assez d'int\u00e9r\u00eats. Il n'y a pas que dans l'industrie qu'un changement structurel doit avoir lieu\". Apr\u00e8s ce pr\u00e9lude politique, la manifestation s'est articul\u00e9e autour de trois podiums : innovation, mise en \u0153uvre et financement, avec des repr\u00e9sentants plus que diff\u00e9rents.<\/p>\n<h2>Marketing 4.0 lors du Business Day<\/h2>\n<p>Le premier forum du Business Day a \u00e9t\u00e9 ouvert par l'\u00e9tude et le projet pratique du professeur Peter Jaeschke de la Haute \u00e9cole sp\u00e9cialis\u00e9e de Saint-Gall avec Swissmechanic. Il a soulign\u00e9 que les PME ont besoin d'objectifs clairement d\u00e9finis et communiqu\u00e9s pour r\u00e9ussir, tant au niveau de la mise en \u0153uvre que du financement. Il a en outre pr\u00e9sent\u00e9 le projet commun DigiNav qui, \u00e0 l'aide d'enqu\u00eates et d'\u00e9tudes, doit aider les PME \u00e0 faire le nouveau saut dans le grand bain de l'industrie 4.0. En r\u00e9sum\u00e9, la culture d'entreprise doit \u00eatre adapt\u00e9e au changement. \"Les id\u00e9es ne se d\u00e9cr\u00e8tent pas, elles s'encouragent\". L'expos\u00e9 d'Otto Hofstetter, CEO de Hofstetter AG, portait justement sur cette culture d'entreprise. Il a d\u00e9crit l'influence de la publicit\u00e9 sur la soci\u00e9t\u00e9 et la mani\u00e8re dont la num\u00e9risation influence \u00e9galement le marketing. Dans ce contexte, il a d\u00e9crit le marketing 4.0 et a pr\u00e9cis\u00e9 que son entreprise r\u00e9investissait directement 0,6 - 0,7 % du chiffre d'affaires dans la publicit\u00e9 pour de nouvelles affaires. Smovie a pr\u00e9sent\u00e9 un exemple pratique de publicit\u00e9 appliqu\u00e9e. Une entreprise qui propose des films d'entreprise par t\u00e9l\u00e9phone portable que chacun peut tourner lui-m\u00eame. Patrick Berhalter, CEO de Berhalter AG, expert num\u00e9rique de Swissmechanic : \"Il faut optimiser les plateformes de mani\u00e8re globale. Si on n'y participe pas, on reste sur le carreau\". Andreas Rauch, de GF Fischer a soulign\u00e9 : \"Toute l'organisation doit fonctionner si l'on veut transformer la confiance du client du monde r\u00e9el au monde num\u00e9rique\". Ces deux d\u00e9clarations r\u00e9sument la conception g\u00e9n\u00e9rale de la culture d'entreprise : L'homme est et doit \u00eatre la base de la transformation num\u00e9rique- sans ce lien, la num\u00e9risation n'a pas de sens et ne sert \u00e0 rien.<\/p>\n<h2>\"Sans donn\u00e9es, nous ne sommes rien\"<\/h2>\n<p>Le forum qui a suivi a \u00e9t\u00e9 introduit par le pr\u00e9sident du PDC, Gerhard Pfister. Dans son discours, il a \u00e9voqu\u00e9, tous partis confondus, les probl\u00e8mes du resserrement du cr\u00e9dit et du lien entre savoir, tradition et profession. En ce qui concerne le resserrement du cr\u00e9dit, il a pr\u00e9cis\u00e9 qu'il y avait certes suffisamment d'argent en Suisse, mais qu'il n'arrivait pas aux bonnes personnes, \u00e0 savoir les PME. Dans ce sens, il a \u00e9galement pr\u00e9sent\u00e9 l'id\u00e9e d'un fonds pour les PME et a plaid\u00e9 pour une aide financi\u00e8re aux coop\u00e9ratives de cautionnement ax\u00e9es sur les arts et m\u00e9tiers.<\/p>\n<p>M. Wisard de Tectris AG a racont\u00e9 comment l'usine de son entreprise a enti\u00e8rement br\u00fbl\u00e9 en juillet et comment la num\u00e9risation et l'enregistrement des donn\u00e9es ont non seulement facilit\u00e9 la reconstruction, mais ont \u00e9galement \u00e9t\u00e9 une condition de la survie de l'entreprise. Il est convaincu que les donn\u00e9es ont plus de valeur que les machines, car c'est la seule fa\u00e7on pour eux de concevoir un plan de reprise et de survivre sans leur parc de machines ou de racheter les machines - pas les donn\u00e9es. Joliment r\u00e9sum\u00e9 par M. Wisard : \"Sans donn\u00e9es, nous ne sommes rien\" !<\/p>\n<p>Tout le monde s'accorde \u00e0 dire que la culture d'entreprise joue un r\u00f4le extr\u00eamement important, tout comme le travail d'\u00e9quipe et la coh\u00e9sion qui vont de pair. Les exigences envers les collaborateurs \u00e9voluent de plus en plus rapidement.<\/p>\n<figure id=\"attachment_2450\" aria-describedby=\"caption-attachment-2450\" style=\"width: 640px\" class=\"wp-caption alignnone\"><img loading=\"lazy\" decoding=\"async\" class=\"size-full wp-image-2450\" src=\"https:\/\/www.organisator.ch\/wp-content\/uploads\/2017\/09\/Business-Day-Der-Schlagabtausch-und-die-Einigkeit-ohne-Digitalisierung-geht-es-nicht-2_Organisator.jpg\" alt=\"\" width=\"640\" height=\"427\" srcset=\"https:\/\/www.organisator.ch\/wp-content\/uploads\/2017\/09\/Business-Day-Der-Schlagabtausch-und-die-Einigkeit-ohne-Digitalisierung-geht-es-nicht-2_Organisator.jpg 640w, https:\/\/www.organisator.ch\/wp-content\/uploads\/2017\/09\/Business-Day-Der-Schlagabtausch-und-die-Einigkeit-ohne-Digitalisierung-geht-es-nicht-2_Organisator-16x12.jpg 16w, https:\/\/www.organisator.ch\/wp-content\/uploads\/2017\/09\/Business-Day-Der-Schlagabtausch-und-die-Einigkeit-ohne-Digitalisierung-geht-es-nicht-2_Organisator-262x175.jpg 262w, https:\/\/www.organisator.ch\/wp-content\/uploads\/2017\/09\/Business-Day-Der-Schlagabtausch-und-die-Einigkeit-ohne-Digitalisierung-geht-es-nicht-2_Organisator-525x350.jpg 525w, https:\/\/www.organisator.ch\/wp-content\/uploads\/2017\/09\/Business-Day-Der-Schlagabtausch-und-die-Einigkeit-ohne-Digitalisierung-geht-es-nicht-2_Organisator-300x200.jpg 300w\" sizes=\"auto, (max-width: 640px) 100vw, 640px\" \/><figcaption id=\"caption-attachment-2450\" class=\"wp-caption-text\">Le pr\u00e9sident du parti PDC Gerhard Pfister lors du Business Day. (Image : zVg Swissmechanic)<\/figcaption><\/figure>\n<h2>Contre le resserrement du cr\u00e9dit<\/h2>\n<p>Le conseiller aux \u00c9tats PLR Ruedi Noser a ouvert la table ronde finale du Business Day. Il a tout d'abord pr\u00e9sent\u00e9 le financement de la num\u00e9risation comme un \u00e9norme probl\u00e8me, notamment parce qu'il craint le piratage des donn\u00e9es en raison de leur disponibilit\u00e9 num\u00e9rique. Il a ensuite soulign\u00e9 qu'en ce qui concerne les probl\u00e8mes de financement, il souhaitait plut\u00f4t mettre les PME \u00e0 contribution. Beaucoup d'entre elles n'ont pas de plan d'affaires ad\u00e9quat ou veulent un financement pour des projets qu'elles ne financeraient pas elles-m\u00eames. Il a toutefois soulign\u00e9 qu'il consid\u00e9rait la r\u00e9glementation des banques comme l'une des principales causes du manque de cr\u00e9dit aux PME. Il a \u00e9num\u00e9r\u00e9 des probl\u00e8mes tels que la question de la localisation et a pr\u00e9cis\u00e9 que les solutions devaient \u00eatre recherch\u00e9es avec les moyens du march\u00e9. Dans ce sens, il a \u00e9galement qualifi\u00e9 l'id\u00e9e d'un fonds d'idiote.<\/p>\n<p>Alwin Meyer de swisspeers est ensuite intervenu. Il a pr\u00e9sent\u00e9 le principe du crowdsourcing et du crowdlending qui en d\u00e9coule, etc. Il a expliqu\u00e9 comment ces m\u00e9thodes peuvent \u00eatre utilis\u00e9es par des plateformes telles que swisspeers pour stimuler le financement des PME ou, selon ses termes, \"nous voulons rendre liquide le march\u00e9 du cr\u00e9dit aux PME, qui est illiquide\". Il a \u00e9galement vu ce qu'il appelle l'imp\u00e9ratif d'investissement, qu'il a d\u00e9crit ainsi : \"Avec la num\u00e9risation, j'ai une chance. Soit j'y participe, soit je n'y participe pas\". Il a \u00e9galement expliqu\u00e9 comment swisspeers peut avoir autant de succ\u00e8s en raison du probl\u00e8me de la taille des lots des banques et pourquoi cela est bon pour les investisseurs : rendement et diversification.<\/p>\n<p>Attilio Zanetti de la BNS s'est joint \u00e0 la table ronde finale. Un \u00e9change int\u00e9ressant a eu lieu entre Messieurs Zanetti, Noser et Meyer. Le th\u00e8me principal \u00e9tait la r\u00e9glementation des banques et l'utilit\u00e9 des banques. Alors que Ruedi Noser pr\u00e9f\u00e9rerait ne plus avoir de r\u00e9glementation, Alwin Meyer a plut\u00f4t insist\u00e9 sur une solution plus mod\u00e9r\u00e9e et un d\u00e9veloppement des FinTech. Attilio Zanetti a \u00e9galement souvent adopt\u00e9 la position neutre de la banque centrale au cours de la discussion et a soulign\u00e9 l'importance des r\u00e9glementations pour pr\u00e9server notre \u00e9conomie apr\u00e8s la crise financi\u00e8re.<\/p>\n<p><a href=\"http:\/\/www.swissmechanic.ch\"><em>www.swissmechanic.ch<\/em><\/a><\/p>","protected":false},"excerpt":{"rendered":"<p>Der Auftakt am diesj\u00e4hrigen Business Day\u00a0war kritisch und politisch: Der Swissmechanic Pr\u00e4sident Roland Goethe forderte: 1) Die Mobilisierung der Gesch\u00e4ftsbanken f\u00fcr KMU. 2) Die Liberalisierung des Finanzmarktes durch die Gleichberechtigung der FinTech als Alternative zu den Gesch\u00e4ftsbanken. 3) Eine realistische und faire Chance f\u00fcr diejenigen KMU, welche durch einen Kredit als Anschubinvestition die H\u00fcrde Digitalisierung [&hellip;]<\/p>\n","protected":false},"author":4,"featured_media":2449,"comment_status":"open","ping_status":"open","sticky":false,"template":"","format":"standard","meta":{"_acf_changed":false,"_yoast_wpseo_focuskw":"Business Day","_yoast_wpseo_metadesc":"Am 14. September fand in Luzern der 2. Business Day der Swissmechanic statt. Thema: Die Gefahren und Chancen der Digitalisierung und von Industrie 4.0.","articlekey":"","footnotes":""},"categories":[28],"tags":[156,335,502,503,531],"class_list":["post-2447","post","type-post","status-publish","format-standard","has-post-thumbnail","hentry","category-management","tag-digitalisierung","tag-management-und-unternehmensfuehrung","tag-veranstaltungen","tag-verbaende","tag-wirtschaftspolitik"],"acf":[],"yoast_head":"<!-- This site is optimized with the Yoast SEO plugin v27.5 - https:\/\/yoast.com\/product\/yoast-seo-wordpress\/ -->\n<title>Business Day: Der Schlagabtausch und die Einigkeit \u2013 ohne Digitalisierung geht es nicht - Organisator<\/title>\n<meta name=\"description\" content=\"Am 14. September fand in Luzern der 2. Business Day der Swissmechanic statt. Thema: Die Gefahren und Chancen der Digitalisierung und von Industrie 4.0.\" \/>\n<meta name=\"robots\" content=\"index, follow, max-snippet:-1, max-image-preview:large, max-video-preview:-1\" \/>\n<link rel=\"canonical\" href=\"https:\/\/www.organisator.ch\/fr\/gestion-2\/2017-09-15\/business-day-der-schlagabtausch-und-die-einigkeit-ohne-digitalisierung-geht-es-nicht\/\" \/>\n<meta property=\"og:locale\" content=\"fr_FR\" \/>\n<meta property=\"og:type\" content=\"article\" \/>\n<meta property=\"og:title\" content=\"Business Day: Der Schlagabtausch und die Einigkeit \u2013 ohne Digitalisierung geht es nicht\" \/>\n<meta property=\"og:description\" content=\"Am 14. September fand in Luzern der 2. Business Day der #Swissmechanic statt. Mehr als dreimal so viele Besucher kamen, um sich \u00fcber die Gefahren und Chancen der #Digitalisierung und der #Industrie-4.0 zu informieren.\" \/>\n<meta property=\"og:url\" content=\"https:\/\/www.organisator.ch\/fr\/gestion-2\/2017-09-15\/business-day-der-schlagabtausch-und-die-einigkeit-ohne-digitalisierung-geht-es-nicht\/\" \/>\n<meta property=\"og:site_name\" content=\"Organisator\" \/>\n<meta property=\"article:publisher\" content=\"https:\/\/www.facebook.com\/OrganisatorFachmagazin\" \/>\n<meta property=\"article:published_time\" content=\"2017-09-15T13:14:16+00:00\" \/>\n<meta property=\"og:image\" content=\"https:\/\/www.organisator.ch\/wp-content\/uploads\/2017\/09\/Business-Day-Der-Schlagabtausch-und-die-Einigkeit-ohne-Digitalisierung-geht-es-nicht-1_Organisator.jpg\" \/>\n\t<meta property=\"og:image:width\" content=\"640\" \/>\n\t<meta property=\"og:image:height\" content=\"427\" \/>\n\t<meta property=\"og:image:type\" content=\"image\/jpeg\" \/>\n<meta name=\"author\" content=\"thomas.berner\" \/>\n<meta name=\"twitter:card\" content=\"summary_large_image\" \/>\n<meta name=\"twitter:title\" content=\"#BusinessDay: Der Schlagabtausch und die Einigkeit \u2013 ohne #Digitalisierung geht es nicht\" \/>\n<meta name=\"twitter:description\" content=\"Am 14. September fand in Luzern der 2. Business Day der #Swissmechanic statt. Mehr als dreimal so viele Besucher kamen, um sich \u00fcber die Gefahren und Chancen der #Digitalisierung und der #Industrie-4.0 zu informieren.\" \/>\n<meta name=\"twitter:image\" content=\"https:\/\/www.organisator.ch\/wp-content\/uploads\/2017\/09\/Business-Day-Der-Schlagabtausch-und-die-Einigkeit-ohne-Digitalisierung-geht-es-nicht-1_Organisator.jpg\" \/>\n<script type=\"application\/ld+json\" class=\"yoast-schema-graph\">{\"@context\":\"https:\\\/\\\/schema.org\",\"@graph\":[{\"@type\":\"Article\",\"@id\":\"https:\\\/\\\/www.organisator.ch\\\/management\\\/2017-09-15\\\/business-day-der-schlagabtausch-und-die-einigkeit-ohne-digitalisierung-geht-es-nicht\\\/#article\",\"isPartOf\":{\"@id\":\"https:\\\/\\\/www.organisator.ch\\\/management\\\/2017-09-15\\\/business-day-der-schlagabtausch-und-die-einigkeit-ohne-digitalisierung-geht-es-nicht\\\/\"},\"author\":{\"name\":\"thomas.berner\",\"@id\":\"https:\\\/\\\/www.organisator.ch\\\/#\\\/schema\\\/person\\\/6f650f90b2842cd4c0cc334b4e36f67e\"},\"headline\":\"Business Day: Der Schlagabtausch und die Einigkeit \u2013 ohne Digitalisierung geht es nicht\",\"datePublished\":\"2017-09-15T13:14:16+00:00\",\"mainEntityOfPage\":{\"@id\":\"https:\\\/\\\/www.organisator.ch\\\/management\\\/2017-09-15\\\/business-day-der-schlagabtausch-und-die-einigkeit-ohne-digitalisierung-geht-es-nicht\\\/\"},\"wordCount\":1018,\"commentCount\":0,\"publisher\":{\"@id\":\"https:\\\/\\\/www.organisator.ch\\\/#organization\"},\"image\":{\"@id\":\"https:\\\/\\\/www.organisator.ch\\\/management\\\/2017-09-15\\\/business-day-der-schlagabtausch-und-die-einigkeit-ohne-digitalisierung-geht-es-nicht\\\/#primaryimage\"},\"thumbnailUrl\":\"https:\\\/\\\/www.organisator.ch\\\/wp-content\\\/uploads\\\/2017\\\/09\\\/Business-Day-Der-Schlagabtausch-und-die-Einigkeit-ohne-Digitalisierung-geht-es-nicht-1_Organisator.jpg\",\"keywords\":[\"Digitalisierung\",\"Management und Unternehmensf\u00fchrung\",\"Veranstaltungen\",\"Verb\u00e4nde\",\"Wirtschaftspolitik\"],\"articleSection\":[\"MANAGEMENT\"],\"inLanguage\":\"fr-FR\"},{\"@type\":\"WebPage\",\"@id\":\"https:\\\/\\\/www.organisator.ch\\\/management\\\/2017-09-15\\\/business-day-der-schlagabtausch-und-die-einigkeit-ohne-digitalisierung-geht-es-nicht\\\/\",\"url\":\"https:\\\/\\\/www.organisator.ch\\\/management\\\/2017-09-15\\\/business-day-der-schlagabtausch-und-die-einigkeit-ohne-digitalisierung-geht-es-nicht\\\/\",\"name\":\"Business Day: Der Schlagabtausch und die Einigkeit \u2013 ohne Digitalisierung geht es nicht - Organisator\",\"isPartOf\":{\"@id\":\"https:\\\/\\\/www.organisator.ch\\\/#website\"},\"primaryImageOfPage\":{\"@id\":\"https:\\\/\\\/www.organisator.ch\\\/management\\\/2017-09-15\\\/business-day-der-schlagabtausch-und-die-einigkeit-ohne-digitalisierung-geht-es-nicht\\\/#primaryimage\"},\"image\":{\"@id\":\"https:\\\/\\\/www.organisator.ch\\\/management\\\/2017-09-15\\\/business-day-der-schlagabtausch-und-die-einigkeit-ohne-digitalisierung-geht-es-nicht\\\/#primaryimage\"},\"thumbnailUrl\":\"https:\\\/\\\/www.organisator.ch\\\/wp-content\\\/uploads\\\/2017\\\/09\\\/Business-Day-Der-Schlagabtausch-und-die-Einigkeit-ohne-Digitalisierung-geht-es-nicht-1_Organisator.jpg\",\"datePublished\":\"2017-09-15T13:14:16+00:00\",\"description\":\"Am 14. September fand in Luzern der 2. Business Day der Swissmechanic statt. Thema: Die Gefahren und Chancen der Digitalisierung und von Industrie 4.0.\",\"breadcrumb\":{\"@id\":\"https:\\\/\\\/www.organisator.ch\\\/management\\\/2017-09-15\\\/business-day-der-schlagabtausch-und-die-einigkeit-ohne-digitalisierung-geht-es-nicht\\\/#breadcrumb\"},\"inLanguage\":\"fr-FR\",\"potentialAction\":[{\"@type\":\"ReadAction\",\"target\":[\"https:\\\/\\\/www.organisator.ch\\\/management\\\/2017-09-15\\\/business-day-der-schlagabtausch-und-die-einigkeit-ohne-digitalisierung-geht-es-nicht\\\/\"]}]},{\"@type\":\"ImageObject\",\"inLanguage\":\"fr-FR\",\"@id\":\"https:\\\/\\\/www.organisator.ch\\\/management\\\/2017-09-15\\\/business-day-der-schlagabtausch-und-die-einigkeit-ohne-digitalisierung-geht-es-nicht\\\/#primaryimage\",\"url\":\"https:\\\/\\\/www.organisator.ch\\\/wp-content\\\/uploads\\\/2017\\\/09\\\/Business-Day-Der-Schlagabtausch-und-die-Einigkeit-ohne-Digitalisierung-geht-es-nicht-1_Organisator.jpg\",\"contentUrl\":\"https:\\\/\\\/www.organisator.ch\\\/wp-content\\\/uploads\\\/2017\\\/09\\\/Business-Day-Der-Schlagabtausch-und-die-Einigkeit-ohne-Digitalisierung-geht-es-nicht-1_Organisator.jpg\",\"width\":640,\"height\":427,\"caption\":\"Der Business Day von Swissmechanic bot spannende Podiumsdiskussionen, hier etwa mit Patrick Berhalter (ganz links), Andreas Rauch und Otto Hofstetter (rechts, verdeckt). (Bild: zVg Swissmechanic)\"},{\"@type\":\"BreadcrumbList\",\"@id\":\"https:\\\/\\\/www.organisator.ch\\\/management\\\/2017-09-15\\\/business-day-der-schlagabtausch-und-die-einigkeit-ohne-digitalisierung-geht-es-nicht\\\/#breadcrumb\",\"itemListElement\":[{\"@type\":\"ListItem\",\"position\":1,\"name\":\"Home\",\"item\":\"https:\\\/\\\/www.organisator.ch\\\/\"},{\"@type\":\"ListItem\",\"position\":2,\"name\":\"Business Day: Der Schlagabtausch und die Einigkeit \u2013 ohne Digitalisierung geht es nicht\"}]},{\"@type\":\"WebSite\",\"@id\":\"https:\\\/\\\/www.organisator.ch\\\/#website\",\"url\":\"https:\\\/\\\/www.organisator.ch\\\/\",\"name\":\"Organisator\",\"description\":\"Kompetent. Praxisnah. Der ORGANISATOR bereitet in 10 Ausgaben pro Jahr die wesentlichen Themen f\u00fcr F\u00fchrungskr\u00e4fte von KMU auf.\",\"publisher\":{\"@id\":\"https:\\\/\\\/www.organisator.ch\\\/#organization\"},\"potentialAction\":[{\"@type\":\"SearchAction\",\"target\":{\"@type\":\"EntryPoint\",\"urlTemplate\":\"https:\\\/\\\/www.organisator.ch\\\/?s={search_term_string}\"},\"query-input\":{\"@type\":\"PropertyValueSpecification\",\"valueRequired\":true,\"valueName\":\"search_term_string\"}}],\"inLanguage\":\"fr-FR\"},{\"@type\":\"Organization\",\"@id\":\"https:\\\/\\\/www.organisator.ch\\\/#organization\",\"name\":\"Organisator\",\"url\":\"https:\\\/\\\/www.organisator.ch\\\/\",\"logo\":{\"@type\":\"ImageObject\",\"inLanguage\":\"fr-FR\",\"@id\":\"https:\\\/\\\/www.organisator.ch\\\/#\\\/schema\\\/logo\\\/image\\\/\",\"url\":\"https:\\\/\\\/www.organisator.ch\\\/wp-content\\\/uploads\\\/2022\\\/01\\\/Logo_Organisator_Website.png\",\"contentUrl\":\"https:\\\/\\\/www.organisator.ch\\\/wp-content\\\/uploads\\\/2022\\\/01\\\/Logo_Organisator_Website.png\",\"width\":800,\"height\":77,\"caption\":\"Organisator\"},\"image\":{\"@id\":\"https:\\\/\\\/www.organisator.ch\\\/#\\\/schema\\\/logo\\\/image\\\/\"},\"sameAs\":[\"https:\\\/\\\/www.facebook.com\\\/OrganisatorFachmagazin\",\"https:\\\/\\\/www.linkedin.com\\\/showcase\\\/organisator-das-magazin-fr-kmu\",\"https:\\\/\\\/www.xing.com\\\/news\\\/pages\\\/organisator-ch-695\",\"https:\\\/\\\/www.youtube.com\\\/channel\\\/UCGP2Sq0iWaZwT3BdIAQFYpw\"]},{\"@type\":\"Person\",\"@id\":\"https:\\\/\\\/www.organisator.ch\\\/#\\\/schema\\\/person\\\/6f650f90b2842cd4c0cc334b4e36f67e\",\"name\":\"thomas.berner\",\"image\":{\"@type\":\"ImageObject\",\"inLanguage\":\"fr-FR\",\"@id\":\"https:\\\/\\\/secure.gravatar.com\\\/avatar\\\/ac5001d2a36cb6c6cd3e50789007ffca834b477b74a2144564522e944eabff61?s=96&d=mm&r=g\",\"url\":\"https:\\\/\\\/secure.gravatar.com\\\/avatar\\\/ac5001d2a36cb6c6cd3e50789007ffca834b477b74a2144564522e944eabff61?s=96&d=mm&r=g\",\"contentUrl\":\"https:\\\/\\\/secure.gravatar.com\\\/avatar\\\/ac5001d2a36cb6c6cd3e50789007ffca834b477b74a2144564522e944eabff61?s=96&d=mm&r=g\",\"caption\":\"thomas.berner\"},\"url\":\"https:\\\/\\\/www.organisator.ch\\\/fr\\\/author\\\/thomas-berner\\\/\"}]}<\/script>\n<!-- \/ Yoast SEO plugin. -->","yoast_head_json":{"title":"Business Day : L'\u00e9change et l'unit\u00e9 - sans num\u00e9risation, rien ne va plus - Organisateur","description":"Le 14 septembre, le 2e Business Day de Swissmechanic a eu lieu \u00e0 Lucerne. Th\u00e8me : les dangers et les opportunit\u00e9s de la num\u00e9risation et de l'industrie 4.0.","robots":{"index":"index","follow":"follow","max-snippet":"max-snippet:-1","max-image-preview":"max-image-preview:large","max-video-preview":"max-video-preview:-1"},"canonical":"https:\/\/www.organisator.ch\/fr\/gestion-2\/2017-09-15\/business-day-der-schlagabtausch-und-die-einigkeit-ohne-digitalisierung-geht-es-nicht\/","og_locale":"fr_FR","og_type":"article","og_title":"Business Day: Der Schlagabtausch und die Einigkeit \u2013 ohne Digitalisierung geht es nicht","og_description":"Am 14. September fand in Luzern der 2. Business Day der #Swissmechanic statt. Mehr als dreimal so viele Besucher kamen, um sich \u00fcber die Gefahren und Chancen der #Digitalisierung und der #Industrie-4.0 zu informieren.","og_url":"https:\/\/www.organisator.ch\/fr\/gestion-2\/2017-09-15\/business-day-der-schlagabtausch-und-die-einigkeit-ohne-digitalisierung-geht-es-nicht\/","og_site_name":"Organisator","article_publisher":"https:\/\/www.facebook.com\/OrganisatorFachmagazin","article_published_time":"2017-09-15T13:14:16+00:00","og_image":[{"width":640,"height":427,"url":"https:\/\/www.organisator.ch\/wp-content\/uploads\/2017\/09\/Business-Day-Der-Schlagabtausch-und-die-Einigkeit-ohne-Digitalisierung-geht-es-nicht-1_Organisator.jpg","type":"image\/jpeg"}],"author":"thomas.berner","twitter_card":"summary_large_image","twitter_title":"#BusinessDay: Der Schlagabtausch und die Einigkeit \u2013 ohne #Digitalisierung geht es nicht","twitter_description":"Am 14. September fand in Luzern der 2. Business Day der #Swissmechanic statt. Mehr als dreimal so viele Besucher kamen, um sich \u00fcber die Gefahren und Chancen der #Digitalisierung und der #Industrie-4.0 zu informieren.","twitter_image":"https:\/\/www.organisator.ch\/wp-content\/uploads\/2017\/09\/Business-Day-Der-Schlagabtausch-und-die-Einigkeit-ohne-Digitalisierung-geht-es-nicht-1_Organisator.jpg","schema":{"@context":"https:\/\/schema.org","@graph":[{"@type":"Article","@id":"https:\/\/www.organisator.ch\/management\/2017-09-15\/business-day-der-schlagabtausch-und-die-einigkeit-ohne-digitalisierung-geht-es-nicht\/#article","isPartOf":{"@id":"https:\/\/www.organisator.ch\/management\/2017-09-15\/business-day-der-schlagabtausch-und-die-einigkeit-ohne-digitalisierung-geht-es-nicht\/"},"author":{"name":"thomas.berner","@id":"https:\/\/www.organisator.ch\/#\/schema\/person\/6f650f90b2842cd4c0cc334b4e36f67e"},"headline":"Business Day: Der Schlagabtausch und die Einigkeit \u2013 ohne Digitalisierung geht es nicht","datePublished":"2017-09-15T13:14:16+00:00","mainEntityOfPage":{"@id":"https:\/\/www.organisator.ch\/management\/2017-09-15\/business-day-der-schlagabtausch-und-die-einigkeit-ohne-digitalisierung-geht-es-nicht\/"},"wordCount":1018,"commentCount":0,"publisher":{"@id":"https:\/\/www.organisator.ch\/#organization"},"image":{"@id":"https:\/\/www.organisator.ch\/management\/2017-09-15\/business-day-der-schlagabtausch-und-die-einigkeit-ohne-digitalisierung-geht-es-nicht\/#primaryimage"},"thumbnailUrl":"https:\/\/www.organisator.ch\/wp-content\/uploads\/2017\/09\/Business-Day-Der-Schlagabtausch-und-die-Einigkeit-ohne-Digitalisierung-geht-es-nicht-1_Organisator.jpg","keywords":["Digitalisierung","Management und Unternehmensf\u00fchrung","Veranstaltungen","Verb\u00e4nde","Wirtschaftspolitik"],"articleSection":["MANAGEMENT"],"inLanguage":"fr-FR"},{"@type":"WebPage","@id":"https:\/\/www.organisator.ch\/management\/2017-09-15\/business-day-der-schlagabtausch-und-die-einigkeit-ohne-digitalisierung-geht-es-nicht\/","url":"https:\/\/www.organisator.ch\/management\/2017-09-15\/business-day-der-schlagabtausch-und-die-einigkeit-ohne-digitalisierung-geht-es-nicht\/","name":"Business Day : L'\u00e9change et l'unit\u00e9 - sans num\u00e9risation, rien ne va plus - Organisateur","isPartOf":{"@id":"https:\/\/www.organisator.ch\/#website"},"primaryImageOfPage":{"@id":"https:\/\/www.organisator.ch\/management\/2017-09-15\/business-day-der-schlagabtausch-und-die-einigkeit-ohne-digitalisierung-geht-es-nicht\/#primaryimage"},"image":{"@id":"https:\/\/www.organisator.ch\/management\/2017-09-15\/business-day-der-schlagabtausch-und-die-einigkeit-ohne-digitalisierung-geht-es-nicht\/#primaryimage"},"thumbnailUrl":"https:\/\/www.organisator.ch\/wp-content\/uploads\/2017\/09\/Business-Day-Der-Schlagabtausch-und-die-Einigkeit-ohne-Digitalisierung-geht-es-nicht-1_Organisator.jpg","datePublished":"2017-09-15T13:14:16+00:00","description":"Le 14 septembre, le 2e Business Day de Swissmechanic a eu lieu \u00e0 Lucerne. Th\u00e8me : les dangers et les opportunit\u00e9s de la num\u00e9risation et de l'industrie 4.0.","breadcrumb":{"@id":"https:\/\/www.organisator.ch\/management\/2017-09-15\/business-day-der-schlagabtausch-und-die-einigkeit-ohne-digitalisierung-geht-es-nicht\/#breadcrumb"},"inLanguage":"fr-FR","potentialAction":[{"@type":"ReadAction","target":["https:\/\/www.organisator.ch\/management\/2017-09-15\/business-day-der-schlagabtausch-und-die-einigkeit-ohne-digitalisierung-geht-es-nicht\/"]}]},{"@type":"ImageObject","inLanguage":"fr-FR","@id":"https:\/\/www.organisator.ch\/management\/2017-09-15\/business-day-der-schlagabtausch-und-die-einigkeit-ohne-digitalisierung-geht-es-nicht\/#primaryimage","url":"https:\/\/www.organisator.ch\/wp-content\/uploads\/2017\/09\/Business-Day-Der-Schlagabtausch-und-die-Einigkeit-ohne-Digitalisierung-geht-es-nicht-1_Organisator.jpg","contentUrl":"https:\/\/www.organisator.ch\/wp-content\/uploads\/2017\/09\/Business-Day-Der-Schlagabtausch-und-die-Einigkeit-ohne-Digitalisierung-geht-es-nicht-1_Organisator.jpg","width":640,"height":427,"caption":"Der Business Day von Swissmechanic bot spannende Podiumsdiskussionen, hier etwa mit Patrick Berhalter (ganz links), Andreas Rauch und Otto Hofstetter (rechts, verdeckt). (Bild: zVg Swissmechanic)"},{"@type":"BreadcrumbList","@id":"https:\/\/www.organisator.ch\/management\/2017-09-15\/business-day-der-schlagabtausch-und-die-einigkeit-ohne-digitalisierung-geht-es-nicht\/#breadcrumb","itemListElement":[{"@type":"ListItem","position":1,"name":"Home","item":"https:\/\/www.organisator.ch\/"},{"@type":"ListItem","position":2,"name":"Business Day: Der Schlagabtausch und die Einigkeit \u2013 ohne Digitalisierung geht es nicht"}]},{"@type":"WebSite","@id":"https:\/\/www.organisator.ch\/#website","url":"https:\/\/www.organisator.ch\/","name":"Organisateur","description":"Comp\u00e9tence et comp\u00e9tence. Proches de la pratique. L'ORGANISATEUR pr\u00e9pare 10 num\u00e9ros par an sur les th\u00e8mes essentiels pour les dirigeants de PME.","publisher":{"@id":"https:\/\/www.organisator.ch\/#organization"},"potentialAction":[{"@type":"SearchAction","target":{"@type":"EntryPoint","urlTemplate":"https:\/\/www.organisator.ch\/?s={search_term_string}"},"query-input":{"@type":"PropertyValueSpecification","valueRequired":true,"valueName":"search_term_string"}}],"inLanguage":"fr-FR"},{"@type":"Organization","@id":"https:\/\/www.organisator.ch\/#organization","name":"Organisateur","url":"https:\/\/www.organisator.ch\/","logo":{"@type":"ImageObject","inLanguage":"fr-FR","@id":"https:\/\/www.organisator.ch\/#\/schema\/logo\/image\/","url":"https:\/\/www.organisator.ch\/wp-content\/uploads\/2022\/01\/Logo_Organisator_Website.png","contentUrl":"https:\/\/www.organisator.ch\/wp-content\/uploads\/2022\/01\/Logo_Organisator_Website.png","width":800,"height":77,"caption":"Organisator"},"image":{"@id":"https:\/\/www.organisator.ch\/#\/schema\/logo\/image\/"},"sameAs":["https:\/\/www.facebook.com\/OrganisatorFachmagazin","https:\/\/www.linkedin.com\/showcase\/organisator-das-magazin-fr-kmu","https:\/\/www.xing.com\/news\/pages\/organisator-ch-695","https:\/\/www.youtube.com\/channel\/UCGP2Sq0iWaZwT3BdIAQFYpw"]},{"@type":"Person","@id":"https:\/\/www.organisator.ch\/#\/schema\/person\/6f650f90b2842cd4c0cc334b4e36f67e","name":"thomas.berner","image":{"@type":"ImageObject","inLanguage":"fr-FR","@id":"https:\/\/secure.gravatar.com\/avatar\/ac5001d2a36cb6c6cd3e50789007ffca834b477b74a2144564522e944eabff61?s=96&d=mm&r=g","url":"https:\/\/secure.gravatar.com\/avatar\/ac5001d2a36cb6c6cd3e50789007ffca834b477b74a2144564522e944eabff61?s=96&d=mm&r=g","contentUrl":"https:\/\/secure.gravatar.com\/avatar\/ac5001d2a36cb6c6cd3e50789007ffca834b477b74a2144564522e944eabff61?s=96&d=mm&r=g","caption":"thomas.berner"},"url":"https:\/\/www.organisator.ch\/fr\/author\/thomas-berner\/"}]}},"_links":{"self":[{"href":"https:\/\/www.organisator.ch\/fr\/wp-json\/wp\/v2\/posts\/2447","targetHints":{"allow":["GET"]}}],"collection":[{"href":"https:\/\/www.organisator.ch\/fr\/wp-json\/wp\/v2\/posts"}],"about":[{"href":"https:\/\/www.organisator.ch\/fr\/wp-json\/wp\/v2\/types\/post"}],"author":[{"embeddable":true,"href":"https:\/\/www.organisator.ch\/fr\/wp-json\/wp\/v2\/users\/4"}],"replies":[{"embeddable":true,"href":"https:\/\/www.organisator.ch\/fr\/wp-json\/wp\/v2\/comments?post=2447"}],"version-history":[{"count":0,"href":"https:\/\/www.organisator.ch\/fr\/wp-json\/wp\/v2\/posts\/2447\/revisions"}],"wp:featuredmedia":[{"embeddable":true,"href":"https:\/\/www.organisator.ch\/fr\/wp-json\/wp\/v2\/media\/2449"}],"wp:attachment":[{"href":"https:\/\/www.organisator.ch\/fr\/wp-json\/wp\/v2\/media?parent=2447"}],"wp:term":[{"taxonomy":"category","embeddable":true,"href":"https:\/\/www.organisator.ch\/fr\/wp-json\/wp\/v2\/categories?post=2447"},{"taxonomy":"post_tag","embeddable":true,"href":"https:\/\/www.organisator.ch\/fr\/wp-json\/wp\/v2\/tags?post=2447"}],"curies":[{"name":"wp","href":"https:\/\/api.w.org\/{rel}","templated":true}]}}