{"id":24554,"date":"2024-01-24T13:37:41","date_gmt":"2024-01-24T12:37:41","guid":{"rendered":"https:\/\/www.organisator.ch\/?p=24554"},"modified":"2024-01-24T13:37:41","modified_gmt":"2024-01-24T12:37:41","slug":"ebl-startet-1-gw-erneuerbare-energie-fonds-mit-ueber-100-mio-eur-fuer-europas-energiewende","status":"publish","type":"post","link":"https:\/\/www.organisator.ch\/fr\/sustainability\/2024-01-24\/ebl-startet-1-gw-erneuerbare-energie-fonds-mit-ueber-100-mio-eur-fuer-europas-energiewende\/","title":{"rendered":"EBL lance un fonds d'\u00e9nergie renouvelable de 1 GW dot\u00e9 de plus de 100 millions d'euros pour la transition \u00e9nerg\u00e9tique de l'Europe"},"content":{"rendered":"<figure id=\"attachment_24556\" aria-describedby=\"caption-attachment-24556\" style=\"width: 680px\" class=\"wp-caption alignnone\"><img loading=\"lazy\" decoding=\"async\" class=\"size-full wp-image-24556\" src=\"https:\/\/www.organisator.ch\/wp-content\/uploads\/2024\/01\/EBL_Bild1_ps.jpg\" alt=\"\" width=\"680\" height=\"452\" srcset=\"https:\/\/www.organisator.ch\/wp-content\/uploads\/2024\/01\/EBL_Bild1_ps.jpg 680w, https:\/\/www.organisator.ch\/wp-content\/uploads\/2024\/01\/EBL_Bild1_ps-18x12.jpg 18w, https:\/\/www.organisator.ch\/wp-content\/uploads\/2024\/01\/EBL_Bild1_ps-375x249.jpg 375w, https:\/\/www.organisator.ch\/wp-content\/uploads\/2024\/01\/EBL_Bild1_ps-527x350.jpg 527w\" sizes=\"auto, (max-width: 680px) 100vw, 680px\" \/><figcaption id=\"caption-attachment-24556\" class=\"wp-caption-text\">EBL franchit une \u00e9tape importante sur la voie de l'\u00e9tablissement d'un portefeuille de fonds d'un gigawatt dans la production d'\u00e9lectricit\u00e9 \u00e0 partir de sources d'\u00e9nergie renouvelables. (Image : www.depositphotos.com)<\/figcaption><\/figure>\n<p>Dominique Becht, responsable du service Titres \u00e0 la Fondation Abendrot, justifie la d\u00e9cision d'investir : \"Comme nous, EBL met l'accent sur les valeurs \u00e0 long terme. Elle est extr\u00eamement cr\u00e9dible en tant que partenaire industriel et enracin\u00e9e dans la r\u00e9gion en tant que fournisseur d'\u00e9nergie. Nous sommes convaincus qu'il s'agit d'une opportunit\u00e9 d'investissement avantageuse et durable pour notre caisse de pension\". Le CEO d'EBL Tobias Andrist, souligne \u00e9galement : \"Notre engagement \u00e0 long terme en faveur de la transition \u00e9nerg\u00e9tique et nos partenariats avec des investisseurs professionnels et institutionnels font de nous un point de contact digne de confiance pour des investissements durables dans le secteur de l'\u00e9nergie. Nous pr\u00e9voyons d'accepter 50 \u00e0 100 millions d'euros suppl\u00e9mentaires lors du deuxi\u00e8me closing en 2024 et invitons chaleureusement les investisseurs qualifi\u00e9s \u00e0 faire partie de cette initiative pionni\u00e8re\".\u00a0<\/p>\n<p>En tant qu'initiateur, EBL participera elle-m\u00eame au capital propre avec une part de 10-20%. Il est pr\u00e9vu d'investir dans 20 \u00e0 25 projets pr\u00eats \u00e0 \u00eatre mis en \u0153uvre dans les domaines de l'\u00e9nergie solaire, de l'\u00e9nergie \u00e9olienne terrestre et du stockage de l'\u00e9nergie, en mettant l'accent sur des surfaces PV au sol de taille moyenne en Allemagne et en Espagne. En se concentrant sur les technologies durables, le fonds d'infrastructure r\u00e9pond aux exigences du r\u00e8glement de l'UE sur la divulgation des financements durables (SFDR) et apporte ainsi une contribution pr\u00e9cieuse \u00e0 l'objectif de limitation du r\u00e9chauffement climatique fix\u00e9 par l'accord de Paris lors de la conf\u00e9rence des Nations unies sur le climat.<\/p>\n<p>Lors du premier closing du fonds, des engagements d'investisseurs d'ancrage ont d\u00e9j\u00e0 \u00e9t\u00e9 enregistr\u00e9s pour un montant de plus de 100 millions d'euros. Ces fonds seront imm\u00e9diatement convertis en investissements par EBL Infrastruktur Management AG. De plus, EBL continue \u00e0 prendre les devants et investit en tant que groupe 110 millions d'euros suppl\u00e9mentaires dans un pipeline de d\u00e9veloppement sp\u00e9cialement d\u00e9di\u00e9 au fonds. 1 GW de ce pipeline a d\u00e9j\u00e0 \u00e9t\u00e9 s\u00e9curis\u00e9.\u00a0<\/p>\n<p>EBL est synonyme de s\u00e9curit\u00e9 d'approvisionnement depuis 1898 et s'engage r\u00e9solument depuis plus d'une d\u00e9cennie en faveur d'une production d'\u00e9nergie \u00e9cologique. Outre l'approvisionnement en \u00e9nergie dans la r\u00e9gion de B\u00e2le et dans d'autres cantons, EBL exploite des centrales RES dans le canton, en Suisse et dans d'autres pays europ\u00e9ens. Avec la construction d'une centrale CSP en Espagne, EBL investit depuis 2010 dans les \u00e9nergies renouvelables en collaboration avec d'autres investisseurs suisses qualifi\u00e9s. EBL Fernw\u00e4rme AG, cr\u00e9\u00e9e en 2012, a investi dans cinq syst\u00e8mes de chauffage \u00e0 distance suisses et a lev\u00e9 49 millions de francs suisses. EBL Wind Invest AG a lev\u00e9 117 millions d'euros aupr\u00e8s de six autres investisseurs suisses et les a investis dans 14 parcs \u00e9oliens terrestres de 130 MW en Allemagne. La grande exp\u00e9rience acquise dans la gestion de portefeuille a incit\u00e9 EBL \u00e0 voir plus loin et \u00e0 faire autoriser par la FINMA sa filiale EBL Infrastruktur Management AG en tant que gestionnaire de fortune collective au d\u00e9but de l'ann\u00e9e 2023.\u00a0<\/p>\n<p><em>Source : <a href=\"https:\/\/www.ebl.ch\/de\/\">www.ebl.ch<\/a><\/em><\/p>","protected":false},"excerpt":{"rendered":"<p>Le fournisseur d'\u00e9nergie EBL (Genossenschaft Elektra Baselland) a franchi une \u00e9tape importante sur la voie de l'\u00e9tablissement d'un portefeuille de fonds d'un gigawatt dans la production d'\u00e9lectricit\u00e9 \u00e0 partir de sources d'\u00e9nergie renouvelables (Renewable Energy Sources, RES). Lors d'un premier tour de financement r\u00e9ussi du fonds d'infrastructure ESG Art. 9 RES, l'entreprise a d\u00e9j\u00e0 pu garantir plus de 100 millions d'euros pour ce projet. <\/p>","protected":false},"author":58,"featured_media":24556,"comment_status":"closed","ping_status":"closed","sticky":false,"template":"","format":"standard","meta":{"_acf_changed":false,"_yoast_wpseo_focuskw":"EBL","_yoast_wpseo_metadesc":"Die EBL macht einen bedeutenden Schritt auf ihrem Weg zur Etablierung eines 1-Gigawatt-Fondsportfolios in Stromproduktion aus erneuerbaren Energiequellen.","articlekey":"","footnotes":""},"categories":[580],"tags":[1098,1787,492],"class_list":["post-24554","post","type-post","status-publish","format-standard","has-post-thumbnail","hentry","category-sustainability","tag-enerneuerbare-energie","tag-nachhaltigkeit","tag-unternehmen"],"acf":[],"yoast_head":"<!-- This site is optimized with the Yoast SEO plugin v27.4 - https:\/\/yoast.com\/product\/yoast-seo-wordpress\/ -->\n<title>EBL startet 1 GW Erneuerbare-Energie-Fonds mit \u00fcber 100 Mio. EUR f\u00fcr Europas Energiewende - Organisator<\/title>\n<meta name=\"description\" content=\"Die EBL macht einen bedeutenden Schritt auf ihrem Weg zur Etablierung eines 1-Gigawatt-Fondsportfolios in Stromproduktion aus erneuerbaren Energiequellen.\" \/>\n<meta name=\"robots\" content=\"index, follow, max-snippet:-1, max-image-preview:large, max-video-preview:-1\" \/>\n<link rel=\"canonical\" href=\"https:\/\/www.organisator.ch\/fr\/sustainability\/2024-01-24\/ebl-startet-1-gw-erneuerbare-energie-fonds-mit-ueber-100-mio-eur-fuer-europas-energiewende\/\" \/>\n<meta property=\"og:locale\" content=\"fr_FR\" \/>\n<meta property=\"og:type\" content=\"article\" \/>\n<meta property=\"og:title\" content=\"EBL startet 1 GW Erneuerbare-Energie-Fonds mit \u00fcber 100 Mio. EUR f\u00fcr Europas Energiewende\" \/>\n<meta property=\"og:description\" content=\"Die EBL macht einen bedeutenden Schritt auf ihrem Weg zur Etablierung eines 1-Gigawatt-Fondsportfolios in Stromproduktion aus erneuerbaren Energiequellen.\" \/>\n<meta property=\"og:url\" content=\"https:\/\/www.organisator.ch\/fr\/sustainability\/2024-01-24\/ebl-startet-1-gw-erneuerbare-energie-fonds-mit-ueber-100-mio-eur-fuer-europas-energiewende\/\" \/>\n<meta property=\"og:site_name\" content=\"Organisator\" \/>\n<meta property=\"article:publisher\" content=\"https:\/\/www.facebook.com\/OrganisatorFachmagazin\" \/>\n<meta property=\"article:published_time\" content=\"2024-01-24T12:37:41+00:00\" \/>\n<meta property=\"og:image\" content=\"https:\/\/www.organisator.ch\/wp-content\/uploads\/2024\/01\/EBL_Bild1_ps.jpg\" \/>\n\t<meta property=\"og:image:width\" content=\"680\" \/>\n\t<meta property=\"og:image:height\" content=\"452\" \/>\n\t<meta property=\"og:image:type\" content=\"image\/jpeg\" \/>\n<meta name=\"author\" content=\"Adelisa Kalajdzini\" \/>\n<meta name=\"twitter:card\" content=\"summary_large_image\" \/>\n<meta name=\"twitter:title\" content=\"EBL startet 1 GW Erneuerbare-Energie-Fonds mit \u00fcber 100 Mio. EUR f\u00fcr Europas Energiewende\" \/>\n<meta name=\"twitter:description\" content=\"Die #EBL macht einen bedeutenden Schritt auf ihrem Weg zur Etablierung eines #1-Gigawatt-Fondsportfolios in #Stromproduktion aus erneuerbaren #Energiequellen.\" \/>\n<meta name=\"twitter:image\" content=\"https:\/\/www.organisator.ch\/wp-content\/uploads\/2024\/01\/EBL_Bild1_ps.jpg\" \/>\n<script type=\"application\/ld+json\" class=\"yoast-schema-graph\">{\"@context\":\"https:\\\/\\\/schema.org\",\"@graph\":[{\"@type\":\"Article\",\"@id\":\"https:\\\/\\\/www.organisator.ch\\\/sustainability\\\/2024-01-24\\\/ebl-startet-1-gw-erneuerbare-energie-fonds-mit-ueber-100-mio-eur-fuer-europas-energiewende\\\/#article\",\"isPartOf\":{\"@id\":\"https:\\\/\\\/www.organisator.ch\\\/sustainability\\\/2024-01-24\\\/ebl-startet-1-gw-erneuerbare-energie-fonds-mit-ueber-100-mio-eur-fuer-europas-energiewende\\\/\"},\"author\":{\"name\":\"Adelisa Kalajdzini\",\"@id\":\"https:\\\/\\\/www.organisator.ch\\\/#\\\/schema\\\/person\\\/2e1314a2172123f874db408d8911d3f3\"},\"headline\":\"EBL startet 1 GW Erneuerbare-Energie-Fonds mit \u00fcber 100 Mio. EUR f\u00fcr Europas Energiewende\",\"datePublished\":\"2024-01-24T12:37:41+00:00\",\"mainEntityOfPage\":{\"@id\":\"https:\\\/\\\/www.organisator.ch\\\/sustainability\\\/2024-01-24\\\/ebl-startet-1-gw-erneuerbare-energie-fonds-mit-ueber-100-mio-eur-fuer-europas-energiewende\\\/\"},\"wordCount\":440,\"publisher\":{\"@id\":\"https:\\\/\\\/www.organisator.ch\\\/#organization\"},\"image\":{\"@id\":\"https:\\\/\\\/www.organisator.ch\\\/sustainability\\\/2024-01-24\\\/ebl-startet-1-gw-erneuerbare-energie-fonds-mit-ueber-100-mio-eur-fuer-europas-energiewende\\\/#primaryimage\"},\"thumbnailUrl\":\"https:\\\/\\\/www.organisator.ch\\\/wp-content\\\/uploads\\\/2024\\\/01\\\/EBL_Bild1_ps.jpg\",\"keywords\":[\"Enerneuerbare Energie\",\"Nachhaltigkeit\",\"Unternehmen\"],\"articleSection\":[\"SUSTAINABILITY\"],\"inLanguage\":\"fr-FR\"},{\"@type\":\"WebPage\",\"@id\":\"https:\\\/\\\/www.organisator.ch\\\/sustainability\\\/2024-01-24\\\/ebl-startet-1-gw-erneuerbare-energie-fonds-mit-ueber-100-mio-eur-fuer-europas-energiewende\\\/\",\"url\":\"https:\\\/\\\/www.organisator.ch\\\/sustainability\\\/2024-01-24\\\/ebl-startet-1-gw-erneuerbare-energie-fonds-mit-ueber-100-mio-eur-fuer-europas-energiewende\\\/\",\"name\":\"EBL startet 1 GW Erneuerbare-Energie-Fonds mit \u00fcber 100 Mio. EUR f\u00fcr Europas Energiewende - Organisator\",\"isPartOf\":{\"@id\":\"https:\\\/\\\/www.organisator.ch\\\/#website\"},\"primaryImageOfPage\":{\"@id\":\"https:\\\/\\\/www.organisator.ch\\\/sustainability\\\/2024-01-24\\\/ebl-startet-1-gw-erneuerbare-energie-fonds-mit-ueber-100-mio-eur-fuer-europas-energiewende\\\/#primaryimage\"},\"image\":{\"@id\":\"https:\\\/\\\/www.organisator.ch\\\/sustainability\\\/2024-01-24\\\/ebl-startet-1-gw-erneuerbare-energie-fonds-mit-ueber-100-mio-eur-fuer-europas-energiewende\\\/#primaryimage\"},\"thumbnailUrl\":\"https:\\\/\\\/www.organisator.ch\\\/wp-content\\\/uploads\\\/2024\\\/01\\\/EBL_Bild1_ps.jpg\",\"datePublished\":\"2024-01-24T12:37:41+00:00\",\"description\":\"Die EBL macht einen bedeutenden Schritt auf ihrem Weg zur Etablierung eines 1-Gigawatt-Fondsportfolios in Stromproduktion aus erneuerbaren Energiequellen.\",\"breadcrumb\":{\"@id\":\"https:\\\/\\\/www.organisator.ch\\\/sustainability\\\/2024-01-24\\\/ebl-startet-1-gw-erneuerbare-energie-fonds-mit-ueber-100-mio-eur-fuer-europas-energiewende\\\/#breadcrumb\"},\"inLanguage\":\"fr-FR\",\"potentialAction\":[{\"@type\":\"ReadAction\",\"target\":[\"https:\\\/\\\/www.organisator.ch\\\/sustainability\\\/2024-01-24\\\/ebl-startet-1-gw-erneuerbare-energie-fonds-mit-ueber-100-mio-eur-fuer-europas-energiewende\\\/\"]}]},{\"@type\":\"ImageObject\",\"inLanguage\":\"fr-FR\",\"@id\":\"https:\\\/\\\/www.organisator.ch\\\/sustainability\\\/2024-01-24\\\/ebl-startet-1-gw-erneuerbare-energie-fonds-mit-ueber-100-mio-eur-fuer-europas-energiewende\\\/#primaryimage\",\"url\":\"https:\\\/\\\/www.organisator.ch\\\/wp-content\\\/uploads\\\/2024\\\/01\\\/EBL_Bild1_ps.jpg\",\"contentUrl\":\"https:\\\/\\\/www.organisator.ch\\\/wp-content\\\/uploads\\\/2024\\\/01\\\/EBL_Bild1_ps.jpg\",\"width\":680,\"height\":452,\"caption\":\"Die EBL macht einen bedeutenden Schritt auf ihrem Weg zur Etablierung eines 1-Gigawatt-Fondsportfolios in Stromproduktion aus erneuerbaren Energiequellen. (Bild: www.depositphotos.com)\"},{\"@type\":\"BreadcrumbList\",\"@id\":\"https:\\\/\\\/www.organisator.ch\\\/sustainability\\\/2024-01-24\\\/ebl-startet-1-gw-erneuerbare-energie-fonds-mit-ueber-100-mio-eur-fuer-europas-energiewende\\\/#breadcrumb\",\"itemListElement\":[{\"@type\":\"ListItem\",\"position\":1,\"name\":\"Home\",\"item\":\"https:\\\/\\\/www.organisator.ch\\\/\"},{\"@type\":\"ListItem\",\"position\":2,\"name\":\"EBL startet 1 GW Erneuerbare-Energie-Fonds mit \u00fcber 100 Mio. EUR f\u00fcr Europas Energiewende\"}]},{\"@type\":\"WebSite\",\"@id\":\"https:\\\/\\\/www.organisator.ch\\\/#website\",\"url\":\"https:\\\/\\\/www.organisator.ch\\\/\",\"name\":\"Organisator\",\"description\":\"Kompetent. Praxisnah. Der ORGANISATOR bereitet in 10 Ausgaben pro Jahr die wesentlichen Themen f\u00fcr F\u00fchrungskr\u00e4fte von KMU auf.\",\"publisher\":{\"@id\":\"https:\\\/\\\/www.organisator.ch\\\/#organization\"},\"potentialAction\":[{\"@type\":\"SearchAction\",\"target\":{\"@type\":\"EntryPoint\",\"urlTemplate\":\"https:\\\/\\\/www.organisator.ch\\\/?s={search_term_string}\"},\"query-input\":{\"@type\":\"PropertyValueSpecification\",\"valueRequired\":true,\"valueName\":\"search_term_string\"}}],\"inLanguage\":\"fr-FR\"},{\"@type\":\"Organization\",\"@id\":\"https:\\\/\\\/www.organisator.ch\\\/#organization\",\"name\":\"Organisator\",\"url\":\"https:\\\/\\\/www.organisator.ch\\\/\",\"logo\":{\"@type\":\"ImageObject\",\"inLanguage\":\"fr-FR\",\"@id\":\"https:\\\/\\\/www.organisator.ch\\\/#\\\/schema\\\/logo\\\/image\\\/\",\"url\":\"https:\\\/\\\/www.organisator.ch\\\/wp-content\\\/uploads\\\/2022\\\/01\\\/Logo_Organisator_Website.png\",\"contentUrl\":\"https:\\\/\\\/www.organisator.ch\\\/wp-content\\\/uploads\\\/2022\\\/01\\\/Logo_Organisator_Website.png\",\"width\":800,\"height\":77,\"caption\":\"Organisator\"},\"image\":{\"@id\":\"https:\\\/\\\/www.organisator.ch\\\/#\\\/schema\\\/logo\\\/image\\\/\"},\"sameAs\":[\"https:\\\/\\\/www.facebook.com\\\/OrganisatorFachmagazin\",\"https:\\\/\\\/www.linkedin.com\\\/showcase\\\/organisator-das-magazin-fr-kmu\",\"https:\\\/\\\/www.xing.com\\\/news\\\/pages\\\/organisator-ch-695\",\"https:\\\/\\\/www.youtube.com\\\/channel\\\/UCGP2Sq0iWaZwT3BdIAQFYpw\"]},{\"@type\":\"Person\",\"@id\":\"https:\\\/\\\/www.organisator.ch\\\/#\\\/schema\\\/person\\\/2e1314a2172123f874db408d8911d3f3\",\"name\":\"Adelisa Kalajdzini\",\"image\":{\"@type\":\"ImageObject\",\"inLanguage\":\"fr-FR\",\"@id\":\"https:\\\/\\\/secure.gravatar.com\\\/avatar\\\/09a397c22ac58cad6f160ee8306348599df9df58a8ede73696226897b9fa4b24?s=96&d=mm&r=g\",\"url\":\"https:\\\/\\\/secure.gravatar.com\\\/avatar\\\/09a397c22ac58cad6f160ee8306348599df9df58a8ede73696226897b9fa4b24?s=96&d=mm&r=g\",\"contentUrl\":\"https:\\\/\\\/secure.gravatar.com\\\/avatar\\\/09a397c22ac58cad6f160ee8306348599df9df58a8ede73696226897b9fa4b24?s=96&d=mm&r=g\",\"caption\":\"Adelisa Kalajdzini\"},\"url\":\"https:\\\/\\\/www.organisator.ch\\\/fr\\\/author\\\/adelisa-kalajdzini\\\/\"}]}<\/script>\n<!-- \/ Yoast SEO plugin. -->","yoast_head_json":{"title":"EBL lance un fonds d'\u00e9nergie renouvelable de 1 GW dot\u00e9 de plus de 100 millions d'euros pour la transition \u00e9nerg\u00e9tique de l'Europe - Organisateur","description":"EBL franchit une \u00e9tape importante sur la voie de l'\u00e9tablissement d'un portefeuille de fonds d'un gigawatt dans la production d'\u00e9lectricit\u00e9 \u00e0 partir de sources d'\u00e9nergie renouvelables.","robots":{"index":"index","follow":"follow","max-snippet":"max-snippet:-1","max-image-preview":"max-image-preview:large","max-video-preview":"max-video-preview:-1"},"canonical":"https:\/\/www.organisator.ch\/fr\/sustainability\/2024-01-24\/ebl-startet-1-gw-erneuerbare-energie-fonds-mit-ueber-100-mio-eur-fuer-europas-energiewende\/","og_locale":"fr_FR","og_type":"article","og_title":"EBL startet 1 GW Erneuerbare-Energie-Fonds mit \u00fcber 100 Mio. EUR f\u00fcr Europas Energiewende","og_description":"Die EBL macht einen bedeutenden Schritt auf ihrem Weg zur Etablierung eines 1-Gigawatt-Fondsportfolios in Stromproduktion aus erneuerbaren Energiequellen.","og_url":"https:\/\/www.organisator.ch\/fr\/sustainability\/2024-01-24\/ebl-startet-1-gw-erneuerbare-energie-fonds-mit-ueber-100-mio-eur-fuer-europas-energiewende\/","og_site_name":"Organisator","article_publisher":"https:\/\/www.facebook.com\/OrganisatorFachmagazin","article_published_time":"2024-01-24T12:37:41+00:00","og_image":[{"width":680,"height":452,"url":"https:\/\/www.organisator.ch\/wp-content\/uploads\/2024\/01\/EBL_Bild1_ps.jpg","type":"image\/jpeg"}],"author":"Adelisa Kalajdzini","twitter_card":"summary_large_image","twitter_title":"EBL startet 1 GW Erneuerbare-Energie-Fonds mit \u00fcber 100 Mio. EUR f\u00fcr Europas Energiewende","twitter_description":"Die #EBL macht einen bedeutenden Schritt auf ihrem Weg zur Etablierung eines #1-Gigawatt-Fondsportfolios in #Stromproduktion aus erneuerbaren #Energiequellen.","twitter_image":"https:\/\/www.organisator.ch\/wp-content\/uploads\/2024\/01\/EBL_Bild1_ps.jpg","schema":{"@context":"https:\/\/schema.org","@graph":[{"@type":"Article","@id":"https:\/\/www.organisator.ch\/sustainability\/2024-01-24\/ebl-startet-1-gw-erneuerbare-energie-fonds-mit-ueber-100-mio-eur-fuer-europas-energiewende\/#article","isPartOf":{"@id":"https:\/\/www.organisator.ch\/sustainability\/2024-01-24\/ebl-startet-1-gw-erneuerbare-energie-fonds-mit-ueber-100-mio-eur-fuer-europas-energiewende\/"},"author":{"name":"Adelisa Kalajdzini","@id":"https:\/\/www.organisator.ch\/#\/schema\/person\/2e1314a2172123f874db408d8911d3f3"},"headline":"EBL startet 1 GW Erneuerbare-Energie-Fonds mit \u00fcber 100 Mio. EUR f\u00fcr Europas Energiewende","datePublished":"2024-01-24T12:37:41+00:00","mainEntityOfPage":{"@id":"https:\/\/www.organisator.ch\/sustainability\/2024-01-24\/ebl-startet-1-gw-erneuerbare-energie-fonds-mit-ueber-100-mio-eur-fuer-europas-energiewende\/"},"wordCount":440,"publisher":{"@id":"https:\/\/www.organisator.ch\/#organization"},"image":{"@id":"https:\/\/www.organisator.ch\/sustainability\/2024-01-24\/ebl-startet-1-gw-erneuerbare-energie-fonds-mit-ueber-100-mio-eur-fuer-europas-energiewende\/#primaryimage"},"thumbnailUrl":"https:\/\/www.organisator.ch\/wp-content\/uploads\/2024\/01\/EBL_Bild1_ps.jpg","keywords":["Enerneuerbare Energie","Nachhaltigkeit","Unternehmen"],"articleSection":["SUSTAINABILITY"],"inLanguage":"fr-FR"},{"@type":"WebPage","@id":"https:\/\/www.organisator.ch\/sustainability\/2024-01-24\/ebl-startet-1-gw-erneuerbare-energie-fonds-mit-ueber-100-mio-eur-fuer-europas-energiewende\/","url":"https:\/\/www.organisator.ch\/sustainability\/2024-01-24\/ebl-startet-1-gw-erneuerbare-energie-fonds-mit-ueber-100-mio-eur-fuer-europas-energiewende\/","name":"EBL lance un fonds d'\u00e9nergie renouvelable de 1 GW dot\u00e9 de plus de 100 millions d'euros pour la transition \u00e9nerg\u00e9tique de l'Europe - Organisateur","isPartOf":{"@id":"https:\/\/www.organisator.ch\/#website"},"primaryImageOfPage":{"@id":"https:\/\/www.organisator.ch\/sustainability\/2024-01-24\/ebl-startet-1-gw-erneuerbare-energie-fonds-mit-ueber-100-mio-eur-fuer-europas-energiewende\/#primaryimage"},"image":{"@id":"https:\/\/www.organisator.ch\/sustainability\/2024-01-24\/ebl-startet-1-gw-erneuerbare-energie-fonds-mit-ueber-100-mio-eur-fuer-europas-energiewende\/#primaryimage"},"thumbnailUrl":"https:\/\/www.organisator.ch\/wp-content\/uploads\/2024\/01\/EBL_Bild1_ps.jpg","datePublished":"2024-01-24T12:37:41+00:00","description":"EBL franchit une \u00e9tape importante sur la voie de l'\u00e9tablissement d'un portefeuille de fonds d'un gigawatt dans la production d'\u00e9lectricit\u00e9 \u00e0 partir de sources d'\u00e9nergie renouvelables.","breadcrumb":{"@id":"https:\/\/www.organisator.ch\/sustainability\/2024-01-24\/ebl-startet-1-gw-erneuerbare-energie-fonds-mit-ueber-100-mio-eur-fuer-europas-energiewende\/#breadcrumb"},"inLanguage":"fr-FR","potentialAction":[{"@type":"ReadAction","target":["https:\/\/www.organisator.ch\/sustainability\/2024-01-24\/ebl-startet-1-gw-erneuerbare-energie-fonds-mit-ueber-100-mio-eur-fuer-europas-energiewende\/"]}]},{"@type":"ImageObject","inLanguage":"fr-FR","@id":"https:\/\/www.organisator.ch\/sustainability\/2024-01-24\/ebl-startet-1-gw-erneuerbare-energie-fonds-mit-ueber-100-mio-eur-fuer-europas-energiewende\/#primaryimage","url":"https:\/\/www.organisator.ch\/wp-content\/uploads\/2024\/01\/EBL_Bild1_ps.jpg","contentUrl":"https:\/\/www.organisator.ch\/wp-content\/uploads\/2024\/01\/EBL_Bild1_ps.jpg","width":680,"height":452,"caption":"Die EBL macht einen bedeutenden Schritt auf ihrem Weg zur Etablierung eines 1-Gigawatt-Fondsportfolios in Stromproduktion aus erneuerbaren Energiequellen. (Bild: www.depositphotos.com)"},{"@type":"BreadcrumbList","@id":"https:\/\/www.organisator.ch\/sustainability\/2024-01-24\/ebl-startet-1-gw-erneuerbare-energie-fonds-mit-ueber-100-mio-eur-fuer-europas-energiewende\/#breadcrumb","itemListElement":[{"@type":"ListItem","position":1,"name":"Home","item":"https:\/\/www.organisator.ch\/"},{"@type":"ListItem","position":2,"name":"EBL startet 1 GW Erneuerbare-Energie-Fonds mit \u00fcber 100 Mio. EUR f\u00fcr Europas Energiewende"}]},{"@type":"WebSite","@id":"https:\/\/www.organisator.ch\/#website","url":"https:\/\/www.organisator.ch\/","name":"Organisateur","description":"Comp\u00e9tence et comp\u00e9tence. Proches de la pratique. L'ORGANISATEUR pr\u00e9pare 10 num\u00e9ros par an sur les th\u00e8mes essentiels pour les dirigeants de PME.","publisher":{"@id":"https:\/\/www.organisator.ch\/#organization"},"potentialAction":[{"@type":"SearchAction","target":{"@type":"EntryPoint","urlTemplate":"https:\/\/www.organisator.ch\/?s={search_term_string}"},"query-input":{"@type":"PropertyValueSpecification","valueRequired":true,"valueName":"search_term_string"}}],"inLanguage":"fr-FR"},{"@type":"Organization","@id":"https:\/\/www.organisator.ch\/#organization","name":"Organisateur","url":"https:\/\/www.organisator.ch\/","logo":{"@type":"ImageObject","inLanguage":"fr-FR","@id":"https:\/\/www.organisator.ch\/#\/schema\/logo\/image\/","url":"https:\/\/www.organisator.ch\/wp-content\/uploads\/2022\/01\/Logo_Organisator_Website.png","contentUrl":"https:\/\/www.organisator.ch\/wp-content\/uploads\/2022\/01\/Logo_Organisator_Website.png","width":800,"height":77,"caption":"Organisator"},"image":{"@id":"https:\/\/www.organisator.ch\/#\/schema\/logo\/image\/"},"sameAs":["https:\/\/www.facebook.com\/OrganisatorFachmagazin","https:\/\/www.linkedin.com\/showcase\/organisator-das-magazin-fr-kmu","https:\/\/www.xing.com\/news\/pages\/organisator-ch-695","https:\/\/www.youtube.com\/channel\/UCGP2Sq0iWaZwT3BdIAQFYpw"]},{"@type":"Person","@id":"https:\/\/www.organisator.ch\/#\/schema\/person\/2e1314a2172123f874db408d8911d3f3","name":"Adelisa Kalajdzini","image":{"@type":"ImageObject","inLanguage":"fr-FR","@id":"https:\/\/secure.gravatar.com\/avatar\/09a397c22ac58cad6f160ee8306348599df9df58a8ede73696226897b9fa4b24?s=96&d=mm&r=g","url":"https:\/\/secure.gravatar.com\/avatar\/09a397c22ac58cad6f160ee8306348599df9df58a8ede73696226897b9fa4b24?s=96&d=mm&r=g","contentUrl":"https:\/\/secure.gravatar.com\/avatar\/09a397c22ac58cad6f160ee8306348599df9df58a8ede73696226897b9fa4b24?s=96&d=mm&r=g","caption":"Adelisa Kalajdzini"},"url":"https:\/\/www.organisator.ch\/fr\/author\/adelisa-kalajdzini\/"}]}},"_links":{"self":[{"href":"https:\/\/www.organisator.ch\/fr\/wp-json\/wp\/v2\/posts\/24554","targetHints":{"allow":["GET"]}}],"collection":[{"href":"https:\/\/www.organisator.ch\/fr\/wp-json\/wp\/v2\/posts"}],"about":[{"href":"https:\/\/www.organisator.ch\/fr\/wp-json\/wp\/v2\/types\/post"}],"author":[{"embeddable":true,"href":"https:\/\/www.organisator.ch\/fr\/wp-json\/wp\/v2\/users\/58"}],"replies":[{"embeddable":true,"href":"https:\/\/www.organisator.ch\/fr\/wp-json\/wp\/v2\/comments?post=24554"}],"version-history":[{"count":6,"href":"https:\/\/www.organisator.ch\/fr\/wp-json\/wp\/v2\/posts\/24554\/revisions"}],"predecessor-version":[{"id":24579,"href":"https:\/\/www.organisator.ch\/fr\/wp-json\/wp\/v2\/posts\/24554\/revisions\/24579"}],"wp:featuredmedia":[{"embeddable":true,"href":"https:\/\/www.organisator.ch\/fr\/wp-json\/wp\/v2\/media\/24556"}],"wp:attachment":[{"href":"https:\/\/www.organisator.ch\/fr\/wp-json\/wp\/v2\/media?parent=24554"}],"wp:term":[{"taxonomy":"category","embeddable":true,"href":"https:\/\/www.organisator.ch\/fr\/wp-json\/wp\/v2\/categories?post=24554"},{"taxonomy":"post_tag","embeddable":true,"href":"https:\/\/www.organisator.ch\/fr\/wp-json\/wp\/v2\/tags?post=24554"}],"curies":[{"name":"wp","href":"https:\/\/api.w.org\/{rel}","templated":true}]}}