{"id":24608,"date":"2024-01-29T13:04:22","date_gmt":"2024-01-29T12:04:22","guid":{"rendered":"https:\/\/www.organisator.ch\/?p=24608"},"modified":"2024-01-29T15:18:51","modified_gmt":"2024-01-29T14:18:51","slug":"start-eines-zukunftsorientierten-beratungszentrums-in-thurgauer-wirtschaftsregion","status":"publish","type":"post","link":"https:\/\/www.organisator.ch\/fr\/management\/2024-01-29\/start-eines-zukunftsorientierten-beratungszentrums-in-thurgauer-wirtschaftsregion\/","title":{"rendered":"Lancement d'un centre de conseil orient\u00e9 vers l'avenir dans la r\u00e9gion \u00e9conomique de Thurgovie"},"content":{"rendered":"<figure id=\"attachment_24610\" class=\"wp-caption alignnone\" style=\"width: 680px;\" aria-describedby=\"caption-attachment-24610\"><img class=\"size-full wp-image-24610\" src=\"https:\/\/www.organisator.ch\/wp-content\/uploads\/2024\/01\/Beratungszentrum_Bild1_ps.jpg\" sizes=\"(max-width: 680px) 100vw, 680px\" srcset=\"https:\/\/www.organisator.ch\/wp-content\/uploads\/2024\/01\/Beratungszentrum_Bild1_ps.jpg 680w, https:\/\/www.organisator.ch\/wp-content\/uploads\/2024\/01\/Beratungszentrum_Bild1_ps-18x12.jpg 18w, https:\/\/www.organisator.ch\/wp-content\/uploads\/2024\/01\/Beratungszentrum_Bild1_ps-375x250.jpg 375w, https:\/\/www.organisator.ch\/wp-content\/uploads\/2024\/01\/Beratungszentrum_Bild1_ps-525x350.jpg 525w\" alt=\"\" width=\"680\" height=\"453\" \/>\r\n<figcaption id=\"caption-attachment-24610\" class=\"wp-caption-text\">Chiaro Tomaselli, un expert en assurances exp\u00e9riment\u00e9, a fond\u00e9 le centre de conseil S\u00e0rl. (Image : www.beratungs-zentrum.ch)<\/figcaption>\r\n<\/figure>\r\n<p>Le dynamisme de Frauenfeld Est se caract\u00e9rise par des complexes de bureaux modernes et des espaces de co-working innovants qui favorisent une nouvelle culture du travail. Ces bureaux partag\u00e9s mettent l'accent sur la flexibilit\u00e9 et la collaboration et cr\u00e9ent un environnement de travail adapt\u00e9 aux exigences du monde du travail moderne. Le tout est compl\u00e9t\u00e9 par une offre vari\u00e9e de restauration et de centres de fitness et de bien-\u00eatre, qui font de Frauenfeld Est un lieu de rencontre anim\u00e9 pour les entrepreneurs et les professionnels.<\/p>\r\n<p>Au milieu de ce paysage \u00e9conomique, Chiaro Tomaselli, un expert en assurances exp\u00e9riment\u00e9, a fond\u00e9 le Beratungszentrum GmbH. L'entreprise refl\u00e8te l'esprit d'innovation de Frauenfeld Est.<\/p>\r\n<p>En cr\u00e9ant ce centre, Tomaselli a concr\u00e9tis\u00e9 sa vision d'un conseil ind\u00e9pendant et orient\u00e9 vers le client, en se basant sur son exp\u00e9rience de commercial de haut niveau dans une grande compagnie d'assurance de la r\u00e9gion. Un aspect essentiel du succ\u00e8s du centre de conseil de Tomaselli est l'interaction personnelle avec les clients. \"Il est crucial de rencontrer nos clients dans leur environnement habituel afin de vraiment cerner leurs besoins sp\u00e9cifiques\", souligne Tomaselli.<\/p>\r\n<p>Parall\u00e8lement, le centre de conseil associe les approches traditionnelles du conseil aux technologies les plus modernes. L'utilisation du marketing en ligne et des outils num\u00e9riques fait partie de cette strat\u00e9gie et illustre l'engagement de Tomaselli \u00e0 rester en phase avec son \u00e9poque. \"La combinaison de m\u00e9thodes \u00e9prouv\u00e9es et de technologies de pointe rend nos conseils particuli\u00e8rement efficaces\", explique Tomaselli.<\/p>\r\n<p>L'augmentation constante de la client\u00e8le incite Chiaro Tomaselli \u00e0 \u00e9largir son \u00e9quipe de collaborateurs. Trois nouveaux sp\u00e9cialistes viendront renforcer l'\u00e9quipe \u00e0 partir de f\u00e9vrier 2024, ce qui rendra le travail de conseil du service externe encore plus efficace, puisque les charg\u00e9s de client\u00e8le seront lib\u00e9r\u00e9s des t\u00e2ches administratives.<\/p>\r\n<p>Enfin, Tomaselli envisage l'avenir avec optimisme. Il s'attend \u00e0 des d\u00e9veloppements passionnants dans le secteur de l'assurance, notamment en ce qui concerne les nouveaux produits tels que les micro-assurances pour les billets de train ou les v\u00e9los en libre-service, qui ont d\u00e9j\u00e0 \u00e9t\u00e9 lanc\u00e9s avec succ\u00e8s dans d'autres pays. Ces approches innovantes pourraient dynamiser et \u00e9largir le march\u00e9. Parall\u00e8lement, il souligne l'importance de Frauenfeld Est en tant que site \u00e9conomique dynamique en plein essor, qui offre des conditions optimales pour de tels mod\u00e8les commerciaux.<\/p>\r\n<p><em>Source : <a href=\"http:\/\/www.beratungs-zentrum.ch\/\">www.beratungs-zentrum.ch<\/a><\/em><\/p>","protected":false},"excerpt":{"rendered":"<p>La zone situ\u00e9e \u00e0 l'est de Frauenfeld, autrefois une prairie agricole, est actuellement en pleine transformation. Elle se transforme en un centre d'innovation \u00e9conomique, attir\u00e9 par sa situation strat\u00e9gique \u00e0 proximit\u00e9 imm\u00e9diate de l'autoroute. Cela fait de la r\u00e9gion un lieu attractif pour les start-ups, les nouveaux entrepreneurs et les entreprises \u00e9tablies.<\/p>","protected":false},"author":58,"featured_media":24610,"comment_status":"closed","ping_status":"closed","sticky":false,"template":"","format":"standard","meta":{"_acf_changed":false,"_yoast_wpseo_focuskw":"Beratungszentrum","_yoast_wpseo_metadesc":"Das Gebiet im Osten von Frauenfeld entwickelt sich zu einem Zentrum wirtschaftlicher Innovation, angezogen von seiner strategischen Lage direkt an der Autobahn.","articlekey":"","footnotes":""},"categories":[28],"tags":[3920,334,424,492],"class_list":["post-24608","post","type-post","status-publish","format-standard","has-post-thumbnail","hentry","category-management","tag-beratung","tag-management","tag-schweiz","tag-unternehmen"],"acf":[],"yoast_head":"<!-- This site is optimized with the Yoast SEO plugin v27.5 - https:\/\/yoast.com\/product\/yoast-seo-wordpress\/ -->\n<title>Start eines zukunftsorientierten Beratungszentrums in Thurgauer Wirtschaftsregion - Organisator<\/title>\n<meta name=\"description\" content=\"Das Gebiet im Osten von Frauenfeld entwickelt sich zu einem Zentrum wirtschaftlicher Innovation, angezogen von seiner strategischen Lage direkt an der Autobahn.\" \/>\n<meta name=\"robots\" content=\"index, follow, max-snippet:-1, max-image-preview:large, max-video-preview:-1\" \/>\n<link rel=\"canonical\" href=\"https:\/\/www.organisator.ch\/fr\/gestion-2\/2024-01-29\/start-eines-zukunftsorientierten-beratungszentrums-in-thurgauer-wirtschaftsregion\/\" \/>\n<meta property=\"og:locale\" content=\"fr_FR\" \/>\n<meta property=\"og:type\" content=\"article\" \/>\n<meta property=\"og:title\" content=\"Start eines zukunftsorientierten Beratungszentrums in Thurgauer Wirtschaftsregion\" \/>\n<meta property=\"og:description\" content=\"Das Gebiet im Osten von Frauenfeld entwickelt sich zu einem Zentrum wirtschaftlicher Innovation, angezogen von seiner strategischen Lage direkt an der Autobahn.\" \/>\n<meta property=\"og:url\" content=\"https:\/\/www.organisator.ch\/fr\/gestion-2\/2024-01-29\/start-eines-zukunftsorientierten-beratungszentrums-in-thurgauer-wirtschaftsregion\/\" \/>\n<meta property=\"og:site_name\" content=\"Organisator\" \/>\n<meta property=\"article:publisher\" content=\"https:\/\/www.facebook.com\/OrganisatorFachmagazin\" \/>\n<meta property=\"article:published_time\" content=\"2024-01-29T12:04:22+00:00\" \/>\n<meta property=\"article:modified_time\" content=\"2024-01-29T14:18:51+00:00\" \/>\n<meta property=\"og:image\" content=\"https:\/\/www.organisator.ch\/wp-content\/uploads\/2024\/01\/Beratungszentrum_Bild1_ps.jpg\" \/>\n\t<meta property=\"og:image:width\" content=\"680\" \/>\n\t<meta property=\"og:image:height\" content=\"453\" \/>\n\t<meta property=\"og:image:type\" content=\"image\/jpeg\" \/>\n<meta name=\"author\" content=\"Adelisa Kalajdzini\" \/>\n<meta name=\"twitter:card\" content=\"summary_large_image\" \/>\n<meta name=\"twitter:title\" content=\"Start eines zukunftsorientierten Beratungszentrums in Thurgauer Wirtschaftsregion\" \/>\n<meta name=\"twitter:description\" content=\"Das Gebiet im #Osten von #Frauenfeld entwickelt sich zu einem #Zentrum wirtschaftlicher #Innovation, angezogen von seiner strategischen Lage direkt an der Autobahn.\" \/>\n<meta name=\"twitter:image\" content=\"https:\/\/www.organisator.ch\/wp-content\/uploads\/2024\/01\/Beratungszentrum_Bild1_ps.jpg\" \/>\n<script type=\"application\/ld+json\" class=\"yoast-schema-graph\">{\"@context\":\"https:\\\/\\\/schema.org\",\"@graph\":[{\"@type\":\"Article\",\"@id\":\"https:\\\/\\\/www.organisator.ch\\\/management\\\/2024-01-29\\\/start-eines-zukunftsorientierten-beratungszentrums-in-thurgauer-wirtschaftsregion\\\/#article\",\"isPartOf\":{\"@id\":\"https:\\\/\\\/www.organisator.ch\\\/management\\\/2024-01-29\\\/start-eines-zukunftsorientierten-beratungszentrums-in-thurgauer-wirtschaftsregion\\\/\"},\"author\":{\"name\":\"Adelisa Kalajdzini\",\"@id\":\"https:\\\/\\\/www.organisator.ch\\\/#\\\/schema\\\/person\\\/2e1314a2172123f874db408d8911d3f3\"},\"headline\":\"Start eines zukunftsorientierten Beratungszentrums in Thurgauer Wirtschaftsregion\",\"datePublished\":\"2024-01-29T12:04:22+00:00\",\"dateModified\":\"2024-01-29T14:18:51+00:00\",\"mainEntityOfPage\":{\"@id\":\"https:\\\/\\\/www.organisator.ch\\\/management\\\/2024-01-29\\\/start-eines-zukunftsorientierten-beratungszentrums-in-thurgauer-wirtschaftsregion\\\/\"},\"wordCount\":341,\"publisher\":{\"@id\":\"https:\\\/\\\/www.organisator.ch\\\/#organization\"},\"image\":{\"@id\":\"https:\\\/\\\/www.organisator.ch\\\/management\\\/2024-01-29\\\/start-eines-zukunftsorientierten-beratungszentrums-in-thurgauer-wirtschaftsregion\\\/#primaryimage\"},\"thumbnailUrl\":\"https:\\\/\\\/www.organisator.ch\\\/wp-content\\\/uploads\\\/2024\\\/01\\\/Beratungszentrum_Bild1_ps.jpg\",\"keywords\":[\"Beratung\",\"Management\",\"Schweiz\",\"Unternehmen\"],\"articleSection\":[\"MANAGEMENT\"],\"inLanguage\":\"fr-FR\"},{\"@type\":\"WebPage\",\"@id\":\"https:\\\/\\\/www.organisator.ch\\\/management\\\/2024-01-29\\\/start-eines-zukunftsorientierten-beratungszentrums-in-thurgauer-wirtschaftsregion\\\/\",\"url\":\"https:\\\/\\\/www.organisator.ch\\\/management\\\/2024-01-29\\\/start-eines-zukunftsorientierten-beratungszentrums-in-thurgauer-wirtschaftsregion\\\/\",\"name\":\"Start eines zukunftsorientierten Beratungszentrums in Thurgauer Wirtschaftsregion - Organisator\",\"isPartOf\":{\"@id\":\"https:\\\/\\\/www.organisator.ch\\\/#website\"},\"primaryImageOfPage\":{\"@id\":\"https:\\\/\\\/www.organisator.ch\\\/management\\\/2024-01-29\\\/start-eines-zukunftsorientierten-beratungszentrums-in-thurgauer-wirtschaftsregion\\\/#primaryimage\"},\"image\":{\"@id\":\"https:\\\/\\\/www.organisator.ch\\\/management\\\/2024-01-29\\\/start-eines-zukunftsorientierten-beratungszentrums-in-thurgauer-wirtschaftsregion\\\/#primaryimage\"},\"thumbnailUrl\":\"https:\\\/\\\/www.organisator.ch\\\/wp-content\\\/uploads\\\/2024\\\/01\\\/Beratungszentrum_Bild1_ps.jpg\",\"datePublished\":\"2024-01-29T12:04:22+00:00\",\"dateModified\":\"2024-01-29T14:18:51+00:00\",\"description\":\"Das Gebiet im Osten von Frauenfeld entwickelt sich zu einem Zentrum wirtschaftlicher Innovation, angezogen von seiner strategischen Lage direkt an der Autobahn.\",\"breadcrumb\":{\"@id\":\"https:\\\/\\\/www.organisator.ch\\\/management\\\/2024-01-29\\\/start-eines-zukunftsorientierten-beratungszentrums-in-thurgauer-wirtschaftsregion\\\/#breadcrumb\"},\"inLanguage\":\"fr-FR\",\"potentialAction\":[{\"@type\":\"ReadAction\",\"target\":[\"https:\\\/\\\/www.organisator.ch\\\/management\\\/2024-01-29\\\/start-eines-zukunftsorientierten-beratungszentrums-in-thurgauer-wirtschaftsregion\\\/\"]}]},{\"@type\":\"ImageObject\",\"inLanguage\":\"fr-FR\",\"@id\":\"https:\\\/\\\/www.organisator.ch\\\/management\\\/2024-01-29\\\/start-eines-zukunftsorientierten-beratungszentrums-in-thurgauer-wirtschaftsregion\\\/#primaryimage\",\"url\":\"https:\\\/\\\/www.organisator.ch\\\/wp-content\\\/uploads\\\/2024\\\/01\\\/Beratungszentrum_Bild1_ps.jpg\",\"contentUrl\":\"https:\\\/\\\/www.organisator.ch\\\/wp-content\\\/uploads\\\/2024\\\/01\\\/Beratungszentrum_Bild1_ps.jpg\",\"width\":680,\"height\":453,\"caption\":\"Chiaro Tomaselli, ein erfahrener Versicherungsexperte, hat die Beratungszentrum GmbH gegr\u00fcndet. (Bild: www.beratungs-zentrum.ch)\"},{\"@type\":\"BreadcrumbList\",\"@id\":\"https:\\\/\\\/www.organisator.ch\\\/management\\\/2024-01-29\\\/start-eines-zukunftsorientierten-beratungszentrums-in-thurgauer-wirtschaftsregion\\\/#breadcrumb\",\"itemListElement\":[{\"@type\":\"ListItem\",\"position\":1,\"name\":\"Home\",\"item\":\"https:\\\/\\\/www.organisator.ch\\\/\"},{\"@type\":\"ListItem\",\"position\":2,\"name\":\"Start eines zukunftsorientierten Beratungszentrums in Thurgauer Wirtschaftsregion\"}]},{\"@type\":\"WebSite\",\"@id\":\"https:\\\/\\\/www.organisator.ch\\\/#website\",\"url\":\"https:\\\/\\\/www.organisator.ch\\\/\",\"name\":\"Organisator\",\"description\":\"Kompetent. Praxisnah. Der ORGANISATOR bereitet in 10 Ausgaben pro Jahr die wesentlichen Themen f\u00fcr F\u00fchrungskr\u00e4fte von KMU auf.\",\"publisher\":{\"@id\":\"https:\\\/\\\/www.organisator.ch\\\/#organization\"},\"potentialAction\":[{\"@type\":\"SearchAction\",\"target\":{\"@type\":\"EntryPoint\",\"urlTemplate\":\"https:\\\/\\\/www.organisator.ch\\\/?s={search_term_string}\"},\"query-input\":{\"@type\":\"PropertyValueSpecification\",\"valueRequired\":true,\"valueName\":\"search_term_string\"}}],\"inLanguage\":\"fr-FR\"},{\"@type\":\"Organization\",\"@id\":\"https:\\\/\\\/www.organisator.ch\\\/#organization\",\"name\":\"Organisator\",\"url\":\"https:\\\/\\\/www.organisator.ch\\\/\",\"logo\":{\"@type\":\"ImageObject\",\"inLanguage\":\"fr-FR\",\"@id\":\"https:\\\/\\\/www.organisator.ch\\\/#\\\/schema\\\/logo\\\/image\\\/\",\"url\":\"https:\\\/\\\/www.organisator.ch\\\/wp-content\\\/uploads\\\/2022\\\/01\\\/Logo_Organisator_Website.png\",\"contentUrl\":\"https:\\\/\\\/www.organisator.ch\\\/wp-content\\\/uploads\\\/2022\\\/01\\\/Logo_Organisator_Website.png\",\"width\":800,\"height\":77,\"caption\":\"Organisator\"},\"image\":{\"@id\":\"https:\\\/\\\/www.organisator.ch\\\/#\\\/schema\\\/logo\\\/image\\\/\"},\"sameAs\":[\"https:\\\/\\\/www.facebook.com\\\/OrganisatorFachmagazin\",\"https:\\\/\\\/www.linkedin.com\\\/showcase\\\/organisator-das-magazin-fr-kmu\",\"https:\\\/\\\/www.xing.com\\\/news\\\/pages\\\/organisator-ch-695\",\"https:\\\/\\\/www.youtube.com\\\/channel\\\/UCGP2Sq0iWaZwT3BdIAQFYpw\"]},{\"@type\":\"Person\",\"@id\":\"https:\\\/\\\/www.organisator.ch\\\/#\\\/schema\\\/person\\\/2e1314a2172123f874db408d8911d3f3\",\"name\":\"Adelisa Kalajdzini\",\"image\":{\"@type\":\"ImageObject\",\"inLanguage\":\"fr-FR\",\"@id\":\"https:\\\/\\\/secure.gravatar.com\\\/avatar\\\/09a397c22ac58cad6f160ee8306348599df9df58a8ede73696226897b9fa4b24?s=96&d=mm&r=g\",\"url\":\"https:\\\/\\\/secure.gravatar.com\\\/avatar\\\/09a397c22ac58cad6f160ee8306348599df9df58a8ede73696226897b9fa4b24?s=96&d=mm&r=g\",\"contentUrl\":\"https:\\\/\\\/secure.gravatar.com\\\/avatar\\\/09a397c22ac58cad6f160ee8306348599df9df58a8ede73696226897b9fa4b24?s=96&d=mm&r=g\",\"caption\":\"Adelisa Kalajdzini\"},\"url\":\"https:\\\/\\\/www.organisator.ch\\\/fr\\\/author\\\/adelisa-kalajdzini\\\/\"}]}<\/script>\n<!-- \/ Yoast SEO plugin. -->","yoast_head_json":{"title":"Lancement d'un centre de conseil orient\u00e9 vers l'avenir dans la r\u00e9gion \u00e9conomique de Thurgovie - Organisateur","description":"La zone situ\u00e9e \u00e0 l'est de Frauenfeld est en train de devenir un centre d'innovation \u00e9conomique, attir\u00e9 par sa position strat\u00e9gique juste \u00e0 c\u00f4t\u00e9 de l'autoroute.","robots":{"index":"index","follow":"follow","max-snippet":"max-snippet:-1","max-image-preview":"max-image-preview:large","max-video-preview":"max-video-preview:-1"},"canonical":"https:\/\/www.organisator.ch\/fr\/gestion-2\/2024-01-29\/start-eines-zukunftsorientierten-beratungszentrums-in-thurgauer-wirtschaftsregion\/","og_locale":"fr_FR","og_type":"article","og_title":"Start eines zukunftsorientierten Beratungszentrums in Thurgauer Wirtschaftsregion","og_description":"Das Gebiet im Osten von Frauenfeld entwickelt sich zu einem Zentrum wirtschaftlicher Innovation, angezogen von seiner strategischen Lage direkt an der Autobahn.","og_url":"https:\/\/www.organisator.ch\/fr\/gestion-2\/2024-01-29\/start-eines-zukunftsorientierten-beratungszentrums-in-thurgauer-wirtschaftsregion\/","og_site_name":"Organisator","article_publisher":"https:\/\/www.facebook.com\/OrganisatorFachmagazin","article_published_time":"2024-01-29T12:04:22+00:00","article_modified_time":"2024-01-29T14:18:51+00:00","og_image":[{"width":680,"height":453,"url":"https:\/\/www.organisator.ch\/wp-content\/uploads\/2024\/01\/Beratungszentrum_Bild1_ps.jpg","type":"image\/jpeg"}],"author":"Adelisa Kalajdzini","twitter_card":"summary_large_image","twitter_title":"Start eines zukunftsorientierten Beratungszentrums in Thurgauer Wirtschaftsregion","twitter_description":"Das Gebiet im #Osten von #Frauenfeld entwickelt sich zu einem #Zentrum wirtschaftlicher #Innovation, angezogen von seiner strategischen Lage direkt an der Autobahn.","twitter_image":"https:\/\/www.organisator.ch\/wp-content\/uploads\/2024\/01\/Beratungszentrum_Bild1_ps.jpg","schema":{"@context":"https:\/\/schema.org","@graph":[{"@type":"Article","@id":"https:\/\/www.organisator.ch\/management\/2024-01-29\/start-eines-zukunftsorientierten-beratungszentrums-in-thurgauer-wirtschaftsregion\/#article","isPartOf":{"@id":"https:\/\/www.organisator.ch\/management\/2024-01-29\/start-eines-zukunftsorientierten-beratungszentrums-in-thurgauer-wirtschaftsregion\/"},"author":{"name":"Adelisa Kalajdzini","@id":"https:\/\/www.organisator.ch\/#\/schema\/person\/2e1314a2172123f874db408d8911d3f3"},"headline":"Start eines zukunftsorientierten Beratungszentrums in Thurgauer Wirtschaftsregion","datePublished":"2024-01-29T12:04:22+00:00","dateModified":"2024-01-29T14:18:51+00:00","mainEntityOfPage":{"@id":"https:\/\/www.organisator.ch\/management\/2024-01-29\/start-eines-zukunftsorientierten-beratungszentrums-in-thurgauer-wirtschaftsregion\/"},"wordCount":341,"publisher":{"@id":"https:\/\/www.organisator.ch\/#organization"},"image":{"@id":"https:\/\/www.organisator.ch\/management\/2024-01-29\/start-eines-zukunftsorientierten-beratungszentrums-in-thurgauer-wirtschaftsregion\/#primaryimage"},"thumbnailUrl":"https:\/\/www.organisator.ch\/wp-content\/uploads\/2024\/01\/Beratungszentrum_Bild1_ps.jpg","keywords":["Beratung","Management","Schweiz","Unternehmen"],"articleSection":["MANAGEMENT"],"inLanguage":"fr-FR"},{"@type":"WebPage","@id":"https:\/\/www.organisator.ch\/management\/2024-01-29\/start-eines-zukunftsorientierten-beratungszentrums-in-thurgauer-wirtschaftsregion\/","url":"https:\/\/www.organisator.ch\/management\/2024-01-29\/start-eines-zukunftsorientierten-beratungszentrums-in-thurgauer-wirtschaftsregion\/","name":"Lancement d'un centre de conseil orient\u00e9 vers l'avenir dans la r\u00e9gion \u00e9conomique de Thurgovie - Organisateur","isPartOf":{"@id":"https:\/\/www.organisator.ch\/#website"},"primaryImageOfPage":{"@id":"https:\/\/www.organisator.ch\/management\/2024-01-29\/start-eines-zukunftsorientierten-beratungszentrums-in-thurgauer-wirtschaftsregion\/#primaryimage"},"image":{"@id":"https:\/\/www.organisator.ch\/management\/2024-01-29\/start-eines-zukunftsorientierten-beratungszentrums-in-thurgauer-wirtschaftsregion\/#primaryimage"},"thumbnailUrl":"https:\/\/www.organisator.ch\/wp-content\/uploads\/2024\/01\/Beratungszentrum_Bild1_ps.jpg","datePublished":"2024-01-29T12:04:22+00:00","dateModified":"2024-01-29T14:18:51+00:00","description":"La zone situ\u00e9e \u00e0 l'est de Frauenfeld est en train de devenir un centre d'innovation \u00e9conomique, attir\u00e9 par sa position strat\u00e9gique juste \u00e0 c\u00f4t\u00e9 de l'autoroute.","breadcrumb":{"@id":"https:\/\/www.organisator.ch\/management\/2024-01-29\/start-eines-zukunftsorientierten-beratungszentrums-in-thurgauer-wirtschaftsregion\/#breadcrumb"},"inLanguage":"fr-FR","potentialAction":[{"@type":"ReadAction","target":["https:\/\/www.organisator.ch\/management\/2024-01-29\/start-eines-zukunftsorientierten-beratungszentrums-in-thurgauer-wirtschaftsregion\/"]}]},{"@type":"ImageObject","inLanguage":"fr-FR","@id":"https:\/\/www.organisator.ch\/management\/2024-01-29\/start-eines-zukunftsorientierten-beratungszentrums-in-thurgauer-wirtschaftsregion\/#primaryimage","url":"https:\/\/www.organisator.ch\/wp-content\/uploads\/2024\/01\/Beratungszentrum_Bild1_ps.jpg","contentUrl":"https:\/\/www.organisator.ch\/wp-content\/uploads\/2024\/01\/Beratungszentrum_Bild1_ps.jpg","width":680,"height":453,"caption":"Chiaro Tomaselli, ein erfahrener Versicherungsexperte, hat die Beratungszentrum GmbH gegr\u00fcndet. (Bild: www.beratungs-zentrum.ch)"},{"@type":"BreadcrumbList","@id":"https:\/\/www.organisator.ch\/management\/2024-01-29\/start-eines-zukunftsorientierten-beratungszentrums-in-thurgauer-wirtschaftsregion\/#breadcrumb","itemListElement":[{"@type":"ListItem","position":1,"name":"Home","item":"https:\/\/www.organisator.ch\/"},{"@type":"ListItem","position":2,"name":"Start eines zukunftsorientierten Beratungszentrums in Thurgauer Wirtschaftsregion"}]},{"@type":"WebSite","@id":"https:\/\/www.organisator.ch\/#website","url":"https:\/\/www.organisator.ch\/","name":"Organisateur","description":"Comp\u00e9tence et comp\u00e9tence. Proches de la pratique. L'ORGANISATEUR pr\u00e9pare 10 num\u00e9ros par an sur les th\u00e8mes essentiels pour les dirigeants de PME.","publisher":{"@id":"https:\/\/www.organisator.ch\/#organization"},"potentialAction":[{"@type":"SearchAction","target":{"@type":"EntryPoint","urlTemplate":"https:\/\/www.organisator.ch\/?s={search_term_string}"},"query-input":{"@type":"PropertyValueSpecification","valueRequired":true,"valueName":"search_term_string"}}],"inLanguage":"fr-FR"},{"@type":"Organization","@id":"https:\/\/www.organisator.ch\/#organization","name":"Organisateur","url":"https:\/\/www.organisator.ch\/","logo":{"@type":"ImageObject","inLanguage":"fr-FR","@id":"https:\/\/www.organisator.ch\/#\/schema\/logo\/image\/","url":"https:\/\/www.organisator.ch\/wp-content\/uploads\/2022\/01\/Logo_Organisator_Website.png","contentUrl":"https:\/\/www.organisator.ch\/wp-content\/uploads\/2022\/01\/Logo_Organisator_Website.png","width":800,"height":77,"caption":"Organisator"},"image":{"@id":"https:\/\/www.organisator.ch\/#\/schema\/logo\/image\/"},"sameAs":["https:\/\/www.facebook.com\/OrganisatorFachmagazin","https:\/\/www.linkedin.com\/showcase\/organisator-das-magazin-fr-kmu","https:\/\/www.xing.com\/news\/pages\/organisator-ch-695","https:\/\/www.youtube.com\/channel\/UCGP2Sq0iWaZwT3BdIAQFYpw"]},{"@type":"Person","@id":"https:\/\/www.organisator.ch\/#\/schema\/person\/2e1314a2172123f874db408d8911d3f3","name":"Adelisa Kalajdzini","image":{"@type":"ImageObject","inLanguage":"fr-FR","@id":"https:\/\/secure.gravatar.com\/avatar\/09a397c22ac58cad6f160ee8306348599df9df58a8ede73696226897b9fa4b24?s=96&d=mm&r=g","url":"https:\/\/secure.gravatar.com\/avatar\/09a397c22ac58cad6f160ee8306348599df9df58a8ede73696226897b9fa4b24?s=96&d=mm&r=g","contentUrl":"https:\/\/secure.gravatar.com\/avatar\/09a397c22ac58cad6f160ee8306348599df9df58a8ede73696226897b9fa4b24?s=96&d=mm&r=g","caption":"Adelisa Kalajdzini"},"url":"https:\/\/www.organisator.ch\/fr\/author\/adelisa-kalajdzini\/"}]}},"_links":{"self":[{"href":"https:\/\/www.organisator.ch\/fr\/wp-json\/wp\/v2\/posts\/24608","targetHints":{"allow":["GET"]}}],"collection":[{"href":"https:\/\/www.organisator.ch\/fr\/wp-json\/wp\/v2\/posts"}],"about":[{"href":"https:\/\/www.organisator.ch\/fr\/wp-json\/wp\/v2\/types\/post"}],"author":[{"embeddable":true,"href":"https:\/\/www.organisator.ch\/fr\/wp-json\/wp\/v2\/users\/58"}],"replies":[{"embeddable":true,"href":"https:\/\/www.organisator.ch\/fr\/wp-json\/wp\/v2\/comments?post=24608"}],"version-history":[{"count":5,"href":"https:\/\/www.organisator.ch\/fr\/wp-json\/wp\/v2\/posts\/24608\/revisions"}],"predecessor-version":[{"id":24627,"href":"https:\/\/www.organisator.ch\/fr\/wp-json\/wp\/v2\/posts\/24608\/revisions\/24627"}],"wp:featuredmedia":[{"embeddable":true,"href":"https:\/\/www.organisator.ch\/fr\/wp-json\/wp\/v2\/media\/24610"}],"wp:attachment":[{"href":"https:\/\/www.organisator.ch\/fr\/wp-json\/wp\/v2\/media?parent=24608"}],"wp:term":[{"taxonomy":"category","embeddable":true,"href":"https:\/\/www.organisator.ch\/fr\/wp-json\/wp\/v2\/categories?post=24608"},{"taxonomy":"post_tag","embeddable":true,"href":"https:\/\/www.organisator.ch\/fr\/wp-json\/wp\/v2\/tags?post=24608"}],"curies":[{"name":"wp","href":"https:\/\/api.w.org\/{rel}","templated":true}]}}