{"id":24694,"date":"2024-01-31T14:21:30","date_gmt":"2024-01-31T13:21:30","guid":{"rendered":"https:\/\/www.organisator.ch\/?p=24694"},"modified":"2024-01-31T14:21:30","modified_gmt":"2024-01-31T13:21:30","slug":"lyreco-unboxed-der-groesste-b2b-nachhaltigkeits-kongress-der-schweiz","status":"publish","type":"post","link":"https:\/\/www.organisator.ch\/fr\/sustainability\/2024-01-31\/lyreco-unboxed-der-groesste-b2b-nachhaltigkeits-kongress-der-schweiz\/","title":{"rendered":"Lyreco unboxed : le plus grand congr\u00e8s B2B sur le d\u00e9veloppement durable en Suisse"},"content":{"rendered":"<figure id=\"attachment_24695\" aria-describedby=\"caption-attachment-24695\" style=\"width: 680px\" class=\"wp-caption alignnone\"><img loading=\"lazy\" decoding=\"async\" class=\"size-full wp-image-24695\" src=\"https:\/\/www.organisator.ch\/wp-content\/uploads\/2024\/01\/Eroeffnungspanel-unboxed_low_Bild1_ps.jpg\" alt=\"\" width=\"680\" height=\"453\" srcset=\"https:\/\/www.organisator.ch\/wp-content\/uploads\/2024\/01\/Eroeffnungspanel-unboxed_low_Bild1_ps.jpg 680w, https:\/\/www.organisator.ch\/wp-content\/uploads\/2024\/01\/Eroeffnungspanel-unboxed_low_Bild1_ps-18x12.jpg 18w, https:\/\/www.organisator.ch\/wp-content\/uploads\/2024\/01\/Eroeffnungspanel-unboxed_low_Bild1_ps-375x250.jpg 375w, https:\/\/www.organisator.ch\/wp-content\/uploads\/2024\/01\/Eroeffnungspanel-unboxed_low_Bild1_ps-525x350.jpg 525w\" sizes=\"auto, (max-width: 680px) 100vw, 680px\" \/><figcaption id=\"caption-attachment-24695\" class=\"wp-caption-text\">Le 25 janvier 2024, l'\u00e9v\u00e9nement clients de Lyreco Switzerland SA, intitul\u00e9 \"ouvertement et honn\u00eatement d\u00e9ball\u00e9\", s'est d\u00e9roul\u00e9 \u00e0 l'Umweltarena Schweiz \u00e0 Spreitenbach. (Photo : www.lyreco.ch)<\/figcaption><\/figure>\n<p>Ces derni\u00e8res ann\u00e9es, Lyreco Switzerland a r\u00e9ussi \u00e0 garder une longueur d'avance sur le th\u00e8me de la durabilit\u00e9. C'est le cas de la manifestation organis\u00e9e pour les clients le 25 janvier 2024 \u00e0 l'Umweltarena Schweiz de Spreitenbach. A cette occasion, plus de 1000 invit\u00e9s issus de l'\u00e9conomie, de la science et de la politique ont pu d\u00e9couvrir, sous la devise : \"ouvertement et honn\u00eatement d\u00e9ball\u00e9\", pourquoi l'\u00e9chec est si important pour rendre les cha\u00eenes d'approvisionnement plus durables.<\/p>\n<p>Comment le \"one way\" devient-il une v\u00e9ritable \u00e9conomie circulaire, quelles technologies rendent les cha\u00eenes d'approvisionnement plus efficaces et plus durables et quelles mesures permettent de prendre des d\u00e9cisions d'achat \u00e9clair\u00e9es ? Pour r\u00e9pondre \u00e0 ces questions, Lyreco a r\u00e9uni sur sc\u00e8ne plus de 30 experts qui ont vraiment quelque chose \u00e0 dire. De la science \u00e0 la pratique entrepreneuriale, de la multinationale \u00e0 la start-up et de la senior climatique \u00e0 la plus jeune g\u00e9n\u00e9ration, qu'il s'agisse de sessions, de panels ou d'expositions. Lyreco unboxed est un format r\u00e9current qui aborde le th\u00e8me de la durabilit\u00e9 de mani\u00e8re authentique, sans d\u00e9tour et tout au long de la cha\u00eene d'approvisionnement.<\/p>\n<h3><strong>Pourquoi un \u00e9v\u00e9nement de d\u00e9veloppement durable de cette ampleur ?<\/strong><\/h3>\n<p>\"Lyreco s'engage depuis longtemps dans le domaine de la durabilit\u00e9\", explique Thomas Illi, Managing Director de Lyreco Switzerland AG, \"notamment avec l'engagement en faveur de la Science Based Target Initiative, une livraison durable et la mise en \u0153uvre cons\u00e9quente d'une strat\u00e9gie de produits respectueuse de l'environnement, nous nous engageons d\u00e9j\u00e0 de mani\u00e8re exemplaire pour un avenir net-z\u00e9ro\". Maintenant, avec \"Lyreco unboxed\", le prestataire de services leader jette un pont unique et honn\u00eate entre sa mission \"Nous sommes des pionniers et livrons de mani\u00e8re durable tout ce dont un poste de travail a besoin pour que nos clients puissent se concentrer sur l'essentiel\". vers le client. \"Nous voulons inspirer et motiver nos clients, nos partenaires et nos collaborateurs, non pas en les montrant du doigt, mais en leur apportant une foule de connaissances et de plaisir !\", souligne encore Thomas Illi.<\/p>\n<h3><strong>Comment mettre en place un \u00e9v\u00e9nement sur le d\u00e9veloppement durable ?<\/strong><\/h3>\n<p>Lyreco aligne syst\u00e9matiquement ses mesures sur sa vision, c'est pourquoi l'\u00e9v\u00e9nement client de cette ann\u00e9e a \u00e9t\u00e9 r\u00e9alis\u00e9 de mani\u00e8re aussi r\u00e9duite que possible. \"Une premi\u00e8re analyse des \u00e9missions de CO<sub>2<\/sub>-de l'\u00e9v\u00e9nement Unboxed a r\u00e9v\u00e9l\u00e9 qu'environ 90 % des \u00e9missions sont g\u00e9n\u00e9r\u00e9es dans les domaines de la mobilit\u00e9 et de la restauration\", explique Tina Kempf, \"nous renon\u00e7ons donc autant que possible aux transports et misons pour le concept de restauration sur un approvisionnement v\u00e9g\u00e9tarien, saisonnier et r\u00e9gional, de pr\u00e9f\u00e9rence issu de l'agriculture biologique\". Mais ce n'est pas tout. En organisant un \u00e9v\u00e9nement dans le domaine du d\u00e9veloppement durable, Lyreco se fixe les objectifs suivants :<\/p>\n<ol>\n<li>Dans la mesure du possible, renoncer aux transports ou recourir \u00e0 des transports group\u00e9s, \u00e0 des circuits logistiques courts et \u00e0 l'utilisation de v\u00e9hicules \u00e9lectriques.<\/li>\n<li>Les collaborateurs se rendent \u00e0 la manifestation en utilisant les transports publics.<\/li>\n<li>Le concept de catering est v\u00e9g\u00e9tarien, bas\u00e9 sur un approvisionnement r\u00e9gional et une culture biologique. De plus, un rayon d'approvisionnement de 40 km est utilis\u00e9.<\/li>\n<li>Renoncer aux produits imprim\u00e9s \u00e0 grand tirage, utiliser les moyens de communication \u00e9lectroniques.<\/li>\n<li>Location a \u00e9t\u00e9 choisie en fonction de crit\u00e8res de durabilit\u00e9, de sorte que l'\u00e9lectricit\u00e9 provient d'une \u00e9nergie produite dans le respect de l'environnement (\u00e9nergie hydraulique, biogaz, installations solaires) dans la r\u00e9gion de Zurich\/Argovie.<\/li>\n<li>L'exposition et le mobilier \u00e9v\u00e9nementiel sont r\u00e9utilisables \u00e0 100 %. Ainsi, le mobilier est syst\u00e9matiquement lou\u00e9 et des bo\u00eetes r\u00e9utilisables Lyreco sont utilis\u00e9es pour l'exposition, par exemple, qui sont ensuite remises en circulation en tant que bo\u00eetes \u00e9v\u00e9nementielles pour la livraison des commandes des clients.<\/li>\n<li>Les d\u00e9chets in\u00e9vitables sont soigneusement tri\u00e9s et \u00e9limin\u00e9s de mani\u00e8re appropri\u00e9e ou transmis pour \u00eatre retrait\u00e9s.<\/li>\n<li>Motiver les participants \u00e0 contribuer activement en leur demandant de venir en transports en commun.<\/li>\n<\/ol>\n<p>Le fait que lors d'un \u00e9v\u00e9nement r\u00e9unissant pr\u00e8s de 1000 invit\u00e9s, les \u00e9missions de CO<sub>2<\/sub>-Lyreco est conscient du fait que les \u00e9missions de CO2 ne peuvent pas \u00eatre totalement \u00e9vit\u00e9es : \"Les \u00e9missions in\u00e9vitables sont comptabilis\u00e9es et investies dans un projet de for\u00eat de montagne suisse par le biais d'un soutien financier dans le cadre d'un volontariat d'entreprise\", explique Tina Kempf.<\/p>\n<p>La durabilit\u00e9 est un changement qui n'est ni trivial ni noir et blanc, c'est pourquoi les cha\u00eenes d'approvisionnement ont besoin de transparence et de regroupements. C'est ce que propose le fournisseur de solutions de postes de travail avec le nouveau format \"Lyreco unboxed : ouvertement et honn\u00eatement d\u00e9ball\u00e9\" et prouve par son engagement \u00e0 aller de l'avant avec responsabilit\u00e9, innovation et esprit pionnier.<\/p>\n<p>L'\u00e9v\u00e9nement annuel organis\u00e9 par Lyreco Switzerland pour ses clients sert de plateforme de r\u00e9seautage et est traditionnellement consid\u00e9r\u00e9 comme un symbole de remerciement pour la collaboration fructueuse. D\u00e9sormais, les \u00e9missions doivent \u00eatre r\u00e9duites ann\u00e9e apr\u00e8s ann\u00e9e dans le cadre de l'initiative Science Based Target. Un guide des \u00e9v\u00e9nements a \u00e9t\u00e9 cr\u00e9\u00e9 \u00e0 cet effet.<\/p>\n<p><em>Source : <a href=\"http:\/\/www.lyreco.ch\">www.lyreco.ch<\/a><\/em><\/p>","protected":false},"excerpt":{"rendered":"<p>Avec la devise \"ouvertement et honn\u00eatement d\u00e9ball\u00e9\", Lyreco Switzerland SA r\u00e9alise pour la premi\u00e8re fois son \u00e9v\u00e9nement clients dans un nouveau format et pose ainsi de nouveaux jalons.<\/p>","protected":false},"author":58,"featured_media":24695,"comment_status":"closed","ping_status":"closed","sticky":false,"template":"","format":"standard","meta":{"_acf_changed":false,"_yoast_wpseo_focuskw":"Nachhaltigkeits-Kongress","_yoast_wpseo_metadesc":"Mit dem Motto \u00aboffen und ehrlich ausgepackt\u00bb realisiert Lyreco Switzerland AG ihren Kundenanlass zum ersten Mal im neuen Format.","articlekey":"","footnotes":""},"categories":[580],"tags":[67,1555,1787,424,492],"class_list":["post-24694","post","type-post","status-publish","format-standard","has-post-thumbnail","hentry","category-sustainability","tag-b2b","tag-kongress","tag-nachhaltigkeit","tag-schweiz","tag-unternehmen"],"acf":[],"yoast_head":"<!-- This site is optimized with the Yoast SEO plugin v27.5 - https:\/\/yoast.com\/product\/yoast-seo-wordpress\/ -->\n<title>Lyreco unboxed: Der gr\u00f6sste B2B Nachhaltigkeits-Kongress der Schweiz - Organisator<\/title>\n<meta name=\"description\" content=\"Mit dem Motto \u00aboffen und ehrlich ausgepackt\u00bb realisiert Lyreco Switzerland AG ihren Kundenanlass zum ersten Mal im neuen Format.\" \/>\n<meta name=\"robots\" content=\"index, follow, max-snippet:-1, max-image-preview:large, max-video-preview:-1\" \/>\n<link rel=\"canonical\" href=\"https:\/\/www.organisator.ch\/fr\/sustainability\/2024-01-31\/lyreco-unboxed-der-groesste-b2b-nachhaltigkeits-kongress-der-schweiz\/\" \/>\n<meta property=\"og:locale\" content=\"fr_FR\" \/>\n<meta property=\"og:type\" content=\"article\" \/>\n<meta property=\"og:title\" content=\"Lyreco unboxed: Der gr\u00f6sste B2B Nachhaltigkeits-Kongress der Schweiz\" \/>\n<meta property=\"og:description\" content=\"Mit dem Motto \u00aboffen und ehrlich ausgepackt\u00bb realisiert Lyreco Switzerland AG ihren Kundenanlass zum ersten Mal im neuen Format.\" \/>\n<meta property=\"og:url\" content=\"https:\/\/www.organisator.ch\/fr\/sustainability\/2024-01-31\/lyreco-unboxed-der-groesste-b2b-nachhaltigkeits-kongress-der-schweiz\/\" \/>\n<meta property=\"og:site_name\" content=\"Organisator\" \/>\n<meta property=\"article:publisher\" content=\"https:\/\/www.facebook.com\/OrganisatorFachmagazin\" \/>\n<meta property=\"article:published_time\" content=\"2024-01-31T13:21:30+00:00\" \/>\n<meta property=\"og:image\" content=\"https:\/\/www.organisator.ch\/wp-content\/uploads\/2024\/01\/Eroeffnungspanel-unboxed_low_Bild1_ps.jpg\" \/>\n\t<meta property=\"og:image:width\" content=\"680\" \/>\n\t<meta property=\"og:image:height\" content=\"453\" \/>\n\t<meta property=\"og:image:type\" content=\"image\/jpeg\" \/>\n<meta name=\"author\" content=\"Adelisa Kalajdzini\" \/>\n<meta name=\"twitter:card\" content=\"summary_large_image\" \/>\n<meta name=\"twitter:title\" content=\"Lyreco unboxed: Der gr\u00f6sste B2B Nachhaltigkeits-Kongress der Schweiz\" \/>\n<meta name=\"twitter:description\" content=\"Mit dem #Motto #\u00aboffen und ehrlich ausgepackt\u00bb realisiert #Lyreco Switzerland AG ihren #Kundenanlass zum ersten Mal im neuen Format.\" \/>\n<meta name=\"twitter:image\" content=\"https:\/\/www.organisator.ch\/wp-content\/uploads\/2024\/01\/Eroeffnungspanel-unboxed_low_Bild1_ps.jpg\" \/>\n<script type=\"application\/ld+json\" class=\"yoast-schema-graph\">{\"@context\":\"https:\\\/\\\/schema.org\",\"@graph\":[{\"@type\":\"Article\",\"@id\":\"https:\\\/\\\/www.organisator.ch\\\/sustainability\\\/2024-01-31\\\/lyreco-unboxed-der-groesste-b2b-nachhaltigkeits-kongress-der-schweiz\\\/#article\",\"isPartOf\":{\"@id\":\"https:\\\/\\\/www.organisator.ch\\\/sustainability\\\/2024-01-31\\\/lyreco-unboxed-der-groesste-b2b-nachhaltigkeits-kongress-der-schweiz\\\/\"},\"author\":{\"name\":\"Adelisa Kalajdzini\",\"@id\":\"https:\\\/\\\/www.organisator.ch\\\/#\\\/schema\\\/person\\\/2e1314a2172123f874db408d8911d3f3\"},\"headline\":\"Lyreco unboxed: Der gr\u00f6sste B2B Nachhaltigkeits-Kongress der Schweiz\",\"datePublished\":\"2024-01-31T13:21:30+00:00\",\"mainEntityOfPage\":{\"@id\":\"https:\\\/\\\/www.organisator.ch\\\/sustainability\\\/2024-01-31\\\/lyreco-unboxed-der-groesste-b2b-nachhaltigkeits-kongress-der-schweiz\\\/\"},\"wordCount\":703,\"publisher\":{\"@id\":\"https:\\\/\\\/www.organisator.ch\\\/#organization\"},\"image\":{\"@id\":\"https:\\\/\\\/www.organisator.ch\\\/sustainability\\\/2024-01-31\\\/lyreco-unboxed-der-groesste-b2b-nachhaltigkeits-kongress-der-schweiz\\\/#primaryimage\"},\"thumbnailUrl\":\"https:\\\/\\\/www.organisator.ch\\\/wp-content\\\/uploads\\\/2024\\\/01\\\/Eroeffnungspanel-unboxed_low_Bild1_ps.jpg\",\"keywords\":[\"B2B\",\"Kongress\",\"Nachhaltigkeit\",\"Schweiz\",\"Unternehmen\"],\"articleSection\":[\"SUSTAINABILITY\"],\"inLanguage\":\"fr-FR\"},{\"@type\":\"WebPage\",\"@id\":\"https:\\\/\\\/www.organisator.ch\\\/sustainability\\\/2024-01-31\\\/lyreco-unboxed-der-groesste-b2b-nachhaltigkeits-kongress-der-schweiz\\\/\",\"url\":\"https:\\\/\\\/www.organisator.ch\\\/sustainability\\\/2024-01-31\\\/lyreco-unboxed-der-groesste-b2b-nachhaltigkeits-kongress-der-schweiz\\\/\",\"name\":\"Lyreco unboxed: Der gr\u00f6sste B2B Nachhaltigkeits-Kongress der Schweiz - Organisator\",\"isPartOf\":{\"@id\":\"https:\\\/\\\/www.organisator.ch\\\/#website\"},\"primaryImageOfPage\":{\"@id\":\"https:\\\/\\\/www.organisator.ch\\\/sustainability\\\/2024-01-31\\\/lyreco-unboxed-der-groesste-b2b-nachhaltigkeits-kongress-der-schweiz\\\/#primaryimage\"},\"image\":{\"@id\":\"https:\\\/\\\/www.organisator.ch\\\/sustainability\\\/2024-01-31\\\/lyreco-unboxed-der-groesste-b2b-nachhaltigkeits-kongress-der-schweiz\\\/#primaryimage\"},\"thumbnailUrl\":\"https:\\\/\\\/www.organisator.ch\\\/wp-content\\\/uploads\\\/2024\\\/01\\\/Eroeffnungspanel-unboxed_low_Bild1_ps.jpg\",\"datePublished\":\"2024-01-31T13:21:30+00:00\",\"description\":\"Mit dem Motto \u00aboffen und ehrlich ausgepackt\u00bb realisiert Lyreco Switzerland AG ihren Kundenanlass zum ersten Mal im neuen Format.\",\"breadcrumb\":{\"@id\":\"https:\\\/\\\/www.organisator.ch\\\/sustainability\\\/2024-01-31\\\/lyreco-unboxed-der-groesste-b2b-nachhaltigkeits-kongress-der-schweiz\\\/#breadcrumb\"},\"inLanguage\":\"fr-FR\",\"potentialAction\":[{\"@type\":\"ReadAction\",\"target\":[\"https:\\\/\\\/www.organisator.ch\\\/sustainability\\\/2024-01-31\\\/lyreco-unboxed-der-groesste-b2b-nachhaltigkeits-kongress-der-schweiz\\\/\"]}]},{\"@type\":\"ImageObject\",\"inLanguage\":\"fr-FR\",\"@id\":\"https:\\\/\\\/www.organisator.ch\\\/sustainability\\\/2024-01-31\\\/lyreco-unboxed-der-groesste-b2b-nachhaltigkeits-kongress-der-schweiz\\\/#primaryimage\",\"url\":\"https:\\\/\\\/www.organisator.ch\\\/wp-content\\\/uploads\\\/2024\\\/01\\\/Eroeffnungspanel-unboxed_low_Bild1_ps.jpg\",\"contentUrl\":\"https:\\\/\\\/www.organisator.ch\\\/wp-content\\\/uploads\\\/2024\\\/01\\\/Eroeffnungspanel-unboxed_low_Bild1_ps.jpg\",\"width\":680,\"height\":453,\"caption\":\"Am 25. Januar 2024 fand der Kundenanlass von Lyreco Switzerland AG mit dem Motto \u00aboffen und ehrlich ausgepackt\u00bb in der Umweltarena Schweiz in Spreitenbach statt. (Bild: www.lyreco.ch)\"},{\"@type\":\"BreadcrumbList\",\"@id\":\"https:\\\/\\\/www.organisator.ch\\\/sustainability\\\/2024-01-31\\\/lyreco-unboxed-der-groesste-b2b-nachhaltigkeits-kongress-der-schweiz\\\/#breadcrumb\",\"itemListElement\":[{\"@type\":\"ListItem\",\"position\":1,\"name\":\"Home\",\"item\":\"https:\\\/\\\/www.organisator.ch\\\/\"},{\"@type\":\"ListItem\",\"position\":2,\"name\":\"Lyreco unboxed: Der gr\u00f6sste B2B Nachhaltigkeits-Kongress der Schweiz\"}]},{\"@type\":\"WebSite\",\"@id\":\"https:\\\/\\\/www.organisator.ch\\\/#website\",\"url\":\"https:\\\/\\\/www.organisator.ch\\\/\",\"name\":\"Organisator\",\"description\":\"Kompetent. Praxisnah. Der ORGANISATOR bereitet in 10 Ausgaben pro Jahr die wesentlichen Themen f\u00fcr F\u00fchrungskr\u00e4fte von KMU auf.\",\"publisher\":{\"@id\":\"https:\\\/\\\/www.organisator.ch\\\/#organization\"},\"potentialAction\":[{\"@type\":\"SearchAction\",\"target\":{\"@type\":\"EntryPoint\",\"urlTemplate\":\"https:\\\/\\\/www.organisator.ch\\\/?s={search_term_string}\"},\"query-input\":{\"@type\":\"PropertyValueSpecification\",\"valueRequired\":true,\"valueName\":\"search_term_string\"}}],\"inLanguage\":\"fr-FR\"},{\"@type\":\"Organization\",\"@id\":\"https:\\\/\\\/www.organisator.ch\\\/#organization\",\"name\":\"Organisator\",\"url\":\"https:\\\/\\\/www.organisator.ch\\\/\",\"logo\":{\"@type\":\"ImageObject\",\"inLanguage\":\"fr-FR\",\"@id\":\"https:\\\/\\\/www.organisator.ch\\\/#\\\/schema\\\/logo\\\/image\\\/\",\"url\":\"https:\\\/\\\/www.organisator.ch\\\/wp-content\\\/uploads\\\/2022\\\/01\\\/Logo_Organisator_Website.png\",\"contentUrl\":\"https:\\\/\\\/www.organisator.ch\\\/wp-content\\\/uploads\\\/2022\\\/01\\\/Logo_Organisator_Website.png\",\"width\":800,\"height\":77,\"caption\":\"Organisator\"},\"image\":{\"@id\":\"https:\\\/\\\/www.organisator.ch\\\/#\\\/schema\\\/logo\\\/image\\\/\"},\"sameAs\":[\"https:\\\/\\\/www.facebook.com\\\/OrganisatorFachmagazin\",\"https:\\\/\\\/www.linkedin.com\\\/showcase\\\/organisator-das-magazin-fr-kmu\",\"https:\\\/\\\/www.xing.com\\\/news\\\/pages\\\/organisator-ch-695\",\"https:\\\/\\\/www.youtube.com\\\/channel\\\/UCGP2Sq0iWaZwT3BdIAQFYpw\"]},{\"@type\":\"Person\",\"@id\":\"https:\\\/\\\/www.organisator.ch\\\/#\\\/schema\\\/person\\\/2e1314a2172123f874db408d8911d3f3\",\"name\":\"Adelisa Kalajdzini\",\"image\":{\"@type\":\"ImageObject\",\"inLanguage\":\"fr-FR\",\"@id\":\"https:\\\/\\\/secure.gravatar.com\\\/avatar\\\/09a397c22ac58cad6f160ee8306348599df9df58a8ede73696226897b9fa4b24?s=96&d=mm&r=g\",\"url\":\"https:\\\/\\\/secure.gravatar.com\\\/avatar\\\/09a397c22ac58cad6f160ee8306348599df9df58a8ede73696226897b9fa4b24?s=96&d=mm&r=g\",\"contentUrl\":\"https:\\\/\\\/secure.gravatar.com\\\/avatar\\\/09a397c22ac58cad6f160ee8306348599df9df58a8ede73696226897b9fa4b24?s=96&d=mm&r=g\",\"caption\":\"Adelisa Kalajdzini\"},\"url\":\"https:\\\/\\\/www.organisator.ch\\\/fr\\\/author\\\/adelisa-kalajdzini\\\/\"}]}<\/script>\n<!-- \/ Yoast SEO plugin. -->","yoast_head_json":{"title":"Lyreco unboxed : Le plus grand congr\u00e8s B2B sur le d\u00e9veloppement durable en Suisse - Organisateur","description":"Avec la devise \"ouvertement et honn\u00eatement d\u00e9ball\u00e9\", Lyreco Switzerland SA r\u00e9alise pour la premi\u00e8re fois son \u00e9v\u00e9nement clients sous un nouveau format.","robots":{"index":"index","follow":"follow","max-snippet":"max-snippet:-1","max-image-preview":"max-image-preview:large","max-video-preview":"max-video-preview:-1"},"canonical":"https:\/\/www.organisator.ch\/fr\/sustainability\/2024-01-31\/lyreco-unboxed-der-groesste-b2b-nachhaltigkeits-kongress-der-schweiz\/","og_locale":"fr_FR","og_type":"article","og_title":"Lyreco unboxed: Der gr\u00f6sste B2B Nachhaltigkeits-Kongress der Schweiz","og_description":"Mit dem Motto \u00aboffen und ehrlich ausgepackt\u00bb realisiert Lyreco Switzerland AG ihren Kundenanlass zum ersten Mal im neuen Format.","og_url":"https:\/\/www.organisator.ch\/fr\/sustainability\/2024-01-31\/lyreco-unboxed-der-groesste-b2b-nachhaltigkeits-kongress-der-schweiz\/","og_site_name":"Organisator","article_publisher":"https:\/\/www.facebook.com\/OrganisatorFachmagazin","article_published_time":"2024-01-31T13:21:30+00:00","og_image":[{"width":680,"height":453,"url":"https:\/\/www.organisator.ch\/wp-content\/uploads\/2024\/01\/Eroeffnungspanel-unboxed_low_Bild1_ps.jpg","type":"image\/jpeg"}],"author":"Adelisa Kalajdzini","twitter_card":"summary_large_image","twitter_title":"Lyreco unboxed: Der gr\u00f6sste B2B Nachhaltigkeits-Kongress der Schweiz","twitter_description":"Mit dem #Motto #\u00aboffen und ehrlich ausgepackt\u00bb realisiert #Lyreco Switzerland AG ihren #Kundenanlass zum ersten Mal im neuen Format.","twitter_image":"https:\/\/www.organisator.ch\/wp-content\/uploads\/2024\/01\/Eroeffnungspanel-unboxed_low_Bild1_ps.jpg","schema":{"@context":"https:\/\/schema.org","@graph":[{"@type":"Article","@id":"https:\/\/www.organisator.ch\/sustainability\/2024-01-31\/lyreco-unboxed-der-groesste-b2b-nachhaltigkeits-kongress-der-schweiz\/#article","isPartOf":{"@id":"https:\/\/www.organisator.ch\/sustainability\/2024-01-31\/lyreco-unboxed-der-groesste-b2b-nachhaltigkeits-kongress-der-schweiz\/"},"author":{"name":"Adelisa Kalajdzini","@id":"https:\/\/www.organisator.ch\/#\/schema\/person\/2e1314a2172123f874db408d8911d3f3"},"headline":"Lyreco unboxed: Der gr\u00f6sste B2B Nachhaltigkeits-Kongress der Schweiz","datePublished":"2024-01-31T13:21:30+00:00","mainEntityOfPage":{"@id":"https:\/\/www.organisator.ch\/sustainability\/2024-01-31\/lyreco-unboxed-der-groesste-b2b-nachhaltigkeits-kongress-der-schweiz\/"},"wordCount":703,"publisher":{"@id":"https:\/\/www.organisator.ch\/#organization"},"image":{"@id":"https:\/\/www.organisator.ch\/sustainability\/2024-01-31\/lyreco-unboxed-der-groesste-b2b-nachhaltigkeits-kongress-der-schweiz\/#primaryimage"},"thumbnailUrl":"https:\/\/www.organisator.ch\/wp-content\/uploads\/2024\/01\/Eroeffnungspanel-unboxed_low_Bild1_ps.jpg","keywords":["B2B","Kongress","Nachhaltigkeit","Schweiz","Unternehmen"],"articleSection":["SUSTAINABILITY"],"inLanguage":"fr-FR"},{"@type":"WebPage","@id":"https:\/\/www.organisator.ch\/sustainability\/2024-01-31\/lyreco-unboxed-der-groesste-b2b-nachhaltigkeits-kongress-der-schweiz\/","url":"https:\/\/www.organisator.ch\/sustainability\/2024-01-31\/lyreco-unboxed-der-groesste-b2b-nachhaltigkeits-kongress-der-schweiz\/","name":"Lyreco unboxed : Le plus grand congr\u00e8s B2B sur le d\u00e9veloppement durable en Suisse - Organisateur","isPartOf":{"@id":"https:\/\/www.organisator.ch\/#website"},"primaryImageOfPage":{"@id":"https:\/\/www.organisator.ch\/sustainability\/2024-01-31\/lyreco-unboxed-der-groesste-b2b-nachhaltigkeits-kongress-der-schweiz\/#primaryimage"},"image":{"@id":"https:\/\/www.organisator.ch\/sustainability\/2024-01-31\/lyreco-unboxed-der-groesste-b2b-nachhaltigkeits-kongress-der-schweiz\/#primaryimage"},"thumbnailUrl":"https:\/\/www.organisator.ch\/wp-content\/uploads\/2024\/01\/Eroeffnungspanel-unboxed_low_Bild1_ps.jpg","datePublished":"2024-01-31T13:21:30+00:00","description":"Avec la devise \"ouvertement et honn\u00eatement d\u00e9ball\u00e9\", Lyreco Switzerland SA r\u00e9alise pour la premi\u00e8re fois son \u00e9v\u00e9nement clients sous un nouveau format.","breadcrumb":{"@id":"https:\/\/www.organisator.ch\/sustainability\/2024-01-31\/lyreco-unboxed-der-groesste-b2b-nachhaltigkeits-kongress-der-schweiz\/#breadcrumb"},"inLanguage":"fr-FR","potentialAction":[{"@type":"ReadAction","target":["https:\/\/www.organisator.ch\/sustainability\/2024-01-31\/lyreco-unboxed-der-groesste-b2b-nachhaltigkeits-kongress-der-schweiz\/"]}]},{"@type":"ImageObject","inLanguage":"fr-FR","@id":"https:\/\/www.organisator.ch\/sustainability\/2024-01-31\/lyreco-unboxed-der-groesste-b2b-nachhaltigkeits-kongress-der-schweiz\/#primaryimage","url":"https:\/\/www.organisator.ch\/wp-content\/uploads\/2024\/01\/Eroeffnungspanel-unboxed_low_Bild1_ps.jpg","contentUrl":"https:\/\/www.organisator.ch\/wp-content\/uploads\/2024\/01\/Eroeffnungspanel-unboxed_low_Bild1_ps.jpg","width":680,"height":453,"caption":"Am 25. Januar 2024 fand der Kundenanlass von Lyreco Switzerland AG mit dem Motto \u00aboffen und ehrlich ausgepackt\u00bb in der Umweltarena Schweiz in Spreitenbach statt. (Bild: www.lyreco.ch)"},{"@type":"BreadcrumbList","@id":"https:\/\/www.organisator.ch\/sustainability\/2024-01-31\/lyreco-unboxed-der-groesste-b2b-nachhaltigkeits-kongress-der-schweiz\/#breadcrumb","itemListElement":[{"@type":"ListItem","position":1,"name":"Home","item":"https:\/\/www.organisator.ch\/"},{"@type":"ListItem","position":2,"name":"Lyreco unboxed: Der gr\u00f6sste B2B Nachhaltigkeits-Kongress der Schweiz"}]},{"@type":"WebSite","@id":"https:\/\/www.organisator.ch\/#website","url":"https:\/\/www.organisator.ch\/","name":"Organisateur","description":"Comp\u00e9tence et comp\u00e9tence. Proches de la pratique. L'ORGANISATEUR pr\u00e9pare 10 num\u00e9ros par an sur les th\u00e8mes essentiels pour les dirigeants de PME.","publisher":{"@id":"https:\/\/www.organisator.ch\/#organization"},"potentialAction":[{"@type":"SearchAction","target":{"@type":"EntryPoint","urlTemplate":"https:\/\/www.organisator.ch\/?s={search_term_string}"},"query-input":{"@type":"PropertyValueSpecification","valueRequired":true,"valueName":"search_term_string"}}],"inLanguage":"fr-FR"},{"@type":"Organization","@id":"https:\/\/www.organisator.ch\/#organization","name":"Organisateur","url":"https:\/\/www.organisator.ch\/","logo":{"@type":"ImageObject","inLanguage":"fr-FR","@id":"https:\/\/www.organisator.ch\/#\/schema\/logo\/image\/","url":"https:\/\/www.organisator.ch\/wp-content\/uploads\/2022\/01\/Logo_Organisator_Website.png","contentUrl":"https:\/\/www.organisator.ch\/wp-content\/uploads\/2022\/01\/Logo_Organisator_Website.png","width":800,"height":77,"caption":"Organisator"},"image":{"@id":"https:\/\/www.organisator.ch\/#\/schema\/logo\/image\/"},"sameAs":["https:\/\/www.facebook.com\/OrganisatorFachmagazin","https:\/\/www.linkedin.com\/showcase\/organisator-das-magazin-fr-kmu","https:\/\/www.xing.com\/news\/pages\/organisator-ch-695","https:\/\/www.youtube.com\/channel\/UCGP2Sq0iWaZwT3BdIAQFYpw"]},{"@type":"Person","@id":"https:\/\/www.organisator.ch\/#\/schema\/person\/2e1314a2172123f874db408d8911d3f3","name":"Adelisa Kalajdzini","image":{"@type":"ImageObject","inLanguage":"fr-FR","@id":"https:\/\/secure.gravatar.com\/avatar\/09a397c22ac58cad6f160ee8306348599df9df58a8ede73696226897b9fa4b24?s=96&d=mm&r=g","url":"https:\/\/secure.gravatar.com\/avatar\/09a397c22ac58cad6f160ee8306348599df9df58a8ede73696226897b9fa4b24?s=96&d=mm&r=g","contentUrl":"https:\/\/secure.gravatar.com\/avatar\/09a397c22ac58cad6f160ee8306348599df9df58a8ede73696226897b9fa4b24?s=96&d=mm&r=g","caption":"Adelisa Kalajdzini"},"url":"https:\/\/www.organisator.ch\/fr\/author\/adelisa-kalajdzini\/"}]}},"_links":{"self":[{"href":"https:\/\/www.organisator.ch\/fr\/wp-json\/wp\/v2\/posts\/24694","targetHints":{"allow":["GET"]}}],"collection":[{"href":"https:\/\/www.organisator.ch\/fr\/wp-json\/wp\/v2\/posts"}],"about":[{"href":"https:\/\/www.organisator.ch\/fr\/wp-json\/wp\/v2\/types\/post"}],"author":[{"embeddable":true,"href":"https:\/\/www.organisator.ch\/fr\/wp-json\/wp\/v2\/users\/58"}],"replies":[{"embeddable":true,"href":"https:\/\/www.organisator.ch\/fr\/wp-json\/wp\/v2\/comments?post=24694"}],"version-history":[{"count":5,"href":"https:\/\/www.organisator.ch\/fr\/wp-json\/wp\/v2\/posts\/24694\/revisions"}],"predecessor-version":[{"id":24723,"href":"https:\/\/www.organisator.ch\/fr\/wp-json\/wp\/v2\/posts\/24694\/revisions\/24723"}],"wp:featuredmedia":[{"embeddable":true,"href":"https:\/\/www.organisator.ch\/fr\/wp-json\/wp\/v2\/media\/24695"}],"wp:attachment":[{"href":"https:\/\/www.organisator.ch\/fr\/wp-json\/wp\/v2\/media?parent=24694"}],"wp:term":[{"taxonomy":"category","embeddable":true,"href":"https:\/\/www.organisator.ch\/fr\/wp-json\/wp\/v2\/categories?post=24694"},{"taxonomy":"post_tag","embeddable":true,"href":"https:\/\/www.organisator.ch\/fr\/wp-json\/wp\/v2\/tags?post=24694"}],"curies":[{"name":"wp","href":"https:\/\/api.w.org\/{rel}","templated":true}]}}