{"id":2470,"date":"2017-09-22T08:30:27","date_gmt":"2017-09-22T06:30:27","guid":{"rendered":"https:\/\/www.organisator.ch\/?p=2470"},"modified":"2017-09-22T08:30:27","modified_gmt":"2017-09-22T06:30:27","slug":"jucker-farm-gewinnt-den-family-business-award-2017","status":"publish","type":"post","link":"https:\/\/www.organisator.ch\/fr\/allgemein\/2017-09-22\/jucker-farm-gewinnt-den-family-business-award-2017\/","title":{"rendered":"La ferme Jucker remporte le Family Business Award 2017"},"content":{"rendered":"<figure id=\"attachment_2471\" aria-describedby=\"caption-attachment-2471\" style=\"width: 640px\" class=\"wp-caption alignnone\"><img loading=\"lazy\" decoding=\"async\" class=\"size-full wp-image-2471\" src=\"https:\/\/www.organisator.ch\/wp-content\/uploads\/2017\/09\/Jucker-Farm-gewinnt-den-Family-Business-Award-2017_Organisator.jpg\" alt=\"\" width=\"640\" height=\"426\" srcset=\"https:\/\/www.organisator.ch\/wp-content\/uploads\/2017\/09\/Jucker-Farm-gewinnt-den-Family-Business-Award-2017_Organisator.jpg 640w, https:\/\/www.organisator.ch\/wp-content\/uploads\/2017\/09\/Jucker-Farm-gewinnt-den-Family-Business-Award-2017_Organisator-16x12.jpg 16w, https:\/\/www.organisator.ch\/wp-content\/uploads\/2017\/09\/Jucker-Farm-gewinnt-den-Family-Business-Award-2017_Organisator-263x175.jpg 263w, https:\/\/www.organisator.ch\/wp-content\/uploads\/2017\/09\/Jucker-Farm-gewinnt-den-Family-Business-Award-2017_Organisator-526x350.jpg 526w, https:\/\/www.organisator.ch\/wp-content\/uploads\/2017\/09\/Jucker-Farm-gewinnt-den-Family-Business-Award-2017_Organisator-300x200.jpg 300w\" sizes=\"auto, (max-width: 640px) 100vw, 640px\" \/><figcaption id=\"caption-attachment-2471\" class=\"wp-caption-text\">De gauche \u00e0 droite : Martin Haefner, pr\u00e9sident du conseil d'administration d'AMAG, Pascale Bruderer Wyss, conseill\u00e8re aux \u00c9tats et pr\u00e9sidente du jury du Family Business Award, Martin et Beat Jucker de la Jucker Farm, Morten Hannesbo, CEO d'AMAG. (Image : obs\/AMAG Automobil- und Motoren AG)<\/figcaption><\/figure>\n<p>Le soir du 21 septembre, le gagnant du Family Business Award 2017 a \u00e9t\u00e9 d\u00e9sign\u00e9 lors d'une c\u00e9r\u00e9monie festive au Kursaal de Berne. Ce prix a \u00e9t\u00e9 cr\u00e9\u00e9 par AMAG en l'honneur de son fondateur et patron, Walter Haefner, qui s'est toujours engag\u00e9 pour une culture d'entreprise authentique, v\u00e9cue et durable. Le prix a pour but d'attirer l'attention sur la grande importance \u00e9conomique des entreprises familiales en Suisse. Le prix a \u00e9t\u00e9 d\u00e9cern\u00e9 cette ann\u00e9e pour la sixi\u00e8me fois. Les trois entreprises familiales suivantes \u00e9taient en lice en tant que finalistes : Jucker Farm AG de Seegr\u00e4ben, Ramseier Holding AG de Berne et R\u00f6thlisberger Schreinerei AG de G\u00fcmligen.<\/p>\n<h2>La ferme Jucker gagnante<\/h2>\n<p>En pr\u00e9sence de nombreux repr\u00e9sentants \u00e9minents de la politique et de l'\u00e9conomie, la famille Jucker a eu le plaisir de recevoir l'Award. Les fr\u00e8res Martin et Beat Jucker ont convaincu le jury, pr\u00e9sid\u00e9 par la conseill\u00e8re aux \u00c9tats Pascale Bruderer Wyss, avec leur strat\u00e9gie commerciale, gr\u00e2ce \u00e0 laquelle ils ont d\u00e9velopp\u00e9, \u00e0 partir de la ferme classique de leurs parents, un concept unique de fermes de d\u00e9couverte, d'expositions et d'\u00e9v\u00e9nements professionnels. Par leur travail, ils prouvent de mani\u00e8re impressionnante que l'entrepreneuriat peut contribuer \u00e0 la durabilit\u00e9 sociale et \u00e9cologique, comme il ressort de la laudatio. En tant qu'entreprise exemplaire, la Jucker Farm vient compl\u00e9ter la s\u00e9rie des laur\u00e9ats pr\u00e9c\u00e9dents : Fraisa SA (2016), Wyon AG (2015), Entreprises et Domaines Rouvinez (2014), SIGA Holding (2013) et Trisa AG (2012).<\/p>\n<h2>Amener l'entreprise \u00e0 un nouvel essor avec beaucoup d'\u00e9nergie<\/h2>\n<p>Les fr\u00e8res Martin et Beat Jucker voulaient prendre un nouveau d\u00e9part avec la ferme de leurs parents. Apr\u00e8s des f\u00eates gigantesques avec des citrouilles et des courses en citrouilles g\u00e9antes \u00e9vid\u00e9es sur le lac de Pf\u00e4ffikon, l'entreprise qui s'\u00e9tait rapidement d\u00e9velopp\u00e9e \u00e9tait cependant menac\u00e9e de faillite. Avec beaucoup d'\u00e9nergie, une id\u00e9ologie d'entreprise a pu \u00eatre d\u00e9velopp\u00e9e en 2004. La nouvelle strat\u00e9gie consiste en un retour aux sources avec la fabrication et la vente de produits durables et de haute qualit\u00e9. Une plus grande diversification est recherch\u00e9e et, outre les courges, les Juckers cultivent des asperges au printemps et des myrtilles en \u00e9t\u00e9. Les produits agricoles sont fra\u00eechement pr\u00e9par\u00e9s dans la cuisine ou la boulangerie de la ferme et vendus dans les magasins et les restaurants de la ferme ainsi que par le biais de divers grossistes. Par ailleurs, le \"Jucker Business Model\" mise sur l'art naturel comme les expositions de citrouilles, sur les fermes de d\u00e9couverte et sur les \u00e9v\u00e9nements comme les sorties d'entreprise ou les mariages. L'objectif principal de toutes les activit\u00e9s est de rendre les clients heureux, ce qui n'est possible qu'avec des collaborateurs satisfaits. Ce fait est \u00e9galement soulign\u00e9 par la devise \"Simplement cr\u00e9er de la joie pour les g\u00e9n\u00e9rations\".<\/p>\n<p><a href=\"http:\/\/www.juckerfarm.ch\/\"><em>Site web du laur\u00e9at<\/em><\/a><\/p>\n<p>&nbsp;<\/p>","protected":false},"excerpt":{"rendered":"<p>Am Abend des 21. September wurde an der festlichen Preisverleihung im Berner Kursaal der Gewinner des Family Business Awards 2017 gek\u00fcrt. Dieser Preis wurde\u00a0von der\u00a0AMAG zu Ehren ihres Gr\u00fcnders und Patrons Walter Haefner ins Leben gerufen, der sich stets f\u00fcr eine echte, gelebte und nachhaltige Firmenkultur eingesetzt hat.\u00a0Der\u00a0Award verfolgt\u00a0den Zweck, auf die grosse volkswirtschaftliche Bedeutung [&hellip;]<\/p>\n","protected":false},"author":4,"featured_media":2471,"comment_status":"open","ping_status":"open","sticky":false,"template":"","format":"standard","meta":{"_acf_changed":false,"_yoast_wpseo_focuskw":"Jucker Farm","_yoast_wpseo_metadesc":"In einer feierlichen Zeremonie wurde am 21. September der Gewinner des Family Business Awards gek\u00fcrt: Die Jucker Farm AG aus Seegr\u00e4ben im Kanton Z\u00fcrich.","articlekey":"","footnotes":""},"categories":[1],"tags":[66,358,492,508],"class_list":["post-2470","post","type-post","status-publish","format-standard","has-post-thumbnail","hentry","category-allgemein","tag-awards","tag-nachhaltige-wirtschaft","tag-unternehmen","tag-vermischtes"],"acf":[],"yoast_head":"<!-- This site is optimized with the Yoast SEO plugin v27.5 - https:\/\/yoast.com\/product\/yoast-seo-wordpress\/ -->\n<title>Jucker Farm gewinnt den Family Business Award 2017 - Organisator<\/title>\n<meta name=\"description\" content=\"In einer feierlichen Zeremonie wurde am 21. September der Gewinner des Family Business Awards gek\u00fcrt: Die Jucker Farm AG aus Seegr\u00e4ben im Kanton Z\u00fcrich.\" \/>\n<meta name=\"robots\" content=\"index, follow, max-snippet:-1, max-image-preview:large, max-video-preview:-1\" \/>\n<link rel=\"canonical\" href=\"https:\/\/www.organisator.ch\/fr\/general\/2017-09-22\/jucker-farm-gewinnt-den-family-business-award-2017\/\" \/>\n<meta property=\"og:locale\" content=\"fr_FR\" \/>\n<meta property=\"og:type\" content=\"article\" \/>\n<meta property=\"og:title\" content=\"Jucker Farm gewinnt den Family Business Award 2017\" \/>\n<meta property=\"og:description\" content=\"In einer feierlichen Zeremonie wurde am 21. September aus den letzten drei Finalisten der Gewinner des diesj\u00e4hrigen Family Business Awards gek\u00fcrt: Die #Jucker Farm AG aus Seegr\u00e4ben im Kanton Z\u00fcrich.\" \/>\n<meta property=\"og:url\" content=\"https:\/\/www.organisator.ch\/fr\/general\/2017-09-22\/jucker-farm-gewinnt-den-family-business-award-2017\/\" \/>\n<meta property=\"og:site_name\" content=\"Organisator\" \/>\n<meta property=\"article:publisher\" content=\"https:\/\/www.facebook.com\/OrganisatorFachmagazin\" \/>\n<meta property=\"article:published_time\" content=\"2017-09-22T06:30:27+00:00\" \/>\n<meta property=\"og:image\" content=\"https:\/\/www.organisator.ch\/wp-content\/uploads\/2017\/09\/Jucker-Farm-gewinnt-den-Family-Business-Award-2017_Organisator.jpg\" \/>\n\t<meta property=\"og:image:width\" content=\"640\" \/>\n\t<meta property=\"og:image:height\" content=\"426\" \/>\n\t<meta property=\"og:image:type\" content=\"image\/jpeg\" \/>\n<meta name=\"author\" content=\"thomas.berner\" \/>\n<meta name=\"twitter:card\" content=\"summary_large_image\" \/>\n<meta name=\"twitter:title\" content=\"#Jucker Farm gewinnt den Family Business Award 2017 #JuckerFarm\" \/>\n<meta name=\"twitter:description\" content=\"In einer feierlichen Zeremonie wurde am 21. September aus den letzten drei Finalisten der Gewinner des diesj\u00e4hrigen Family Business Awards gek\u00fcrt: Die #Jucker Farm AG aus Seegr\u00e4ben im Kanton Z\u00fcrich.\" \/>\n<meta name=\"twitter:image\" content=\"https:\/\/www.organisator.ch\/wp-content\/uploads\/2017\/09\/Jucker-Farm-gewinnt-den-Family-Business-Award-2017_Organisator.jpg\" \/>\n<script type=\"application\/ld+json\" class=\"yoast-schema-graph\">{\"@context\":\"https:\\\/\\\/schema.org\",\"@graph\":[{\"@type\":\"Article\",\"@id\":\"https:\\\/\\\/www.organisator.ch\\\/en\\\/general\\\/2017-09-22\\\/jucker-farm-gewinnt-den-family-business-award-2017\\\/#article\",\"isPartOf\":{\"@id\":\"https:\\\/\\\/www.organisator.ch\\\/en\\\/general\\\/2017-09-22\\\/jucker-farm-gewinnt-den-family-business-award-2017\\\/\"},\"author\":{\"name\":\"thomas.berner\",\"@id\":\"https:\\\/\\\/www.organisator.ch\\\/#\\\/schema\\\/person\\\/6f650f90b2842cd4c0cc334b4e36f67e\"},\"headline\":\"Jucker Farm gewinnt den Family Business Award 2017\",\"datePublished\":\"2017-09-22T06:30:27+00:00\",\"mainEntityOfPage\":{\"@id\":\"https:\\\/\\\/www.organisator.ch\\\/en\\\/general\\\/2017-09-22\\\/jucker-farm-gewinnt-den-family-business-award-2017\\\/\"},\"wordCount\":468,\"commentCount\":0,\"publisher\":{\"@id\":\"https:\\\/\\\/www.organisator.ch\\\/#organization\"},\"image\":{\"@id\":\"https:\\\/\\\/www.organisator.ch\\\/en\\\/general\\\/2017-09-22\\\/jucker-farm-gewinnt-den-family-business-award-2017\\\/#primaryimage\"},\"thumbnailUrl\":\"https:\\\/\\\/www.organisator.ch\\\/wp-content\\\/uploads\\\/2017\\\/09\\\/Jucker-Farm-gewinnt-den-Family-Business-Award-2017_Organisator.jpg\",\"keywords\":[\"Awards\",\"Nachhaltige Wirtschaft\",\"Unternehmen\",\"Vermischtes\"],\"articleSection\":[\"Allgemein\"],\"inLanguage\":\"fr-FR\"},{\"@type\":\"WebPage\",\"@id\":\"https:\\\/\\\/www.organisator.ch\\\/en\\\/general\\\/2017-09-22\\\/jucker-farm-gewinnt-den-family-business-award-2017\\\/\",\"url\":\"https:\\\/\\\/www.organisator.ch\\\/en\\\/general\\\/2017-09-22\\\/jucker-farm-gewinnt-den-family-business-award-2017\\\/\",\"name\":\"Jucker Farm gewinnt den Family Business Award 2017 - Organisator\",\"isPartOf\":{\"@id\":\"https:\\\/\\\/www.organisator.ch\\\/#website\"},\"primaryImageOfPage\":{\"@id\":\"https:\\\/\\\/www.organisator.ch\\\/en\\\/general\\\/2017-09-22\\\/jucker-farm-gewinnt-den-family-business-award-2017\\\/#primaryimage\"},\"image\":{\"@id\":\"https:\\\/\\\/www.organisator.ch\\\/en\\\/general\\\/2017-09-22\\\/jucker-farm-gewinnt-den-family-business-award-2017\\\/#primaryimage\"},\"thumbnailUrl\":\"https:\\\/\\\/www.organisator.ch\\\/wp-content\\\/uploads\\\/2017\\\/09\\\/Jucker-Farm-gewinnt-den-Family-Business-Award-2017_Organisator.jpg\",\"datePublished\":\"2017-09-22T06:30:27+00:00\",\"description\":\"In einer feierlichen Zeremonie wurde am 21. September der Gewinner des Family Business Awards gek\u00fcrt: Die Jucker Farm AG aus Seegr\u00e4ben im Kanton Z\u00fcrich.\",\"breadcrumb\":{\"@id\":\"https:\\\/\\\/www.organisator.ch\\\/en\\\/general\\\/2017-09-22\\\/jucker-farm-gewinnt-den-family-business-award-2017\\\/#breadcrumb\"},\"inLanguage\":\"fr-FR\",\"potentialAction\":[{\"@type\":\"ReadAction\",\"target\":[\"https:\\\/\\\/www.organisator.ch\\\/en\\\/general\\\/2017-09-22\\\/jucker-farm-gewinnt-den-family-business-award-2017\\\/\"]}]},{\"@type\":\"ImageObject\",\"inLanguage\":\"fr-FR\",\"@id\":\"https:\\\/\\\/www.organisator.ch\\\/en\\\/general\\\/2017-09-22\\\/jucker-farm-gewinnt-den-family-business-award-2017\\\/#primaryimage\",\"url\":\"https:\\\/\\\/www.organisator.ch\\\/wp-content\\\/uploads\\\/2017\\\/09\\\/Jucker-Farm-gewinnt-den-Family-Business-Award-2017_Organisator.jpg\",\"contentUrl\":\"https:\\\/\\\/www.organisator.ch\\\/wp-content\\\/uploads\\\/2017\\\/09\\\/Jucker-Farm-gewinnt-den-Family-Business-Award-2017_Organisator.jpg\",\"width\":640,\"height\":426,\"caption\":\"V.l.n.r.: Martin Haefner, Verwaltungsratpsr\u00e4sident AMAG, St\u00e4nder\u00e4tin Pascale Bruderer Wyss, Pr\u00e4sidentin der Jury des Family Business Awards, Martin und Beat Jucker von der Jucker Farm, Morten Hannesbo, CEO der AMAG (obs\\\/AMAG Automobil- und Motoren AG)\"},{\"@type\":\"BreadcrumbList\",\"@id\":\"https:\\\/\\\/www.organisator.ch\\\/en\\\/general\\\/2017-09-22\\\/jucker-farm-gewinnt-den-family-business-award-2017\\\/#breadcrumb\",\"itemListElement\":[{\"@type\":\"ListItem\",\"position\":1,\"name\":\"Home\",\"item\":\"https:\\\/\\\/www.organisator.ch\\\/\"},{\"@type\":\"ListItem\",\"position\":2,\"name\":\"Jucker Farm gewinnt den Family Business Award 2017\"}]},{\"@type\":\"WebSite\",\"@id\":\"https:\\\/\\\/www.organisator.ch\\\/#website\",\"url\":\"https:\\\/\\\/www.organisator.ch\\\/\",\"name\":\"Organisator\",\"description\":\"Kompetent. Praxisnah. Der ORGANISATOR bereitet in 10 Ausgaben pro Jahr die wesentlichen Themen f\u00fcr F\u00fchrungskr\u00e4fte von KMU auf.\",\"publisher\":{\"@id\":\"https:\\\/\\\/www.organisator.ch\\\/#organization\"},\"potentialAction\":[{\"@type\":\"SearchAction\",\"target\":{\"@type\":\"EntryPoint\",\"urlTemplate\":\"https:\\\/\\\/www.organisator.ch\\\/?s={search_term_string}\"},\"query-input\":{\"@type\":\"PropertyValueSpecification\",\"valueRequired\":true,\"valueName\":\"search_term_string\"}}],\"inLanguage\":\"fr-FR\"},{\"@type\":\"Organization\",\"@id\":\"https:\\\/\\\/www.organisator.ch\\\/#organization\",\"name\":\"Organisator\",\"url\":\"https:\\\/\\\/www.organisator.ch\\\/\",\"logo\":{\"@type\":\"ImageObject\",\"inLanguage\":\"fr-FR\",\"@id\":\"https:\\\/\\\/www.organisator.ch\\\/#\\\/schema\\\/logo\\\/image\\\/\",\"url\":\"https:\\\/\\\/www.organisator.ch\\\/wp-content\\\/uploads\\\/2022\\\/01\\\/Logo_Organisator_Website.png\",\"contentUrl\":\"https:\\\/\\\/www.organisator.ch\\\/wp-content\\\/uploads\\\/2022\\\/01\\\/Logo_Organisator_Website.png\",\"width\":800,\"height\":77,\"caption\":\"Organisator\"},\"image\":{\"@id\":\"https:\\\/\\\/www.organisator.ch\\\/#\\\/schema\\\/logo\\\/image\\\/\"},\"sameAs\":[\"https:\\\/\\\/www.facebook.com\\\/OrganisatorFachmagazin\",\"https:\\\/\\\/www.linkedin.com\\\/showcase\\\/organisator-das-magazin-fr-kmu\",\"https:\\\/\\\/www.xing.com\\\/news\\\/pages\\\/organisator-ch-695\",\"https:\\\/\\\/www.youtube.com\\\/channel\\\/UCGP2Sq0iWaZwT3BdIAQFYpw\"]},{\"@type\":\"Person\",\"@id\":\"https:\\\/\\\/www.organisator.ch\\\/#\\\/schema\\\/person\\\/6f650f90b2842cd4c0cc334b4e36f67e\",\"name\":\"thomas.berner\",\"image\":{\"@type\":\"ImageObject\",\"inLanguage\":\"fr-FR\",\"@id\":\"https:\\\/\\\/secure.gravatar.com\\\/avatar\\\/ac5001d2a36cb6c6cd3e50789007ffca834b477b74a2144564522e944eabff61?s=96&d=mm&r=g\",\"url\":\"https:\\\/\\\/secure.gravatar.com\\\/avatar\\\/ac5001d2a36cb6c6cd3e50789007ffca834b477b74a2144564522e944eabff61?s=96&d=mm&r=g\",\"contentUrl\":\"https:\\\/\\\/secure.gravatar.com\\\/avatar\\\/ac5001d2a36cb6c6cd3e50789007ffca834b477b74a2144564522e944eabff61?s=96&d=mm&r=g\",\"caption\":\"thomas.berner\"},\"url\":\"https:\\\/\\\/www.organisator.ch\\\/fr\\\/author\\\/thomas-berner\\\/\"}]}<\/script>\n<!-- \/ Yoast SEO plugin. -->","yoast_head_json":{"title":"La ferme Jucker remporte le Family Business Award 2017 - Organisateur","description":"Le 21 septembre, le gagnant du Family Business Award a \u00e9t\u00e9 d\u00e9sign\u00e9 lors d'une c\u00e9r\u00e9monie solennelle : la soci\u00e9t\u00e9 Jucker Farm AG de Seegr\u00e4ben dans le canton de Zurich.","robots":{"index":"index","follow":"follow","max-snippet":"max-snippet:-1","max-image-preview":"max-image-preview:large","max-video-preview":"max-video-preview:-1"},"canonical":"https:\/\/www.organisator.ch\/fr\/general\/2017-09-22\/jucker-farm-gewinnt-den-family-business-award-2017\/","og_locale":"fr_FR","og_type":"article","og_title":"Jucker Farm gewinnt den Family Business Award 2017","og_description":"In einer feierlichen Zeremonie wurde am 21. September aus den letzten drei Finalisten der Gewinner des diesj\u00e4hrigen Family Business Awards gek\u00fcrt: Die #Jucker Farm AG aus Seegr\u00e4ben im Kanton Z\u00fcrich.","og_url":"https:\/\/www.organisator.ch\/fr\/general\/2017-09-22\/jucker-farm-gewinnt-den-family-business-award-2017\/","og_site_name":"Organisator","article_publisher":"https:\/\/www.facebook.com\/OrganisatorFachmagazin","article_published_time":"2017-09-22T06:30:27+00:00","og_image":[{"width":640,"height":426,"url":"https:\/\/www.organisator.ch\/wp-content\/uploads\/2017\/09\/Jucker-Farm-gewinnt-den-Family-Business-Award-2017_Organisator.jpg","type":"image\/jpeg"}],"author":"thomas.berner","twitter_card":"summary_large_image","twitter_title":"#Jucker Farm gewinnt den Family Business Award 2017 #JuckerFarm","twitter_description":"In einer feierlichen Zeremonie wurde am 21. September aus den letzten drei Finalisten der Gewinner des diesj\u00e4hrigen Family Business Awards gek\u00fcrt: Die #Jucker Farm AG aus Seegr\u00e4ben im Kanton Z\u00fcrich.","twitter_image":"https:\/\/www.organisator.ch\/wp-content\/uploads\/2017\/09\/Jucker-Farm-gewinnt-den-Family-Business-Award-2017_Organisator.jpg","schema":{"@context":"https:\/\/schema.org","@graph":[{"@type":"Article","@id":"https:\/\/www.organisator.ch\/en\/general\/2017-09-22\/jucker-farm-gewinnt-den-family-business-award-2017\/#article","isPartOf":{"@id":"https:\/\/www.organisator.ch\/en\/general\/2017-09-22\/jucker-farm-gewinnt-den-family-business-award-2017\/"},"author":{"name":"thomas.berner","@id":"https:\/\/www.organisator.ch\/#\/schema\/person\/6f650f90b2842cd4c0cc334b4e36f67e"},"headline":"Jucker Farm gewinnt den Family Business Award 2017","datePublished":"2017-09-22T06:30:27+00:00","mainEntityOfPage":{"@id":"https:\/\/www.organisator.ch\/en\/general\/2017-09-22\/jucker-farm-gewinnt-den-family-business-award-2017\/"},"wordCount":468,"commentCount":0,"publisher":{"@id":"https:\/\/www.organisator.ch\/#organization"},"image":{"@id":"https:\/\/www.organisator.ch\/en\/general\/2017-09-22\/jucker-farm-gewinnt-den-family-business-award-2017\/#primaryimage"},"thumbnailUrl":"https:\/\/www.organisator.ch\/wp-content\/uploads\/2017\/09\/Jucker-Farm-gewinnt-den-Family-Business-Award-2017_Organisator.jpg","keywords":["Awards","Nachhaltige Wirtschaft","Unternehmen","Vermischtes"],"articleSection":["Allgemein"],"inLanguage":"fr-FR"},{"@type":"WebPage","@id":"https:\/\/www.organisator.ch\/en\/general\/2017-09-22\/jucker-farm-gewinnt-den-family-business-award-2017\/","url":"https:\/\/www.organisator.ch\/en\/general\/2017-09-22\/jucker-farm-gewinnt-den-family-business-award-2017\/","name":"La ferme Jucker remporte le Family Business Award 2017 - Organisateur","isPartOf":{"@id":"https:\/\/www.organisator.ch\/#website"},"primaryImageOfPage":{"@id":"https:\/\/www.organisator.ch\/en\/general\/2017-09-22\/jucker-farm-gewinnt-den-family-business-award-2017\/#primaryimage"},"image":{"@id":"https:\/\/www.organisator.ch\/en\/general\/2017-09-22\/jucker-farm-gewinnt-den-family-business-award-2017\/#primaryimage"},"thumbnailUrl":"https:\/\/www.organisator.ch\/wp-content\/uploads\/2017\/09\/Jucker-Farm-gewinnt-den-Family-Business-Award-2017_Organisator.jpg","datePublished":"2017-09-22T06:30:27+00:00","description":"Le 21 septembre, le gagnant du Family Business Award a \u00e9t\u00e9 d\u00e9sign\u00e9 lors d'une c\u00e9r\u00e9monie solennelle : la soci\u00e9t\u00e9 Jucker Farm AG de Seegr\u00e4ben dans le canton de Zurich.","breadcrumb":{"@id":"https:\/\/www.organisator.ch\/en\/general\/2017-09-22\/jucker-farm-gewinnt-den-family-business-award-2017\/#breadcrumb"},"inLanguage":"fr-FR","potentialAction":[{"@type":"ReadAction","target":["https:\/\/www.organisator.ch\/en\/general\/2017-09-22\/jucker-farm-gewinnt-den-family-business-award-2017\/"]}]},{"@type":"ImageObject","inLanguage":"fr-FR","@id":"https:\/\/www.organisator.ch\/en\/general\/2017-09-22\/jucker-farm-gewinnt-den-family-business-award-2017\/#primaryimage","url":"https:\/\/www.organisator.ch\/wp-content\/uploads\/2017\/09\/Jucker-Farm-gewinnt-den-Family-Business-Award-2017_Organisator.jpg","contentUrl":"https:\/\/www.organisator.ch\/wp-content\/uploads\/2017\/09\/Jucker-Farm-gewinnt-den-Family-Business-Award-2017_Organisator.jpg","width":640,"height":426,"caption":"V.l.n.r.: Martin Haefner, Verwaltungsratpsr\u00e4sident AMAG, St\u00e4nder\u00e4tin Pascale Bruderer Wyss, Pr\u00e4sidentin der Jury des Family Business Awards, Martin und Beat Jucker von der Jucker Farm, Morten Hannesbo, CEO der AMAG (obs\/AMAG Automobil- und Motoren AG)"},{"@type":"BreadcrumbList","@id":"https:\/\/www.organisator.ch\/en\/general\/2017-09-22\/jucker-farm-gewinnt-den-family-business-award-2017\/#breadcrumb","itemListElement":[{"@type":"ListItem","position":1,"name":"Home","item":"https:\/\/www.organisator.ch\/"},{"@type":"ListItem","position":2,"name":"Jucker Farm gewinnt den Family Business Award 2017"}]},{"@type":"WebSite","@id":"https:\/\/www.organisator.ch\/#website","url":"https:\/\/www.organisator.ch\/","name":"Organisateur","description":"Comp\u00e9tence et comp\u00e9tence. Proches de la pratique. L'ORGANISATEUR pr\u00e9pare 10 num\u00e9ros par an sur les th\u00e8mes essentiels pour les dirigeants de PME.","publisher":{"@id":"https:\/\/www.organisator.ch\/#organization"},"potentialAction":[{"@type":"SearchAction","target":{"@type":"EntryPoint","urlTemplate":"https:\/\/www.organisator.ch\/?s={search_term_string}"},"query-input":{"@type":"PropertyValueSpecification","valueRequired":true,"valueName":"search_term_string"}}],"inLanguage":"fr-FR"},{"@type":"Organization","@id":"https:\/\/www.organisator.ch\/#organization","name":"Organisateur","url":"https:\/\/www.organisator.ch\/","logo":{"@type":"ImageObject","inLanguage":"fr-FR","@id":"https:\/\/www.organisator.ch\/#\/schema\/logo\/image\/","url":"https:\/\/www.organisator.ch\/wp-content\/uploads\/2022\/01\/Logo_Organisator_Website.png","contentUrl":"https:\/\/www.organisator.ch\/wp-content\/uploads\/2022\/01\/Logo_Organisator_Website.png","width":800,"height":77,"caption":"Organisator"},"image":{"@id":"https:\/\/www.organisator.ch\/#\/schema\/logo\/image\/"},"sameAs":["https:\/\/www.facebook.com\/OrganisatorFachmagazin","https:\/\/www.linkedin.com\/showcase\/organisator-das-magazin-fr-kmu","https:\/\/www.xing.com\/news\/pages\/organisator-ch-695","https:\/\/www.youtube.com\/channel\/UCGP2Sq0iWaZwT3BdIAQFYpw"]},{"@type":"Person","@id":"https:\/\/www.organisator.ch\/#\/schema\/person\/6f650f90b2842cd4c0cc334b4e36f67e","name":"thomas.berner","image":{"@type":"ImageObject","inLanguage":"fr-FR","@id":"https:\/\/secure.gravatar.com\/avatar\/ac5001d2a36cb6c6cd3e50789007ffca834b477b74a2144564522e944eabff61?s=96&d=mm&r=g","url":"https:\/\/secure.gravatar.com\/avatar\/ac5001d2a36cb6c6cd3e50789007ffca834b477b74a2144564522e944eabff61?s=96&d=mm&r=g","contentUrl":"https:\/\/secure.gravatar.com\/avatar\/ac5001d2a36cb6c6cd3e50789007ffca834b477b74a2144564522e944eabff61?s=96&d=mm&r=g","caption":"thomas.berner"},"url":"https:\/\/www.organisator.ch\/fr\/author\/thomas-berner\/"}]}},"_links":{"self":[{"href":"https:\/\/www.organisator.ch\/fr\/wp-json\/wp\/v2\/posts\/2470","targetHints":{"allow":["GET"]}}],"collection":[{"href":"https:\/\/www.organisator.ch\/fr\/wp-json\/wp\/v2\/posts"}],"about":[{"href":"https:\/\/www.organisator.ch\/fr\/wp-json\/wp\/v2\/types\/post"}],"author":[{"embeddable":true,"href":"https:\/\/www.organisator.ch\/fr\/wp-json\/wp\/v2\/users\/4"}],"replies":[{"embeddable":true,"href":"https:\/\/www.organisator.ch\/fr\/wp-json\/wp\/v2\/comments?post=2470"}],"version-history":[{"count":0,"href":"https:\/\/www.organisator.ch\/fr\/wp-json\/wp\/v2\/posts\/2470\/revisions"}],"wp:featuredmedia":[{"embeddable":true,"href":"https:\/\/www.organisator.ch\/fr\/wp-json\/wp\/v2\/media\/2471"}],"wp:attachment":[{"href":"https:\/\/www.organisator.ch\/fr\/wp-json\/wp\/v2\/media?parent=2470"}],"wp:term":[{"taxonomy":"category","embeddable":true,"href":"https:\/\/www.organisator.ch\/fr\/wp-json\/wp\/v2\/categories?post=2470"},{"taxonomy":"post_tag","embeddable":true,"href":"https:\/\/www.organisator.ch\/fr\/wp-json\/wp\/v2\/tags?post=2470"}],"curies":[{"name":"wp","href":"https:\/\/api.w.org\/{rel}","templated":true}]}}