{"id":24715,"date":"2024-02-01T08:18:27","date_gmt":"2024-02-01T07:18:27","guid":{"rendered":"https:\/\/www.organisator.ch\/?p=24715"},"modified":"2024-02-01T08:18:27","modified_gmt":"2024-02-01T07:18:27","slug":"cora-vom-it-automaten-zum-eigenstaendigen-unternehmen","status":"publish","type":"post","link":"https:\/\/www.organisator.ch\/fr\/management\/2024-02-01\/cora-vom-it-automaten-zum-eigenstaendigen-unternehmen\/","title":{"rendered":"Cora : de l'automate informatique \u00e0 l'entreprise autonome"},"content":{"rendered":"<figure id=\"attachment_24716\" aria-describedby=\"caption-attachment-24716\" style=\"width: 680px\" class=\"wp-caption alignnone\"><img loading=\"lazy\" decoding=\"async\" class=\"size-full wp-image-24716\" src=\"https:\/\/www.organisator.ch\/wp-content\/uploads\/2024\/02\/Team-cora-technology-solutions-AG_ps.jpg\" alt=\"\" width=\"680\" height=\"453\" srcset=\"https:\/\/www.organisator.ch\/wp-content\/uploads\/2024\/02\/Team-cora-technology-solutions-AG_ps.jpg 680w, https:\/\/www.organisator.ch\/wp-content\/uploads\/2024\/02\/Team-cora-technology-solutions-AG_ps-18x12.jpg 18w, https:\/\/www.organisator.ch\/wp-content\/uploads\/2024\/02\/Team-cora-technology-solutions-AG_ps-375x250.jpg 375w, https:\/\/www.organisator.ch\/wp-content\/uploads\/2024\/02\/Team-cora-technology-solutions-AG_ps-525x350.jpg 525w\" sizes=\"auto, (max-width: 680px) 100vw, 680px\" \/><figcaption id=\"caption-attachment-24716\" class=\"wp-caption-text\">En route depuis 2024 en tant qu'entreprise ind\u00e9pendante : l'\u00e9quipe cora d.g.\u00e0.d. Mahi Arasu, Customer Success Manager, Saifudin Sharityar, Chief Customer Officer, Melanie M\u00fcller, CEO, Marcel Leonhard, Chief Product Officer et Roland Waniek, Sales &amp; Partner Management. (Image : www.cora.tech)<\/figcaption><\/figure>\n<p>Une cinquantaine d'entreprises, de l'acteur mondial au h\u00e9ros local, utilisent d\u00e9j\u00e0 cora. Aujourd'hui, pidas AG s\u00e9pare son automate informatique \u00e0 succ\u00e8s en une nouvelle entreprise. La soci\u00e9t\u00e9 cora technology solutions AG se concentrera sur le d\u00e9veloppement et l'extension du march\u00e9.<\/p>\n<p>L'id\u00e9e derri\u00e8re cora est de simplifier le support informatique gr\u00e2ce \u00e0 un \"kiosque informatique\". L'id\u00e9e est n\u00e9e en 2017 apr\u00e8s une pr\u00e9sentation de pidas AG \u00e0 ses clients \u00e0 Francfort. Quelques mois plus tard, l'entreprise livrait les premiers prototypes de cora. Entre-temps, l'automate informatique intelligent a \u00e9t\u00e9 continuellement d\u00e9velopp\u00e9 avec des clients et des partenaires et est d\u00e9j\u00e0 utilis\u00e9 dans dix pays europ\u00e9ens. En Suisse, la Mobili\u00e8re, la Migros et le canton de Zurich, entre autres, misent sur cora. En Allemagne, des entreprises renomm\u00e9es comme le Deutsche B\u00f6rse Group, VW ou Provinzial Versicherungen. Au sein de pidas AG, cora est devenu le produit le plus performant et a d\u00e9j\u00e0 remport\u00e9 de nombreux prix, comme le prestigieux iF Design Award.<\/p>\n<h3><strong>Pour les clients et les partenaires, rien ne change avec la spin-off<\/strong><\/h3>\n<p>Apr\u00e8s six ans, cora devient autonome. La soci\u00e9t\u00e9 pidas AG s\u00e9pare cora et la division Workplace Automation correspondante en une entreprise distincte. La soci\u00e9t\u00e9 cora technology solutions AG reprendra la responsabilit\u00e9 de cora le 1er f\u00e9vrier 2024. Pour Pascal Wolf, CEO de pidas, cette \u00e9tape est logique : \"Je suis fier de cora\", explique-t-il, \"en raison de son succ\u00e8s, il est maintenant temps que cora vole de ses propres ailes et que l'\u00e9quipe se concentre pleinement sur son d\u00e9veloppement et l'expansion du march\u00e9\". pidas AG et cora technology solutions AG continueront \u00e0 travailler en partenariat. Les clients, les partenaires et les fournisseurs continueront \u00e0 profiter de cette histoire \u00e0 succ\u00e8s fulgurante - rien ne changera dans les affaires courantes.<\/p>\n<h3>\u00a0<strong>Le new work comme acc\u00e9l\u00e9rateur de croissance<\/strong><\/h3>\n<p>En tant qu'automate informatique intelligent, cora soulage les d\u00e9partements informatiques qui sont fortement sollicit\u00e9s par l'avanc\u00e9e de la transformation num\u00e9rique. A cela s'ajoute le fait que l'on assiste actuellement non seulement \u00e0 un changement technologique, mais aussi \u00e0 un changement culturel. Des concepts tels que le New Work modifient les processus de travail, tandis que le besoin de solutions informatiques flexibles augmente. Le travail hybride, une nouvelle organisation des postes de travail avec des bureaux partag\u00e9s, une augmentation du nombre de sites et des horaires de travail individualis\u00e9s posent de nouveaux d\u00e9fis logistiques \u00e0 l'informatique. Cora est une solution qui permet des mod\u00e8les de travail viables et des avantages \u00e9conomiques dans diff\u00e9rentes entreprises, tailles d'entreprises et branches. cora permet de r\u00e9duire jusqu'\u00e0 80 % les interventions d'assistance sur le terrain.<\/p>\n<h3><strong>Ne jamais changer une \u00e9quipe qui gagne<\/strong><\/h3>\n<p>La soci\u00e9t\u00e9 cora technology solutions AG est dirig\u00e9e par Melanie M\u00fcller. Ancienne responsable du marketing de pidas AG, Melanie M\u00fcller a \u00e9t\u00e9 pr\u00e9sente d\u00e8s le premier jour et conduira cora vers un avenir prosp\u00e8re en tant que CEO. \"cora est sur le march\u00e9 depuis six ans et c'est l'original\", explique-t-elle pour justifier sa confiance. \"Mon \u00e9quipe et moi-m\u00eame sommes tr\u00e8s motiv\u00e9s et pr\u00eats \u00e0 franchir les prochaines grandes \u00e9tapes\". Avec son \u00e9quipe de base de sept personnes, Melanie M\u00fcller vise des entreprises de plus de 500 collaborateurs. D'abord en Suisse et en Allemagne, puis \u00e0 l'international. Tout comme le poste de CEO, tous les autres postes cl\u00e9s ont \u00e9t\u00e9 occup\u00e9s par des professionnels \u00e9prouv\u00e9s, impliqu\u00e9s depuis des ann\u00e9es dans la r\u00e9ussite de cora. Saifudin Sharityar continue \u00e0 s'occuper de tous les clients en tant que Chief Customer Officer, Roland Waniek s'occupe de tous les partenaires en tant que Sales &amp; Partner Manager et Marcel Leonhard est responsable du mat\u00e9riel et des logiciels en tant que Chief Product Officer.\u00a0<\/p>\n<figure id=\"attachment_24717\" aria-describedby=\"caption-attachment-24717\" style=\"width: 680px\" class=\"wp-caption alignnone\"><img loading=\"lazy\" decoding=\"async\" class=\"size-full wp-image-24717\" src=\"https:\/\/www.organisator.ch\/wp-content\/uploads\/2024\/02\/CEO-Melanie-Mueller_ps.jpg\" alt=\"\" width=\"680\" height=\"509\" srcset=\"https:\/\/www.organisator.ch\/wp-content\/uploads\/2024\/02\/CEO-Melanie-Mueller_ps.jpg 680w, https:\/\/www.organisator.ch\/wp-content\/uploads\/2024\/02\/CEO-Melanie-Mueller_ps-16x12.jpg 16w, https:\/\/www.organisator.ch\/wp-content\/uploads\/2024\/02\/CEO-Melanie-Mueller_ps-375x281.jpg 375w, https:\/\/www.organisator.ch\/wp-content\/uploads\/2024\/02\/CEO-Melanie-Mueller_ps-468x350.jpg 468w\" sizes=\"auto, (max-width: 680px) 100vw, 680px\" \/><figcaption id=\"caption-attachment-24717\" class=\"wp-caption-text\">D\u00e9veloppe en tant que CEO la success story de cora : Melanie M\u00fcller. (Image : www.cora.tech)<\/figcaption><\/figure>\n<p><em>Source : <a href=\"http:\/\/www.cora.tech\">www.cora.tech<\/a><\/em><\/p>","protected":false},"excerpt":{"rendered":"<p>Les d\u00e9partements informatiques sont sous pression. Les co\u00fbts augmentent et le personnel qualifi\u00e9 fait d\u00e9faut. Presque toutes les entreprises connaissent ces d\u00e9fis. La soci\u00e9t\u00e9 pidas AG a d\u00e9velopp\u00e9 cora, une solution qui permet d'automatiser les processus d'\u00e9dition et de restitution autour des appareils mobiles tels que les ordinateurs portables, les smartphones et autres. <\/p>","protected":false},"author":58,"featured_media":24716,"comment_status":"closed","ping_status":"closed","sticky":false,"template":"","format":"standard","meta":{"_acf_changed":false,"_yoast_wpseo_focuskw":"Unternehmen","_yoast_wpseo_metadesc":"Die pidas AG hat mit cora eine L\u00f6sung entwickelt, mit der sich Ausgabe- und R\u00fcckgabeprozesse rundum Mobile Devices wie Laptops, Smartphones und Co. automatisieren lassen.","articlekey":"","footnotes":""},"categories":[28],"tags":[286,334,335,424,492],"class_list":["post-24715","post","type-post","status-publish","format-standard","has-post-thumbnail","hentry","category-management","tag-it","tag-management","tag-management-und-unternehmensfuehrung","tag-schweiz","tag-unternehmen"],"acf":[],"yoast_head":"<!-- This site is optimized with the Yoast SEO plugin v27.5 - https:\/\/yoast.com\/product\/yoast-seo-wordpress\/ -->\n<title>Cora: Vom IT-Automaten zum eigenst\u00e4ndigen Unternehmen - Organisator<\/title>\n<meta name=\"description\" content=\"Die pidas AG hat mit cora eine L\u00f6sung entwickelt, mit der sich Ausgabe- und R\u00fcckgabeprozesse rundum Mobile Devices wie Laptops, Smartphones und Co. automatisieren lassen.\" \/>\n<meta name=\"robots\" content=\"index, follow, max-snippet:-1, max-image-preview:large, max-video-preview:-1\" \/>\n<link rel=\"canonical\" href=\"https:\/\/www.organisator.ch\/fr\/gestion-2\/2024-02-01\/cora-vom-it-automaten-zum-eigenstaendigen-unternehmen\/\" \/>\n<meta property=\"og:locale\" content=\"fr_FR\" \/>\n<meta property=\"og:type\" content=\"article\" \/>\n<meta property=\"og:title\" content=\"Cora: Vom IT-Automaten zum eigenst\u00e4ndigen Unternehmen\" \/>\n<meta property=\"og:description\" content=\"Die pidas AG hat mit cora eine L\u00f6sung entwickelt, mit der sich Ausgabe- und R\u00fcckgabeprozesse rundum Mobile Devices wie Laptops, Smartphones und Co. automatisieren lassen.\" \/>\n<meta property=\"og:url\" content=\"https:\/\/www.organisator.ch\/fr\/gestion-2\/2024-02-01\/cora-vom-it-automaten-zum-eigenstaendigen-unternehmen\/\" \/>\n<meta property=\"og:site_name\" content=\"Organisator\" \/>\n<meta property=\"article:publisher\" content=\"https:\/\/www.facebook.com\/OrganisatorFachmagazin\" \/>\n<meta property=\"article:published_time\" content=\"2024-02-01T07:18:27+00:00\" \/>\n<meta property=\"og:image\" content=\"https:\/\/www.organisator.ch\/wp-content\/uploads\/2024\/02\/Team-cora-technology-solutions-AG_ps.jpg\" \/>\n\t<meta property=\"og:image:width\" content=\"680\" \/>\n\t<meta property=\"og:image:height\" content=\"453\" \/>\n\t<meta property=\"og:image:type\" content=\"image\/jpeg\" \/>\n<meta name=\"author\" content=\"Adelisa Kalajdzini\" \/>\n<meta name=\"twitter:card\" content=\"summary_large_image\" \/>\n<meta name=\"twitter:title\" content=\"Cora: Vom IT-Automaten zum eigenst\u00e4ndigen Unternehmen\" \/>\n<meta name=\"twitter:description\" content=\"Die #pidas AG hat mit #cora eine #L\u00f6sung entwickelt, mit der sich Ausgabe- und R\u00fcckgabeprozesse rundum Mobile Devices wie Laptops, Smartphones und Co. automatisieren lassen.\" \/>\n<meta name=\"twitter:image\" content=\"https:\/\/www.organisator.ch\/wp-content\/uploads\/2024\/02\/Team-cora-technology-solutions-AG_ps.jpg\" \/>\n<script type=\"application\/ld+json\" class=\"yoast-schema-graph\">{\"@context\":\"https:\\\/\\\/schema.org\",\"@graph\":[{\"@type\":\"Article\",\"@id\":\"https:\\\/\\\/www.organisator.ch\\\/management\\\/2024-02-01\\\/cora-vom-it-automaten-zum-eigenstaendigen-unternehmen\\\/#article\",\"isPartOf\":{\"@id\":\"https:\\\/\\\/www.organisator.ch\\\/management\\\/2024-02-01\\\/cora-vom-it-automaten-zum-eigenstaendigen-unternehmen\\\/\"},\"author\":{\"name\":\"Adelisa Kalajdzini\",\"@id\":\"https:\\\/\\\/www.organisator.ch\\\/#\\\/schema\\\/person\\\/2e1314a2172123f874db408d8911d3f3\"},\"headline\":\"Cora: Vom IT-Automaten zum eigenst\u00e4ndigen Unternehmen\",\"datePublished\":\"2024-02-01T07:18:27+00:00\",\"mainEntityOfPage\":{\"@id\":\"https:\\\/\\\/www.organisator.ch\\\/management\\\/2024-02-01\\\/cora-vom-it-automaten-zum-eigenstaendigen-unternehmen\\\/\"},\"wordCount\":623,\"publisher\":{\"@id\":\"https:\\\/\\\/www.organisator.ch\\\/#organization\"},\"image\":{\"@id\":\"https:\\\/\\\/www.organisator.ch\\\/management\\\/2024-02-01\\\/cora-vom-it-automaten-zum-eigenstaendigen-unternehmen\\\/#primaryimage\"},\"thumbnailUrl\":\"https:\\\/\\\/www.organisator.ch\\\/wp-content\\\/uploads\\\/2024\\\/02\\\/Team-cora-technology-solutions-AG_ps.jpg\",\"keywords\":[\"IT\",\"Management\",\"Management und Unternehmensf\u00fchrung\",\"Schweiz\",\"Unternehmen\"],\"articleSection\":[\"MANAGEMENT\"],\"inLanguage\":\"fr-FR\"},{\"@type\":\"WebPage\",\"@id\":\"https:\\\/\\\/www.organisator.ch\\\/management\\\/2024-02-01\\\/cora-vom-it-automaten-zum-eigenstaendigen-unternehmen\\\/\",\"url\":\"https:\\\/\\\/www.organisator.ch\\\/management\\\/2024-02-01\\\/cora-vom-it-automaten-zum-eigenstaendigen-unternehmen\\\/\",\"name\":\"Cora: Vom IT-Automaten zum eigenst\u00e4ndigen Unternehmen - Organisator\",\"isPartOf\":{\"@id\":\"https:\\\/\\\/www.organisator.ch\\\/#website\"},\"primaryImageOfPage\":{\"@id\":\"https:\\\/\\\/www.organisator.ch\\\/management\\\/2024-02-01\\\/cora-vom-it-automaten-zum-eigenstaendigen-unternehmen\\\/#primaryimage\"},\"image\":{\"@id\":\"https:\\\/\\\/www.organisator.ch\\\/management\\\/2024-02-01\\\/cora-vom-it-automaten-zum-eigenstaendigen-unternehmen\\\/#primaryimage\"},\"thumbnailUrl\":\"https:\\\/\\\/www.organisator.ch\\\/wp-content\\\/uploads\\\/2024\\\/02\\\/Team-cora-technology-solutions-AG_ps.jpg\",\"datePublished\":\"2024-02-01T07:18:27+00:00\",\"description\":\"Die pidas AG hat mit cora eine L\u00f6sung entwickelt, mit der sich Ausgabe- und R\u00fcckgabeprozesse rundum Mobile Devices wie Laptops, Smartphones und Co. automatisieren lassen.\",\"breadcrumb\":{\"@id\":\"https:\\\/\\\/www.organisator.ch\\\/management\\\/2024-02-01\\\/cora-vom-it-automaten-zum-eigenstaendigen-unternehmen\\\/#breadcrumb\"},\"inLanguage\":\"fr-FR\",\"potentialAction\":[{\"@type\":\"ReadAction\",\"target\":[\"https:\\\/\\\/www.organisator.ch\\\/management\\\/2024-02-01\\\/cora-vom-it-automaten-zum-eigenstaendigen-unternehmen\\\/\"]}]},{\"@type\":\"ImageObject\",\"inLanguage\":\"fr-FR\",\"@id\":\"https:\\\/\\\/www.organisator.ch\\\/management\\\/2024-02-01\\\/cora-vom-it-automaten-zum-eigenstaendigen-unternehmen\\\/#primaryimage\",\"url\":\"https:\\\/\\\/www.organisator.ch\\\/wp-content\\\/uploads\\\/2024\\\/02\\\/Team-cora-technology-solutions-AG_ps.jpg\",\"contentUrl\":\"https:\\\/\\\/www.organisator.ch\\\/wp-content\\\/uploads\\\/2024\\\/02\\\/Team-cora-technology-solutions-AG_ps.jpg\",\"width\":680,\"height\":453,\"caption\":\"Seit 2024 als selbstst\u00e4ndiges Unternehmen unterwegs: Das cora Team v.l.n.r. Mahi Arasu, Customer Success Manager, Saifudin Sharityar, Chief Customer Officer, Melanie M\u00fcller, CEO, Marcel Leonhard, Chief Product Officer und Roland Waniek, Sales & Partner Management. (Bild: www.cora.tech)\"},{\"@type\":\"BreadcrumbList\",\"@id\":\"https:\\\/\\\/www.organisator.ch\\\/management\\\/2024-02-01\\\/cora-vom-it-automaten-zum-eigenstaendigen-unternehmen\\\/#breadcrumb\",\"itemListElement\":[{\"@type\":\"ListItem\",\"position\":1,\"name\":\"Home\",\"item\":\"https:\\\/\\\/www.organisator.ch\\\/\"},{\"@type\":\"ListItem\",\"position\":2,\"name\":\"Cora: Vom IT-Automaten zum eigenst\u00e4ndigen Unternehmen\"}]},{\"@type\":\"WebSite\",\"@id\":\"https:\\\/\\\/www.organisator.ch\\\/#website\",\"url\":\"https:\\\/\\\/www.organisator.ch\\\/\",\"name\":\"Organisator\",\"description\":\"Kompetent. Praxisnah. Der ORGANISATOR bereitet in 10 Ausgaben pro Jahr die wesentlichen Themen f\u00fcr F\u00fchrungskr\u00e4fte von KMU auf.\",\"publisher\":{\"@id\":\"https:\\\/\\\/www.organisator.ch\\\/#organization\"},\"potentialAction\":[{\"@type\":\"SearchAction\",\"target\":{\"@type\":\"EntryPoint\",\"urlTemplate\":\"https:\\\/\\\/www.organisator.ch\\\/?s={search_term_string}\"},\"query-input\":{\"@type\":\"PropertyValueSpecification\",\"valueRequired\":true,\"valueName\":\"search_term_string\"}}],\"inLanguage\":\"fr-FR\"},{\"@type\":\"Organization\",\"@id\":\"https:\\\/\\\/www.organisator.ch\\\/#organization\",\"name\":\"Organisator\",\"url\":\"https:\\\/\\\/www.organisator.ch\\\/\",\"logo\":{\"@type\":\"ImageObject\",\"inLanguage\":\"fr-FR\",\"@id\":\"https:\\\/\\\/www.organisator.ch\\\/#\\\/schema\\\/logo\\\/image\\\/\",\"url\":\"https:\\\/\\\/www.organisator.ch\\\/wp-content\\\/uploads\\\/2022\\\/01\\\/Logo_Organisator_Website.png\",\"contentUrl\":\"https:\\\/\\\/www.organisator.ch\\\/wp-content\\\/uploads\\\/2022\\\/01\\\/Logo_Organisator_Website.png\",\"width\":800,\"height\":77,\"caption\":\"Organisator\"},\"image\":{\"@id\":\"https:\\\/\\\/www.organisator.ch\\\/#\\\/schema\\\/logo\\\/image\\\/\"},\"sameAs\":[\"https:\\\/\\\/www.facebook.com\\\/OrganisatorFachmagazin\",\"https:\\\/\\\/www.linkedin.com\\\/showcase\\\/organisator-das-magazin-fr-kmu\",\"https:\\\/\\\/www.xing.com\\\/news\\\/pages\\\/organisator-ch-695\",\"https:\\\/\\\/www.youtube.com\\\/channel\\\/UCGP2Sq0iWaZwT3BdIAQFYpw\"]},{\"@type\":\"Person\",\"@id\":\"https:\\\/\\\/www.organisator.ch\\\/#\\\/schema\\\/person\\\/2e1314a2172123f874db408d8911d3f3\",\"name\":\"Adelisa Kalajdzini\",\"image\":{\"@type\":\"ImageObject\",\"inLanguage\":\"fr-FR\",\"@id\":\"https:\\\/\\\/secure.gravatar.com\\\/avatar\\\/09a397c22ac58cad6f160ee8306348599df9df58a8ede73696226897b9fa4b24?s=96&d=mm&r=g\",\"url\":\"https:\\\/\\\/secure.gravatar.com\\\/avatar\\\/09a397c22ac58cad6f160ee8306348599df9df58a8ede73696226897b9fa4b24?s=96&d=mm&r=g\",\"contentUrl\":\"https:\\\/\\\/secure.gravatar.com\\\/avatar\\\/09a397c22ac58cad6f160ee8306348599df9df58a8ede73696226897b9fa4b24?s=96&d=mm&r=g\",\"caption\":\"Adelisa Kalajdzini\"},\"url\":\"https:\\\/\\\/www.organisator.ch\\\/fr\\\/author\\\/adelisa-kalajdzini\\\/\"}]}<\/script>\n<!-- \/ Yoast SEO plugin. -->","yoast_head_json":{"title":"Cora : de l'automate informatique \u00e0 l'entreprise autonome - Organisateur","description":"La soci\u00e9t\u00e9 pidas AG a d\u00e9velopp\u00e9 cora, une solution qui permet d'automatiser les processus d'\u00e9dition et de restitution autour des appareils mobiles tels que les ordinateurs portables, les smartphones et autres.","robots":{"index":"index","follow":"follow","max-snippet":"max-snippet:-1","max-image-preview":"max-image-preview:large","max-video-preview":"max-video-preview:-1"},"canonical":"https:\/\/www.organisator.ch\/fr\/gestion-2\/2024-02-01\/cora-vom-it-automaten-zum-eigenstaendigen-unternehmen\/","og_locale":"fr_FR","og_type":"article","og_title":"Cora: Vom IT-Automaten zum eigenst\u00e4ndigen Unternehmen","og_description":"Die pidas AG hat mit cora eine L\u00f6sung entwickelt, mit der sich Ausgabe- und R\u00fcckgabeprozesse rundum Mobile Devices wie Laptops, Smartphones und Co. automatisieren lassen.","og_url":"https:\/\/www.organisator.ch\/fr\/gestion-2\/2024-02-01\/cora-vom-it-automaten-zum-eigenstaendigen-unternehmen\/","og_site_name":"Organisator","article_publisher":"https:\/\/www.facebook.com\/OrganisatorFachmagazin","article_published_time":"2024-02-01T07:18:27+00:00","og_image":[{"width":680,"height":453,"url":"https:\/\/www.organisator.ch\/wp-content\/uploads\/2024\/02\/Team-cora-technology-solutions-AG_ps.jpg","type":"image\/jpeg"}],"author":"Adelisa Kalajdzini","twitter_card":"summary_large_image","twitter_title":"Cora: Vom IT-Automaten zum eigenst\u00e4ndigen Unternehmen","twitter_description":"Die #pidas AG hat mit #cora eine #L\u00f6sung entwickelt, mit der sich Ausgabe- und R\u00fcckgabeprozesse rundum Mobile Devices wie Laptops, Smartphones und Co. automatisieren lassen.","twitter_image":"https:\/\/www.organisator.ch\/wp-content\/uploads\/2024\/02\/Team-cora-technology-solutions-AG_ps.jpg","schema":{"@context":"https:\/\/schema.org","@graph":[{"@type":"Article","@id":"https:\/\/www.organisator.ch\/management\/2024-02-01\/cora-vom-it-automaten-zum-eigenstaendigen-unternehmen\/#article","isPartOf":{"@id":"https:\/\/www.organisator.ch\/management\/2024-02-01\/cora-vom-it-automaten-zum-eigenstaendigen-unternehmen\/"},"author":{"name":"Adelisa Kalajdzini","@id":"https:\/\/www.organisator.ch\/#\/schema\/person\/2e1314a2172123f874db408d8911d3f3"},"headline":"Cora: Vom IT-Automaten zum eigenst\u00e4ndigen Unternehmen","datePublished":"2024-02-01T07:18:27+00:00","mainEntityOfPage":{"@id":"https:\/\/www.organisator.ch\/management\/2024-02-01\/cora-vom-it-automaten-zum-eigenstaendigen-unternehmen\/"},"wordCount":623,"publisher":{"@id":"https:\/\/www.organisator.ch\/#organization"},"image":{"@id":"https:\/\/www.organisator.ch\/management\/2024-02-01\/cora-vom-it-automaten-zum-eigenstaendigen-unternehmen\/#primaryimage"},"thumbnailUrl":"https:\/\/www.organisator.ch\/wp-content\/uploads\/2024\/02\/Team-cora-technology-solutions-AG_ps.jpg","keywords":["IT","Management","Management und Unternehmensf\u00fchrung","Schweiz","Unternehmen"],"articleSection":["MANAGEMENT"],"inLanguage":"fr-FR"},{"@type":"WebPage","@id":"https:\/\/www.organisator.ch\/management\/2024-02-01\/cora-vom-it-automaten-zum-eigenstaendigen-unternehmen\/","url":"https:\/\/www.organisator.ch\/management\/2024-02-01\/cora-vom-it-automaten-zum-eigenstaendigen-unternehmen\/","name":"Cora : de l'automate informatique \u00e0 l'entreprise autonome - Organisateur","isPartOf":{"@id":"https:\/\/www.organisator.ch\/#website"},"primaryImageOfPage":{"@id":"https:\/\/www.organisator.ch\/management\/2024-02-01\/cora-vom-it-automaten-zum-eigenstaendigen-unternehmen\/#primaryimage"},"image":{"@id":"https:\/\/www.organisator.ch\/management\/2024-02-01\/cora-vom-it-automaten-zum-eigenstaendigen-unternehmen\/#primaryimage"},"thumbnailUrl":"https:\/\/www.organisator.ch\/wp-content\/uploads\/2024\/02\/Team-cora-technology-solutions-AG_ps.jpg","datePublished":"2024-02-01T07:18:27+00:00","description":"La soci\u00e9t\u00e9 pidas AG a d\u00e9velopp\u00e9 cora, une solution qui permet d'automatiser les processus d'\u00e9dition et de restitution autour des appareils mobiles tels que les ordinateurs portables, les smartphones et autres.","breadcrumb":{"@id":"https:\/\/www.organisator.ch\/management\/2024-02-01\/cora-vom-it-automaten-zum-eigenstaendigen-unternehmen\/#breadcrumb"},"inLanguage":"fr-FR","potentialAction":[{"@type":"ReadAction","target":["https:\/\/www.organisator.ch\/management\/2024-02-01\/cora-vom-it-automaten-zum-eigenstaendigen-unternehmen\/"]}]},{"@type":"ImageObject","inLanguage":"fr-FR","@id":"https:\/\/www.organisator.ch\/management\/2024-02-01\/cora-vom-it-automaten-zum-eigenstaendigen-unternehmen\/#primaryimage","url":"https:\/\/www.organisator.ch\/wp-content\/uploads\/2024\/02\/Team-cora-technology-solutions-AG_ps.jpg","contentUrl":"https:\/\/www.organisator.ch\/wp-content\/uploads\/2024\/02\/Team-cora-technology-solutions-AG_ps.jpg","width":680,"height":453,"caption":"Seit 2024 als selbstst\u00e4ndiges Unternehmen unterwegs: Das cora Team v.l.n.r. Mahi Arasu, Customer Success Manager, Saifudin Sharityar, Chief Customer Officer, Melanie M\u00fcller, CEO, Marcel Leonhard, Chief Product Officer und Roland Waniek, Sales & Partner Management. (Bild: www.cora.tech)"},{"@type":"BreadcrumbList","@id":"https:\/\/www.organisator.ch\/management\/2024-02-01\/cora-vom-it-automaten-zum-eigenstaendigen-unternehmen\/#breadcrumb","itemListElement":[{"@type":"ListItem","position":1,"name":"Home","item":"https:\/\/www.organisator.ch\/"},{"@type":"ListItem","position":2,"name":"Cora: Vom IT-Automaten zum eigenst\u00e4ndigen Unternehmen"}]},{"@type":"WebSite","@id":"https:\/\/www.organisator.ch\/#website","url":"https:\/\/www.organisator.ch\/","name":"Organisateur","description":"Comp\u00e9tence et comp\u00e9tence. Proches de la pratique. L'ORGANISATEUR pr\u00e9pare 10 num\u00e9ros par an sur les th\u00e8mes essentiels pour les dirigeants de PME.","publisher":{"@id":"https:\/\/www.organisator.ch\/#organization"},"potentialAction":[{"@type":"SearchAction","target":{"@type":"EntryPoint","urlTemplate":"https:\/\/www.organisator.ch\/?s={search_term_string}"},"query-input":{"@type":"PropertyValueSpecification","valueRequired":true,"valueName":"search_term_string"}}],"inLanguage":"fr-FR"},{"@type":"Organization","@id":"https:\/\/www.organisator.ch\/#organization","name":"Organisateur","url":"https:\/\/www.organisator.ch\/","logo":{"@type":"ImageObject","inLanguage":"fr-FR","@id":"https:\/\/www.organisator.ch\/#\/schema\/logo\/image\/","url":"https:\/\/www.organisator.ch\/wp-content\/uploads\/2022\/01\/Logo_Organisator_Website.png","contentUrl":"https:\/\/www.organisator.ch\/wp-content\/uploads\/2022\/01\/Logo_Organisator_Website.png","width":800,"height":77,"caption":"Organisator"},"image":{"@id":"https:\/\/www.organisator.ch\/#\/schema\/logo\/image\/"},"sameAs":["https:\/\/www.facebook.com\/OrganisatorFachmagazin","https:\/\/www.linkedin.com\/showcase\/organisator-das-magazin-fr-kmu","https:\/\/www.xing.com\/news\/pages\/organisator-ch-695","https:\/\/www.youtube.com\/channel\/UCGP2Sq0iWaZwT3BdIAQFYpw"]},{"@type":"Person","@id":"https:\/\/www.organisator.ch\/#\/schema\/person\/2e1314a2172123f874db408d8911d3f3","name":"Adelisa Kalajdzini","image":{"@type":"ImageObject","inLanguage":"fr-FR","@id":"https:\/\/secure.gravatar.com\/avatar\/09a397c22ac58cad6f160ee8306348599df9df58a8ede73696226897b9fa4b24?s=96&d=mm&r=g","url":"https:\/\/secure.gravatar.com\/avatar\/09a397c22ac58cad6f160ee8306348599df9df58a8ede73696226897b9fa4b24?s=96&d=mm&r=g","contentUrl":"https:\/\/secure.gravatar.com\/avatar\/09a397c22ac58cad6f160ee8306348599df9df58a8ede73696226897b9fa4b24?s=96&d=mm&r=g","caption":"Adelisa Kalajdzini"},"url":"https:\/\/www.organisator.ch\/fr\/author\/adelisa-kalajdzini\/"}]}},"_links":{"self":[{"href":"https:\/\/www.organisator.ch\/fr\/wp-json\/wp\/v2\/posts\/24715","targetHints":{"allow":["GET"]}}],"collection":[{"href":"https:\/\/www.organisator.ch\/fr\/wp-json\/wp\/v2\/posts"}],"about":[{"href":"https:\/\/www.organisator.ch\/fr\/wp-json\/wp\/v2\/types\/post"}],"author":[{"embeddable":true,"href":"https:\/\/www.organisator.ch\/fr\/wp-json\/wp\/v2\/users\/58"}],"replies":[{"embeddable":true,"href":"https:\/\/www.organisator.ch\/fr\/wp-json\/wp\/v2\/comments?post=24715"}],"version-history":[{"count":6,"href":"https:\/\/www.organisator.ch\/fr\/wp-json\/wp\/v2\/posts\/24715\/revisions"}],"predecessor-version":[{"id":24740,"href":"https:\/\/www.organisator.ch\/fr\/wp-json\/wp\/v2\/posts\/24715\/revisions\/24740"}],"wp:featuredmedia":[{"embeddable":true,"href":"https:\/\/www.organisator.ch\/fr\/wp-json\/wp\/v2\/media\/24716"}],"wp:attachment":[{"href":"https:\/\/www.organisator.ch\/fr\/wp-json\/wp\/v2\/media?parent=24715"}],"wp:term":[{"taxonomy":"category","embeddable":true,"href":"https:\/\/www.organisator.ch\/fr\/wp-json\/wp\/v2\/categories?post=24715"},{"taxonomy":"post_tag","embeddable":true,"href":"https:\/\/www.organisator.ch\/fr\/wp-json\/wp\/v2\/tags?post=24715"}],"curies":[{"name":"wp","href":"https:\/\/api.w.org\/{rel}","templated":true}]}}